{"id":8521,"date":"2024-07-17T10:00:16","date_gmt":"2024-07-17T08:00:16","guid":{"rendered":"https:\/\/blog.holyart.it\/fr\/?p=8521"},"modified":"2025-07-16T17:14:41","modified_gmt":"2025-07-16T15:14:41","slug":"saint-jacques-apotre-lhistoire-du-saint-du-celebre-chemin","status":"publish","type":"post","link":"https:\/\/blog.holyart.it\/fr\/saints-et-bienheureux\/saint-jacques-apotre-lhistoire-du-saint-du-celebre-chemin\/","title":{"rendered":"Saint Jacques ap\u00f4tre, l\u2019histoire du saint du c\u00e9l\u00e8bre chemin"},"content":{"rendered":"<h4>Saint Jacques Ap\u00f4tre fut un des disciples les plus proches de J\u00e9sus. Premier parmi les Ap\u00f4tres \u00e0 subir le martyre, il guide encore aujourd\u2019hui des milliers de p\u00e8lerins le long du Chemin qui porte son nom.<\/h4>\n\n<p>Fr\u00e8re de l\u2019Ap\u00f4tre Jean, et avec lui premier \u00e0 suivre J\u00e9sus, <strong>Saint Jacques Ap\u00f4tre<\/strong> fut \u00e9galement le <strong>premier parmi les ap\u00f4tres \u00e0 <a href=\"https:\/\/www.holyart.fr\/blog\/articles-religieux\/saints-martyrs-sacrifier-sa-vie-au-nom-de-dieu\/\">mourir en martyr<\/a><\/strong>, pendant la pers\u00e9cution d\u00e9cha\u00een\u00e9e par H\u00e9rode Agrippa Ier. J\u00e9sus appelait son fr\u00e8re et lui \u00ab\u00a0<strong>les fils du tonnerre<\/strong>\u00a0\u00bb, en raison de leur caract\u00e8re fougueux, ou peut-\u00eatre parce qu\u2019ils invoqu\u00e8rent la destruction d\u2019un village qui avait ni\u00e9 son hospitalit\u00e9 \u00e0 J\u00e9sus et aux siens par un \u00ab\u00a0<em>feu descendant du ciel<\/em>\u00a0\u00bb (Luc 9, 51-56). Ce que nous savons avec certitude est que Saint Jacques <a href=\"https:\/\/www.holyart.fr\/blog\/saints-et-bienheureux\/a-decouvrir-qui-etaient-les-12-apotres-et-la-difference-entre-apotres-et-disciples\/\"><strong>fut un des Ap\u00f4tres les plus proches de J\u00e9sus<\/strong><\/a>, \u00e0 Ses c\u00f4t\u00e9s dans certains des moments fondamentaux de Sa parabole terrestre\u00a0: la <a href=\"https:\/\/www.holyart.fr\/blog\/articles-religieux\/la-transfiguration-de-jesus-christ\/\"><strong>Transfiguration<\/strong><\/a>, la <strong><u>r\u00e9surrection de la fille de Ja\u00efrus<\/u><\/strong> et la derni\u00e8re nuit au <a href=\"https:\/\/www.holyart.fr\/blog\/articles-religieux\/le-mont-des-oliviers-parmi-les-lieux-les-plus-chers-a-jesus\/\"><strong>Geths\u00e9mani<\/strong><\/a>.<\/p>\n<div class=\"link-article\">\n<p><img loading=\"lazy\" decoding=\"async\" class=\"size-full wp-image-8525 alignleft\" src=\"https:\/\/blog.holyart.it\/fr\/wp-content\/uploads\/sites\/14\/2024\/07\/qui-etaient-les-12-apotres-et-la-difference-entre-apotres-et-disciples.jpeg\" alt=\"qui \u00e9taient les 12 ap\u00f4tres et la diff\u00e9rence entre ap\u00f4tres et disciples\" width=\"150\" height=\"99\" data-kale-share-title=\"Saint Jacques ap\u00f4tre, l\u2019histoire du saint du c\u00e9l\u00e8bre chemin\" data-kale-share-url=\"https:\/\/blog.holyart.it\/fr\/?p=8521\" \/><\/p>\n<div class=\"leggi-anche\">Lire aussi :<\/div>\n<p><strong><a href=\"https:\/\/www.holyart.fr\/blog\/saints-et-bienheureux\/a-decouvrir-qui-etaient-les-12-apotres-et-la-difference-entre-apotres-et-disciples\/\">\u00c0 d\u00e9couvrir : qui \u00e9taient les 12 ap\u00f4tres et la diff\u00e9rence entre ap\u00f4tres et disciples<\/a><\/strong><br \/>\nQui \u00e9taient les 12 ap\u00f4tres, compagnons de J\u00e9sus pendant la br\u00e8ve dur\u00e9e&#8230;<\/p>\n<\/div>\n<p>Aujourd\u2019hui, nous nous en rappelons \u00e9galement pour le <strong>Chemin de p\u00e8lerinage<\/strong> qui porte son nom, parcouru depuis des si\u00e8cles par les p\u00e8lerins et qui aujourd\u2019hui encore am\u00e8nent des milliers de visiteurs du monde entier jusqu\u2019au lieu o\u00f9 se trouve sa tombe. Il s\u2019agit du <a href=\"https:\/\/www.holyart.fr\/blog\/articles-religieux\/le-chemin-de-saint-jacques-de-compostelle-histoire-et-curiosites-dun-des-plus-celebres-itineraires-religieux\/\"><strong>Chemin de Saint-Jacques-de-Compostelle<\/strong><\/a>, itin\u00e9raire culturel europ\u00e9en, dont le point d\u2019arriv\u00e9 est <a href=\"https:\/\/www.holyart.fr\/blog\/articles-religieux\/5-lieux-de-pelerinage-ou-se-rendre-au-moins-une-fois-dans-sa-vie\/\"><strong>un des lieux de p\u00e8lerinage les plus visites de l\u2019histoire<\/strong><\/a>.<\/p>\n<div class=\"link-article\">\n<p><img loading=\"lazy\" decoding=\"async\" class=\"size-full wp-image-8527 alignleft\" src=\"https:\/\/blog.holyart.it\/fr\/wp-content\/uploads\/sites\/14\/2024\/07\/Le-chemin-de-Saint-jacques.jpeg\" alt=\"Le chemin de Saint Jacques\" width=\"150\" height=\"100\" data-kale-share-title=\"Saint Jacques ap\u00f4tre, l\u2019histoire du saint du c\u00e9l\u00e8bre chemin\" data-kale-share-url=\"https:\/\/blog.holyart.it\/fr\/?p=8521\" \/><\/p>\n<div class=\"leggi-anche\">Lire aussi :<\/div>\n<p><strong><a href=\"https:\/\/www.holyart.fr\/blog\/articles-religieux\/le-chemin-de-saint-jacques-de-compostelle-histoire-et-curiosites-dun-des-plus-celebres-itineraires-religieux\/\">Le Chemin de Saint-Jacques-de-Compostelle: histoire et curiosit\u00e9s d\u2019un des plus c\u00e9l\u00e8bres itin\u00e9raires religieux<\/a><\/strong><br \/>\nDepuis des si\u00e8cles, le Chemin de Saint-Jacques-de-Compostelle&#8230;<\/p>\n<\/div>\n<p>La l\u00e9gende veut qu\u2019apr\u00e8s la mort de J\u00e9sus, Saint Jacques commen\u00e7a \u00e0 apporter Sa Parole aux hommes et que son \u0153uvre d\u2019\u00c9vang\u00e9lisation l\u2019aurait amen\u00e9 jusqu\u2019\u00e0 la <strong>p\u00e9ninsule ib\u00e9rique<\/strong> tr\u00e8s loin d\u2019o\u00f9 lui et ses compagnons avaient commenc\u00e9. Une fois retourn\u00e9 \u00e0 J\u00e9rusalem, il fut arr\u00eat\u00e9 et tu\u00e9 par ordre du roi H\u00e9rode, petit-fils de ce H\u00e9rode Philippe t\u00e9trarque qui avait fait d\u00e9capiter <a href=\"https:\/\/www.holyart.fr\/articles-religieux\/statues\/statues-en-resine-et-pvc\/statue-bapteme-jesus-jean-le-baptiste-resine-13-cm\"><strong>Jean le Baptiste<\/strong><\/a>, son ancien mentor et ma\u00eetre. <strong>Un bateau conduit par un ange<\/strong> aurait ensuite emmen\u00e9 le corps d\u00e9capit\u00e9 de Saint Jacques Ap\u00f4tre de la Jud\u00e9e aux <strong>c\u00f4tes de la Galice<\/strong>. Ici ses restes furent enterr\u00e9s \u00e0 l\u2019endroit o\u00f9 aujourd\u2019hui se trouve la <strong>cath\u00e9drale de Saint-Jacques-de-Compostelle<\/strong>.<\/p>\n<div class=\"link-product\">\n<div class=\"blocco-immagine\"><img loading=\"lazy\" decoding=\"async\" class=\"size-full wp-image-8528 alignleft\" src=\"https:\/\/blog.holyart.it\/fr\/wp-content\/uploads\/sites\/14\/2024\/07\/Statue-Bapteme-Jesus-Jean-le-Baptiste-resine-13-cm.jpg\" alt=\"Statue Bapt\u00eame J\u00e9sus Jean le Baptiste r\u00e9sine 13 cm\" width=\"100\" height=\"100\" data-kale-share-title=\"Saint Jacques ap\u00f4tre, l\u2019histoire du saint du c\u00e9l\u00e8bre chemin\" data-kale-share-url=\"https:\/\/blog.holyart.it\/fr\/?p=8521\" \/><\/div>\n<div class=\"blocco-contenuto\">\n<div class=\"blocco-acquista\">Acheter sur Holyart:<\/div>\n<div class=\"blocco-titolo\"><a href=\"https:\/\/www.holyart.fr\/articles-religieux\/statues\/statues-en-resine-et-pvc\/statue-bapteme-jesus-jean-le-baptiste-resine-13-cm\">Statue Bapt\u00eame J\u00e9sus Jean le Baptiste r\u00e9sine 13 cm<\/a><\/div>\n<div class=\"blocco-descrizione\">Statuette repr\u00e9sentant J\u00e9sus et Saint Jean le Baptiste lors du Bapt\u00eame de Christ.<\/div>\n<\/div>\n<\/div>\n<h2>Saint Jacques le majeur : l\u2019histoire<\/h2>\n<p>Il est important de remarquer que dans le Nouveau Testament sont mentionn\u00e9s <strong>diff\u00e9rents Jacques<\/strong>. Outre \u00e0 <strong>Jacques de Z\u00e9b\u00e9d\u00e9e<\/strong>, il y a aussi <strong>Jacques d\u2019Alph\u00e9e<\/strong>, dit \u00e9galement <em>le Mineur<\/em>, et <strong>Jacques le Juste<\/strong> ou le fr\u00e8re du Seigneur.<\/p>\n<p>L\u2019histoire de Saint Jacques ne peut pas \u00eatre s\u00e9par\u00e9e de celle de <strong>son fr\u00e8re Jean<\/strong>, Ap\u00f4tre lui aussi. Jacques et Jean \u00e9taient fils de Z\u00e9b\u00e9d\u00e9e et Salom\u00e9. Les deux naquirent \u00e0 Bethsa\u00efde, un village de la Galil\u00e9e situ\u00e9 sur le lac de G\u00e9n\u00e9sareth, et, comme le reste de la famille, se d\u00e9di\u00e8rent d\u00e8s leur plus jeune \u00e2ge \u00e0 l\u2019activit\u00e9 de <strong>p\u00eacheurs<\/strong>. Avant de conna\u00eetre J\u00e9sus, ils furent disciples de <a href=\"https:\/\/www.holyart.fr\/articles-religieux\/tapisseries-religieuses\/tapisserie-decollation-de-st-jean-baptiste-30x50-cm\"><strong>Jean le Baptiste<\/strong><\/a>. Ce fut justement le Baptiste qui indiqua J\u00e9sus aux deux fr\u00e8res, Jacques et Jean devirent les premiers disciples appel\u00e9s par J\u00e9sus, avant m\u00eame Pierre et son fr\u00e8re Andr\u00e9. Jacques et Jean furent particuli\u00e8rement proches de J\u00e9sus pendant sa <a href=\"https:\/\/www.holyart.fr\/blog\/articles-religieux\/lhistoire-de-jesus-les-evenements-les-plus-importants-de-sa-vie\/#Vie_publique_de_Jesus\"><strong>vie publique<\/strong><\/a>. Comme nous l\u2019apprenons dans les \u00c9vangiles et dans les Actes des Ap\u00f4tres, tous les deux, mais Jacques en particulier, avaient un <strong>caract\u00e8re imp\u00e9tueux<\/strong> et \u00e9taient ambitieux. Ils consid\u00e9raient que leur proximit\u00e9 avec Christ aurait fait en sorte qu\u2019ils puissent jouir d\u2019un r\u00f4le privil\u00e9gi\u00e9 dans le Royaume qu\u2019Il aurait amen\u00e9 sur Terre, tant qu\u2019ils en arriv\u00e8rent \u00e0 le demander directement \u00e0 J\u00e9sus, sans savoir que, quand le Ma\u00eetre leur promettait le partage de ce qu\u2019Il aurait obtenu, Il parlait du martyre. Et ainsi fut.<\/p>\n<div class=\"link-article\">\n<p><img loading=\"lazy\" decoding=\"async\" class=\"size-full wp-image-8529 alignleft\" src=\"https:\/\/blog.holyart.it\/fr\/wp-content\/uploads\/sites\/14\/2024\/07\/Lhistorire-de-Jesus.jpg\" alt=\"L'historire de Jesus\" width=\"150\" height=\"99\" data-kale-share-title=\"Saint Jacques ap\u00f4tre, l\u2019histoire du saint du c\u00e9l\u00e8bre chemin\" data-kale-share-url=\"https:\/\/blog.holyart.it\/fr\/?p=8521\" \/><\/p>\n<div class=\"leggi-anche\">Lire aussi :<\/div>\n<p><strong><a href=\"https:\/\/www.holyart.fr\/blog\/articles-religieux\/lhistoire-de-jesus-les-evenements-les-plus-importants-de-sa-vie\/\">L\u2019histoire de J\u00e9sus : les \u00e9v\u00e9nements les plus importants de Sa vie<\/a><\/strong><br \/>\nL\u2019histoire de J\u00e9sus, entre r\u00e9cit \u00e9vang\u00e9lique, r\u00e9alit\u00e9 historique et l\u00e9gende&#8230;<\/p>\n<\/div>\n<p>Retourn\u00e9 en Palestine apr\u00e8s son voyage en Espagne, <a href=\"https:\/\/www.holyart.fr\/articles-religieux\/statues\/statues-en-bois-peint\/saint-jacques-le-pelerin-bois-val-gardena\"><strong>Jacques Ap\u00f4tre<\/strong><\/a> fut une figure de grande importance au sein de la <strong>communaut\u00e9 chr\u00e9tienne de J\u00e9rusalem<\/strong>. Avec les <strong>Douze Ap\u00f4tres<\/strong>, il devint une colonne portante de l\u2019\u00c9glise Primitive, en jouant un r\u00f4le significatif dans la diffusion du message \u00e9vang\u00e9lique dans la Ville Sainte. Malgr\u00e9 le climat d\u2019hostilit\u00e9 croissante vis-\u00e0-vis du christianisme naissant et l\u2019<strong>interdiction impos\u00e9e aux ap\u00f4tres de pr\u00eacher, <\/strong>Jacques ne se laissa pas d\u00e9courager. Il continua d\u2019annoncer l\u2019\u00c9vangile au peuple, en entrant dans les synagogues et en discutant la Parole des proph\u00e8tes. Sa capacit\u00e9 communicative extraordinaire, sa dialectique persuasive et sa personnalit\u00e9 fascinante en firent un des ap\u00f4tres les plus suivis dans sa mission \u00e9vang\u00e9lisatrice. Toutefois, son ardente pr\u00e9dication et son r\u00f4le de premier plan au sein de la communaut\u00e9 chr\u00e9tienne ne pass\u00e8rent pas inaper\u00e7us. <strong>H\u00e9rode Agrippa Ier, roi de Jud\u00e9e<\/strong>, souhaitant apaiser les protestations des autorit\u00e9s religieuses et complaire aux Juifs, prit pour cible Jacques en tant que <strong>figure repr\u00e9sentative de la naissante foi chr\u00e9tienne<\/strong>. Selon la tradition, le scribe Josias, charg\u00e9 de conduire Jacques au supplice, fut t\u00e9moin d\u2019un miracle. Pendant que Jacques \u00e9tait conduit \u00e0 l\u2019endroit de son ex\u00e9cution, un paralytique invoqua son aide et fut miraculeusement gu\u00e9ri. Ce miracle toucha profond\u00e9ment Josias, qui se repentit de ses actions et se convertit au christianisme. Comme derni\u00e8re volont\u00e9, Jacques demanda un r\u00e9cipient remplit d\u2019eau, avec lequel il baptisa Josias. Tous les deux furent ensuite d\u00e9capit\u00e9s.<\/p>\n<div class=\"link-product\">\n<div class=\"blocco-immagine\"><img loading=\"lazy\" decoding=\"async\" class=\"size-full wp-image-8530 alignleft\" src=\"https:\/\/blog.holyart.it\/fr\/wp-content\/uploads\/sites\/14\/2024\/07\/Saint-Jacques-le-pelerin-bois-Val-Gardena.jpg\" alt=\"Saint Jacques le p\u00e8lerin bois Val Gardena\" width=\"100\" height=\"100\" data-kale-share-title=\"Saint Jacques ap\u00f4tre, l\u2019histoire du saint du c\u00e9l\u00e8bre chemin\" data-kale-share-url=\"https:\/\/blog.holyart.it\/fr\/?p=8521\" \/><\/div>\n<div class=\"blocco-contenuto\">\n<div class=\"blocco-acquista\">Acheter sur Holyart:<\/div>\n<div class=\"blocco-titolo\"><a href=\"https:\/\/www.holyart.fr\/articles-religieux\/statues\/statues-en-bois-peint\/saint-jacques-le-pelerin-bois-val-gardena\">Saint Jacques le p\u00e8lerin bois Val Gardena<\/a><\/div>\n<div class=\"blocco-descrizione\">Statue de Saint Jacques sculpt\u00e9e et peinte \u00e0 la main avec couleurs \u00e0 l&rsquo;huile dans\u00a0 \u00a0 le Val Gardena.<\/div>\n<\/div>\n<\/div>\n<h2>Le lien avec le chemin de Compostelle<\/h2>\n<p>L\u2019histoire de <a href=\"https:\/\/www.holyart.fr\/occasions-speciales\/notre-dame-de-medjugorje\/bracelets-dizainiers\/bracelet-olivier-saint-jacques-de-compostelle-medjugorje\"><strong>Saint Jacques de Compostelle<\/strong><\/a> commence apr\u00e8s la mort et la r\u00e9surrection de J\u00e9sus, quand l\u2019Ap\u00f4tre quitta la Jud\u00e9e et voyagea jusqu\u2019en <strong>Espagne<\/strong> pour diffuser l\u2019\u00c9vangile. C\u2019est justement en Espagne que son corps sans vie fut ramen\u00e9 apr\u00e8s le martyr et enterr\u00e9 en un lieu secret. Quelques si\u00e8cles plus tard, un ermite de no P\u00e9lage, en errant sur le mont Lib\u00e9ron, arriva sur un haut plateau o\u00f9 scintillaient des lumi\u00e8res semblables \u00e0 des \u00e9toiles. Il s\u2019agissait d\u2019une n\u00e9cropole o\u00f9 gisait, entre autres, Saint Jacques en personne, dans un s\u00e9pulcre qui portait la mention : \u00ab\u00a0<em>Ici g\u00eet Jacobus, fils de Z\u00e9b\u00e9d\u00e9e et de Salom\u00e9<\/em>\u00a0\u00bb. Les gens commenc\u00e8rent \u00e0 appeler ce <em>lieu Campus Stellae<\/em>, \u00ab\u00a0champs de l\u2019\u00e9toile\u00a0\u00bb, d\u2019o\u00f9 Compostelle.<\/p>\n<div class=\"link-product\">\n<div class=\"blocco-immagine\"><img loading=\"lazy\" decoding=\"async\" class=\"size-full wp-image-8531 alignleft\" src=\"https:\/\/blog.holyart.it\/fr\/wp-content\/uploads\/sites\/14\/2024\/07\/Bracelet-olivier-Saint-Jacques-de-Compostelle-Medjugorje.jpg\" alt=\"Bracelet olivier Saint Jacques de Compostelle Medjugorje\" width=\"100\" height=\"100\" data-kale-share-title=\"Saint Jacques ap\u00f4tre, l\u2019histoire du saint du c\u00e9l\u00e8bre chemin\" data-kale-share-url=\"https:\/\/blog.holyart.it\/fr\/?p=8521\" \/><\/div>\n<div class=\"blocco-contenuto\">\n<div class=\"blocco-acquista\">Acheter sur Holyart:<\/div>\n<div class=\"blocco-titolo\"><a href=\"https:\/\/www.holyart.fr\/occasions-speciales\/notre-dame-de-medjugorje\/bracelets-dizainiers\/bracelet-olivier-saint-jacques-de-compostelle-medjugorje\">Bracelet olivier Saint Jacques de Compostelle Medjugorje<\/a><\/div>\n<div class=\"blocco-descrizione\">Bracelet avec grains en bois d&rsquo;olivier, caract\u00e9ris\u00e9 par un fermoir contenant une statuette m\u00e9tallique en miniature de Saint Jacques de Compostelle.<\/div>\n<\/div>\n<\/div>\n<p>Apr\u00e8s qu\u2019Alphonse le Chaste, roi des Asturies, se rendit en p\u00e8lerinage \u00e0 Compostelle en 825 apr. J.-C., beaucoup d\u2019autres suivirent son exemple et commenc\u00e8rent \u00e0 se rendre sur la tombe de Saint Jacques. La basilique qui lui est d\u00e9di\u00e9e commen\u00e7a \u00e0 \u00eatre b\u00e2tie en 1075 et, \u00e0 partir de ce moment-l\u00e0, Compostelle devint un lieu de grande importance pour les p\u00e8lerins. D\u00e8s le Moyen \u00c2ge, le Sanctuaire de Saint-Jacques-de-Compostelle \u00e9tait une des destinations les plus recherch\u00e9es par les p\u00e8lerins provenant de l\u2019Europe enti\u00e8re.<\/p>\n<p>Un des symboles du Chemin de Santiago est le <a href=\"https:\/\/www.holyart.fr\/articles-religieux\/porte-cles\/porte-clefs-cuir-coquille-de-st.-jacques-de-copostelle\"><strong>coquillage de Saint Jacques<\/strong><\/a>, ou <em>concha<\/em>. Il s\u2019agit d\u2019une valve de coquille Saint-Jacques. En \u00e9poque m\u00e9di\u00e9vale, les p\u00e8lerins qui avaient entrepris le Chemin devaient apporter comme preuve un coquillage ramass\u00e9 sur les <strong>plages du Finisterre<\/strong>, la fin du monde pour les Romains, <em>finis terrae<\/em>, pr\u00e9cis\u00e9ment. Une l\u00e9gende racontait que les disciples de Saint Jacques, apr\u00e8s avoir perdu dans un naufrage les restes du ma\u00eetre, les retrouv\u00e8rent sur cette plage, recouverts de coquillages.<\/p>\n<div class=\"link-product\">\n<div class=\"blocco-immagine\"><img loading=\"lazy\" decoding=\"async\" class=\"size-full wp-image-8532 alignleft\" src=\"https:\/\/blog.holyart.it\/fr\/wp-content\/uploads\/sites\/14\/2024\/07\/Porte-clefs-cuir-coquille-de-St.-Jacques-de-Copostelle.jpg\" alt=\"Porte-clefs cuir coquille de St. Jacques de Copostelle\" width=\"100\" height=\"100\" data-kale-share-title=\"Saint Jacques ap\u00f4tre, l\u2019histoire du saint du c\u00e9l\u00e8bre chemin\" data-kale-share-url=\"https:\/\/blog.holyart.it\/fr\/?p=8521\" \/><\/div>\n<div class=\"blocco-contenuto\">\n<div class=\"blocco-acquista\">Acheter sur Holyart:<\/div>\n<div class=\"blocco-titolo\"><a href=\"https:\/\/www.holyart.fr\/articles-religieux\/porte-cles\/porte-clefs-cuir-coquille-de-st.-jacques-de-copostelle\">Porte-clefs cuir coquille de St. Jacques de Copostelle<\/a><\/div>\n<div class=\"blocco-descrizione\">Porte-clefs r\u00e9alis\u00e9 de fa\u00e7on artisanale en Italie en vrai cuir.<\/div>\n<\/div>\n<\/div>\n<p>Encore aujourd\u2019hui, le Chemin de Saint-Jacques, avec ses diff\u00e9rentes routes qui convergent vers la ville espagnole, est consid\u00e9r\u00e9 comme un itin\u00e9raire spirituel de grande importance, qu\u2019hommes et femmes entreprennent pour des motifs religieux, comme acte de foi, afin d\u2019obtenir le pardon ou la r\u00e9demption, ou simplement afin de vivre une exp\u00e9rience de croissance personnelle et de connexion avec soi-m\u00eame et avec les autres.<\/p>\n<h2>Le chemin de Saint Jacques en Sicile<\/h2>\n<p>Le <strong>culte de Saint Jacques en Sicile<\/strong>, avec ses nombreuses \u00e9glises,\u00a0<em>hospitalia<\/em>\u00a0et\u00a0<a href=\"https:\/\/www.holyart.fr\/blog\/articles-religieux\/via-francigena-parmi-les-plus-anciens-itineraires-de-pelerinage\/\"><strong>vie Francigene<\/strong><\/a>, repr\u00e9sente un t\u00e9moignage de l\u2019importante connexion entre l\u2019\u00eele et le p\u00e8lerinage \u00e0 Saint-Jacques-de-Compostelle, en soulignant l\u2019influence et l\u2019importance de <strong>Saint Jacques en tant que protecteur des p\u00e8lerins <\/strong>et figure de d\u00e9votion dans la tradition sicilienne. Le culte de Saint Jacques en Sicile se rependit de mani\u00e8re significative apr\u00e8s la <strong>conqu\u00eate normande<\/strong> au XIIe si\u00e8cle. De nombreuses \u00e9glises d\u00e9di\u00e9es au saint furent construites dans diff\u00e9rents centres habit\u00e9s de l\u2019\u00eele, t\u00e9moignage d\u2019une <strong>fervente d\u00e9votion populaire<\/strong>.\u00a0 Le 25 juillet 1090, Roger le Grand Comte, apr\u00e8s avoir lib\u00e9r\u00e9 la ville des Sarrasins, fit un r\u00eave o\u00f9 Saint Jacques lui apparut en tant que \u00ab\u00a0<em>Matamoros<\/em>\u00a0\u00bb (tueur de Maures), en brandissant l\u2019\u00e9p\u00e9e croix qui prit ensuite le nom de \u00ab\u00a0Saint Jacques\u00a0\u00bb. Suite \u00e0 cet \u00e9v\u00e9nement, une <strong>\u00e9glise<\/strong> fut construite <strong>\u00e0 Caltagirone<\/strong> et Saint Jacques devint le Saint Patron de la ville. De cette \u00e9glise naquirent <strong>sept \u00e9glises<\/strong>, symboles d\u2019autant de rayons de lumi\u00e8re. D\u2019autres localit\u00e9s en Sicile, comme Palerme, Caccamo, Enna, Piazza Armerina, Syracuse, Ferla, Raguse, Gela, Caltagirone, Vizzini, Mineo et Augusta, accueillent des \u00e9glises d\u00e9di\u00e9es \u00e0 Saint Jacques remontant au d\u00e9but du si\u00e8cle XIV. Beaucoup de ces \u00e9glises sont pourvues de <strong>structures d\u2019accueil<\/strong>, appel\u00e9es \u00ab\u00a0<em>hospitalia<\/em>\u00a0\u00bb, g\u00e9r\u00e9es par des <strong>ordres chevaleresques<\/strong> comme les Templiers, les Teutoniques et les Hospitaliers. Les \u00ab\u00a0hospitalia\u00a0\u00bb \u00e9taient plac\u00e9s le long des principales routes m\u00e9di\u00e9vales \u00e0 une distance d\u2019environ 30 km l\u2019un de l\u2019autre, et permettaient aux p\u00e8lerins de se reposer, se restaurer et de recevoir des soins avant de reprendre le chemin \u00e0 l\u2019aube.<\/p>\n<div class=\"link-article\">\n<p><img loading=\"lazy\" decoding=\"async\" class=\"size-full wp-image-8533 alignleft\" src=\"https:\/\/blog.holyart.it\/fr\/wp-content\/uploads\/sites\/14\/2024\/07\/via-francigena-itineraire-de-pelerinage.jpg\" alt=\"via francigena - itineraire de pelerinage\" width=\"150\" height=\"99\" data-kale-share-title=\"Saint Jacques ap\u00f4tre, l\u2019histoire du saint du c\u00e9l\u00e8bre chemin\" data-kale-share-url=\"https:\/\/blog.holyart.it\/fr\/?p=8521\" \/><\/p>\n<div class=\"leggi-anche\">Lire aussi :<\/div>\n<p><strong><a href=\"https:\/\/www.holyart.fr\/blog\/articles-religieux\/via-francigena-parmi-les-plus-anciens-itineraires-de-pelerinage\/\">Via Francigena : parmi les plus anciens itin\u00e9raires de p\u00e8lerinage<\/a><\/strong><br \/>\nDe Cantorb\u00e9ry aux Pouilles, se d\u00e9roule une route parcourue depuis des&#8230;<\/p>\n<\/div>\n<p>Aujourd\u2019hui, le <strong>Chemin sicilien de Saint Jacques<\/strong> s\u2019\u00e9tend entre la ville de <strong>Caltagirone<\/strong> et le pittoresque village montagnard de <strong>Capizzi<\/strong>, les deux communaut\u00e9s insulaires avec la plus ancienne et la plus fervente tradition li\u00e9e \u00e0 Saint Jacques le Majeur. Ces deux localit\u00e9s sont les gardiennes d\u2019<strong><a href=\"https:\/\/www.holyart.fr\/blog\/articles-religieux\/reliques-des-saints-liste-des-10-les-plus-suggestives\/\">importantes reliques<\/a> <\/strong>du saint et constituent des \u00e9tapes significatives le long du parcours.<\/p>\n<p>Le chemin commence \u00e0 l\u2019ancienne Basilique de Saint Jacques \u00e0 Caltagirone et se poursuit jusqu\u2019au sanctuaire de Capizzi, d\u2019\u00e9poque normande, remontant au XIIe si\u00e8cle, qui repr\u00e9sente le lieu de culte du saint le plus ancien de l\u2019\u00eele enti\u00e8re. Le parcours, d\u2019<strong>environ 130 km de long<\/strong>, traverse sept commune interm\u00e9diaires, en offrant une extraordinaire vari\u00e9t\u00e9 de paysages qui se transforment constamment selon les saisons. Les marcheurs d\u00e9couvrent d\u2019infinies suggestions naturalistes, historiques, mystiques et anthropologiques \u00e0 chaque coin de rue. La Sicile enti\u00e8re se r\u00e9v\u00e8le dans sa magnificence, en accueillant les p\u00e8lerins dans un voyage qui les am\u00e8ne non seulement \u00e0 d\u00e9couvrir le territoire, mais les invite aussi \u00e0 entreprendre un voyage int\u00e9rieur et une recherche contemplative.<\/p>\n<div class=\"link-article\">\n<p><img loading=\"lazy\" decoding=\"async\" class=\"size-full wp-image-8534 alignleft\" src=\"https:\/\/blog.holyart.it\/fr\/wp-content\/uploads\/sites\/14\/2024\/07\/reliquies-des-saints.jpeg\" alt=\"reliquies des saints\" width=\"150\" height=\"99\" data-kale-share-title=\"Saint Jacques ap\u00f4tre, l\u2019histoire du saint du c\u00e9l\u00e8bre chemin\" data-kale-share-url=\"https:\/\/blog.holyart.it\/fr\/?p=8521\" \/><\/p>\n<div class=\"leggi-anche\">Lire aussi :<\/div>\n<p><strong><a href=\"https:\/\/www.holyart.fr\/blog\/articles-religieux\/reliques-des-saints-liste-des-10-les-plus-suggestives\/\">Reliques des saints : liste des 10 les plus suggestives<\/a><\/strong><br \/>\nLes reliques des saints traversent l\u2019histoire de la chr\u00e9tient\u00e9 comme t\u00e9moignage d\u2019amour&#8230;<\/p>\n<\/div>\n","protected":false},"excerpt":{"rendered":"<p>Saint Jacques Ap\u00f4tre fut un des disciples les plus proches de J\u00e9sus. Premier parmi les Ap\u00f4tres \u00e0 subir le martyre, il guide encore aujourd\u2019hui des milliers de p\u00e8lerins le long du Chemin qui porte son nom. Fr\u00e8re de l\u2019Ap\u00f4tre Jean, et avec lui premier \u00e0&hellip;<\/p>\n","protected":false},"author":1,"featured_media":8523,"comment_status":"closed","ping_status":"open","sticky":false,"template":"","format":"standard","meta":{"_acf_changed":false,"footnotes":""},"categories":[7],"tags":[],"class_list":["post-8521","post","type-post","status-publish","format-standard","has-post-thumbnail","hentry","category-saints-et-bienheureux"],"acf":[],"yoast_head":"<!-- This site is optimized with the Yoast SEO plugin v26.6 - https:\/\/yoast.com\/wordpress\/plugins\/seo\/ -->\n<title>Saint Jacques ap\u00f4tre, l\u2019histoire du saint du c\u00e9l\u00e8bre chemin - Holyart.fr Blog<\/title>\n<meta name=\"description\" content=\"Saint Jacques Ap\u00f4tre voyagea jusqu\u2019en Espagne pour y amener l\u2019\u00c9vangile. C\u2019est l\u00e0 que son corps fut enterr\u00e9 apr\u00e8s le martyre et que, encore aujourd\u2019hui, les p\u00e8lerins viennent le visiter.\" \/>\n<meta name=\"robots\" content=\"index, follow, max-snippet:-1, max-image-preview:large, max-video-preview:-1\" \/>\n<link rel=\"canonical\" href=\"https:\/\/blog.holyart.it\/fr\/saints-et-bienheureux\/saint-jacques-apotre-lhistoire-du-saint-du-celebre-chemin\/\" \/>\n<meta property=\"og:locale\" content=\"fr_FR\" \/>\n<meta property=\"og:type\" content=\"article\" \/>\n<meta property=\"og:title\" content=\"Saint Jacques ap\u00f4tre, l\u2019histoire du saint du c\u00e9l\u00e8bre chemin - Holyart.fr Blog\" \/>\n<meta property=\"og:description\" content=\"Saint Jacques Ap\u00f4tre voyagea jusqu\u2019en Espagne pour y amener l\u2019\u00c9vangile. C\u2019est l\u00e0 que son corps fut enterr\u00e9 apr\u00e8s le martyre et que, encore aujourd\u2019hui, les p\u00e8lerins viennent le visiter.\" \/>\n<meta property=\"og:url\" content=\"https:\/\/blog.holyart.it\/fr\/saints-et-bienheureux\/saint-jacques-apotre-lhistoire-du-saint-du-celebre-chemin\/\" \/>\n<meta property=\"og:site_name\" content=\"Holyart.fr Blog\" \/>\n<meta property=\"article:published_time\" content=\"2024-07-17T08:00:16+00:00\" \/>\n<meta property=\"article:modified_time\" content=\"2025-07-16T15:14:41+00:00\" \/>\n<meta property=\"og:image\" content=\"https:\/\/blog.holyart.it\/fr\/wp-content\/uploads\/sites\/14\/2024\/07\/Saint-Jacques-apotre.jpg\" \/>\n\t<meta property=\"og:image:width\" content=\"1000\" \/>\n\t<meta property=\"og:image:height\" content=\"666\" \/>\n\t<meta property=\"og:image:type\" content=\"image\/jpeg\" \/>\n<meta name=\"author\" content=\"Redazione\" \/>\n<meta name=\"twitter:card\" content=\"summary_large_image\" \/>\n<meta name=\"twitter:label1\" content=\"\u00c9crit par\" \/>\n\t<meta name=\"twitter:data1\" content=\"Redazione\" \/>\n\t<meta name=\"twitter:label2\" content=\"Dur\u00e9e de lecture estim\u00e9e\" \/>\n\t<meta name=\"twitter:data2\" content=\"12 minutes\" \/>\n<script type=\"application\/ld+json\" class=\"yoast-schema-graph\">{\"@context\":\"https:\/\/schema.org\",\"@graph\":[{\"@type\":\"Article\",\"@id\":\"https:\/\/blog.holyart.it\/fr\/saints-et-bienheureux\/saint-jacques-apotre-lhistoire-du-saint-du-celebre-chemin\/#article\",\"isPartOf\":{\"@id\":\"https:\/\/blog.holyart.it\/fr\/saints-et-bienheureux\/saint-jacques-apotre-lhistoire-du-saint-du-celebre-chemin\/\"},\"author\":{\"name\":\"Redazione\",\"@id\":\"https:\/\/blog.holyart.it\/fr\/#\/schema\/person\/0a7b686e5af0f856ec1e390dd0baecda\"},\"headline\":\"Saint Jacques ap\u00f4tre, l\u2019histoire du saint du c\u00e9l\u00e8bre chemin\",\"datePublished\":\"2024-07-17T08:00:16+00:00\",\"dateModified\":\"2025-07-16T15:14:41+00:00\",\"mainEntityOfPage\":{\"@id\":\"https:\/\/blog.holyart.it\/fr\/saints-et-bienheureux\/saint-jacques-apotre-lhistoire-du-saint-du-celebre-chemin\/\"},\"wordCount\":2128,\"publisher\":{\"@id\":\"https:\/\/blog.holyart.it\/fr\/#organization\"},\"image\":{\"@id\":\"https:\/\/blog.holyart.it\/fr\/saints-et-bienheureux\/saint-jacques-apotre-lhistoire-du-saint-du-celebre-chemin\/#primaryimage\"},\"thumbnailUrl\":\"https:\/\/blog.holyart.it\/fr\/wp-content\/uploads\/sites\/14\/2024\/07\/Saint-Jacques-apotre.jpg\",\"articleSection\":[\"Saints et Bienheureux\"],\"inLanguage\":\"fr-FR\"},{\"@type\":\"WebPage\",\"@id\":\"https:\/\/blog.holyart.it\/fr\/saints-et-bienheureux\/saint-jacques-apotre-lhistoire-du-saint-du-celebre-chemin\/\",\"url\":\"https:\/\/blog.holyart.it\/fr\/saints-et-bienheureux\/saint-jacques-apotre-lhistoire-du-saint-du-celebre-chemin\/\",\"name\":\"Saint Jacques ap\u00f4tre, l\u2019histoire du saint du c\u00e9l\u00e8bre chemin - Holyart.fr Blog\",\"isPartOf\":{\"@id\":\"https:\/\/blog.holyart.it\/fr\/#website\"},\"primaryImageOfPage\":{\"@id\":\"https:\/\/blog.holyart.it\/fr\/saints-et-bienheureux\/saint-jacques-apotre-lhistoire-du-saint-du-celebre-chemin\/#primaryimage\"},\"image\":{\"@id\":\"https:\/\/blog.holyart.it\/fr\/saints-et-bienheureux\/saint-jacques-apotre-lhistoire-du-saint-du-celebre-chemin\/#primaryimage\"},\"thumbnailUrl\":\"https:\/\/blog.holyart.it\/fr\/wp-content\/uploads\/sites\/14\/2024\/07\/Saint-Jacques-apotre.jpg\",\"datePublished\":\"2024-07-17T08:00:16+00:00\",\"dateModified\":\"2025-07-16T15:14:41+00:00\",\"description\":\"Saint Jacques Ap\u00f4tre voyagea jusqu\u2019en Espagne pour y amener l\u2019\u00c9vangile. C\u2019est l\u00e0 que son corps fut enterr\u00e9 apr\u00e8s le martyre et que, encore aujourd\u2019hui, les p\u00e8lerins viennent le visiter.\",\"breadcrumb\":{\"@id\":\"https:\/\/blog.holyart.it\/fr\/saints-et-bienheureux\/saint-jacques-apotre-lhistoire-du-saint-du-celebre-chemin\/#breadcrumb\"},\"inLanguage\":\"fr-FR\",\"potentialAction\":[{\"@type\":\"ReadAction\",\"target\":[\"https:\/\/blog.holyart.it\/fr\/saints-et-bienheureux\/saint-jacques-apotre-lhistoire-du-saint-du-celebre-chemin\/\"]}]},{\"@type\":\"ImageObject\",\"inLanguage\":\"fr-FR\",\"@id\":\"https:\/\/blog.holyart.it\/fr\/saints-et-bienheureux\/saint-jacques-apotre-lhistoire-du-saint-du-celebre-chemin\/#primaryimage\",\"url\":\"https:\/\/blog.holyart.it\/fr\/wp-content\/uploads\/sites\/14\/2024\/07\/Saint-Jacques-apotre.jpg\",\"contentUrl\":\"https:\/\/blog.holyart.it\/fr\/wp-content\/uploads\/sites\/14\/2024\/07\/Saint-Jacques-apotre.jpg\",\"width\":1000,\"height\":666,\"caption\":\"Saint Jacques ap\u00f4tre\"},{\"@type\":\"BreadcrumbList\",\"@id\":\"https:\/\/blog.holyart.it\/fr\/saints-et-bienheureux\/saint-jacques-apotre-lhistoire-du-saint-du-celebre-chemin\/#breadcrumb\",\"itemListElement\":[{\"@type\":\"ListItem\",\"position\":1,\"name\":\"Homepage\",\"item\":\"https:\/\/blog.holyart.it\/fr\/\"},{\"@type\":\"ListItem\",\"position\":2,\"name\":\"Saints et Bienheureux\",\"item\":\"https:\/\/blog.holyart.it\/fr\/saints-et-bienheureux\/\"},{\"@type\":\"ListItem\",\"position\":3,\"name\":\"Saint Jacques ap\u00f4tre, l\u2019histoire du saint du c\u00e9l\u00e8bre chemin\"}]},{\"@type\":\"WebSite\",\"@id\":\"https:\/\/blog.holyart.it\/fr\/#website\",\"url\":\"https:\/\/blog.holyart.it\/fr\/\",\"name\":\"Holyart.fr Blog\",\"description\":\"Holyblog\",\"publisher\":{\"@id\":\"https:\/\/blog.holyart.it\/fr\/#organization\"},\"potentialAction\":[{\"@type\":\"SearchAction\",\"target\":{\"@type\":\"EntryPoint\",\"urlTemplate\":\"https:\/\/blog.holyart.it\/fr\/?s={search_term_string}\"},\"query-input\":{\"@type\":\"PropertyValueSpecification\",\"valueRequired\":true,\"valueName\":\"search_term_string\"}}],\"inLanguage\":\"fr-FR\"},{\"@type\":\"Organization\",\"@id\":\"https:\/\/blog.holyart.it\/fr\/#organization\",\"name\":\"Holyart.fr Blog\",\"url\":\"https:\/\/blog.holyart.it\/fr\/\",\"logo\":{\"@type\":\"ImageObject\",\"inLanguage\":\"fr-FR\",\"@id\":\"https:\/\/blog.holyart.it\/fr\/#\/schema\/logo\/image\/\",\"url\":\"https:\/\/blog.holyart.it\/fr\/wp-content\/uploads\/sites\/14\/2022\/12\/Holyart_Blog_Logo.jpg\",\"contentUrl\":\"https:\/\/blog.holyart.it\/fr\/wp-content\/uploads\/sites\/14\/2022\/12\/Holyart_Blog_Logo.jpg\",\"width\":300,\"height\":50,\"caption\":\"Holyart.fr Blog\"},\"image\":{\"@id\":\"https:\/\/blog.holyart.it\/fr\/#\/schema\/logo\/image\/\"}},{\"@type\":\"Person\",\"@id\":\"https:\/\/blog.holyart.it\/fr\/#\/schema\/person\/0a7b686e5af0f856ec1e390dd0baecda\",\"name\":\"Redazione\",\"image\":{\"@type\":\"ImageObject\",\"inLanguage\":\"fr-FR\",\"@id\":\"https:\/\/blog.holyart.it\/fr\/#\/schema\/person\/image\/\",\"url\":\"https:\/\/secure.gravatar.com\/avatar\/f477da817f43e50d0af36abecd33e3edf826c68299714bdc1057dff3b113f516?s=96&d=mm&r=g\",\"contentUrl\":\"https:\/\/secure.gravatar.com\/avatar\/f477da817f43e50d0af36abecd33e3edf826c68299714bdc1057dff3b113f516?s=96&d=mm&r=g\",\"caption\":\"Redazione\"},\"url\":\"https:\/\/blog.holyart.it\/fr\/author\/admin\/\"}]}<\/script>\n<!-- \/ Yoast SEO plugin. -->","yoast_head_json":{"title":"Saint Jacques ap\u00f4tre, l\u2019histoire du saint du c\u00e9l\u00e8bre chemin - Holyart.fr Blog","description":"Saint Jacques Ap\u00f4tre voyagea jusqu\u2019en Espagne pour y amener l\u2019\u00c9vangile. C\u2019est l\u00e0 que son corps fut enterr\u00e9 apr\u00e8s le martyre et que, encore aujourd\u2019hui, les p\u00e8lerins viennent le visiter.","robots":{"index":"index","follow":"follow","max-snippet":"max-snippet:-1","max-image-preview":"max-image-preview:large","max-video-preview":"max-video-preview:-1"},"canonical":"https:\/\/blog.holyart.it\/fr\/saints-et-bienheureux\/saint-jacques-apotre-lhistoire-du-saint-du-celebre-chemin\/","og_locale":"fr_FR","og_type":"article","og_title":"Saint Jacques ap\u00f4tre, l\u2019histoire du saint du c\u00e9l\u00e8bre chemin - Holyart.fr Blog","og_description":"Saint Jacques Ap\u00f4tre voyagea jusqu\u2019en Espagne pour y amener l\u2019\u00c9vangile. C\u2019est l\u00e0 que son corps fut enterr\u00e9 apr\u00e8s le martyre et que, encore aujourd\u2019hui, les p\u00e8lerins viennent le visiter.","og_url":"https:\/\/blog.holyart.it\/fr\/saints-et-bienheureux\/saint-jacques-apotre-lhistoire-du-saint-du-celebre-chemin\/","og_site_name":"Holyart.fr Blog","article_published_time":"2024-07-17T08:00:16+00:00","article_modified_time":"2025-07-16T15:14:41+00:00","og_image":[{"width":1000,"height":666,"url":"https:\/\/blog.holyart.it\/fr\/wp-content\/uploads\/sites\/14\/2024\/07\/Saint-Jacques-apotre.jpg","type":"image\/jpeg"}],"author":"Redazione","twitter_card":"summary_large_image","twitter_misc":{"\u00c9crit par":"Redazione","Dur\u00e9e de lecture estim\u00e9e":"12 minutes"},"schema":{"@context":"https:\/\/schema.org","@graph":[{"@type":"Article","@id":"https:\/\/blog.holyart.it\/fr\/saints-et-bienheureux\/saint-jacques-apotre-lhistoire-du-saint-du-celebre-chemin\/#article","isPartOf":{"@id":"https:\/\/blog.holyart.it\/fr\/saints-et-bienheureux\/saint-jacques-apotre-lhistoire-du-saint-du-celebre-chemin\/"},"author":{"name":"Redazione","@id":"https:\/\/blog.holyart.it\/fr\/#\/schema\/person\/0a7b686e5af0f856ec1e390dd0baecda"},"headline":"Saint Jacques ap\u00f4tre, l\u2019histoire du saint du c\u00e9l\u00e8bre chemin","datePublished":"2024-07-17T08:00:16+00:00","dateModified":"2025-07-16T15:14:41+00:00","mainEntityOfPage":{"@id":"https:\/\/blog.holyart.it\/fr\/saints-et-bienheureux\/saint-jacques-apotre-lhistoire-du-saint-du-celebre-chemin\/"},"wordCount":2128,"publisher":{"@id":"https:\/\/blog.holyart.it\/fr\/#organization"},"image":{"@id":"https:\/\/blog.holyart.it\/fr\/saints-et-bienheureux\/saint-jacques-apotre-lhistoire-du-saint-du-celebre-chemin\/#primaryimage"},"thumbnailUrl":"https:\/\/blog.holyart.it\/fr\/wp-content\/uploads\/sites\/14\/2024\/07\/Saint-Jacques-apotre.jpg","articleSection":["Saints et Bienheureux"],"inLanguage":"fr-FR"},{"@type":"WebPage","@id":"https:\/\/blog.holyart.it\/fr\/saints-et-bienheureux\/saint-jacques-apotre-lhistoire-du-saint-du-celebre-chemin\/","url":"https:\/\/blog.holyart.it\/fr\/saints-et-bienheureux\/saint-jacques-apotre-lhistoire-du-saint-du-celebre-chemin\/","name":"Saint Jacques ap\u00f4tre, l\u2019histoire du saint du c\u00e9l\u00e8bre chemin - Holyart.fr Blog","isPartOf":{"@id":"https:\/\/blog.holyart.it\/fr\/#website"},"primaryImageOfPage":{"@id":"https:\/\/blog.holyart.it\/fr\/saints-et-bienheureux\/saint-jacques-apotre-lhistoire-du-saint-du-celebre-chemin\/#primaryimage"},"image":{"@id":"https:\/\/blog.holyart.it\/fr\/saints-et-bienheureux\/saint-jacques-apotre-lhistoire-du-saint-du-celebre-chemin\/#primaryimage"},"thumbnailUrl":"https:\/\/blog.holyart.it\/fr\/wp-content\/uploads\/sites\/14\/2024\/07\/Saint-Jacques-apotre.jpg","datePublished":"2024-07-17T08:00:16+00:00","dateModified":"2025-07-16T15:14:41+00:00","description":"Saint Jacques Ap\u00f4tre voyagea jusqu\u2019en Espagne pour y amener l\u2019\u00c9vangile. C\u2019est l\u00e0 que son corps fut enterr\u00e9 apr\u00e8s le martyre et que, encore aujourd\u2019hui, les p\u00e8lerins viennent le visiter.","breadcrumb":{"@id":"https:\/\/blog.holyart.it\/fr\/saints-et-bienheureux\/saint-jacques-apotre-lhistoire-du-saint-du-celebre-chemin\/#breadcrumb"},"inLanguage":"fr-FR","potentialAction":[{"@type":"ReadAction","target":["https:\/\/blog.holyart.it\/fr\/saints-et-bienheureux\/saint-jacques-apotre-lhistoire-du-saint-du-celebre-chemin\/"]}]},{"@type":"ImageObject","inLanguage":"fr-FR","@id":"https:\/\/blog.holyart.it\/fr\/saints-et-bienheureux\/saint-jacques-apotre-lhistoire-du-saint-du-celebre-chemin\/#primaryimage","url":"https:\/\/blog.holyart.it\/fr\/wp-content\/uploads\/sites\/14\/2024\/07\/Saint-Jacques-apotre.jpg","contentUrl":"https:\/\/blog.holyart.it\/fr\/wp-content\/uploads\/sites\/14\/2024\/07\/Saint-Jacques-apotre.jpg","width":1000,"height":666,"caption":"Saint Jacques ap\u00f4tre"},{"@type":"BreadcrumbList","@id":"https:\/\/blog.holyart.it\/fr\/saints-et-bienheureux\/saint-jacques-apotre-lhistoire-du-saint-du-celebre-chemin\/#breadcrumb","itemListElement":[{"@type":"ListItem","position":1,"name":"Homepage","item":"https:\/\/blog.holyart.it\/fr\/"},{"@type":"ListItem","position":2,"name":"Saints et Bienheureux","item":"https:\/\/blog.holyart.it\/fr\/saints-et-bienheureux\/"},{"@type":"ListItem","position":3,"name":"Saint Jacques ap\u00f4tre, l\u2019histoire du saint du c\u00e9l\u00e8bre chemin"}]},{"@type":"WebSite","@id":"https:\/\/blog.holyart.it\/fr\/#website","url":"https:\/\/blog.holyart.it\/fr\/","name":"Holyart.fr Blog","description":"Holyblog","publisher":{"@id":"https:\/\/blog.holyart.it\/fr\/#organization"},"potentialAction":[{"@type":"SearchAction","target":{"@type":"EntryPoint","urlTemplate":"https:\/\/blog.holyart.it\/fr\/?s={search_term_string}"},"query-input":{"@type":"PropertyValueSpecification","valueRequired":true,"valueName":"search_term_string"}}],"inLanguage":"fr-FR"},{"@type":"Organization","@id":"https:\/\/blog.holyart.it\/fr\/#organization","name":"Holyart.fr Blog","url":"https:\/\/blog.holyart.it\/fr\/","logo":{"@type":"ImageObject","inLanguage":"fr-FR","@id":"https:\/\/blog.holyart.it\/fr\/#\/schema\/logo\/image\/","url":"https:\/\/blog.holyart.it\/fr\/wp-content\/uploads\/sites\/14\/2022\/12\/Holyart_Blog_Logo.jpg","contentUrl":"https:\/\/blog.holyart.it\/fr\/wp-content\/uploads\/sites\/14\/2022\/12\/Holyart_Blog_Logo.jpg","width":300,"height":50,"caption":"Holyart.fr Blog"},"image":{"@id":"https:\/\/blog.holyart.it\/fr\/#\/schema\/logo\/image\/"}},{"@type":"Person","@id":"https:\/\/blog.holyart.it\/fr\/#\/schema\/person\/0a7b686e5af0f856ec1e390dd0baecda","name":"Redazione","image":{"@type":"ImageObject","inLanguage":"fr-FR","@id":"https:\/\/blog.holyart.it\/fr\/#\/schema\/person\/image\/","url":"https:\/\/secure.gravatar.com\/avatar\/f477da817f43e50d0af36abecd33e3edf826c68299714bdc1057dff3b113f516?s=96&d=mm&r=g","contentUrl":"https:\/\/secure.gravatar.com\/avatar\/f477da817f43e50d0af36abecd33e3edf826c68299714bdc1057dff3b113f516?s=96&d=mm&r=g","caption":"Redazione"},"url":"https:\/\/blog.holyart.it\/fr\/author\/admin\/"}]}},"_links":{"self":[{"href":"https:\/\/blog.holyart.it\/fr\/wp-json\/wp\/v2\/posts\/8521","targetHints":{"allow":["GET"]}}],"collection":[{"href":"https:\/\/blog.holyart.it\/fr\/wp-json\/wp\/v2\/posts"}],"about":[{"href":"https:\/\/blog.holyart.it\/fr\/wp-json\/wp\/v2\/types\/post"}],"author":[{"embeddable":true,"href":"https:\/\/blog.holyart.it\/fr\/wp-json\/wp\/v2\/users\/1"}],"replies":[{"embeddable":true,"href":"https:\/\/blog.holyart.it\/fr\/wp-json\/wp\/v2\/comments?post=8521"}],"version-history":[{"count":7,"href":"https:\/\/blog.holyart.it\/fr\/wp-json\/wp\/v2\/posts\/8521\/revisions"}],"predecessor-version":[{"id":8538,"href":"https:\/\/blog.holyart.it\/fr\/wp-json\/wp\/v2\/posts\/8521\/revisions\/8538"}],"wp:featuredmedia":[{"embeddable":true,"href":"https:\/\/blog.holyart.it\/fr\/wp-json\/wp\/v2\/media\/8523"}],"wp:attachment":[{"href":"https:\/\/blog.holyart.it\/fr\/wp-json\/wp\/v2\/media?parent=8521"}],"wp:term":[{"taxonomy":"category","embeddable":true,"href":"https:\/\/blog.holyart.it\/fr\/wp-json\/wp\/v2\/categories?post=8521"},{"taxonomy":"post_tag","embeddable":true,"href":"https:\/\/blog.holyart.it\/fr\/wp-json\/wp\/v2\/tags?post=8521"}],"curies":[{"name":"wp","href":"https:\/\/api.w.org\/{rel}","templated":true}]}}