{"id":8482,"date":"2024-07-10T10:00:24","date_gmt":"2024-07-10T08:00:24","guid":{"rendered":"https:\/\/blog.holyart.it\/fr\/?p=8482"},"modified":"2026-03-17T10:40:41","modified_gmt":"2026-03-17T09:40:41","slug":"conversions-religieuses-celebres-10-celebrites-devenues-croyantes","status":"publish","type":"post","link":"https:\/\/blog.holyart.it\/fr\/articles-religieux\/conversions-religieuses-celebres-10-celebrites-devenues-croyantes\/","title":{"rendered":"Conversions religieuses c\u00e9l\u00e8bres : 10 c\u00e9l\u00e9brit\u00e9s devenues croyantes"},"content":{"rendered":"<h4>Acteurs et chanteurs, soubrettes et r\u00e9alisateurs. 10 conversions religieuses c\u00e9l\u00e8bres qui nous montrent comment devant Dieu et la foi nous ne sommes que des hommes et des femmes \u00e0 la recherche d\u2019un sens sup\u00e9rieur \u00e0 l\u2019existence<\/h4>\n\n<p>Nous avons l\u2019habitude de concevoir les personnalit\u00e9s du monde du show-business, du cin\u00e9ma et de la musique comme des hommes et des femmes diff\u00e9rents de nous, \u00e9loign\u00e9s de celles qui sont les probl\u00e9matiques existentielles qui nous concernent et qui font partie de notre quotidien. Bien \u00e9videmment, ce n\u2019est pas le cas. Si d\u2019un c\u00f4t\u00e9 ces personnes vivent des situations surement diff\u00e9rentes de celles de qui m\u00e8ne une vie \u201cnormale\u201d, ils restent pourtant toujours sujets \u00e0 ces exp\u00e9riences \u00e9motives et spirituelles propres \u00e0 l\u2019humanit\u00e9 depuis son origine. En particulier, la perception du divin et le rapport avec Dieu. Voil\u00e0 pourquoi il n\u2019est absolument pas rare de parler de conversions religieuses c\u00e9l\u00e8bres, c\u2019est-\u00e0-dire de c\u00e9l\u00e9brit\u00e9s connues par tout le monde, pour leurs succ\u00e8s dans diff\u00e9rents domaines, devenus croyants.<\/p>\n<p>En parlant de conversions c\u00e9l\u00e8bres, notre premi\u00e8re pens\u00e9e va in\u00e9vitablement \u00e0 Saul <em><a href=\"https:\/\/www.holyart.fr\/blog\/saints-et-bienheureux\/foudroye-sur-la-route-de-damas-dou-vient-cette-expression\/\"><strong>frapp\u00e9 par Dieu sur le chemin de Damas<\/strong><\/a><\/em>, i.e. <a href=\"https:\/\/www.holyart.fr\/articles-religieux\/statues\/statues-en-bois-peint\/saint-paul-bois-colore\"><strong>Saint Paul Ap\u00f4tre<\/strong><\/a>, ancien tisserand, juif hell\u00e9nis\u00e9, qui devint le principal missionnaire de l\u2019<strong>\u00c9vangile de J\u00e9sus<\/strong> parmi Grecs et Romains. Il n\u2019\u00e9tait pas une c\u00e9l\u00e9brit\u00e9, mais sa transformation de terrible pers\u00e9cuteur de chr\u00e9tiens \u00e0 ap\u00f4tre des gens nous fait certainement comprendre combien la d\u00e9couverte de la foi peut changer profond\u00e9ment l\u2019existence d\u2019un individu. Pensons \u00e9galement \u00e0 <a href=\"https:\/\/www.holyart.fr\/articles-religieux\/statues\/statues-en-resine-et-pvc\/statue-saint-augustin-30-cm-resine-coloree\"><strong>Saint Augustin d\u2019Hippone<\/strong><\/a>, p\u00eacheur inv\u00e9t\u00e9r\u00e9, qui en Dieu trouva non seulement une <a href=\"https:\/\/www.holyart.fr\/blog\/articles-religieux\/les-confessions-de-saint-augustin-comment-changer-sa-vie\/\"><strong>nouvelle vie<\/strong><\/a>, mais une nouvelle perception de soi, comme nous pouvons le lire dans ses surprenantes <strong><em>Confessions<\/em><\/strong>, une v\u00e9ritable d\u00e9claration d\u2019intention, l\u2019admission de la part d\u2019un homme exceptionnel, devenu P\u00e8re et <a href=\"https:\/\/www.holyart.fr\/blog\/saints-et-bienheureux\/les-docteurs-de-leglise-qui-sont-ils-et-quelles-sont-les-conditions-pour-obtenir-ce-titre\/\"><strong>Docteur de l\u2019\u00c9glise<\/strong><\/a>, de comment l\u2019on peut, \u00e0 n\u2019importe quel moment, <strong>r\u00e9volutionner sa vie<\/strong>.<\/p>\n<div class=\"link-article\">\n<p><img loading=\"lazy\" decoding=\"async\" class=\"size-full wp-image-8485 alignleft\" src=\"https:\/\/blog.holyart.it\/fr\/wp-content\/uploads\/sites\/14\/2024\/06\/docteurs-de-leglise.jpeg\" alt=\"Docteurs de l'eglise\" width=\"150\" height=\"99\" data-kale-share-title=\"Conversions religieuses c\u00e9l\u00e8bres : 10 c\u00e9l\u00e9brit\u00e9s devenues croyantes\" data-kale-share-url=\"https:\/\/blog.holyart.it\/fr\/?p=8482\" \/><\/p>\n<div class=\"leggi-anche\">Lire aussi :<\/div>\n<p><strong><a href=\"https:\/\/www.holyart.fr\/blog\/saints-et-bienheureux\/les-docteurs-de-leglise-qui-sont-ils-et-quelles-sont-les-conditions-pour-obtenir-ce-titre\/\">Les docteurs de l\u2019\u00c9glise : qui sont-ils et quelles sont les conditions pour obtenir ce titre<\/a><\/strong><br \/>\nLe 1er octobre, nous f\u00eatons Sainte Th\u00e9r\u00e8se de Lisieux, une des quatre&#8230;<\/p>\n<\/div>\n<p>Mais qu\u2019est-ce qui m\u00e8ne un acteur ou un chanteur c\u00e9l\u00e8bre \u00e0 embrasser la foi catholique\u00a0? Comme nous l\u2019avons d\u00e9j\u00e0 pr\u00e9cis\u00e9, il s\u2019agit d\u2019hommes et de femmes pas tr\u00e8s diff\u00e9rents de nous, sujets comme tout le monde \u00e0 des doutes, des peurs, des exp\u00e9riences plus ou moins traumatisantes. Parfois il suffit de parcourir leur biographie pour comprendre ce qui les a amen\u00e9 \u00e0 devenir de fervents fid\u00e8les, souvent on peut l\u2019apprendre directement d\u2019eux, exactement comme <a href=\"https:\/\/www.holyart.fr\/articles-religieux\/statues\/statues-en-bois-peint\/saint-augustin-avec-un-coeur-bois-colore-val-gardena\"><strong>Saint Augustin<\/strong><\/a>, ils choisissent de partager avec le monde l\u2019histoire de l\u2019\u00e9volution spirituelle qui les a amen\u00e9s \u00e0 changer.<\/p>\n<p>Voici une liste de conversions religieuses c\u00e9l\u00e8bres, dont certaines sont tout \u00e0 fait surprenantes.<\/p>\n<div class=\"link-product\">\n<div class=\"blocco-immagine\"><img loading=\"lazy\" decoding=\"async\" class=\"size-full wp-image-8499 alignleft\" src=\"https:\/\/blog.holyart.it\/fr\/wp-content\/uploads\/sites\/14\/2024\/06\/Saint-Augustin-avec-un-coeur-bois-colore-Val-Gardena-1.jpg\" alt=\"Saint Augustin avec un coeur bois color\u00e9 Val Gardena\" width=\"100\" height=\"100\" data-kale-share-title=\"Conversions religieuses c\u00e9l\u00e8bres : 10 c\u00e9l\u00e9brit\u00e9s devenues croyantes\" data-kale-share-url=\"https:\/\/blog.holyart.it\/fr\/?p=8482\" \/><\/div>\n<div class=\"blocco-contenuto\">\n<div class=\"blocco-acquista\">Acheter sur Holyart:<\/div>\n<div class=\"blocco-titolo\"><a href=\"https:\/\/www.holyart.fr\/articles-religieux\/statues\/statues-en-bois-peint\/saint-augustin-avec-un-coeur-bois-colore-val-gardena\">Saint Augustin avec un coeur bois color\u00e9 Val Gardena<\/a><\/div>\n<div class=\"blocco-descrizione\">Saint Augustin avec un coeur sculpt\u00e9 en bois d&rsquo;\u00e9rable color\u00e9 du Val Gardena.<\/div>\n<\/div>\n<\/div>\n<h2>Nek<\/h2>\n<p>Filippo Neviani, dont le nom de sc\u00e8ne est Nek, chanteur italien originaire de Sassuolo, a racont\u00e9 \u00e0 diff\u00e9rentes occasions son parcours spirituel et humain, des exp\u00e9riences \u00e0 <a href=\"https:\/\/www.holyart.fr\/occasions-speciales\/notre-dame-de-medjugorje\"><strong>Medjugorje<\/strong><\/a>, qui l\u2019a transform\u00e9 de timide chr\u00e9tien \u00e0 fervent croyant, \u00e0 la d\u00e9couverte de l\u2019\u0153uvre m\u00e9diatrice de la <a href=\"https:\/\/www.holyart.fr\/occasions-speciales\/notre-dame-de-medjugorje\/statues-vierge-de-medjugorje\/notre-dame-de-medjugorje-bleu-ciel-eglise-saint-jacques-poudre-de-marbre-20-cm\"><strong>Vierge<\/strong><\/a>, \u00e0 comment il a r\u00e9volutionn\u00e9 sa vie en tant qu\u2019homme, mari, p\u00e8re, mais aussi artiste, apr\u00e8s avoir embrass\u00e9 la foi. Fier d\u00e9fenseur du droit \u00e0 la vie, du respect de la vie sous chacune de ses formes, Nek a trouv\u00e9 en Chiara Amirante, fondatrice et pr\u00e9sidente de la Communaut\u00e9 Nuovi Orizzonti, un guide et une aide dans la recherche de soi, dans la gu\u00e9rison de son c\u0153ur, au point qu\u2019il est devenu un Chevalier de la Lumi\u00e8re, comme d\u2019autres hommes et femmes engag\u00e9s dans les projets de l\u2019association allant de l\u2019\u00e9vang\u00e9lisation aux interventions de solidarit\u00e9 et de soutien.<\/p>\n<div class=\"link-product\">\n<div class=\"blocco-immagine\"><img loading=\"lazy\" decoding=\"async\" class=\"size-full wp-image-8488 alignleft\" src=\"https:\/\/blog.holyart.it\/fr\/wp-content\/uploads\/sites\/14\/2024\/06\/vierge-de-medjugorje.jpg\" alt=\"vierge de medjugorje\" width=\"100\" height=\"100\" data-kale-share-title=\"Conversions religieuses c\u00e9l\u00e8bres : 10 c\u00e9l\u00e9brit\u00e9s devenues croyantes\" data-kale-share-url=\"https:\/\/blog.holyart.it\/fr\/?p=8482\" \/><\/div>\n<div class=\"blocco-contenuto\">\n<div class=\"blocco-acquista\">Acheter sur Holyart:<\/div>\n<div class=\"blocco-titolo\"><a href=\"https:\/\/www.holyart.fr\/occasions-speciales\/notre-dame-de-medjugorje\">Notre Dame de Medjugorje<\/a><\/div>\n<div class=\"blocco-descrizione\">Notre Dame de Medjugorje: le 25 de Juin 2011 est l&rsquo;anniversaire des 30 ann\u00e9es d\u00e8s sa premi\u00e8re apparition.<\/div>\n<\/div>\n<\/div>\n<h2>Walter Nudo<\/h2>\n<p>La conversion de Walter Nudo, ex boxeur et ex acteur, n\u2019a pas \u00e9t\u00e9 li\u00e9e \u00e0 un \u00e9pisode particulier, \u00e0 une soudaine fulguration. Lui-m\u00eame a d\u00e9clar\u00e9 que : \u00ab\u00a0<em>Le parcours de foi est un chemin o\u00f9 l\u2019on tr\u00e9buche et on se rel\u00e8ve, avec Dieu<\/em>\u00a0\u00bb. Un parcours de d\u00e9veloppement et d\u2019am\u00e9lioration de soi, donc, conduit par l\u2019artiste pendant des ann\u00e9es, m\u00eame en suivant le mod\u00e8le et l\u2019inspiration de figures religieuses telles que <strong>Sainte Teresa de Calcutta<\/strong> et <a href=\"https:\/\/www.holyart.fr\/occasions-speciales\/jean-paul-ii\"><strong>Saint Jean-Paul II<\/strong><\/a>. Il per\u00e7oit depuis toujours un lien spirituel profond avec <strong>Natuzza Evolo<\/strong>, la mystique proche de <a href=\"https:\/\/www.holyart.fr\/occasions-speciales\/padre-pio\"><strong>Padre Pio<\/strong><\/a>, de laquelle il dit avoir re\u00e7u une \u00e9treinte spirituelle apr\u00e8s la mort de cette derni\u00e8re.<\/p>\n<div class=\"link-product\">\n<div class=\"blocco-immagine\"><img loading=\"lazy\" decoding=\"async\" class=\"size-full wp-image-8489 alignleft\" src=\"https:\/\/blog.holyart.it\/fr\/wp-content\/uploads\/sites\/14\/2024\/06\/tapisserie-jean-paul-II.jpg\" alt=\"tapisserie jean paul II\" width=\"100\" height=\"100\" data-kale-share-title=\"Conversions religieuses c\u00e9l\u00e8bres : 10 c\u00e9l\u00e9brit\u00e9s devenues croyantes\" data-kale-share-url=\"https:\/\/blog.holyart.it\/fr\/?p=8482\" \/><\/div>\n<div class=\"blocco-contenuto\">\n<div class=\"blocco-acquista\">Acheter sur Holyart:<\/div>\n<div class=\"blocco-titolo\"><a href=\"https:\/\/www.holyart.fr\/occasions-speciales\/jean-paul-ii\">JEAN PAUL II<\/a><\/div>\n<div class=\"blocco-descrizione\">\u00c0 l&rsquo;occasion de sa b\u00e9atification, nous avons cr\u00e9\u00e9 une cat\u00e9gorie enti\u00e8rement consacr\u00e9e \u00e0 Jean-Paul II.<\/div>\n<\/div>\n<\/div>\n<h2>Claudia Koll<\/h2>\n<p>Avec un pass\u00e9 d\u2019actrice de films \u00e9rotiques derri\u00e8re elle (elle fut une des muses de Tinto Brass),\u00a0Claudia Koll se rapprocha de la foi catholique pendant le <a href=\"https:\/\/www.holyart.fr\/blog\/articles-religieux\/logo-du-jubile-de-la-misericorde-de-quoi-sagit-il-et-qui-la-dessine\/\"><strong>Jubil\u00e9<\/strong><\/a> de l\u2019ann\u00e9e 2000, apr\u00e8s avoir travers\u00e9 la <strong>Porte Sainte<\/strong> et avoir rencontr\u00e9 <a href=\"https:\/\/www.holyart.fr\/articles-religieux\/statues\/statues-en-platre\/pape-jean-paul-ii-40-cm-statue-platre-peint-main-barsanti\"><strong>Pape Wojtyla<\/strong><\/a>. \u00c0 partir de cet instant-l\u00e0, elle commen\u00e7a \u00e0 entreprendre une transformation totale qui l\u2019amena d\u2019abord \u00e0 se rapprocher de nouveau de la famille catholique de laquelle elle s\u2019\u00e9tait \u00e9loign\u00e9e et ensuite \u00e0 une v\u00e9ritable crise mystique, jusqu\u2019au choix de se d\u00e9dier enti\u00e8rement \u00e0 l\u2019\u00e9glise. Elle est aujourd\u2019hui directeur artistique de la\u00a0<strong>Star Rose Academy<\/strong>, une \u00e9cole de formation cr\u00e9\u00e9e par les Soeurs Ursulines de la <a href=\"https:\/\/www.holyart.fr\/articles-religieux\/icones-religieuses\/icones-roumaines-peintes\/icone-sainte-famille-decors-et-strass\"><strong>Sainte Famille<\/strong><\/a> avec l\u2019objectif d\u2019offrir aux jeunes un parcours triennal de formation artistique de haut niveau dans le milieu du spectacle, mais pas seulement. En parlant d\u2019elle, Claudia a avou\u00e9 s\u2019\u00eatre sentie tr\u00e8s proche du <strong><u>Fils Prodigue<\/u><\/strong>, accueillie par le P\u00e8re dans un moment de sa vie o\u00f9 personne d\u2019autre n\u2019aurait plus pu l\u2019aider.<\/p>\n<div class=\"link-product\">\n<div class=\"blocco-immagine\"><img loading=\"lazy\" decoding=\"async\" class=\"size-full wp-image-8490 alignleft\" src=\"https:\/\/blog.holyart.it\/fr\/wp-content\/uploads\/sites\/14\/2024\/06\/Icone-Sainte-famille.jpg\" alt=\"Icone Sainte famille\" width=\"100\" height=\"100\" data-kale-share-title=\"Conversions religieuses c\u00e9l\u00e8bres : 10 c\u00e9l\u00e9brit\u00e9s devenues croyantes\" data-kale-share-url=\"https:\/\/blog.holyart.it\/fr\/?p=8482\" \/><\/div>\n<div class=\"blocco-contenuto\">\n<div class=\"blocco-acquista\">Acheter sur Holyart:<\/div>\n<div class=\"blocco-titolo\"><a href=\"https:\/\/www.holyart.fr\/articles-religieux\/icones-religieuses\/icones-roumaines-peintes\/icone-sainte-famille-decors-et-strass\">Icone Sainte Famille, d\u00e9cors et strass<\/a><\/div>\n<div class=\"blocco-descrizione\">Ic\u00f4ne peinte \u00e0 la main en respect de l&rsquo;iconographie traditionnelle Byzantine.<\/div>\n<\/div>\n<\/div>\n<h2>Sylvester Stallone<\/h2>\n<p>Bien qu\u2019\u00e9tant n\u00e9 dans une famille catholique, l\u2019acteur am\u00e9ricain Sylvester Stallone a perdu la foi. C\u2019est seulement apr\u00e8s avoir f\u00eat\u00e9 ses 70 ans que le protagoniste de grands succ\u00e8s tels que Rocky et Rambo a r\u00e9embrass\u00e9 l\u2019<strong>\u00c9vangile<\/strong>. Non seulement : il aide Pasteurs et pr\u00eacheurs dans leur \u0153uvre d\u2019\u00c9vang\u00e9lisation et consid\u00e8re l\u2019\u00e9glise la <em>salle de sport de l\u2019\u00e2me<\/em>. Ce n\u2019est pas un hasard si son personnage, le boxeur Rocky Balboa, d\u00e9couvre aussi J\u00e9sus dans le sixi\u00e8me film d\u00e9di\u00e9 \u00e0 son histoire.<\/p>\n<h2>Antonio Banderas<\/h2>\n<p>Depuis de nombreuses ann\u00e9es, l\u2019acteur et producteur espagnol Antonio Banderas se rend \u00e0 Malaga, en Espagne, pour participer \u00e0 la <a href=\"https:\/\/www.holyart.fr\/blog\/articles-religieux\/lhistoire-de-jesus-les-evenements-les-plus-importants-de-sa-vie\/\"><strong>Semaine Sainte<\/strong><\/a>, important \u00e9v\u00e9nement religieux, social et culturel caract\u00e9ris\u00e9 par des rites processionnaux qui ont lieu <a href=\"https:\/\/www.holyart.fr\/blog\/articles-religieux\/dimanche-des-rameaux-histoire-et-signification-de-la-fete\/\"><strong>du Dimanche des Rameaux au Vendredi Saint<\/strong><\/a>, dans lesquels les confr\u00e9ries conduisent \u00e0 travers la ville <a href=\"https:\/\/www.holyart.fr\/blog\/articles-religieux\/les-evenements-de-la-passion-de-jesus-de-la-cene-a-sa-crucifixion\/\"><strong>les Myst\u00e8res li\u00e9s \u00e0 la Passion de J\u00e9sus<\/strong><\/a>. Banderas en personne prend part aux processions en conduisant le tr\u00f4ne de la Vierge <em>Tr\u00e8s-Sainte Marie des Larmes et des Faveurs des Royales Confr\u00e9ries<\/em> dans les rues de la ville. Catholique de naissance, Banderas s\u2019est \u00e9loign\u00e9 de la foi \u00e0 l\u2019adolescence, mais ensuite l\u2019a r\u00e9embrass\u00e9, pouss\u00e9 par un nouveau <strong>besoin de spiritualit\u00e9<\/strong> et par le souhait de faire sien le <a href=\"https:\/\/www.holyart.fr\/blog\/articles-religieux\/les-dix-commandements\/\"><strong>commandement d\u2019Amour<\/strong><\/a> de Christ.<\/p>\n<div class=\"link-article\">\n<p><img loading=\"lazy\" decoding=\"async\" class=\"size-full wp-image-8491 alignleft\" src=\"https:\/\/blog.holyart.it\/fr\/wp-content\/uploads\/sites\/14\/2024\/06\/passion-de-Jesus.jpg\" alt=\"passion de J\u00e9sus\" width=\"150\" height=\"99\" data-kale-share-title=\"Conversions religieuses c\u00e9l\u00e8bres : 10 c\u00e9l\u00e9brit\u00e9s devenues croyantes\" data-kale-share-url=\"https:\/\/blog.holyart.it\/fr\/?p=8482\" \/><\/p>\n<div class=\"leggi-anche\">Lire aussi :<\/div>\n<p><strong><a href=\"https:\/\/www.holyart.fr\/blog\/articles-religieux\/les-evenements-de-la-passion-de-jesus-de-la-cene-a-sa-crucifixion\/\">Les \u00e9v\u00e9nements de la Passion de J\u00e9sus : de la C\u00e8ne \u00e0 Sa crucifixion<\/a><\/strong><br \/>\nLa Passion de J\u00e9sus est le moment le plus haut et le plus terrible de&#8230;<\/p>\n<\/div>\n<h2>Andrea Bocelli<\/h2>\n<p>Agnostique pendant des ann\u00e9es, le chanteur Andrea Bocelli a embrass\u00e9 la religion pour <a href=\"https:\/\/www.holyart.fr\/blog\/articles-religieux\/5-lieux-de-pelerinage-ou-se-rendre-au-moins-une-fois-dans-sa-vie\/\"><strong>donner un sens \u00e0 sa vie<\/strong><\/a>. \u00ab\u00a0<em>Sans la foi notre transit sur terre est une trag\u00e9die annonc\u00e9e qui, dans le meilleur des cas, termine avec la vieillesse, la maladie et la mort<\/em>\u00a0\u00bb, a-t-il admis dans une interview. Apr\u00e8s avoir cherch\u00e9 \u00e0 donner un sens \u00e0 sa vie pendant des ann\u00e9es, en se basant uniquement sur la logique et la raison, il a tout remis en question, a cherch\u00e9 un sens sup\u00e9rieur \u00e0 chaque \u00e9v\u00e9nement, bon ou mauvais, gr\u00e2ce \u00e9galement \u00e0 la lecture de L\u00e9on Tolsto\u00ef.<\/p>\n<h2>Al Pacino<\/h2>\n<p>Parmi les conversions religieuses c\u00e9l\u00e8bres, il y a \u00e9galement celle de l\u2019acteur Al Pacino, catholique pratiquant qui, s\u2019\u00e9tant \u00e9loign\u00e9 de la religion pendant sa jeunesse, l\u2019a r\u00e9embrass\u00e9e pendant le tournage du film <em>Le Parrain<\/em>. Ce fut probablement le th\u00e8me du p\u00e9ch\u00e9 et de la r\u00e9demption au centre du film de Francis Ford Coppola et le riche imaginaire catholique pr\u00e9sent dans les \u00e9v\u00e9nements de la famille Corleone qui ont justement suscit\u00e9 le <strong>r\u00e9veil spirituel<\/strong> de Al Pacino.<\/p>\n<h2>Justin Bieber<\/h2>\n<p>Pour ceux qui croient que ce n\u2019est qu\u2019\u00e0 partir d\u2019un certain \u00e2ge que les personnages c\u00e9l\u00e8bres connaissent une sorte de repli sur soi les amenant \u00e0 r\u00e9embrasser la religion, le cas de Justin Bieber indique le contraire. Le jeune chanteur canadien s\u2019est toujours proclam\u00e9 fervent catholique, a d\u00e9clar\u00e9 \u00e0 plusieurs occasions prier avant chaque concert et a indiqu\u00e9 <a href=\"https:\/\/www.holyart.fr\/occasions-speciales\/creche-de-paques\/santon-jesus-portant-la-croix-9-cm\"><strong>J\u00e9sus<\/strong><\/a> comme mod\u00e8le de r\u00e9f\u00e9rence. Son \u00e9pouse Hailey Baldwin et lui sont arriv\u00e9s au mariage sans rapports intimes, mais son observance des r\u00e8gles des bons chr\u00e9tiens ne s\u2019arr\u00eatent pas l\u00e0. Apr\u00e8s une jeunesse entach\u00e9e par des arrestations pour conduite en \u00e9tat d\u2019\u00e9bri\u00e9t\u00e9, actes de vandalisme et d\u2019autres bravades, aujourd\u2019hui Justin, qui n\u2019a pas encore f\u00eat\u00e9 ses trente ans, est engag\u00e9 dans des <a href=\"https:\/\/www.holyart.fr\/blog\/articles-religieux\/faire-laumone-est-ce-de-la-charite\/\"><strong>\u0153uvres de charit\u00e9<\/strong><\/a> (il am\u00e8ne de la nourriture aux sans-abris) et fait \u0153uvre d\u2019<a href=\"https:\/\/www.holyart.fr\/blog\/saints-et-bienheureux\/saint-matthieu-apotre-evangeliste-et-martyr\/\"><strong>\u00e9vang\u00e9lisation<\/strong><\/a> \u00e0 travers ses r\u00e9seaux sociaux, fort de son ascendant sur les jeunes qui l\u2019aiment et le suivent.<\/p>\n<div class=\"link-article\">\n<p><img loading=\"lazy\" decoding=\"async\" class=\"size-full wp-image-8493 alignleft\" src=\"https:\/\/blog.holyart.it\/fr\/wp-content\/uploads\/sites\/14\/2024\/06\/saint-matthieu.jpg\" alt=\"\" width=\"150\" height=\"99\" data-kale-share-title=\"Conversions religieuses c\u00e9l\u00e8bres : 10 c\u00e9l\u00e9brit\u00e9s devenues croyantes\" data-kale-share-url=\"https:\/\/blog.holyart.it\/fr\/?p=8482\" \/><\/p>\n<div class=\"leggi-anche\">Lire aussi :<\/div>\n<p><strong><a href=\"https:\/\/www.holyart.fr\/blog\/saints-et-bienheureux\/saint-matthieu-apotre-evangeliste-et-martyr\/\">Saint Matthieu, ap\u00f4tre, \u00e9vang\u00e9liste et martyr<\/a><\/strong><br \/>\nLe 21 septembre on f\u00eate Saint Matthieu \u00e9vang\u00e9liste, ap\u00f4tre et martyr. Qui \u00e9tait-il et comment est-il&#8230;<\/p>\n<\/div>\n<h2>Jonathan Roumie<\/h2>\n<p>Peu d\u2019acteurs ayant interpr\u00e9t\u00e9 le r\u00f4le de J\u00e9sus dans diff\u00e9rents films n\u2019ont pas eu de cons\u00e9quences personnelles suite au fait de s\u2019\u00eatre rapproch\u00e9s de cette figure. C\u2019est in\u00e9vitable. Pensons \u00e0 Robert Powell, qui fut le protagoniste du sc\u00e9nario J\u00e9sus de Nazareth (1977) de Franco Zeffirelli, et \u00e0 <strong>Jonathan Roumie<\/strong>, protagoniste du plus grand projet m\u00e9diatique jamais r\u00e9alis\u00e9 en crowfunding\u00a0: <strong>The Chosen<\/strong> (en fran\u00e7ais \u00ab\u00a0L\u2019\u00c9lu\u00a0\u00bb), la premi\u00e8re s\u00e9rie t\u00e9l\u00e9vis\u00e9e sur la vie de J\u00e9sus de Nazareth, bas\u00e9e sur les histoires racont\u00e9es dans les <strong>\u00c9vangiles<\/strong>. Pour interpr\u00e9ter ce r\u00f4le, l\u2019acteur, qui \u00e9tait d\u00e9j\u00e0 un catholique pratiquant, a appris l\u2019aram\u00e9en, la langue parl\u00e9e par Christ en personne et <strong>ses disciples<\/strong>. \u00c0 l\u2019occasion de la pr\u00e9sentation de la s\u00e9rie, il a rencontr\u00e9 <a href=\"https:\/\/www.holyart.fr\/occasions-speciales\/pape-francois\"><strong>Pape Fran\u00e7ois<\/strong><\/a>, en couronnant un de ses r\u00eaves de toujours. L\u2019acteur a admis que ce r\u00f4le lui a permis d\u2019approfondir son exp\u00e9rience en tant qu\u2019homme et chr\u00e9tien. De plus, Roumie a depuis toujours un lien sp\u00e9cial avec <a href=\"https:\/\/www.holyart.fr\/blog\/articles-religieux\/la-devotion-de-padre-pio-a-notre-dame-de-pompei-et-le-don-de-la-rose\/\"><strong>Padre Pio<\/strong><\/a>.<\/p>\n<div class=\"link-product\">\n<div class=\"blocco-immagine\"><img loading=\"lazy\" decoding=\"async\" class=\"size-full wp-image-8494 alignleft\" src=\"https:\/\/blog.holyart.it\/fr\/wp-content\/uploads\/sites\/14\/2024\/06\/chapelet-pape-francois.jpg\" alt=\"chapelet pape francois\" width=\"100\" height=\"100\" data-kale-share-title=\"Conversions religieuses c\u00e9l\u00e8bres : 10 c\u00e9l\u00e9brit\u00e9s devenues croyantes\" data-kale-share-url=\"https:\/\/blog.holyart.it\/fr\/?p=8482\" \/><\/div>\n<div class=\"blocco-contenuto\">\n<div class=\"blocco-acquista\">Acheter sur Holyart:<\/div>\n<div class=\"blocco-titolo\"><a href=\"https:\/\/www.holyart.fr\/occasions-speciales\/pape-francois\">PAPE FRAN\u00c7OIS<\/a><\/div>\n<div class=\"blocco-descrizione\">Pape Fran\u00e7ois: cat\u00e9gorie d\u00e9di\u00e9e \u00e0 Pape Jorge Mario Bergoglio.<\/div>\n<\/div>\n<\/div>\n<h2>Mel Gibson<\/h2>\n<p>Outre les acteurs qui ont interpr\u00e9t\u00e9 J\u00e9sus, il y a \u00e9galement les r\u00e9alisateurs qui ont voulu raconter son histoire. Si Martin Scorsese voulait devenir pr\u00eatre et a \u00e9tudi\u00e9 pour le faire, en amenant son exp\u00e9rience humaine et religieuse tourment\u00e9e \u00e0 l\u2019\u00e9cran avec des films grandioses comme <em>La derni\u00e8re tentation du Christ<\/em>, Mel Gibson, acteur australien r\u00e9alisateur de <a href=\"https:\/\/www.holyart.fr\/blog\/articles-religieux\/paques-10-curiosites-sur-les-symboles-de-la-passion-de-christ\/\"><strong>La Passion de Christ<\/strong><\/a> (2004) est un <a href=\"https:\/\/www.holyart.fr\/blog\/saints-et-bienheureux\/difference-entre-veneration-devotion-adoration\/\"><strong>catholique pratiquant et tr\u00e8s d\u00e9vot<\/strong><\/a>, mais n\u2019a pas toujours \u00e9t\u00e9 ainsi. Apr\u00e8s les ann\u00e9es du succ\u00e8s de sa jeunesse, accompagn\u00e9es par un absolu d\u00e9sint\u00e9r\u00eat vis-\u00e0-vis de la religion, il a voulu se rapprocher de la <strong>foi<\/strong> en tournant justement ce film tr\u00e8s controvers\u00e9, avec lequel il a racont\u00e9 l\u2019histoire de J\u00e9sus de mani\u00e8re r\u00e9aliste jusqu\u2019\u00e0 la crudit\u00e9, se m\u00e9ritant \u00e9galement des critiques du monde juif. Il s\u2019en est d\u00e9fendu ainsi\u00a0: \u00ab\u00a0<em>Ceci n\u2019est pas une histoire de Juifs contre Chr\u00e9tiens\u00a0: J\u00e9sus lui-m\u00eame \u00e9tait Juif, sa m\u00e8re \u00e9tait Juive et ainsi l\u2019\u00e9taient les douze ap\u00f4tres. Mais la v\u00e9rit\u00e9 est, comme le dit la Bible, qu\u2019\u00ab<\/em>\u00a0<em>Il est venu chez les siens, et les siens ne l\u2019ont point re\u00e7u\u00a0\u00bb\u00a0; je ne peux point le cacher. Mais cela ne signifie pas que les p\u00e9ch\u00e9s du pass\u00e9 \u00e9taient pires que les p\u00e9ch\u00e9s du pr\u00e9sent. Christ a pay\u00e9 le prix pour tous nos p\u00e9ch\u00e9s. Ce film veut insuffler l\u2019espoir et non pas offenser\u00a0<\/em>\u00bb. Aujourd\u2019hui, Gibson am\u00e8ne avec fiert\u00e9 sa foi dans les milieux d\u2019Hollywood et est engag\u00e9 dans des \u0153uvres sociales.<\/p>\n<div class=\"link-article\">\n<p><img loading=\"lazy\" decoding=\"async\" class=\"size-full wp-image-8496 alignleft\" src=\"https:\/\/blog.holyart.it\/fr\/wp-content\/uploads\/sites\/14\/2024\/06\/symboles-de-la-passion-de-Christ.jpg\" alt=\"symboles de la passion de Christ\" width=\"150\" height=\"99\" data-kale-share-title=\"Conversions religieuses c\u00e9l\u00e8bres : 10 c\u00e9l\u00e9brit\u00e9s devenues croyantes\" data-kale-share-url=\"https:\/\/blog.holyart.it\/fr\/?p=8482\" \/><\/p>\n<div class=\"leggi-anche\">Lire aussi :<\/div>\n<p><strong><a href=\"https:\/\/www.holyart.fr\/blog\/articles-religieux\/paques-10-curiosites-sur-les-symboles-de-la-passion-de-christ\/\">P\u00e2ques : 10 curiosit\u00e9s sur les symboles de la Passion de Christ<\/a><\/strong><br \/>\nLes symboles de la Passion de Christ font partie int\u00e9grante de la solennit\u00e9 de la P\u00e2ques chr\u00e9tienne. Entre reliques et&#8230;<\/p>\n<\/div>\n","protected":false},"excerpt":{"rendered":"<p>Acteurs et chanteurs, soubrettes et r\u00e9alisateurs. 10 conversions religieuses c\u00e9l\u00e8bres qui nous montrent comment devant Dieu et la foi nous ne sommes que des hommes et des femmes \u00e0 la recherche d\u2019un sens sup\u00e9rieur \u00e0 l\u2019existence Nous avons l\u2019habitude de concevoir les personnalit\u00e9s du monde&hellip;<\/p>\n","protected":false},"author":1,"featured_media":8486,"comment_status":"closed","ping_status":"open","sticky":false,"template":"","format":"standard","meta":{"_acf_changed":false,"footnotes":""},"categories":[8],"tags":[],"class_list":["post-8482","post","type-post","status-publish","format-standard","has-post-thumbnail","hentry","category-articles-religieux"],"acf":[],"yoast_head":"<!-- This site is optimized with the Yoast SEO plugin v26.6 - https:\/\/yoast.com\/wordpress\/plugins\/seo\/ -->\n<title>Conversions religieuses c\u00e9l\u00e8bres : 10 c\u00e9l\u00e9brit\u00e9s devenues croyantes - Holyart.fr Blog<\/title>\n<meta name=\"description\" content=\"10 conversions religieuses c\u00e9l\u00e8bres qui nous montrent comment, face \u00e0 Dieu, nous sommes tous de simples hommes et femmes \u00e0 la recherche d\u2019un sens sup\u00e9rieur \u00e0 l\u2019existence.\" \/>\n<meta name=\"robots\" content=\"index, follow, max-snippet:-1, max-image-preview:large, max-video-preview:-1\" \/>\n<link rel=\"canonical\" href=\"https:\/\/blog.holyart.it\/fr\/articles-religieux\/conversions-religieuses-celebres-10-celebrites-devenues-croyantes\/\" \/>\n<meta property=\"og:locale\" content=\"fr_FR\" \/>\n<meta property=\"og:type\" content=\"article\" \/>\n<meta property=\"og:title\" content=\"Conversions religieuses c\u00e9l\u00e8bres : 10 c\u00e9l\u00e9brit\u00e9s devenues croyantes - Holyart.fr Blog\" \/>\n<meta property=\"og:description\" content=\"10 conversions religieuses c\u00e9l\u00e8bres qui nous montrent comment, face \u00e0 Dieu, nous sommes tous de simples hommes et femmes \u00e0 la recherche d\u2019un sens sup\u00e9rieur \u00e0 l\u2019existence.\" \/>\n<meta property=\"og:url\" content=\"https:\/\/blog.holyart.it\/fr\/articles-religieux\/conversions-religieuses-celebres-10-celebrites-devenues-croyantes\/\" \/>\n<meta property=\"og:site_name\" content=\"Holyart.fr Blog\" \/>\n<meta property=\"article:published_time\" content=\"2024-07-10T08:00:24+00:00\" \/>\n<meta property=\"article:modified_time\" content=\"2026-03-17T09:40:41+00:00\" \/>\n<meta property=\"og:image\" content=\"https:\/\/blog.holyart.it\/fr\/wp-content\/uploads\/sites\/14\/2024\/06\/conversions.jpeg\" \/>\n\t<meta property=\"og:image:width\" content=\"1000\" \/>\n\t<meta property=\"og:image:height\" content=\"666\" \/>\n\t<meta property=\"og:image:type\" content=\"image\/jpeg\" \/>\n<meta name=\"author\" content=\"Redazione\" \/>\n<meta name=\"twitter:card\" content=\"summary_large_image\" \/>\n<meta name=\"twitter:label1\" content=\"\u00c9crit par\" \/>\n\t<meta name=\"twitter:data1\" content=\"Redazione\" \/>\n\t<meta name=\"twitter:label2\" content=\"Dur\u00e9e de lecture estim\u00e9e\" \/>\n\t<meta name=\"twitter:data2\" content=\"13 minutes\" \/>\n<script type=\"application\/ld+json\" class=\"yoast-schema-graph\">{\"@context\":\"https:\/\/schema.org\",\"@graph\":[{\"@type\":\"Article\",\"@id\":\"https:\/\/blog.holyart.it\/fr\/articles-religieux\/conversions-religieuses-celebres-10-celebrites-devenues-croyantes\/#article\",\"isPartOf\":{\"@id\":\"https:\/\/blog.holyart.it\/fr\/articles-religieux\/conversions-religieuses-celebres-10-celebrites-devenues-croyantes\/\"},\"author\":{\"name\":\"Redazione\",\"@id\":\"https:\/\/blog.holyart.it\/fr\/#\/schema\/person\/0a7b686e5af0f856ec1e390dd0baecda\"},\"headline\":\"Conversions religieuses c\u00e9l\u00e8bres : 10 c\u00e9l\u00e9brit\u00e9s devenues croyantes\",\"datePublished\":\"2024-07-10T08:00:24+00:00\",\"dateModified\":\"2026-03-17T09:40:41+00:00\",\"mainEntityOfPage\":{\"@id\":\"https:\/\/blog.holyart.it\/fr\/articles-religieux\/conversions-religieuses-celebres-10-celebrites-devenues-croyantes\/\"},\"wordCount\":2299,\"publisher\":{\"@id\":\"https:\/\/blog.holyart.it\/fr\/#organization\"},\"image\":{\"@id\":\"https:\/\/blog.holyart.it\/fr\/articles-religieux\/conversions-religieuses-celebres-10-celebrites-devenues-croyantes\/#primaryimage\"},\"thumbnailUrl\":\"https:\/\/blog.holyart.it\/fr\/wp-content\/uploads\/sites\/14\/2024\/06\/conversions.jpeg\",\"articleSection\":[\"Religion\"],\"inLanguage\":\"fr-FR\"},{\"@type\":\"WebPage\",\"@id\":\"https:\/\/blog.holyart.it\/fr\/articles-religieux\/conversions-religieuses-celebres-10-celebrites-devenues-croyantes\/\",\"url\":\"https:\/\/blog.holyart.it\/fr\/articles-religieux\/conversions-religieuses-celebres-10-celebrites-devenues-croyantes\/\",\"name\":\"Conversions religieuses c\u00e9l\u00e8bres : 10 c\u00e9l\u00e9brit\u00e9s devenues croyantes - Holyart.fr Blog\",\"isPartOf\":{\"@id\":\"https:\/\/blog.holyart.it\/fr\/#website\"},\"primaryImageOfPage\":{\"@id\":\"https:\/\/blog.holyart.it\/fr\/articles-religieux\/conversions-religieuses-celebres-10-celebrites-devenues-croyantes\/#primaryimage\"},\"image\":{\"@id\":\"https:\/\/blog.holyart.it\/fr\/articles-religieux\/conversions-religieuses-celebres-10-celebrites-devenues-croyantes\/#primaryimage\"},\"thumbnailUrl\":\"https:\/\/blog.holyart.it\/fr\/wp-content\/uploads\/sites\/14\/2024\/06\/conversions.jpeg\",\"datePublished\":\"2024-07-10T08:00:24+00:00\",\"dateModified\":\"2026-03-17T09:40:41+00:00\",\"description\":\"10 conversions religieuses c\u00e9l\u00e8bres qui nous montrent comment, face \u00e0 Dieu, nous sommes tous de simples hommes et femmes \u00e0 la recherche d\u2019un sens sup\u00e9rieur \u00e0 l\u2019existence.\",\"breadcrumb\":{\"@id\":\"https:\/\/blog.holyart.it\/fr\/articles-religieux\/conversions-religieuses-celebres-10-celebrites-devenues-croyantes\/#breadcrumb\"},\"inLanguage\":\"fr-FR\",\"potentialAction\":[{\"@type\":\"ReadAction\",\"target\":[\"https:\/\/blog.holyart.it\/fr\/articles-religieux\/conversions-religieuses-celebres-10-celebrites-devenues-croyantes\/\"]}]},{\"@type\":\"ImageObject\",\"inLanguage\":\"fr-FR\",\"@id\":\"https:\/\/blog.holyart.it\/fr\/articles-religieux\/conversions-religieuses-celebres-10-celebrites-devenues-croyantes\/#primaryimage\",\"url\":\"https:\/\/blog.holyart.it\/fr\/wp-content\/uploads\/sites\/14\/2024\/06\/conversions.jpeg\",\"contentUrl\":\"https:\/\/blog.holyart.it\/fr\/wp-content\/uploads\/sites\/14\/2024\/06\/conversions.jpeg\",\"width\":1000,\"height\":666,\"caption\":\"conversions\"},{\"@type\":\"BreadcrumbList\",\"@id\":\"https:\/\/blog.holyart.it\/fr\/articles-religieux\/conversions-religieuses-celebres-10-celebrites-devenues-croyantes\/#breadcrumb\",\"itemListElement\":[{\"@type\":\"ListItem\",\"position\":1,\"name\":\"Homepage\",\"item\":\"https:\/\/blog.holyart.it\/fr\/\"},{\"@type\":\"ListItem\",\"position\":2,\"name\":\"Religion\",\"item\":\"https:\/\/blog.holyart.it\/fr\/articles-religieux\/\"},{\"@type\":\"ListItem\",\"position\":3,\"name\":\"Conversions religieuses c\u00e9l\u00e8bres : 10 c\u00e9l\u00e9brit\u00e9s devenues croyantes\"}]},{\"@type\":\"WebSite\",\"@id\":\"https:\/\/blog.holyart.it\/fr\/#website\",\"url\":\"https:\/\/blog.holyart.it\/fr\/\",\"name\":\"Holyart.fr Blog\",\"description\":\"Holyblog\",\"publisher\":{\"@id\":\"https:\/\/blog.holyart.it\/fr\/#organization\"},\"potentialAction\":[{\"@type\":\"SearchAction\",\"target\":{\"@type\":\"EntryPoint\",\"urlTemplate\":\"https:\/\/blog.holyart.it\/fr\/?s={search_term_string}\"},\"query-input\":{\"@type\":\"PropertyValueSpecification\",\"valueRequired\":true,\"valueName\":\"search_term_string\"}}],\"inLanguage\":\"fr-FR\"},{\"@type\":\"Organization\",\"@id\":\"https:\/\/blog.holyart.it\/fr\/#organization\",\"name\":\"Holyart.fr Blog\",\"url\":\"https:\/\/blog.holyart.it\/fr\/\",\"logo\":{\"@type\":\"ImageObject\",\"inLanguage\":\"fr-FR\",\"@id\":\"https:\/\/blog.holyart.it\/fr\/#\/schema\/logo\/image\/\",\"url\":\"https:\/\/blog.holyart.it\/fr\/wp-content\/uploads\/sites\/14\/2022\/12\/Holyart_Blog_Logo.jpg\",\"contentUrl\":\"https:\/\/blog.holyart.it\/fr\/wp-content\/uploads\/sites\/14\/2022\/12\/Holyart_Blog_Logo.jpg\",\"width\":300,\"height\":50,\"caption\":\"Holyart.fr Blog\"},\"image\":{\"@id\":\"https:\/\/blog.holyart.it\/fr\/#\/schema\/logo\/image\/\"}},{\"@type\":\"Person\",\"@id\":\"https:\/\/blog.holyart.it\/fr\/#\/schema\/person\/0a7b686e5af0f856ec1e390dd0baecda\",\"name\":\"Redazione\",\"image\":{\"@type\":\"ImageObject\",\"inLanguage\":\"fr-FR\",\"@id\":\"https:\/\/blog.holyart.it\/fr\/#\/schema\/person\/image\/\",\"url\":\"https:\/\/secure.gravatar.com\/avatar\/f477da817f43e50d0af36abecd33e3edf826c68299714bdc1057dff3b113f516?s=96&d=mm&r=g\",\"contentUrl\":\"https:\/\/secure.gravatar.com\/avatar\/f477da817f43e50d0af36abecd33e3edf826c68299714bdc1057dff3b113f516?s=96&d=mm&r=g\",\"caption\":\"Redazione\"},\"url\":\"https:\/\/blog.holyart.it\/fr\/author\/admin\/\"}]}<\/script>\n<!-- \/ Yoast SEO plugin. -->","yoast_head_json":{"title":"Conversions religieuses c\u00e9l\u00e8bres : 10 c\u00e9l\u00e9brit\u00e9s devenues croyantes - Holyart.fr Blog","description":"10 conversions religieuses c\u00e9l\u00e8bres qui nous montrent comment, face \u00e0 Dieu, nous sommes tous de simples hommes et femmes \u00e0 la recherche d\u2019un sens sup\u00e9rieur \u00e0 l\u2019existence.","robots":{"index":"index","follow":"follow","max-snippet":"max-snippet:-1","max-image-preview":"max-image-preview:large","max-video-preview":"max-video-preview:-1"},"canonical":"https:\/\/blog.holyart.it\/fr\/articles-religieux\/conversions-religieuses-celebres-10-celebrites-devenues-croyantes\/","og_locale":"fr_FR","og_type":"article","og_title":"Conversions religieuses c\u00e9l\u00e8bres : 10 c\u00e9l\u00e9brit\u00e9s devenues croyantes - Holyart.fr Blog","og_description":"10 conversions religieuses c\u00e9l\u00e8bres qui nous montrent comment, face \u00e0 Dieu, nous sommes tous de simples hommes et femmes \u00e0 la recherche d\u2019un sens sup\u00e9rieur \u00e0 l\u2019existence.","og_url":"https:\/\/blog.holyart.it\/fr\/articles-religieux\/conversions-religieuses-celebres-10-celebrites-devenues-croyantes\/","og_site_name":"Holyart.fr Blog","article_published_time":"2024-07-10T08:00:24+00:00","article_modified_time":"2026-03-17T09:40:41+00:00","og_image":[{"width":1000,"height":666,"url":"https:\/\/blog.holyart.it\/fr\/wp-content\/uploads\/sites\/14\/2024\/06\/conversions.jpeg","type":"image\/jpeg"}],"author":"Redazione","twitter_card":"summary_large_image","twitter_misc":{"\u00c9crit par":"Redazione","Dur\u00e9e de lecture estim\u00e9e":"13 minutes"},"schema":{"@context":"https:\/\/schema.org","@graph":[{"@type":"Article","@id":"https:\/\/blog.holyart.it\/fr\/articles-religieux\/conversions-religieuses-celebres-10-celebrites-devenues-croyantes\/#article","isPartOf":{"@id":"https:\/\/blog.holyart.it\/fr\/articles-religieux\/conversions-religieuses-celebres-10-celebrites-devenues-croyantes\/"},"author":{"name":"Redazione","@id":"https:\/\/blog.holyart.it\/fr\/#\/schema\/person\/0a7b686e5af0f856ec1e390dd0baecda"},"headline":"Conversions religieuses c\u00e9l\u00e8bres : 10 c\u00e9l\u00e9brit\u00e9s devenues croyantes","datePublished":"2024-07-10T08:00:24+00:00","dateModified":"2026-03-17T09:40:41+00:00","mainEntityOfPage":{"@id":"https:\/\/blog.holyart.it\/fr\/articles-religieux\/conversions-religieuses-celebres-10-celebrites-devenues-croyantes\/"},"wordCount":2299,"publisher":{"@id":"https:\/\/blog.holyart.it\/fr\/#organization"},"image":{"@id":"https:\/\/blog.holyart.it\/fr\/articles-religieux\/conversions-religieuses-celebres-10-celebrites-devenues-croyantes\/#primaryimage"},"thumbnailUrl":"https:\/\/blog.holyart.it\/fr\/wp-content\/uploads\/sites\/14\/2024\/06\/conversions.jpeg","articleSection":["Religion"],"inLanguage":"fr-FR"},{"@type":"WebPage","@id":"https:\/\/blog.holyart.it\/fr\/articles-religieux\/conversions-religieuses-celebres-10-celebrites-devenues-croyantes\/","url":"https:\/\/blog.holyart.it\/fr\/articles-religieux\/conversions-religieuses-celebres-10-celebrites-devenues-croyantes\/","name":"Conversions religieuses c\u00e9l\u00e8bres : 10 c\u00e9l\u00e9brit\u00e9s devenues croyantes - Holyart.fr Blog","isPartOf":{"@id":"https:\/\/blog.holyart.it\/fr\/#website"},"primaryImageOfPage":{"@id":"https:\/\/blog.holyart.it\/fr\/articles-religieux\/conversions-religieuses-celebres-10-celebrites-devenues-croyantes\/#primaryimage"},"image":{"@id":"https:\/\/blog.holyart.it\/fr\/articles-religieux\/conversions-religieuses-celebres-10-celebrites-devenues-croyantes\/#primaryimage"},"thumbnailUrl":"https:\/\/blog.holyart.it\/fr\/wp-content\/uploads\/sites\/14\/2024\/06\/conversions.jpeg","datePublished":"2024-07-10T08:00:24+00:00","dateModified":"2026-03-17T09:40:41+00:00","description":"10 conversions religieuses c\u00e9l\u00e8bres qui nous montrent comment, face \u00e0 Dieu, nous sommes tous de simples hommes et femmes \u00e0 la recherche d\u2019un sens sup\u00e9rieur \u00e0 l\u2019existence.","breadcrumb":{"@id":"https:\/\/blog.holyart.it\/fr\/articles-religieux\/conversions-religieuses-celebres-10-celebrites-devenues-croyantes\/#breadcrumb"},"inLanguage":"fr-FR","potentialAction":[{"@type":"ReadAction","target":["https:\/\/blog.holyart.it\/fr\/articles-religieux\/conversions-religieuses-celebres-10-celebrites-devenues-croyantes\/"]}]},{"@type":"ImageObject","inLanguage":"fr-FR","@id":"https:\/\/blog.holyart.it\/fr\/articles-religieux\/conversions-religieuses-celebres-10-celebrites-devenues-croyantes\/#primaryimage","url":"https:\/\/blog.holyart.it\/fr\/wp-content\/uploads\/sites\/14\/2024\/06\/conversions.jpeg","contentUrl":"https:\/\/blog.holyart.it\/fr\/wp-content\/uploads\/sites\/14\/2024\/06\/conversions.jpeg","width":1000,"height":666,"caption":"conversions"},{"@type":"BreadcrumbList","@id":"https:\/\/blog.holyart.it\/fr\/articles-religieux\/conversions-religieuses-celebres-10-celebrites-devenues-croyantes\/#breadcrumb","itemListElement":[{"@type":"ListItem","position":1,"name":"Homepage","item":"https:\/\/blog.holyart.it\/fr\/"},{"@type":"ListItem","position":2,"name":"Religion","item":"https:\/\/blog.holyart.it\/fr\/articles-religieux\/"},{"@type":"ListItem","position":3,"name":"Conversions religieuses c\u00e9l\u00e8bres : 10 c\u00e9l\u00e9brit\u00e9s devenues croyantes"}]},{"@type":"WebSite","@id":"https:\/\/blog.holyart.it\/fr\/#website","url":"https:\/\/blog.holyart.it\/fr\/","name":"Holyart.fr Blog","description":"Holyblog","publisher":{"@id":"https:\/\/blog.holyart.it\/fr\/#organization"},"potentialAction":[{"@type":"SearchAction","target":{"@type":"EntryPoint","urlTemplate":"https:\/\/blog.holyart.it\/fr\/?s={search_term_string}"},"query-input":{"@type":"PropertyValueSpecification","valueRequired":true,"valueName":"search_term_string"}}],"inLanguage":"fr-FR"},{"@type":"Organization","@id":"https:\/\/blog.holyart.it\/fr\/#organization","name":"Holyart.fr Blog","url":"https:\/\/blog.holyart.it\/fr\/","logo":{"@type":"ImageObject","inLanguage":"fr-FR","@id":"https:\/\/blog.holyart.it\/fr\/#\/schema\/logo\/image\/","url":"https:\/\/blog.holyart.it\/fr\/wp-content\/uploads\/sites\/14\/2022\/12\/Holyart_Blog_Logo.jpg","contentUrl":"https:\/\/blog.holyart.it\/fr\/wp-content\/uploads\/sites\/14\/2022\/12\/Holyart_Blog_Logo.jpg","width":300,"height":50,"caption":"Holyart.fr Blog"},"image":{"@id":"https:\/\/blog.holyart.it\/fr\/#\/schema\/logo\/image\/"}},{"@type":"Person","@id":"https:\/\/blog.holyart.it\/fr\/#\/schema\/person\/0a7b686e5af0f856ec1e390dd0baecda","name":"Redazione","image":{"@type":"ImageObject","inLanguage":"fr-FR","@id":"https:\/\/blog.holyart.it\/fr\/#\/schema\/person\/image\/","url":"https:\/\/secure.gravatar.com\/avatar\/f477da817f43e50d0af36abecd33e3edf826c68299714bdc1057dff3b113f516?s=96&d=mm&r=g","contentUrl":"https:\/\/secure.gravatar.com\/avatar\/f477da817f43e50d0af36abecd33e3edf826c68299714bdc1057dff3b113f516?s=96&d=mm&r=g","caption":"Redazione"},"url":"https:\/\/blog.holyart.it\/fr\/author\/admin\/"}]}},"_links":{"self":[{"href":"https:\/\/blog.holyart.it\/fr\/wp-json\/wp\/v2\/posts\/8482","targetHints":{"allow":["GET"]}}],"collection":[{"href":"https:\/\/blog.holyart.it\/fr\/wp-json\/wp\/v2\/posts"}],"about":[{"href":"https:\/\/blog.holyart.it\/fr\/wp-json\/wp\/v2\/types\/post"}],"author":[{"embeddable":true,"href":"https:\/\/blog.holyart.it\/fr\/wp-json\/wp\/v2\/users\/1"}],"replies":[{"embeddable":true,"href":"https:\/\/blog.holyart.it\/fr\/wp-json\/wp\/v2\/comments?post=8482"}],"version-history":[{"count":8,"href":"https:\/\/blog.holyart.it\/fr\/wp-json\/wp\/v2\/posts\/8482\/revisions"}],"predecessor-version":[{"id":8501,"href":"https:\/\/blog.holyart.it\/fr\/wp-json\/wp\/v2\/posts\/8482\/revisions\/8501"}],"wp:featuredmedia":[{"embeddable":true,"href":"https:\/\/blog.holyart.it\/fr\/wp-json\/wp\/v2\/media\/8486"}],"wp:attachment":[{"href":"https:\/\/blog.holyart.it\/fr\/wp-json\/wp\/v2\/media?parent=8482"}],"wp:term":[{"taxonomy":"category","embeddable":true,"href":"https:\/\/blog.holyart.it\/fr\/wp-json\/wp\/v2\/categories?post=8482"},{"taxonomy":"post_tag","embeddable":true,"href":"https:\/\/blog.holyart.it\/fr\/wp-json\/wp\/v2\/tags?post=8482"}],"curies":[{"name":"wp","href":"https:\/\/api.w.org\/{rel}","templated":true}]}}