{"id":8439,"date":"2024-07-01T10:00:24","date_gmt":"2024-07-01T08:00:24","guid":{"rendered":"https:\/\/blog.holyart.it\/fr\/?p=8439"},"modified":"2024-12-11T17:04:34","modified_gmt":"2024-12-11T16:04:34","slug":"preparons-nous-a-lannee-sainte-avec-la-priere-du-jubile","status":"publish","type":"post","link":"https:\/\/blog.holyart.it\/fr\/jubile-2025\/preparons-nous-a-lannee-sainte-avec-la-priere-du-jubile\/","title":{"rendered":"Pr\u00e9parons-nous \u00e0 l\u2019Ann\u00e9e Sainte avec la pri\u00e8re du Jubil\u00e9"},"content":{"rendered":"<h4>En vue de l\u2019Ann\u00e9e Sainte 2025, les chr\u00e9tiens du monde entier se pr\u00e9parent pour \u00eatre P\u00e8lerins d\u2019esp\u00e9rance. Voici les instruments fournis par le Dicast\u00e8re, les Intentions et les pri\u00e8res du Pape et la pri\u00e8re sp\u00e9ciale du Jubil\u00e9.<\/h4>\n<p>2025 sera l\u2019<strong><a href=\"https:\/\/www.holyart.fr\/blog\/articles-religieux\/quest-ce-quest-le-jubile-preparons-nous-a-une-nouvelle-annee-sainte\/\">ann\u00e9e du Jubil\u00e9<\/a> <\/strong>et\u00a0 le monde chr\u00e9tien est en train de se pr\u00e9parer pour cette nouvelle Ann\u00e9e Sainte. Un an dense de rendez-vous \u00e0 ne pas rater, comme nous l\u2019avons appris par le riche <a href=\"https:\/\/www.holyart.fr\/blog\/articles-religieux\/le-calendrier-des-evenements-du-jubile-2025\/\"><strong>calendrier du Jubil\u00e9<\/strong><\/a>, \u00e0 partir de l\u2019<strong><a href=\"https:\/\/www.holyart.fr\/blog\/articles-religieux\/porte-sainte-quest-ce-que-cest-et-que-represente-son-ouverture\/\">Ouverture de la Porte Sainte<\/a> <\/strong>de la Basilique <strong>Saint-Pierre le 24 d\u00e9cembre<\/strong>. Depuis des mois, les pr\u00e9paratifs se poursuive pour cet \u00e9v\u00e9nement plan\u00e9taire et, en plus du <a href=\"https:\/\/www.holyart.fr\/blog\/articles-religieux\/la-signification-du-logo-du-jubile-2025-pelerins-desperance\/\"><strong>logo d\u00e9di\u00e9 au th\u00e8me P\u00e8lerins d\u2019Esp\u00e9rance<\/strong><\/a>, \u00e0 l\u2019hymne et \u00e0 l\u2019\u00e9ventuel <a href=\"https:\/\/www.holyart.fr\/blog\/articles-religieux\/pelerinage-a-rome-parmi-les-destinations-preferees-des-chretiens\/\"><strong>p\u00e8lerinage \u00e0 Rome<\/strong><\/a>, un des lieux de p\u00e8lerinages pr\u00e9f\u00e9r\u00e9s par les chr\u00e9tiens, surtout \u00e0 l\u2019occasion du Jubil\u00e9, chacun de nous peut se pr\u00e9parer avec la <strong>pri\u00e8re speciale d\u00e9di\u00e9e au Jubil\u00e9<\/strong>.<\/p>\n<div class=\"link-article\">\n<p><img loading=\"lazy\" decoding=\"async\" class=\"size-full wp-image-8442 alignleft\" src=\"https:\/\/blog.holyart.it\/fr\/wp-content\/uploads\/sites\/14\/2024\/06\/Le-calendrier-des-evenements-du-Jubile-2025.jpg\" alt=\"Le calendrier des \u00e9v\u00e9nements du Jubil\u00e9 2025\" width=\"150\" height=\"99\" data-kale-share-title=\"Pr\u00e9parons-nous \u00e0 l\u2019Ann\u00e9e Sainte avec la pri\u00e8re du Jubil\u00e9\" data-kale-share-url=\"https:\/\/blog.holyart.it\/fr\/?p=8439\" \/><\/p>\n<div class=\"leggi-anche\">Lire aussi :<\/div>\n<p><strong><a href=\"https:\/\/www.holyart.fr\/blog\/articles-religieux\/le-calendrier-des-evenements-du-jubile-2025\/\">Le calendrier des \u00e9v\u00e9nements du Jubil\u00e9 2025<\/a><\/strong><br \/>\nLe calendrier des \u00e9v\u00e9nements du Jubil\u00e9 2025 a \u00e9t\u00e9 publi\u00e9 : douze mois d\u2019\u00e9v\u00e9nements et occasions pour approfondir la foi&#8230;<\/p>\n<\/div>\n<p>En pr\u00e9vision du Jubil\u00e9 2025, <a href=\"https:\/\/www.holyart.fr\/occasions-speciales\/pape-francois\"><strong>Pape Fran\u00e7ois<\/strong><\/a> a annonc\u00e9 ses r\u00e9solutions pour l\u2019ann\u00e9e 2024, en soulignant l\u2019importance de la <strong>pri\u00e8re comme instrument pour r\u00e9tablir le contact avec Dieu<\/strong> et <strong>approfondir notre dimension spirituelle<\/strong>. Le Pontife a r\u00e9tabli l\u2019essentialit\u00e9 de la pri\u00e8re comme <strong>pilier fondamental pour affronter les d\u00e9fis personnels et globaux<\/strong>.<\/p>\n<p>Il ne s\u2019agit donc pas simplement de la Pri\u00e8re du Jubil\u00e9. Dans les Intentions du Saint-P\u00e8re, 2024 devient l\u2019<strong>ann\u00e9e de la Pri\u00e8re<\/strong>, en pr\u00e9paration au <a href=\"https:\/\/www.holyart.fr\/jubile-2025-pelerins-desperance\"><strong>Jubil\u00e9 2025<\/strong><\/a>. Le Pontife a invit\u00e9 les Dioc\u00e8ses \u00e0 adopter et \u00e0 promouvoir l\u2019importance de la pri\u00e8re <strong>au niveau individuel comme au niveau communautaire<\/strong>, afin qu\u2019elle devienne non seulement un acte individuel, mais une occasion pour construire ensemble un monde meilleur. C\u2019est justement cet esp\u00e9rance l\u2019inspiration du Jubil\u00e9 2025, une esp\u00e9rance au nom de laquelle nous sommes <a href=\"https:\/\/www.holyart.fr\/jubile-2025-pelerins-desperance\/kit-du-pelerin-et-gadgets-du-jubile-2025\/sac-a-dos-du-pelerin-kit-complet-jubile-2025\"><strong>tous p\u00e8lerins, en marche<\/strong><\/a> vers un monde de changements et d\u2019inconnus, mais unis dans le signe de la Croix, exactement comme le logo de l\u2019\u00e9v\u00e9nement l\u2019illustre.<\/p>\n<div class=\"link-product\">\n<div class=\"blocco-immagine\"><img loading=\"lazy\" decoding=\"async\" class=\"size-full wp-image-8443 alignleft\" src=\"https:\/\/blog.holyart.it\/fr\/wp-content\/uploads\/sites\/14\/2024\/06\/Sac-a-dos-du-pelerin-kit-complet-Jubile-2025.jpg\" alt=\"Sac \u00e0 dos du p\u00e8lerin kit complet Jubil\u00e9 2025\" width=\"100\" height=\"100\" data-kale-share-title=\"Pr\u00e9parons-nous \u00e0 l\u2019Ann\u00e9e Sainte avec la pri\u00e8re du Jubil\u00e9\" data-kale-share-url=\"https:\/\/blog.holyart.it\/fr\/?p=8439\" \/><\/div>\n<div class=\"blocco-contenuto\">\n<div class=\"blocco-acquista\">Acheter sur Holyart:<\/div>\n<div class=\"blocco-titolo\"><a href=\"https:\/\/www.holyart.fr\/jubile-2025-pelerins-desperance\/kit-du-pelerin-et-gadgets-du-jubile-2025\/sac-a-dos-du-pelerin-kit-complet-jubile-2025\">Sac \u00e0 dos du p\u00e8lerin kit complet Jubil\u00e9 2025<\/a><\/div>\n<div class=\"blocco-descrizione\">Kit du p\u00e8lerin con\u00e7u pour enrichir et faciliter le p\u00e8lerinage du Jubil\u00e9.<\/div>\n<\/div>\n<\/div>\n<p><em>\u00ab\u00a0[prier] <\/em><em>pour retrouver <strong>le d\u00e9sir d\u2019\u00eatre en pr\u00e9sence du Seigneur<\/strong>, de l\u2019\u00e9couter et de l\u2019adorer. Une pri\u00e8re, aussi, pour <strong>remercier Dieu pour les nombreux dons<\/strong> de son amour pour nous et louer son \u0153uvre dans la cr\u00e9ation, qui engage chacun au respect et \u00e0 l\u2019action concr\u00e8te et responsable de sa pr\u00e9servation. La pri\u00e8re comme expression \u00ab\u00a0d\u2019un seul c\u0153ur et d\u2019une seule \u00e2me\u00a0\u00bb (cf.\u00a0Ac\u00a04, 32), qui se traduit par <strong>la solidarit\u00e9 et le partage du pain quotidien<\/strong>. La pri\u00e8re qui permet \u00e0 chaque homme et \u00e0 chaque femme de ce monde de se tourner vers le Dieu unique, pour lui dire ce qui est cach\u00e9 dans le secret du c\u0153ur. La pri\u00e8re <strong>comme voie royale vers la saintet\u00e9<\/strong> qui conduit \u00e0 vivre la contemplation m\u00eame au milieu de l\u2019action. En bref, une ann\u00e9e intense de pri\u00e8re, au cours de laquelle les c\u0153urs s\u2019ouvriront pour recevoir l\u2019abondance de la gr\u00e2ce, faisant du \u201cNotre P\u00e8re\u201d, la pri\u00e8re que J\u00e9sus nous a enseign\u00e9e, le programme de vie pour chacun de ses disciples.\u00a0\u00bb <\/em>(de la lettre du Pape \u00e0 Mons. Rino Fisichella, pr\u00e9sident du Conseil Pontifical pour la Promotion de la Nouvelle \u00c9vang\u00e9lisation).<\/p>\n<div class=\"link-product\">\n<div class=\"blocco-immagine\"><img loading=\"lazy\" decoding=\"async\" class=\"size-full wp-image-8444 alignleft\" src=\"https:\/\/blog.holyart.it\/fr\/wp-content\/uploads\/sites\/14\/2024\/06\/Voile-de-lutrin-brode-250x55-cm-logo-officiel-Jubile-2025.jpg\" alt=\"Voile de lutrin brod\u00e9 250x55 cm logo officiel Jubil\u00e9 2025\" width=\"100\" height=\"100\" data-kale-share-title=\"Pr\u00e9parons-nous \u00e0 l\u2019Ann\u00e9e Sainte avec la pri\u00e8re du Jubil\u00e9\" data-kale-share-url=\"https:\/\/blog.holyart.it\/fr\/?p=8439\" \/><\/div>\n<div class=\"blocco-contenuto\">\n<div class=\"blocco-acquista\">Acheter sur Holyart:<\/div>\n<div class=\"blocco-titolo\"><a href=\"https:\/\/www.holyart.fr\/jubile-2025-pelerins-desperance\">Jubil\u00e9 2025 P\u00e8lerins d&rsquo;esp\u00e9rance<\/a><\/div>\n<div class=\"blocco-descrizione\">Articles con\u00e7us pour c\u00e9l\u00e9brer le prochain Jubil\u00e9 2025 \u00e0 Rome.<\/div>\n<\/div>\n<\/div>\n<p>Parmi les nombreux instruments pr\u00e9par\u00e9s par le <em>Dicast\u00e8re pour l\u2019\u00c9vang\u00e9lisation<\/em> en vue du Jubil\u00e9 2025, il y a \u00e9galement <strong><em>Apprend-nous \u00e0 Prier<\/em><\/strong>, une aide digitale et gratuite \u00e0 t\u00e9l\u00e9charger en diff\u00e9rentes langues sur le site du Dicast\u00e8re, justement pour aider les chr\u00e9tiens \u00e0 titre individuel ou en tant que communaut\u00e9 pour se pr\u00e9parer \u00e0 l\u2019Ann\u00e9e Sainte. Le titre est tir\u00e9 de l\u2019\u00c9vangile de Luc : \u00ab\u00a0<em>J\u00e9sus priait un jour en un certain lieu. Lorsqu\u2019il eut achev\u00e9, un de ses disciples lui dit\u00a0: Seigneur, enseigne-nous \u00e0 prier, comme Jean l\u2019a enseign\u00e9 \u00e0 ses disciples.<\/em>\u00a0\u00bb (Luc 11,1). L\u2019inspiration pour ce petit volume d\u00e9rive justement des <strong>intentions de <a href=\"https:\/\/www.holyart.fr\/occasions-speciales\/pape-francois\">Pape Fran\u00e7ois<\/a><\/strong>, de son invitation sinc\u00e8re \u00e0 transformer, en vue du Jubil\u00e9 plus que jamais, la pri\u00e8re en un <strong>dialogue personnel avec Dieu<\/strong> et en un <strong>engagement constant pour am\u00e9liorer le monde<\/strong>. Ainsi comme l\u2019Ann\u00e9e Sainte sera une occasion pour renouveler le lien fraternel entre les baptis\u00e9s, appel\u00e9s \u00e0 \u00eatre v\u00e9ritables t\u00e9moins de l\u2019amour de Dieu pour toute l\u2019humanit\u00e9, ainsi la pri\u00e8re devient la voie \u00e0 parcourir pour entrer en communication avec soi-m\u00eame \u00e0 un niveau plus profond et pr\u00e9cieux, jusqu\u2019\u00e0 retrouver en nous <strong>la m\u00eame lumi\u00e8re que Dieu<\/strong>, comme nous le lisons dans l\u2019introduction de la directrice. Il est \u00e9galement important de <strong>prier avec pers\u00e9v\u00e9rance<\/strong>, pour un soutien constant et continu non seulement \u00e0 l\u2019individu, mais aussi \u00e0 la communaut\u00e9 enti\u00e8re, qui de la pri\u00e8re tire l\u2019\u00e9nergie n\u00e9cessaire pour se transformer et s\u2019am\u00e9liorer.<\/p>\n<p><em>Que la pri\u00e8re soit donc pour chaque chr\u00e9tien <strong>la boussole qui guide, la lumi\u00e8re qui \u00e9claire le chemin et la force qui le soutient<\/strong> dans le p\u00e8lerinage qui conduira au franchissement de la Porte Sainte. Par la pri\u00e8re, nous pourrons arriver avec un c\u0153ur pr\u00eat \u00e0 accueillir les dons de gr\u00e2ce et de pardon que le Jubil\u00e9 nous offrira, comme expression vivante de notre relation avec Dieu. Plongeons-nous donc dans la pri\u00e8re dans <strong>un dialogue permanent avec le Cr\u00e9ateur<\/strong>, en d\u00e9couvrant la joie du silence, la paix de l\u2019abandon et la force de l\u2019intercession dans la communion des saints. <\/em>(APPRENDS-NOUS \u00c0 PRIER \u2013 Vivre l\u2019Ann\u00e9e de la Pri\u00e8re)<\/p>\n<div class=\"link-product\">\n<div class=\"blocco-immagine\"><img loading=\"lazy\" decoding=\"async\" class=\"size-full wp-image-8446 alignleft\" src=\"https:\/\/blog.holyart.it\/fr\/wp-content\/uploads\/sites\/14\/2024\/06\/statue-pape-francois-en-resine-30-cm.jpg\" alt=\"statue pape francois en resine 30 cm\" width=\"100\" height=\"100\" data-kale-share-title=\"Pr\u00e9parons-nous \u00e0 l\u2019Ann\u00e9e Sainte avec la pri\u00e8re du Jubil\u00e9\" data-kale-share-url=\"https:\/\/blog.holyart.it\/fr\/?p=8439\" \/><\/div>\n<div class=\"blocco-contenuto\">\n<div class=\"blocco-acquista\">Acheter sur Holyart:<\/div>\n<div class=\"blocco-titolo\"><a href=\"https:\/\/www.holyart.fr\/occasions-speciales\/pape-francois\">PAPE FRAN\u00c7OIS<\/a><\/div>\n<div class=\"blocco-descrizione\">Cat\u00e9gorie d\u00e9di\u00e9e \u00e0 Pape Jorge Mario Bergoglio.<\/div>\n<\/div>\n<\/div>\n<h2>Prier selon les Intentions du Pape<\/h2>\n<p>Les <strong>Intentions du Pape<\/strong> sont les appels que le Somme Pontife confie chaque mois \u00e0 son R\u00e9seau Mondial de Pri\u00e8re. Elles expriment ses pr\u00e9occupations et refl\u00e8tent la n\u00e9cessit\u00e9 de l\u2019\u00c9glise et de l\u2019humanit\u00e9. C\u2019est justement sur base de ces Intentions de pri\u00e8re que le Pape nous invite \u00e0 <strong>transformer nos mots de foi en actions concr\u00e8tes<\/strong>, avec l\u2019objectif de contribuer \u00e0 rendre le monde plus humain, fraternel et solidaire. Les Intentions mensuelles de pri\u00e8re concernent tous les Pays du monde. Dicast\u00e8res et Congr\u00e9gations envoient leurs recommandations et leurs propositions, et le Pape les re\u00e7oit et les examine, en les transformant en occasions de pri\u00e8re. Ces Intentions fournissent \u00e9galement des points de d\u00e9part utiles pour se pr\u00e9parer \u00e0 la Pri\u00e8re du Jubil\u00e9 de mani\u00e8re efficace.<\/p>\n<p>Voici les Intentions de pri\u00e8re de Pape Fran\u00e7ois en vue de l\u2019ann\u00e9e 2024, confi\u00e9es au R\u00e9seau mondial de pri\u00e8re\u00a0:<\/p>\n<p><strong>JANVIER<\/strong><br \/>\n<strong><em>POUR LE DON DE LA DIVERSIT\u00c9 AU SEIN DE L\u2019\u00c9GLISE<\/em><\/strong><br \/>\nPrions pour que l\u2019Esprit nous aide \u00e0 reconna\u00eetre les divers charismes dans la communaut\u00e9 chr\u00e9tienne et \u00e0 d\u00e9couvrir la richesse des diff\u00e9rentes traditions rituelles au sein de l\u2019\u00c9glise catholique.<\/p>\n<p><strong>F\u00c9VRIER<\/strong><\/p>\n<p><strong><em>POUR LES MALADES EN PHASE TERMINALE<\/em><\/strong><\/p>\n<p>Prions pour que les malades en phase terminale, ainsi que leurs familles, b\u00e9n\u00e9ficient toujours d\u2019un accompagnement m\u00e9dical et humain de qualit\u00e9.<\/p>\n<p><strong>MARS<\/strong><\/p>\n<p><strong><em>POUR LES NOUVEAUX MARTYRS<\/em><\/strong><br \/>\nPrions pour que ceux qui risquent leur vie pour l\u2019\u00c9vangile, dans diff\u00e9rentes parties du monde, f\u00e9condent l\u2019\u00c9glise de leur courage et de leur \u00e9lan missionnaire.<\/p>\n<p><strong>AVRIL<\/strong><\/p>\n<p><strong><em>POUR LE ROLE DES FEMMES<\/em><\/strong><strong><br \/>\n<\/strong>Prions pour que la dignit\u00e9 et la richesse des femmes soient reconnues dans toutes les cultures et que cessent les discriminations dont elles sont victimes dans diff\u00e9rentes parties du monde.<\/p>\n<p><strong>MAI<\/strong><\/p>\n<p><strong><em>POUR LA FORMATION DES RELIGIEUSES, DES RELIGIEUX ET DES SEMINARISTES<\/em><\/strong><br \/>\nPrions pour que les religieuses, les religieux et les s\u00e9minaristes grandissent dans leur parcours vocationnel gr\u00e2ce \u00e0 une formation humaine, pastorale, spirituelle et communautaire qui les conduise \u00e0 \u00eatre des t\u00e9moins cr\u00e9dibles de l\u2019\u00c9vangile.<\/p>\n<p><strong>JUIN<\/strong><\/p>\n<p><strong><em>POUR CEUX QUI FUIENT LEUR PAYS<\/em><\/strong><strong><br \/>\n<\/strong>Prions pour que les migrants, qui fuient les guerres ou la faim et sont contraints \u00e0 des voyages pleins de dangers et de violence, puissent trouver l\u2019hospitalit\u00e9 ainsi que de nouvelles opportunit\u00e9s de vie dans les pays d\u2019accueil.<\/p>\n<p><strong>JUILLET<\/strong><\/p>\n<p><strong><em>POUR LA PASTORALE DES MALADES<\/em><\/strong><br \/>\nPrions pour que le sacrement de l\u2019onction des malades donne aux personnes qui le re\u00e7oivent, ainsi qu\u2019\u00e0 leurs proches, la force du Seigneur, et qu\u2019il soit de plus en plus pour tous un signe visible de compassion et d\u2019esp\u00e9rance.<\/p>\n<p><strong>AOUT<\/strong><\/p>\n<p><strong><em>POUR LES DIRIGEANTS POLITIQUES<\/em><\/strong><br \/>\nPrions pour que les dirigeants politiques soient au service de leur peuple ; qu\u2019ils \u0153uvrent en faveur du d\u00e9veloppement humain int\u00e9gral et du bien commun, tout en se souciant de ceux qui ont perdu leur emploi et en donnant la priorit\u00e9 aux plus pauvres.<\/p>\n<p><strong>SEPTEMBRE<\/strong><\/p>\n<p><strong><em>POUR LE CRI DE LA TERRE<\/em><\/strong><strong><br \/>\n<\/strong>Prions pour que chacun d\u2019entre nous \u00e9coute avec son c\u0153ur le cri de la Terre et les victimes des catastrophes environnementales et de la crise climatique, en s\u2019engageant personnellement \u00e0 prendre soin du monde qu\u2019il habite.<\/p>\n<p><strong>OCTOBRE<\/strong><\/p>\n<p><strong><em>POUR UNE MISSION PARTAGEE<\/em><\/strong><br \/>\nPrions pour que l\u2019\u00c9glise continue \u00e0 soutenir, de toutes les mani\u00e8res possibles, un style de vie synodal, sous le signe de la coresponsabilit\u00e9, en favorisant la participation, la communion et la mission partag\u00e9e entre pr\u00eatres, religieux et la\u00efcs.<\/p>\n<p><strong>NOVEMBRE<\/strong><\/p>\n<p><strong><em>POUR CEUX QUI ONT PERDU UN ENFANT<\/em><\/strong><strong><br \/>\n<\/strong>Prions pour que tous les parents qui pleurent la mort d\u2019un fils ou d\u2019une fille trouvent un soutien au sein de la communaut\u00e9 et obtiennent de l\u2019Esprit consolateur la paix du c\u0153ur.<\/p>\n<p><strong>D\u00e9cembre<\/strong><\/p>\n<p><strong><em>Pour les p\u00e8lerins de l\u2019esp\u00e9rance<\/em><\/strong><br \/>\nPrions pour que le Jubil\u00e9 qui s\u2019ouvre nous renforce dans la foi, en nous aidant \u00e0 reconna\u00eetre le Christ ressuscit\u00e9 au milieu de nos vies, et nous transforme en p\u00e8lerins de l\u2019esp\u00e9rance chr\u00e9tienne.<\/p>\n<p><em>Fran\u00e7ois<\/em><br \/>\nDu Vatican, 31 d\u00e9cembre 2022<\/p>\n<h2>Pri\u00e8re du Jubil\u00e9<\/h2>\n<p><em>P\u00e8re, toi qui es aux cieux,<\/em><br \/>\n<em>la foi que tu nous as donn\u00e9e en<\/em><br \/>\n<em>ton fils J\u00e9sus-Christ, notre fr\u00e8re,<\/em><br \/>\n<em>flamme de charit\u00e9<\/em><br \/>\n<em>r\u00e9pandu dans nos c\u0153urs par l\u2019Esprit Saint,<\/em><br \/>\n<em>\u00e9veille en nous la bienheureuse esp\u00e9rance<\/em><br \/>\n<em>pour l\u2019av\u00e8nement de ton royaume.<\/em><\/p>\n<p><em>Ta gr\u00e2ce nous transforme<\/em><br \/>\n<em>en paysans actifs des semences \u00e9vang\u00e9liques<\/em><br \/>\n<em>que l\u2019humanit\u00e9 et l\u2019univers entier se l\u00e8vent,<\/em><br \/>\n<em>dans l\u2019attente confiante<\/em><br \/>\n<em>des cieux nouveaux et de la terre nouvelle,<\/em><br \/>\n<em>quand les puissances du mal seront vaincues,<\/em><br \/>\n<em>Ta gloire sera \u00e9ternelle.<\/em><\/p>\n<p><em>Que la gr\u00e2ce du Jubil\u00e9<\/em><br \/>\n<em>ravive en chaque P\u00e8lerin d\u2019Esp\u00e9rance,<\/em><br \/>\n<em>l\u2019aspiration des biens c\u00e9lestes<\/em><br \/>\n<em>et d\u00e9verse sur le monde entier<\/em><br \/>\n<em>la joie et la paix<\/em><br \/>\n<em>de notre R\u00e9dempteur.<\/em><br \/>\n<em>\u00c0 toi Dieu b\u00e9ni \u00e9ternellement<\/em><br \/>\n<em>re\u00e7oit notre louange et notre gloire \u00e0 travers les si\u00e8cles.<\/em><\/p>\n<p><em>Amen.<\/em><\/p>\n<p><a href=\"https:\/\/www.holyart.fr\/blog\/wp-content\/uploads\/sites\/14\/2024\/12\/Priere-du-Jubile.pdf\"><strong>T\u00e9l\u00e9chargez la pri\u00e8re du Jubil\u00e9 ici<\/strong><\/a><\/p>\n","protected":false},"excerpt":{"rendered":"<p>En vue de l\u2019Ann\u00e9e Sainte 2025, les chr\u00e9tiens du monde entier se pr\u00e9parent pour \u00eatre P\u00e8lerins d\u2019esp\u00e9rance. Voici les instruments fournis par le Dicast\u00e8re, les Intentions et les pri\u00e8res du Pape et la pri\u00e8re sp\u00e9ciale du Jubil\u00e9. 2025 sera l\u2019ann\u00e9e du Jubil\u00e9 et\u00a0 le monde&hellip;<\/p>\n","protected":false},"author":1,"featured_media":8440,"comment_status":"closed","ping_status":"open","sticky":false,"template":"","format":"standard","meta":{"_acf_changed":false,"footnotes":""},"categories":[13],"tags":[],"class_list":["post-8439","post","type-post","status-publish","format-standard","has-post-thumbnail","hentry","category-jubile-2025"],"acf":[],"yoast_head":"<!-- This site is optimized with the Yoast SEO plugin v26.6 - https:\/\/yoast.com\/wordpress\/plugins\/seo\/ -->\n<title>Pr\u00e9parons-nous \u00e0 l\u2019Ann\u00e9e Sainte avec la pri\u00e8re du Jubil\u00e9 - Holyart.fr Blog<\/title>\n<meta name=\"description\" content=\"En vue de l\u2019Ann\u00e9e Sainte 2025, les chr\u00e9tiens du monde entier se pr\u00e9parent pour \u00eatre P\u00e8lerins d\u2019esp\u00e9rance. Voici les instruments fournis par le Dicast\u00e8re, les Intentions et les pri\u00e8res du Pape et la pri\u00e8re sp\u00e9ciale du Jubil\u00e9.\" \/>\n<meta name=\"robots\" content=\"index, follow, max-snippet:-1, max-image-preview:large, max-video-preview:-1\" \/>\n<link rel=\"canonical\" href=\"https:\/\/blog.holyart.it\/fr\/jubile-2025\/preparons-nous-a-lannee-sainte-avec-la-priere-du-jubile\/\" \/>\n<meta property=\"og:locale\" content=\"fr_FR\" \/>\n<meta property=\"og:type\" content=\"article\" \/>\n<meta property=\"og:title\" content=\"Pr\u00e9parons-nous \u00e0 l\u2019Ann\u00e9e Sainte avec la pri\u00e8re du Jubil\u00e9 - Holyart.fr Blog\" \/>\n<meta property=\"og:description\" content=\"En vue de l\u2019Ann\u00e9e Sainte 2025, les chr\u00e9tiens du monde entier se pr\u00e9parent pour \u00eatre P\u00e8lerins d\u2019esp\u00e9rance. Voici les instruments fournis par le Dicast\u00e8re, les Intentions et les pri\u00e8res du Pape et la pri\u00e8re sp\u00e9ciale du Jubil\u00e9.\" \/>\n<meta property=\"og:url\" content=\"https:\/\/blog.holyart.it\/fr\/jubile-2025\/preparons-nous-a-lannee-sainte-avec-la-priere-du-jubile\/\" \/>\n<meta property=\"og:site_name\" content=\"Holyart.fr Blog\" \/>\n<meta property=\"article:published_time\" content=\"2024-07-01T08:00:24+00:00\" \/>\n<meta property=\"article:modified_time\" content=\"2024-12-11T16:04:34+00:00\" \/>\n<meta property=\"og:image\" content=\"https:\/\/blog.holyart.it\/fr\/wp-content\/uploads\/sites\/14\/2024\/06\/Preparons-nous-a-lAnnee-Sainte-avec-la-priere-du-Jubile.jpg\" \/>\n\t<meta property=\"og:image:width\" content=\"1000\" \/>\n\t<meta property=\"og:image:height\" content=\"666\" \/>\n\t<meta property=\"og:image:type\" content=\"image\/jpeg\" \/>\n<meta name=\"author\" content=\"Redazione\" \/>\n<meta name=\"twitter:card\" content=\"summary_large_image\" \/>\n<meta name=\"twitter:label1\" content=\"\u00c9crit par\" \/>\n\t<meta name=\"twitter:data1\" content=\"Redazione\" \/>\n\t<meta name=\"twitter:label2\" content=\"Dur\u00e9e de lecture estim\u00e9e\" \/>\n\t<meta name=\"twitter:data2\" content=\"10 minutes\" \/>\n<script type=\"application\/ld+json\" class=\"yoast-schema-graph\">{\"@context\":\"https:\/\/schema.org\",\"@graph\":[{\"@type\":\"Article\",\"@id\":\"https:\/\/blog.holyart.it\/fr\/jubile-2025\/preparons-nous-a-lannee-sainte-avec-la-priere-du-jubile\/#article\",\"isPartOf\":{\"@id\":\"https:\/\/blog.holyart.it\/fr\/jubile-2025\/preparons-nous-a-lannee-sainte-avec-la-priere-du-jubile\/\"},\"author\":{\"name\":\"Redazione\",\"@id\":\"https:\/\/blog.holyart.it\/fr\/#\/schema\/person\/0a7b686e5af0f856ec1e390dd0baecda\"},\"headline\":\"Pr\u00e9parons-nous \u00e0 l\u2019Ann\u00e9e Sainte avec la pri\u00e8re du Jubil\u00e9\",\"datePublished\":\"2024-07-01T08:00:24+00:00\",\"dateModified\":\"2024-12-11T16:04:34+00:00\",\"mainEntityOfPage\":{\"@id\":\"https:\/\/blog.holyart.it\/fr\/jubile-2025\/preparons-nous-a-lannee-sainte-avec-la-priere-du-jubile\/\"},\"wordCount\":1937,\"publisher\":{\"@id\":\"https:\/\/blog.holyart.it\/fr\/#organization\"},\"image\":{\"@id\":\"https:\/\/blog.holyart.it\/fr\/jubile-2025\/preparons-nous-a-lannee-sainte-avec-la-priere-du-jubile\/#primaryimage\"},\"thumbnailUrl\":\"https:\/\/blog.holyart.it\/fr\/wp-content\/uploads\/sites\/14\/2024\/06\/Preparons-nous-a-lAnnee-Sainte-avec-la-priere-du-Jubile.jpg\",\"articleSection\":[\"Jubil\u00e9 2025\"],\"inLanguage\":\"fr-FR\"},{\"@type\":\"WebPage\",\"@id\":\"https:\/\/blog.holyart.it\/fr\/jubile-2025\/preparons-nous-a-lannee-sainte-avec-la-priere-du-jubile\/\",\"url\":\"https:\/\/blog.holyart.it\/fr\/jubile-2025\/preparons-nous-a-lannee-sainte-avec-la-priere-du-jubile\/\",\"name\":\"Pr\u00e9parons-nous \u00e0 l\u2019Ann\u00e9e Sainte avec la pri\u00e8re du Jubil\u00e9 - Holyart.fr Blog\",\"isPartOf\":{\"@id\":\"https:\/\/blog.holyart.it\/fr\/#website\"},\"primaryImageOfPage\":{\"@id\":\"https:\/\/blog.holyart.it\/fr\/jubile-2025\/preparons-nous-a-lannee-sainte-avec-la-priere-du-jubile\/#primaryimage\"},\"image\":{\"@id\":\"https:\/\/blog.holyart.it\/fr\/jubile-2025\/preparons-nous-a-lannee-sainte-avec-la-priere-du-jubile\/#primaryimage\"},\"thumbnailUrl\":\"https:\/\/blog.holyart.it\/fr\/wp-content\/uploads\/sites\/14\/2024\/06\/Preparons-nous-a-lAnnee-Sainte-avec-la-priere-du-Jubile.jpg\",\"datePublished\":\"2024-07-01T08:00:24+00:00\",\"dateModified\":\"2024-12-11T16:04:34+00:00\",\"description\":\"En vue de l\u2019Ann\u00e9e Sainte 2025, les chr\u00e9tiens du monde entier se pr\u00e9parent pour \u00eatre P\u00e8lerins d\u2019esp\u00e9rance. Voici les instruments fournis par le Dicast\u00e8re, les Intentions et les pri\u00e8res du Pape et la pri\u00e8re sp\u00e9ciale du Jubil\u00e9.\",\"breadcrumb\":{\"@id\":\"https:\/\/blog.holyart.it\/fr\/jubile-2025\/preparons-nous-a-lannee-sainte-avec-la-priere-du-jubile\/#breadcrumb\"},\"inLanguage\":\"fr-FR\",\"potentialAction\":[{\"@type\":\"ReadAction\",\"target\":[\"https:\/\/blog.holyart.it\/fr\/jubile-2025\/preparons-nous-a-lannee-sainte-avec-la-priere-du-jubile\/\"]}]},{\"@type\":\"ImageObject\",\"inLanguage\":\"fr-FR\",\"@id\":\"https:\/\/blog.holyart.it\/fr\/jubile-2025\/preparons-nous-a-lannee-sainte-avec-la-priere-du-jubile\/#primaryimage\",\"url\":\"https:\/\/blog.holyart.it\/fr\/wp-content\/uploads\/sites\/14\/2024\/06\/Preparons-nous-a-lAnnee-Sainte-avec-la-priere-du-Jubile.jpg\",\"contentUrl\":\"https:\/\/blog.holyart.it\/fr\/wp-content\/uploads\/sites\/14\/2024\/06\/Preparons-nous-a-lAnnee-Sainte-avec-la-priere-du-Jubile.jpg\",\"width\":1000,\"height\":666,\"caption\":\"Pr\u00e9parons-nous \u00e0 l\u2019Ann\u00e9e Sainte avec la pri\u00e8re du Jubil\u00e9\"},{\"@type\":\"BreadcrumbList\",\"@id\":\"https:\/\/blog.holyart.it\/fr\/jubile-2025\/preparons-nous-a-lannee-sainte-avec-la-priere-du-jubile\/#breadcrumb\",\"itemListElement\":[{\"@type\":\"ListItem\",\"position\":1,\"name\":\"Homepage\",\"item\":\"https:\/\/blog.holyart.it\/fr\/\"},{\"@type\":\"ListItem\",\"position\":2,\"name\":\"Jubil\u00e9 2025\",\"item\":\"https:\/\/blog.holyart.it\/fr\/jubile-2025\/\"},{\"@type\":\"ListItem\",\"position\":3,\"name\":\"Pr\u00e9parons-nous \u00e0 l\u2019Ann\u00e9e Sainte avec la pri\u00e8re du Jubil\u00e9\"}]},{\"@type\":\"WebSite\",\"@id\":\"https:\/\/blog.holyart.it\/fr\/#website\",\"url\":\"https:\/\/blog.holyart.it\/fr\/\",\"name\":\"Holyart.fr Blog\",\"description\":\"Holyblog\",\"publisher\":{\"@id\":\"https:\/\/blog.holyart.it\/fr\/#organization\"},\"potentialAction\":[{\"@type\":\"SearchAction\",\"target\":{\"@type\":\"EntryPoint\",\"urlTemplate\":\"https:\/\/blog.holyart.it\/fr\/?s={search_term_string}\"},\"query-input\":{\"@type\":\"PropertyValueSpecification\",\"valueRequired\":true,\"valueName\":\"search_term_string\"}}],\"inLanguage\":\"fr-FR\"},{\"@type\":\"Organization\",\"@id\":\"https:\/\/blog.holyart.it\/fr\/#organization\",\"name\":\"Holyart.fr Blog\",\"url\":\"https:\/\/blog.holyart.it\/fr\/\",\"logo\":{\"@type\":\"ImageObject\",\"inLanguage\":\"fr-FR\",\"@id\":\"https:\/\/blog.holyart.it\/fr\/#\/schema\/logo\/image\/\",\"url\":\"https:\/\/blog.holyart.it\/fr\/wp-content\/uploads\/sites\/14\/2022\/12\/Holyart_Blog_Logo.jpg\",\"contentUrl\":\"https:\/\/blog.holyart.it\/fr\/wp-content\/uploads\/sites\/14\/2022\/12\/Holyart_Blog_Logo.jpg\",\"width\":300,\"height\":50,\"caption\":\"Holyart.fr Blog\"},\"image\":{\"@id\":\"https:\/\/blog.holyart.it\/fr\/#\/schema\/logo\/image\/\"}},{\"@type\":\"Person\",\"@id\":\"https:\/\/blog.holyart.it\/fr\/#\/schema\/person\/0a7b686e5af0f856ec1e390dd0baecda\",\"name\":\"Redazione\",\"image\":{\"@type\":\"ImageObject\",\"inLanguage\":\"fr-FR\",\"@id\":\"https:\/\/blog.holyart.it\/fr\/#\/schema\/person\/image\/\",\"url\":\"https:\/\/secure.gravatar.com\/avatar\/f477da817f43e50d0af36abecd33e3edf826c68299714bdc1057dff3b113f516?s=96&d=mm&r=g\",\"contentUrl\":\"https:\/\/secure.gravatar.com\/avatar\/f477da817f43e50d0af36abecd33e3edf826c68299714bdc1057dff3b113f516?s=96&d=mm&r=g\",\"caption\":\"Redazione\"},\"url\":\"https:\/\/blog.holyart.it\/fr\/author\/admin\/\"}]}<\/script>\n<!-- \/ Yoast SEO plugin. -->","yoast_head_json":{"title":"Pr\u00e9parons-nous \u00e0 l\u2019Ann\u00e9e Sainte avec la pri\u00e8re du Jubil\u00e9 - Holyart.fr Blog","description":"En vue de l\u2019Ann\u00e9e Sainte 2025, les chr\u00e9tiens du monde entier se pr\u00e9parent pour \u00eatre P\u00e8lerins d\u2019esp\u00e9rance. Voici les instruments fournis par le Dicast\u00e8re, les Intentions et les pri\u00e8res du Pape et la pri\u00e8re sp\u00e9ciale du Jubil\u00e9.","robots":{"index":"index","follow":"follow","max-snippet":"max-snippet:-1","max-image-preview":"max-image-preview:large","max-video-preview":"max-video-preview:-1"},"canonical":"https:\/\/blog.holyart.it\/fr\/jubile-2025\/preparons-nous-a-lannee-sainte-avec-la-priere-du-jubile\/","og_locale":"fr_FR","og_type":"article","og_title":"Pr\u00e9parons-nous \u00e0 l\u2019Ann\u00e9e Sainte avec la pri\u00e8re du Jubil\u00e9 - Holyart.fr Blog","og_description":"En vue de l\u2019Ann\u00e9e Sainte 2025, les chr\u00e9tiens du monde entier se pr\u00e9parent pour \u00eatre P\u00e8lerins d\u2019esp\u00e9rance. Voici les instruments fournis par le Dicast\u00e8re, les Intentions et les pri\u00e8res du Pape et la pri\u00e8re sp\u00e9ciale du Jubil\u00e9.","og_url":"https:\/\/blog.holyart.it\/fr\/jubile-2025\/preparons-nous-a-lannee-sainte-avec-la-priere-du-jubile\/","og_site_name":"Holyart.fr Blog","article_published_time":"2024-07-01T08:00:24+00:00","article_modified_time":"2024-12-11T16:04:34+00:00","og_image":[{"width":1000,"height":666,"url":"https:\/\/blog.holyart.it\/fr\/wp-content\/uploads\/sites\/14\/2024\/06\/Preparons-nous-a-lAnnee-Sainte-avec-la-priere-du-Jubile.jpg","type":"image\/jpeg"}],"author":"Redazione","twitter_card":"summary_large_image","twitter_misc":{"\u00c9crit par":"Redazione","Dur\u00e9e de lecture estim\u00e9e":"10 minutes"},"schema":{"@context":"https:\/\/schema.org","@graph":[{"@type":"Article","@id":"https:\/\/blog.holyart.it\/fr\/jubile-2025\/preparons-nous-a-lannee-sainte-avec-la-priere-du-jubile\/#article","isPartOf":{"@id":"https:\/\/blog.holyart.it\/fr\/jubile-2025\/preparons-nous-a-lannee-sainte-avec-la-priere-du-jubile\/"},"author":{"name":"Redazione","@id":"https:\/\/blog.holyart.it\/fr\/#\/schema\/person\/0a7b686e5af0f856ec1e390dd0baecda"},"headline":"Pr\u00e9parons-nous \u00e0 l\u2019Ann\u00e9e Sainte avec la pri\u00e8re du Jubil\u00e9","datePublished":"2024-07-01T08:00:24+00:00","dateModified":"2024-12-11T16:04:34+00:00","mainEntityOfPage":{"@id":"https:\/\/blog.holyart.it\/fr\/jubile-2025\/preparons-nous-a-lannee-sainte-avec-la-priere-du-jubile\/"},"wordCount":1937,"publisher":{"@id":"https:\/\/blog.holyart.it\/fr\/#organization"},"image":{"@id":"https:\/\/blog.holyart.it\/fr\/jubile-2025\/preparons-nous-a-lannee-sainte-avec-la-priere-du-jubile\/#primaryimage"},"thumbnailUrl":"https:\/\/blog.holyart.it\/fr\/wp-content\/uploads\/sites\/14\/2024\/06\/Preparons-nous-a-lAnnee-Sainte-avec-la-priere-du-Jubile.jpg","articleSection":["Jubil\u00e9 2025"],"inLanguage":"fr-FR"},{"@type":"WebPage","@id":"https:\/\/blog.holyart.it\/fr\/jubile-2025\/preparons-nous-a-lannee-sainte-avec-la-priere-du-jubile\/","url":"https:\/\/blog.holyart.it\/fr\/jubile-2025\/preparons-nous-a-lannee-sainte-avec-la-priere-du-jubile\/","name":"Pr\u00e9parons-nous \u00e0 l\u2019Ann\u00e9e Sainte avec la pri\u00e8re du Jubil\u00e9 - Holyart.fr Blog","isPartOf":{"@id":"https:\/\/blog.holyart.it\/fr\/#website"},"primaryImageOfPage":{"@id":"https:\/\/blog.holyart.it\/fr\/jubile-2025\/preparons-nous-a-lannee-sainte-avec-la-priere-du-jubile\/#primaryimage"},"image":{"@id":"https:\/\/blog.holyart.it\/fr\/jubile-2025\/preparons-nous-a-lannee-sainte-avec-la-priere-du-jubile\/#primaryimage"},"thumbnailUrl":"https:\/\/blog.holyart.it\/fr\/wp-content\/uploads\/sites\/14\/2024\/06\/Preparons-nous-a-lAnnee-Sainte-avec-la-priere-du-Jubile.jpg","datePublished":"2024-07-01T08:00:24+00:00","dateModified":"2024-12-11T16:04:34+00:00","description":"En vue de l\u2019Ann\u00e9e Sainte 2025, les chr\u00e9tiens du monde entier se pr\u00e9parent pour \u00eatre P\u00e8lerins d\u2019esp\u00e9rance. Voici les instruments fournis par le Dicast\u00e8re, les Intentions et les pri\u00e8res du Pape et la pri\u00e8re sp\u00e9ciale du Jubil\u00e9.","breadcrumb":{"@id":"https:\/\/blog.holyart.it\/fr\/jubile-2025\/preparons-nous-a-lannee-sainte-avec-la-priere-du-jubile\/#breadcrumb"},"inLanguage":"fr-FR","potentialAction":[{"@type":"ReadAction","target":["https:\/\/blog.holyart.it\/fr\/jubile-2025\/preparons-nous-a-lannee-sainte-avec-la-priere-du-jubile\/"]}]},{"@type":"ImageObject","inLanguage":"fr-FR","@id":"https:\/\/blog.holyart.it\/fr\/jubile-2025\/preparons-nous-a-lannee-sainte-avec-la-priere-du-jubile\/#primaryimage","url":"https:\/\/blog.holyart.it\/fr\/wp-content\/uploads\/sites\/14\/2024\/06\/Preparons-nous-a-lAnnee-Sainte-avec-la-priere-du-Jubile.jpg","contentUrl":"https:\/\/blog.holyart.it\/fr\/wp-content\/uploads\/sites\/14\/2024\/06\/Preparons-nous-a-lAnnee-Sainte-avec-la-priere-du-Jubile.jpg","width":1000,"height":666,"caption":"Pr\u00e9parons-nous \u00e0 l\u2019Ann\u00e9e Sainte avec la pri\u00e8re du Jubil\u00e9"},{"@type":"BreadcrumbList","@id":"https:\/\/blog.holyart.it\/fr\/jubile-2025\/preparons-nous-a-lannee-sainte-avec-la-priere-du-jubile\/#breadcrumb","itemListElement":[{"@type":"ListItem","position":1,"name":"Homepage","item":"https:\/\/blog.holyart.it\/fr\/"},{"@type":"ListItem","position":2,"name":"Jubil\u00e9 2025","item":"https:\/\/blog.holyart.it\/fr\/jubile-2025\/"},{"@type":"ListItem","position":3,"name":"Pr\u00e9parons-nous \u00e0 l\u2019Ann\u00e9e Sainte avec la pri\u00e8re du Jubil\u00e9"}]},{"@type":"WebSite","@id":"https:\/\/blog.holyart.it\/fr\/#website","url":"https:\/\/blog.holyart.it\/fr\/","name":"Holyart.fr Blog","description":"Holyblog","publisher":{"@id":"https:\/\/blog.holyart.it\/fr\/#organization"},"potentialAction":[{"@type":"SearchAction","target":{"@type":"EntryPoint","urlTemplate":"https:\/\/blog.holyart.it\/fr\/?s={search_term_string}"},"query-input":{"@type":"PropertyValueSpecification","valueRequired":true,"valueName":"search_term_string"}}],"inLanguage":"fr-FR"},{"@type":"Organization","@id":"https:\/\/blog.holyart.it\/fr\/#organization","name":"Holyart.fr Blog","url":"https:\/\/blog.holyart.it\/fr\/","logo":{"@type":"ImageObject","inLanguage":"fr-FR","@id":"https:\/\/blog.holyart.it\/fr\/#\/schema\/logo\/image\/","url":"https:\/\/blog.holyart.it\/fr\/wp-content\/uploads\/sites\/14\/2022\/12\/Holyart_Blog_Logo.jpg","contentUrl":"https:\/\/blog.holyart.it\/fr\/wp-content\/uploads\/sites\/14\/2022\/12\/Holyart_Blog_Logo.jpg","width":300,"height":50,"caption":"Holyart.fr Blog"},"image":{"@id":"https:\/\/blog.holyart.it\/fr\/#\/schema\/logo\/image\/"}},{"@type":"Person","@id":"https:\/\/blog.holyart.it\/fr\/#\/schema\/person\/0a7b686e5af0f856ec1e390dd0baecda","name":"Redazione","image":{"@type":"ImageObject","inLanguage":"fr-FR","@id":"https:\/\/blog.holyart.it\/fr\/#\/schema\/person\/image\/","url":"https:\/\/secure.gravatar.com\/avatar\/f477da817f43e50d0af36abecd33e3edf826c68299714bdc1057dff3b113f516?s=96&d=mm&r=g","contentUrl":"https:\/\/secure.gravatar.com\/avatar\/f477da817f43e50d0af36abecd33e3edf826c68299714bdc1057dff3b113f516?s=96&d=mm&r=g","caption":"Redazione"},"url":"https:\/\/blog.holyart.it\/fr\/author\/admin\/"}]}},"_links":{"self":[{"href":"https:\/\/blog.holyart.it\/fr\/wp-json\/wp\/v2\/posts\/8439","targetHints":{"allow":["GET"]}}],"collection":[{"href":"https:\/\/blog.holyart.it\/fr\/wp-json\/wp\/v2\/posts"}],"about":[{"href":"https:\/\/blog.holyart.it\/fr\/wp-json\/wp\/v2\/types\/post"}],"author":[{"embeddable":true,"href":"https:\/\/blog.holyart.it\/fr\/wp-json\/wp\/v2\/users\/1"}],"replies":[{"embeddable":true,"href":"https:\/\/blog.holyart.it\/fr\/wp-json\/wp\/v2\/comments?post=8439"}],"version-history":[{"count":5,"href":"https:\/\/blog.holyart.it\/fr\/wp-json\/wp\/v2\/posts\/8439\/revisions"}],"predecessor-version":[{"id":9323,"href":"https:\/\/blog.holyart.it\/fr\/wp-json\/wp\/v2\/posts\/8439\/revisions\/9323"}],"wp:featuredmedia":[{"embeddable":true,"href":"https:\/\/blog.holyart.it\/fr\/wp-json\/wp\/v2\/media\/8440"}],"wp:attachment":[{"href":"https:\/\/blog.holyart.it\/fr\/wp-json\/wp\/v2\/media?parent=8439"}],"wp:term":[{"taxonomy":"category","embeddable":true,"href":"https:\/\/blog.holyart.it\/fr\/wp-json\/wp\/v2\/categories?post=8439"},{"taxonomy":"post_tag","embeddable":true,"href":"https:\/\/blog.holyart.it\/fr\/wp-json\/wp\/v2\/tags?post=8439"}],"curies":[{"name":"wp","href":"https:\/\/api.w.org\/{rel}","templated":true}]}}