{"id":8375,"date":"2024-06-19T10:00:10","date_gmt":"2024-06-19T08:00:10","guid":{"rendered":"https:\/\/blog.holyart.it\/fr\/?p=8375"},"modified":"2025-05-06T17:40:48","modified_gmt":"2025-05-06T15:40:48","slug":"fete-des-lys-la-devotion-de-la-ville-de-nole-a-saint-paulin","status":"publish","type":"post","link":"https:\/\/blog.holyart.it\/fr\/articles-religieux\/fete-des-lys-la-devotion-de-la-ville-de-nole-a-saint-paulin\/","title":{"rendered":"F\u00eate des Lys : la d\u00e9votion de la ville de Nole \u00e0 Saint Paulin"},"content":{"rendered":"<h4>Avec les imposantes machines en forme de Lys sur les \u00e9paules des d\u00e9vots, la F\u00eate des Lys de Nole est une enthousiasmante explosion de tradition et d\u00e9votion.<\/h4>\n\n<p>Qu\u2019est-ce qu\u2019est la <strong>F\u00eate des Lys<\/strong> et quand la f\u00eate-t-on\u00a0? Chaque ann\u00e9e, le <strong>22 juin<\/strong>, si la date tombe un dimanche, ou le dimanche suivant le 22 juin, <strong>Nole<\/strong> c\u00e9l\u00e8bre son Saint patron, <strong>Saint Paulin<\/strong>, avec cette magnifique c\u00e9l\u00e9bration, ins\u00e9r\u00e9e, depuis d\u00e9cembre 2013, dans le <strong>Patrimoine oral et immat\u00e9riel de l\u2019humanit\u00e9 de l\u2019UNESCO<\/strong>. La F\u00eate des Lys de Nole est une explosion de tradition, d\u00e9votion et joie populaire qui se d\u00e9roule chaque ann\u00e9e dans la pittoresque ville campanienne. Cette f\u00eate, avec ses <strong>imposantes structures en forme de lys<\/strong> port\u00e9es sur les \u00e9paules des d\u00e9vots, est un v\u00e9ritable spectacle de foi et d\u2019orgueil communautaire.<\/p>\n<p>Ce n\u2019est pas la seule <strong>f\u00eate patronale<\/strong> que le Sud de l\u2019Italie a \u00e0 offrir, surtout pendant les mois d\u2019\u00e9t\u00e9. Entre <a href=\"https:\/\/www.holyart.fr\/blog\/articles-religieux\/les-5-fetes-des-saints-les-plus-celebres-du-sud-de-litalie\/\"><strong>les cinq f\u00eates patronales les plus c\u00e9l\u00e8bres<\/strong><\/a>, se d\u00e9tachent la f\u00eate de <a href=\"https:\/\/www.holyart.fr\/blog\/articles-religieux\/lhistoire-de-saint-janvier-le-saint-patron-de-naples\/\"><strong>Saint Janvier<\/strong><\/a> \u00e0 Naples, celle de Saint Nicolas \u00e0 Bari, de <a href=\"https:\/\/www.holyart.fr\/blog\/articles-religieux\/fete-de-sainte-agathe-a-catane-entre-foi-tradition-et-folklore\/\"><strong>Sainte Agathe<\/strong><\/a> \u00e0 Catane, de Saint Jean \u00e0 Salerne et de Sainte Blaise \u00e0 Raguse. Mais c\u2019est surtout l\u2019\u00e9t\u00e9 en Sicile qui offre une ample s\u00e9lection de f\u00eates patronales, avec ses <a href=\"https:\/\/www.holyart.fr\/blog\/saints-et-bienheureux\/fetes-patronales-en-sicile-les-10-fetes-les-plus-importantes-de-lete\/\"><strong>dix c\u00e9l\u00e9brations patronales les plus importantes<\/strong><\/a> qui illuminent les villes avec processions, feux d\u2019artifice et moments de grande joie. Parmi ces f\u00eates, on compte la f\u00eate de <a href=\"https:\/\/www.holyart.fr\/blog\/saints-et-bienheureux\/lhistoire-de-sainte-rosalie-sainte-patronne-de-palerme\/\"><strong>Sainte Rosalie<\/strong><\/a>, sainte patronne de Palerme, de Saint Joseph \u00e0 Cefal\u00f9, de Saint Guy \u00e0 Mazara del Vallo et bien d\u2019autres qui repr\u00e9sentent pleinement l\u2019\u00e2me festive et color\u00e9e de l\u2019\u00e9t\u00e9 sicilien. Ces f\u00eates enchantent les visiteurs, en leur offrant l\u2019opportunit\u00e9 de s\u2019immerger dans les traditions locales et d\u2019exp\u00e9rimenter l\u2019hospitalit\u00e9 et la joie qui caract\u00e9risent le Sud de notre pays.<\/p>\n<div class=\"link-article\">\n<p><img loading=\"lazy\" decoding=\"async\" class=\"size-full wp-image-8378 alignleft\" src=\"https:\/\/blog.holyart.it\/fr\/wp-content\/uploads\/sites\/14\/2024\/06\/Les-5-fetes-des-saints-les-plus-celebres-du-Sud-de-lItalie-1.jpg\" alt=\"Les 5 f\u00eates des saints les plus c\u00e9l\u00e8bres du Sud de l\u2019Italie\" width=\"150\" height=\"99\" data-kale-share-title=\"F\u00eate des Lys : la d\u00e9votion de la ville de Nole \u00e0 Saint Paulin\" data-kale-share-url=\"https:\/\/blog.holyart.it\/fr\/?p=8375\" \/><\/p>\n<div class=\"leggi-anche\">Lire aussi :<\/div>\n<p><strong><a href=\"https:\/\/www.holyart.fr\/blog\/articles-religieux\/les-5-fetes-des-saints-les-plus-celebres-du-sud-de-litalie\/\">Les 5 f\u00eates des saints les plus c\u00e9l\u00e8bres du Sud de l\u2019Italie<\/a><\/strong><br \/>\nProcessions entre terre et mer, feux d\u2019artifice et sp\u00e9cialit\u00e9s gastronomiques : d\u00e9couvrons les f\u00eates&#8230;<\/p>\n<\/div>\n<p>En revenant \u00e0 Nole et \u00e0 la F\u00eate des Lys, elle prend son nom des <strong><em>Gigli<\/em><\/strong>, les machines de <a href=\"https:\/\/www.holyart.fr\/accessoires-pour-la-liturgie\/vetements-liturgiques-et-linges-dautel\/dais-procession\"><strong>procession<\/strong><\/a>, t\u00e9moignage d\u2019un art ancien et extraordinaire, connus justement comme les <strong><em>Gigli di Nola<\/em><\/strong> (Lys de Nole). Il s\u2019agit d\u2019imposants <strong>ob\u00e9lisques dansants<\/strong> en bois, argile et papier m\u00e2ch\u00e9 color\u00e9, qui d\u00e9passent les vingt m\u00e8tres de hauteur et qui sont soutenus par des groupes de <strong>berceurs<\/strong> (<em>cullatori<\/em>). Ces derniers, avec une force et une habilit\u00e9 surprenantes, transportent les ob\u00e9lisques dans les rues de la ville, en donnant vie \u00e0 un spectacle sans pr\u00e9c\u00e9dent.<\/p>\n<div class=\"link-product\">\n<div class=\"blocco-immagine\"><img loading=\"lazy\" decoding=\"async\" class=\"size-full wp-image-8379 alignleft\" src=\"https:\/\/blog.holyart.it\/fr\/wp-content\/uploads\/sites\/14\/2024\/06\/dais-de-procession.jpg\" alt=\"dais de procession\" width=\"100\" height=\"100\" data-kale-share-title=\"F\u00eate des Lys : la d\u00e9votion de la ville de Nole \u00e0 Saint Paulin\" data-kale-share-url=\"https:\/\/blog.holyart.it\/fr\/?p=8375\" \/><\/div>\n<div class=\"blocco-contenuto\">\n<div class=\"blocco-acquista\">Acheter sur Holyart:<\/div>\n<div class=\"blocco-titolo\"><a href=\"https:\/\/www.holyart.fr\/accessoires-pour-la-liturgie\/vetements-liturgiques-et-linges-dautel\/dais-procession\">DAIS PROCESSION<\/a><\/div>\n<div class=\"blocco-descrizione\">S\u00e9lection de dais de procession.<\/div>\n<\/div>\n<\/div>\n<p>La F\u00eate des Lys \u00e0 Nole est une manifestation de d\u00e9votion religieuse qui puise ses origines dans l\u2019histoire mill\u00e9naire de la ville. Les <em>Gigli di Nola<\/em> repr\u00e9sentent un <strong>symbole de foi et d\u2019unit\u00e9<\/strong> pour la communaut\u00e9 locale, qui participe avec enthousiasme \u00e0 la construction des <em>Gigli<\/em> et \u00e0 l\u2019organisation de la f\u00eate. Cette tradition unique et fascinante continue d\u2019attirer des visiteurs du monde entier, fascin\u00e9s par sa beaut\u00e9 et sa profonde spiritualit\u00e9.<\/p>\n<h2>Quand la f\u00eate des Lys de Nole est-elle n\u00e9e ?<\/h2>\n<p>La F\u00eate des Lys de Nole est une c\u00e9l\u00e9bration traditionnelle qui a ses origines dans l\u2019histoire ancienne. Il semblerait que les <em>Gigli<\/em> tirent leurs origines du <em>majo-albero<\/em>, le <strong>grand arbre symbole de fertilit\u00e9<\/strong> utilis\u00e9 dans les anciens rites pa\u00efens avant l\u2019av\u00e9nement du Christianisme.<\/p>\n<p>La F\u00eate des Lys, comme nous la connaissons aujourd\u2019hui, est tr\u00e8s appr\u00e9ci\u00e9e et profond\u00e9ment enracin\u00e9e dans la culture de la ville de Nole. Ses origines remontent au 410 apr. J.-C., quand Nole fut envahi par les Vandales. La ville fut pill\u00e9e et beaucoup de ses habitants furent captur\u00e9s et d\u00e9port\u00e9s comme esclaves. Parmi eux, il y avait l\u2019\u00e9v\u00eaque de Nole de l\u2019\u00e9poque, <strong>Pontius Meropius Anicio Paulinus<\/strong> ou <strong>Paulin<\/strong>. Avec la F\u00eate des Lys, Nole c\u00e9l\u00e8bre sa lib\u00e9ration, en rappelant le saint et en amenant les <em>Gigli<\/em> cr\u00e9\u00e9s en son honneur en procession. Nait ainsi la F\u00eate du Lys ou des Lys.<\/p>\n<h2>Qu\u2019est-ce que sont les Lys de Nole ?<\/h2>\n<p>Les <em>Gigli<\/em> de Nole sont des \u00e9normes structures en bois qui repr\u00e9sentent des tours en forme de lys. Ils sont construits avec soin et dext\u00e9rit\u00e9 par des artisans locaux, qui d\u00e9dient des mois entiers \u00e0 leur pr\u00e9paration. Chaque <em>Giglio<\/em> mesure environ 25 m\u00e8tres de haut et p\u00e8se plusieurs tonnes. R\u00e9alis\u00e9s en papier m\u00e2ch\u00e9 et argile, ils sont construits autour de la \u00ab\u00a0borda\u00a0\u00bb, un axe central qui maintient tous les \u00e9l\u00e9ments structuraux en garantissant une stabilit\u00e9 maximale. La structure est compos\u00e9e d\u2019un robuste ch\u00e2ssis en bois, et le papier m\u00e2ch\u00e9 est color\u00e9 et d\u00e9cor\u00e9 de fleurs, rubans et symboles religieux.<\/p>\n<p>Les <em>Gigli<\/em> de Nole <strong>sont 8 <\/strong>et prennent le nom des <strong>anciennes corporations des arts et des m\u00e9tiers<\/strong> : <em>Ortolano<\/em> (Mara\u00eecher), <em>Salumiere<\/em> (Charcutier), <em>Bettoliere<\/em> (Aubergiste), <em>Panettiere<\/em> (Boulanger), <em>Barca<\/em> (B\u00e2teau), <em>Beccaio<\/em> (Boucher), <em>Calzolaio<\/em> (Cordonnier), <em>Fabbro<\/em> (Forgeron), <em>Sarto<\/em> (Tailleur).\u00a0La construction des <em>Gigli<\/em> de Nole implique la communaut\u00e9 enti\u00e8re. Chaque quartier de la ville a son <em>Giglio<\/em> et les r\u00e9sidents se r\u00e9unissent pour travailler ensemble \u00e0 sa pr\u00e9paration. C\u2019est un moment de grande union et de partage, au cours duquel les comp\u00e9tences artistiques et manuelles sont transmises de g\u00e9n\u00e9ration en g\u00e9n\u00e9ration.<\/p>\n<p>La F\u00eate des Lys commence avec une <a href=\"https:\/\/www.holyart.fr\/articles-religieux\/statues\/statues-en-fibre-de-verre\"><strong>procession solennelle<\/strong><\/a> dans les rues de Nole, guid\u00e9e par le <em>Giglio<\/em> principal, d\u00e9di\u00e9 \u00e0 Saint Paulin.<\/p>\n<p>La tour en bois est amen\u00e9e sur les \u00e9paules de porteurs, les \u00ab\u00a0<strong><em>cullatori<\/em><\/strong>\u00a0\u00bb, nomm\u00e9s ainsi \u00e0 cause du mouvement oscillant qu\u2019ils produisent en avan\u00e7ant, semblable \u00e0 un bercement. L\u2019ensemble des <em>cullatori<\/em> qui s\u2019alternent pour porter la tour au cours de tout le parcours prend le nom de \u00ab\u00a0<strong><em>paranza<\/em><\/strong>\u00a0\u00bb, chacune compos\u00e9e de 128 \u00ab\u00a0<em>paranzari<\/em>\u00a0\u00bb qui doivent d\u00e9montrer grande habilit\u00e9 et force pour soutenir le <em>Giglio<\/em>. Les porteurs soul\u00e8vent et man\u0153uvrent les lys \u00e0 travers des <strong><em>varre<\/em><\/strong> et des <strong><em>varretielli<\/em><\/strong>, des axes sp\u00e9ciaux.<\/p>\n<div class=\"link-product\">\n<div class=\"blocco-immagine\"><img loading=\"lazy\" decoding=\"async\" class=\"size-full wp-image-8380 alignleft\" src=\"https:\/\/blog.holyart.it\/fr\/wp-content\/uploads\/sites\/14\/2024\/06\/statue-de-la-madone-miraculeuse.jpg\" alt=\"statue de la madone miraculeuse\" width=\"100\" height=\"100\" data-kale-share-title=\"F\u00eate des Lys : la d\u00e9votion de la ville de Nole \u00e0 Saint Paulin\" data-kale-share-url=\"https:\/\/blog.holyart.it\/fr\/?p=8375\" \/><\/div>\n<div class=\"blocco-contenuto\">\n<div class=\"blocco-acquista\">Acheter sur Holyart:<\/div>\n<div class=\"blocco-titolo\"><a href=\"https:\/\/www.holyart.fr\/articles-religieux\/statues\/statues-en-fibre-de-verre\">STATUES EN FIBRE DE VERRE<\/a><\/div>\n<div class=\"blocco-descrizione\">Statues en fibre de verre peintes \u00e0 la main avec vernis \u00e0 l&rsquo;huile.<\/div>\n<\/div>\n<\/div>\n<p>La procession est accompagn\u00e9e d\u2019une <strong>fanfare et de chants traditionnels<\/strong>. Les rues de Nole s\u2019emplissent de spectateurs et de fid\u00e8les qui assistent \u00e0 la majest\u00e9 des <em>Giglio<\/em> et participent \u00e0 la d\u00e9votion religieuse. La f\u00eate continue pendant toute la journ\u00e9e entre pri\u00e8res, c\u00e9l\u00e9brations et moments conviviaux.<\/p>\n<p>En plus des 8 lys, pendant la f\u00eate une autre structure sc\u00e9nique magnifique est amen\u00e9e en procession, la <strong><em>Barca<\/em><\/strong> (bateau), qui rappelle le retour de Saint Paulin \u00e0 Nole par la mer.<\/p>\n<h2>L\u2019histoire de Saint Paulin de Nole<\/h2>\n<p>Saint Paulin de Nole, n\u00e9 Meropius, naquit \u00e0 Bordeaux, en France, au IVe si\u00e8cle. \u00a0Il fut un \u00e9v\u00eaque et saint chr\u00e9tien, connu pour sa grande g\u00e9n\u00e9rosit\u00e9 et d\u00e9vouement aux plus n\u00e9cessiteux. Non seulement il c\u00e9da tous ses biens afin de lib\u00e9rer les habitants de Nole, captur\u00e9s par les barbares, et pour soutenir les familles tomb\u00e9es en disgr\u00e2ce, mais <strong>offrit sa propre personne comme prisonnier<\/strong>, afin de lib\u00e9rer le fils d\u2019une veuve qui avait \u00e9t\u00e9 envoy\u00e9 en Afrique comme esclave \u00e0 la cour du roi. Ici Paulin fit semblant d\u2019\u00eatre jardinier et arriva se faire aimer de tous, m\u00eame par le roi, gr\u00e2ce \u00e0 son bon c\u0153ur et \u00e0 son pouvoir divinatoire. Quand le roi d\u00e9couvrit que son jardinier \u00e9tait en r\u00e9alit\u00e9 un \u00c9v\u00eaque, il le lib\u00e9ra sur le champ et, avec lui, tous les prisonniers de Nole. Les habitants de la ville accueillirent l\u2019\u00c9v\u00eaque et leurs compatriotes lib\u00e9r\u00e9s avec joie et offrirent \u00e0 Paulin un <strong>lys<\/strong>, symbole de leur joie. Pour cette raison, chaque ann\u00e9e, la ville de Nole renouvelle sa d\u00e9votion \u00e0 Saint Paulin avec la F\u00eate des Lys, en t\u00e9moignant la foi profonde et le lien indissoluble entre le peuple de Nole et son saint patron.<\/p>\n","protected":false},"excerpt":{"rendered":"<p>Avec les imposantes machines en forme de Lys sur les \u00e9paules des d\u00e9vots, la F\u00eate des Lys de Nole est une enthousiasmante explosion de tradition et d\u00e9votion. Qu\u2019est-ce qu\u2019est la F\u00eate des Lys et quand la f\u00eate-t-on\u00a0? Chaque ann\u00e9e, le 22 juin, si la date&hellip;<\/p>\n","protected":false},"author":1,"featured_media":8377,"comment_status":"closed","ping_status":"open","sticky":false,"template":"","format":"standard","meta":{"_acf_changed":false,"footnotes":""},"categories":[8],"tags":[],"class_list":["post-8375","post","type-post","status-publish","format-standard","has-post-thumbnail","hentry","category-articles-religieux"],"acf":[],"yoast_head":"<!-- This site is optimized with the Yoast SEO plugin v26.6 - https:\/\/yoast.com\/wordpress\/plugins\/seo\/ -->\n<title>F\u00eate des Lys : la d\u00e9votion de la ville de Nole \u00e0 Saint Paulin - Holyart.fr Blog<\/title>\n<meta name=\"description\" content=\"Chaque ann\u00e9e, la ville de Nole renouvelle son lien profond avec son Saint Patron Paulin avec la F\u00eate des Lys, entre histoire, tradition et d\u00e9votion populaire.\" \/>\n<meta name=\"robots\" content=\"index, follow, max-snippet:-1, max-image-preview:large, max-video-preview:-1\" \/>\n<link rel=\"canonical\" href=\"https:\/\/blog.holyart.it\/fr\/articles-religieux\/fete-des-lys-la-devotion-de-la-ville-de-nole-a-saint-paulin\/\" \/>\n<meta property=\"og:locale\" content=\"fr_FR\" \/>\n<meta property=\"og:type\" content=\"article\" \/>\n<meta property=\"og:title\" content=\"F\u00eate des Lys : la d\u00e9votion de la ville de Nole \u00e0 Saint Paulin - Holyart.fr Blog\" \/>\n<meta property=\"og:description\" content=\"Chaque ann\u00e9e, la ville de Nole renouvelle son lien profond avec son Saint Patron Paulin avec la F\u00eate des Lys, entre histoire, tradition et d\u00e9votion populaire.\" \/>\n<meta property=\"og:url\" content=\"https:\/\/blog.holyart.it\/fr\/articles-religieux\/fete-des-lys-la-devotion-de-la-ville-de-nole-a-saint-paulin\/\" \/>\n<meta property=\"og:site_name\" content=\"Holyart.fr Blog\" \/>\n<meta property=\"article:published_time\" content=\"2024-06-19T08:00:10+00:00\" \/>\n<meta property=\"article:modified_time\" content=\"2025-05-06T15:40:48+00:00\" \/>\n<meta property=\"og:image\" content=\"https:\/\/blog.holyart.it\/fr\/wp-content\/uploads\/sites\/14\/2024\/06\/Fete-des-Lys.jpg\" \/>\n\t<meta property=\"og:image:width\" content=\"1000\" \/>\n\t<meta property=\"og:image:height\" content=\"666\" \/>\n\t<meta property=\"og:image:type\" content=\"image\/jpeg\" \/>\n<meta name=\"author\" content=\"Redazione\" \/>\n<meta name=\"twitter:card\" content=\"summary_large_image\" \/>\n<meta name=\"twitter:label1\" content=\"\u00c9crit par\" \/>\n\t<meta name=\"twitter:data1\" content=\"Redazione\" \/>\n\t<meta name=\"twitter:label2\" content=\"Dur\u00e9e de lecture estim\u00e9e\" \/>\n\t<meta name=\"twitter:data2\" content=\"8 minutes\" \/>\n<script type=\"application\/ld+json\" class=\"yoast-schema-graph\">{\"@context\":\"https:\/\/schema.org\",\"@graph\":[{\"@type\":\"Article\",\"@id\":\"https:\/\/blog.holyart.it\/fr\/articles-religieux\/fete-des-lys-la-devotion-de-la-ville-de-nole-a-saint-paulin\/#article\",\"isPartOf\":{\"@id\":\"https:\/\/blog.holyart.it\/fr\/articles-religieux\/fete-des-lys-la-devotion-de-la-ville-de-nole-a-saint-paulin\/\"},\"author\":{\"name\":\"Redazione\",\"@id\":\"https:\/\/blog.holyart.it\/fr\/#\/schema\/person\/0a7b686e5af0f856ec1e390dd0baecda\"},\"headline\":\"F\u00eate des Lys : la d\u00e9votion de la ville de Nole \u00e0 Saint Paulin\",\"datePublished\":\"2024-06-19T08:00:10+00:00\",\"dateModified\":\"2025-05-06T15:40:48+00:00\",\"mainEntityOfPage\":{\"@id\":\"https:\/\/blog.holyart.it\/fr\/articles-religieux\/fete-des-lys-la-devotion-de-la-ville-de-nole-a-saint-paulin\/\"},\"wordCount\":1426,\"publisher\":{\"@id\":\"https:\/\/blog.holyart.it\/fr\/#organization\"},\"image\":{\"@id\":\"https:\/\/blog.holyart.it\/fr\/articles-religieux\/fete-des-lys-la-devotion-de-la-ville-de-nole-a-saint-paulin\/#primaryimage\"},\"thumbnailUrl\":\"https:\/\/blog.holyart.it\/fr\/wp-content\/uploads\/sites\/14\/2024\/06\/Fete-des-Lys.jpg\",\"articleSection\":[\"Religion\"],\"inLanguage\":\"fr-FR\"},{\"@type\":\"WebPage\",\"@id\":\"https:\/\/blog.holyart.it\/fr\/articles-religieux\/fete-des-lys-la-devotion-de-la-ville-de-nole-a-saint-paulin\/\",\"url\":\"https:\/\/blog.holyart.it\/fr\/articles-religieux\/fete-des-lys-la-devotion-de-la-ville-de-nole-a-saint-paulin\/\",\"name\":\"F\u00eate des Lys : la d\u00e9votion de la ville de Nole \u00e0 Saint Paulin - Holyart.fr Blog\",\"isPartOf\":{\"@id\":\"https:\/\/blog.holyart.it\/fr\/#website\"},\"primaryImageOfPage\":{\"@id\":\"https:\/\/blog.holyart.it\/fr\/articles-religieux\/fete-des-lys-la-devotion-de-la-ville-de-nole-a-saint-paulin\/#primaryimage\"},\"image\":{\"@id\":\"https:\/\/blog.holyart.it\/fr\/articles-religieux\/fete-des-lys-la-devotion-de-la-ville-de-nole-a-saint-paulin\/#primaryimage\"},\"thumbnailUrl\":\"https:\/\/blog.holyart.it\/fr\/wp-content\/uploads\/sites\/14\/2024\/06\/Fete-des-Lys.jpg\",\"datePublished\":\"2024-06-19T08:00:10+00:00\",\"dateModified\":\"2025-05-06T15:40:48+00:00\",\"description\":\"Chaque ann\u00e9e, la ville de Nole renouvelle son lien profond avec son Saint Patron Paulin avec la F\u00eate des Lys, entre histoire, tradition et d\u00e9votion populaire.\",\"breadcrumb\":{\"@id\":\"https:\/\/blog.holyart.it\/fr\/articles-religieux\/fete-des-lys-la-devotion-de-la-ville-de-nole-a-saint-paulin\/#breadcrumb\"},\"inLanguage\":\"fr-FR\",\"potentialAction\":[{\"@type\":\"ReadAction\",\"target\":[\"https:\/\/blog.holyart.it\/fr\/articles-religieux\/fete-des-lys-la-devotion-de-la-ville-de-nole-a-saint-paulin\/\"]}]},{\"@type\":\"ImageObject\",\"inLanguage\":\"fr-FR\",\"@id\":\"https:\/\/blog.holyart.it\/fr\/articles-religieux\/fete-des-lys-la-devotion-de-la-ville-de-nole-a-saint-paulin\/#primaryimage\",\"url\":\"https:\/\/blog.holyart.it\/fr\/wp-content\/uploads\/sites\/14\/2024\/06\/Fete-des-Lys.jpg\",\"contentUrl\":\"https:\/\/blog.holyart.it\/fr\/wp-content\/uploads\/sites\/14\/2024\/06\/Fete-des-Lys.jpg\",\"width\":1000,\"height\":666,\"caption\":\"F\u00eate des Lys\"},{\"@type\":\"BreadcrumbList\",\"@id\":\"https:\/\/blog.holyart.it\/fr\/articles-religieux\/fete-des-lys-la-devotion-de-la-ville-de-nole-a-saint-paulin\/#breadcrumb\",\"itemListElement\":[{\"@type\":\"ListItem\",\"position\":1,\"name\":\"Homepage\",\"item\":\"https:\/\/blog.holyart.it\/fr\/\"},{\"@type\":\"ListItem\",\"position\":2,\"name\":\"Religion\",\"item\":\"https:\/\/blog.holyart.it\/fr\/articles-religieux\/\"},{\"@type\":\"ListItem\",\"position\":3,\"name\":\"F\u00eate des Lys : la d\u00e9votion de la ville de Nole \u00e0 Saint Paulin\"}]},{\"@type\":\"WebSite\",\"@id\":\"https:\/\/blog.holyart.it\/fr\/#website\",\"url\":\"https:\/\/blog.holyart.it\/fr\/\",\"name\":\"Holyart.fr Blog\",\"description\":\"Holyblog\",\"publisher\":{\"@id\":\"https:\/\/blog.holyart.it\/fr\/#organization\"},\"potentialAction\":[{\"@type\":\"SearchAction\",\"target\":{\"@type\":\"EntryPoint\",\"urlTemplate\":\"https:\/\/blog.holyart.it\/fr\/?s={search_term_string}\"},\"query-input\":{\"@type\":\"PropertyValueSpecification\",\"valueRequired\":true,\"valueName\":\"search_term_string\"}}],\"inLanguage\":\"fr-FR\"},{\"@type\":\"Organization\",\"@id\":\"https:\/\/blog.holyart.it\/fr\/#organization\",\"name\":\"Holyart.fr Blog\",\"url\":\"https:\/\/blog.holyart.it\/fr\/\",\"logo\":{\"@type\":\"ImageObject\",\"inLanguage\":\"fr-FR\",\"@id\":\"https:\/\/blog.holyart.it\/fr\/#\/schema\/logo\/image\/\",\"url\":\"https:\/\/blog.holyart.it\/fr\/wp-content\/uploads\/sites\/14\/2022\/12\/Holyart_Blog_Logo.jpg\",\"contentUrl\":\"https:\/\/blog.holyart.it\/fr\/wp-content\/uploads\/sites\/14\/2022\/12\/Holyart_Blog_Logo.jpg\",\"width\":300,\"height\":50,\"caption\":\"Holyart.fr Blog\"},\"image\":{\"@id\":\"https:\/\/blog.holyart.it\/fr\/#\/schema\/logo\/image\/\"}},{\"@type\":\"Person\",\"@id\":\"https:\/\/blog.holyart.it\/fr\/#\/schema\/person\/0a7b686e5af0f856ec1e390dd0baecda\",\"name\":\"Redazione\",\"image\":{\"@type\":\"ImageObject\",\"inLanguage\":\"fr-FR\",\"@id\":\"https:\/\/blog.holyart.it\/fr\/#\/schema\/person\/image\/\",\"url\":\"https:\/\/secure.gravatar.com\/avatar\/f477da817f43e50d0af36abecd33e3edf826c68299714bdc1057dff3b113f516?s=96&d=mm&r=g\",\"contentUrl\":\"https:\/\/secure.gravatar.com\/avatar\/f477da817f43e50d0af36abecd33e3edf826c68299714bdc1057dff3b113f516?s=96&d=mm&r=g\",\"caption\":\"Redazione\"},\"url\":\"https:\/\/blog.holyart.it\/fr\/author\/admin\/\"}]}<\/script>\n<!-- \/ Yoast SEO plugin. -->","yoast_head_json":{"title":"F\u00eate des Lys : la d\u00e9votion de la ville de Nole \u00e0 Saint Paulin - Holyart.fr Blog","description":"Chaque ann\u00e9e, la ville de Nole renouvelle son lien profond avec son Saint Patron Paulin avec la F\u00eate des Lys, entre histoire, tradition et d\u00e9votion populaire.","robots":{"index":"index","follow":"follow","max-snippet":"max-snippet:-1","max-image-preview":"max-image-preview:large","max-video-preview":"max-video-preview:-1"},"canonical":"https:\/\/blog.holyart.it\/fr\/articles-religieux\/fete-des-lys-la-devotion-de-la-ville-de-nole-a-saint-paulin\/","og_locale":"fr_FR","og_type":"article","og_title":"F\u00eate des Lys : la d\u00e9votion de la ville de Nole \u00e0 Saint Paulin - Holyart.fr Blog","og_description":"Chaque ann\u00e9e, la ville de Nole renouvelle son lien profond avec son Saint Patron Paulin avec la F\u00eate des Lys, entre histoire, tradition et d\u00e9votion populaire.","og_url":"https:\/\/blog.holyart.it\/fr\/articles-religieux\/fete-des-lys-la-devotion-de-la-ville-de-nole-a-saint-paulin\/","og_site_name":"Holyart.fr Blog","article_published_time":"2024-06-19T08:00:10+00:00","article_modified_time":"2025-05-06T15:40:48+00:00","og_image":[{"width":1000,"height":666,"url":"https:\/\/blog.holyart.it\/fr\/wp-content\/uploads\/sites\/14\/2024\/06\/Fete-des-Lys.jpg","type":"image\/jpeg"}],"author":"Redazione","twitter_card":"summary_large_image","twitter_misc":{"\u00c9crit par":"Redazione","Dur\u00e9e de lecture estim\u00e9e":"8 minutes"},"schema":{"@context":"https:\/\/schema.org","@graph":[{"@type":"Article","@id":"https:\/\/blog.holyart.it\/fr\/articles-religieux\/fete-des-lys-la-devotion-de-la-ville-de-nole-a-saint-paulin\/#article","isPartOf":{"@id":"https:\/\/blog.holyart.it\/fr\/articles-religieux\/fete-des-lys-la-devotion-de-la-ville-de-nole-a-saint-paulin\/"},"author":{"name":"Redazione","@id":"https:\/\/blog.holyart.it\/fr\/#\/schema\/person\/0a7b686e5af0f856ec1e390dd0baecda"},"headline":"F\u00eate des Lys : la d\u00e9votion de la ville de Nole \u00e0 Saint Paulin","datePublished":"2024-06-19T08:00:10+00:00","dateModified":"2025-05-06T15:40:48+00:00","mainEntityOfPage":{"@id":"https:\/\/blog.holyart.it\/fr\/articles-religieux\/fete-des-lys-la-devotion-de-la-ville-de-nole-a-saint-paulin\/"},"wordCount":1426,"publisher":{"@id":"https:\/\/blog.holyart.it\/fr\/#organization"},"image":{"@id":"https:\/\/blog.holyart.it\/fr\/articles-religieux\/fete-des-lys-la-devotion-de-la-ville-de-nole-a-saint-paulin\/#primaryimage"},"thumbnailUrl":"https:\/\/blog.holyart.it\/fr\/wp-content\/uploads\/sites\/14\/2024\/06\/Fete-des-Lys.jpg","articleSection":["Religion"],"inLanguage":"fr-FR"},{"@type":"WebPage","@id":"https:\/\/blog.holyart.it\/fr\/articles-religieux\/fete-des-lys-la-devotion-de-la-ville-de-nole-a-saint-paulin\/","url":"https:\/\/blog.holyart.it\/fr\/articles-religieux\/fete-des-lys-la-devotion-de-la-ville-de-nole-a-saint-paulin\/","name":"F\u00eate des Lys : la d\u00e9votion de la ville de Nole \u00e0 Saint Paulin - Holyart.fr Blog","isPartOf":{"@id":"https:\/\/blog.holyart.it\/fr\/#website"},"primaryImageOfPage":{"@id":"https:\/\/blog.holyart.it\/fr\/articles-religieux\/fete-des-lys-la-devotion-de-la-ville-de-nole-a-saint-paulin\/#primaryimage"},"image":{"@id":"https:\/\/blog.holyart.it\/fr\/articles-religieux\/fete-des-lys-la-devotion-de-la-ville-de-nole-a-saint-paulin\/#primaryimage"},"thumbnailUrl":"https:\/\/blog.holyart.it\/fr\/wp-content\/uploads\/sites\/14\/2024\/06\/Fete-des-Lys.jpg","datePublished":"2024-06-19T08:00:10+00:00","dateModified":"2025-05-06T15:40:48+00:00","description":"Chaque ann\u00e9e, la ville de Nole renouvelle son lien profond avec son Saint Patron Paulin avec la F\u00eate des Lys, entre histoire, tradition et d\u00e9votion populaire.","breadcrumb":{"@id":"https:\/\/blog.holyart.it\/fr\/articles-religieux\/fete-des-lys-la-devotion-de-la-ville-de-nole-a-saint-paulin\/#breadcrumb"},"inLanguage":"fr-FR","potentialAction":[{"@type":"ReadAction","target":["https:\/\/blog.holyart.it\/fr\/articles-religieux\/fete-des-lys-la-devotion-de-la-ville-de-nole-a-saint-paulin\/"]}]},{"@type":"ImageObject","inLanguage":"fr-FR","@id":"https:\/\/blog.holyart.it\/fr\/articles-religieux\/fete-des-lys-la-devotion-de-la-ville-de-nole-a-saint-paulin\/#primaryimage","url":"https:\/\/blog.holyart.it\/fr\/wp-content\/uploads\/sites\/14\/2024\/06\/Fete-des-Lys.jpg","contentUrl":"https:\/\/blog.holyart.it\/fr\/wp-content\/uploads\/sites\/14\/2024\/06\/Fete-des-Lys.jpg","width":1000,"height":666,"caption":"F\u00eate des Lys"},{"@type":"BreadcrumbList","@id":"https:\/\/blog.holyart.it\/fr\/articles-religieux\/fete-des-lys-la-devotion-de-la-ville-de-nole-a-saint-paulin\/#breadcrumb","itemListElement":[{"@type":"ListItem","position":1,"name":"Homepage","item":"https:\/\/blog.holyart.it\/fr\/"},{"@type":"ListItem","position":2,"name":"Religion","item":"https:\/\/blog.holyart.it\/fr\/articles-religieux\/"},{"@type":"ListItem","position":3,"name":"F\u00eate des Lys : la d\u00e9votion de la ville de Nole \u00e0 Saint Paulin"}]},{"@type":"WebSite","@id":"https:\/\/blog.holyart.it\/fr\/#website","url":"https:\/\/blog.holyart.it\/fr\/","name":"Holyart.fr Blog","description":"Holyblog","publisher":{"@id":"https:\/\/blog.holyart.it\/fr\/#organization"},"potentialAction":[{"@type":"SearchAction","target":{"@type":"EntryPoint","urlTemplate":"https:\/\/blog.holyart.it\/fr\/?s={search_term_string}"},"query-input":{"@type":"PropertyValueSpecification","valueRequired":true,"valueName":"search_term_string"}}],"inLanguage":"fr-FR"},{"@type":"Organization","@id":"https:\/\/blog.holyart.it\/fr\/#organization","name":"Holyart.fr Blog","url":"https:\/\/blog.holyart.it\/fr\/","logo":{"@type":"ImageObject","inLanguage":"fr-FR","@id":"https:\/\/blog.holyart.it\/fr\/#\/schema\/logo\/image\/","url":"https:\/\/blog.holyart.it\/fr\/wp-content\/uploads\/sites\/14\/2022\/12\/Holyart_Blog_Logo.jpg","contentUrl":"https:\/\/blog.holyart.it\/fr\/wp-content\/uploads\/sites\/14\/2022\/12\/Holyart_Blog_Logo.jpg","width":300,"height":50,"caption":"Holyart.fr Blog"},"image":{"@id":"https:\/\/blog.holyart.it\/fr\/#\/schema\/logo\/image\/"}},{"@type":"Person","@id":"https:\/\/blog.holyart.it\/fr\/#\/schema\/person\/0a7b686e5af0f856ec1e390dd0baecda","name":"Redazione","image":{"@type":"ImageObject","inLanguage":"fr-FR","@id":"https:\/\/blog.holyart.it\/fr\/#\/schema\/person\/image\/","url":"https:\/\/secure.gravatar.com\/avatar\/f477da817f43e50d0af36abecd33e3edf826c68299714bdc1057dff3b113f516?s=96&d=mm&r=g","contentUrl":"https:\/\/secure.gravatar.com\/avatar\/f477da817f43e50d0af36abecd33e3edf826c68299714bdc1057dff3b113f516?s=96&d=mm&r=g","caption":"Redazione"},"url":"https:\/\/blog.holyart.it\/fr\/author\/admin\/"}]}},"_links":{"self":[{"href":"https:\/\/blog.holyart.it\/fr\/wp-json\/wp\/v2\/posts\/8375","targetHints":{"allow":["GET"]}}],"collection":[{"href":"https:\/\/blog.holyart.it\/fr\/wp-json\/wp\/v2\/posts"}],"about":[{"href":"https:\/\/blog.holyart.it\/fr\/wp-json\/wp\/v2\/types\/post"}],"author":[{"embeddable":true,"href":"https:\/\/blog.holyart.it\/fr\/wp-json\/wp\/v2\/users\/1"}],"replies":[{"embeddable":true,"href":"https:\/\/blog.holyart.it\/fr\/wp-json\/wp\/v2\/comments?post=8375"}],"version-history":[{"count":2,"href":"https:\/\/blog.holyart.it\/fr\/wp-json\/wp\/v2\/posts\/8375\/revisions"}],"predecessor-version":[{"id":8381,"href":"https:\/\/blog.holyart.it\/fr\/wp-json\/wp\/v2\/posts\/8375\/revisions\/8381"}],"wp:featuredmedia":[{"embeddable":true,"href":"https:\/\/blog.holyart.it\/fr\/wp-json\/wp\/v2\/media\/8377"}],"wp:attachment":[{"href":"https:\/\/blog.holyart.it\/fr\/wp-json\/wp\/v2\/media?parent=8375"}],"wp:term":[{"taxonomy":"category","embeddable":true,"href":"https:\/\/blog.holyart.it\/fr\/wp-json\/wp\/v2\/categories?post=8375"},{"taxonomy":"post_tag","embeddable":true,"href":"https:\/\/blog.holyart.it\/fr\/wp-json\/wp\/v2\/tags?post=8375"}],"curies":[{"name":"wp","href":"https:\/\/api.w.org\/{rel}","templated":true}]}}