{"id":8324,"date":"2024-06-10T10:00:56","date_gmt":"2024-06-10T08:00:56","guid":{"rendered":"https:\/\/blog.holyart.it\/fr\/?p=8324"},"modified":"2025-03-05T12:51:21","modified_gmt":"2025-03-05T11:51:21","slug":"combien-de-voyages-pape-francois-a-deja-fait","status":"publish","type":"post","link":"https:\/\/blog.holyart.it\/fr\/occasions-speciales\/combien-de-voyages-pape-francois-a-deja-fait\/","title":{"rendered":"Combien de voyages Pape Fran\u00e7ois a d\u00e9j\u00e0 fait ?"},"content":{"rendered":"<h4><em>Les voyages de Pape Fran\u00e7ois sont la d\u00e9monstration de son engagement d\u2019\u00e9vang\u00e9lisation, mais aussi de r\u00e9conciliation et soin des nombreuses blessures qui d\u00e9chirent l\u2019humanit\u00e9.<\/em><\/h4>\n\n<p>Pape Fran\u00e7ois, le 266\u00e8me Pape de l\u2019\u00c9glise Catholique, est connu non seulement pour son charisme et son humilit\u00e9, mais aussi pour sa propension \u00e0 voyager dans le monde entier afin d\u2019apporter le message de foi, de paix et de justice sociale. Surprenant, si l\u2019on consid\u00e8re qu\u2019avant de monter sur le tr\u00f4ne pontifical, l\u2019alors cardinal Bergoglio avait d\u00e9clar\u00e9 \u00e0 plusieurs reprises qu\u2019il n\u2019aimait pas voyager. Ceci nous fait comprendre de mani\u00e8re encore plus profonde combien, pendant ces ann\u00e9es, l\u2019engagement de Pape Fran\u00e7ois a \u00e9t\u00e9 profond, visant \u00e0 d\u00e9montrer \u00eatre un <strong>Pape global<\/strong>, pr\u00eat \u00e0 atteindre des gens de cultures et traditions diff\u00e9rentes, en embrassant non seulement la communaut\u00e9 chr\u00e9tienne, mais humanit\u00e9 enti\u00e8re. La mission de Pape Fran\u00e7ois en ce sens peut \u00eatre consid\u00e9r\u00e9e comme une <a href=\"https:\/\/www.holyart.fr\/blog\/articles-religieux\/la-priere-des-5-doigts-du-pape-francois\/\"><strong>mission \u00e9vang\u00e9lique<\/strong><\/a>, puisqu\u2019il voyage \u00e0 travers le globe en apportant l\u2019annonce de l\u2019\u00c9vangile, non seulement comme Parole \u00e9cout\u00e9e, m\u00e9dit\u00e9e et annonc\u00e9e, mais aussi comme <strong>Parole incarn\u00e9e par les peuples<\/strong>. Pape Fran\u00e7ois recherche et accueille les gens et les histoires les plus diff\u00e9rentes, \u00e0 la recherche continue et constante de la <strong>pr\u00e9sence de Christ dans la vie et dans la r\u00e9alit\u00e9<\/strong>. \u00a0Recherche qui embrasse le monde et ses facettes, afin de donner vie \u00e0 <strong>un christianisme concret<\/strong>, v\u00e9cu et incarn\u00e9 par les exp\u00e9riences et les visages de la communaut\u00e9 humaine.<\/p>\n<div class=\"link-article\">\n<p><img loading=\"lazy\" decoding=\"async\" class=\"size-full wp-image-8327 alignleft\" src=\"https:\/\/blog.holyart.it\/fr\/wp-content\/uploads\/sites\/14\/2024\/06\/La-priere-des-5-doigts-du-Pape-Francois-1.jpg\" alt=\"La priere des 5 doigts du Pape Francois\" width=\"150\" height=\"99\" data-kale-share-title=\"Combien de voyages Pape Fran\u00e7ois a d\u00e9j\u00e0 fait ?\" data-kale-share-url=\"https:\/\/blog.holyart.it\/fr\/?p=8324\" \/><\/p>\n<div class=\"leggi-anche\">Lire aussi :<\/div>\n<p><strong><a href=\"https:\/\/www.holyart.fr\/blog\/articles-religieux\/la-priere-des-5-doigts-du-pape-francois\/\">La pri\u00e8re des 5 doigts du Pape Fran\u00e7ois<\/a><\/strong><br \/>\nLa pri\u00e8re des 5 doigts est un moyen efficace sugg\u00e9r\u00e9 par Pape Fran\u00e7ois pour n\u2019oublier personne&#8230;<\/p>\n<\/div>\n<p>Depuis que, en 2013, il a \u00e9t\u00e9 \u00e9lu, il a entrepris un total de 44 voyages apostoliques, en visitant 60 pays diff\u00e9rents et en accomplissant ainsi 36 visites pastorales dans 41 villes ou localit\u00e9s diff\u00e9rentes en Italie. La dimension globale de ces voyages refl\u00e8te son d\u00e9sir d\u2019\u00eatre un pontife proche des gens, ind\u00e9pendamment de leur provenance g\u00e9ographique.<\/p>\n<h2>Les voyages apostoliques \u00e0 l\u2019\u00e9tranger<\/h2>\n<p>Le premier voyage apostolique de Pape Fran\u00e7ois fut au <strong>Br\u00e9sil en juillet 2013<\/strong>, o\u00f9 il a particip\u00e9 \u00e0 la <strong>XXVIII Journ\u00e9e Internationale de la Jeunesse<\/strong> (22-29 juillet 2013). Ce voyage a \u00e9tabli un pr\u00e9c\u00e9dent pour son style informel et sa proximit\u00e9 envers des gens ordinaires. Pape Fran\u00e7ois a d\u00e9montr\u00e9, d\u00e8s le d\u00e9but, son intention de parcourir le monde afin de rencontrer les fid\u00e8les et de diffuser son message d\u2019amour et de compassion. Cela s\u2019est clairement remarqu\u00e9 lors de son premier discours \u00e0 Rio\u00a0: \u00ab\u00a0<em>J\u2019ai appris que pour avoir acc\u00e8s au peuple br\u00e9silien, il fallait entrer par la porte de son c\u0153ur immense\u00a0; qu\u2019il me soit donc permis aujourd\u2019hui de frapper d\u00e9licatement \u00e0 cette porte. Je demande la permission d\u2019entrer et de passer cette semaine avec vous. Je n&rsquo;ai ni or ni argent, mais je vous apporte ce qui m\u2019a \u00e9t\u00e9 donn\u00e9 de plus pr\u00e9cieux\u00a0: J\u00e9sus Christ\u00a0!<\/em>\u00a0\u00bb.<\/p>\n<p>Lors de ce premier voyage, il a \u00e9galement \u00e9t\u00e9 possible de remarquer <strong>l\u2019attention du Pape pour les jeunes<\/strong>, d\u00e9positaires du futur de la Plan\u00e8te, mais aussi de toutes les erreurs commises par ceux qui sont venu avant eux : \u00ab\u00a0<em>La jeunesse est la fen\u00eatre \u00e0 travers laquelle l\u2019avenir entre dans le monde, et elle nous propose donc de grands d\u00e9fis. Notre g\u00e9n\u00e9ration se r\u00e9v\u00e8lera \u00e0 la hauteur de la promesse qui est en chaque jeune quand elle saura lui offrir un espace\u00a0?<\/em>\u00a0\u00bb.<\/p>\n<p>Pape Fran\u00e7ois a accompli \u00e9galement de nombreux voyages en Europe, en visitant des pays comme la Turquie, la Bosnie-Herz\u00e9govine, l\u2019Albanie, la Gr\u00e8ce, l\u2019Arm\u00e9nie, la G\u00e9orgie et l\u2019Azerba\u00efdjan. Pendant ses voyages, il a affront\u00e9 des questions cruciales comme la <strong>tol\u00e9rance religieuse, les r\u00e9fugi\u00e9s et la promotion de la paix<\/strong>.<\/p>\n<p>Un autre aspect important des voyages de Pape Fran\u00e7ois est son <strong>engagement actif pour le dialogue \u0153cum\u00e9nique<\/strong> et sa volont\u00e9 \u00e0 <strong>renforcer les liens avec d\u2019autres confessions chr\u00e9tiennes et religions<\/strong>. Au cours de son dix-huiti\u00e8me Voyage apostolique internationale en 2016, Pape Fran\u00e7ois a visit\u00e9 la Su\u00e8de dans le but de comm\u00e9morer les <strong>500 ans de la R\u00e9forme luth\u00e9rienne<\/strong> et de rencontrer la communaut\u00e9 catholique locale. Cette visite significative a soulign\u00e9 l\u2019engagement du Pape dans la promotion du dialogue \u0153cum\u00e9nique et l\u2019unit\u00e9 entre les \u00e9glises.<\/p>\n<p>Pape Fran\u00e7ois a aussi accompli beaucoup de voyages tr\u00e8s courageux dans des zones marqu\u00e9es par des conflits et des catastrophes naturelles, en montrant sa d\u00e9termination \u00e0 <strong>apporter espoir et r\u00e9confort \u00e0 qui souffre<\/strong>. En 2015, il a visit\u00e9 le Kenya, l\u2019Uganda et la R\u00e9publique Centrafricaine, tous des pays d\u00e9chir\u00e9s par la <strong>violence interreligieuse<\/strong>, en se pr\u00e9sentant comme <a href=\"https:\/\/www.holyart.fr\/blog\/articles-religieux\/les-plus-belles-phrases-sur-la-paix-de-pape-francois\/\"><strong>Pontife de la paix<\/strong><\/a>. Mais, la m\u00eame ann\u00e9e, il s\u2019\u00e9tait \u00e9galement rendu aux Philippines, d\u00e9vast\u00e9es par un typhon.<\/p>\n<div class=\"link-article\">\n<p><img loading=\"lazy\" decoding=\"async\" class=\"size-full wp-image-8329 alignleft\" src=\"https:\/\/blog.holyart.it\/fr\/wp-content\/uploads\/sites\/14\/2024\/06\/paix.jpg\" alt=\"Paix pape Francois\" width=\"150\" height=\"99\" data-kale-share-title=\"Combien de voyages Pape Fran\u00e7ois a d\u00e9j\u00e0 fait ?\" data-kale-share-url=\"https:\/\/blog.holyart.it\/fr\/?p=8324\" \/><\/p>\n<div class=\"leggi-anche\">Lire aussi :<\/div>\n<p><strong><a href=\"https:\/\/www.holyart.fr\/blog\/articles-religieux\/les-plus-belles-phrases-sur-la-paix-de-pape-francois\/\">Les plus belles phrases sur la Paix de Pape Fran\u00e7ois<\/a><\/strong><br \/>\nEn ce moment historique particulier et dramatique, les phrases sur la Paix de Pape Fran\u00e7ois repr\u00e9sentent&#8230;<\/p>\n<\/div>\n<p>Outre la volont\u00e9 de collaboration et d\u2019harmonie entre les diff\u00e9rentes religions et professions de foi, les voyages du Pape ont \u00e9galement \u00e9t\u00e9 une tentative pour lui de se rapprocher physiquement des murs, des <strong>nombreuses barri\u00e8res qui s\u00e9parent les hommes du monde entier<\/strong>, et qui souvent constituent des blessures ouvertes. D\u2019ailleurs, cette dynamique s\u2019est manifest\u00e9e aussi de mani\u00e8re symbolique lors du premier voyage apostolique de Pape Fran\u00e7ois en Asie, \u00e0 l\u2019occasion de la VIe Journ\u00e9e de la Jeunesse Asiatique en <strong>Cor\u00e9e du Sud<\/strong>. Dans ce contexte, Pape Fran\u00e7ois a \u00e9vit\u00e9 de parler de Cor\u00e9e de Nord et Cor\u00e9e du Sud, en pr\u00e9f\u00e9rant s\u2019adresser \u00e0 une seule nation unie par la m\u00eame langue m\u00e8re. De m\u00eame qu\u2019il le fit \u00e0 Sarajevo, pendant le voyage en <strong>Bosnie-Herz\u00e9govine<\/strong> en juin 2015, en s\u2019attardant sur les blessures et les divisions laiss\u00e9es par la guerre encore r\u00e9cente.<\/p>\n<p>L\u2019aspect fascinant de ces voyages est que le Pape ne choisit pas comme destination de ses voyages uniquement des endroits qui accueillent les communaut\u00e9s catholiques les plus nombreuses, mais choisit aussi de se rendre o\u00f9 il y a le plus besoin de lui, o\u00f9 les blessures sont ouvertes, et, exactement comme le faisait J\u00e9sus quand il gu\u00e9rissait les malades avec l\u2019imposition des mains, Pape Fran\u00e7ois aussi cherche \u00e0 panser ces souffrances avec sa pr\u00e9sence. De ce point de vue, il a \u00e9t\u00e9 embl\u00e9matique, m\u00eame si le voyage \u00e0 Cuba, en 2015, une tentative de r\u00e9soudre les conflits et <strong>jeter un pont entre Est et Ouest<\/strong>, tentative rendue encore plus significative quelques mois apr\u00e8s par la signature de la d\u00e9claration conjointe avec le patriarche de Moscou.<\/p>\n<h2>Les visites pastorales en Italie<\/h2>\n<p>En ce qui concerne les visites pastorales en Italie, sa premi\u00e8re visite officielle en tant que Pape, a \u00e9t\u00e9 sur l\u2019<strong>\u00eele de Lampedusa<\/strong>, o\u00f9, en plus des \u00e9v\u00e9nements officiels, il a voulu rencontrer un groupe de migrants extracommunautaires et d\u00e9poser une couronne de fleurs en mer pr\u00e8s de la statue de Notre-Dame de la Mer, \u00e0 14 m\u00e8tres de profondeurs, afin de rappeler les victimes des nombreux naufrages advenus pendant les travers\u00e9es du canal de Sicile. Le Pape a ensuite soulign\u00e9 la n\u00e9cessit\u00e9 de <strong>cultiver empathie et compassion dans les relations humaines<\/strong>, en attirant l\u2019attention sur la crise humanitaire li\u00e9e aux migrations et en appelant \u00e0 la solidarit\u00e9 afin de pr\u00e9venir d\u2019ult\u00e9rieures trag\u00e9dies en mer\u00a0: \u00ab\u00a0<em>Nous sommes une soci\u00e9t\u00e9 qui a oubli\u00e9 l\u2019exp\u00e9rience des pleurs, du \u00ab\u00a0souffrir avec\u00a0\u00bb\u00a0: la mondialisation de l\u2019indiff\u00e9rence nous a \u00f4t\u00e9 la capacit\u00e9 de pleurer\u00a0!<\/em>\u00a0\u00bb.<\/p>\n<p><a href=\"https:\/\/www.holyart.fr\/accessoires-pour-la-liturgie\/attributs-episcopaux\/croix-pectorale-bon-pasteur-metal-10x7-cm\"><strong>Pape Fran\u00e7ois<\/strong><\/a> a d\u00e9montr\u00e9 \u00e9galement son engagement dans la <strong>lutte contre la \u2018ndrangheta<\/strong> lors de sa visite pastorale en Calabre en 2014, quand il a condamn\u00e9 la mafia comme adoration du mal et m\u00e9pris du bien commun.<\/p>\n<p>En 2016, il s\u2019est rendu en <strong>Italie centrale, d\u00e9vast\u00e9e par le tremblement de terre<\/strong>, et a apport\u00e9 son r\u00e9confort aux populations d\u2019Amatrice, Accumoli, Arquata del Tronto et Nursie.<\/p>\n<div class=\"link-product\">\n<div class=\"blocco-immagine\"><img loading=\"lazy\" decoding=\"async\" class=\"size-full wp-image-8330 alignleft\" src=\"https:\/\/blog.holyart.it\/fr\/wp-content\/uploads\/sites\/14\/2024\/06\/Croix-pectorale-Bon-Pasteur-metal-10x7-cm.jpg\" alt=\"Croix pectorale Bon Pasteur m\u00e9tal 10x7 cm\" width=\"100\" height=\"100\" data-kale-share-title=\"Combien de voyages Pape Fran\u00e7ois a d\u00e9j\u00e0 fait ?\" data-kale-share-url=\"https:\/\/blog.holyart.it\/fr\/?p=8324\" \/><\/div>\n<div class=\"blocco-contenuto\">\n<div class=\"blocco-acquista\">Acheter sur Holyart:<\/div>\n<div class=\"blocco-titolo\"><a href=\"https:\/\/www.holyart.fr\/accessoires-pour-la-liturgie\/attributs-episcopaux\/croix-pectorale-bon-pasteur-metal-10x7-cm\">Croix pectorale Bon Pasteur m\u00e9tal 10&#215;7 cm<\/a><\/div>\n<div class=\"blocco-descrizione\">Crucifix pour \u00e9v\u00eaque r\u00e9alis\u00e9 en Italie avec soin et pr\u00e9cision.<\/div>\n<\/div>\n<\/div>\n<h2>Le Pape le plus \u00e2g\u00e9 \u00e0 voyager<\/h2>\n<p>\u00c0 presque 88 ans, Pape Fran\u00e7ois se confirme comme le Pape qui a voyag\u00e9 le plus dans l\u2019absolu et, malgr\u00e9 ses nombreux probl\u00e8mes de sant\u00e9, il ne semble pas dispos\u00e9 \u00e0 s\u2019arr\u00eater. En lui, la conscience qu\u2019il a encore beaucoup \u00e0 accomplir est tr\u00e8s forte. Quel sera son prochain voyage du Pape\u00a0? Pape Fran\u00e7ois a souhait\u00e9 que 2024 soit un moment de pr\u00e9paration \u00e0 l\u2019<a href=\"https:\/\/www.holyart.fr\/jubile-2025-pelerins-desperance\"><strong>ann\u00e9e jubilaire de 2025<\/strong><\/a>. Une analyse de son agenda pour 2024 r\u00e9v\u00e8le qu\u2019il n\u2019a aucune intention de ralentir ou r\u00e9duire ses engagements. Au contraire.<\/p>\n<p>Dans une r\u00e9cente interview, il a d\u00e9clar\u00e9 vouloir poursuivre ses voyages internationaux, en citant trois destinations significatives\u00a0: la <strong>Belgique<\/strong>, l\u2019<strong>Argentine<\/strong> et la <strong>Papouasie-Nouvelle-Guin\u00e9e<\/strong>. En particulier, le Pape a manifest\u00e9 son int\u00e9r\u00eat \u00e0 se rendre en Belgique, pays qu\u2019il avait d\u00e9j\u00e0 visit\u00e9 en qualit\u00e9 de j\u00e9suite provincial. Ces prochains voyages r\u00e9v\u00e8lent le constant d\u00e9vouement de Pape Fran\u00e7ois \u00e0 apporter son message de paix, esp\u00e9rance et solidarit\u00e9 dans diff\u00e9rentes parties du monde. Le choix de destinations significatives, li\u00e9es \u00e0 son histoire personnelle et \u00e0 d\u2019importantes c\u00e9l\u00e9brations, souligne le souhait du Pape d\u2019instiller valeurs spirituelles et d\u2019unit\u00e9 entre les communaut\u00e9s catholiques globales.<\/p>\n<div class=\"link-product\">\n<div class=\"blocco-immagine\"><img loading=\"lazy\" decoding=\"async\" class=\"size-full wp-image-8331 alignleft\" src=\"https:\/\/blog.holyart.it\/fr\/wp-content\/uploads\/sites\/14\/2024\/06\/chapelet-jubile-2025-argent-925-grains-6-mm-bois-dolivier.jpg\" alt=\"Chapelet Jubile 2025 argent 925 grains 6 mm bois d'olivier\" width=\"100\" height=\"100\" data-kale-share-title=\"Combien de voyages Pape Fran\u00e7ois a d\u00e9j\u00e0 fait ?\" data-kale-share-url=\"https:\/\/blog.holyart.it\/fr\/?p=8324\" \/><\/div>\n<div class=\"blocco-contenuto\">\n<div class=\"blocco-acquista\">Acheter sur Holyart:<\/div>\n<div class=\"blocco-titolo\"><a href=\"https:\/\/www.holyart.fr\/jubile-2025-pelerins-desperance\">Jubil\u00e9 2025 P\u00e8lerins d&rsquo;esp\u00e9rance<\/a><\/div>\n<div class=\"blocco-descrizione\">Articles con\u00e7us pour c\u00e9l\u00e9brer le prochain Jubil\u00e9 2025.<\/div>\n<\/div>\n<\/div>\n","protected":false},"excerpt":{"rendered":"<p>Les voyages de Pape Fran\u00e7ois sont la d\u00e9monstration de son engagement d\u2019\u00e9vang\u00e9lisation, mais aussi de r\u00e9conciliation et soin des nombreuses blessures qui d\u00e9chirent l\u2019humanit\u00e9. Pape Fran\u00e7ois, le 266\u00e8me Pape de l\u2019\u00c9glise Catholique, est connu non seulement pour son charisme et son humilit\u00e9, mais aussi pour&hellip;<\/p>\n","protected":false},"author":1,"featured_media":8328,"comment_status":"closed","ping_status":"open","sticky":false,"template":"","format":"standard","meta":{"_acf_changed":false,"footnotes":""},"categories":[12],"tags":[],"class_list":["post-8324","post","type-post","status-publish","format-standard","has-post-thumbnail","hentry","category-occasions-speciales"],"acf":[],"yoast_head":"<!-- This site is optimized with the Yoast SEO plugin v26.6 - https:\/\/yoast.com\/wordpress\/plugins\/seo\/ -->\n<title>Combien de voyages Pape Fran\u00e7ois a d\u00e9j\u00e0 fait ? - Holyart.fr Blog<\/title>\n<meta name=\"description\" content=\"Les voyages de Pape Fran\u00e7ois sont un \u00e9l\u00e9ment d\u00e9terminant de sa mission \u00e9vang\u00e9lique et \u0153cum\u00e9nique, sa recherche de la pr\u00e9sence de Christ dans le monde.\" \/>\n<meta name=\"robots\" content=\"index, follow, max-snippet:-1, max-image-preview:large, max-video-preview:-1\" \/>\n<link rel=\"canonical\" href=\"https:\/\/blog.holyart.it\/fr\/occasions-speciales\/combien-de-voyages-pape-francois-a-deja-fait\/\" \/>\n<meta property=\"og:locale\" content=\"fr_FR\" \/>\n<meta property=\"og:type\" content=\"article\" \/>\n<meta property=\"og:title\" content=\"Combien de voyages Pape Fran\u00e7ois a d\u00e9j\u00e0 fait ? - Holyart.fr Blog\" \/>\n<meta property=\"og:description\" content=\"Les voyages de Pape Fran\u00e7ois sont un \u00e9l\u00e9ment d\u00e9terminant de sa mission \u00e9vang\u00e9lique et \u0153cum\u00e9nique, sa recherche de la pr\u00e9sence de Christ dans le monde.\" \/>\n<meta property=\"og:url\" content=\"https:\/\/blog.holyart.it\/fr\/occasions-speciales\/combien-de-voyages-pape-francois-a-deja-fait\/\" \/>\n<meta property=\"og:site_name\" content=\"Holyart.fr Blog\" \/>\n<meta property=\"article:published_time\" content=\"2024-06-10T08:00:56+00:00\" \/>\n<meta property=\"article:modified_time\" content=\"2025-03-05T11:51:21+00:00\" \/>\n<meta property=\"og:image\" content=\"https:\/\/blog.holyart.it\/fr\/wp-content\/uploads\/sites\/14\/2024\/06\/voyages-de-Pape-Francois.jpg\" \/>\n\t<meta property=\"og:image:width\" content=\"1000\" \/>\n\t<meta property=\"og:image:height\" content=\"666\" \/>\n\t<meta property=\"og:image:type\" content=\"image\/jpeg\" \/>\n<meta name=\"author\" content=\"Redazione\" \/>\n<meta name=\"twitter:card\" content=\"summary_large_image\" \/>\n<meta name=\"twitter:label1\" content=\"\u00c9crit par\" \/>\n\t<meta name=\"twitter:data1\" content=\"Redazione\" \/>\n\t<meta name=\"twitter:label2\" content=\"Dur\u00e9e de lecture estim\u00e9e\" \/>\n\t<meta name=\"twitter:data2\" content=\"9 minutes\" \/>\n<script type=\"application\/ld+json\" class=\"yoast-schema-graph\">{\"@context\":\"https:\/\/schema.org\",\"@graph\":[{\"@type\":\"Article\",\"@id\":\"https:\/\/blog.holyart.it\/fr\/occasions-speciales\/combien-de-voyages-pape-francois-a-deja-fait\/#article\",\"isPartOf\":{\"@id\":\"https:\/\/blog.holyart.it\/fr\/occasions-speciales\/combien-de-voyages-pape-francois-a-deja-fait\/\"},\"author\":{\"name\":\"Redazione\",\"@id\":\"https:\/\/blog.holyart.it\/fr\/#\/schema\/person\/0a7b686e5af0f856ec1e390dd0baecda\"},\"headline\":\"Combien de voyages Pape Fran\u00e7ois a d\u00e9j\u00e0 fait ?\",\"datePublished\":\"2024-06-10T08:00:56+00:00\",\"dateModified\":\"2025-03-05T11:51:21+00:00\",\"mainEntityOfPage\":{\"@id\":\"https:\/\/blog.holyart.it\/fr\/occasions-speciales\/combien-de-voyages-pape-francois-a-deja-fait\/\"},\"wordCount\":1695,\"publisher\":{\"@id\":\"https:\/\/blog.holyart.it\/fr\/#organization\"},\"image\":{\"@id\":\"https:\/\/blog.holyart.it\/fr\/occasions-speciales\/combien-de-voyages-pape-francois-a-deja-fait\/#primaryimage\"},\"thumbnailUrl\":\"https:\/\/blog.holyart.it\/fr\/wp-content\/uploads\/sites\/14\/2024\/06\/voyages-de-Pape-Francois.jpg\",\"articleSection\":[\"Occasions sp\u00e9ciales\"],\"inLanguage\":\"fr-FR\"},{\"@type\":\"WebPage\",\"@id\":\"https:\/\/blog.holyart.it\/fr\/occasions-speciales\/combien-de-voyages-pape-francois-a-deja-fait\/\",\"url\":\"https:\/\/blog.holyart.it\/fr\/occasions-speciales\/combien-de-voyages-pape-francois-a-deja-fait\/\",\"name\":\"Combien de voyages Pape Fran\u00e7ois a d\u00e9j\u00e0 fait ? - Holyart.fr Blog\",\"isPartOf\":{\"@id\":\"https:\/\/blog.holyart.it\/fr\/#website\"},\"primaryImageOfPage\":{\"@id\":\"https:\/\/blog.holyart.it\/fr\/occasions-speciales\/combien-de-voyages-pape-francois-a-deja-fait\/#primaryimage\"},\"image\":{\"@id\":\"https:\/\/blog.holyart.it\/fr\/occasions-speciales\/combien-de-voyages-pape-francois-a-deja-fait\/#primaryimage\"},\"thumbnailUrl\":\"https:\/\/blog.holyart.it\/fr\/wp-content\/uploads\/sites\/14\/2024\/06\/voyages-de-Pape-Francois.jpg\",\"datePublished\":\"2024-06-10T08:00:56+00:00\",\"dateModified\":\"2025-03-05T11:51:21+00:00\",\"description\":\"Les voyages de Pape Fran\u00e7ois sont un \u00e9l\u00e9ment d\u00e9terminant de sa mission \u00e9vang\u00e9lique et \u0153cum\u00e9nique, sa recherche de la pr\u00e9sence de Christ dans le monde.\",\"breadcrumb\":{\"@id\":\"https:\/\/blog.holyart.it\/fr\/occasions-speciales\/combien-de-voyages-pape-francois-a-deja-fait\/#breadcrumb\"},\"inLanguage\":\"fr-FR\",\"potentialAction\":[{\"@type\":\"ReadAction\",\"target\":[\"https:\/\/blog.holyart.it\/fr\/occasions-speciales\/combien-de-voyages-pape-francois-a-deja-fait\/\"]}]},{\"@type\":\"ImageObject\",\"inLanguage\":\"fr-FR\",\"@id\":\"https:\/\/blog.holyart.it\/fr\/occasions-speciales\/combien-de-voyages-pape-francois-a-deja-fait\/#primaryimage\",\"url\":\"https:\/\/blog.holyart.it\/fr\/wp-content\/uploads\/sites\/14\/2024\/06\/voyages-de-Pape-Francois.jpg\",\"contentUrl\":\"https:\/\/blog.holyart.it\/fr\/wp-content\/uploads\/sites\/14\/2024\/06\/voyages-de-Pape-Francois.jpg\",\"width\":1000,\"height\":666},{\"@type\":\"BreadcrumbList\",\"@id\":\"https:\/\/blog.holyart.it\/fr\/occasions-speciales\/combien-de-voyages-pape-francois-a-deja-fait\/#breadcrumb\",\"itemListElement\":[{\"@type\":\"ListItem\",\"position\":1,\"name\":\"Homepage\",\"item\":\"https:\/\/blog.holyart.it\/fr\/\"},{\"@type\":\"ListItem\",\"position\":2,\"name\":\"Occasions sp\u00e9ciales\",\"item\":\"https:\/\/blog.holyart.it\/fr\/occasions-speciales\/\"},{\"@type\":\"ListItem\",\"position\":3,\"name\":\"Combien de voyages Pape Fran\u00e7ois a d\u00e9j\u00e0 fait ?\"}]},{\"@type\":\"WebSite\",\"@id\":\"https:\/\/blog.holyart.it\/fr\/#website\",\"url\":\"https:\/\/blog.holyart.it\/fr\/\",\"name\":\"Holyart.fr Blog\",\"description\":\"Holyblog\",\"publisher\":{\"@id\":\"https:\/\/blog.holyart.it\/fr\/#organization\"},\"potentialAction\":[{\"@type\":\"SearchAction\",\"target\":{\"@type\":\"EntryPoint\",\"urlTemplate\":\"https:\/\/blog.holyart.it\/fr\/?s={search_term_string}\"},\"query-input\":{\"@type\":\"PropertyValueSpecification\",\"valueRequired\":true,\"valueName\":\"search_term_string\"}}],\"inLanguage\":\"fr-FR\"},{\"@type\":\"Organization\",\"@id\":\"https:\/\/blog.holyart.it\/fr\/#organization\",\"name\":\"Holyart.fr Blog\",\"url\":\"https:\/\/blog.holyart.it\/fr\/\",\"logo\":{\"@type\":\"ImageObject\",\"inLanguage\":\"fr-FR\",\"@id\":\"https:\/\/blog.holyart.it\/fr\/#\/schema\/logo\/image\/\",\"url\":\"https:\/\/blog.holyart.it\/fr\/wp-content\/uploads\/sites\/14\/2022\/12\/Holyart_Blog_Logo.jpg\",\"contentUrl\":\"https:\/\/blog.holyart.it\/fr\/wp-content\/uploads\/sites\/14\/2022\/12\/Holyart_Blog_Logo.jpg\",\"width\":300,\"height\":50,\"caption\":\"Holyart.fr Blog\"},\"image\":{\"@id\":\"https:\/\/blog.holyart.it\/fr\/#\/schema\/logo\/image\/\"}},{\"@type\":\"Person\",\"@id\":\"https:\/\/blog.holyart.it\/fr\/#\/schema\/person\/0a7b686e5af0f856ec1e390dd0baecda\",\"name\":\"Redazione\",\"image\":{\"@type\":\"ImageObject\",\"inLanguage\":\"fr-FR\",\"@id\":\"https:\/\/blog.holyart.it\/fr\/#\/schema\/person\/image\/\",\"url\":\"https:\/\/secure.gravatar.com\/avatar\/f477da817f43e50d0af36abecd33e3edf826c68299714bdc1057dff3b113f516?s=96&d=mm&r=g\",\"contentUrl\":\"https:\/\/secure.gravatar.com\/avatar\/f477da817f43e50d0af36abecd33e3edf826c68299714bdc1057dff3b113f516?s=96&d=mm&r=g\",\"caption\":\"Redazione\"},\"url\":\"https:\/\/blog.holyart.it\/fr\/author\/admin\/\"}]}<\/script>\n<!-- \/ Yoast SEO plugin. -->","yoast_head_json":{"title":"Combien de voyages Pape Fran\u00e7ois a d\u00e9j\u00e0 fait ? - Holyart.fr Blog","description":"Les voyages de Pape Fran\u00e7ois sont un \u00e9l\u00e9ment d\u00e9terminant de sa mission \u00e9vang\u00e9lique et \u0153cum\u00e9nique, sa recherche de la pr\u00e9sence de Christ dans le monde.","robots":{"index":"index","follow":"follow","max-snippet":"max-snippet:-1","max-image-preview":"max-image-preview:large","max-video-preview":"max-video-preview:-1"},"canonical":"https:\/\/blog.holyart.it\/fr\/occasions-speciales\/combien-de-voyages-pape-francois-a-deja-fait\/","og_locale":"fr_FR","og_type":"article","og_title":"Combien de voyages Pape Fran\u00e7ois a d\u00e9j\u00e0 fait ? - Holyart.fr Blog","og_description":"Les voyages de Pape Fran\u00e7ois sont un \u00e9l\u00e9ment d\u00e9terminant de sa mission \u00e9vang\u00e9lique et \u0153cum\u00e9nique, sa recherche de la pr\u00e9sence de Christ dans le monde.","og_url":"https:\/\/blog.holyart.it\/fr\/occasions-speciales\/combien-de-voyages-pape-francois-a-deja-fait\/","og_site_name":"Holyart.fr Blog","article_published_time":"2024-06-10T08:00:56+00:00","article_modified_time":"2025-03-05T11:51:21+00:00","og_image":[{"width":1000,"height":666,"url":"https:\/\/blog.holyart.it\/fr\/wp-content\/uploads\/sites\/14\/2024\/06\/voyages-de-Pape-Francois.jpg","type":"image\/jpeg"}],"author":"Redazione","twitter_card":"summary_large_image","twitter_misc":{"\u00c9crit par":"Redazione","Dur\u00e9e de lecture estim\u00e9e":"9 minutes"},"schema":{"@context":"https:\/\/schema.org","@graph":[{"@type":"Article","@id":"https:\/\/blog.holyart.it\/fr\/occasions-speciales\/combien-de-voyages-pape-francois-a-deja-fait\/#article","isPartOf":{"@id":"https:\/\/blog.holyart.it\/fr\/occasions-speciales\/combien-de-voyages-pape-francois-a-deja-fait\/"},"author":{"name":"Redazione","@id":"https:\/\/blog.holyart.it\/fr\/#\/schema\/person\/0a7b686e5af0f856ec1e390dd0baecda"},"headline":"Combien de voyages Pape Fran\u00e7ois a d\u00e9j\u00e0 fait ?","datePublished":"2024-06-10T08:00:56+00:00","dateModified":"2025-03-05T11:51:21+00:00","mainEntityOfPage":{"@id":"https:\/\/blog.holyart.it\/fr\/occasions-speciales\/combien-de-voyages-pape-francois-a-deja-fait\/"},"wordCount":1695,"publisher":{"@id":"https:\/\/blog.holyart.it\/fr\/#organization"},"image":{"@id":"https:\/\/blog.holyart.it\/fr\/occasions-speciales\/combien-de-voyages-pape-francois-a-deja-fait\/#primaryimage"},"thumbnailUrl":"https:\/\/blog.holyart.it\/fr\/wp-content\/uploads\/sites\/14\/2024\/06\/voyages-de-Pape-Francois.jpg","articleSection":["Occasions sp\u00e9ciales"],"inLanguage":"fr-FR"},{"@type":"WebPage","@id":"https:\/\/blog.holyart.it\/fr\/occasions-speciales\/combien-de-voyages-pape-francois-a-deja-fait\/","url":"https:\/\/blog.holyart.it\/fr\/occasions-speciales\/combien-de-voyages-pape-francois-a-deja-fait\/","name":"Combien de voyages Pape Fran\u00e7ois a d\u00e9j\u00e0 fait ? - Holyart.fr Blog","isPartOf":{"@id":"https:\/\/blog.holyart.it\/fr\/#website"},"primaryImageOfPage":{"@id":"https:\/\/blog.holyart.it\/fr\/occasions-speciales\/combien-de-voyages-pape-francois-a-deja-fait\/#primaryimage"},"image":{"@id":"https:\/\/blog.holyart.it\/fr\/occasions-speciales\/combien-de-voyages-pape-francois-a-deja-fait\/#primaryimage"},"thumbnailUrl":"https:\/\/blog.holyart.it\/fr\/wp-content\/uploads\/sites\/14\/2024\/06\/voyages-de-Pape-Francois.jpg","datePublished":"2024-06-10T08:00:56+00:00","dateModified":"2025-03-05T11:51:21+00:00","description":"Les voyages de Pape Fran\u00e7ois sont un \u00e9l\u00e9ment d\u00e9terminant de sa mission \u00e9vang\u00e9lique et \u0153cum\u00e9nique, sa recherche de la pr\u00e9sence de Christ dans le monde.","breadcrumb":{"@id":"https:\/\/blog.holyart.it\/fr\/occasions-speciales\/combien-de-voyages-pape-francois-a-deja-fait\/#breadcrumb"},"inLanguage":"fr-FR","potentialAction":[{"@type":"ReadAction","target":["https:\/\/blog.holyart.it\/fr\/occasions-speciales\/combien-de-voyages-pape-francois-a-deja-fait\/"]}]},{"@type":"ImageObject","inLanguage":"fr-FR","@id":"https:\/\/blog.holyart.it\/fr\/occasions-speciales\/combien-de-voyages-pape-francois-a-deja-fait\/#primaryimage","url":"https:\/\/blog.holyart.it\/fr\/wp-content\/uploads\/sites\/14\/2024\/06\/voyages-de-Pape-Francois.jpg","contentUrl":"https:\/\/blog.holyart.it\/fr\/wp-content\/uploads\/sites\/14\/2024\/06\/voyages-de-Pape-Francois.jpg","width":1000,"height":666},{"@type":"BreadcrumbList","@id":"https:\/\/blog.holyart.it\/fr\/occasions-speciales\/combien-de-voyages-pape-francois-a-deja-fait\/#breadcrumb","itemListElement":[{"@type":"ListItem","position":1,"name":"Homepage","item":"https:\/\/blog.holyart.it\/fr\/"},{"@type":"ListItem","position":2,"name":"Occasions sp\u00e9ciales","item":"https:\/\/blog.holyart.it\/fr\/occasions-speciales\/"},{"@type":"ListItem","position":3,"name":"Combien de voyages Pape Fran\u00e7ois a d\u00e9j\u00e0 fait ?"}]},{"@type":"WebSite","@id":"https:\/\/blog.holyart.it\/fr\/#website","url":"https:\/\/blog.holyart.it\/fr\/","name":"Holyart.fr Blog","description":"Holyblog","publisher":{"@id":"https:\/\/blog.holyart.it\/fr\/#organization"},"potentialAction":[{"@type":"SearchAction","target":{"@type":"EntryPoint","urlTemplate":"https:\/\/blog.holyart.it\/fr\/?s={search_term_string}"},"query-input":{"@type":"PropertyValueSpecification","valueRequired":true,"valueName":"search_term_string"}}],"inLanguage":"fr-FR"},{"@type":"Organization","@id":"https:\/\/blog.holyart.it\/fr\/#organization","name":"Holyart.fr Blog","url":"https:\/\/blog.holyart.it\/fr\/","logo":{"@type":"ImageObject","inLanguage":"fr-FR","@id":"https:\/\/blog.holyart.it\/fr\/#\/schema\/logo\/image\/","url":"https:\/\/blog.holyart.it\/fr\/wp-content\/uploads\/sites\/14\/2022\/12\/Holyart_Blog_Logo.jpg","contentUrl":"https:\/\/blog.holyart.it\/fr\/wp-content\/uploads\/sites\/14\/2022\/12\/Holyart_Blog_Logo.jpg","width":300,"height":50,"caption":"Holyart.fr Blog"},"image":{"@id":"https:\/\/blog.holyart.it\/fr\/#\/schema\/logo\/image\/"}},{"@type":"Person","@id":"https:\/\/blog.holyart.it\/fr\/#\/schema\/person\/0a7b686e5af0f856ec1e390dd0baecda","name":"Redazione","image":{"@type":"ImageObject","inLanguage":"fr-FR","@id":"https:\/\/blog.holyart.it\/fr\/#\/schema\/person\/image\/","url":"https:\/\/secure.gravatar.com\/avatar\/f477da817f43e50d0af36abecd33e3edf826c68299714bdc1057dff3b113f516?s=96&d=mm&r=g","contentUrl":"https:\/\/secure.gravatar.com\/avatar\/f477da817f43e50d0af36abecd33e3edf826c68299714bdc1057dff3b113f516?s=96&d=mm&r=g","caption":"Redazione"},"url":"https:\/\/blog.holyart.it\/fr\/author\/admin\/"}]}},"_links":{"self":[{"href":"https:\/\/blog.holyart.it\/fr\/wp-json\/wp\/v2\/posts\/8324","targetHints":{"allow":["GET"]}}],"collection":[{"href":"https:\/\/blog.holyart.it\/fr\/wp-json\/wp\/v2\/posts"}],"about":[{"href":"https:\/\/blog.holyart.it\/fr\/wp-json\/wp\/v2\/types\/post"}],"author":[{"embeddable":true,"href":"https:\/\/blog.holyart.it\/fr\/wp-json\/wp\/v2\/users\/1"}],"replies":[{"embeddable":true,"href":"https:\/\/blog.holyart.it\/fr\/wp-json\/wp\/v2\/comments?post=8324"}],"version-history":[{"count":3,"href":"https:\/\/blog.holyart.it\/fr\/wp-json\/wp\/v2\/posts\/8324\/revisions"}],"predecessor-version":[{"id":8333,"href":"https:\/\/blog.holyart.it\/fr\/wp-json\/wp\/v2\/posts\/8324\/revisions\/8333"}],"wp:featuredmedia":[{"embeddable":true,"href":"https:\/\/blog.holyart.it\/fr\/wp-json\/wp\/v2\/media\/8328"}],"wp:attachment":[{"href":"https:\/\/blog.holyart.it\/fr\/wp-json\/wp\/v2\/media?parent=8324"}],"wp:term":[{"taxonomy":"category","embeddable":true,"href":"https:\/\/blog.holyart.it\/fr\/wp-json\/wp\/v2\/categories?post=8324"},{"taxonomy":"post_tag","embeddable":true,"href":"https:\/\/blog.holyart.it\/fr\/wp-json\/wp\/v2\/tags?post=8324"}],"curies":[{"name":"wp","href":"https:\/\/api.w.org\/{rel}","templated":true}]}}