{"id":8312,"date":"2024-06-05T10:00:08","date_gmt":"2024-06-05T08:00:08","guid":{"rendered":"https:\/\/blog.holyart.it\/fr\/?p=8312"},"modified":"2025-10-17T17:24:33","modified_gmt":"2025-10-17T15:24:33","slug":"via-francigena-parmi-les-plus-anciens-itineraires-de-pelerinage","status":"publish","type":"post","link":"https:\/\/blog.holyart.it\/fr\/articles-religieux\/via-francigena-parmi-les-plus-anciens-itineraires-de-pelerinage\/","title":{"rendered":"Via Francigena : parmi les plus anciens itin\u00e9raires de p\u00e8lerinage"},"content":{"rendered":"<h4><em>De Cantorb\u00e9ry aux Pouilles, se d\u00e9roule une route parcourue depuis des si\u00e8cles par des hommes \u00e0 la recherche de Dieu et d\u2019eux-m\u00eames. C\u2019est la Via Francigena, ou voie francig\u00e8ne.<\/em><\/h4>\n\n<p>Nous avons tous surement d\u00e9j\u00e0 entendu parler de la Via Francigena, un des chemins les plus connus et les plus parcourus par les p\u00e8lerins du monde entier. Chemin de d\u00e9fi avec soi-m\u00eame et <strong>recherche int\u00e9rieure<\/strong>, pour se mettre \u00e0 l\u2019\u00e9preuve physiquement et psychologiquement, avec ses 2000 km environ, de <strong>Cantorb\u00e9ry<\/strong>, en Angleterre, jusqu\u2019\u00e0 Santa Maria di Leuca dans les <strong>Pouilles<\/strong>, en traversant la France et la Suisse. <strong>Chemin de foi<\/strong>, car ce long parcours passe par <strong>Rome<\/strong>, o\u00f9 les d\u00e9pouilles mortelles des ap\u00f4tres Pierre et Paul reposent depuis des si\u00e8cles.<\/p>\n<p>En r\u00e9alit\u00e9, il est erron\u00e9 de parler d\u2019une seule Via Francigena, dite en latin <em>Francisca<\/em> ou <em>Romea<\/em>. En effet, la Via Francigena <strong>n\u2019est pas une seule voie<\/strong>, mais <strong>un syst\u00e8me de voies<\/strong>, qui recueille les anciens parcours qui reliaient Cantorb\u00e9ry \u00e0 Rome et ensuite aux Pouilles, d\u2019o\u00f9 on pouvait partir pour atteindre la <strong>Terre Sainte<\/strong>.<\/p>\n<p>Ce long parcours traverse des longues \u00e9tendues de nature intacte, mais aussi d\u2019anciennes et suggestives bourgades, des villes d\u2019art et des d\u00e9cors merveilleux, qui ont fait en sorte que, en 1994, il a \u00e9t\u00e9 d\u00e9clar\u00e9 <strong><em>Itin\u00e9raire Culturel Europ\u00e9en<\/em><\/strong>, comme le <a href=\"https:\/\/www.holyart.fr\/blog\/articles-religieux\/le-chemin-de-saint-jacques-de-compostelle-histoire-et-curiosites-dun-des-plus-celebres-itineraires-religieux\/\"><strong>Chemin de Saint-Jacques-de-Compostelle<\/strong><\/a>.<\/p>\n<p>Apprenons \u00e0 mieux la conna\u00eetre.<\/p>\n<div class=\"link-article\">\n<p><img loading=\"lazy\" decoding=\"async\" class=\"size-full wp-image-8315 alignleft\" src=\"https:\/\/blog.holyart.it\/fr\/wp-content\/uploads\/sites\/14\/2024\/06\/Chemin-de-saint-jacques-de-Compostelle.jpeg\" alt=\"Chemin de saint jacques de Compostelle\" width=\"150\" height=\"100\" data-kale-share-title=\"Via Francigena : parmi les plus anciens itin\u00e9raires de p\u00e8lerinage\" data-kale-share-url=\"https:\/\/blog.holyart.it\/fr\/?p=8312\" \/><\/p>\n<div class=\"leggi-anche\">Lire aussi :<\/div>\n<p><strong><a href=\"https:\/\/www.holyart.fr\/blog\/articles-religieux\/le-chemin-de-saint-jacques-de-compostelle-histoire-et-curiosites-dun-des-plus-celebres-itineraires-religieux\/\">Le Chemin de Saint-Jacques-de-Compostelle: histoire et curiosit\u00e9s d\u2019un des plus c\u00e9l\u00e8bres itin\u00e9raires religieux<\/a><\/strong><br \/>\nDepuis des si\u00e8cles, le Chemin de Saint-Jacques-de-Compostelle&#8230;<\/p>\n<\/div>\n<h2>Qu\u2019est-ce qu\u2019est la Via Francigena<\/h2>\n<p>Comme nous l\u2019avons d\u00e9j\u00e0 mentionn\u00e9, il s\u2019agit d\u2019une ancienne route, ou un ensemble de routes, qui, d\u00e9j\u00e0 au Moyen \u00c2ge, reliait Cantorb\u00e9ry aux Pouilles, point d\u2019embarquement pour les p\u00e8lerins qui voulaient se rendre en Terre Sainte, et pour les Crois\u00e9s. Les d\u00e9cors que l\u2019on y rencontre sont tr\u00e8s diff\u00e9rents entre eux, de la splendeur gotique de la <a href=\"https:\/\/www.holyart.fr\/blog\/saints-et-bienheureux\/saint-augustin-de-cantorbery-evangelisateur-dangleterre\/\"><strong>cath\u00e9drale de Cantorb\u00e9ry<\/strong><\/a>, au charme hors du temps de Rome, \u00e0 travers les imposantes montagnes fran\u00e7aises et autrichiennes, jusqu\u2019\u00e0 la mer couleur cobalt des Pouilles. Outre les suggestions naturelles et architecturales, la Via Francigena a absorb\u00e9, au cours des si\u00e8cles, <strong>les cultures et les traditions<\/strong> de tous les hommes qui l\u2019ont parcourue, en devenant v\u00e9ritable gardienne de la civilisation occidentale, outre que de la spiritualit\u00e9.<\/p>\n<div class=\"link-article\">\n<p><img loading=\"lazy\" decoding=\"async\" class=\"size-full wp-image-8316 alignleft\" src=\"https:\/\/blog.holyart.it\/fr\/wp-content\/uploads\/sites\/14\/2024\/06\/Saint-Augustin-de-Cantorbery-evangelisateur-dAngleterre.jpg\" alt=\"Saint Augustin de Cantorb\u00e9ry, \u00e9vang\u00e9lisateur d\u2019Angleterre\" width=\"150\" height=\"99\" data-kale-share-title=\"Via Francigena : parmi les plus anciens itin\u00e9raires de p\u00e8lerinage\" data-kale-share-url=\"https:\/\/blog.holyart.it\/fr\/?p=8312\" \/><\/p>\n<div class=\"leggi-anche\">Lire aussi :<\/div>\n<p><strong><a href=\"https:\/\/www.holyart.fr\/blog\/saints-et-bienheureux\/saint-augustin-de-cantorbery-evangelisateur-dangleterre\/\">Saint Augustin de Cantorb\u00e9ry, \u00e9vang\u00e9lisateur d\u2019Angleterre<\/a><\/strong><br \/>\nSaint Augustin de Cantorb\u00e9ry, dit l\u2019Ap\u00f4tre d\u2019Angleterre, est ador\u00e9 comme saint par les catholiques et les&#8230;<\/p>\n<\/div>\n<p>Dans le pass\u00e9, ce r\u00e9seau de routes s\u2019appelait <strong>Vie Francigene<\/strong>, car il s\u2019agissait de routes construites par les Francs, afin de superviser plus facilement les terres conquises et soumises. Une autre d\u00e9finition successive de ces parcours est <strong>Vie Romme<\/strong>, comme elles \u00e9taient appel\u00e9es dans le Moyen \u00c2ge, car elles conduisaient les p\u00e8lerins \u00e0 Rome, une des principales <a href=\"https:\/\/www.holyart.fr\/blog\/articles-religieux\/5-lieux-de-pelerinage-ou-se-rendre-au-moins-une-fois-dans-sa-vie\/\"><strong>destinations de p\u00e8lerinage<\/strong><\/a> d\u00e9votionnel de la Chr\u00e9tient\u00e9, avec J\u00e9rusalem et Saint-Jacques-de-Compostelle.<\/p>\n<p><strong>Quelle longueur fait le parcours de la Via Francigena<\/strong>\u00a0? Il mesure <strong>1.700 km<\/strong> dans son parcours complet de Cantorb\u00e9ry \u00e0 Santa Maria di Leuca, avec un d\u00e9nivel\u00e9 de 1.347 m\u00e8tres et peut \u00eatre parcouru \u00e0 pied en un mois et demi, avec une moyenne de 20 km par jour, ou en deux semaines environ avec un v\u00e9lo hybride en p\u00e9dalant sur 60 km par jour.<\/p>\n<p>Quelles sont les \u00e9tapes les plus belles de la Via Francigena\u00a0? Difficile \u00e0 dire, vue sa grande vari\u00e9t\u00e9. Tout d\u00e9pend de l\u2019int\u00e9r\u00eat et des pr\u00e9f\u00e9rences de qui la parcourt. D\u00e9j\u00e0 la toute premi\u00e8re \u00e9tape, <strong>de Cantorb\u00e9ry \u00e0 Douvres<\/strong>, la North Downs Way, permet d\u2019admirer la beaut\u00e9 de la campagne anglaise.<\/p>\n<div class=\"link-article\">\n<p><img loading=\"lazy\" decoding=\"async\" class=\"size-full wp-image-8317 alignleft\" src=\"https:\/\/blog.holyart.it\/fr\/wp-content\/uploads\/sites\/14\/2024\/06\/5-lieux-de-pelerinage.jpeg\" alt=\"5 lieux de p\u00e8lerinage\" width=\"150\" height=\"99\" data-kale-share-title=\"Via Francigena : parmi les plus anciens itin\u00e9raires de p\u00e8lerinage\" data-kale-share-url=\"https:\/\/blog.holyart.it\/fr\/?p=8312\" \/><\/p>\n<div class=\"leggi-anche\">Lire aussi :<\/div>\n<p><strong><a href=\"https:\/\/www.holyart.fr\/blog\/articles-religieux\/5-lieux-de-pelerinage-ou-se-rendre-au-moins-une-fois-dans-sa-vie\/\">5 lieux de p\u00e8lerinage o\u00f9 se rendre au moins une fois dans sa vie<\/a><\/strong><br \/>\nL\u2019action de Dieu sur cette Terre laisse une marque forte et qui nous attire : voici cinq p\u00e8lerinages de foi \u00e0 faire au moins&#8230;.<\/p>\n<\/div>\n<p>\u00c0 travers le d\u00e9troit de la Manche on arrive en <strong>France<\/strong>, o\u00f9 on voyage \u00e0 travers des r\u00e9gions merveilleuses, du Nord-Pas-de-Calais \u00e0 la Champagne-Ardenne, de la Picardie \u00e0 la Franche-Comt\u00e9.<\/p>\n<p><strong>De Reims<\/strong>, o\u00f9 furent couronn\u00e9s les Rois fran\u00e7ais pendant mille ans, <strong>\u00e0 Verzy<\/strong>, on peut admirer les beaut\u00e9s naturelles du Parc R\u00e9gional de la Montagne de Reims, et appr\u00e9cier la zone la plus c\u00e9l\u00e8bre pour la production du Champagne, avec d\u2019excellentes excursions \u0153nogastronomiques.<br \/>\n<strong>De Mouthier-Haute-Pierre \u00e0 Pontarlier<\/strong>\u00a0dans la r\u00e9gion Bourgogne Franche-Comt\u00e9, on se perd entre des bois luxuriants et des gorges karstiques \u00e0 couper le souffle, jusqu\u2019au Juras, la cha\u00eene montagneuse qui s\u00e9pare France et Suisse.<\/p>\n<p>En <strong>Suisse<\/strong>, la Via Francigena touche les cantons de Vaud et Valais.<\/p>\n<p><strong>De Lausanne \u00e0 Aigle<\/strong>, le paysage change de nouveau, entre des charmantes petites villes et des ch\u00e2teaux m\u00e9di\u00e9vaux, les rives du Lac L\u00e9man et les terrasses viticoles de Lavaux, Patrimoine de l\u2019UNESCO.<\/p>\n<p><strong>Entre le col du Grand-Saint-Bernard et \u00c9troubles <\/strong>on monte jusqu\u2019\u00e0 2.473 m\u00e8tres, entre les sommets enneig\u00e9s et les fleurs de montagnes, et on acc\u00e8de \u00e0 l\u2019Italie \u00e0 travers le col du Grand-Saint-Bernard, le point le plus haut de la Via Francigena. On redescend ensuite en Val d\u2019Aoste, entre des magnifiques d\u00e9cors montagnards, animaux sauvages et sp\u00e9cialit\u00e9s culinaires \u00e0 ne pas rater.<\/p>\n<p>Nous verrons dans un autre paragraphe o\u00f9 la Via Francigena passe en Italie.<\/p>\n<h2>L\u2019itin\u00e9raire de Sig\u00e9ric<\/h2>\n<p>Ce fut <strong>Sig\u00e9ric de Cantorb\u00e9ry<\/strong>, archev\u00eaque de Cantorb\u00e9ry \u00e0 la fin du Xe si\u00e8cle, qui \u00e9tablit les \u00e9tapes du voyage le long de la Via Francigena. Son itin\u00e9raire, soigneusement not\u00e9 sur son journal, partait de Cantorb\u00e9ry et arrivait \u00e0 Rome, avec un chemin d\u2019environ 1.020 km \u00e0 parcourir en 14 jours. Encore aujourd\u2019hui, il y en a qui choisissent de le parcourir, conscients de la difficult\u00e9 et de la n\u00e9cessit\u00e9 d\u2019\u00eatre bien entra\u00een\u00e9s. L\u2019itin\u00e9raire de Sig\u00e9ric est surement le plus fid\u00e8le \u00e0 la tradition.<\/p>\n<p>En voici ses \u00e9tapes :<\/p>\n<ul>\n<li>Cath\u00e9drale de Cantorb\u00e9ry<\/li>\n<li>Hauts de France<\/li>\n<li>Nord-Pas-de-Calais<\/li>\n<li>Champagne-Ardenne<\/li>\n<li>Franche-Comt\u00e9<\/li>\n<li>Canton Vaud (Suisse)<\/li>\n<li>Canton Valois (Suisse)<\/li>\n<li>Val d\u2019Aoste<\/li>\n<li>Pi\u00e9mont<\/li>\n<li>Lombardie<\/li>\n<li>\u00c9milie-Romagne<\/li>\n<li>Toscane<\/li>\n<li>Latium<\/li>\n<li>Cit\u00e9 du Vatican.<\/li>\n<\/ul>\n<h2>Via Francigena : les \u00e9tapes en Italie<\/h2>\n<p>En Italie, la Via Francigena passe \u00e0 travers <strong>sept r\u00e9gions<\/strong> : Val d\u2019Aoste, Pi\u00e9mont, Lombardie, \u00c9milie-Romagne, Ligurie, Toscane, Latium. Elle touche au total <strong>140 communes<\/strong>, pour un total de 45 \u00e9tapes des 79 totales du chemin. Une longue route, autrefois impraticable, qui traversait la Botte du nord au sud, du <strong>col du Grand-Saint-Bernard<\/strong> \u00e0 <strong>Pavie<\/strong>, ancienne capitale lombarde, en passant par <strong>Ivr\u00e9e et Vercelli<\/strong>, et ensuite Plaisance, <strong>Fidenza, Fornovo et Berceto<\/strong> sur l\u2019Apennin Tosco-\u00c9milien, en surmontant le <strong>col de la Cisa<\/strong>, pour descendre \u00e0 <strong>Pontremoli et Luni<\/strong>, d\u2019o\u00f9 les anciens p\u00e8lerins s\u2019embarquaient pour Saint-Jacques-de-Compostelle, et ensuite de nouveau \u00e0 travers les collines lucquoises et suivant le cours de l\u2019Arno, de <strong>Altopascio <\/strong>\u00e0<strong> San Miniato<\/strong>, du <strong>col Val d\u2019Elsa<\/strong> \u00e0 <strong>Moteriggioni<\/strong> et encore <strong>Sienne<\/strong>, le <strong>Lac de Bolsena<\/strong>, <strong>Montefiascone<\/strong> et <strong>Viterbe<\/strong>, et enfin le long de la <strong>Via Aurelia<\/strong>, jusqu\u2019\u00e0 <strong>Rome<\/strong>, c\u0153ur et \u00e2me de la chr\u00e9tient\u00e9. Des bandits et des voleurs la battaient, des marchands la parcouraient, et avec eux des hommes \u00e0 la recherche de Dieu, ou simplement d\u2019eux-m\u00eames.<\/p>\n<div class=\"link-product\">\n<div class=\"blocco-immagine\"><img loading=\"lazy\" decoding=\"async\" class=\"size-full wp-image-8318 alignleft\" src=\"https:\/\/blog.holyart.it\/fr\/wp-content\/uploads\/sites\/14\/2024\/06\/Magnet-Sacre-Coeur-de-Jesus.jpg\" alt=\"Magnet Sacr\u00e9 Coeur de J\u00e9sus\" width=\"100\" height=\"100\" data-kale-share-title=\"Via Francigena : parmi les plus anciens itin\u00e9raires de p\u00e8lerinage\" data-kale-share-url=\"https:\/\/blog.holyart.it\/fr\/?p=8312\" \/><\/div>\n<div class=\"blocco-contenuto\">\n<div class=\"blocco-acquista\">Acheter sur Holyart:<\/div>\n<div class=\"blocco-titolo\"><a href=\"https:\/\/www.holyart.fr\/jubile-2025-pelerins-desperance\/kit-du-pelerin-et-gadgets-du-jubile-2025\/gourde-aluminium-bleu-jubile-2025-kit-du-pelerin\">MAGNETS RELIGIEUX<\/a><\/div>\n<div class=\"blocco-descrizione\">Magnets avec images des Saints, anges gardiens, Notre Dame et Jean Paul II.<\/div>\n<\/div>\n<\/div>\n<h2>Carnet du p\u00e8lerin<\/h2>\n<p>Exactement comme ceux qui parcourent le <a href=\"https:\/\/www.holyart.fr\/articles-religieux\/chapelets-et-etuis-a-chapelet\/rosaires-de-devotion\/chapelet-du-pelerin-grains-verre-transparent-6-mm-collection-de-la-foi-12-47\"><strong>Chemin de Saint-Jacques-de-Compostelle<\/strong><\/a> am\u00e8nent avec eux un document sp\u00e9cial \u00e9mis par le Bureau des P\u00e8lerins et cachet\u00e9 \u00e0 chaque \u00e9tape, qui leur permet d\u2019acc\u00e9der \u00e0 des remises et des facilit\u00e9s, ainsi la Via Francigena aussi a son <strong>carnet<\/strong>. Il s\u2019agit d\u2019une sorte de \u00ab\u00a0passeport du p\u00e8lerin\u00a0\u00bb, dans ce cas aussi cachet\u00e9 par des bureaux touristiques, mais aussi des paroisses, des structures d\u2019accueil et de restauration, et permet de jouir de traitements sp\u00e9ciaux et offres sp\u00e9ciales. Et comme ceux qui, arrivant \u00e0 Saint-Jacques-de-Compostelle, obtiennent la <strong>compostelle du p\u00e8lerin<\/strong>, ainsi ceux qui parcourent les derniers 100 km \u00e0 pieds ou 200 km en v\u00e9lo le long de la Via Francigena re\u00e7oivent le <strong><em>Testimonium<\/em><\/strong>, la certification de l\u2019advenu p\u00e8lerinage.<\/p>\n<div class=\"link-product\">\n<div class=\"blocco-immagine\"><img loading=\"lazy\" decoding=\"async\" class=\"size-full wp-image-8319 alignleft\" src=\"https:\/\/blog.holyart.it\/fr\/wp-content\/uploads\/sites\/14\/2024\/06\/Chapelet-du-Pelerin-grains-verre-transparent-6-mm-Collection-de-la-Foi-1247.jpg\" alt=\"Chapelet du P\u00e8lerin grains verre transparent 6 mm - Collection de la Foi 1247\" width=\"100\" height=\"100\" data-kale-share-title=\"Via Francigena : parmi les plus anciens itin\u00e9raires de p\u00e8lerinage\" data-kale-share-url=\"https:\/\/blog.holyart.it\/fr\/?p=8312\" \/><\/div>\n<div class=\"blocco-contenuto\">\n<div class=\"blocco-acquista\">Acheter sur Holyart:<\/div>\n<div class=\"blocco-titolo\"><a href=\"https:\/\/www.holyart.fr\/articles-religieux\/chapelets-et-etuis-a-chapelet\/rosaires-de-devotion\/chapelet-du-pelerin-grains-verre-transparent-6-mm-collection-de-la-foi-12-47\">Chapelet du P\u00e8lerin grains verre transparent &#8211; Collection de la Foi 12\/47<\/a><\/div>\n<div class=\"blocco-descrizione\">Chapelet du P\u00e8lerin, mod\u00e8le num\u00e9ro 12 sur 47 chapelets \u00e0 collectionner.<\/div>\n<\/div>\n<\/div>\n","protected":false},"excerpt":{"rendered":"<p>De Cantorb\u00e9ry aux Pouilles, se d\u00e9roule une route parcourue depuis des si\u00e8cles par des hommes \u00e0 la recherche de Dieu et d\u2019eux-m\u00eames. C\u2019est la Via Francigena, ou voie francig\u00e8ne. Nous avons tous surement d\u00e9j\u00e0 entendu parler de la Via Francigena, un des chemins les plus&hellip;<\/p>\n","protected":false},"author":1,"featured_media":8314,"comment_status":"closed","ping_status":"open","sticky":false,"template":"","format":"standard","meta":{"_acf_changed":false,"footnotes":""},"categories":[8],"tags":[],"class_list":["post-8312","post","type-post","status-publish","format-standard","has-post-thumbnail","hentry","category-articles-religieux"],"acf":[],"yoast_head":"<!-- This site is optimized with the Yoast SEO plugin v26.6 - https:\/\/yoast.com\/wordpress\/plugins\/seo\/ -->\n<title>Via Francigena : parmi les plus anciens itin\u00e9raires de p\u00e8lerinage - Holyart.fr Blog<\/title>\n<meta name=\"description\" content=\"Parcourons les \u00e9tapes fondamentales de la Via Francigena, long chemin de p\u00e8lerinage \u00e0 travers l\u2019Europe, entre beaut\u00e9s naturelles, histoire et spiritualit\u00e9.\" \/>\n<meta name=\"robots\" content=\"index, follow, max-snippet:-1, max-image-preview:large, max-video-preview:-1\" \/>\n<link rel=\"canonical\" href=\"https:\/\/blog.holyart.it\/fr\/articles-religieux\/via-francigena-parmi-les-plus-anciens-itineraires-de-pelerinage\/\" \/>\n<meta property=\"og:locale\" content=\"fr_FR\" \/>\n<meta property=\"og:type\" content=\"article\" \/>\n<meta property=\"og:title\" content=\"Via Francigena : parmi les plus anciens itin\u00e9raires de p\u00e8lerinage - Holyart.fr Blog\" \/>\n<meta property=\"og:description\" content=\"Parcourons les \u00e9tapes fondamentales de la Via Francigena, long chemin de p\u00e8lerinage \u00e0 travers l\u2019Europe, entre beaut\u00e9s naturelles, histoire et spiritualit\u00e9.\" \/>\n<meta property=\"og:url\" content=\"https:\/\/blog.holyart.it\/fr\/articles-religieux\/via-francigena-parmi-les-plus-anciens-itineraires-de-pelerinage\/\" \/>\n<meta property=\"og:site_name\" content=\"Holyart.fr Blog\" \/>\n<meta property=\"article:published_time\" content=\"2024-06-05T08:00:08+00:00\" \/>\n<meta property=\"article:modified_time\" content=\"2025-10-17T15:24:33+00:00\" \/>\n<meta property=\"og:image\" content=\"https:\/\/blog.holyart.it\/fr\/wp-content\/uploads\/sites\/14\/2024\/06\/via-francigena-fr.jpg\" \/>\n\t<meta property=\"og:image:width\" content=\"1000\" \/>\n\t<meta property=\"og:image:height\" content=\"666\" \/>\n\t<meta property=\"og:image:type\" content=\"image\/jpeg\" \/>\n<meta name=\"author\" content=\"Redazione\" \/>\n<meta name=\"twitter:card\" content=\"summary_large_image\" \/>\n<meta name=\"twitter:label1\" content=\"\u00c9crit par\" \/>\n\t<meta name=\"twitter:data1\" content=\"Redazione\" \/>\n\t<meta name=\"twitter:label2\" content=\"Dur\u00e9e de lecture estim\u00e9e\" \/>\n\t<meta name=\"twitter:data2\" content=\"8 minutes\" \/>\n<script type=\"application\/ld+json\" class=\"yoast-schema-graph\">{\"@context\":\"https:\/\/schema.org\",\"@graph\":[{\"@type\":\"Article\",\"@id\":\"https:\/\/blog.holyart.it\/fr\/articles-religieux\/via-francigena-parmi-les-plus-anciens-itineraires-de-pelerinage\/#article\",\"isPartOf\":{\"@id\":\"https:\/\/blog.holyart.it\/fr\/articles-religieux\/via-francigena-parmi-les-plus-anciens-itineraires-de-pelerinage\/\"},\"author\":{\"name\":\"Redazione\",\"@id\":\"https:\/\/blog.holyart.it\/fr\/#\/schema\/person\/0a7b686e5af0f856ec1e390dd0baecda\"},\"headline\":\"Via Francigena : parmi les plus anciens itin\u00e9raires de p\u00e8lerinage\",\"datePublished\":\"2024-06-05T08:00:08+00:00\",\"dateModified\":\"2025-10-17T15:24:33+00:00\",\"mainEntityOfPage\":{\"@id\":\"https:\/\/blog.holyart.it\/fr\/articles-religieux\/via-francigena-parmi-les-plus-anciens-itineraires-de-pelerinage\/\"},\"wordCount\":1439,\"publisher\":{\"@id\":\"https:\/\/blog.holyart.it\/fr\/#organization\"},\"image\":{\"@id\":\"https:\/\/blog.holyart.it\/fr\/articles-religieux\/via-francigena-parmi-les-plus-anciens-itineraires-de-pelerinage\/#primaryimage\"},\"thumbnailUrl\":\"https:\/\/blog.holyart.it\/fr\/wp-content\/uploads\/sites\/14\/2024\/06\/via-francigena-fr.jpg\",\"articleSection\":[\"Religion\"],\"inLanguage\":\"fr-FR\"},{\"@type\":\"WebPage\",\"@id\":\"https:\/\/blog.holyart.it\/fr\/articles-religieux\/via-francigena-parmi-les-plus-anciens-itineraires-de-pelerinage\/\",\"url\":\"https:\/\/blog.holyart.it\/fr\/articles-religieux\/via-francigena-parmi-les-plus-anciens-itineraires-de-pelerinage\/\",\"name\":\"Via Francigena : parmi les plus anciens itin\u00e9raires de p\u00e8lerinage - Holyart.fr Blog\",\"isPartOf\":{\"@id\":\"https:\/\/blog.holyart.it\/fr\/#website\"},\"primaryImageOfPage\":{\"@id\":\"https:\/\/blog.holyart.it\/fr\/articles-religieux\/via-francigena-parmi-les-plus-anciens-itineraires-de-pelerinage\/#primaryimage\"},\"image\":{\"@id\":\"https:\/\/blog.holyart.it\/fr\/articles-religieux\/via-francigena-parmi-les-plus-anciens-itineraires-de-pelerinage\/#primaryimage\"},\"thumbnailUrl\":\"https:\/\/blog.holyart.it\/fr\/wp-content\/uploads\/sites\/14\/2024\/06\/via-francigena-fr.jpg\",\"datePublished\":\"2024-06-05T08:00:08+00:00\",\"dateModified\":\"2025-10-17T15:24:33+00:00\",\"description\":\"Parcourons les \u00e9tapes fondamentales de la Via Francigena, long chemin de p\u00e8lerinage \u00e0 travers l\u2019Europe, entre beaut\u00e9s naturelles, histoire et spiritualit\u00e9.\",\"breadcrumb\":{\"@id\":\"https:\/\/blog.holyart.it\/fr\/articles-religieux\/via-francigena-parmi-les-plus-anciens-itineraires-de-pelerinage\/#breadcrumb\"},\"inLanguage\":\"fr-FR\",\"potentialAction\":[{\"@type\":\"ReadAction\",\"target\":[\"https:\/\/blog.holyart.it\/fr\/articles-religieux\/via-francigena-parmi-les-plus-anciens-itineraires-de-pelerinage\/\"]}]},{\"@type\":\"ImageObject\",\"inLanguage\":\"fr-FR\",\"@id\":\"https:\/\/blog.holyart.it\/fr\/articles-religieux\/via-francigena-parmi-les-plus-anciens-itineraires-de-pelerinage\/#primaryimage\",\"url\":\"https:\/\/blog.holyart.it\/fr\/wp-content\/uploads\/sites\/14\/2024\/06\/via-francigena-fr.jpg\",\"contentUrl\":\"https:\/\/blog.holyart.it\/fr\/wp-content\/uploads\/sites\/14\/2024\/06\/via-francigena-fr.jpg\",\"width\":1000,\"height\":666,\"caption\":\"via francigena\"},{\"@type\":\"BreadcrumbList\",\"@id\":\"https:\/\/blog.holyart.it\/fr\/articles-religieux\/via-francigena-parmi-les-plus-anciens-itineraires-de-pelerinage\/#breadcrumb\",\"itemListElement\":[{\"@type\":\"ListItem\",\"position\":1,\"name\":\"Homepage\",\"item\":\"https:\/\/blog.holyart.it\/fr\/\"},{\"@type\":\"ListItem\",\"position\":2,\"name\":\"Religion\",\"item\":\"https:\/\/blog.holyart.it\/fr\/articles-religieux\/\"},{\"@type\":\"ListItem\",\"position\":3,\"name\":\"Via Francigena : parmi les plus anciens itin\u00e9raires de p\u00e8lerinage\"}]},{\"@type\":\"WebSite\",\"@id\":\"https:\/\/blog.holyart.it\/fr\/#website\",\"url\":\"https:\/\/blog.holyart.it\/fr\/\",\"name\":\"Holyart.fr Blog\",\"description\":\"Holyblog\",\"publisher\":{\"@id\":\"https:\/\/blog.holyart.it\/fr\/#organization\"},\"potentialAction\":[{\"@type\":\"SearchAction\",\"target\":{\"@type\":\"EntryPoint\",\"urlTemplate\":\"https:\/\/blog.holyart.it\/fr\/?s={search_term_string}\"},\"query-input\":{\"@type\":\"PropertyValueSpecification\",\"valueRequired\":true,\"valueName\":\"search_term_string\"}}],\"inLanguage\":\"fr-FR\"},{\"@type\":\"Organization\",\"@id\":\"https:\/\/blog.holyart.it\/fr\/#organization\",\"name\":\"Holyart.fr Blog\",\"url\":\"https:\/\/blog.holyart.it\/fr\/\",\"logo\":{\"@type\":\"ImageObject\",\"inLanguage\":\"fr-FR\",\"@id\":\"https:\/\/blog.holyart.it\/fr\/#\/schema\/logo\/image\/\",\"url\":\"https:\/\/blog.holyart.it\/fr\/wp-content\/uploads\/sites\/14\/2022\/12\/Holyart_Blog_Logo.jpg\",\"contentUrl\":\"https:\/\/blog.holyart.it\/fr\/wp-content\/uploads\/sites\/14\/2022\/12\/Holyart_Blog_Logo.jpg\",\"width\":300,\"height\":50,\"caption\":\"Holyart.fr Blog\"},\"image\":{\"@id\":\"https:\/\/blog.holyart.it\/fr\/#\/schema\/logo\/image\/\"}},{\"@type\":\"Person\",\"@id\":\"https:\/\/blog.holyart.it\/fr\/#\/schema\/person\/0a7b686e5af0f856ec1e390dd0baecda\",\"name\":\"Redazione\",\"image\":{\"@type\":\"ImageObject\",\"inLanguage\":\"fr-FR\",\"@id\":\"https:\/\/blog.holyart.it\/fr\/#\/schema\/person\/image\/\",\"url\":\"https:\/\/secure.gravatar.com\/avatar\/f477da817f43e50d0af36abecd33e3edf826c68299714bdc1057dff3b113f516?s=96&d=mm&r=g\",\"contentUrl\":\"https:\/\/secure.gravatar.com\/avatar\/f477da817f43e50d0af36abecd33e3edf826c68299714bdc1057dff3b113f516?s=96&d=mm&r=g\",\"caption\":\"Redazione\"},\"url\":\"https:\/\/blog.holyart.it\/fr\/author\/admin\/\"}]}<\/script>\n<!-- \/ Yoast SEO plugin. -->","yoast_head_json":{"title":"Via Francigena : parmi les plus anciens itin\u00e9raires de p\u00e8lerinage - Holyart.fr Blog","description":"Parcourons les \u00e9tapes fondamentales de la Via Francigena, long chemin de p\u00e8lerinage \u00e0 travers l\u2019Europe, entre beaut\u00e9s naturelles, histoire et spiritualit\u00e9.","robots":{"index":"index","follow":"follow","max-snippet":"max-snippet:-1","max-image-preview":"max-image-preview:large","max-video-preview":"max-video-preview:-1"},"canonical":"https:\/\/blog.holyart.it\/fr\/articles-religieux\/via-francigena-parmi-les-plus-anciens-itineraires-de-pelerinage\/","og_locale":"fr_FR","og_type":"article","og_title":"Via Francigena : parmi les plus anciens itin\u00e9raires de p\u00e8lerinage - Holyart.fr Blog","og_description":"Parcourons les \u00e9tapes fondamentales de la Via Francigena, long chemin de p\u00e8lerinage \u00e0 travers l\u2019Europe, entre beaut\u00e9s naturelles, histoire et spiritualit\u00e9.","og_url":"https:\/\/blog.holyart.it\/fr\/articles-religieux\/via-francigena-parmi-les-plus-anciens-itineraires-de-pelerinage\/","og_site_name":"Holyart.fr Blog","article_published_time":"2024-06-05T08:00:08+00:00","article_modified_time":"2025-10-17T15:24:33+00:00","og_image":[{"width":1000,"height":666,"url":"https:\/\/blog.holyart.it\/fr\/wp-content\/uploads\/sites\/14\/2024\/06\/via-francigena-fr.jpg","type":"image\/jpeg"}],"author":"Redazione","twitter_card":"summary_large_image","twitter_misc":{"\u00c9crit par":"Redazione","Dur\u00e9e de lecture estim\u00e9e":"8 minutes"},"schema":{"@context":"https:\/\/schema.org","@graph":[{"@type":"Article","@id":"https:\/\/blog.holyart.it\/fr\/articles-religieux\/via-francigena-parmi-les-plus-anciens-itineraires-de-pelerinage\/#article","isPartOf":{"@id":"https:\/\/blog.holyart.it\/fr\/articles-religieux\/via-francigena-parmi-les-plus-anciens-itineraires-de-pelerinage\/"},"author":{"name":"Redazione","@id":"https:\/\/blog.holyart.it\/fr\/#\/schema\/person\/0a7b686e5af0f856ec1e390dd0baecda"},"headline":"Via Francigena : parmi les plus anciens itin\u00e9raires de p\u00e8lerinage","datePublished":"2024-06-05T08:00:08+00:00","dateModified":"2025-10-17T15:24:33+00:00","mainEntityOfPage":{"@id":"https:\/\/blog.holyart.it\/fr\/articles-religieux\/via-francigena-parmi-les-plus-anciens-itineraires-de-pelerinage\/"},"wordCount":1439,"publisher":{"@id":"https:\/\/blog.holyart.it\/fr\/#organization"},"image":{"@id":"https:\/\/blog.holyart.it\/fr\/articles-religieux\/via-francigena-parmi-les-plus-anciens-itineraires-de-pelerinage\/#primaryimage"},"thumbnailUrl":"https:\/\/blog.holyart.it\/fr\/wp-content\/uploads\/sites\/14\/2024\/06\/via-francigena-fr.jpg","articleSection":["Religion"],"inLanguage":"fr-FR"},{"@type":"WebPage","@id":"https:\/\/blog.holyart.it\/fr\/articles-religieux\/via-francigena-parmi-les-plus-anciens-itineraires-de-pelerinage\/","url":"https:\/\/blog.holyart.it\/fr\/articles-religieux\/via-francigena-parmi-les-plus-anciens-itineraires-de-pelerinage\/","name":"Via Francigena : parmi les plus anciens itin\u00e9raires de p\u00e8lerinage - Holyart.fr Blog","isPartOf":{"@id":"https:\/\/blog.holyart.it\/fr\/#website"},"primaryImageOfPage":{"@id":"https:\/\/blog.holyart.it\/fr\/articles-religieux\/via-francigena-parmi-les-plus-anciens-itineraires-de-pelerinage\/#primaryimage"},"image":{"@id":"https:\/\/blog.holyart.it\/fr\/articles-religieux\/via-francigena-parmi-les-plus-anciens-itineraires-de-pelerinage\/#primaryimage"},"thumbnailUrl":"https:\/\/blog.holyart.it\/fr\/wp-content\/uploads\/sites\/14\/2024\/06\/via-francigena-fr.jpg","datePublished":"2024-06-05T08:00:08+00:00","dateModified":"2025-10-17T15:24:33+00:00","description":"Parcourons les \u00e9tapes fondamentales de la Via Francigena, long chemin de p\u00e8lerinage \u00e0 travers l\u2019Europe, entre beaut\u00e9s naturelles, histoire et spiritualit\u00e9.","breadcrumb":{"@id":"https:\/\/blog.holyart.it\/fr\/articles-religieux\/via-francigena-parmi-les-plus-anciens-itineraires-de-pelerinage\/#breadcrumb"},"inLanguage":"fr-FR","potentialAction":[{"@type":"ReadAction","target":["https:\/\/blog.holyart.it\/fr\/articles-religieux\/via-francigena-parmi-les-plus-anciens-itineraires-de-pelerinage\/"]}]},{"@type":"ImageObject","inLanguage":"fr-FR","@id":"https:\/\/blog.holyart.it\/fr\/articles-religieux\/via-francigena-parmi-les-plus-anciens-itineraires-de-pelerinage\/#primaryimage","url":"https:\/\/blog.holyart.it\/fr\/wp-content\/uploads\/sites\/14\/2024\/06\/via-francigena-fr.jpg","contentUrl":"https:\/\/blog.holyart.it\/fr\/wp-content\/uploads\/sites\/14\/2024\/06\/via-francigena-fr.jpg","width":1000,"height":666,"caption":"via francigena"},{"@type":"BreadcrumbList","@id":"https:\/\/blog.holyart.it\/fr\/articles-religieux\/via-francigena-parmi-les-plus-anciens-itineraires-de-pelerinage\/#breadcrumb","itemListElement":[{"@type":"ListItem","position":1,"name":"Homepage","item":"https:\/\/blog.holyart.it\/fr\/"},{"@type":"ListItem","position":2,"name":"Religion","item":"https:\/\/blog.holyart.it\/fr\/articles-religieux\/"},{"@type":"ListItem","position":3,"name":"Via Francigena : parmi les plus anciens itin\u00e9raires de p\u00e8lerinage"}]},{"@type":"WebSite","@id":"https:\/\/blog.holyart.it\/fr\/#website","url":"https:\/\/blog.holyart.it\/fr\/","name":"Holyart.fr Blog","description":"Holyblog","publisher":{"@id":"https:\/\/blog.holyart.it\/fr\/#organization"},"potentialAction":[{"@type":"SearchAction","target":{"@type":"EntryPoint","urlTemplate":"https:\/\/blog.holyart.it\/fr\/?s={search_term_string}"},"query-input":{"@type":"PropertyValueSpecification","valueRequired":true,"valueName":"search_term_string"}}],"inLanguage":"fr-FR"},{"@type":"Organization","@id":"https:\/\/blog.holyart.it\/fr\/#organization","name":"Holyart.fr Blog","url":"https:\/\/blog.holyart.it\/fr\/","logo":{"@type":"ImageObject","inLanguage":"fr-FR","@id":"https:\/\/blog.holyart.it\/fr\/#\/schema\/logo\/image\/","url":"https:\/\/blog.holyart.it\/fr\/wp-content\/uploads\/sites\/14\/2022\/12\/Holyart_Blog_Logo.jpg","contentUrl":"https:\/\/blog.holyart.it\/fr\/wp-content\/uploads\/sites\/14\/2022\/12\/Holyart_Blog_Logo.jpg","width":300,"height":50,"caption":"Holyart.fr Blog"},"image":{"@id":"https:\/\/blog.holyart.it\/fr\/#\/schema\/logo\/image\/"}},{"@type":"Person","@id":"https:\/\/blog.holyart.it\/fr\/#\/schema\/person\/0a7b686e5af0f856ec1e390dd0baecda","name":"Redazione","image":{"@type":"ImageObject","inLanguage":"fr-FR","@id":"https:\/\/blog.holyart.it\/fr\/#\/schema\/person\/image\/","url":"https:\/\/secure.gravatar.com\/avatar\/f477da817f43e50d0af36abecd33e3edf826c68299714bdc1057dff3b113f516?s=96&d=mm&r=g","contentUrl":"https:\/\/secure.gravatar.com\/avatar\/f477da817f43e50d0af36abecd33e3edf826c68299714bdc1057dff3b113f516?s=96&d=mm&r=g","caption":"Redazione"},"url":"https:\/\/blog.holyart.it\/fr\/author\/admin\/"}]}},"_links":{"self":[{"href":"https:\/\/blog.holyart.it\/fr\/wp-json\/wp\/v2\/posts\/8312","targetHints":{"allow":["GET"]}}],"collection":[{"href":"https:\/\/blog.holyart.it\/fr\/wp-json\/wp\/v2\/posts"}],"about":[{"href":"https:\/\/blog.holyart.it\/fr\/wp-json\/wp\/v2\/types\/post"}],"author":[{"embeddable":true,"href":"https:\/\/blog.holyart.it\/fr\/wp-json\/wp\/v2\/users\/1"}],"replies":[{"embeddable":true,"href":"https:\/\/blog.holyart.it\/fr\/wp-json\/wp\/v2\/comments?post=8312"}],"version-history":[{"count":5,"href":"https:\/\/blog.holyart.it\/fr\/wp-json\/wp\/v2\/posts\/8312\/revisions"}],"predecessor-version":[{"id":8354,"href":"https:\/\/blog.holyart.it\/fr\/wp-json\/wp\/v2\/posts\/8312\/revisions\/8354"}],"wp:featuredmedia":[{"embeddable":true,"href":"https:\/\/blog.holyart.it\/fr\/wp-json\/wp\/v2\/media\/8314"}],"wp:attachment":[{"href":"https:\/\/blog.holyart.it\/fr\/wp-json\/wp\/v2\/media?parent=8312"}],"wp:term":[{"taxonomy":"category","embeddable":true,"href":"https:\/\/blog.holyart.it\/fr\/wp-json\/wp\/v2\/categories?post=8312"},{"taxonomy":"post_tag","embeddable":true,"href":"https:\/\/blog.holyart.it\/fr\/wp-json\/wp\/v2\/tags?post=8312"}],"curies":[{"name":"wp","href":"https:\/\/api.w.org\/{rel}","templated":true}]}}