{"id":8281,"date":"2024-06-03T10:00:24","date_gmt":"2024-06-03T08:00:24","guid":{"rendered":"https:\/\/blog.holyart.it\/fr\/?p=8281"},"modified":"2024-06-27T12:34:07","modified_gmt":"2024-06-27T10:34:07","slug":"que-prendre-en-pelerinage-organiser-son-sac-a-dos","status":"publish","type":"post","link":"https:\/\/blog.holyart.it\/fr\/jubile-2025\/que-prendre-en-pelerinage-organiser-son-sac-a-dos\/","title":{"rendered":"Que prendre en p\u00e8lerinage : organiser son sac \u00e0 dos !"},"content":{"rendered":"<h4>Se pr\u00e9parer pour un p\u00e8lerinage est une exp\u00e9rience passionnante et spirituellement enrichissante. Pour garantir un voyage au d\u00e9roulement optimal, il est essentiel de choisir attentivement le n\u00e9cessaire \u00e0 apporter avec soi et comment organiser son sac \u00e0 dos.<\/h4>\n\n<p>Le p\u00e8lerinage est un voyage spirituel qui demande une pr\u00e9paration soign\u00e9e et rigoureuse. Se pr\u00e9parer de mani\u00e8re ad\u00e9quate pour un p\u00e8lerinage, surtout en vue du <a href=\"https:\/\/www.holyart.fr\/blog\/articles-religieux\/le-calendrier-des-evenements-du-jubile-2025\/\"><strong>Jubil\u00e9 2025<\/strong><\/a>, pour se rendre \u00e0 Rome ou vers d\u2019autres destinations sacr\u00e9es, est fondamental pour vivre une exp\u00e9rience profonde et sans anicroche. Mais que faut-il apporter en p\u00e8lerinage ?<\/p>\n<p>Les objets \u00e0 mettre dans son sac \u00e0 dos varient en fonction de la saison et de la destination, mais il y a certains <strong>\u00e9l\u00e9ments communs<\/strong> et sp\u00e9cifiques pour chaque destination. Assurez-vous d\u2019apporter tout le n\u00e9cessaire sans vous surcharger de poids inutiles et d\u2019adapter votre \u00e9quipement aux n\u00e9cessit\u00e9s sp\u00e9cifiques du voyage. Avec un sac \u00e0 dos bien organis\u00e9 et le c\u0153ur ouvert, vous serez pr\u00eat \u00e0 entreprendre ce chemin de foi et de d\u00e9couverte.<br \/>\nAvant de partir, il est important de s\u2019informer sur les<strong> n\u00e9cessit\u00e9s sp\u00e9cifiques et les r\u00e9glementations de la destination choisie<\/strong>. Rappelez-vous qu\u2019un p\u00e8lerinage est autant un voyage physique que spirituel et une bonne pr\u00e9paration peut faire la diff\u00e9rence entre une exp\u00e9rience fatigante et une enrichissante. Planifiez avec soin, apportez uniquement l\u2019essentiel et pr\u00e9parez-vous \u00e0 affronter le chemin avec le bon \u00e9tat d\u2019esprit.<\/p>\n<div class=\"link-article\">\n<p><img loading=\"lazy\" decoding=\"async\" class=\"size-full wp-image-8283 alignleft\" src=\"https:\/\/blog.holyart.it\/fr\/wp-content\/uploads\/sites\/14\/2024\/05\/Jubile-2025.jpg\" alt=\"Jubil\u00e9 2025\" width=\"150\" height=\"99\" data-kale-share-title=\"Que prendre en p\u00e8lerinage : organiser son sac \u00e0 dos !\" data-kale-share-url=\"https:\/\/blog.holyart.it\/fr\/?p=8281\" \/><\/p>\n<div class=\"leggi-anche\">Lire aussi :<\/div>\n<p><strong><a href=\"https:\/\/www.holyart.fr\/blog\/articles-religieux\/le-calendrier-des-evenements-du-jubile-2025\/\">Le calendrier des \u00e9v\u00e9nements du Jubil\u00e9 2025<\/a><\/strong><br \/>\nLe calendrier des \u00e9v\u00e9nements du Jubil\u00e9 2025 a \u00e9t\u00e9 publi\u00e9 : douze mois d\u2019\u00e9v\u00e9nements et occasions pour&#8230;<\/p>\n<\/div>\n<p>Voici un guide pratique pour affronter au mieux cette exp\u00e9rience unique et choisir avec attention le n\u00e9cessaire \u00e0 emmener en p\u00e8lerinage.<\/p>\n<p>Tout d\u2019abord, le sac \u00e0 dos.<\/p>\n<h2>Sac \u00e0 dos du p\u00e8lerin<\/h2>\n<p>Le sac \u00e0 dos pour p\u00e8lerin se devra d\u2019\u00eatre l\u00e9ger, mais spacieux, dot\u00e9 d\u2019une <strong>couverture imperm\u00e9able<\/strong> qui permet d\u2019en prot\u00e9ger tout le contenu en cas de pluie et d\u2019un espace pour contenir votre <strong>sac de couchage<\/strong>, indispensable selon les structures disponibles sur le parcours.<\/p>\n<p>\u00c0 l\u2019occasion de l\u2019<a href=\"https:\/\/www.holyart.fr\/blog\/articles-religieux\/quest-ce-quest-le-jubile-preparons-nous-a-une-nouvelle-annee-sainte\/\"><strong>Ann\u00e9e Sainte \u00e0 venir<\/strong><\/a> et des <a href=\"https:\/\/www.holyart.fr\/blog\/articles-religieux\/eglises-jubilaires-lieux-de-pelerinages-incontournables-pendant-le-jubile\/\"><strong>p\u00e8lerinages<\/strong><\/a> qui auront lieu \u00e0 cette occasion, Holyart propose le <a href=\"https:\/\/www.holyart.fr\/jubile-2025-pelerins-desperance\/kit-du-pelerin-et-gadgets-du-jubile-2025\/sac-a-dos-du-pelerin-kit-complet-jubile-2025\"><strong>Sac \u00e0 dos du P\u00e8lerin<\/strong><\/a>, un produit officiel du Jubil\u00e9 2025, autoris\u00e9 par le Dicast\u00e8re et dot\u00e9 d\u2019un cachet anti-contrefa\u00e7on, qui en garanti l\u2019authenticit\u00e9 et l\u2019aspect unique. Le sac \u00e0 dos contient un <strong>kit du P\u00e8lerin<\/strong>, qui allie la tradition avec les exigences du p\u00e8lerin moderne, con\u00e7u pour rendre le p\u00e8lerinage une exp\u00e9rience confortable et spirituellement enrichissante.<\/p>\n<div class=\"link-article\">\n<p><img loading=\"lazy\" decoding=\"async\" class=\"size-full wp-image-8284 alignleft\" src=\"https:\/\/blog.holyart.it\/fr\/wp-content\/uploads\/sites\/14\/2024\/05\/Eglises-Jubilaires-1.jpg\" alt=\"\u00c9glises Jubilaires\" width=\"150\" height=\"99\" data-kale-share-title=\"Que prendre en p\u00e8lerinage : organiser son sac \u00e0 dos !\" data-kale-share-url=\"https:\/\/blog.holyart.it\/fr\/?p=8281\" \/><\/p>\n<div class=\"leggi-anche\">Lire aussi :<\/div>\n<p><strong><a href=\"https:\/\/www.holyart.fr\/blog\/articles-religieux\/eglises-jubilaires-lieux-de-pelerinages-incontournables-pendant-le-jubile\/\">\u00c9glises Jubilaires, lieux de p\u00e8lerinages incontournables pendant le Jubil\u00e9<\/a><\/strong><br \/>\nLes \u00c9glises Jubilaires sont celles dot\u00e9es d\u2019une Porte Sainte&#8230;<\/p>\n<\/div>\n<p>Le sac \u00e0 dos en question poss\u00e8de une capacit\u00e9 de 28 litres et est <strong>produit en tissu rPET<\/strong>, un mat\u00e9riel obtenu des processus de r\u00e9cup\u00e9ration et recyclage du PET, con\u00e7u pour avoir un faible impact sur l\u2019environnement. Disponible uniquement en bleu, le sac est personnalis\u00e9 avec le <a href=\"https:\/\/www.holyart.fr\/blog\/articles-religieux\/la-signification-du-logo-du-jubile-2025-pelerins-desperance\/\"><strong>logo du Jubil\u00e9<\/strong><\/a> en couleurs et \u00e9quip\u00e9 d\u2019une <strong>\u00e9tiquette \u00e0 remplir<\/strong> avec les donn\u00e9es personnelles. \u00c0 l\u2019int\u00e9rieur se trouvent un ample compartiment principal refermable avec fermeture \u00e9clair et repliable et une s\u00e9paration rembourr\u00e9e permettant d\u2019y glisser les objets les plus fragiles, comme un pc portable ou une tablette.<br \/>\nLe Sac \u00e0 dos du P\u00e8lerin contient \u00e9galement une s\u00e9rie d\u2019accessoires qui, comme nous le verrons par la suite, sont indispensables pour partir en p\u00e8lerinage : un sympathique <a href=\"https:\/\/www.holyart.fr\/jubile-2025-pelerins-desperance\/kit-du-pelerin-et-gadgets-du-jubile-2025\/chapeau-safari-jubile-2025-kit-du-pelerin\"><strong>chapeau style safari<\/strong><\/a>, pour se prot\u00e9ger du soleil sur le chemin ; une <a href=\"https:\/\/www.holyart.fr\/jubile-2025-pelerins-desperance\/kit-du-pelerin-et-gadgets-du-jubile-2025\/gourde-blanche-aluminium-jubile-2025-kit-du-pelerin\"><strong>gourde en aluminium<\/strong><\/a>, \u00e9cologique et r\u00e9sistante, pour se maintenir hydrat\u00e9 ; un <a href=\"https:\/\/www.holyart.fr\/jubile-2025-pelerins-desperance\/kit-du-pelerin-et-gadgets-du-jubile-2025\/poncho-ecologique-kit-du-pelerin-jubile-2025\"><strong>poncho<\/strong><\/a> tr\u00e8s utile qui vous prot\u00e9gera en cas de pluie impr\u00e9vue ; un <a href=\"https:\/\/www.holyart.fr\/jubile-2025-pelerins-desperance\/kit-du-pelerin-et-gadgets-du-jubile-2025\/foulard-kit-du-pelerin-jubile-2025-vert\"><strong>foulard multifonction<\/strong><\/a>, \u00e0 utiliser comme accessoire ou pour se prot\u00e9ger du vent.<br \/>\nPour compl\u00e9ter ce kit, <strong><a href=\"https:\/\/www.holyart.fr\/jubile-2025-pelerins-desperance\/kit-du-pelerin-et-gadgets-du-jubile-2025\/set-aimants-kit-du-pelerin-jubile-2025\">l\u2019aimant<\/a> et <a href=\"https:\/\/www.holyart.fr\/jubile-2025-pelerins-desperance\/kit-du-pelerin-et-gadgets-du-jubile-2025\/set-broches-kit-du-pelerin-jubile-2025\">le pins du Jubil\u00e9<\/a><\/strong>, un <a href=\"https:\/\/www.holyart.fr\/jubile-2025-pelerins-desperance\/kit-du-pelerin-et-gadgets-du-jubile-2025\/set-4-bracelets-silicone-kit-du-pelerinage-jubile-2025\"><strong>bracelet en silicone<\/strong><\/a>, et un <a href=\"https:\/\/www.holyart.fr\/jubile-2025-pelerins-desperance\/kit-du-pelerin-et-gadgets-du-jubile-2025\/bracelet-chapelet-kit-du-pelerin-jubile-2025\"><strong>pr\u00e9cieux bracelet chapelet<\/strong><\/a> symbole d\u2019appartenance et de foi pour accompagner les pri\u00e8res pendant le p\u00e8lerinage. Et quoi de plus adapt\u00e9 qu\u2019un <strong><a href=\"https:\/\/www.holyart.fr\/articles-religieux\/chapelets-et-etuis-a-chapelet\">chapelet de pri\u00e8re avec crucifix<\/a><\/strong> de voyage pour un parcours qui promet d\u2019\u00eatre non seulement un d\u00e9fi physique, mais surtout un chemin de croissance int\u00e9rieure et spirituelle dans la foi\u00a0?<\/p>\n<p>Maintenant, voyons ensemble ce qu\u2019il faut glisser dans son sac \u00e0 dos de p\u00e8lerin.<\/p>\n<div class=\"sp-styles-warning\" style=\"width: 450px; background-color: #FFF; color: #F00; border: 1px solid #F00; padding: 10px; font-size: 14px;\">\n\t\t\t<span style=\"font-weight: bold;\">Warning: The stylesheets were not loaded!<\/span> \n\t\t\tYou will need to change the <i>Load stylesheets<\/i> setting from <i>Automatically<\/i> to <i>On homepage<\/i> or <i>On all pages<\/i>. \n\t\t\tYou can set that <a style=\"text-decoration: underline; color: #F00;\" href=\"https:\/\/blog.holyart.it\/fr\/wp-admin\/admin.php?page=sliderpro-settings\">here<\/a>.\n\t\t\t<\/div>\r\n<div id=\"slider-pro-133\" class=\"slider-pro sp-no-js\" style=\"width: 500px; height: 500px;\">\r\n\t<div class=\"sp-slides\">\r\n\t\t\r\n\t\t<div class=\"sp-slide\">\r\n\t\t\t<img loading=\"lazy\" decoding=\"async\" class=\"sp-image\" src=\"https:\/\/blog.holyart.it\/fr\/wp-content\/uploads\/sites\/14\/2024\/05\/Sac-a-dos-du-pelerin-kit-complet-Jubile-2025.jpg\" alt=\"Sac \u00e0 dos du p\u00e8lerin kit complet Jubil\u00e9 2025\" width=\"500\" height=\"500\" \/>\r\n\t\t\t<div class=\"sp-thumbnail\"><a class=\"\" href=\"https:\/\/www.holyart.fr\/jubile-2025-pelerins-desperance\/kit-du-pelerin-et-gadgets-du-jubile-2025\/sac-a-dos-du-pelerin-kit-complet-jubile-2025\">\r\n\t\t\t\t<img decoding=\"async\" src=\"https:\/\/blog.holyart.it\/fr\/wp-content\/uploads\/sites\/14\/2024\/05\/Sac-a-dos-du-pelerin-kit-complet-Jubile.jpg\" alt=\"Sac \u00e0 dos du p\u00e8lerin kit complet Jubil\u00e9\" \/>\r\n\t\t\t<\/a>\r\n\t\t\t<\/div>\r\n\t\t\t<div class=\"sp-caption\">Sac \u00e0 dos du p\u00e8lerin kit complet Jubil\u00e9 2025 <br \/><strong><a href=\"https:\/\/www.holyart.fr\/jubile-2025-pelerins-desperance\/kit-du-pelerin-et-gadgets-du-jubile-2025\/sac-a-dos-du-pelerin-kit-complet-jubile-2025\">Acheter sur Holyart<\/a><\/strong><\/div>\r\n\t\t<\/div>\r\n\t\t<div class=\"sp-slide\">\r\n\t\t\t<img loading=\"lazy\" decoding=\"async\" class=\"sp-image\" src=\"https:\/\/blog.holyart.it\/fr\/wp-content\/uploads\/sites\/14\/2024\/05\/Chapeau-safari-Jubile-2025-kit-du-pelerin.jpg\" alt=\"Chapeau safari Jubil\u00e9 2025 kit du p\u00e8lerin\" width=\"500\" height=\"500\" \/>\r\n\t\t\t<div class=\"sp-thumbnail\"><a class=\"\" href=\"https:\/\/www.holyart.fr\/jubile-2025-pelerins-desperance\/kit-du-pelerin-et-gadgets-du-jubile-2025\/chapeau-safari-jubile-2025-kit-du-pelerin\">\r\n\t\t\t\t<img decoding=\"async\" src=\"https:\/\/blog.holyart.it\/fr\/wp-content\/uploads\/sites\/14\/2024\/05\/Chapeau-safari-Jubile-2025-kit-du-pelerin-1.jpg\" alt=\"Chapeau safari Jubil\u00e9 2025 kit du p\u00e8lerin\" \/>\r\n\t\t\t<\/a>\r\n\t\t\t<\/div>\r\n\t\t\t<div class=\"sp-caption\">Chapeau safari Jubil\u00e9 2025 kit du p\u00e8lerin <br \/><strong><a href=\"https:\/\/www.holyart.fr\/jubile-2025-pelerins-desperance\/kit-du-pelerin-et-gadgets-du-jubile-2025\/chapeau-safari-jubile-2025-kit-du-pelerin\">Acheter sur Holyart<\/a><\/strong><\/div>\r\n\t\t<\/div>\r\n\t\t<div class=\"sp-slide\">\r\n\t\t\t<img loading=\"lazy\" decoding=\"async\" class=\"sp-image\" src=\"https:\/\/blog.holyart.it\/fr\/wp-content\/uploads\/sites\/14\/2025\/04\/gourde-blanche-aluminium-jubile-2025-kit-du-pelerin.jpg\" alt=\"gourde blanche aluminium jubil\u00e9 2025\" width=\"500\" height=\"500\" \/>\r\n\t\t\t<div class=\"sp-thumbnail\"><a class=\"\" href=\"https:\/\/www.holyart.fr\/jubile-2025-pelerins-desperance\/kit-du-pelerin-et-gadgets-du-jubile-2025\/gourde-blanche-aluminium-jubile-2025-kit-du-pelerin\">\r\n\t\t\t\t<img decoding=\"async\" src=\"https:\/\/blog.holyart.it\/fr\/wp-content\/uploads\/sites\/14\/2024\/05\/Gourde-blanche-aluminium-Jubile-2025-kit-du-pelerin-1.jpg\" alt=\"Gourde blanche aluminium Jubil\u00e9 2025 kit du p\u00e8lerin\" \/>\r\n\t\t\t<\/a>\r\n\t\t\t<\/div>\r\n\t\t\t<div class=\"sp-caption\">Gourde blanche aluminium Jubil\u00e9 2025 kit du p\u00e8lerin <br \/><strong><a href=\"https:\/\/www.holyart.fr\/jubile-2025-pelerins-desperance\/kit-du-pelerin-et-gadgets-du-jubile-2025\/gourde-blanche-aluminium-jubile-2025-kit-du-pelerin\">Acheter sur Holyart<\/a><\/strong><\/div>\r\n\t\t<\/div>\r\n\t\t<div class=\"sp-slide\">\r\n\t\t\t<img loading=\"lazy\" decoding=\"async\" class=\"sp-image\" src=\"https:\/\/blog.holyart.it\/fr\/wp-content\/uploads\/sites\/14\/2024\/05\/Foulard-kit-du-pelerin-Jubile-2025-vert.jpg\" alt=\"Foulard kit du p\u00e8lerin Jubil\u00e9 2025 vert\" width=\"500\" height=\"500\" \/>\r\n\t\t\t<div class=\"sp-thumbnail\"><a class=\"\" href=\"https:\/\/www.holyart.fr\/jubile-2025-pelerins-desperance\/kit-du-pelerin-et-gadgets-du-jubile-2025\/foulard-kit-du-pelerin-jubile-2025-vert\">\r\n\t\t\t\t<img decoding=\"async\" src=\"https:\/\/blog.holyart.it\/fr\/wp-content\/uploads\/sites\/14\/2024\/05\/Foulard-kit-du-pelerin-Jubile-2025-vert-1.jpg\" alt=\"Foulard kit du p\u00e8lerin Jubil\u00e9 2025 vert\" \/>\r\n\t\t\t<\/a>\r\n\t\t\t<\/div>\r\n\t\t\t<div class=\"sp-caption\">Foulard kit du p\u00e8lerin Jubil\u00e9 2025 vert <br \/><strong><a href=\"https:\/\/www.holyart.fr\/jubile-2025-pelerins-desperance\/kit-du-pelerin-et-gadgets-du-jubile-2025\/foulard-kit-du-pelerin-jubile-2025-vert\">Acheter sur Holyart<\/a><\/strong><\/div>\r\n\t\t<\/div>\r\n\t\t<div class=\"sp-slide\">\r\n\t\t\t<img loading=\"lazy\" decoding=\"async\" class=\"sp-image\" src=\"https:\/\/blog.holyart.it\/fr\/wp-content\/uploads\/sites\/14\/2024\/05\/Set-4-bracelets-silicone-kit-du-pelerinage-Jubile-2025.jpg\" alt=\"Set 4 bracelets silicone kit du p\u00e8lerinage Jubil\u00e9 2025\" width=\"500\" height=\"500\" \/>\r\n\t\t\t<div class=\"sp-thumbnail\"><a class=\"\" href=\"https:\/\/www.holyart.fr\/jubile-2025-pelerins-desperance\/kit-du-pelerin-et-gadgets-du-jubile-2025\/set-4-bracelets-silicone-kit-du-pelerinage-jubile-2025\">\r\n\t\t\t\t<img decoding=\"async\" src=\"https:\/\/blog.holyart.it\/fr\/wp-content\/uploads\/sites\/14\/2024\/05\/Set-4-bracelets-silicone-kit-du-pelerinage-Jubile-2025-1.jpg\" alt=\"Set 4 bracelets silicone kit du p\u00e8lerinage Jubil\u00e9 2025\" \/>\r\n\t\t\t<\/a>\r\n\t\t\t<\/div>\r\n\t\t\t<div class=\"sp-caption\">Set 4 bracelets silicone kit du p\u00e8lerinage Jubil\u00e9 2025 <br \/><strong><a href=\"https:\/\/www.holyart.fr\/jubile-2025-pelerins-desperance\/kit-du-pelerin-et-gadgets-du-jubile-2025\/set-4-bracelets-silicone-kit-du-pelerinage-jubile-2025\">Acheter sur Holyart<\/a><\/strong><\/div>\r\n\t\t<\/div>\r\n\t<\/div>\r\n<\/div>\n<h2>\u00c9l\u00e9ments qui ne peuvent pas manquer dans le sac \u00e0 dos du p\u00e8lerin<\/h2>\n<h3>Documents et argent<\/h3>\n<p>Partons des affaires de base : documents et argent. Assurez-vous d\u2019apporter votre <strong>Carte d\u2019identit\u00e9 ou passeport<\/strong>, bien \u00e9videmment en cours de validit\u00e9, et m\u00eame votre <strong>carte europ\u00e9enne d\u2019assurance maladie<\/strong>, si vous voyager au sein de l\u2019UE. Il est pr\u00e9f\u00e9rable de se procurer \u00e9galement une copie de ces documents, \u00e0 ranger peut-\u00eatre dans une autre poche, au cas o\u00f9\u00a0!<br \/>\n<strong>Argent liquide et cartes de cr\u00e9dit\/d\u00e9bit<\/strong>\u00a0devront \u00eatre rang\u00e9s dans un endroit s\u00fbr, facile \u00e0 atteindre, mais seulement par vous-m\u00eame\u00a0! Des <strong>cartes du parcours<\/strong> que vous vous pr\u00e9parez \u00e0 entreprendre pourraient \u00eatre utiles. Les versions papier sont toujours pratiques, mais si vous souhaitez gagner de la place, vous pouvez opter pour les versions num\u00e9riques, comme le tr\u00e8s pratique <strong><a href=\"https:\/\/www.turismoroma.it\/sites\/default\/files\/MappaTurismoRoma_2024.pdf\">Plan de Rome \u00e0 t\u00e9l\u00e9charger en format pdf<\/a><\/strong>.<\/p>\n<p>Fondamental aussi la <a href=\"https:\/\/www.holyart.fr\/blog\/articles-religieux\/la-carte-du-pelerin-comment-sorganiser-pour-les-evenements-du-jubile\/\"><strong>Carte du P\u00e8lerin<\/strong><\/a>, qui permet d\u2019acc\u00e9der \u00e0 des remises et offres avantageuses dans les lieux de restauration et d\u2019h\u00e9bergement, mais aussi sur les moyens de transport conventionn\u00e9s. Procurez-vous-en une \u00e0 temps.<\/p>\n<div class=\"link-article\">\n<p><img loading=\"lazy\" decoding=\"async\" class=\"size-full wp-image-8285 alignleft\" src=\"https:\/\/blog.holyart.it\/fr\/wp-content\/uploads\/sites\/14\/2024\/05\/La-Carte-du-pelerin-comment-sorganiser-pour-les-evenements-du-Jubile.jpg\" alt=\"La Carte du p\u00e8lerin comment s\u2019organiser pour les \u00e9v\u00e9nements du Jubil\u00e9\" width=\"150\" height=\"99\" data-kale-share-title=\"Que prendre en p\u00e8lerinage : organiser son sac \u00e0 dos !\" data-kale-share-url=\"https:\/\/blog.holyart.it\/fr\/?p=8281\" \/><\/p>\n<div class=\"leggi-anche\">Lire aussi :<\/div>\n<p><strong><a href=\"https:\/\/www.holyart.fr\/blog\/articles-religieux\/la-carte-du-pelerin-comment-sorganiser-pour-les-evenements-du-jubile\/\">La Carte du p\u00e8lerin : comment s\u2019organiser pour les \u00e9v\u00e9nements du Jubil\u00e9<\/a><\/strong><br \/>\nLe Carnet du p\u00e8lerin est un document pr\u00e9cieux et indispensable pour&#8230;<\/p>\n<\/div>\n<h3>V\u00eatements adapt\u00e9s<\/h3>\n<p>En fonction de si vous d\u00e9cider de voyager en \u00e9t\u00e9 ou en hiver, le choix des v\u00eatements \u00e0 apporter change, bien \u00e9videmment. Pour l\u2019\u00e9t\u00e9, des <strong>v\u00eatements l\u00e9gers et respirants<\/strong> sont toujours adapt\u00e9s, peut-\u00eatre \u00e0 th\u00e8me, comme les magnifiques <strong>t-shirts du Jubil\u00e9<\/strong>, \u00e0 <strong><a href=\"https:\/\/www.holyart.fr\/jubile-2025-pelerins-desperance\/kit-du-pelerin-et-gadgets-du-jubile-2025\/t-shirt-bleu-jubile-2025-kit-du-pelerin-avec-impression\">manches courtes<\/a><\/strong>, ou le <strong><a href=\"https:\/\/www.holyart.fr\/jubile-2025-pelerins-desperance\/kit-du-pelerin-et-gadgets-du-jubile-2025\/sweat-blanc-a-capuche-kit-du-pelerin-impression-couleur-jubile-2025\">sweat \u00e0 manches longues<\/a><\/strong>. Si par contre vous voyagez en hiver, ou dans des zones particuli\u00e8rement froides, choisissez des <strong>v\u00eatements thermiques<\/strong> et pr\u00e9voyez plusieurs couches.<\/p>\n<div class=\"link-product\">\n<div class=\"blocco-immagine\"><img loading=\"lazy\" decoding=\"async\" class=\"size-full wp-image-8287 alignleft\" src=\"https:\/\/blog.holyart.it\/fr\/wp-content\/uploads\/sites\/14\/2024\/06\/Sweat-blanc-a-capuche-kit-du-pelerin-impression-couleur-Jubile-2025.jpg\" alt=\"Sweat blanc \u00e0 capuche kit du p\u00e8lerin impression couleur Jubil\u00e9 2025\" width=\"100\" height=\"100\" data-kale-share-title=\"Que prendre en p\u00e8lerinage : organiser son sac \u00e0 dos !\" data-kale-share-url=\"https:\/\/blog.holyart.it\/fr\/?p=8281\" \/><\/div>\n<div class=\"blocco-contenuto\">\n<div class=\"blocco-acquista\">Acheter sur Holyart:<\/div>\n<div class=\"blocco-titolo\"><a href=\"https:\/\/www.holyart.fr\/jubile-2025-pelerins-desperance\/kit-du-pelerin-et-gadgets-du-jubile-2025\/sweat-blanc-a-capuche-kit-du-pelerin-impression-couleur-jubile-2025\">Sweat blanc \u00e0 capuche kit du p\u00e8lerin Jubil\u00e9 2025<\/a><\/div>\n<div class=\"blocco-descrizione\">Sweat \u00e0 capuche blanc avec poche frontale, r\u00e9alis\u00e9 en coton.<\/div>\n<\/div>\n<\/div>\n<p>En parlant du Kit du p\u00e8lerin contenu dans le Sac \u00e0 dos officiel du Jubil\u00e9, nous avons d\u00e9j\u00e0 cit\u00e9 le <strong>chapeau ou casquette<\/strong> pour se prot\u00e9ger du soleil et l\u2019indispensable <a href=\"https:\/\/www.holyart.fr\/jubile-2025-pelerins-desperance\/kit-du-pelerin-et-gadgets-du-jubile-2025\/poncho-ecologique-kit-du-pelerin-jubile-2025\"><strong>K-way ou poncho<\/strong><\/a> pour la pluie, biod\u00e9gradable, emball\u00e9 de mani\u00e8re pratique dans une pochette tr\u00e8s compacte.<br \/>\nLes <strong>chaussures<\/strong> sont un des \u00e9l\u00e9ments les plus importants pour ceux qui s\u2019appr\u00eatent \u00e0 affronter un long chemin \u00e0 pieds. Elles devront \u00eatre confortables et r\u00e9sistantes pour les longues marches, et imperm\u00e9ables. N\u2019oubliez pas une paire de sandales ou de pantoufles pour faire respirer les pieds pendant les moments de repos.<\/p>\n<div class=\"link-product\">\n<div class=\"blocco-immagine\"><img loading=\"lazy\" decoding=\"async\" class=\"size-full wp-image-8289 alignleft\" src=\"https:\/\/blog.holyart.it\/fr\/wp-content\/uploads\/sites\/14\/2024\/06\/Poncho-ecologique-kit-du-pelerin-Jubile-2025.jpg\" alt=\"Poncho \u00e9cologique kit du p\u00e8lerin Jubil\u00e9 2025\" width=\"100\" height=\"100\" data-kale-share-title=\"Que prendre en p\u00e8lerinage : organiser son sac \u00e0 dos !\" data-kale-share-url=\"https:\/\/blog.holyart.it\/fr\/?p=8281\" \/><\/div>\n<div class=\"blocco-contenuto\">\n<div class=\"blocco-acquista\">Acheter sur Holyart:<\/div>\n<div class=\"blocco-titolo\"><a href=\"https:\/\/www.holyart.fr\/jubile-2025-pelerins-desperance\/kit-du-pelerin-et-gadgets-du-jubile-2025\/poncho-ecologique-kit-du-pelerin-jubile-2025\">Poncho \u00e9cologique kit du p\u00e8lerin Jubil\u00e9 2025<\/a><\/div>\n<div class=\"blocco-descrizione\">oncho imperm\u00e9able \u00e9cologique avec pochette de rangement tr\u00e8s compacte.<\/div>\n<\/div>\n<\/div>\n<h3>Accessoires pour l\u2019hygi\u00e8ne personnelle<\/h3>\n<p>L\u2019hygi\u00e8ne personnelle est aussi fondamentale quand on affronte un voyage de ce genre, ainsi comme le fait de se maintenir en forme et au mieux de ses capacit\u00e9s. Outre le n\u00e9cessaire pour se laver, comme les classiques <strong>brosse \u00e0 dent et dentifrice<\/strong>, <strong>savon et shampoing<\/strong> en format voyage et au moins une paire d\u2019<strong>essuis en microfibre<\/strong>, il est conseill\u00e9 de s\u2019\u00e9quiper d\u2019un <strong>kit de premier secours<\/strong> avec pansements, d\u00e9sinfectant et m\u00e9dicaments de base, quelque chose \u00e0 utiliser dans le cas malheureux de l\u2019apparition d\u2019ampoules, un antidiarrh\u00e9ique efficace, anti-inflammatoires et peut-\u00eatre un produit naturel pour soulager rapidement les pieds et les jambes alourdis, en raison des longues marches qui vous devrez affronter. Par exemple, la <strong><a href=\"https:\/\/www.holyart.fr\/produits-des-monasteres\/cosmetiques-et-huiles-essentielles\/produits-curatifs-et-soignants\/creme-au-menthol-baume-de-camaldoli\">cr\u00e8me au menthol des Moins Camaldules<\/a><\/strong>, une cr\u00e8me de massage con\u00e7ue pour le traitement des muscles fatigu\u00e9s et contract\u00e9s. Gr\u00e2ce \u00e0 sa formule unique, qui combine menthol et huiles essentielles naturelles, cette pommade d\u00e9tend la musculature lisse, en soulageant les contractures, aide \u00e0 r\u00e9duire les douleurs rhumatismales, favorisent le rel\u00e2chement musculaire, tonifie et rafra\u00eechit la peau. Toutes ces propri\u00e9t\u00e9s la rendent particuli\u00e8rement adapt\u00e9e pour qui pratique du sport et pour qui, exactement comme les p\u00e8lerins, pratique une activit\u00e9 physique intense.<\/p>\n<div class=\"link-product\">\n<div class=\"blocco-immagine\"><img loading=\"lazy\" decoding=\"async\" class=\"size-full wp-image-8291 alignleft\" src=\"https:\/\/blog.holyart.it\/fr\/wp-content\/uploads\/sites\/14\/2024\/06\/Creme-au-Menthol-baume-de-Camaldoli.jpg\" alt=\"Cr\u00e8me au Menthol, baume de Camaldoli \" width=\"100\" height=\"100\" data-kale-share-title=\"Que prendre en p\u00e8lerinage : organiser son sac \u00e0 dos !\" data-kale-share-url=\"https:\/\/blog.holyart.it\/fr\/?p=8281\" \/><\/div>\n<div class=\"blocco-contenuto\">\n<div class=\"blocco-acquista\">Acheter sur Holyart:<\/div>\n<div class=\"blocco-titolo\"><a href=\"https:\/\/www.holyart.fr\/produits-des-monasteres\/cosmetiques-et-huiles-essentielles\/produits-curatifs-et-soignants\/creme-au-menthol-baume-de-camaldoli\">Cr\u00e8me au Menthol, baume de Camaldoli <\/a><\/div>\n<div class=\"blocco-descrizione\">Cr\u00e8me con\u00e7ue pour le traitement des muscles fatigu\u00e9s et contract\u00e9s.<\/div>\n<\/div>\n<\/div>\n<h3>Technologie et communication<\/h3>\n<p>Personne ne part en p\u00e8lerinage pour rester coll\u00e9 \u00e0 son smartphone, ni pour travailler au pc ou utiliser sa tablette. Mais la technologie peut aider et rester en communication avec qui reste \u00e0 la maison est important. Ainsi, r\u00e9duisons au minimum les dispositifs \u00e9lectroniques, mais assurons-nous de les avoir avec nous, charg\u00e9s et en \u00e9tat de marche. Dans ce but, outre le <strong>t\u00e9l\u00e9phone portable avec son chargeur <\/strong>et l\u2019\u00e9ventuel pc portable, il est utile d\u2019amener avec soi une <strong>batterie de secours<\/strong> qui nous garantit de ne jamais rester sans batterie, surtout dans des endroits isol\u00e9s, et un <strong>adaptateur pour fiche \u00e9lectrique<\/strong>, si nous voyageons dans des pays qui utilisent des fiches \u00e9lectriques diff\u00e9rentes des n\u00f4tres.<\/p>\n<p><strong>D\u2019autres accessoires utiles<\/strong><\/p>\n<ul>\n<li>Lunettes de soleil et cr\u00e8me solaire<\/li>\n<li>Gants et \u00e9charpe (pour les saisons froides)<\/li>\n<li>Lampe frontale<\/li>\n<li>Bouteille d\u2019eau ou <a href=\"https:\/\/www.holyart.fr\/jubile-2025-pelerins-desperance\/kit-du-pelerin-et-gadgets-du-jubile-2025\/gourde-aluminium-bleu-jubile-2025-kit-du-pelerin\">gourde r\u00e9utilisable<\/a>.<\/li>\n<\/ul>\n<div class=\"link-product\">\n<div class=\"blocco-immagine\"><img loading=\"lazy\" decoding=\"async\" class=\"size-full wp-image-8292 alignleft\" src=\"https:\/\/blog.holyart.it\/fr\/wp-content\/uploads\/sites\/14\/2024\/06\/Gourde-aluminium-bleu-Jubile-2025-kit-du-pelerin.jpg\" alt=\"Gourde aluminium bleu Jubil\u00e9 2025 kit du p\u00e8lerin \" width=\"100\" height=\"100\" data-kale-share-title=\"Que prendre en p\u00e8lerinage : organiser son sac \u00e0 dos !\" data-kale-share-url=\"https:\/\/blog.holyart.it\/fr\/?p=8281\" \/><\/div>\n<div class=\"blocco-contenuto\">\n<div class=\"blocco-acquista\">Acheter sur Holyart:<\/div>\n<div class=\"blocco-titolo\"><a href=\"https:\/\/www.holyart.fr\/jubile-2025-pelerins-desperance\/kit-du-pelerin-et-gadgets-du-jubile-2025\/gourde-aluminium-bleu-jubile-2025-kit-du-pelerin\">Gourde aluminium bleu Jubil\u00e9 2025 kit du p\u00e8lerin <\/a><\/div>\n<div class=\"blocco-descrizione\">Gourde du p\u00e8lerin de couleur bleue, r\u00e9alis\u00e9e en aluminium recycl\u00e9.<\/div>\n<\/div>\n<\/div>\n<h2>\u00c9l\u00e9ments pour destinations sp\u00e9cifiques<\/h2>\n<p>Si vous vous dirigez vers des <a href=\"https:\/\/www.holyart.fr\/blog\/articles-religieux\/5-lieux-de-pelerinage-ou-se-rendre-au-moins-une-fois-dans-sa-vie\/\"><strong>destinations particuli\u00e8res<\/strong><\/a>, au moment de d\u00e9cider du n\u00e9cessaire \u00e0 apporter en p\u00e8lerinage, il pourrait \u00eatre judicieux d\u2019ajouter \u00e0 votre sac \u00e0 dos des objets sp\u00e9cifiques.<\/p>\n<p>Pour le <a href=\"https:\/\/www.holyart.fr\/blog\/articles-religieux\/le-chemin-de-saint-jacques-de-compostelle-histoire-et-curiosites-dun-des-plus-celebres-itineraires-religieux\/\"><strong>Chemin de Saint-Jacques-de-Compostelle<\/strong><\/a>, en raison de la pr\u00e9sence de nombreux d\u00e9nivel\u00e9s, il pourrait \u00eatre utile d\u2019avoir un bon <strong>b\u00e2ton de marche<\/strong>, qui vous aidera \u00e0 maintenir l\u2019\u00e9quilibre et \u00e0 r\u00e9duire la fatigue. Pour cette destination, plus que pour d\u2019autres, il est fondamental de poss\u00e9der son <em>Credential<\/em> ou <strong>Carnet du P\u00e8lerin<\/strong>, document n\u00e9cessaire pour acc\u00e9der aux auberges et pour obtenir la Compostela, certificat attestant la participation au Chemin.<\/p>\n<div class=\"link-article\">\n<p><img loading=\"lazy\" decoding=\"async\" class=\"size-full wp-image-8293 alignleft\" src=\"https:\/\/blog.holyart.it\/fr\/wp-content\/uploads\/sites\/14\/2024\/06\/Le-Chemin-de-Saint-Jacques-de-Compostelle.jpeg\" alt=\"Le Chemin de Saint-Jacques-de-Compostelle\" width=\"150\" height=\"100\" data-kale-share-title=\"Que prendre en p\u00e8lerinage : organiser son sac \u00e0 dos !\" data-kale-share-url=\"https:\/\/blog.holyart.it\/fr\/?p=8281\" \/><\/p>\n<div class=\"leggi-anche\">Lire aussi :<\/div>\n<p><strong><a href=\"https:\/\/www.holyart.fr\/blog\/articles-religieux\/le-chemin-de-saint-jacques-de-compostelle-histoire-et-curiosites-dun-des-plus-celebres-itineraires-religieux\/\">Le Chemin de Saint-Jacques-de-Compostelle: histoire et curiosit\u00e9s d\u2019un des plus c\u00e9l\u00e8bres itin\u00e9raires religieux<\/a><\/strong><br \/>\nDepuis des si\u00e8cles, le Chemin de Saint-Jacques-de-Compostelle&#8230;<\/p>\n<\/div>\n<p>Si vous partez par contre pour un p\u00e8lerinage \u00e0 <a href=\"https:\/\/www.holyart.fr\/blog\/saints-et-bienheureux\/les-miracles-de-notre-dame-de-lourdes-depuis-sa-premiere-apparition\/\"><strong>Lourdes<\/strong><\/a>, vous devrez apporter un <strong>contenant pour ramasser l\u2019eau <\/strong>de la source miraculeuse aux propri\u00e9t\u00e9s thaumaturgiques. En outre, en raison des c\u00e9r\u00e9monies religieuses qui ont souvent lieu \u00e0 cet endroit, il sera opportun d\u2019adopter un <strong>habillement modeste<\/strong> et ad\u00e9quat.<\/p>\n<p>Pour un p\u00e8lerinage \u00e0 <a href=\"https:\/\/www.holyart.fr\/blog\/articles-religieux\/notre-dame-de-medjugorje-et-ses-lieux-les-plus-significatifs\/\"><strong>Medjugorje<\/strong><\/a>, un chapelet sera surement utile, parfait pour les pri\u00e8res lors des nombreuses c\u00e9l\u00e9brations et rencontres de pri\u00e8re d\u00e9di\u00e9es \u00e0 la Sainte Vierge, et une bonne paire de <strong>chaussures de trekking<\/strong> pour monter sur les collines des apparitions et de la Croix.<\/p>\n<div class=\"link-article\">\n<p><img loading=\"lazy\" decoding=\"async\" class=\"size-full wp-image-8295 alignleft\" src=\"https:\/\/blog.holyart.it\/fr\/wp-content\/uploads\/sites\/14\/2024\/06\/Les-miracles-de-Notre-Dame-de-Lourdes-depuis-sa-premiere-apparition.jpeg\" alt=\"Notre-Dame de Lourdes\" width=\"150\" height=\"99\" data-kale-share-title=\"Que prendre en p\u00e8lerinage : organiser son sac \u00e0 dos !\" data-kale-share-url=\"https:\/\/blog.holyart.it\/fr\/?p=8281\" \/><\/p>\n<div class=\"leggi-anche\">Lire aussi :<\/div>\n<p><strong><a href=\"https:\/\/www.holyart.fr\/blog\/saints-et-bienheureux\/les-miracles-de-notre-dame-de-lourdes-depuis-sa-premiere-apparition\/\">Les miracles de Notre-Dame de Lourdes depuis sa premi\u00e8re apparition<\/a><\/strong><br \/>\nL\u2019\u00c9glise a reconnu comme miracles de Notre-Dame de Lourdes septante&#8230;<\/p>\n<\/div>\n","protected":false},"excerpt":{"rendered":"<p>Se pr\u00e9parer pour un p\u00e8lerinage est une exp\u00e9rience passionnante et spirituellement enrichissante. Pour garantir un voyage au d\u00e9roulement optimal, il est essentiel de choisir attentivement le n\u00e9cessaire \u00e0 apporter avec soi et comment organiser son sac \u00e0 dos. Le p\u00e8lerinage est un voyage spirituel qui&hellip;<\/p>\n","protected":false},"author":1,"featured_media":8282,"comment_status":"closed","ping_status":"open","sticky":false,"template":"","format":"standard","meta":{"_acf_changed":false,"footnotes":""},"categories":[13],"tags":[],"class_list":["post-8281","post","type-post","status-publish","format-standard","has-post-thumbnail","hentry","category-jubile-2025"],"acf":[],"yoast_head":"<!-- This site is optimized with the Yoast SEO plugin v26.6 - https:\/\/yoast.com\/wordpress\/plugins\/seo\/ -->\n<title>Que prendre en p\u00e8lerinage : organiser son sac \u00e0 dos ! - Holyart.fr Blog<\/title>\n<meta name=\"description\" content=\"Que vous participiez au Jubil\u00e9 2025, entreprenant le Chemin de Saint-Jacques-de-Compostelle, visitant Lourdes ou Medjugorje, voici ce qu\u2019il faut apporter en p\u00e8lerinage.\" \/>\n<meta name=\"robots\" content=\"index, follow, max-snippet:-1, max-image-preview:large, max-video-preview:-1\" \/>\n<link rel=\"canonical\" href=\"https:\/\/blog.holyart.it\/fr\/jubile-2025\/que-prendre-en-pelerinage-organiser-son-sac-a-dos\/\" \/>\n<meta property=\"og:locale\" content=\"fr_FR\" \/>\n<meta property=\"og:type\" content=\"article\" \/>\n<meta property=\"og:title\" content=\"Que prendre en p\u00e8lerinage : organiser son sac \u00e0 dos ! - Holyart.fr Blog\" \/>\n<meta property=\"og:description\" content=\"Que vous participiez au Jubil\u00e9 2025, entreprenant le Chemin de Saint-Jacques-de-Compostelle, visitant Lourdes ou Medjugorje, voici ce qu\u2019il faut apporter en p\u00e8lerinage.\" \/>\n<meta property=\"og:url\" content=\"https:\/\/blog.holyart.it\/fr\/jubile-2025\/que-prendre-en-pelerinage-organiser-son-sac-a-dos\/\" \/>\n<meta property=\"og:site_name\" content=\"Holyart.fr Blog\" \/>\n<meta property=\"article:published_time\" content=\"2024-06-03T08:00:24+00:00\" \/>\n<meta property=\"article:modified_time\" content=\"2024-06-27T10:34:07+00:00\" \/>\n<meta property=\"og:image\" content=\"https:\/\/blog.holyart.it\/fr\/wp-content\/uploads\/sites\/14\/2024\/05\/Que-prendre-en-pelerinage-organiser-son-sac-a-dos.jpg\" \/>\n\t<meta property=\"og:image:width\" content=\"1000\" \/>\n\t<meta property=\"og:image:height\" content=\"666\" \/>\n\t<meta property=\"og:image:type\" content=\"image\/jpeg\" \/>\n<meta name=\"author\" content=\"Redazione\" \/>\n<meta name=\"twitter:card\" content=\"summary_large_image\" \/>\n<meta name=\"twitter:label1\" content=\"\u00c9crit par\" \/>\n\t<meta name=\"twitter:data1\" content=\"Redazione\" \/>\n\t<meta name=\"twitter:label2\" content=\"Dur\u00e9e de lecture estim\u00e9e\" \/>\n\t<meta name=\"twitter:data2\" content=\"11 minutes\" \/>\n<script type=\"application\/ld+json\" class=\"yoast-schema-graph\">{\"@context\":\"https:\/\/schema.org\",\"@graph\":[{\"@type\":\"Article\",\"@id\":\"https:\/\/blog.holyart.it\/fr\/jubile-2025\/que-prendre-en-pelerinage-organiser-son-sac-a-dos\/#article\",\"isPartOf\":{\"@id\":\"https:\/\/blog.holyart.it\/fr\/jubile-2025\/que-prendre-en-pelerinage-organiser-son-sac-a-dos\/\"},\"author\":{\"name\":\"Redazione\",\"@id\":\"https:\/\/blog.holyart.it\/fr\/#\/schema\/person\/0a7b686e5af0f856ec1e390dd0baecda\"},\"headline\":\"Que prendre en p\u00e8lerinage : organiser son sac \u00e0 dos !\",\"datePublished\":\"2024-06-03T08:00:24+00:00\",\"dateModified\":\"2024-06-27T10:34:07+00:00\",\"mainEntityOfPage\":{\"@id\":\"https:\/\/blog.holyart.it\/fr\/jubile-2025\/que-prendre-en-pelerinage-organiser-son-sac-a-dos\/\"},\"wordCount\":1923,\"publisher\":{\"@id\":\"https:\/\/blog.holyart.it\/fr\/#organization\"},\"image\":{\"@id\":\"https:\/\/blog.holyart.it\/fr\/jubile-2025\/que-prendre-en-pelerinage-organiser-son-sac-a-dos\/#primaryimage\"},\"thumbnailUrl\":\"https:\/\/blog.holyart.it\/fr\/wp-content\/uploads\/sites\/14\/2024\/05\/Que-prendre-en-pelerinage-organiser-son-sac-a-dos.jpg\",\"articleSection\":[\"Jubil\u00e9 2025\"],\"inLanguage\":\"fr-FR\"},{\"@type\":\"WebPage\",\"@id\":\"https:\/\/blog.holyart.it\/fr\/jubile-2025\/que-prendre-en-pelerinage-organiser-son-sac-a-dos\/\",\"url\":\"https:\/\/blog.holyart.it\/fr\/jubile-2025\/que-prendre-en-pelerinage-organiser-son-sac-a-dos\/\",\"name\":\"Que prendre en p\u00e8lerinage : organiser son sac \u00e0 dos ! - Holyart.fr Blog\",\"isPartOf\":{\"@id\":\"https:\/\/blog.holyart.it\/fr\/#website\"},\"primaryImageOfPage\":{\"@id\":\"https:\/\/blog.holyart.it\/fr\/jubile-2025\/que-prendre-en-pelerinage-organiser-son-sac-a-dos\/#primaryimage\"},\"image\":{\"@id\":\"https:\/\/blog.holyart.it\/fr\/jubile-2025\/que-prendre-en-pelerinage-organiser-son-sac-a-dos\/#primaryimage\"},\"thumbnailUrl\":\"https:\/\/blog.holyart.it\/fr\/wp-content\/uploads\/sites\/14\/2024\/05\/Que-prendre-en-pelerinage-organiser-son-sac-a-dos.jpg\",\"datePublished\":\"2024-06-03T08:00:24+00:00\",\"dateModified\":\"2024-06-27T10:34:07+00:00\",\"description\":\"Que vous participiez au Jubil\u00e9 2025, entreprenant le Chemin de Saint-Jacques-de-Compostelle, visitant Lourdes ou Medjugorje, voici ce qu\u2019il faut apporter en p\u00e8lerinage.\",\"breadcrumb\":{\"@id\":\"https:\/\/blog.holyart.it\/fr\/jubile-2025\/que-prendre-en-pelerinage-organiser-son-sac-a-dos\/#breadcrumb\"},\"inLanguage\":\"fr-FR\",\"potentialAction\":[{\"@type\":\"ReadAction\",\"target\":[\"https:\/\/blog.holyart.it\/fr\/jubile-2025\/que-prendre-en-pelerinage-organiser-son-sac-a-dos\/\"]}]},{\"@type\":\"ImageObject\",\"inLanguage\":\"fr-FR\",\"@id\":\"https:\/\/blog.holyart.it\/fr\/jubile-2025\/que-prendre-en-pelerinage-organiser-son-sac-a-dos\/#primaryimage\",\"url\":\"https:\/\/blog.holyart.it\/fr\/wp-content\/uploads\/sites\/14\/2024\/05\/Que-prendre-en-pelerinage-organiser-son-sac-a-dos.jpg\",\"contentUrl\":\"https:\/\/blog.holyart.it\/fr\/wp-content\/uploads\/sites\/14\/2024\/05\/Que-prendre-en-pelerinage-organiser-son-sac-a-dos.jpg\",\"width\":1000,\"height\":666,\"caption\":\"Que prendre en p\u00e8lerinage organiser son sac \u00e0 dos\"},{\"@type\":\"BreadcrumbList\",\"@id\":\"https:\/\/blog.holyart.it\/fr\/jubile-2025\/que-prendre-en-pelerinage-organiser-son-sac-a-dos\/#breadcrumb\",\"itemListElement\":[{\"@type\":\"ListItem\",\"position\":1,\"name\":\"Homepage\",\"item\":\"https:\/\/blog.holyart.it\/fr\/\"},{\"@type\":\"ListItem\",\"position\":2,\"name\":\"Jubil\u00e9 2025\",\"item\":\"https:\/\/blog.holyart.it\/fr\/jubile-2025\/\"},{\"@type\":\"ListItem\",\"position\":3,\"name\":\"Que prendre en p\u00e8lerinage : organiser son sac \u00e0 dos !\"}]},{\"@type\":\"WebSite\",\"@id\":\"https:\/\/blog.holyart.it\/fr\/#website\",\"url\":\"https:\/\/blog.holyart.it\/fr\/\",\"name\":\"Holyart.fr Blog\",\"description\":\"Holyblog\",\"publisher\":{\"@id\":\"https:\/\/blog.holyart.it\/fr\/#organization\"},\"potentialAction\":[{\"@type\":\"SearchAction\",\"target\":{\"@type\":\"EntryPoint\",\"urlTemplate\":\"https:\/\/blog.holyart.it\/fr\/?s={search_term_string}\"},\"query-input\":{\"@type\":\"PropertyValueSpecification\",\"valueRequired\":true,\"valueName\":\"search_term_string\"}}],\"inLanguage\":\"fr-FR\"},{\"@type\":\"Organization\",\"@id\":\"https:\/\/blog.holyart.it\/fr\/#organization\",\"name\":\"Holyart.fr Blog\",\"url\":\"https:\/\/blog.holyart.it\/fr\/\",\"logo\":{\"@type\":\"ImageObject\",\"inLanguage\":\"fr-FR\",\"@id\":\"https:\/\/blog.holyart.it\/fr\/#\/schema\/logo\/image\/\",\"url\":\"https:\/\/blog.holyart.it\/fr\/wp-content\/uploads\/sites\/14\/2022\/12\/Holyart_Blog_Logo.jpg\",\"contentUrl\":\"https:\/\/blog.holyart.it\/fr\/wp-content\/uploads\/sites\/14\/2022\/12\/Holyart_Blog_Logo.jpg\",\"width\":300,\"height\":50,\"caption\":\"Holyart.fr Blog\"},\"image\":{\"@id\":\"https:\/\/blog.holyart.it\/fr\/#\/schema\/logo\/image\/\"}},{\"@type\":\"Person\",\"@id\":\"https:\/\/blog.holyart.it\/fr\/#\/schema\/person\/0a7b686e5af0f856ec1e390dd0baecda\",\"name\":\"Redazione\",\"image\":{\"@type\":\"ImageObject\",\"inLanguage\":\"fr-FR\",\"@id\":\"https:\/\/blog.holyart.it\/fr\/#\/schema\/person\/image\/\",\"url\":\"https:\/\/secure.gravatar.com\/avatar\/f477da817f43e50d0af36abecd33e3edf826c68299714bdc1057dff3b113f516?s=96&d=mm&r=g\",\"contentUrl\":\"https:\/\/secure.gravatar.com\/avatar\/f477da817f43e50d0af36abecd33e3edf826c68299714bdc1057dff3b113f516?s=96&d=mm&r=g\",\"caption\":\"Redazione\"},\"url\":\"https:\/\/blog.holyart.it\/fr\/author\/admin\/\"}]}<\/script>\n<!-- \/ Yoast SEO plugin. -->","yoast_head_json":{"title":"Que prendre en p\u00e8lerinage : organiser son sac \u00e0 dos ! - Holyart.fr Blog","description":"Que vous participiez au Jubil\u00e9 2025, entreprenant le Chemin de Saint-Jacques-de-Compostelle, visitant Lourdes ou Medjugorje, voici ce qu\u2019il faut apporter en p\u00e8lerinage.","robots":{"index":"index","follow":"follow","max-snippet":"max-snippet:-1","max-image-preview":"max-image-preview:large","max-video-preview":"max-video-preview:-1"},"canonical":"https:\/\/blog.holyart.it\/fr\/jubile-2025\/que-prendre-en-pelerinage-organiser-son-sac-a-dos\/","og_locale":"fr_FR","og_type":"article","og_title":"Que prendre en p\u00e8lerinage : organiser son sac \u00e0 dos ! - Holyart.fr Blog","og_description":"Que vous participiez au Jubil\u00e9 2025, entreprenant le Chemin de Saint-Jacques-de-Compostelle, visitant Lourdes ou Medjugorje, voici ce qu\u2019il faut apporter en p\u00e8lerinage.","og_url":"https:\/\/blog.holyart.it\/fr\/jubile-2025\/que-prendre-en-pelerinage-organiser-son-sac-a-dos\/","og_site_name":"Holyart.fr Blog","article_published_time":"2024-06-03T08:00:24+00:00","article_modified_time":"2024-06-27T10:34:07+00:00","og_image":[{"width":1000,"height":666,"url":"https:\/\/blog.holyart.it\/fr\/wp-content\/uploads\/sites\/14\/2024\/05\/Que-prendre-en-pelerinage-organiser-son-sac-a-dos.jpg","type":"image\/jpeg"}],"author":"Redazione","twitter_card":"summary_large_image","twitter_misc":{"\u00c9crit par":"Redazione","Dur\u00e9e de lecture estim\u00e9e":"11 minutes"},"schema":{"@context":"https:\/\/schema.org","@graph":[{"@type":"Article","@id":"https:\/\/blog.holyart.it\/fr\/jubile-2025\/que-prendre-en-pelerinage-organiser-son-sac-a-dos\/#article","isPartOf":{"@id":"https:\/\/blog.holyart.it\/fr\/jubile-2025\/que-prendre-en-pelerinage-organiser-son-sac-a-dos\/"},"author":{"name":"Redazione","@id":"https:\/\/blog.holyart.it\/fr\/#\/schema\/person\/0a7b686e5af0f856ec1e390dd0baecda"},"headline":"Que prendre en p\u00e8lerinage : organiser son sac \u00e0 dos !","datePublished":"2024-06-03T08:00:24+00:00","dateModified":"2024-06-27T10:34:07+00:00","mainEntityOfPage":{"@id":"https:\/\/blog.holyart.it\/fr\/jubile-2025\/que-prendre-en-pelerinage-organiser-son-sac-a-dos\/"},"wordCount":1923,"publisher":{"@id":"https:\/\/blog.holyart.it\/fr\/#organization"},"image":{"@id":"https:\/\/blog.holyart.it\/fr\/jubile-2025\/que-prendre-en-pelerinage-organiser-son-sac-a-dos\/#primaryimage"},"thumbnailUrl":"https:\/\/blog.holyart.it\/fr\/wp-content\/uploads\/sites\/14\/2024\/05\/Que-prendre-en-pelerinage-organiser-son-sac-a-dos.jpg","articleSection":["Jubil\u00e9 2025"],"inLanguage":"fr-FR"},{"@type":"WebPage","@id":"https:\/\/blog.holyart.it\/fr\/jubile-2025\/que-prendre-en-pelerinage-organiser-son-sac-a-dos\/","url":"https:\/\/blog.holyart.it\/fr\/jubile-2025\/que-prendre-en-pelerinage-organiser-son-sac-a-dos\/","name":"Que prendre en p\u00e8lerinage : organiser son sac \u00e0 dos ! - Holyart.fr Blog","isPartOf":{"@id":"https:\/\/blog.holyart.it\/fr\/#website"},"primaryImageOfPage":{"@id":"https:\/\/blog.holyart.it\/fr\/jubile-2025\/que-prendre-en-pelerinage-organiser-son-sac-a-dos\/#primaryimage"},"image":{"@id":"https:\/\/blog.holyart.it\/fr\/jubile-2025\/que-prendre-en-pelerinage-organiser-son-sac-a-dos\/#primaryimage"},"thumbnailUrl":"https:\/\/blog.holyart.it\/fr\/wp-content\/uploads\/sites\/14\/2024\/05\/Que-prendre-en-pelerinage-organiser-son-sac-a-dos.jpg","datePublished":"2024-06-03T08:00:24+00:00","dateModified":"2024-06-27T10:34:07+00:00","description":"Que vous participiez au Jubil\u00e9 2025, entreprenant le Chemin de Saint-Jacques-de-Compostelle, visitant Lourdes ou Medjugorje, voici ce qu\u2019il faut apporter en p\u00e8lerinage.","breadcrumb":{"@id":"https:\/\/blog.holyart.it\/fr\/jubile-2025\/que-prendre-en-pelerinage-organiser-son-sac-a-dos\/#breadcrumb"},"inLanguage":"fr-FR","potentialAction":[{"@type":"ReadAction","target":["https:\/\/blog.holyart.it\/fr\/jubile-2025\/que-prendre-en-pelerinage-organiser-son-sac-a-dos\/"]}]},{"@type":"ImageObject","inLanguage":"fr-FR","@id":"https:\/\/blog.holyart.it\/fr\/jubile-2025\/que-prendre-en-pelerinage-organiser-son-sac-a-dos\/#primaryimage","url":"https:\/\/blog.holyart.it\/fr\/wp-content\/uploads\/sites\/14\/2024\/05\/Que-prendre-en-pelerinage-organiser-son-sac-a-dos.jpg","contentUrl":"https:\/\/blog.holyart.it\/fr\/wp-content\/uploads\/sites\/14\/2024\/05\/Que-prendre-en-pelerinage-organiser-son-sac-a-dos.jpg","width":1000,"height":666,"caption":"Que prendre en p\u00e8lerinage organiser son sac \u00e0 dos"},{"@type":"BreadcrumbList","@id":"https:\/\/blog.holyart.it\/fr\/jubile-2025\/que-prendre-en-pelerinage-organiser-son-sac-a-dos\/#breadcrumb","itemListElement":[{"@type":"ListItem","position":1,"name":"Homepage","item":"https:\/\/blog.holyart.it\/fr\/"},{"@type":"ListItem","position":2,"name":"Jubil\u00e9 2025","item":"https:\/\/blog.holyart.it\/fr\/jubile-2025\/"},{"@type":"ListItem","position":3,"name":"Que prendre en p\u00e8lerinage : organiser son sac \u00e0 dos !"}]},{"@type":"WebSite","@id":"https:\/\/blog.holyart.it\/fr\/#website","url":"https:\/\/blog.holyart.it\/fr\/","name":"Holyart.fr Blog","description":"Holyblog","publisher":{"@id":"https:\/\/blog.holyart.it\/fr\/#organization"},"potentialAction":[{"@type":"SearchAction","target":{"@type":"EntryPoint","urlTemplate":"https:\/\/blog.holyart.it\/fr\/?s={search_term_string}"},"query-input":{"@type":"PropertyValueSpecification","valueRequired":true,"valueName":"search_term_string"}}],"inLanguage":"fr-FR"},{"@type":"Organization","@id":"https:\/\/blog.holyart.it\/fr\/#organization","name":"Holyart.fr Blog","url":"https:\/\/blog.holyart.it\/fr\/","logo":{"@type":"ImageObject","inLanguage":"fr-FR","@id":"https:\/\/blog.holyart.it\/fr\/#\/schema\/logo\/image\/","url":"https:\/\/blog.holyart.it\/fr\/wp-content\/uploads\/sites\/14\/2022\/12\/Holyart_Blog_Logo.jpg","contentUrl":"https:\/\/blog.holyart.it\/fr\/wp-content\/uploads\/sites\/14\/2022\/12\/Holyart_Blog_Logo.jpg","width":300,"height":50,"caption":"Holyart.fr Blog"},"image":{"@id":"https:\/\/blog.holyart.it\/fr\/#\/schema\/logo\/image\/"}},{"@type":"Person","@id":"https:\/\/blog.holyart.it\/fr\/#\/schema\/person\/0a7b686e5af0f856ec1e390dd0baecda","name":"Redazione","image":{"@type":"ImageObject","inLanguage":"fr-FR","@id":"https:\/\/blog.holyart.it\/fr\/#\/schema\/person\/image\/","url":"https:\/\/secure.gravatar.com\/avatar\/f477da817f43e50d0af36abecd33e3edf826c68299714bdc1057dff3b113f516?s=96&d=mm&r=g","contentUrl":"https:\/\/secure.gravatar.com\/avatar\/f477da817f43e50d0af36abecd33e3edf826c68299714bdc1057dff3b113f516?s=96&d=mm&r=g","caption":"Redazione"},"url":"https:\/\/blog.holyart.it\/fr\/author\/admin\/"}]}},"_links":{"self":[{"href":"https:\/\/blog.holyart.it\/fr\/wp-json\/wp\/v2\/posts\/8281","targetHints":{"allow":["GET"]}}],"collection":[{"href":"https:\/\/blog.holyart.it\/fr\/wp-json\/wp\/v2\/posts"}],"about":[{"href":"https:\/\/blog.holyart.it\/fr\/wp-json\/wp\/v2\/types\/post"}],"author":[{"embeddable":true,"href":"https:\/\/blog.holyart.it\/fr\/wp-json\/wp\/v2\/users\/1"}],"replies":[{"embeddable":true,"href":"https:\/\/blog.holyart.it\/fr\/wp-json\/wp\/v2\/comments?post=8281"}],"version-history":[{"count":11,"href":"https:\/\/blog.holyart.it\/fr\/wp-json\/wp\/v2\/posts\/8281\/revisions"}],"predecessor-version":[{"id":8288,"href":"https:\/\/blog.holyart.it\/fr\/wp-json\/wp\/v2\/posts\/8281\/revisions\/8288"}],"wp:featuredmedia":[{"embeddable":true,"href":"https:\/\/blog.holyart.it\/fr\/wp-json\/wp\/v2\/media\/8282"}],"wp:attachment":[{"href":"https:\/\/blog.holyart.it\/fr\/wp-json\/wp\/v2\/media?parent=8281"}],"wp:term":[{"taxonomy":"category","embeddable":true,"href":"https:\/\/blog.holyart.it\/fr\/wp-json\/wp\/v2\/categories?post=8281"},{"taxonomy":"post_tag","embeddable":true,"href":"https:\/\/blog.holyart.it\/fr\/wp-json\/wp\/v2\/tags?post=8281"}],"curies":[{"name":"wp","href":"https:\/\/api.w.org\/{rel}","templated":true}]}}