{"id":8262,"date":"2024-05-29T10:00:34","date_gmt":"2024-05-29T08:00:34","guid":{"rendered":"https:\/\/blog.holyart.it\/fr\/?p=8262"},"modified":"2025-05-06T09:22:39","modified_gmt":"2025-05-06T07:22:39","slug":"31-mai-fete-de-la-visitation-de-la-bienheureuse-vierge-marie","status":"publish","type":"post","link":"https:\/\/blog.holyart.it\/fr\/articles-religieux\/31-mai-fete-de-la-visitation-de-la-bienheureuse-vierge-marie\/","title":{"rendered":"31 mai : f\u00eate de la Visitation de la Bienheureuse Vierge Marie"},"content":{"rendered":"<h4><em>La F\u00eate de la Visitation de la Bienheureuse Vierge Marie rappelle un passage fondamental dans l\u2019histoire du Salut. Dans la rencontre entre Marie et sa cousine \u00c9lisabeth commence la diffusion du message de Dieu qui devient homme.<\/em><\/h4>\n\n<p>Le <strong>31 mai<\/strong>, \u00e0 la conclusion d\u2019un des <a href=\"https:\/\/www.holyart.fr\/blog\/articles-religieux\/mai-mois-de-la-vierge-comment-celebrer-le-mois-marial\/\"><strong>mois mariaux<\/strong><\/a> par excellence, on f\u00eate la <strong>Visitation de la Bienheureuse Vierge Marie<\/strong>. Cette c\u00e9l\u00e9bration, qui fait partie des <a href=\"https:\/\/www.holyart.fr\/blog\/articles-religieux\/fetes-mariales-voici-toutes-les-recurrences-de-lannee-dediees-a-marie\/\"><strong>principales F\u00eates mariales<\/strong><\/a> d\u00e9di\u00e9es chaque ann\u00e9e \u00e0 la Vierge, rappelle la visite de cette derni\u00e8re \u00e0 sa <strong>cousine \u00c9lisabeth<\/strong>. Marie avait depuis peu re\u00e7u la <strong>visite de l\u2019Archange Gabriel<\/strong> qui lui annon\u00e7ait son imminente maternit\u00e9, dans celle que nous connaissons \u00e9galement comme la <a href=\"https:\/\/www.holyart.fr\/blog\/articles-religieux\/annonciation-du-seigneur-pourquoi-la-fetons-nous-le-25-mars\/\"><strong>f\u00eate de l\u2019Annonciation du Seigneur<\/strong><\/a>, c\u00e9l\u00e9br\u00e9e le <strong>25 mars<\/strong>. \u00c9lisabeth, se trouvant face \u00e0 sa cousine qui lui avait r\u00e9v\u00e9l\u00e9 cette rencontre miraculeuse, la salua comme <strong>M\u00e8re du Seigneur<\/strong> et l\u2019enfant qu\u2019elle portait dans son ventre, qui serait devenu <a href=\"https:\/\/www.holyart.fr\/articles-religieux\/statues\/statues-en-resine-et-pvc\/statue-bapteme-jesus-jean-le-baptiste-resine-13-cm\"><strong>Jean le Baptiste<\/strong><\/a>, Pr\u00e9curseur de Christ, tressaillit de joie.<\/p>\n<div class=\"link-article\">\n<p><img loading=\"lazy\" decoding=\"async\" class=\"size-full wp-image-8267 alignleft\" src=\"https:\/\/blog.holyart.it\/fr\/wp-content\/uploads\/sites\/14\/2024\/05\/Fetes-Mariales.jpg\" alt=\"F\u00eates Mariales\" width=\"150\" height=\"99\" data-kale-share-title=\"31 mai : f\u00eate de la Visitation de la Bienheureuse Vierge Marie\" data-kale-share-url=\"https:\/\/blog.holyart.it\/fr\/?p=8262\" \/><\/p>\n<div class=\"leggi-anche\">Lire aussi :<\/div>\n<p><strong><a href=\"https:\/\/www.holyart.fr\/blog\/articles-religieux\/fetes-mariales-voici-toutes-les-recurrences-de-lannee-dediees-a-marie\/\">F\u00eates Mariales : voici toutes les r\u00e9currences de l\u2019ann\u00e9e d\u00e9di\u00e9es \u00e0 Marie<\/a><\/strong><br \/>\nF\u00eates Mariales, tous les visages de la d\u00e9votion \u00e0 Marie, M\u00e8re de J\u00e9sus&#8230;<\/p>\n<\/div>\n<p>La f\u00eate de la Visitation est \u00e9galement appel\u00e9e <strong>F\u00eate du <\/strong><a href=\"https:\/\/www.holyart.fr\/articles-religieux\/chapelets-et-etuis-a-chapelet\/chapelets-ghirelli-collection\/magnificat-rosalet-ghirelli-argent-rose\"><strong>Magnificat<\/strong><\/a>, du cantique report\u00e9 dans l\u2019\u00c9vangile de Luc, o\u00f9 on raconte l\u2019\u00e9pisode et Marie remercie Dieu pour l\u2019avoir choisi et pour avoir lib\u00e9r\u00e9 Isra\u00ebl de l\u2019esclavage.<\/p>\n<p>Voici l\u2019<em>incipit<\/em>\u00a0:<\/p>\n<p><em>Mon \u00e2me exalte le Seigneur<br \/>\nEt mon esprit se r\u00e9jouit en Dieu, mon Sauveur,<\/em><br \/>\n<em>Parce qu\u2019il a jet\u00e9 les yeux sur la bassesse de sa servante.<\/em><br \/>\n<em>Car voici, d\u00e9sormais toutes les g\u00e9n\u00e9rations me diront bienheureuse [\u2026].<\/em> (Luc 1,46-48)<\/p>\n<p>La rencontre entre Marie et \u00c9lisabeth se pr\u00eate \u00e0 de nombreuses et diff\u00e9rentes interpr\u00e9tations et repr\u00e9sente, \u00e0 bien des \u00e9gards, un <strong>moment de passage<\/strong> entre le pass\u00e9 domin\u00e9 par l\u2019attente du Messie, repr\u00e9sent\u00e9 par \u00c9lisabeth, et la conscience que le temps nouveau est arriv\u00e9, et bient\u00f4t le plan de Dieu sera accompli.<\/p>\n<div class=\"link-product\">\n<div class=\"blocco-immagine\"><img loading=\"lazy\" decoding=\"async\" class=\"size-full wp-image-8268 alignleft\" src=\"https:\/\/blog.holyart.it\/fr\/wp-content\/uploads\/sites\/14\/2024\/05\/magnificat-rosalet-ghirelli-argent-rose.jpg\" alt=\"magnificat rosalet ghirelli argent ros\u00e9\" width=\"100\" height=\"100\" data-kale-share-title=\"31 mai : f\u00eate de la Visitation de la Bienheureuse Vierge Marie\" data-kale-share-url=\"https:\/\/blog.holyart.it\/fr\/?p=8262\" \/><\/div>\n<div class=\"blocco-contenuto\">\n<div class=\"blocco-acquista\">Comprar Ahora:<\/div>\n<div class=\"blocco-titolo\"><a href=\"https:\/\/www.holyart.fr\/articles-religieux\/chapelets-et-etuis-a-chapelet\/chapelets-ghirelli-collection\/magnificat-rosalet-ghirelli-argent-rose\">Magnificat Rosalet Ghirelli argent ros\u00e9 <\/a><\/div>\n<div class=\"blocco-descrizione\">Avec son design unique et sa technologie innovatrice est un v\u00e9ritable bijou.<\/div>\n<\/div>\n<\/div>\n<h2>\u00c9lisabeth et Marie<\/h2>\n<p>C\u2019est <strong>Luc l\u2019\u00c9vang\u00e9liste<\/strong> qui nous raconte le voyage de Marie vers la maison de sa cousine (Luc 1,39-55). Marie avait re\u00e7u la visite de l\u2019Ange, qui non seulement lui avait annonc\u00e9 sa maternit\u00e9 imminente, mais aussi celle d\u2019\u00c9lisabeth, \u00e9pouse de Zacharie, pr\u00eatre du Temple de J\u00e9rusalem et appartenant \u00e0 la tribu de L\u00e9vi, \u00e2g\u00e9e et d\u00e9finie st\u00e9rile par tout le monde. Ainsi la jeune s\u2019\u00e9tait mise rapidement en chemin pour Nazareth, en Galil\u00e9e, en se joignant probablement \u00e0 une caravane de p\u00e8lerins en route pour J\u00e9rusalem, afin de pr\u00eater main-forte \u00e0 sa parente. Marie court, <strong>anxieuse de se rendre utile<\/strong>, mais aussi d\u00e9sireuse de <strong>partager avec la femme l\u2019annonce<\/strong> qui lui a \u00e9t\u00e9 faite. En cette \u00ab\u00a0h\u00e2te\u00a0\u00bb, nous lisons donc le <strong>sens de mis\u00e9ricorde<\/strong> de Maria, mais aussi sa stupeur, son \u00eatre <strong>envahi par le myst\u00e8re<\/strong> dont elle a \u00e9t\u00e9 rendue la protagoniste et, en m\u00eame temps, le <strong>souhait de se confronter<\/strong> avec une autre femme \u00e0 son tour rendue partie du plan de Dieu, avec une grossesse tardive pour le moins miraculeuse.<\/p>\n<p>\u00c9lisabeth vivait en <strong>Jud\u00e9e<\/strong>, dans une ville appel\u00e9e Ain-Karim, quelques kilom\u00e8tres \u00e0 l\u2019ouest de J\u00e9rusalem. Marie partit donc et arriva chez sa cousine trois mois avant la naissance de Jean. En la voyant, \u00c9lisabeth fut <strong>emplie de Saint-Esprit<\/strong> et la <strong>loua pour \u00eatre partie du projet de Dieu<\/strong>, en la saluant ainsi\u00a0:<\/p>\n<p>\u00ab\u00a0<em>Tu es b\u00e9nie entre les femmes, et le fruit de ton sein est b\u00e9ni. Comment m\u2019est-il accord\u00e9 que la M\u00e8re de mon Seigneur vienne aupr\u00e8s de moi\u00a0? Car voici aussit\u00f4t que la voix de ta salutation a frapp\u00e9 mon oreille, l\u2019enfant a tressailli d\u2019all\u00e9gresse dans mon sein. Heureuse celle qui a cru, parce que les choses qui lui ont \u00e9t\u00e9 dites de la part du Seigneur auront leur accomplissement<\/em>\u00a0\u00bb\u00a0(Luc 1,42-45).<\/p>\n<p><strong>Deux m\u00e8res sp\u00e9ciales<\/strong> en parall\u00e8le, deux annonciations qui s\u2019effleurent, dans une rencontre apparemment commune entre deux parents. Mais Marie porte en son sein le fils de Dieu, Sauveur du monde, et <a href=\"https:\/\/www.holyart.fr\/articles-religieux\/statues\/statues-en-bois-peint\/sainte-elisabeth-avec-pain-peinte-bois-erable-val-gardena\"><strong>\u00c9lisabeth<\/strong><\/a> son Pr\u00e9curseur, celui qui Le baptisera et marquera le d\u00e9but de Sa mission sur Terre. Une rencontre marqu\u00e9e par la <strong>joie<\/strong>, mais aussi impr\u00e9gn\u00e9e d\u2019une solennit\u00e9 \u00e9prouvante. C\u2019est le point de non-retour, <strong>le d\u00e9but du Nouveau Monde<\/strong>, et les deux femmes protagonistes peuvent simplement le deviner, le percevoir, sans pleinement conna\u00eetre le destin qui attend les deux enfants qu\u2019elles sont destin\u00e9es \u00e0 g\u00e9n\u00e9rer, et qui changeront \u00e0 jamais l\u2019histoire de l\u2019humanit\u00e9.<\/p>\n<div class=\"link-product\">\n<div class=\"blocco-immagine\"><img loading=\"lazy\" decoding=\"async\" class=\"size-full wp-image-8269 alignleft\" src=\"https:\/\/blog.holyart.it\/fr\/wp-content\/uploads\/sites\/14\/2024\/05\/Sainte-Elisabeth-avec-pain.jpg\" alt=\"Sainte Elisabeth avec pain\" width=\"100\" height=\"100\" data-kale-share-title=\"31 mai : f\u00eate de la Visitation de la Bienheureuse Vierge Marie\" data-kale-share-url=\"https:\/\/blog.holyart.it\/fr\/?p=8262\" \/><\/div>\n<div class=\"blocco-contenuto\">\n<div class=\"blocco-acquista\">Acheter sur Holyart:<\/div>\n<div class=\"blocco-titolo\"><a href=\"https:\/\/www.holyart.fr\/articles-religieux\/statues\/statues-en-bois-peint\/sainte-elisabeth-avec-pain-peinte-bois-erable-val-gardena\">Sainte Elisabeth avec pain peinte bois \u00e9rable Val Gardena<\/a><\/div>\n<div class=\"blocco-descrizione\">Statue en bois naturel repr\u00e9sentant Sainte Elisabeth de Hongrie avec du pain.<\/div>\n<\/div>\n<\/div>\n<h2>Quand f\u00eate-t-on la Visitation de la Bienheureuse Vierge Marie ?<\/h2>\n<p>La f\u00eate fut institu\u00e9e en <strong>1389<\/strong> par pape Urbain VI, mais \u00e9tait d\u00e9j\u00e0 <strong>c\u00e9l\u00e9br\u00e9e par les fr\u00e8res franciscains <\/strong>depuis 1263. Urbain VI, et Eug\u00e8ne IV ensuite, firent de la f\u00eate de la Visitation un sujet de d\u00e9bat contre ceux qui soutenaient l\u2019antipape, dans le contexte du Grand Schisme. Avec <strong>le synode de Basil\u00e9e<\/strong> en 1441, la f\u00eate fut confirm\u00e9e.<\/p>\n<p>Les franciscains c\u00e9l\u00e9braient la Visitation de Marie le 2 juillet, mais apr\u00e8s le Concile Vatican II, la f\u00eate fut d\u00e9plac\u00e9e au <strong>31 mai<\/strong>, \u00e0 refermer les c\u00e9l\u00e9brations de mai, mois marial. La <strong>f\u00eate de la Royaut\u00e9 de <\/strong><a href=\"https:\/\/www.holyart.fr\/search?params=%7B%22search%22%3A%22marie%22%7D&amp;search=marie\"><strong>la Tr\u00e8s-Sainte Marie<\/strong><\/a>, qui reconnait et consacre la dignit\u00e9 royale de la Vierge, fut par contre d\u00e9plac\u00e9e du 31 mai au 22 ao\u00fbt, huiti\u00e8me jour de l\u2019Assomption.<\/p>\n<div class=\"link-product\">\n<div class=\"blocco-immagine\"><img loading=\"lazy\" decoding=\"async\" class=\"size-full wp-image-8270 alignleft\" src=\"https:\/\/blog.holyart.it\/fr\/wp-content\/uploads\/sites\/14\/2024\/05\/Statue-Vierge-Immaculee.jpg\" alt=\"Statue Vierge Immacul\u00e9e\" width=\"100\" height=\"100\" data-kale-share-title=\"31 mai : f\u00eate de la Visitation de la Bienheureuse Vierge Marie\" data-kale-share-url=\"https:\/\/blog.holyart.it\/fr\/?p=8262\" \/><\/div>\n<div class=\"blocco-contenuto\">\n<div class=\"blocco-acquista\">Acheter sur Holyart:<\/div>\n<div class=\"blocco-titolo\"><a href=\"https:\/\/www.holyart.fr\/search?page=1&amp;params=%7B%22offset%22:0,%22limit%22:60,%22filters%22:%5B%5D,%22sorter%22:%22Relevance_desc%22,%22search%22:%22marie%22%7D&amp;search_term=marie\">Marie<\/a><\/div>\n<div class=\"blocco-descrizione\">Une collection de nos produits d\u00e9di\u00e9s \u00e0 la Vierge Marie.<\/div>\n<\/div>\n<\/div>\n<h2>Pri\u00e8re de la Visitation de la Bienheureuse Vierge Marie<\/h2>\n<p>\u00c0 l\u2019occasion de la Visitation de la Bienheureuse Vierge Marie une pri\u00e8re est r\u00e9cit\u00e9e, \u00e9crite par le bienheureux <strong>Charles Eug\u00e8ne de Foucauld<\/strong>, religieux fran\u00e7ais qui v\u00e9cut \u00e0 cheval entre la fin du XIXe si\u00e8cle et le d\u00e9but du XX, r\u00e9cemment canonis\u00e9. Pour lui, dans la Visitation de Marie \u00e0 \u00c9lisabeth renfermait le fort message de <a href=\"https:\/\/www.holyart.fr\/blog\/accessoires-pour-la-liturgie\/journee-missionnaire-mondiale-donner-soi-meme-aux-autres\/\"><strong>vocation missionnaire<\/strong><\/a>, une invitation \u00e0 chaque baptis\u00e9 d\u2019amener J\u00e9sus aux autres, exactement comme Marie l\u2019amena \u00e0 \u00c9lisabeth, avec l\u2019extraordinaire annonce de l\u2019Ange.<\/p>\n<p><em>Marie, m\u00e8re vigilante dans la Visitation <\/em><\/p>\n<p><em>Apprends-nous l\u2019\u00e9coute de la Parole,<\/em><\/p>\n<p><em>une \u00e9coute qui nous bouleverse et, rapidement, <\/em><\/p>\n<p><em>nous conduise vers toutes les situations de pauvret\u00e9<\/em><\/p>\n<p><em>o\u00f9 est n\u00e9cessaire la pr\u00e9sence de ton Fils. <\/em><\/p>\n<p><em>Apprends-nous \u00e0 porter J\u00e9sus,<\/em><\/p>\n<p><em>en silence et humblement, comme tu l&rsquo;as fait Toi!<\/em><\/p>\n<p><em>Que nos fraternit\u00e9s (familles) soient parmi ceux<\/em><\/p>\n<p><em>qui ne le connaissent pas<\/em><\/p>\n<p><em>pour r\u00e9pandre son \u00c9vangile<\/em><\/p>\n<p><em>t\u00e9moignant de lui non pas avec des mots mais par la vie;<\/em><\/p>\n<p><em>non pas en l&rsquo;annon\u00e7ant mais en le vivant! <\/em><\/p>\n<p><em>Apprends-nous \u00e0 voyager simplement<\/em><\/p>\n<p><em>comme tu l&rsquo;as fait Toi,<\/em><\/p>\n<p><em>avec le regard toujours fix\u00e9 sur J\u00e9sus<\/em><\/p>\n<p><em>pr\u00e9sent dans ton sein le contemplant, l&rsquo;adorant et l&rsquo;imitant. <\/em><\/p>\n<p><em>Marie, femme du Magnificat<\/em><\/p>\n<p><em>Apprends-nous \u00e0 \u00eatre fid\u00e8les \u00e0 notre mission :<\/em><\/p>\n<p><em>pour porter J\u00e9sus aux gens ! <\/em><\/p>\n<p><em>O M\u00e8re bien-aim\u00e9e, c&rsquo;est ta propre mission,<\/em><\/p>\n<p><em>la premi\u00e8re que J\u00e9sus t\u2019a confi\u00e9e<\/em><\/p>\n<p><em>et que tu as daign\u00e9 partager avec nous.<\/em><\/p>\n<p><em>Aide-nous et interc\u00e8de pour nous<\/em><\/p>\n<p><em>afin que nous puissions faire comme toi dans la maison de Zacharie :<\/em><\/p>\n<p><em>Glorifier Dieu et sanctifier les personnes en J\u00e9sus,<\/em><\/p>\n<p><em>par Lui et pour Lui ! <\/em><\/p>\n<p><em>Amen !<\/em><\/p>\n<div class=\"link-article\">\n<p><img loading=\"lazy\" decoding=\"async\" class=\"size-full wp-image-8271 alignleft\" src=\"https:\/\/blog.holyart.it\/fr\/wp-content\/uploads\/sites\/14\/2024\/05\/Journee-missionnaire-mondiale.jpg\" alt=\"Journ\u00e9e missionnaire mondiale\" width=\"150\" height=\"99\" data-kale-share-title=\"31 mai : f\u00eate de la Visitation de la Bienheureuse Vierge Marie\" data-kale-share-url=\"https:\/\/blog.holyart.it\/fr\/?p=8262\" \/><\/p>\n<div class=\"leggi-anche\">Lire aussi :<\/div>\n<p><strong><a href=\"https:\/\/www.holyart.fr\/blog\/accessoires-pour-la-liturgie\/journee-missionnaire-mondiale-donner-soi-meme-aux-autres\/\">Journ\u00e9e missionnaire mondiale : donner soi-m\u00eame aux autres<\/a><\/strong><br \/>\nLe 24 octobre on c\u00e9l\u00e8bre la Journ\u00e9e Missionnaire Mondiale, ce qui consacre octobre comme mois&#8230;<\/p>\n<\/div>\n","protected":false},"excerpt":{"rendered":"<p>La F\u00eate de la Visitation de la Bienheureuse Vierge Marie rappelle un passage fondamental dans l\u2019histoire du Salut. Dans la rencontre entre Marie et sa cousine \u00c9lisabeth commence la diffusion du message de Dieu qui devient homme. Le 31 mai, \u00e0 la conclusion d\u2019un des&hellip;<\/p>\n","protected":false},"author":1,"featured_media":8265,"comment_status":"closed","ping_status":"open","sticky":false,"template":"","format":"standard","meta":{"_acf_changed":false,"footnotes":""},"categories":[8],"tags":[],"class_list":["post-8262","post","type-post","status-publish","format-standard","has-post-thumbnail","hentry","category-articles-religieux"],"acf":[],"yoast_head":"<!-- This site is optimized with the Yoast SEO plugin v26.6 - https:\/\/yoast.com\/wordpress\/plugins\/seo\/ -->\n<title>31 mai : f\u00eate de la Visitation de la Bienheureuse Vierge Marie - Holyart.fr Blog<\/title>\n<meta name=\"description\" content=\"La F\u00eate de la Visitation de la Bienheureuse Vierge Marie referme le mois de mai et c\u00e9l\u00e8bre la rencontre entre deux m\u00e8res destin\u00e9es \u00e0 changer le destin du monde.\" \/>\n<meta name=\"robots\" content=\"index, follow, max-snippet:-1, max-image-preview:large, max-video-preview:-1\" \/>\n<link rel=\"canonical\" href=\"https:\/\/blog.holyart.it\/fr\/articles-religieux\/31-mai-fete-de-la-visitation-de-la-bienheureuse-vierge-marie\/\" \/>\n<meta property=\"og:locale\" content=\"fr_FR\" \/>\n<meta property=\"og:type\" content=\"article\" \/>\n<meta property=\"og:title\" content=\"31 mai : f\u00eate de la Visitation de la Bienheureuse Vierge Marie - Holyart.fr Blog\" \/>\n<meta property=\"og:description\" content=\"La F\u00eate de la Visitation de la Bienheureuse Vierge Marie referme le mois de mai et c\u00e9l\u00e8bre la rencontre entre deux m\u00e8res destin\u00e9es \u00e0 changer le destin du monde.\" \/>\n<meta property=\"og:url\" content=\"https:\/\/blog.holyart.it\/fr\/articles-religieux\/31-mai-fete-de-la-visitation-de-la-bienheureuse-vierge-marie\/\" \/>\n<meta property=\"og:site_name\" content=\"Holyart.fr Blog\" \/>\n<meta property=\"article:published_time\" content=\"2024-05-29T08:00:34+00:00\" \/>\n<meta property=\"article:modified_time\" content=\"2025-05-06T07:22:39+00:00\" \/>\n<meta property=\"og:image\" content=\"https:\/\/blog.holyart.it\/fr\/wp-content\/uploads\/sites\/14\/2024\/05\/fete-de-la-Visitation-de-la-Bienheureuse-Vierge-Marie.jpg\" \/>\n\t<meta property=\"og:image:width\" content=\"1000\" \/>\n\t<meta property=\"og:image:height\" content=\"666\" \/>\n\t<meta property=\"og:image:type\" content=\"image\/jpeg\" \/>\n<meta name=\"author\" content=\"Redazione\" \/>\n<meta name=\"twitter:card\" content=\"summary_large_image\" \/>\n<meta name=\"twitter:label1\" content=\"\u00c9crit par\" \/>\n\t<meta name=\"twitter:data1\" content=\"Redazione\" \/>\n\t<meta name=\"twitter:label2\" content=\"Dur\u00e9e de lecture estim\u00e9e\" \/>\n\t<meta name=\"twitter:data2\" content=\"8 minutes\" \/>\n<script type=\"application\/ld+json\" class=\"yoast-schema-graph\">{\"@context\":\"https:\/\/schema.org\",\"@graph\":[{\"@type\":\"Article\",\"@id\":\"https:\/\/blog.holyart.it\/fr\/articles-religieux\/31-mai-fete-de-la-visitation-de-la-bienheureuse-vierge-marie\/#article\",\"isPartOf\":{\"@id\":\"https:\/\/blog.holyart.it\/fr\/articles-religieux\/31-mai-fete-de-la-visitation-de-la-bienheureuse-vierge-marie\/\"},\"author\":{\"name\":\"Redazione\",\"@id\":\"https:\/\/blog.holyart.it\/fr\/#\/schema\/person\/0a7b686e5af0f856ec1e390dd0baecda\"},\"headline\":\"31 mai : f\u00eate de la Visitation de la Bienheureuse Vierge Marie\",\"datePublished\":\"2024-05-29T08:00:34+00:00\",\"dateModified\":\"2025-05-06T07:22:39+00:00\",\"mainEntityOfPage\":{\"@id\":\"https:\/\/blog.holyart.it\/fr\/articles-religieux\/31-mai-fete-de-la-visitation-de-la-bienheureuse-vierge-marie\/\"},\"wordCount\":1350,\"publisher\":{\"@id\":\"https:\/\/blog.holyart.it\/fr\/#organization\"},\"image\":{\"@id\":\"https:\/\/blog.holyart.it\/fr\/articles-religieux\/31-mai-fete-de-la-visitation-de-la-bienheureuse-vierge-marie\/#primaryimage\"},\"thumbnailUrl\":\"https:\/\/blog.holyart.it\/fr\/wp-content\/uploads\/sites\/14\/2024\/05\/fete-de-la-Visitation-de-la-Bienheureuse-Vierge-Marie.jpg\",\"articleSection\":[\"Religion\"],\"inLanguage\":\"fr-FR\"},{\"@type\":\"WebPage\",\"@id\":\"https:\/\/blog.holyart.it\/fr\/articles-religieux\/31-mai-fete-de-la-visitation-de-la-bienheureuse-vierge-marie\/\",\"url\":\"https:\/\/blog.holyart.it\/fr\/articles-religieux\/31-mai-fete-de-la-visitation-de-la-bienheureuse-vierge-marie\/\",\"name\":\"31 mai : f\u00eate de la Visitation de la Bienheureuse Vierge Marie - Holyart.fr Blog\",\"isPartOf\":{\"@id\":\"https:\/\/blog.holyart.it\/fr\/#website\"},\"primaryImageOfPage\":{\"@id\":\"https:\/\/blog.holyart.it\/fr\/articles-religieux\/31-mai-fete-de-la-visitation-de-la-bienheureuse-vierge-marie\/#primaryimage\"},\"image\":{\"@id\":\"https:\/\/blog.holyart.it\/fr\/articles-religieux\/31-mai-fete-de-la-visitation-de-la-bienheureuse-vierge-marie\/#primaryimage\"},\"thumbnailUrl\":\"https:\/\/blog.holyart.it\/fr\/wp-content\/uploads\/sites\/14\/2024\/05\/fete-de-la-Visitation-de-la-Bienheureuse-Vierge-Marie.jpg\",\"datePublished\":\"2024-05-29T08:00:34+00:00\",\"dateModified\":\"2025-05-06T07:22:39+00:00\",\"description\":\"La F\u00eate de la Visitation de la Bienheureuse Vierge Marie referme le mois de mai et c\u00e9l\u00e8bre la rencontre entre deux m\u00e8res destin\u00e9es \u00e0 changer le destin du monde.\",\"breadcrumb\":{\"@id\":\"https:\/\/blog.holyart.it\/fr\/articles-religieux\/31-mai-fete-de-la-visitation-de-la-bienheureuse-vierge-marie\/#breadcrumb\"},\"inLanguage\":\"fr-FR\",\"potentialAction\":[{\"@type\":\"ReadAction\",\"target\":[\"https:\/\/blog.holyart.it\/fr\/articles-religieux\/31-mai-fete-de-la-visitation-de-la-bienheureuse-vierge-marie\/\"]}]},{\"@type\":\"ImageObject\",\"inLanguage\":\"fr-FR\",\"@id\":\"https:\/\/blog.holyart.it\/fr\/articles-religieux\/31-mai-fete-de-la-visitation-de-la-bienheureuse-vierge-marie\/#primaryimage\",\"url\":\"https:\/\/blog.holyart.it\/fr\/wp-content\/uploads\/sites\/14\/2024\/05\/fete-de-la-Visitation-de-la-Bienheureuse-Vierge-Marie.jpg\",\"contentUrl\":\"https:\/\/blog.holyart.it\/fr\/wp-content\/uploads\/sites\/14\/2024\/05\/fete-de-la-Visitation-de-la-Bienheureuse-Vierge-Marie.jpg\",\"width\":1000,\"height\":666,\"caption\":\"f\u00eate de la Visitation de la Bienheureuse Vierge Marie\"},{\"@type\":\"BreadcrumbList\",\"@id\":\"https:\/\/blog.holyart.it\/fr\/articles-religieux\/31-mai-fete-de-la-visitation-de-la-bienheureuse-vierge-marie\/#breadcrumb\",\"itemListElement\":[{\"@type\":\"ListItem\",\"position\":1,\"name\":\"Homepage\",\"item\":\"https:\/\/blog.holyart.it\/fr\/\"},{\"@type\":\"ListItem\",\"position\":2,\"name\":\"Religion\",\"item\":\"https:\/\/blog.holyart.it\/fr\/articles-religieux\/\"},{\"@type\":\"ListItem\",\"position\":3,\"name\":\"31 mai : f\u00eate de la Visitation de la Bienheureuse Vierge Marie\"}]},{\"@type\":\"WebSite\",\"@id\":\"https:\/\/blog.holyart.it\/fr\/#website\",\"url\":\"https:\/\/blog.holyart.it\/fr\/\",\"name\":\"Holyart.fr Blog\",\"description\":\"Holyblog\",\"publisher\":{\"@id\":\"https:\/\/blog.holyart.it\/fr\/#organization\"},\"potentialAction\":[{\"@type\":\"SearchAction\",\"target\":{\"@type\":\"EntryPoint\",\"urlTemplate\":\"https:\/\/blog.holyart.it\/fr\/?s={search_term_string}\"},\"query-input\":{\"@type\":\"PropertyValueSpecification\",\"valueRequired\":true,\"valueName\":\"search_term_string\"}}],\"inLanguage\":\"fr-FR\"},{\"@type\":\"Organization\",\"@id\":\"https:\/\/blog.holyart.it\/fr\/#organization\",\"name\":\"Holyart.fr Blog\",\"url\":\"https:\/\/blog.holyart.it\/fr\/\",\"logo\":{\"@type\":\"ImageObject\",\"inLanguage\":\"fr-FR\",\"@id\":\"https:\/\/blog.holyart.it\/fr\/#\/schema\/logo\/image\/\",\"url\":\"https:\/\/blog.holyart.it\/fr\/wp-content\/uploads\/sites\/14\/2022\/12\/Holyart_Blog_Logo.jpg\",\"contentUrl\":\"https:\/\/blog.holyart.it\/fr\/wp-content\/uploads\/sites\/14\/2022\/12\/Holyart_Blog_Logo.jpg\",\"width\":300,\"height\":50,\"caption\":\"Holyart.fr Blog\"},\"image\":{\"@id\":\"https:\/\/blog.holyart.it\/fr\/#\/schema\/logo\/image\/\"}},{\"@type\":\"Person\",\"@id\":\"https:\/\/blog.holyart.it\/fr\/#\/schema\/person\/0a7b686e5af0f856ec1e390dd0baecda\",\"name\":\"Redazione\",\"image\":{\"@type\":\"ImageObject\",\"inLanguage\":\"fr-FR\",\"@id\":\"https:\/\/blog.holyart.it\/fr\/#\/schema\/person\/image\/\",\"url\":\"https:\/\/secure.gravatar.com\/avatar\/f477da817f43e50d0af36abecd33e3edf826c68299714bdc1057dff3b113f516?s=96&d=mm&r=g\",\"contentUrl\":\"https:\/\/secure.gravatar.com\/avatar\/f477da817f43e50d0af36abecd33e3edf826c68299714bdc1057dff3b113f516?s=96&d=mm&r=g\",\"caption\":\"Redazione\"},\"url\":\"https:\/\/blog.holyart.it\/fr\/author\/admin\/\"}]}<\/script>\n<!-- \/ Yoast SEO plugin. -->","yoast_head_json":{"title":"31 mai : f\u00eate de la Visitation de la Bienheureuse Vierge Marie - Holyart.fr Blog","description":"La F\u00eate de la Visitation de la Bienheureuse Vierge Marie referme le mois de mai et c\u00e9l\u00e8bre la rencontre entre deux m\u00e8res destin\u00e9es \u00e0 changer le destin du monde.","robots":{"index":"index","follow":"follow","max-snippet":"max-snippet:-1","max-image-preview":"max-image-preview:large","max-video-preview":"max-video-preview:-1"},"canonical":"https:\/\/blog.holyart.it\/fr\/articles-religieux\/31-mai-fete-de-la-visitation-de-la-bienheureuse-vierge-marie\/","og_locale":"fr_FR","og_type":"article","og_title":"31 mai : f\u00eate de la Visitation de la Bienheureuse Vierge Marie - Holyart.fr Blog","og_description":"La F\u00eate de la Visitation de la Bienheureuse Vierge Marie referme le mois de mai et c\u00e9l\u00e8bre la rencontre entre deux m\u00e8res destin\u00e9es \u00e0 changer le destin du monde.","og_url":"https:\/\/blog.holyart.it\/fr\/articles-religieux\/31-mai-fete-de-la-visitation-de-la-bienheureuse-vierge-marie\/","og_site_name":"Holyart.fr Blog","article_published_time":"2024-05-29T08:00:34+00:00","article_modified_time":"2025-05-06T07:22:39+00:00","og_image":[{"width":1000,"height":666,"url":"https:\/\/blog.holyart.it\/fr\/wp-content\/uploads\/sites\/14\/2024\/05\/fete-de-la-Visitation-de-la-Bienheureuse-Vierge-Marie.jpg","type":"image\/jpeg"}],"author":"Redazione","twitter_card":"summary_large_image","twitter_misc":{"\u00c9crit par":"Redazione","Dur\u00e9e de lecture estim\u00e9e":"8 minutes"},"schema":{"@context":"https:\/\/schema.org","@graph":[{"@type":"Article","@id":"https:\/\/blog.holyart.it\/fr\/articles-religieux\/31-mai-fete-de-la-visitation-de-la-bienheureuse-vierge-marie\/#article","isPartOf":{"@id":"https:\/\/blog.holyart.it\/fr\/articles-religieux\/31-mai-fete-de-la-visitation-de-la-bienheureuse-vierge-marie\/"},"author":{"name":"Redazione","@id":"https:\/\/blog.holyart.it\/fr\/#\/schema\/person\/0a7b686e5af0f856ec1e390dd0baecda"},"headline":"31 mai : f\u00eate de la Visitation de la Bienheureuse Vierge Marie","datePublished":"2024-05-29T08:00:34+00:00","dateModified":"2025-05-06T07:22:39+00:00","mainEntityOfPage":{"@id":"https:\/\/blog.holyart.it\/fr\/articles-religieux\/31-mai-fete-de-la-visitation-de-la-bienheureuse-vierge-marie\/"},"wordCount":1350,"publisher":{"@id":"https:\/\/blog.holyart.it\/fr\/#organization"},"image":{"@id":"https:\/\/blog.holyart.it\/fr\/articles-religieux\/31-mai-fete-de-la-visitation-de-la-bienheureuse-vierge-marie\/#primaryimage"},"thumbnailUrl":"https:\/\/blog.holyart.it\/fr\/wp-content\/uploads\/sites\/14\/2024\/05\/fete-de-la-Visitation-de-la-Bienheureuse-Vierge-Marie.jpg","articleSection":["Religion"],"inLanguage":"fr-FR"},{"@type":"WebPage","@id":"https:\/\/blog.holyart.it\/fr\/articles-religieux\/31-mai-fete-de-la-visitation-de-la-bienheureuse-vierge-marie\/","url":"https:\/\/blog.holyart.it\/fr\/articles-religieux\/31-mai-fete-de-la-visitation-de-la-bienheureuse-vierge-marie\/","name":"31 mai : f\u00eate de la Visitation de la Bienheureuse Vierge Marie - Holyart.fr Blog","isPartOf":{"@id":"https:\/\/blog.holyart.it\/fr\/#website"},"primaryImageOfPage":{"@id":"https:\/\/blog.holyart.it\/fr\/articles-religieux\/31-mai-fete-de-la-visitation-de-la-bienheureuse-vierge-marie\/#primaryimage"},"image":{"@id":"https:\/\/blog.holyart.it\/fr\/articles-religieux\/31-mai-fete-de-la-visitation-de-la-bienheureuse-vierge-marie\/#primaryimage"},"thumbnailUrl":"https:\/\/blog.holyart.it\/fr\/wp-content\/uploads\/sites\/14\/2024\/05\/fete-de-la-Visitation-de-la-Bienheureuse-Vierge-Marie.jpg","datePublished":"2024-05-29T08:00:34+00:00","dateModified":"2025-05-06T07:22:39+00:00","description":"La F\u00eate de la Visitation de la Bienheureuse Vierge Marie referme le mois de mai et c\u00e9l\u00e8bre la rencontre entre deux m\u00e8res destin\u00e9es \u00e0 changer le destin du monde.","breadcrumb":{"@id":"https:\/\/blog.holyart.it\/fr\/articles-religieux\/31-mai-fete-de-la-visitation-de-la-bienheureuse-vierge-marie\/#breadcrumb"},"inLanguage":"fr-FR","potentialAction":[{"@type":"ReadAction","target":["https:\/\/blog.holyart.it\/fr\/articles-religieux\/31-mai-fete-de-la-visitation-de-la-bienheureuse-vierge-marie\/"]}]},{"@type":"ImageObject","inLanguage":"fr-FR","@id":"https:\/\/blog.holyart.it\/fr\/articles-religieux\/31-mai-fete-de-la-visitation-de-la-bienheureuse-vierge-marie\/#primaryimage","url":"https:\/\/blog.holyart.it\/fr\/wp-content\/uploads\/sites\/14\/2024\/05\/fete-de-la-Visitation-de-la-Bienheureuse-Vierge-Marie.jpg","contentUrl":"https:\/\/blog.holyart.it\/fr\/wp-content\/uploads\/sites\/14\/2024\/05\/fete-de-la-Visitation-de-la-Bienheureuse-Vierge-Marie.jpg","width":1000,"height":666,"caption":"f\u00eate de la Visitation de la Bienheureuse Vierge Marie"},{"@type":"BreadcrumbList","@id":"https:\/\/blog.holyart.it\/fr\/articles-religieux\/31-mai-fete-de-la-visitation-de-la-bienheureuse-vierge-marie\/#breadcrumb","itemListElement":[{"@type":"ListItem","position":1,"name":"Homepage","item":"https:\/\/blog.holyart.it\/fr\/"},{"@type":"ListItem","position":2,"name":"Religion","item":"https:\/\/blog.holyart.it\/fr\/articles-religieux\/"},{"@type":"ListItem","position":3,"name":"31 mai : f\u00eate de la Visitation de la Bienheureuse Vierge Marie"}]},{"@type":"WebSite","@id":"https:\/\/blog.holyart.it\/fr\/#website","url":"https:\/\/blog.holyart.it\/fr\/","name":"Holyart.fr Blog","description":"Holyblog","publisher":{"@id":"https:\/\/blog.holyart.it\/fr\/#organization"},"potentialAction":[{"@type":"SearchAction","target":{"@type":"EntryPoint","urlTemplate":"https:\/\/blog.holyart.it\/fr\/?s={search_term_string}"},"query-input":{"@type":"PropertyValueSpecification","valueRequired":true,"valueName":"search_term_string"}}],"inLanguage":"fr-FR"},{"@type":"Organization","@id":"https:\/\/blog.holyart.it\/fr\/#organization","name":"Holyart.fr Blog","url":"https:\/\/blog.holyart.it\/fr\/","logo":{"@type":"ImageObject","inLanguage":"fr-FR","@id":"https:\/\/blog.holyart.it\/fr\/#\/schema\/logo\/image\/","url":"https:\/\/blog.holyart.it\/fr\/wp-content\/uploads\/sites\/14\/2022\/12\/Holyart_Blog_Logo.jpg","contentUrl":"https:\/\/blog.holyart.it\/fr\/wp-content\/uploads\/sites\/14\/2022\/12\/Holyart_Blog_Logo.jpg","width":300,"height":50,"caption":"Holyart.fr Blog"},"image":{"@id":"https:\/\/blog.holyart.it\/fr\/#\/schema\/logo\/image\/"}},{"@type":"Person","@id":"https:\/\/blog.holyart.it\/fr\/#\/schema\/person\/0a7b686e5af0f856ec1e390dd0baecda","name":"Redazione","image":{"@type":"ImageObject","inLanguage":"fr-FR","@id":"https:\/\/blog.holyart.it\/fr\/#\/schema\/person\/image\/","url":"https:\/\/secure.gravatar.com\/avatar\/f477da817f43e50d0af36abecd33e3edf826c68299714bdc1057dff3b113f516?s=96&d=mm&r=g","contentUrl":"https:\/\/secure.gravatar.com\/avatar\/f477da817f43e50d0af36abecd33e3edf826c68299714bdc1057dff3b113f516?s=96&d=mm&r=g","caption":"Redazione"},"url":"https:\/\/blog.holyart.it\/fr\/author\/admin\/"}]}},"_links":{"self":[{"href":"https:\/\/blog.holyart.it\/fr\/wp-json\/wp\/v2\/posts\/8262","targetHints":{"allow":["GET"]}}],"collection":[{"href":"https:\/\/blog.holyart.it\/fr\/wp-json\/wp\/v2\/posts"}],"about":[{"href":"https:\/\/blog.holyart.it\/fr\/wp-json\/wp\/v2\/types\/post"}],"author":[{"embeddable":true,"href":"https:\/\/blog.holyart.it\/fr\/wp-json\/wp\/v2\/users\/1"}],"replies":[{"embeddable":true,"href":"https:\/\/blog.holyart.it\/fr\/wp-json\/wp\/v2\/comments?post=8262"}],"version-history":[{"count":6,"href":"https:\/\/blog.holyart.it\/fr\/wp-json\/wp\/v2\/posts\/8262\/revisions"}],"predecessor-version":[{"id":8274,"href":"https:\/\/blog.holyart.it\/fr\/wp-json\/wp\/v2\/posts\/8262\/revisions\/8274"}],"wp:featuredmedia":[{"embeddable":true,"href":"https:\/\/blog.holyart.it\/fr\/wp-json\/wp\/v2\/media\/8265"}],"wp:attachment":[{"href":"https:\/\/blog.holyart.it\/fr\/wp-json\/wp\/v2\/media?parent=8262"}],"wp:term":[{"taxonomy":"category","embeddable":true,"href":"https:\/\/blog.holyart.it\/fr\/wp-json\/wp\/v2\/categories?post=8262"},{"taxonomy":"post_tag","embeddable":true,"href":"https:\/\/blog.holyart.it\/fr\/wp-json\/wp\/v2\/tags?post=8262"}],"curies":[{"name":"wp","href":"https:\/\/api.w.org\/{rel}","templated":true}]}}