{"id":8244,"date":"2024-05-27T10:00:50","date_gmt":"2024-05-27T08:00:50","guid":{"rendered":"https:\/\/blog.holyart.it\/fr\/?p=8244"},"modified":"2024-06-18T12:25:38","modified_gmt":"2024-06-18T10:25:38","slug":"la-carte-du-pelerin-comment-sorganiser-pour-les-evenements-du-jubile","status":"publish","type":"post","link":"https:\/\/blog.holyart.it\/fr\/articles-religieux\/la-carte-du-pelerin-comment-sorganiser-pour-les-evenements-du-jubile\/","title":{"rendered":"La Carte du p\u00e8lerin : comment s\u2019organiser pour les \u00e9v\u00e9nements du Jubil\u00e9"},"content":{"rendered":"<h4>Le Carnet du p\u00e8lerin est un document pr\u00e9cieux et indispensable pour toute personne souhaitant entreprendre un p\u00e8lerinage d\u00e9votionnel. Voil\u00e0 pourquoi il est fondamental de s\u2019en procurer un en vue du Jubil\u00e9 2025.<\/h4>\n\n<p>En vue du <a href=\"https:\/\/www.holyart.fr\/jubile-2025-pelerins-desperance\"><strong>Jubil\u00e9 2025<\/strong><\/a> et des nombreux itin\u00e9raires de p\u00e8lerinages pr\u00e9vus pour qui voudra y participer, premier parmi tous les <a href=\"https:\/\/www.holyart.fr\/blog\/articles-religieux\/pelerinage-a-rome-parmi-les-destinations-preferees-des-chretiens\/\"><strong>p\u00e8lerinages \u00e0 Rome<\/strong><\/a>, et en particulier le <a href=\"https:\/\/www.holyart.fr\/blog\/articles-religieux\/tour-des-sept-eglises-itineraires-de-pelerinage-pour-le-jubile\/\"><strong>Tour des Sept \u00c9glises <\/strong><\/a>ou la visite des <a href=\"https:\/\/www.holyart.fr\/blog\/articles-religieux\/eglises-jubilaires-lieux-de-pelerinages-incontournables-pendant-le-jubile\/\"><strong>\u00c9glises Jubilaires<\/strong><\/a>, n\u00e9cessaire pour obtenir l\u2019<a href=\"https:\/\/www.holyart.fr\/blog\/articles-religieux\/indulgence-pleniere-signification-origines-et-comment-lobtenir\/\"><strong>indulgence pl\u00e9ni\u00e8re<\/strong><\/a>, il est opportun de s\u2019organiser \u00e0 temps. Le prochain Jubil\u00e9 attirera \u00e0 Rome au moins 32 millions de p\u00e8lerins et il est bien que ceux qui souhaitent entreprendre ce voyage d\u00e9votionnel sachent qu\u2019il existe des r\u00e8gles \u00e0 respecter et des avantages d\u00e9di\u00e9s aux p\u00e8lerins du monde entier. Voici donc pourquoi il devient important de se procurer le <strong>Carnet du p\u00e8lerin<\/strong>. Mais de quoi s\u2019agit-il ?<\/p>\n<div class=\"link-product\">\n<div class=\"blocco-immagine\"><img loading=\"lazy\" decoding=\"async\" class=\"size-full wp-image-8247 alignleft\" src=\"https:\/\/blog.holyart.it\/fr\/wp-content\/uploads\/sites\/14\/2024\/05\/Vetements-du-Jubile-2025.jpg\" alt=\"V\u00eatements du Jubil\u00e9 2025\" width=\"100\" height=\"100\" data-kale-share-title=\"La Carte du p\u00e8lerin : comment s\u2019organiser pour les \u00e9v\u00e9nements du Jubil\u00e9\" data-kale-share-url=\"https:\/\/blog.holyart.it\/fr\/?p=8244\" \/><\/div>\n<div class=\"blocco-contenuto\">\n<div class=\"blocco-acquista\">Acheter sur Holyart:<\/div>\n<div class=\"blocco-titolo\"><a href=\"https:\/\/www.holyart.fr\/jubile-2025-pelerins-desperance\">Jubil\u00e9 2025 P\u00e8lerins d&rsquo;esp\u00e9rance<\/a><\/div>\n<div class=\"blocco-descrizione\">Articles con\u00e7us pour c\u00e9l\u00e9brer le prochain Jubil\u00e9 2025 \u00e0 Rome.<\/div>\n<\/div>\n<\/div>\n<h2>Qu\u2019est-ce qu\u2019est le Carnet du p\u00e8lerin<\/h2>\n<p>Le <strong>Carnet ou passeport du p\u00e8lerin<\/strong> est un document fondamental pour qui parcourt une des voies de p\u00e8lerinages, de la Via Francigena (Voie Francig\u00e8ne) au <a href=\"https:\/\/www.holyart.fr\/blog\/articles-religieux\/le-chemin-de-saint-jacques-de-compostelle-histoire-et-curiosites-dun-des-plus-celebres-itineraires-religieux\/\"><strong>Chemin de Saint-Jacques-de-Compostelle<\/strong><\/a>, qui offre \u00e0 qui la poss\u00e8de une s\u00e9rie d\u2019avantages, de la possibilit\u00e9 d\u2019acc\u00e9der aux structures d\u2019accueil \u00e0 des prix avantageux \u00e0 des remises dans de nombreux restaurants et bars sur le chemin, \u00e0 des billets \u00e0 prix r\u00e9duit pour les moyens de transport conventionn\u00e9s. Chaque Carnet peut \u00eatre demand\u00e9 dans diff\u00e9rents bureaux comp\u00e9tents ou paroisses.<\/p>\n<h2>P\u00e8lerinages et passeport du p\u00e8lerin<\/h2>\n<p>Nous avons d\u00e9j\u00e0 parl\u00e9 du Carnet du p\u00e8lerin dans un article d\u00e9di\u00e9 au <a href=\"https:\/\/www.holyart.fr\/blog\/articles-religieux\/le-chemin-de-saint-jacques-de-compostelle-histoire-et-curiosites-dun-des-plus-celebres-itineraires-religieux\/#La_Compostela_du_pelerin\"><strong>Chemin de Saint-Jacques-de-Compostelle<\/strong><\/a>, une des plus anciennes et c\u00e9l\u00e8bres routes de p\u00e8lerinage religieux au monde. Ce chemin s\u2019\u00e9tend \u00e0 travers diff\u00e9rentes routes partout en Europe, en convergeant enfin dans la ville de Saint-Jacques-de-Compostelle en Espagne, o\u00f9 se trouve la tombe de Saint Jacques, un des douze ap\u00f4tres de J\u00e9sus. Depuis le Moyen \u00c2ge, ce p\u00e8lerinage a attir\u00e9 des milliers de p\u00e8lerins de l\u2019Europe enti\u00e8re, d\u00e9sireux de v\u00e9n\u00e9rer les reliques du Saint Ap\u00f4tre et d\u2019obtenir l\u2019indulgence pl\u00e9ni\u00e8re associ\u00e9e \u00e0 l\u2019accomplissement du p\u00e8lerinage. Afin de d\u00e9montrer avoir effectu\u00e9 le voyage pour des raisons religieuses et de m\u00e9riter donc l\u2019indulgence, les p\u00e8lerins doivent obtenir un document officiel appel\u00e9 la <strong>Compostela<\/strong>, qui atteste l\u2019accomplissement du p\u00e8lerinage jusqu\u2019\u00e0 la tombe de Saint Jacques.<\/p>\n<div class=\"link-article\">\n<p><img loading=\"lazy\" decoding=\"async\" class=\"size-full wp-image-8250 alignleft\" src=\"https:\/\/blog.holyart.it\/fr\/wp-content\/uploads\/sites\/14\/2024\/05\/chemin-de-saint-jacques-de-compostelle.jpeg\" alt=\"chemin de saint jacques de compostelle\" width=\"150\" height=\"100\" data-kale-share-title=\"La Carte du p\u00e8lerin : comment s\u2019organiser pour les \u00e9v\u00e9nements du Jubil\u00e9\" data-kale-share-url=\"https:\/\/blog.holyart.it\/fr\/?p=8244\" \/><\/p>\n<div class=\"leggi-anche\">Lire aussi :<\/div>\n<p><strong><a href=\"https:\/\/www.holyart.fr\/blog\/articles-religieux\/le-chemin-de-saint-jacques-de-compostelle-histoire-et-curiosites-dun-des-plus-celebres-itineraires-religieux\/\">Le Chemin de Saint-Jacques-de-Compostelle: histoire et curiosit\u00e9s d\u2019un des plus c\u00e9l\u00e8bres itin\u00e9raires religieux<\/a><\/strong><br \/>\nDepuis des si\u00e8cles, le Chemin de Saint-Jacques-de-Compostelle&#8230;<\/p>\n<\/div>\n<p>Aujourd\u2019hui, afin d\u2019obtenir la Compostela, qui encore de nos jours est \u00e9mise par les autorit\u00e9s eccl\u00e9siastiques de Saint-Jacques-de-Compostelle, il est n\u00e9cessaire de d\u00e9montrer avoir parcouru au moins 100 km \u00e0 pied (ou 200 en v\u00e9lo) sur une des voies principales du Chemin. Les p\u00e8lerins doivent pr\u00e9senter leur Carnet du P\u00e8lerin, une sorte de passeport qui est cachet\u00e9 \u00e0 chaque \u00e9tape du parcours et fait office de preuve du voyage accompli. Toutefois, il est important de souligner que la Compostela est remise uniquement \u00e0 ceux qui ont entrepris le Chemin pour des raisons religieuses authentiques et non pas dans un but touristique ou sportif. Le Carnet du P\u00e8lerin pour le Chemin de Saint-Jacques-de-Compostelle peut \u00eatre obtenu dans diff\u00e9rents bureaux, y compris le <strong>Centre International d\u2019Accueil au P\u00e8lerinage<\/strong>, situ\u00e9 au 33, R\u00faa Carretas, ainsi que dans les si\u00e8ges des confr\u00e9ries de p\u00e8lerins, dans les auberges de jeunesse et dans les paroisses le long du parcours. En outre, les Associations des Amis du Chemin de Saint-Jacques-de-Compostelle, pr\u00e9sentes dans le monde entier, offrent la possibilit\u00e9 d\u2019obtenir le Carnet en pr\u00e9sentant un document d\u2019identification qui atteste l\u2019identit\u00e9 du demandeur.<\/p>\n<div class=\"link-product\">\n<div class=\"blocco-immagine\"><img loading=\"lazy\" decoding=\"async\" class=\"size-full wp-image-8383 alignleft\" src=\"https:\/\/blog.holyart.it\/fr\/wp-content\/uploads\/sites\/14\/2024\/05\/Sac-a-dos-du-pelerin-kit-complet-Jubile-2025-1.jpg\" alt=\"Sac \u00e0 dos du p\u00e8lerin kit complet Jubil\u00e9 2025 \" width=\"100\" height=\"100\" data-kale-share-title=\"La Carte du p\u00e8lerin : comment s\u2019organiser pour les \u00e9v\u00e9nements du Jubil\u00e9\" data-kale-share-url=\"https:\/\/blog.holyart.it\/fr\/articles-religieux\/la-carte-du-pelerin-comment-sorganiser-pour-les-evenements-du-jubile\/\" \/><\/div>\n<div class=\"blocco-contenuto\">\n<div class=\"blocco-acquista\">Acheter sur Holyart:<\/div>\n<div class=\"blocco-titolo\"><a href=\"https:\/\/www.holyart.fr\/jubile-2025-pelerins-desperance\/kit-du-pelerin-et-gadgets-du-jubile-2025\/sac-a-dos-du-pelerin-kit-complet-jubile-2025\">Sac \u00e0 dos du p\u00e8lerin kit complet Jubil\u00e9 2025 <\/a><\/div>\n<div class=\"blocco-descrizione\">Kit du p\u00e8lerin con\u00e7u pour enrichir et faciliter le p\u00e8lerinage du Jubil\u00e9.<\/div>\n<\/div>\n<\/div>\n<p>La <strong>Voie Francig\u00e8ne<\/strong>, avec ses 2000 km environ, qui relient Cantorb\u00e9ry, en Angleterre, \u00e0 Santa Maria di Leuca dans les Pouilles, en traversant France et Suisse, repr\u00e9sente un voyage \u00e0 travers l\u2019histoire, la culture et la spiritualit\u00e9 de l\u2019Europe m\u00e9di\u00e9vale. Ses routes emm\u00e8nent les p\u00e8lerins \u00e0 travers des paysages \u00e0 couper le souffle, de champs ouverts \u00e0 des for\u00eats majestueuses, de villages pittoresques \u00e0 des villes riches d\u2019art et d\u2019histoire. Le <strong>Carnet du p\u00e8lerin de la Via Francigena<\/strong> est distribu\u00e9 par l\u2019<strong>Association Europ\u00e9enne de la Via Francigena (AEVF) <\/strong>et le p\u00e8lerin doit le faire cacheter tout au long du parcours dans les bureaux touristiques, les structures d\u2019accueil et les points de ravitaillement. Il ne s\u2019agit pas simplement d\u2019un document d\u2019identification qui offre remises et avantages, mais il contribue de mani\u00e8re fondamentale \u00e0 soutenir diff\u00e9rentes activit\u00e9s visant \u00e0 entretenir et promouvoir l\u2019itin\u00e9raire. Gr\u00e2ce \u00e0 son acquisition, les p\u00e8lerins contribuent \u00e0 la mise \u00e0 jour et \u00e0 la distribution des cartes, \u00e0 l\u2019entretien et \u00e0 la mise \u00e0 jour de l\u2019application gratuite disponible sur iPhone et Android afin de suivre par GPS le parcours de Cantorb\u00e9ry \u00e0 Rome, \u00e0 la mise \u00e0 jour de la base de donn\u00e9es des structures d\u2019accueil le long du parcours, \u00e0 la mise \u00e0 jour du site et d\u2019autres canaux d\u2019information de l\u2019AEVF, au support et \u00e0 la promotion de la Via Francigena en tant qu\u2019itin\u00e9raire culturel international afin de lui permettre d\u2019obtenir la reconnaissance de l\u2019UNESCO.<\/p>\n<p>Un autre exemple de Carnet du p\u00e8lerin est le <strong>Carnet de la Via di Francesco<\/strong>, \u00e0 laquelle se joint \u00e9galement le <strong><em>Testimonium Viae Francisci<\/em><\/strong>. Le Carnet de la Via di Francesco est le Carnet du p\u00e8lerin sp\u00e9cialement \u00e9mis pour qui entreprend la Via di Francesco, un itin\u00e9raire qui relie diff\u00e9rents lieux significatifs li\u00e9s \u00e0 la vie et \u00e0 la pr\u00e9dication de <a href=\"https:\/\/www.holyart.fr\/articles-religieux\/statues\/statues-en-resine-et-pvc\/saint-francois-20-cm-resine-et-tissu\"><strong>Saint Fran\u00e7ois d\u2019Assise<\/strong><\/a>. Il s\u2019agit d\u2019une authentique exp\u00e9rience de p\u00e8lerinage, con\u00e7ue pour faire revivre aux participants l\u2019essence de la spiritualit\u00e9 franciscaine et les immerger dans les terres que le Saint a parcouru lors de ses voyages de pr\u00e9dication.<br \/>\nAfin d\u2019obtenir le Carnet de la Via di Francesco, il faut envoyer le document rempli de avec ses coordonn\u00e9es et la date approximative de d\u00e9but du p\u00e8lerinage au moins 3 semaines avant le d\u00e9part, si l\u2019on d\u00e9marre d\u2019Italie, ou au moins 2 mois \u00e0 l\u2019avance, si l\u2019on part de l\u2019\u00e9tranger.<\/p>\n<div class=\"link-product\">\n<div class=\"blocco-immagine\"><img loading=\"lazy\" decoding=\"async\" class=\"size-full wp-image-8253 alignleft\" src=\"https:\/\/blog.holyart.it\/fr\/wp-content\/uploads\/sites\/14\/2024\/05\/saint-francois-20-cm-resine-et-tissu.jpg\" alt=\"saint francois 20 cm resine et tissu\" width=\"100\" height=\"100\" data-kale-share-title=\"La Carte du p\u00e8lerin : comment s\u2019organiser pour les \u00e9v\u00e9nements du Jubil\u00e9\" data-kale-share-url=\"https:\/\/blog.holyart.it\/fr\/?p=8244\" \/><\/div>\n<div class=\"blocco-contenuto\">\n<div class=\"blocco-acquista\">Acheter sur Holyart:<\/div>\n<div class=\"blocco-titolo\"><a href=\"https:\/\/www.holyart.fr\/articles-religieux\/statues\/statues-en-resine-et-pvc\/saint-francois-20-cm-resine-et-tissu\">Saint Fran\u00e7ois 20 cm r\u00e9sine et tissu <\/a><\/div>\n<div class=\"blocco-descrizione\">Statuette de Saint Fran\u00e7ois en r\u00e9sine avec v\u00eatements en tissu.<\/div>\n<\/div>\n<\/div>\n<p>Le service d\u2019envoi du Carnet est gratuit et est g\u00e9r\u00e9 par le Bureau du Carnet aupr\u00e8s de la Piccola Accoglienza du Dioc\u00e8se de Gubbio. Le Carnet de la Via di Francesco est envoy\u00e9e par la poste.<br \/>\nLe\u00a0<strong><em>Testimonium Peregrinationis Peractae ad Sanctorum Francisci et Clarae Civitatem<\/em><\/strong>\u00a0est par contre l\u2019attestation qui certifie l\u2019accomplissement du p\u00e8lerinage jusqu\u2019\u00e0 la tombe de Saint Fran\u00e7ois d\u2019Assise. D\u00e9j\u00e0 au Moyen \u00c2ge, le p\u00e8lerinage \u00e9tait consid\u00e9r\u00e9 comme valable uniquement si le p\u00e8lerin arrivait jusqu\u2019\u00e0 la tombe du Saint. Le Testimonium conserve une grande valeur en tant que pr\u00e9cieux souvenir de l\u2019exp\u00e9rience v\u00e9cue et symbole tangible des valeurs et des sentiments d\u00e9couverts pendant le chemin. Afin de l\u2019obtenir, il est n\u00e9cessaire d\u2019avoir parcouru au moins les 100 derniers kilom\u00e8tres \u00e0 pied ou 200 en v\u00e9lo jusqu\u2019\u00e0 la tombe de Saint Fran\u00e7ois. Les cachets et les dates sur le Carnet attestent le chemin accompli et sont fondamentaux afin d\u2019obtenir le Testimonium.<\/p>\n<h2>Carte du p\u00e8lerin pour le Jubil\u00e9 2025<\/h2>\n<p>En vue du Jubil\u00e9 2025, la Carte du p\u00e8lerin a \u00e9t\u00e9 inaugur\u00e9e, une solution digitale innovante gratuite et personnelle, indispensable pour participer aux \u00e9v\u00e9nements du Jubil\u00e9. Le p\u00e8lerin qui souhaite l\u2019obtenir doit s\u2019inscrire \u00e0 temps sur le portail d\u00e9di\u00e9 ou t\u00e9l\u00e9charger l\u2019App officielle du Jubil\u00e9. Il recevra ainsi un QR code personnalis\u00e9 et pourra organiser au mieux son parcours de p\u00e8lerinage. En particulier, la Carte du P\u00e8lerin permettra de s\u2019inscrire au p\u00e8lerinage \u00e0 la <a href=\"https:\/\/www.holyart.fr\/blog\/articles-religieux\/porte-sainte-quest-ce-que-cest-et-que-represente-son-ouverture\/\"><strong>Porte Sainte de Saint-Pierre<\/strong><\/a>, en en favorisant l\u2019acc\u00e8s. Des \u00e9ventualit\u00e9s comme celle-ci ne sont pas escompt\u00e9es, en raison de l\u2019affluence de p\u00e8lerins pr\u00e9vues, mais cela facilitera aussi l\u2019acc\u00e8s \u00e0 tous les autres principaux \u00e9v\u00e9nements du Jubil\u00e9.<br \/>\nIl sera \u00e9galement possible de demander inscription et avantages pour les groupes et de g\u00e9rer en totale autonomie sa r\u00e9servation, en changeant date et heure et en ins\u00e9rant d\u00e9tails et demandes sp\u00e9cifiques.<br \/>\nEn outre, une <strong>Carte des services ajout\u00e9s pour les p\u00e8lerins<\/strong> est pr\u00e9vue, leur donnant acc\u00e8s \u00e0 des remises dans les moyens de transport, dans les logements, les bars et les restaurants, mais aussi \u00e0 d\u2019importantes r\u00e9ductions pour les entr\u00e9es aux mus\u00e9es et aux nombreux \u00e9v\u00e9nements culturels pr\u00e9vus \u00e0 Rome en parall\u00e8le aux \u00e9v\u00e9nements jubilaires.<\/p>\n<div class=\"link-article\">\n<p><img loading=\"lazy\" decoding=\"async\" class=\"size-full wp-image-8257 alignleft\" src=\"https:\/\/blog.holyart.it\/fr\/wp-content\/uploads\/sites\/14\/2024\/05\/Porte-Sainte.jpeg\" alt=\"Porte Sainte\" width=\"150\" height=\"104\" data-kale-share-title=\"La Carte du p\u00e8lerin : comment s\u2019organiser pour les \u00e9v\u00e9nements du Jubil\u00e9\" data-kale-share-url=\"https:\/\/blog.holyart.it\/fr\/?p=8244\" \/><\/p>\n<div class=\"leggi-anche\">Lire aussi :<\/div>\n<p><strong><a href=\"https:\/\/www.holyart.fr\/blog\/articles-religieux\/le-chemin-de-saint-jacques-de-compostelle-histoire-et-curiosites-dun-des-plus-celebres-itineraires-religieux\/\">Porte Sainte : qu\u2019est-ce que c\u2019est et que repr\u00e9sente son ouverture<\/a><\/strong><br \/>\nL\u2019ouverture de la Porte Sainte est le signe du d\u00e9but du Jubil\u00e9, mais&#8230;<\/p>\n<\/div>\n","protected":false},"excerpt":{"rendered":"<p>Le Carnet du p\u00e8lerin est un document pr\u00e9cieux et indispensable pour toute personne souhaitant entreprendre un p\u00e8lerinage d\u00e9votionnel. Voil\u00e0 pourquoi il est fondamental de s\u2019en procurer un en vue du Jubil\u00e9 2025. En vue du Jubil\u00e9 2025 et des nombreux itin\u00e9raires de p\u00e8lerinages pr\u00e9vus pour&hellip;<\/p>\n","protected":false},"author":1,"featured_media":8246,"comment_status":"closed","ping_status":"open","sticky":false,"template":"","format":"standard","meta":{"_acf_changed":false,"footnotes":""},"categories":[13,8],"tags":[],"class_list":["post-8244","post","type-post","status-publish","format-standard","has-post-thumbnail","hentry","category-jubile-2025","category-articles-religieux"],"acf":[],"yoast_head":"<!-- This site is optimized with the Yoast SEO plugin v26.6 - https:\/\/yoast.com\/wordpress\/plugins\/seo\/ -->\n<title>La Carte du p\u00e8lerin : comment s\u2019organiser pour les \u00e9v\u00e9nements du Jubil\u00e9 - Holyart.fr Blog<\/title>\n<meta name=\"description\" content=\"En vue du Jubil\u00e9 2025, le Carnet du p\u00e8lerin est fondamental. Il ne repr\u00e9sente pas simplement un symbole du voyage spirituel, mais offre \u00e9galement de nombreux avantages.\" \/>\n<meta name=\"robots\" content=\"index, follow, max-snippet:-1, max-image-preview:large, max-video-preview:-1\" \/>\n<link rel=\"canonical\" href=\"https:\/\/blog.holyart.it\/fr\/articles-religieux\/la-carte-du-pelerin-comment-sorganiser-pour-les-evenements-du-jubile\/\" \/>\n<meta property=\"og:locale\" content=\"fr_FR\" \/>\n<meta property=\"og:type\" content=\"article\" \/>\n<meta property=\"og:title\" content=\"La Carte du p\u00e8lerin : comment s\u2019organiser pour les \u00e9v\u00e9nements du Jubil\u00e9 - Holyart.fr Blog\" \/>\n<meta property=\"og:description\" content=\"En vue du Jubil\u00e9 2025, le Carnet du p\u00e8lerin est fondamental. Il ne repr\u00e9sente pas simplement un symbole du voyage spirituel, mais offre \u00e9galement de nombreux avantages.\" \/>\n<meta property=\"og:url\" content=\"https:\/\/blog.holyart.it\/fr\/articles-religieux\/la-carte-du-pelerin-comment-sorganiser-pour-les-evenements-du-jubile\/\" \/>\n<meta property=\"og:site_name\" content=\"Holyart.fr Blog\" \/>\n<meta property=\"article:published_time\" content=\"2024-05-27T08:00:50+00:00\" \/>\n<meta property=\"article:modified_time\" content=\"2024-06-18T10:25:38+00:00\" \/>\n<meta property=\"og:image\" content=\"https:\/\/blog.holyart.it\/fr\/wp-content\/uploads\/sites\/14\/2024\/05\/la-carte-du-pelerin.jpg\" \/>\n\t<meta property=\"og:image:width\" content=\"1000\" \/>\n\t<meta property=\"og:image:height\" content=\"666\" \/>\n\t<meta property=\"og:image:type\" content=\"image\/jpeg\" \/>\n<meta name=\"author\" content=\"Redazione\" \/>\n<meta name=\"twitter:card\" content=\"summary_large_image\" \/>\n<meta name=\"twitter:label1\" content=\"\u00c9crit par\" \/>\n\t<meta name=\"twitter:data1\" content=\"Redazione\" \/>\n\t<meta name=\"twitter:label2\" content=\"Dur\u00e9e de lecture estim\u00e9e\" \/>\n\t<meta name=\"twitter:data2\" content=\"9 minutes\" \/>\n<script type=\"application\/ld+json\" class=\"yoast-schema-graph\">{\"@context\":\"https:\/\/schema.org\",\"@graph\":[{\"@type\":\"Article\",\"@id\":\"https:\/\/blog.holyart.it\/fr\/articles-religieux\/la-carte-du-pelerin-comment-sorganiser-pour-les-evenements-du-jubile\/#article\",\"isPartOf\":{\"@id\":\"https:\/\/blog.holyart.it\/fr\/articles-religieux\/la-carte-du-pelerin-comment-sorganiser-pour-les-evenements-du-jubile\/\"},\"author\":{\"name\":\"Redazione\",\"@id\":\"https:\/\/blog.holyart.it\/fr\/#\/schema\/person\/0a7b686e5af0f856ec1e390dd0baecda\"},\"headline\":\"La Carte du p\u00e8lerin : comment s\u2019organiser pour les \u00e9v\u00e9nements du Jubil\u00e9\",\"datePublished\":\"2024-05-27T08:00:50+00:00\",\"dateModified\":\"2024-06-18T10:25:38+00:00\",\"mainEntityOfPage\":{\"@id\":\"https:\/\/blog.holyart.it\/fr\/articles-religieux\/la-carte-du-pelerin-comment-sorganiser-pour-les-evenements-du-jubile\/\"},\"wordCount\":1605,\"publisher\":{\"@id\":\"https:\/\/blog.holyart.it\/fr\/#organization\"},\"image\":{\"@id\":\"https:\/\/blog.holyart.it\/fr\/articles-religieux\/la-carte-du-pelerin-comment-sorganiser-pour-les-evenements-du-jubile\/#primaryimage\"},\"thumbnailUrl\":\"https:\/\/blog.holyart.it\/fr\/wp-content\/uploads\/sites\/14\/2024\/05\/la-carte-du-pelerin.jpg\",\"articleSection\":[\"Jubil\u00e9 2025\",\"Religion\"],\"inLanguage\":\"fr-FR\"},{\"@type\":\"WebPage\",\"@id\":\"https:\/\/blog.holyart.it\/fr\/articles-religieux\/la-carte-du-pelerin-comment-sorganiser-pour-les-evenements-du-jubile\/\",\"url\":\"https:\/\/blog.holyart.it\/fr\/articles-religieux\/la-carte-du-pelerin-comment-sorganiser-pour-les-evenements-du-jubile\/\",\"name\":\"La Carte du p\u00e8lerin : comment s\u2019organiser pour les \u00e9v\u00e9nements du Jubil\u00e9 - Holyart.fr Blog\",\"isPartOf\":{\"@id\":\"https:\/\/blog.holyart.it\/fr\/#website\"},\"primaryImageOfPage\":{\"@id\":\"https:\/\/blog.holyart.it\/fr\/articles-religieux\/la-carte-du-pelerin-comment-sorganiser-pour-les-evenements-du-jubile\/#primaryimage\"},\"image\":{\"@id\":\"https:\/\/blog.holyart.it\/fr\/articles-religieux\/la-carte-du-pelerin-comment-sorganiser-pour-les-evenements-du-jubile\/#primaryimage\"},\"thumbnailUrl\":\"https:\/\/blog.holyart.it\/fr\/wp-content\/uploads\/sites\/14\/2024\/05\/la-carte-du-pelerin.jpg\",\"datePublished\":\"2024-05-27T08:00:50+00:00\",\"dateModified\":\"2024-06-18T10:25:38+00:00\",\"description\":\"En vue du Jubil\u00e9 2025, le Carnet du p\u00e8lerin est fondamental. Il ne repr\u00e9sente pas simplement un symbole du voyage spirituel, mais offre \u00e9galement de nombreux avantages.\",\"breadcrumb\":{\"@id\":\"https:\/\/blog.holyart.it\/fr\/articles-religieux\/la-carte-du-pelerin-comment-sorganiser-pour-les-evenements-du-jubile\/#breadcrumb\"},\"inLanguage\":\"fr-FR\",\"potentialAction\":[{\"@type\":\"ReadAction\",\"target\":[\"https:\/\/blog.holyart.it\/fr\/articles-religieux\/la-carte-du-pelerin-comment-sorganiser-pour-les-evenements-du-jubile\/\"]}]},{\"@type\":\"ImageObject\",\"inLanguage\":\"fr-FR\",\"@id\":\"https:\/\/blog.holyart.it\/fr\/articles-religieux\/la-carte-du-pelerin-comment-sorganiser-pour-les-evenements-du-jubile\/#primaryimage\",\"url\":\"https:\/\/blog.holyart.it\/fr\/wp-content\/uploads\/sites\/14\/2024\/05\/la-carte-du-pelerin.jpg\",\"contentUrl\":\"https:\/\/blog.holyart.it\/fr\/wp-content\/uploads\/sites\/14\/2024\/05\/la-carte-du-pelerin.jpg\",\"width\":1000,\"height\":666,\"caption\":\"la carte du p\u00e8lerin\"},{\"@type\":\"BreadcrumbList\",\"@id\":\"https:\/\/blog.holyart.it\/fr\/articles-religieux\/la-carte-du-pelerin-comment-sorganiser-pour-les-evenements-du-jubile\/#breadcrumb\",\"itemListElement\":[{\"@type\":\"ListItem\",\"position\":1,\"name\":\"Homepage\",\"item\":\"https:\/\/blog.holyart.it\/fr\/\"},{\"@type\":\"ListItem\",\"position\":2,\"name\":\"Religion\",\"item\":\"https:\/\/blog.holyart.it\/fr\/articles-religieux\/\"},{\"@type\":\"ListItem\",\"position\":3,\"name\":\"La Carte du p\u00e8lerin : comment s\u2019organiser pour les \u00e9v\u00e9nements du Jubil\u00e9\"}]},{\"@type\":\"WebSite\",\"@id\":\"https:\/\/blog.holyart.it\/fr\/#website\",\"url\":\"https:\/\/blog.holyart.it\/fr\/\",\"name\":\"Holyart.fr Blog\",\"description\":\"Holyblog\",\"publisher\":{\"@id\":\"https:\/\/blog.holyart.it\/fr\/#organization\"},\"potentialAction\":[{\"@type\":\"SearchAction\",\"target\":{\"@type\":\"EntryPoint\",\"urlTemplate\":\"https:\/\/blog.holyart.it\/fr\/?s={search_term_string}\"},\"query-input\":{\"@type\":\"PropertyValueSpecification\",\"valueRequired\":true,\"valueName\":\"search_term_string\"}}],\"inLanguage\":\"fr-FR\"},{\"@type\":\"Organization\",\"@id\":\"https:\/\/blog.holyart.it\/fr\/#organization\",\"name\":\"Holyart.fr Blog\",\"url\":\"https:\/\/blog.holyart.it\/fr\/\",\"logo\":{\"@type\":\"ImageObject\",\"inLanguage\":\"fr-FR\",\"@id\":\"https:\/\/blog.holyart.it\/fr\/#\/schema\/logo\/image\/\",\"url\":\"https:\/\/blog.holyart.it\/fr\/wp-content\/uploads\/sites\/14\/2022\/12\/Holyart_Blog_Logo.jpg\",\"contentUrl\":\"https:\/\/blog.holyart.it\/fr\/wp-content\/uploads\/sites\/14\/2022\/12\/Holyart_Blog_Logo.jpg\",\"width\":300,\"height\":50,\"caption\":\"Holyart.fr Blog\"},\"image\":{\"@id\":\"https:\/\/blog.holyart.it\/fr\/#\/schema\/logo\/image\/\"}},{\"@type\":\"Person\",\"@id\":\"https:\/\/blog.holyart.it\/fr\/#\/schema\/person\/0a7b686e5af0f856ec1e390dd0baecda\",\"name\":\"Redazione\",\"image\":{\"@type\":\"ImageObject\",\"inLanguage\":\"fr-FR\",\"@id\":\"https:\/\/blog.holyart.it\/fr\/#\/schema\/person\/image\/\",\"url\":\"https:\/\/secure.gravatar.com\/avatar\/f477da817f43e50d0af36abecd33e3edf826c68299714bdc1057dff3b113f516?s=96&d=mm&r=g\",\"contentUrl\":\"https:\/\/secure.gravatar.com\/avatar\/f477da817f43e50d0af36abecd33e3edf826c68299714bdc1057dff3b113f516?s=96&d=mm&r=g\",\"caption\":\"Redazione\"},\"url\":\"https:\/\/blog.holyart.it\/fr\/author\/admin\/\"}]}<\/script>\n<!-- \/ Yoast SEO plugin. -->","yoast_head_json":{"title":"La Carte du p\u00e8lerin : comment s\u2019organiser pour les \u00e9v\u00e9nements du Jubil\u00e9 - Holyart.fr Blog","description":"En vue du Jubil\u00e9 2025, le Carnet du p\u00e8lerin est fondamental. Il ne repr\u00e9sente pas simplement un symbole du voyage spirituel, mais offre \u00e9galement de nombreux avantages.","robots":{"index":"index","follow":"follow","max-snippet":"max-snippet:-1","max-image-preview":"max-image-preview:large","max-video-preview":"max-video-preview:-1"},"canonical":"https:\/\/blog.holyart.it\/fr\/articles-religieux\/la-carte-du-pelerin-comment-sorganiser-pour-les-evenements-du-jubile\/","og_locale":"fr_FR","og_type":"article","og_title":"La Carte du p\u00e8lerin : comment s\u2019organiser pour les \u00e9v\u00e9nements du Jubil\u00e9 - Holyart.fr Blog","og_description":"En vue du Jubil\u00e9 2025, le Carnet du p\u00e8lerin est fondamental. Il ne repr\u00e9sente pas simplement un symbole du voyage spirituel, mais offre \u00e9galement de nombreux avantages.","og_url":"https:\/\/blog.holyart.it\/fr\/articles-religieux\/la-carte-du-pelerin-comment-sorganiser-pour-les-evenements-du-jubile\/","og_site_name":"Holyart.fr Blog","article_published_time":"2024-05-27T08:00:50+00:00","article_modified_time":"2024-06-18T10:25:38+00:00","og_image":[{"width":1000,"height":666,"url":"https:\/\/blog.holyart.it\/fr\/wp-content\/uploads\/sites\/14\/2024\/05\/la-carte-du-pelerin.jpg","type":"image\/jpeg"}],"author":"Redazione","twitter_card":"summary_large_image","twitter_misc":{"\u00c9crit par":"Redazione","Dur\u00e9e de lecture estim\u00e9e":"9 minutes"},"schema":{"@context":"https:\/\/schema.org","@graph":[{"@type":"Article","@id":"https:\/\/blog.holyart.it\/fr\/articles-religieux\/la-carte-du-pelerin-comment-sorganiser-pour-les-evenements-du-jubile\/#article","isPartOf":{"@id":"https:\/\/blog.holyart.it\/fr\/articles-religieux\/la-carte-du-pelerin-comment-sorganiser-pour-les-evenements-du-jubile\/"},"author":{"name":"Redazione","@id":"https:\/\/blog.holyart.it\/fr\/#\/schema\/person\/0a7b686e5af0f856ec1e390dd0baecda"},"headline":"La Carte du p\u00e8lerin : comment s\u2019organiser pour les \u00e9v\u00e9nements du Jubil\u00e9","datePublished":"2024-05-27T08:00:50+00:00","dateModified":"2024-06-18T10:25:38+00:00","mainEntityOfPage":{"@id":"https:\/\/blog.holyart.it\/fr\/articles-religieux\/la-carte-du-pelerin-comment-sorganiser-pour-les-evenements-du-jubile\/"},"wordCount":1605,"publisher":{"@id":"https:\/\/blog.holyart.it\/fr\/#organization"},"image":{"@id":"https:\/\/blog.holyart.it\/fr\/articles-religieux\/la-carte-du-pelerin-comment-sorganiser-pour-les-evenements-du-jubile\/#primaryimage"},"thumbnailUrl":"https:\/\/blog.holyart.it\/fr\/wp-content\/uploads\/sites\/14\/2024\/05\/la-carte-du-pelerin.jpg","articleSection":["Jubil\u00e9 2025","Religion"],"inLanguage":"fr-FR"},{"@type":"WebPage","@id":"https:\/\/blog.holyart.it\/fr\/articles-religieux\/la-carte-du-pelerin-comment-sorganiser-pour-les-evenements-du-jubile\/","url":"https:\/\/blog.holyart.it\/fr\/articles-religieux\/la-carte-du-pelerin-comment-sorganiser-pour-les-evenements-du-jubile\/","name":"La Carte du p\u00e8lerin : comment s\u2019organiser pour les \u00e9v\u00e9nements du Jubil\u00e9 - Holyart.fr Blog","isPartOf":{"@id":"https:\/\/blog.holyart.it\/fr\/#website"},"primaryImageOfPage":{"@id":"https:\/\/blog.holyart.it\/fr\/articles-religieux\/la-carte-du-pelerin-comment-sorganiser-pour-les-evenements-du-jubile\/#primaryimage"},"image":{"@id":"https:\/\/blog.holyart.it\/fr\/articles-religieux\/la-carte-du-pelerin-comment-sorganiser-pour-les-evenements-du-jubile\/#primaryimage"},"thumbnailUrl":"https:\/\/blog.holyart.it\/fr\/wp-content\/uploads\/sites\/14\/2024\/05\/la-carte-du-pelerin.jpg","datePublished":"2024-05-27T08:00:50+00:00","dateModified":"2024-06-18T10:25:38+00:00","description":"En vue du Jubil\u00e9 2025, le Carnet du p\u00e8lerin est fondamental. Il ne repr\u00e9sente pas simplement un symbole du voyage spirituel, mais offre \u00e9galement de nombreux avantages.","breadcrumb":{"@id":"https:\/\/blog.holyart.it\/fr\/articles-religieux\/la-carte-du-pelerin-comment-sorganiser-pour-les-evenements-du-jubile\/#breadcrumb"},"inLanguage":"fr-FR","potentialAction":[{"@type":"ReadAction","target":["https:\/\/blog.holyart.it\/fr\/articles-religieux\/la-carte-du-pelerin-comment-sorganiser-pour-les-evenements-du-jubile\/"]}]},{"@type":"ImageObject","inLanguage":"fr-FR","@id":"https:\/\/blog.holyart.it\/fr\/articles-religieux\/la-carte-du-pelerin-comment-sorganiser-pour-les-evenements-du-jubile\/#primaryimage","url":"https:\/\/blog.holyart.it\/fr\/wp-content\/uploads\/sites\/14\/2024\/05\/la-carte-du-pelerin.jpg","contentUrl":"https:\/\/blog.holyart.it\/fr\/wp-content\/uploads\/sites\/14\/2024\/05\/la-carte-du-pelerin.jpg","width":1000,"height":666,"caption":"la carte du p\u00e8lerin"},{"@type":"BreadcrumbList","@id":"https:\/\/blog.holyart.it\/fr\/articles-religieux\/la-carte-du-pelerin-comment-sorganiser-pour-les-evenements-du-jubile\/#breadcrumb","itemListElement":[{"@type":"ListItem","position":1,"name":"Homepage","item":"https:\/\/blog.holyart.it\/fr\/"},{"@type":"ListItem","position":2,"name":"Religion","item":"https:\/\/blog.holyart.it\/fr\/articles-religieux\/"},{"@type":"ListItem","position":3,"name":"La Carte du p\u00e8lerin : comment s\u2019organiser pour les \u00e9v\u00e9nements du Jubil\u00e9"}]},{"@type":"WebSite","@id":"https:\/\/blog.holyart.it\/fr\/#website","url":"https:\/\/blog.holyart.it\/fr\/","name":"Holyart.fr Blog","description":"Holyblog","publisher":{"@id":"https:\/\/blog.holyart.it\/fr\/#organization"},"potentialAction":[{"@type":"SearchAction","target":{"@type":"EntryPoint","urlTemplate":"https:\/\/blog.holyart.it\/fr\/?s={search_term_string}"},"query-input":{"@type":"PropertyValueSpecification","valueRequired":true,"valueName":"search_term_string"}}],"inLanguage":"fr-FR"},{"@type":"Organization","@id":"https:\/\/blog.holyart.it\/fr\/#organization","name":"Holyart.fr Blog","url":"https:\/\/blog.holyart.it\/fr\/","logo":{"@type":"ImageObject","inLanguage":"fr-FR","@id":"https:\/\/blog.holyart.it\/fr\/#\/schema\/logo\/image\/","url":"https:\/\/blog.holyart.it\/fr\/wp-content\/uploads\/sites\/14\/2022\/12\/Holyart_Blog_Logo.jpg","contentUrl":"https:\/\/blog.holyart.it\/fr\/wp-content\/uploads\/sites\/14\/2022\/12\/Holyart_Blog_Logo.jpg","width":300,"height":50,"caption":"Holyart.fr Blog"},"image":{"@id":"https:\/\/blog.holyart.it\/fr\/#\/schema\/logo\/image\/"}},{"@type":"Person","@id":"https:\/\/blog.holyart.it\/fr\/#\/schema\/person\/0a7b686e5af0f856ec1e390dd0baecda","name":"Redazione","image":{"@type":"ImageObject","inLanguage":"fr-FR","@id":"https:\/\/blog.holyart.it\/fr\/#\/schema\/person\/image\/","url":"https:\/\/secure.gravatar.com\/avatar\/f477da817f43e50d0af36abecd33e3edf826c68299714bdc1057dff3b113f516?s=96&d=mm&r=g","contentUrl":"https:\/\/secure.gravatar.com\/avatar\/f477da817f43e50d0af36abecd33e3edf826c68299714bdc1057dff3b113f516?s=96&d=mm&r=g","caption":"Redazione"},"url":"https:\/\/blog.holyart.it\/fr\/author\/admin\/"}]}},"_links":{"self":[{"href":"https:\/\/blog.holyart.it\/fr\/wp-json\/wp\/v2\/posts\/8244","targetHints":{"allow":["GET"]}}],"collection":[{"href":"https:\/\/blog.holyart.it\/fr\/wp-json\/wp\/v2\/posts"}],"about":[{"href":"https:\/\/blog.holyart.it\/fr\/wp-json\/wp\/v2\/types\/post"}],"author":[{"embeddable":true,"href":"https:\/\/blog.holyart.it\/fr\/wp-json\/wp\/v2\/users\/1"}],"replies":[{"embeddable":true,"href":"https:\/\/blog.holyart.it\/fr\/wp-json\/wp\/v2\/comments?post=8244"}],"version-history":[{"count":14,"href":"https:\/\/blog.holyart.it\/fr\/wp-json\/wp\/v2\/posts\/8244\/revisions"}],"predecessor-version":[{"id":8384,"href":"https:\/\/blog.holyart.it\/fr\/wp-json\/wp\/v2\/posts\/8244\/revisions\/8384"}],"wp:featuredmedia":[{"embeddable":true,"href":"https:\/\/blog.holyart.it\/fr\/wp-json\/wp\/v2\/media\/8246"}],"wp:attachment":[{"href":"https:\/\/blog.holyart.it\/fr\/wp-json\/wp\/v2\/media?parent=8244"}],"wp:term":[{"taxonomy":"category","embeddable":true,"href":"https:\/\/blog.holyart.it\/fr\/wp-json\/wp\/v2\/categories?post=8244"},{"taxonomy":"post_tag","embeddable":true,"href":"https:\/\/blog.holyart.it\/fr\/wp-json\/wp\/v2\/tags?post=8244"}],"curies":[{"name":"wp","href":"https:\/\/api.w.org\/{rel}","templated":true}]}}