{"id":8211,"date":"2024-05-15T10:00:38","date_gmt":"2024-05-15T08:00:38","guid":{"rendered":"https:\/\/blog.holyart.it\/fr\/?p=8211"},"modified":"2025-04-18T15:51:01","modified_gmt":"2025-04-18T13:51:01","slug":"basilique-de-san-zeno-les-carreaux-de-bronze-de-son-celebre-portail","status":"publish","type":"post","link":"https:\/\/blog.holyart.it\/fr\/articles-religieux\/basilique-de-san-zeno-les-carreaux-de-bronze-de-son-celebre-portail\/","title":{"rendered":"Basilique de San Zeno : les carreaux de bronze de son c\u00e9l\u00e8bre portail"},"content":{"rendered":"<h4>La Basilique de San Zeno \u00e0 V\u00e9rone est un des chefs d\u2019\u0153uvre du style roman lombard. Son portail compos\u00e9 de 73 carreaux de bronze raconte une histoire de foi et art sacr\u00e9.<\/h4>\n\n<p>La\u00a0<strong>Basilique de San Zeno<\/strong>\u00a0se trouve dans le quartier homonyme de V\u00e9rone, situ\u00e9 jusqu\u2019au XIVe si\u00e8cle \u00e0 l\u2019ext\u00e9rieur des murs de la ville, o\u00f9 autrefois se trouvait une grande <strong>n\u00e9cropole romaine<\/strong>. Ici fut enterr\u00e9 en 371 apr. J.-C. <a href=\"https:\/\/www.holyart.fr\/articles-religieux\/crucifix\/crucifix-en-metal\/croix-san-zeno-a-suspendre-12-5-cm\"><strong>Z\u00e9non<\/strong><\/a>, Zeno en italien, octave \u00e9v\u00eaque de V\u00e9rone, v\u00e9n\u00e9r\u00e9 comme saint par l\u2019\u00c9glise catholique et l\u2019\u00c9glise orthodoxe. Le quartier entier se d\u00e9veloppa et grandit justement autour de l\u2019\u00e9glise qui lui est d\u00e9di\u00e9e, qui, au cours des si\u00e8cles, fut reconstruite \u00e0 plusieurs reprises et remani\u00e9e jusqu\u2019\u00e0 arriver au b\u00e2timent actuel, qui s\u2019\u00e9l\u00e8ve o\u00f9 avant ont \u00e9t\u00e9 \u00e9rig\u00e9s au moins cinq diff\u00e9rents lieux de culte. La Basilique telle que nous la connaissons, avec les remaniements et les restaurations n\u00e9cessaires dus aux tremblements de terre, incendies, invasions barbares et autres calamit\u00e9s, remonte \u00e0 la fin du XIe si\u00e8cle et au d\u00e9but du XIIe, et conserve son aspect <strong>m\u00e9di\u00e9val<\/strong> et son <strong>style<\/strong> <strong>roman<\/strong>. Des \u00e9l\u00e9ments architecturaux remontant aux \u00e9difices pr\u00e9c\u00e9dents sont \u00e9galement encore visibles, comme la crypte remontant au Xe si\u00e8cle et certaines sections de murs. Le grand portail recouvert de carreaux en bronze de diff\u00e9rentes dimensions et styles est unique en son genre.<\/p>\n<div class=\"link-product\">\n<div class=\"blocco-immagine\"><img loading=\"lazy\" decoding=\"async\" class=\"size-full wp-image-8214 alignleft\" src=\"https:\/\/blog.holyart.it\/fr\/wp-content\/uploads\/sites\/14\/2024\/05\/croix-san-zeno-a-suspendre-12-5-cm.jpg\" alt=\"croix san zeno a suspendre 12 5 cm\" width=\"100\" height=\"100\" data-kale-share-title=\"Basilique de San Zeno : les carreaux de bronze de son c\u00e9l\u00e8bre portail\" data-kale-share-url=\"https:\/\/blog.holyart.it\/fr\/?p=8211\" \/><\/div>\n<div class=\"blocco-contenuto\">\n<div class=\"blocco-acquista\">Acheter sur Holyart:<\/div>\n<div class=\"blocco-titolo\"><a href=\"https:\/\/www.holyart.fr\/articles-religieux\/crucifix\/crucifix-en-metal\/croix-san-zeno-a-suspendre-12-5-cm\">Croix San Zeno \u00e0 suspendre 12,5 cm<\/a><\/div>\n<div class=\"blocco-descrizione\">Crucifix mural de 12,5 cm de hauteur en bronze.<\/div>\n<\/div>\n<\/div>\n<h2>La basilique<\/h2>\n<p>En g\u00e9n\u00e9ral, <a href=\"https:\/\/www.holyart.fr\/accessoires-pour-la-liturgie\/mobilier-deglise\/croix-dautel-avec-chandeliers\/set-dautel-croix-san-zeno-avec-base-et-deux-chandeliers\"><strong>l\u2019\u00e9glise San Zeno<\/strong><\/a> constitue un des plus harmonieux et brillants exemples du style <strong>roman lombard-padan<\/strong>, tandis que les carreaux du portail, qui repr\u00e9sentent des histoires du Nouveau Testament et l\u2019hagiographie de Saint Z\u00e9non, sont plus r\u00e9cents et appartiennent au gotique lombard, le courant artistique et architectural qui devint populaire apr\u00e8s la deuxi\u00e8me moiti\u00e9 du XIIIe si\u00e8cle en Lombardie et, en particulier, \u00e0 Milan.<\/p>\n<p>D\u2019un point de vue architectural, le <strong>roman lombard<\/strong> est particuli\u00e8rement redevable \u00e0 la tradition <strong>europ\u00e9enne<\/strong>, qui pr\u00e9voyait des cath\u00e9drales imposantes, g\u00e9n\u00e9ralement d\u00e9velopp\u00e9es sur trois nefs d\u00e9finies par de <strong>puissants piliers<\/strong> et <strong>structur\u00e9es sur trois niveaux\u00a0<\/strong>: le principal, le presbyt\u00e8re qui accueille l\u2019autel et est rehauss\u00e9, et la crypte, enterr\u00e9e et destin\u00e9e \u00e0 accueillir tombes et reliques. La grandeur et le sens de solidit\u00e9 de ces b\u00e2timents \u00e9taient fondamentaux, car ils exprimaient leur r\u00f4le non seulement architectural, mais symbolique \u00e9galement. C\u2019est ainsi aussi pour la Basilique San Zeno, dot\u00e9 \u00e9galement de <strong>trois grandes absides<\/strong>, un plus grand correspondant \u00e0 la nef centrale et un plus petit sur la gauche, visible \u00e9galement de l\u2019ext\u00e9rieur. Celui de droite, par contre, ne se voit pas de l\u2019ext\u00e9rieur car il a \u00e9t\u00e9 englob\u00e9 par les b\u00e2timents successifs.<\/p>\n<div class=\"link-product\">\n<div class=\"blocco-immagine\"><img loading=\"lazy\" decoding=\"async\" class=\"size-full wp-image-8215 alignleft\" src=\"https:\/\/blog.holyart.it\/fr\/wp-content\/uploads\/sites\/14\/2024\/05\/set-dautel-croix-san-zeno-avec-base-et-deux-chandeliers.jpg\" alt=\"set dautel croix san zeno avec base et deux chandeliers\" width=\"100\" height=\"100\" data-kale-share-title=\"Basilique de San Zeno : les carreaux de bronze de son c\u00e9l\u00e8bre portail\" data-kale-share-url=\"https:\/\/blog.holyart.it\/fr\/?p=8211\" \/><\/div>\n<div class=\"blocco-contenuto\">\n<div class=\"blocco-acquista\">Acheter sur Holyart:<\/div>\n<div class=\"blocco-titolo\"><a href=\"https:\/\/www.holyart.fr\/accessoires-pour-la-liturgie\/mobilier-deglise\/croix-dautel-avec-chandeliers\/set-dautel-croix-san-zeno-avec-base-et-deux-chandeliers\">Set d&rsquo;autel croix San Zeno avec base et deux chandeliers<\/a><\/div>\n<div class=\"blocco-descrizione\">Set d&rsquo;autel compos\u00e9 de deux bougeoirs en bronze de 10x9x9,5 cm.<\/div>\n<\/div>\n<\/div>\n<p>La grande <strong>rosace centrale<\/strong>, connue comme \u00ab\u00a0Roue de la Fortune\u00a0\u00bb, est un autre \u00e9l\u00e9ment typique du roman europ\u00e9en. R\u00e9alis\u00e9 par Brioloto de Balneo, sculpteur et architecte local, il doit son nom aux six statues qui le d\u00e9corent et qui repr\u00e9sentent les phases de la vie humaine. Autrefois, sur le pignon surmontant la rosace \u00e9tait repr\u00e9sent\u00e9 un bas-relief repr\u00e9sentant le <em>Jugement Universel<\/em>.<\/p>\n<p>La\u00a0<strong>fa\u00e7ade <\/strong>de la Basilique San Zeno de V\u00e9rone rappelle la <strong>subdivision en trois parties<\/strong> de l\u2019int\u00e9rieur. Les deux sections externes correspondant aux nefs mineures sont en <strong>tuf<\/strong>, tandis que le restant de la fa\u00e7ade et des murs ext\u00e9rieurs est en pierre, d\u00e9cor\u00e9 de nombreuses frises et bas-reliefs. L\u2019entr\u00e9e est caract\u00e9ris\u00e9e par un <strong>protiro<\/strong>, un petit porche cuspid\u00e9, qui prot\u00e8ge le portail et est d\u00e9cor\u00e9 de hauts-reliefs et bas-reliefs de caract\u00e8re sacr\u00e9 et profane. C\u00e9l\u00e8bre est le grand <strong>portail<\/strong>. Il est compos\u00e9 de deux battants en bois auxquels ont \u00e9t\u00e9 fix\u00e9s au cours des si\u00e8cles avec des clous en fer <strong>73 carreaux en bronze<\/strong> de diff\u00e9rentes dimensions sans sym\u00e9trie apparente.<\/p>\n<p>L\u2019actuel <strong>clocher<\/strong> surgit sur les restes du pr\u00e9c\u00e9dent et remonte aux premi\u00e8res ann\u00e9es du XIe si\u00e8cle. Il est situ\u00e9 sur une haute plinthe rectangulaire compos\u00e9e de blocs en pierre.<\/p>\n<h2>Le retable de San Zeno<\/h2>\n<p>\u00c0 l\u2019int\u00e9rieur de la Basilique San Zeno est conserv\u00e9e, parmi les nombreuses \u0153uvres d\u2019art, le <strong>Retable de San Zeno<\/strong>, une peinture \u00e0 la d\u00e9trempe sur bois r\u00e9alis\u00e9e par <strong>Andrea Mantegna<\/strong> entre 1456 et 1459. Le tableau se trouve sur le ma\u00eetre-autel et est compos\u00e9 de trois panneaux. Il repr\u00e9sente la Vierge \u00e0 l\u2019Enfant entour\u00e9e d\u2019anges musiciens et chanteurs (panneau central) et huit saints (quatre par panneau lat\u00e9ral) engag\u00e9s dans une conversation sacr\u00e9e. Les saints sont : Saint Pierre, avec un air v\u00e9n\u00e9rable et ses cl\u00e9s ; Saint Paul, avec son \u00e9p\u00e9e en main ; Saint Jean l\u2019\u00c9vang\u00e9liste, repr\u00e9sent\u00e9 comme un jeune homme ; Saint Z\u00e9non, avec ses attributs \u00e9piscopaux\u00a0; Saint Beno\u00eet, peint en tant que moine\u00a0; Saint Laurent, avec les signes du martyr\u00a0; Saint Gr\u00e9goire le Grand avec ses habits de pape\u00a0; Saint Jean le Baptiste en ermite. Le tableau est un chef d\u2019\u0153uvre de la Renaissance italienne.<\/p>\n<h2>Les carreaux du portail de la Basilique San Zeno sur Holyart<\/h2>\n<p>Les carreaux de San Zeno ont \u00e9t\u00e9 r\u00e9alis\u00e9s, comme d\u00e9j\u00e0 mentionn\u00e9, \u00e0 des \u00e9poques diff\u00e9rentes et par diff\u00e9rents ma\u00eetres de l\u2019art de la fonderie italienne. Certains carreaux remontent \u00e0 un portail pr\u00e9c\u00e9dent du XIe si\u00e8cle et apparaissent fort influenc\u00e9s par l\u2019art allemand de l\u2019\u00e9poque. Ils sont d\u00e9finis comme \u00ab\u00a0carreau du <strong>Premier Ma\u00eetre<\/strong>\u00a0\u00bb. Quand en 1138 la Basilique fut construite avec la disposition que nous lui connaissons encore aujourd\u2019hui, la porte fut agrandie et naquit ainsi l\u2019exigence de faire r\u00e9aliser de nouveaux carreaux. Les carreaux du Deuxi\u00e8me Ma\u00eetre (m\u00eame s\u2019il est probable qu\u2019ils soient le fruit d\u2019un travail d\u2019\u00e9quipe) occupent le battant droit et sont inspir\u00e9s par des <a href=\"https:\/\/www.holyart.fr\/articles-religieux\/livres-sacres\/bibles\"><strong>histoires de l\u2019Ancien Testament<\/strong><\/a>. Selon certains experts, il y eu ensuite un <strong>Troisi\u00e8me Ma\u00eetre<\/strong>, qui travailla aux carreaux du battant de droite entre la fin du XIIe et le d\u00e9but du XIIIe si\u00e8cle, en ins\u00e9rant <strong>des sc\u00e8nes de la vie de Saint Z\u00e9non<\/strong>. Au cours du temps, les carreaux ont \u00e9t\u00e9 d\u00e9plac\u00e9s, remplac\u00e9s, color\u00e9s selon le go\u00fbt de l\u2019\u00e9poque et de diff\u00e9rentes interventions sur la fa\u00e7ade de la Basilique.<\/p>\n<p>Une prestigieuse fonderie de V\u00e9rone, en partant des carreaux de San Zeno, a r\u00e9alis\u00e9 trois mod\u00e8les <strong>en exclusivit\u00e9<\/strong> pour notre e-store. Vous trouverez ces carreaux originaux uniquement sur notre site de vente en ligne. Les carreaux sont en bronze, \u00e9quip\u00e9s d\u2019un crochet pour les suspendre, mesurant chacun 7&#215;7 cm, avec une couleur qui varie du dor\u00e9 au vert fonc\u00e9. Ils repr\u00e9sentent respectivement : la <a href=\"https:\/\/www.holyart.fr\/articles-religieux\/bas-reliefs\/bas-reliefs-varies\/carreau-mural-san-zeno-verone-nativite-avec-bergers-et-mages-bronze\"><strong>Naissance de J\u00e9sus<\/strong><\/a> avec les Bergers et les Rois Mages ; la <a href=\"https:\/\/www.holyart.fr\/articles-religieux\/bas-reliefs\/bas-reliefs-varies\/carreau-mural-san-zeno-verone-fuite-en-egypte-bronze\"><strong>Fuite en \u00c9gypte<\/strong><\/a> ; l\u2019<a href=\"https:\/\/www.holyart.fr\/articles-religieux\/bas-reliefs\/bas-reliefs-varies\/carreau-mural-san-zeno-verone-annonciation-bronze\"><strong>Annonciation de Gabriel \u00e0 la Vierge Marie<\/strong><\/a>.<\/p>\n<div class=\"sp-styles-warning\" style=\"width: 450px; background-color: #FFF; color: #F00; border: 1px solid #F00; padding: 10px; font-size: 14px;\">\n\t\t\t<span style=\"font-weight: bold;\">Warning: The stylesheets were not loaded!<\/span> \n\t\t\tYou will need to change the <i>Load stylesheets<\/i> setting from <i>Automatically<\/i> to <i>On homepage<\/i> or <i>On all pages<\/i>. \n\t\t\tYou can set that <a style=\"text-decoration: underline; color: #F00;\" href=\"https:\/\/blog.holyart.it\/fr\/wp-admin\/admin.php?page=sliderpro-settings\">here<\/a>.\n\t\t\t<\/div>\r\n<div id=\"slider-pro-132\" class=\"slider-pro sp-no-js\" style=\"width: 500px; height: 500px;\">\r\n\t<div class=\"sp-slides\">\r\n\t\t\r\n\t\t<div class=\"sp-slide\">\r\n\t\t\t<img loading=\"lazy\" decoding=\"async\" class=\"sp-image\" src=\"https:\/\/blog.holyart.it\/fr\/wp-content\/uploads\/sites\/14\/2024\/05\/carreau-mural-san-zeno-verone-nativite-avec-bergers-et-mages-bronze.jpg\" alt=\"carreau mural san zeno verone nativite avec bergers et mages bronze\" width=\"500\" height=\"500\" \/>\r\n\t\t\t<div class=\"sp-thumbnail\"><a class=\"\" href=\"https:\/\/www.holyart.fr\/articles-religieux\/bas-reliefs\/bas-reliefs-varies\/carreau-mural-san-zeno-verone-nativite-avec-bergers-et-mages-bronze\">\r\n\t\t\t\t<img decoding=\"async\" src=\"https:\/\/blog.holyart.it\/fr\/wp-content\/uploads\/sites\/14\/2024\/05\/carreau-mural-san-zeno-verone-nativite-avec-bergers-et-mages-bronze-e1715075089408.jpg\" alt=\"carreau mural san zeno verone nativite avec bergers et mages bronze\" \/>\r\n\t\t\t<\/a>\r\n\t\t\t<\/div>\r\n\t\t\t<div class=\"sp-caption\">Carreau mural San Zeno V\u00e9rone Nativit\u00e9 avec bergers et mages bronze <br \/><strong><a href=\"https:\/\/www.holyart.fr\/articles-religieux\/bas-reliefs\/bas-reliefs-varies\/carreau-mural-san-zeno-verone-nativite-avec-bergers-et-mages-bronze\">Acheter sur Holyart<\/a><\/strong><\/div>\r\n\t\t<\/div>\r\n\t\t<div class=\"sp-slide\">\r\n\t\t\t<img loading=\"lazy\" decoding=\"async\" class=\"sp-image\" src=\"https:\/\/blog.holyart.it\/fr\/wp-content\/uploads\/sites\/14\/2024\/05\/carreau-mural-san-zeno-verone-fuite-en-egypte-bronze.jpg\" alt=\"carreau mural san zeno verone fuite en egypte bronze\" width=\"500\" height=\"500\" \/>\r\n\t\t\t<div class=\"sp-thumbnail\"><a class=\"\" href=\"https:\/\/www.holyart.fr\/articles-religieux\/bas-reliefs\/bas-reliefs-varies\/carreau-mural-san-zeno-verone-fuite-en-egypte-bronze\">\r\n\t\t\t\t<img decoding=\"async\" src=\"https:\/\/blog.holyart.it\/fr\/wp-content\/uploads\/sites\/14\/2024\/05\/carreau-mural-san-zeno-verone-fuite-en-egypte-bronze-e1715075141618.jpg\" alt=\"carreau mural san zeno verone fuite en egypte bronze\" \/>\r\n\t\t\t<\/a>\r\n\t\t\t<\/div>\r\n\t\t\t<div class=\"sp-caption\">Carreau mural San Zeno V\u00e9rone Fuite en \u00c9gypte bronze <br \/><strong><a href=\"https:\/\/www.holyart.fr\/articles-religieux\/bas-reliefs\/bas-reliefs-varies\/carreau-mural-san-zeno-verone-fuite-en-egypte-bronze\">Acheter sur Holyart<\/a><\/strong><\/div>\r\n\t\t<\/div>\r\n\t\t<div class=\"sp-slide\">\r\n\t\t\t<img loading=\"lazy\" decoding=\"async\" class=\"sp-image\" src=\"https:\/\/blog.holyart.it\/fr\/wp-content\/uploads\/sites\/14\/2024\/05\/carreau-mural-san-zeno-verone-annonciation-bronze.jpg\" alt=\"carreau mural san zeno verone annonciation bronze\" width=\"500\" height=\"500\" \/>\r\n\t\t\t<div class=\"sp-thumbnail\"><a class=\"\" href=\"https:\/\/www.holyart.fr\/articles-religieux\/bas-reliefs\/bas-reliefs-varies\/carreau-mural-san-zeno-verone-annonciation-bronze\">\r\n\t\t\t\t<img decoding=\"async\" src=\"https:\/\/blog.holyart.it\/fr\/wp-content\/uploads\/sites\/14\/2024\/05\/carreau-mural-san-zeno-verone-annonciation-bronze-e1715075239855.jpg\" alt=\"carreau mural san zeno verone annonciation bronze\" \/>\r\n\t\t\t<\/a>\r\n\t\t\t<\/div>\r\n\t\t\t<div class=\"sp-caption\">Carreau mural San Zeno V\u00e9rone Annonciation bronze <br \/><strong><a href=\"https:\/\/www.holyart.fr\/articles-religieux\/bas-reliefs\/bas-reliefs-varies\/carreau-mural-san-zeno-verone-annonciation-bronze\">Acheter sur Holyart<\/a><\/strong><\/div>\r\n\t\t<\/div>\r\n\t<\/div>\r\n<\/div>\n","protected":false},"excerpt":{"rendered":"<p>La Basilique de San Zeno \u00e0 V\u00e9rone est un des chefs d\u2019\u0153uvre du style roman lombard. Son portail compos\u00e9 de 73 carreaux de bronze raconte une histoire de foi et art sacr\u00e9. La\u00a0Basilique de San Zeno\u00a0se trouve dans le quartier homonyme de V\u00e9rone, situ\u00e9 jusqu\u2019au&hellip;<\/p>\n","protected":false},"author":1,"featured_media":8213,"comment_status":"closed","ping_status":"open","sticky":false,"template":"","format":"standard","meta":{"_acf_changed":false,"footnotes":""},"categories":[8],"tags":[],"class_list":["post-8211","post","type-post","status-publish","format-standard","has-post-thumbnail","hentry","category-articles-religieux"],"acf":[],"yoast_head":"<!-- This site is optimized with the Yoast SEO plugin v26.6 - https:\/\/yoast.com\/wordpress\/plugins\/seo\/ -->\n<title>Basilique de San Zeno : les carreaux de bronze de son c\u00e9l\u00e8bre portail - Holyart.fr Blog<\/title>\n<meta name=\"description\" content=\"Les carreaux en bronze du portail de la Basilique de San Zeno \u00e0 V\u00e9rone racontent la longue histoire de foi de ce lieu de culte.\" \/>\n<meta name=\"robots\" content=\"index, follow, max-snippet:-1, max-image-preview:large, max-video-preview:-1\" \/>\n<link rel=\"canonical\" href=\"https:\/\/blog.holyart.it\/fr\/articles-religieux\/basilique-de-san-zeno-les-carreaux-de-bronze-de-son-celebre-portail\/\" \/>\n<meta property=\"og:locale\" content=\"fr_FR\" \/>\n<meta property=\"og:type\" content=\"article\" \/>\n<meta property=\"og:title\" content=\"Basilique de San Zeno : les carreaux de bronze de son c\u00e9l\u00e8bre portail - Holyart.fr Blog\" \/>\n<meta property=\"og:description\" content=\"Les carreaux en bronze du portail de la Basilique de San Zeno \u00e0 V\u00e9rone racontent la longue histoire de foi de ce lieu de culte.\" \/>\n<meta property=\"og:url\" content=\"https:\/\/blog.holyart.it\/fr\/articles-religieux\/basilique-de-san-zeno-les-carreaux-de-bronze-de-son-celebre-portail\/\" \/>\n<meta property=\"og:site_name\" content=\"Holyart.fr Blog\" \/>\n<meta property=\"article:published_time\" content=\"2024-05-15T08:00:38+00:00\" \/>\n<meta property=\"article:modified_time\" content=\"2025-04-18T13:51:01+00:00\" \/>\n<meta property=\"og:image\" content=\"https:\/\/blog.holyart.it\/fr\/wp-content\/uploads\/sites\/14\/2024\/05\/Basilique-de-San-Zeno.jpg\" \/>\n\t<meta property=\"og:image:width\" content=\"1000\" \/>\n\t<meta property=\"og:image:height\" content=\"666\" \/>\n\t<meta property=\"og:image:type\" content=\"image\/jpeg\" \/>\n<meta name=\"author\" content=\"Redazione\" \/>\n<meta name=\"twitter:card\" content=\"summary_large_image\" \/>\n<meta name=\"twitter:label1\" content=\"\u00c9crit par\" \/>\n\t<meta name=\"twitter:data1\" content=\"Redazione\" \/>\n\t<meta name=\"twitter:label2\" content=\"Dur\u00e9e de lecture estim\u00e9e\" \/>\n\t<meta name=\"twitter:data2\" content=\"7 minutes\" \/>\n<script type=\"application\/ld+json\" class=\"yoast-schema-graph\">{\"@context\":\"https:\/\/schema.org\",\"@graph\":[{\"@type\":\"Article\",\"@id\":\"https:\/\/blog.holyart.it\/fr\/articles-religieux\/basilique-de-san-zeno-les-carreaux-de-bronze-de-son-celebre-portail\/#article\",\"isPartOf\":{\"@id\":\"https:\/\/blog.holyart.it\/fr\/articles-religieux\/basilique-de-san-zeno-les-carreaux-de-bronze-de-son-celebre-portail\/\"},\"author\":{\"name\":\"Redazione\",\"@id\":\"https:\/\/blog.holyart.it\/fr\/#\/schema\/person\/0a7b686e5af0f856ec1e390dd0baecda\"},\"headline\":\"Basilique de San Zeno : les carreaux de bronze de son c\u00e9l\u00e8bre portail\",\"datePublished\":\"2024-05-15T08:00:38+00:00\",\"dateModified\":\"2025-04-18T13:51:01+00:00\",\"mainEntityOfPage\":{\"@id\":\"https:\/\/blog.holyart.it\/fr\/articles-religieux\/basilique-de-san-zeno-les-carreaux-de-bronze-de-son-celebre-portail\/\"},\"wordCount\":1259,\"publisher\":{\"@id\":\"https:\/\/blog.holyart.it\/fr\/#organization\"},\"image\":{\"@id\":\"https:\/\/blog.holyart.it\/fr\/articles-religieux\/basilique-de-san-zeno-les-carreaux-de-bronze-de-son-celebre-portail\/#primaryimage\"},\"thumbnailUrl\":\"https:\/\/blog.holyart.it\/fr\/wp-content\/uploads\/sites\/14\/2024\/05\/Basilique-de-San-Zeno.jpg\",\"articleSection\":[\"Religion\"],\"inLanguage\":\"fr-FR\"},{\"@type\":\"WebPage\",\"@id\":\"https:\/\/blog.holyart.it\/fr\/articles-religieux\/basilique-de-san-zeno-les-carreaux-de-bronze-de-son-celebre-portail\/\",\"url\":\"https:\/\/blog.holyart.it\/fr\/articles-religieux\/basilique-de-san-zeno-les-carreaux-de-bronze-de-son-celebre-portail\/\",\"name\":\"Basilique de San Zeno : les carreaux de bronze de son c\u00e9l\u00e8bre portail - Holyart.fr Blog\",\"isPartOf\":{\"@id\":\"https:\/\/blog.holyart.it\/fr\/#website\"},\"primaryImageOfPage\":{\"@id\":\"https:\/\/blog.holyart.it\/fr\/articles-religieux\/basilique-de-san-zeno-les-carreaux-de-bronze-de-son-celebre-portail\/#primaryimage\"},\"image\":{\"@id\":\"https:\/\/blog.holyart.it\/fr\/articles-religieux\/basilique-de-san-zeno-les-carreaux-de-bronze-de-son-celebre-portail\/#primaryimage\"},\"thumbnailUrl\":\"https:\/\/blog.holyart.it\/fr\/wp-content\/uploads\/sites\/14\/2024\/05\/Basilique-de-San-Zeno.jpg\",\"datePublished\":\"2024-05-15T08:00:38+00:00\",\"dateModified\":\"2025-04-18T13:51:01+00:00\",\"description\":\"Les carreaux en bronze du portail de la Basilique de San Zeno \u00e0 V\u00e9rone racontent la longue histoire de foi de ce lieu de culte.\",\"breadcrumb\":{\"@id\":\"https:\/\/blog.holyart.it\/fr\/articles-religieux\/basilique-de-san-zeno-les-carreaux-de-bronze-de-son-celebre-portail\/#breadcrumb\"},\"inLanguage\":\"fr-FR\",\"potentialAction\":[{\"@type\":\"ReadAction\",\"target\":[\"https:\/\/blog.holyart.it\/fr\/articles-religieux\/basilique-de-san-zeno-les-carreaux-de-bronze-de-son-celebre-portail\/\"]}]},{\"@type\":\"ImageObject\",\"inLanguage\":\"fr-FR\",\"@id\":\"https:\/\/blog.holyart.it\/fr\/articles-religieux\/basilique-de-san-zeno-les-carreaux-de-bronze-de-son-celebre-portail\/#primaryimage\",\"url\":\"https:\/\/blog.holyart.it\/fr\/wp-content\/uploads\/sites\/14\/2024\/05\/Basilique-de-San-Zeno.jpg\",\"contentUrl\":\"https:\/\/blog.holyart.it\/fr\/wp-content\/uploads\/sites\/14\/2024\/05\/Basilique-de-San-Zeno.jpg\",\"width\":1000,\"height\":666,\"caption\":\"Basilique de San Zeno\"},{\"@type\":\"BreadcrumbList\",\"@id\":\"https:\/\/blog.holyart.it\/fr\/articles-religieux\/basilique-de-san-zeno-les-carreaux-de-bronze-de-son-celebre-portail\/#breadcrumb\",\"itemListElement\":[{\"@type\":\"ListItem\",\"position\":1,\"name\":\"Homepage\",\"item\":\"https:\/\/blog.holyart.it\/fr\/\"},{\"@type\":\"ListItem\",\"position\":2,\"name\":\"Religion\",\"item\":\"https:\/\/blog.holyart.it\/fr\/articles-religieux\/\"},{\"@type\":\"ListItem\",\"position\":3,\"name\":\"Basilique de San Zeno : les carreaux de bronze de son c\u00e9l\u00e8bre portail\"}]},{\"@type\":\"WebSite\",\"@id\":\"https:\/\/blog.holyart.it\/fr\/#website\",\"url\":\"https:\/\/blog.holyart.it\/fr\/\",\"name\":\"Holyart.fr Blog\",\"description\":\"Holyblog\",\"publisher\":{\"@id\":\"https:\/\/blog.holyart.it\/fr\/#organization\"},\"potentialAction\":[{\"@type\":\"SearchAction\",\"target\":{\"@type\":\"EntryPoint\",\"urlTemplate\":\"https:\/\/blog.holyart.it\/fr\/?s={search_term_string}\"},\"query-input\":{\"@type\":\"PropertyValueSpecification\",\"valueRequired\":true,\"valueName\":\"search_term_string\"}}],\"inLanguage\":\"fr-FR\"},{\"@type\":\"Organization\",\"@id\":\"https:\/\/blog.holyart.it\/fr\/#organization\",\"name\":\"Holyart.fr Blog\",\"url\":\"https:\/\/blog.holyart.it\/fr\/\",\"logo\":{\"@type\":\"ImageObject\",\"inLanguage\":\"fr-FR\",\"@id\":\"https:\/\/blog.holyart.it\/fr\/#\/schema\/logo\/image\/\",\"url\":\"https:\/\/blog.holyart.it\/fr\/wp-content\/uploads\/sites\/14\/2022\/12\/Holyart_Blog_Logo.jpg\",\"contentUrl\":\"https:\/\/blog.holyart.it\/fr\/wp-content\/uploads\/sites\/14\/2022\/12\/Holyart_Blog_Logo.jpg\",\"width\":300,\"height\":50,\"caption\":\"Holyart.fr Blog\"},\"image\":{\"@id\":\"https:\/\/blog.holyart.it\/fr\/#\/schema\/logo\/image\/\"}},{\"@type\":\"Person\",\"@id\":\"https:\/\/blog.holyart.it\/fr\/#\/schema\/person\/0a7b686e5af0f856ec1e390dd0baecda\",\"name\":\"Redazione\",\"image\":{\"@type\":\"ImageObject\",\"inLanguage\":\"fr-FR\",\"@id\":\"https:\/\/blog.holyart.it\/fr\/#\/schema\/person\/image\/\",\"url\":\"https:\/\/secure.gravatar.com\/avatar\/f477da817f43e50d0af36abecd33e3edf826c68299714bdc1057dff3b113f516?s=96&d=mm&r=g\",\"contentUrl\":\"https:\/\/secure.gravatar.com\/avatar\/f477da817f43e50d0af36abecd33e3edf826c68299714bdc1057dff3b113f516?s=96&d=mm&r=g\",\"caption\":\"Redazione\"},\"url\":\"https:\/\/blog.holyart.it\/fr\/author\/admin\/\"}]}<\/script>\n<!-- \/ Yoast SEO plugin. -->","yoast_head_json":{"title":"Basilique de San Zeno : les carreaux de bronze de son c\u00e9l\u00e8bre portail - Holyart.fr Blog","description":"Les carreaux en bronze du portail de la Basilique de San Zeno \u00e0 V\u00e9rone racontent la longue histoire de foi de ce lieu de culte.","robots":{"index":"index","follow":"follow","max-snippet":"max-snippet:-1","max-image-preview":"max-image-preview:large","max-video-preview":"max-video-preview:-1"},"canonical":"https:\/\/blog.holyart.it\/fr\/articles-religieux\/basilique-de-san-zeno-les-carreaux-de-bronze-de-son-celebre-portail\/","og_locale":"fr_FR","og_type":"article","og_title":"Basilique de San Zeno : les carreaux de bronze de son c\u00e9l\u00e8bre portail - Holyart.fr Blog","og_description":"Les carreaux en bronze du portail de la Basilique de San Zeno \u00e0 V\u00e9rone racontent la longue histoire de foi de ce lieu de culte.","og_url":"https:\/\/blog.holyart.it\/fr\/articles-religieux\/basilique-de-san-zeno-les-carreaux-de-bronze-de-son-celebre-portail\/","og_site_name":"Holyart.fr Blog","article_published_time":"2024-05-15T08:00:38+00:00","article_modified_time":"2025-04-18T13:51:01+00:00","og_image":[{"width":1000,"height":666,"url":"https:\/\/blog.holyart.it\/fr\/wp-content\/uploads\/sites\/14\/2024\/05\/Basilique-de-San-Zeno.jpg","type":"image\/jpeg"}],"author":"Redazione","twitter_card":"summary_large_image","twitter_misc":{"\u00c9crit par":"Redazione","Dur\u00e9e de lecture estim\u00e9e":"7 minutes"},"schema":{"@context":"https:\/\/schema.org","@graph":[{"@type":"Article","@id":"https:\/\/blog.holyart.it\/fr\/articles-religieux\/basilique-de-san-zeno-les-carreaux-de-bronze-de-son-celebre-portail\/#article","isPartOf":{"@id":"https:\/\/blog.holyart.it\/fr\/articles-religieux\/basilique-de-san-zeno-les-carreaux-de-bronze-de-son-celebre-portail\/"},"author":{"name":"Redazione","@id":"https:\/\/blog.holyart.it\/fr\/#\/schema\/person\/0a7b686e5af0f856ec1e390dd0baecda"},"headline":"Basilique de San Zeno : les carreaux de bronze de son c\u00e9l\u00e8bre portail","datePublished":"2024-05-15T08:00:38+00:00","dateModified":"2025-04-18T13:51:01+00:00","mainEntityOfPage":{"@id":"https:\/\/blog.holyart.it\/fr\/articles-religieux\/basilique-de-san-zeno-les-carreaux-de-bronze-de-son-celebre-portail\/"},"wordCount":1259,"publisher":{"@id":"https:\/\/blog.holyart.it\/fr\/#organization"},"image":{"@id":"https:\/\/blog.holyart.it\/fr\/articles-religieux\/basilique-de-san-zeno-les-carreaux-de-bronze-de-son-celebre-portail\/#primaryimage"},"thumbnailUrl":"https:\/\/blog.holyart.it\/fr\/wp-content\/uploads\/sites\/14\/2024\/05\/Basilique-de-San-Zeno.jpg","articleSection":["Religion"],"inLanguage":"fr-FR"},{"@type":"WebPage","@id":"https:\/\/blog.holyart.it\/fr\/articles-religieux\/basilique-de-san-zeno-les-carreaux-de-bronze-de-son-celebre-portail\/","url":"https:\/\/blog.holyart.it\/fr\/articles-religieux\/basilique-de-san-zeno-les-carreaux-de-bronze-de-son-celebre-portail\/","name":"Basilique de San Zeno : les carreaux de bronze de son c\u00e9l\u00e8bre portail - Holyart.fr Blog","isPartOf":{"@id":"https:\/\/blog.holyart.it\/fr\/#website"},"primaryImageOfPage":{"@id":"https:\/\/blog.holyart.it\/fr\/articles-religieux\/basilique-de-san-zeno-les-carreaux-de-bronze-de-son-celebre-portail\/#primaryimage"},"image":{"@id":"https:\/\/blog.holyart.it\/fr\/articles-religieux\/basilique-de-san-zeno-les-carreaux-de-bronze-de-son-celebre-portail\/#primaryimage"},"thumbnailUrl":"https:\/\/blog.holyart.it\/fr\/wp-content\/uploads\/sites\/14\/2024\/05\/Basilique-de-San-Zeno.jpg","datePublished":"2024-05-15T08:00:38+00:00","dateModified":"2025-04-18T13:51:01+00:00","description":"Les carreaux en bronze du portail de la Basilique de San Zeno \u00e0 V\u00e9rone racontent la longue histoire de foi de ce lieu de culte.","breadcrumb":{"@id":"https:\/\/blog.holyart.it\/fr\/articles-religieux\/basilique-de-san-zeno-les-carreaux-de-bronze-de-son-celebre-portail\/#breadcrumb"},"inLanguage":"fr-FR","potentialAction":[{"@type":"ReadAction","target":["https:\/\/blog.holyart.it\/fr\/articles-religieux\/basilique-de-san-zeno-les-carreaux-de-bronze-de-son-celebre-portail\/"]}]},{"@type":"ImageObject","inLanguage":"fr-FR","@id":"https:\/\/blog.holyart.it\/fr\/articles-religieux\/basilique-de-san-zeno-les-carreaux-de-bronze-de-son-celebre-portail\/#primaryimage","url":"https:\/\/blog.holyart.it\/fr\/wp-content\/uploads\/sites\/14\/2024\/05\/Basilique-de-San-Zeno.jpg","contentUrl":"https:\/\/blog.holyart.it\/fr\/wp-content\/uploads\/sites\/14\/2024\/05\/Basilique-de-San-Zeno.jpg","width":1000,"height":666,"caption":"Basilique de San Zeno"},{"@type":"BreadcrumbList","@id":"https:\/\/blog.holyart.it\/fr\/articles-religieux\/basilique-de-san-zeno-les-carreaux-de-bronze-de-son-celebre-portail\/#breadcrumb","itemListElement":[{"@type":"ListItem","position":1,"name":"Homepage","item":"https:\/\/blog.holyart.it\/fr\/"},{"@type":"ListItem","position":2,"name":"Religion","item":"https:\/\/blog.holyart.it\/fr\/articles-religieux\/"},{"@type":"ListItem","position":3,"name":"Basilique de San Zeno : les carreaux de bronze de son c\u00e9l\u00e8bre portail"}]},{"@type":"WebSite","@id":"https:\/\/blog.holyart.it\/fr\/#website","url":"https:\/\/blog.holyart.it\/fr\/","name":"Holyart.fr Blog","description":"Holyblog","publisher":{"@id":"https:\/\/blog.holyart.it\/fr\/#organization"},"potentialAction":[{"@type":"SearchAction","target":{"@type":"EntryPoint","urlTemplate":"https:\/\/blog.holyart.it\/fr\/?s={search_term_string}"},"query-input":{"@type":"PropertyValueSpecification","valueRequired":true,"valueName":"search_term_string"}}],"inLanguage":"fr-FR"},{"@type":"Organization","@id":"https:\/\/blog.holyart.it\/fr\/#organization","name":"Holyart.fr Blog","url":"https:\/\/blog.holyart.it\/fr\/","logo":{"@type":"ImageObject","inLanguage":"fr-FR","@id":"https:\/\/blog.holyart.it\/fr\/#\/schema\/logo\/image\/","url":"https:\/\/blog.holyart.it\/fr\/wp-content\/uploads\/sites\/14\/2022\/12\/Holyart_Blog_Logo.jpg","contentUrl":"https:\/\/blog.holyart.it\/fr\/wp-content\/uploads\/sites\/14\/2022\/12\/Holyart_Blog_Logo.jpg","width":300,"height":50,"caption":"Holyart.fr Blog"},"image":{"@id":"https:\/\/blog.holyart.it\/fr\/#\/schema\/logo\/image\/"}},{"@type":"Person","@id":"https:\/\/blog.holyart.it\/fr\/#\/schema\/person\/0a7b686e5af0f856ec1e390dd0baecda","name":"Redazione","image":{"@type":"ImageObject","inLanguage":"fr-FR","@id":"https:\/\/blog.holyart.it\/fr\/#\/schema\/person\/image\/","url":"https:\/\/secure.gravatar.com\/avatar\/f477da817f43e50d0af36abecd33e3edf826c68299714bdc1057dff3b113f516?s=96&d=mm&r=g","contentUrl":"https:\/\/secure.gravatar.com\/avatar\/f477da817f43e50d0af36abecd33e3edf826c68299714bdc1057dff3b113f516?s=96&d=mm&r=g","caption":"Redazione"},"url":"https:\/\/blog.holyart.it\/fr\/author\/admin\/"}]}},"_links":{"self":[{"href":"https:\/\/blog.holyart.it\/fr\/wp-json\/wp\/v2\/posts\/8211","targetHints":{"allow":["GET"]}}],"collection":[{"href":"https:\/\/blog.holyart.it\/fr\/wp-json\/wp\/v2\/posts"}],"about":[{"href":"https:\/\/blog.holyart.it\/fr\/wp-json\/wp\/v2\/types\/post"}],"author":[{"embeddable":true,"href":"https:\/\/blog.holyart.it\/fr\/wp-json\/wp\/v2\/users\/1"}],"replies":[{"embeddable":true,"href":"https:\/\/blog.holyart.it\/fr\/wp-json\/wp\/v2\/comments?post=8211"}],"version-history":[{"count":3,"href":"https:\/\/blog.holyart.it\/fr\/wp-json\/wp\/v2\/posts\/8211\/revisions"}],"predecessor-version":[{"id":8220,"href":"https:\/\/blog.holyart.it\/fr\/wp-json\/wp\/v2\/posts\/8211\/revisions\/8220"}],"wp:featuredmedia":[{"embeddable":true,"href":"https:\/\/blog.holyart.it\/fr\/wp-json\/wp\/v2\/media\/8213"}],"wp:attachment":[{"href":"https:\/\/blog.holyart.it\/fr\/wp-json\/wp\/v2\/media?parent=8211"}],"wp:term":[{"taxonomy":"category","embeddable":true,"href":"https:\/\/blog.holyart.it\/fr\/wp-json\/wp\/v2\/categories?post=8211"},{"taxonomy":"post_tag","embeddable":true,"href":"https:\/\/blog.holyart.it\/fr\/wp-json\/wp\/v2\/tags?post=8211"}],"curies":[{"name":"wp","href":"https:\/\/api.w.org\/{rel}","templated":true}]}}