{"id":8199,"date":"2024-05-13T10:00:51","date_gmt":"2024-05-13T08:00:51","guid":{"rendered":"https:\/\/blog.holyart.it\/fr\/?p=8199"},"modified":"2024-06-13T14:18:20","modified_gmt":"2024-06-13T12:18:20","slug":"quest-ce-quest-le-jubile-preparons-nous-a-une-nouvelle-annee-sainte","status":"publish","type":"post","link":"https:\/\/blog.holyart.it\/fr\/articles-religieux\/quest-ce-quest-le-jubile-preparons-nous-a-une-nouvelle-annee-sainte\/","title":{"rendered":"Qu\u2019est-ce qu\u2019est le Jubil\u00e9 : pr\u00e9parons-nous \u00e0 une nouvelle ann\u00e9e sainte"},"content":{"rendered":"<h4>Qu\u2019est-ce qu\u2019est le Jubil\u00e9 ? \u00c0 quelle fr\u00e9quence est-il c\u00e9l\u00e9br\u00e9 ? En vue de l\u2019Ann\u00e9e Sainte 2025, d\u00e9couvrons l\u2019origine de cette pratique d\u00e9votionnelle s\u00e9culaire.<\/h4>\n\n<p>En vue de 2025, il est important de comprendre <strong>ce qu\u2019est le Jubil\u00e9<\/strong>. Le Jubil\u00e9, ou <strong>Ann\u00e9e Sainte<\/strong>, est un \u00e9v\u00e9nement religieux sp\u00e9cial pour l\u2019\u00c9glise catholique, caract\u00e9ris\u00e9 par des c\u00e9r\u00e9monies solennelles, \u00e9v\u00e9nements collectifs et p\u00e8lerinages d\u00e9votionnels. Il se d\u00e9roule \u00e0 des intervalles r\u00e9guliers, <strong>tous les 25 ans<\/strong>, m\u00eame si nous verrons qu\u2019il y a des Jubil\u00e9s extraordinaires, qui sont annonc\u00e9s par le Saint-P\u00e8re dans certaines circonstances.<\/p>\n<p>\u00c0 l\u2019occasion du Jubil\u00e9, les fid\u00e8les sont invit\u00e9s \u00e0 accomplir un <a href=\"https:\/\/www.holyart.fr\/blog\/articles-religieux\/pelerinage-a-rome-parmi-les-destinations-preferees-des-chretiens\/\"><strong>p\u00e8lerinage \u00e0 la Basilique de Saint-Pierre au Vatican<\/strong><\/a>, \u00e0 Rome, et \u00e0 participer \u00e0 des rituels et des actes de d\u00e9votions, comme le Tour des Sept \u00c9glises. C\u2019est une occasion de grande <strong>croissance spirituelle, qui permet de recevoir le pardon de toutes les fautes<\/strong> car, traditionnellement, ceux qui, pendant le Jubil\u00e9, traversent une des Portes Saintes, obtient l\u2019<strong>indulgence pl\u00e9ni\u00e8re<\/strong>, i.e. la r\u00e9mission de tous les p\u00e9ch\u00e9s.<\/p>\n<div class=\"link-article\">\n<p><img loading=\"lazy\" decoding=\"async\" class=\"size-full wp-image-8202 alignleft\" src=\"https:\/\/blog.holyart.it\/fr\/wp-content\/uploads\/sites\/14\/2024\/05\/Pelerinage-a-Rome-parmi-les-destinations-preferees-des-chretiens.jpg\" alt=\"Pelerinage a Rome parmi les destinations preferees des chretiens\" width=\"150\" height=\"99\" data-kale-share-title=\"Qu\u2019est-ce qu\u2019est le Jubil\u00e9 : pr\u00e9parons-nous \u00e0 une nouvelle ann\u00e9e sainte\" data-kale-share-url=\"https:\/\/blog.holyart.it\/fr\/?p=8199\" \/><\/p>\n<div class=\"leggi-anche\">Lire aussi :<\/div>\n<p><strong><a href=\"https:\/\/www.holyart.fr\/blog\/articles-religieux\/pelerinage-a-rome-parmi-les-destinations-preferees-des-chretiens\/\">P\u00e8lerinage \u00e0 Rome : parmi les destinations pr\u00e9f\u00e9r\u00e9es des chr\u00e9tiens<\/a><\/strong><br \/>\nUn p\u00e8lerinage \u00e0 Rome est depuis toujours une des exp\u00e9riences&#8230;<\/p>\n<\/div>\n<p>Mais qu\u2019est-ce que signifie Jubil\u00e9\u00a0? L\u2019<strong>origine du Jubil\u00e9 <\/strong>remonte \u00e0 l\u2019ancienne tradition juive du <strong><em>Yovel<\/em><\/strong>, qui \u00e9tait c\u00e9l\u00e9br\u00e9 tous les cinquante ans. Le Jubil\u00e9 juif \u00e9tait principalement <strong>consacr\u00e9 \u00e0 la terre<\/strong>, \u00e0 la propri\u00e9t\u00e9 et aux droits fonciers. Selon la Bible juive, cette p\u00e9riode sp\u00e9ciale pr\u00e9voyait une s\u00e9rie de pratiques, parmi lesquelles la restitution des terres \u00e0 leurs anciens propri\u00e9taires, la r\u00e9mission des dettes, la lib\u00e9ration des esclaves et des prisonniers, le repos de la terre et la manifestation particuli\u00e8re de la mis\u00e9ricorde divine. Ces pratiques ne visaient pas uniquement \u00e0 garantir une juste redistribution des ressources et \u00e0 promouvoir la justice sociale, mais aussi \u00e0 souligner l\u2019importance <strong>de la mis\u00e9ricorde et de la compassion divine<\/strong> dans l\u2019exp\u00e9rience humaine. Cette p\u00e9riode \u00e9tait inaugur\u00e9e par le son d\u2019une corne de b\u00e9lier, \u00ab\u00a0jobel\u00a0\u00bb en juif, d\u2019o\u00f9 le nom de la solennit\u00e9, transform\u00e9 ensuite en Jubil\u00e9.<br \/>\nDans l\u2019<strong>\u00c9vangile de Luc<\/strong>, J\u00e9sus, en arrivant \u00e0 Nazareth, cite de mani\u00e8re tr\u00e8s explicite un passage du <strong>Livre d\u2019\u00c9sa\u00efe<\/strong>, qui fait r\u00e9f\u00e9rence justement \u00e0 cette ann\u00e9e sp\u00e9ciale d\u00e9di\u00e9e \u00e0 Dieu : \u00ab\u00a0<em>L\u2019esprit du Seigneur, l\u2019\u00c9ternel, est sur moi, car l\u2019\u00c9ternel m\u2019a oint pour porter de bonnes nouvelles aux malheureux\u00a0; Il m\u2019a envoy\u00e9 pour gu\u00e9rir ceux qui ont le c\u0153ur bris\u00e9, pour proclamer aux captifs la libert\u00e9, et aux prisonniers la d\u00e9livrance\u00a0; pour publier <a href=\"https:\/\/www.holyart.fr\/jubile-2025-pelerins-desperance\"><strong>une ann\u00e9e de gr\u00e2ce de l\u2019\u00c9ternel<\/strong><\/a>, et un jour de vengeance de notre Dieu\u00a0; pour consoler tous les afflig\u00e9s\u00a0<\/em>\u00bb (\u00c9sa\u00efe 61\u00a0:1-2).<\/p>\n<p>Et ainsi J\u00e9sus, dans l\u2019\u00c9vangile de Luc\u00a0: \u00ab\u00a0<em>L\u2019Esprit du Seigneur est sur moi, parce qu\u2019il m\u2019a oint pour annoncer une bonne nouvelle aux pauvres\u00a0; Il m\u2019a envoy\u00e9 gu\u00e9rir ceux qui ont le c\u0153ur bris\u00e9, pour proclamer aux captifs la d\u00e9livrance, et aux aveugles le recouvrement de la vue, pour renvoyer libres les opprim\u00e9s, pour publier <strong>une ann\u00e9e de gr\u00e2ce du Seigneur<\/strong><\/em>\u00a0\u00bb (Luc 4\u00a0:18-19).<\/p>\n<div class=\"link-product\">\n<div class=\"blocco-immagine\"><img loading=\"lazy\" decoding=\"async\" class=\"size-full wp-image-8203 alignleft\" src=\"https:\/\/blog.holyart.it\/fr\/wp-content\/uploads\/sites\/14\/2024\/05\/Voile-de-lutrin-couleur-ivoire-Jubile-2025-Pelerins-d-Esperance-coton-lurex.jpg\" alt=\"Voile de lutrin couleur ivoire Jubile 2025 Pelerins d'Esperance coton lurex\" width=\"100\" height=\"100\" data-kale-share-title=\"Qu\u2019est-ce qu\u2019est le Jubil\u00e9 : pr\u00e9parons-nous \u00e0 une nouvelle ann\u00e9e sainte\" data-kale-share-url=\"https:\/\/blog.holyart.it\/fr\/?p=8199\" \/><\/div>\n<div class=\"blocco-contenuto\">\n<div class=\"blocco-acquista\">Acheter sur Holyart:<\/div>\n<div class=\"blocco-titolo\"><a href=\"https:\/\/www.holyart.fr\/jubile-2025-pelerins-desperance\">Jubil\u00e9 2025 P\u00e8lerins d&rsquo;Esp\u00e9rance<\/a><\/div>\n<div class=\"blocco-descrizione\">Articles con\u00e7us pour c\u00e9l\u00e9brer le prochain Jubil\u00e9 2025 \u00e0 Rome.<\/div>\n<\/div>\n<\/div>\n<p>L\u2019<strong>Indulgence des Cent ans <\/strong>fut un \u00e9v\u00e9nement significatif qui anticipa et pr\u00e9dit le Jubil\u00e9 dans l\u2019histoire de l\u2019\u00c9glise catholique. Cet \u00e9v\u00e9nement se v\u00e9rifia pendant le pontificat de Pape Boniface VIII, bien que ce ne fut pas le Pape \u00e0 l\u2019instituer. Une tradition d\u2019origine inconnue garantissait la r\u00e9mission compl\u00e8te des p\u00e9ch\u00e9s et la suspension de toutes les peines temporelles \u00e0 qui se serait rendu en p\u00e8lerinage dans la Basilique Saint-Pierre \u00e0 Rome end\u00e9ans l\u2019ann\u00e9e 1300. Ce fut justement <strong>Pape Boniface VIII<\/strong> qui d\u00e9clara le premier Jubil\u00e9, probablement en s\u2019inspirant justement de l\u2019Indulgence des Cent ans, ou \u00e0 la tradition juive d\u00e9j\u00e0 cit\u00e9e du Yovel. Au d\u00e9but, il \u00e9tait pr\u00e9vu que l\u2019Ann\u00e9e Sainte ait lieu <strong>tous les cent ans<\/strong>. Uniquement ensuite, avec Pape Cl\u00e9ment VI (1350), l\u2019intervalle de temps fut r\u00e9duit \u00e0 50 ans, comme l\u2019ancienne Ann\u00e9e Sainte juive, ensuite \u00e0 33 (les ann\u00e9es de Christ) et, enfin, \u00e0 25.<\/p>\n<div class=\"link-product\">\n<div class=\"blocco-immagine\"><img loading=\"lazy\" decoding=\"async\" class=\"size-full wp-image-8388 alignleft\" src=\"https:\/\/blog.holyart.it\/fr\/wp-content\/uploads\/sites\/14\/2024\/05\/Sac-a-dos-du-pelerin-kit-complet-Jubile-2025-3.jpg\" alt=\"Sac \u00e0 dos du p\u00e8lerin kit complet Jubil\u00e9 2025\" width=\"100\" height=\"100\" data-kale-share-title=\"Qu\u2019est-ce qu\u2019est le Jubil\u00e9 : pr\u00e9parons-nous \u00e0 une nouvelle ann\u00e9e sainte\" data-kale-share-url=\"https:\/\/blog.holyart.it\/fr\/articles-religieux\/quest-ce-quest-le-jubile-preparons-nous-a-une-nouvelle-annee-sainte\/\" \/><\/div>\n<div class=\"blocco-contenuto\">\n<div class=\"blocco-acquista\">Acheter sur Holyart:<\/div>\n<div class=\"blocco-titolo\"><a href=\"https:\/\/www.holyart.fr\/jubile-2025-pelerins-desperance\/kit-du-pelerin-et-gadgets-du-jubile-2025\/sac-a-dos-du-pelerin-kit-complet-jubile-2025\">Sac \u00e0 dos du p\u00e8lerin kit complet Jubil\u00e9 2025 <\/a><\/div>\n<div class=\"blocco-descrizione\">Kit du p\u00e8lerin con\u00e7u pour enrichir et faciliter le p\u00e8lerinage du Jubil\u00e9.<\/div>\n<\/div>\n<\/div>\n<h2>Quand commence le Jubil\u00e9<\/h2>\n<p>Le Jubil\u00e9 commence quand le Saint-P\u00e8re ouvre la Porte Sainte de la Basilique Saint-Pierre. L\u2019ouverture de la Porte Sainte marquant <a href=\"https:\/\/www.holyart.fr\/blog\/articles-religieux\/le-calendrier-des-evenements-du-jubile-2025\/\"><strong>le d\u00e9but du Jubil\u00e9<\/strong><\/a> est pr\u00e9vue pour le 24 d\u00e9cembre 2024.<\/p>\n<div class=\"link-article\">\n<p><img loading=\"lazy\" decoding=\"async\" class=\"size-full wp-image-8204 alignleft\" src=\"https:\/\/blog.holyart.it\/fr\/wp-content\/uploads\/sites\/14\/2024\/05\/Le-calendrier-des-evenements-du-Jubile-2025.jpg\" alt=\"Le calendrier des evenements du Jubile 2025\" width=\"150\" height=\"99\" data-kale-share-title=\"Qu\u2019est-ce qu\u2019est le Jubil\u00e9 : pr\u00e9parons-nous \u00e0 une nouvelle ann\u00e9e sainte\" data-kale-share-url=\"https:\/\/blog.holyart.it\/fr\/?p=8199\" \/><\/p>\n<div class=\"leggi-anche\">Lire aussi :<\/div>\n<p><strong><a href=\"https:\/\/www.holyart.fr\/blog\/articles-religieux\/le-calendrier-des-evenements-du-jubile-2025\/\">Le calendrier des \u00e9v\u00e9nements du Jubil\u00e9 2025<\/a><\/strong><br \/>\nLe calendrier des \u00e9v\u00e9nements du Jubil\u00e9 2025 a \u00e9t\u00e9 publi\u00e9 : douze mois d\u2019\u00e9v\u00e9nements et occasions pour&#8230;<\/p>\n<\/div>\n<h2>Jubil\u00e9 ordinaire ou extraordinaire<\/h2>\n<p>\u00c0 c\u00f4t\u00e9 du <strong>Jubil\u00e9 ordinaire<\/strong>, comme d\u00e9j\u00e0 observ\u00e9, il existe le <strong>Jubil\u00e9 extraordinaire<\/strong>. Le premier se tient selon le cycle r\u00e9gulier pr\u00e9\u00e9tabli par l\u2019\u00c9glise catholique, tous les 25 ans, et pr\u00e9voit l\u2019ouverture des Portes Saintes des <strong>Basiliques papales \u00e0 Rome<\/strong>, l\u2019indulgence pl\u00e9ni\u00e8re aux p\u00e8lerins et de nombreuses pratiques d\u00e9votionnelles.<\/p>\n<p>Le <strong>Jubil\u00e9 extraordinaire<\/strong> est proclam\u00e9 par contre dans des circonstances exceptionnelles et pour c\u00e9l\u00e9brer des \u00e9v\u00e9nements significatifs dans l\u2019\u00c9glise catholique ou dans le monde. Un exemple est le <a href=\"https:\/\/www.holyart.fr\/blog\/articles-religieux\/logo-du-jubile-de-la-misericorde-de-quoi-sagit-il-et-qui-la-dessine\/\"><strong>Jubil\u00e9 de la Mis\u00e9ricorde<\/strong><\/a> de 2016, proclam\u00e9 par Pape Fran\u00e7ois, qui a \u00e9t\u00e9 un Jubil\u00e9 extraordinaire organis\u00e9 afin de c\u00e9l\u00e9brer et r\u00e9pandre le th\u00e8me de la mis\u00e9ricorde divine dans le monde entier. Pendant un Jubil\u00e9 extraordinaire, des opportunit\u00e9s spirituelles et sacramentelles additionnelles sont g\u00e9n\u00e9ralement offertes aux fid\u00e8les, en plus d\u2019indulgences sp\u00e9ciales.<\/p>\n<div class=\"link-article\">\n<p><img loading=\"lazy\" decoding=\"async\" class=\"size-full wp-image-8205 alignleft\" src=\"https:\/\/blog.holyart.it\/fr\/wp-content\/uploads\/sites\/14\/2024\/05\/Jubile-de-la-Misericorde.jpg\" alt=\"Jubile de la Misericorde\" width=\"150\" height=\"99\" data-kale-share-title=\"Qu\u2019est-ce qu\u2019est le Jubil\u00e9 : pr\u00e9parons-nous \u00e0 une nouvelle ann\u00e9e sainte\" data-kale-share-url=\"https:\/\/blog.holyart.it\/fr\/?p=8199\" \/><\/p>\n<div class=\"leggi-anche\">Lire aussi :<\/div>\n<p><strong><a href=\"https:\/\/www.holyart.fr\/blog\/articles-religieux\/logo-du-jubile-de-la-misericorde-de-quoi-sagit-il-et-qui-la-dessine\/\">Logo du Jubil\u00e9 de la Mis\u00e9ricorde : de quoi s\u2019agit-il et qui l\u2019a dessin\u00e9<\/a><\/strong><br \/>\nLe logo du Jubil\u00e9 extraordinaire de la mis\u00e9ricorde a \u00e9t\u00e9 con\u00e7u et&#8230;<\/p>\n<\/div>\n<h2>La signification de l\u2019ouverture de la Porte Sainte<\/h2>\n<p><a href=\"https:\/\/www.holyart.fr\/blog\/articles-religieux\/porte-sainte-quest-ce-que-cest-et-que-represente-son-ouverture\/\"><strong>L\u2019ouverture de la Porte Sainte<\/strong><\/a> marque non seulement le d\u00e9but du Jubil\u00e9, mais repr\u00e9sente aussi un <strong>puissant symbole spirituel<\/strong> pour les chr\u00e9tiens. La Porte Sainte est la porte d\u2019une \u00e9glise ou d\u2019une basilique chr\u00e9tienne qui est proclam\u00e9e Sainte par le Pape. Pendant le Jubil\u00e9, cette porte, g\u00e9n\u00e9ralement mur\u00e9e, est ouverte et la franchir permet aux fid\u00e8les d\u2019obtenir l\u2019indulgence pl\u00e9ni\u00e8re, le pardon complet des p\u00e9ch\u00e9s.<br \/>\nOutre sa signification pratique, la Porte Sainte a une profonde signification symbolique. Dans les Saintes \u00c9critures, la porte est souvent vue comme le passage \u00e0 travers lequel <strong>la gloire de Dieu entre dans la maison<\/strong> ou, m\u00e9taphoriquement, <strong>dans l\u2019\u00e2me humaine<\/strong>. D\u00e9j\u00e0 dans \u00c9z\u00e9chiel, nous trouvons des r\u00e9f\u00e9rences \u00e0 ce concept, qui refl\u00e8te le concept d\u2019accueil de la gr\u00e2ce divine dans le c\u0153ur du croyant. La Porte Sainte n\u2019est donc pas simplement un symbole d\u2019acc\u00e8s physique \u00e0 un lieu sacr\u00e9, mais repr\u00e9sente \u00e9galement l\u2019invitation \u00e0 laisser la pr\u00e9sence et la mis\u00e9ricorde de Dieu entrer dans nos vies et transformer nos c\u0153urs.<\/p>\n<div class=\"link-article\">\n<p><img loading=\"lazy\" decoding=\"async\" class=\"size-full wp-image-8206 alignleft\" src=\"https:\/\/blog.holyart.it\/fr\/wp-content\/uploads\/sites\/14\/2024\/05\/porte-sainte.jpeg\" alt=\"basilique saint pierre san pietro\" width=\"150\" height=\"104\" data-kale-share-title=\"Qu\u2019est-ce qu\u2019est le Jubil\u00e9 : pr\u00e9parons-nous \u00e0 une nouvelle ann\u00e9e sainte\" data-kale-share-url=\"https:\/\/blog.holyart.it\/fr\/?p=8199\" \/><\/p>\n<div class=\"leggi-anche\">Lire aussi :<\/div>\n<p><strong><a href=\"https:\/\/www.holyart.fr\/blog\/articles-religieux\/porte-sainte-quest-ce-que-cest-et-que-represente-son-ouverture\/\">Porte Sainte : qu\u2019est-ce que c\u2019est et que repr\u00e9sente son ouverture<\/a><\/strong><br \/>\nL\u2019ouverture de la Porte Sainte est le signe du d\u00e9but du Jubil\u00e9&#8230;<\/p>\n<\/div>\n<h2>Jubil\u00e9 2025 \u00e0 Rome<\/h2>\n<p>Pour le Jubil\u00e9 2025 est pr\u00e9vue l\u2019arriv\u00e9e de plus de 32 millions de p\u00e8lerins \u00e0 Rome. Cet \u00e9v\u00e9nement offrira aux p\u00e8lerins une exp\u00e9rience compl\u00e8te qui unira foi, culture et spiritualit\u00e9, gr\u00e2ce et pardon divin. Le Jubil\u00e9 2025 offre un <a href=\"https:\/\/www.holyart.fr\/blog\/articles-religieux\/le-calendrier-des-evenements-du-jubile-2025\/#Le_calendrier_du_Jubile_2025\"><strong>calendrier<\/strong><\/a> riche en initiatives et \u00e9v\u00e9nements solennels, qui concerneront des fid\u00e8les du monde entier. Le th\u00e8me choisi, <a href=\"https:\/\/www.holyart.fr\/blog\/articles-religieux\/la-signification-du-logo-du-jubile-2025-pelerins-desperance\/\"><strong><em>P\u00e8lerins d\u2019esp\u00e9rance<\/em><\/strong><\/a>, est plus actuel que jamais en cette p\u00e9riode d\u2019incertitude et de bouleversements mondiaux. Ce sujet veut transmettre un message d\u2019espoir et de confiance dans le futur, en invitant les croyants \u00e0 entreprendre un voyage spirituel vers une plus grande conscience de la mis\u00e9ricorde divine et un engagement plus profond pour diffuser l\u2019amour et la compassion dans le monde.<\/p>\n<div class=\"link-article\">\n<p><img loading=\"lazy\" decoding=\"async\" class=\"size-full wp-image-8207 alignleft\" src=\"https:\/\/blog.holyart.it\/fr\/wp-content\/uploads\/sites\/14\/2024\/05\/La-signification-du-logo-du-Jubile-2025-Pelerins-desperance.jpg\" alt=\"La signification du logo du Jubile 2025 Pelerins desperance\" width=\"150\" height=\"99\" data-kale-share-title=\"Qu\u2019est-ce qu\u2019est le Jubil\u00e9 : pr\u00e9parons-nous \u00e0 une nouvelle ann\u00e9e sainte\" data-kale-share-url=\"https:\/\/blog.holyart.it\/fr\/?p=8199\" \/><\/p>\n<div class=\"leggi-anche\">Lire aussi :<\/div>\n<p><strong><a href=\"https:\/\/www.holyart.fr\/blog\/articles-religieux\/la-signification-du-logo-du-jubile-2025-pelerins-desperance\/\">La signification du logo du Jubil\u00e9 2025 : P\u00e8lerins d\u2019esp\u00e9rance<\/a><\/strong><br \/>\nLe logo du Jubil\u00e9 2025 vient d\u2019\u00eatre pr\u00e9sent\u00e9, choisi parmi presque trois cents propositions&#8230;<\/p>\n<\/div>\n","protected":false},"excerpt":{"rendered":"<p>Qu\u2019est-ce qu\u2019est le Jubil\u00e9 ? \u00c0 quelle fr\u00e9quence est-il c\u00e9l\u00e9br\u00e9 ? En vue de l\u2019Ann\u00e9e Sainte 2025, d\u00e9couvrons l\u2019origine de cette pratique d\u00e9votionnelle s\u00e9culaire. En vue de 2025, il est important de comprendre ce qu\u2019est le Jubil\u00e9. Le Jubil\u00e9, ou Ann\u00e9e Sainte, est un \u00e9v\u00e9nement&hellip;<\/p>\n","protected":false},"author":1,"featured_media":8200,"comment_status":"closed","ping_status":"open","sticky":false,"template":"","format":"standard","meta":{"_acf_changed":false,"footnotes":""},"categories":[13,8],"tags":[],"class_list":["post-8199","post","type-post","status-publish","format-standard","has-post-thumbnail","hentry","category-jubile-2025","category-articles-religieux"],"acf":[],"yoast_head":"<!-- This site is optimized with the Yoast SEO plugin v26.6 - https:\/\/yoast.com\/wordpress\/plugins\/seo\/ -->\n<title>Qu\u2019est-ce qu\u2019est le Jubil\u00e9 : pr\u00e9parons-nous \u00e0 une nouvelle ann\u00e9e sainte - Holyart.fr Blog<\/title>\n<meta name=\"description\" content=\"D\u00e9couvrons ce qu\u2019est le Jubil\u00e9, un \u00e9v\u00e9nement religieux sp\u00e9cial qui c\u00e9l\u00e8bre la mis\u00e9ricorde et le pardon de Dieu et offre l\u2019indulgence pl\u00e9ni\u00e8re.\" \/>\n<meta name=\"robots\" content=\"index, follow, max-snippet:-1, max-image-preview:large, max-video-preview:-1\" \/>\n<link rel=\"canonical\" href=\"https:\/\/blog.holyart.it\/fr\/articles-religieux\/quest-ce-quest-le-jubile-preparons-nous-a-une-nouvelle-annee-sainte\/\" \/>\n<meta property=\"og:locale\" content=\"fr_FR\" \/>\n<meta property=\"og:type\" content=\"article\" \/>\n<meta property=\"og:title\" content=\"Qu\u2019est-ce qu\u2019est le Jubil\u00e9 : pr\u00e9parons-nous \u00e0 une nouvelle ann\u00e9e sainte - Holyart.fr Blog\" \/>\n<meta property=\"og:description\" content=\"D\u00e9couvrons ce qu\u2019est le Jubil\u00e9, un \u00e9v\u00e9nement religieux sp\u00e9cial qui c\u00e9l\u00e8bre la mis\u00e9ricorde et le pardon de Dieu et offre l\u2019indulgence pl\u00e9ni\u00e8re.\" \/>\n<meta property=\"og:url\" content=\"https:\/\/blog.holyart.it\/fr\/articles-religieux\/quest-ce-quest-le-jubile-preparons-nous-a-une-nouvelle-annee-sainte\/\" \/>\n<meta property=\"og:site_name\" content=\"Holyart.fr Blog\" \/>\n<meta property=\"article:published_time\" content=\"2024-05-13T08:00:51+00:00\" \/>\n<meta property=\"article:modified_time\" content=\"2024-06-13T12:18:20+00:00\" \/>\n<meta property=\"og:image\" content=\"https:\/\/blog.holyart.it\/fr\/wp-content\/uploads\/sites\/14\/2024\/05\/le-jubile.jpg\" \/>\n\t<meta property=\"og:image:width\" content=\"1000\" \/>\n\t<meta property=\"og:image:height\" content=\"666\" \/>\n\t<meta property=\"og:image:type\" content=\"image\/jpeg\" \/>\n<meta name=\"author\" content=\"Redazione\" \/>\n<meta name=\"twitter:card\" content=\"summary_large_image\" \/>\n<meta name=\"twitter:label1\" content=\"\u00c9crit par\" \/>\n\t<meta name=\"twitter:data1\" content=\"Redazione\" \/>\n\t<meta name=\"twitter:label2\" content=\"Dur\u00e9e de lecture estim\u00e9e\" \/>\n\t<meta name=\"twitter:data2\" content=\"8 minutes\" \/>\n<script type=\"application\/ld+json\" class=\"yoast-schema-graph\">{\"@context\":\"https:\/\/schema.org\",\"@graph\":[{\"@type\":\"Article\",\"@id\":\"https:\/\/blog.holyart.it\/fr\/articles-religieux\/quest-ce-quest-le-jubile-preparons-nous-a-une-nouvelle-annee-sainte\/#article\",\"isPartOf\":{\"@id\":\"https:\/\/blog.holyart.it\/fr\/articles-religieux\/quest-ce-quest-le-jubile-preparons-nous-a-une-nouvelle-annee-sainte\/\"},\"author\":{\"name\":\"Redazione\",\"@id\":\"https:\/\/blog.holyart.it\/fr\/#\/schema\/person\/0a7b686e5af0f856ec1e390dd0baecda\"},\"headline\":\"Qu\u2019est-ce qu\u2019est le Jubil\u00e9 : pr\u00e9parons-nous \u00e0 une nouvelle ann\u00e9e sainte\",\"datePublished\":\"2024-05-13T08:00:51+00:00\",\"dateModified\":\"2024-06-13T12:18:20+00:00\",\"mainEntityOfPage\":{\"@id\":\"https:\/\/blog.holyart.it\/fr\/articles-religieux\/quest-ce-quest-le-jubile-preparons-nous-a-une-nouvelle-annee-sainte\/\"},\"wordCount\":1448,\"publisher\":{\"@id\":\"https:\/\/blog.holyart.it\/fr\/#organization\"},\"image\":{\"@id\":\"https:\/\/blog.holyart.it\/fr\/articles-religieux\/quest-ce-quest-le-jubile-preparons-nous-a-une-nouvelle-annee-sainte\/#primaryimage\"},\"thumbnailUrl\":\"https:\/\/blog.holyart.it\/fr\/wp-content\/uploads\/sites\/14\/2024\/05\/le-jubile.jpg\",\"articleSection\":[\"Jubil\u00e9 2025\",\"Religion\"],\"inLanguage\":\"fr-FR\"},{\"@type\":\"WebPage\",\"@id\":\"https:\/\/blog.holyart.it\/fr\/articles-religieux\/quest-ce-quest-le-jubile-preparons-nous-a-une-nouvelle-annee-sainte\/\",\"url\":\"https:\/\/blog.holyart.it\/fr\/articles-religieux\/quest-ce-quest-le-jubile-preparons-nous-a-une-nouvelle-annee-sainte\/\",\"name\":\"Qu\u2019est-ce qu\u2019est le Jubil\u00e9 : pr\u00e9parons-nous \u00e0 une nouvelle ann\u00e9e sainte - Holyart.fr Blog\",\"isPartOf\":{\"@id\":\"https:\/\/blog.holyart.it\/fr\/#website\"},\"primaryImageOfPage\":{\"@id\":\"https:\/\/blog.holyart.it\/fr\/articles-religieux\/quest-ce-quest-le-jubile-preparons-nous-a-une-nouvelle-annee-sainte\/#primaryimage\"},\"image\":{\"@id\":\"https:\/\/blog.holyart.it\/fr\/articles-religieux\/quest-ce-quest-le-jubile-preparons-nous-a-une-nouvelle-annee-sainte\/#primaryimage\"},\"thumbnailUrl\":\"https:\/\/blog.holyart.it\/fr\/wp-content\/uploads\/sites\/14\/2024\/05\/le-jubile.jpg\",\"datePublished\":\"2024-05-13T08:00:51+00:00\",\"dateModified\":\"2024-06-13T12:18:20+00:00\",\"description\":\"D\u00e9couvrons ce qu\u2019est le Jubil\u00e9, un \u00e9v\u00e9nement religieux sp\u00e9cial qui c\u00e9l\u00e8bre la mis\u00e9ricorde et le pardon de Dieu et offre l\u2019indulgence pl\u00e9ni\u00e8re.\",\"breadcrumb\":{\"@id\":\"https:\/\/blog.holyart.it\/fr\/articles-religieux\/quest-ce-quest-le-jubile-preparons-nous-a-une-nouvelle-annee-sainte\/#breadcrumb\"},\"inLanguage\":\"fr-FR\",\"potentialAction\":[{\"@type\":\"ReadAction\",\"target\":[\"https:\/\/blog.holyart.it\/fr\/articles-religieux\/quest-ce-quest-le-jubile-preparons-nous-a-une-nouvelle-annee-sainte\/\"]}]},{\"@type\":\"ImageObject\",\"inLanguage\":\"fr-FR\",\"@id\":\"https:\/\/blog.holyart.it\/fr\/articles-religieux\/quest-ce-quest-le-jubile-preparons-nous-a-une-nouvelle-annee-sainte\/#primaryimage\",\"url\":\"https:\/\/blog.holyart.it\/fr\/wp-content\/uploads\/sites\/14\/2024\/05\/le-jubile.jpg\",\"contentUrl\":\"https:\/\/blog.holyart.it\/fr\/wp-content\/uploads\/sites\/14\/2024\/05\/le-jubile.jpg\",\"width\":1000,\"height\":666,\"caption\":\"Qu\u2019est-ce qu\u2019est le Jubil\u00e9\"},{\"@type\":\"BreadcrumbList\",\"@id\":\"https:\/\/blog.holyart.it\/fr\/articles-religieux\/quest-ce-quest-le-jubile-preparons-nous-a-une-nouvelle-annee-sainte\/#breadcrumb\",\"itemListElement\":[{\"@type\":\"ListItem\",\"position\":1,\"name\":\"Homepage\",\"item\":\"https:\/\/blog.holyart.it\/fr\/\"},{\"@type\":\"ListItem\",\"position\":2,\"name\":\"Religion\",\"item\":\"https:\/\/blog.holyart.it\/fr\/articles-religieux\/\"},{\"@type\":\"ListItem\",\"position\":3,\"name\":\"Qu\u2019est-ce qu\u2019est le Jubil\u00e9 : pr\u00e9parons-nous \u00e0 une nouvelle ann\u00e9e sainte\"}]},{\"@type\":\"WebSite\",\"@id\":\"https:\/\/blog.holyart.it\/fr\/#website\",\"url\":\"https:\/\/blog.holyart.it\/fr\/\",\"name\":\"Holyart.fr Blog\",\"description\":\"Holyblog\",\"publisher\":{\"@id\":\"https:\/\/blog.holyart.it\/fr\/#organization\"},\"potentialAction\":[{\"@type\":\"SearchAction\",\"target\":{\"@type\":\"EntryPoint\",\"urlTemplate\":\"https:\/\/blog.holyart.it\/fr\/?s={search_term_string}\"},\"query-input\":{\"@type\":\"PropertyValueSpecification\",\"valueRequired\":true,\"valueName\":\"search_term_string\"}}],\"inLanguage\":\"fr-FR\"},{\"@type\":\"Organization\",\"@id\":\"https:\/\/blog.holyart.it\/fr\/#organization\",\"name\":\"Holyart.fr Blog\",\"url\":\"https:\/\/blog.holyart.it\/fr\/\",\"logo\":{\"@type\":\"ImageObject\",\"inLanguage\":\"fr-FR\",\"@id\":\"https:\/\/blog.holyart.it\/fr\/#\/schema\/logo\/image\/\",\"url\":\"https:\/\/blog.holyart.it\/fr\/wp-content\/uploads\/sites\/14\/2022\/12\/Holyart_Blog_Logo.jpg\",\"contentUrl\":\"https:\/\/blog.holyart.it\/fr\/wp-content\/uploads\/sites\/14\/2022\/12\/Holyart_Blog_Logo.jpg\",\"width\":300,\"height\":50,\"caption\":\"Holyart.fr Blog\"},\"image\":{\"@id\":\"https:\/\/blog.holyart.it\/fr\/#\/schema\/logo\/image\/\"}},{\"@type\":\"Person\",\"@id\":\"https:\/\/blog.holyart.it\/fr\/#\/schema\/person\/0a7b686e5af0f856ec1e390dd0baecda\",\"name\":\"Redazione\",\"image\":{\"@type\":\"ImageObject\",\"inLanguage\":\"fr-FR\",\"@id\":\"https:\/\/blog.holyart.it\/fr\/#\/schema\/person\/image\/\",\"url\":\"https:\/\/secure.gravatar.com\/avatar\/f477da817f43e50d0af36abecd33e3edf826c68299714bdc1057dff3b113f516?s=96&d=mm&r=g\",\"contentUrl\":\"https:\/\/secure.gravatar.com\/avatar\/f477da817f43e50d0af36abecd33e3edf826c68299714bdc1057dff3b113f516?s=96&d=mm&r=g\",\"caption\":\"Redazione\"},\"url\":\"https:\/\/blog.holyart.it\/fr\/author\/admin\/\"}]}<\/script>\n<!-- \/ Yoast SEO plugin. -->","yoast_head_json":{"title":"Qu\u2019est-ce qu\u2019est le Jubil\u00e9 : pr\u00e9parons-nous \u00e0 une nouvelle ann\u00e9e sainte - Holyart.fr Blog","description":"D\u00e9couvrons ce qu\u2019est le Jubil\u00e9, un \u00e9v\u00e9nement religieux sp\u00e9cial qui c\u00e9l\u00e8bre la mis\u00e9ricorde et le pardon de Dieu et offre l\u2019indulgence pl\u00e9ni\u00e8re.","robots":{"index":"index","follow":"follow","max-snippet":"max-snippet:-1","max-image-preview":"max-image-preview:large","max-video-preview":"max-video-preview:-1"},"canonical":"https:\/\/blog.holyart.it\/fr\/articles-religieux\/quest-ce-quest-le-jubile-preparons-nous-a-une-nouvelle-annee-sainte\/","og_locale":"fr_FR","og_type":"article","og_title":"Qu\u2019est-ce qu\u2019est le Jubil\u00e9 : pr\u00e9parons-nous \u00e0 une nouvelle ann\u00e9e sainte - Holyart.fr Blog","og_description":"D\u00e9couvrons ce qu\u2019est le Jubil\u00e9, un \u00e9v\u00e9nement religieux sp\u00e9cial qui c\u00e9l\u00e8bre la mis\u00e9ricorde et le pardon de Dieu et offre l\u2019indulgence pl\u00e9ni\u00e8re.","og_url":"https:\/\/blog.holyart.it\/fr\/articles-religieux\/quest-ce-quest-le-jubile-preparons-nous-a-une-nouvelle-annee-sainte\/","og_site_name":"Holyart.fr Blog","article_published_time":"2024-05-13T08:00:51+00:00","article_modified_time":"2024-06-13T12:18:20+00:00","og_image":[{"width":1000,"height":666,"url":"https:\/\/blog.holyart.it\/fr\/wp-content\/uploads\/sites\/14\/2024\/05\/le-jubile.jpg","type":"image\/jpeg"}],"author":"Redazione","twitter_card":"summary_large_image","twitter_misc":{"\u00c9crit par":"Redazione","Dur\u00e9e de lecture estim\u00e9e":"8 minutes"},"schema":{"@context":"https:\/\/schema.org","@graph":[{"@type":"Article","@id":"https:\/\/blog.holyart.it\/fr\/articles-religieux\/quest-ce-quest-le-jubile-preparons-nous-a-une-nouvelle-annee-sainte\/#article","isPartOf":{"@id":"https:\/\/blog.holyart.it\/fr\/articles-religieux\/quest-ce-quest-le-jubile-preparons-nous-a-une-nouvelle-annee-sainte\/"},"author":{"name":"Redazione","@id":"https:\/\/blog.holyart.it\/fr\/#\/schema\/person\/0a7b686e5af0f856ec1e390dd0baecda"},"headline":"Qu\u2019est-ce qu\u2019est le Jubil\u00e9 : pr\u00e9parons-nous \u00e0 une nouvelle ann\u00e9e sainte","datePublished":"2024-05-13T08:00:51+00:00","dateModified":"2024-06-13T12:18:20+00:00","mainEntityOfPage":{"@id":"https:\/\/blog.holyart.it\/fr\/articles-religieux\/quest-ce-quest-le-jubile-preparons-nous-a-une-nouvelle-annee-sainte\/"},"wordCount":1448,"publisher":{"@id":"https:\/\/blog.holyart.it\/fr\/#organization"},"image":{"@id":"https:\/\/blog.holyart.it\/fr\/articles-religieux\/quest-ce-quest-le-jubile-preparons-nous-a-une-nouvelle-annee-sainte\/#primaryimage"},"thumbnailUrl":"https:\/\/blog.holyart.it\/fr\/wp-content\/uploads\/sites\/14\/2024\/05\/le-jubile.jpg","articleSection":["Jubil\u00e9 2025","Religion"],"inLanguage":"fr-FR"},{"@type":"WebPage","@id":"https:\/\/blog.holyart.it\/fr\/articles-religieux\/quest-ce-quest-le-jubile-preparons-nous-a-une-nouvelle-annee-sainte\/","url":"https:\/\/blog.holyart.it\/fr\/articles-religieux\/quest-ce-quest-le-jubile-preparons-nous-a-une-nouvelle-annee-sainte\/","name":"Qu\u2019est-ce qu\u2019est le Jubil\u00e9 : pr\u00e9parons-nous \u00e0 une nouvelle ann\u00e9e sainte - Holyart.fr Blog","isPartOf":{"@id":"https:\/\/blog.holyart.it\/fr\/#website"},"primaryImageOfPage":{"@id":"https:\/\/blog.holyart.it\/fr\/articles-religieux\/quest-ce-quest-le-jubile-preparons-nous-a-une-nouvelle-annee-sainte\/#primaryimage"},"image":{"@id":"https:\/\/blog.holyart.it\/fr\/articles-religieux\/quest-ce-quest-le-jubile-preparons-nous-a-une-nouvelle-annee-sainte\/#primaryimage"},"thumbnailUrl":"https:\/\/blog.holyart.it\/fr\/wp-content\/uploads\/sites\/14\/2024\/05\/le-jubile.jpg","datePublished":"2024-05-13T08:00:51+00:00","dateModified":"2024-06-13T12:18:20+00:00","description":"D\u00e9couvrons ce qu\u2019est le Jubil\u00e9, un \u00e9v\u00e9nement religieux sp\u00e9cial qui c\u00e9l\u00e8bre la mis\u00e9ricorde et le pardon de Dieu et offre l\u2019indulgence pl\u00e9ni\u00e8re.","breadcrumb":{"@id":"https:\/\/blog.holyart.it\/fr\/articles-religieux\/quest-ce-quest-le-jubile-preparons-nous-a-une-nouvelle-annee-sainte\/#breadcrumb"},"inLanguage":"fr-FR","potentialAction":[{"@type":"ReadAction","target":["https:\/\/blog.holyart.it\/fr\/articles-religieux\/quest-ce-quest-le-jubile-preparons-nous-a-une-nouvelle-annee-sainte\/"]}]},{"@type":"ImageObject","inLanguage":"fr-FR","@id":"https:\/\/blog.holyart.it\/fr\/articles-religieux\/quest-ce-quest-le-jubile-preparons-nous-a-une-nouvelle-annee-sainte\/#primaryimage","url":"https:\/\/blog.holyart.it\/fr\/wp-content\/uploads\/sites\/14\/2024\/05\/le-jubile.jpg","contentUrl":"https:\/\/blog.holyart.it\/fr\/wp-content\/uploads\/sites\/14\/2024\/05\/le-jubile.jpg","width":1000,"height":666,"caption":"Qu\u2019est-ce qu\u2019est le Jubil\u00e9"},{"@type":"BreadcrumbList","@id":"https:\/\/blog.holyart.it\/fr\/articles-religieux\/quest-ce-quest-le-jubile-preparons-nous-a-une-nouvelle-annee-sainte\/#breadcrumb","itemListElement":[{"@type":"ListItem","position":1,"name":"Homepage","item":"https:\/\/blog.holyart.it\/fr\/"},{"@type":"ListItem","position":2,"name":"Religion","item":"https:\/\/blog.holyart.it\/fr\/articles-religieux\/"},{"@type":"ListItem","position":3,"name":"Qu\u2019est-ce qu\u2019est le Jubil\u00e9 : pr\u00e9parons-nous \u00e0 une nouvelle ann\u00e9e sainte"}]},{"@type":"WebSite","@id":"https:\/\/blog.holyart.it\/fr\/#website","url":"https:\/\/blog.holyart.it\/fr\/","name":"Holyart.fr Blog","description":"Holyblog","publisher":{"@id":"https:\/\/blog.holyart.it\/fr\/#organization"},"potentialAction":[{"@type":"SearchAction","target":{"@type":"EntryPoint","urlTemplate":"https:\/\/blog.holyart.it\/fr\/?s={search_term_string}"},"query-input":{"@type":"PropertyValueSpecification","valueRequired":true,"valueName":"search_term_string"}}],"inLanguage":"fr-FR"},{"@type":"Organization","@id":"https:\/\/blog.holyart.it\/fr\/#organization","name":"Holyart.fr Blog","url":"https:\/\/blog.holyart.it\/fr\/","logo":{"@type":"ImageObject","inLanguage":"fr-FR","@id":"https:\/\/blog.holyart.it\/fr\/#\/schema\/logo\/image\/","url":"https:\/\/blog.holyart.it\/fr\/wp-content\/uploads\/sites\/14\/2022\/12\/Holyart_Blog_Logo.jpg","contentUrl":"https:\/\/blog.holyart.it\/fr\/wp-content\/uploads\/sites\/14\/2022\/12\/Holyart_Blog_Logo.jpg","width":300,"height":50,"caption":"Holyart.fr Blog"},"image":{"@id":"https:\/\/blog.holyart.it\/fr\/#\/schema\/logo\/image\/"}},{"@type":"Person","@id":"https:\/\/blog.holyart.it\/fr\/#\/schema\/person\/0a7b686e5af0f856ec1e390dd0baecda","name":"Redazione","image":{"@type":"ImageObject","inLanguage":"fr-FR","@id":"https:\/\/blog.holyart.it\/fr\/#\/schema\/person\/image\/","url":"https:\/\/secure.gravatar.com\/avatar\/f477da817f43e50d0af36abecd33e3edf826c68299714bdc1057dff3b113f516?s=96&d=mm&r=g","contentUrl":"https:\/\/secure.gravatar.com\/avatar\/f477da817f43e50d0af36abecd33e3edf826c68299714bdc1057dff3b113f516?s=96&d=mm&r=g","caption":"Redazione"},"url":"https:\/\/blog.holyart.it\/fr\/author\/admin\/"}]}},"_links":{"self":[{"href":"https:\/\/blog.holyart.it\/fr\/wp-json\/wp\/v2\/posts\/8199","targetHints":{"allow":["GET"]}}],"collection":[{"href":"https:\/\/blog.holyart.it\/fr\/wp-json\/wp\/v2\/posts"}],"about":[{"href":"https:\/\/blog.holyart.it\/fr\/wp-json\/wp\/v2\/types\/post"}],"author":[{"embeddable":true,"href":"https:\/\/blog.holyart.it\/fr\/wp-json\/wp\/v2\/users\/1"}],"replies":[{"embeddable":true,"href":"https:\/\/blog.holyart.it\/fr\/wp-json\/wp\/v2\/comments?post=8199"}],"version-history":[{"count":5,"href":"https:\/\/blog.holyart.it\/fr\/wp-json\/wp\/v2\/posts\/8199\/revisions"}],"predecessor-version":[{"id":8389,"href":"https:\/\/blog.holyart.it\/fr\/wp-json\/wp\/v2\/posts\/8199\/revisions\/8389"}],"wp:featuredmedia":[{"embeddable":true,"href":"https:\/\/blog.holyart.it\/fr\/wp-json\/wp\/v2\/media\/8200"}],"wp:attachment":[{"href":"https:\/\/blog.holyart.it\/fr\/wp-json\/wp\/v2\/media?parent=8199"}],"wp:term":[{"taxonomy":"category","embeddable":true,"href":"https:\/\/blog.holyart.it\/fr\/wp-json\/wp\/v2\/categories?post=8199"},{"taxonomy":"post_tag","embeddable":true,"href":"https:\/\/blog.holyart.it\/fr\/wp-json\/wp\/v2\/tags?post=8199"}],"curies":[{"name":"wp","href":"https:\/\/api.w.org\/{rel}","templated":true}]}}