{"id":8127,"date":"2024-04-24T10:00:18","date_gmt":"2024-04-24T08:00:18","guid":{"rendered":"https:\/\/blog.holyart.it\/fr\/?p=8127"},"modified":"2024-07-17T14:56:58","modified_gmt":"2024-07-17T12:56:58","slug":"la-signification-du-logo-du-jubile-2025-pelerins-desperance","status":"publish","type":"post","link":"https:\/\/blog.holyart.it\/fr\/articles-religieux\/la-signification-du-logo-du-jubile-2025-pelerins-desperance\/","title":{"rendered":"La signification du logo du Jubil\u00e9 2025 : P\u00e8lerins d\u2019esp\u00e9rance"},"content":{"rendered":"<h4><em>Le logo du Jubil\u00e9 2025 vient d\u2019\u00eatre pr\u00e9sent\u00e9, choisi parmi presque trois cents propositions. Un symbole d\u2019esp\u00e9rance et de fraternit\u00e9 qui nous guidera dans le p\u00e8lerinage de foi de l\u2019Ann\u00e9e Sainte.<\/em><\/h4>\n\n<p>Pendant que les pr\u00e9paratifs pour l\u2019<a href=\"https:\/\/www.holyart.fr\/blog\/articles-religieux\/le-calendrier-des-evenements-du-jubile-2025\/\"><strong>Ann\u00e9e Sainte 2025<\/strong><\/a>, dont le tr\u00e8s riche calendrier a \u00e9t\u00e9 rendu public et l\u2019hymne a \u00e9t\u00e9 jou\u00e9 pour la premi\u00e8re fois, battent leur plein, commence \u00e0 se r\u00e9pandre \u00e9galement le <strong>logo du Jubil\u00e9<\/strong>. Il s\u2019agit d\u2019une image riche en symbolisme, qui repr\u00e9sente les th\u00e8mes centraux de l\u2019Ann\u00e9e Sainte : <strong>l\u2019esp\u00e9rance, la mis\u00e9ricorde et la fraternit\u00e9<\/strong>.<\/p>\n<p>Le logo a \u00e9t\u00e9 pr\u00e9sent\u00e9 le <strong>28 juin<\/strong> dernier, au cours de la conf\u00e9rence de presse qui s\u2019est tenue dans la Salle Royale du Palais Apostolique dans la Cit\u00e9 du Vatican, en la pr\u00e9sence de <strong>monseigneur Rino Fisichella<\/strong>, propr\u00e9fet du Dicast\u00e8re pour l\u2019\u00e9vang\u00e9lisation, et a \u00e9t\u00e9 accueilli avec enthousiasme par \u00e9v\u00eaques, pr\u00eatres et la\u00efcs.<\/p>\n<div class=\"link-article\">\n<p><img loading=\"lazy\" decoding=\"async\" class=\"size-full wp-image-8129 alignleft\" src=\"https:\/\/blog.holyart.it\/fr\/wp-content\/uploads\/sites\/14\/2024\/04\/Le-calendrier-des-evenements-du-Jubile-2025-1.jpg\" alt=\"Le calendrier des \u00e9v\u00e9nements du Jubil\u00e9 2025\" width=\"150\" height=\"99\" data-kale-share-title=\"La signification du logo du Jubil\u00e9 2025 : P\u00e8lerins d\u2019esp\u00e9rance\" data-kale-share-url=\"https:\/\/blog.holyart.it\/fr\/?p=8127\" \/><\/p>\n<div class=\"leggi-anche\">Lire aussi :<\/div>\n<p><strong><a href=\"https:\/\/www.holyart.fr\/blog\/articles-religieux\/le-calendrier-des-evenements-du-jubile-2025\/\">Le calendrier des \u00e9v\u00e9nements du Jubil\u00e9 2025<\/a><\/strong><br \/>\nLe calendrier des \u00e9v\u00e9nements du Jubil\u00e9 2025 a \u00e9t\u00e9 publi\u00e9 : douze mois d\u2019\u00e9v\u00e9nements et occasions pour approfondir la foi, vivre la communion fraternelle et marcher ensemble comme \u00ab\u00a0p\u00e8lerins de l\u2019esp\u00e9rance\u00a0\u00bb.<\/p>\n<\/div>\n<p>Il s\u2019agit, en effet, d\u2019une <strong>image simple et universelle<\/strong>, qui peut \u00eatre comprise par des personnes de <strong>toutes les cultures et religions<\/strong> et qui contient une <strong>invitation \u00e0 tous \u00e0 marcher ensemble<\/strong> vers un futur meilleur, <strong>guid\u00e9s par la foi<\/strong> et par la volont\u00e9 de <strong>construire un monde meilleur <\/strong>au nom de la mis\u00e9ricorde et de la fraternit\u00e9. Un espoir qui est soulign\u00e9 par la <strong>devise du <\/strong><a href=\"https:\/\/www.holyart.fr\/jubile-2025-pelerins-desperance\"><strong>Jubil\u00e9 2025<\/strong><\/a>, bien visible en vert dans la partie inf\u00e9rieure du logo\u00a0: <em>Peregrinantes in Spem<\/em>, \u00ab\u00a0<strong>P\u00e8lerins dans l\u2019esp\u00e9rance<\/strong>\u00a0\u00bb.<\/p>\n<p>Car ce sera justement l\u2019<strong>esp\u00e9rance<\/strong> qui sera le fil conducteur de l\u2019Ann\u00e9e Sainte 2025<\/p>\n<p>Mais voyons dans le d\u00e9tail ce que repr\u00e9sente le logo du Jubil\u00e9 et quelle est sa signification.<\/p>\n<div class=\"link-product\">\n<div class=\"blocco-immagine\"><img loading=\"lazy\" decoding=\"async\" class=\"size-full wp-image-8130 alignleft\" src=\"https:\/\/blog.holyart.it\/fr\/wp-content\/uploads\/sites\/14\/2024\/04\/Jubile-2025-Pelerins-desperance.jpg\" alt=\"Jubil\u00e9 2025 P\u00e8lerins d'esp\u00e9rance\" width=\"100\" height=\"100\" data-kale-share-title=\"La signification du logo du Jubil\u00e9 2025 : P\u00e8lerins d\u2019esp\u00e9rance\" data-kale-share-url=\"https:\/\/blog.holyart.it\/fr\/?p=8127\" \/><\/div>\n<div class=\"blocco-contenuto\">\n<div class=\"blocco-acquista\">Acheter sur Holyart:<\/div>\n<div class=\"blocco-titolo\"><a href=\"https:\/\/www.holyart.fr\/jubile-2025-pelerins-desperance\">Jubil\u00e9 2025 P\u00e8lerins d&rsquo;esp\u00e9rance<\/a><\/div>\n<div class=\"blocco-descrizione\">Articles con\u00e7us pour c\u00e9l\u00e9brer le prochain Jubil\u00e9 2025 \u00e0 Rome<\/div>\n<\/div>\n<\/div>\n<h2>Logo du Jubil\u00e9 : signification<\/h2>\n<p>Le logo choisi pour l\u2019Ann\u00e9e Saint repr\u00e9sente <strong>quatre figures stylis\u00e9es<\/strong> et gracieuses, de quatre couleurs qui rappellent les nuances de l\u2019arc-en-ciel : <strong>rouge, orange, vert et bleu<\/strong>. Le choix des couleurs n\u2019est pas un hasard, tout comme la <strong>couleur des <\/strong><a href=\"https:\/\/www.holyart.fr\/jubile-2025-pelerins-desperance\/chasuble-brodee-avec-etole-logo-officiel-jubile-2025-rome\"><strong>v\u00eatements liturgiques<\/strong><\/a> au cours de l\u2019ann\u00e9e liturgique. Le <strong>rouge<\/strong> symbolise l\u2019amour, la passion et le don de soi, le sacrifice de Christ et Son amour infini pour l\u2019humanit\u00e9, mais aussi le feu du Saint-Esprit et Sa force qui anime les chr\u00e9tiens. L\u2019<strong>orange <\/strong>exprime la joie, la vitalit\u00e9 et l\u2019enthousiasme, la lumi\u00e8re qui illumine le chemin de foi. Le <strong>vert<\/strong> est universellement reconnu comme la couleur de l\u2019esp\u00e9rance, de la croissance et de la renaissance. Enfin, le bleu symbolise la foi, la paix et la tranquillit\u00e9, il rappelle le ciel et la spiritualit\u00e9 et invite \u00e0 la contemplation et \u00e0 la pri\u00e8re.<\/p>\n<div class=\"link-product\">\n<div class=\"blocco-immagine\"><img loading=\"lazy\" decoding=\"async\" class=\"size-full wp-image-8131 alignleft\" src=\"https:\/\/blog.holyart.it\/fr\/wp-content\/uploads\/sites\/14\/2024\/04\/Chasuble-brodee-avec-etole-logo-officiel-Jubile-2025-Rome.jpg\" alt=\"Chasuble brod\u00e9e avec \u00e9tole logo officiel Jubil\u00e9 2025 Rome\" width=\"100\" height=\"100\" data-kale-share-title=\"La signification du logo du Jubil\u00e9 2025 : P\u00e8lerins d\u2019esp\u00e9rance\" data-kale-share-url=\"https:\/\/blog.holyart.it\/fr\/?p=8127\" \/><\/div>\n<div class=\"blocco-contenuto\">\n<div class=\"blocco-acquista\">Acheter sur Holyart:<\/div>\n<div class=\"blocco-titolo\"><a href=\"https:\/\/www.holyart.fr\/jubile-2025-pelerins-desperance\/chasuble-brodee-avec-etole-logo-officiel-jubile-2025-rome\">Chasuble brod\u00e9e avec \u00e9tole logo officiel Jubil\u00e9 2025 Rome<\/a><\/div>\n<div class=\"blocco-descrizione\">Accompagn\u00e9e d&rsquo;une \u00e9tole avec croix brod\u00e9e en or, de couleur assortie.<\/div>\n<\/div>\n<\/div>\n<p>Les quatre figures repr\u00e9sentent <strong>l\u2019humanit\u00e9 enti\u00e8re<\/strong>, dans ses diff\u00e9rences et ses similitudes. Elles avancent <strong>en s\u2019enla\u00e7ant<\/strong>, \u00e0 exprimer la <strong>solidarit\u00e9 et la fraternit\u00e9<\/strong> qui devraient unir les peuples du monde. \u00c0 les guider est la figure rouge, accroch\u00e9e \u00e0 une <strong>Croix<\/strong> form\u00e9e par une courbe noire qui se termine, dans la partie inf\u00e9rieure, par une <strong>ancre<\/strong>. La Croix qui n\u2019est pas rigide, n\u2019est pas statique, mais se fl\u00e9chit vers l\u2019humanit\u00e9, comme \u00e0 vouloir l\u2019<strong>embrasser<\/strong>.\u00a0 Quant \u00e0 l\u2019ancre, c\u2019est Monseigneur Fisichella en personne qui en a expliqu\u00e9 la signification\u00a0: \u00ab\u00a0<em>L\u2019ancre a souvent \u00e9t\u00e9 utilis\u00e9e comme une m\u00e9taphore de l\u2019esp\u00e9rance. L\u2019ancre de l\u2019esp\u00e9rance, en effet, est le nom donn\u00e9 dans le jargon des marins \u00e0 l\u2019ancre de r\u00e9serve, utilis\u00e9e par les navires pour effectuer des man\u0153uvres d\u2019urgence afin de stabiliser le navire pendant les temp\u00eates<\/em>\u00a0\u00bb. Le sens de ce symbole dans le logo du Jubil\u00e9 est clair\u00a0: c\u2019est justement dans les moments les plus difficiles qu\u2019il faut s\u2019en remettre \u00e0 une ancre qui nous apporte la s\u00e9curit\u00e9 et qui nous garantit le salut, et quelle meilleure ancre que la <strong>Croix, symbole de Christ <\/strong>et de Son amour infini pour nous tous\u00a0? La pr\u00e9sence de <strong>petites vagues agit\u00e9es<\/strong> dans la partie inf\u00e9rieure du logo confirme l\u2019existence de dangers et obstacles, de ces vicissitudes personnelles et \u00e9v\u00e9nements du monde qui rendent la vie de chacun de nous parfois difficile.<\/p>\n<p>Voici que le logo, dans son enti\u00e8ret\u00e9, assume une signification claire, et le Jubil\u00e9, avec ses douze mois de c\u00e9r\u00e9monies et initiatives, devient un <a href=\"https:\/\/www.holyart.fr\/blog\/articles-religieux\/5-lieux-de-pelerinage-ou-se-rendre-au-moins-une-fois-dans-sa-vie\/\"><strong>long p\u00e8lerinage<\/strong><\/a> \u00e0 affronter tous ensembles, comme des fr\u00e8res, vers le salut, guid\u00e9s par la Croix et par l\u2019esp\u00e9rance du salut promis par Dieu.<\/p>\n<div class=\"link-article\">\n<p><img loading=\"lazy\" decoding=\"async\" class=\"size-full wp-image-8132 alignleft\" src=\"https:\/\/blog.holyart.it\/fr\/wp-content\/uploads\/sites\/14\/2024\/04\/5-lieux-de-pelerinage.jpeg\" alt=\"5 lieux de p\u00e8lerinage\" width=\"150\" height=\"99\" data-kale-share-title=\"La signification du logo du Jubil\u00e9 2025 : P\u00e8lerins d\u2019esp\u00e9rance\" data-kale-share-url=\"https:\/\/blog.holyart.it\/fr\/?p=8127\" \/><\/p>\n<div class=\"leggi-anche\">Lire aussi :<\/div>\n<p><strong><a href=\"https:\/\/www.holyart.fr\/blog\/articles-religieux\/5-lieux-de-pelerinage-ou-se-rendre-au-moins-une-fois-dans-sa-vie\/\">5 lieux de p\u00e8lerinage o\u00f9 se rendre au moins une fois dans sa vie<\/a><\/strong><br \/>\nL\u2019action de Dieu sur cette Terre laisse une marque forte et qui nous attire : voici cinq p\u00e8lerinages de foi \u00e0 faire au moins une fois dans la vie.<\/p>\n<\/div>\n<h2>Th\u00e8me : P\u00e8lerins d\u2019esp\u00e9rance<\/h2>\n<p>Le th\u00e8me du Jubil\u00e9 \u00e0 Rome est enti\u00e8rement contenu dans la devise mentionn\u00e9e ci-dessus : \u00ab\u00a0<strong>P\u00e8lerins dans l\u2019esp\u00e9rance<\/strong>\u00a0\u00bb. En parlant du th\u00e8me choisi pour le prochain Jubil\u00e9, Pape Fran\u00e7ois a soulign\u00e9 l\u2019importance d\u2019une r\u00e9flexion spirituelle plus profonde sur la <strong>Mis\u00e9ricorde<\/strong>, en encourageant la <strong>pri\u00e8re<\/strong> et une conscience plus approfondie de la volont\u00e9 divine dans nos vies quotidiennes \u00e0 travers des <strong>actions concr\u00e8tes de compassion, pardon et solidarit\u00e9<\/strong>. En outre, le Pape a recommand\u00e9 \u00e0 tous de <strong>d\u00e9dier l\u2019ann\u00e9e 2024 \u00e0 la pri\u00e8re<\/strong>, en pr\u00e9paration au Jubil\u00e9, en m\u00e9ditant sur la mis\u00e9ricorde de Dieu P\u00e8re et sur notre r\u00f4le de t\u00e9moins et promoteurs actifs de la mis\u00e9ricorde dans le monde moderne.<\/p>\n<div class=\"link-product\">\n<div class=\"blocco-immagine\"><img loading=\"lazy\" decoding=\"async\" class=\"size-full wp-image-8393 alignleft\" src=\"https:\/\/blog.holyart.it\/fr\/wp-content\/uploads\/sites\/14\/2024\/04\/Sac-a-dos-du-pelerin-kit-complet-Jubile-2025.jpg\" alt=\"Sac \u00e0 dos du p\u00e8lerin kit complet Jubil\u00e9 2025\" width=\"100\" height=\"100\" data-kale-share-title=\"La signification du logo du Jubil\u00e9 2025 : P\u00e8lerins d\u2019esp\u00e9rance\" data-kale-share-url=\"https:\/\/blog.holyart.it\/fr\/articles-religieux\/la-signification-du-logo-du-jubile-2025-pelerins-desperance\/\" \/><\/div>\n<div class=\"blocco-contenuto\">\n<div class=\"blocco-acquista\">Acheter sur Holyart:<\/div>\n<div class=\"blocco-titolo\"><a href=\"https:\/\/www.holyart.fr\/jubile-2025-pelerins-desperance\/kit-du-pelerin-et-gadgets-du-jubile-2025\/sac-a-dos-du-pelerin-kit-complet-jubile-2025\">Sac \u00e0 dos du p\u00e8lerin kit complet Jubil\u00e9 2025 <\/a><\/div>\n<div class=\"blocco-descrizione\">Kit du p\u00e8lerin con\u00e7u pour enrichir et faciliter le p\u00e8lerinage du Jubil\u00e9.<\/div>\n<\/div>\n<\/div>\n<p>Cette devise sonne comme une invitation \u00e0 marcher ensemble, adress\u00e9e \u00e0 tous les chr\u00e9tiens et aux hommes, afin d\u2019avancer unis vers un futur meilleur, bas\u00e9 sur l\u2019esp\u00e9rance, la mis\u00e9ricorde et la fraternit\u00e9, un voyage continu \u00e0 la recherche de Dieu et de son salut. L\u2019id\u00e9e m\u00eame de <a href=\"https:\/\/www.holyart.fr\/blog\/articles-religieux\/pelerinage-a-rome-parmi-les-destinations-preferees-des-chretiens\/\"><strong>p\u00e8lerinage<\/strong><\/a> sugg\u00e8re la dimension communautaire de l\u2019\u00c9glise\u00a0: nous sommes tous en route ensemble, personne n\u2019est seul dans sa recherche de salut, dans sa volont\u00e9 de se r\u00e9concilier avec Dieu et avec son prochain. Au contraire, le p\u00e8lerinage est justement une occasion pour t\u00e9moigner de la joie de l\u2019\u00c9vangile, partager sa foi avec le monde et construire un futur de paix et de fraternit\u00e9 pour tous.<\/p>\n<div class=\"link-article\">\n<p><img loading=\"lazy\" decoding=\"async\" class=\"size-full wp-image-8133 alignleft\" src=\"https:\/\/blog.holyart.it\/fr\/wp-content\/uploads\/sites\/14\/2024\/04\/Pelerinage-a-Rome.jpg\" alt=\"P\u00e8lerinage \u00e0 Rome\" width=\"150\" height=\"99\" data-kale-share-title=\"La signification du logo du Jubil\u00e9 2025 : P\u00e8lerins d\u2019esp\u00e9rance\" data-kale-share-url=\"https:\/\/blog.holyart.it\/fr\/?p=8127\" \/><\/p>\n<div class=\"leggi-anche\">Lire aussi :<\/div>\n<p><strong><a href=\"https:\/\/www.holyart.fr\/blog\/articles-religieux\/pelerinage-a-rome-parmi-les-destinations-preferees-des-chretiens\/\">P\u00e8lerinage \u00e0 Rome : parmi les destinations pr\u00e9f\u00e9r\u00e9es des chr\u00e9tiens<\/a><\/strong><br \/>\nUn p\u00e8lerinage \u00e0 Rome est depuis toujours une des exp\u00e9riences spirituelles les plus significatives pour les chr\u00e9tiens du monde entier.<\/p>\n<\/div>\n<h2>Auteur du logo du Jubil\u00e9 2025<\/h2>\n<p>Afin de choisir le logo du Jubil\u00e9, un <strong>Concours international<\/strong>, auquel ont pris part 294 participants de 48 pays diff\u00e9rents, a \u00e9t\u00e9 organis\u00e9. Le concours n\u2019\u00e9tait pas uniquement adress\u00e9 aux graphiste et designers, mais \u00e0 quiconque souhaitait participer en pr\u00e9sentant sa proposition. Il y a \u00e9galement eu de nombreux dessins faits \u00e0 la main par des enfants et la tranche d\u2019\u00e2ge des participants allait des 6 aux 83 ans. \u00c0 la fin, les trois projets arriv\u00e9s \u00e0 la s\u00e9lection finale ont \u00e9t\u00e9 soumis \u00e0 Pape Fran\u00e7ois, afin qu\u2019il choisisse celui qui, \u00e0 son avis, \u00e9t\u00e9 le plus appropri\u00e9.<\/p>\n<p>C\u2019est <strong>Giacomo Trevisani<\/strong>, jeune graphiste des Pouilles, qui a remport\u00e9 la victoire et a expliqu\u00e9 son choix graphique et l\u2019\u00e9tude derri\u00e8re la cr\u00e9ation du logo avec ces mots\u00a0: \u00ab\u00a0<em>J\u2019ai imagin\u00e9 des gens de chaque couleur se d\u00e9pla\u00e7ant de chaque coin de la terre vers un futur commun, et vers une Croix qui est J\u00e9sus lui-m\u00eame. J\u2019ai imagin\u00e9 le Pape conduisant l\u2019humanit\u00e9 \u00e0 travers une Croix qui devient ancre, et nous tous nous serrant contre lui, symbolisant les p\u00e8lerins de tous les temps<\/em>\u00a0\u00bb.<\/p>\n<p>Un \u00e9tendard appropri\u00e9 pour guider les chr\u00e9tiens du monde entier et l\u2019humanit\u00e9 enti\u00e8re \u00e0 travers cette ann\u00e9e d\u2019\u00e9v\u00e9nements jubilaires et ces initiatives plan\u00e9taires, afin d\u2019essayer de rendre notre monde un endroit meilleur pour les g\u00e9n\u00e9rations \u00e0 venir, illumin\u00e9s par l\u2019esp\u00e9rance et rassur\u00e9s par l\u2019amour et la promesse de Dieu.<\/p>\n","protected":false},"excerpt":{"rendered":"<p>Le logo du Jubil\u00e9 2025 vient d\u2019\u00eatre pr\u00e9sent\u00e9, choisi parmi presque trois cents propositions. Un symbole d\u2019esp\u00e9rance et de fraternit\u00e9 qui nous guidera dans le p\u00e8lerinage de foi de l\u2019Ann\u00e9e Sainte. Pendant que les pr\u00e9paratifs pour l\u2019Ann\u00e9e Sainte 2025, dont le tr\u00e8s riche calendrier a&hellip;<\/p>\n","protected":false},"author":1,"featured_media":8135,"comment_status":"closed","ping_status":"open","sticky":false,"template":"","format":"standard","meta":{"_acf_changed":false,"footnotes":""},"categories":[13,8],"tags":[],"class_list":["post-8127","post","type-post","status-publish","format-standard","has-post-thumbnail","hentry","category-jubile-2025","category-articles-religieux"],"acf":[],"yoast_head":"<!-- This site is optimized with the Yoast SEO plugin v26.6 - https:\/\/yoast.com\/wordpress\/plugins\/seo\/ -->\n<title>La signification du logo du Jubil\u00e9 2025 : P\u00e8lerins d\u2019esp\u00e9rance - Holyart.fr Blog<\/title>\n<meta name=\"description\" content=\"Le logo du Jubil\u00e9 2025 est un \u00e9tendard d\u2019esp\u00e9rance et de volont\u00e9 d\u2019avancer ensemble, unis dans la promesse du salut, p\u00e8lerins de foi...\" \/>\n<meta name=\"robots\" content=\"index, follow, max-snippet:-1, max-image-preview:large, max-video-preview:-1\" \/>\n<link rel=\"canonical\" href=\"https:\/\/blog.holyart.it\/fr\/articles-religieux\/la-signification-du-logo-du-jubile-2025-pelerins-desperance\/\" \/>\n<meta property=\"og:locale\" content=\"fr_FR\" \/>\n<meta property=\"og:type\" content=\"article\" \/>\n<meta property=\"og:title\" content=\"La signification du logo du Jubil\u00e9 2025 : P\u00e8lerins d\u2019esp\u00e9rance - Holyart.fr Blog\" \/>\n<meta property=\"og:description\" content=\"Le logo du Jubil\u00e9 2025 est un \u00e9tendard d\u2019esp\u00e9rance et de volont\u00e9 d\u2019avancer ensemble, unis dans la promesse du salut, p\u00e8lerins de foi...\" \/>\n<meta property=\"og:url\" content=\"https:\/\/blog.holyart.it\/fr\/articles-religieux\/la-signification-du-logo-du-jubile-2025-pelerins-desperance\/\" \/>\n<meta property=\"og:site_name\" content=\"Holyart.fr Blog\" \/>\n<meta property=\"article:published_time\" content=\"2024-04-24T08:00:18+00:00\" \/>\n<meta property=\"article:modified_time\" content=\"2024-07-17T12:56:58+00:00\" \/>\n<meta property=\"og:image\" content=\"https:\/\/blog.holyart.it\/fr\/wp-content\/uploads\/sites\/14\/2024\/04\/La-signification-du-logo-du-Jubile-2025-Pelerins-desperance.jpg\" \/>\n\t<meta property=\"og:image:width\" content=\"1000\" \/>\n\t<meta property=\"og:image:height\" content=\"666\" \/>\n\t<meta property=\"og:image:type\" content=\"image\/jpeg\" \/>\n<meta name=\"author\" content=\"Redazione\" \/>\n<meta name=\"twitter:card\" content=\"summary_large_image\" \/>\n<meta name=\"twitter:label1\" content=\"\u00c9crit par\" \/>\n\t<meta name=\"twitter:data1\" content=\"Redazione\" \/>\n\t<meta name=\"twitter:label2\" content=\"Dur\u00e9e de lecture estim\u00e9e\" \/>\n\t<meta name=\"twitter:data2\" content=\"9 minutes\" \/>\n<script type=\"application\/ld+json\" class=\"yoast-schema-graph\">{\"@context\":\"https:\/\/schema.org\",\"@graph\":[{\"@type\":\"Article\",\"@id\":\"https:\/\/blog.holyart.it\/fr\/articles-religieux\/la-signification-du-logo-du-jubile-2025-pelerins-desperance\/#article\",\"isPartOf\":{\"@id\":\"https:\/\/blog.holyart.it\/fr\/articles-religieux\/la-signification-du-logo-du-jubile-2025-pelerins-desperance\/\"},\"author\":{\"name\":\"Redazione\",\"@id\":\"https:\/\/blog.holyart.it\/fr\/#\/schema\/person\/0a7b686e5af0f856ec1e390dd0baecda\"},\"headline\":\"La signification du logo du Jubil\u00e9 2025 : P\u00e8lerins d\u2019esp\u00e9rance\",\"datePublished\":\"2024-04-24T08:00:18+00:00\",\"dateModified\":\"2024-07-17T12:56:58+00:00\",\"mainEntityOfPage\":{\"@id\":\"https:\/\/blog.holyart.it\/fr\/articles-religieux\/la-signification-du-logo-du-jubile-2025-pelerins-desperance\/\"},\"wordCount\":1498,\"publisher\":{\"@id\":\"https:\/\/blog.holyart.it\/fr\/#organization\"},\"image\":{\"@id\":\"https:\/\/blog.holyart.it\/fr\/articles-religieux\/la-signification-du-logo-du-jubile-2025-pelerins-desperance\/#primaryimage\"},\"thumbnailUrl\":\"https:\/\/blog.holyart.it\/fr\/wp-content\/uploads\/sites\/14\/2024\/04\/La-signification-du-logo-du-Jubile-2025-Pelerins-desperance.jpg\",\"articleSection\":[\"Jubil\u00e9 2025\",\"Religion\"],\"inLanguage\":\"fr-FR\"},{\"@type\":\"WebPage\",\"@id\":\"https:\/\/blog.holyart.it\/fr\/articles-religieux\/la-signification-du-logo-du-jubile-2025-pelerins-desperance\/\",\"url\":\"https:\/\/blog.holyart.it\/fr\/articles-religieux\/la-signification-du-logo-du-jubile-2025-pelerins-desperance\/\",\"name\":\"La signification du logo du Jubil\u00e9 2025 : P\u00e8lerins d\u2019esp\u00e9rance - Holyart.fr Blog\",\"isPartOf\":{\"@id\":\"https:\/\/blog.holyart.it\/fr\/#website\"},\"primaryImageOfPage\":{\"@id\":\"https:\/\/blog.holyart.it\/fr\/articles-religieux\/la-signification-du-logo-du-jubile-2025-pelerins-desperance\/#primaryimage\"},\"image\":{\"@id\":\"https:\/\/blog.holyart.it\/fr\/articles-religieux\/la-signification-du-logo-du-jubile-2025-pelerins-desperance\/#primaryimage\"},\"thumbnailUrl\":\"https:\/\/blog.holyart.it\/fr\/wp-content\/uploads\/sites\/14\/2024\/04\/La-signification-du-logo-du-Jubile-2025-Pelerins-desperance.jpg\",\"datePublished\":\"2024-04-24T08:00:18+00:00\",\"dateModified\":\"2024-07-17T12:56:58+00:00\",\"description\":\"Le logo du Jubil\u00e9 2025 est un \u00e9tendard d\u2019esp\u00e9rance et de volont\u00e9 d\u2019avancer ensemble, unis dans la promesse du salut, p\u00e8lerins de foi...\",\"breadcrumb\":{\"@id\":\"https:\/\/blog.holyart.it\/fr\/articles-religieux\/la-signification-du-logo-du-jubile-2025-pelerins-desperance\/#breadcrumb\"},\"inLanguage\":\"fr-FR\",\"potentialAction\":[{\"@type\":\"ReadAction\",\"target\":[\"https:\/\/blog.holyart.it\/fr\/articles-religieux\/la-signification-du-logo-du-jubile-2025-pelerins-desperance\/\"]}]},{\"@type\":\"ImageObject\",\"inLanguage\":\"fr-FR\",\"@id\":\"https:\/\/blog.holyart.it\/fr\/articles-religieux\/la-signification-du-logo-du-jubile-2025-pelerins-desperance\/#primaryimage\",\"url\":\"https:\/\/blog.holyart.it\/fr\/wp-content\/uploads\/sites\/14\/2024\/04\/La-signification-du-logo-du-Jubile-2025-Pelerins-desperance.jpg\",\"contentUrl\":\"https:\/\/blog.holyart.it\/fr\/wp-content\/uploads\/sites\/14\/2024\/04\/La-signification-du-logo-du-Jubile-2025-Pelerins-desperance.jpg\",\"width\":1000,\"height\":666,\"caption\":\"La signification du logo du Jubil\u00e9 2025 P\u00e8lerins d\u2019esp\u00e9rance\"},{\"@type\":\"BreadcrumbList\",\"@id\":\"https:\/\/blog.holyart.it\/fr\/articles-religieux\/la-signification-du-logo-du-jubile-2025-pelerins-desperance\/#breadcrumb\",\"itemListElement\":[{\"@type\":\"ListItem\",\"position\":1,\"name\":\"Homepage\",\"item\":\"https:\/\/blog.holyart.it\/fr\/\"},{\"@type\":\"ListItem\",\"position\":2,\"name\":\"Jubil\u00e9 2025\",\"item\":\"https:\/\/blog.holyart.it\/fr\/jubile-2025\/\"},{\"@type\":\"ListItem\",\"position\":3,\"name\":\"La signification du logo du Jubil\u00e9 2025 : P\u00e8lerins d\u2019esp\u00e9rance\"}]},{\"@type\":\"WebSite\",\"@id\":\"https:\/\/blog.holyart.it\/fr\/#website\",\"url\":\"https:\/\/blog.holyart.it\/fr\/\",\"name\":\"Holyart.fr Blog\",\"description\":\"Holyblog\",\"publisher\":{\"@id\":\"https:\/\/blog.holyart.it\/fr\/#organization\"},\"potentialAction\":[{\"@type\":\"SearchAction\",\"target\":{\"@type\":\"EntryPoint\",\"urlTemplate\":\"https:\/\/blog.holyart.it\/fr\/?s={search_term_string}\"},\"query-input\":{\"@type\":\"PropertyValueSpecification\",\"valueRequired\":true,\"valueName\":\"search_term_string\"}}],\"inLanguage\":\"fr-FR\"},{\"@type\":\"Organization\",\"@id\":\"https:\/\/blog.holyart.it\/fr\/#organization\",\"name\":\"Holyart.fr Blog\",\"url\":\"https:\/\/blog.holyart.it\/fr\/\",\"logo\":{\"@type\":\"ImageObject\",\"inLanguage\":\"fr-FR\",\"@id\":\"https:\/\/blog.holyart.it\/fr\/#\/schema\/logo\/image\/\",\"url\":\"https:\/\/blog.holyart.it\/fr\/wp-content\/uploads\/sites\/14\/2022\/12\/Holyart_Blog_Logo.jpg\",\"contentUrl\":\"https:\/\/blog.holyart.it\/fr\/wp-content\/uploads\/sites\/14\/2022\/12\/Holyart_Blog_Logo.jpg\",\"width\":300,\"height\":50,\"caption\":\"Holyart.fr Blog\"},\"image\":{\"@id\":\"https:\/\/blog.holyart.it\/fr\/#\/schema\/logo\/image\/\"}},{\"@type\":\"Person\",\"@id\":\"https:\/\/blog.holyart.it\/fr\/#\/schema\/person\/0a7b686e5af0f856ec1e390dd0baecda\",\"name\":\"Redazione\",\"image\":{\"@type\":\"ImageObject\",\"inLanguage\":\"fr-FR\",\"@id\":\"https:\/\/blog.holyart.it\/fr\/#\/schema\/person\/image\/\",\"url\":\"https:\/\/secure.gravatar.com\/avatar\/f477da817f43e50d0af36abecd33e3edf826c68299714bdc1057dff3b113f516?s=96&d=mm&r=g\",\"contentUrl\":\"https:\/\/secure.gravatar.com\/avatar\/f477da817f43e50d0af36abecd33e3edf826c68299714bdc1057dff3b113f516?s=96&d=mm&r=g\",\"caption\":\"Redazione\"},\"url\":\"https:\/\/blog.holyart.it\/fr\/author\/admin\/\"}]}<\/script>\n<!-- \/ Yoast SEO plugin. -->","yoast_head_json":{"title":"La signification du logo du Jubil\u00e9 2025 : P\u00e8lerins d\u2019esp\u00e9rance - Holyart.fr Blog","description":"Le logo du Jubil\u00e9 2025 est un \u00e9tendard d\u2019esp\u00e9rance et de volont\u00e9 d\u2019avancer ensemble, unis dans la promesse du salut, p\u00e8lerins de foi...","robots":{"index":"index","follow":"follow","max-snippet":"max-snippet:-1","max-image-preview":"max-image-preview:large","max-video-preview":"max-video-preview:-1"},"canonical":"https:\/\/blog.holyart.it\/fr\/articles-religieux\/la-signification-du-logo-du-jubile-2025-pelerins-desperance\/","og_locale":"fr_FR","og_type":"article","og_title":"La signification du logo du Jubil\u00e9 2025 : P\u00e8lerins d\u2019esp\u00e9rance - Holyart.fr Blog","og_description":"Le logo du Jubil\u00e9 2025 est un \u00e9tendard d\u2019esp\u00e9rance et de volont\u00e9 d\u2019avancer ensemble, unis dans la promesse du salut, p\u00e8lerins de foi...","og_url":"https:\/\/blog.holyart.it\/fr\/articles-religieux\/la-signification-du-logo-du-jubile-2025-pelerins-desperance\/","og_site_name":"Holyart.fr Blog","article_published_time":"2024-04-24T08:00:18+00:00","article_modified_time":"2024-07-17T12:56:58+00:00","og_image":[{"width":1000,"height":666,"url":"https:\/\/blog.holyart.it\/fr\/wp-content\/uploads\/sites\/14\/2024\/04\/La-signification-du-logo-du-Jubile-2025-Pelerins-desperance.jpg","type":"image\/jpeg"}],"author":"Redazione","twitter_card":"summary_large_image","twitter_misc":{"\u00c9crit par":"Redazione","Dur\u00e9e de lecture estim\u00e9e":"9 minutes"},"schema":{"@context":"https:\/\/schema.org","@graph":[{"@type":"Article","@id":"https:\/\/blog.holyart.it\/fr\/articles-religieux\/la-signification-du-logo-du-jubile-2025-pelerins-desperance\/#article","isPartOf":{"@id":"https:\/\/blog.holyart.it\/fr\/articles-religieux\/la-signification-du-logo-du-jubile-2025-pelerins-desperance\/"},"author":{"name":"Redazione","@id":"https:\/\/blog.holyart.it\/fr\/#\/schema\/person\/0a7b686e5af0f856ec1e390dd0baecda"},"headline":"La signification du logo du Jubil\u00e9 2025 : P\u00e8lerins d\u2019esp\u00e9rance","datePublished":"2024-04-24T08:00:18+00:00","dateModified":"2024-07-17T12:56:58+00:00","mainEntityOfPage":{"@id":"https:\/\/blog.holyart.it\/fr\/articles-religieux\/la-signification-du-logo-du-jubile-2025-pelerins-desperance\/"},"wordCount":1498,"publisher":{"@id":"https:\/\/blog.holyart.it\/fr\/#organization"},"image":{"@id":"https:\/\/blog.holyart.it\/fr\/articles-religieux\/la-signification-du-logo-du-jubile-2025-pelerins-desperance\/#primaryimage"},"thumbnailUrl":"https:\/\/blog.holyart.it\/fr\/wp-content\/uploads\/sites\/14\/2024\/04\/La-signification-du-logo-du-Jubile-2025-Pelerins-desperance.jpg","articleSection":["Jubil\u00e9 2025","Religion"],"inLanguage":"fr-FR"},{"@type":"WebPage","@id":"https:\/\/blog.holyart.it\/fr\/articles-religieux\/la-signification-du-logo-du-jubile-2025-pelerins-desperance\/","url":"https:\/\/blog.holyart.it\/fr\/articles-religieux\/la-signification-du-logo-du-jubile-2025-pelerins-desperance\/","name":"La signification du logo du Jubil\u00e9 2025 : P\u00e8lerins d\u2019esp\u00e9rance - Holyart.fr Blog","isPartOf":{"@id":"https:\/\/blog.holyart.it\/fr\/#website"},"primaryImageOfPage":{"@id":"https:\/\/blog.holyart.it\/fr\/articles-religieux\/la-signification-du-logo-du-jubile-2025-pelerins-desperance\/#primaryimage"},"image":{"@id":"https:\/\/blog.holyart.it\/fr\/articles-religieux\/la-signification-du-logo-du-jubile-2025-pelerins-desperance\/#primaryimage"},"thumbnailUrl":"https:\/\/blog.holyart.it\/fr\/wp-content\/uploads\/sites\/14\/2024\/04\/La-signification-du-logo-du-Jubile-2025-Pelerins-desperance.jpg","datePublished":"2024-04-24T08:00:18+00:00","dateModified":"2024-07-17T12:56:58+00:00","description":"Le logo du Jubil\u00e9 2025 est un \u00e9tendard d\u2019esp\u00e9rance et de volont\u00e9 d\u2019avancer ensemble, unis dans la promesse du salut, p\u00e8lerins de foi...","breadcrumb":{"@id":"https:\/\/blog.holyart.it\/fr\/articles-religieux\/la-signification-du-logo-du-jubile-2025-pelerins-desperance\/#breadcrumb"},"inLanguage":"fr-FR","potentialAction":[{"@type":"ReadAction","target":["https:\/\/blog.holyart.it\/fr\/articles-religieux\/la-signification-du-logo-du-jubile-2025-pelerins-desperance\/"]}]},{"@type":"ImageObject","inLanguage":"fr-FR","@id":"https:\/\/blog.holyart.it\/fr\/articles-religieux\/la-signification-du-logo-du-jubile-2025-pelerins-desperance\/#primaryimage","url":"https:\/\/blog.holyart.it\/fr\/wp-content\/uploads\/sites\/14\/2024\/04\/La-signification-du-logo-du-Jubile-2025-Pelerins-desperance.jpg","contentUrl":"https:\/\/blog.holyart.it\/fr\/wp-content\/uploads\/sites\/14\/2024\/04\/La-signification-du-logo-du-Jubile-2025-Pelerins-desperance.jpg","width":1000,"height":666,"caption":"La signification du logo du Jubil\u00e9 2025 P\u00e8lerins d\u2019esp\u00e9rance"},{"@type":"BreadcrumbList","@id":"https:\/\/blog.holyart.it\/fr\/articles-religieux\/la-signification-du-logo-du-jubile-2025-pelerins-desperance\/#breadcrumb","itemListElement":[{"@type":"ListItem","position":1,"name":"Homepage","item":"https:\/\/blog.holyart.it\/fr\/"},{"@type":"ListItem","position":2,"name":"Jubil\u00e9 2025","item":"https:\/\/blog.holyart.it\/fr\/jubile-2025\/"},{"@type":"ListItem","position":3,"name":"La signification du logo du Jubil\u00e9 2025 : P\u00e8lerins d\u2019esp\u00e9rance"}]},{"@type":"WebSite","@id":"https:\/\/blog.holyart.it\/fr\/#website","url":"https:\/\/blog.holyart.it\/fr\/","name":"Holyart.fr Blog","description":"Holyblog","publisher":{"@id":"https:\/\/blog.holyart.it\/fr\/#organization"},"potentialAction":[{"@type":"SearchAction","target":{"@type":"EntryPoint","urlTemplate":"https:\/\/blog.holyart.it\/fr\/?s={search_term_string}"},"query-input":{"@type":"PropertyValueSpecification","valueRequired":true,"valueName":"search_term_string"}}],"inLanguage":"fr-FR"},{"@type":"Organization","@id":"https:\/\/blog.holyart.it\/fr\/#organization","name":"Holyart.fr Blog","url":"https:\/\/blog.holyart.it\/fr\/","logo":{"@type":"ImageObject","inLanguage":"fr-FR","@id":"https:\/\/blog.holyart.it\/fr\/#\/schema\/logo\/image\/","url":"https:\/\/blog.holyart.it\/fr\/wp-content\/uploads\/sites\/14\/2022\/12\/Holyart_Blog_Logo.jpg","contentUrl":"https:\/\/blog.holyart.it\/fr\/wp-content\/uploads\/sites\/14\/2022\/12\/Holyart_Blog_Logo.jpg","width":300,"height":50,"caption":"Holyart.fr Blog"},"image":{"@id":"https:\/\/blog.holyart.it\/fr\/#\/schema\/logo\/image\/"}},{"@type":"Person","@id":"https:\/\/blog.holyart.it\/fr\/#\/schema\/person\/0a7b686e5af0f856ec1e390dd0baecda","name":"Redazione","image":{"@type":"ImageObject","inLanguage":"fr-FR","@id":"https:\/\/blog.holyart.it\/fr\/#\/schema\/person\/image\/","url":"https:\/\/secure.gravatar.com\/avatar\/f477da817f43e50d0af36abecd33e3edf826c68299714bdc1057dff3b113f516?s=96&d=mm&r=g","contentUrl":"https:\/\/secure.gravatar.com\/avatar\/f477da817f43e50d0af36abecd33e3edf826c68299714bdc1057dff3b113f516?s=96&d=mm&r=g","caption":"Redazione"},"url":"https:\/\/blog.holyart.it\/fr\/author\/admin\/"}]}},"_links":{"self":[{"href":"https:\/\/blog.holyart.it\/fr\/wp-json\/wp\/v2\/posts\/8127","targetHints":{"allow":["GET"]}}],"collection":[{"href":"https:\/\/blog.holyart.it\/fr\/wp-json\/wp\/v2\/posts"}],"about":[{"href":"https:\/\/blog.holyart.it\/fr\/wp-json\/wp\/v2\/types\/post"}],"author":[{"embeddable":true,"href":"https:\/\/blog.holyart.it\/fr\/wp-json\/wp\/v2\/users\/1"}],"replies":[{"embeddable":true,"href":"https:\/\/blog.holyart.it\/fr\/wp-json\/wp\/v2\/comments?post=8127"}],"version-history":[{"count":5,"href":"https:\/\/blog.holyart.it\/fr\/wp-json\/wp\/v2\/posts\/8127\/revisions"}],"predecessor-version":[{"id":8394,"href":"https:\/\/blog.holyart.it\/fr\/wp-json\/wp\/v2\/posts\/8127\/revisions\/8394"}],"wp:featuredmedia":[{"embeddable":true,"href":"https:\/\/blog.holyart.it\/fr\/wp-json\/wp\/v2\/media\/8135"}],"wp:attachment":[{"href":"https:\/\/blog.holyart.it\/fr\/wp-json\/wp\/v2\/media?parent=8127"}],"wp:term":[{"taxonomy":"category","embeddable":true,"href":"https:\/\/blog.holyart.it\/fr\/wp-json\/wp\/v2\/categories?post=8127"},{"taxonomy":"post_tag","embeddable":true,"href":"https:\/\/blog.holyart.it\/fr\/wp-json\/wp\/v2\/tags?post=8127"}],"curies":[{"name":"wp","href":"https:\/\/api.w.org\/{rel}","templated":true}]}}