{"id":8097,"date":"2024-04-22T10:00:21","date_gmt":"2024-04-22T08:00:21","guid":{"rendered":"https:\/\/blog.holyart.it\/fr\/?p=8097"},"modified":"2025-09-29T15:46:25","modified_gmt":"2025-09-29T13:46:25","slug":"le-calendrier-des-evenements-du-jubile-2025","status":"publish","type":"post","link":"https:\/\/blog.holyart.it\/fr\/articles-religieux\/le-calendrier-des-evenements-du-jubile-2025\/","title":{"rendered":"Le calendrier des \u00e9v\u00e9nements du Jubil\u00e9 2025"},"content":{"rendered":"<h4><em>Le calendrier des \u00e9v\u00e9nements du Jubil\u00e9 2025 a \u00e9t\u00e9 publi\u00e9 : douze mois d\u2019\u00e9v\u00e9nements et occasions pour approfondir la foi, vivre la communion fraternelle et marcher ensemble comme \u00ab\u00a0p\u00e8lerins de l\u2019esp\u00e9rance\u00a0\u00bb.<\/em><\/h4>\n\n<p>Le Jubil\u00e9 2025 sera l\u2019occasion pour vivre un <strong>temps de gr\u00e2ce et de mis\u00e9ricorde<\/strong>, pour marcher ensemble vers l\u2019<strong>esp\u00e9rance<\/strong>. Il promet d\u2019\u00eatre un moment extraordinaire de joie, esp\u00e9rance et r\u00e9conciliation, gr\u00e2ce \u00e0 l\u2019affluence anticip\u00e9 de p\u00e8lerins provenant du monde entier \u00e0 Rome, qui jamais comme \u00e0 cette occasion se reconfirmera comme le<strong><a href=\"https:\/\/www.holyart.fr\/blog\/articles-religieux\/pelerinage-a-rome-parmi-les-destinations-preferees-des-chretiens\/\"> lieu de p\u00e8lerinage pr\u00e9f\u00e9r\u00e9 des chr\u00e9tiens<\/a>. <\/strong>Cette affluence si nombreuse et vari\u00e9e cr\u00e9era unit\u00e9 et solidarit\u00e9 parmi les diff\u00e9rentes communaut\u00e9s religieuses, en contribuant \u00e0 renforcer les liens entre les fid\u00e8les de chaque partie du globe. Mais le Jubil\u00e9 de Rome promet d\u2019offrir bien plus qu\u2019une occasion de rencontre et de pri\u00e8re. Outre les c\u00e9l\u00e9brations religieuses, des <strong>\u00e9v\u00e9nements culturels, des concerts et des expositions<\/strong> seront organis\u00e9s afin de c\u00e9l\u00e9brer la riche histoire et l\u2019art de Rome. Ces \u00e9v\u00e9nements offriront aux p\u00e8lerins une exp\u00e9rience compl\u00e8te qui unira foi, culture et spiritualit\u00e9. De cette mani\u00e8re, le Jubil\u00e9 ne sera pas seulement un moment de r\u00e9flexion religieuse, mais aussi une opportunit\u00e9 pour s\u2019immerger dans la beaut\u00e9 et dans la diversit\u00e9 de la ville \u00e9ternelle.<\/p>\n<div class=\"link-product\">\n<div class=\"blocco-immagine\"><img loading=\"lazy\" decoding=\"async\" class=\"size-full wp-image-8396 alignleft\" src=\"https:\/\/blog.holyart.it\/fr\/wp-content\/uploads\/sites\/14\/2024\/04\/sac-a-dos-du-pelerin-kit-complet-jubile-2025.jpg\" alt=\"sac a dos du pelerin kit complet jubile 2025\" width=\"100\" height=\"100\" data-kale-share-title=\"Le calendrier des \u00e9v\u00e9nements du Jubil\u00e9 2025\" data-kale-share-url=\"https:\/\/blog.holyart.it\/fr\/articles-religieux\/le-calendrier-des-evenements-du-jubile-2025\/\" \/><\/div>\n<div class=\"blocco-contenuto\">\n<div class=\"blocco-acquista\">Acheter sur Holyart:<\/div>\n<div class=\"blocco-titolo\"><a href=\"https:\/\/www.holyart.fr\/jubile-2025-pelerins-desperance\/kit-du-pelerin-et-gadgets-du-jubile-2025\/sac-a-dos-du-pelerin-kit-complet-jubile-2025\">Sac \u00e0 dos du p\u00e8lerin kit complet Jubil\u00e9 2025 <\/a><\/div>\n<div class=\"blocco-descrizione\">Kit du p\u00e8lerin con\u00e7u pour enrichir et faciliter le p\u00e8lerinage du Jubil\u00e9.<\/div>\n<\/div>\n<\/div>\n<p>Du reste, le Jubil\u00e9, commun \u00e9galement comme <strong>Ann\u00e9e Sainte<\/strong>, se caract\u00e9rise depuis toujours non seulement par les rites sacr\u00e9s solennels qui le marquent du d\u00e9but \u00e0 la fin, mais aussi par son intention de promouvoir la saintet\u00e9 de la vie, de renforcer la foi, d\u2019encourager les \u0153uvres de solidarit\u00e9 et de favoriser la fraternelle communion au sein de l\u2019\u00c9glise et de la soci\u00e9t\u00e9. Un moment significatif de renouvellement spirituel et d\u2019engagement dans la pratique de la foi chr\u00e9tienne, donc, mais aussi de communion d\u2019intentions et de partage d\u2019exp\u00e9riences qui enrichissent l\u2019esprit et l\u2019\u00e2me de qui y assiste.<\/p>\n<p>La prochaine Ann\u00e9e Sainte aura comme th\u00e8me central l\u2019<strong>esp\u00e9rance<\/strong> et la devise choisie pour l\u2019\u00e9v\u00e9nement est <a href=\"https:\/\/www.holyart.fr\/jubile-2025-pelerins-desperance\"><strong>P\u00e8lerins de l\u2019esp\u00e9rance<\/strong><\/a>. Dans un geste symbolique de grande importance, \u00e0 l\u2019occasion de la derni\u00e8re <strong>Journ\u00e9e Internationale de la Jeunesse<\/strong>, Pape Fran\u00e7ois a invit\u00e9 tous les jeunes \u00e0 Rome en 2025, pour le prochain Jubil\u00e9, afin qu\u2019ils deviennent de v\u00e9ritables \u00ab\u00a0<em>P\u00e8lerins d\u2019esp\u00e9rance<\/em>\u00a0\u00bb. Cet appel r\u00e9v\u00e8le un profond d\u00e9sir d\u2019<strong>impliquer les jeunes dans le chemin de foi, <\/strong>en les encourageant \u00e0 \u00eatre protagonistes actifs d\u2019un monde meilleur. \u00c0 travers l\u2019appel \u00e0 l\u2019esp\u00e9rance, on veut transmettre un message de confiance dans le futur, de solidarit\u00e9 et d\u2019engagement dans la construction d\u2019une soci\u00e9t\u00e9 plus juste et fraternelle.<\/p>\n<div class=\"link-product\">\n<div class=\"blocco-immagine\"><img loading=\"lazy\" decoding=\"async\" class=\"size-full wp-image-8112 alignleft\" src=\"https:\/\/blog.holyart.it\/fr\/wp-content\/uploads\/sites\/14\/2024\/04\/Pelerins-de-lesperance.jpg\" alt=\"Pelerins de l'esperance\" width=\"100\" height=\"100\" data-kale-share-title=\"Le calendrier des \u00e9v\u00e9nements du Jubil\u00e9 2025\" data-kale-share-url=\"https:\/\/blog.holyart.it\/fr\/?p=8097\" \/><\/div>\n<div class=\"blocco-contenuto\">\n<div class=\"blocco-acquista\">Acheter sur Holyart:<\/div>\n<div class=\"blocco-titolo\"><a href=\"https:\/\/www.holyart.fr\/jubile-2025-pelerins-desperance\">Jubil\u00e9 2025 P\u00e8lerins d&rsquo;esp\u00e9rance<\/a><\/div>\n<div class=\"blocco-descrizione\">Articles con\u00e7us pour c\u00e9l\u00e9brer le prochain Jubil\u00e9 2025 \u00e0 Rome<\/div>\n<\/div>\n<\/div>\n<p>En vue du prochain Jubil\u00e9, Pape Fran\u00e7ois a esquiss\u00e9 <strong>ses bons augures pour la nouvelle ann\u00e9e<\/strong>, en soulignant l\u2019importance d\u2019un engagement spirituel renouvel\u00e9 visant \u00e0 comprendre plus profond\u00e9ment le concept de Mis\u00e9ricorde. Il a invit\u00e9 \u00e0 la <strong>pri\u00e8re et \u00e0 la r\u00e9flexion consciente sur la volont\u00e9 de Dieu<\/strong>, afin que nous puissions l\u2019incarner dans notre vie quotidienne \u00e0 travers des actions concr\u00e8tes de compassion, pardon et solidarit\u00e9 dans le contexte de l\u2019humanit\u00e9 contemporaine.<\/p>\n<p>Les p\u00e8lerins attendus \u00e0 Rome pour participer aux nombreuses initiatives du Jubil\u00e9 sont <strong>plus de 32 millions<\/strong>.<\/p>\n<p>Les pr\u00e9paratifs pour le Jubil\u00e9 2025 ont d\u00e9j\u00e0 commenc\u00e9, avec la r\u00e9alisation du <a href=\"https:\/\/www.holyart.fr\/jubile-2025-pelerins-desperance\/voile-de-lutrin-brode-250x55-cm-logo-officiel-jubile-2025\"><strong>logo du Jubil\u00e9<\/strong><\/a>, une puissante repr\u00e9sentation symbolique de l\u2019esp\u00e9rance, avec quatre figures stylis\u00e9es, qui repr\u00e9sentent l\u2019humanit\u00e9, serr\u00e9e l\u2019une \u00e0 l\u2019autre. La premi\u00e8re des figures, \u00e0 laquelle les autres s\u2019attachent, serre la croix. Le message est clair\u00a0: une esp\u00e9rance de solidarit\u00e9 et de fraternit\u00e9 parmi tous les peuples unis dans la foi en Christ.<\/p>\n<p>L\u2019<strong>Hymne du Jubil\u00e9 <\/strong>aussi a d\u00e9j\u00e0 \u00e9t\u00e9 fait entendre en avant-premi\u00e8re pendant la conf\u00e9rence de presse dans la Chapelle Musicale Sixtine. Il a \u00e9t\u00e9 \u00e9crit par le th\u00e9ologue Pierangelo Sequeri et le ma\u00eetre Francesco Meneghello de Mantoue, responsable de la composition musicale, et choisi parmi environ trois cents compositions propos\u00e9es par des artistes provenant du monde entier.<\/p>\n<div class=\"link-product\">\n<div class=\"blocco-immagine\"><img loading=\"lazy\" decoding=\"async\" class=\"size-full wp-image-8116 alignleft\" src=\"https:\/\/blog.holyart.it\/fr\/wp-content\/uploads\/sites\/14\/2024\/04\/Pano-de-atril-bordado-25-m-x-55-cm-logotipo-oficial-Jubileo-2025-Copia.jpg\" alt=\"Pano de atril bordado 2,5 m x 55 cm logotipo oficial Jubileo 2025 - Copia\" width=\"100\" height=\"100\" data-kale-share-title=\"Le calendrier des \u00e9v\u00e9nements du Jubil\u00e9 2025\" data-kale-share-url=\"https:\/\/blog.holyart.it\/fr\/?p=8097\" \/><\/div>\n<div class=\"blocco-contenuto\">\n<div class=\"blocco-acquista\">Acheter sur Holyart:<\/div>\n<div class=\"blocco-titolo\"><a href=\"https:\/\/www.holyart.fr\/jubile-2025-pelerins-desperance\/voile-de-lutrin-brode-250x55-cm-logo-officiel-jubile-2025?_gl=1*u1n0ky*_gcl_aw*R0NMLjE3MDcxMzI0NjMuQ2p3S0NBaUFxNEt1QmhBNkVpd0FyTUF3MUhUUEpHdlQ0N000UXRPRXdmR19mREJRTVp3d21oUEdfak1mN05xUElYLU8tOHhNalNnZlpSb0NNWVFRQXZEX0J3RQ..*_gcl_au*MjI2ODY5Nzk2LjE3MTA0MDQ4MTI.*_ga*MTQ4NzE4MjM0Mi4xNjk0Nzg4MTQz*_ga_W18MV136NH*MTcxMjkxNTIwOC40NDguMS4xNzEyOTE1NDkzLjYwLjAuMA..\">Voile de lutrin brod\u00e9 250&#215;55 cm logo officiel Jubil\u00e9 2025<\/a><\/div>\n<div class=\"blocco-descrizione\">Disponible dans les quatre couleurs liturgiques (ivoire, rouge, vert, violet)<\/div>\n<\/div>\n<\/div>\n<h2>Jubil\u00e9 2025 : dates<\/h2>\n<p><a href=\"https:\/\/blog.holyart.it\/fr\/wp-content\/uploads\/sites\/14\/2024\/04\/jubile-2025-calendrier-fr.pdf\"><strong>T\u00e9l\u00e9chargez le calendrier du Jubil\u00e9 2025<\/strong><\/a><\/p>\n<p><strong>24 D\u00e9cembre 2024<\/strong>\u00a0\u2013\u00a0<strong>Ouverture de la Porte Sainte de la Basilique Saint-Pierre<\/strong>.<\/p>\n<p><strong>JANVIER-F\u00c9VRIER 2025<\/strong><br \/>\n24-26 Janvier | Jubil\u00e9 du Monde de la Communication<\/p>\n<p>8-9 F\u00e9vrier | Jubil\u00e9 des Forces Arm\u00e9es, de la Police et des Agents de S\u00e9curit\u00e9<br \/>\n15-18 F\u00e9vrier | Jubil\u00e9 des Artistes<br \/>\n21-23 F\u00e9vrier | Jubil\u00e9 des Diacres<\/p>\n<p><strong>MARS-AVRIL 2025<\/strong><br \/>\n8-9 Mars | Jubil\u00e9 du Monde du Volontariat<br \/>\n28 Mars | 24 heures pour le Seigneur<br \/>\n28-30 Mars | Jubil\u00e9 des Missionnaires de la Mis\u00e9ricorde<\/p>\n<p>5-6 Avril | Jubil\u00e9 des Malades et du Monde de la Sant\u00e9<br \/>\n25-27 Avril | Jubil\u00e9 des Adolescents<br \/>\n28-29 Avril | Jubil\u00e9 des Personnes en situation de Handicap<\/p>\n<p><strong>MAI \u2013 JUILLET 2025<\/strong><br \/>\n1-4 Mai | Jubil\u00e9 des Travailleurs<br \/>\n4-5 Mai | Jubil\u00e9 du Monde de l\u2019Entreprise<br \/>\n10-11 Mai | Jubil\u00e9 des Bandes Musicales<br \/>\n12-14 Mai | Jubil\u00e9 des \u00c9glises Orientales<br \/>\n16-18 Mai | Jubil\u00e9 des Confr\u00e9ries<br \/>\n30 Mai \u2013 1 Giugno | Jubil\u00e9 des Familles, des Enfants, des Grands-Parents et des Personnes \u00c2g\u00e9es<\/p>\n<p>7-8 Juin | Jubil\u00e9 des Mouvements, des Associations et des Communaut\u00e9s Nouvelles<br \/>\n9 Juin | Jubil\u00e9 du Saint-Si\u00e8ge<br \/>\n14-15 Juin | Jubil\u00e9 du Sport<br \/>\n20-22 Juin | Jubil\u00e9 des Pouvoirs publics<br \/>\n23-24 Juin | Jubil\u00e9 des S\u00e9minaristes<br \/>\n25 Juin | Jubil\u00e9 des \u00c9v\u00eaques<br \/>\n25-27 Juin | Jubil\u00e9 des Pr\u00eatres<\/p>\n<p>28 Juillet \u2013 3 Agosto | Jubil\u00e9 des Jeunes<\/p>\n<p><strong>SETEMBRE \u2013 D\u00c9CEMBRE 2025<\/strong><br \/>\n15 Septembre | Jubil\u00e9 de la Consolation<br \/>\n20 Septembre | Jubil\u00e9 de ceux qui promeuvent et d\u00e9fendent la Justice<br \/>\n26-28 Septembre | Jubil\u00e9 des Cat\u00e9chistes<\/p>\n<p>4-5 Octobre | Jubil\u00e9 des Migrants, Jubil\u00e9 du Monde Missionnaire<br \/>\n8-9 Octobre | Jubil\u00e9 de la Vie Consacr\u00e9e<br \/>\n11-12 Octobre | Jubil\u00e9 de la Spiritualit\u00e9 Mariale<br \/>\n31 Octobre \u2013 2 Novembre | Jubil\u00e9 du Monde \u00c9ducatif<\/p>\n<p>16 Novembre | Jubil\u00e9 des Pauvres<br \/>\n22-23 Novembre | Jubil\u00e9 dei Ch\u0153urs et des Chorales<\/p>\n<p>14 D\u00e9cembre | Jubil\u00e9 des D\u00e9tenus<\/p>\n<p><strong>6 Janvier 2026<\/strong>\u00a0\u2013\u00a0<strong>Fermeture de la Porte Sainte de la Basilique Saint-Pierre<\/strong>.<\/p>\n<h2>Ouverture de la Porte Sainte<\/h2>\n<p>L\u2019Ann\u00e9e Sainte commence avec l\u2019<a href=\"https:\/\/www.holyart.fr\/blog\/articles-religieux\/porte-sainte-quest-ce-que-cest-et-que-represente-son-ouverture\/\"><strong>ouverture de la Porte Sainte <\/strong><\/a>et se conclut avec sa fermeture. L\u2019ouverture de la Porte Sainte ne repr\u00e9sente pas uniquement le d\u00e9but officiel de l\u2019\u00e9v\u00e9nement, mais est \u00e9galement impr\u00e9gn\u00e9e de significations symboliques pour les fid\u00e8les. Le Jubil\u00e9 2025 commencera le 24 d\u00e9cembre 2024 \u00e0 16h30 avec l\u2019ouverture de la Porte Sainte de la Basilique Saint-Pierre. La c\u00e9r\u00e9monie solennelle d\u2019ouverture sera pr\u00e9sid\u00e9e par Pape Fran\u00e7ois.<\/p>\n<p>L\u2019Ann\u00e9e Sainte se conclura le 6 janvier 2026 avec la fermeture de la Porte Sainte de la Basilique Saint-Pierre.<\/p>\n<p>Outre \u00e0 la Porte Sainte de la Basilique Saint-Pierre, seront \u00e9galement ouvertes les autres portes Saintes de Rome : Basilique Saint-Paul-hors-les-Murs, Basilique Saint-Jean-de-Latran, Basilique Sainte-Marie-Majeure.<\/p>\n<div class=\"link-article\">\n<p><img loading=\"lazy\" decoding=\"async\" class=\"size-full wp-image-8117 alignleft\" src=\"https:\/\/blog.holyart.it\/fr\/wp-content\/uploads\/sites\/14\/2024\/04\/Porta-Sainte.jpeg\" alt=\"Porte Sainte\" width=\"150\" height=\"104\" data-kale-share-title=\"Le calendrier des \u00e9v\u00e9nements du Jubil\u00e9 2025\" data-kale-share-url=\"https:\/\/blog.holyart.it\/fr\/?p=8097\" \/><\/p>\n<div class=\"leggi-anche\">Lire aussi :<\/div>\n<p><strong><a href=\"https:\/\/www.holyart.fr\/blog\/articles-religieux\/porte-sainte-quest-ce-que-cest-et-que-represente-son-ouverture\/\">Porte Sainte : qu\u2019est-ce que c\u2019est et que repr\u00e9sente son ouverture<\/a><\/strong><br \/>\nL\u2019ouverture de la Porte Sainte est le signe du d\u00e9but du Jubil\u00e9, mais repr\u00e9sente \u00e9galement pour les chr\u00e9tiens un symbole spirituel de&#8230;<\/p>\n<\/div>\n<h2>Le calendrier du Jubil\u00e9 2025<\/h2>\n<p>Chaque rencontre jubilaire sera une occasion pour approfondir la foi, vivre la communion fraternelle et disserter ensemble des d\u00e9fis du monde contemporain. Une invitation \u00e0 tous les fid\u00e8les \u00e0 marcher ensemble comme des \u00ab\u00a0p\u00e8lerins d\u2019esp\u00e9rance\u00a0\u00bb, en apportant la lumi\u00e8re de l\u2019\u00c9vangile au c\u0153ur de la soci\u00e9t\u00e9. Les douze mois de rencontres jubilaires seront comme des vagues d\u2019espoir qui se propageront du c\u0153ur de l\u2019\u00c9glise \u00e0 l\u2019humanit\u00e9 enti\u00e8re. Une invitation \u00e0 tous \u00e0 construire un futur meilleur, bas\u00e9 sur la fraternit\u00e9, sur la solidarit\u00e9 et sur l\u2019amour.<\/p>\n<p>La premi\u00e8re date significative du Jubil\u00e9 2025 sera le <strong>24 D\u00e9cembre<\/strong>, quand aura lieu l\u2019<strong>Ouverture de la Porte Sainte de la <a href=\"https:\/\/www.holyart.fr\/blog\/articles-religieux\/basilique-saint-pierre-eglise-symbole-du-monde-chretien\/\">Basilique Saint-Pierre<\/a><\/strong>.<\/p>\n<div class=\"link-article\">\n<p><img loading=\"lazy\" decoding=\"async\" class=\"size-full wp-image-8118 alignleft\" src=\"https:\/\/blog.holyart.it\/fr\/wp-content\/uploads\/sites\/14\/2024\/04\/Saint-Pierre.jpeg\" alt=\"Saint-Pierre\" width=\"150\" height=\"100\" data-kale-share-title=\"Le calendrier des \u00e9v\u00e9nements du Jubil\u00e9 2025\" data-kale-share-url=\"https:\/\/blog.holyart.it\/fr\/?p=8097\" \/><\/p>\n<div class=\"leggi-anche\">Lire aussi :<\/div>\n<p><strong><a href=\"https:\/\/www.holyart.fr\/blog\/articles-religieux\/basilique-saint-pierre-eglise-symbole-du-monde-chretien\/\">Basilique Saint-Pierre : \u00c9glise symbole du monde chr\u00e9tien<\/a><\/strong><br \/>\nSaint-Pierre est une basilique riche en significations, myst\u00e8res et \u0153uvres d\u2019art sacr\u00e9es c\u00e9l\u00e8bre dans le monde entier. Voici quelques curiosit\u00e9s et points d\u2019int\u00e9r\u00eat de la Basilique la plus grande au monde.<\/p>\n<\/div>\n<p>Le premier \u00e9v\u00e9nement important de l\u2019Ann\u00e9e Sainte sera le <strong>Jubil\u00e9 du Monde de la Communication<\/strong>, qui se tiendra \u00e0 Rome <strong>du 24 au 26 janvier 2025<\/strong>. Ce sera une occasion pr\u00e9cieuse pour r\u00e9fl\u00e9chir sur le r\u00f4le de la communication dans le monde contemporain, promouvoir la diffusion d\u2019informations constructives et pacifiques, encourager tous ceux qui oeuvrent dans le monde de la communication \u00e0 r\u00e9pandre un message de v\u00e9rit\u00e9 et d\u2019esp\u00e9rance.<\/p>\n<p><strong>Du 8 au 9 f\u00e9vrier 2025<\/strong>, se tiendra, toujours \u00e0 Rome, <strong>le Jubil\u00e9 des Forces Arm\u00e9es, de la Police et des Agents de S\u00e9curit\u00e9<\/strong>, pour reconna\u00eetre et c\u00e9l\u00e9brer le service prest\u00e9 par ceux qui oeuvrent quotidiennement pour la s\u00e9curit\u00e9 et la d\u00e9fense du Pays. Outre \u00e0 reconna\u00eetre la valeur du service assur\u00e9 par les Forces Arm\u00e9es, la Police et les Agents de S\u00e9curit\u00e9, ce sera \u00e9galement l\u2019occasion pour prier pour la paix et la s\u00e9curit\u00e9 dans le monde et encourager \u00e0 vivre le service avec fid\u00e9lit\u00e9 et d\u00e9vouement.<\/p>\n<p>Le <strong>Jubil\u00e9 des Artistes<\/strong> se tiendra \u00e0 Rome <strong>du 16 au 18 f\u00e9vrier 2025<\/strong>, adress\u00e9 aux musiciens, peintres, sculpteurs, \u00e9crivains, acteurs, r\u00e9alisateurs et tous ceux qui souhaitent s\u2019unir en pri\u00e8re pour la beaut\u00e9 et le bien. L\u2019\u00e9v\u00e9nement a \u00e9t\u00e9 voulu par Pape Fran\u00e7ois afin de c\u00e9l\u00e9brer le don de la beaut\u00e9 et le r\u00f4le des artistes dans la soci\u00e9t\u00e9. L\u2019objectif de l\u2019initiative est celui de reconna\u00eetre la valeur de l\u2019art et son r\u00f4le dans la soci\u00e9t\u00e9, encourager les artistes \u00e0 utiliser leur talent pour la promotion de la beaut\u00e9 et du bien et favoriser le dialogue entre art et foi.<\/p>\n<p><strong>Du 21 au 23 f\u00e9vrier 2025<\/strong>, se tiendra le <a href=\"https:\/\/www.holyart.fr\/blog\/articles-religieux\/comment-devenir-diacre-fonctions-et-formation\/\"><strong>Jubil\u00e9 des Diacres<\/strong><\/a>, pour c\u00e9l\u00e9brer le minist\u00e8re diaconal et le r\u00f4le fondamental des diacres dans l\u2019\u00c9glise et la valeur du minist\u00e8re diaconal. Le but de l\u2019initiative sera d\u2019encourager les diacres \u00e0 vivre leur service avec fid\u00e9lit\u00e9 et d\u00e9vouement et favoriser le dialogue entre diacres et presbyt\u00e8res.<\/p>\n<div class=\"link-article\">\n<p><img loading=\"lazy\" decoding=\"async\" class=\"size-full wp-image-8119 alignleft\" src=\"https:\/\/blog.holyart.it\/fr\/wp-content\/uploads\/sites\/14\/2024\/04\/Diacres.jpg\" alt=\"Diacres\" width=\"150\" height=\"99\" data-kale-share-title=\"Le calendrier des \u00e9v\u00e9nements du Jubil\u00e9 2025\" data-kale-share-url=\"https:\/\/blog.holyart.it\/fr\/?p=8097\" \/><\/p>\n<div class=\"leggi-anche\">Lire aussi :<\/div>\n<p><strong><a href=\"https:\/\/www.holyart.fr\/blog\/articles-religieux\/comment-devenir-diacre-fonctions-et-formation\/\">Comment devenir diacre : fonctions et formation<\/a><\/strong><br \/>\nQui est le diacre et que fait-il ? Comment devenir diacre ? D\u00e9couvrons quelque chose de plus sur cette figure pr\u00e9sente depuis toujours dans l\u2019\u00e9glise catholique, investi de t\u00e2ches importantes et solennelles&#8230;<\/p>\n<\/div>\n<p>Les journ\u00e9es <strong>du 8 et du 9 mars<\/strong> seront r\u00e9serv\u00e9es au <strong>Jubil\u00e9 du Monde du Volontariat<\/strong>, pour c\u00e9l\u00e9brer le don du service gratuit et aimant, tandis que le <strong>28 mars<\/strong> sera c\u00e9l\u00e9br\u00e9e l\u2019initiative de pri\u00e8re <strong>24 heures pour le Seigneur<\/strong>.<\/p>\n<p>Le <strong>29 et 30 mars<\/strong> sera c\u00e9l\u00e9br\u00e9 le <strong>Jubil\u00e9 des <a href=\"https:\/\/www.holyart.fr\/blog\/accessoires-pour-la-liturgie\/journee-missionnaire-mondiale-donner-soi-meme-aux-autres\/\">Missionnaires<\/a> de la Mis\u00e9ricorde<\/strong>, pour raviver l\u2019ardeur missionnaire et la solidarit\u00e9 avec les peuples les plus n\u00e9cessiteux.<\/p>\n<p>Avril sera d\u00e9di\u00e9 \u00e0 la sant\u00e9 et aux jeunes. <strong>Le 5 et le 6 avril<\/strong> sera c\u00e9l\u00e9br\u00e9 le <strong>Jubil\u00e9 des Malades et du Monde de la Sant\u00e9<\/strong>, un moment de profonde r\u00e9flexion et d\u2019intense pri\u00e8re pour ceux qui souffrent dans la chair et dans l\u2019esprit et pour tous ceux qui se d\u00e9dient avec amour et d\u00e9vouement \u00e0 leurs soins, suivi par le Jubil\u00e9 des <strong>Adolescents<\/strong> (<strong>25-27 Avril<\/strong>), une enthousiasmante aventure de foi et de joie pour tous les jeunes entre 13 et 16 ans. Une occasion unique pour vivre une exp\u00e9rience de rencontre avec Dieu, avec l\u2019\u00c9glise et avec les jeunes de leur \u00e2ge provenant du monde entier, et celui des Personnes en situation de Handicap (28-30 Avril), une occasion unique pour c\u00e9l\u00e9brer la dignit\u00e9 de chaque personne, ind\u00e9pendamment de ses conditions physiques ou mentales, et pour r\u00e9affirmer le droit de tous de vivre une vie pleine et particip\u00e9e.<\/p>\n<div class=\"link-article\">\n<p><img loading=\"lazy\" decoding=\"async\" class=\"size-full wp-image-8120 alignleft\" src=\"https:\/\/blog.holyart.it\/fr\/wp-content\/uploads\/sites\/14\/2024\/04\/giornata-missionaria-mondiale-Copia.jpg\" alt=\"Missionaires\" width=\"150\" height=\"99\" data-kale-share-title=\"Le calendrier des \u00e9v\u00e9nements du Jubil\u00e9 2025\" data-kale-share-url=\"https:\/\/blog.holyart.it\/fr\/?p=8097\" \/><\/p>\n<div class=\"leggi-anche\">Lire aussi :<\/div>\n<p><strong><a href=\"https:\/\/www.holyart.fr\/blog\/accessoires-pour-la-liturgie\/journee-missionnaire-mondiale-donner-soi-meme-aux-autres\/\">Journ\u00e9e missionnaire mondiale : donner soi-m\u00eame aux autres<\/a><\/strong><br \/>\nLe 24 octobre on c\u00e9l\u00e8bre la Journ\u00e9e Missionnaire Mondiale, ce qui consacre octobre comme mois missionnaire par excellence<\/p>\n<\/div>\n<p>Mai c\u00e9l\u00e9brera le <strong>Jubil\u00e9 des Travailleurs<\/strong> et celui du <strong>Monde de l\u2019Entreprise<\/strong>, respectivement les <strong>1-2 Mai<\/strong> et les <strong>4-5 Mai<\/strong>. Il s\u2019agira de deux occasions pour c\u00e9l\u00e9brer la valeur inestimable du travail et pour r\u00e9fl\u00e9chir aux d\u00e9fis et aux opportunit\u00e9s du monde du travail dans un contexte social et \u00e9conomique en perp\u00e9tuelle \u00e9volution, mais aussi un moment de rencontre et de dialogue entre travailleurs, entrepreneurs, politiciens et repr\u00e9sentants des diff\u00e9rentes r\u00e9alit\u00e9s du monde du travail, afin de se confronter sur les d\u00e9fis communs et de chercher ensemble des solutions pour un futur plus juste et plus durable. Suivra le <strong>Jubil\u00e9 des Bandes Musicales<\/strong> (<strong>10-11 mai<\/strong>), celui des <strong>Confr\u00e9ries<\/strong> (<strong>16-18 mai<\/strong>) et, enfin, le mois se conclura avec le <strong>Jubil\u00e9 des Enfants<\/strong> les <strong>24-25 Mai, d\u00e9di\u00e9 \u00e0 l\u2019importance de l\u2019enfance, pour \u00e9couter la voix des plus petits, souvent oubli\u00e9s et non \u00e9cout\u00e9s<\/strong>, et le <strong>Jubil\u00e9 des Familles, des Grands-Parents et des Personnes \u00c2g\u00e9es<\/strong> du <strong>30 Mai au 1<sup>er<\/sup> Juin<\/strong>, pour red\u00e9couvrir la beaut\u00e9 et la centralit\u00e9 de la famille dans la soci\u00e9t\u00e9.<\/p>\n<p>Juin sera d\u00e9di\u00e9 aux mouvements, aux associations et aux nouvelles communaut\u00e9s, mais aussi \u00e0 la Curie Romaine, aux Nonces et au sport. <strong>Du 7 au 8 Juin<\/strong> se tiendra, en effet, le <strong>Jubil\u00e9 des Mouvements, des Associations et des Nouvelles Communaut\u00e9s<\/strong>, tandis que le <strong>9 juin<\/strong> on c\u00e9l\u00e9brera le <strong>Jubil\u00e9 du Saint-Si\u00e8ge<\/strong>. Le mois se poursuivra avec le <strong>Jubil\u00e9 du Sport<\/strong> le <strong>14 et le 15 Juin<\/strong>, celui des <strong>Pouvoirs Publics<\/strong> du <strong>20 au 22 Juin<\/strong>, un moment de r\u00e9flexion et d\u2019engagement pour le bien commun de la part des tous ceux qui assurent des r\u00f4les de responsabilit\u00e9 politique au niveau national et international, et celui des <strong>S\u00e9minaristes le 23 et le 24 Juin, une occasion de discernement et de croissance vocationnelle pour tous les s\u00e9minaristes du monde<\/strong>. Les c\u00e9l\u00e9brations se concentreront de nouveau sur l\u2019\u00e9glise et ses ministres avec le <strong>Jubil\u00e9 des \u00c9v\u00eaques<\/strong> (<strong>25 Juin<\/strong>), celui des <strong>Pr\u00eatres<\/strong> (<strong>26-27 Juin<\/strong>) et celui des <strong>\u00c9glises Orientales<\/strong> (<strong>28 Juin<\/strong>).<\/p>\n<p>Le <strong>13 juillet<\/strong>, on c\u00e9l\u00e8brera le <strong>Jubil\u00e9 des D\u00e9tenus<\/strong>, tandis que celui des <strong>Jeunes<\/strong> aura lieu du <strong>28 juillet au 3 ao\u00fbt<\/strong>. En particulier, le 28 juillet, se tiendra la <strong>Journ\u00e9e Internationale de la Jeunesse<\/strong> \u00e0 Tor Vergata, pour alimenter la foi des jeunes et leur protagonisme dans l\u2019\u00c9glise et dans le monde.<\/p>\n<p>En septembre, se d\u00e9roulera le <strong>Jubil\u00e9 de la Consolation<\/strong> (<strong>14 et 15 septembre<\/strong>), tandis que <strong>le 20 et le 21<\/strong> du mois aura lieu le <strong>Jubil\u00e9 de ceux qui promeuvent et d\u00e9fendent la Justice<\/strong>. Le <strong>Jubil\u00e9 des Cat\u00e9chistes<\/strong> aura lieu <strong>du 26 au 28 septembre<\/strong>, pour reconna\u00eetre leur r\u00f4le fondamental dans la transmission de la foi.<\/p>\n<p>Octobre, mois o\u00f9 l\u2019on c\u00e9l\u00e8bre traditionnellement la <strong>F\u00eate des grands-parents<\/strong>, commencera avec le <strong>Jubil\u00e9 des Grands-Parents<\/strong> (<strong>4-5 octobre<\/strong>), afin de valoriser la sagesse et l\u2019exp\u00e9rience de qui a tellement \u00e0 offrir. Le <strong>8 et le 9 octobre<\/strong> se tiendra le <strong>Jubil\u00e9 de la Vie consacr\u00e9e<\/strong>, le <strong>11 et le 12<\/strong> celui de la <strong>Spiritualit\u00e9 mariale<\/strong>, le <strong>18 et le 19<\/strong> celui du <strong>Monde missionnaire<\/strong>. Le mois se conclura <strong>du 28 octobre au 2 novembre<\/strong> avec le <strong>Jubil\u00e9 du Monde \u00e9ducatif<\/strong>, une occasion unique pour c\u00e9l\u00e9brer le r\u00f4le essentiel de l\u2019\u00e9ducation dans la transmission des valeurs et dans la construction d\u2019un futur meilleur.<\/p>\n<p>Enfin, en novembre, encore deux grands \u00e9v\u00e9nements jubilaires seront organis\u00e9s\u00a0: <strong>le 16 et le 17<\/strong> le J<strong>ubil\u00e9 des Pauvres et des personnes socialement exclues<\/strong>, tandis que <strong>du 21 au 23<\/strong> se tiendra celui des <strong>Ch\u0153urs et des Chorales<\/strong>, pour c\u00e9l\u00e9brer la beaut\u00e9 du chant choral et pour vivre une exp\u00e9rience de communion fraternelle.<\/p>\n<p>Le <strong>Jubil\u00e9 des D\u00e9tenus<\/strong>, qui se tiendra le <strong>14 d\u00e9cembre<\/strong>, sera le dernier des \u00e9v\u00e9nements jubilaires du Jubil\u00e9 2025, une occasion de rencontre et d\u2019esp\u00e9rance pour tous les d\u00e9tenus du monde, un moment pour c\u00e9l\u00e9brer la dignit\u00e9 de chaque personne, m\u00eame de ceux qui ont commis des erreurs, et pour r\u00e9affirmer le droit \u00e0 l\u2019espoir et \u00e0 la r\u00e9demption.<\/p>\n","protected":false},"excerpt":{"rendered":"<p>Le calendrier des \u00e9v\u00e9nements du Jubil\u00e9 2025 a \u00e9t\u00e9 publi\u00e9 : douze mois d\u2019\u00e9v\u00e9nements et occasions pour approfondir la foi, vivre la communion fraternelle et marcher ensemble comme \u00ab\u00a0p\u00e8lerins de l\u2019esp\u00e9rance\u00a0\u00bb. Le Jubil\u00e9 2025 sera l\u2019occasion pour vivre un temps de gr\u00e2ce et de mis\u00e9ricorde,&hellip;<\/p>\n","protected":false},"author":1,"featured_media":8098,"comment_status":"closed","ping_status":"open","sticky":false,"template":"","format":"standard","meta":{"_acf_changed":false,"footnotes":""},"categories":[13,8],"tags":[],"class_list":["post-8097","post","type-post","status-publish","format-standard","has-post-thumbnail","hentry","category-jubile-2025","category-articles-religieux"],"acf":[],"yoast_head":"<!-- This site is optimized with the Yoast SEO plugin v26.6 - https:\/\/yoast.com\/wordpress\/plugins\/seo\/ -->\n<title>Le calendrier des \u00e9v\u00e9nements du Jubil\u00e9 2025 - Holyart.fr Blog<\/title>\n<meta name=\"description\" content=\"Le calendrier du Jubil\u00e9 2025 pr\u00e9sente douze mois de rencontres finalis\u00e9es \u00e0 construire \u00e0 futur meilleur, bas\u00e9 sur fraternit\u00e9, solidarit\u00e9...\" \/>\n<meta name=\"robots\" content=\"index, follow, max-snippet:-1, max-image-preview:large, max-video-preview:-1\" \/>\n<link rel=\"canonical\" href=\"https:\/\/blog.holyart.it\/fr\/articles-religieux\/le-calendrier-des-evenements-du-jubile-2025\/\" \/>\n<meta property=\"og:locale\" content=\"fr_FR\" \/>\n<meta property=\"og:type\" content=\"article\" \/>\n<meta property=\"og:title\" content=\"Le calendrier des \u00e9v\u00e9nements du Jubil\u00e9 2025 - Holyart.fr Blog\" \/>\n<meta property=\"og:description\" content=\"Le calendrier du Jubil\u00e9 2025 pr\u00e9sente douze mois de rencontres finalis\u00e9es \u00e0 construire \u00e0 futur meilleur, bas\u00e9 sur fraternit\u00e9, solidarit\u00e9...\" \/>\n<meta property=\"og:url\" content=\"https:\/\/blog.holyart.it\/fr\/articles-religieux\/le-calendrier-des-evenements-du-jubile-2025\/\" \/>\n<meta property=\"og:site_name\" content=\"Holyart.fr Blog\" \/>\n<meta property=\"article:published_time\" content=\"2024-04-22T08:00:21+00:00\" \/>\n<meta property=\"article:modified_time\" content=\"2025-09-29T13:46:25+00:00\" \/>\n<meta property=\"og:image\" content=\"https:\/\/blog.holyart.it\/fr\/wp-content\/uploads\/sites\/14\/2024\/04\/Le-calendrier-des-evenements-du-Jubile-2025.jpg\" \/>\n\t<meta property=\"og:image:width\" content=\"1000\" \/>\n\t<meta property=\"og:image:height\" content=\"666\" \/>\n\t<meta property=\"og:image:type\" content=\"image\/jpeg\" \/>\n<meta name=\"author\" content=\"Redazione\" \/>\n<meta name=\"twitter:card\" content=\"summary_large_image\" \/>\n<meta name=\"twitter:label1\" content=\"\u00c9crit par\" \/>\n\t<meta name=\"twitter:data1\" content=\"Redazione\" \/>\n\t<meta name=\"twitter:label2\" content=\"Dur\u00e9e de lecture estim\u00e9e\" \/>\n\t<meta name=\"twitter:data2\" content=\"15 minutes\" \/>\n<script type=\"application\/ld+json\" class=\"yoast-schema-graph\">{\"@context\":\"https:\/\/schema.org\",\"@graph\":[{\"@type\":\"Article\",\"@id\":\"https:\/\/blog.holyart.it\/fr\/articles-religieux\/le-calendrier-des-evenements-du-jubile-2025\/#article\",\"isPartOf\":{\"@id\":\"https:\/\/blog.holyart.it\/fr\/articles-religieux\/le-calendrier-des-evenements-du-jubile-2025\/\"},\"author\":{\"name\":\"Redazione\",\"@id\":\"https:\/\/blog.holyart.it\/fr\/#\/schema\/person\/0a7b686e5af0f856ec1e390dd0baecda\"},\"headline\":\"Le calendrier des \u00e9v\u00e9nements du Jubil\u00e9 2025\",\"datePublished\":\"2024-04-22T08:00:21+00:00\",\"dateModified\":\"2025-09-29T13:46:25+00:00\",\"mainEntityOfPage\":{\"@id\":\"https:\/\/blog.holyart.it\/fr\/articles-religieux\/le-calendrier-des-evenements-du-jubile-2025\/\"},\"wordCount\":2775,\"publisher\":{\"@id\":\"https:\/\/blog.holyart.it\/fr\/#organization\"},\"image\":{\"@id\":\"https:\/\/blog.holyart.it\/fr\/articles-religieux\/le-calendrier-des-evenements-du-jubile-2025\/#primaryimage\"},\"thumbnailUrl\":\"https:\/\/blog.holyart.it\/fr\/wp-content\/uploads\/sites\/14\/2024\/04\/Le-calendrier-des-evenements-du-Jubile-2025.jpg\",\"articleSection\":[\"Jubil\u00e9 2025\",\"Religion\"],\"inLanguage\":\"fr-FR\"},{\"@type\":\"WebPage\",\"@id\":\"https:\/\/blog.holyart.it\/fr\/articles-religieux\/le-calendrier-des-evenements-du-jubile-2025\/\",\"url\":\"https:\/\/blog.holyart.it\/fr\/articles-religieux\/le-calendrier-des-evenements-du-jubile-2025\/\",\"name\":\"Le calendrier des \u00e9v\u00e9nements du Jubil\u00e9 2025 - Holyart.fr Blog\",\"isPartOf\":{\"@id\":\"https:\/\/blog.holyart.it\/fr\/#website\"},\"primaryImageOfPage\":{\"@id\":\"https:\/\/blog.holyart.it\/fr\/articles-religieux\/le-calendrier-des-evenements-du-jubile-2025\/#primaryimage\"},\"image\":{\"@id\":\"https:\/\/blog.holyart.it\/fr\/articles-religieux\/le-calendrier-des-evenements-du-jubile-2025\/#primaryimage\"},\"thumbnailUrl\":\"https:\/\/blog.holyart.it\/fr\/wp-content\/uploads\/sites\/14\/2024\/04\/Le-calendrier-des-evenements-du-Jubile-2025.jpg\",\"datePublished\":\"2024-04-22T08:00:21+00:00\",\"dateModified\":\"2025-09-29T13:46:25+00:00\",\"description\":\"Le calendrier du Jubil\u00e9 2025 pr\u00e9sente douze mois de rencontres finalis\u00e9es \u00e0 construire \u00e0 futur meilleur, bas\u00e9 sur fraternit\u00e9, solidarit\u00e9...\",\"breadcrumb\":{\"@id\":\"https:\/\/blog.holyart.it\/fr\/articles-religieux\/le-calendrier-des-evenements-du-jubile-2025\/#breadcrumb\"},\"inLanguage\":\"fr-FR\",\"potentialAction\":[{\"@type\":\"ReadAction\",\"target\":[\"https:\/\/blog.holyart.it\/fr\/articles-religieux\/le-calendrier-des-evenements-du-jubile-2025\/\"]}]},{\"@type\":\"ImageObject\",\"inLanguage\":\"fr-FR\",\"@id\":\"https:\/\/blog.holyart.it\/fr\/articles-religieux\/le-calendrier-des-evenements-du-jubile-2025\/#primaryimage\",\"url\":\"https:\/\/blog.holyart.it\/fr\/wp-content\/uploads\/sites\/14\/2024\/04\/Le-calendrier-des-evenements-du-Jubile-2025.jpg\",\"contentUrl\":\"https:\/\/blog.holyart.it\/fr\/wp-content\/uploads\/sites\/14\/2024\/04\/Le-calendrier-des-evenements-du-Jubile-2025.jpg\",\"width\":1000,\"height\":666,\"caption\":\"Le calendrier des \u00e9v\u00e9nements du Jubil\u00e9 2025\"},{\"@type\":\"BreadcrumbList\",\"@id\":\"https:\/\/blog.holyart.it\/fr\/articles-religieux\/le-calendrier-des-evenements-du-jubile-2025\/#breadcrumb\",\"itemListElement\":[{\"@type\":\"ListItem\",\"position\":1,\"name\":\"Homepage\",\"item\":\"https:\/\/blog.holyart.it\/fr\/\"},{\"@type\":\"ListItem\",\"position\":2,\"name\":\"Jubil\u00e9 2025\",\"item\":\"https:\/\/blog.holyart.it\/fr\/jubile-2025\/\"},{\"@type\":\"ListItem\",\"position\":3,\"name\":\"Le calendrier des \u00e9v\u00e9nements du Jubil\u00e9 2025\"}]},{\"@type\":\"WebSite\",\"@id\":\"https:\/\/blog.holyart.it\/fr\/#website\",\"url\":\"https:\/\/blog.holyart.it\/fr\/\",\"name\":\"Holyart.fr Blog\",\"description\":\"Holyblog\",\"publisher\":{\"@id\":\"https:\/\/blog.holyart.it\/fr\/#organization\"},\"potentialAction\":[{\"@type\":\"SearchAction\",\"target\":{\"@type\":\"EntryPoint\",\"urlTemplate\":\"https:\/\/blog.holyart.it\/fr\/?s={search_term_string}\"},\"query-input\":{\"@type\":\"PropertyValueSpecification\",\"valueRequired\":true,\"valueName\":\"search_term_string\"}}],\"inLanguage\":\"fr-FR\"},{\"@type\":\"Organization\",\"@id\":\"https:\/\/blog.holyart.it\/fr\/#organization\",\"name\":\"Holyart.fr Blog\",\"url\":\"https:\/\/blog.holyart.it\/fr\/\",\"logo\":{\"@type\":\"ImageObject\",\"inLanguage\":\"fr-FR\",\"@id\":\"https:\/\/blog.holyart.it\/fr\/#\/schema\/logo\/image\/\",\"url\":\"https:\/\/blog.holyart.it\/fr\/wp-content\/uploads\/sites\/14\/2022\/12\/Holyart_Blog_Logo.jpg\",\"contentUrl\":\"https:\/\/blog.holyart.it\/fr\/wp-content\/uploads\/sites\/14\/2022\/12\/Holyart_Blog_Logo.jpg\",\"width\":300,\"height\":50,\"caption\":\"Holyart.fr Blog\"},\"image\":{\"@id\":\"https:\/\/blog.holyart.it\/fr\/#\/schema\/logo\/image\/\"}},{\"@type\":\"Person\",\"@id\":\"https:\/\/blog.holyart.it\/fr\/#\/schema\/person\/0a7b686e5af0f856ec1e390dd0baecda\",\"name\":\"Redazione\",\"image\":{\"@type\":\"ImageObject\",\"inLanguage\":\"fr-FR\",\"@id\":\"https:\/\/blog.holyart.it\/fr\/#\/schema\/person\/image\/\",\"url\":\"https:\/\/secure.gravatar.com\/avatar\/f477da817f43e50d0af36abecd33e3edf826c68299714bdc1057dff3b113f516?s=96&d=mm&r=g\",\"contentUrl\":\"https:\/\/secure.gravatar.com\/avatar\/f477da817f43e50d0af36abecd33e3edf826c68299714bdc1057dff3b113f516?s=96&d=mm&r=g\",\"caption\":\"Redazione\"},\"url\":\"https:\/\/blog.holyart.it\/fr\/author\/admin\/\"}]}<\/script>\n<!-- \/ Yoast SEO plugin. -->","yoast_head_json":{"title":"Le calendrier des \u00e9v\u00e9nements du Jubil\u00e9 2025 - Holyart.fr Blog","description":"Le calendrier du Jubil\u00e9 2025 pr\u00e9sente douze mois de rencontres finalis\u00e9es \u00e0 construire \u00e0 futur meilleur, bas\u00e9 sur fraternit\u00e9, solidarit\u00e9...","robots":{"index":"index","follow":"follow","max-snippet":"max-snippet:-1","max-image-preview":"max-image-preview:large","max-video-preview":"max-video-preview:-1"},"canonical":"https:\/\/blog.holyart.it\/fr\/articles-religieux\/le-calendrier-des-evenements-du-jubile-2025\/","og_locale":"fr_FR","og_type":"article","og_title":"Le calendrier des \u00e9v\u00e9nements du Jubil\u00e9 2025 - Holyart.fr Blog","og_description":"Le calendrier du Jubil\u00e9 2025 pr\u00e9sente douze mois de rencontres finalis\u00e9es \u00e0 construire \u00e0 futur meilleur, bas\u00e9 sur fraternit\u00e9, solidarit\u00e9...","og_url":"https:\/\/blog.holyart.it\/fr\/articles-religieux\/le-calendrier-des-evenements-du-jubile-2025\/","og_site_name":"Holyart.fr Blog","article_published_time":"2024-04-22T08:00:21+00:00","article_modified_time":"2025-09-29T13:46:25+00:00","og_image":[{"width":1000,"height":666,"url":"https:\/\/blog.holyart.it\/fr\/wp-content\/uploads\/sites\/14\/2024\/04\/Le-calendrier-des-evenements-du-Jubile-2025.jpg","type":"image\/jpeg"}],"author":"Redazione","twitter_card":"summary_large_image","twitter_misc":{"\u00c9crit par":"Redazione","Dur\u00e9e de lecture estim\u00e9e":"15 minutes"},"schema":{"@context":"https:\/\/schema.org","@graph":[{"@type":"Article","@id":"https:\/\/blog.holyart.it\/fr\/articles-religieux\/le-calendrier-des-evenements-du-jubile-2025\/#article","isPartOf":{"@id":"https:\/\/blog.holyart.it\/fr\/articles-religieux\/le-calendrier-des-evenements-du-jubile-2025\/"},"author":{"name":"Redazione","@id":"https:\/\/blog.holyart.it\/fr\/#\/schema\/person\/0a7b686e5af0f856ec1e390dd0baecda"},"headline":"Le calendrier des \u00e9v\u00e9nements du Jubil\u00e9 2025","datePublished":"2024-04-22T08:00:21+00:00","dateModified":"2025-09-29T13:46:25+00:00","mainEntityOfPage":{"@id":"https:\/\/blog.holyart.it\/fr\/articles-religieux\/le-calendrier-des-evenements-du-jubile-2025\/"},"wordCount":2775,"publisher":{"@id":"https:\/\/blog.holyart.it\/fr\/#organization"},"image":{"@id":"https:\/\/blog.holyart.it\/fr\/articles-religieux\/le-calendrier-des-evenements-du-jubile-2025\/#primaryimage"},"thumbnailUrl":"https:\/\/blog.holyart.it\/fr\/wp-content\/uploads\/sites\/14\/2024\/04\/Le-calendrier-des-evenements-du-Jubile-2025.jpg","articleSection":["Jubil\u00e9 2025","Religion"],"inLanguage":"fr-FR"},{"@type":"WebPage","@id":"https:\/\/blog.holyart.it\/fr\/articles-religieux\/le-calendrier-des-evenements-du-jubile-2025\/","url":"https:\/\/blog.holyart.it\/fr\/articles-religieux\/le-calendrier-des-evenements-du-jubile-2025\/","name":"Le calendrier des \u00e9v\u00e9nements du Jubil\u00e9 2025 - Holyart.fr Blog","isPartOf":{"@id":"https:\/\/blog.holyart.it\/fr\/#website"},"primaryImageOfPage":{"@id":"https:\/\/blog.holyart.it\/fr\/articles-religieux\/le-calendrier-des-evenements-du-jubile-2025\/#primaryimage"},"image":{"@id":"https:\/\/blog.holyart.it\/fr\/articles-religieux\/le-calendrier-des-evenements-du-jubile-2025\/#primaryimage"},"thumbnailUrl":"https:\/\/blog.holyart.it\/fr\/wp-content\/uploads\/sites\/14\/2024\/04\/Le-calendrier-des-evenements-du-Jubile-2025.jpg","datePublished":"2024-04-22T08:00:21+00:00","dateModified":"2025-09-29T13:46:25+00:00","description":"Le calendrier du Jubil\u00e9 2025 pr\u00e9sente douze mois de rencontres finalis\u00e9es \u00e0 construire \u00e0 futur meilleur, bas\u00e9 sur fraternit\u00e9, solidarit\u00e9...","breadcrumb":{"@id":"https:\/\/blog.holyart.it\/fr\/articles-religieux\/le-calendrier-des-evenements-du-jubile-2025\/#breadcrumb"},"inLanguage":"fr-FR","potentialAction":[{"@type":"ReadAction","target":["https:\/\/blog.holyart.it\/fr\/articles-religieux\/le-calendrier-des-evenements-du-jubile-2025\/"]}]},{"@type":"ImageObject","inLanguage":"fr-FR","@id":"https:\/\/blog.holyart.it\/fr\/articles-religieux\/le-calendrier-des-evenements-du-jubile-2025\/#primaryimage","url":"https:\/\/blog.holyart.it\/fr\/wp-content\/uploads\/sites\/14\/2024\/04\/Le-calendrier-des-evenements-du-Jubile-2025.jpg","contentUrl":"https:\/\/blog.holyart.it\/fr\/wp-content\/uploads\/sites\/14\/2024\/04\/Le-calendrier-des-evenements-du-Jubile-2025.jpg","width":1000,"height":666,"caption":"Le calendrier des \u00e9v\u00e9nements du Jubil\u00e9 2025"},{"@type":"BreadcrumbList","@id":"https:\/\/blog.holyart.it\/fr\/articles-religieux\/le-calendrier-des-evenements-du-jubile-2025\/#breadcrumb","itemListElement":[{"@type":"ListItem","position":1,"name":"Homepage","item":"https:\/\/blog.holyart.it\/fr\/"},{"@type":"ListItem","position":2,"name":"Jubil\u00e9 2025","item":"https:\/\/blog.holyart.it\/fr\/jubile-2025\/"},{"@type":"ListItem","position":3,"name":"Le calendrier des \u00e9v\u00e9nements du Jubil\u00e9 2025"}]},{"@type":"WebSite","@id":"https:\/\/blog.holyart.it\/fr\/#website","url":"https:\/\/blog.holyart.it\/fr\/","name":"Holyart.fr Blog","description":"Holyblog","publisher":{"@id":"https:\/\/blog.holyart.it\/fr\/#organization"},"potentialAction":[{"@type":"SearchAction","target":{"@type":"EntryPoint","urlTemplate":"https:\/\/blog.holyart.it\/fr\/?s={search_term_string}"},"query-input":{"@type":"PropertyValueSpecification","valueRequired":true,"valueName":"search_term_string"}}],"inLanguage":"fr-FR"},{"@type":"Organization","@id":"https:\/\/blog.holyart.it\/fr\/#organization","name":"Holyart.fr Blog","url":"https:\/\/blog.holyart.it\/fr\/","logo":{"@type":"ImageObject","inLanguage":"fr-FR","@id":"https:\/\/blog.holyart.it\/fr\/#\/schema\/logo\/image\/","url":"https:\/\/blog.holyart.it\/fr\/wp-content\/uploads\/sites\/14\/2022\/12\/Holyart_Blog_Logo.jpg","contentUrl":"https:\/\/blog.holyart.it\/fr\/wp-content\/uploads\/sites\/14\/2022\/12\/Holyart_Blog_Logo.jpg","width":300,"height":50,"caption":"Holyart.fr Blog"},"image":{"@id":"https:\/\/blog.holyart.it\/fr\/#\/schema\/logo\/image\/"}},{"@type":"Person","@id":"https:\/\/blog.holyart.it\/fr\/#\/schema\/person\/0a7b686e5af0f856ec1e390dd0baecda","name":"Redazione","image":{"@type":"ImageObject","inLanguage":"fr-FR","@id":"https:\/\/blog.holyart.it\/fr\/#\/schema\/person\/image\/","url":"https:\/\/secure.gravatar.com\/avatar\/f477da817f43e50d0af36abecd33e3edf826c68299714bdc1057dff3b113f516?s=96&d=mm&r=g","contentUrl":"https:\/\/secure.gravatar.com\/avatar\/f477da817f43e50d0af36abecd33e3edf826c68299714bdc1057dff3b113f516?s=96&d=mm&r=g","caption":"Redazione"},"url":"https:\/\/blog.holyart.it\/fr\/author\/admin\/"}]}},"_links":{"self":[{"href":"https:\/\/blog.holyart.it\/fr\/wp-json\/wp\/v2\/posts\/8097","targetHints":{"allow":["GET"]}}],"collection":[{"href":"https:\/\/blog.holyart.it\/fr\/wp-json\/wp\/v2\/posts"}],"about":[{"href":"https:\/\/blog.holyart.it\/fr\/wp-json\/wp\/v2\/types\/post"}],"author":[{"embeddable":true,"href":"https:\/\/blog.holyart.it\/fr\/wp-json\/wp\/v2\/users\/1"}],"replies":[{"embeddable":true,"href":"https:\/\/blog.holyart.it\/fr\/wp-json\/wp\/v2\/comments?post=8097"}],"version-history":[{"count":16,"href":"https:\/\/blog.holyart.it\/fr\/wp-json\/wp\/v2\/posts\/8097\/revisions"}],"predecessor-version":[{"id":11219,"href":"https:\/\/blog.holyart.it\/fr\/wp-json\/wp\/v2\/posts\/8097\/revisions\/11219"}],"wp:featuredmedia":[{"embeddable":true,"href":"https:\/\/blog.holyart.it\/fr\/wp-json\/wp\/v2\/media\/8098"}],"wp:attachment":[{"href":"https:\/\/blog.holyart.it\/fr\/wp-json\/wp\/v2\/media?parent=8097"}],"wp:term":[{"taxonomy":"category","embeddable":true,"href":"https:\/\/blog.holyart.it\/fr\/wp-json\/wp\/v2\/categories?post=8097"},{"taxonomy":"post_tag","embeddable":true,"href":"https:\/\/blog.holyart.it\/fr\/wp-json\/wp\/v2\/tags?post=8097"}],"curies":[{"name":"wp","href":"https:\/\/api.w.org\/{rel}","templated":true}]}}