{"id":8051,"date":"2024-04-03T10:00:26","date_gmt":"2024-04-03T08:00:26","guid":{"rendered":"https:\/\/blog.holyart.it\/fr\/?p=8051"},"modified":"2025-01-03T17:14:59","modified_gmt":"2025-01-03T16:14:59","slug":"la-priere-des-5-doigts-du-pape-francois","status":"publish","type":"post","link":"https:\/\/blog.holyart.it\/fr\/articles-religieux\/la-priere-des-5-doigts-du-pape-francois\/","title":{"rendered":"La pri\u00e8re des 5 doigts du Pape Fran\u00e7ois"},"content":{"rendered":"<h4><em>La pri\u00e8re des 5 doigts est un moyen efficace sugg\u00e9r\u00e9 par Pape Fran\u00e7ois pour n\u2019oublier personne dans nos pri\u00e8res<\/em><\/h4>\n<p>Quand <a href=\"https:\/\/www.holyart.fr\/occasions-speciales\/pape-francois\"><strong>Pape Fran\u00e7ois<\/strong><\/a> \u00e9tait \u00c9v\u00eaque de Buenos Aires, il manifestait d\u00e9j\u00e0 toutes ces caract\u00e9ristiques humaines et d\u2019homme de foi que nous appr\u00e9cions tous aujourd\u2019hui encore. D\u2019abord et avant tout, son amour pour la simplicit\u00e9, \u00e0 ne pas confondre avec la banalit\u00e9 ou la superficialit\u00e9. Par simplicit\u00e9 on entend sa capacit\u00e9 \u00e0 rendre des concepts et des actions m\u00eame tr\u00e8s complexes, solennels et profonds facilement compr\u00e9hensibles et accessibles \u00e0 tous. Comme quand on essaie d\u2019expliquer quelque chose de compliqu\u00e9 et de difficile \u00e0 comprendre \u00e0 un enfant. La pri\u00e8re des 5 doigts rentre justement dans ce genre de messages et d\u2019instruments \u00ab\u00a0facilit\u00e9s\u00a0\u00bb cr\u00e9\u00e9s par le Pontife afin d\u2019atteindre le plus grand nombre de fid\u00e8les possibles et de les aider dans leur chemin de d\u00e9votion et de foi.<\/p>\n<div class=\"link-product\">\n<div class=\"blocco-immagine\"><img loading=\"lazy\" decoding=\"async\" class=\"size-full wp-image-8052 alignleft\" src=\"https:\/\/blog.holyart.it\/fr\/wp-content\/uploads\/sites\/14\/2024\/03\/pape-francois.jpg\" alt=\"Pape francois\" width=\"100\" height=\"100\" data-kale-share-title=\"La pri\u00e8re des 5 doigts du Pape Fran\u00e7ois\" data-kale-share-url=\"https:\/\/blog.holyart.it\/fr\/?p=8051\" \/><\/div>\n<div class=\"blocco-contenuto\">\n<div class=\"blocco-acquista\">Acheter sur Holyart:<\/div>\n<div class=\"blocco-titolo\"><a href=\"https:\/\/www.holyart.fr\/occasions-speciales\/pape-francois?page=1&amp;_gl=1*1tua388*_gcl_aw*R0NMLjE3MDcxMzI0NjMuQ2p3S0NBaUFxNEt1QmhBNkVpd0FyTUF3MUhUUEpHdlQ0N000UXRPRXdmR19mREJRTVp3d21oUEdfak1mN05xUElYLU8tOHhNalNnZlpSb0NNWVFRQXZEX0J3RQ..*_gcl_au*MjEzMjgwNzUyLjE3MDI1NjUxODE.*_ga*MTQ4NzE4MjM0Mi4xNjk0Nzg4MTQz*_ga_W18MV136NH*MTcwOTY0NzU3NS4zNTYuMS4xNzA5NjUwNTU1LjAuMC4w\">Pape Fran\u00e7ois<\/a><\/div>\n<div class=\"blocco-descrizione\">Cat\u00e9gorie d\u00e9di\u00e9e \u00e0 Pape Jorge Mario Bergoglio.<\/div>\n<\/div>\n<\/div>\n<p>&nbsp;<\/p>\n<p>Pape Fran\u00e7ois \u00e9crivit cette pri\u00e8re il y a plus de vingt ans et en fit tout de suite cadeau aux d\u00e9vots argentins, qui l\u2019appr\u00e9ci\u00e8rent \u00e9norm\u00e9ment. La pri\u00e8re des 5 doigts n\u2019est d\u2019autre qu\u2019une <strong>liste de personnes<\/strong> pour lesquelles il est juste et naturel de prier chaque jour, subdivis\u00e9e en groupes \u00ab\u00a0associ\u00e9s\u00a0\u00bb aux doigts d\u2019une main, afin d\u2019\u00e9tablir une sorte d\u2019\u00e9chelle de priorit\u00e9s. Le concept de base est unique : l\u2019<strong>amour envers son prochain<\/strong>.<br \/>\nNous avons d\u00e9j\u00e0 vu, en nous attardant sur les figures de saints et bienheureux, comme <a href=\"https:\/\/www.holyart.fr\/blog\/articles-religieux\/mere-teresa-symbole-de-charite\/\"><strong>M\u00e8re Teresa de Calcutta<\/strong><\/a>, comment le concept de charit\u00e9 est important et incontournable pour un chr\u00e9tien. La charit\u00e9 est la vertu au nom de laquelle l\u2019homme aime Dieu au-dessus de tout autre chose et son prochain comme soi-m\u00eame. La base de la charit\u00e9 est l\u2019<strong>amour<\/strong>. J\u00e9sus nous a laiss\u00e9 un commandement nouveau, le plus important de tous \u00e0 bien des \u00e9gards, qui devrait \u00eatre \u00e0 la base de notre vie de tous les jours\u00a0: <em>\u00ab\u00a0Je vous donne un commandement nouveau\u00a0: Aimez-vous les uns les autres\u00a0; comme je vous ai aim\u00e9s, vous aussi, aimez-vous les uns les autres<\/em>\u00a0\u00bb (Jean 13,34).<\/p>\n<div class=\"link-article\">\n<p><img loading=\"lazy\" decoding=\"async\" class=\"size-full wp-image-8053 alignleft\" src=\"https:\/\/blog.holyart.it\/fr\/wp-content\/uploads\/sites\/14\/2024\/03\/Mere-Teresa.png\" alt=\"Mere Teresa\" width=\"150\" height=\"99\" data-kale-share-title=\"La pri\u00e8re des 5 doigts du Pape Fran\u00e7ois\" data-kale-share-url=\"https:\/\/blog.holyart.it\/fr\/?p=8051\" \/><\/p>\n<div class=\"leggi-anche\">Lire aussi :<\/div>\n<p><strong><a href=\"https:\/\/www.holyart.fr\/blog\/articles-religieux\/mere-teresa-symbole-de-charite\/\">M\u00e8re Teresa : symbole de charit\u00e9<\/a><\/strong><br \/>\nUne nouvelle ann\u00e9e vient de commencer. C\u2019est le moment des bilans et des bons propos. Et si notre propos le plus important et le plus sinc\u00e8re \u00e9tait la charit\u00e9 envers les autres ? M\u00e8re Teresa de Calcutta est&#8230;<\/p>\n<\/div>\n<p>L\u2019amour doit \u00eatre la priorit\u00e9 pour chacun d\u2019entre nous, non seulement dans l\u2019aide au prochain, qui peut se manifester avec des <a href=\"https:\/\/www.holyart.fr\/blog\/articles-religieux\/faire-laumone-est-ce-de-la-charite\/\"><strong>\u0153uvres de charit\u00e9 et de mis\u00e9ricorde<\/strong><\/a>, mais, avant tout, avec l\u2019amour pour qui nous est proche. La pri\u00e8re de Pape Fran\u00e7ois se base sur\u00a0:<\/p>\n<ul>\n<li>amour pour la famille ;<\/li>\n<li>d\u00e9vouement \u00e0 son prochain ;<\/li>\n<li>accueil ;<\/li>\n<li>mis\u00e9ricorde ;<\/li>\n<li>d\u00e9vouement \u00e0 Dieu.<\/li>\n<\/ul>\n<p>Pendant le mois d\u2019<a href=\"https:\/\/www.holyart.fr\/blog\/articles-religieux\/octobre-le-mois-du-saint-rosaire\/\"><strong>octobre, mois du Rosaire<\/strong><\/a>, rappelons-nous de l\u2019importance de l\u2019amour, de combien il est prioritaire dans notre existence. Le <a href=\"https:\/\/www.holyart.fr\/articles-religieux\/chapelets-et-etuis-a-chapelet\/chapelets-parfumes\/chapelet-parfume-au-jasmin-rouge-pape-francois\"><strong>Rosaire<\/strong><\/a> est un instrument de d\u00e9votion id\u00e9al pour v\u00e9hiculer cet amour, car parmi toutes les pri\u00e8res, c\u2019est celle qui nous rapproche le plus de J\u00e9sus, \u00e0 travers l\u2019intercession de Sa M\u00e8re et en imitant son exemple.<\/p>\n<div class=\"link-product\">\n<div class=\"blocco-immagine\"><img loading=\"lazy\" decoding=\"async\" class=\"size-full wp-image-8054 alignleft\" src=\"https:\/\/blog.holyart.it\/fr\/wp-content\/uploads\/sites\/14\/2024\/03\/Chapelet-parfume-au-jasmin-rouge.jpg\" alt=\"Chapelet parfum\u00e9 au jasmin rouge\" width=\"100\" height=\"100\" data-kale-share-title=\"La pri\u00e8re des 5 doigts du Pape Fran\u00e7ois\" data-kale-share-url=\"https:\/\/blog.holyart.it\/fr\/?p=8051\" \/><\/div>\n<div class=\"blocco-contenuto\">\n<div class=\"blocco-acquista\">Acheter sur Holyart:<\/div>\n<div class=\"blocco-titolo\"><a href=\"https:\/\/www.holyart.fr\/articles-religieux\/chapelets-et-etuis-a-chapelet\/chapelets-parfumes\/chapelet-parfume-au-jasmin-rouge-pape-francois?_gl=1*1xfltl*_gcl_aw*R0NMLjE3MDcxMzI0NjMuQ2p3S0NBaUFxNEt1QmhBNkVpd0FyTUF3MUhUUEpHdlQ0N000UXRPRXdmR19mREJRTVp3d21oUEdfak1mN05xUElYLU8tOHhNalNnZlpSb0NNWVFRQXZEX0J3RQ..*_gcl_au*MjEzMjgwNzUyLjE3MDI1NjUxODE.*_ga*MTQ4NzE4MjM0Mi4xNjk0Nzg4MTQz*_ga_W18MV136NH*MTcwOTY0NzU3NS4zNTYuMS4xNzA5NjUwODEyLjAuMC4w\">Chapelet parfum\u00e9 au jasmin rouge Pape Fran\u00e7ois<\/a><\/div>\n<div class=\"blocco-descrizione\">Chapelet avec grains de 7 mm en pvc parfum\u00e9, croix du Bon Pasteur de Pape Fran\u00e7ois et m\u00e9daille avec son image.<\/div>\n<\/div>\n<\/div>\n<h2>Pri\u00e8re des 5 doigts du Pape Fran\u00e7ois<\/h2>\n<p><strong>Le pouce est le doigt le plus proche de vous.<\/strong><br \/>\nDonc commencez par prier pour ceux qui sont les plus proches. Ce sont les plus susceptibles de revenir \u00e0 vos m\u00e9moires. Prier pour les gens qui nous sont tr\u00e8s chers est \u00ab\u00a0un doux devoir\u00a0\u00bb.<\/p>\n<p><strong>Le doigt suivant est l\u2019index.<\/strong><br \/>\nPriez pour ceux qui enseignent, ceux qui s\u2019occupent de l\u2019\u00e9ducation et des soins m\u00e9dicaux\u00a0: pour les enseignants, les professeurs, les m\u00e9decins et les pr\u00eatres, les cat\u00e9chistes. Ils ont besoin de soutien et de sagesse afin qu\u2019ils puissent montrer le droit chemin aux autres. Ne les oubliez pas dans vos pri\u00e8res.<\/p>\n<p><strong>Le doigt qui suit est le majeur, le plus long.<\/strong><br \/>\nIl nous rappelle nos gouvernants. Priez pour le Pr\u00e9sident, pour les d\u00e9put\u00e9s, pour les entrepreneurs et pour les administrateurs. Ce sont eux qui dirigent le destin de notre pays et sont charg\u00e9s de guider l\u2019opinion publique. Ils ont besoin de l\u2019aide de Dieu.<\/p>\n<p><strong>Le quatri\u00e8me doigt est l\u2019annulaire.<\/strong><br \/>\nBien que cela puisse surprendre la plupart des gens, c\u2019est notre doigt le plus faible, et tout professeur de piano peut le confirmer. Vous devez vous rappeler de prier pour les faibles, pour ceux qui ont beaucoup de probl\u00e8mes \u00e0 r\u00e9soudre ou qui sont \u00e9prouv\u00e9s par la maladie. Ils ont besoin de vos pri\u00e8res jour et nuit. Il n\u2019y aura jamais trop de pri\u00e8res pour ces personnes. Nous sommes aussi invit\u00e9s \u00e0 prier pour les mariages.<\/p>\n<p><strong>Et enfin, il y a notre petit doigt.<\/strong><br \/>\nLe plus petit de tous les doigts, aussi petit que nous devons nous tenir devant Dieu et devant les autres. Comme le dit la Bible, \u00ab\u00a0les derniers seront les premiers\u00a0\u00bb. Le petit doigt est l\u00e0 pour vous rappeler que vous devez prier pour vous-m\u00eame. Ce n\u2019est que lorsque vous avez pri\u00e9 pour les quatre autres groupes, que vous pouvez le faire pour vous en toute confiance.<\/p>\n","protected":false},"excerpt":{"rendered":"<p>La pri\u00e8re des 5 doigts est un moyen efficace sugg\u00e9r\u00e9 par Pape Fran\u00e7ois pour n\u2019oublier personne dans nos pri\u00e8res Quand Pape Fran\u00e7ois \u00e9tait \u00c9v\u00eaque de Buenos Aires, il manifestait d\u00e9j\u00e0 toutes ces caract\u00e9ristiques humaines et d\u2019homme de foi que nous appr\u00e9cions tous aujourd\u2019hui encore. D\u2019abord&hellip;<\/p>\n","protected":false},"author":1,"featured_media":8055,"comment_status":"closed","ping_status":"open","sticky":false,"template":"","format":"standard","meta":{"_acf_changed":false,"footnotes":""},"categories":[8],"tags":[],"class_list":["post-8051","post","type-post","status-publish","format-standard","has-post-thumbnail","hentry","category-articles-religieux"],"acf":[],"yoast_head":"<!-- This site is optimized with the Yoast SEO plugin v26.6 - https:\/\/yoast.com\/wordpress\/plugins\/seo\/ -->\n<title>La pri\u00e8re des 5 doigts du Pape Fran\u00e7ois - Holyart.fr Blog<\/title>\n<meta name=\"description\" content=\"La pri\u00e8re des 5 doigts de Pape Fran\u00e7ois nous guide dans la pri\u00e8re quotidienne pour n\u2019oublier aucun de ceux que nous aimons, qu\u2019ils soient...\" \/>\n<meta name=\"robots\" content=\"index, follow, max-snippet:-1, max-image-preview:large, max-video-preview:-1\" \/>\n<link rel=\"canonical\" href=\"https:\/\/blog.holyart.it\/fr\/articles-religieux\/la-priere-des-5-doigts-du-pape-francois\/\" \/>\n<meta property=\"og:locale\" content=\"fr_FR\" \/>\n<meta property=\"og:type\" content=\"article\" \/>\n<meta property=\"og:title\" content=\"La pri\u00e8re des 5 doigts du Pape Fran\u00e7ois - Holyart.fr Blog\" \/>\n<meta property=\"og:description\" content=\"La pri\u00e8re des 5 doigts de Pape Fran\u00e7ois nous guide dans la pri\u00e8re quotidienne pour n\u2019oublier aucun de ceux que nous aimons, qu\u2019ils soient...\" \/>\n<meta property=\"og:url\" content=\"https:\/\/blog.holyart.it\/fr\/articles-religieux\/la-priere-des-5-doigts-du-pape-francois\/\" \/>\n<meta property=\"og:site_name\" content=\"Holyart.fr Blog\" \/>\n<meta property=\"article:published_time\" content=\"2024-04-03T08:00:26+00:00\" \/>\n<meta property=\"article:modified_time\" content=\"2025-01-03T16:14:59+00:00\" \/>\n<meta property=\"og:image\" content=\"https:\/\/blog.holyart.it\/fr\/wp-content\/uploads\/sites\/14\/2024\/03\/La-priere-des-5-doigts-du-Pape-Francois.jpg\" \/>\n\t<meta property=\"og:image:width\" content=\"1000\" \/>\n\t<meta property=\"og:image:height\" content=\"666\" \/>\n\t<meta property=\"og:image:type\" content=\"image\/jpeg\" \/>\n<meta name=\"author\" content=\"Redazione\" \/>\n<meta name=\"twitter:card\" content=\"summary_large_image\" \/>\n<meta name=\"twitter:label1\" content=\"\u00c9crit par\" \/>\n\t<meta name=\"twitter:data1\" content=\"Redazione\" \/>\n\t<meta name=\"twitter:label2\" content=\"Dur\u00e9e de lecture estim\u00e9e\" \/>\n\t<meta name=\"twitter:data2\" content=\"6 minutes\" \/>\n<script type=\"application\/ld+json\" class=\"yoast-schema-graph\">{\"@context\":\"https:\/\/schema.org\",\"@graph\":[{\"@type\":\"Article\",\"@id\":\"https:\/\/blog.holyart.it\/fr\/articles-religieux\/la-priere-des-5-doigts-du-pape-francois\/#article\",\"isPartOf\":{\"@id\":\"https:\/\/blog.holyart.it\/fr\/articles-religieux\/la-priere-des-5-doigts-du-pape-francois\/\"},\"author\":{\"name\":\"Redazione\",\"@id\":\"https:\/\/blog.holyart.it\/fr\/#\/schema\/person\/0a7b686e5af0f856ec1e390dd0baecda\"},\"headline\":\"La pri\u00e8re des 5 doigts du Pape Fran\u00e7ois\",\"datePublished\":\"2024-04-03T08:00:26+00:00\",\"dateModified\":\"2025-01-03T16:14:59+00:00\",\"mainEntityOfPage\":{\"@id\":\"https:\/\/blog.holyart.it\/fr\/articles-religieux\/la-priere-des-5-doigts-du-pape-francois\/\"},\"wordCount\":951,\"publisher\":{\"@id\":\"https:\/\/blog.holyart.it\/fr\/#organization\"},\"image\":{\"@id\":\"https:\/\/blog.holyart.it\/fr\/articles-religieux\/la-priere-des-5-doigts-du-pape-francois\/#primaryimage\"},\"thumbnailUrl\":\"https:\/\/blog.holyart.it\/fr\/wp-content\/uploads\/sites\/14\/2024\/03\/La-priere-des-5-doigts-du-Pape-Francois.jpg\",\"articleSection\":[\"Religion\"],\"inLanguage\":\"fr-FR\"},{\"@type\":\"WebPage\",\"@id\":\"https:\/\/blog.holyart.it\/fr\/articles-religieux\/la-priere-des-5-doigts-du-pape-francois\/\",\"url\":\"https:\/\/blog.holyart.it\/fr\/articles-religieux\/la-priere-des-5-doigts-du-pape-francois\/\",\"name\":\"La pri\u00e8re des 5 doigts du Pape Fran\u00e7ois - Holyart.fr Blog\",\"isPartOf\":{\"@id\":\"https:\/\/blog.holyart.it\/fr\/#website\"},\"primaryImageOfPage\":{\"@id\":\"https:\/\/blog.holyart.it\/fr\/articles-religieux\/la-priere-des-5-doigts-du-pape-francois\/#primaryimage\"},\"image\":{\"@id\":\"https:\/\/blog.holyart.it\/fr\/articles-religieux\/la-priere-des-5-doigts-du-pape-francois\/#primaryimage\"},\"thumbnailUrl\":\"https:\/\/blog.holyart.it\/fr\/wp-content\/uploads\/sites\/14\/2024\/03\/La-priere-des-5-doigts-du-Pape-Francois.jpg\",\"datePublished\":\"2024-04-03T08:00:26+00:00\",\"dateModified\":\"2025-01-03T16:14:59+00:00\",\"description\":\"La pri\u00e8re des 5 doigts de Pape Fran\u00e7ois nous guide dans la pri\u00e8re quotidienne pour n\u2019oublier aucun de ceux que nous aimons, qu\u2019ils soient...\",\"breadcrumb\":{\"@id\":\"https:\/\/blog.holyart.it\/fr\/articles-religieux\/la-priere-des-5-doigts-du-pape-francois\/#breadcrumb\"},\"inLanguage\":\"fr-FR\",\"potentialAction\":[{\"@type\":\"ReadAction\",\"target\":[\"https:\/\/blog.holyart.it\/fr\/articles-religieux\/la-priere-des-5-doigts-du-pape-francois\/\"]}]},{\"@type\":\"ImageObject\",\"inLanguage\":\"fr-FR\",\"@id\":\"https:\/\/blog.holyart.it\/fr\/articles-religieux\/la-priere-des-5-doigts-du-pape-francois\/#primaryimage\",\"url\":\"https:\/\/blog.holyart.it\/fr\/wp-content\/uploads\/sites\/14\/2024\/03\/La-priere-des-5-doigts-du-Pape-Francois.jpg\",\"contentUrl\":\"https:\/\/blog.holyart.it\/fr\/wp-content\/uploads\/sites\/14\/2024\/03\/La-priere-des-5-doigts-du-Pape-Francois.jpg\",\"width\":1000,\"height\":666,\"caption\":\"La pri\u00e8re des 5 doigts du Pape Fran\u00e7ois\"},{\"@type\":\"BreadcrumbList\",\"@id\":\"https:\/\/blog.holyart.it\/fr\/articles-religieux\/la-priere-des-5-doigts-du-pape-francois\/#breadcrumb\",\"itemListElement\":[{\"@type\":\"ListItem\",\"position\":1,\"name\":\"Homepage\",\"item\":\"https:\/\/blog.holyart.it\/fr\/\"},{\"@type\":\"ListItem\",\"position\":2,\"name\":\"Religion\",\"item\":\"https:\/\/blog.holyart.it\/fr\/articles-religieux\/\"},{\"@type\":\"ListItem\",\"position\":3,\"name\":\"La pri\u00e8re des 5 doigts du Pape Fran\u00e7ois\"}]},{\"@type\":\"WebSite\",\"@id\":\"https:\/\/blog.holyart.it\/fr\/#website\",\"url\":\"https:\/\/blog.holyart.it\/fr\/\",\"name\":\"Holyart.fr Blog\",\"description\":\"Holyblog\",\"publisher\":{\"@id\":\"https:\/\/blog.holyart.it\/fr\/#organization\"},\"potentialAction\":[{\"@type\":\"SearchAction\",\"target\":{\"@type\":\"EntryPoint\",\"urlTemplate\":\"https:\/\/blog.holyart.it\/fr\/?s={search_term_string}\"},\"query-input\":{\"@type\":\"PropertyValueSpecification\",\"valueRequired\":true,\"valueName\":\"search_term_string\"}}],\"inLanguage\":\"fr-FR\"},{\"@type\":\"Organization\",\"@id\":\"https:\/\/blog.holyart.it\/fr\/#organization\",\"name\":\"Holyart.fr Blog\",\"url\":\"https:\/\/blog.holyart.it\/fr\/\",\"logo\":{\"@type\":\"ImageObject\",\"inLanguage\":\"fr-FR\",\"@id\":\"https:\/\/blog.holyart.it\/fr\/#\/schema\/logo\/image\/\",\"url\":\"https:\/\/blog.holyart.it\/fr\/wp-content\/uploads\/sites\/14\/2022\/12\/Holyart_Blog_Logo.jpg\",\"contentUrl\":\"https:\/\/blog.holyart.it\/fr\/wp-content\/uploads\/sites\/14\/2022\/12\/Holyart_Blog_Logo.jpg\",\"width\":300,\"height\":50,\"caption\":\"Holyart.fr Blog\"},\"image\":{\"@id\":\"https:\/\/blog.holyart.it\/fr\/#\/schema\/logo\/image\/\"}},{\"@type\":\"Person\",\"@id\":\"https:\/\/blog.holyart.it\/fr\/#\/schema\/person\/0a7b686e5af0f856ec1e390dd0baecda\",\"name\":\"Redazione\",\"image\":{\"@type\":\"ImageObject\",\"inLanguage\":\"fr-FR\",\"@id\":\"https:\/\/blog.holyart.it\/fr\/#\/schema\/person\/image\/\",\"url\":\"https:\/\/secure.gravatar.com\/avatar\/f477da817f43e50d0af36abecd33e3edf826c68299714bdc1057dff3b113f516?s=96&d=mm&r=g\",\"contentUrl\":\"https:\/\/secure.gravatar.com\/avatar\/f477da817f43e50d0af36abecd33e3edf826c68299714bdc1057dff3b113f516?s=96&d=mm&r=g\",\"caption\":\"Redazione\"},\"url\":\"https:\/\/blog.holyart.it\/fr\/author\/admin\/\"}]}<\/script>\n<!-- \/ Yoast SEO plugin. -->","yoast_head_json":{"title":"La pri\u00e8re des 5 doigts du Pape Fran\u00e7ois - Holyart.fr Blog","description":"La pri\u00e8re des 5 doigts de Pape Fran\u00e7ois nous guide dans la pri\u00e8re quotidienne pour n\u2019oublier aucun de ceux que nous aimons, qu\u2019ils soient...","robots":{"index":"index","follow":"follow","max-snippet":"max-snippet:-1","max-image-preview":"max-image-preview:large","max-video-preview":"max-video-preview:-1"},"canonical":"https:\/\/blog.holyart.it\/fr\/articles-religieux\/la-priere-des-5-doigts-du-pape-francois\/","og_locale":"fr_FR","og_type":"article","og_title":"La pri\u00e8re des 5 doigts du Pape Fran\u00e7ois - Holyart.fr Blog","og_description":"La pri\u00e8re des 5 doigts de Pape Fran\u00e7ois nous guide dans la pri\u00e8re quotidienne pour n\u2019oublier aucun de ceux que nous aimons, qu\u2019ils soient...","og_url":"https:\/\/blog.holyart.it\/fr\/articles-religieux\/la-priere-des-5-doigts-du-pape-francois\/","og_site_name":"Holyart.fr Blog","article_published_time":"2024-04-03T08:00:26+00:00","article_modified_time":"2025-01-03T16:14:59+00:00","og_image":[{"width":1000,"height":666,"url":"https:\/\/blog.holyart.it\/fr\/wp-content\/uploads\/sites\/14\/2024\/03\/La-priere-des-5-doigts-du-Pape-Francois.jpg","type":"image\/jpeg"}],"author":"Redazione","twitter_card":"summary_large_image","twitter_misc":{"\u00c9crit par":"Redazione","Dur\u00e9e de lecture estim\u00e9e":"6 minutes"},"schema":{"@context":"https:\/\/schema.org","@graph":[{"@type":"Article","@id":"https:\/\/blog.holyart.it\/fr\/articles-religieux\/la-priere-des-5-doigts-du-pape-francois\/#article","isPartOf":{"@id":"https:\/\/blog.holyart.it\/fr\/articles-religieux\/la-priere-des-5-doigts-du-pape-francois\/"},"author":{"name":"Redazione","@id":"https:\/\/blog.holyart.it\/fr\/#\/schema\/person\/0a7b686e5af0f856ec1e390dd0baecda"},"headline":"La pri\u00e8re des 5 doigts du Pape Fran\u00e7ois","datePublished":"2024-04-03T08:00:26+00:00","dateModified":"2025-01-03T16:14:59+00:00","mainEntityOfPage":{"@id":"https:\/\/blog.holyart.it\/fr\/articles-religieux\/la-priere-des-5-doigts-du-pape-francois\/"},"wordCount":951,"publisher":{"@id":"https:\/\/blog.holyart.it\/fr\/#organization"},"image":{"@id":"https:\/\/blog.holyart.it\/fr\/articles-religieux\/la-priere-des-5-doigts-du-pape-francois\/#primaryimage"},"thumbnailUrl":"https:\/\/blog.holyart.it\/fr\/wp-content\/uploads\/sites\/14\/2024\/03\/La-priere-des-5-doigts-du-Pape-Francois.jpg","articleSection":["Religion"],"inLanguage":"fr-FR"},{"@type":"WebPage","@id":"https:\/\/blog.holyart.it\/fr\/articles-religieux\/la-priere-des-5-doigts-du-pape-francois\/","url":"https:\/\/blog.holyart.it\/fr\/articles-religieux\/la-priere-des-5-doigts-du-pape-francois\/","name":"La pri\u00e8re des 5 doigts du Pape Fran\u00e7ois - Holyart.fr Blog","isPartOf":{"@id":"https:\/\/blog.holyart.it\/fr\/#website"},"primaryImageOfPage":{"@id":"https:\/\/blog.holyart.it\/fr\/articles-religieux\/la-priere-des-5-doigts-du-pape-francois\/#primaryimage"},"image":{"@id":"https:\/\/blog.holyart.it\/fr\/articles-religieux\/la-priere-des-5-doigts-du-pape-francois\/#primaryimage"},"thumbnailUrl":"https:\/\/blog.holyart.it\/fr\/wp-content\/uploads\/sites\/14\/2024\/03\/La-priere-des-5-doigts-du-Pape-Francois.jpg","datePublished":"2024-04-03T08:00:26+00:00","dateModified":"2025-01-03T16:14:59+00:00","description":"La pri\u00e8re des 5 doigts de Pape Fran\u00e7ois nous guide dans la pri\u00e8re quotidienne pour n\u2019oublier aucun de ceux que nous aimons, qu\u2019ils soient...","breadcrumb":{"@id":"https:\/\/blog.holyart.it\/fr\/articles-religieux\/la-priere-des-5-doigts-du-pape-francois\/#breadcrumb"},"inLanguage":"fr-FR","potentialAction":[{"@type":"ReadAction","target":["https:\/\/blog.holyart.it\/fr\/articles-religieux\/la-priere-des-5-doigts-du-pape-francois\/"]}]},{"@type":"ImageObject","inLanguage":"fr-FR","@id":"https:\/\/blog.holyart.it\/fr\/articles-religieux\/la-priere-des-5-doigts-du-pape-francois\/#primaryimage","url":"https:\/\/blog.holyart.it\/fr\/wp-content\/uploads\/sites\/14\/2024\/03\/La-priere-des-5-doigts-du-Pape-Francois.jpg","contentUrl":"https:\/\/blog.holyart.it\/fr\/wp-content\/uploads\/sites\/14\/2024\/03\/La-priere-des-5-doigts-du-Pape-Francois.jpg","width":1000,"height":666,"caption":"La pri\u00e8re des 5 doigts du Pape Fran\u00e7ois"},{"@type":"BreadcrumbList","@id":"https:\/\/blog.holyart.it\/fr\/articles-religieux\/la-priere-des-5-doigts-du-pape-francois\/#breadcrumb","itemListElement":[{"@type":"ListItem","position":1,"name":"Homepage","item":"https:\/\/blog.holyart.it\/fr\/"},{"@type":"ListItem","position":2,"name":"Religion","item":"https:\/\/blog.holyart.it\/fr\/articles-religieux\/"},{"@type":"ListItem","position":3,"name":"La pri\u00e8re des 5 doigts du Pape Fran\u00e7ois"}]},{"@type":"WebSite","@id":"https:\/\/blog.holyart.it\/fr\/#website","url":"https:\/\/blog.holyart.it\/fr\/","name":"Holyart.fr Blog","description":"Holyblog","publisher":{"@id":"https:\/\/blog.holyart.it\/fr\/#organization"},"potentialAction":[{"@type":"SearchAction","target":{"@type":"EntryPoint","urlTemplate":"https:\/\/blog.holyart.it\/fr\/?s={search_term_string}"},"query-input":{"@type":"PropertyValueSpecification","valueRequired":true,"valueName":"search_term_string"}}],"inLanguage":"fr-FR"},{"@type":"Organization","@id":"https:\/\/blog.holyart.it\/fr\/#organization","name":"Holyart.fr Blog","url":"https:\/\/blog.holyart.it\/fr\/","logo":{"@type":"ImageObject","inLanguage":"fr-FR","@id":"https:\/\/blog.holyart.it\/fr\/#\/schema\/logo\/image\/","url":"https:\/\/blog.holyart.it\/fr\/wp-content\/uploads\/sites\/14\/2022\/12\/Holyart_Blog_Logo.jpg","contentUrl":"https:\/\/blog.holyart.it\/fr\/wp-content\/uploads\/sites\/14\/2022\/12\/Holyart_Blog_Logo.jpg","width":300,"height":50,"caption":"Holyart.fr Blog"},"image":{"@id":"https:\/\/blog.holyart.it\/fr\/#\/schema\/logo\/image\/"}},{"@type":"Person","@id":"https:\/\/blog.holyart.it\/fr\/#\/schema\/person\/0a7b686e5af0f856ec1e390dd0baecda","name":"Redazione","image":{"@type":"ImageObject","inLanguage":"fr-FR","@id":"https:\/\/blog.holyart.it\/fr\/#\/schema\/person\/image\/","url":"https:\/\/secure.gravatar.com\/avatar\/f477da817f43e50d0af36abecd33e3edf826c68299714bdc1057dff3b113f516?s=96&d=mm&r=g","contentUrl":"https:\/\/secure.gravatar.com\/avatar\/f477da817f43e50d0af36abecd33e3edf826c68299714bdc1057dff3b113f516?s=96&d=mm&r=g","caption":"Redazione"},"url":"https:\/\/blog.holyart.it\/fr\/author\/admin\/"}]}},"_links":{"self":[{"href":"https:\/\/blog.holyart.it\/fr\/wp-json\/wp\/v2\/posts\/8051","targetHints":{"allow":["GET"]}}],"collection":[{"href":"https:\/\/blog.holyart.it\/fr\/wp-json\/wp\/v2\/posts"}],"about":[{"href":"https:\/\/blog.holyart.it\/fr\/wp-json\/wp\/v2\/types\/post"}],"author":[{"embeddable":true,"href":"https:\/\/blog.holyart.it\/fr\/wp-json\/wp\/v2\/users\/1"}],"replies":[{"embeddable":true,"href":"https:\/\/blog.holyart.it\/fr\/wp-json\/wp\/v2\/comments?post=8051"}],"version-history":[{"count":2,"href":"https:\/\/blog.holyart.it\/fr\/wp-json\/wp\/v2\/posts\/8051\/revisions"}],"predecessor-version":[{"id":8057,"href":"https:\/\/blog.holyart.it\/fr\/wp-json\/wp\/v2\/posts\/8051\/revisions\/8057"}],"wp:featuredmedia":[{"embeddable":true,"href":"https:\/\/blog.holyart.it\/fr\/wp-json\/wp\/v2\/media\/8055"}],"wp:attachment":[{"href":"https:\/\/blog.holyart.it\/fr\/wp-json\/wp\/v2\/media?parent=8051"}],"wp:term":[{"taxonomy":"category","embeddable":true,"href":"https:\/\/blog.holyart.it\/fr\/wp-json\/wp\/v2\/categories?post=8051"},{"taxonomy":"post_tag","embeddable":true,"href":"https:\/\/blog.holyart.it\/fr\/wp-json\/wp\/v2\/tags?post=8051"}],"curies":[{"name":"wp","href":"https:\/\/api.w.org\/{rel}","templated":true}]}}