{"id":8018,"date":"2024-03-27T10:00:52","date_gmt":"2024-03-27T09:00:52","guid":{"rendered":"https:\/\/blog.holyart.it\/fr\/?p=8018"},"modified":"2025-03-06T17:58:57","modified_gmt":"2025-03-06T16:58:57","slug":"dimanche-in-albis-que-rappelle-t-il-et-quelle-est-la-signification-religieuse-de-cette-journee","status":"publish","type":"post","link":"https:\/\/blog.holyart.it\/fr\/paques\/dimanche-in-albis-que-rappelle-t-il-et-quelle-est-la-signification-religieuse-de-cette-journee\/","title":{"rendered":"Dimanche in Albis : que rappelle-t-il et quelle est la signification religieuse de cette journ\u00e9e"},"content":{"rendered":"<h4>La c\u00e9l\u00e9bration du Dimanche in albis unit des rites tr\u00e8s anciens et des traditions populaires. Voici comment naissent les d\u00e9votions du deuxi\u00e8me dimanche de P\u00e2ques<\/h4>\n\n<p>Nous connaissons tous la valeur de la <strong>Semaine Sainte<\/strong>, la <strong><u>semaine de P\u00e2ques<\/u><\/strong>, et en particulier du <strong><u>Triduum Pascal<\/u><\/strong>, les derniers jours de cet extraordinaire temps liturgique, qui culminent avec le <strong>Dimanche de P\u00e2ques<\/strong>. Pourtant cette derni\u00e8re r\u00e9currence n\u2019est pas la fin du temps pascal, mais plut\u00f4t son d\u00e9but. C\u2019est en effet avec le Dimanche de P\u00e2ques qui commence l\u2019<strong>Octave de P\u00e2ques<\/strong>, solennit\u00e9 du Seigneur, qui se conclut le dimanche suivant, la <strong>Quasimodo<\/strong> ou <strong>Dimanche in albis<\/strong>.<\/p>\n<div class=\"link-article\">\n<p><img loading=\"lazy\" decoding=\"async\" class=\"size-full wp-image-8021 alignleft\" src=\"https:\/\/blog.holyart.it\/fr\/wp-content\/uploads\/sites\/14\/2024\/02\/Les-rites-de-la-Semaine-Sainte-2.jpg\" alt=\"Les rites de la Semaine Sainte\" width=\"150\" height=\"99\" data-kale-share-title=\"Dimanche in Albis : que rappelle-t-il et quelle est la signification religieuse de cette journ\u00e9e\" data-kale-share-url=\"https:\/\/blog.holyart.it\/fr\/?p=8018\" \/><\/p>\n<div class=\"leggi-anche\">Lire aussi :<\/div>\n<p><strong><a href=\"https:\/\/www.holyart.fr\/blog\/accessoires-pour-la-liturgie\/les-rites-de-la-semaine-sainte\/\">Les rites de la Semaine Sainte<\/a><\/strong><br \/>\nP\u00e2ques est la f\u00eate la plus importante de l\u2019ann\u00e9e pour les chr\u00e9tiens et est c\u00e9l\u00e9br\u00e9e dans le monde entier&#8230;<\/p>\n<\/div>\n<p>La <strong><u>P\u00e2ques juive<\/u><\/strong> aussi, <em>Pessa\u2019h<\/em>, ne repr\u00e9sentait pas la conclusion de la solennit\u00e9 qui rappelait la fuite du Peuple \u00e9lu de l\u2019\u00c9gypte. Les juifs f\u00eataient le repas de P\u00e2que la nuit entre le 14 et le 15 du mois de <em>Nisan<\/em>, et de l\u00e0 commen\u00e7aient les sept jours de la <strong>F\u00eate des Pains non lev\u00e9s<\/strong>, ou F\u00eate des <strong><u>Pains Azymes<\/u><\/strong>, une ancienne f\u00eate propitiatoire pour la r\u00e9colte \u00e0 l\u2019occasion de laquelle on cuisinait des fougasses de farine d\u2019orge sans levain.<\/p>\n<p>Pour les <strong>chr\u00e9tiens<\/strong>, l\u2019importance des jours suivants <a href=\"https:\/\/www.holyart.fr\/occasions-speciales\/paques-et-careme\"><strong>P\u00e2ques<\/strong><\/a>, l\u2019Octave de P\u00e2ques, nait par contre de <a href=\"https:\/\/www.holyart.fr\/occasions-speciales\/creche-de-paques\/decor-crucifixion-et-resurrection-creche-de-paques-35x50x40-cm-partie-6\"><strong>l\u2019apparition de J\u00e9sus huit jours apr\u00e8s la R\u00e9surrection<\/strong><\/a>, comme racont\u00e9 dans l\u2019\u00c9vangile de Jean 20,26-29\u00a0:<\/p>\n<p><em>\u00ab\u00a0Huit jours apr\u00e8s, les disciples de J\u00e9sus \u00e9taient de nouveau dans la maison, et Thomas se trouvait avec eux. J\u00e9sus vint, les portes \u00e9tant ferm\u00e9es, se pr\u00e9senta au milieu d\u2019eux, et dit\u00a0: La paix soit avec vous\u00a0! Puis il dit \u00e0 Thomas : Avance ici ton doigt, et regarde mes mains\u00a0; avance aussi ta main, et mets-la dans mon c\u00f4t\u00e9\u00a0; et ne sois pas incr\u00e9dule, mais crois. Thomas lui r\u00e9pondit\u00a0: Mon Seigneur et mon Dieu\u00a0! J\u00e9sus lui dit\u00a0: Parce que tu m\u2019as vu, tu as cru. Heureux ceux qui n\u2019ont pas vu, et qui ont cru\u00a0!\u00a0\u00bb<\/em><\/p>\n<p>Nous comprenons ainsi pourquoi, selon la tradition, le Dimanche in albis est \u00e9galement connu comme <strong>dimanche de Saint-Thomas<\/strong>, en r\u00e9f\u00e9rence \u00e0 l\u2019<strong><u>ap\u00f4tre incr\u00e9dule<\/u><\/strong>.<\/p>\n<div class=\"link-article\">\n<p><img loading=\"lazy\" decoding=\"async\" class=\"size-full wp-image-8023 alignleft\" src=\"https:\/\/blog.holyart.it\/fr\/wp-content\/uploads\/sites\/14\/2024\/02\/Saint-Thomas-lapotre-incredule.jpg\" alt=\"Saint Thomas, l\u2019ap\u00f4tre incr\u00e9dule\" width=\"150\" height=\"99\" data-kale-share-title=\"Dimanche in Albis : que rappelle-t-il et quelle est la signification religieuse de cette journ\u00e9e\" data-kale-share-url=\"https:\/\/blog.holyart.it\/fr\/?p=8018\" \/><\/p>\n<div class=\"leggi-anche\">Lire aussi :<\/div>\n<p><strong><a href=\"https:\/\/www.holyart.fr\/blog\/saints-et-bienheureux\/saint-thomas-lapotre-incredule\/\">Saint Thomas, l\u2019ap\u00f4tre incr\u00e9dule<\/a><\/strong><br \/>\nParlons de Saint Thomas, l\u2019ap\u00f4tre incr\u00e9dule, tr\u00e8s fid\u00e8le disciple de J\u00e9sus, grand \u00e9vang\u00e9lisateur, rappel\u00e9 en particulier pour son scepticisme&#8230;<\/p>\n<\/div>\n<h2>Qu\u2019est-ce que signifie Dimanche in albis ?<\/h2>\n<p>Le Dimanche in albis est connu \u00e9galement comme le <strong>deuxi\u00e8me Dimanche de P\u00e2ques<\/strong>, <strong>Quasimodo<\/strong> ou des Quasimodog\u00e8nes (dans l\u2019\u00c9glise luth\u00e9rienne) du d\u00e9but de l\u2019intro\u00eft qui ouvre le service religieux (<em>Quasi modo g\u00e9niti inf\u00e1ntes, ration\u00e1bile, sine dolo lac concup\u00edscite, ut in eo cresc\u00e1tis in sal\u00fatem, allel\u00faia.<\/em>\u00a0\u00ab\u00a0Comme des enfants nouveau-n\u00e9s, ont soif du lait qui les nourrit, soyez avides du lait pur de la Parole, afin qu\u2019il vous fasse grandir pour le Salut, all\u00e9luia\u00a0\u00bb) ;\u00a0<strong>Dimanche\u00a0<em>Antipascha<\/em><\/strong>\u00a0(dans les \u00c9glises orientales) ;\u00a0<strong><em>Dominica<\/em>\u00a0<em>de Thomas<\/em><\/strong>\u00a0ou de Saint-Thomas.<br \/>\nDimanche in albis, ou Dimanche blanc, est la d\u00e9finition \u00ab\u00a0la plus officielle\u00a0\u00bb pour nous, du latin\u00a0<em>Dominica in albis<\/em>.<\/p>\n<p>Le nom donn\u00e9 au Dimanche in albis d\u00e9rive de la coutume de l\u2019\u00e9glise chr\u00e9tienne des premiers si\u00e8cles d\u2019administrer le <a href=\"https:\/\/www.holyart.fr\/occasions-speciales\/creche-de-paques\/decor-bapteme-noces-de-cana-creche-de-paques-35x60x40-cm-partie-2\"><strong>Bapt\u00eame<\/strong><\/a> aux nouveaux fid\u00e8les la nuit de P\u00e2ques, au cours de la <strong>Veill\u00e9e Pascale<\/strong>. La formule enti\u00e8re serait en effet <em>Domenica in albis vestibus depositis<\/em>, le dimanche o\u00f9 les aubes blanches sont d\u00e9pos\u00e9es, avec r\u00e9f\u00e9rences aux aubes blanches port\u00e9es par les nouveaux baptis\u00e9s pendant toute la semaine suivant P\u00e2ques et enlev\u00e9es, justement, le dimanche apr\u00e8s P\u00e2ques.<\/p>\n<div class=\"link-product\">\n<div class=\"blocco-immagine\"><img loading=\"lazy\" decoding=\"async\" class=\"size-full wp-image-8025 alignleft\" src=\"https:\/\/blog.holyart.it\/fr\/wp-content\/uploads\/sites\/14\/2024\/02\/Decor-Bapteme-Noces-de-Cana-creche-de-Paques-35x60x40-cm-PARTIE-2.jpg\" alt=\"D\u00e9cor Bapt\u00eame Noces de Cana cr\u00e8che de P\u00e2ques 35x60x40 cm PARTIE 2\" width=\"100\" height=\"100\" data-kale-share-title=\"Dimanche in Albis : que rappelle-t-il et quelle est la signification religieuse de cette journ\u00e9e\" data-kale-share-url=\"https:\/\/blog.holyart.it\/fr\/?p=8018\" \/><\/div>\n<div class=\"blocco-contenuto\">\n<div class=\"blocco-acquista\">Acheter sur Holyart:<\/div>\n<div class=\"blocco-titolo\"><a href=\"https:\/\/www.holyart.fr\/occasions-speciales\/creche-de-paques\/decor-bapteme-noces-de-cana-creche-de-paques-35x60x40-cm-partie-2?_gl=1*15he34i*_gcl_aw*R0NMLjE3MDgzNTI2NDguQ2owS0NRanc4cW1oQmhDbEFSSXNBTkF0Ym9mZ21KMm85dkV5S0JjLUdLUWIweWFCLU9EekR0N1ZQV2hnY1g4WW96M2haNGVTR0JkUjR1d2FBZzZrRUFMd193Y0I.*_gcl_au*MTYzMTc5MDU5My4xNzA1NTg0Nzkw*_ga*MjAyODIwNTUzOS4xNjgwNTA1OTc3*_ga_W18MV136NH*MTcwODQxOTE2MS40NTcuMC4xNzA4NDE5MTYxLjAuMC4w\">D\u00e9cor Bapt\u00eame Noces de Cana cr\u00e8che de P\u00e2ques 35x60x40 cm PARTIE 2<\/a><\/div>\n<div class=\"blocco-descrizione\">D\u00e9cor pour cr\u00e8che de P\u00e2ques id\u00e9al pour accueillir quatre&#8230;<\/div>\n<\/div>\n<\/div>\n<h2>Le Dimanche in albis ou le Dimanche de la Divine Mis\u00e9ricorde ?<\/h2>\n<p>Le <em>Dimanche in albis<\/em> est \u00e9galement appel\u00e9 <a href=\"https:\/\/www.holyart.fr\/search?params=%7B%22search%22%3A%22divine%20mis%C3%A9ricorde%22%7D&amp;search=divine+mis%C3%A9ricorde\"><strong>Dimanche de la Divine Mis\u00e9ricorde<\/strong><\/a>, mais cette d\u00e9nomination est tr\u00e8s r\u00e9cente, par rapport aux autres. Ce fut en effet <a href=\"https:\/\/www.holyart.fr\/occasions-speciales\/jean-paul-ii\"><strong>pape Jean-Paul II<\/strong><\/a> \u00e0 lui donner ce titre seulement en l\u2019an 2000, \u00e0 l\u2019occasion de la <strong>canonisation de <\/strong><a href=\"https:\/\/www.holyart.fr\/articles-religieux\/images-pieuses-cartes-de-voeux\/images-pieuses\/image-de-devotion-soeur-faustine-kowalska-10x5-cm\"><strong>Sainte Faustine Kowalska<\/strong><\/a>, en consacrant ce jour au <strong><u>culte de la Divine Mis\u00e9ricorde<\/u><\/strong>. Avec cette nouvelle d\u00e9finition, le pape a \u00e9galement conc\u00e9d\u00e9 des indulgences sp\u00e9ciales en cette date. Dans une de ses visions, S\u0153ur Faustine vit <a href=\"https:\/\/www.holyart.fr\/articles-religieux\/statues\/statues-en-resine-et-pvc\/statue-christ-misericordieux-30-5-cm-resine-coloree\"><strong>J\u00e9sus v\u00eatu de blanc<\/strong><\/a>, avec une main lev\u00e9e en signe de b\u00e9n\u00e9diction et l\u2019autre sur sa poitrine, \u00e0 indiquer la blessure de laquelle sortaient deux rayons de lumi\u00e8re resplendissante, un blanc et l\u2019autre rouge, qui repr\u00e9sentaient respectivement l\u2019Eau, qui justifie les \u00e2mes, et Son Sang, qui est vie. Ce fut J\u00e9sus en personne qui demanda \u00e0 la Sainte de faire r\u00e9aliser une image de Lui sous cette forme et d\u2019en diffuser le culte avec une c\u00e9l\u00e9bration qui aurait eu lieu le premier dimanche apr\u00e8s P\u00e2ques, quand l\u2019image aurait d\u00fb \u00eatre b\u00e9nite par le pape. Naquit ainsi la F\u00eate de la Divine Mis\u00e9ricorde.<\/p>\n<div class=\"link-product\">\n<div class=\"blocco-immagine\"><img loading=\"lazy\" decoding=\"async\" class=\"size-full wp-image-8028 alignleft\" src=\"https:\/\/blog.holyart.it\/fr\/wp-content\/uploads\/sites\/14\/2024\/02\/Statue-Christ-Misericordieux-305-cm-resine-coloree.jpg\" alt=\"Statue Christ Mis\u00e9ricordieux 30,5 cm r\u00e9sine color\u00e9e\" width=\"100\" height=\"100\" data-kale-share-title=\"Dimanche in Albis : que rappelle-t-il et quelle est la signification religieuse de cette journ\u00e9e\" data-kale-share-url=\"https:\/\/blog.holyart.it\/fr\/?p=8018\" \/><\/div>\n<div class=\"blocco-contenuto\">\n<div class=\"blocco-acquista\">Acheter sur Holyart:<\/div>\n<div class=\"blocco-titolo\"><a href=\"https:\/\/www.holyart.fr\/articles-religieux\/statues\/statues-en-resine-et-pvc\/statue-christ-misericordieux-30-5-cm-resine-coloree?_gl=1*7epyde*_gcl_aw*R0NMLjE3MDgzNTI2NDguQ2owS0NRanc4cW1oQmhDbEFSSXNBTkF0Ym9mZ21KMm85dkV5S0JjLUdLUWIweWFCLU9EekR0N1ZQV2hnY1g4WW96M2haNGVTR0JkUjR1d2FBZzZrRUFMd193Y0I.*_gcl_au*MTYzMTc5MDU5My4xNzA1NTg0Nzkw*_ga*MjAyODIwNTUzOS4xNjgwNTA1OTc3*_ga_W18MV136NH*MTcwODQxOTE2MS40NTcuMS4xNzA4NDE5MzQ4LjAuMC4w\">Statue Christ Mis\u00e9ricordieux 30,5 cm r\u00e9sine color\u00e9e<\/a><\/div>\n<div class=\"blocco-descrizione\">Petite statue r\u00e9alis\u00e9e en r\u00e9sine color\u00e9e, repr\u00e9sentant le Christ Mis\u00e9ricordieux.<\/div>\n<\/div>\n<\/div>\n<h2>Qu\u2019est-ce que signifie Lundi in albis ?<\/h2>\n<p>En ce qui concerne la d\u00e9finition <strong>Lundi in albis<\/strong> attribu\u00e9e parfois au <strong>Lundi de P\u00e2ques<\/strong>, elle nait par contre d\u2019une s\u00e9rie d\u2019<strong>erreurs d\u2019interpr\u00e9tation <\/strong>qui ont \u00e9t\u00e9 perp\u00e9tu\u00e9es aux cours des si\u00e8cles, jusqu\u2019\u00e0 aujourd\u2019hui.<\/p>\n<p>Le lundi suivant P\u00e2ques, ou <strong><u>Lundi de l\u2019Ange<\/u><\/strong>, \u00e9voque le souvenir de la visite de <a href=\"https:\/\/www.holyart.fr\/produits\/statues-vierge-marie.php\"><strong>Marie, M\u00e8re de J\u00e9sus<\/strong><\/a>, et de Marie Madeleine au tombeau de J\u00e9sus. Les deux femmes le trouv\u00e8rent ouvert et vide, et rencontr\u00e8rent un <a href=\"https:\/\/www.holyart.fr\/articles-religieux\/anges\"><strong>Ange<\/strong><\/a> qui les informa que J\u00e9sus \u00e9tait mont\u00e9 au ciel et qu\u2019elles auraient d\u00fb en informer les Ap\u00f4tres. Cela advenait le jour apr\u00e8s P\u00e2que, mais non pas la P\u00e2ques que nous f\u00eatons le dimanche, mais plut\u00f4t la P\u00e2que juive, qui tombait un samedi. La rencontre des deux femmes pieuses avec l\u2019Ange aurait donc eu lieu un dimanche, et non pas un lundi, et c\u2019est l\u00e0 la premi\u00e8re erreur.<\/p>\n<div class=\"link-article\">\n<p><img loading=\"lazy\" decoding=\"async\" class=\"size-full wp-image-8030 alignleft\" src=\"https:\/\/blog.holyart.it\/fr\/wp-content\/uploads\/sites\/14\/2024\/02\/Lundi-de-Paques-ou-Lundi-de-lAnge-Decouvrons-pourquoi-il-est-appele-ainsi.jpg\" alt=\"Lundi de P\u00e2ques ou Lundi de l\u2019Ange D\u00e9couvrons pourquoi il est appel\u00e9 ainsi\" width=\"150\" height=\"99\" data-kale-share-title=\"Dimanche in Albis : que rappelle-t-il et quelle est la signification religieuse de cette journ\u00e9e\" data-kale-share-url=\"https:\/\/blog.holyart.it\/fr\/?p=8018\" \/><\/p>\n<div class=\"leggi-anche\">Lire aussi :<\/div>\n<p><strong><a href=\"https:\/\/www.holyart.fr\/blog\/articles-religieux\/lundi-de-paques-ou-lundi-de-lange-decouvrons-pourquoi-il-est-appele-ainsi\/\">Lundi de P\u00e2ques ou Lundi de l\u2019Ange ? D\u00e9couvrons pourquoi il est appel\u00e9 ainsi<\/a><\/strong><br \/>\nPourquoi le lundi apr\u00e8s P\u00e2ques est appel\u00e9 Lundi de l\u2019Ange ? &#8230;<\/p>\n<\/div>\n<p>En outre, nous avons d\u00e9j\u00e0 vu comme le Dimanche in albis prend son nom des aubes blanches port\u00e9es par les nouveaux baptis\u00e9s la semaine suivant P\u00e2ques, comme symbole de la puret\u00e9 du p\u00e9ch\u00e9 retrouv\u00e9e apr\u00e8s le <a href=\"https:\/\/www.holyart.fr\/occasions-speciales\/creche-de-paques\/santons-scene-bapteme-9-cm\"><strong>Bapt\u00eame<\/strong><\/a>. Dans aucun texte sacr\u00e9, on parle par contre du Lundi in albis, mais il est probable que la tradition populaire ait voulu d\u00e9finir Lundi in albis le premier jour o\u00f9 les aubes blanches \u00e9taient port\u00e9es.<\/p>\n<p>En tout cas, le <strong>lundi de P\u00e2ques<\/strong> ne rentre pas dans les f\u00eates de pr\u00e9cepte, mais est un jour f\u00e9ri\u00e9 du calendrier civil, une sorte de prolongement de P\u00e2ques, occasion pour barbecues, excursions et f\u00eates populaires.<\/p>\n<div class=\"link-product\">\n<div class=\"blocco-immagine\"><img loading=\"lazy\" decoding=\"async\" class=\"size-full wp-image-8033 alignleft\" src=\"https:\/\/blog.holyart.it\/fr\/wp-content\/uploads\/sites\/14\/2024\/02\/Santons-scene-bapteme-9-cm.jpg\" alt=\"Santons sc\u00e8ne bapt\u00eame 9 cm\" width=\"100\" height=\"100\" data-kale-share-title=\"Dimanche in Albis : que rappelle-t-il et quelle est la signification religieuse de cette journ\u00e9e\" data-kale-share-url=\"https:\/\/blog.holyart.it\/fr\/?p=8018\" \/><\/div>\n<div class=\"blocco-contenuto\">\n<div class=\"blocco-acquista\">Acheter sur Holyart:<\/div>\n<div class=\"blocco-titolo\"><a href=\"https:\/\/www.holyart.fr\/occasions-speciales\/creche-de-paques\/santons-scene-bapteme-9-cm?_gl=1*meg0w8*_gcl_aw*R0NMLjE3MDgzNTI2NDguQ2owS0NRanc4cW1oQmhDbEFSSXNBTkF0Ym9mZ21KMm85dkV5S0JjLUdLUWIweWFCLU9EekR0N1ZQV2hnY1g4WW96M2haNGVTR0JkUjR1d2FBZzZrRUFMd193Y0I.*_gcl_au*MTYzMTc5MDU5My4xNzA1NTg0Nzkw*_ga*MjAyODIwNTUzOS4xNjgwNTA1OTc3*_ga_W18MV136NH*MTcwODQxOTE2MS40NTcuMS4xNzA4NDE5NjI2LjAuMC4w\">Santons sc\u00e8ne bapt\u00eame 9 cm<\/a><\/div>\n<div class=\"blocco-descrizione\">Santons pour repr\u00e9sentation d&rsquo;une sc\u00e8ne de la vie de Christ o\u00f9 J\u00e9sus re\u00e7oit son bapt\u00eame par Jean-Baptiste&#8230;<\/div>\n<\/div>\n<\/div>\n<p>Meta description\u00a0: Le Dimanche in albis est le deuxi\u00e8me dimanche de P\u00e2ques. Voici comment nait sa d\u00e9finition et comment il est c\u00e9l\u00e9br\u00e9 dans les diff\u00e9rentes \u00c9glises.<\/p>\n","protected":false},"excerpt":{"rendered":"<p>La c\u00e9l\u00e9bration du Dimanche in albis unit des rites tr\u00e8s anciens et des traditions populaires. Voici comment naissent les d\u00e9votions du deuxi\u00e8me dimanche de P\u00e2ques Nous connaissons tous la valeur de la Semaine Sainte, la semaine de P\u00e2ques, et en particulier du Triduum Pascal, les&hellip;<\/p>\n","protected":false},"author":1,"featured_media":8020,"comment_status":"closed","ping_status":"open","sticky":false,"template":"","format":"standard","meta":{"_acf_changed":false,"footnotes":""},"categories":[14,8],"tags":[],"class_list":["post-8018","post","type-post","status-publish","format-standard","has-post-thumbnail","hentry","category-paques","category-articles-religieux"],"acf":[],"yoast_head":"<!-- This site is optimized with the Yoast SEO plugin v26.6 - https:\/\/yoast.com\/wordpress\/plugins\/seo\/ -->\n<title>Dimanche in Albis : que rappelle-t-il et quelle est la signification religieuse de cette journ\u00e9e - Holyart.fr Blog<\/title>\n<meta name=\"description\" content=\"La c\u00e9l\u00e9bration du Dimanche in albis unit des rites tr\u00e8s anciens et des traditions populaires. Voici comment naissent les d\u00e9votions...\" \/>\n<meta name=\"robots\" content=\"index, follow, max-snippet:-1, max-image-preview:large, max-video-preview:-1\" \/>\n<link rel=\"canonical\" href=\"https:\/\/blog.holyart.it\/fr\/paques\/dimanche-in-albis-que-rappelle-t-il-et-quelle-est-la-signification-religieuse-de-cette-journee\/\" \/>\n<meta property=\"og:locale\" content=\"fr_FR\" \/>\n<meta property=\"og:type\" content=\"article\" \/>\n<meta property=\"og:title\" content=\"Dimanche in Albis : que rappelle-t-il et quelle est la signification religieuse de cette journ\u00e9e - Holyart.fr Blog\" \/>\n<meta property=\"og:description\" content=\"La c\u00e9l\u00e9bration du Dimanche in albis unit des rites tr\u00e8s anciens et des traditions populaires. Voici comment naissent les d\u00e9votions...\" \/>\n<meta property=\"og:url\" content=\"https:\/\/blog.holyart.it\/fr\/paques\/dimanche-in-albis-que-rappelle-t-il-et-quelle-est-la-signification-religieuse-de-cette-journee\/\" \/>\n<meta property=\"og:site_name\" content=\"Holyart.fr Blog\" \/>\n<meta property=\"article:published_time\" content=\"2024-03-27T09:00:52+00:00\" \/>\n<meta property=\"article:modified_time\" content=\"2025-03-06T16:58:57+00:00\" \/>\n<meta property=\"og:image\" content=\"https:\/\/blog.holyart.it\/fr\/wp-content\/uploads\/sites\/14\/2024\/02\/Dimanche-in-Albis.jpg\" \/>\n\t<meta property=\"og:image:width\" content=\"1000\" \/>\n\t<meta property=\"og:image:height\" content=\"666\" \/>\n\t<meta property=\"og:image:type\" content=\"image\/jpeg\" \/>\n<meta name=\"author\" content=\"Redazione\" \/>\n<meta name=\"twitter:card\" content=\"summary_large_image\" \/>\n<meta name=\"twitter:label1\" content=\"\u00c9crit par\" \/>\n\t<meta name=\"twitter:data1\" content=\"Redazione\" \/>\n\t<meta name=\"twitter:label2\" content=\"Dur\u00e9e de lecture estim\u00e9e\" \/>\n\t<meta name=\"twitter:data2\" content=\"8 minutes\" \/>\n<script type=\"application\/ld+json\" class=\"yoast-schema-graph\">{\"@context\":\"https:\/\/schema.org\",\"@graph\":[{\"@type\":\"Article\",\"@id\":\"https:\/\/blog.holyart.it\/fr\/paques\/dimanche-in-albis-que-rappelle-t-il-et-quelle-est-la-signification-religieuse-de-cette-journee\/#article\",\"isPartOf\":{\"@id\":\"https:\/\/blog.holyart.it\/fr\/paques\/dimanche-in-albis-que-rappelle-t-il-et-quelle-est-la-signification-religieuse-de-cette-journee\/\"},\"author\":{\"name\":\"Redazione\",\"@id\":\"https:\/\/blog.holyart.it\/fr\/#\/schema\/person\/0a7b686e5af0f856ec1e390dd0baecda\"},\"headline\":\"Dimanche in Albis : que rappelle-t-il et quelle est la signification religieuse de cette journ\u00e9e\",\"datePublished\":\"2024-03-27T09:00:52+00:00\",\"dateModified\":\"2025-03-06T16:58:57+00:00\",\"mainEntityOfPage\":{\"@id\":\"https:\/\/blog.holyart.it\/fr\/paques\/dimanche-in-albis-que-rappelle-t-il-et-quelle-est-la-signification-religieuse-de-cette-journee\/\"},\"wordCount\":1370,\"publisher\":{\"@id\":\"https:\/\/blog.holyart.it\/fr\/#organization\"},\"image\":{\"@id\":\"https:\/\/blog.holyart.it\/fr\/paques\/dimanche-in-albis-que-rappelle-t-il-et-quelle-est-la-signification-religieuse-de-cette-journee\/#primaryimage\"},\"thumbnailUrl\":\"https:\/\/blog.holyart.it\/fr\/wp-content\/uploads\/sites\/14\/2024\/02\/Dimanche-in-Albis.jpg\",\"articleSection\":[\"P\u00e2ques\",\"Religion\"],\"inLanguage\":\"fr-FR\"},{\"@type\":\"WebPage\",\"@id\":\"https:\/\/blog.holyart.it\/fr\/paques\/dimanche-in-albis-que-rappelle-t-il-et-quelle-est-la-signification-religieuse-de-cette-journee\/\",\"url\":\"https:\/\/blog.holyart.it\/fr\/paques\/dimanche-in-albis-que-rappelle-t-il-et-quelle-est-la-signification-religieuse-de-cette-journee\/\",\"name\":\"Dimanche in Albis : que rappelle-t-il et quelle est la signification religieuse de cette journ\u00e9e - Holyart.fr Blog\",\"isPartOf\":{\"@id\":\"https:\/\/blog.holyart.it\/fr\/#website\"},\"primaryImageOfPage\":{\"@id\":\"https:\/\/blog.holyart.it\/fr\/paques\/dimanche-in-albis-que-rappelle-t-il-et-quelle-est-la-signification-religieuse-de-cette-journee\/#primaryimage\"},\"image\":{\"@id\":\"https:\/\/blog.holyart.it\/fr\/paques\/dimanche-in-albis-que-rappelle-t-il-et-quelle-est-la-signification-religieuse-de-cette-journee\/#primaryimage\"},\"thumbnailUrl\":\"https:\/\/blog.holyart.it\/fr\/wp-content\/uploads\/sites\/14\/2024\/02\/Dimanche-in-Albis.jpg\",\"datePublished\":\"2024-03-27T09:00:52+00:00\",\"dateModified\":\"2025-03-06T16:58:57+00:00\",\"description\":\"La c\u00e9l\u00e9bration du Dimanche in albis unit des rites tr\u00e8s anciens et des traditions populaires. Voici comment naissent les d\u00e9votions...\",\"breadcrumb\":{\"@id\":\"https:\/\/blog.holyart.it\/fr\/paques\/dimanche-in-albis-que-rappelle-t-il-et-quelle-est-la-signification-religieuse-de-cette-journee\/#breadcrumb\"},\"inLanguage\":\"fr-FR\",\"potentialAction\":[{\"@type\":\"ReadAction\",\"target\":[\"https:\/\/blog.holyart.it\/fr\/paques\/dimanche-in-albis-que-rappelle-t-il-et-quelle-est-la-signification-religieuse-de-cette-journee\/\"]}]},{\"@type\":\"ImageObject\",\"inLanguage\":\"fr-FR\",\"@id\":\"https:\/\/blog.holyart.it\/fr\/paques\/dimanche-in-albis-que-rappelle-t-il-et-quelle-est-la-signification-religieuse-de-cette-journee\/#primaryimage\",\"url\":\"https:\/\/blog.holyart.it\/fr\/wp-content\/uploads\/sites\/14\/2024\/02\/Dimanche-in-Albis.jpg\",\"contentUrl\":\"https:\/\/blog.holyart.it\/fr\/wp-content\/uploads\/sites\/14\/2024\/02\/Dimanche-in-Albis.jpg\",\"width\":1000,\"height\":666,\"caption\":\"Dimanche in Albis\"},{\"@type\":\"BreadcrumbList\",\"@id\":\"https:\/\/blog.holyart.it\/fr\/paques\/dimanche-in-albis-que-rappelle-t-il-et-quelle-est-la-signification-religieuse-de-cette-journee\/#breadcrumb\",\"itemListElement\":[{\"@type\":\"ListItem\",\"position\":1,\"name\":\"Homepage\",\"item\":\"https:\/\/blog.holyart.it\/fr\/\"},{\"@type\":\"ListItem\",\"position\":2,\"name\":\"P\u00e2ques\",\"item\":\"https:\/\/blog.holyart.it\/fr\/paques\/\"},{\"@type\":\"ListItem\",\"position\":3,\"name\":\"Dimanche in Albis : que rappelle-t-il et quelle est la signification religieuse de cette journ\u00e9e\"}]},{\"@type\":\"WebSite\",\"@id\":\"https:\/\/blog.holyart.it\/fr\/#website\",\"url\":\"https:\/\/blog.holyart.it\/fr\/\",\"name\":\"Holyart.fr Blog\",\"description\":\"Holyblog\",\"publisher\":{\"@id\":\"https:\/\/blog.holyart.it\/fr\/#organization\"},\"potentialAction\":[{\"@type\":\"SearchAction\",\"target\":{\"@type\":\"EntryPoint\",\"urlTemplate\":\"https:\/\/blog.holyart.it\/fr\/?s={search_term_string}\"},\"query-input\":{\"@type\":\"PropertyValueSpecification\",\"valueRequired\":true,\"valueName\":\"search_term_string\"}}],\"inLanguage\":\"fr-FR\"},{\"@type\":\"Organization\",\"@id\":\"https:\/\/blog.holyart.it\/fr\/#organization\",\"name\":\"Holyart.fr Blog\",\"url\":\"https:\/\/blog.holyart.it\/fr\/\",\"logo\":{\"@type\":\"ImageObject\",\"inLanguage\":\"fr-FR\",\"@id\":\"https:\/\/blog.holyart.it\/fr\/#\/schema\/logo\/image\/\",\"url\":\"https:\/\/blog.holyart.it\/fr\/wp-content\/uploads\/sites\/14\/2022\/12\/Holyart_Blog_Logo.jpg\",\"contentUrl\":\"https:\/\/blog.holyart.it\/fr\/wp-content\/uploads\/sites\/14\/2022\/12\/Holyart_Blog_Logo.jpg\",\"width\":300,\"height\":50,\"caption\":\"Holyart.fr Blog\"},\"image\":{\"@id\":\"https:\/\/blog.holyart.it\/fr\/#\/schema\/logo\/image\/\"}},{\"@type\":\"Person\",\"@id\":\"https:\/\/blog.holyart.it\/fr\/#\/schema\/person\/0a7b686e5af0f856ec1e390dd0baecda\",\"name\":\"Redazione\",\"image\":{\"@type\":\"ImageObject\",\"inLanguage\":\"fr-FR\",\"@id\":\"https:\/\/blog.holyart.it\/fr\/#\/schema\/person\/image\/\",\"url\":\"https:\/\/secure.gravatar.com\/avatar\/f477da817f43e50d0af36abecd33e3edf826c68299714bdc1057dff3b113f516?s=96&d=mm&r=g\",\"contentUrl\":\"https:\/\/secure.gravatar.com\/avatar\/f477da817f43e50d0af36abecd33e3edf826c68299714bdc1057dff3b113f516?s=96&d=mm&r=g\",\"caption\":\"Redazione\"},\"url\":\"https:\/\/blog.holyart.it\/fr\/author\/admin\/\"}]}<\/script>\n<!-- \/ Yoast SEO plugin. -->","yoast_head_json":{"title":"Dimanche in Albis : que rappelle-t-il et quelle est la signification religieuse de cette journ\u00e9e - Holyart.fr Blog","description":"La c\u00e9l\u00e9bration du Dimanche in albis unit des rites tr\u00e8s anciens et des traditions populaires. Voici comment naissent les d\u00e9votions...","robots":{"index":"index","follow":"follow","max-snippet":"max-snippet:-1","max-image-preview":"max-image-preview:large","max-video-preview":"max-video-preview:-1"},"canonical":"https:\/\/blog.holyart.it\/fr\/paques\/dimanche-in-albis-que-rappelle-t-il-et-quelle-est-la-signification-religieuse-de-cette-journee\/","og_locale":"fr_FR","og_type":"article","og_title":"Dimanche in Albis : que rappelle-t-il et quelle est la signification religieuse de cette journ\u00e9e - Holyart.fr Blog","og_description":"La c\u00e9l\u00e9bration du Dimanche in albis unit des rites tr\u00e8s anciens et des traditions populaires. Voici comment naissent les d\u00e9votions...","og_url":"https:\/\/blog.holyart.it\/fr\/paques\/dimanche-in-albis-que-rappelle-t-il-et-quelle-est-la-signification-religieuse-de-cette-journee\/","og_site_name":"Holyart.fr Blog","article_published_time":"2024-03-27T09:00:52+00:00","article_modified_time":"2025-03-06T16:58:57+00:00","og_image":[{"width":1000,"height":666,"url":"https:\/\/blog.holyart.it\/fr\/wp-content\/uploads\/sites\/14\/2024\/02\/Dimanche-in-Albis.jpg","type":"image\/jpeg"}],"author":"Redazione","twitter_card":"summary_large_image","twitter_misc":{"\u00c9crit par":"Redazione","Dur\u00e9e de lecture estim\u00e9e":"8 minutes"},"schema":{"@context":"https:\/\/schema.org","@graph":[{"@type":"Article","@id":"https:\/\/blog.holyart.it\/fr\/paques\/dimanche-in-albis-que-rappelle-t-il-et-quelle-est-la-signification-religieuse-de-cette-journee\/#article","isPartOf":{"@id":"https:\/\/blog.holyart.it\/fr\/paques\/dimanche-in-albis-que-rappelle-t-il-et-quelle-est-la-signification-religieuse-de-cette-journee\/"},"author":{"name":"Redazione","@id":"https:\/\/blog.holyart.it\/fr\/#\/schema\/person\/0a7b686e5af0f856ec1e390dd0baecda"},"headline":"Dimanche in Albis : que rappelle-t-il et quelle est la signification religieuse de cette journ\u00e9e","datePublished":"2024-03-27T09:00:52+00:00","dateModified":"2025-03-06T16:58:57+00:00","mainEntityOfPage":{"@id":"https:\/\/blog.holyart.it\/fr\/paques\/dimanche-in-albis-que-rappelle-t-il-et-quelle-est-la-signification-religieuse-de-cette-journee\/"},"wordCount":1370,"publisher":{"@id":"https:\/\/blog.holyart.it\/fr\/#organization"},"image":{"@id":"https:\/\/blog.holyart.it\/fr\/paques\/dimanche-in-albis-que-rappelle-t-il-et-quelle-est-la-signification-religieuse-de-cette-journee\/#primaryimage"},"thumbnailUrl":"https:\/\/blog.holyart.it\/fr\/wp-content\/uploads\/sites\/14\/2024\/02\/Dimanche-in-Albis.jpg","articleSection":["P\u00e2ques","Religion"],"inLanguage":"fr-FR"},{"@type":"WebPage","@id":"https:\/\/blog.holyart.it\/fr\/paques\/dimanche-in-albis-que-rappelle-t-il-et-quelle-est-la-signification-religieuse-de-cette-journee\/","url":"https:\/\/blog.holyart.it\/fr\/paques\/dimanche-in-albis-que-rappelle-t-il-et-quelle-est-la-signification-religieuse-de-cette-journee\/","name":"Dimanche in Albis : que rappelle-t-il et quelle est la signification religieuse de cette journ\u00e9e - Holyart.fr Blog","isPartOf":{"@id":"https:\/\/blog.holyart.it\/fr\/#website"},"primaryImageOfPage":{"@id":"https:\/\/blog.holyart.it\/fr\/paques\/dimanche-in-albis-que-rappelle-t-il-et-quelle-est-la-signification-religieuse-de-cette-journee\/#primaryimage"},"image":{"@id":"https:\/\/blog.holyart.it\/fr\/paques\/dimanche-in-albis-que-rappelle-t-il-et-quelle-est-la-signification-religieuse-de-cette-journee\/#primaryimage"},"thumbnailUrl":"https:\/\/blog.holyart.it\/fr\/wp-content\/uploads\/sites\/14\/2024\/02\/Dimanche-in-Albis.jpg","datePublished":"2024-03-27T09:00:52+00:00","dateModified":"2025-03-06T16:58:57+00:00","description":"La c\u00e9l\u00e9bration du Dimanche in albis unit des rites tr\u00e8s anciens et des traditions populaires. Voici comment naissent les d\u00e9votions...","breadcrumb":{"@id":"https:\/\/blog.holyart.it\/fr\/paques\/dimanche-in-albis-que-rappelle-t-il-et-quelle-est-la-signification-religieuse-de-cette-journee\/#breadcrumb"},"inLanguage":"fr-FR","potentialAction":[{"@type":"ReadAction","target":["https:\/\/blog.holyart.it\/fr\/paques\/dimanche-in-albis-que-rappelle-t-il-et-quelle-est-la-signification-religieuse-de-cette-journee\/"]}]},{"@type":"ImageObject","inLanguage":"fr-FR","@id":"https:\/\/blog.holyart.it\/fr\/paques\/dimanche-in-albis-que-rappelle-t-il-et-quelle-est-la-signification-religieuse-de-cette-journee\/#primaryimage","url":"https:\/\/blog.holyart.it\/fr\/wp-content\/uploads\/sites\/14\/2024\/02\/Dimanche-in-Albis.jpg","contentUrl":"https:\/\/blog.holyart.it\/fr\/wp-content\/uploads\/sites\/14\/2024\/02\/Dimanche-in-Albis.jpg","width":1000,"height":666,"caption":"Dimanche in Albis"},{"@type":"BreadcrumbList","@id":"https:\/\/blog.holyart.it\/fr\/paques\/dimanche-in-albis-que-rappelle-t-il-et-quelle-est-la-signification-religieuse-de-cette-journee\/#breadcrumb","itemListElement":[{"@type":"ListItem","position":1,"name":"Homepage","item":"https:\/\/blog.holyart.it\/fr\/"},{"@type":"ListItem","position":2,"name":"P\u00e2ques","item":"https:\/\/blog.holyart.it\/fr\/paques\/"},{"@type":"ListItem","position":3,"name":"Dimanche in Albis : que rappelle-t-il et quelle est la signification religieuse de cette journ\u00e9e"}]},{"@type":"WebSite","@id":"https:\/\/blog.holyart.it\/fr\/#website","url":"https:\/\/blog.holyart.it\/fr\/","name":"Holyart.fr Blog","description":"Holyblog","publisher":{"@id":"https:\/\/blog.holyart.it\/fr\/#organization"},"potentialAction":[{"@type":"SearchAction","target":{"@type":"EntryPoint","urlTemplate":"https:\/\/blog.holyart.it\/fr\/?s={search_term_string}"},"query-input":{"@type":"PropertyValueSpecification","valueRequired":true,"valueName":"search_term_string"}}],"inLanguage":"fr-FR"},{"@type":"Organization","@id":"https:\/\/blog.holyart.it\/fr\/#organization","name":"Holyart.fr Blog","url":"https:\/\/blog.holyart.it\/fr\/","logo":{"@type":"ImageObject","inLanguage":"fr-FR","@id":"https:\/\/blog.holyart.it\/fr\/#\/schema\/logo\/image\/","url":"https:\/\/blog.holyart.it\/fr\/wp-content\/uploads\/sites\/14\/2022\/12\/Holyart_Blog_Logo.jpg","contentUrl":"https:\/\/blog.holyart.it\/fr\/wp-content\/uploads\/sites\/14\/2022\/12\/Holyart_Blog_Logo.jpg","width":300,"height":50,"caption":"Holyart.fr Blog"},"image":{"@id":"https:\/\/blog.holyart.it\/fr\/#\/schema\/logo\/image\/"}},{"@type":"Person","@id":"https:\/\/blog.holyart.it\/fr\/#\/schema\/person\/0a7b686e5af0f856ec1e390dd0baecda","name":"Redazione","image":{"@type":"ImageObject","inLanguage":"fr-FR","@id":"https:\/\/blog.holyart.it\/fr\/#\/schema\/person\/image\/","url":"https:\/\/secure.gravatar.com\/avatar\/f477da817f43e50d0af36abecd33e3edf826c68299714bdc1057dff3b113f516?s=96&d=mm&r=g","contentUrl":"https:\/\/secure.gravatar.com\/avatar\/f477da817f43e50d0af36abecd33e3edf826c68299714bdc1057dff3b113f516?s=96&d=mm&r=g","caption":"Redazione"},"url":"https:\/\/blog.holyart.it\/fr\/author\/admin\/"}]}},"_links":{"self":[{"href":"https:\/\/blog.holyart.it\/fr\/wp-json\/wp\/v2\/posts\/8018","targetHints":{"allow":["GET"]}}],"collection":[{"href":"https:\/\/blog.holyart.it\/fr\/wp-json\/wp\/v2\/posts"}],"about":[{"href":"https:\/\/blog.holyart.it\/fr\/wp-json\/wp\/v2\/types\/post"}],"author":[{"embeddable":true,"href":"https:\/\/blog.holyart.it\/fr\/wp-json\/wp\/v2\/users\/1"}],"replies":[{"embeddable":true,"href":"https:\/\/blog.holyart.it\/fr\/wp-json\/wp\/v2\/comments?post=8018"}],"version-history":[{"count":9,"href":"https:\/\/blog.holyart.it\/fr\/wp-json\/wp\/v2\/posts\/8018\/revisions"}],"predecessor-version":[{"id":8034,"href":"https:\/\/blog.holyart.it\/fr\/wp-json\/wp\/v2\/posts\/8018\/revisions\/8034"}],"wp:featuredmedia":[{"embeddable":true,"href":"https:\/\/blog.holyart.it\/fr\/wp-json\/wp\/v2\/media\/8020"}],"wp:attachment":[{"href":"https:\/\/blog.holyart.it\/fr\/wp-json\/wp\/v2\/media?parent=8018"}],"wp:term":[{"taxonomy":"category","embeddable":true,"href":"https:\/\/blog.holyart.it\/fr\/wp-json\/wp\/v2\/categories?post=8018"},{"taxonomy":"post_tag","embeddable":true,"href":"https:\/\/blog.holyart.it\/fr\/wp-json\/wp\/v2\/tags?post=8018"}],"curies":[{"name":"wp","href":"https:\/\/api.w.org\/{rel}","templated":true}]}}