{"id":8002,"date":"2024-03-25T10:00:15","date_gmt":"2024-03-25T09:00:15","guid":{"rendered":"https:\/\/blog.holyart.it\/fr\/?p=8002"},"modified":"2025-03-06T12:24:28","modified_gmt":"2025-03-06T11:24:28","slug":"les-celebrations-du-vendredi-saint-tous-les-moments-les-plus-importants","status":"publish","type":"post","link":"https:\/\/blog.holyart.it\/fr\/paques\/les-celebrations-du-vendredi-saint-tous-les-moments-les-plus-importants\/","title":{"rendered":"Les c\u00e9l\u00e9brations du Vendredi Saint : tous les moments les plus importants"},"content":{"rendered":"<h4>Avec le Vendredi Saint se compl\u00e8te la Passion et la mort de J\u00e9sus, en attendant le miracle pascal. Voici les moments les plus importants de ce jour solennel.<\/h4>\n\n<p>Le <strong>Vendredi Saint<\/strong> pr\u00e9c\u00e8de le <strong>Dimanche de P\u00e2ques<\/strong> et marque le d\u00e9but de la fin de la <a href=\"https:\/\/www.holyart.fr\/blog\/accessoires-pour-la-liturgie\/les-rites-de-la-semaine-sainte\/\"><strong><u>Semaine Sainte<\/u><\/strong><\/a>. Dans l\u2019apr\u00e8s-midi du Vendredi Saint l\u2019\u00c9glise catholique \u00e9voque le souvenir de <a href=\"https:\/\/www.holyart.fr\/blog\/articles-religieux\/via-dolorosa-les-14-installations-en-bronze-representant-les-scenes-de-la-passion\/\"><strong><u>la passion de J\u00e9sus et de Sa mort sur la croix<\/u><\/strong><\/a>. Le choix de c\u00e9l\u00e9brer la Liturgie du Vendredi Saint dans l\u2019<strong>apr\u00e8s-midi <\/strong>nait de la tradition \u00e9vang\u00e9lique selon laquelle J\u00e9sus aurait exhal\u00e9 son dernier souffle \u00e0 une heure correspondant \u00e0 15h00 de l\u2019apr\u00e8s-midi justement.<\/p>\n<p>Deuxi\u00e8me jour du Triduum pascal, c\u0153ur de l\u2019<a href=\"https:\/\/www.holyart.fr\/blog\/accessoires-pour-la-liturgie\/lannee-liturgique-eclaircissons-les-choses\/\"><strong><u>ann\u00e9e liturgique<\/u><\/strong><\/a>, il est caract\u00e9ris\u00e9 par l\u2019<strong>absence de la c\u00e9l\u00e9bration eucharistique<\/strong>, par le je\u00fbne et par l\u2019abstinence de la viande. La date du Vendredi Saint est <strong>mobile<\/strong> et n\u2019est pas consid\u00e9r\u00e9e comme un jour f\u00e9ri\u00e9.<\/p>\n<p>Un autre \u00e9l\u00e9ment important dans les rites du Vendredi Saint est le <strong>silence<\/strong>. Ainsi comme la c\u00e9l\u00e9bration du Jeudi Saint se conclut avec un moment de silence, de la m\u00eame mani\u00e8re commence celle de l\u2019apr\u00e8s-midi du Vendredi Saint. C\u2019est en ces jours que l\u2019attente de P\u00e2ques devient plus solennelle, dans une suspension presque tangible, entre douleur et espoir. On se tait par respect, afin de laisser place aux pens\u00e9es, aux m\u00e9ditations, aux pri\u00e8res. M\u00eame les cloches restent immobiles, muettes, presque \u00e9tonn\u00e9es dans la contemplation de l\u2019\u00e9v\u00e9nement qui est en train de se consommer dans la m\u00e9moire des croyants. Les derniers terribles jours de Christ, de Son arrestation \u00e0 Sa mort, en passant par <a href=\"https:\/\/www.holyart.fr\/blog\/articles-religieux\/les-evenements-de-la-passion-de-jesus-de-la-cene-a-sa-crucifixion\/\"><strong><u>la souffrance de la Passion<\/u><\/strong><\/a>, passages oblig\u00e9s de Son miracle le plus grand, de l\u2019accomplissement de Sa mission dans le monde.<\/p>\n<p>Rappelons \u00e9galement <strong>pourquoi on ne mange pas de viande le Vendredi Saint<\/strong>, par respect aux <a href=\"https:\/\/www.holyart.fr\/blog\/articles-religieux\/jeune-de-careme-ce-quon-entend-et-comment-le-mettre-en-pratique\/\"><strong><u>r\u00e8gles du je\u00fbne quadrag\u00e9simal<\/u><\/strong><\/a>, comme pr\u00e9vu par le canon 1251 du Code de Droit canonique. La r\u00e8gle de l\u2019<strong>abstinence de la viande au sens strict <\/strong>comprend le <a href=\"https:\/\/www.holyart.fr\/blog\/articles-religieux\/mercredi-des-cendres-quest-ce-que-cest\/\"><strong><u>Mercredi des Cendres<\/u><\/strong><\/a>, les vendredis de la p\u00e9riode du Car\u00eame, et en particulier le Vendredi Saint.<\/p>\n<p>Voyons donc les moments les plus significatifs de la Liturgie du Vendredi Saint, des Lectures et l\u2019hom\u00e9lie, \u00e0 l\u2019Adoration de la Croix.<\/p>\n<div class=\"link-article\">\n<p><img loading=\"lazy\" decoding=\"async\" class=\"size-full wp-image-8006 alignleft\" src=\"https:\/\/blog.holyart.it\/fr\/wp-content\/uploads\/sites\/14\/2024\/02\/Les-rites-de-la-Semaine-Sainte-1.jpg\" alt=\"Les rites de la Semaine Sainte\" width=\"150\" height=\"99\" data-kale-share-title=\"Les c\u00e9l\u00e9brations du Vendredi Saint : tous les moments les plus importants\" data-kale-share-url=\"https:\/\/blog.holyart.it\/fr\/?p=8002\" \/><\/p>\n<div class=\"leggi-anche\">Lire aussi :<\/div>\n<p><strong><a href=\"https:\/\/www.holyart.fr\/blog\/accessoires-pour-la-liturgie\/les-rites-de-la-semaine-sainte\/\">Les rites de la Semaine Sainte<\/a><\/strong><br \/>\nP\u00e2ques est la f\u00eate la plus importante de l\u2019ann\u00e9e pour les chr\u00e9tiens et est c\u00e9l\u00e9br\u00e9e dans le monde entier&#8230;<\/p>\n<\/div>\n<h2>La liturgie du Vendredi Saint<\/h2>\n<p>C\u0153ur de la Liturgie du Vendredi Saint est ce que l\u2019on appelle l\u2019<strong>Action liturgique de la Passion du Seigneur<\/strong>, ou <em>In Passione Domini<\/em>, un tr\u00e8s ancien rite d\u2019origine byzantine qui remonte au VIe si\u00e8cle apr. J.-C. L\u2019Action liturgique s\u2019articule en <strong>trois moments<\/strong>.<\/p>\n<h2>Liturgie de la Parole<\/h2>\n<p>On effectue les lectures d\u2019<strong>\u00c9sa\u00efe 52,13-53,12 <\/strong>(<em>Quatri\u00e8me Chant du Serviteur du Seigneur<\/em>, o\u00f9 le Serviteur dont parle le Proph\u00e8te s\u2019identifie en Christ) ;\u00a0 <strong>H\u00e9breux 4,14-16;5,7-9<\/strong> (m\u00e9ditation sur la souffrance et la mort de J\u00e9sus qui, bien qu\u2019\u00e9tant Fils de Dieu, s\u2019est laiss\u00e9 tuer pour le salut de tous) ; <a href=\"https:\/\/www.holyart.fr\/articles-religieux\/livres-sacres\/evangiles\"><strong>Passion selon Jean<\/strong><\/a> (Jean 18,1-19,42).<\/p>\n<p>\u00c0 la fin des lectures est r\u00e9cit\u00e9e la <strong>Pri\u00e8re Universelle<\/strong>, compos\u00e9e de dix intentions de pri\u00e8re r\u00e9cit\u00e9es par un diacre et entrecoup\u00e9es par l\u2019oraison du pr\u00eatre.<\/p>\n<h2>L\u2019Adoration de la Sainte Croix<\/h2>\n<p>Le pr\u00eatre c\u00e9l\u00e9brant, les ministres et les fid\u00e8les r\u00e9unis d\u00e9filent en <strong>procession devant la Croix<\/strong>, s\u2019agenouillant \u00e0 ses pieds et, dans certains cas, l\u2019embrassant.<\/p>\n<p>La <a href=\"https:\/\/www.holyart.fr\/blog\/articles-religieux\/paques-10-curiosites-sur-les-symboles-de-la-passion-de-christ\/\"><strong><u>Croix couverte d\u2019un voile<\/u><\/strong><\/a> est amen\u00e9e sur le ma\u00eetre-autel c\u00f4toy\u00e9e par deux servants d\u2019autel avec des bougies allum\u00e9es en main. Le c\u00e9l\u00e9brant d\u00e9couvre le bras gauche de la Croix et la soul\u00e8ve en la montrant aux d\u00e9vots et en pronon\u00e7ant, ou chantant, la formule\u00a0: \u00ab\u00a0<em>Ecce lignum Crucis<\/em>\u00a0\u00bb. Les fid\u00e8les r\u00e9pondent : \u00ab <em>Venite, adoremus<\/em>\u00a0\u00bb.<\/p>\n<p>Tous adorent la Croix en silence, en restant agenouill\u00e9s. Le c\u00e9l\u00e9brant d\u00e9couvre \u00e9galement le bras droit de la Croix et la soul\u00e8ve de nouveau, en r\u00e9p\u00e9tant l\u2019invitation. \u00c0 la troisi\u00e8me \u00e9l\u00e9vation, la Croix est enti\u00e8rement d\u00e9couverte et est d\u00e9pos\u00e9e l\u00e0 o\u00f9 tout le monde peut l\u2019approcher et l\u2019adorer.<\/p>\n<p>Dans une forme alternative, le pr\u00eatre s\u2019approche de la <strong>porte de l\u2019\u00e9glise<\/strong> et re\u00e7oit la Croix d\u00e9couverte, qu\u2019il am\u00e8ne en procession le long de la nef jusqu\u2019\u00e0 l\u2019autel, suivi par les autres ministres qui am\u00e8nent les chandeliers allum\u00e9s. Sur le parcours, il s\u2019arr\u00eate trois fois et, \u00e0 chaque arr\u00eat, il invite les fid\u00e8les \u00e0 l\u2019adoration.<\/p>\n<p>Pendant la procession devant la Croix, on chante l\u2019antienne <em>Nous adorons ta croix, Seigneur<\/em> et d\u2019autres hymnes et chants. \u00c0 la fin de l\u2019adoration, la Croix est remise \u00e0 sa place, les bougies et les chandeliers plac\u00e9s \u00e0 ses pieds ou sur l\u2019autel.<\/p>\n<div class=\"link-article\">\n<p><img loading=\"lazy\" decoding=\"async\" class=\"size-full wp-image-8008 alignleft\" src=\"https:\/\/blog.holyart.it\/fr\/wp-content\/uploads\/sites\/14\/2024\/02\/Paques-10-curiosites-sur-les-symboles-de-la-Passion-de-Christ.jpg\" alt=\"P\u00e2ques 10 curiosit\u00e9s sur les symboles de la Passion de Christ\" width=\"150\" height=\"99\" data-kale-share-title=\"Les c\u00e9l\u00e9brations du Vendredi Saint : tous les moments les plus importants\" data-kale-share-url=\"https:\/\/blog.holyart.it\/fr\/?p=8002\" \/><\/p>\n<div class=\"leggi-anche\">Lire aussi :<\/div>\n<p><strong><a href=\"https:\/\/www.holyart.fr\/blog\/articles-religieux\/paques-10-curiosites-sur-les-symboles-de-la-passion-de-christ\/\">P\u00e2ques : 10 curiosit\u00e9s sur les symboles de la Passion de Christ<\/a><\/strong><br \/>\nLes symboles de la Passion de Christ font partie int\u00e9grante de la solennit\u00e9 de la P\u00e2ques chr\u00e9tienne&#8230;<\/p>\n<\/div>\n<h2>La Sainte Communion avec les Pr\u00e9sanctifi\u00e9s<\/h2>\n<p>Bien que dans la messe du Vendredi Saint la c\u00e9l\u00e9bration eucharistique ne soit pas contempl\u00e9e, les fid\u00e8les peuvent toutefois recevoir la <strong>communion avec les Pr\u00e9sanctifi\u00e9s<\/strong>. Les Pr\u00e9sanctifi\u00e9s sont les esp\u00e8ces eucharistiques qui ont \u00e9t\u00e9 sanctifi\u00e9es le soir du Jeudi Saint et qui sont distribu\u00e9es aux pr\u00e9sents en remplacement \u00e0 l\u2019Eucharistie.<\/p>\n<p>\u00c0 la fin de la messe, aucune b\u00e9n\u00e9diction n\u2019est effectu\u00e9e et le c\u00e9l\u00e9brant et les ministres, apr\u00e8s s\u2019\u00eatre agenouill\u00e9s devant la croix, font leur retour en sacristie en silence, sans chants ni musique.<\/p>\n<h2>Rite ambrosien<\/h2>\n<p>La c\u00e9l\u00e9bration du Vendredi Saint et de la Passion du Seigneur est l\u00e9g\u00e8rement diff\u00e9rente dans le rite ambrosien.<\/p>\n<p>Elle s\u2019articule en deux moments liturgiques : la c\u00e9l\u00e9bration de la <strong>Passion du Seigneur<\/strong>, dans l\u2019apr\u00e8s-midi, et la c\u00e9l\u00e9bration de la <a href=\"https:\/\/www.holyart.fr\/occasions-speciales\/creche-de-paques\/scene-de-la-vie-de-jesus-descente-de-croix-avec-ange-9-cm\"><strong>Descente de la Croix du Seigneur<\/strong><\/a>, le soir. La c\u00e9l\u00e9bration de l\u2019apr\u00e8s-midi s\u2019ouvre avec l\u2019<strong>annonce de la Mort du Seigneur<\/strong>, avec la lecture de la <em>Passion selon Matthieu<\/em> (Matthieu 27,1-56) et se poursuit avec l\u2019<strong>adoration de la Croix<\/strong> et la <strong>pri\u00e8re universelle<\/strong>.<\/p>\n<p>Dans la c\u00e9l\u00e9bration vesp\u00e9rale, on rappelle la <a href=\"https:\/\/www.holyart.fr\/occasions-speciales\/creche-de-paques\/scene-descente-de-croix-jesus-dans-les-bras-de-marie-9-cm\"><strong>descente de Christ de la Croix<\/strong><\/a>, la pr\u00e9paration de Son corps de la part de Joseph d\u2019Arimathie et la <a href=\"https:\/\/www.holyart.fr\/occasions-speciales\/creche-de-paques\/decor-creche-de-paques-9-cm-tombeau-crucifixion-20x55x40-cm\"><strong>mise au tombeau<\/strong><\/a>, comme d\u00e9crit dans Matthieu 27,57-61.<\/p>\n<p>Dans la tradition ambrosienne aussi, le Vendredi Saint et tous les vendredis de Car\u00eame, l\u2019Eucharistie n\u2019est pas distribu\u00e9e.<\/p>\n<div class=\"link-product\">\n<div class=\"blocco-immagine\"><img loading=\"lazy\" decoding=\"async\" class=\"size-full wp-image-8010 alignleft\" src=\"https:\/\/blog.holyart.it\/fr\/wp-content\/uploads\/sites\/14\/2024\/02\/Scene-descente-de-croix-Jesus-dans-les-bras-de-Marie-9-cm.jpg\" alt=\"Sc\u00e8ne descente de croix J\u00e9sus dans les bras de Marie 9 cm\" width=\"100\" height=\"100\" data-kale-share-title=\"Les c\u00e9l\u00e9brations du Vendredi Saint : tous les moments les plus importants\" data-kale-share-url=\"https:\/\/blog.holyart.it\/fr\/?p=8002\" \/><\/div>\n<div class=\"blocco-contenuto\">\n<div class=\"blocco-acquista\">Acheter sur Holyart:<\/div>\n<div class=\"blocco-titolo\"><a href=\"https:\/\/www.holyart.fr\/occasions-speciales\/creche-de-paques\/scene-descente-de-croix-jesus-dans-les-bras-de-marie-9-cm?_gl=1*ccd2x*_gcl_aw*R0NMLjE3MDgwOTIxMDYuQ2owS0NRanc4cW1oQmhDbEFSSXNBTkF0Ym9mZ21KMm85dkV5S0JjLUdLUWIweWFCLU9EekR0N1ZQV2hnY1g4WW96M2haNGVTR0JkUjR1d2FBZzZrRUFMd193Y0I.*_gcl_au*MTYzMTc5MDU5My4xNzA1NTg0Nzkw*_ga*MjAyODIwNTUzOS4xNjgwNTA1OTc3*_ga_W18MV136NH*MTcwODA5OTEyOC40NTIuMC4xNzA4MDk5MTI4LjAuMC4w\">Sc\u00e8ne descente de croix J\u00e9sus dans les bras de Marie 9 cm<\/a><\/div>\n<div class=\"blocco-descrizione\">Sc\u00e8ne descente de croix J\u00e9sus dans les bras de Marie 7 cm&#8230;<\/div>\n<\/div>\n<\/div>\n<h2>Le Chemin de Croix<\/h2>\n<p>Une autre des traditions du Vendredi Saint qui g\u00e9n\u00e9ralement a lieu le soir est le <a href=\"https:\/\/www.holyart.fr\/blog\/accessoires-pour-la-liturgie\/commemorer-le-parcours-douloureux-du-christ-a-travers-le-chemin-de-croix\/\"><strong><u>Chemin de Croix<\/u><\/strong><\/a>. Le plus important se tient \u00e0 Rome, au Colis\u00e9e, o\u00f9 il est c\u00e9l\u00e9br\u00e9 pour la premi\u00e8re fois en 1750 par Beno\u00eet XIV, pape Lambertini, qui d\u00e9dia le Colis\u00e9e \u00e0 la Passion de Christ et aux Martyrs et y fit \u00e9riger les <a href=\"https:\/\/www.holyart.fr\/blog\/articles-religieux\/via-dolorosa-les-14-installations-en-bronze-representant-les-scenes-de-la-passion\/\"><strong><u>14 stations<\/u><\/strong><\/a> et une grande Croix. Entre hauts et bas, l\u2019usage du Chemin de Croix au Colis\u00e9e fut continu\u00e9, abandonn\u00e9 et ensuite repris suivant la p\u00e9riode historique. En 1965 elle fut reprise en main par Paul VI et transmise pour la premi\u00e8re fois en directe eurovision par le service publique de radio-t\u00e9l\u00e9vision italien Rai. \u00c0 partir de 1977, la transmission devint en mondovision et en couleur. Jean-Paul II voulut que les m\u00e9ditations li\u00e9es aux diff\u00e9rentes stations ne soient pas uniquement \u00e9crites par des religieux, mais des la\u00efcs aussi.<\/p>\n<p>Parcourir le Chemin de Croix en silence et pri\u00e8re est une mani\u00e8re pour <strong>se sentir plus proches de Christ<\/strong>, pour suivre Ses pas vers le Calvaire et la mort, un chemin trac\u00e9 par le Saint-Esprit, qui descend sur ceux qui choisissent de suivre ce m\u00eame parcours.<\/p>\n<div class=\"link-article\">\n<p><img loading=\"lazy\" decoding=\"async\" class=\"size-full wp-image-8013 alignleft\" src=\"https:\/\/blog.holyart.it\/fr\/wp-content\/uploads\/sites\/14\/2024\/02\/Via-Dolorosa-les-14-installations-en-bronze-representant-les-scenes-de-la-Passion.jpg\" alt=\"Via Dolorosa les 14 installations en bronze repr\u00e9sentant les sc\u00e8nes de la Passion\" width=\"150\" height=\"99\" data-kale-share-title=\"Les c\u00e9l\u00e9brations du Vendredi Saint : tous les moments les plus importants\" data-kale-share-url=\"https:\/\/blog.holyart.it\/fr\/?p=8002\" \/><\/p>\n<div class=\"leggi-anche\">Lire aussi :<\/div>\n<p><strong><a href=\"https:\/\/www.holyart.fr\/blog\/articles-religieux\/via-dolorosa-les-14-installations-en-bronze-representant-les-scenes-de-la-passion\/\">Via Dolorosa : les 14 installations en bronze repr\u00e9sentant les sc\u00e8nes de la Passion<\/a><\/strong><br \/>\nLa Via Dolorosa \u00e0 J\u00e9rusalem reparcourt les \u00e9tapes de la Passion&#8230;<\/p>\n<\/div>\n<p>Voici les 14 stations :<\/p>\n<ol>\n<li>J\u00e9sus est condamn\u00e9 \u00e0 mort<\/li>\n<li>J\u00e9sus porte sa croix<\/li>\n<li>J\u00e9sus tombe pour la premi\u00e8re fois<\/li>\n<li>J\u00e9sus rencontre sa m\u00e8re<\/li>\n<li>Simon de Cyr\u00e8ne aide J\u00e9sus \u00e0 porter la croix<\/li>\n<li>V\u00e9ronique essuie le visage de J\u00e9sus<\/li>\n<li>J\u00e9sus tombe pour la deuxi\u00e8me fois<\/li>\n<li>J\u00e9sus rencontre les femmes de J\u00e9rusalem qui pleurent<\/li>\n<li>J\u00e9sus tombe pour la troisi\u00e8me fois<\/li>\n<li>J\u00e9sus est d\u00e9pouill\u00e9 de ses v\u00eatements<\/li>\n<li>J\u00e9sus est clou\u00e9 \u00e0 la croix<\/li>\n<li>J\u00e9sus meurt sur la croix<\/li>\n<li>J\u00e9sus est descendu de la croix et son corps est rendu \u00e0 sa m\u00e8re<\/li>\n<li>Le corps de J\u00e9sus est mis au tombeau.<\/li>\n<\/ol>\n","protected":false},"excerpt":{"rendered":"<p>Avec le Vendredi Saint se compl\u00e8te la Passion et la mort de J\u00e9sus, en attendant le miracle pascal. Voici les moments les plus importants de ce jour solennel. Le Vendredi Saint pr\u00e9c\u00e8de le Dimanche de P\u00e2ques et marque le d\u00e9but de la fin de la&hellip;<\/p>\n","protected":false},"author":1,"featured_media":8005,"comment_status":"closed","ping_status":"open","sticky":false,"template":"","format":"standard","meta":{"_acf_changed":false,"footnotes":""},"categories":[12,14],"tags":[],"class_list":["post-8002","post","type-post","status-publish","format-standard","has-post-thumbnail","hentry","category-occasions-speciales","category-paques"],"acf":[],"yoast_head":"<!-- This site is optimized with the Yoast SEO plugin v26.6 - https:\/\/yoast.com\/wordpress\/plugins\/seo\/ -->\n<title>Les c\u00e9l\u00e9brations du Vendredi Saint : tous les moments les plus importants - Holyart.fr Blog<\/title>\n<meta name=\"description\" content=\"Avec le Vendredi Saint se compl\u00e8te la Passion et la mort de J\u00e9sus, en attendant le miracle pascal. Voici les moments les plus importants...\" \/>\n<meta name=\"robots\" content=\"index, follow, max-snippet:-1, max-image-preview:large, max-video-preview:-1\" \/>\n<link rel=\"canonical\" href=\"https:\/\/blog.holyart.it\/fr\/paques\/les-celebrations-du-vendredi-saint-tous-les-moments-les-plus-importants\/\" \/>\n<meta property=\"og:locale\" content=\"fr_FR\" \/>\n<meta property=\"og:type\" content=\"article\" \/>\n<meta property=\"og:title\" content=\"Les c\u00e9l\u00e9brations du Vendredi Saint : tous les moments les plus importants - Holyart.fr Blog\" \/>\n<meta property=\"og:description\" content=\"Avec le Vendredi Saint se compl\u00e8te la Passion et la mort de J\u00e9sus, en attendant le miracle pascal. Voici les moments les plus importants...\" \/>\n<meta property=\"og:url\" content=\"https:\/\/blog.holyart.it\/fr\/paques\/les-celebrations-du-vendredi-saint-tous-les-moments-les-plus-importants\/\" \/>\n<meta property=\"og:site_name\" content=\"Holyart.fr Blog\" \/>\n<meta property=\"article:published_time\" content=\"2024-03-25T09:00:15+00:00\" \/>\n<meta property=\"article:modified_time\" content=\"2025-03-06T11:24:28+00:00\" \/>\n<meta property=\"og:image\" content=\"https:\/\/blog.holyart.it\/fr\/wp-content\/uploads\/sites\/14\/2024\/02\/Les-celebrations-du-Vendredi-Saint.jpg\" \/>\n\t<meta property=\"og:image:width\" content=\"1000\" \/>\n\t<meta property=\"og:image:height\" content=\"666\" \/>\n\t<meta property=\"og:image:type\" content=\"image\/jpeg\" \/>\n<meta name=\"author\" content=\"Redazione\" \/>\n<meta name=\"twitter:card\" content=\"summary_large_image\" \/>\n<meta name=\"twitter:label1\" content=\"\u00c9crit par\" \/>\n\t<meta name=\"twitter:data1\" content=\"Redazione\" \/>\n\t<meta name=\"twitter:label2\" content=\"Dur\u00e9e de lecture estim\u00e9e\" \/>\n\t<meta name=\"twitter:data2\" content=\"8 minutes\" \/>\n<script type=\"application\/ld+json\" class=\"yoast-schema-graph\">{\"@context\":\"https:\/\/schema.org\",\"@graph\":[{\"@type\":\"Article\",\"@id\":\"https:\/\/blog.holyart.it\/fr\/paques\/les-celebrations-du-vendredi-saint-tous-les-moments-les-plus-importants\/#article\",\"isPartOf\":{\"@id\":\"https:\/\/blog.holyart.it\/fr\/paques\/les-celebrations-du-vendredi-saint-tous-les-moments-les-plus-importants\/\"},\"author\":{\"name\":\"Redazione\",\"@id\":\"https:\/\/blog.holyart.it\/fr\/#\/schema\/person\/0a7b686e5af0f856ec1e390dd0baecda\"},\"headline\":\"Les c\u00e9l\u00e9brations du Vendredi Saint : tous les moments les plus importants\",\"datePublished\":\"2024-03-25T09:00:15+00:00\",\"dateModified\":\"2025-03-06T11:24:28+00:00\",\"mainEntityOfPage\":{\"@id\":\"https:\/\/blog.holyart.it\/fr\/paques\/les-celebrations-du-vendredi-saint-tous-les-moments-les-plus-importants\/\"},\"wordCount\":1597,\"publisher\":{\"@id\":\"https:\/\/blog.holyart.it\/fr\/#organization\"},\"image\":{\"@id\":\"https:\/\/blog.holyart.it\/fr\/paques\/les-celebrations-du-vendredi-saint-tous-les-moments-les-plus-importants\/#primaryimage\"},\"thumbnailUrl\":\"https:\/\/blog.holyart.it\/fr\/wp-content\/uploads\/sites\/14\/2024\/02\/Les-celebrations-du-Vendredi-Saint.jpg\",\"articleSection\":[\"Occasions sp\u00e9ciales\",\"P\u00e2ques\"],\"inLanguage\":\"fr-FR\"},{\"@type\":\"WebPage\",\"@id\":\"https:\/\/blog.holyart.it\/fr\/paques\/les-celebrations-du-vendredi-saint-tous-les-moments-les-plus-importants\/\",\"url\":\"https:\/\/blog.holyart.it\/fr\/paques\/les-celebrations-du-vendredi-saint-tous-les-moments-les-plus-importants\/\",\"name\":\"Les c\u00e9l\u00e9brations du Vendredi Saint : tous les moments les plus importants - Holyart.fr Blog\",\"isPartOf\":{\"@id\":\"https:\/\/blog.holyart.it\/fr\/#website\"},\"primaryImageOfPage\":{\"@id\":\"https:\/\/blog.holyart.it\/fr\/paques\/les-celebrations-du-vendredi-saint-tous-les-moments-les-plus-importants\/#primaryimage\"},\"image\":{\"@id\":\"https:\/\/blog.holyart.it\/fr\/paques\/les-celebrations-du-vendredi-saint-tous-les-moments-les-plus-importants\/#primaryimage\"},\"thumbnailUrl\":\"https:\/\/blog.holyart.it\/fr\/wp-content\/uploads\/sites\/14\/2024\/02\/Les-celebrations-du-Vendredi-Saint.jpg\",\"datePublished\":\"2024-03-25T09:00:15+00:00\",\"dateModified\":\"2025-03-06T11:24:28+00:00\",\"description\":\"Avec le Vendredi Saint se compl\u00e8te la Passion et la mort de J\u00e9sus, en attendant le miracle pascal. Voici les moments les plus importants...\",\"breadcrumb\":{\"@id\":\"https:\/\/blog.holyart.it\/fr\/paques\/les-celebrations-du-vendredi-saint-tous-les-moments-les-plus-importants\/#breadcrumb\"},\"inLanguage\":\"fr-FR\",\"potentialAction\":[{\"@type\":\"ReadAction\",\"target\":[\"https:\/\/blog.holyart.it\/fr\/paques\/les-celebrations-du-vendredi-saint-tous-les-moments-les-plus-importants\/\"]}]},{\"@type\":\"ImageObject\",\"inLanguage\":\"fr-FR\",\"@id\":\"https:\/\/blog.holyart.it\/fr\/paques\/les-celebrations-du-vendredi-saint-tous-les-moments-les-plus-importants\/#primaryimage\",\"url\":\"https:\/\/blog.holyart.it\/fr\/wp-content\/uploads\/sites\/14\/2024\/02\/Les-celebrations-du-Vendredi-Saint.jpg\",\"contentUrl\":\"https:\/\/blog.holyart.it\/fr\/wp-content\/uploads\/sites\/14\/2024\/02\/Les-celebrations-du-Vendredi-Saint.jpg\",\"width\":1000,\"height\":666,\"caption\":\"Les c\u00e9l\u00e9brations du Vendredi Saint\"},{\"@type\":\"BreadcrumbList\",\"@id\":\"https:\/\/blog.holyart.it\/fr\/paques\/les-celebrations-du-vendredi-saint-tous-les-moments-les-plus-importants\/#breadcrumb\",\"itemListElement\":[{\"@type\":\"ListItem\",\"position\":1,\"name\":\"Homepage\",\"item\":\"https:\/\/blog.holyart.it\/fr\/\"},{\"@type\":\"ListItem\",\"position\":2,\"name\":\"P\u00e2ques\",\"item\":\"https:\/\/blog.holyart.it\/fr\/paques\/\"},{\"@type\":\"ListItem\",\"position\":3,\"name\":\"Les c\u00e9l\u00e9brations du Vendredi Saint : tous les moments les plus importants\"}]},{\"@type\":\"WebSite\",\"@id\":\"https:\/\/blog.holyart.it\/fr\/#website\",\"url\":\"https:\/\/blog.holyart.it\/fr\/\",\"name\":\"Holyart.fr Blog\",\"description\":\"Holyblog\",\"publisher\":{\"@id\":\"https:\/\/blog.holyart.it\/fr\/#organization\"},\"potentialAction\":[{\"@type\":\"SearchAction\",\"target\":{\"@type\":\"EntryPoint\",\"urlTemplate\":\"https:\/\/blog.holyart.it\/fr\/?s={search_term_string}\"},\"query-input\":{\"@type\":\"PropertyValueSpecification\",\"valueRequired\":true,\"valueName\":\"search_term_string\"}}],\"inLanguage\":\"fr-FR\"},{\"@type\":\"Organization\",\"@id\":\"https:\/\/blog.holyart.it\/fr\/#organization\",\"name\":\"Holyart.fr Blog\",\"url\":\"https:\/\/blog.holyart.it\/fr\/\",\"logo\":{\"@type\":\"ImageObject\",\"inLanguage\":\"fr-FR\",\"@id\":\"https:\/\/blog.holyart.it\/fr\/#\/schema\/logo\/image\/\",\"url\":\"https:\/\/blog.holyart.it\/fr\/wp-content\/uploads\/sites\/14\/2022\/12\/Holyart_Blog_Logo.jpg\",\"contentUrl\":\"https:\/\/blog.holyart.it\/fr\/wp-content\/uploads\/sites\/14\/2022\/12\/Holyart_Blog_Logo.jpg\",\"width\":300,\"height\":50,\"caption\":\"Holyart.fr Blog\"},\"image\":{\"@id\":\"https:\/\/blog.holyart.it\/fr\/#\/schema\/logo\/image\/\"}},{\"@type\":\"Person\",\"@id\":\"https:\/\/blog.holyart.it\/fr\/#\/schema\/person\/0a7b686e5af0f856ec1e390dd0baecda\",\"name\":\"Redazione\",\"image\":{\"@type\":\"ImageObject\",\"inLanguage\":\"fr-FR\",\"@id\":\"https:\/\/blog.holyart.it\/fr\/#\/schema\/person\/image\/\",\"url\":\"https:\/\/secure.gravatar.com\/avatar\/f477da817f43e50d0af36abecd33e3edf826c68299714bdc1057dff3b113f516?s=96&d=mm&r=g\",\"contentUrl\":\"https:\/\/secure.gravatar.com\/avatar\/f477da817f43e50d0af36abecd33e3edf826c68299714bdc1057dff3b113f516?s=96&d=mm&r=g\",\"caption\":\"Redazione\"},\"url\":\"https:\/\/blog.holyart.it\/fr\/author\/admin\/\"}]}<\/script>\n<!-- \/ Yoast SEO plugin. -->","yoast_head_json":{"title":"Les c\u00e9l\u00e9brations du Vendredi Saint : tous les moments les plus importants - Holyart.fr Blog","description":"Avec le Vendredi Saint se compl\u00e8te la Passion et la mort de J\u00e9sus, en attendant le miracle pascal. Voici les moments les plus importants...","robots":{"index":"index","follow":"follow","max-snippet":"max-snippet:-1","max-image-preview":"max-image-preview:large","max-video-preview":"max-video-preview:-1"},"canonical":"https:\/\/blog.holyart.it\/fr\/paques\/les-celebrations-du-vendredi-saint-tous-les-moments-les-plus-importants\/","og_locale":"fr_FR","og_type":"article","og_title":"Les c\u00e9l\u00e9brations du Vendredi Saint : tous les moments les plus importants - Holyart.fr Blog","og_description":"Avec le Vendredi Saint se compl\u00e8te la Passion et la mort de J\u00e9sus, en attendant le miracle pascal. Voici les moments les plus importants...","og_url":"https:\/\/blog.holyart.it\/fr\/paques\/les-celebrations-du-vendredi-saint-tous-les-moments-les-plus-importants\/","og_site_name":"Holyart.fr Blog","article_published_time":"2024-03-25T09:00:15+00:00","article_modified_time":"2025-03-06T11:24:28+00:00","og_image":[{"width":1000,"height":666,"url":"https:\/\/blog.holyart.it\/fr\/wp-content\/uploads\/sites\/14\/2024\/02\/Les-celebrations-du-Vendredi-Saint.jpg","type":"image\/jpeg"}],"author":"Redazione","twitter_card":"summary_large_image","twitter_misc":{"\u00c9crit par":"Redazione","Dur\u00e9e de lecture estim\u00e9e":"8 minutes"},"schema":{"@context":"https:\/\/schema.org","@graph":[{"@type":"Article","@id":"https:\/\/blog.holyart.it\/fr\/paques\/les-celebrations-du-vendredi-saint-tous-les-moments-les-plus-importants\/#article","isPartOf":{"@id":"https:\/\/blog.holyart.it\/fr\/paques\/les-celebrations-du-vendredi-saint-tous-les-moments-les-plus-importants\/"},"author":{"name":"Redazione","@id":"https:\/\/blog.holyart.it\/fr\/#\/schema\/person\/0a7b686e5af0f856ec1e390dd0baecda"},"headline":"Les c\u00e9l\u00e9brations du Vendredi Saint : tous les moments les plus importants","datePublished":"2024-03-25T09:00:15+00:00","dateModified":"2025-03-06T11:24:28+00:00","mainEntityOfPage":{"@id":"https:\/\/blog.holyart.it\/fr\/paques\/les-celebrations-du-vendredi-saint-tous-les-moments-les-plus-importants\/"},"wordCount":1597,"publisher":{"@id":"https:\/\/blog.holyart.it\/fr\/#organization"},"image":{"@id":"https:\/\/blog.holyart.it\/fr\/paques\/les-celebrations-du-vendredi-saint-tous-les-moments-les-plus-importants\/#primaryimage"},"thumbnailUrl":"https:\/\/blog.holyart.it\/fr\/wp-content\/uploads\/sites\/14\/2024\/02\/Les-celebrations-du-Vendredi-Saint.jpg","articleSection":["Occasions sp\u00e9ciales","P\u00e2ques"],"inLanguage":"fr-FR"},{"@type":"WebPage","@id":"https:\/\/blog.holyart.it\/fr\/paques\/les-celebrations-du-vendredi-saint-tous-les-moments-les-plus-importants\/","url":"https:\/\/blog.holyart.it\/fr\/paques\/les-celebrations-du-vendredi-saint-tous-les-moments-les-plus-importants\/","name":"Les c\u00e9l\u00e9brations du Vendredi Saint : tous les moments les plus importants - Holyart.fr Blog","isPartOf":{"@id":"https:\/\/blog.holyart.it\/fr\/#website"},"primaryImageOfPage":{"@id":"https:\/\/blog.holyart.it\/fr\/paques\/les-celebrations-du-vendredi-saint-tous-les-moments-les-plus-importants\/#primaryimage"},"image":{"@id":"https:\/\/blog.holyart.it\/fr\/paques\/les-celebrations-du-vendredi-saint-tous-les-moments-les-plus-importants\/#primaryimage"},"thumbnailUrl":"https:\/\/blog.holyart.it\/fr\/wp-content\/uploads\/sites\/14\/2024\/02\/Les-celebrations-du-Vendredi-Saint.jpg","datePublished":"2024-03-25T09:00:15+00:00","dateModified":"2025-03-06T11:24:28+00:00","description":"Avec le Vendredi Saint se compl\u00e8te la Passion et la mort de J\u00e9sus, en attendant le miracle pascal. Voici les moments les plus importants...","breadcrumb":{"@id":"https:\/\/blog.holyart.it\/fr\/paques\/les-celebrations-du-vendredi-saint-tous-les-moments-les-plus-importants\/#breadcrumb"},"inLanguage":"fr-FR","potentialAction":[{"@type":"ReadAction","target":["https:\/\/blog.holyart.it\/fr\/paques\/les-celebrations-du-vendredi-saint-tous-les-moments-les-plus-importants\/"]}]},{"@type":"ImageObject","inLanguage":"fr-FR","@id":"https:\/\/blog.holyart.it\/fr\/paques\/les-celebrations-du-vendredi-saint-tous-les-moments-les-plus-importants\/#primaryimage","url":"https:\/\/blog.holyart.it\/fr\/wp-content\/uploads\/sites\/14\/2024\/02\/Les-celebrations-du-Vendredi-Saint.jpg","contentUrl":"https:\/\/blog.holyart.it\/fr\/wp-content\/uploads\/sites\/14\/2024\/02\/Les-celebrations-du-Vendredi-Saint.jpg","width":1000,"height":666,"caption":"Les c\u00e9l\u00e9brations du Vendredi Saint"},{"@type":"BreadcrumbList","@id":"https:\/\/blog.holyart.it\/fr\/paques\/les-celebrations-du-vendredi-saint-tous-les-moments-les-plus-importants\/#breadcrumb","itemListElement":[{"@type":"ListItem","position":1,"name":"Homepage","item":"https:\/\/blog.holyart.it\/fr\/"},{"@type":"ListItem","position":2,"name":"P\u00e2ques","item":"https:\/\/blog.holyart.it\/fr\/paques\/"},{"@type":"ListItem","position":3,"name":"Les c\u00e9l\u00e9brations du Vendredi Saint : tous les moments les plus importants"}]},{"@type":"WebSite","@id":"https:\/\/blog.holyart.it\/fr\/#website","url":"https:\/\/blog.holyart.it\/fr\/","name":"Holyart.fr Blog","description":"Holyblog","publisher":{"@id":"https:\/\/blog.holyart.it\/fr\/#organization"},"potentialAction":[{"@type":"SearchAction","target":{"@type":"EntryPoint","urlTemplate":"https:\/\/blog.holyart.it\/fr\/?s={search_term_string}"},"query-input":{"@type":"PropertyValueSpecification","valueRequired":true,"valueName":"search_term_string"}}],"inLanguage":"fr-FR"},{"@type":"Organization","@id":"https:\/\/blog.holyart.it\/fr\/#organization","name":"Holyart.fr Blog","url":"https:\/\/blog.holyart.it\/fr\/","logo":{"@type":"ImageObject","inLanguage":"fr-FR","@id":"https:\/\/blog.holyart.it\/fr\/#\/schema\/logo\/image\/","url":"https:\/\/blog.holyart.it\/fr\/wp-content\/uploads\/sites\/14\/2022\/12\/Holyart_Blog_Logo.jpg","contentUrl":"https:\/\/blog.holyart.it\/fr\/wp-content\/uploads\/sites\/14\/2022\/12\/Holyart_Blog_Logo.jpg","width":300,"height":50,"caption":"Holyart.fr Blog"},"image":{"@id":"https:\/\/blog.holyart.it\/fr\/#\/schema\/logo\/image\/"}},{"@type":"Person","@id":"https:\/\/blog.holyart.it\/fr\/#\/schema\/person\/0a7b686e5af0f856ec1e390dd0baecda","name":"Redazione","image":{"@type":"ImageObject","inLanguage":"fr-FR","@id":"https:\/\/blog.holyart.it\/fr\/#\/schema\/person\/image\/","url":"https:\/\/secure.gravatar.com\/avatar\/f477da817f43e50d0af36abecd33e3edf826c68299714bdc1057dff3b113f516?s=96&d=mm&r=g","contentUrl":"https:\/\/secure.gravatar.com\/avatar\/f477da817f43e50d0af36abecd33e3edf826c68299714bdc1057dff3b113f516?s=96&d=mm&r=g","caption":"Redazione"},"url":"https:\/\/blog.holyart.it\/fr\/author\/admin\/"}]}},"_links":{"self":[{"href":"https:\/\/blog.holyart.it\/fr\/wp-json\/wp\/v2\/posts\/8002","targetHints":{"allow":["GET"]}}],"collection":[{"href":"https:\/\/blog.holyart.it\/fr\/wp-json\/wp\/v2\/posts"}],"about":[{"href":"https:\/\/blog.holyart.it\/fr\/wp-json\/wp\/v2\/types\/post"}],"author":[{"embeddable":true,"href":"https:\/\/blog.holyart.it\/fr\/wp-json\/wp\/v2\/users\/1"}],"replies":[{"embeddable":true,"href":"https:\/\/blog.holyart.it\/fr\/wp-json\/wp\/v2\/comments?post=8002"}],"version-history":[{"count":9,"href":"https:\/\/blog.holyart.it\/fr\/wp-json\/wp\/v2\/posts\/8002\/revisions"}],"predecessor-version":[{"id":8016,"href":"https:\/\/blog.holyart.it\/fr\/wp-json\/wp\/v2\/posts\/8002\/revisions\/8016"}],"wp:featuredmedia":[{"embeddable":true,"href":"https:\/\/blog.holyart.it\/fr\/wp-json\/wp\/v2\/media\/8005"}],"wp:attachment":[{"href":"https:\/\/blog.holyart.it\/fr\/wp-json\/wp\/v2\/media?parent=8002"}],"wp:term":[{"taxonomy":"category","embeddable":true,"href":"https:\/\/blog.holyart.it\/fr\/wp-json\/wp\/v2\/categories?post=8002"},{"taxonomy":"post_tag","embeddable":true,"href":"https:\/\/blog.holyart.it\/fr\/wp-json\/wp\/v2\/tags?post=8002"}],"curies":[{"name":"wp","href":"https:\/\/api.w.org\/{rel}","templated":true}]}}