{"id":7989,"date":"2024-03-20T10:00:26","date_gmt":"2024-03-20T09:00:26","guid":{"rendered":"https:\/\/blog.holyart.it\/fr\/?p=7989"},"modified":"2026-03-23T09:43:03","modified_gmt":"2026-03-23T08:43:03","slug":"messe-du-chrisme-et-la-benediction-des-huiles-saintes","status":"publish","type":"post","link":"https:\/\/blog.holyart.it\/fr\/paques\/messe-du-chrisme-et-la-benediction-des-huiles-saintes\/","title":{"rendered":"Messe du Chrisme et la b\u00e9n\u00e9diction des huiles saintes"},"content":{"rendered":"<h4>La messe du chrisme c\u00e9l\u00e8bre le myst\u00e8re de l\u2019\u00e9glise, son unit\u00e9 et communion, en attendant P\u00e2ques. C\u2019est \u00e9galement l\u2019occasion de consacrer les huiles.<\/h4>\n<p>La messe du chrisme est c\u00e9l\u00e9br\u00e9e le matin du <strong>Jeudi saint<\/strong> ou l\u2019apr\u00e8s-midi du <strong>Mercredi saint<\/strong>. G\u00e9n\u00e9ralement, il a lieu dans la cath\u00e9drale et est dirig\u00e9e par l\u2019<strong>\u00c9v\u00eaque<\/strong>, qui prononce une hom\u00e9lie sp\u00e9ciale \u00e0 la fin de laquelle les pr\u00eatres de la Dioc\u00e8se renouvellent la promesse sanctionn\u00e9e par eux-m\u00eames le jour de l\u2019<a href=\"https:\/\/www.holyart.fr\/blog\/articles-religieux\/ordination-presbyterale-voici-comment-lon-devient-pretre\/\"><strong><u>Ordination religieuse<\/u><\/strong><\/a>. En ce sens, la messe du chrisme repr\u00e9sente une sorte de r\u00e9union solennelle, qui concerne \u00c9v\u00eaque, presbyt\u00e8res et toute l\u2019assembl\u00e9e des fid\u00e8les, en exprimant une unit\u00e9 de foi et d\u2019intentions qui d\u00e9passe les diff\u00e9rences d\u2019\u00e2ge, de milieu social, couleur de peau, histoire personnelle. Au contraire, c\u2019est justement dans cette vari\u00e9t\u00e9 qui r\u00e9side la richesse de l\u2019\u00e9glise, compos\u00e9e de religieux et de la\u00efcs, tous diff\u00e9rents entre eux, et pourtant unis dans la foi et dans l\u2019amour pour Dieu.<\/p>\n<div class=\"link-article\">\n<p><img loading=\"lazy\" decoding=\"async\" class=\"size-full wp-image-7992 alignleft\" src=\"https:\/\/blog.holyart.it\/fr\/wp-content\/uploads\/sites\/14\/2024\/02\/Ordination-presbyterale-voici-comment-lon-devient-pretre.jpg\" alt=\"Ordination presbyt\u00e9rale voici comment l\u2019on devient pr\u00eatre\" width=\"150\" height=\"99\" data-kale-share-title=\"Messe du Chrisme et la b\u00e9n\u00e9diction des huiles saintes\" data-kale-share-url=\"https:\/\/blog.holyart.it\/fr\/?p=7989\" \/><\/p>\n<div class=\"leggi-anche\">Lire aussi :<\/div>\n<p><strong><a href=\"https:\/\/www.holyart.fr\/blog\/articles-religieux\/ordination-presbyterale-voici-comment-lon-devient-pretre\/\">Ordination presbyt\u00e9rale : voici comment l\u2019on devient pr\u00eatre<\/a><\/strong><br \/>\nAvec l\u2019Ordination Presbyt\u00e9rale, un homme devient \u00e0 tous points de vue un pr\u00eatre. Voici comment se d\u00e9roule le rite&#8230;<\/p>\n<\/div>\n<h2>La b\u00e9n\u00e9diction des huiles saintes<\/h2>\n<p>Un autre aspect tr\u00e8s important de la messe du Chrisme est que, pendant la c\u00e9l\u00e9bration eucharistique, l\u2019\u00e9v\u00eaque consacre les <a href=\"https:\/\/www.holyart.fr\/accessoires-pour-la-liturgie\/huiles-saintes-et-sets-bapteme\"><strong>huiles saintes<\/strong><\/a>, destin\u00e9es aux Sacrements de la prochaine Ann\u00e9e liturgique. Ces huiles seront ensuite distribu\u00e9es dans les diff\u00e9rentes paroisses et conserv\u00e9es dans des <strong>vases sacr\u00e9s<\/strong> sp\u00e9cifiques. Il s\u2019agit du <strong>chrisme<\/strong>, utilis\u00e9 pour les bapt\u00eames, la <strong><u>confirmation<\/u><\/strong> et l\u2019ordination des pr\u00eatres et des \u00e9v\u00eaques ; de l\u2019<strong>huile des cat\u00e9chum\u00e8nes <\/strong>utilis\u00e9e dans le bapt\u00eame\u00a0; de l\u2019huile destin\u00e9e \u00e0 l\u2019<a href=\"https:\/\/www.holyart.fr\/blog\/articles-religieux\/onction-des-malades-quest-ce-que-cest-et-comment-elle-se-deroule\/\"><strong><u>onction des malades<\/u><\/strong><\/a>.<\/p>\n<p>Le <strong>chrisme<\/strong> en particulier, est <a href=\"https:\/\/www.holyart.fr\/blog\/articles-religieux\/lhuile-dolive-une-excellence-preserver\/\"><strong><u>l\u2019huile d\u2019olive<\/u><\/strong><\/a> parfum\u00e9e avec baume et b\u00e9ni qui, lors du bapt\u00eame, consacre le baptis\u00e9 et marque son entr\u00e9e dans la grande famille de l\u2019\u00c9glise et est utilis\u00e9e pour en oindre la t\u00eate. Dans la Confirmation, par contre, le pr\u00eatre trempe le doigt dans le chrisme et l\u2019utilise pour tracer une croix sur le front du confirmant, en y imprimant le symbole du Saint-Esprit qui descend sur lui afin de lui insuffler la force d\u2019\u00eatre un \u00ab\u00a0soldat\u00a0\u00bb de Christ. Enfin, pendant l\u2019Ordination sacerdotale, les paumes des mains des presbyt\u00e8res et les fronts des \u00e9v\u00eaques sont tremp\u00e9es avec le chrisme.<\/p>\n<p>L\u2019<strong>huile des cat\u00e9chum\u00e8nes<\/strong>, par contre, d\u00e9clare que le baptis\u00e9 est devenu un combattant de la foi, paladin de la chr\u00e9tient\u00e9, comme symbole de force et de fermet\u00e9 contre les tentations et le p\u00e9ch\u00e9. Dans l\u2019antiquit\u00e9, on utilisait cette huile pour oindre les membres des athl\u00e8tes et des combattants. Avec l\u2019huile des cat\u00e9chum\u00e8nes, le pr\u00eatre trace une croix sur la poitrine et une autre entre les omoplates de qui est baptis\u00e9.<\/p>\n<p>L\u2019<strong>huile des infirmes<\/strong>, enfin, est utilis\u00e9e pour donner l\u2019extr\u00eame onction ou pour <strong>oindre les infirmes<\/strong>, justement, afin de soulager la souffrance physique et spirituelle de ces derniers.<\/p>\n<p>Dans le contexte de la messe du chrisme, l\u2019huile vers\u00e9e devient symbole de l\u2019<strong>appel \u00e0 la foi <\/strong>et \u00e0 la <strong>vocation religieuse<\/strong>, pour les pr\u00eatres comme pour les simples fid\u00e8les. L\u2019huile devient gr\u00e2ce sanctifiante, qui descend sur tous en les unifiant, mais se fait \u00e9galement porteuse de charit\u00e9, d\u2019un message universel d\u2019ouverture envers son prochain, d\u2019amour \u00e9largi avec g\u00e9n\u00e9rosit\u00e9 et sans retenue. Le fait que l\u2019huile soit parfum\u00e9e c\u00e9l\u00e8bre la <strong>beaut\u00e9 de la vie<\/strong> et des nombreux et incommensurables dons qui nous sont \u00e9largis, desquels nous sommes appel\u00e9s \u00e0 jouir ensemble \u00e0 ceux qui les partagent avec nous.<\/p>\n<div class=\"link-product\">\n<div class=\"blocco-immagine\"><img loading=\"lazy\" decoding=\"async\" class=\"size-full wp-image-7994 alignleft\" src=\"https:\/\/blog.holyart.it\/fr\/wp-content\/uploads\/sites\/14\/2024\/02\/Huiles-saintes-et-sets-bapteme.jpg\" alt=\"Huiles saintes et sets bapt\u00eame\" width=\"100\" height=\"100\" data-kale-share-title=\"Messe du Chrisme et la b\u00e9n\u00e9diction des huiles saintes\" data-kale-share-url=\"https:\/\/blog.holyart.it\/fr\/?p=7989\" \/><\/div>\n<div class=\"blocco-contenuto\">\n<div class=\"blocco-acquista\">Acheter sur Holyart:<\/div>\n<div class=\"blocco-titolo\"><a href=\"https:\/\/www.holyart.fr\/accessoires-pour-la-liturgie\/huiles-saintes-et-sets-bapteme?page=1&amp;_gl=1*1aif3lf*_gcl_aw*R0NMLjE3MDc5OTUyNzguQ2owS0NRanc4cW1oQmhDbEFSSXNBTkF0Ym9mZ21KMm85dkV5S0JjLUdLUWIweWFCLU9EekR0N1ZQV2hnY1g4WW96M2haNGVTR0JkUjR1d2FBZzZrRUFMd193Y0I.*_gcl_au*MTYzMTc5MDU5My4xNzA1NTg0Nzkw*_ga*MjAyODIwNTUzOS4xNjgwNTA1OTc3*_ga_W18MV136NH*MTcwODAwODYxMC40NDUuMC4xNzA4MDA4NjEwLjAuMC4w\">Huiles saintes et sets bapt\u00eame<\/a><\/div>\n<div class=\"blocco-descrizione\">Huiles Saintes et sets bapt\u00eame: ampoules pour les saintes huiles en verre et m\u00e9tal pour y contenir l&rsquo;Huile&#8230;<\/div>\n<\/div>\n<\/div>\n<h2>La messe du chrisme et la Pentec\u00f4te<\/h2>\n<p>La messe du chrisme a des origines tr\u00e8s anciennes, remontant au moins au VIIe si\u00e8cle apr. J.-C. et se relie au myst\u00e8re Pascal, au <strong>sens d\u2019unit\u00e9<\/strong> <strong>et de communion<\/strong> que la <a href=\"https:\/\/www.holyart.fr\/blog\/articles-religieux\/les-evenements-de-la-passion-de-jesus-de-la-cene-a-sa-crucifixion\/\"><strong><u>Passion<\/u><\/strong><\/a>, la mort et la R\u00e9surrection de J\u00e9sus symbolisent pour tous les chr\u00e9tiens. En particulier, cette c\u00e9r\u00e9monie c\u00e9l\u00e8bre la <strong>communion intime et profonde<\/strong> qui lie tous ceux qui font partie de l\u2019\u00e9glise, simples fid\u00e8les, diacres, presbyt\u00e8res, jusqu\u2019\u00e0 l\u2019\u00e9v\u00eaque, tous les baptis\u00e9s, les confirm\u00e9s, tous les \u201cunis\u201d du Saint-Esprit par le biais des Sacrements. En ce moment de fraternit\u00e9 et de communion, se renouvelle le myst\u00e8re de la <strong><u>Pentec\u00f4te<\/u><\/strong>, avec la c\u00e9l\u00e9bration de la descente du Saint-Esprit, et la naissance m\u00eame de l\u2019\u00c9glise. Cinquante jours apr\u00e8s la R\u00e9surrection de J\u00e9sus, \u00e0 l\u2019occasion du <em>Chavouot<\/em> juif, f\u00eate li\u00e9e \u00e0 la terre et aux moissons, Marie, les ap\u00f4tres et tous les disciples de J\u00e9sus s\u2019\u00e9taient r\u00e9unis pour prier ensemble, et ce fut \u00e0 ce moment-l\u00e0 que le Saint-Esprit descendit sur eux sous forme de langues de feu, en donnant aux ap\u00f4tres la facult\u00e9 d\u2019amener la Parole dans le monde entier. Cette foule recueillie au nom du souvenir de J\u00e9sus et de l\u2019amour pour Lui fut le premier noyer de l\u2019\u00c9glise catholique, b\u00e9ni par le Saint-Esprit. De la m\u00eame mani\u00e8re, les pr\u00eatres et les fid\u00e8les recueillis \u00e0 l\u2019occasion de la messe du chrisme renouvellent cet instant de communion et d\u2019investiture de foi.<\/p>\n<div class=\"link-article\">\n<p><img loading=\"lazy\" decoding=\"async\" class=\"size-full wp-image-7997 alignleft\" src=\"https:\/\/blog.holyart.it\/fr\/wp-content\/uploads\/sites\/14\/2024\/02\/Les-evenements-de-la-Passion-de-Jesus-de-la-Cene-a-Sa-crucifixion.jpg\" alt=\"Les \u00e9v\u00e9nements de la Passion de J\u00e9sus de la C\u00e8ne \u00e0 Sa crucifixion\" width=\"150\" height=\"99\" data-kale-share-title=\"Messe du Chrisme et la b\u00e9n\u00e9diction des huiles saintes\" data-kale-share-url=\"https:\/\/blog.holyart.it\/fr\/?p=7989\" \/><\/p>\n<div class=\"leggi-anche\">Lire aussi :<\/div>\n<p><strong><a href=\"https:\/\/www.holyart.fr\/blog\/articles-religieux\/les-evenements-de-la-passion-de-jesus-de-la-cene-a-sa-crucifixion\/\">Les \u00e9v\u00e9nements de la Passion de J\u00e9sus : de la C\u00e8ne \u00e0 Sa crucifixion<\/a><\/strong><br \/>\nLa Passion de J\u00e9sus est le moment le plus haut et le plus terrible&#8230;<\/p>\n<\/div>\n<p>META DESCRIPTION\u00a0: La messe du chrisme est un moment de profonde communion pour tous les chr\u00e9tiens et culmine avec la cons\u00e9cration des huiles saintes.<\/p>\n","protected":false},"excerpt":{"rendered":"<p>La messe du chrisme c\u00e9l\u00e8bre le myst\u00e8re de l\u2019\u00e9glise, son unit\u00e9 et communion, en attendant P\u00e2ques. C\u2019est \u00e9galement l\u2019occasion de consacrer les huiles. La messe du chrisme est c\u00e9l\u00e9br\u00e9e le matin du Jeudi saint ou l\u2019apr\u00e8s-midi du Mercredi saint. G\u00e9n\u00e9ralement, il a lieu dans la&hellip;<\/p>\n","protected":false},"author":1,"featured_media":7991,"comment_status":"closed","ping_status":"open","sticky":false,"template":"","format":"standard","meta":{"_acf_changed":false,"footnotes":""},"categories":[14,8],"tags":[],"class_list":["post-7989","post","type-post","status-publish","format-standard","has-post-thumbnail","hentry","category-paques","category-articles-religieux"],"acf":[],"yoast_head":"<!-- This site is optimized with the Yoast SEO plugin v26.6 - https:\/\/yoast.com\/wordpress\/plugins\/seo\/ -->\n<title>Messe du Chrisme et la b\u00e9n\u00e9diction des huiles saintes - Holyart.fr Blog<\/title>\n<meta name=\"description\" content=\"La messe du chrisme c\u00e9l\u00e8bre le myst\u00e8re de l\u2019\u00e9glise, son unit\u00e9 et communion, en attendant P\u00e2ques. C\u2019est \u00e9galement l\u2019occasion de consacrer...\" \/>\n<meta name=\"robots\" content=\"index, follow, max-snippet:-1, max-image-preview:large, max-video-preview:-1\" \/>\n<link rel=\"canonical\" href=\"https:\/\/blog.holyart.it\/fr\/paques\/messe-du-chrisme-et-la-benediction-des-huiles-saintes\/\" \/>\n<meta property=\"og:locale\" content=\"fr_FR\" \/>\n<meta property=\"og:type\" content=\"article\" \/>\n<meta property=\"og:title\" content=\"Messe du Chrisme et la b\u00e9n\u00e9diction des huiles saintes - Holyart.fr Blog\" \/>\n<meta property=\"og:description\" content=\"La messe du chrisme c\u00e9l\u00e8bre le myst\u00e8re de l\u2019\u00e9glise, son unit\u00e9 et communion, en attendant P\u00e2ques. C\u2019est \u00e9galement l\u2019occasion de consacrer...\" \/>\n<meta property=\"og:url\" content=\"https:\/\/blog.holyart.it\/fr\/paques\/messe-du-chrisme-et-la-benediction-des-huiles-saintes\/\" \/>\n<meta property=\"og:site_name\" content=\"Holyart.fr Blog\" \/>\n<meta property=\"article:published_time\" content=\"2024-03-20T09:00:26+00:00\" \/>\n<meta property=\"article:modified_time\" content=\"2026-03-23T08:43:03+00:00\" \/>\n<meta property=\"og:image\" content=\"https:\/\/blog.holyart.it\/fr\/wp-content\/uploads\/sites\/14\/2024\/02\/Messe-du-Chrisme-et-la-benediction-des-huiles-saintes.jpg\" \/>\n\t<meta property=\"og:image:width\" content=\"1000\" \/>\n\t<meta property=\"og:image:height\" content=\"666\" \/>\n\t<meta property=\"og:image:type\" content=\"image\/jpeg\" \/>\n<meta name=\"author\" content=\"Redazione\" \/>\n<meta name=\"twitter:card\" content=\"summary_large_image\" \/>\n<meta name=\"twitter:label1\" content=\"\u00c9crit par\" \/>\n\t<meta name=\"twitter:data1\" content=\"Redazione\" \/>\n\t<meta name=\"twitter:label2\" content=\"Dur\u00e9e de lecture estim\u00e9e\" \/>\n\t<meta name=\"twitter:data2\" content=\"6 minutes\" \/>\n<script type=\"application\/ld+json\" class=\"yoast-schema-graph\">{\"@context\":\"https:\/\/schema.org\",\"@graph\":[{\"@type\":\"Article\",\"@id\":\"https:\/\/blog.holyart.it\/fr\/paques\/messe-du-chrisme-et-la-benediction-des-huiles-saintes\/#article\",\"isPartOf\":{\"@id\":\"https:\/\/blog.holyart.it\/fr\/paques\/messe-du-chrisme-et-la-benediction-des-huiles-saintes\/\"},\"author\":{\"name\":\"Redazione\",\"@id\":\"https:\/\/blog.holyart.it\/fr\/#\/schema\/person\/0a7b686e5af0f856ec1e390dd0baecda\"},\"headline\":\"Messe du Chrisme et la b\u00e9n\u00e9diction des huiles saintes\",\"datePublished\":\"2024-03-20T09:00:26+00:00\",\"dateModified\":\"2026-03-23T08:43:03+00:00\",\"mainEntityOfPage\":{\"@id\":\"https:\/\/blog.holyart.it\/fr\/paques\/messe-du-chrisme-et-la-benediction-des-huiles-saintes\/\"},\"wordCount\":1060,\"publisher\":{\"@id\":\"https:\/\/blog.holyart.it\/fr\/#organization\"},\"image\":{\"@id\":\"https:\/\/blog.holyart.it\/fr\/paques\/messe-du-chrisme-et-la-benediction-des-huiles-saintes\/#primaryimage\"},\"thumbnailUrl\":\"https:\/\/blog.holyart.it\/fr\/wp-content\/uploads\/sites\/14\/2024\/02\/Messe-du-Chrisme-et-la-benediction-des-huiles-saintes.jpg\",\"articleSection\":[\"P\u00e2ques\",\"Religion\"],\"inLanguage\":\"fr-FR\"},{\"@type\":\"WebPage\",\"@id\":\"https:\/\/blog.holyart.it\/fr\/paques\/messe-du-chrisme-et-la-benediction-des-huiles-saintes\/\",\"url\":\"https:\/\/blog.holyart.it\/fr\/paques\/messe-du-chrisme-et-la-benediction-des-huiles-saintes\/\",\"name\":\"Messe du Chrisme et la b\u00e9n\u00e9diction des huiles saintes - Holyart.fr Blog\",\"isPartOf\":{\"@id\":\"https:\/\/blog.holyart.it\/fr\/#website\"},\"primaryImageOfPage\":{\"@id\":\"https:\/\/blog.holyart.it\/fr\/paques\/messe-du-chrisme-et-la-benediction-des-huiles-saintes\/#primaryimage\"},\"image\":{\"@id\":\"https:\/\/blog.holyart.it\/fr\/paques\/messe-du-chrisme-et-la-benediction-des-huiles-saintes\/#primaryimage\"},\"thumbnailUrl\":\"https:\/\/blog.holyart.it\/fr\/wp-content\/uploads\/sites\/14\/2024\/02\/Messe-du-Chrisme-et-la-benediction-des-huiles-saintes.jpg\",\"datePublished\":\"2024-03-20T09:00:26+00:00\",\"dateModified\":\"2026-03-23T08:43:03+00:00\",\"description\":\"La messe du chrisme c\u00e9l\u00e8bre le myst\u00e8re de l\u2019\u00e9glise, son unit\u00e9 et communion, en attendant P\u00e2ques. C\u2019est \u00e9galement l\u2019occasion de consacrer...\",\"breadcrumb\":{\"@id\":\"https:\/\/blog.holyart.it\/fr\/paques\/messe-du-chrisme-et-la-benediction-des-huiles-saintes\/#breadcrumb\"},\"inLanguage\":\"fr-FR\",\"potentialAction\":[{\"@type\":\"ReadAction\",\"target\":[\"https:\/\/blog.holyart.it\/fr\/paques\/messe-du-chrisme-et-la-benediction-des-huiles-saintes\/\"]}]},{\"@type\":\"ImageObject\",\"inLanguage\":\"fr-FR\",\"@id\":\"https:\/\/blog.holyart.it\/fr\/paques\/messe-du-chrisme-et-la-benediction-des-huiles-saintes\/#primaryimage\",\"url\":\"https:\/\/blog.holyart.it\/fr\/wp-content\/uploads\/sites\/14\/2024\/02\/Messe-du-Chrisme-et-la-benediction-des-huiles-saintes.jpg\",\"contentUrl\":\"https:\/\/blog.holyart.it\/fr\/wp-content\/uploads\/sites\/14\/2024\/02\/Messe-du-Chrisme-et-la-benediction-des-huiles-saintes.jpg\",\"width\":1000,\"height\":666,\"caption\":\"Messe du Chrisme et la b\u00e9n\u00e9diction des huiles saintes\"},{\"@type\":\"BreadcrumbList\",\"@id\":\"https:\/\/blog.holyart.it\/fr\/paques\/messe-du-chrisme-et-la-benediction-des-huiles-saintes\/#breadcrumb\",\"itemListElement\":[{\"@type\":\"ListItem\",\"position\":1,\"name\":\"Homepage\",\"item\":\"https:\/\/blog.holyart.it\/fr\/\"},{\"@type\":\"ListItem\",\"position\":2,\"name\":\"P\u00e2ques\",\"item\":\"https:\/\/blog.holyart.it\/fr\/paques\/\"},{\"@type\":\"ListItem\",\"position\":3,\"name\":\"Messe du Chrisme et la b\u00e9n\u00e9diction des huiles saintes\"}]},{\"@type\":\"WebSite\",\"@id\":\"https:\/\/blog.holyart.it\/fr\/#website\",\"url\":\"https:\/\/blog.holyart.it\/fr\/\",\"name\":\"Holyart.fr Blog\",\"description\":\"Holyblog\",\"publisher\":{\"@id\":\"https:\/\/blog.holyart.it\/fr\/#organization\"},\"potentialAction\":[{\"@type\":\"SearchAction\",\"target\":{\"@type\":\"EntryPoint\",\"urlTemplate\":\"https:\/\/blog.holyart.it\/fr\/?s={search_term_string}\"},\"query-input\":{\"@type\":\"PropertyValueSpecification\",\"valueRequired\":true,\"valueName\":\"search_term_string\"}}],\"inLanguage\":\"fr-FR\"},{\"@type\":\"Organization\",\"@id\":\"https:\/\/blog.holyart.it\/fr\/#organization\",\"name\":\"Holyart.fr Blog\",\"url\":\"https:\/\/blog.holyart.it\/fr\/\",\"logo\":{\"@type\":\"ImageObject\",\"inLanguage\":\"fr-FR\",\"@id\":\"https:\/\/blog.holyart.it\/fr\/#\/schema\/logo\/image\/\",\"url\":\"https:\/\/blog.holyart.it\/fr\/wp-content\/uploads\/sites\/14\/2022\/12\/Holyart_Blog_Logo.jpg\",\"contentUrl\":\"https:\/\/blog.holyart.it\/fr\/wp-content\/uploads\/sites\/14\/2022\/12\/Holyart_Blog_Logo.jpg\",\"width\":300,\"height\":50,\"caption\":\"Holyart.fr Blog\"},\"image\":{\"@id\":\"https:\/\/blog.holyart.it\/fr\/#\/schema\/logo\/image\/\"}},{\"@type\":\"Person\",\"@id\":\"https:\/\/blog.holyart.it\/fr\/#\/schema\/person\/0a7b686e5af0f856ec1e390dd0baecda\",\"name\":\"Redazione\",\"image\":{\"@type\":\"ImageObject\",\"inLanguage\":\"fr-FR\",\"@id\":\"https:\/\/blog.holyart.it\/fr\/#\/schema\/person\/image\/\",\"url\":\"https:\/\/secure.gravatar.com\/avatar\/f477da817f43e50d0af36abecd33e3edf826c68299714bdc1057dff3b113f516?s=96&d=mm&r=g\",\"contentUrl\":\"https:\/\/secure.gravatar.com\/avatar\/f477da817f43e50d0af36abecd33e3edf826c68299714bdc1057dff3b113f516?s=96&d=mm&r=g\",\"caption\":\"Redazione\"},\"url\":\"https:\/\/blog.holyart.it\/fr\/author\/admin\/\"}]}<\/script>\n<!-- \/ Yoast SEO plugin. -->","yoast_head_json":{"title":"Messe du Chrisme et la b\u00e9n\u00e9diction des huiles saintes - Holyart.fr Blog","description":"La messe du chrisme c\u00e9l\u00e8bre le myst\u00e8re de l\u2019\u00e9glise, son unit\u00e9 et communion, en attendant P\u00e2ques. C\u2019est \u00e9galement l\u2019occasion de consacrer...","robots":{"index":"index","follow":"follow","max-snippet":"max-snippet:-1","max-image-preview":"max-image-preview:large","max-video-preview":"max-video-preview:-1"},"canonical":"https:\/\/blog.holyart.it\/fr\/paques\/messe-du-chrisme-et-la-benediction-des-huiles-saintes\/","og_locale":"fr_FR","og_type":"article","og_title":"Messe du Chrisme et la b\u00e9n\u00e9diction des huiles saintes - Holyart.fr Blog","og_description":"La messe du chrisme c\u00e9l\u00e8bre le myst\u00e8re de l\u2019\u00e9glise, son unit\u00e9 et communion, en attendant P\u00e2ques. C\u2019est \u00e9galement l\u2019occasion de consacrer...","og_url":"https:\/\/blog.holyart.it\/fr\/paques\/messe-du-chrisme-et-la-benediction-des-huiles-saintes\/","og_site_name":"Holyart.fr Blog","article_published_time":"2024-03-20T09:00:26+00:00","article_modified_time":"2026-03-23T08:43:03+00:00","og_image":[{"width":1000,"height":666,"url":"https:\/\/blog.holyart.it\/fr\/wp-content\/uploads\/sites\/14\/2024\/02\/Messe-du-Chrisme-et-la-benediction-des-huiles-saintes.jpg","type":"image\/jpeg"}],"author":"Redazione","twitter_card":"summary_large_image","twitter_misc":{"\u00c9crit par":"Redazione","Dur\u00e9e de lecture estim\u00e9e":"6 minutes"},"schema":{"@context":"https:\/\/schema.org","@graph":[{"@type":"Article","@id":"https:\/\/blog.holyart.it\/fr\/paques\/messe-du-chrisme-et-la-benediction-des-huiles-saintes\/#article","isPartOf":{"@id":"https:\/\/blog.holyart.it\/fr\/paques\/messe-du-chrisme-et-la-benediction-des-huiles-saintes\/"},"author":{"name":"Redazione","@id":"https:\/\/blog.holyart.it\/fr\/#\/schema\/person\/0a7b686e5af0f856ec1e390dd0baecda"},"headline":"Messe du Chrisme et la b\u00e9n\u00e9diction des huiles saintes","datePublished":"2024-03-20T09:00:26+00:00","dateModified":"2026-03-23T08:43:03+00:00","mainEntityOfPage":{"@id":"https:\/\/blog.holyart.it\/fr\/paques\/messe-du-chrisme-et-la-benediction-des-huiles-saintes\/"},"wordCount":1060,"publisher":{"@id":"https:\/\/blog.holyart.it\/fr\/#organization"},"image":{"@id":"https:\/\/blog.holyart.it\/fr\/paques\/messe-du-chrisme-et-la-benediction-des-huiles-saintes\/#primaryimage"},"thumbnailUrl":"https:\/\/blog.holyart.it\/fr\/wp-content\/uploads\/sites\/14\/2024\/02\/Messe-du-Chrisme-et-la-benediction-des-huiles-saintes.jpg","articleSection":["P\u00e2ques","Religion"],"inLanguage":"fr-FR"},{"@type":"WebPage","@id":"https:\/\/blog.holyart.it\/fr\/paques\/messe-du-chrisme-et-la-benediction-des-huiles-saintes\/","url":"https:\/\/blog.holyart.it\/fr\/paques\/messe-du-chrisme-et-la-benediction-des-huiles-saintes\/","name":"Messe du Chrisme et la b\u00e9n\u00e9diction des huiles saintes - Holyart.fr Blog","isPartOf":{"@id":"https:\/\/blog.holyart.it\/fr\/#website"},"primaryImageOfPage":{"@id":"https:\/\/blog.holyart.it\/fr\/paques\/messe-du-chrisme-et-la-benediction-des-huiles-saintes\/#primaryimage"},"image":{"@id":"https:\/\/blog.holyart.it\/fr\/paques\/messe-du-chrisme-et-la-benediction-des-huiles-saintes\/#primaryimage"},"thumbnailUrl":"https:\/\/blog.holyart.it\/fr\/wp-content\/uploads\/sites\/14\/2024\/02\/Messe-du-Chrisme-et-la-benediction-des-huiles-saintes.jpg","datePublished":"2024-03-20T09:00:26+00:00","dateModified":"2026-03-23T08:43:03+00:00","description":"La messe du chrisme c\u00e9l\u00e8bre le myst\u00e8re de l\u2019\u00e9glise, son unit\u00e9 et communion, en attendant P\u00e2ques. C\u2019est \u00e9galement l\u2019occasion de consacrer...","breadcrumb":{"@id":"https:\/\/blog.holyart.it\/fr\/paques\/messe-du-chrisme-et-la-benediction-des-huiles-saintes\/#breadcrumb"},"inLanguage":"fr-FR","potentialAction":[{"@type":"ReadAction","target":["https:\/\/blog.holyart.it\/fr\/paques\/messe-du-chrisme-et-la-benediction-des-huiles-saintes\/"]}]},{"@type":"ImageObject","inLanguage":"fr-FR","@id":"https:\/\/blog.holyart.it\/fr\/paques\/messe-du-chrisme-et-la-benediction-des-huiles-saintes\/#primaryimage","url":"https:\/\/blog.holyart.it\/fr\/wp-content\/uploads\/sites\/14\/2024\/02\/Messe-du-Chrisme-et-la-benediction-des-huiles-saintes.jpg","contentUrl":"https:\/\/blog.holyart.it\/fr\/wp-content\/uploads\/sites\/14\/2024\/02\/Messe-du-Chrisme-et-la-benediction-des-huiles-saintes.jpg","width":1000,"height":666,"caption":"Messe du Chrisme et la b\u00e9n\u00e9diction des huiles saintes"},{"@type":"BreadcrumbList","@id":"https:\/\/blog.holyart.it\/fr\/paques\/messe-du-chrisme-et-la-benediction-des-huiles-saintes\/#breadcrumb","itemListElement":[{"@type":"ListItem","position":1,"name":"Homepage","item":"https:\/\/blog.holyart.it\/fr\/"},{"@type":"ListItem","position":2,"name":"P\u00e2ques","item":"https:\/\/blog.holyart.it\/fr\/paques\/"},{"@type":"ListItem","position":3,"name":"Messe du Chrisme et la b\u00e9n\u00e9diction des huiles saintes"}]},{"@type":"WebSite","@id":"https:\/\/blog.holyart.it\/fr\/#website","url":"https:\/\/blog.holyart.it\/fr\/","name":"Holyart.fr Blog","description":"Holyblog","publisher":{"@id":"https:\/\/blog.holyart.it\/fr\/#organization"},"potentialAction":[{"@type":"SearchAction","target":{"@type":"EntryPoint","urlTemplate":"https:\/\/blog.holyart.it\/fr\/?s={search_term_string}"},"query-input":{"@type":"PropertyValueSpecification","valueRequired":true,"valueName":"search_term_string"}}],"inLanguage":"fr-FR"},{"@type":"Organization","@id":"https:\/\/blog.holyart.it\/fr\/#organization","name":"Holyart.fr Blog","url":"https:\/\/blog.holyart.it\/fr\/","logo":{"@type":"ImageObject","inLanguage":"fr-FR","@id":"https:\/\/blog.holyart.it\/fr\/#\/schema\/logo\/image\/","url":"https:\/\/blog.holyart.it\/fr\/wp-content\/uploads\/sites\/14\/2022\/12\/Holyart_Blog_Logo.jpg","contentUrl":"https:\/\/blog.holyart.it\/fr\/wp-content\/uploads\/sites\/14\/2022\/12\/Holyart_Blog_Logo.jpg","width":300,"height":50,"caption":"Holyart.fr Blog"},"image":{"@id":"https:\/\/blog.holyart.it\/fr\/#\/schema\/logo\/image\/"}},{"@type":"Person","@id":"https:\/\/blog.holyart.it\/fr\/#\/schema\/person\/0a7b686e5af0f856ec1e390dd0baecda","name":"Redazione","image":{"@type":"ImageObject","inLanguage":"fr-FR","@id":"https:\/\/blog.holyart.it\/fr\/#\/schema\/person\/image\/","url":"https:\/\/secure.gravatar.com\/avatar\/f477da817f43e50d0af36abecd33e3edf826c68299714bdc1057dff3b113f516?s=96&d=mm&r=g","contentUrl":"https:\/\/secure.gravatar.com\/avatar\/f477da817f43e50d0af36abecd33e3edf826c68299714bdc1057dff3b113f516?s=96&d=mm&r=g","caption":"Redazione"},"url":"https:\/\/blog.holyart.it\/fr\/author\/admin\/"}]}},"_links":{"self":[{"href":"https:\/\/blog.holyart.it\/fr\/wp-json\/wp\/v2\/posts\/7989","targetHints":{"allow":["GET"]}}],"collection":[{"href":"https:\/\/blog.holyart.it\/fr\/wp-json\/wp\/v2\/posts"}],"about":[{"href":"https:\/\/blog.holyart.it\/fr\/wp-json\/wp\/v2\/types\/post"}],"author":[{"embeddable":true,"href":"https:\/\/blog.holyart.it\/fr\/wp-json\/wp\/v2\/users\/1"}],"replies":[{"embeddable":true,"href":"https:\/\/blog.holyart.it\/fr\/wp-json\/wp\/v2\/comments?post=7989"}],"version-history":[{"count":8,"href":"https:\/\/blog.holyart.it\/fr\/wp-json\/wp\/v2\/posts\/7989\/revisions"}],"predecessor-version":[{"id":8001,"href":"https:\/\/blog.holyart.it\/fr\/wp-json\/wp\/v2\/posts\/7989\/revisions\/8001"}],"wp:featuredmedia":[{"embeddable":true,"href":"https:\/\/blog.holyart.it\/fr\/wp-json\/wp\/v2\/media\/7991"}],"wp:attachment":[{"href":"https:\/\/blog.holyart.it\/fr\/wp-json\/wp\/v2\/media?parent=7989"}],"wp:term":[{"taxonomy":"category","embeddable":true,"href":"https:\/\/blog.holyart.it\/fr\/wp-json\/wp\/v2\/categories?post=7989"},{"taxonomy":"post_tag","embeddable":true,"href":"https:\/\/blog.holyart.it\/fr\/wp-json\/wp\/v2\/tags?post=7989"}],"curies":[{"name":"wp","href":"https:\/\/api.w.org\/{rel}","templated":true}]}}