{"id":7950,"date":"2024-03-13T10:00:36","date_gmt":"2024-03-13T09:00:36","guid":{"rendered":"https:\/\/blog.holyart.it\/fr\/?p=7950"},"modified":"2025-02-13T10:10:41","modified_gmt":"2025-02-13T09:10:41","slug":"lhistoire-de-ponce-pilate-et-son-implication-dans-la-condamnation-de-jesus","status":"publish","type":"post","link":"https:\/\/blog.holyart.it\/fr\/articles-religieux\/lhistoire-de-ponce-pilate-et-son-implication-dans-la-condamnation-de-jesus\/","title":{"rendered":"L\u2019histoire de Ponce Pilate et son implication dans la condamnation de J\u00e9sus"},"content":{"rendered":"<h4><em>Figure controvers\u00e9e et tragique, Ponce Pilate est pass\u00e9 \u00e0 l\u2019histoire comme l\u2019homme qui a condamn\u00e9 \u00e0 mort J\u00e9sus. Mais qui \u00e9tait-il vraiment ? D\u00e9couvrons-le, entre r\u00e9alit\u00e9 historique et r\u00e9cit \u00e9vang\u00e9lique<\/em><\/h4>\n\n<p>Nombreux sont les personnages qui apparaissent dans <strong>l\u2019histoire de la Passion et de la Mort de Christ<\/strong>. Pensons \u00e0 <a href=\"https:\/\/www.holyart.fr\/blog\/articles-religieux\/simon-de-cyrene-lhomme-qui-aida-jesus-a-porter-la-croix\/\"><strong>Simon de Cyr\u00e8ne<\/strong><\/a>, l\u2019homme qui aida J\u00e9sus \u00e0 porter la Croix jusqu\u2019au sommet du Golgotha, \u00e0 <a href=\"https:\/\/www.holyart.fr\/blog\/saints-et-bienheureux\/saint-dismas-le-bon-larron-qui-est-alle-au-paradis\/\"><strong>Dismas<\/strong><\/a>, un des deux larrons, pardonn\u00e9 juste avant sa mort et accueilli au Paradis, aux <a href=\"https:\/\/www.holyart.fr\/blog\/saints-et-bienheureux\/les-pieuses-femmes-les-trois-marie-presentes-sous-la-croix-de-jesus\/\"><strong>trois femmes pieuses<\/strong><\/a> recueillies \u00e0 pleurer aux pieds de la Croix. D\u2019autres personnages sont cit\u00e9s dans les <strong>\u00c9vangiles<\/strong>, certains de mani\u00e8re plus ou moins approfondie, mais un en particulier a subi au cours des si\u00e8cles un destin tout \u00e0 fait tragique. C\u2019est <strong>Ponce Pilate<\/strong>, le pr\u00e9fet romain en Jud\u00e9e, celui qui, selon l\u2019\u00c9vangile de Matthieu, <a href=\"https:\/\/www.holyart.fr\/blog\/articles-religieux\/pourquoi-jesus-en-croix-est-un-symbole-si-important-pour-les-catholiques\/\"><strong>condamna \u00e0 mort J\u00e9sus<\/strong><\/a>.<\/p>\n<p>Le tragique de Ponce Pilate r\u00e9side justement dans son apparente inconscience, dans la l\u00e9g\u00e8ret\u00e9 avec laquelle il pr\u00e9f\u00e9ra laisser le destin ce cet homme, \u00e0 son avis coupable simplement de divagations insens\u00e9es, au Sanh\u00e9drin, l\u2019organe de justice juif, pour lequel J\u00e9sus \u00e9tait \u00e0 condamner pour blasph\u00e8me.<\/p>\n<div class=\"link-article\">\n<p><img loading=\"lazy\" decoding=\"async\" class=\"size-full wp-image-7952 alignleft\" src=\"https:\/\/blog.holyart.it\/fr\/wp-content\/uploads\/sites\/14\/2024\/02\/Les-pieuses-femmes.jpeg\" alt=\"Les pieuses femmes\" width=\"150\" height=\"100\" data-kale-share-title=\"L\u2019histoire de Ponce Pilate et son implication dans la condamnation de J\u00e9sus\" data-kale-share-url=\"https:\/\/blog.holyart.it\/fr\/?p=7950\" \/><\/p>\n<div class=\"leggi-anche\">Lire aussi :<\/div>\n<p><strong><a href=\"https:\/\/www.holyart.fr\/blog\/saints-et-bienheureux\/les-pieuses-femmes-les-trois-marie-presentes-sous-la-croix-de-jesus\/\">Les pieuses femmes : les trois Marie pr\u00e9sentes sous la croix de J\u00e9sus<\/a><\/strong><br \/>\nLa Vierge Marie, Marie de Cl\u00e9ophas et Marie de Magdala : voici qui \u00e9taient les pieuses femmes qui assist\u00e8rent \u00e0 la mort de J\u00e9sus sur la Croix<\/p>\n<\/div>\n<p>Comme il arrive souvent dans le r\u00e9cit \u00e9vang\u00e9lique, toutefois, nous devons consid\u00e9rer que certains aspects du r\u00e9cit du proc\u00e8s \u00e0 J\u00e9sus ne sont pas vraisemblablement historiques, mais ont un caract\u00e8re symbolique et didactique. Par exemple, est surement tr\u00e8s th\u00e9\u00e2tral, mais presque surement invent\u00e9, le c\u00e9l\u00e8bre geste de <strong>Pilate qui se lave les mains<\/strong> en d\u00e9clarant sa volont\u00e9 de ne pas prendre part \u00e0 cette condamnation, comme l\u2019\u00e9crit l\u2019\u00e9vang\u00e9liste Matthieu : \u00ab\u00a0<em>Pilate, voyant qu\u2019il ne gagnait rien, mais que le tumulte augmentait, prit de l\u2019eau, se lava les mains en pr\u00e9sence de la foule, et dit\u00a0: Je suis innocent du sang de ce juste. Cela vous regarde !<\/em>\u00a0\u00bb (Mattieu 27,24). Ce geste n\u2019appartenait d\u2019ailleurs pas en aucune mani\u00e8re \u00e0 la culture romaine et il est presque certain que les choses ne se pass\u00e8rent pas ainsi, mais ce geste se relie au passage suivant de l\u2019\u00c9vangile, o\u00f9 l\u2019\u00e9vang\u00e9liste fait dire au peuple r\u00e9uni pour assister au proc\u00e8s\u00a0: \u00ab\u00a0<em>Et tout le peuple r\u00e9pondit\u00a0: Que son sang retombe sur nous et nos enfants\u00a0!<\/em>\u00a0\u00bb (Matthieu 27,25).<\/p>\n<p>Une dramatisation, donc, d\u2019un \u00e9v\u00e9nement en soi d\u00e9j\u00e0 tr\u00e8s dramatique, comme pouvait l\u2019\u00eatre <a href=\"https:\/\/www.holyart.fr\/occasions-speciales\/creche-de-paques\/scene-jesus-sur-la-croix-avec-marie-a-ses-pieds-9-cm\"><strong>le proc\u00e8s et la condamnation d\u2019un homme<\/strong><\/a>, \u00e0 une \u00e9poque o\u00f9 toutefois de telles condamnations \u00e9taient \u00e0 l\u2019ordre du jour, surtout dans un pays occup\u00e9, comme la Jud\u00e9e sous la domination romaine. Et pourtant, \u00e0 rendre encore plus tragique cet \u00e9v\u00e9nement, est justement la figure de Ponce Pilate, un homme \u00e9tranger \u00e0 la culture et \u00e0 la religion juive, de laquelle J\u00e9sus faisait partie et par laquelle il \u00e9tait condamn\u00e9, un \u00e9tranger en terre \u00e9trang\u00e8re, entour\u00e9 par l\u2019hostilit\u00e9 de tous, loin de sa propre ville, de son propre style de vie.<\/p>\n<div class=\"link-article\">\n<p><img loading=\"lazy\" decoding=\"async\" class=\"size-full wp-image-7953 alignleft\" src=\"https:\/\/blog.holyart.it\/fr\/wp-content\/uploads\/sites\/14\/2024\/02\/Jesus-en-croix.jpg\" alt=\"J\u00e9sus en croix\" width=\"150\" height=\"99\" data-kale-share-title=\"L\u2019histoire de Ponce Pilate et son implication dans la condamnation de J\u00e9sus\" data-kale-share-url=\"https:\/\/blog.holyart.it\/fr\/?p=7950\" \/><\/p>\n<div class=\"leggi-anche\">Lire aussi :<\/div>\n<p><strong><a href=\"https:\/\/www.holyart.fr\/blog\/articles-religieux\/pourquoi-jesus-en-croix-est-un-symbole-si-important-pour-les-catholiques\/\">Pourquoi J\u00e9sus en croix est un symbole si important pour les catholiques ?<\/a><\/strong><br \/>\nLa figure de J\u00e9sus en croix repr\u00e9sente pour chaque chr\u00e9tien le symbole de l\u2019amour par excellence, l\u2019incarnation de sa propre mission de foi et de vie<\/p>\n<\/div>\n<h2>Mais qui \u00e9tait Ponce Pilate ?<\/h2>\n<p>Nous savons tr\u00e8s peu de cet homme, simplement ce que nous lisons dans les <a href=\"https:\/\/www.holyart.fr\/articles-religieux\/livres-sacres\/evangiles\"><strong>\u00c9vangiles<\/strong><\/a> et dans les documents religieux apocryphes, mais aussi dans les textes historiques et philosophiques de Philon d\u2019Alexandrie, Flavius Jos\u00e8phe, Tacite.<br \/>\nNous savons qu\u2019il avait une <strong>\u00e9pouse<\/strong>, Claudia, qui l\u2019avait suivi \u00e0 J\u00e9rusalem, et qui, selon une certaine tradition, l\u2019aurait convaincu bien des ann\u00e9es plus tard \u00e0 <strong>se convertir au Christianisme<\/strong> et \u00e0 vivre comme p\u00e9nitent afin d\u2019expier sa faute vis-\u00e0-vis de J\u00e9sus. Selon l\u2019\u00c9glise orthodoxe \u00e9thiopienne il serait m\u00eame mort en <strong>martyr<\/strong>, tant que l\u2019on v\u00e9n\u00e8re comme saint et on en c\u00e9l\u00e8bre la r\u00e9currence le 25 juin.<br \/>\nNous savons qu\u2019il n\u2019avait pas beaucoup de sympathie pour <strong>H\u00e9rode Antipas<\/strong>, le t\u00e9trarque auquel il envoie toutefois J\u00e9sus, afin qu\u2019il le juge lui-m\u00eame.<br \/>\nAvant tout, nous savons qu\u2019il fut choisi par l\u2019<strong>empereur Tib\u00e8re <\/strong>en personne pour sa <strong>s\u00e9v\u00e9rit\u00e9 et duret\u00e9<\/strong>, afin qu\u2019il gouverne avec une main de fer sur cette terre si difficile et \u00e0 la position strat\u00e9gique.<\/p>\n<p>N\u00e9 dans les Abruzzes, ou peut-\u00eatre en Campanie, il \u00e9tait membre de l\u2019<em>ordo equestris <\/em>et avait pr\u00eat\u00e9 service dans l\u2019arm\u00e9e. Envoy\u00e9 en Jud\u00e9e en 26 apr. J.-C., il en fut le <strong>gouverneur pendant dix ans<\/strong>. Un gouverneur intransigeant, selon beaucoup, voire impitoyable et en aucun cas attentif aux traditions locales, \u00e0 la religion de ses sujets, \u00e0 la culture juive, si complexe et bas\u00e9e sur des r\u00e8gles rigides. Tr\u00e8s souvent, la population juive se serait insurg\u00e9e contre lui, en revendiquant un plus grand respect de ses traditions.<\/p>\n<p>Cependant, il fut \u00e9galement responsable d\u2019\u0153uvres m\u00e9ritoires, comme construire un aqueduc pour r\u00e9soudre le probl\u00e8me de la s\u00e9cheresse chronique qui tourmentait les habitants de J\u00e9rusalem. Mais le fait que, pour ce faire, il confisqua une partie du tr\u00e9sor du Temple, amena \u00e0 une nouvelle vague de m\u00e9contentement.<\/p>\n<p>Ce portrait d\u2019un homme dur jusqu\u2019\u00e0 la cruaut\u00e9 <strong>se heurte avec ce qui est \u00e9crit dans les \u00c9vangiles<\/strong>, concernant sa r\u00e9ticence \u00e0 <a href=\"https:\/\/www.holyart.fr\/occasions-speciales\/creche-de-paques\/decor-creche-de-paques-jardin-des-oliviers-condamnation-a-mort-35x60x40-cm-partie-4\"><strong>condamner \u00e0 mort J\u00e9sus Christ<\/strong><\/a>.<\/p>\n<p>Qu\u2019advint-il vraiment apr\u00e8s l\u2019entr\u00e9e de J\u00e9sus \u00e0 J\u00e9rusalem ?<\/p>\n<div class=\"link-product\">\n<div class=\"blocco-immagine\"><img loading=\"lazy\" decoding=\"async\" class=\"size-full wp-image-7955 alignleft\" src=\"https:\/\/blog.holyart.it\/fr\/wp-content\/uploads\/sites\/14\/2024\/02\/Scene-vie-de-Christ-condamnation-de-Jesus-9-cm-1.jpg\" alt=\"Sc\u00e8ne vie de Christ condamnation de J\u00e9sus 9 cm\" width=\"100\" height=\"100\" data-kale-share-title=\"L\u2019histoire de Ponce Pilate et son implication dans la condamnation de J\u00e9sus\" data-kale-share-url=\"https:\/\/blog.holyart.it\/fr\/?p=7950\" \/><\/div>\n<div class=\"blocco-contenuto\">\n<div class=\"blocco-acquista\">Acheter sur Holyart:<\/div>\n<div class=\"blocco-titolo\"><a href=\"https:\/\/www.holyart.fr\/occasions-speciales\/creche-de-paques\/scene-vie-de-christ-condamnation-de-jesus-9-cm\">Sc\u00e8ne vie de Christ condamnation de J\u00e9sus 9 cm<\/a><\/div>\n<div class=\"blocco-descrizione\">Repr\u00e9sentation d&rsquo;une sc\u00e8ne de la vie de Christ o\u00f9 J\u00e9sus est condamn\u00e9 apr\u00e8s son proc\u00e8s.<\/div>\n<\/div>\n<\/div>\n<h2>Entr\u00e9e de J\u00e9sus \u00e0 J\u00e9rusalem<\/h2>\n<p><a href=\"https:\/\/www.holyart.fr\/occasions-speciales\/creche-de-paques\/entree-a-jerusalem-scene-4-pcs-resine-peinte-main-15-cm\"><strong>Quand J\u00e9sus entra \u00e0 J\u00e9rusalem<\/strong><\/a>, les pr\u00eatres avaient d\u00e9j\u00e0 d\u00e9cid\u00e9 de l\u2019\u00e9liminer. Mais Sa c\u00e9l\u00e9brit\u00e9, l\u2019amour que le peuple lui d\u00e9montrait et le nombre croissant de disciples qui le suivaient partout les poussa \u00e0 agir avec pr\u00e9caution. Ils auraient pu le faire assassiner, mais ils auraient risqu\u00e9 un soul\u00e8vement populaire. Il fallait donc trouver une mani\u00e8re de l\u2019amener devant Pilate qui, en tant que pr\u00e9fet, avait la facult\u00e9 de le condamner \u00e0 mort. De plus, selon l\u2019\u00e9vang\u00e9liste Luc, Pilate lui-m\u00eame voyait dans les pr\u00e9dications de J\u00e9sus une dangereuse invitation \u00e0 la r\u00e9bellion contre l\u2019\u00e9gide romaine, du moment qu\u2019il avait exhort\u00e9 ses fid\u00e8les \u00e0 ne pas verser de tributs \u00e0 l\u2019Empereur. Il faut aussi se rappeler que beaucoup de personnes, comme les z\u00e9lotes, voyaient en Lui un possible leader militaire, qui les guideraient, armes \u00e0 la main, contre les envahisseurs.<\/p>\n<div class=\"link-product\">\n<div class=\"blocco-immagine\"><img loading=\"lazy\" decoding=\"async\" class=\"size-full wp-image-7956 alignleft\" src=\"https:\/\/blog.holyart.it\/fr\/wp-content\/uploads\/sites\/14\/2024\/02\/Entree-a-Jerusalem-scene-4-pcs-resine-peinte-main-15-cm.jpg\" alt=\"Entr\u00e9e \u00e0 J\u00e9rusalem sc\u00e8ne 4 pcs r\u00e9sine peinte main 15 cm\" width=\"100\" height=\"100\" data-kale-share-title=\"L\u2019histoire de Ponce Pilate et son implication dans la condamnation de J\u00e9sus\" data-kale-share-url=\"https:\/\/blog.holyart.it\/fr\/?p=7950\" \/><\/div>\n<div class=\"blocco-contenuto\">\n<div class=\"blocco-acquista\">Acheter sur Holyart:<\/div>\n<div class=\"blocco-titolo\"><a href=\"https:\/\/www.holyart.fr\/occasions-speciales\/creche-de-paques\/entree-a-jerusalem-scene-4-pcs-resine-peinte-main-15-cm\">Entr\u00e9e \u00e0 J\u00e9rusalem <\/a><\/div>\n<div class=\"blocco-descrizione\">4 pcs r\u00e9sine peinte main 14 cm<\/div>\n<\/div>\n<\/div>\n<h2>Le proc\u00e8s de J\u00e9sus<\/h2>\n<p>Arr\u00eat\u00e9 avec la <a href=\"https:\/\/www.holyart.fr\/blog\/articles-religieux\/la-veritable-histoire-de-judas-iscariote-connu-pour-avoir-trahi-le-messie\/\"><strong>complicit\u00e9 de Judas<\/strong><\/a>, selon les \u00c9vangiles J\u00e9sus fut conduit dans la maison de Ca\u00efphe, grand-pr\u00eatre. Selon la tradition, il aurait subi un premier proc\u00e8s ou, du moins, un interrogatoire devant le Sanh\u00e9drin, probablement le soir m\u00eame, ou le matin suivant au temple. Les \u00e9vang\u00e9listes sont d\u2019accord pour affirmer que <strong>ce fut Pilate en personne qui commanda l\u2019arrestation de J\u00e9sus<\/strong>.<\/p>\n<p>En tout cas, le lendemain, J\u00e9sus fut conduit en cha\u00eenes devant le pr\u00e9fet, dans le pr\u00e9toire, et accus\u00e9 devant lui par les membres du Sanh\u00e9drin de <strong>s\u00e9dition, auto-proclamation \u00e0 roi et Messie et instigation \u00e0 ne pas payer les tributs \u00e0 Rome<\/strong>. En r\u00e9alit\u00e9, le Sanh\u00e9drin consid\u00e9rait avant tout J\u00e9sus coupable de <strong>blasph\u00e8me<\/strong>, pour s\u2019\u00eatre compar\u00e9 \u00e0 Dieu, mais cette accusation n&rsquo;aurait pas \u00e9t\u00e9 suffisante aux yeux de Ponce Pilate pour invoquer la peine capitale.<\/p>\n<p>Pilate, apr\u00e8s avoir interrog\u00e9 J\u00e9sus, aurait \u00e9tabli que les accusations n\u2019\u00e9taient pas si graves pour justifier la condamnation et aurait exhort\u00e9 les membres du Sanh\u00e9drin \u00e0 le laisser partir. <strong>Cette cl\u00e9mence contraste par contre avec la figure historique de Pilate<\/strong> esquiss\u00e9e par les experts, avec sa fermet\u00e9 et s\u00e9v\u00e9rit\u00e9 \u00e0 pers\u00e9cuter quiconque se dressait contre les imp\u00e9ratifs impos\u00e9s par Rome. Il est possible, selon certains chercheurs, que la r\u00e9ticence de Ponce Pilate, ainsi que le c\u00e9l\u00e8bre \u00e9pisode o\u00f9 il se lava les mains en abandonnant J\u00e9sus \u00e0 son destin, serait une tentative posthume voulue par Rome d\u00e9j\u00e0 chr\u00e9tienne de se d\u00e9clarer innocente concernant Sa mort. De mani\u00e8re plus r\u00e9aliste, Ponce Pilate condamna J\u00e9sus \u00e0 mort tout de suite en tant que dangereux rebelle.<\/p>\n<p>Par contre, selon le r\u00e9cit \u00e9vang\u00e9lique, le pr\u00e9fet envoya J\u00e9sus chez le <strong>t\u00e9trarque H\u00e9rode Antipas<\/strong>, qui r\u00e9gnait sur la province de Galil\u00e9e, d\u2019o\u00f9 J\u00e9sus venait, mais lui non plus ne trouva pas d\u2019arguments suffisamment convaincants pour le condamner, et le renvoya \u00e0 Pilate.<\/p>\n<div class=\"link-article\">\n<p><img loading=\"lazy\" decoding=\"async\" class=\"size-full wp-image-7957 alignleft\" src=\"https:\/\/blog.holyart.it\/fr\/wp-content\/uploads\/sites\/14\/2024\/02\/Le-baiser-de-Judas.jpeg\" alt=\"Le baiser de Judas\" width=\"150\" height=\"100\" data-kale-share-title=\"L\u2019histoire de Ponce Pilate et son implication dans la condamnation de J\u00e9sus\" data-kale-share-url=\"https:\/\/blog.holyart.it\/fr\/?p=7950\" \/><\/p>\n<div class=\"leggi-anche\">Lire aussi :<\/div>\n<p><strong><a href=\"https:\/\/www.holyart.fr\/blog\/articles-religieux\/la-veritable-histoire-de-judas-iscariote-connu-pour-avoir-trahi-le-messie\/\">La v\u00e9ritable histoire de Judas Iscariote, connu pour avoir trahi le Messie<\/a><\/strong><br \/>\nLe nom de Judas est li\u00e9 \u00e0 la triste histoire de l\u2019ap\u00f4tre qui trahit J\u00e9sus : lisez cet article pour conna\u00eetre la v\u00e9ritable histoire de Judas Iscariote.<\/p>\n<\/div>\n<h2>Ponce Pilate s\u2019en lave les mains<\/h2>\n<p>Toujours selon les \u00c9vangiles, Pilate, en voyant J\u00e9sus revenir apr\u00e8s la rencontre avec H\u00e9rode, aurait encore tent\u00e9 de le sauver, avant d\u2019invoquer pour lui l\u2019<strong>amnistie pascale<\/strong>, selon laquelle pouvait \u00eatre conc\u00e9d\u00e9e la libert\u00e9 \u00e0 un prisonnier \u00e0 l\u2019occasion de P\u00e2que (Jean 18,39), proposant ensuite une <strong>condamnation par fustigation<\/strong> et la lib\u00e9ration. Comme nous le savons bien, la foule, incit\u00e9e par les pr\u00eatres, voulut <strong>Barabbas lib\u00e9r\u00e9<\/strong>, au lieu de J\u00e9sus.<\/p>\n<p>Parvenu \u00e0 ce point, selon la tradition, <strong>Ponce Pilate s\u2019en lava les mains<\/strong> et fit flageller J\u00e9sus, uniquement pour proposer encore une fois \u00e0 la foule de laisser partir cet homme bless\u00e9, cass\u00e9 dans le corps, humili\u00e9 et ridiculis\u00e9. Mais la foule invoqua encore la <a href=\"https:\/\/www.holyart.fr\/occasions-speciales\/creche-de-paques\/decor-crucifixion-et-resurrection-creche-de-paques-35x50x40-cm-partie-6\"><strong>crucifixion<\/strong><\/a> et, \u00e0 ce moment-l\u00e0, afin d\u2019\u00e9viter des d\u00e9sordres, Pilate c\u00e9da et <strong>le condamna en tant que coupable de blasph\u00e8me<\/strong>. Ce fut le pr\u00e9fet en personne \u00e0 commander que sur le <em>Titulus crucis<\/em>, l\u2019inscription qui \u00e9tait plac\u00e9e sur la croix avec la raison de la condamnation, fut inscrit en juif, latin et grec\u00a0: \u00ab\u00a0<em>J\u00e9sus de Nazareth, le roi des Juifs<\/em> \u00bb.<\/p>\n<div class=\"link-product\">\n<div class=\"blocco-immagine\"><img loading=\"lazy\" decoding=\"async\" class=\"size-full wp-image-7960 alignleft\" src=\"https:\/\/blog.holyart.it\/fr\/wp-content\/uploads\/sites\/14\/2024\/02\/Decor-Crucifixion-et-Resurrection.jpg\" alt=\"D\u00e9cor Crucifixion et R\u00e9surrection\" width=\"100\" height=\"100\" data-kale-share-title=\"L\u2019histoire de Ponce Pilate et son implication dans la condamnation de J\u00e9sus\" data-kale-share-url=\"https:\/\/blog.holyart.it\/fr\/?p=7950\" \/><\/div>\n<div class=\"blocco-contenuto\">\n<div class=\"blocco-acquista\">Acheter sur Holyart:<\/div>\n<div class=\"blocco-titolo\"><a href=\"https:\/\/www.holyart.fr\/occasions-speciales\/creche-de-paques\/decor-crucifixion-et-resurrection-creche-de-paques-35x50x40-cm-partie-6\">D\u00e9cor Crucifixion et R\u00e9surrection cr\u00e8che de P\u00e2ques<\/a><\/div>\n<div class=\"blocco-descrizione\">35x50x40 cm<\/div>\n<\/div>\n<\/div>\n<h2>L\u2019exil et le suicide<\/h2>\n<p>Qu\u2019arriva-t-il ensuite \u00e0 Ponce Pilate\u00a0? Apr\u00e8s la condamnation de J\u00e9sus, il continua de gouverner la Galil\u00e9e avec inflexibilit\u00e9 et duret\u00e9, en s\u2019opposant aux dissidences et en r\u00e9primant toute r\u00e9volte de mani\u00e8re de plus en plus sanglante, jusqu\u2019\u00e0 ce que les Juifs n\u2019envoient une d\u00e9l\u00e9gation \u00e0 Rome en demandant et en obtenant sa destitution par l\u2019Empereur en personne. Quand Pilate retourna \u00e0 Rome, Caligula \u00e9tait mont\u00e9 sur le tr\u00f4ne et l\u2019envoya en exil dans la Gaule Viennoise. Ici l\u2019ex-pr\u00e9fet, tomb\u00e9 en disgr\u00e2ce, se serait suicid\u00e9.<\/p>\n","protected":false},"excerpt":{"rendered":"<p>Figure controvers\u00e9e et tragique, Ponce Pilate est pass\u00e9 \u00e0 l\u2019histoire comme l\u2019homme qui a condamn\u00e9 \u00e0 mort J\u00e9sus. Mais qui \u00e9tait-il vraiment ? D\u00e9couvrons-le, entre r\u00e9alit\u00e9 historique et r\u00e9cit \u00e9vang\u00e9lique Nombreux sont les personnages qui apparaissent dans l\u2019histoire de la Passion et de la Mort&hellip;<\/p>\n","protected":false},"author":1,"featured_media":7951,"comment_status":"closed","ping_status":"open","sticky":false,"template":"","format":"standard","meta":{"_acf_changed":false,"footnotes":""},"categories":[14,8],"tags":[],"class_list":["post-7950","post","type-post","status-publish","format-standard","has-post-thumbnail","hentry","category-paques","category-articles-religieux"],"acf":[],"yoast_head":"<!-- This site is optimized with the Yoast SEO plugin v26.6 - https:\/\/yoast.com\/wordpress\/plugins\/seo\/ -->\n<title>L\u2019histoire de Ponce Pilate et son implication dans la condamnation de J\u00e9sus - Holyart.fr Blog<\/title>\n<meta name=\"description\" content=\"Figure controvers\u00e9e et tragique, Ponce Pilate est pass\u00e9 \u00e0 l\u2019histoire comme l\u2019homme qui a condamn\u00e9 \u00e0 mort J\u00e9sus. Mais qui \u00e9tait-il vraiment ?\" \/>\n<meta name=\"robots\" content=\"index, follow, max-snippet:-1, max-image-preview:large, max-video-preview:-1\" \/>\n<link rel=\"canonical\" href=\"https:\/\/blog.holyart.it\/fr\/articles-religieux\/lhistoire-de-ponce-pilate-et-son-implication-dans-la-condamnation-de-jesus\/\" \/>\n<meta property=\"og:locale\" content=\"fr_FR\" \/>\n<meta property=\"og:type\" content=\"article\" \/>\n<meta property=\"og:title\" content=\"L\u2019histoire de Ponce Pilate et son implication dans la condamnation de J\u00e9sus - Holyart.fr Blog\" \/>\n<meta property=\"og:description\" content=\"Figure controvers\u00e9e et tragique, Ponce Pilate est pass\u00e9 \u00e0 l\u2019histoire comme l\u2019homme qui a condamn\u00e9 \u00e0 mort J\u00e9sus. Mais qui \u00e9tait-il vraiment ?\" \/>\n<meta property=\"og:url\" content=\"https:\/\/blog.holyart.it\/fr\/articles-religieux\/lhistoire-de-ponce-pilate-et-son-implication-dans-la-condamnation-de-jesus\/\" \/>\n<meta property=\"og:site_name\" content=\"Holyart.fr Blog\" \/>\n<meta property=\"article:published_time\" content=\"2024-03-13T09:00:36+00:00\" \/>\n<meta property=\"article:modified_time\" content=\"2025-02-13T09:10:41+00:00\" \/>\n<meta property=\"og:image\" content=\"https:\/\/blog.holyart.it\/fr\/wp-content\/uploads\/sites\/14\/2024\/02\/Lhistoire-de-Ponce-Pilate-et-son-implication-dans-la-condamnation-de-Jesus.jpg\" \/>\n\t<meta property=\"og:image:width\" content=\"1000\" \/>\n\t<meta property=\"og:image:height\" content=\"666\" \/>\n\t<meta property=\"og:image:type\" content=\"image\/jpeg\" \/>\n<meta name=\"author\" content=\"Redazione\" \/>\n<meta name=\"twitter:card\" content=\"summary_large_image\" \/>\n<meta name=\"twitter:label1\" content=\"\u00c9crit par\" \/>\n\t<meta name=\"twitter:data1\" content=\"Redazione\" \/>\n\t<meta name=\"twitter:label2\" content=\"Dur\u00e9e de lecture estim\u00e9e\" \/>\n\t<meta name=\"twitter:data2\" content=\"11 minutes\" \/>\n<script type=\"application\/ld+json\" class=\"yoast-schema-graph\">{\"@context\":\"https:\/\/schema.org\",\"@graph\":[{\"@type\":\"Article\",\"@id\":\"https:\/\/blog.holyart.it\/fr\/articles-religieux\/lhistoire-de-ponce-pilate-et-son-implication-dans-la-condamnation-de-jesus\/#article\",\"isPartOf\":{\"@id\":\"https:\/\/blog.holyart.it\/fr\/articles-religieux\/lhistoire-de-ponce-pilate-et-son-implication-dans-la-condamnation-de-jesus\/\"},\"author\":{\"name\":\"Redazione\",\"@id\":\"https:\/\/blog.holyart.it\/fr\/#\/schema\/person\/0a7b686e5af0f856ec1e390dd0baecda\"},\"headline\":\"L\u2019histoire de Ponce Pilate et son implication dans la condamnation de J\u00e9sus\",\"datePublished\":\"2024-03-13T09:00:36+00:00\",\"dateModified\":\"2025-02-13T09:10:41+00:00\",\"mainEntityOfPage\":{\"@id\":\"https:\/\/blog.holyart.it\/fr\/articles-religieux\/lhistoire-de-ponce-pilate-et-son-implication-dans-la-condamnation-de-jesus\/\"},\"wordCount\":1928,\"publisher\":{\"@id\":\"https:\/\/blog.holyart.it\/fr\/#organization\"},\"image\":{\"@id\":\"https:\/\/blog.holyart.it\/fr\/articles-religieux\/lhistoire-de-ponce-pilate-et-son-implication-dans-la-condamnation-de-jesus\/#primaryimage\"},\"thumbnailUrl\":\"https:\/\/blog.holyart.it\/fr\/wp-content\/uploads\/sites\/14\/2024\/02\/Lhistoire-de-Ponce-Pilate-et-son-implication-dans-la-condamnation-de-Jesus.jpg\",\"articleSection\":[\"P\u00e2ques\",\"Religion\"],\"inLanguage\":\"fr-FR\"},{\"@type\":\"WebPage\",\"@id\":\"https:\/\/blog.holyart.it\/fr\/articles-religieux\/lhistoire-de-ponce-pilate-et-son-implication-dans-la-condamnation-de-jesus\/\",\"url\":\"https:\/\/blog.holyart.it\/fr\/articles-religieux\/lhistoire-de-ponce-pilate-et-son-implication-dans-la-condamnation-de-jesus\/\",\"name\":\"L\u2019histoire de Ponce Pilate et son implication dans la condamnation de J\u00e9sus - Holyart.fr Blog\",\"isPartOf\":{\"@id\":\"https:\/\/blog.holyart.it\/fr\/#website\"},\"primaryImageOfPage\":{\"@id\":\"https:\/\/blog.holyart.it\/fr\/articles-religieux\/lhistoire-de-ponce-pilate-et-son-implication-dans-la-condamnation-de-jesus\/#primaryimage\"},\"image\":{\"@id\":\"https:\/\/blog.holyart.it\/fr\/articles-religieux\/lhistoire-de-ponce-pilate-et-son-implication-dans-la-condamnation-de-jesus\/#primaryimage\"},\"thumbnailUrl\":\"https:\/\/blog.holyart.it\/fr\/wp-content\/uploads\/sites\/14\/2024\/02\/Lhistoire-de-Ponce-Pilate-et-son-implication-dans-la-condamnation-de-Jesus.jpg\",\"datePublished\":\"2024-03-13T09:00:36+00:00\",\"dateModified\":\"2025-02-13T09:10:41+00:00\",\"description\":\"Figure controvers\u00e9e et tragique, Ponce Pilate est pass\u00e9 \u00e0 l\u2019histoire comme l\u2019homme qui a condamn\u00e9 \u00e0 mort J\u00e9sus. Mais qui \u00e9tait-il vraiment ?\",\"breadcrumb\":{\"@id\":\"https:\/\/blog.holyart.it\/fr\/articles-religieux\/lhistoire-de-ponce-pilate-et-son-implication-dans-la-condamnation-de-jesus\/#breadcrumb\"},\"inLanguage\":\"fr-FR\",\"potentialAction\":[{\"@type\":\"ReadAction\",\"target\":[\"https:\/\/blog.holyart.it\/fr\/articles-religieux\/lhistoire-de-ponce-pilate-et-son-implication-dans-la-condamnation-de-jesus\/\"]}]},{\"@type\":\"ImageObject\",\"inLanguage\":\"fr-FR\",\"@id\":\"https:\/\/blog.holyart.it\/fr\/articles-religieux\/lhistoire-de-ponce-pilate-et-son-implication-dans-la-condamnation-de-jesus\/#primaryimage\",\"url\":\"https:\/\/blog.holyart.it\/fr\/wp-content\/uploads\/sites\/14\/2024\/02\/Lhistoire-de-Ponce-Pilate-et-son-implication-dans-la-condamnation-de-Jesus.jpg\",\"contentUrl\":\"https:\/\/blog.holyart.it\/fr\/wp-content\/uploads\/sites\/14\/2024\/02\/Lhistoire-de-Ponce-Pilate-et-son-implication-dans-la-condamnation-de-Jesus.jpg\",\"width\":1000,\"height\":666,\"caption\":\"L\u2019histoire de Ponce Pilate et son implication dans la condamnation de J\u00e9sus\"},{\"@type\":\"BreadcrumbList\",\"@id\":\"https:\/\/blog.holyart.it\/fr\/articles-religieux\/lhistoire-de-ponce-pilate-et-son-implication-dans-la-condamnation-de-jesus\/#breadcrumb\",\"itemListElement\":[{\"@type\":\"ListItem\",\"position\":1,\"name\":\"Homepage\",\"item\":\"https:\/\/blog.holyart.it\/fr\/\"},{\"@type\":\"ListItem\",\"position\":2,\"name\":\"Religion\",\"item\":\"https:\/\/blog.holyart.it\/fr\/articles-religieux\/\"},{\"@type\":\"ListItem\",\"position\":3,\"name\":\"L\u2019histoire de Ponce Pilate et son implication dans la condamnation de J\u00e9sus\"}]},{\"@type\":\"WebSite\",\"@id\":\"https:\/\/blog.holyart.it\/fr\/#website\",\"url\":\"https:\/\/blog.holyart.it\/fr\/\",\"name\":\"Holyart.fr Blog\",\"description\":\"Holyblog\",\"publisher\":{\"@id\":\"https:\/\/blog.holyart.it\/fr\/#organization\"},\"potentialAction\":[{\"@type\":\"SearchAction\",\"target\":{\"@type\":\"EntryPoint\",\"urlTemplate\":\"https:\/\/blog.holyart.it\/fr\/?s={search_term_string}\"},\"query-input\":{\"@type\":\"PropertyValueSpecification\",\"valueRequired\":true,\"valueName\":\"search_term_string\"}}],\"inLanguage\":\"fr-FR\"},{\"@type\":\"Organization\",\"@id\":\"https:\/\/blog.holyart.it\/fr\/#organization\",\"name\":\"Holyart.fr Blog\",\"url\":\"https:\/\/blog.holyart.it\/fr\/\",\"logo\":{\"@type\":\"ImageObject\",\"inLanguage\":\"fr-FR\",\"@id\":\"https:\/\/blog.holyart.it\/fr\/#\/schema\/logo\/image\/\",\"url\":\"https:\/\/blog.holyart.it\/fr\/wp-content\/uploads\/sites\/14\/2022\/12\/Holyart_Blog_Logo.jpg\",\"contentUrl\":\"https:\/\/blog.holyart.it\/fr\/wp-content\/uploads\/sites\/14\/2022\/12\/Holyart_Blog_Logo.jpg\",\"width\":300,\"height\":50,\"caption\":\"Holyart.fr Blog\"},\"image\":{\"@id\":\"https:\/\/blog.holyart.it\/fr\/#\/schema\/logo\/image\/\"}},{\"@type\":\"Person\",\"@id\":\"https:\/\/blog.holyart.it\/fr\/#\/schema\/person\/0a7b686e5af0f856ec1e390dd0baecda\",\"name\":\"Redazione\",\"image\":{\"@type\":\"ImageObject\",\"inLanguage\":\"fr-FR\",\"@id\":\"https:\/\/blog.holyart.it\/fr\/#\/schema\/person\/image\/\",\"url\":\"https:\/\/secure.gravatar.com\/avatar\/f477da817f43e50d0af36abecd33e3edf826c68299714bdc1057dff3b113f516?s=96&d=mm&r=g\",\"contentUrl\":\"https:\/\/secure.gravatar.com\/avatar\/f477da817f43e50d0af36abecd33e3edf826c68299714bdc1057dff3b113f516?s=96&d=mm&r=g\",\"caption\":\"Redazione\"},\"url\":\"https:\/\/blog.holyart.it\/fr\/author\/admin\/\"}]}<\/script>\n<!-- \/ Yoast SEO plugin. -->","yoast_head_json":{"title":"L\u2019histoire de Ponce Pilate et son implication dans la condamnation de J\u00e9sus - Holyart.fr Blog","description":"Figure controvers\u00e9e et tragique, Ponce Pilate est pass\u00e9 \u00e0 l\u2019histoire comme l\u2019homme qui a condamn\u00e9 \u00e0 mort J\u00e9sus. Mais qui \u00e9tait-il vraiment ?","robots":{"index":"index","follow":"follow","max-snippet":"max-snippet:-1","max-image-preview":"max-image-preview:large","max-video-preview":"max-video-preview:-1"},"canonical":"https:\/\/blog.holyart.it\/fr\/articles-religieux\/lhistoire-de-ponce-pilate-et-son-implication-dans-la-condamnation-de-jesus\/","og_locale":"fr_FR","og_type":"article","og_title":"L\u2019histoire de Ponce Pilate et son implication dans la condamnation de J\u00e9sus - Holyart.fr Blog","og_description":"Figure controvers\u00e9e et tragique, Ponce Pilate est pass\u00e9 \u00e0 l\u2019histoire comme l\u2019homme qui a condamn\u00e9 \u00e0 mort J\u00e9sus. Mais qui \u00e9tait-il vraiment ?","og_url":"https:\/\/blog.holyart.it\/fr\/articles-religieux\/lhistoire-de-ponce-pilate-et-son-implication-dans-la-condamnation-de-jesus\/","og_site_name":"Holyart.fr Blog","article_published_time":"2024-03-13T09:00:36+00:00","article_modified_time":"2025-02-13T09:10:41+00:00","og_image":[{"width":1000,"height":666,"url":"https:\/\/blog.holyart.it\/fr\/wp-content\/uploads\/sites\/14\/2024\/02\/Lhistoire-de-Ponce-Pilate-et-son-implication-dans-la-condamnation-de-Jesus.jpg","type":"image\/jpeg"}],"author":"Redazione","twitter_card":"summary_large_image","twitter_misc":{"\u00c9crit par":"Redazione","Dur\u00e9e de lecture estim\u00e9e":"11 minutes"},"schema":{"@context":"https:\/\/schema.org","@graph":[{"@type":"Article","@id":"https:\/\/blog.holyart.it\/fr\/articles-religieux\/lhistoire-de-ponce-pilate-et-son-implication-dans-la-condamnation-de-jesus\/#article","isPartOf":{"@id":"https:\/\/blog.holyart.it\/fr\/articles-religieux\/lhistoire-de-ponce-pilate-et-son-implication-dans-la-condamnation-de-jesus\/"},"author":{"name":"Redazione","@id":"https:\/\/blog.holyart.it\/fr\/#\/schema\/person\/0a7b686e5af0f856ec1e390dd0baecda"},"headline":"L\u2019histoire de Ponce Pilate et son implication dans la condamnation de J\u00e9sus","datePublished":"2024-03-13T09:00:36+00:00","dateModified":"2025-02-13T09:10:41+00:00","mainEntityOfPage":{"@id":"https:\/\/blog.holyart.it\/fr\/articles-religieux\/lhistoire-de-ponce-pilate-et-son-implication-dans-la-condamnation-de-jesus\/"},"wordCount":1928,"publisher":{"@id":"https:\/\/blog.holyart.it\/fr\/#organization"},"image":{"@id":"https:\/\/blog.holyart.it\/fr\/articles-religieux\/lhistoire-de-ponce-pilate-et-son-implication-dans-la-condamnation-de-jesus\/#primaryimage"},"thumbnailUrl":"https:\/\/blog.holyart.it\/fr\/wp-content\/uploads\/sites\/14\/2024\/02\/Lhistoire-de-Ponce-Pilate-et-son-implication-dans-la-condamnation-de-Jesus.jpg","articleSection":["P\u00e2ques","Religion"],"inLanguage":"fr-FR"},{"@type":"WebPage","@id":"https:\/\/blog.holyart.it\/fr\/articles-religieux\/lhistoire-de-ponce-pilate-et-son-implication-dans-la-condamnation-de-jesus\/","url":"https:\/\/blog.holyart.it\/fr\/articles-religieux\/lhistoire-de-ponce-pilate-et-son-implication-dans-la-condamnation-de-jesus\/","name":"L\u2019histoire de Ponce Pilate et son implication dans la condamnation de J\u00e9sus - Holyart.fr Blog","isPartOf":{"@id":"https:\/\/blog.holyart.it\/fr\/#website"},"primaryImageOfPage":{"@id":"https:\/\/blog.holyart.it\/fr\/articles-religieux\/lhistoire-de-ponce-pilate-et-son-implication-dans-la-condamnation-de-jesus\/#primaryimage"},"image":{"@id":"https:\/\/blog.holyart.it\/fr\/articles-religieux\/lhistoire-de-ponce-pilate-et-son-implication-dans-la-condamnation-de-jesus\/#primaryimage"},"thumbnailUrl":"https:\/\/blog.holyart.it\/fr\/wp-content\/uploads\/sites\/14\/2024\/02\/Lhistoire-de-Ponce-Pilate-et-son-implication-dans-la-condamnation-de-Jesus.jpg","datePublished":"2024-03-13T09:00:36+00:00","dateModified":"2025-02-13T09:10:41+00:00","description":"Figure controvers\u00e9e et tragique, Ponce Pilate est pass\u00e9 \u00e0 l\u2019histoire comme l\u2019homme qui a condamn\u00e9 \u00e0 mort J\u00e9sus. Mais qui \u00e9tait-il vraiment ?","breadcrumb":{"@id":"https:\/\/blog.holyart.it\/fr\/articles-religieux\/lhistoire-de-ponce-pilate-et-son-implication-dans-la-condamnation-de-jesus\/#breadcrumb"},"inLanguage":"fr-FR","potentialAction":[{"@type":"ReadAction","target":["https:\/\/blog.holyart.it\/fr\/articles-religieux\/lhistoire-de-ponce-pilate-et-son-implication-dans-la-condamnation-de-jesus\/"]}]},{"@type":"ImageObject","inLanguage":"fr-FR","@id":"https:\/\/blog.holyart.it\/fr\/articles-religieux\/lhistoire-de-ponce-pilate-et-son-implication-dans-la-condamnation-de-jesus\/#primaryimage","url":"https:\/\/blog.holyart.it\/fr\/wp-content\/uploads\/sites\/14\/2024\/02\/Lhistoire-de-Ponce-Pilate-et-son-implication-dans-la-condamnation-de-Jesus.jpg","contentUrl":"https:\/\/blog.holyart.it\/fr\/wp-content\/uploads\/sites\/14\/2024\/02\/Lhistoire-de-Ponce-Pilate-et-son-implication-dans-la-condamnation-de-Jesus.jpg","width":1000,"height":666,"caption":"L\u2019histoire de Ponce Pilate et son implication dans la condamnation de J\u00e9sus"},{"@type":"BreadcrumbList","@id":"https:\/\/blog.holyart.it\/fr\/articles-religieux\/lhistoire-de-ponce-pilate-et-son-implication-dans-la-condamnation-de-jesus\/#breadcrumb","itemListElement":[{"@type":"ListItem","position":1,"name":"Homepage","item":"https:\/\/blog.holyart.it\/fr\/"},{"@type":"ListItem","position":2,"name":"Religion","item":"https:\/\/blog.holyart.it\/fr\/articles-religieux\/"},{"@type":"ListItem","position":3,"name":"L\u2019histoire de Ponce Pilate et son implication dans la condamnation de J\u00e9sus"}]},{"@type":"WebSite","@id":"https:\/\/blog.holyart.it\/fr\/#website","url":"https:\/\/blog.holyart.it\/fr\/","name":"Holyart.fr Blog","description":"Holyblog","publisher":{"@id":"https:\/\/blog.holyart.it\/fr\/#organization"},"potentialAction":[{"@type":"SearchAction","target":{"@type":"EntryPoint","urlTemplate":"https:\/\/blog.holyart.it\/fr\/?s={search_term_string}"},"query-input":{"@type":"PropertyValueSpecification","valueRequired":true,"valueName":"search_term_string"}}],"inLanguage":"fr-FR"},{"@type":"Organization","@id":"https:\/\/blog.holyart.it\/fr\/#organization","name":"Holyart.fr Blog","url":"https:\/\/blog.holyart.it\/fr\/","logo":{"@type":"ImageObject","inLanguage":"fr-FR","@id":"https:\/\/blog.holyart.it\/fr\/#\/schema\/logo\/image\/","url":"https:\/\/blog.holyart.it\/fr\/wp-content\/uploads\/sites\/14\/2022\/12\/Holyart_Blog_Logo.jpg","contentUrl":"https:\/\/blog.holyart.it\/fr\/wp-content\/uploads\/sites\/14\/2022\/12\/Holyart_Blog_Logo.jpg","width":300,"height":50,"caption":"Holyart.fr Blog"},"image":{"@id":"https:\/\/blog.holyart.it\/fr\/#\/schema\/logo\/image\/"}},{"@type":"Person","@id":"https:\/\/blog.holyart.it\/fr\/#\/schema\/person\/0a7b686e5af0f856ec1e390dd0baecda","name":"Redazione","image":{"@type":"ImageObject","inLanguage":"fr-FR","@id":"https:\/\/blog.holyart.it\/fr\/#\/schema\/person\/image\/","url":"https:\/\/secure.gravatar.com\/avatar\/f477da817f43e50d0af36abecd33e3edf826c68299714bdc1057dff3b113f516?s=96&d=mm&r=g","contentUrl":"https:\/\/secure.gravatar.com\/avatar\/f477da817f43e50d0af36abecd33e3edf826c68299714bdc1057dff3b113f516?s=96&d=mm&r=g","caption":"Redazione"},"url":"https:\/\/blog.holyart.it\/fr\/author\/admin\/"}]}},"_links":{"self":[{"href":"https:\/\/blog.holyart.it\/fr\/wp-json\/wp\/v2\/posts\/7950","targetHints":{"allow":["GET"]}}],"collection":[{"href":"https:\/\/blog.holyart.it\/fr\/wp-json\/wp\/v2\/posts"}],"about":[{"href":"https:\/\/blog.holyart.it\/fr\/wp-json\/wp\/v2\/types\/post"}],"author":[{"embeddable":true,"href":"https:\/\/blog.holyart.it\/fr\/wp-json\/wp\/v2\/users\/1"}],"replies":[{"embeddable":true,"href":"https:\/\/blog.holyart.it\/fr\/wp-json\/wp\/v2\/comments?post=7950"}],"version-history":[{"count":3,"href":"https:\/\/blog.holyart.it\/fr\/wp-json\/wp\/v2\/posts\/7950\/revisions"}],"predecessor-version":[{"id":7962,"href":"https:\/\/blog.holyart.it\/fr\/wp-json\/wp\/v2\/posts\/7950\/revisions\/7962"}],"wp:featuredmedia":[{"embeddable":true,"href":"https:\/\/blog.holyart.it\/fr\/wp-json\/wp\/v2\/media\/7951"}],"wp:attachment":[{"href":"https:\/\/blog.holyart.it\/fr\/wp-json\/wp\/v2\/media?parent=7950"}],"wp:term":[{"taxonomy":"category","embeddable":true,"href":"https:\/\/blog.holyart.it\/fr\/wp-json\/wp\/v2\/categories?post=7950"},{"taxonomy":"post_tag","embeddable":true,"href":"https:\/\/blog.holyart.it\/fr\/wp-json\/wp\/v2\/tags?post=7950"}],"curies":[{"name":"wp","href":"https:\/\/api.w.org\/{rel}","templated":true}]}}