{"id":7924,"date":"2024-03-06T10:00:14","date_gmt":"2024-03-06T09:00:14","guid":{"rendered":"https:\/\/blog.holyart.it\/fr\/?p=7924"},"modified":"2026-03-02T15:19:52","modified_gmt":"2026-03-02T14:19:52","slug":"dimanche-de-laetare-et-de-gaudete-les-dimanches-de-la-joie","status":"publish","type":"post","link":"https:\/\/blog.holyart.it\/fr\/paques\/dimanche-de-laetare-et-de-gaudete-les-dimanches-de-la-joie\/","title":{"rendered":"Dimanche de Laetare et de Gaudete : les dimanches de la joie"},"content":{"rendered":"<h4>Plac\u00e9es \u00e0 deux p\u00e9riodes de p\u00e9nitence et d\u2019attente de l\u2019ann\u00e9e liturgique, le Dimanche de Gaudete et le Dimanche de Laetare c\u00e9l\u00e8brent la joie de la foi et l\u2019attente pleine d\u2019espoir des croyants.<\/h4>\n\n<p>Qui dit que la religion catholique ne connait pas de moments de joie, mais uniquement d\u2019aust\u00e9rit\u00e9 et de repentance, ne la connait point. Sans mentionner que la vie m\u00eame d\u2019un chr\u00e9tien, conscient de son lien avec Dieu, dans un dialogue ouvert et vivifiant avec J\u00e9sus, est d\u00e9j\u00e0 en soi une exp\u00e9rience quotidienne de joie, il existe \u00e9galement des rites et des journ\u00e9es dans le calendrier liturgique d\u00e9di\u00e9es justement \u00e0 cet \u00e9tat d\u2019\u00e2me. Nous faisons r\u00e9f\u00e9rence au <strong>Dimanche de Gaudete<\/strong> et au <strong>Dimanche de Laetare<\/strong>.<br \/>\nIl suffit de s\u2019attarder sur les adjectifs qui caract\u00e9risent ces deux occasions pour comprendre que le c\u0153ur m\u00eame des c\u00e9l\u00e9brations que l\u2019on f\u00eate \u00e0 l\u2019occasion de ces deux journ\u00e9es est de <strong>nature joyeuse<\/strong>, <strong>heureuse<\/strong>. En effet, <strong><em>Gaudete<\/em><\/strong> et <strong><em>Laetare<\/em><\/strong> sont l\u2019imp\u00e9ratif pr\u00e9sent passif respectivement des verbes latin <em>gaudere<\/em> et <em>laetere<\/em>, qui signifient tous les deux \u00ab\u00a0se r\u00e9jouir\u00a0\u00bb.<br \/>\nUne exhortation donc aux chr\u00e9tiens pour qu\u2019ils <strong>embrassent avec joie leur foi<\/strong> et ce n\u2019est pas un hasard si ces deux dimanches tombent \u00e0 deux p\u00e9riodes qui se caract\u00e9risent par <strong>la suspension, l\u2019attente, voire la p\u00e9nitence<\/strong> en vue d\u2019une grande, tr\u00e8s grande <strong>joie<\/strong>. En effet, le Dimanche de Gaudete est le <strong>troisi\u00e8me dimanche de l\u2019Avent<\/strong>, tandis que le Dimanche de Laetare est le <strong>quatri\u00e8me dimanche de Car\u00eame<\/strong>.<\/p>\n<p>Ces deux journ\u00e9es du calendrier liturgique d\u00e9di\u00e9es \u00e0 la joie sont caract\u00e9ris\u00e9es par quelques \u00e9l\u00e9ments communs, comme les <a href=\"https:\/\/www.holyart.fr\/accessoires-pour-la-liturgie\/vetements-liturgiques-et-linges-dautel\"><strong>v\u00eatements liturgiques<\/strong><\/a> port\u00e9es par les pr\u00eatres, qui sont de <a href=\"https:\/\/www.holyart.fr\/accessoires-pour-la-liturgie\/vetements-liturgiques-et-linges-dautel\/chasubles?page=1&amp;params=%7B%22offset%22:0,%22limit%22:60,%22filters%22:%5B%5D,%22sorter%22:%22YEAR_BEST_SELLERS%22,%22categoryIds%22:%5B108372%5D,%22filtersByIds%22:%5B%7B%22key%22:12,%22values%22:%5B78%5D%7D%5D%7D\"><strong>couleur rosac\u00e9e<\/strong><\/a>, mais aussi par la possibilit\u00e9 de jouer de l\u2019orgue pendant les fonctions et par des d\u00e9corations florales utilis\u00e9es pour d\u00e9corer l\u2019\u00e9glise \u00e0 l\u2019occasion de la messe.<\/p>\n<p>Voyons dans le d\u00e9tail ce que l\u2019on c\u00e9l\u00e8bre le Dimanche de Laetare et le Dimanche de Gaudete.<\/p>\n<div class=\"link-product\">\n<div class=\"blocco-immagine\"><img loading=\"lazy\" decoding=\"async\" class=\"size-full wp-image-7928 alignleft\" src=\"https:\/\/blog.holyart.it\/fr\/wp-content\/uploads\/sites\/14\/2024\/02\/Vetements-liturgiques-et-linges-dautel.jpg\" alt=\"V\u00eatements liturgiques et linges d'autel\" width=\"100\" height=\"100\" data-kale-share-title=\"Dimanche de Laetare et de Gaudete : les dimanches de la joie\" data-kale-share-url=\"https:\/\/blog.holyart.it\/fr\/?p=7924\" \/><\/div>\n<div class=\"blocco-contenuto\">\n<div class=\"blocco-acquista\">Acheter sur Holyart:<\/div>\n<div class=\"blocco-titolo\"><a href=\"https:\/\/www.holyart.fr\/accessoires-pour-la-liturgie\/vetements-liturgiques-et-linges-dautel?_gl=1*19ywx2k*_gcl_aw*R0NMLjE3MDc0MDM1MzguQ2owS0NRanc4cW1oQmhDbEFSSXNBTkF0Ym9mZ21KMm85dkV5S0JjLUdLUWIweWFCLU9EekR0N1ZQV2hnY1g4WW96M2haNGVTR0JkUjR1d2FBZzZrRUFMd193Y0I.*_gcl_au*MTYzMTc5MDU5My4xNzA1NTg0Nzkw*_ga*MjAyODIwNTUzOS4xNjgwNTA1OTc3*_ga_W18MV136NH*MTcwNzQ3NTUwNS40MjUuMS4xNzA3NDc3MDQyLjAuMC4w\">V\u00eatements liturgiques et linges d&rsquo;autel<\/a><\/div>\n<div class=\"blocco-descrizione\">V\u00eatements liturgiques et linges d&rsquo;autel. Vaste choix de: &#8211; Chasubles avec \u00e9tole coordonn\u00e9e r\u00e9alis\u00e9es&#8230;<\/div>\n<\/div>\n<\/div>\n<h2>Que signifie Dimanche de Laetare ?<\/h2>\n<p>Apr\u00e8s la r\u00e9forme liturgique promue par le Concile Vatican II, le passage de la langue latine \u00e0 la langue commune pour la c\u00e9l\u00e9bration de la messe a fait en partie oublier l\u2019origine de certains noms et d\u00e9finitions donn\u00e9es \u00e0 des f\u00eates et des c\u00e9l\u00e9brations liturgiques sp\u00e9cifiques.<\/p>\n<p>L\u2019introit, c\u2019est-\u00e0-dire l\u2019antienne d\u2019ouverture entonn\u00e9e au d\u00e9but de la Messe du quatri\u00e8me dimanche de Car\u00eame r\u00e9cite comme suit.<\/p>\n<p><strong><em>Laetare\u00a0<\/em><\/strong><em>Jerusalem: et Conventum facite omnes qui diligitis eam: Gaudete cum L\u00e6titia, qui in tristitia fuistis: ut exsultetis, et ab satiemini uberibus consolationis vestrae.<\/em><\/p>\n<p><em>Psaume : Laetatus somma nella sua quae sunt mihi dicta: in domum Domini ibimus.<\/em><\/p>\n<p>Traduit en fran\u00e7ais :<br \/>\n<strong><em>R\u00e9jouis-toi<\/em><\/strong><em>, J\u00e9rusalem\u00a0! et rassemblez-vous, vous tous qui l\u2019aimez\u00a0: soyez dans le bonheur et r\u00e9jouissez-vous avec all\u00e9gresse, vous qui avez \u00e9t\u00e9 dans la tristesse\u00a0: vous pouvez bondir de joie et vous rassasier du lait de consolation qui est pour vous.<\/em><\/p>\n<p><em>Psaume : Je me suis r\u00e9joui de ce qu\u2019on m\u2019a dit : Nous irons dans la maison du Seigneur\u00a0\u00bb.<\/em><\/p>\n<p>Voil\u00e0 d\u2019o\u00f9 vient le nom donn\u00e9 \u00e0 ce dimanche particulier.<\/p>\n<p>A l\u2019\u00e9poque m\u00e9di\u00e9vale, le troisi\u00e8me dimanche de Car\u00eame co\u00efncidait avec la f\u00eate byzantine en l\u2019honneur du <a href=\"https:\/\/www.holyart.fr\/articles-religieux\/crucifix\/crucifix-en-bois\"><strong>Bois Sacr\u00e9 de la Croix<\/strong><\/a>, qui, \u00e0 son tour, puisait probablement ses origines dans une plus ancienne f\u00eate romaine o\u00f9 l\u2019on c\u00e9l\u00e9brait la victoire du printemps sur l\u2019hiver, en d\u00e9corant la ville de fleurs, et dans la b\u00e9n\u00e9diction de la Rose d\u2019or que le Pape effectuait \u00e0 cette date dans la Basilique Sainte-Croix-de-J\u00e9rusalem. D\u2019o\u00f9 les d\u00e9corations florales et, comme nous le verrons, le choix de la couleur liturgique de la veste du c\u00e9l\u00e9brant.<\/p>\n<div class=\"link-product\">\n<div class=\"blocco-immagine\"><img loading=\"lazy\" decoding=\"async\" class=\"size-full wp-image-7931 alignleft\" src=\"https:\/\/blog.holyart.it\/fr\/wp-content\/uploads\/sites\/14\/2024\/02\/Chasubles.jpg\" alt=\"Chasubles\" width=\"100\" height=\"100\" data-kale-share-title=\"Dimanche de Laetare et de Gaudete : les dimanches de la joie\" data-kale-share-url=\"https:\/\/blog.holyart.it\/fr\/?p=7924\" \/><\/div>\n<div class=\"blocco-contenuto\">\n<div class=\"blocco-acquista\">Acheter sur Holyart:<\/div>\n<div class=\"blocco-titolo\"><a href=\"https:\/\/www.holyart.fr\/accessoires-pour-la-liturgie\/vetements-liturgiques-et-linges-dautel\/chasubles?page=1&amp;params=%257B%2522offset%2522%3A0%2C%2522limit%2522%3A60%2C%2522filters%2522%3A%255B%255D%2C%2522sorter%2522%3A%2522HIGHER_DISCOUNT%2522%2C%2522categoryIds%2522%3A%255B108372%255D%2C%2522filtersByIds%2522%3A%255B%257B%2522key%2522%3A12%2C%2522values%2522%3A%255B78%255D%257D%255D%257D&amp;_gl=1*9gq3eb*_gcl_aw*R0NMLjE3MDc0MDM1MzguQ2owS0NRanc4cW1oQmhDbEFSSXNBTkF0Ym9mZ21KMm85dkV5S0JjLUdLUWIweWFCLU9EekR0N1ZQV2hnY1g4WW96M2haNGVTR0JkUjR1d2FBZzZrRUFMd193Y0I.*_gcl_au*MTYzMTc5MDU5My4xNzA1NTg0Nzkw*_ga*MjAyODIwNTUzOS4xNjgwNTA1OTc3*_ga_W18MV136NH*MTcwNzQ3NTUwNS40MjUuMS4xNzA3NDc3MjM4LjAuMC4w\">Chasubles<\/a><\/div>\n<div class=\"blocco-descrizione\">Chasubles liturgiques: vaste choix de chasubles dans toutes les couleurs liturgiques&#8230;<\/div>\n<\/div>\n<\/div>\n<h2>Qu\u2019est-ce qu\u2019est le Dimanche de Gaudete ?<\/h2>\n<p>Le Dimanche de Gaudete (<em>Dominica Gaudete<\/em>) prend \u00e9galement son nom de l\u2019antienne d\u2019ouverture de la messe qui est c\u00e9l\u00e9br\u00e9e en ce jour, le troisi\u00e8me dimanche de l\u2019<a href=\"https:\/\/www.holyart.fr\/noel\/avent\"><strong>Avent<\/strong><\/a>. La phrase est prise de la Lettre aux Philippiens 4,4-5 :<\/p>\n<p><strong><em>Gaudete\u00a0<\/em><\/strong><em>in Domino semper: iterum dico, gaudete. Dominus enim prope est<\/em><\/p>\n<p>Qui traduite en fran\u00e7ais donne :<br \/>\n<strong><em>R\u00e9jouissez-vous<\/em><\/strong><em>\u00a0toujours dans le Seigneur\u00a0; je le r\u00e9p\u00e8te, r\u00e9jouissez-vous\u00a0! Le Seigneur est proche.<\/em><\/p>\n<div class=\"link-article\">\n<p><img loading=\"lazy\" decoding=\"async\" class=\"size-full wp-image-7933 alignleft\" src=\"https:\/\/blog.holyart.it\/fr\/wp-content\/uploads\/sites\/14\/2024\/02\/Les-couleurs-dans-la-liturgie-catholique-et-leur-signification.jpg\" alt=\"Les couleurs dans la liturgie catholique et leur signification\" width=\"150\" height=\"100\" data-kale-share-title=\"Dimanche de Laetare et de Gaudete : les dimanches de la joie\" data-kale-share-url=\"https:\/\/blog.holyart.it\/fr\/?p=7924\" \/><\/p>\n<div class=\"leggi-anche\">Lire aussi :<\/div>\n<p><strong><a href=\"https:\/\/www.holyart.fr\/blog\/accessoires-pour-la-liturgie\/couleurs-liturgie-catholique-signification\/\">Les couleurs dans la liturgie catholique et leur signification<\/a><\/strong><br \/>\nLes v\u00eatements liturgiques des pr\u00eatres catholiques pendant les c\u00e9l\u00e9brations religieuses se d\u00e9clinent dans une gamme de couleurs&#8230;<\/p>\n<\/div>\n<h2>Chasuble rose : quelle est sa signification<\/h2>\n<p>Si nous nous attardons sur les <strong><u>couleurs de la liturgie catholique<\/u><\/strong> utilis\u00e9es pour les v\u00eatements liturgiques des pr\u00eatres lors des c\u00e9l\u00e9brations et dans des occasions sp\u00e9ciales, nous nous rendrions compte de comment ils ont aussi une <strong>signification symbolique profonde<\/strong>.<\/p>\n<p>Les couleurs principales, codifi\u00e9es dans le Rite romain en 1969, sont\u00a0: blanc, vert, rouge et violet. Mais il existe des occasions particuli\u00e8res o\u00f9 pour les v\u00eatements liturgiques et le mobilier d\u2019\u00e9glise sont utilis\u00e9es d\u2019autres couleurs. Le Dimanche de Gaudete et le Dimanche de Laetare en sont un exemple. En effet, pour ces occasions, le pr\u00eatre qui c\u00e9l\u00e8bre la messe porte une <strong><u>chasuble, ou une chasuble romaine<\/u><\/strong>, c\u2019est-\u00e0-dire la veste utilis\u00e9e pour la c\u00e9l\u00e9bration de l\u2019Eucharistie, de couleur rose, ou plut\u00f4t <strong>rosac\u00e9e<\/strong>.<\/p>\n<p>Voil\u00e0 donc l\u2019explication de la chasuble rose port\u00e9e par le c\u00e9l\u00e9brant. Nous avons vu comme le Dimanche de Gaudete et le Dimanche de Laetere tombent respectivement pendant l\u2019Avent et pendant le temps du Car\u00eame. Tant l\u2019Avent que le Car\u00eame sont des <strong>p\u00e9riodes de pr\u00e9paration<\/strong>, respectivement \u00e0 <a href=\"https:\/\/www.holyart.fr\/noel\"><strong>No\u00ebl<\/strong><\/a> et \u00e0 <a href=\"https:\/\/www.holyart.fr\/occasions-speciales\/paques-et-careme\"><strong>P\u00e2ques<\/strong><\/a>. Pour cette raison, ils se caract\u00e9risent par <strong><u>p\u00e9nitences, je\u00fbnes, m\u00e9ditation et pri\u00e8re<\/u><\/strong>, toutes des activit\u00e9s n\u00e9cessaires pour pouvoir se pr\u00e9parer de la meilleure des mani\u00e8res aux deux principales festivit\u00e9s de l\u2019\u00e9glise catholique\u00a0: No\u00ebl, i.e. la naissance de J\u00e9sus, et P\u00e2ques, la f\u00eate de Sa glorieuse R\u00e9surrection. Cela nous permet de comprendre le choix de la couleur rosac\u00e9e, couleur <strong>joyeuse et vitale<\/strong>, qui est utilis\u00e9e uniquement en ces deux jours, situ\u00e9s environ \u00e0 la moiti\u00e9 des susdites p\u00e9riodes d\u2019attente et de pr\u00e9paration. Une invitation presque, une exhortation pour les fid\u00e8les \u00e0 s\u2019engager encore un peu, et \u00e0 jouir car bient\u00f4t l\u2019attente sera finie et la <strong>grande f\u00eate<\/strong> qu\u2019ils attendent arrivera.<\/p>\n<div class=\"sp-styles-warning\" style=\"width: 450px; background-color: #FFF; color: #F00; border: 1px solid #F00; padding: 10px; font-size: 14px;\">\n\t\t\t<span style=\"font-weight: bold;\">Warning: The stylesheets were not loaded!<\/span> \n\t\t\tYou will need to change the <i>Load stylesheets<\/i> setting from <i>Automatically<\/i> to <i>On homepage<\/i> or <i>On all pages<\/i>. \n\t\t\tYou can set that <a style=\"text-decoration: underline; color: #F00;\" href=\"https:\/\/blog.holyart.it\/fr\/wp-admin\/admin.php?page=sliderpro-settings\">here<\/a>.\n\t\t\t<\/div>\r\n<div id=\"slider-pro-129\" class=\"slider-pro sp-no-js\" style=\"width: 500px; height: 500px;\">\r\n\t<div class=\"sp-slides\">\r\n\t\t\r\n\t\t<div class=\"sp-slide\">\r\n\t\t\t<a class=\"\" href=\"https:\/\/www.holyart.fr\/accessoires-pour-la-liturgie\/vetements-liturgiques-et-linges-dautel\/chasubles\/chasuble-rose-100-polyester-inserts-tissu-croix-brodee-gamma?_gl=1*10t4bqd*_gcl_aw*R0NMLjE3MDc0MDM1MzguQ2owS0NRanc4cW1oQmhDbEFSSXNBTkF0Ym9mZ21KMm85dkV5S0JjLUdLUWIweWFCLU9EekR0N1ZQV2hnY1g4WW96M2haNGVTR0JkUjR1d2FBZzZrRUFMd193Y0I.*_gcl_au*MTYzMTc5MDU5My4xNzA1NTg0Nzkw*_ga*MjAyODIwNTUzOS4xNjgwNTA1OTc3*_ga_W18MV136NH*MTcwNzQ3NTUwNS40MjUuMS4xNzA3NDc3NzcwLjAuMC4w\" target=\"_self\">\r\n\t\t\t\t<img loading=\"lazy\" decoding=\"async\" class=\"sp-image\" src=\"https:\/\/blog.holyart.it\/fr\/wp-content\/uploads\/sites\/14\/2024\/02\/Chasuble-rose-100-polyester-inserts-tissu-croix-brodee-Gamma.jpg\" alt=\"Chasuble rose 100% polyester inserts tissu croix brod\u00e9e Gamma\" width=\"500\" height=\"500\" \/>\r\n\t\t\t<\/a>\r\n\t\t\t<div class=\"sp-thumbnail\"><a class=\"\" href=\"https:\/\/www.holyart.fr\/accessoires-pour-la-liturgie\/vetements-liturgiques-et-linges-dautel\/chasubles\/chasuble-rose-100-polyester-inserts-tissu-croix-brodee-gamma?_gl=1*10t4bqd*_gcl_aw*R0NMLjE3MDc0MDM1MzguQ2owS0NRanc4cW1oQmhDbEFSSXNBTkF0Ym9mZ21KMm85dkV5S0JjLUdLUWIweWFCLU9EekR0N1ZQV2hnY1g4WW96M2haNGVTR0JkUjR1d2FBZzZrRUFMd193Y0I.*_gcl_au*MTYzMTc5MDU5My4xNzA1NTg0Nzkw*_ga*MjAyODIwNTUzOS4xNjgwNTA1OTc3*_ga_W18MV136NH*MTcwNzQ3NTUwNS40MjUuMS4xNzA3NDc3NzcwLjAuMC4w\">\r\n\t\t\t\t<img decoding=\"async\" src=\"https:\/\/blog.holyart.it\/fr\/wp-content\/uploads\/sites\/14\/2024\/02\/Chasuble-rose-100-polyester-inserts-tissu-croix-brodee-Gamma-150x150-1.jpg\" alt=\"Chasuble rose 100% polyester inserts tissu croix brod\u00e9e Gamma 150x150\" \/>\r\n\t\t\t<\/a>\r\n\t\t\t<\/div>\r\n\t\t\t<div class=\"sp-caption\">Chasuble rose 100% polyester inserts tissu croix brod\u00e9e Gamma<br \/><strong><a href=\"https:\/\/www.holyart.fr\/accessoires-pour-la-liturgie\/vetements-liturgiques-et-linges-dautel\/chasubles\/chasuble-rose-100-polyester-inserts-tissu-croix-brodee-gamma?_gl=1*10t4bqd*_gcl_aw*R0NMLjE3MDc0MDM1MzguQ2owS0NRanc4cW1oQmhDbEFSSXNBTkF0Ym9mZ21KMm85dkV5S0JjLUdLUWIweWFCLU9EekR0N1ZQV2hnY1g4WW96M2haNGVTR0JkUjR1d2FBZzZrRUFMd193Y0I.*_gcl_au*MTYzMTc5MDU5My4xNzA1NTg0Nzkw*_ga*MjAyODIwNTUzOS4xNjgwNTA1OTc3*_ga_W18MV136NH*MTcwNzQ3NTUwNS40MjUuMS4xNzA3NDc3NzcwLjAuMC4w\">Acheter sur Holyart<\/a><\/strong><\/div>\r\n\t\t<\/div>\r\n\t\t<div class=\"sp-slide\">\r\n\t\t\t<a class=\"\" href=\"https:\/\/www.holyart.fr\/accessoires-pour-la-liturgie\/vetements-liturgiques-et-linges-dautel\/chasubles\/chasuble-liturgique-rose-100-polyester-croix-epis?_gl=1*jmu924*_gcl_aw*R0NMLjE3MDc0MDM1MzguQ2owS0NRanc4cW1oQmhDbEFSSXNBTkF0Ym9mZ21KMm85dkV5S0JjLUdLUWIweWFCLU9EekR0N1ZQV2hnY1g4WW96M2haNGVTR0JkUjR1d2FBZzZrRUFMd193Y0I.*_gcl_au*MTYzMTc5MDU5My4xNzA1NTg0Nzkw*_ga*MjAyODIwNTUzOS4xNjgwNTA1OTc3*_ga_W18MV136NH*MTcwNzQ3NTUwNS40MjUuMS4xNzA3NDc4ODM3LjAuMC4w\" target=\"_self\">\r\n\t\t\t\t<img loading=\"lazy\" decoding=\"async\" class=\"sp-image\" src=\"https:\/\/blog.holyart.it\/fr\/wp-content\/uploads\/sites\/14\/2024\/02\/chasuble-liturgique-rose-100-polyester-croix-epis.jpg\" alt=\"chasuble-liturgique-rose-100-polyester-croix-epis\" width=\"500\" height=\"500\" \/>\r\n\t\t\t<\/a>\r\n\t\t\t<div class=\"sp-thumbnail\"><a class=\"\" href=\"https:\/\/www.holyart.fr\/accessoires-pour-la-liturgie\/vetements-liturgiques-et-linges-dautel\/chasubles\/chasuble-liturgique-rose-100-polyester-croix-epis?_gl=1*jmu924*_gcl_aw*R0NMLjE3MDc0MDM1MzguQ2owS0NRanc4cW1oQmhDbEFSSXNBTkF0Ym9mZ21KMm85dkV5S0JjLUdLUWIweWFCLU9EekR0N1ZQV2hnY1g4WW96M2haNGVTR0JkUjR1d2FBZzZrRUFMd193Y0I.*_gcl_au*MTYzMTc5MDU5My4xNzA1NTg0Nzkw*_ga*MjAyODIwNTUzOS4xNjgwNTA1OTc3*_ga_W18MV136NH*MTcwNzQ3NTUwNS40MjUuMS4xNzA3NDc4ODM3LjAuMC4w\">\r\n\t\t\t\t<img decoding=\"async\" src=\"https:\/\/blog.holyart.it\/fr\/wp-content\/uploads\/sites\/14\/2024\/02\/chasuble-liturgique-rose-100-polyester-croix-epis150x150.jpg\" alt=\"chasuble-liturgique-rose-100-polyester-croix-epis150x150\" \/>\r\n\t\t\t<\/a>\r\n\t\t\t<\/div>\r\n\t\t\t<div class=\"sp-caption\">Chasuble liturgique rose 100% polyester croix \u00e9pis <br \/><strong><a href=\"https:\/\/www.holyart.fr\/accessoires-pour-la-liturgie\/vetements-liturgiques-et-linges-dautel\/chasubles\/chasuble-liturgique-rose-100-polyester-croix-epis?_gl=1*jmu924*_gcl_aw*R0NMLjE3MDc0MDM1MzguQ2owS0NRanc4cW1oQmhDbEFSSXNBTkF0Ym9mZ21KMm85dkV5S0JjLUdLUWIweWFCLU9EekR0N1ZQV2hnY1g4WW96M2haNGVTR0JkUjR1d2FBZzZrRUFMd193Y0I.*_gcl_au*MTYzMTc5MDU5My4xNzA1NTg0Nzkw*_ga*MjAyODIwNTUzOS4xNjgwNTA1OTc3*_ga_W18MV136NH*MTcwNzQ3NTUwNS40MjUuMS4xNzA3NDc4ODM3LjAuMC4w\">Acheter sur Holyart<\/a><\/strong><\/div>\r\n\t\t<\/div>\r\n\t\t<div class=\"sp-slide\">\r\n\t\t\t<a class=\"\" href=\"https:\/\/www.holyart.fr\/accessoires-pour-la-liturgie\/vetements-liturgiques-et-linges-dautel\/chasubles\/chasuble-liturgique-rose-100-polyester-chi-rho-epis-raisins?_gl=1*tm7f6s*_gcl_aw*R0NMLjE3MDc0MDM1MzguQ2owS0NRanc4cW1oQmhDbEFSSXNBTkF0Ym9mZ21KMm85dkV5S0JjLUdLUWIweWFCLU9EekR0N1ZQV2hnY1g4WW96M2haNGVTR0JkUjR1d2FBZzZrRUFMd193Y0I.*_gcl_au*MTYzMTc5MDU5My4xNzA1NTg0Nzkw*_ga*MjAyODIwNTUzOS4xNjgwNTA1OTc3*_ga_W18MV136NH*MTcwNzQ3NTUwNS40MjUuMS4xNzA3NDc5MDMxLjAuMC4w\" target=\"_self\">\r\n\t\t\t\t<img loading=\"lazy\" decoding=\"async\" class=\"sp-image\" src=\"https:\/\/blog.holyart.it\/fr\/wp-content\/uploads\/sites\/14\/2024\/02\/Chasuble-liturgique-rose-100-polyester-Chi-Rho-epis-raisins.jpg\" alt=\"Chasuble liturgique rose 100% polyester Chi-Rho \u00e9pis raisins\" width=\"500\" height=\"500\" \/>\r\n\t\t\t<\/a>\r\n\t\t\t<div class=\"sp-thumbnail\"><a class=\"\" href=\"https:\/\/www.holyart.fr\/accessoires-pour-la-liturgie\/vetements-liturgiques-et-linges-dautel\/chasubles\/chasuble-liturgique-rose-100-polyester-chi-rho-epis-raisins?_gl=1*tm7f6s*_gcl_aw*R0NMLjE3MDc0MDM1MzguQ2owS0NRanc4cW1oQmhDbEFSSXNBTkF0Ym9mZ21KMm85dkV5S0JjLUdLUWIweWFCLU9EekR0N1ZQV2hnY1g4WW96M2haNGVTR0JkUjR1d2FBZzZrRUFMd193Y0I.*_gcl_au*MTYzMTc5MDU5My4xNzA1NTg0Nzkw*_ga*MjAyODIwNTUzOS4xNjgwNTA1OTc3*_ga_W18MV136NH*MTcwNzQ3NTUwNS40MjUuMS4xNzA3NDc5MDMxLjAuMC4w\">\r\n\t\t\t\t<img decoding=\"async\" src=\"https:\/\/blog.holyart.it\/fr\/wp-content\/uploads\/sites\/14\/2024\/02\/Chasuble-liturgique-rose-100-polyester-Chi-Rho-epis-raisins-150x150-1.jpg\" alt=\"Chasuble liturgique rose 100% polyester Chi-Rho \u00e9pis raisins 150x150\" \/>\r\n\t\t\t<\/a>\r\n\t\t\t<\/div>\r\n\t\t\t<div class=\"sp-caption\">Chasuble liturgique rose 100% polyester Chi-Rho \u00e9pis raisins <br \/><strong><a href=\"https:\/\/www.holyart.fr\/accessoires-pour-la-liturgie\/vetements-liturgiques-et-linges-dautel\/chasubles\/chasuble-liturgique-rose-100-polyester-chi-rho-epis-raisins?_gl=1*tm7f6s*_gcl_aw*R0NMLjE3MDc0MDM1MzguQ2owS0NRanc4cW1oQmhDbEFSSXNBTkF0Ym9mZ21KMm85dkV5S0JjLUdLUWIweWFCLU9EekR0N1ZQV2hnY1g4WW96M2haNGVTR0JkUjR1d2FBZzZrRUFMd193Y0I.*_gcl_au*MTYzMTc5MDU5My4xNzA1NTg0Nzkw*_ga*MjAyODIwNTUzOS4xNjgwNTA1OTc3*_ga_W18MV136NH*MTcwNzQ3NTUwNS40MjUuMS4xNzA3NDc5MDMxLjAuMC4w\">Acheter sur Holyart<\/a><\/strong><\/div>\r\n\t\t<\/div>\r\n\t\t<div class=\"sp-slide\">\r\n\t\t\t<a class=\"\" href=\"https:\/\/www.holyart.fr\/accessoires-pour-la-liturgie\/vetements-liturgiques-et-linges-dautel\/chasubles\/chasuble-rose-broderie-chi-rho-epis-pain-et-poisson-en-polyester?_gl=1*15397st*_gcl_aw*R0NMLjE3MDc0MDM1MzguQ2owS0NRanc4cW1oQmhDbEFSSXNBTkF0Ym9mZ21KMm85dkV5S0JjLUdLUWIweWFCLU9EekR0N1ZQV2hnY1g4WW96M2haNGVTR0JkUjR1d2FBZzZrRUFMd193Y0I.*_gcl_au*MTYzMTc5MDU5My4xNzA1NTg0Nzkw*_ga*MjAyODIwNTUzOS4xNjgwNTA1OTc3*_ga_W18MV136NH*MTcwNzQ3NTUwNS40MjUuMS4xNzA3NDc5MjUzLjAuMC4w\" target=\"_self\">\r\n\t\t\t\t<img loading=\"lazy\" decoding=\"async\" class=\"sp-image\" src=\"https:\/\/blog.holyart.it\/fr\/wp-content\/uploads\/sites\/14\/2024\/02\/chasuble-rose-broderie-chi-rho-epis-pain-et-poisson-en-polyester.jpg\" alt=\"chasuble-rose-broderie-chi-rho-epis-pain-et-poisson-en-polyester\" width=\"500\" height=\"500\" \/>\r\n\t\t\t<\/a>\r\n\t\t\t<div class=\"sp-thumbnail\"><a class=\"\" href=\"https:\/\/www.holyart.fr\/accessoires-pour-la-liturgie\/vetements-liturgiques-et-linges-dautel\/chasubles\/chasuble-rose-broderie-chi-rho-epis-pain-et-poisson-en-polyester?_gl=1*15397st*_gcl_aw*R0NMLjE3MDc0MDM1MzguQ2owS0NRanc4cW1oQmhDbEFSSXNBTkF0Ym9mZ21KMm85dkV5S0JjLUdLUWIweWFCLU9EekR0N1ZQV2hnY1g4WW96M2haNGVTR0JkUjR1d2FBZzZrRUFMd193Y0I.*_gcl_au*MTYzMTc5MDU5My4xNzA1NTg0Nzkw*_ga*MjAyODIwNTUzOS4xNjgwNTA1OTc3*_ga_W18MV136NH*MTcwNzQ3NTUwNS40MjUuMS4xNzA3NDc5MjUzLjAuMC4w\">\r\n\t\t\t\t<img decoding=\"async\" src=\"https:\/\/blog.holyart.it\/fr\/wp-content\/uploads\/sites\/14\/2024\/02\/chasuble-rose-broderie-chi-rho-epis-pain-et-poisson-en-polyester-150x150-1.jpg\" alt=\"chasuble-rose-broderie-chi-rho-epis-pain-et-poisson-en-polyester 150x150\" \/>\r\n\t\t\t<\/a>\r\n\t\t\t<\/div>\r\n\t\t\t<div class=\"sp-caption\">Chasuble rose broderie Chi-Rho \u00e9pis pain et poisson en polyester <br \/><strong><a href=\"https:\/\/www.holyart.fr\/accessoires-pour-la-liturgie\/vetements-liturgiques-et-linges-dautel\/chasubles\/chasuble-rose-broderie-chi-rho-epis-pain-et-poisson-en-polyester?_gl=1*15397st*_gcl_aw*R0NMLjE3MDc0MDM1MzguQ2owS0NRanc4cW1oQmhDbEFSSXNBTkF0Ym9mZ21KMm85dkV5S0JjLUdLUWIweWFCLU9EekR0N1ZQV2hnY1g4WW96M2haNGVTR0JkUjR1d2FBZzZrRUFMd193Y0I.*_gcl_au*MTYzMTc5MDU5My4xNzA1NTg0Nzkw*_ga*MjAyODIwNTUzOS4xNjgwNTA1OTc3*_ga_W18MV136NH*MTcwNzQ3NTUwNS40MjUuMS4xNzA3NDc5MjUzLjAuMC4w\">Acheter sur Holyart<\/a><\/strong><\/div>\r\n\t\t<\/div>\r\n\t<\/div>\r\n<\/div>\n","protected":false},"excerpt":{"rendered":"<p>Plac\u00e9es \u00e0 deux p\u00e9riodes de p\u00e9nitence et d\u2019attente de l\u2019ann\u00e9e liturgique, le Dimanche de Gaudete et le Dimanche de Laetare c\u00e9l\u00e8brent la joie de la foi et l\u2019attente pleine d\u2019espoir des croyants. Qui dit que la religion catholique ne connait pas de moments de joie,&hellip;<\/p>\n","protected":false},"author":1,"featured_media":7926,"comment_status":"closed","ping_status":"open","sticky":false,"template":"","format":"standard","meta":{"_acf_changed":false,"footnotes":""},"categories":[14,8],"tags":[],"class_list":["post-7924","post","type-post","status-publish","format-standard","has-post-thumbnail","hentry","category-paques","category-articles-religieux"],"acf":[],"yoast_head":"<!-- This site is optimized with the Yoast SEO plugin v26.6 - https:\/\/yoast.com\/wordpress\/plugins\/seo\/ -->\n<title>Dimanche de Laetare et de Gaudete : les dimanches de la joie - Holyart.fr Blog<\/title>\n<meta name=\"description\" content=\"Plac\u00e9es \u00e0 deux p\u00e9riodes de p\u00e9nitence et d\u2019attente de l\u2019ann\u00e9e liturgique, le Dimanche de Gaudete et le Dimanche de Laetare...\" \/>\n<meta name=\"robots\" content=\"index, follow, max-snippet:-1, max-image-preview:large, max-video-preview:-1\" \/>\n<link rel=\"canonical\" href=\"https:\/\/blog.holyart.it\/fr\/paques\/dimanche-de-laetare-et-de-gaudete-les-dimanches-de-la-joie\/\" \/>\n<meta property=\"og:locale\" content=\"fr_FR\" \/>\n<meta property=\"og:type\" content=\"article\" \/>\n<meta property=\"og:title\" content=\"Dimanche de Laetare et de Gaudete : les dimanches de la joie - Holyart.fr Blog\" \/>\n<meta property=\"og:description\" content=\"Plac\u00e9es \u00e0 deux p\u00e9riodes de p\u00e9nitence et d\u2019attente de l\u2019ann\u00e9e liturgique, le Dimanche de Gaudete et le Dimanche de Laetare...\" \/>\n<meta property=\"og:url\" content=\"https:\/\/blog.holyart.it\/fr\/paques\/dimanche-de-laetare-et-de-gaudete-les-dimanches-de-la-joie\/\" \/>\n<meta property=\"og:site_name\" content=\"Holyart.fr Blog\" \/>\n<meta property=\"article:published_time\" content=\"2024-03-06T09:00:14+00:00\" \/>\n<meta property=\"article:modified_time\" content=\"2026-03-02T14:19:52+00:00\" \/>\n<meta property=\"og:image\" content=\"https:\/\/blog.holyart.it\/fr\/wp-content\/uploads\/sites\/14\/2024\/02\/Dimanche-de-Laetare-et-de-Gaudete.jpg\" \/>\n\t<meta property=\"og:image:width\" content=\"1000\" \/>\n\t<meta property=\"og:image:height\" content=\"667\" \/>\n\t<meta property=\"og:image:type\" content=\"image\/jpeg\" \/>\n<meta name=\"author\" content=\"Redazione\" \/>\n<meta name=\"twitter:card\" content=\"summary_large_image\" \/>\n<meta name=\"twitter:label1\" content=\"\u00c9crit par\" \/>\n\t<meta name=\"twitter:data1\" content=\"Redazione\" \/>\n\t<meta name=\"twitter:label2\" content=\"Dur\u00e9e de lecture estim\u00e9e\" \/>\n\t<meta name=\"twitter:data2\" content=\"6 minutes\" \/>\n<script type=\"application\/ld+json\" class=\"yoast-schema-graph\">{\"@context\":\"https:\/\/schema.org\",\"@graph\":[{\"@type\":\"Article\",\"@id\":\"https:\/\/blog.holyart.it\/fr\/paques\/dimanche-de-laetare-et-de-gaudete-les-dimanches-de-la-joie\/#article\",\"isPartOf\":{\"@id\":\"https:\/\/blog.holyart.it\/fr\/paques\/dimanche-de-laetare-et-de-gaudete-les-dimanches-de-la-joie\/\"},\"author\":{\"name\":\"Redazione\",\"@id\":\"https:\/\/blog.holyart.it\/fr\/#\/schema\/person\/0a7b686e5af0f856ec1e390dd0baecda\"},\"headline\":\"Dimanche de Laetare et de Gaudete : les dimanches de la joie\",\"datePublished\":\"2024-03-06T09:00:14+00:00\",\"dateModified\":\"2026-03-02T14:19:52+00:00\",\"mainEntityOfPage\":{\"@id\":\"https:\/\/blog.holyart.it\/fr\/paques\/dimanche-de-laetare-et-de-gaudete-les-dimanches-de-la-joie\/\"},\"wordCount\":1208,\"publisher\":{\"@id\":\"https:\/\/blog.holyart.it\/fr\/#organization\"},\"image\":{\"@id\":\"https:\/\/blog.holyart.it\/fr\/paques\/dimanche-de-laetare-et-de-gaudete-les-dimanches-de-la-joie\/#primaryimage\"},\"thumbnailUrl\":\"https:\/\/blog.holyart.it\/fr\/wp-content\/uploads\/sites\/14\/2024\/02\/Dimanche-de-Laetare-et-de-Gaudete.jpg\",\"articleSection\":[\"P\u00e2ques\",\"Religion\"],\"inLanguage\":\"fr-FR\"},{\"@type\":\"WebPage\",\"@id\":\"https:\/\/blog.holyart.it\/fr\/paques\/dimanche-de-laetare-et-de-gaudete-les-dimanches-de-la-joie\/\",\"url\":\"https:\/\/blog.holyart.it\/fr\/paques\/dimanche-de-laetare-et-de-gaudete-les-dimanches-de-la-joie\/\",\"name\":\"Dimanche de Laetare et de Gaudete : les dimanches de la joie - Holyart.fr Blog\",\"isPartOf\":{\"@id\":\"https:\/\/blog.holyart.it\/fr\/#website\"},\"primaryImageOfPage\":{\"@id\":\"https:\/\/blog.holyart.it\/fr\/paques\/dimanche-de-laetare-et-de-gaudete-les-dimanches-de-la-joie\/#primaryimage\"},\"image\":{\"@id\":\"https:\/\/blog.holyart.it\/fr\/paques\/dimanche-de-laetare-et-de-gaudete-les-dimanches-de-la-joie\/#primaryimage\"},\"thumbnailUrl\":\"https:\/\/blog.holyart.it\/fr\/wp-content\/uploads\/sites\/14\/2024\/02\/Dimanche-de-Laetare-et-de-Gaudete.jpg\",\"datePublished\":\"2024-03-06T09:00:14+00:00\",\"dateModified\":\"2026-03-02T14:19:52+00:00\",\"description\":\"Plac\u00e9es \u00e0 deux p\u00e9riodes de p\u00e9nitence et d\u2019attente de l\u2019ann\u00e9e liturgique, le Dimanche de Gaudete et le Dimanche de Laetare...\",\"breadcrumb\":{\"@id\":\"https:\/\/blog.holyart.it\/fr\/paques\/dimanche-de-laetare-et-de-gaudete-les-dimanches-de-la-joie\/#breadcrumb\"},\"inLanguage\":\"fr-FR\",\"potentialAction\":[{\"@type\":\"ReadAction\",\"target\":[\"https:\/\/blog.holyart.it\/fr\/paques\/dimanche-de-laetare-et-de-gaudete-les-dimanches-de-la-joie\/\"]}]},{\"@type\":\"ImageObject\",\"inLanguage\":\"fr-FR\",\"@id\":\"https:\/\/blog.holyart.it\/fr\/paques\/dimanche-de-laetare-et-de-gaudete-les-dimanches-de-la-joie\/#primaryimage\",\"url\":\"https:\/\/blog.holyart.it\/fr\/wp-content\/uploads\/sites\/14\/2024\/02\/Dimanche-de-Laetare-et-de-Gaudete.jpg\",\"contentUrl\":\"https:\/\/blog.holyart.it\/fr\/wp-content\/uploads\/sites\/14\/2024\/02\/Dimanche-de-Laetare-et-de-Gaudete.jpg\",\"width\":1000,\"height\":667,\"caption\":\"Dimanche de Laetare et de Gaudete\"},{\"@type\":\"BreadcrumbList\",\"@id\":\"https:\/\/blog.holyart.it\/fr\/paques\/dimanche-de-laetare-et-de-gaudete-les-dimanches-de-la-joie\/#breadcrumb\",\"itemListElement\":[{\"@type\":\"ListItem\",\"position\":1,\"name\":\"Homepage\",\"item\":\"https:\/\/blog.holyart.it\/fr\/\"},{\"@type\":\"ListItem\",\"position\":2,\"name\":\"P\u00e2ques\",\"item\":\"https:\/\/blog.holyart.it\/fr\/paques\/\"},{\"@type\":\"ListItem\",\"position\":3,\"name\":\"Dimanche de Laetare et de Gaudete : les dimanches de la joie\"}]},{\"@type\":\"WebSite\",\"@id\":\"https:\/\/blog.holyart.it\/fr\/#website\",\"url\":\"https:\/\/blog.holyart.it\/fr\/\",\"name\":\"Holyart.fr Blog\",\"description\":\"Holyblog\",\"publisher\":{\"@id\":\"https:\/\/blog.holyart.it\/fr\/#organization\"},\"potentialAction\":[{\"@type\":\"SearchAction\",\"target\":{\"@type\":\"EntryPoint\",\"urlTemplate\":\"https:\/\/blog.holyart.it\/fr\/?s={search_term_string}\"},\"query-input\":{\"@type\":\"PropertyValueSpecification\",\"valueRequired\":true,\"valueName\":\"search_term_string\"}}],\"inLanguage\":\"fr-FR\"},{\"@type\":\"Organization\",\"@id\":\"https:\/\/blog.holyart.it\/fr\/#organization\",\"name\":\"Holyart.fr Blog\",\"url\":\"https:\/\/blog.holyart.it\/fr\/\",\"logo\":{\"@type\":\"ImageObject\",\"inLanguage\":\"fr-FR\",\"@id\":\"https:\/\/blog.holyart.it\/fr\/#\/schema\/logo\/image\/\",\"url\":\"https:\/\/blog.holyart.it\/fr\/wp-content\/uploads\/sites\/14\/2022\/12\/Holyart_Blog_Logo.jpg\",\"contentUrl\":\"https:\/\/blog.holyart.it\/fr\/wp-content\/uploads\/sites\/14\/2022\/12\/Holyart_Blog_Logo.jpg\",\"width\":300,\"height\":50,\"caption\":\"Holyart.fr Blog\"},\"image\":{\"@id\":\"https:\/\/blog.holyart.it\/fr\/#\/schema\/logo\/image\/\"}},{\"@type\":\"Person\",\"@id\":\"https:\/\/blog.holyart.it\/fr\/#\/schema\/person\/0a7b686e5af0f856ec1e390dd0baecda\",\"name\":\"Redazione\",\"image\":{\"@type\":\"ImageObject\",\"inLanguage\":\"fr-FR\",\"@id\":\"https:\/\/blog.holyart.it\/fr\/#\/schema\/person\/image\/\",\"url\":\"https:\/\/secure.gravatar.com\/avatar\/f477da817f43e50d0af36abecd33e3edf826c68299714bdc1057dff3b113f516?s=96&d=mm&r=g\",\"contentUrl\":\"https:\/\/secure.gravatar.com\/avatar\/f477da817f43e50d0af36abecd33e3edf826c68299714bdc1057dff3b113f516?s=96&d=mm&r=g\",\"caption\":\"Redazione\"},\"url\":\"https:\/\/blog.holyart.it\/fr\/author\/admin\/\"}]}<\/script>\n<!-- \/ Yoast SEO plugin. -->","yoast_head_json":{"title":"Dimanche de Laetare et de Gaudete : les dimanches de la joie - Holyart.fr Blog","description":"Plac\u00e9es \u00e0 deux p\u00e9riodes de p\u00e9nitence et d\u2019attente de l\u2019ann\u00e9e liturgique, le Dimanche de Gaudete et le Dimanche de Laetare...","robots":{"index":"index","follow":"follow","max-snippet":"max-snippet:-1","max-image-preview":"max-image-preview:large","max-video-preview":"max-video-preview:-1"},"canonical":"https:\/\/blog.holyart.it\/fr\/paques\/dimanche-de-laetare-et-de-gaudete-les-dimanches-de-la-joie\/","og_locale":"fr_FR","og_type":"article","og_title":"Dimanche de Laetare et de Gaudete : les dimanches de la joie - Holyart.fr Blog","og_description":"Plac\u00e9es \u00e0 deux p\u00e9riodes de p\u00e9nitence et d\u2019attente de l\u2019ann\u00e9e liturgique, le Dimanche de Gaudete et le Dimanche de Laetare...","og_url":"https:\/\/blog.holyart.it\/fr\/paques\/dimanche-de-laetare-et-de-gaudete-les-dimanches-de-la-joie\/","og_site_name":"Holyart.fr Blog","article_published_time":"2024-03-06T09:00:14+00:00","article_modified_time":"2026-03-02T14:19:52+00:00","og_image":[{"width":1000,"height":667,"url":"https:\/\/blog.holyart.it\/fr\/wp-content\/uploads\/sites\/14\/2024\/02\/Dimanche-de-Laetare-et-de-Gaudete.jpg","type":"image\/jpeg"}],"author":"Redazione","twitter_card":"summary_large_image","twitter_misc":{"\u00c9crit par":"Redazione","Dur\u00e9e de lecture estim\u00e9e":"6 minutes"},"schema":{"@context":"https:\/\/schema.org","@graph":[{"@type":"Article","@id":"https:\/\/blog.holyart.it\/fr\/paques\/dimanche-de-laetare-et-de-gaudete-les-dimanches-de-la-joie\/#article","isPartOf":{"@id":"https:\/\/blog.holyart.it\/fr\/paques\/dimanche-de-laetare-et-de-gaudete-les-dimanches-de-la-joie\/"},"author":{"name":"Redazione","@id":"https:\/\/blog.holyart.it\/fr\/#\/schema\/person\/0a7b686e5af0f856ec1e390dd0baecda"},"headline":"Dimanche de Laetare et de Gaudete : les dimanches de la joie","datePublished":"2024-03-06T09:00:14+00:00","dateModified":"2026-03-02T14:19:52+00:00","mainEntityOfPage":{"@id":"https:\/\/blog.holyart.it\/fr\/paques\/dimanche-de-laetare-et-de-gaudete-les-dimanches-de-la-joie\/"},"wordCount":1208,"publisher":{"@id":"https:\/\/blog.holyart.it\/fr\/#organization"},"image":{"@id":"https:\/\/blog.holyart.it\/fr\/paques\/dimanche-de-laetare-et-de-gaudete-les-dimanches-de-la-joie\/#primaryimage"},"thumbnailUrl":"https:\/\/blog.holyart.it\/fr\/wp-content\/uploads\/sites\/14\/2024\/02\/Dimanche-de-Laetare-et-de-Gaudete.jpg","articleSection":["P\u00e2ques","Religion"],"inLanguage":"fr-FR"},{"@type":"WebPage","@id":"https:\/\/blog.holyart.it\/fr\/paques\/dimanche-de-laetare-et-de-gaudete-les-dimanches-de-la-joie\/","url":"https:\/\/blog.holyart.it\/fr\/paques\/dimanche-de-laetare-et-de-gaudete-les-dimanches-de-la-joie\/","name":"Dimanche de Laetare et de Gaudete : les dimanches de la joie - Holyart.fr Blog","isPartOf":{"@id":"https:\/\/blog.holyart.it\/fr\/#website"},"primaryImageOfPage":{"@id":"https:\/\/blog.holyart.it\/fr\/paques\/dimanche-de-laetare-et-de-gaudete-les-dimanches-de-la-joie\/#primaryimage"},"image":{"@id":"https:\/\/blog.holyart.it\/fr\/paques\/dimanche-de-laetare-et-de-gaudete-les-dimanches-de-la-joie\/#primaryimage"},"thumbnailUrl":"https:\/\/blog.holyart.it\/fr\/wp-content\/uploads\/sites\/14\/2024\/02\/Dimanche-de-Laetare-et-de-Gaudete.jpg","datePublished":"2024-03-06T09:00:14+00:00","dateModified":"2026-03-02T14:19:52+00:00","description":"Plac\u00e9es \u00e0 deux p\u00e9riodes de p\u00e9nitence et d\u2019attente de l\u2019ann\u00e9e liturgique, le Dimanche de Gaudete et le Dimanche de Laetare...","breadcrumb":{"@id":"https:\/\/blog.holyart.it\/fr\/paques\/dimanche-de-laetare-et-de-gaudete-les-dimanches-de-la-joie\/#breadcrumb"},"inLanguage":"fr-FR","potentialAction":[{"@type":"ReadAction","target":["https:\/\/blog.holyart.it\/fr\/paques\/dimanche-de-laetare-et-de-gaudete-les-dimanches-de-la-joie\/"]}]},{"@type":"ImageObject","inLanguage":"fr-FR","@id":"https:\/\/blog.holyart.it\/fr\/paques\/dimanche-de-laetare-et-de-gaudete-les-dimanches-de-la-joie\/#primaryimage","url":"https:\/\/blog.holyart.it\/fr\/wp-content\/uploads\/sites\/14\/2024\/02\/Dimanche-de-Laetare-et-de-Gaudete.jpg","contentUrl":"https:\/\/blog.holyart.it\/fr\/wp-content\/uploads\/sites\/14\/2024\/02\/Dimanche-de-Laetare-et-de-Gaudete.jpg","width":1000,"height":667,"caption":"Dimanche de Laetare et de Gaudete"},{"@type":"BreadcrumbList","@id":"https:\/\/blog.holyart.it\/fr\/paques\/dimanche-de-laetare-et-de-gaudete-les-dimanches-de-la-joie\/#breadcrumb","itemListElement":[{"@type":"ListItem","position":1,"name":"Homepage","item":"https:\/\/blog.holyart.it\/fr\/"},{"@type":"ListItem","position":2,"name":"P\u00e2ques","item":"https:\/\/blog.holyart.it\/fr\/paques\/"},{"@type":"ListItem","position":3,"name":"Dimanche de Laetare et de Gaudete : les dimanches de la joie"}]},{"@type":"WebSite","@id":"https:\/\/blog.holyart.it\/fr\/#website","url":"https:\/\/blog.holyart.it\/fr\/","name":"Holyart.fr Blog","description":"Holyblog","publisher":{"@id":"https:\/\/blog.holyart.it\/fr\/#organization"},"potentialAction":[{"@type":"SearchAction","target":{"@type":"EntryPoint","urlTemplate":"https:\/\/blog.holyart.it\/fr\/?s={search_term_string}"},"query-input":{"@type":"PropertyValueSpecification","valueRequired":true,"valueName":"search_term_string"}}],"inLanguage":"fr-FR"},{"@type":"Organization","@id":"https:\/\/blog.holyart.it\/fr\/#organization","name":"Holyart.fr Blog","url":"https:\/\/blog.holyart.it\/fr\/","logo":{"@type":"ImageObject","inLanguage":"fr-FR","@id":"https:\/\/blog.holyart.it\/fr\/#\/schema\/logo\/image\/","url":"https:\/\/blog.holyart.it\/fr\/wp-content\/uploads\/sites\/14\/2022\/12\/Holyart_Blog_Logo.jpg","contentUrl":"https:\/\/blog.holyart.it\/fr\/wp-content\/uploads\/sites\/14\/2022\/12\/Holyart_Blog_Logo.jpg","width":300,"height":50,"caption":"Holyart.fr Blog"},"image":{"@id":"https:\/\/blog.holyart.it\/fr\/#\/schema\/logo\/image\/"}},{"@type":"Person","@id":"https:\/\/blog.holyart.it\/fr\/#\/schema\/person\/0a7b686e5af0f856ec1e390dd0baecda","name":"Redazione","image":{"@type":"ImageObject","inLanguage":"fr-FR","@id":"https:\/\/blog.holyart.it\/fr\/#\/schema\/person\/image\/","url":"https:\/\/secure.gravatar.com\/avatar\/f477da817f43e50d0af36abecd33e3edf826c68299714bdc1057dff3b113f516?s=96&d=mm&r=g","contentUrl":"https:\/\/secure.gravatar.com\/avatar\/f477da817f43e50d0af36abecd33e3edf826c68299714bdc1057dff3b113f516?s=96&d=mm&r=g","caption":"Redazione"},"url":"https:\/\/blog.holyart.it\/fr\/author\/admin\/"}]}},"_links":{"self":[{"href":"https:\/\/blog.holyart.it\/fr\/wp-json\/wp\/v2\/posts\/7924","targetHints":{"allow":["GET"]}}],"collection":[{"href":"https:\/\/blog.holyart.it\/fr\/wp-json\/wp\/v2\/posts"}],"about":[{"href":"https:\/\/blog.holyart.it\/fr\/wp-json\/wp\/v2\/types\/post"}],"author":[{"embeddable":true,"href":"https:\/\/blog.holyart.it\/fr\/wp-json\/wp\/v2\/users\/1"}],"replies":[{"embeddable":true,"href":"https:\/\/blog.holyart.it\/fr\/wp-json\/wp\/v2\/comments?post=7924"}],"version-history":[{"count":8,"href":"https:\/\/blog.holyart.it\/fr\/wp-json\/wp\/v2\/posts\/7924\/revisions"}],"predecessor-version":[{"id":7944,"href":"https:\/\/blog.holyart.it\/fr\/wp-json\/wp\/v2\/posts\/7924\/revisions\/7944"}],"wp:featuredmedia":[{"embeddable":true,"href":"https:\/\/blog.holyart.it\/fr\/wp-json\/wp\/v2\/media\/7926"}],"wp:attachment":[{"href":"https:\/\/blog.holyart.it\/fr\/wp-json\/wp\/v2\/media?parent=7924"}],"wp:term":[{"taxonomy":"category","embeddable":true,"href":"https:\/\/blog.holyart.it\/fr\/wp-json\/wp\/v2\/categories?post=7924"},{"taxonomy":"post_tag","embeddable":true,"href":"https:\/\/blog.holyart.it\/fr\/wp-json\/wp\/v2\/tags?post=7924"}],"curies":[{"name":"wp","href":"https:\/\/api.w.org\/{rel}","templated":true}]}}