{"id":79,"date":"2016-06-22T16:17:26","date_gmt":"2016-06-22T14:17:26","guid":{"rendered":"https:\/\/blog.holyart.it\/fr\/?p=79"},"modified":"2016-10-28T15:24:27","modified_gmt":"2016-10-28T13:24:27","slug":"sainte-rita","status":"publish","type":"post","link":"https:\/\/blog.holyart.it\/fr\/saints-et-bienheureux\/sainte-rita\/","title":{"rendered":"Sainte Rita"},"content":{"rendered":"<p><strong>Sainte Rita<\/strong> fut une religieuse de l\u2019ordre des Augustins du XV si\u00e8cle. N\u00e9e \u00e0 Cascia (P\u00e9rouse, Italie), elle fut b\u00e9atifi\u00e9e 180 ans apr\u00e8s sa mort et proclam\u00e9e Sainte apr\u00e8s 453 ans.<\/p>\n<p><strong>Sainte Rita<\/strong> est l\u2019objet d\u2019une d\u00e9votion populaire extraordinaire et est s\u00fbrement une des saintes les plus aim\u00e9es.<br \/>\nLe peuple l\u2019a toujours per\u00e7ue comme tr\u00e8s proche de lui de part l\u2019existence qu\u2019elle a men\u00e9 avant de prononcer ses v\u0153ux. <strong>Sainte Rita<\/strong> fut en effet une personne comme les autres pendant des ann\u00e9es, m\u00e8re et femme attentionn\u00e9e, et cette exp\u00e9rience de vie la rendit plus proche des gens que beaucoup d\u2019autres hommes et femmes pieux et sanctifi\u00e9s au cours des si\u00e8cles.<\/p>\n<p>Rest\u00e9e veuve, <strong>Sainte Rita<\/strong> se d\u00e9dia corps et \u00e2me \u00e0 un seul et unique objectif : mettre un terme \u00e0 la guerre entre familles qui avait amen\u00e9 \u00e0 l\u2019assassinat de son mari. En mettant de c\u00f4t\u00e9 sa douleur et son envie de vengeance, <strong>Sainte Rita<\/strong> s\u2019immergea dans la pri\u00e8re, en demandant avec assiduit\u00e9 et ardeur \u00e0 Dieu le pardon des assassins de son mari. Quand elle resta seule, <strong>Sainte Rita<\/strong> rentra au couvent, o\u00f9 elle v\u00e9cut 40 ans en \u00e9tat de contemplation, p\u00e9nitence et pri\u00e8re. Ce furent des ann\u00e9es de souffrances pendant lesquelles la religieuse s\u2019imposa le cilice, l\u2019isolation et d\u2019innombrables mortifications de la chair. <strong>Sainte Rita<\/strong>, anim\u00e9e d\u2019un amour sans limite pour Christ, le pria de pouvoir partager sa Passion. Christ l\u2019\u00e9couta et <strong>Sainte Rita<\/strong> eut son front transperc\u00e9 par une des \u00e9pines de la couronne port\u00e9e par Christ sur la croix. <strong>Sainte Rita<\/strong> porta cette plaie douloureuse sur elle jusqu\u2019\u00e0 sa mort comme marque d\u2019amour.<\/p>\n<p>C\u2019est pour cette raison que <strong>Sainte Rita<\/strong> est connue \u00e9galement comme la Sainte de l\u2019\u00ab \u00c9pine \u00bb. Elle est \u00e9galement appel\u00e9e la Sainte de la \u00ab Rose \u00bb : peu avant de mourir, elle demanda \u00e0 une parente de lui amener une rose du jardin paternel ; malgr\u00e9 la saison hivernale, la femme se rendit dans le jardin et trouva une splendide rose fleurie qu\u2019elle s\u2019empressa de ramener \u00e0 la religieuse. La rose devint ainsi le symbole de <strong>Sainte Rita<\/strong>, fleurie au soleil de Christ malgr\u00e9 une vie \u00e9pineuse afin de fondre la glace de l\u2019hiver dans le c\u0153ur des humains. Les innombrables miracles donn\u00e8rent \u00e9galement \u00e0 <strong>Sainte Rita<\/strong> la d\u00e9nomination de \u00ab <strong>Sainte des impossibles<\/strong> \u00bb.<\/p>\n<p>Sur <strong>Holyart<\/strong> vous trouverez <strong><a title=\"Statues de Sainte Rita\" href=\"http:\/\/www.holyart.fr\/articles-religieux\/statues\">statues de Sainte Rita<\/a><\/strong>\u00a0de diff\u00e9rentes tailles et gammes de prix.<\/p>\n","protected":false},"excerpt":{"rendered":"<p>Sainte Rita fut une religieuse de l\u2019ordre des Augustins du XV si\u00e8cle. N\u00e9e \u00e0 Cascia (P\u00e9rouse, Italie), elle fut b\u00e9atifi\u00e9e 180 ans apr\u00e8s sa mort et proclam\u00e9e Sainte apr\u00e8s 453 ans. Sainte Rita est l\u2019objet d\u2019une d\u00e9votion populaire extraordinaire et est s\u00fbrement une des saintes&hellip;<\/p>\n","protected":false},"author":1,"featured_media":186,"comment_status":"closed","ping_status":"open","sticky":false,"template":"","format":"standard","meta":{"_acf_changed":false,"footnotes":""},"categories":[7],"tags":[],"class_list":["post-79","post","type-post","status-publish","format-standard","has-post-thumbnail","hentry","category-saints-et-bienheureux"],"acf":[],"yoast_head":"<!-- This site is optimized with the Yoast SEO plugin v26.6 - https:\/\/yoast.com\/wordpress\/plugins\/seo\/ -->\n<title>Sainte Rita - Holyart.fr Blog<\/title>\n<meta name=\"description\" content=\"Sainte Rita fut une religieuse de l\u2019ordre des Augustins du XV si\u00e8cle et proclam\u00e9e Sainte apr\u00e8s 453 ans. Est s\u00fbrement une des saintes les plus aim\u00e9es.\" \/>\n<meta name=\"robots\" content=\"index, follow, max-snippet:-1, max-image-preview:large, max-video-preview:-1\" \/>\n<link rel=\"canonical\" href=\"https:\/\/blog.holyart.it\/fr\/saints-et-bienheureux\/sainte-rita\/\" \/>\n<meta property=\"og:locale\" content=\"fr_FR\" \/>\n<meta property=\"og:type\" content=\"article\" \/>\n<meta property=\"og:title\" content=\"Sainte Rita - Holyart.fr Blog\" \/>\n<meta property=\"og:description\" content=\"Sainte Rita fut une religieuse de l\u2019ordre des Augustins du XV si\u00e8cle et proclam\u00e9e Sainte apr\u00e8s 453 ans. Est s\u00fbrement une des saintes les plus aim\u00e9es.\" \/>\n<meta property=\"og:url\" content=\"https:\/\/blog.holyart.it\/fr\/saints-et-bienheureux\/sainte-rita\/\" \/>\n<meta property=\"og:site_name\" content=\"Holyart.fr Blog\" \/>\n<meta property=\"article:published_time\" content=\"2016-06-22T14:17:26+00:00\" \/>\n<meta property=\"article:modified_time\" content=\"2016-10-28T13:24:27+00:00\" \/>\n<meta property=\"og:image\" content=\"https:\/\/blog.holyart.it\/fr\/wp-content\/uploads\/sites\/14\/2016\/06\/Sainte-Rita.png\" \/>\n\t<meta property=\"og:image:width\" content=\"750\" \/>\n\t<meta property=\"og:image:height\" content=\"410\" \/>\n\t<meta property=\"og:image:type\" content=\"image\/png\" \/>\n<meta name=\"author\" content=\"Redazione\" \/>\n<meta name=\"twitter:card\" content=\"summary_large_image\" \/>\n<meta name=\"twitter:label1\" content=\"\u00c9crit par\" \/>\n\t<meta name=\"twitter:data1\" content=\"Redazione\" \/>\n\t<meta name=\"twitter:label2\" content=\"Dur\u00e9e de lecture estim\u00e9e\" \/>\n\t<meta name=\"twitter:data2\" content=\"2 minutes\" \/>\n<script type=\"application\/ld+json\" class=\"yoast-schema-graph\">{\"@context\":\"https:\/\/schema.org\",\"@graph\":[{\"@type\":\"Article\",\"@id\":\"https:\/\/blog.holyart.it\/fr\/saints-et-bienheureux\/sainte-rita\/#article\",\"isPartOf\":{\"@id\":\"https:\/\/blog.holyart.it\/fr\/saints-et-bienheureux\/sainte-rita\/\"},\"author\":{\"name\":\"Redazione\",\"@id\":\"https:\/\/blog.holyart.it\/fr\/#\/schema\/person\/0a7b686e5af0f856ec1e390dd0baecda\"},\"headline\":\"Sainte Rita\",\"datePublished\":\"2016-06-22T14:17:26+00:00\",\"dateModified\":\"2016-10-28T13:24:27+00:00\",\"mainEntityOfPage\":{\"@id\":\"https:\/\/blog.holyart.it\/fr\/saints-et-bienheureux\/sainte-rita\/\"},\"wordCount\":436,\"publisher\":{\"@id\":\"https:\/\/blog.holyart.it\/fr\/#organization\"},\"image\":{\"@id\":\"https:\/\/blog.holyart.it\/fr\/saints-et-bienheureux\/sainte-rita\/#primaryimage\"},\"thumbnailUrl\":\"https:\/\/blog.holyart.it\/fr\/wp-content\/uploads\/sites\/14\/2016\/06\/Sainte-Rita.png\",\"articleSection\":[\"Saints et Bienheureux\"],\"inLanguage\":\"fr-FR\"},{\"@type\":\"WebPage\",\"@id\":\"https:\/\/blog.holyart.it\/fr\/saints-et-bienheureux\/sainte-rita\/\",\"url\":\"https:\/\/blog.holyart.it\/fr\/saints-et-bienheureux\/sainte-rita\/\",\"name\":\"Sainte Rita - Holyart.fr Blog\",\"isPartOf\":{\"@id\":\"https:\/\/blog.holyart.it\/fr\/#website\"},\"primaryImageOfPage\":{\"@id\":\"https:\/\/blog.holyart.it\/fr\/saints-et-bienheureux\/sainte-rita\/#primaryimage\"},\"image\":{\"@id\":\"https:\/\/blog.holyart.it\/fr\/saints-et-bienheureux\/sainte-rita\/#primaryimage\"},\"thumbnailUrl\":\"https:\/\/blog.holyart.it\/fr\/wp-content\/uploads\/sites\/14\/2016\/06\/Sainte-Rita.png\",\"datePublished\":\"2016-06-22T14:17:26+00:00\",\"dateModified\":\"2016-10-28T13:24:27+00:00\",\"description\":\"Sainte Rita fut une religieuse de l\u2019ordre des Augustins du XV si\u00e8cle et proclam\u00e9e Sainte apr\u00e8s 453 ans. Est s\u00fbrement une des saintes les plus aim\u00e9es.\",\"breadcrumb\":{\"@id\":\"https:\/\/blog.holyart.it\/fr\/saints-et-bienheureux\/sainte-rita\/#breadcrumb\"},\"inLanguage\":\"fr-FR\",\"potentialAction\":[{\"@type\":\"ReadAction\",\"target\":[\"https:\/\/blog.holyart.it\/fr\/saints-et-bienheureux\/sainte-rita\/\"]}]},{\"@type\":\"ImageObject\",\"inLanguage\":\"fr-FR\",\"@id\":\"https:\/\/blog.holyart.it\/fr\/saints-et-bienheureux\/sainte-rita\/#primaryimage\",\"url\":\"https:\/\/blog.holyart.it\/fr\/wp-content\/uploads\/sites\/14\/2016\/06\/Sainte-Rita.png\",\"contentUrl\":\"https:\/\/blog.holyart.it\/fr\/wp-content\/uploads\/sites\/14\/2016\/06\/Sainte-Rita.png\",\"width\":750,\"height\":410,\"caption\":\"Sainte Rita\"},{\"@type\":\"BreadcrumbList\",\"@id\":\"https:\/\/blog.holyart.it\/fr\/saints-et-bienheureux\/sainte-rita\/#breadcrumb\",\"itemListElement\":[{\"@type\":\"ListItem\",\"position\":1,\"name\":\"Homepage\",\"item\":\"https:\/\/blog.holyart.it\/fr\/\"},{\"@type\":\"ListItem\",\"position\":2,\"name\":\"Saints et Bienheureux\",\"item\":\"https:\/\/blog.holyart.it\/fr\/saints-et-bienheureux\/\"},{\"@type\":\"ListItem\",\"position\":3,\"name\":\"Sainte Rita\"}]},{\"@type\":\"WebSite\",\"@id\":\"https:\/\/blog.holyart.it\/fr\/#website\",\"url\":\"https:\/\/blog.holyart.it\/fr\/\",\"name\":\"Holyart.fr Blog\",\"description\":\"Holyblog\",\"publisher\":{\"@id\":\"https:\/\/blog.holyart.it\/fr\/#organization\"},\"potentialAction\":[{\"@type\":\"SearchAction\",\"target\":{\"@type\":\"EntryPoint\",\"urlTemplate\":\"https:\/\/blog.holyart.it\/fr\/?s={search_term_string}\"},\"query-input\":{\"@type\":\"PropertyValueSpecification\",\"valueRequired\":true,\"valueName\":\"search_term_string\"}}],\"inLanguage\":\"fr-FR\"},{\"@type\":\"Organization\",\"@id\":\"https:\/\/blog.holyart.it\/fr\/#organization\",\"name\":\"Holyart.fr Blog\",\"url\":\"https:\/\/blog.holyart.it\/fr\/\",\"logo\":{\"@type\":\"ImageObject\",\"inLanguage\":\"fr-FR\",\"@id\":\"https:\/\/blog.holyart.it\/fr\/#\/schema\/logo\/image\/\",\"url\":\"https:\/\/blog.holyart.it\/fr\/wp-content\/uploads\/sites\/14\/2022\/12\/Holyart_Blog_Logo.jpg\",\"contentUrl\":\"https:\/\/blog.holyart.it\/fr\/wp-content\/uploads\/sites\/14\/2022\/12\/Holyart_Blog_Logo.jpg\",\"width\":300,\"height\":50,\"caption\":\"Holyart.fr Blog\"},\"image\":{\"@id\":\"https:\/\/blog.holyart.it\/fr\/#\/schema\/logo\/image\/\"}},{\"@type\":\"Person\",\"@id\":\"https:\/\/blog.holyart.it\/fr\/#\/schema\/person\/0a7b686e5af0f856ec1e390dd0baecda\",\"name\":\"Redazione\",\"image\":{\"@type\":\"ImageObject\",\"inLanguage\":\"fr-FR\",\"@id\":\"https:\/\/blog.holyart.it\/fr\/#\/schema\/person\/image\/\",\"url\":\"https:\/\/secure.gravatar.com\/avatar\/f477da817f43e50d0af36abecd33e3edf826c68299714bdc1057dff3b113f516?s=96&d=mm&r=g\",\"contentUrl\":\"https:\/\/secure.gravatar.com\/avatar\/f477da817f43e50d0af36abecd33e3edf826c68299714bdc1057dff3b113f516?s=96&d=mm&r=g\",\"caption\":\"Redazione\"},\"url\":\"https:\/\/blog.holyart.it\/fr\/author\/admin\/\"}]}<\/script>\n<!-- \/ Yoast SEO plugin. -->","yoast_head_json":{"title":"Sainte Rita - Holyart.fr Blog","description":"Sainte Rita fut une religieuse de l\u2019ordre des Augustins du XV si\u00e8cle et proclam\u00e9e Sainte apr\u00e8s 453 ans. Est s\u00fbrement une des saintes les plus aim\u00e9es.","robots":{"index":"index","follow":"follow","max-snippet":"max-snippet:-1","max-image-preview":"max-image-preview:large","max-video-preview":"max-video-preview:-1"},"canonical":"https:\/\/blog.holyart.it\/fr\/saints-et-bienheureux\/sainte-rita\/","og_locale":"fr_FR","og_type":"article","og_title":"Sainte Rita - Holyart.fr Blog","og_description":"Sainte Rita fut une religieuse de l\u2019ordre des Augustins du XV si\u00e8cle et proclam\u00e9e Sainte apr\u00e8s 453 ans. Est s\u00fbrement une des saintes les plus aim\u00e9es.","og_url":"https:\/\/blog.holyart.it\/fr\/saints-et-bienheureux\/sainte-rita\/","og_site_name":"Holyart.fr Blog","article_published_time":"2016-06-22T14:17:26+00:00","article_modified_time":"2016-10-28T13:24:27+00:00","og_image":[{"width":750,"height":410,"url":"https:\/\/blog.holyart.it\/fr\/wp-content\/uploads\/sites\/14\/2016\/06\/Sainte-Rita.png","type":"image\/png"}],"author":"Redazione","twitter_card":"summary_large_image","twitter_misc":{"\u00c9crit par":"Redazione","Dur\u00e9e de lecture estim\u00e9e":"2 minutes"},"schema":{"@context":"https:\/\/schema.org","@graph":[{"@type":"Article","@id":"https:\/\/blog.holyart.it\/fr\/saints-et-bienheureux\/sainte-rita\/#article","isPartOf":{"@id":"https:\/\/blog.holyart.it\/fr\/saints-et-bienheureux\/sainte-rita\/"},"author":{"name":"Redazione","@id":"https:\/\/blog.holyart.it\/fr\/#\/schema\/person\/0a7b686e5af0f856ec1e390dd0baecda"},"headline":"Sainte Rita","datePublished":"2016-06-22T14:17:26+00:00","dateModified":"2016-10-28T13:24:27+00:00","mainEntityOfPage":{"@id":"https:\/\/blog.holyart.it\/fr\/saints-et-bienheureux\/sainte-rita\/"},"wordCount":436,"publisher":{"@id":"https:\/\/blog.holyart.it\/fr\/#organization"},"image":{"@id":"https:\/\/blog.holyart.it\/fr\/saints-et-bienheureux\/sainte-rita\/#primaryimage"},"thumbnailUrl":"https:\/\/blog.holyart.it\/fr\/wp-content\/uploads\/sites\/14\/2016\/06\/Sainte-Rita.png","articleSection":["Saints et Bienheureux"],"inLanguage":"fr-FR"},{"@type":"WebPage","@id":"https:\/\/blog.holyart.it\/fr\/saints-et-bienheureux\/sainte-rita\/","url":"https:\/\/blog.holyart.it\/fr\/saints-et-bienheureux\/sainte-rita\/","name":"Sainte Rita - Holyart.fr Blog","isPartOf":{"@id":"https:\/\/blog.holyart.it\/fr\/#website"},"primaryImageOfPage":{"@id":"https:\/\/blog.holyart.it\/fr\/saints-et-bienheureux\/sainte-rita\/#primaryimage"},"image":{"@id":"https:\/\/blog.holyart.it\/fr\/saints-et-bienheureux\/sainte-rita\/#primaryimage"},"thumbnailUrl":"https:\/\/blog.holyart.it\/fr\/wp-content\/uploads\/sites\/14\/2016\/06\/Sainte-Rita.png","datePublished":"2016-06-22T14:17:26+00:00","dateModified":"2016-10-28T13:24:27+00:00","description":"Sainte Rita fut une religieuse de l\u2019ordre des Augustins du XV si\u00e8cle et proclam\u00e9e Sainte apr\u00e8s 453 ans. Est s\u00fbrement une des saintes les plus aim\u00e9es.","breadcrumb":{"@id":"https:\/\/blog.holyart.it\/fr\/saints-et-bienheureux\/sainte-rita\/#breadcrumb"},"inLanguage":"fr-FR","potentialAction":[{"@type":"ReadAction","target":["https:\/\/blog.holyart.it\/fr\/saints-et-bienheureux\/sainte-rita\/"]}]},{"@type":"ImageObject","inLanguage":"fr-FR","@id":"https:\/\/blog.holyart.it\/fr\/saints-et-bienheureux\/sainte-rita\/#primaryimage","url":"https:\/\/blog.holyart.it\/fr\/wp-content\/uploads\/sites\/14\/2016\/06\/Sainte-Rita.png","contentUrl":"https:\/\/blog.holyart.it\/fr\/wp-content\/uploads\/sites\/14\/2016\/06\/Sainte-Rita.png","width":750,"height":410,"caption":"Sainte Rita"},{"@type":"BreadcrumbList","@id":"https:\/\/blog.holyart.it\/fr\/saints-et-bienheureux\/sainte-rita\/#breadcrumb","itemListElement":[{"@type":"ListItem","position":1,"name":"Homepage","item":"https:\/\/blog.holyart.it\/fr\/"},{"@type":"ListItem","position":2,"name":"Saints et Bienheureux","item":"https:\/\/blog.holyart.it\/fr\/saints-et-bienheureux\/"},{"@type":"ListItem","position":3,"name":"Sainte Rita"}]},{"@type":"WebSite","@id":"https:\/\/blog.holyart.it\/fr\/#website","url":"https:\/\/blog.holyart.it\/fr\/","name":"Holyart.fr Blog","description":"Holyblog","publisher":{"@id":"https:\/\/blog.holyart.it\/fr\/#organization"},"potentialAction":[{"@type":"SearchAction","target":{"@type":"EntryPoint","urlTemplate":"https:\/\/blog.holyart.it\/fr\/?s={search_term_string}"},"query-input":{"@type":"PropertyValueSpecification","valueRequired":true,"valueName":"search_term_string"}}],"inLanguage":"fr-FR"},{"@type":"Organization","@id":"https:\/\/blog.holyart.it\/fr\/#organization","name":"Holyart.fr Blog","url":"https:\/\/blog.holyart.it\/fr\/","logo":{"@type":"ImageObject","inLanguage":"fr-FR","@id":"https:\/\/blog.holyart.it\/fr\/#\/schema\/logo\/image\/","url":"https:\/\/blog.holyart.it\/fr\/wp-content\/uploads\/sites\/14\/2022\/12\/Holyart_Blog_Logo.jpg","contentUrl":"https:\/\/blog.holyart.it\/fr\/wp-content\/uploads\/sites\/14\/2022\/12\/Holyart_Blog_Logo.jpg","width":300,"height":50,"caption":"Holyart.fr Blog"},"image":{"@id":"https:\/\/blog.holyart.it\/fr\/#\/schema\/logo\/image\/"}},{"@type":"Person","@id":"https:\/\/blog.holyart.it\/fr\/#\/schema\/person\/0a7b686e5af0f856ec1e390dd0baecda","name":"Redazione","image":{"@type":"ImageObject","inLanguage":"fr-FR","@id":"https:\/\/blog.holyart.it\/fr\/#\/schema\/person\/image\/","url":"https:\/\/secure.gravatar.com\/avatar\/f477da817f43e50d0af36abecd33e3edf826c68299714bdc1057dff3b113f516?s=96&d=mm&r=g","contentUrl":"https:\/\/secure.gravatar.com\/avatar\/f477da817f43e50d0af36abecd33e3edf826c68299714bdc1057dff3b113f516?s=96&d=mm&r=g","caption":"Redazione"},"url":"https:\/\/blog.holyart.it\/fr\/author\/admin\/"}]}},"_links":{"self":[{"href":"https:\/\/blog.holyart.it\/fr\/wp-json\/wp\/v2\/posts\/79","targetHints":{"allow":["GET"]}}],"collection":[{"href":"https:\/\/blog.holyart.it\/fr\/wp-json\/wp\/v2\/posts"}],"about":[{"href":"https:\/\/blog.holyart.it\/fr\/wp-json\/wp\/v2\/types\/post"}],"author":[{"embeddable":true,"href":"https:\/\/blog.holyart.it\/fr\/wp-json\/wp\/v2\/users\/1"}],"replies":[{"embeddable":true,"href":"https:\/\/blog.holyart.it\/fr\/wp-json\/wp\/v2\/comments?post=79"}],"version-history":[{"count":0,"href":"https:\/\/blog.holyart.it\/fr\/wp-json\/wp\/v2\/posts\/79\/revisions"}],"wp:featuredmedia":[{"embeddable":true,"href":"https:\/\/blog.holyart.it\/fr\/wp-json\/wp\/v2\/media\/186"}],"wp:attachment":[{"href":"https:\/\/blog.holyart.it\/fr\/wp-json\/wp\/v2\/media?parent=79"}],"wp:term":[{"taxonomy":"category","embeddable":true,"href":"https:\/\/blog.holyart.it\/fr\/wp-json\/wp\/v2\/categories?post=79"},{"taxonomy":"post_tag","embeddable":true,"href":"https:\/\/blog.holyart.it\/fr\/wp-json\/wp\/v2\/tags?post=79"}],"curies":[{"name":"wp","href":"https:\/\/api.w.org\/{rel}","templated":true}]}}