{"id":7812,"date":"2024-02-12T10:00:15","date_gmt":"2024-02-12T09:00:15","guid":{"rendered":"https:\/\/blog.holyart.it\/fr\/?p=7812"},"modified":"2024-10-16T15:19:18","modified_gmt":"2024-10-16T13:19:18","slug":"saints-modernes-les-canonisations-de-pape-francois-des-dernieres-annees","status":"publish","type":"post","link":"https:\/\/blog.holyart.it\/fr\/articles-religieux\/saints-modernes-les-canonisations-de-pape-francois-des-dernieres-annees\/","title":{"rendered":"Saints modernes: les canonisations de Pape Fran\u00e7ois des derni\u00e8res ann\u00e9es"},"content":{"rendered":"<h4><em>Les saints bienheureux sont les protagonistes de l\u2019histoire de l\u2019\u00c9glise catholique. Mais aujourd\u2019hui hommes et femmes m\u00e9ritent d\u2019\u00eatre canonis\u00e9s. Voici les saints modernes proclam\u00e9s par Pape Fran\u00e7ois<\/em><\/h4>\n\n<p>La\u00a0<strong>canonisation<\/strong>\u00a0est une pratique que l\u2019\u00c9glise catholique poursuit depuis ses origines et qu\u2019elle partage avec les \u00c9glises du rite oriental et l\u2019\u00c9glise orthodoxe. Les <strong>anglicans<\/strong> ne la pratiquent pas, tandis que les <a href=\"https:\/\/www.holyart.fr\/blog\/articles-religieux\/les-principales-differences-entre-catholiques-et-protestants\/\"><strong>protestants<\/strong><\/a>, ne reconnaissant pas le culte des Saints, la refusent dans son int\u00e9gralit\u00e9. De quoi s\u2019agit-il\u00a0? C\u2019est <strong>la proclamation officielle de la saintet\u00e9 d\u2019un homme ou d\u2019une femme<\/strong>, \u00e0 qui n\u2019est pas uniquement reconnu le r\u00f4le de bienheureux\/euse, c\u2019est-\u00e0-dire une place sp\u00e9ciale au Paradis, mais on en <strong>encourage la v\u00e9n\u00e9ration<\/strong> de la part des fid\u00e8les. Pour l\u2019obtenir, il faut suivre une <strong>proc\u00e9dure sp\u00e9cifique<\/strong> qui peut durer de nombreuses ann\u00e9es. La <strong>premi\u00e8re canonisation<\/strong> document\u00e9e remonte au 993 apr. J.-C., quand pape Jean XV proclama la saintet\u00e9 de Saint Ulrich, \u00e9v\u00eaque d\u2019Augsbourg. Mais, depuis lors, des milliers d\u2019hommes et de femmes ont \u00e9t\u00e9 canonis\u00e9s, 1.726 saints uniquement \u00e0 partir de 1588. Il est difficile de r\u00e9diger un recensement pr\u00e9cis de tous les saints et bienheureux, consid\u00e9rant \u00e9galement les <a href=\"https:\/\/www.holyart.fr\/blog\/articles-religieux\/saints-martyrs-sacrifier-sa-vie-au-nom-de-dieu\/\"><strong>martyrs<\/strong><\/a> et ces saints dont le culte a \u00e9t\u00e9 aboli et r\u00e9tabli au cours des si\u00e8cles. Certains Papes en ont proclam\u00e9 des dizaines, d\u2019autres m\u00eame pas un, et le processus canonique m\u00eame a \u00e9volu\u00e9 et s\u2019est transform\u00e9 au cours des si\u00e8cles, jusqu\u2019\u00e0 arriver \u00e0 celui que nous connaissons aujourd\u2019hui.<\/p>\n<div class=\"link-article\">\n<p><img loading=\"lazy\" decoding=\"async\" class=\"size-full wp-image-7813 alignleft\" src=\"https:\/\/blog.holyart.it\/fr\/wp-content\/uploads\/sites\/14\/2024\/01\/Saints-Martyrs.jpg\" alt=\"Saints Martyrs\" width=\"150\" height=\"99\" data-kale-share-title=\"Saints modernes: les canonisations de Pape Fran\u00e7ois des derni\u00e8res ann\u00e9es\" data-kale-share-url=\"https:\/\/blog.holyart.it\/fr\/?p=7812\" \/><\/p>\n<div class=\"leggi-anche\">Lire aussi :<\/div>\n<p><strong><a href=\"https:\/\/www.holyart.fr\/blog\/articles-religieux\/saints-martyrs-sacrifier-sa-vie-au-nom-de-dieu\/\">Saints Martyrs: sacrifier sa vie au nom de Dieu<\/a><\/strong><br \/>\nLes Saints Martyrs sont des hommes et des femmes, souvent tr\u00e8s jeunes, qui ont sacrifi\u00e9 leur vie pour amour de Dieu et, pour cela, ont m\u00e9rit\u00e9 la b\u00e9atification. Apprenons \u00e0 mieux les conna\u00eetre.<\/p>\n<\/div>\n<p>Mais que faut-il pour \u00eatre proclam\u00e9 saints modernes\u00a0? Consid\u00e9rant qu\u2019il revient encore au Pape d\u2019\u00e9tablir en dernier recours qui doit \u00eatre proclam\u00e9 saint et qui non, toute la proc\u00e9dure passe par diff\u00e9rentes \u00e9tapes, sous le contr\u00f4le s\u00e9v\u00e8re de la <strong>Congr\u00e9gation pour les causes des saints<\/strong>, l\u2019organisme de l\u2019\u00c9glise qui s\u2019occupe des processus de b\u00e9atification.<\/p>\n<p>Jetons un \u0153il aux Saints contemporains, c\u2019est-\u00e0-dire ceux canonis\u00e9s de 2019 \u00e0 aujourd\u2019hui.<\/p>\n<h2>Canonisations de Pape Fran\u00e7ois<\/h2>\n<p>Par rapport \u00e0 ses pr\u00e9d\u00e9cesseurs, <a href=\"https:\/\/www.holyart.fr\/occasions-speciales\/pape-francois\"><strong>Pape Fran\u00e7ois<\/strong><\/a> a c\u00e9l\u00e9br\u00e9 un nombre de canonisations tr\u00e8s consistant, en canonisant 909 saints de 2013 \u00e0 2022. 7 ont \u00e9t\u00e9 reconnus par \u00e9quivalence. Nous nous attardons un instant sur la diff\u00e9rence entre <strong>canonisation et b\u00e9atification \u00e9quipollentes ou \u00e9quivalentes et b\u00e9atifications et canonisations formelles<\/strong>. En g\u00e9n\u00e9ral, on parle d\u2019<strong>\u00e9quivalence<\/strong> dans les cas de b\u00e9atification et canonisation quand, par un d\u00e9cret papal, le Saint Si\u00e8ge l\u00e9gitime et reconnait un culte spontan\u00e9 existant depuis longtemps, sans n\u00e9cessit\u00e9 d\u2019ult\u00e9rieurs enqu\u00eates sp\u00e9cifiques et sans attester la pr\u00e9sence d\u2019un ou plusieurs miracles. La <strong>canonisation et b\u00e9atification \u00e9quipollente<\/strong> concernent donc les \u00ab\u00a0<strong>anciens bienheureux<\/strong>\u00a0\u00bb, qui jouissent d\u2019un culte d\u00e9j\u00e0 consolid\u00e9 et pratiqu\u00e9 depuis des ann\u00e9es. La <strong>b\u00e9atification \u00e9quipollente<\/strong> intervient quand le Si\u00e8ge Apostolique reconnait officiellement et solennellement le culte et la saintet\u00e9 du bienheureux, peut-\u00eatre apr\u00e8s qu\u2019on en a prouv\u00e9 le martyr, et le proclame saint \u00e0 tous les effets.<\/p>\n<p>La <strong>canonisation \u00e9quipollente<\/strong>, par contre, a lieu avec la reconnaissance de trois pr\u00e9requis :<\/p>\n<ul>\n<li>antiquit\u00e9 du culte ;<\/li>\n<li>constante et commune attestation de marques de foi, vertu, ou preuve du martyr\u00a0;<\/li>\n<li>r\u00e9putation ininterrompue de prodiges attribu\u00e9s \u00e0 son intercession.<\/li>\n<\/ul>\n<p>Les <strong>b\u00e9atifications et canonisations formelles<\/strong>, par contre, pr\u00e9voient un long et r\u00e9gulier processus de canonisation, avec la reconnaissance d\u2019un <strong>miracle<\/strong> pour la b\u00e9atification, et d\u2019un deuxi\u00e8me miracle pour la canonisation.<\/p>\n<div class=\"link-product\">\n<div class=\"blocco-immagine\"><img loading=\"lazy\" decoding=\"async\" class=\"size-full wp-image-7814 alignleft\" src=\"https:\/\/blog.holyart.it\/fr\/wp-content\/uploads\/sites\/14\/2024\/01\/Pape-Francois.jpg\" alt=\"Pape Francois\" width=\"100\" height=\"100\" data-kale-share-title=\"Saints modernes: les canonisations de Pape Fran\u00e7ois des derni\u00e8res ann\u00e9es\" data-kale-share-url=\"https:\/\/blog.holyart.it\/fr\/?p=7812\" \/><\/div>\n<div class=\"blocco-contenuto\">\n<div class=\"blocco-acquista\">Acheter sur Holyart:<\/div>\n<div class=\"blocco-titolo\"><a href=\"https:\/\/www.holyart.fr\/occasions-speciales\/pape-francois?page=1&amp;_gl=1*oabi0n*_gcl_au*MjEzMjgwNzUyLjE3MDI1NjUxODE.*_ga*MTQ4NzE4MjM0Mi4xNjk0Nzg4MTQz*_ga_W18MV136NH*MTcwNTQyMDA2OS4yNjIuMS4xNzA1NDIwMDkwLjAuMC4w\">Pape Fran\u00e7ois<\/a><\/div>\n<div class=\"blocco-descrizione\">Cat\u00e9gorie d\u00e9di\u00e9e \u00e0 Pape Jorge Mario Bergoglio.<\/div>\n<\/div>\n<\/div>\n<p>Passons en revue les canonisations proclam\u00e9es par Pape Fran\u00e7ois au cours des quatre derni\u00e8res ann\u00e9es, en consid\u00e9rant que d\u00e9j\u00e0 dans les ann\u00e9es pr\u00e9c\u00e9dentes le pape a \u00e9t\u00e9 le promoteur de nombreuses canonisations illustres, parmi lesquelles celle de <a href=\"https:\/\/www.holyart.fr\/occasions-speciales\/jean-paul-ii\"><strong>Jean-Paul II<\/strong><\/a>, b\u00e9atifi\u00e9 en 2011 par son successeur pape Beno\u00eet XVI et proclam\u00e9 saint par pape Fran\u00e7ois en 2014.<\/p>\n<p>Saints canonis\u00e9s en 2019<\/p>\n<p>Parmi les canonisations proclam\u00e9es par Pape Fran\u00e7ois en 2019 \u00e0 Rome, Place Saint-Pierre, le 13 octobre, avec la solennelle messe de canonisation, il y a :<\/p>\n<ul>\n<li>le cardinal\u00a0<strong>John Henry Newman<\/strong>\u00a0(1801-1890), anglican converti au catholicisme qui fut le fondateur de la congr\u00e9gation de l\u2019Oratoire de Birmingham. La Cause de b\u00e9atification et canonisation du bienheureux John Henry Newman avait commenc\u00e9 en 1958 avec les anciennes normatives du\u00a0<em>Codex Iuris Canonici.\u00a0<\/em>Apr\u00e8s le premier processus qui \u00e9tablit la\u00a0<strong>fama sanctitatis vitae<\/strong>, la r\u00e9putation de saintet\u00e9 du Serviteur de Dieu pendant sa vie et la\u00a0<strong>virtutum atque miraculis<\/strong>, les vertus naturelles et les miracles, de 1984 \u00e0 1986 eut lieu le <strong>processus apostolique<\/strong>, destin\u00e9 \u00e0 d\u00e9montrer les <em>vertus h\u00e9ro\u00efques<\/em>. En 2010, Pape Beno\u00eet XVI a proclam\u00e9 Bienheureux le V\u00e9n\u00e9rable Newman le 19 septembre 2010. Pape Fran\u00e7ois a ensuite autoris\u00e9 la <em>Congr\u00e9gation des Causes des Saints<\/em> \u00e0 promulguer le d\u00e9cret <em>super miraculo<\/em>, reconnaissant la gu\u00e9rison miraculeuse d\u2019une m\u00e8re de famille de Chicago, qui en 2013 invoqua le Cardinal lorsqu\u2019elle risquait de mourir \u00e0 cause d\u2019une h\u00e9morragie abdominale qui s\u2019arr\u00eata net\u00a0;<\/li>\n<li><strong>M\u00e8re Josephine Vannini\u00a0<\/strong>(1859-1911), fondatrice de la Congr\u00e9gation des Filles de Saint Camille pour l\u2019assistance aux malades, reconnues comme bienheureuse par Pape Jean-Paul II en 1992 avec la reconnaissance d\u2019un miracle advenu \u00e0 Buenos Aires (Argentine) en 1958 ;<\/li>\n<li><strong>Marie Th\u00e9r\u00e8se Chiramel Mankidyan<\/strong>\u00a0(1876-1926), une religieuse d\u00e9di\u00e9e \u00e0 la charit\u00e9, qui suivit les pas de Christ parmi les plus pauvres et les plus marginalis\u00e9s et fonda la Congr\u00e9gation des S\u0153urs de la Sainte Famille de Thrissur. La v\u00e9n\u00e9ration naquit autour d\u2019elle lorsqu\u2019elle \u00e9tait encore en vie et fut proclam\u00e9e Sainte avec D\u00e9cret\u00a0<em>super Miraculo\u00a0<\/em>pour la reconnaissance de gu\u00e9risons miraculeuses qui lui \u00e9taient attribu\u00e9es ;<\/li>\n<li><strong>Dulce Lopes Pontes<\/strong>\u00a0(1914-1992), s\u0153ur professe de la Congr\u00e9gation des S\u0153urs de l\u2019Immacul\u00e9e Conception de la M\u00e8re de Dieu ;<\/li>\n<li><strong>Sainte Marguerite Bays<\/strong>\u00a0(1815-1879), vierge, la\u00efque, du Troisi\u00e8me Ordre S\u00e9culaire de Saint Fran\u00e7ois qui, en exer\u00e7ant en famille le m\u00e9tier de couturi\u00e8re, veilla avec tout son \u00eatre aux multiples besoins du prochain sans jamais n\u00e9gliger la pri\u00e8re.<\/li>\n<\/ul>\n<p>Avec canonisation \u00e9quipollente, fut proclam\u00e9 Saint <strong>Barth\u00e9lemy Fernandes des Martyrs<\/strong>\u00a0(1514-1590), archev\u00eaque de Braga, homme de grande int\u00e9grit\u00e9 de vie, qui se d\u00e9dia avec amour et charit\u00e9 \u00e0 son troupeau et laissa derri\u00e8re lui de tr\u00e8s nombreux et pr\u00e9cieux \u00e9crits.<\/p>\n<h2>Bienheureux canonis\u00e9s en 2020<\/h2>\n<p>Aucune canonisation en 2020, mais certaines <strong>b\u00e9atifications<\/strong> d\u2019hommes et de femmes destin\u00e9s \u00e0 devenir les nouveaux saints et bienheureux. Parmi eux, rappelons le tr\u00e8s jeune\u00a0<a href=\"https:\/\/www.holyart.fr\/blog\/articles-religieux\/carlo-acutis-le-bienheureux-de-lere-digitale\/\"><strong>Carlo Acutis<\/strong><\/a>, le bienheureux de l\u2019\u00e8re digitale, mort \u00e0 seulement 15 ans \u00e0 cause d\u2019une leuc\u00e9mie fulgurante, la\u00efc, mais tr\u00e8s attach\u00e9 \u00e0 la d\u00e9votion de la Vierge et de l\u2019Eucharistie. Son m\u00e9rite a \u00e9t\u00e9 de r\u00e9aliser des projets informatiques sur les th\u00e8mes de la foi, outre son activit\u00e9 de b\u00e9n\u00e9volat avec les sans-abris et dans les soupes populaires.<\/p>\n<div class=\"link-article\">\n<p><img loading=\"lazy\" decoding=\"async\" class=\"size-full wp-image-7815 alignleft\" src=\"https:\/\/blog.holyart.it\/fr\/wp-content\/uploads\/sites\/14\/2024\/01\/Carlo-Acutis-le-bienheureux-de-lere-digitale.jpg\" alt=\"Carlo Acutis le bienheureux de l\u2019\u00e8re digitale\" width=\"150\" height=\"99\" data-kale-share-title=\"Saints modernes: les canonisations de Pape Fran\u00e7ois des derni\u00e8res ann\u00e9es\" data-kale-share-url=\"https:\/\/blog.holyart.it\/fr\/?p=7812\" \/><\/p>\n<div class=\"leggi-anche\">Lire aussi :<\/div>\n<p><strong><a href=\"https:\/\/www.holyart.fr\/blog\/articles-religieux\/carlo-acutis-le-bienheureux-de-lere-digitale\/\">Carlo Acutis: le bienheureux de l\u2019\u00e8re digitale<\/a><\/strong><br \/>\nCarlo Acutis, le saint du mill\u00e9naire qui a d\u00e9di\u00e9 sa br\u00e8ve vie \u00e0 J\u00e9sus et \u00e0 l\u2019aide des plus pauvres&#8230;<\/p>\n<\/div>\n<p>Rappelons ensuite:<\/p>\n<ul>\n<li><strong>Bienheureux Giovanni Tavelli de Tossignano\u00a0<\/strong>(1386-1446), de l\u2019Ordre des J\u00e9suites, \u00c9v\u00eaque de Ferrare ;<\/li>\n<li><strong>Marie Louise du Tr\u00e8s-Saint Sacrement<\/strong>\u00a0(1826-1886), fondatrice de l\u2019institut des S\u0153urs Franciscaines Adoratrices de la Sainte Croix, pour l\u2019\u00e9ducation et l\u2019instruction chr\u00e9tienne de la jeunesse, l\u2019assistance aux malades, aux personnes \u00e2g\u00e9es et aux infirmes ;<\/li>\n<li><strong>Olinto Marella<\/strong>\u00a0(1882-1969), qui fut pr\u00eatre dioc\u00e9sain, fondateur des \u00ab\u00a0Petites ouvri\u00e8res\u00a0\u00bb o\u00f9 on s\u2019occupait d\u2019extra-scolaire et d\u2019orientation professionnelle ; P\u00e8re Marella, comme il \u00e9tait g\u00e9n\u00e9ralement appel\u00e9, sut toujours s\u2019apercevoir, avec un intense regard de foi, des exigences de son temps, dans lequel se faisaient remarquer les changements rapides de la modernit\u00e9\u00a0;<\/li>\n<li><strong>Michael McGivney<\/strong>\u00a0(1852-1890), pr\u00eatre dioc\u00e9sain, fondateur de l\u2019Ordre des Chevaliers de Colombe, The Knights of Columbus, organisation pr\u00e9sente dans le monde entier avec plus d\u2019un million et demi de membres, engag\u00e9s dans l\u2019\u00e9vang\u00e9lisation, dans la charit\u00e9, dans la promotion de l\u2019int\u00e9gration raciale et dans la d\u00e9fense de la libert\u00e9 religieuse ;<\/li>\n<li><strong>Joan Roig i Diggle<\/strong>\u00a0(1917-1936), la\u00efc, martyr, tu\u00e9 \u00e0 cause de sa foi \u00e0 dix-neuf ans \u00e0 peine pendant la Guerre Civile Espagnole.<\/li>\n<\/ul>\n<h2>Saints canonis\u00e9s en 2021<\/h2>\n<p>En 2021 Pape Fran\u00e7ois proclama Sainte avec Canonisation \u00c9quipollente \u00a0<strong>Margherita da Citt\u00e0 di Castello<\/strong> (1287 \u2013 1320), mystique m\u00e9di\u00e9vale adonn\u00e9e \u00e0 la pri\u00e8re assidue et \u00e0 des p\u00e9nitences tr\u00e8s dures: je\u00fbne, veill\u00e9es, cilice, flagellation.<\/p>\n<h2>Saints canonis\u00e9s en 2022<\/h2>\n<p>Le 15 mai 2022 sur Place Saint-Pierre Pape Fran\u00e7ois proclama saints :<\/p>\n<ul>\n<li><strong>Devasahayam Pillai<\/strong> (1712-1752), la\u00efc indien, p\u00e8re de famille et martyr b\u00e9atifi\u00e9 par Pape Beno\u00eet XVI. Tu\u00e9 pendant les pers\u00e9cutions contre les chr\u00e9tiens dans le royaume de Travancore pour avoir abjur\u00e9 l\u2019indouisme. Il fut le premier la\u00efc indien \u00e0 devenir saint;<\/li>\n<li><strong>C\u00e9sar de Bus<\/strong> (1544-1607), pr\u00eatre qui, en se convertissant \u00e0 la vie mondaine, se d\u00e9dia \u00e0 la pr\u00e9dication et \u00e0 la cat\u00e9ch\u00e8se et fonda la Congr\u00e9gation des P\u00e8res de la Doctrine Chr\u00e9tienne, \u00e0 laquelle il donna la finalit\u00e9 de rendre gloire \u00e0 Dieu \u00e0 travers la formation des fid\u00e8les;<\/li>\n<li><strong>Louis Marie Palazzolo\u00a0<\/strong>(1827 \u2013 1886), pr\u00eatre de Bergame qui fonda la Congr\u00e9gation des S\u0153urs des pauvres et des Fr\u00e8res de la Sainte Famille;<\/li>\n<li><strong>Justin Marie Russolillo<\/strong> (1891-1955), pr\u00eatre italien, cur\u00e9 du quartier Pianura, \u00e0 Naples. Il a fond\u00e9 la Soci\u00e9t\u00e9 des Divines Vocations pour la culture, recherche et formation des vocations \u00e0 la pr\u00eatrise et \u00e0 la vie consacr\u00e9e, si bien qu\u2019il fut consid\u00e9r\u00e9 comme l\u2019Ap\u00f4tre des Vocations.\u00a0 Il d\u00e9dia toute sa vie \u00e0 susciter chez les jeunes l\u2019appel de Dieu. Quelques gu\u00e9risons miraculeuses, valables aux fins de la b\u00e9atification, lui ont \u00e9t\u00e9 attribu\u00e9es;<\/li>\n<li><strong>Marie Fran\u00e7oise de J\u00e9sus\u00a0<\/strong>(Anne Marie Rubatto) (1844-1904), fondatrice des Capucines de la M\u00e8re Rubatto de Loano. Elle v\u00e9cut entre l\u2019Italie et l\u2019Am\u00e9rique Latine en tant que missionnaire chez les Indiens. Elle est la premi\u00e8re sainte de l\u2019Uruguay. La gu\u00e9rison miraculeuse d\u2019un enfant en 1939 lui a \u00e9t\u00e9 attribu\u00e9e ;<\/li>\n<li><strong>Marie Dominique Mantovani<\/strong> (1862-1934). Elle a fond\u00e9 l\u2019Institut des Petites S\u0153urs de la Sainte-Famille et en a \u00e9t\u00e9 la premi\u00e8re sup\u00e9rieure g\u00e9n\u00e9rale. Elle a d\u00e9di\u00e9 sa vie aux pauvres, aux orphelins et aux malades;<\/li>\n<li><strong>Titus Brandsma\u00a0<\/strong>(1881-1942), d\u2019origine hollandaise, fut presbyt\u00e8re de l\u2019Ordre des Fr\u00e8res de la Bienheureuse Marie Vierge du Mont-Carmel. Il mourut comme martyr dans le camp de concentration de Dachau, apr\u00e8s avoir d\u00e9di\u00e9 sa vie \u00e0 d\u00e9fendre l\u2019\u00e9glise et la piti\u00e9 humaine contre les horreurs du nazisme;<\/li>\n<li><strong>Marie Rivier<\/strong> (1768 \u2013 1838), religieuse qui v\u00e9cu pendant la R\u00e9volution fran\u00e7aise, fonda la Congr\u00e9gation des S\u0153urs de la Pr\u00e9sentation de Marie afin d\u2019instruire le peuple chr\u00e9tien dans la foi. Des gu\u00e9risons miraculeuses lui sont attribu\u00e9es;<\/li>\n<li><strong>M\u00e8re Marie de J\u00e9sus Santocanale<\/strong>\u00a0(1852-1923), fondatrice de la Congr\u00e9gation des S\u0153urs Capucines de l\u2019Immacul\u00e9e de Lourdes, qui abandonna les aises et les commodit\u00e9s de sa vie pour se d\u00e9dier aux pauvres et aux plus d\u00e9munis.<\/li>\n<\/ul>\n<p>Le\u00a0<strong>9 octobre 2022<\/strong>\u00a0Pape Fran\u00e7ois pr\u00e9sida, sur le Parvis de la <strong>Basilique Saint-Pierre<\/strong>, la c\u00e9l\u00e9bration eucharistique et le rite de canonisation des bienheureux\u00a0<strong>Artemide Zatti\u00a0<\/strong>et\u00a0<strong>Giovanni Battista Scalabrini<\/strong>. Le premier (1880 \u2013 1951) appartenait \u00e0 la Soci\u00e9t\u00e9 de Saint Fran\u00e7ois de Sales et avait d\u00e9di\u00e9 sa vie aux pauvres, vivant en Patagonie et en sacrifiant sa vie pour prendre soin des n\u00e9cessiteux \u00e0 l\u2019h\u00f4pital de Viedma.<\/p>\n<div class=\"link-article\">\n<p><img loading=\"lazy\" decoding=\"async\" class=\"size-full wp-image-7817 alignleft\" src=\"https:\/\/blog.holyart.it\/fr\/wp-content\/uploads\/sites\/14\/2024\/01\/La-Chaire-de-Saint-Pierre-la-signification-de-loeuvre-et-les-origines-de-sa-fete.jpeg\" alt=\"La Chaire de Saint Pierre: la signification de l\u2019\u0153uvre et les origines de sa fete\" width=\"150\" height=\"100\" data-kale-share-title=\"Saints modernes: les canonisations de Pape Fran\u00e7ois des derni\u00e8res ann\u00e9es\" data-kale-share-url=\"https:\/\/blog.holyart.it\/fr\/?p=7812\" \/><\/p>\n<div class=\"leggi-anche\">Lire aussi :<\/div>\n<p><strong><a href=\"https:\/\/www.holyart.fr\/blog\/articles-religieux\/la-chaire-de-saint-pierre-la-signification-de-loeuvre-et-les-origines-de-sa-fete\/\">La Chaire de Saint Pierre: la signification de l\u2019\u0153uvre et les origines de sa f\u00eate<\/a><\/strong><br \/>\nQu\u2019entendons-nous pour Chaire de Saint Pierre? De quoi s\u2019agit-il et o\u00f9 se trouve cette \u0153uvre pr\u00e9cieuse? Que f\u00eate-on le 22 f\u00e9vrier?<\/p>\n<\/div>\n<p>Giovanni Battista Scalabrini (1839 \u2013 1905) a \u00e9t\u00e9 \u00c9v\u00eaque de Plaisance, Fondateur de la Congr\u00e9gation des Missionnaires de Saint Charles et de la Congr\u00e9gation des S\u0153urs de la Mission de Saint Charles Borrom\u00e9e. Grande fut sa contribution en aide aux agriculteurs, aux ouvriers et aux \u00e9migrants en Am\u00e9rique.<\/p>\n","protected":false},"excerpt":{"rendered":"<p>Les saints bienheureux sont les protagonistes de l\u2019histoire de l\u2019\u00c9glise catholique. Mais aujourd\u2019hui hommes et femmes m\u00e9ritent d\u2019\u00eatre canonis\u00e9s. Voici les saints modernes proclam\u00e9s par Pape Fran\u00e7ois La\u00a0canonisation\u00a0est une pratique que l\u2019\u00c9glise catholique poursuit depuis ses origines et qu\u2019elle partage avec les \u00c9glises du rite&hellip;<\/p>\n","protected":false},"author":1,"featured_media":7819,"comment_status":"closed","ping_status":"open","sticky":false,"template":"","format":"standard","meta":{"_acf_changed":false,"footnotes":""},"categories":[8],"tags":[],"class_list":["post-7812","post","type-post","status-publish","format-standard","has-post-thumbnail","hentry","category-articles-religieux"],"acf":[],"yoast_head":"<!-- This site is optimized with the Yoast SEO plugin v26.6 - https:\/\/yoast.com\/wordpress\/plugins\/seo\/ -->\n<title>Saints modernes: les canonisations de Pape Fran\u00e7ois des derni\u00e8res ann\u00e9es - Holyart.fr Blog<\/title>\n<meta name=\"description\" content=\"Les Saints modernes nous rappellent que la saintet\u00e9 n\u2019est pas une pr\u00e9rogative d\u2019hommes v\u00e9cus il y a des centaines d\u2019ann\u00e9es. Exemples \u00e0...\" \/>\n<meta name=\"robots\" content=\"index, follow, max-snippet:-1, max-image-preview:large, max-video-preview:-1\" \/>\n<link rel=\"canonical\" href=\"https:\/\/blog.holyart.it\/fr\/articles-religieux\/saints-modernes-les-canonisations-de-pape-francois-des-dernieres-annees\/\" \/>\n<meta property=\"og:locale\" content=\"fr_FR\" \/>\n<meta property=\"og:type\" content=\"article\" \/>\n<meta property=\"og:title\" content=\"Saints modernes: les canonisations de Pape Fran\u00e7ois des derni\u00e8res ann\u00e9es - Holyart.fr Blog\" \/>\n<meta property=\"og:description\" content=\"Les Saints modernes nous rappellent que la saintet\u00e9 n\u2019est pas une pr\u00e9rogative d\u2019hommes v\u00e9cus il y a des centaines d\u2019ann\u00e9es. Exemples \u00e0...\" \/>\n<meta property=\"og:url\" content=\"https:\/\/blog.holyart.it\/fr\/articles-religieux\/saints-modernes-les-canonisations-de-pape-francois-des-dernieres-annees\/\" \/>\n<meta property=\"og:site_name\" content=\"Holyart.fr Blog\" \/>\n<meta property=\"article:published_time\" content=\"2024-02-12T09:00:15+00:00\" \/>\n<meta property=\"article:modified_time\" content=\"2024-10-16T13:19:18+00:00\" \/>\n<meta property=\"og:image\" content=\"https:\/\/blog.holyart.it\/fr\/wp-content\/uploads\/sites\/14\/2024\/01\/Saints-modernes.jpg\" \/>\n\t<meta property=\"og:image:width\" content=\"1000\" \/>\n\t<meta property=\"og:image:height\" content=\"666\" \/>\n\t<meta property=\"og:image:type\" content=\"image\/jpeg\" \/>\n<meta name=\"author\" content=\"Redazione\" \/>\n<meta name=\"twitter:card\" content=\"summary_large_image\" \/>\n<meta name=\"twitter:label1\" content=\"\u00c9crit par\" \/>\n\t<meta name=\"twitter:data1\" content=\"Redazione\" \/>\n\t<meta name=\"twitter:label2\" content=\"Dur\u00e9e de lecture estim\u00e9e\" \/>\n\t<meta name=\"twitter:data2\" content=\"11 minutes\" \/>\n<script type=\"application\/ld+json\" class=\"yoast-schema-graph\">{\"@context\":\"https:\/\/schema.org\",\"@graph\":[{\"@type\":\"Article\",\"@id\":\"https:\/\/blog.holyart.it\/fr\/articles-religieux\/saints-modernes-les-canonisations-de-pape-francois-des-dernieres-annees\/#article\",\"isPartOf\":{\"@id\":\"https:\/\/blog.holyart.it\/fr\/articles-religieux\/saints-modernes-les-canonisations-de-pape-francois-des-dernieres-annees\/\"},\"author\":{\"name\":\"Redazione\",\"@id\":\"https:\/\/blog.holyart.it\/fr\/#\/schema\/person\/0a7b686e5af0f856ec1e390dd0baecda\"},\"headline\":\"Saints modernes: les canonisations de Pape Fran\u00e7ois des derni\u00e8res ann\u00e9es\",\"datePublished\":\"2024-02-12T09:00:15+00:00\",\"dateModified\":\"2024-10-16T13:19:18+00:00\",\"mainEntityOfPage\":{\"@id\":\"https:\/\/blog.holyart.it\/fr\/articles-religieux\/saints-modernes-les-canonisations-de-pape-francois-des-dernieres-annees\/\"},\"wordCount\":2179,\"publisher\":{\"@id\":\"https:\/\/blog.holyart.it\/fr\/#organization\"},\"image\":{\"@id\":\"https:\/\/blog.holyart.it\/fr\/articles-religieux\/saints-modernes-les-canonisations-de-pape-francois-des-dernieres-annees\/#primaryimage\"},\"thumbnailUrl\":\"https:\/\/blog.holyart.it\/fr\/wp-content\/uploads\/sites\/14\/2024\/01\/Saints-modernes.jpg\",\"articleSection\":[\"Religion\"],\"inLanguage\":\"fr-FR\"},{\"@type\":\"WebPage\",\"@id\":\"https:\/\/blog.holyart.it\/fr\/articles-religieux\/saints-modernes-les-canonisations-de-pape-francois-des-dernieres-annees\/\",\"url\":\"https:\/\/blog.holyart.it\/fr\/articles-religieux\/saints-modernes-les-canonisations-de-pape-francois-des-dernieres-annees\/\",\"name\":\"Saints modernes: les canonisations de Pape Fran\u00e7ois des derni\u00e8res ann\u00e9es - Holyart.fr Blog\",\"isPartOf\":{\"@id\":\"https:\/\/blog.holyart.it\/fr\/#website\"},\"primaryImageOfPage\":{\"@id\":\"https:\/\/blog.holyart.it\/fr\/articles-religieux\/saints-modernes-les-canonisations-de-pape-francois-des-dernieres-annees\/#primaryimage\"},\"image\":{\"@id\":\"https:\/\/blog.holyart.it\/fr\/articles-religieux\/saints-modernes-les-canonisations-de-pape-francois-des-dernieres-annees\/#primaryimage\"},\"thumbnailUrl\":\"https:\/\/blog.holyart.it\/fr\/wp-content\/uploads\/sites\/14\/2024\/01\/Saints-modernes.jpg\",\"datePublished\":\"2024-02-12T09:00:15+00:00\",\"dateModified\":\"2024-10-16T13:19:18+00:00\",\"description\":\"Les Saints modernes nous rappellent que la saintet\u00e9 n\u2019est pas une pr\u00e9rogative d\u2019hommes v\u00e9cus il y a des centaines d\u2019ann\u00e9es. Exemples \u00e0...\",\"breadcrumb\":{\"@id\":\"https:\/\/blog.holyart.it\/fr\/articles-religieux\/saints-modernes-les-canonisations-de-pape-francois-des-dernieres-annees\/#breadcrumb\"},\"inLanguage\":\"fr-FR\",\"potentialAction\":[{\"@type\":\"ReadAction\",\"target\":[\"https:\/\/blog.holyart.it\/fr\/articles-religieux\/saints-modernes-les-canonisations-de-pape-francois-des-dernieres-annees\/\"]}]},{\"@type\":\"ImageObject\",\"inLanguage\":\"fr-FR\",\"@id\":\"https:\/\/blog.holyart.it\/fr\/articles-religieux\/saints-modernes-les-canonisations-de-pape-francois-des-dernieres-annees\/#primaryimage\",\"url\":\"https:\/\/blog.holyart.it\/fr\/wp-content\/uploads\/sites\/14\/2024\/01\/Saints-modernes.jpg\",\"contentUrl\":\"https:\/\/blog.holyart.it\/fr\/wp-content\/uploads\/sites\/14\/2024\/01\/Saints-modernes.jpg\",\"width\":1000,\"height\":666,\"caption\":\"Saints modernes\"},{\"@type\":\"BreadcrumbList\",\"@id\":\"https:\/\/blog.holyart.it\/fr\/articles-religieux\/saints-modernes-les-canonisations-de-pape-francois-des-dernieres-annees\/#breadcrumb\",\"itemListElement\":[{\"@type\":\"ListItem\",\"position\":1,\"name\":\"Homepage\",\"item\":\"https:\/\/blog.holyart.it\/fr\/\"},{\"@type\":\"ListItem\",\"position\":2,\"name\":\"Religion\",\"item\":\"https:\/\/blog.holyart.it\/fr\/articles-religieux\/\"},{\"@type\":\"ListItem\",\"position\":3,\"name\":\"Saints modernes: les canonisations de Pape Fran\u00e7ois des derni\u00e8res ann\u00e9es\"}]},{\"@type\":\"WebSite\",\"@id\":\"https:\/\/blog.holyart.it\/fr\/#website\",\"url\":\"https:\/\/blog.holyart.it\/fr\/\",\"name\":\"Holyart.fr Blog\",\"description\":\"Holyblog\",\"publisher\":{\"@id\":\"https:\/\/blog.holyart.it\/fr\/#organization\"},\"potentialAction\":[{\"@type\":\"SearchAction\",\"target\":{\"@type\":\"EntryPoint\",\"urlTemplate\":\"https:\/\/blog.holyart.it\/fr\/?s={search_term_string}\"},\"query-input\":{\"@type\":\"PropertyValueSpecification\",\"valueRequired\":true,\"valueName\":\"search_term_string\"}}],\"inLanguage\":\"fr-FR\"},{\"@type\":\"Organization\",\"@id\":\"https:\/\/blog.holyart.it\/fr\/#organization\",\"name\":\"Holyart.fr Blog\",\"url\":\"https:\/\/blog.holyart.it\/fr\/\",\"logo\":{\"@type\":\"ImageObject\",\"inLanguage\":\"fr-FR\",\"@id\":\"https:\/\/blog.holyart.it\/fr\/#\/schema\/logo\/image\/\",\"url\":\"https:\/\/blog.holyart.it\/fr\/wp-content\/uploads\/sites\/14\/2022\/12\/Holyart_Blog_Logo.jpg\",\"contentUrl\":\"https:\/\/blog.holyart.it\/fr\/wp-content\/uploads\/sites\/14\/2022\/12\/Holyart_Blog_Logo.jpg\",\"width\":300,\"height\":50,\"caption\":\"Holyart.fr Blog\"},\"image\":{\"@id\":\"https:\/\/blog.holyart.it\/fr\/#\/schema\/logo\/image\/\"}},{\"@type\":\"Person\",\"@id\":\"https:\/\/blog.holyart.it\/fr\/#\/schema\/person\/0a7b686e5af0f856ec1e390dd0baecda\",\"name\":\"Redazione\",\"image\":{\"@type\":\"ImageObject\",\"inLanguage\":\"fr-FR\",\"@id\":\"https:\/\/blog.holyart.it\/fr\/#\/schema\/person\/image\/\",\"url\":\"https:\/\/secure.gravatar.com\/avatar\/f477da817f43e50d0af36abecd33e3edf826c68299714bdc1057dff3b113f516?s=96&d=mm&r=g\",\"contentUrl\":\"https:\/\/secure.gravatar.com\/avatar\/f477da817f43e50d0af36abecd33e3edf826c68299714bdc1057dff3b113f516?s=96&d=mm&r=g\",\"caption\":\"Redazione\"},\"url\":\"https:\/\/blog.holyart.it\/fr\/author\/admin\/\"}]}<\/script>\n<!-- \/ Yoast SEO plugin. -->","yoast_head_json":{"title":"Saints modernes: les canonisations de Pape Fran\u00e7ois des derni\u00e8res ann\u00e9es - Holyart.fr Blog","description":"Les Saints modernes nous rappellent que la saintet\u00e9 n\u2019est pas une pr\u00e9rogative d\u2019hommes v\u00e9cus il y a des centaines d\u2019ann\u00e9es. Exemples \u00e0...","robots":{"index":"index","follow":"follow","max-snippet":"max-snippet:-1","max-image-preview":"max-image-preview:large","max-video-preview":"max-video-preview:-1"},"canonical":"https:\/\/blog.holyart.it\/fr\/articles-religieux\/saints-modernes-les-canonisations-de-pape-francois-des-dernieres-annees\/","og_locale":"fr_FR","og_type":"article","og_title":"Saints modernes: les canonisations de Pape Fran\u00e7ois des derni\u00e8res ann\u00e9es - Holyart.fr Blog","og_description":"Les Saints modernes nous rappellent que la saintet\u00e9 n\u2019est pas une pr\u00e9rogative d\u2019hommes v\u00e9cus il y a des centaines d\u2019ann\u00e9es. Exemples \u00e0...","og_url":"https:\/\/blog.holyart.it\/fr\/articles-religieux\/saints-modernes-les-canonisations-de-pape-francois-des-dernieres-annees\/","og_site_name":"Holyart.fr Blog","article_published_time":"2024-02-12T09:00:15+00:00","article_modified_time":"2024-10-16T13:19:18+00:00","og_image":[{"width":1000,"height":666,"url":"https:\/\/blog.holyart.it\/fr\/wp-content\/uploads\/sites\/14\/2024\/01\/Saints-modernes.jpg","type":"image\/jpeg"}],"author":"Redazione","twitter_card":"summary_large_image","twitter_misc":{"\u00c9crit par":"Redazione","Dur\u00e9e de lecture estim\u00e9e":"11 minutes"},"schema":{"@context":"https:\/\/schema.org","@graph":[{"@type":"Article","@id":"https:\/\/blog.holyart.it\/fr\/articles-religieux\/saints-modernes-les-canonisations-de-pape-francois-des-dernieres-annees\/#article","isPartOf":{"@id":"https:\/\/blog.holyart.it\/fr\/articles-religieux\/saints-modernes-les-canonisations-de-pape-francois-des-dernieres-annees\/"},"author":{"name":"Redazione","@id":"https:\/\/blog.holyart.it\/fr\/#\/schema\/person\/0a7b686e5af0f856ec1e390dd0baecda"},"headline":"Saints modernes: les canonisations de Pape Fran\u00e7ois des derni\u00e8res ann\u00e9es","datePublished":"2024-02-12T09:00:15+00:00","dateModified":"2024-10-16T13:19:18+00:00","mainEntityOfPage":{"@id":"https:\/\/blog.holyart.it\/fr\/articles-religieux\/saints-modernes-les-canonisations-de-pape-francois-des-dernieres-annees\/"},"wordCount":2179,"publisher":{"@id":"https:\/\/blog.holyart.it\/fr\/#organization"},"image":{"@id":"https:\/\/blog.holyart.it\/fr\/articles-religieux\/saints-modernes-les-canonisations-de-pape-francois-des-dernieres-annees\/#primaryimage"},"thumbnailUrl":"https:\/\/blog.holyart.it\/fr\/wp-content\/uploads\/sites\/14\/2024\/01\/Saints-modernes.jpg","articleSection":["Religion"],"inLanguage":"fr-FR"},{"@type":"WebPage","@id":"https:\/\/blog.holyart.it\/fr\/articles-religieux\/saints-modernes-les-canonisations-de-pape-francois-des-dernieres-annees\/","url":"https:\/\/blog.holyart.it\/fr\/articles-religieux\/saints-modernes-les-canonisations-de-pape-francois-des-dernieres-annees\/","name":"Saints modernes: les canonisations de Pape Fran\u00e7ois des derni\u00e8res ann\u00e9es - Holyart.fr Blog","isPartOf":{"@id":"https:\/\/blog.holyart.it\/fr\/#website"},"primaryImageOfPage":{"@id":"https:\/\/blog.holyart.it\/fr\/articles-religieux\/saints-modernes-les-canonisations-de-pape-francois-des-dernieres-annees\/#primaryimage"},"image":{"@id":"https:\/\/blog.holyart.it\/fr\/articles-religieux\/saints-modernes-les-canonisations-de-pape-francois-des-dernieres-annees\/#primaryimage"},"thumbnailUrl":"https:\/\/blog.holyart.it\/fr\/wp-content\/uploads\/sites\/14\/2024\/01\/Saints-modernes.jpg","datePublished":"2024-02-12T09:00:15+00:00","dateModified":"2024-10-16T13:19:18+00:00","description":"Les Saints modernes nous rappellent que la saintet\u00e9 n\u2019est pas une pr\u00e9rogative d\u2019hommes v\u00e9cus il y a des centaines d\u2019ann\u00e9es. Exemples \u00e0...","breadcrumb":{"@id":"https:\/\/blog.holyart.it\/fr\/articles-religieux\/saints-modernes-les-canonisations-de-pape-francois-des-dernieres-annees\/#breadcrumb"},"inLanguage":"fr-FR","potentialAction":[{"@type":"ReadAction","target":["https:\/\/blog.holyart.it\/fr\/articles-religieux\/saints-modernes-les-canonisations-de-pape-francois-des-dernieres-annees\/"]}]},{"@type":"ImageObject","inLanguage":"fr-FR","@id":"https:\/\/blog.holyart.it\/fr\/articles-religieux\/saints-modernes-les-canonisations-de-pape-francois-des-dernieres-annees\/#primaryimage","url":"https:\/\/blog.holyart.it\/fr\/wp-content\/uploads\/sites\/14\/2024\/01\/Saints-modernes.jpg","contentUrl":"https:\/\/blog.holyart.it\/fr\/wp-content\/uploads\/sites\/14\/2024\/01\/Saints-modernes.jpg","width":1000,"height":666,"caption":"Saints modernes"},{"@type":"BreadcrumbList","@id":"https:\/\/blog.holyart.it\/fr\/articles-religieux\/saints-modernes-les-canonisations-de-pape-francois-des-dernieres-annees\/#breadcrumb","itemListElement":[{"@type":"ListItem","position":1,"name":"Homepage","item":"https:\/\/blog.holyart.it\/fr\/"},{"@type":"ListItem","position":2,"name":"Religion","item":"https:\/\/blog.holyart.it\/fr\/articles-religieux\/"},{"@type":"ListItem","position":3,"name":"Saints modernes: les canonisations de Pape Fran\u00e7ois des derni\u00e8res ann\u00e9es"}]},{"@type":"WebSite","@id":"https:\/\/blog.holyart.it\/fr\/#website","url":"https:\/\/blog.holyart.it\/fr\/","name":"Holyart.fr Blog","description":"Holyblog","publisher":{"@id":"https:\/\/blog.holyart.it\/fr\/#organization"},"potentialAction":[{"@type":"SearchAction","target":{"@type":"EntryPoint","urlTemplate":"https:\/\/blog.holyart.it\/fr\/?s={search_term_string}"},"query-input":{"@type":"PropertyValueSpecification","valueRequired":true,"valueName":"search_term_string"}}],"inLanguage":"fr-FR"},{"@type":"Organization","@id":"https:\/\/blog.holyart.it\/fr\/#organization","name":"Holyart.fr Blog","url":"https:\/\/blog.holyart.it\/fr\/","logo":{"@type":"ImageObject","inLanguage":"fr-FR","@id":"https:\/\/blog.holyart.it\/fr\/#\/schema\/logo\/image\/","url":"https:\/\/blog.holyart.it\/fr\/wp-content\/uploads\/sites\/14\/2022\/12\/Holyart_Blog_Logo.jpg","contentUrl":"https:\/\/blog.holyart.it\/fr\/wp-content\/uploads\/sites\/14\/2022\/12\/Holyart_Blog_Logo.jpg","width":300,"height":50,"caption":"Holyart.fr Blog"},"image":{"@id":"https:\/\/blog.holyart.it\/fr\/#\/schema\/logo\/image\/"}},{"@type":"Person","@id":"https:\/\/blog.holyart.it\/fr\/#\/schema\/person\/0a7b686e5af0f856ec1e390dd0baecda","name":"Redazione","image":{"@type":"ImageObject","inLanguage":"fr-FR","@id":"https:\/\/blog.holyart.it\/fr\/#\/schema\/person\/image\/","url":"https:\/\/secure.gravatar.com\/avatar\/f477da817f43e50d0af36abecd33e3edf826c68299714bdc1057dff3b113f516?s=96&d=mm&r=g","contentUrl":"https:\/\/secure.gravatar.com\/avatar\/f477da817f43e50d0af36abecd33e3edf826c68299714bdc1057dff3b113f516?s=96&d=mm&r=g","caption":"Redazione"},"url":"https:\/\/blog.holyart.it\/fr\/author\/admin\/"}]}},"_links":{"self":[{"href":"https:\/\/blog.holyart.it\/fr\/wp-json\/wp\/v2\/posts\/7812","targetHints":{"allow":["GET"]}}],"collection":[{"href":"https:\/\/blog.holyart.it\/fr\/wp-json\/wp\/v2\/posts"}],"about":[{"href":"https:\/\/blog.holyart.it\/fr\/wp-json\/wp\/v2\/types\/post"}],"author":[{"embeddable":true,"href":"https:\/\/blog.holyart.it\/fr\/wp-json\/wp\/v2\/users\/1"}],"replies":[{"embeddable":true,"href":"https:\/\/blog.holyart.it\/fr\/wp-json\/wp\/v2\/comments?post=7812"}],"version-history":[{"count":2,"href":"https:\/\/blog.holyart.it\/fr\/wp-json\/wp\/v2\/posts\/7812\/revisions"}],"predecessor-version":[{"id":7818,"href":"https:\/\/blog.holyart.it\/fr\/wp-json\/wp\/v2\/posts\/7812\/revisions\/7818"}],"wp:featuredmedia":[{"embeddable":true,"href":"https:\/\/blog.holyart.it\/fr\/wp-json\/wp\/v2\/media\/7819"}],"wp:attachment":[{"href":"https:\/\/blog.holyart.it\/fr\/wp-json\/wp\/v2\/media?parent=7812"}],"wp:term":[{"taxonomy":"category","embeddable":true,"href":"https:\/\/blog.holyart.it\/fr\/wp-json\/wp\/v2\/categories?post=7812"},{"taxonomy":"post_tag","embeddable":true,"href":"https:\/\/blog.holyart.it\/fr\/wp-json\/wp\/v2\/tags?post=7812"}],"curies":[{"name":"wp","href":"https:\/\/api.w.org\/{rel}","templated":true}]}}