{"id":7801,"date":"2024-02-07T10:00:26","date_gmt":"2024-02-07T09:00:26","guid":{"rendered":"https:\/\/blog.holyart.it\/fr\/?p=7801"},"modified":"2025-02-12T14:48:20","modified_gmt":"2025-02-12T13:48:20","slug":"jeune-de-careme-ce-quon-entend-et-comment-le-mettre-en-pratique","status":"publish","type":"post","link":"https:\/\/blog.holyart.it\/fr\/paques\/jeune-de-careme-ce-quon-entend-et-comment-le-mettre-en-pratique\/","title":{"rendered":"Je\u00fbne de Car\u00eame: ce qu\u2019on entend et comment le mettre en pratique"},"content":{"rendered":"<h4><em>Le je\u00fbne de Car\u00eame est une pratique de pr\u00e9paration \u00e0 P\u00e2ques qui doit s\u2019accompagner \u00e0 la pri\u00e8re et \u00e0 l\u2019aum\u00f4ne, comme l\u2019a \u00e9crit pape Fran\u00e7ois dans le Message pour le Car\u00eame de 2019<\/em><\/h4>\n\n<p>Qu\u2019entendons-nous par Car\u00eame ? C\u2019est la p\u00e9riode de <strong>purification, abstinence et je\u00fbne<\/strong> que chaque chr\u00e9tien doit respecter dans les quarante jours qui pr\u00e9c\u00e8dent <a href=\"https:\/\/www.holyart.fr\/blog\/articles-religieux\/paques-10-curiosites-sur-les-symboles-de-la-passion-de-christ\/\"><strong>P\u00e2ques<\/strong><\/a>. Il co\u00efncide symboliquement avec les 40 jours que J\u00e9sus, apr\u00e8s avoir \u00e9t\u00e9 baptis\u00e9 par Jean le Baptiste, passa dans le d\u00e9sert afin de se pr\u00e9parer avec pri\u00e8re, purification et je\u00fbne, justement, \u00e0 son minist\u00e8re public. Il co\u00efncide \u00e9galement avec la fin du <strong>Carnaval<\/strong>, du latin <em>carnem levare<\/em>, \u00ab\u00a0se priver de la viande\u00a0\u00bb. Le <strong><u>Car\u00eame<\/u><\/strong> repr\u00e9sente pour chaque chr\u00e9tien un moment tr\u00e8s particulier et important. L\u2019\u00e2me se pr\u00e9pare \u00e0 accueillir le myst\u00e8re pascal, et pour cette raison il est n\u00e9cessaire qu\u2019elle soit purifi\u00e9e de pens\u00e9es et distractions. Pri\u00e8re et m\u00e9ditation sont impl\u00e9ment\u00e9es, on propose des sacrifices quadrag\u00e9simaux (<strong><u>fioretti<\/u><\/strong>), en renon\u00e7ant \u00e0 quelque chose auquel on tient particuli\u00e8rement, on se d\u00e9die aux <strong>\u0153uvres de charit\u00e9<\/strong>. Le corps aussi n\u00e9cessite d\u2019\u00eatre pr\u00e9par\u00e9 pour cette f\u00eate unique et solennelle. Voil\u00e0 donc que l\u2019on nous propose le <strong>je\u00fbne de Car\u00eame<\/strong>, avec quelques simples r\u00e8gles d\u2019abstinence et de mod\u00e9ration qui nous permettent, d\u2019un c\u00f4t\u00e9, de purifier le corps et, de l\u2019autre, d\u2019exercer le contr\u00f4le sur nous-m\u00eames, d\u2019apprendre \u00e0 \u00eatre moins attach\u00e9s \u00e0 nos conforts et \u00e0 \u00eatre moins \u00e9go\u00efstes.<\/p>\n<div class=\"link-article\">\n<p><img loading=\"lazy\" decoding=\"async\" class=\"size-full wp-image-7802 alignleft\" src=\"https:\/\/blog.holyart.it\/fr\/wp-content\/uploads\/sites\/14\/2024\/01\/Careme-quest-ce-que-cest-et-comment-fonctionne-t-il.jpeg\" alt=\"Careme qu\u2019est-ce que c\u2019est et comment fonctionne-t-il\" width=\"150\" height=\"99\" data-kale-share-title=\"Je\u00fbne de Car\u00eame: ce qu\u2019on entend et comment le mettre en pratique\" data-kale-share-url=\"https:\/\/blog.holyart.it\/fr\/?p=7801\" \/><\/p>\n<div class=\"leggi-anche\">Lire aussi :<\/div>\n<p><strong><a href=\"https:\/\/www.holyart.fr\/blog\/articles-religieux\/careme-quest-ce-que-cest-et-comment-fonctionne-t-il\/\">Car\u00eame : qu\u2019est-ce que c\u2019est et comment fonctionne-t-il<\/a><\/strong><br \/>\nLe Car\u00eame est une p\u00e9riode de p\u00e9nitence qui revient chaque ann\u00e9e dans la vie des chr\u00e9tiens, en pr\u00e9paration \u00e0 P\u00e2ques.<\/p>\n<\/div>\n<p>Du reste, le je\u00fbne n\u2019est pas une pratique qui n\u2019appartient qu\u2019au <strong>temps de Car\u00eame<\/strong>. Les chr\u00e9tiens pratiquent le je\u00fbne pendant certains jours de l\u2019ann\u00e9e, en particulier \u00e0 l\u2019occasion des festivit\u00e9s solennelles. Il devrait faire partie de la vie du fid\u00e8le, comme la pri\u00e8re, l\u2019aum\u00f4ne et les \u0153uvres de charit\u00e9. Il en a toujours \u00e9t\u00e9 ainsi, d\u00e9j\u00e0 dans l\u2019Ancien Testament, et il \u00e9tait pr\u00e9sent et r\u00e9pandu dans la culture juive bien avant la naissance de J\u00e9sus, ainsi comme l\u2019obligation du repos absolu. Quand Mo\u00efse dut se pr\u00e9parer \u00e0 recevoir les Dix Commandements, il v\u00e9cut pendant quarante jours dans le d\u00e9sert en pratiquant le je\u00fbne, de mani\u00e8re \u00e0 se pr\u00e9senter pur devant Dieu. Les Juifs pratiquaient \u00e9galement \u00ab\u00a0le grand je\u00fbne\u00a0\u00bb \u00e0 l\u2019occasion du Jour du Grand Pardon (<em>Yom Kippour<\/em>).<\/p>\n<p>En revenant au je\u00fbne de Car\u00eame, pour les <strong>chr\u00e9tiens, non seulement catholiques<\/strong>, c\u2019est le <a href=\"https:\/\/www.holyart.fr\/blog\/articles-religieux\/mercredi-des-cendres-quest-ce-que-cest\/\"><strong>Mercredi des cendres<\/strong><\/a> qui marque le d\u00e9but de la p\u00e9riode du Car\u00eame. La pratique du je\u00fbne n\u2019est par contre pas partag\u00e9e par les <strong>Protestants<\/strong>, \u00e0 l\u2019exception faite des Anglicans, car le je\u00fbne obligatoire \u00e0 des p\u00e9riodes d\u00e9termin\u00e9es est vu comme une pratique ext\u00e9rieure et inutile. Chaque fid\u00e8le revendique le droit et le devoir de pratiquer le je\u00fbne quand il le retient opportun, et non pas en correspondance \u00e0 des occasions sp\u00e9cifiques.<\/p>\n<p>Dans l\u2019<strong>\u00c9glise orthodoxe<\/strong>, on pratique le je\u00fbne r\u00e9guli\u00e8rement deux fois par semaines, le mercredi et le vendredi, et de mani\u00e8re plus consciencieuse en correspondance avec des f\u00eates sp\u00e9cifiques. Pendant le Car\u00eame orthodoxe, le je\u00fbne est particuli\u00e8rement rigide.<\/p>\n<div class=\"link-article\">\n<p><img loading=\"lazy\" decoding=\"async\" class=\"size-full wp-image-7803 alignleft\" src=\"https:\/\/blog.holyart.it\/fr\/wp-content\/uploads\/sites\/14\/2024\/01\/Mercredi-des-Cendres-quest-ce-que-cest.jpeg\" alt=\"Mercredi des Cendres qu\u2019est-ce que c\u2019est\" width=\"150\" height=\"99\" data-kale-share-title=\"Je\u00fbne de Car\u00eame: ce qu\u2019on entend et comment le mettre en pratique\" data-kale-share-url=\"https:\/\/blog.holyart.it\/fr\/?p=7801\" \/><\/p>\n<div class=\"leggi-anche\">Lire aussi :<\/div>\n<p><strong><a href=\"https:\/\/www.holyart.fr\/blog\/articles-religieux\/mercredi-des-cendres-quest-ce-que-cest\/\">Mercredi des Cendres : qu\u2019est-ce que c\u2019est<\/a><\/strong><br \/>\nCarnaval touche \u00e0 sa fin. Apr\u00e8s Mardi gras, il y a le Mercredi des Cendres, qui marque le d\u00e9but du Car\u00eame.<\/p>\n<\/div>\n<h2>Qui est tenu de pratiquer le je\u00fbne de Car\u00eame?<\/h2>\n<p>Selon le <strong>Code de Droit Canonique<\/strong>, tous les chr\u00e9tiens pratiquants sont tenus d\u2019observer le <strong>je\u00fbne et l\u2019abstinence de la viande<\/strong> au moins deux fois par an : le <strong>Mercredi des Cendres<\/strong> (qui pour le rite ambrosien devient le premier vendredi de Car\u00eame) et le <a href=\"https:\/\/www.holyart.fr\/blog\/accessoires-pour-la-liturgie\/les-rites-de-la-semaine-sainte\/\"><strong>Vendredi Saint<\/strong><\/a>. Plus en g\u00e9n\u00e9ral, il ne faudrait pas manger de viande dans les \u00ab\u00a0<strong>jours maigres<\/strong>\u00a0\u00bb, c\u2019est-\u00e0-dire le vendredi et en d\u2019autres jours interdits comme indiqu\u00e9 dans la constitution apostolique \u00ab\u00a0<em>Paenitemini<\/em>\u00a0\u00bb de Pape Paul VI de 1966. En g\u00e9n\u00e9ral, ces pr\u00e9ceptes devraient \u00eatre observ\u00e9s le Vendredi Saint et tous les vendredis de Car\u00eame afin de se pr\u00e9parer \u00e0 P\u00e2ques de la meilleure et de la plus chr\u00e9tienne des mani\u00e8res.<\/p>\n<p>Selon le canon 1252 du Code de Droit Canonique, l<strong>\u2019\u00e2ge de d\u00e9but de l\u2019obligation de je\u00fbne<\/strong> est fix\u00e9 \u00e0 <strong>18 ans<\/strong> r\u00e9volus, tandis que la fin est fix\u00e9e \u00e0 <strong>60 ans<\/strong>. Ceux qui souffrent de pathologies particuli\u00e8res ou pr\u00e9sentent une <strong>juste cause<\/strong>, g\u00e9n\u00e9ralement li\u00e9e \u00e0 des raisons de sant\u00e9, peut \u00eatre exon\u00e9r\u00e9 et commuter le je\u00fbne en \u0153uvres de charit\u00e9. L\u2019obligation de l\u2019abstinence de la viande entre par contre d\u00e9j\u00e0 en vigueur \u00e0 partir de <strong>14 ans<\/strong> r\u00e9volus.<\/p>\n<p>Pendant le Car\u00eame, en plus du je\u00fbne, les \u00c9v\u00eaques italiens exhortent les fid\u00e8les \u00e0 pratiquer d\u2019<strong>autres formes d\u2019abstinence <\/strong>ou du moins de mod\u00e9ration, en tant que forme de p\u00e9nitence et de purification\u00a0: abstention de fumer, de boire des boissons alcoolis\u00e9es, un usage mod\u00e9r\u00e9 du t\u00e9l\u00e9phone portable et ainsi de suite. Il s\u2019agit toujours de privation que nous pouvons inclure dans nos <em>fioretti<\/em> pour le Car\u00eame.<\/p>\n<p>Ceux qui souhaitent recevoir la <a href=\"https:\/\/www.holyart.fr\/occasions-speciales\/paques-et-careme\/vin-hosties-encens-huile-de-paraffine\"><strong>Communion<\/strong><\/a>, sont tenus de s\u2019abstenir de toute nourriture ou boisson pour au moins une heure avant, comme indiqu\u00e9 dans le canon 919 du Code de Droit Canonique.<\/p>\n<div class=\"link-product\">\n<div class=\"blocco-immagine\"><img loading=\"lazy\" decoding=\"async\" class=\"size-full wp-image-7804 alignleft\" src=\"https:\/\/blog.holyart.it\/fr\/wp-content\/uploads\/sites\/14\/2024\/01\/Hostie-35cm-bord-aplati-100-pieces.jpg\" alt=\"Hostie 3,5cm bord aplati 100 pi\u00e8ces\" width=\"100\" height=\"100\" data-kale-share-title=\"Je\u00fbne de Car\u00eame: ce qu\u2019on entend et comment le mettre en pratique\" data-kale-share-url=\"https:\/\/blog.holyart.it\/fr\/?p=7801\" \/><\/div>\n<div class=\"blocco-contenuto\">\n<div class=\"blocco-acquista\">Acheter sur Holyart:<\/div>\n<div class=\"blocco-titolo\"><a href=\"https:\/\/www.holyart.fr\/occasions-speciales\/paques-et-careme\/vin-hosties-encens-huile-de-paraffine\">Vin, hosties, encens, huile de paraffine<\/a><\/div>\n<div class=\"blocco-descrizione\">Vin et hosties pur l&rsquo;eucharistie, encenses liturgiques et huile de paraffine pour lampes et cierges<\/div>\n<\/div>\n<\/div>\n<h2>Comment pratique-t-on le je\u00fbne pendant le Car\u00eame<\/h2>\n<p>Nous devons tout d\u2019abord distinguer le <strong>je\u00fbne<\/strong> de l\u2019<strong>abstinence<\/strong>: le je\u00fbne concerne la quantit\u00e9 de nourriture, tandis que l\u2019abstinence ce que l\u2019on peut manger.<\/p>\n<p>Le je\u00fbne pendant le Car\u00eame pr\u00e9voit <strong>un seul repas complet<\/strong> sur toute la journ\u00e9e. Des petites quantit\u00e9s de nourriture sont autoris\u00e9es le matin et le soir, en plus de l\u2019eau et des m\u00e9dicaments n\u00e9cessaires pour sa propre sant\u00e9. Le je\u00fbne de Car\u00eame pr\u00e9voit la consommation de toute sorte de <strong>nourriture v\u00e9g\u00e9tarienne <\/strong>et donc l\u00e9gumes, c\u00e9r\u00e9ales et l\u00e9gumineuses, mais aussi de poisson, \u0153ufs et produits laitiers en modeste quantit\u00e9.<\/p>\n<p><a href=\"https:\/\/www.holyart.fr\/blog\/articles-religieux\/pain-azyme-a-la-decouverte-de-traditions-et-recettes-anciennes\/\"><strong>L\u2019abstinence est propre aux vendredis de Car\u00eame<\/strong><\/a>, et pr\u00e9voit l\u2019exclusion de la viande, qui peut toutefois \u00eatre remplac\u00e9e par le poisson, \u00e0 condition qu\u2019il s\u2019agisse d\u2019un poisson pauvre et cuit de mani\u00e8re peu \u00e9labor\u00e9e.<\/p>\n<div class=\"link-article\">\n<p><img loading=\"lazy\" decoding=\"async\" class=\"size-full wp-image-7805 alignleft\" src=\"https:\/\/blog.holyart.it\/fr\/wp-content\/uploads\/sites\/14\/2024\/01\/Pain-azyme-a-la-decouverte-de-traditions-et-recettes-anciennes.jpeg\" alt=\"Pain azyme \u00e0 la d\u00e9couverte de traditions et recettes anciennes\" width=\"150\" height=\"99\" data-kale-share-title=\"Je\u00fbne de Car\u00eame: ce qu\u2019on entend et comment le mettre en pratique\" data-kale-share-url=\"https:\/\/blog.holyart.it\/fr\/?p=7801\" \/><\/p>\n<div class=\"leggi-anche\">Lire aussi :<\/div>\n<p><strong><a href=\"https:\/\/www.holyart.fr\/blog\/articles-religieux\/pain-azyme-a-la-decouverte-de-traditions-et-recettes-anciennes\/\">Pain azyme: \u00e0 la d\u00e9couverte de traditions et recettes anciennes<\/a><\/strong><br \/>\nLe pain azyme a toujours eu une importance symbolique tr\u00e8s forte dans la culture juive et, par la suite, dans la culture chr\u00e9tienne.<\/p>\n<\/div>\n<h2>Que peut-on manger les Vendredis de Car\u00eame?<\/h2>\n<p>Comme nous l\u2019avons d\u00e9j\u00e0 vu, c\u2019est le Code de Droit Canonique et, en particulier, le canon 1251, qui d\u00e9finit les r\u00e8gles du je\u00fbne et de l\u2019abstinence: \u00ab <em>L\u2019<a href=\"https:\/\/www.holyart.fr\/blog\/occasions-speciales\/le-symbole-de-lagneau-a-paques\/\"><strong>abstinence de viande <\/strong><\/a>ou d\u2019une autre nourriture, selon les dispositions de la conf\u00e9rence des \u00c9v\u00eaques, sera observ\u00e9e <strong>chaque vendredi de l\u2019ann\u00e9e<\/strong>, \u00e0 moins qu\u2019il ne tombe l\u2019un des jours marqu\u00e9s comme solennit\u00e9\u00a0; mais <strong>l\u2019abstinence et le je\u00fbne seront observ\u00e9s le Mercredi des Cendres et le Vendredi de la Passion et de la Mort de Notre Seigneur J\u00e9sus Christ<\/strong><\/em>\u00a0\u00bb.<\/p>\n<p>La r\u00e8gle de l\u2019<strong>abstinence de viande au sens strict <\/strong>est donc valable pour le Mercredi des Cendres et pour tous les vendredis de la p\u00e9riode de Car\u00eame, en particulier le Vendredi Saint. Toutefois, on la conseille \u00e9galement pendant le Samedi Saint.<\/p>\n<p>En ces jours, la viande de toute sorte, rouge ou blanche, mais aussi les plats non \u00e0 base de viande, mais tr\u00e8s \u00e9labor\u00e9s et recherch\u00e9s, comme les crustac\u00e9es ou les fruits de mer, sont interdits.<\/p>\n<div class=\"link-article\">\n<p><img loading=\"lazy\" decoding=\"async\" class=\"size-full wp-image-7808 alignleft\" src=\"https:\/\/blog.holyart.it\/fr\/wp-content\/uploads\/sites\/14\/2024\/01\/Le-symbole-de-lAgneau-a-Paques.jpg\" alt=\"Le symbole de l\u2019Agneau \u00e0 P\u00e2ques\" width=\"150\" height=\"99\" data-kale-share-title=\"Je\u00fbne de Car\u00eame: ce qu\u2019on entend et comment le mettre en pratique\" data-kale-share-url=\"https:\/\/blog.holyart.it\/fr\/?p=7801\" \/><\/p>\n<div class=\"leggi-anche\">Lire aussi :<\/div>\n<p><strong><a href=\"https:\/\/www.holyart.fr\/blog\/occasions-speciales\/le-symbole-de-lagneau-a-paques\/\">Le symbole de l\u2019Agneau \u00e0 P\u00e2ques<\/a><\/strong><br \/>\nP\u00e2ques approche avec son lot de suggestions solennelles et de symboles charg\u00e9s de spiritualit\u00e9. La croix pascale, les cierges pascaux, l\u2019agneau.<\/p>\n<\/div>\n","protected":false},"excerpt":{"rendered":"<p>Le je\u00fbne de Car\u00eame est une pratique de pr\u00e9paration \u00e0 P\u00e2ques qui doit s\u2019accompagner \u00e0 la pri\u00e8re et \u00e0 l\u2019aum\u00f4ne, comme l\u2019a \u00e9crit pape Fran\u00e7ois dans le Message pour le Car\u00eame de 2019 Qu\u2019entendons-nous par Car\u00eame ? C\u2019est la p\u00e9riode de purification, abstinence et je\u00fbne&hellip;<\/p>\n","protected":false},"author":1,"featured_media":7810,"comment_status":"closed","ping_status":"open","sticky":false,"template":"","format":"standard","meta":{"_acf_changed":false,"footnotes":""},"categories":[14,8],"tags":[],"class_list":["post-7801","post","type-post","status-publish","format-standard","has-post-thumbnail","hentry","category-paques","category-articles-religieux"],"acf":[],"yoast_head":"<!-- This site is optimized with the Yoast SEO plugin v26.6 - https:\/\/yoast.com\/wordpress\/plugins\/seo\/ -->\n<title>Je\u00fbne de Car\u00eame: ce qu\u2019on entend et comment le mettre en pratique - Holyart.fr Blog<\/title>\n<meta name=\"description\" content=\"Le je\u00fbne de Car\u00eame est une pratique de pr\u00e9paration \u00e0 P\u00e2ques qui doit s\u2019accompagner \u00e0 la pri\u00e8re et \u00e0 l\u2019aum\u00f4ne, comme l\u2019a \u00e9crit pape Fran\u00e7ois..\" \/>\n<meta name=\"robots\" content=\"index, follow, max-snippet:-1, max-image-preview:large, max-video-preview:-1\" \/>\n<link rel=\"canonical\" href=\"https:\/\/blog.holyart.it\/fr\/paques\/jeune-de-careme-ce-quon-entend-et-comment-le-mettre-en-pratique\/\" \/>\n<meta property=\"og:locale\" content=\"fr_FR\" \/>\n<meta property=\"og:type\" content=\"article\" \/>\n<meta property=\"og:title\" content=\"Je\u00fbne de Car\u00eame: ce qu\u2019on entend et comment le mettre en pratique - Holyart.fr Blog\" \/>\n<meta property=\"og:description\" content=\"Le je\u00fbne de Car\u00eame est une pratique de pr\u00e9paration \u00e0 P\u00e2ques qui doit s\u2019accompagner \u00e0 la pri\u00e8re et \u00e0 l\u2019aum\u00f4ne, comme l\u2019a \u00e9crit pape Fran\u00e7ois..\" \/>\n<meta property=\"og:url\" content=\"https:\/\/blog.holyart.it\/fr\/paques\/jeune-de-careme-ce-quon-entend-et-comment-le-mettre-en-pratique\/\" \/>\n<meta property=\"og:site_name\" content=\"Holyart.fr Blog\" \/>\n<meta property=\"article:published_time\" content=\"2024-02-07T09:00:26+00:00\" \/>\n<meta property=\"article:modified_time\" content=\"2025-02-12T13:48:20+00:00\" \/>\n<meta property=\"og:image\" content=\"https:\/\/blog.holyart.it\/fr\/wp-content\/uploads\/sites\/14\/2024\/01\/Jeune-de-Careme-ce-quon-entend-et-comment-le-mettre-en-pratique.jpeg\" \/>\n\t<meta property=\"og:image:width\" content=\"1000\" \/>\n\t<meta property=\"og:image:height\" content=\"666\" \/>\n\t<meta property=\"og:image:type\" content=\"image\/jpeg\" \/>\n<meta name=\"author\" content=\"Redazione\" \/>\n<meta name=\"twitter:card\" content=\"summary_large_image\" \/>\n<meta name=\"twitter:label1\" content=\"\u00c9crit par\" \/>\n\t<meta name=\"twitter:data1\" content=\"Redazione\" \/>\n\t<meta name=\"twitter:label2\" content=\"Dur\u00e9e de lecture estim\u00e9e\" \/>\n\t<meta name=\"twitter:data2\" content=\"8 minutes\" \/>\n<script type=\"application\/ld+json\" class=\"yoast-schema-graph\">{\"@context\":\"https:\/\/schema.org\",\"@graph\":[{\"@type\":\"Article\",\"@id\":\"https:\/\/blog.holyart.it\/fr\/paques\/jeune-de-careme-ce-quon-entend-et-comment-le-mettre-en-pratique\/#article\",\"isPartOf\":{\"@id\":\"https:\/\/blog.holyart.it\/fr\/paques\/jeune-de-careme-ce-quon-entend-et-comment-le-mettre-en-pratique\/\"},\"author\":{\"name\":\"Redazione\",\"@id\":\"https:\/\/blog.holyart.it\/fr\/#\/schema\/person\/0a7b686e5af0f856ec1e390dd0baecda\"},\"headline\":\"Je\u00fbne de Car\u00eame: ce qu\u2019on entend et comment le mettre en pratique\",\"datePublished\":\"2024-02-07T09:00:26+00:00\",\"dateModified\":\"2025-02-12T13:48:20+00:00\",\"mainEntityOfPage\":{\"@id\":\"https:\/\/blog.holyart.it\/fr\/paques\/jeune-de-careme-ce-quon-entend-et-comment-le-mettre-en-pratique\/\"},\"wordCount\":1466,\"publisher\":{\"@id\":\"https:\/\/blog.holyart.it\/fr\/#organization\"},\"image\":{\"@id\":\"https:\/\/blog.holyart.it\/fr\/paques\/jeune-de-careme-ce-quon-entend-et-comment-le-mettre-en-pratique\/#primaryimage\"},\"thumbnailUrl\":\"https:\/\/blog.holyart.it\/fr\/wp-content\/uploads\/sites\/14\/2024\/01\/Jeune-de-Careme-ce-quon-entend-et-comment-le-mettre-en-pratique.jpeg\",\"articleSection\":[\"P\u00e2ques\",\"Religion\"],\"inLanguage\":\"fr-FR\"},{\"@type\":\"WebPage\",\"@id\":\"https:\/\/blog.holyart.it\/fr\/paques\/jeune-de-careme-ce-quon-entend-et-comment-le-mettre-en-pratique\/\",\"url\":\"https:\/\/blog.holyart.it\/fr\/paques\/jeune-de-careme-ce-quon-entend-et-comment-le-mettre-en-pratique\/\",\"name\":\"Je\u00fbne de Car\u00eame: ce qu\u2019on entend et comment le mettre en pratique - Holyart.fr Blog\",\"isPartOf\":{\"@id\":\"https:\/\/blog.holyart.it\/fr\/#website\"},\"primaryImageOfPage\":{\"@id\":\"https:\/\/blog.holyart.it\/fr\/paques\/jeune-de-careme-ce-quon-entend-et-comment-le-mettre-en-pratique\/#primaryimage\"},\"image\":{\"@id\":\"https:\/\/blog.holyart.it\/fr\/paques\/jeune-de-careme-ce-quon-entend-et-comment-le-mettre-en-pratique\/#primaryimage\"},\"thumbnailUrl\":\"https:\/\/blog.holyart.it\/fr\/wp-content\/uploads\/sites\/14\/2024\/01\/Jeune-de-Careme-ce-quon-entend-et-comment-le-mettre-en-pratique.jpeg\",\"datePublished\":\"2024-02-07T09:00:26+00:00\",\"dateModified\":\"2025-02-12T13:48:20+00:00\",\"description\":\"Le je\u00fbne de Car\u00eame est une pratique de pr\u00e9paration \u00e0 P\u00e2ques qui doit s\u2019accompagner \u00e0 la pri\u00e8re et \u00e0 l\u2019aum\u00f4ne, comme l\u2019a \u00e9crit pape Fran\u00e7ois..\",\"breadcrumb\":{\"@id\":\"https:\/\/blog.holyart.it\/fr\/paques\/jeune-de-careme-ce-quon-entend-et-comment-le-mettre-en-pratique\/#breadcrumb\"},\"inLanguage\":\"fr-FR\",\"potentialAction\":[{\"@type\":\"ReadAction\",\"target\":[\"https:\/\/blog.holyart.it\/fr\/paques\/jeune-de-careme-ce-quon-entend-et-comment-le-mettre-en-pratique\/\"]}]},{\"@type\":\"ImageObject\",\"inLanguage\":\"fr-FR\",\"@id\":\"https:\/\/blog.holyart.it\/fr\/paques\/jeune-de-careme-ce-quon-entend-et-comment-le-mettre-en-pratique\/#primaryimage\",\"url\":\"https:\/\/blog.holyart.it\/fr\/wp-content\/uploads\/sites\/14\/2024\/01\/Jeune-de-Careme-ce-quon-entend-et-comment-le-mettre-en-pratique.jpeg\",\"contentUrl\":\"https:\/\/blog.holyart.it\/fr\/wp-content\/uploads\/sites\/14\/2024\/01\/Jeune-de-Careme-ce-quon-entend-et-comment-le-mettre-en-pratique.jpeg\",\"width\":1000,\"height\":666,\"caption\":\"Jeune de Careme ce qu\u2019on entend et comment le mettre en pratique\"},{\"@type\":\"BreadcrumbList\",\"@id\":\"https:\/\/blog.holyart.it\/fr\/paques\/jeune-de-careme-ce-quon-entend-et-comment-le-mettre-en-pratique\/#breadcrumb\",\"itemListElement\":[{\"@type\":\"ListItem\",\"position\":1,\"name\":\"Homepage\",\"item\":\"https:\/\/blog.holyart.it\/fr\/\"},{\"@type\":\"ListItem\",\"position\":2,\"name\":\"P\u00e2ques\",\"item\":\"https:\/\/blog.holyart.it\/fr\/paques\/\"},{\"@type\":\"ListItem\",\"position\":3,\"name\":\"Je\u00fbne de Car\u00eame: ce qu\u2019on entend et comment le mettre en pratique\"}]},{\"@type\":\"WebSite\",\"@id\":\"https:\/\/blog.holyart.it\/fr\/#website\",\"url\":\"https:\/\/blog.holyart.it\/fr\/\",\"name\":\"Holyart.fr Blog\",\"description\":\"Holyblog\",\"publisher\":{\"@id\":\"https:\/\/blog.holyart.it\/fr\/#organization\"},\"potentialAction\":[{\"@type\":\"SearchAction\",\"target\":{\"@type\":\"EntryPoint\",\"urlTemplate\":\"https:\/\/blog.holyart.it\/fr\/?s={search_term_string}\"},\"query-input\":{\"@type\":\"PropertyValueSpecification\",\"valueRequired\":true,\"valueName\":\"search_term_string\"}}],\"inLanguage\":\"fr-FR\"},{\"@type\":\"Organization\",\"@id\":\"https:\/\/blog.holyart.it\/fr\/#organization\",\"name\":\"Holyart.fr Blog\",\"url\":\"https:\/\/blog.holyart.it\/fr\/\",\"logo\":{\"@type\":\"ImageObject\",\"inLanguage\":\"fr-FR\",\"@id\":\"https:\/\/blog.holyart.it\/fr\/#\/schema\/logo\/image\/\",\"url\":\"https:\/\/blog.holyart.it\/fr\/wp-content\/uploads\/sites\/14\/2022\/12\/Holyart_Blog_Logo.jpg\",\"contentUrl\":\"https:\/\/blog.holyart.it\/fr\/wp-content\/uploads\/sites\/14\/2022\/12\/Holyart_Blog_Logo.jpg\",\"width\":300,\"height\":50,\"caption\":\"Holyart.fr Blog\"},\"image\":{\"@id\":\"https:\/\/blog.holyart.it\/fr\/#\/schema\/logo\/image\/\"}},{\"@type\":\"Person\",\"@id\":\"https:\/\/blog.holyart.it\/fr\/#\/schema\/person\/0a7b686e5af0f856ec1e390dd0baecda\",\"name\":\"Redazione\",\"image\":{\"@type\":\"ImageObject\",\"inLanguage\":\"fr-FR\",\"@id\":\"https:\/\/blog.holyart.it\/fr\/#\/schema\/person\/image\/\",\"url\":\"https:\/\/secure.gravatar.com\/avatar\/f477da817f43e50d0af36abecd33e3edf826c68299714bdc1057dff3b113f516?s=96&d=mm&r=g\",\"contentUrl\":\"https:\/\/secure.gravatar.com\/avatar\/f477da817f43e50d0af36abecd33e3edf826c68299714bdc1057dff3b113f516?s=96&d=mm&r=g\",\"caption\":\"Redazione\"},\"url\":\"https:\/\/blog.holyart.it\/fr\/author\/admin\/\"}]}<\/script>\n<!-- \/ Yoast SEO plugin. -->","yoast_head_json":{"title":"Je\u00fbne de Car\u00eame: ce qu\u2019on entend et comment le mettre en pratique - Holyart.fr Blog","description":"Le je\u00fbne de Car\u00eame est une pratique de pr\u00e9paration \u00e0 P\u00e2ques qui doit s\u2019accompagner \u00e0 la pri\u00e8re et \u00e0 l\u2019aum\u00f4ne, comme l\u2019a \u00e9crit pape Fran\u00e7ois..","robots":{"index":"index","follow":"follow","max-snippet":"max-snippet:-1","max-image-preview":"max-image-preview:large","max-video-preview":"max-video-preview:-1"},"canonical":"https:\/\/blog.holyart.it\/fr\/paques\/jeune-de-careme-ce-quon-entend-et-comment-le-mettre-en-pratique\/","og_locale":"fr_FR","og_type":"article","og_title":"Je\u00fbne de Car\u00eame: ce qu\u2019on entend et comment le mettre en pratique - Holyart.fr Blog","og_description":"Le je\u00fbne de Car\u00eame est une pratique de pr\u00e9paration \u00e0 P\u00e2ques qui doit s\u2019accompagner \u00e0 la pri\u00e8re et \u00e0 l\u2019aum\u00f4ne, comme l\u2019a \u00e9crit pape Fran\u00e7ois..","og_url":"https:\/\/blog.holyart.it\/fr\/paques\/jeune-de-careme-ce-quon-entend-et-comment-le-mettre-en-pratique\/","og_site_name":"Holyart.fr Blog","article_published_time":"2024-02-07T09:00:26+00:00","article_modified_time":"2025-02-12T13:48:20+00:00","og_image":[{"width":1000,"height":666,"url":"https:\/\/blog.holyart.it\/fr\/wp-content\/uploads\/sites\/14\/2024\/01\/Jeune-de-Careme-ce-quon-entend-et-comment-le-mettre-en-pratique.jpeg","type":"image\/jpeg"}],"author":"Redazione","twitter_card":"summary_large_image","twitter_misc":{"\u00c9crit par":"Redazione","Dur\u00e9e de lecture estim\u00e9e":"8 minutes"},"schema":{"@context":"https:\/\/schema.org","@graph":[{"@type":"Article","@id":"https:\/\/blog.holyart.it\/fr\/paques\/jeune-de-careme-ce-quon-entend-et-comment-le-mettre-en-pratique\/#article","isPartOf":{"@id":"https:\/\/blog.holyart.it\/fr\/paques\/jeune-de-careme-ce-quon-entend-et-comment-le-mettre-en-pratique\/"},"author":{"name":"Redazione","@id":"https:\/\/blog.holyart.it\/fr\/#\/schema\/person\/0a7b686e5af0f856ec1e390dd0baecda"},"headline":"Je\u00fbne de Car\u00eame: ce qu\u2019on entend et comment le mettre en pratique","datePublished":"2024-02-07T09:00:26+00:00","dateModified":"2025-02-12T13:48:20+00:00","mainEntityOfPage":{"@id":"https:\/\/blog.holyart.it\/fr\/paques\/jeune-de-careme-ce-quon-entend-et-comment-le-mettre-en-pratique\/"},"wordCount":1466,"publisher":{"@id":"https:\/\/blog.holyart.it\/fr\/#organization"},"image":{"@id":"https:\/\/blog.holyart.it\/fr\/paques\/jeune-de-careme-ce-quon-entend-et-comment-le-mettre-en-pratique\/#primaryimage"},"thumbnailUrl":"https:\/\/blog.holyart.it\/fr\/wp-content\/uploads\/sites\/14\/2024\/01\/Jeune-de-Careme-ce-quon-entend-et-comment-le-mettre-en-pratique.jpeg","articleSection":["P\u00e2ques","Religion"],"inLanguage":"fr-FR"},{"@type":"WebPage","@id":"https:\/\/blog.holyart.it\/fr\/paques\/jeune-de-careme-ce-quon-entend-et-comment-le-mettre-en-pratique\/","url":"https:\/\/blog.holyart.it\/fr\/paques\/jeune-de-careme-ce-quon-entend-et-comment-le-mettre-en-pratique\/","name":"Je\u00fbne de Car\u00eame: ce qu\u2019on entend et comment le mettre en pratique - Holyart.fr Blog","isPartOf":{"@id":"https:\/\/blog.holyart.it\/fr\/#website"},"primaryImageOfPage":{"@id":"https:\/\/blog.holyart.it\/fr\/paques\/jeune-de-careme-ce-quon-entend-et-comment-le-mettre-en-pratique\/#primaryimage"},"image":{"@id":"https:\/\/blog.holyart.it\/fr\/paques\/jeune-de-careme-ce-quon-entend-et-comment-le-mettre-en-pratique\/#primaryimage"},"thumbnailUrl":"https:\/\/blog.holyart.it\/fr\/wp-content\/uploads\/sites\/14\/2024\/01\/Jeune-de-Careme-ce-quon-entend-et-comment-le-mettre-en-pratique.jpeg","datePublished":"2024-02-07T09:00:26+00:00","dateModified":"2025-02-12T13:48:20+00:00","description":"Le je\u00fbne de Car\u00eame est une pratique de pr\u00e9paration \u00e0 P\u00e2ques qui doit s\u2019accompagner \u00e0 la pri\u00e8re et \u00e0 l\u2019aum\u00f4ne, comme l\u2019a \u00e9crit pape Fran\u00e7ois..","breadcrumb":{"@id":"https:\/\/blog.holyart.it\/fr\/paques\/jeune-de-careme-ce-quon-entend-et-comment-le-mettre-en-pratique\/#breadcrumb"},"inLanguage":"fr-FR","potentialAction":[{"@type":"ReadAction","target":["https:\/\/blog.holyart.it\/fr\/paques\/jeune-de-careme-ce-quon-entend-et-comment-le-mettre-en-pratique\/"]}]},{"@type":"ImageObject","inLanguage":"fr-FR","@id":"https:\/\/blog.holyart.it\/fr\/paques\/jeune-de-careme-ce-quon-entend-et-comment-le-mettre-en-pratique\/#primaryimage","url":"https:\/\/blog.holyart.it\/fr\/wp-content\/uploads\/sites\/14\/2024\/01\/Jeune-de-Careme-ce-quon-entend-et-comment-le-mettre-en-pratique.jpeg","contentUrl":"https:\/\/blog.holyart.it\/fr\/wp-content\/uploads\/sites\/14\/2024\/01\/Jeune-de-Careme-ce-quon-entend-et-comment-le-mettre-en-pratique.jpeg","width":1000,"height":666,"caption":"Jeune de Careme ce qu\u2019on entend et comment le mettre en pratique"},{"@type":"BreadcrumbList","@id":"https:\/\/blog.holyart.it\/fr\/paques\/jeune-de-careme-ce-quon-entend-et-comment-le-mettre-en-pratique\/#breadcrumb","itemListElement":[{"@type":"ListItem","position":1,"name":"Homepage","item":"https:\/\/blog.holyart.it\/fr\/"},{"@type":"ListItem","position":2,"name":"P\u00e2ques","item":"https:\/\/blog.holyart.it\/fr\/paques\/"},{"@type":"ListItem","position":3,"name":"Je\u00fbne de Car\u00eame: ce qu\u2019on entend et comment le mettre en pratique"}]},{"@type":"WebSite","@id":"https:\/\/blog.holyart.it\/fr\/#website","url":"https:\/\/blog.holyart.it\/fr\/","name":"Holyart.fr Blog","description":"Holyblog","publisher":{"@id":"https:\/\/blog.holyart.it\/fr\/#organization"},"potentialAction":[{"@type":"SearchAction","target":{"@type":"EntryPoint","urlTemplate":"https:\/\/blog.holyart.it\/fr\/?s={search_term_string}"},"query-input":{"@type":"PropertyValueSpecification","valueRequired":true,"valueName":"search_term_string"}}],"inLanguage":"fr-FR"},{"@type":"Organization","@id":"https:\/\/blog.holyart.it\/fr\/#organization","name":"Holyart.fr Blog","url":"https:\/\/blog.holyart.it\/fr\/","logo":{"@type":"ImageObject","inLanguage":"fr-FR","@id":"https:\/\/blog.holyart.it\/fr\/#\/schema\/logo\/image\/","url":"https:\/\/blog.holyart.it\/fr\/wp-content\/uploads\/sites\/14\/2022\/12\/Holyart_Blog_Logo.jpg","contentUrl":"https:\/\/blog.holyart.it\/fr\/wp-content\/uploads\/sites\/14\/2022\/12\/Holyart_Blog_Logo.jpg","width":300,"height":50,"caption":"Holyart.fr Blog"},"image":{"@id":"https:\/\/blog.holyart.it\/fr\/#\/schema\/logo\/image\/"}},{"@type":"Person","@id":"https:\/\/blog.holyart.it\/fr\/#\/schema\/person\/0a7b686e5af0f856ec1e390dd0baecda","name":"Redazione","image":{"@type":"ImageObject","inLanguage":"fr-FR","@id":"https:\/\/blog.holyart.it\/fr\/#\/schema\/person\/image\/","url":"https:\/\/secure.gravatar.com\/avatar\/f477da817f43e50d0af36abecd33e3edf826c68299714bdc1057dff3b113f516?s=96&d=mm&r=g","contentUrl":"https:\/\/secure.gravatar.com\/avatar\/f477da817f43e50d0af36abecd33e3edf826c68299714bdc1057dff3b113f516?s=96&d=mm&r=g","caption":"Redazione"},"url":"https:\/\/blog.holyart.it\/fr\/author\/admin\/"}]}},"_links":{"self":[{"href":"https:\/\/blog.holyart.it\/fr\/wp-json\/wp\/v2\/posts\/7801","targetHints":{"allow":["GET"]}}],"collection":[{"href":"https:\/\/blog.holyart.it\/fr\/wp-json\/wp\/v2\/posts"}],"about":[{"href":"https:\/\/blog.holyart.it\/fr\/wp-json\/wp\/v2\/types\/post"}],"author":[{"embeddable":true,"href":"https:\/\/blog.holyart.it\/fr\/wp-json\/wp\/v2\/users\/1"}],"replies":[{"embeddable":true,"href":"https:\/\/blog.holyart.it\/fr\/wp-json\/wp\/v2\/comments?post=7801"}],"version-history":[{"count":3,"href":"https:\/\/blog.holyart.it\/fr\/wp-json\/wp\/v2\/posts\/7801\/revisions"}],"predecessor-version":[{"id":7811,"href":"https:\/\/blog.holyart.it\/fr\/wp-json\/wp\/v2\/posts\/7801\/revisions\/7811"}],"wp:featuredmedia":[{"embeddable":true,"href":"https:\/\/blog.holyart.it\/fr\/wp-json\/wp\/v2\/media\/7810"}],"wp:attachment":[{"href":"https:\/\/blog.holyart.it\/fr\/wp-json\/wp\/v2\/media?parent=7801"}],"wp:term":[{"taxonomy":"category","embeddable":true,"href":"https:\/\/blog.holyart.it\/fr\/wp-json\/wp\/v2\/categories?post=7801"},{"taxonomy":"post_tag","embeddable":true,"href":"https:\/\/blog.holyart.it\/fr\/wp-json\/wp\/v2\/tags?post=7801"}],"curies":[{"name":"wp","href":"https:\/\/api.w.org\/{rel}","templated":true}]}}