{"id":7758,"date":"2024-01-31T10:00:18","date_gmt":"2024-01-31T09:00:18","guid":{"rendered":"https:\/\/blog.holyart.it\/fr\/?p=7758"},"modified":"2026-04-07T16:03:00","modified_gmt":"2026-04-07T14:03:00","slug":"la-saintete-dans-le-mariage-voici-des-couples-de-saints-maries","status":"publish","type":"post","link":"https:\/\/blog.holyart.it\/fr\/saints-et-bienheureux\/la-saintete-dans-le-mariage-voici-des-couples-de-saints-maries\/","title":{"rendered":"La saintet\u00e9 dans le mariage : voici des couples de saints mari\u00e9s"},"content":{"rendered":"<h4>Unis devant les hommes et devant Dieu, ils furent capables d\u2019aller au-del\u00e0 et de partager le chemin de la Foi jusqu\u2019\u00e0 la saintet\u00e9. Voici les Saints Mari\u00e9s de l\u2019\u00c9glise.<\/h4>\n\n<p>Dans un article pr\u00e9c\u00e9dent, nous nous sommes attard\u00e9s sur les histoires de <a href=\"https:\/\/www.holyart.fr\/blog\/saints-et-bienheureux\/quand-la-saintete-est-de-famille-histoires-de-freres-et-soeurs-devenus-saints-ensemble\/\"><strong><u>fr\u00e8res et s\u0153urs devenus saints ensemble<\/u><\/strong><\/a>. \u00c0 cette occasion, nous avons pu constater comment, pour de nombreux hommes et femmes du pass\u00e9, le chemin vers la saintet\u00e9 a commenc\u00e9 en <strong>famille<\/strong>, gr\u00e2ce \u00e0 des parents particuli\u00e8rement d\u00e9vots, un exemple pour tous <a href=\"https:\/\/www.holyart.fr\/blog\/saints-et-bienheureux\/sainte-monique-sainte-patronne-des-meres-et-exemple-pour-les-femmes\/\"><strong><u>Sainte Monique<\/u><\/strong><\/a>, m\u00e8re de Saint Augustin, mais aussi fr\u00e8res et s\u0153urs qui ont \u00e9t\u00e9 pour eux un mod\u00e8le et une incitation dans la vie comme dans la Foi, comme il arriva aux saints Cyrille et M\u00e9thode, co-patrons d\u2019Europe, ou \u00e0 <a href=\"https:\/\/www.holyart.fr\/blog\/saints-et-bienheureux\/sainte-scholastique-la-soeur-de-saint-benoit-de-nursie\/\"><strong>Saint Beno\u00eet et Sainte Scolastique<\/strong><\/a>. Toujours en voulant nous attarder sur des exemples de saintet\u00e9 au sein de la famille, nous ne pouvons pas manquer de citer les nombreux exemples de <strong>saints mari\u00e9s<\/strong>. Oui, c\u2019est bien cela : l\u2019histoire de l\u2019\u00c9glise compte un nombre consid\u00e9rable de saint qui \u00e9taient mari\u00e9s entre eux. Le premier exemple qui vient \u00e0 l\u2019esprit en parlant de saints mari\u00e9s est surement celui de <strong>Saint Joseph et la Vierge Marie<\/strong>, qui avec l\u2019Enfant J\u00e9sus composent la <a href=\"https:\/\/www.holyart.fr\/articles-religieux\/cadeaux-et-souvenirs-pour-les-occasions-speciales\/cadre-sainte-famille-verticale-resine-et-bois?_gl=1*1sxwtz9*_ga*MjAyODIwNTUzOS4xNjgwNTA1OTc3*_ga_W18MV136NH*MTcwNDg3NDk1NS4zMjcuMC4xNzA0ODc0OTU1LjAuMC4w*_gcl_aw*R0NMLjE3MDQ4MDYwMTEuQ2owS0NRanc4cW1oQmhDbEFSSXNBTkF0Ym9mZ21KMm85dkV5S0JjLUdLUWIweWFCLU9EekR0N1ZQV2hnY1g4WW96M2haNGVTR0JkUjR1d2FBZzZrRUFMd193Y0I.*_gcl_au*MzQ2MTAxMTM4LjE2OTc4MDc3MzQ.\"><strong>Sainte Famille<\/strong><\/a>, point de r\u00e9f\u00e9rence depuis toujours pour chaque famille chr\u00e9tienne comme mod\u00e8le \u00e0 suivre.<\/p>\n<div class=\"link-article\">\n<p><img loading=\"lazy\" decoding=\"async\" class=\"size-full wp-image-7761 alignleft\" src=\"https:\/\/blog.holyart.it\/fr\/wp-content\/uploads\/sites\/14\/2024\/01\/histoires-de-freres-et-soeurs-devenus-saints-ensemble.jpg\" alt=\"histoires de fr\u00e8res et s\u0153urs devenus saints ensemble\" width=\"150\" height=\"99\" data-kale-share-title=\"La saintet\u00e9 dans le mariage : voici des couples de saints mari\u00e9s\" data-kale-share-url=\"https:\/\/blog.holyart.it\/fr\/?p=7758\" \/><\/p>\n<div class=\"leggi-anche\">Lire aussi :<\/div>\n<p><strong><a href=\"https:\/\/www.holyart.fr\/blog\/saints-et-bienheureux\/quand-la-saintete-est-de-famille-histoires-de-freres-et-soeurs-devenus-saints-ensemble\/\">Quand la saintet\u00e9 est de famille : histoires de fr\u00e8res et s\u0153urs devenus saints ensemble<\/a><\/strong><br \/>\nHistoires de saints fr\u00e8res et s\u0153urs&#8230;<\/p>\n<\/div>\n<p>Du reste, depuis toujours, l\u2019\u00c9glise catholique accorde une attention particuli\u00e8re au <a href=\"https:\/\/www.holyart.fr\/articles-religieux\/cadeaux-et-souvenirs-pour-les-occasions-speciales\/cadre-sainte-famille-verticale-resine-et-bois?_gl=1*1sxwtz9*_ga*MjAyODIwNTUzOS4xNjgwNTA1OTc3*_ga_W18MV136NH*MTcwNDg3NDk1NS4zMjcuMC4xNzA0ODc0OTU1LjAuMC4w*_gcl_aw*R0NMLjE3MDQ4MDYwMTEuQ2owS0NRanc4cW1oQmhDbEFSSXNBTkF0Ym9mZ21KMm85dkV5S0JjLUdLUWIweWFCLU9EekR0N1ZQV2hnY1g4WW96M2haNGVTR0JkUjR1d2FBZzZrRUFMd193Y0I.*_gcl_au*MzQ2MTAxMTM4LjE2OTc4MDc3MzQ.\"><strong>Sacrement du mariage<\/strong><\/a>, un lien sacr\u00e9 qui unit un homme et une femme devant Christ, d\u00e9but d\u2019un parcours de vie commune, mais aussi de Foi. Il est donc in\u00e9vitable qu\u2019il existe des couples de saints mari\u00e9s, hommes et femmes qui ont d\u00e9pass\u00e9 la simple exp\u00e9rience d\u2019union chr\u00e9tienne afin d\u2019unir leurs \u00e2mes \u00e0 un niveau encore plus haut, solennel, saint, justement. Et le sens de cette union, ils l\u2019ont naturellement transmis \u00e0 leurs enfants aussi, de<a href=\"https:\/\/www.holyart.fr\/blog\/articles-religieux\/lhistoire-de-sainte-anne-mere-de-marie\/\"> <strong>Saints Anne et Joachim<\/strong><\/a>, parents de la Sainte Vierge, \u00e0 <strong>Louis et Z\u00e9lie Martin<\/strong>, les parents de Sainte <a href=\"https:\/\/www.holyart.fr\/blog\/articles-religieux\/sainte-therese-de-lisieux-et-le-miracle-des-roses\/\"><strong>Th\u00e9r\u00e8se de Lisieux<\/strong> <\/a>et \u00e9galement le premier couple de saints mari\u00e9s canonis\u00e9s ensemble.<\/p>\n<div class=\"link-product\">\n<div class=\"blocco-immagine\"><img loading=\"lazy\" decoding=\"async\" class=\"size-full wp-image-7765 alignleft\" src=\"https:\/\/blog.holyart.it\/fr\/wp-content\/uploads\/sites\/14\/2024\/01\/Cadre-Sainte-Famille-verticale-resine-et-bois.jpg\" alt=\"Cadre Sainte Famille verticale r\u00e9sine et bois\" width=\"100\" height=\"100\" data-kale-share-title=\"La saintet\u00e9 dans le mariage : voici des couples de saints mari\u00e9s\" data-kale-share-url=\"https:\/\/blog.holyart.it\/fr\/?p=7758\" \/><\/div>\n<div class=\"blocco-contenuto\">\n<div class=\"blocco-acquista\">Acheter sur Holyart:<\/div>\n<div class=\"blocco-titolo\"><a href=\"https:\/\/www.holyart.fr\/articles-religieux\/cadeaux-et-souvenirs-pour-les-occasions-speciales\/cadre-sainte-famille-verticale-resine-et-bois?_gl=1*1sxwtz9*_ga*MjAyODIwNTUzOS4xNjgwNTA1OTc3*_ga_W18MV136NH*MTcwNDg3NDk1NS4zMjcuMC4xNzA0ODc0OTU1LjAuMC4w*_gcl_aw*R0NMLjE3MDQ4MDYwMTEuQ2owS0NRanc4cW1oQmhDbEFSSXNBTkF0Ym9mZ21KMm85dkV5S0JjLUdLUWIweWFCLU9EekR0N1ZQV2hnY1g4WW96M2haNGVTR0JkUjR1d2FBZzZrRUFMd193Y0I.*_gcl_au*MzQ2MTAxMTM4LjE2OTc4MDc3MzQ.\">Cadre Sainte Famille verticale r\u00e9sine et bois<\/a><\/div>\n<div class=\"blocco-descrizione\">Cadre Sainte Famille verticale r\u00e9sine et bois. Bas-relief vertical en r\u00e9sine blanche marbr\u00e9e repr\u00e9sentant la Sainte Famille&#8230;<\/div>\n<\/div>\n<\/div>\n<h2>Joseph et Marie<\/h2>\n<p>Nous connaissons tous l\u2019histoire du <a href=\"https:\/\/www.holyart.fr\/articles-religieux\/tapisseries-religieuses\/tapisserie-mariage-de-la-vierge-50x40-cm?_gl=1*1u0tpni*_gcl_aw*R0NMLjE3MDQ4MDYwMTEuQ2owS0NRanc4cW1oQmhDbEFSSXNBTkF0Ym9mZ21KMm85dkV5S0JjLUdLUWIweWFCLU9EekR0N1ZQV2hnY1g4WW96M2haNGVTR0JkUjR1d2FBZzZrRUFMd193Y0I.*_gcl_au*MzQ2MTAxMTM4LjE2OTc4MDc3MzQ.*_ga*MjAyODIwNTUzOS4xNjgwNTA1OTc3*_ga_W18MV136NH*MTcwNDg3NDk1NS4zMjcuMS4xNzA0ODc1Mzg4LjAuMC4w\"><strong>mariage de Marie et Joseph<\/strong><\/a>, rappel\u00e9 le 23 janvier et immortalis\u00e9 par de nombreux grands artistes du pass\u00e9 comme Rafa\u00ebl, pour n\u2019en citer qu\u2019un. Dans l\u2019\u00c9vangile de Matthieu (Matthieu 1 :18-25) nous lisons que Marie \u00e9tait promise \u00e0 Joseph, quand elle lui r\u00e9v\u00e9la \u00eatre enceinte. Rappelons que pour les Juifs le mariage s\u2019articulait en deux phases : les fian\u00e7ailles officielles, qui \u00e9taient d\u00e9j\u00e0 un mariage \u00e0 tous les effets, et, un an apr\u00e8s, l\u2019entr\u00e9e de la mari\u00e9e dans la maison de son \u00e9poux. De fait, donc, Marie et Joseph \u00e9taient d\u00e9j\u00e0 mari\u00e9s. Saint Joseph d\u00e9cida tout d\u2019abord de la r\u00e9pudier en secret, afin de ne pas l\u2019exposer \u00e0 un scandale, mais ensuite, visit\u00e9 en r\u00eave par l\u2019Archange Gabriel, qui l\u2019informa de la v\u00e9ritable nature de l\u2019enfant, choisit de rester \u00e0 ses c\u00f4t\u00e9s et de remplir ses devoirs de mari et p\u00e8re putatif du petit J\u00e9sus. \u00ab\u00a0<em>Joseph s\u2019\u00e9tant r\u00e9veill\u00e9 fit ce que l\u2019ange du Seigneur lui avait ordonn\u00e9, et prit sa femme avec lui. Mais il ne la connut point jusqu\u2019\u00e0 ce qu\u2019elle e\u00fbt enfant\u00e9 un fils, auquel il donna le nom de J\u00e9sus<\/em>\u00a0\u00bb (Matthieu 1,24-25).<\/p>\n<div class=\"link-product\">\n<div class=\"blocco-immagine\"><img loading=\"lazy\" decoding=\"async\" class=\"size-full wp-image-7768 alignleft\" src=\"https:\/\/blog.holyart.it\/fr\/wp-content\/uploads\/sites\/14\/2024\/01\/Tapisserie-Mariage-de-la-Vierge-50x40-cm.jpg\" alt=\"Tapisserie Mariage de la Vierge 50x40 cm\" width=\"100\" height=\"100\" data-kale-share-title=\"La saintet\u00e9 dans le mariage : voici des couples de saints mari\u00e9s\" data-kale-share-url=\"https:\/\/blog.holyart.it\/fr\/?p=7758\" \/><\/div>\n<div class=\"blocco-contenuto\">\n<div class=\"blocco-acquista\">Acheter sur Holyart:<\/div>\n<div class=\"blocco-titolo\"><a href=\"https:\/\/www.holyart.fr\/articles-religieux\/tapisseries-religieuses\/tapisserie-mariage-de-la-vierge-50x40-cm?_gl=1*1u0tpni*_gcl_aw*R0NMLjE3MDQ4MDYwMTEuQ2owS0NRanc4cW1oQmhDbEFSSXNBTkF0Ym9mZ21KMm85dkV5S0JjLUdLUWIweWFCLU9EekR0N1ZQV2hnY1g4WW96M2haNGVTR0JkUjR1d2FBZzZrRUFMd193Y0I.*_gcl_au*MzQ2MTAxMTM4LjE2OTc4MDc3MzQ.*_ga*MjAyODIwNTUzOS4xNjgwNTA1OTc3*_ga_W18MV136NH*MTcwNDg3NDk1NS4zMjcuMS4xNzA0ODc1Mzg4LjAuMC4w\">Tapisserie Mariage de la Vierge 50&#215;40 cm<\/a><\/div>\n<div class=\"blocco-descrizione\">Tapisserie Mariage de la Vierge 50&#215;40 cm. Tapisserie de \u00ab\u00a0Le Mariage de la Vierge\u00a0\u00bb de Rapha\u00ebl de 50&#215;40 cm&#8230;<\/div>\n<\/div>\n<\/div>\n<p>Joseph et Marie \u00e9taient donc mari\u00e9s et ensemble ont donn\u00e9 vie \u00e0 la premi\u00e8re <strong>repr\u00e9sentation iconique d\u2019un noyau familial<\/strong> : un mari et p\u00e8re aimant et protecteur, une m\u00e8re jeune et tr\u00e8s douce, \u00e0 laquelle ensuite s\u2019unira le petit J\u00e9sus. Ceci est le mod\u00e8le de famille chr\u00e9tienne que nous connaissons tous et il est int\u00e9ressant de remarquer comment elle a commenc\u00e9 avec le risque d\u2019un abandon de la part de Saint Joseph, d\u00e9jou\u00e9 uniquement par l\u2019intervention divine et par la grande foi de cet homme doux et bon. Du reste, Dieu choisit Joseph de Nazareth, ainsi que Marie, en les destinant l\u2019un \u00e0 l\u2019autre, descendants de la lign\u00e9e du Roi David, destin\u00e9s \u00e0 vivre dans la chastet\u00e9 et la puret\u00e9.<\/p>\n<h2>Sainte Anne et Saint Joachim<\/h2>\n<p>Joachim et Anne \u00e9taient avec toute probabilit\u00e9 tous les deux membres de la classe sacerdotales juives. Malheureusement, malgr\u00e9 de nombreuses tentatives, ils n\u2019arrivaient pas \u00e0 avoir un enfant, ainsi comme Ism\u00e9rie, s\u0153ur d\u2019Anne, et son \u00e9poux. Joachim, opprim\u00e9 par le d\u00e9shonneur de ne pas arriver \u00e0 \u00eatre p\u00e8re, se retira dans le d\u00e9sert, au milieu des bergers, et c\u2019est justement l\u00e0 qu\u2019un Ange le rejoignit, en lui annon\u00e7ant que bient\u00f4t un enfant serait n\u00e9. Anne avait eu la m\u00eame r\u00e9v\u00e9lation et les deux se rencontr\u00e8rent sous la Porte Dor\u00e9e de J\u00e9rusalem, o\u00f9 ils s\u2019embrass\u00e8rent, en resoudant leur union. Selon la l\u00e9gende, ce fut de ce baiser infiniment consolateur que la <a href=\"https:\/\/www.holyart.fr\/articles-religieux\/statues\/statues-en-bois-peint\/statue-immaculee-conception-de-murillo-bois-val-gardena?_gl=1*fzblrj*_gcl_aw*R0NMLjE3MDQ4MDYwMTEuQ2owS0NRanc4cW1oQmhDbEFSSXNBTkF0Ym9mZ21KMm85dkV5S0JjLUdLUWIweWFCLU9EekR0N1ZQV2hnY1g4WW96M2haNGVTR0JkUjR1d2FBZzZrRUFMd193Y0I.*_gcl_au*MzQ2MTAxMTM4LjE2OTc4MDc3MzQ.*_ga*MjAyODIwNTUzOS4xNjgwNTA1OTc3*_ga_W18MV136NH*MTcwNDg3NDk1NS4zMjcuMS4xNzA0ODc1NTk0LjAuMC4w\"><strong>Vierge Marie fut con\u00e7ue sans p\u00e9ch\u00e9<\/strong><\/a>.<\/p>\n<div class=\"link-product\">\n<div class=\"blocco-immagine\"><img loading=\"lazy\" decoding=\"async\" class=\"size-full wp-image-7771 alignleft\" src=\"https:\/\/blog.holyart.it\/fr\/wp-content\/uploads\/sites\/14\/2024\/01\/Statue-Immaculee-Conception-de-Murillo-bois-Val-Gardena.jpg\" alt=\"Statue Immacul\u00e9e Conception de Murillo bois Val Gardena\" width=\"100\" height=\"100\" data-kale-share-title=\"La saintet\u00e9 dans le mariage : voici des couples de saints mari\u00e9s\" data-kale-share-url=\"https:\/\/blog.holyart.it\/fr\/?p=7758\" \/><\/div>\n<div class=\"blocco-contenuto\">\n<div class=\"blocco-acquista\">Acheter sur Holyart:<\/div>\n<div class=\"blocco-titolo\"><a href=\"https:\/\/www.holyart.fr\/articles-religieux\/statues\/statues-en-bois-peint\/statue-immaculee-conception-de-murillo-bois-val-gardena?_gl=1*fzblrj*_gcl_aw*R0NMLjE3MDQ4MDYwMTEuQ2owS0NRanc4cW1oQmhDbEFSSXNBTkF0Ym9mZ21KMm85dkV5S0JjLUdLUWIweWFCLU9EekR0N1ZQV2hnY1g4WW96M2haNGVTR0JkUjR1d2FBZzZrRUFMd193Y0I.*_gcl_au*MzQ2MTAxMTM4LjE2OTc4MDc3MzQ.*_ga*MjAyODIwNTUzOS4xNjgwNTA1OTc3*_ga_W18MV136NH*MTcwNDg3NDk1NS4zMjcuMS4xNzA0ODc1NTk0LjAuMC4w\">Statue Immacul\u00e9e Conception de Murillo bois Val Gardena<\/a><\/div>\n<div class=\"blocco-descrizione\">Statue Immacul\u00e9e Conception de Murillo peinte en bois&#8230;<\/div>\n<\/div>\n<\/div>\n<h2>Saints \u00c9lisabeth et Zacharie<\/h2>\n<p>Sainte \u00c9lisabeth aussi, cousine de Marie (elle \u00e9tait fille d\u2019Ism\u00e9rie), et Saint Zacharie ne pouvaient pas avoir d\u2019enfants. Ils \u00e9taient tous les deux d\u00e9j\u00e0 \u00e2g\u00e9s quand Zacharie, en train d\u2019exercer ses fonctions au Temple, eut une vision\u00a0: l\u2019Archange Gabriel lui annon\u00e7a la naissance d\u2019un enfant. Mais Zacharie ne lui crut point, et Gabriel le fit devenir muet. Uniquement apr\u00e8s la naissance de l\u2019enfant, qui fut appel\u00e9 Jean, comme l\u2019Ange l\u2019avait ordonn\u00e9, Zacharie retrouva la parole. L\u2019enfant serait devenu un jour <a href=\"https:\/\/www.holyart.fr\/blog\/saints-et-bienheureux\/24-juin-saint-jean-le-baptiste\/\"><strong>Jean le Baptiste<\/strong><\/a>. C\u00e9l\u00e8bre est l\u2019histoire de la visite de Marie \u00e0 sa cousine \u00c9lisabeth, quand cette derni\u00e8re \u00e9tait au sixi\u00e8me mois de sa grossesse. Au salut de Marie, l\u2019enfant dans son ventre sursauta, reconnaissant la future m\u00e8re de J\u00e9sus. \u00c9lisabeth salua Marie comme \u00ab\u00a0<em>b\u00e9nite parmi les femmes<\/em>\u00a0\u00bb. Il s\u2019agit de la c\u00e9l\u00e8bre <strong>Visitation de la Bienheureuse Vierge Marie<\/strong>, rappel\u00e9e par l\u2019\u00e9glise le 31 mai.<\/p>\n<div class=\"link-article\">\n<p><img loading=\"lazy\" decoding=\"async\" class=\"size-full wp-image-7774 alignleft\" src=\"https:\/\/blog.holyart.it\/fr\/wp-content\/uploads\/sites\/14\/2024\/01\/Saint-Jean-le-Baptiste.jpg\" alt=\"Saint Jean le Baptiste\" width=\"150\" height=\"101\" data-kale-share-title=\"La saintet\u00e9 dans le mariage : voici des couples de saints mari\u00e9s\" data-kale-share-url=\"https:\/\/blog.holyart.it\/fr\/?p=7758\" \/><\/p>\n<div class=\"leggi-anche\">Lire aussi :<\/div>\n<p><strong><a href=\"https:\/\/www.holyart.fr\/blog\/saints-et-bienheureux\/24-juin-saint-jean-le-baptiste\/\">24 juin : Saint Jean le Baptiste<\/a><\/strong><br \/>\nLe 24 juin nous f\u00eatons la naissance de Saint Jean le Baptiste, un des Saints les plus v\u00e9n\u00e9r\u00e9s au monde, dernier proph\u00e8te de l\u2019Ancien Testament&#8230;<\/p>\n<\/div>\n<h2>Aquila et Priscille<\/h2>\n<p>Sainte Priscille et son \u00e9poux Saint Aquila \u00e9taient deux juifs convertis au Christianisme par <a href=\"https:\/\/www.holyart.fr\/blog\/saints-et-bienheureux\/foudroye-sur-la-route-de-damas-dou-vient-cette-expression\/\"><strong><u>Saint Paul<\/u><\/strong><\/a>, qui fut leur h\u00f4te lors de sa visite \u00e0 Corinthe. Afin de suivre le Saint homme, ils se mirent en route pour \u00c9ph\u00e8se et ensuite pour Rome, o\u00f9 ils devinrent ap\u00f4tres de l\u2019\u00e9vangile et connurent probablement le martyre par d\u00e9capitation.<\/p>\n<div class=\"link-article\">\n<p><img loading=\"lazy\" decoding=\"async\" class=\"size-full wp-image-7777 alignleft\" src=\"https:\/\/blog.holyart.it\/fr\/wp-content\/uploads\/sites\/14\/2024\/01\/Foudroye-sur-la-route-de-Damas.jpg\" alt=\"Foudroy\u00e9 sur la route de Damas\" width=\"150\" height=\"99\" data-kale-share-title=\"La saintet\u00e9 dans le mariage : voici des couples de saints mari\u00e9s\" data-kale-share-url=\"https:\/\/blog.holyart.it\/fr\/?p=7758\" \/><\/p>\n<div class=\"leggi-anche\">Lire aussi :<\/div>\n<p><strong><a href=\"https:\/\/www.holyart.fr\/blog\/saints-et-bienheureux\/foudroye-sur-la-route-de-damas-dou-vient-cette-expression\/\">Foudroy\u00e9 sur la route de Damas : d\u2019o\u00f9 vient cette expression ?<\/a><\/strong><br \/>\nFoudroy\u00e9 sur la route de Damas, une expression qui cache une histoire de foi et de conversion spirituelle profonde. Le protagoniste ? &#8230;<\/p>\n<\/div>\n<h2>Louis et Z\u00e9lie Martin<\/h2>\n<p>Louis Martin et Marie-Az\u00e9lie (Z\u00e9lie) Gu\u00e9rin se rencontr\u00e8rent aupr\u00e8s du pont Saint L\u00e9onard \u00e0 Alen\u00e7on en avril 1858 et, depuis lors, ils unirent leur exp\u00e9rience humaine et religieuse, en se mariant et en restant ensemble jusqu\u2019\u00e0 la mort. Profond\u00e9ment d\u00e9vots, d\u00e9di\u00e9s \u00e0 la charit\u00e9 et \u00e0 une liturgie domestique quotidienne faite de pri\u00e8re, charit\u00e9 et pratiques pieuses, ils furent parents de neuf enfants. Les cinq filles surv\u00e9curent et devirent religieuses et, parmi elles, se distingue <strong>Sainte Th\u00e9r\u00e8se de l\u2019Enfant-J\u00e9sus <\/strong>ou <strong>Th\u00e9r\u00e8se de l\u2019Enfant-J\u00e9sus et de la Sainte-Fac<\/strong>e, i.e. <a href=\"https:\/\/www.holyart.fr\/articles-religieux\/statues\/statues-en-bois-peint\/sainte-therese-de-lisieux-ou-de-lenfant-jesus-peint-val-gardena?_gl=1*tj99ru*_gcl_aw*R0NMLjE3MDQ4MDYwMTEuQ2owS0NRanc4cW1oQmhDbEFSSXNBTkF0Ym9mZ21KMm85dkV5S0JjLUdLUWIweWFCLU9EekR0N1ZQV2hnY1g4WW96M2haNGVTR0JkUjR1d2FBZzZrRUFMd193Y0I.*_gcl_au*MzQ2MTAxMTM4LjE2OTc4MDc3MzQ.*_ga*MjAyODIwNTUzOS4xNjgwNTA1OTc3*_ga_W18MV136NH*MTcwNDg3NDk1NS4zMjcuMS4xNzA0ODc2MTQ4LjAuMC4w\"><strong>Sainte Th\u00e9r\u00e8se de Lisieux<\/strong><\/a>, canonis\u00e9e en 1925 et proclam\u00e9e Docteur de l\u2019\u00c9glise en 1997. Z\u00e9lie mourut en 1877, Louis en 1894 et ils furent b\u00e9atifi\u00e9s par pape Beno\u00eet XVI en 2008 \u00e0 Lisieux, premiers parmi les saints mari\u00e9s. L\u2019\u00c9glise les rappelle le 12 juillet.<\/p>\n<div class=\"link-product\">\n<div class=\"blocco-immagine\"><img loading=\"lazy\" decoding=\"async\" class=\"size-full wp-image-7779 alignleft\" src=\"https:\/\/blog.holyart.it\/fr\/wp-content\/uploads\/sites\/14\/2024\/01\/Sainte-Therese-de-Lisieux-ou-de-lEnfant-Jesus-peint-Val-Gardena.jpg\" alt=\"Sainte Th\u00e9r\u00e8se de Lisieux ou de l'Enfant J\u00e9sus peint Val Gardena\" width=\"100\" height=\"100\" data-kale-share-title=\"La saintet\u00e9 dans le mariage : voici des couples de saints mari\u00e9s\" data-kale-share-url=\"https:\/\/blog.holyart.it\/fr\/?p=7758\" \/><\/div>\n<div class=\"blocco-contenuto\">\n<div class=\"blocco-acquista\">Acheter sur Holyart:<\/div>\n<div class=\"blocco-titolo\"><a href=\"https:\/\/www.holyart.fr\/articles-religieux\/statues\/statues-en-bois-peint\/sainte-therese-de-lisieux-ou-de-lenfant-jesus-peint-val-gardena?_gl=1*tj99ru*_gcl_aw*R0NMLjE3MDQ4MDYwMTEuQ2owS0NRanc4cW1oQmhDbEFSSXNBTkF0Ym9mZ21KMm85dkV5S0JjLUdLUWIweWFCLU9EekR0N1ZQV2hnY1g4WW96M2haNGVTR0JkUjR1d2FBZzZrRUFMd193Y0I.*_gcl_au*MzQ2MTAxMTM4LjE2OTc4MDc3MzQ.*_ga*MjAyODIwNTUzOS4xNjgwNTA1OTc3*_ga_W18MV136NH*MTcwNDg3NDk1NS4zMjcuMS4xNzA0ODc2MTQ4LjAuMC4w\">Sainte Th\u00e9r\u00e8se de Lisieux ou de l&rsquo;Enfant J\u00e9sus peint Val Gardena<\/a><\/div>\n<div class=\"blocco-descrizione\">Sainte Th\u00e9r\u00e8se de Lisieux ou de l&rsquo;Enfant J\u00e9sus peint&#8230;<\/div>\n<\/div>\n<\/div>\n<h2>Saint Isidore et Sainte Maria Toribia<\/h2>\n<p>Saint Isidore de Madrid, \u00e9galement appel\u00e9 Saint Isidore l\u2019agriculteur, et sa femme, Maria Toribia, \u00e9taient tous les deux des paysans tr\u00e8s pauvres. Ils v\u00e9curent autour de l\u2019an Mille, en Espagne, et partag\u00e8rent une vie faite de dur labeur, mais aussi de d\u00e9votion, piti\u00e9 et charit\u00e9 envers les plus pauvres. Tous les deux analphab\u00e8tes, ils ant\u00e9posaient souvent le <strong>dialogue avec Dieu<\/strong> au travail, gagnant pour cela l\u2019envie et la jalousie de la part des autres. Mod\u00e8le de foi et de mis\u00e9ricorde l\u2019un pour l\u2019autre, ils partag\u00e8rent chaque douleur et chaque joie, unis dans une gr\u00e2ce d\u2019esprit qui transcendait leur humble condition.<\/p>\n<h2>Sainte Sylvie et Saint Gordien<\/h2>\n<p>Sainte Sylvie fut la m\u00e8re de <a href=\"https:\/\/www.holyart.fr\/blog\/saints-et-bienheureux\/saint-gregoire-le-grand-pape-et-docteur-de-leglise\/\"><strong>pape Gr\u00e9goire Ier<\/strong><\/a>, Saint et Docteur de l\u2019\u00c9glise. Elle et son mari Gordien v\u00e9curent \u00e0 Rome au VIe si\u00e8cle apr. J.-C., elle femme noble et lui s\u00e9nateur. Unis par l\u2019amour pour Dieu, ils v\u00e9curent dans deux familles c\u00e9l\u00e8bres pour leur d\u00e9votion et spiritualit\u00e9. Les deux s\u0153urs de Gordien aussi vivaient une vie presque monastique. Quand Sylvie resta veuve, elle embrassa la r\u00e8gle b\u00e9n\u00e9dictine et v\u00e9cut le restant de sa vie en se partageant \u00e0 son tour entre pri\u00e8re et \u0153uvres de charit\u00e9, mais en prenant toujours soin de son fils, dont la sant\u00e9 \u00e9tait d\u00e9licate.<\/p>\n<div class=\"link-article\">\n<p><img loading=\"lazy\" decoding=\"async\" class=\"size-full wp-image-7783 alignleft\" src=\"https:\/\/blog.holyart.it\/fr\/wp-content\/uploads\/sites\/14\/2024\/01\/Saint-Gregoire-le-Grand.jpeg\" alt=\"Saint Gr\u00e9goire le Grand\" width=\"150\" height=\"99\" data-kale-share-title=\"La saintet\u00e9 dans le mariage : voici des couples de saints mari\u00e9s\" data-kale-share-url=\"https:\/\/blog.holyart.it\/fr\/?p=7758\" \/><\/p>\n<div class=\"leggi-anche\">Lire aussi :<\/div>\n<p><strong><a href=\"https:\/\/www.holyart.fr\/blog\/saints-et-bienheureux\/saint-gregoire-le-grand-pape-et-docteur-de-leglise\/\">Saint Gr\u00e9goire le Grand, pape et docteur de l\u2019\u00c9glise<\/a><\/strong><br \/>\nSaint Gr\u00e9goire le Grand, le \u00ab consul de Dieu \u00bb, v\u00e9n\u00e9r\u00e9 comme saint et docteur de l\u2019\u00c9glise. Mais qui \u00e9tait cet homme extraordinaire ?<\/p>\n<\/div>\n<p>&nbsp;<\/p>\n<p>Meta description\u00a0: Hommes et femmes saints mari\u00e9s. Voici les couples dont l\u2019\u00c9glise c\u00e9l\u00e8bre la m\u00e9moire. Quand amour et foi s\u2019unissent aux liens sacr\u00e9s du mariage b\u00e9ni par Christ.<\/p>\n","protected":false},"excerpt":{"rendered":"<p>Unis devant les hommes et devant Dieu, ils furent capables d\u2019aller au-del\u00e0 et de partager le chemin de la Foi jusqu\u2019\u00e0 la saintet\u00e9. Voici les Saints Mari\u00e9s de l\u2019\u00c9glise. Dans un article pr\u00e9c\u00e9dent, nous nous sommes attard\u00e9s sur les histoires de fr\u00e8res et s\u0153urs devenus&hellip;<\/p>\n","protected":false},"author":1,"featured_media":7764,"comment_status":"closed","ping_status":"open","sticky":false,"template":"","format":"standard","meta":{"_acf_changed":false,"footnotes":""},"categories":[7],"tags":[],"class_list":["post-7758","post","type-post","status-publish","format-standard","has-post-thumbnail","hentry","category-saints-et-bienheureux"],"acf":[],"yoast_head":"<!-- This site is optimized with the Yoast SEO plugin v26.6 - https:\/\/yoast.com\/wordpress\/plugins\/seo\/ -->\n<title>La saintet\u00e9 dans le mariage : voici des couples de saints mari\u00e9s - Holyart.fr Blog<\/title>\n<meta name=\"description\" content=\"Unis devant les hommes et devant Dieu, ils furent capables d\u2019aller au-del\u00e0 et de partager le chemin de la Foi jusqu\u2019\u00e0 la saintet\u00e9...\" \/>\n<meta name=\"robots\" content=\"index, follow, max-snippet:-1, max-image-preview:large, max-video-preview:-1\" \/>\n<link rel=\"canonical\" href=\"https:\/\/blog.holyart.it\/fr\/saints-et-bienheureux\/la-saintete-dans-le-mariage-voici-des-couples-de-saints-maries\/\" \/>\n<meta property=\"og:locale\" content=\"fr_FR\" \/>\n<meta property=\"og:type\" content=\"article\" \/>\n<meta property=\"og:title\" content=\"La saintet\u00e9 dans le mariage : voici des couples de saints mari\u00e9s - Holyart.fr Blog\" \/>\n<meta property=\"og:description\" content=\"Unis devant les hommes et devant Dieu, ils furent capables d\u2019aller au-del\u00e0 et de partager le chemin de la Foi jusqu\u2019\u00e0 la saintet\u00e9...\" \/>\n<meta property=\"og:url\" content=\"https:\/\/blog.holyart.it\/fr\/saints-et-bienheureux\/la-saintete-dans-le-mariage-voici-des-couples-de-saints-maries\/\" \/>\n<meta property=\"og:site_name\" content=\"Holyart.fr Blog\" \/>\n<meta property=\"article:published_time\" content=\"2024-01-31T09:00:18+00:00\" \/>\n<meta property=\"article:modified_time\" content=\"2026-04-07T14:03:00+00:00\" \/>\n<meta property=\"og:image\" content=\"https:\/\/blog.holyart.it\/fr\/wp-content\/uploads\/sites\/14\/2024\/01\/La-saintete-dans-le-mariage.jpg\" \/>\n\t<meta property=\"og:image:width\" content=\"1000\" \/>\n\t<meta property=\"og:image:height\" content=\"666\" \/>\n\t<meta property=\"og:image:type\" content=\"image\/jpeg\" \/>\n<meta name=\"author\" content=\"Redazione\" \/>\n<meta name=\"twitter:card\" content=\"summary_large_image\" \/>\n<meta name=\"twitter:label1\" content=\"\u00c9crit par\" \/>\n\t<meta name=\"twitter:data1\" content=\"Redazione\" \/>\n\t<meta name=\"twitter:label2\" content=\"Dur\u00e9e de lecture estim\u00e9e\" \/>\n\t<meta name=\"twitter:data2\" content=\"10 minutes\" \/>\n<script type=\"application\/ld+json\" class=\"yoast-schema-graph\">{\"@context\":\"https:\/\/schema.org\",\"@graph\":[{\"@type\":\"Article\",\"@id\":\"https:\/\/blog.holyart.it\/fr\/saints-et-bienheureux\/la-saintete-dans-le-mariage-voici-des-couples-de-saints-maries\/#article\",\"isPartOf\":{\"@id\":\"https:\/\/blog.holyart.it\/fr\/saints-et-bienheureux\/la-saintete-dans-le-mariage-voici-des-couples-de-saints-maries\/\"},\"author\":{\"name\":\"Redazione\",\"@id\":\"https:\/\/blog.holyart.it\/fr\/#\/schema\/person\/0a7b686e5af0f856ec1e390dd0baecda\"},\"headline\":\"La saintet\u00e9 dans le mariage : voici des couples de saints mari\u00e9s\",\"datePublished\":\"2024-01-31T09:00:18+00:00\",\"dateModified\":\"2026-04-07T14:03:00+00:00\",\"mainEntityOfPage\":{\"@id\":\"https:\/\/blog.holyart.it\/fr\/saints-et-bienheureux\/la-saintete-dans-le-mariage-voici-des-couples-de-saints-maries\/\"},\"wordCount\":1811,\"publisher\":{\"@id\":\"https:\/\/blog.holyart.it\/fr\/#organization\"},\"image\":{\"@id\":\"https:\/\/blog.holyart.it\/fr\/saints-et-bienheureux\/la-saintete-dans-le-mariage-voici-des-couples-de-saints-maries\/#primaryimage\"},\"thumbnailUrl\":\"https:\/\/blog.holyart.it\/fr\/wp-content\/uploads\/sites\/14\/2024\/01\/La-saintete-dans-le-mariage.jpg\",\"articleSection\":[\"Saints et Bienheureux\"],\"inLanguage\":\"fr-FR\"},{\"@type\":\"WebPage\",\"@id\":\"https:\/\/blog.holyart.it\/fr\/saints-et-bienheureux\/la-saintete-dans-le-mariage-voici-des-couples-de-saints-maries\/\",\"url\":\"https:\/\/blog.holyart.it\/fr\/saints-et-bienheureux\/la-saintete-dans-le-mariage-voici-des-couples-de-saints-maries\/\",\"name\":\"La saintet\u00e9 dans le mariage : voici des couples de saints mari\u00e9s - Holyart.fr Blog\",\"isPartOf\":{\"@id\":\"https:\/\/blog.holyart.it\/fr\/#website\"},\"primaryImageOfPage\":{\"@id\":\"https:\/\/blog.holyart.it\/fr\/saints-et-bienheureux\/la-saintete-dans-le-mariage-voici-des-couples-de-saints-maries\/#primaryimage\"},\"image\":{\"@id\":\"https:\/\/blog.holyart.it\/fr\/saints-et-bienheureux\/la-saintete-dans-le-mariage-voici-des-couples-de-saints-maries\/#primaryimage\"},\"thumbnailUrl\":\"https:\/\/blog.holyart.it\/fr\/wp-content\/uploads\/sites\/14\/2024\/01\/La-saintete-dans-le-mariage.jpg\",\"datePublished\":\"2024-01-31T09:00:18+00:00\",\"dateModified\":\"2026-04-07T14:03:00+00:00\",\"description\":\"Unis devant les hommes et devant Dieu, ils furent capables d\u2019aller au-del\u00e0 et de partager le chemin de la Foi jusqu\u2019\u00e0 la saintet\u00e9...\",\"breadcrumb\":{\"@id\":\"https:\/\/blog.holyart.it\/fr\/saints-et-bienheureux\/la-saintete-dans-le-mariage-voici-des-couples-de-saints-maries\/#breadcrumb\"},\"inLanguage\":\"fr-FR\",\"potentialAction\":[{\"@type\":\"ReadAction\",\"target\":[\"https:\/\/blog.holyart.it\/fr\/saints-et-bienheureux\/la-saintete-dans-le-mariage-voici-des-couples-de-saints-maries\/\"]}]},{\"@type\":\"ImageObject\",\"inLanguage\":\"fr-FR\",\"@id\":\"https:\/\/blog.holyart.it\/fr\/saints-et-bienheureux\/la-saintete-dans-le-mariage-voici-des-couples-de-saints-maries\/#primaryimage\",\"url\":\"https:\/\/blog.holyart.it\/fr\/wp-content\/uploads\/sites\/14\/2024\/01\/La-saintete-dans-le-mariage.jpg\",\"contentUrl\":\"https:\/\/blog.holyart.it\/fr\/wp-content\/uploads\/sites\/14\/2024\/01\/La-saintete-dans-le-mariage.jpg\",\"width\":1000,\"height\":666,\"caption\":\"La saintet\u00e9 dans le mariage\"},{\"@type\":\"BreadcrumbList\",\"@id\":\"https:\/\/blog.holyart.it\/fr\/saints-et-bienheureux\/la-saintete-dans-le-mariage-voici-des-couples-de-saints-maries\/#breadcrumb\",\"itemListElement\":[{\"@type\":\"ListItem\",\"position\":1,\"name\":\"Homepage\",\"item\":\"https:\/\/blog.holyart.it\/fr\/\"},{\"@type\":\"ListItem\",\"position\":2,\"name\":\"Saints et Bienheureux\",\"item\":\"https:\/\/blog.holyart.it\/fr\/saints-et-bienheureux\/\"},{\"@type\":\"ListItem\",\"position\":3,\"name\":\"La saintet\u00e9 dans le mariage : voici des couples de saints mari\u00e9s\"}]},{\"@type\":\"WebSite\",\"@id\":\"https:\/\/blog.holyart.it\/fr\/#website\",\"url\":\"https:\/\/blog.holyart.it\/fr\/\",\"name\":\"Holyart.fr Blog\",\"description\":\"Holyblog\",\"publisher\":{\"@id\":\"https:\/\/blog.holyart.it\/fr\/#organization\"},\"potentialAction\":[{\"@type\":\"SearchAction\",\"target\":{\"@type\":\"EntryPoint\",\"urlTemplate\":\"https:\/\/blog.holyart.it\/fr\/?s={search_term_string}\"},\"query-input\":{\"@type\":\"PropertyValueSpecification\",\"valueRequired\":true,\"valueName\":\"search_term_string\"}}],\"inLanguage\":\"fr-FR\"},{\"@type\":\"Organization\",\"@id\":\"https:\/\/blog.holyart.it\/fr\/#organization\",\"name\":\"Holyart.fr Blog\",\"url\":\"https:\/\/blog.holyart.it\/fr\/\",\"logo\":{\"@type\":\"ImageObject\",\"inLanguage\":\"fr-FR\",\"@id\":\"https:\/\/blog.holyart.it\/fr\/#\/schema\/logo\/image\/\",\"url\":\"https:\/\/blog.holyart.it\/fr\/wp-content\/uploads\/sites\/14\/2022\/12\/Holyart_Blog_Logo.jpg\",\"contentUrl\":\"https:\/\/blog.holyart.it\/fr\/wp-content\/uploads\/sites\/14\/2022\/12\/Holyart_Blog_Logo.jpg\",\"width\":300,\"height\":50,\"caption\":\"Holyart.fr Blog\"},\"image\":{\"@id\":\"https:\/\/blog.holyart.it\/fr\/#\/schema\/logo\/image\/\"}},{\"@type\":\"Person\",\"@id\":\"https:\/\/blog.holyart.it\/fr\/#\/schema\/person\/0a7b686e5af0f856ec1e390dd0baecda\",\"name\":\"Redazione\",\"image\":{\"@type\":\"ImageObject\",\"inLanguage\":\"fr-FR\",\"@id\":\"https:\/\/blog.holyart.it\/fr\/#\/schema\/person\/image\/\",\"url\":\"https:\/\/secure.gravatar.com\/avatar\/f477da817f43e50d0af36abecd33e3edf826c68299714bdc1057dff3b113f516?s=96&d=mm&r=g\",\"contentUrl\":\"https:\/\/secure.gravatar.com\/avatar\/f477da817f43e50d0af36abecd33e3edf826c68299714bdc1057dff3b113f516?s=96&d=mm&r=g\",\"caption\":\"Redazione\"},\"url\":\"https:\/\/blog.holyart.it\/fr\/author\/admin\/\"}]}<\/script>\n<!-- \/ Yoast SEO plugin. -->","yoast_head_json":{"title":"La saintet\u00e9 dans le mariage : voici des couples de saints mari\u00e9s - Holyart.fr Blog","description":"Unis devant les hommes et devant Dieu, ils furent capables d\u2019aller au-del\u00e0 et de partager le chemin de la Foi jusqu\u2019\u00e0 la saintet\u00e9...","robots":{"index":"index","follow":"follow","max-snippet":"max-snippet:-1","max-image-preview":"max-image-preview:large","max-video-preview":"max-video-preview:-1"},"canonical":"https:\/\/blog.holyart.it\/fr\/saints-et-bienheureux\/la-saintete-dans-le-mariage-voici-des-couples-de-saints-maries\/","og_locale":"fr_FR","og_type":"article","og_title":"La saintet\u00e9 dans le mariage : voici des couples de saints mari\u00e9s - Holyart.fr Blog","og_description":"Unis devant les hommes et devant Dieu, ils furent capables d\u2019aller au-del\u00e0 et de partager le chemin de la Foi jusqu\u2019\u00e0 la saintet\u00e9...","og_url":"https:\/\/blog.holyart.it\/fr\/saints-et-bienheureux\/la-saintete-dans-le-mariage-voici-des-couples-de-saints-maries\/","og_site_name":"Holyart.fr Blog","article_published_time":"2024-01-31T09:00:18+00:00","article_modified_time":"2026-04-07T14:03:00+00:00","og_image":[{"width":1000,"height":666,"url":"https:\/\/blog.holyart.it\/fr\/wp-content\/uploads\/sites\/14\/2024\/01\/La-saintete-dans-le-mariage.jpg","type":"image\/jpeg"}],"author":"Redazione","twitter_card":"summary_large_image","twitter_misc":{"\u00c9crit par":"Redazione","Dur\u00e9e de lecture estim\u00e9e":"10 minutes"},"schema":{"@context":"https:\/\/schema.org","@graph":[{"@type":"Article","@id":"https:\/\/blog.holyart.it\/fr\/saints-et-bienheureux\/la-saintete-dans-le-mariage-voici-des-couples-de-saints-maries\/#article","isPartOf":{"@id":"https:\/\/blog.holyart.it\/fr\/saints-et-bienheureux\/la-saintete-dans-le-mariage-voici-des-couples-de-saints-maries\/"},"author":{"name":"Redazione","@id":"https:\/\/blog.holyart.it\/fr\/#\/schema\/person\/0a7b686e5af0f856ec1e390dd0baecda"},"headline":"La saintet\u00e9 dans le mariage : voici des couples de saints mari\u00e9s","datePublished":"2024-01-31T09:00:18+00:00","dateModified":"2026-04-07T14:03:00+00:00","mainEntityOfPage":{"@id":"https:\/\/blog.holyart.it\/fr\/saints-et-bienheureux\/la-saintete-dans-le-mariage-voici-des-couples-de-saints-maries\/"},"wordCount":1811,"publisher":{"@id":"https:\/\/blog.holyart.it\/fr\/#organization"},"image":{"@id":"https:\/\/blog.holyart.it\/fr\/saints-et-bienheureux\/la-saintete-dans-le-mariage-voici-des-couples-de-saints-maries\/#primaryimage"},"thumbnailUrl":"https:\/\/blog.holyart.it\/fr\/wp-content\/uploads\/sites\/14\/2024\/01\/La-saintete-dans-le-mariage.jpg","articleSection":["Saints et Bienheureux"],"inLanguage":"fr-FR"},{"@type":"WebPage","@id":"https:\/\/blog.holyart.it\/fr\/saints-et-bienheureux\/la-saintete-dans-le-mariage-voici-des-couples-de-saints-maries\/","url":"https:\/\/blog.holyart.it\/fr\/saints-et-bienheureux\/la-saintete-dans-le-mariage-voici-des-couples-de-saints-maries\/","name":"La saintet\u00e9 dans le mariage : voici des couples de saints mari\u00e9s - Holyart.fr Blog","isPartOf":{"@id":"https:\/\/blog.holyart.it\/fr\/#website"},"primaryImageOfPage":{"@id":"https:\/\/blog.holyart.it\/fr\/saints-et-bienheureux\/la-saintete-dans-le-mariage-voici-des-couples-de-saints-maries\/#primaryimage"},"image":{"@id":"https:\/\/blog.holyart.it\/fr\/saints-et-bienheureux\/la-saintete-dans-le-mariage-voici-des-couples-de-saints-maries\/#primaryimage"},"thumbnailUrl":"https:\/\/blog.holyart.it\/fr\/wp-content\/uploads\/sites\/14\/2024\/01\/La-saintete-dans-le-mariage.jpg","datePublished":"2024-01-31T09:00:18+00:00","dateModified":"2026-04-07T14:03:00+00:00","description":"Unis devant les hommes et devant Dieu, ils furent capables d\u2019aller au-del\u00e0 et de partager le chemin de la Foi jusqu\u2019\u00e0 la saintet\u00e9...","breadcrumb":{"@id":"https:\/\/blog.holyart.it\/fr\/saints-et-bienheureux\/la-saintete-dans-le-mariage-voici-des-couples-de-saints-maries\/#breadcrumb"},"inLanguage":"fr-FR","potentialAction":[{"@type":"ReadAction","target":["https:\/\/blog.holyart.it\/fr\/saints-et-bienheureux\/la-saintete-dans-le-mariage-voici-des-couples-de-saints-maries\/"]}]},{"@type":"ImageObject","inLanguage":"fr-FR","@id":"https:\/\/blog.holyart.it\/fr\/saints-et-bienheureux\/la-saintete-dans-le-mariage-voici-des-couples-de-saints-maries\/#primaryimage","url":"https:\/\/blog.holyart.it\/fr\/wp-content\/uploads\/sites\/14\/2024\/01\/La-saintete-dans-le-mariage.jpg","contentUrl":"https:\/\/blog.holyart.it\/fr\/wp-content\/uploads\/sites\/14\/2024\/01\/La-saintete-dans-le-mariage.jpg","width":1000,"height":666,"caption":"La saintet\u00e9 dans le mariage"},{"@type":"BreadcrumbList","@id":"https:\/\/blog.holyart.it\/fr\/saints-et-bienheureux\/la-saintete-dans-le-mariage-voici-des-couples-de-saints-maries\/#breadcrumb","itemListElement":[{"@type":"ListItem","position":1,"name":"Homepage","item":"https:\/\/blog.holyart.it\/fr\/"},{"@type":"ListItem","position":2,"name":"Saints et Bienheureux","item":"https:\/\/blog.holyart.it\/fr\/saints-et-bienheureux\/"},{"@type":"ListItem","position":3,"name":"La saintet\u00e9 dans le mariage : voici des couples de saints mari\u00e9s"}]},{"@type":"WebSite","@id":"https:\/\/blog.holyart.it\/fr\/#website","url":"https:\/\/blog.holyart.it\/fr\/","name":"Holyart.fr Blog","description":"Holyblog","publisher":{"@id":"https:\/\/blog.holyart.it\/fr\/#organization"},"potentialAction":[{"@type":"SearchAction","target":{"@type":"EntryPoint","urlTemplate":"https:\/\/blog.holyart.it\/fr\/?s={search_term_string}"},"query-input":{"@type":"PropertyValueSpecification","valueRequired":true,"valueName":"search_term_string"}}],"inLanguage":"fr-FR"},{"@type":"Organization","@id":"https:\/\/blog.holyart.it\/fr\/#organization","name":"Holyart.fr Blog","url":"https:\/\/blog.holyart.it\/fr\/","logo":{"@type":"ImageObject","inLanguage":"fr-FR","@id":"https:\/\/blog.holyart.it\/fr\/#\/schema\/logo\/image\/","url":"https:\/\/blog.holyart.it\/fr\/wp-content\/uploads\/sites\/14\/2022\/12\/Holyart_Blog_Logo.jpg","contentUrl":"https:\/\/blog.holyart.it\/fr\/wp-content\/uploads\/sites\/14\/2022\/12\/Holyart_Blog_Logo.jpg","width":300,"height":50,"caption":"Holyart.fr Blog"},"image":{"@id":"https:\/\/blog.holyart.it\/fr\/#\/schema\/logo\/image\/"}},{"@type":"Person","@id":"https:\/\/blog.holyart.it\/fr\/#\/schema\/person\/0a7b686e5af0f856ec1e390dd0baecda","name":"Redazione","image":{"@type":"ImageObject","inLanguage":"fr-FR","@id":"https:\/\/blog.holyart.it\/fr\/#\/schema\/person\/image\/","url":"https:\/\/secure.gravatar.com\/avatar\/f477da817f43e50d0af36abecd33e3edf826c68299714bdc1057dff3b113f516?s=96&d=mm&r=g","contentUrl":"https:\/\/secure.gravatar.com\/avatar\/f477da817f43e50d0af36abecd33e3edf826c68299714bdc1057dff3b113f516?s=96&d=mm&r=g","caption":"Redazione"},"url":"https:\/\/blog.holyart.it\/fr\/author\/admin\/"}]}},"_links":{"self":[{"href":"https:\/\/blog.holyart.it\/fr\/wp-json\/wp\/v2\/posts\/7758","targetHints":{"allow":["GET"]}}],"collection":[{"href":"https:\/\/blog.holyart.it\/fr\/wp-json\/wp\/v2\/posts"}],"about":[{"href":"https:\/\/blog.holyart.it\/fr\/wp-json\/wp\/v2\/types\/post"}],"author":[{"embeddable":true,"href":"https:\/\/blog.holyart.it\/fr\/wp-json\/wp\/v2\/users\/1"}],"replies":[{"embeddable":true,"href":"https:\/\/blog.holyart.it\/fr\/wp-json\/wp\/v2\/comments?post=7758"}],"version-history":[{"count":18,"href":"https:\/\/blog.holyart.it\/fr\/wp-json\/wp\/v2\/posts\/7758\/revisions"}],"predecessor-version":[{"id":7785,"href":"https:\/\/blog.holyart.it\/fr\/wp-json\/wp\/v2\/posts\/7758\/revisions\/7785"}],"wp:featuredmedia":[{"embeddable":true,"href":"https:\/\/blog.holyart.it\/fr\/wp-json\/wp\/v2\/media\/7764"}],"wp:attachment":[{"href":"https:\/\/blog.holyart.it\/fr\/wp-json\/wp\/v2\/media?parent=7758"}],"wp:term":[{"taxonomy":"category","embeddable":true,"href":"https:\/\/blog.holyart.it\/fr\/wp-json\/wp\/v2\/categories?post=7758"},{"taxonomy":"post_tag","embeddable":true,"href":"https:\/\/blog.holyart.it\/fr\/wp-json\/wp\/v2\/tags?post=7758"}],"curies":[{"name":"wp","href":"https:\/\/api.w.org\/{rel}","templated":true}]}}