{"id":7742,"date":"2024-01-29T10:00:22","date_gmt":"2024-01-29T09:00:22","guid":{"rendered":"https:\/\/blog.holyart.it\/fr\/?p=7742"},"modified":"2026-03-27T16:00:08","modified_gmt":"2026-03-27T15:00:08","slug":"le-saint-suaire-que-savons-nous-jusqua-aujourdhui","status":"publish","type":"post","link":"https:\/\/blog.holyart.it\/fr\/articles-religieux\/le-saint-suaire-que-savons-nous-jusqua-aujourdhui\/","title":{"rendered":"Le Saint-Suaire : que savons-nous jusqu\u2019\u00e0 aujourd\u2019hui"},"content":{"rendered":"<h4>On dit qu\u2019il s\u2019agit du linceul qui a envelopp\u00e9 le corps de Christ apr\u00e8s la descente de la croix. Entre foi et science, le Saint-Suaire divise et fascine les hommes de toutes les \u00e9poques avec son myst\u00e8re immortel.<\/h4>\n\n<p>Parmi les <a href=\"https:\/\/www.holyart.fr\/blog\/articles-religieux\/paques-10-curiosites-sur-les-symboles-de-la-passion-de-christ\/\"><strong>symboles de la Passion de Christ<\/strong><\/a>, le <strong>Saint-Suaire<\/strong> est un des plus embl\u00e9matiques et myst\u00e9rieux. M\u00eame s\u2019il parait d\u00e9plac\u00e9 de parler de myst\u00e8re quand on parle de la Mort de J\u00e9sus, il s\u2019agit du plus grand myst\u00e8re de l\u2019histoire de l\u2019humanit\u00e9. Parmi les reliques transmises de cet \u00e9v\u00e9nement hors pair, le Suaire est sans doute une de celles autour desquelles sont n\u00e9s le plus de mythes et de l\u00e9gendes, cultes anciens et d\u00e9votions modernes.<\/p>\n<p>Mais <strong>qu\u2019est-ce que le Saint-Suaire<\/strong> <strong>de Turin <\/strong>et pourquoi est-il si important pour l\u2019histoire de la chr\u00e9tient\u00e9\u00a0?<\/p>\n<div class=\"link-article\">\n<p><img loading=\"lazy\" decoding=\"async\" class=\"size-full wp-image-7746 alignleft\" src=\"https:\/\/blog.holyart.it\/fr\/wp-content\/uploads\/sites\/14\/2024\/01\/10-curiosites-sur-les-symboles-de-la-Passion-de-Christ.jpg\" alt=\"10 curiosit\u00e9s sur les symboles de la Passion de Christ\" width=\"150\" height=\"99\" data-kale-share-title=\"Le Saint-Suaire : que savons-nous jusqu\u2019\u00e0 aujourd\u2019hui\" data-kale-share-url=\"https:\/\/blog.holyart.it\/fr\/?p=7742\" \/><\/p>\n<div class=\"leggi-anche\">Lire aussi :<\/div>\n<p><strong><a href=\"https:\/\/www.holyart.fr\/blog\/articles-religieux\/paques-10-curiosites-sur-les-symboles-de-la-passion-de-christ\/\">P\u00e2ques : 10 curiosit\u00e9s sur les symboles de la Passion de Christ<\/a><\/strong><br \/>\nLes symboles de la Passion de Christ font partie int\u00e9grante de la solennit\u00e9 de la P\u00e2ques chr\u00e9tienne&#8230;<\/p>\n<\/div>\n<p>Il s\u2019agirait du <strong>linceul fun\u00e8bre de J\u00e9sus<\/strong>, le tissu en lin dans lequel Son corps fut envelopp\u00e9 au moment de la <a href=\"https:\/\/www.holyart.fr\/occasions-speciales\/paques-et-careme\/creche-de-paques\/scene-descente-de-croix-jesus-dans-les-bras-de-marie-9-cm\"><strong>d\u00e9position de la Croix<\/strong><\/a>. Sur cet ancien drap \u00e0 chevrons, qui mesure environ 4,41&#215;1,13 m, est en effet rest\u00e9e imprim\u00e9e la figure d\u2019un homme grandeur nature, avec des marques de blessures et de mutilations correspondant \u00e0 celles inflig\u00e9es \u00e0 J\u00e9sus dans les derniers moments tragiques de Sa vie, jusqu\u2019\u00e0 la Crucifixion. L\u2019image est double, recto verso, unie \u00e0 la hauteur de la t\u00eate.<\/p>\n<p>Dans les <strong>\u00c9vangiles<\/strong> on mentionne ce linceul. Matthieu, Marc et Luc parlent ouvertement d\u2019un linceul (<em>sind\u00f2n<\/em>), avec lequel <strong>Joseph d\u2019Arimath\u00e9e<\/strong> aurait envelopp\u00e9 le corps de J\u00e9sus avant de le descendre dans le tombeau, comme il \u00e9tait de coutume fun\u00e8bre pour les juifs de l\u2019\u00e9poque. En effet, on fermait les yeux des d\u00e9funts, on attachait le menton avec un drap nou\u00e9 au sommet de la t\u00eate afin de garder la bouche ferm\u00e9e et ensuite le corps \u00e9tait lav\u00e9, oint avec des huiles parfum\u00e9es et rev\u00eatu d\u2019habits en lin ou envelopp\u00e9 dans un linceul en lin avant la s\u00e9pulture.<\/p>\n<div class=\"link-product\">\n<div class=\"blocco-immagine\"><img loading=\"lazy\" decoding=\"async\" class=\"size-full wp-image-7748 alignleft\" src=\"https:\/\/blog.holyart.it\/fr\/wp-content\/uploads\/sites\/14\/2024\/01\/Scene-descente-de-croix-Jesus-dans-les-bras-de-Marie-9-cm.jpg\" alt=\"Sc\u00e8ne descente de croix J\u00e9sus dans les bras de Marie 9 cm\" width=\"100\" height=\"100\" data-kale-share-title=\"Le Saint-Suaire : que savons-nous jusqu\u2019\u00e0 aujourd\u2019hui\" data-kale-share-url=\"https:\/\/blog.holyart.it\/fr\/?p=7742\" \/><\/div>\n<div class=\"blocco-contenuto\">\n<div class=\"blocco-acquista\">Acheter sur Holyart:<\/div>\n<div class=\"blocco-titolo\"><a href=\"https:\/\/www.holyart.fr\/occasions-speciales\/creche-de-paques\/scene-descente-de-croix-jesus-dans-les-bras-de-marie-9-cm\">Sc\u00e8ne descente de croix J\u00e9sus dans les bras de Marie 9 cm<\/a><\/div>\n<div class=\"blocco-descrizione\">Sc\u00e8ne descente de croix J\u00e9sus dans les bras de Marie 7 cm&#8230;<\/div>\n<\/div>\n<\/div>\n<p>Il existe d\u2019<strong>autres reliques et objets sacr\u00e9s pouvant \u00eatre reli\u00e9s au Suaire de Turin <\/strong>ou qui montrent des traits en commun avec ce linceul, comme le Suaire conserv\u00e9 dans la cath\u00e9drale d\u2019<strong>Oviedo<\/strong>, en Espagne, tach\u00e9 avec ce qui pourrait \u00eatre le sang de Christ. On pense qu\u2019il pourrait s\u2019agir du linceul mis sous Sa t\u00eate au moment de la d\u00e9position\u00a0; le <strong>Mandylion d\u2019\u00c9desse<\/strong>, un mouchoir dont on a perdu trace qui portait imprim\u00e9s les traits du visage de J\u00e9sus\u00a0; le <strong><u>voile de V\u00e9ronique<\/u><\/strong>, la femme qui essuya le visage de Christ pendant qu\u2019Il montait au Calvaire, comme racont\u00e9 dans une des stations du Chemin de Croix.<\/p>\n<p>Beaucoup de personnes se rendent <strong>\u00e0 Turin<\/strong> pour voir le <strong>Saint-Suaire<\/strong>, dans les occasions o\u00f9 il est expos\u00e9 \u00e0 la v\u00e9n\u00e9ration publique. Ces occasions o\u00f9 l\u2019exposition du Saint-Suaire sont connues comme <strong>ostensions<\/strong>, du latin <em>ostendere<\/em>, \u00ab\u00a0montrer\u00a0\u00bb. Mais au-del\u00e0 de ceux qui rendent visite au Suaire de Turin pour des questions de foi, depuis des si\u00e8cles ce dernier fait l\u2019objet d\u2019<strong>\u00e9tudes et d\u2019analyses scientifiques <\/strong>de la part d\u2019\u00e9rudits du monde entier et reste un des objets sacr\u00e9s les plus controvers\u00e9s de tous les temps.<\/p>\n<div class=\"link-article\">\n<p><img loading=\"lazy\" decoding=\"async\" class=\"size-full wp-image-7752 alignleft\" src=\"https:\/\/blog.holyart.it\/fr\/wp-content\/uploads\/sites\/14\/2024\/01\/Le-mystere-du-Voile-de-Veronique-1.jpg\" alt=\"Le myst\u00e8re du Voile de V\u00e9ronique\" width=\"150\" height=\"99\" data-kale-share-title=\"Le Saint-Suaire : que savons-nous jusqu\u2019\u00e0 aujourd\u2019hui\" data-kale-share-url=\"https:\/\/blog.holyart.it\/fr\/?p=7742\" \/><\/p>\n<div class=\"leggi-anche\">Lire aussi :<\/div>\n<p><strong><a href=\"https:\/\/www.holyart.fr\/blog\/articles-religieux\/le-mystere-du-voile-de-veronique-un-morceau-de-tissu-avec-lempreinte-du-visage-de-jesus\/\">Le myst\u00e8re du Voile de V\u00e9ronique, un morceau de tissu avec l\u2019empreinte du visage de J\u00e9sus<\/a><\/strong><br \/>\nLe Voile de V\u00e9ronique est une des reliques les plus myst\u00e9rieuses&#8230;<\/p>\n<\/div>\n<h2>O\u00f9 se trouve le Saint-Suaire<\/h2>\n<p>Le Saint-Suaire se trouve dans la <strong>Cath\u00e9drale de Turin<\/strong>, Place San Giovanni, dans la derni\u00e8re chapelle de la nef de gauche, sous la Tribune Royale. Elle est conserv\u00e9e dans une <strong>vitrine pour la conservation<\/strong>, ferm\u00e9e \u00e0 son tour dans une caisse m\u00e9tallique, et elle ne peut donc pas \u00eatre vue si ce n\u2019est \u00e0 l\u2019occasion des ostensions publiques d\u00e9j\u00e0 cit\u00e9es. Il est toutefois possible de visiter la chapelle et de se recueillir en pri\u00e8re sur les bancs plac\u00e9s face \u00e0 la caisse qui contient la pr\u00e9cieuse relique.<\/p>\n<p><img loading=\"lazy\" decoding=\"async\" class=\"size-full wp-image-7755 aligncenter\" src=\"https:\/\/blog.holyart.it\/fr\/wp-content\/uploads\/sites\/14\/2024\/01\/Cathedrale-de-Turin.jpg\" alt=\"Cath\u00e9drale de Turin\" width=\"1000\" height=\"666\" data-kale-share-title=\"Le Saint-Suaire : que savons-nous jusqu\u2019\u00e0 aujourd\u2019hui\" data-kale-share-url=\"https:\/\/blog.holyart.it\/fr\/?p=7742\" \/><\/p>\n<h2>L\u2019histoire du Saint-Suaire<\/h2>\n<p>Le premier t\u00e9moignage concernant le Saint-Suaire remonte \u00e0<strong> 1353<\/strong>. On raconte qu\u2019un chevalier du nom de <strong>Godefroy de Charny<\/strong> l\u2019amena de la Terre Sainte dans la petite ville de Lirey o\u00f9 il habitait et o\u00f9 il fit construire une \u00e9glise pour la conserver. D\u00e9j\u00e0 \u00e0 ce moment-l\u00e0 avaient lieu les premi\u00e8res ostensions pour la d\u00e9votion des fid\u00e8les. Une de ses descendantes le venda ensuite aux <strong>ducs de Savoye<\/strong> qui l\u2019amen\u00e8rent dans leur capitale, <strong>Chamb\u00e9ry<\/strong>, dans une chapelle construite \u00e0 cet effet.<\/p>\n<p>Mais l\u2019histoire du saint linceul est d\u2019une certaine mani\u00e8re imprim\u00e9e dans les fibres m\u00eames dont il se compose. En effet, dans ces fibres ont \u00e9t\u00e9 rep\u00e9r\u00e9es des traces de pollens de plantes typiques de la Palestine et la datation du tissu aurait permis de le faire remonter au Ier si\u00e8cle apr. J.-C. Conserv\u00e9 jusqu\u2019au 1532 dans la Saint-Chapelle du Saint-Suaire \u00e0 Chamb\u00e9ry, elle montre les br\u00fblures caus\u00e9es par l\u2019<strong>incendie<\/strong> qui y \u00e9clata et faillit le d\u00e9truire. En particulier, en remarque les traces d\u2019argent fondu tomb\u00e9es du reliquaire qui le contenait.<\/p>\n<p>Le duc Charles III de Savoye d\u00e9pla\u00e7a le linceul de Chambery et, apr\u00e8s plusieurs d\u00e9placements, la pr\u00e9cieuse relique fut amen\u00e9e \u00e0 <strong>Turin<\/strong> en 1563, o\u00f9 elle fut d\u2019abord plac\u00e9e dans la Chapelle du Saint-Suaire, situ\u00e9e entre la Cath\u00e9drale et le Palais royale et ensuite dans la Cath\u00e9drale de Turin, dans la chapelle o\u00f9 elle se trouve encore aujourd\u2019hui.<\/p>\n<p>En 2002, une <strong>intervention de restauration conservatrice<\/strong> a permis d\u2019enlever les toiles de support appliqu\u00e9s apr\u00e8s l\u2019incendie de Chamb\u00e9ry et les parties de tissu br\u00fbl\u00e9, en plus de nettoyer le linceul.<\/p>\n<h2>Datation du Saint-Suaire<\/h2>\n<p>Vu l\u2019importance symbolique du Saint-Suaire, son <strong>authenticit\u00e9<\/strong> a \u00e9t\u00e9 mise en doute d\u00e8s les temps de Godefroy, celui qui l\u2019amena de la Terre Sainte en Europe. Apr\u00e8s d\u2019innombrables enqu\u00eates photographiques, spectrom\u00e9tries, recherches chimiques sur les taches de sang et \u00e9tudes effectu\u00e9es toujours en pr\u00e9sence de t\u00e9moins et de notaires, en <strong>1988<\/strong> un \u00e9chantillon de tissu du Saint-Suaire fut soumis \u00e0 un examen sophistiqu\u00e9 avec la <strong>technique radiom\u00e9trique du carbone 14<\/strong>, ex\u00e9cut\u00e9 par trois laboratoires\u00a0: Tucson, Oxford et Zurich. Cet examen a permis de dater le linceul dans <strong>une p\u00e9riode comprise entre 1260 et 1390<\/strong>, l\u2019\u00e9poque o\u00f9 il fut amen\u00e9 en Europe. Ceux qui consid\u00e8rent le Suaire authentique, refusent ce r\u00e9sultat, revendiquant des origines plus anciennes et reli\u00e9es \u00e0 l\u2019histoire de J\u00e9sus telle que nous la connaissons.<\/p>\n<p>Les <strong>analyses historiques arch\u00e9ologiques<\/strong> aussi indiqueraient une date post\u00e9rieure pour le linceul de Turin, car les linceuls fun\u00e8bres utilis\u00e9s au Ier si\u00e8cle dans la culture juive \u00e9taient diff\u00e9rents en terme de tissu, tissage et mani\u00e8re dont ils \u00e9taient envelopp\u00e9s autour d\u2019un corps.<\/p>\n<p>Dans des temps plus r\u00e9cents, d\u2019ult\u00e9rieures mesures ont toutefois \u00e9t\u00e9 effectu\u00e9es \u00e0 l\u2019aide d\u2019<strong>une nouvelle technique de datation appel\u00e9e Dispersion de Rayons X aux Grands Angles (WAXS) <\/strong>qui renverseraient toutes les th\u00e9ories accr\u00e9dit\u00e9es jusqu\u2019\u00e0 maintenant\u00a0: le Saint-Suaire pourrait effectivement remonter \u00e0 l\u2019\u00e9poque de la mort de Christ. Cela serait d\u00e9montr\u00e9 par le <strong>vieillissement de la cellulose du lin<\/strong> qui, selon <strong>Liberato De Caro<\/strong>, physicien et chercheur expert du Suaire de Turin de l\u2019Institut de Cristallographie du Conseil National des Recherches de Bari, placerait la datation du Suaire d\u2019il y <strong>2000 ans<\/strong> environ.<\/p>\n<p>De fait, le myst\u00e8re du Suaire de Turin n\u2019a pas encore fini de fasciner et de partager le monde scientifique et l\u2019humanit\u00e9 enti\u00e8re.<\/p>\n<p>Meta description\u00a0: Des \u00e9tudes r\u00e9cents ont r\u00e9volutionn\u00e9 nos certitudes sur le Suaire de Turin. Sa datation est remise en discussion\u00a0: est-il vraiment le linceul fun\u00e9raire de J\u00e9sus\u00a0?<\/p>\n","protected":false},"excerpt":{"rendered":"<p>On dit qu\u2019il s\u2019agit du linceul qui a envelopp\u00e9 le corps de Christ apr\u00e8s la descente de la croix. Entre foi et science, le Saint-Suaire divise et fascine les hommes de toutes les \u00e9poques avec son myst\u00e8re immortel. Parmi les symboles de la Passion de&hellip;<\/p>\n","protected":false},"author":1,"featured_media":7743,"comment_status":"closed","ping_status":"open","sticky":false,"template":"","format":"standard","meta":{"_acf_changed":false,"footnotes":""},"categories":[14,8],"tags":[],"class_list":["post-7742","post","type-post","status-publish","format-standard","has-post-thumbnail","hentry","category-paques","category-articles-religieux"],"acf":[],"yoast_head":"<!-- This site is optimized with the Yoast SEO plugin v26.6 - https:\/\/yoast.com\/wordpress\/plugins\/seo\/ -->\n<title>Le Saint-Suaire : que savons-nous jusqu\u2019\u00e0 aujourd\u2019hui - Holyart.fr Blog<\/title>\n<meta name=\"description\" content=\"On dit qu\u2019il s\u2019agit du linceul qui a envelopp\u00e9 le corps de Christ apr\u00e8s la descente de la croix. Entre foi et science, le Saint-Suaire...\" \/>\n<meta name=\"robots\" content=\"index, follow, max-snippet:-1, max-image-preview:large, max-video-preview:-1\" \/>\n<link rel=\"canonical\" href=\"https:\/\/blog.holyart.it\/fr\/articles-religieux\/le-saint-suaire-que-savons-nous-jusqua-aujourdhui\/\" \/>\n<meta property=\"og:locale\" content=\"fr_FR\" \/>\n<meta property=\"og:type\" content=\"article\" \/>\n<meta property=\"og:title\" content=\"Le Saint-Suaire : que savons-nous jusqu\u2019\u00e0 aujourd\u2019hui - Holyart.fr Blog\" \/>\n<meta property=\"og:description\" content=\"On dit qu\u2019il s\u2019agit du linceul qui a envelopp\u00e9 le corps de Christ apr\u00e8s la descente de la croix. Entre foi et science, le Saint-Suaire...\" \/>\n<meta property=\"og:url\" content=\"https:\/\/blog.holyart.it\/fr\/articles-religieux\/le-saint-suaire-que-savons-nous-jusqua-aujourdhui\/\" \/>\n<meta property=\"og:site_name\" content=\"Holyart.fr Blog\" \/>\n<meta property=\"article:published_time\" content=\"2024-01-29T09:00:22+00:00\" \/>\n<meta property=\"article:modified_time\" content=\"2026-03-27T15:00:08+00:00\" \/>\n<meta property=\"og:image\" content=\"https:\/\/blog.holyart.it\/fr\/wp-content\/uploads\/sites\/14\/2024\/01\/Le-Saint-Suaire.jpg\" \/>\n\t<meta property=\"og:image:width\" content=\"1000\" \/>\n\t<meta property=\"og:image:height\" content=\"666\" \/>\n\t<meta property=\"og:image:type\" content=\"image\/jpeg\" \/>\n<meta name=\"author\" content=\"Redazione\" \/>\n<meta name=\"twitter:card\" content=\"summary_large_image\" \/>\n<meta name=\"twitter:label1\" content=\"\u00c9crit par\" \/>\n\t<meta name=\"twitter:data1\" content=\"Redazione\" \/>\n\t<meta name=\"twitter:label2\" content=\"Dur\u00e9e de lecture estim\u00e9e\" \/>\n\t<meta name=\"twitter:data2\" content=\"8 minutes\" \/>\n<script type=\"application\/ld+json\" class=\"yoast-schema-graph\">{\"@context\":\"https:\/\/schema.org\",\"@graph\":[{\"@type\":\"Article\",\"@id\":\"https:\/\/blog.holyart.it\/fr\/articles-religieux\/le-saint-suaire-que-savons-nous-jusqua-aujourdhui\/#article\",\"isPartOf\":{\"@id\":\"https:\/\/blog.holyart.it\/fr\/articles-religieux\/le-saint-suaire-que-savons-nous-jusqua-aujourdhui\/\"},\"author\":{\"name\":\"Redazione\",\"@id\":\"https:\/\/blog.holyart.it\/fr\/#\/schema\/person\/0a7b686e5af0f856ec1e390dd0baecda\"},\"headline\":\"Le Saint-Suaire : que savons-nous jusqu\u2019\u00e0 aujourd\u2019hui\",\"datePublished\":\"2024-01-29T09:00:22+00:00\",\"dateModified\":\"2026-03-27T15:00:08+00:00\",\"mainEntityOfPage\":{\"@id\":\"https:\/\/blog.holyart.it\/fr\/articles-religieux\/le-saint-suaire-que-savons-nous-jusqua-aujourdhui\/\"},\"wordCount\":1427,\"publisher\":{\"@id\":\"https:\/\/blog.holyart.it\/fr\/#organization\"},\"image\":{\"@id\":\"https:\/\/blog.holyart.it\/fr\/articles-religieux\/le-saint-suaire-que-savons-nous-jusqua-aujourdhui\/#primaryimage\"},\"thumbnailUrl\":\"https:\/\/blog.holyart.it\/fr\/wp-content\/uploads\/sites\/14\/2024\/01\/Le-Saint-Suaire.jpg\",\"articleSection\":[\"P\u00e2ques\",\"Religion\"],\"inLanguage\":\"fr-FR\"},{\"@type\":\"WebPage\",\"@id\":\"https:\/\/blog.holyart.it\/fr\/articles-religieux\/le-saint-suaire-que-savons-nous-jusqua-aujourdhui\/\",\"url\":\"https:\/\/blog.holyart.it\/fr\/articles-religieux\/le-saint-suaire-que-savons-nous-jusqua-aujourdhui\/\",\"name\":\"Le Saint-Suaire : que savons-nous jusqu\u2019\u00e0 aujourd\u2019hui - Holyart.fr Blog\",\"isPartOf\":{\"@id\":\"https:\/\/blog.holyart.it\/fr\/#website\"},\"primaryImageOfPage\":{\"@id\":\"https:\/\/blog.holyart.it\/fr\/articles-religieux\/le-saint-suaire-que-savons-nous-jusqua-aujourdhui\/#primaryimage\"},\"image\":{\"@id\":\"https:\/\/blog.holyart.it\/fr\/articles-religieux\/le-saint-suaire-que-savons-nous-jusqua-aujourdhui\/#primaryimage\"},\"thumbnailUrl\":\"https:\/\/blog.holyart.it\/fr\/wp-content\/uploads\/sites\/14\/2024\/01\/Le-Saint-Suaire.jpg\",\"datePublished\":\"2024-01-29T09:00:22+00:00\",\"dateModified\":\"2026-03-27T15:00:08+00:00\",\"description\":\"On dit qu\u2019il s\u2019agit du linceul qui a envelopp\u00e9 le corps de Christ apr\u00e8s la descente de la croix. Entre foi et science, le Saint-Suaire...\",\"breadcrumb\":{\"@id\":\"https:\/\/blog.holyart.it\/fr\/articles-religieux\/le-saint-suaire-que-savons-nous-jusqua-aujourdhui\/#breadcrumb\"},\"inLanguage\":\"fr-FR\",\"potentialAction\":[{\"@type\":\"ReadAction\",\"target\":[\"https:\/\/blog.holyart.it\/fr\/articles-religieux\/le-saint-suaire-que-savons-nous-jusqua-aujourdhui\/\"]}]},{\"@type\":\"ImageObject\",\"inLanguage\":\"fr-FR\",\"@id\":\"https:\/\/blog.holyart.it\/fr\/articles-religieux\/le-saint-suaire-que-savons-nous-jusqua-aujourdhui\/#primaryimage\",\"url\":\"https:\/\/blog.holyart.it\/fr\/wp-content\/uploads\/sites\/14\/2024\/01\/Le-Saint-Suaire.jpg\",\"contentUrl\":\"https:\/\/blog.holyart.it\/fr\/wp-content\/uploads\/sites\/14\/2024\/01\/Le-Saint-Suaire.jpg\",\"width\":1000,\"height\":666,\"caption\":\"Le Saint-Suaire\"},{\"@type\":\"BreadcrumbList\",\"@id\":\"https:\/\/blog.holyart.it\/fr\/articles-religieux\/le-saint-suaire-que-savons-nous-jusqua-aujourdhui\/#breadcrumb\",\"itemListElement\":[{\"@type\":\"ListItem\",\"position\":1,\"name\":\"Homepage\",\"item\":\"https:\/\/blog.holyart.it\/fr\/\"},{\"@type\":\"ListItem\",\"position\":2,\"name\":\"Religion\",\"item\":\"https:\/\/blog.holyart.it\/fr\/articles-religieux\/\"},{\"@type\":\"ListItem\",\"position\":3,\"name\":\"Le Saint-Suaire : que savons-nous jusqu\u2019\u00e0 aujourd\u2019hui\"}]},{\"@type\":\"WebSite\",\"@id\":\"https:\/\/blog.holyart.it\/fr\/#website\",\"url\":\"https:\/\/blog.holyart.it\/fr\/\",\"name\":\"Holyart.fr Blog\",\"description\":\"Holyblog\",\"publisher\":{\"@id\":\"https:\/\/blog.holyart.it\/fr\/#organization\"},\"potentialAction\":[{\"@type\":\"SearchAction\",\"target\":{\"@type\":\"EntryPoint\",\"urlTemplate\":\"https:\/\/blog.holyart.it\/fr\/?s={search_term_string}\"},\"query-input\":{\"@type\":\"PropertyValueSpecification\",\"valueRequired\":true,\"valueName\":\"search_term_string\"}}],\"inLanguage\":\"fr-FR\"},{\"@type\":\"Organization\",\"@id\":\"https:\/\/blog.holyart.it\/fr\/#organization\",\"name\":\"Holyart.fr Blog\",\"url\":\"https:\/\/blog.holyart.it\/fr\/\",\"logo\":{\"@type\":\"ImageObject\",\"inLanguage\":\"fr-FR\",\"@id\":\"https:\/\/blog.holyart.it\/fr\/#\/schema\/logo\/image\/\",\"url\":\"https:\/\/blog.holyart.it\/fr\/wp-content\/uploads\/sites\/14\/2022\/12\/Holyart_Blog_Logo.jpg\",\"contentUrl\":\"https:\/\/blog.holyart.it\/fr\/wp-content\/uploads\/sites\/14\/2022\/12\/Holyart_Blog_Logo.jpg\",\"width\":300,\"height\":50,\"caption\":\"Holyart.fr Blog\"},\"image\":{\"@id\":\"https:\/\/blog.holyart.it\/fr\/#\/schema\/logo\/image\/\"}},{\"@type\":\"Person\",\"@id\":\"https:\/\/blog.holyart.it\/fr\/#\/schema\/person\/0a7b686e5af0f856ec1e390dd0baecda\",\"name\":\"Redazione\",\"image\":{\"@type\":\"ImageObject\",\"inLanguage\":\"fr-FR\",\"@id\":\"https:\/\/blog.holyart.it\/fr\/#\/schema\/person\/image\/\",\"url\":\"https:\/\/secure.gravatar.com\/avatar\/f477da817f43e50d0af36abecd33e3edf826c68299714bdc1057dff3b113f516?s=96&d=mm&r=g\",\"contentUrl\":\"https:\/\/secure.gravatar.com\/avatar\/f477da817f43e50d0af36abecd33e3edf826c68299714bdc1057dff3b113f516?s=96&d=mm&r=g\",\"caption\":\"Redazione\"},\"url\":\"https:\/\/blog.holyart.it\/fr\/author\/admin\/\"}]}<\/script>\n<!-- \/ Yoast SEO plugin. -->","yoast_head_json":{"title":"Le Saint-Suaire : que savons-nous jusqu\u2019\u00e0 aujourd\u2019hui - Holyart.fr Blog","description":"On dit qu\u2019il s\u2019agit du linceul qui a envelopp\u00e9 le corps de Christ apr\u00e8s la descente de la croix. Entre foi et science, le Saint-Suaire...","robots":{"index":"index","follow":"follow","max-snippet":"max-snippet:-1","max-image-preview":"max-image-preview:large","max-video-preview":"max-video-preview:-1"},"canonical":"https:\/\/blog.holyart.it\/fr\/articles-religieux\/le-saint-suaire-que-savons-nous-jusqua-aujourdhui\/","og_locale":"fr_FR","og_type":"article","og_title":"Le Saint-Suaire : que savons-nous jusqu\u2019\u00e0 aujourd\u2019hui - Holyart.fr Blog","og_description":"On dit qu\u2019il s\u2019agit du linceul qui a envelopp\u00e9 le corps de Christ apr\u00e8s la descente de la croix. Entre foi et science, le Saint-Suaire...","og_url":"https:\/\/blog.holyart.it\/fr\/articles-religieux\/le-saint-suaire-que-savons-nous-jusqua-aujourdhui\/","og_site_name":"Holyart.fr Blog","article_published_time":"2024-01-29T09:00:22+00:00","article_modified_time":"2026-03-27T15:00:08+00:00","og_image":[{"width":1000,"height":666,"url":"https:\/\/blog.holyart.it\/fr\/wp-content\/uploads\/sites\/14\/2024\/01\/Le-Saint-Suaire.jpg","type":"image\/jpeg"}],"author":"Redazione","twitter_card":"summary_large_image","twitter_misc":{"\u00c9crit par":"Redazione","Dur\u00e9e de lecture estim\u00e9e":"8 minutes"},"schema":{"@context":"https:\/\/schema.org","@graph":[{"@type":"Article","@id":"https:\/\/blog.holyart.it\/fr\/articles-religieux\/le-saint-suaire-que-savons-nous-jusqua-aujourdhui\/#article","isPartOf":{"@id":"https:\/\/blog.holyart.it\/fr\/articles-religieux\/le-saint-suaire-que-savons-nous-jusqua-aujourdhui\/"},"author":{"name":"Redazione","@id":"https:\/\/blog.holyart.it\/fr\/#\/schema\/person\/0a7b686e5af0f856ec1e390dd0baecda"},"headline":"Le Saint-Suaire : que savons-nous jusqu\u2019\u00e0 aujourd\u2019hui","datePublished":"2024-01-29T09:00:22+00:00","dateModified":"2026-03-27T15:00:08+00:00","mainEntityOfPage":{"@id":"https:\/\/blog.holyart.it\/fr\/articles-religieux\/le-saint-suaire-que-savons-nous-jusqua-aujourdhui\/"},"wordCount":1427,"publisher":{"@id":"https:\/\/blog.holyart.it\/fr\/#organization"},"image":{"@id":"https:\/\/blog.holyart.it\/fr\/articles-religieux\/le-saint-suaire-que-savons-nous-jusqua-aujourdhui\/#primaryimage"},"thumbnailUrl":"https:\/\/blog.holyart.it\/fr\/wp-content\/uploads\/sites\/14\/2024\/01\/Le-Saint-Suaire.jpg","articleSection":["P\u00e2ques","Religion"],"inLanguage":"fr-FR"},{"@type":"WebPage","@id":"https:\/\/blog.holyart.it\/fr\/articles-religieux\/le-saint-suaire-que-savons-nous-jusqua-aujourdhui\/","url":"https:\/\/blog.holyart.it\/fr\/articles-religieux\/le-saint-suaire-que-savons-nous-jusqua-aujourdhui\/","name":"Le Saint-Suaire : que savons-nous jusqu\u2019\u00e0 aujourd\u2019hui - Holyart.fr Blog","isPartOf":{"@id":"https:\/\/blog.holyart.it\/fr\/#website"},"primaryImageOfPage":{"@id":"https:\/\/blog.holyart.it\/fr\/articles-religieux\/le-saint-suaire-que-savons-nous-jusqua-aujourdhui\/#primaryimage"},"image":{"@id":"https:\/\/blog.holyart.it\/fr\/articles-religieux\/le-saint-suaire-que-savons-nous-jusqua-aujourdhui\/#primaryimage"},"thumbnailUrl":"https:\/\/blog.holyart.it\/fr\/wp-content\/uploads\/sites\/14\/2024\/01\/Le-Saint-Suaire.jpg","datePublished":"2024-01-29T09:00:22+00:00","dateModified":"2026-03-27T15:00:08+00:00","description":"On dit qu\u2019il s\u2019agit du linceul qui a envelopp\u00e9 le corps de Christ apr\u00e8s la descente de la croix. Entre foi et science, le Saint-Suaire...","breadcrumb":{"@id":"https:\/\/blog.holyart.it\/fr\/articles-religieux\/le-saint-suaire-que-savons-nous-jusqua-aujourdhui\/#breadcrumb"},"inLanguage":"fr-FR","potentialAction":[{"@type":"ReadAction","target":["https:\/\/blog.holyart.it\/fr\/articles-religieux\/le-saint-suaire-que-savons-nous-jusqua-aujourdhui\/"]}]},{"@type":"ImageObject","inLanguage":"fr-FR","@id":"https:\/\/blog.holyart.it\/fr\/articles-religieux\/le-saint-suaire-que-savons-nous-jusqua-aujourdhui\/#primaryimage","url":"https:\/\/blog.holyart.it\/fr\/wp-content\/uploads\/sites\/14\/2024\/01\/Le-Saint-Suaire.jpg","contentUrl":"https:\/\/blog.holyart.it\/fr\/wp-content\/uploads\/sites\/14\/2024\/01\/Le-Saint-Suaire.jpg","width":1000,"height":666,"caption":"Le Saint-Suaire"},{"@type":"BreadcrumbList","@id":"https:\/\/blog.holyart.it\/fr\/articles-religieux\/le-saint-suaire-que-savons-nous-jusqua-aujourdhui\/#breadcrumb","itemListElement":[{"@type":"ListItem","position":1,"name":"Homepage","item":"https:\/\/blog.holyart.it\/fr\/"},{"@type":"ListItem","position":2,"name":"Religion","item":"https:\/\/blog.holyart.it\/fr\/articles-religieux\/"},{"@type":"ListItem","position":3,"name":"Le Saint-Suaire : que savons-nous jusqu\u2019\u00e0 aujourd\u2019hui"}]},{"@type":"WebSite","@id":"https:\/\/blog.holyart.it\/fr\/#website","url":"https:\/\/blog.holyart.it\/fr\/","name":"Holyart.fr Blog","description":"Holyblog","publisher":{"@id":"https:\/\/blog.holyart.it\/fr\/#organization"},"potentialAction":[{"@type":"SearchAction","target":{"@type":"EntryPoint","urlTemplate":"https:\/\/blog.holyart.it\/fr\/?s={search_term_string}"},"query-input":{"@type":"PropertyValueSpecification","valueRequired":true,"valueName":"search_term_string"}}],"inLanguage":"fr-FR"},{"@type":"Organization","@id":"https:\/\/blog.holyart.it\/fr\/#organization","name":"Holyart.fr Blog","url":"https:\/\/blog.holyart.it\/fr\/","logo":{"@type":"ImageObject","inLanguage":"fr-FR","@id":"https:\/\/blog.holyart.it\/fr\/#\/schema\/logo\/image\/","url":"https:\/\/blog.holyart.it\/fr\/wp-content\/uploads\/sites\/14\/2022\/12\/Holyart_Blog_Logo.jpg","contentUrl":"https:\/\/blog.holyart.it\/fr\/wp-content\/uploads\/sites\/14\/2022\/12\/Holyart_Blog_Logo.jpg","width":300,"height":50,"caption":"Holyart.fr Blog"},"image":{"@id":"https:\/\/blog.holyart.it\/fr\/#\/schema\/logo\/image\/"}},{"@type":"Person","@id":"https:\/\/blog.holyart.it\/fr\/#\/schema\/person\/0a7b686e5af0f856ec1e390dd0baecda","name":"Redazione","image":{"@type":"ImageObject","inLanguage":"fr-FR","@id":"https:\/\/blog.holyart.it\/fr\/#\/schema\/person\/image\/","url":"https:\/\/secure.gravatar.com\/avatar\/f477da817f43e50d0af36abecd33e3edf826c68299714bdc1057dff3b113f516?s=96&d=mm&r=g","contentUrl":"https:\/\/secure.gravatar.com\/avatar\/f477da817f43e50d0af36abecd33e3edf826c68299714bdc1057dff3b113f516?s=96&d=mm&r=g","caption":"Redazione"},"url":"https:\/\/blog.holyart.it\/fr\/author\/admin\/"}]}},"_links":{"self":[{"href":"https:\/\/blog.holyart.it\/fr\/wp-json\/wp\/v2\/posts\/7742","targetHints":{"allow":["GET"]}}],"collection":[{"href":"https:\/\/blog.holyart.it\/fr\/wp-json\/wp\/v2\/posts"}],"about":[{"href":"https:\/\/blog.holyart.it\/fr\/wp-json\/wp\/v2\/types\/post"}],"author":[{"embeddable":true,"href":"https:\/\/blog.holyart.it\/fr\/wp-json\/wp\/v2\/users\/1"}],"replies":[{"embeddable":true,"href":"https:\/\/blog.holyart.it\/fr\/wp-json\/wp\/v2\/comments?post=7742"}],"version-history":[{"count":10,"href":"https:\/\/blog.holyart.it\/fr\/wp-json\/wp\/v2\/posts\/7742\/revisions"}],"predecessor-version":[{"id":12266,"href":"https:\/\/blog.holyart.it\/fr\/wp-json\/wp\/v2\/posts\/7742\/revisions\/12266"}],"wp:featuredmedia":[{"embeddable":true,"href":"https:\/\/blog.holyart.it\/fr\/wp-json\/wp\/v2\/media\/7743"}],"wp:attachment":[{"href":"https:\/\/blog.holyart.it\/fr\/wp-json\/wp\/v2\/media?parent=7742"}],"wp:term":[{"taxonomy":"category","embeddable":true,"href":"https:\/\/blog.holyart.it\/fr\/wp-json\/wp\/v2\/categories?post=7742"},{"taxonomy":"post_tag","embeddable":true,"href":"https:\/\/blog.holyart.it\/fr\/wp-json\/wp\/v2\/tags?post=7742"}],"curies":[{"name":"wp","href":"https:\/\/api.w.org\/{rel}","templated":true}]}}