{"id":7701,"date":"2024-01-17T10:00:14","date_gmt":"2024-01-17T09:00:14","guid":{"rendered":"https:\/\/blog.holyart.it\/fr\/?p=7701"},"modified":"2026-01-26T12:33:03","modified_gmt":"2026-01-26T11:33:03","slug":"saint-francois-de-sales-le-saint-patron-des-journalistes","status":"publish","type":"post","link":"https:\/\/blog.holyart.it\/fr\/saints-et-bienheureux\/saint-francois-de-sales-le-saint-patron-des-journalistes\/","title":{"rendered":"Saint Fran\u00e7ois de Sales, le saint patron des journalistes"},"content":{"rendered":"<h4>Saint Fran\u00e7ois de Sales fit de l\u2019amour pour Dieu et de la douceur dans l\u2019expression son credo l\u2019arme la plus puissante de sa pr\u00e9dication. Saint patron des journalistes et des \u00e9crivains catholiques, il est Saint et Docteur de l\u2019\u00c9glise.<\/h4>\n\n<p>Le <strong>24 janvier<\/strong> est c\u00e9l\u00e9br\u00e9e la m\u00e9moire liturgique de <strong>Fran\u00e7ois de Sales<\/strong>, \u00e9v\u00eaque fran\u00e7ais qui v\u00e9cut \u00e0 cheval entre le XVIe et le XVIIe si\u00e8cle, <strong><u>Docteur de l\u2019\u00c9glise<\/u><\/strong> et Saint catholique. Bien que l\u2019anniversaire de sa mort soit le 28 d\u00e9cembre, la proximit\u00e9 de cette date avec <a href=\"https:\/\/www.holyart.fr\/noel\"><strong>No\u00ebl<\/strong><\/a> a fait en sorte que l\u2019on pr\u00e9f\u00e8re faire co\u00efncider sa m\u00e9moire avec la date de la <a href=\"https:\/\/www.holyart.fr\/blog\/articles-religieux\/reliques-des-saints-liste-des-10-les-plus-suggestives\/\"><strong><u>translation de ses reliques<\/u><\/strong><\/a> de Lyon, o\u00f9 le saint mourut le 28 d\u00e9cembre 1622 \u00e0 Annecy. Son c\u0153ur se trouve toujours \u00e0 Tr\u00e9vise, dans le Monast\u00e8re de la Visitation.<\/p>\n<p>Fran\u00e7ois de Sales \u00e9tait d\u2019<strong>origine noble<\/strong>. Destin\u00e9 par son p\u00e8re \u00e0 une carri\u00e8re juridique, il fut envoy\u00e9 \u00e0 l\u2019Universit\u00e9 de Padoue, mais ici, une fois obtenu son dipl\u00f4me, il d\u00e9cida de prononcer ses v\u0153ux et de d\u00e9dier son existence et son esprit brillant \u00e0 Dieu et aux hommes. Ce fut justement son <strong>habilit\u00e9 en tant que pr\u00eacheur<\/strong> qui lui a valu d\u2019\u00eatre <strong><u>proclam\u00e9 Saint<\/u><\/strong> en 1665, quelques d\u00e9cennies seulement apr\u00e8s sa mort.<\/p>\n<div class=\"link-article\">\n<p><img loading=\"lazy\" decoding=\"async\" class=\"size-full wp-image-7704 alignleft\" src=\"https:\/\/blog.holyart.it\/fr\/wp-content\/uploads\/sites\/14\/2024\/01\/Reliques-des-saints.jpeg\" alt=\"Reliques des saints\" width=\"150\" height=\"99\" data-kale-share-title=\"Saint Fran\u00e7ois de Sales, le saint patron des journalistes\" data-kale-share-url=\"https:\/\/blog.holyart.it\/fr\/?p=7701\" \/><\/p>\n<div class=\"leggi-anche\">Lire aussi :<\/div>\n<p><strong><a href=\"https:\/\/www.holyart.fr\/blog\/articles-religieux\/reliques-des-saints-liste-des-10-les-plus-suggestives\/\">Reliques des saints : liste des 10 les plus suggestives<\/a><\/strong><br \/>\nLes reliques des saints traversent l\u2019histoire de la chr\u00e9tient\u00e9 comme t\u00e9moignage d\u2019amour, d\u00e9votion et foi&#8230;<\/p>\n<\/div>\n<p>En tant qu\u2019<strong>\u00c9v\u00eaque de Gen\u00e8ve<\/strong>, <strong>pr\u00eacheur<\/strong> et <strong>fondateur de l\u2019Ordre de la Visitation Sainte-Marie<\/strong> avec la baronne Jeanne Fran\u00e7oise Fremyot de Chantal, Fran\u00e7ois de Sales d\u00e9montra toujours un grand engagement, \u00a0une simplicit\u00e9 et une douceur qui ne manquait pas de lui attirer les sympathies de tout le monde.<\/p>\n<p>Cette m\u00eame <strong>douceur et amour<\/strong> nous les retrouvons dans ses \u0153uvres litt\u00e9raires, <a href=\"https:\/\/www.holyart.fr\/articles-religieux\/chapelets-et-etuis-a-chapelet\"><strong>dans ses pri\u00e8res<\/strong><\/a>, et dans les r\u00e8gles demand\u00e9es aux religieuses qui souhaitaient entrer dans son Ordre, qui ne devaient pas se soumettre \u00e0 une aust\u00e9rit\u00e9 corporelle excessive, mais exercer l\u2019asc\u00e8se du c\u0153ur avec humilit\u00e9, douceur et patience, outre que la pri\u00e8re et\u00a0 la contemplation. La t\u00e2che des s\u0153urs n\u2019\u00e9tait pas uniquement de s\u2019adresser \u00e0 Dieu, mais aussi et surtout aux hommes avec des \u0153uvres <strong>de charit\u00e9 et de <u>mis\u00e9ricorde<\/u><\/strong>.<\/p>\n<p>Depuis 1923, il est \u00e9galement le Saint <strong>patron des journalistes et des \u00e9crivains catholiques <\/strong>par volont\u00e9 de Pape Pie XI. Cette attribution d\u00e9rive de la mission de Fran\u00e7ois de Sales dans la r\u00e9gion des Chablais, o\u00f9 le saint se d\u00e9dia \u00e0 la <strong>lutte contre le Calvinisme<\/strong> non pas avec violence et attitude pol\u00e9mique, mais en utilisant l\u2019art de la <strong>pr\u00e9dication<\/strong>, dans laquelle il excellait, et du <strong>dialogue<\/strong>. Justement afin de convaincre le plus grand nombre de personnes avec sa campagne d\u2019\u00e9vang\u00e9lisation il con\u00e7ut le syst\u00e8me des <strong>manifestes<\/strong>, des articles \u00e9crits de mani\u00e8re dynamique et facilement accessible que Fran\u00e7ois prenait soin d\u2019afficher dans des lieux publics, o\u00f9 ils pouvaient \u00eatre lus par le plus grand nombre possible de personnes. Pour cela, il fut proclam\u00e9 saint patron des journalistes et des \u00e9crivains catholiques.<\/p>\n<div class=\"link-product\">\n<div class=\"blocco-immagine\"><img loading=\"lazy\" decoding=\"async\" class=\"size-full wp-image-7707 alignleft\" src=\"https:\/\/blog.holyart.it\/fr\/wp-content\/uploads\/sites\/14\/2024\/01\/Chapelets-et-etuis-a-chapelet.jpg\" alt=\"Chapelets et \u00e9tuis \u00e0 chapelet\" width=\"100\" height=\"100\" data-kale-share-title=\"Saint Fran\u00e7ois de Sales, le saint patron des journalistes\" data-kale-share-url=\"https:\/\/blog.holyart.it\/fr\/?p=7701\" \/><\/div>\n<div class=\"blocco-contenuto\">\n<div class=\"blocco-acquista\">Acheter sur Holyart:<\/div>\n<div class=\"blocco-titolo\"><a href=\"https:\/\/www.holyart.fr\/articles-religieux\/chapelets-et-etuis-a-chapelet?_gl=1*w3keda*_gcl_aw*R0NMLjE3MDQxODM5MDMuQ2owS0NRanc4cW1oQmhDbEFSSXNBTkF0Ym9mZ21KMm85dkV5S0JjLUdLUWIweWFCLU9EekR0N1ZQV2hnY1g4WW96M2haNGVTR0JkUjR1d2FBZzZrRUFMd193Y0I.*_gcl_au*MzQ2MTAxMTM4LjE2OTc4MDc3MzQ.*_ga*MjAyODIwNTUzOS4xNjgwNTA1OTc3*_ga_W18MV136NH*MTcwNDE4MjQxOC4zMDQuMS4xNzA0MTg2MzUxLjAuMC4w\">Chapelets et \u00e9tuis \u00e0 chapelet<\/a><\/div>\n<div class=\"blocco-descrizione\">Chapelets et \u00e9tuis \u00e0 chapelet: vaste s\u00e9lection de chapelets en diff\u00e9rents mat\u00e9riaux et \u00e9tuis \u00e0 chapelets.<\/div>\n<\/div>\n<\/div>\n<h2>Saint Fran\u00e7ois de Sales, \u00e9v\u00eaque et docteur de l\u2019\u00c9glise<\/h2>\n<p>Nous nous sommes d\u00e9j\u00e0 occup\u00e9s de la vie de <a href=\"https:\/\/www.holyart.fr\/articles-religieux\/medailles-confreries-et-associations\/medaillon-confrerie-laiton-st-francois-de-sales\"><strong>Saint Fran\u00e7ois de Sales<\/strong><\/a>, du fait qu\u2019il \u00e9tait un grand homme, avant m\u00eame qu\u2019un ma\u00eetre de spiritualit\u00e9. Importante aussi est sa <strong>contribution litt\u00e9raire et th\u00e9ologique<\/strong> dans l\u2019histoire de la chr\u00e9tient\u00e9, avec des \u0153uvres de doctrine, comme l\u2019<strong><em>Introduction \u00e0 la vie d\u00e9vote <\/em><\/strong>(<strong>Philoth\u00e9e<\/strong>), pour n\u2019en citer qu\u2019une des plus importantes. Si sa canonisation fut motiv\u00e9e, comme il est de coutume, par deux <strong><u>miracles<\/u><\/strong>, sa doctrine et ses talents de pr\u00eacheur furent les conditions qui d\u00e9termin\u00e8rent son \u00e9lection \u00e0 Docteur de l\u2019\u00c9glise. Rappelons en effet que, outre une rectitude dans la conduite et une vie virtuose, les conditions n\u00e9cessaires pour la proclamation d\u2019un Docteur de l\u2019\u00c9glise sont\u00a0:<\/p>\n<ul>\n<li>doctrine \u00e9minente ;<\/li>\n<li>saintet\u00e9 de vie ;<\/li>\n<li>\u00e9lection de la part du Souverain Pontife ou du Concile G\u00e9n\u00e9ral.<\/li>\n<\/ul>\n<div class=\"link-product\">\n<div class=\"blocco-immagine\"><img loading=\"lazy\" decoding=\"async\" class=\"size-full wp-image-7709 alignleft\" src=\"https:\/\/blog.holyart.it\/fr\/wp-content\/uploads\/sites\/14\/2024\/01\/Medaillon-confrerie-laiton-St-Francois-de-Sales.jpg\" alt=\"M\u00e9daillon confr\u00e9rie laiton St Fran\u00e7ois de Sales\" width=\"100\" height=\"100\" data-kale-share-title=\"Saint Fran\u00e7ois de Sales, le saint patron des journalistes\" data-kale-share-url=\"https:\/\/blog.holyart.it\/fr\/?p=7701\" \/><\/div>\n<div class=\"blocco-contenuto\">\n<div class=\"blocco-acquista\">Acheter sur Holyart:<\/div>\n<div class=\"blocco-titolo\"><a href=\"https:\/\/www.holyart.fr\/articles-religieux\/medailles-confreries-et-associations\/medaillon-confrerie-laiton-st-francois-de-sales?_gl=1*g9hzgo*_gcl_aw*R0NMLjE3MDQxODM5MDMuQ2owS0NRanc4cW1oQmhDbEFSSXNBTkF0Ym9mZ21KMm85dkV5S0JjLUdLUWIweWFCLU9EekR0N1ZQV2hnY1g4WW96M2haNGVTR0JkUjR1d2FBZzZrRUFMd193Y0I.*_gcl_au*MzQ2MTAxMTM4LjE2OTc4MDc3MzQ.*_ga*MjAyODIwNTUzOS4xNjgwNTA1OTc3*_ga_W18MV136NH*MTcwNDE4MjQxOC4zMDQuMS4xNzA0MTg2NTAyLjAuMC4w\">M\u00e9daillon confr\u00e9rie laiton St Fran\u00e7ois de Sales<\/a><\/div>\n<div class=\"blocco-descrizione\">M\u00e9daille pour confr\u00e9rie repr\u00e9sentant Saint Fran\u00e7ois de Sales. Cette insigne religieuse, enti\u00e8rement r\u00e9alis\u00e9e en Italie&#8230;<\/div>\n<\/div>\n<\/div>\n<h2>Philoth\u00e9e, l\u2019\u0153uvre de Saint Fran\u00e7ois de Sales<\/h2>\n<p>Nous avons d\u00e9j\u00e0 mentionn\u00e9 <strong>Philoth\u00e9e ou Introduction \u00e0 la vie d\u00e9vote<\/strong>, \u0153uvre asc\u00e9tique \u00e9crite par <a href=\"https:\/\/www.holyart.fr\/articles-religieux\/medailles-confreries-et-associations\/medaillon-confrerie-religieuse-st-francois-de-sales\"><strong>Fran\u00e7ois de Sales<\/strong><\/a> en 1609. Le nom Philoth\u00e9e est d\u2019origine grecque et signifie \u00ab\u00a0Ami de Dieu\u00a0\u00bb. Cette \u0153uvre exceptionnelle repr\u00e9sente un manuel exhaustif et complet pour ceux qui souhaitent conduire une vie chr\u00e9tienne, car elle analyse chaque aspect de la vie selon la Parole de Dieu, avec de nombreux conseils pratiques et normes de comportement qu\u2019un chr\u00e9tien doit tenir en toute circonstance.<\/p>\n<p>Une autre de ses \u0153uvres les plus importantes fut le Th\u00e9otime ou Trait\u00e9 de l\u2019Amour de Dieu (1616), o\u00f9 le Saint d\u00e9finit <strong><u>la v\u00e9ritable d\u00e9votion religieuse<\/u><\/strong> non pas comme une manifestation externe, faite uniquement de r\u00e8gles et de pratiques d\u00e9votionnelles m\u00e9caniques, mais comme un travail de perfectionnement de soi, aliment\u00e9 par l\u2019amour pour Dieu et par la pratique constante des <strong><u>vertus th\u00e9ologales<\/u><\/strong>.<\/p>\n<p><strong><u>La charit\u00e9, l\u2019amour pour Dieu et en Dieu<\/u><\/strong> sont les arguments les plus r\u00e9currents dans les \u0153uvres de Saint Fran\u00e7ois de Sales, \u00e0 une \u00e9poque, celle des guerres religieuses, o\u00f9 trop souvent on avait recours \u00e0 la pol\u00e9mique, mais aussi \u00e0 la violence et \u00e0 la pr\u00e9varication afin d\u2019obliger qui professait une foi diff\u00e9rente \u00e0 revenir au catholicisme. La douceur et la gr\u00e2ce avec lesquelles Fran\u00e7ois exposait ses id\u00e9es lui valurent la conversion de nombreux protestants.<\/p>\n<div class=\"link-article\">\n<p><img loading=\"lazy\" decoding=\"async\" class=\"size-full wp-image-7713 alignleft\" src=\"https:\/\/blog.holyart.it\/fr\/wp-content\/uploads\/sites\/14\/2024\/01\/Le-lavement-des-pieds.jpg\" alt=\"Le lavement des pieds\" width=\"150\" height=\"99\" data-kale-share-title=\"Saint Fran\u00e7ois de Sales, le saint patron des journalistes\" data-kale-share-url=\"https:\/\/blog.holyart.it\/fr\/?p=7701\" \/><\/p>\n<div class=\"leggi-anche\">Lire aussi :<\/div>\n<p><strong><a href=\"https:\/\/www.holyart.fr\/blog\/articles-religieux\/le-lavement-des-pieds-le-geste-symbole-de-lamour-de-dieu\/\">Le lavement des pieds, le geste symbole de l\u2019amour de Dieu<\/a><\/strong><br \/>\nLe lavement des pieds est un des plus grands gestes d\u2019amour de Dieu. Voici comment il se d\u00e9roula et comment on le r\u00e9p\u00e8te chaque ann\u00e9e&#8230;<\/p>\n<\/div>\n<h2>Pri\u00e8re \u00e0 Saint Fran\u00e7ois de Sales<\/h2>\n<p>La douceur de Saint Fran\u00e7ois de Sales ressort \u00e9galement des pri\u00e8res pour la famille qu\u2019il a lui-m\u00eame \u00e9crit, et des nombreuses pri\u00e8res qui lui sont d\u00e9di\u00e9es par ses d\u00e9vots.<\/p>\n<p>Particuli\u00e8rement repr\u00e9sentative est la pri\u00e8re suivante, d\u00e9di\u00e9e \u00e0 la <strong>Vierge Marie<\/strong>, d\u00e9finie par le Saint comme une M\u00e8re aimante et puissante, pr\u00eate \u00e0 \u00e9couter les supplications de ses enfants, m\u00eame les moins m\u00e9ritants, par amour\u00a0:<\/p>\n<p>&nbsp;<\/p>\n<p><em>Ayez m\u00e9moire et souvenance, tr\u00e8s douce Vierge,<\/em><\/p>\n<p><em>que vous \u00eates ma M\u00e8re et que je suis votre fils\u00a0;<\/em><\/p>\n<p><em>que vous \u00eates puissante<\/em><\/p>\n<p><em>et que je suis un pauvre homme vil et faible.<\/em><\/p>\n<p><em>Je vous supplie, tr\u00e8s douce M\u00e8re,<\/em><\/p>\n<p><em>que vous me gouverniez et me d\u00e9fendiez<\/em><\/p>\n<p><em>dans toutes mes voies et actions.<\/em><\/p>\n<p><em>Ne dites pas, gracieuse Vierge, que vous ne pouvez\u00a0;<\/em><\/p>\n<p><em>car votre bien-aim\u00e9 Fils<\/em><\/p>\n<p><em>vous a donn\u00e9 tout pouvoir, tant au ciel comme en la terre.<\/em><\/p>\n<p><em>Ne dites pas que vous ne devez\u00a0;<\/em><\/p>\n<p><em>car vous \u00eates la commune M\u00e8re de tous les pauvres humains<\/em><\/p>\n<p><em>et particuli\u00e8rement la mienne.<\/em><\/p>\n<p><em>Si vous ne pouviez, je vous excuserais disant\u00a0:<\/em><\/p>\n<p><em>il est vrai qu&rsquo;elle est ma m\u00e8re et qu&rsquo;elle me ch\u00e9rit comme son fils,<\/em><\/p>\n<p><em>mais la pauvrette manque d&rsquo;avoir et de pouvoir.<\/em><\/p>\n<p><em>Si vous n&rsquo;\u00e9tiez ma M\u00e8re,<\/em><\/p>\n<p><em>avec raison je patienterais disant\u00a0:<\/em><\/p>\n<p><em>elle est bien assez riche pour m&rsquo;assister\u00a0;<\/em><\/p>\n<p><em>mais h\u00e9las, n&rsquo;\u00e9tant pas ma m\u00e8re,<\/em><\/p>\n<p><em>elle ne m&rsquo;aime pas.<\/em><\/p>\n<p><em>Puis donc, tr\u00e8s douce Vierge,<\/em><\/p>\n<p><em>que vous \u00eates ma M\u00e8re<\/em><\/p>\n<p><em>et que vous \u00eates puissante,<\/em><\/p>\n<p><em>comment vous excuserais-je si vous ne me soulagez<\/em><\/p>\n<p><em>et ne me pr\u00eatez votre secours et assistance\u00a0?<\/em><\/p>\n<p><em>Vous voyez, ma M\u00e8re,<\/em><\/p>\n<p><em>que vous \u00eates contrainte d&rsquo;acquiescer<\/em><\/p>\n<p><em>\u00e0 toutes mes demandes.<\/em><\/p>\n<p><em>Pour l&rsquo;honneur et la gloire de votre Fils,<\/em><\/p>\n<p><em>acceptez-moi comme votre enfant,<\/em><\/p>\n<p><em>sans avoir \u00e9gard \u00e0 mes mis\u00e8res et p\u00e9ch\u00e9s.<\/em><\/p>\n<p><em>D\u00e9livrez mon \u00e2me et mon corps de tout mal<\/em><\/p>\n<p><em>et me donnez toutes vos vertus, surtout l&rsquo;humilit\u00e9.<\/em><\/p>\n<p><em>Enfin, faites-moi pr\u00e9sent de tous les dons,<\/em><\/p>\n<p><em>biens et gr\u00e2ces, qui plaisent<\/em><\/p>\n<p><em>\u00e0 la Sainte Trinit\u00e9, P\u00e8re, Fils et Saint-Esprit.<\/em><\/p>\n<p><em>Ainsi soit-il.<\/em><\/p>\n<div class=\"link-product\">\n<div class=\"blocco-immagine\"><img loading=\"lazy\" decoding=\"async\" class=\"size-full wp-image-7716 alignleft\" src=\"https:\/\/blog.holyart.it\/fr\/wp-content\/uploads\/sites\/14\/2024\/01\/Notre-Dame-de-Medjugorje-robe-grise-poudre-marbre-40-cm-EXTERIEUR.jpg\" alt=\"Notre-Dame de Medjugorje robe grise poudre marbre 40 cm EXT\u00c9RIEUR\" width=\"100\" height=\"100\" data-kale-share-title=\"Saint Fran\u00e7ois de Sales, le saint patron des journalistes\" data-kale-share-url=\"https:\/\/blog.holyart.it\/fr\/?p=7701\" \/><\/div>\n<div class=\"blocco-contenuto\">\n<div class=\"blocco-acquista\">Acheter sur Holyart:<\/div>\n<div class=\"blocco-titolo\"><a href=\"https:\/\/www.holyart.fr\/occasions-speciales\/notre-dame-de-medjugorje\/statues-vierge-de-medjugorje\/notre-dame-de-medjugorje-robe-grise-poudre-marbre-40-cm-exterieur?_gl=1*1qmy4e4*_gcl_aw*R0NMLjE3MDQxODM5MDMuQ2owS0NRanc4cW1oQmhDbEFSSXNBTkF0Ym9mZ21KMm85dkV5S0JjLUdLUWIweWFCLU9EekR0N1ZQV2hnY1g4WW96M2haNGVTR0JkUjR1d2FBZzZrRUFMd193Y0I.*_gcl_au*MzQ2MTAxMTM4LjE2OTc4MDc3MzQ.*_ga*MjAyODIwNTUzOS4xNjgwNTA1OTc3*_ga_W18MV136NH*MTcwNDE4MjQxOC4zMDQuMS4xNzA0MTg2ODM3LjAuMC4w\">Notre-Dame de Medjugorje robe grise poudre marbre 40 cm EXT\u00c9RIEUR<\/a><\/div>\n<div class=\"blocco-descrizione\">Statue de la Vierge sur un petit nuage&#8230;<\/div>\n<\/div>\n<\/div>\n","protected":false},"excerpt":{"rendered":"<p>Saint Fran\u00e7ois de Sales fit de l\u2019amour pour Dieu et de la douceur dans l\u2019expression son credo l\u2019arme la plus puissante de sa pr\u00e9dication. Saint patron des journalistes et des \u00e9crivains catholiques, il est Saint et Docteur de l\u2019\u00c9glise. Le 24 janvier est c\u00e9l\u00e9br\u00e9e la&hellip;<\/p>\n","protected":false},"author":1,"featured_media":7703,"comment_status":"closed","ping_status":"open","sticky":false,"template":"","format":"standard","meta":{"_acf_changed":false,"footnotes":""},"categories":[7],"tags":[],"class_list":["post-7701","post","type-post","status-publish","format-standard","has-post-thumbnail","hentry","category-saints-et-bienheureux"],"acf":[],"yoast_head":"<!-- This site is optimized with the Yoast SEO plugin v26.6 - https:\/\/yoast.com\/wordpress\/plugins\/seo\/ -->\n<title>Saint Fran\u00e7ois de Sales, le saint patron des journalistes - Holyart.fr Blog<\/title>\n<meta name=\"description\" content=\"Saint Fran\u00e7ois de Sales fit de l\u2019amour pour Dieu et de la douceur dans l\u2019expression son credo l\u2019arme la plus puissante de sa pr\u00e9dication...\" \/>\n<meta name=\"robots\" content=\"index, follow, max-snippet:-1, max-image-preview:large, max-video-preview:-1\" \/>\n<link rel=\"canonical\" href=\"https:\/\/blog.holyart.it\/fr\/saints-et-bienheureux\/saint-francois-de-sales-le-saint-patron-des-journalistes\/\" \/>\n<meta property=\"og:locale\" content=\"fr_FR\" \/>\n<meta property=\"og:type\" content=\"article\" \/>\n<meta property=\"og:title\" content=\"Saint Fran\u00e7ois de Sales, le saint patron des journalistes - Holyart.fr Blog\" \/>\n<meta property=\"og:description\" content=\"Saint Fran\u00e7ois de Sales fit de l\u2019amour pour Dieu et de la douceur dans l\u2019expression son credo l\u2019arme la plus puissante de sa pr\u00e9dication...\" \/>\n<meta property=\"og:url\" content=\"https:\/\/blog.holyart.it\/fr\/saints-et-bienheureux\/saint-francois-de-sales-le-saint-patron-des-journalistes\/\" \/>\n<meta property=\"og:site_name\" content=\"Holyart.fr Blog\" \/>\n<meta property=\"article:published_time\" content=\"2024-01-17T09:00:14+00:00\" \/>\n<meta property=\"article:modified_time\" content=\"2026-01-26T11:33:03+00:00\" \/>\n<meta property=\"og:image\" content=\"https:\/\/blog.holyart.it\/fr\/wp-content\/uploads\/sites\/14\/2024\/01\/Saint-Francois-de-Sales.jpg\" \/>\n\t<meta property=\"og:image:width\" content=\"1000\" \/>\n\t<meta property=\"og:image:height\" content=\"666\" \/>\n\t<meta property=\"og:image:type\" content=\"image\/jpeg\" \/>\n<meta name=\"author\" content=\"Redazione\" \/>\n<meta name=\"twitter:card\" content=\"summary_large_image\" \/>\n<meta name=\"twitter:label1\" content=\"\u00c9crit par\" \/>\n\t<meta name=\"twitter:data1\" content=\"Redazione\" \/>\n\t<meta name=\"twitter:label2\" content=\"Dur\u00e9e de lecture estim\u00e9e\" \/>\n\t<meta name=\"twitter:data2\" content=\"8 minutes\" \/>\n<script type=\"application\/ld+json\" class=\"yoast-schema-graph\">{\"@context\":\"https:\/\/schema.org\",\"@graph\":[{\"@type\":\"Article\",\"@id\":\"https:\/\/blog.holyart.it\/fr\/saints-et-bienheureux\/saint-francois-de-sales-le-saint-patron-des-journalistes\/#article\",\"isPartOf\":{\"@id\":\"https:\/\/blog.holyart.it\/fr\/saints-et-bienheureux\/saint-francois-de-sales-le-saint-patron-des-journalistes\/\"},\"author\":{\"name\":\"Redazione\",\"@id\":\"https:\/\/blog.holyart.it\/fr\/#\/schema\/person\/0a7b686e5af0f856ec1e390dd0baecda\"},\"headline\":\"Saint Fran\u00e7ois de Sales, le saint patron des journalistes\",\"datePublished\":\"2024-01-17T09:00:14+00:00\",\"dateModified\":\"2026-01-26T11:33:03+00:00\",\"mainEntityOfPage\":{\"@id\":\"https:\/\/blog.holyart.it\/fr\/saints-et-bienheureux\/saint-francois-de-sales-le-saint-patron-des-journalistes\/\"},\"wordCount\":1475,\"publisher\":{\"@id\":\"https:\/\/blog.holyart.it\/fr\/#organization\"},\"image\":{\"@id\":\"https:\/\/blog.holyart.it\/fr\/saints-et-bienheureux\/saint-francois-de-sales-le-saint-patron-des-journalistes\/#primaryimage\"},\"thumbnailUrl\":\"https:\/\/blog.holyart.it\/fr\/wp-content\/uploads\/sites\/14\/2024\/01\/Saint-Francois-de-Sales.jpg\",\"articleSection\":[\"Saints et Bienheureux\"],\"inLanguage\":\"fr-FR\"},{\"@type\":\"WebPage\",\"@id\":\"https:\/\/blog.holyart.it\/fr\/saints-et-bienheureux\/saint-francois-de-sales-le-saint-patron-des-journalistes\/\",\"url\":\"https:\/\/blog.holyart.it\/fr\/saints-et-bienheureux\/saint-francois-de-sales-le-saint-patron-des-journalistes\/\",\"name\":\"Saint Fran\u00e7ois de Sales, le saint patron des journalistes - Holyart.fr Blog\",\"isPartOf\":{\"@id\":\"https:\/\/blog.holyart.it\/fr\/#website\"},\"primaryImageOfPage\":{\"@id\":\"https:\/\/blog.holyart.it\/fr\/saints-et-bienheureux\/saint-francois-de-sales-le-saint-patron-des-journalistes\/#primaryimage\"},\"image\":{\"@id\":\"https:\/\/blog.holyart.it\/fr\/saints-et-bienheureux\/saint-francois-de-sales-le-saint-patron-des-journalistes\/#primaryimage\"},\"thumbnailUrl\":\"https:\/\/blog.holyart.it\/fr\/wp-content\/uploads\/sites\/14\/2024\/01\/Saint-Francois-de-Sales.jpg\",\"datePublished\":\"2024-01-17T09:00:14+00:00\",\"dateModified\":\"2026-01-26T11:33:03+00:00\",\"description\":\"Saint Fran\u00e7ois de Sales fit de l\u2019amour pour Dieu et de la douceur dans l\u2019expression son credo l\u2019arme la plus puissante de sa pr\u00e9dication...\",\"breadcrumb\":{\"@id\":\"https:\/\/blog.holyart.it\/fr\/saints-et-bienheureux\/saint-francois-de-sales-le-saint-patron-des-journalistes\/#breadcrumb\"},\"inLanguage\":\"fr-FR\",\"potentialAction\":[{\"@type\":\"ReadAction\",\"target\":[\"https:\/\/blog.holyart.it\/fr\/saints-et-bienheureux\/saint-francois-de-sales-le-saint-patron-des-journalistes\/\"]}]},{\"@type\":\"ImageObject\",\"inLanguage\":\"fr-FR\",\"@id\":\"https:\/\/blog.holyart.it\/fr\/saints-et-bienheureux\/saint-francois-de-sales-le-saint-patron-des-journalistes\/#primaryimage\",\"url\":\"https:\/\/blog.holyart.it\/fr\/wp-content\/uploads\/sites\/14\/2024\/01\/Saint-Francois-de-Sales.jpg\",\"contentUrl\":\"https:\/\/blog.holyart.it\/fr\/wp-content\/uploads\/sites\/14\/2024\/01\/Saint-Francois-de-Sales.jpg\",\"width\":1000,\"height\":666,\"caption\":\"Saint Fran\u00e7ois de Sales\"},{\"@type\":\"BreadcrumbList\",\"@id\":\"https:\/\/blog.holyart.it\/fr\/saints-et-bienheureux\/saint-francois-de-sales-le-saint-patron-des-journalistes\/#breadcrumb\",\"itemListElement\":[{\"@type\":\"ListItem\",\"position\":1,\"name\":\"Homepage\",\"item\":\"https:\/\/blog.holyart.it\/fr\/\"},{\"@type\":\"ListItem\",\"position\":2,\"name\":\"Saints et Bienheureux\",\"item\":\"https:\/\/blog.holyart.it\/fr\/saints-et-bienheureux\/\"},{\"@type\":\"ListItem\",\"position\":3,\"name\":\"Saint Fran\u00e7ois de Sales, le saint patron des journalistes\"}]},{\"@type\":\"WebSite\",\"@id\":\"https:\/\/blog.holyart.it\/fr\/#website\",\"url\":\"https:\/\/blog.holyart.it\/fr\/\",\"name\":\"Holyart.fr Blog\",\"description\":\"Holyblog\",\"publisher\":{\"@id\":\"https:\/\/blog.holyart.it\/fr\/#organization\"},\"potentialAction\":[{\"@type\":\"SearchAction\",\"target\":{\"@type\":\"EntryPoint\",\"urlTemplate\":\"https:\/\/blog.holyart.it\/fr\/?s={search_term_string}\"},\"query-input\":{\"@type\":\"PropertyValueSpecification\",\"valueRequired\":true,\"valueName\":\"search_term_string\"}}],\"inLanguage\":\"fr-FR\"},{\"@type\":\"Organization\",\"@id\":\"https:\/\/blog.holyart.it\/fr\/#organization\",\"name\":\"Holyart.fr Blog\",\"url\":\"https:\/\/blog.holyart.it\/fr\/\",\"logo\":{\"@type\":\"ImageObject\",\"inLanguage\":\"fr-FR\",\"@id\":\"https:\/\/blog.holyart.it\/fr\/#\/schema\/logo\/image\/\",\"url\":\"https:\/\/blog.holyart.it\/fr\/wp-content\/uploads\/sites\/14\/2022\/12\/Holyart_Blog_Logo.jpg\",\"contentUrl\":\"https:\/\/blog.holyart.it\/fr\/wp-content\/uploads\/sites\/14\/2022\/12\/Holyart_Blog_Logo.jpg\",\"width\":300,\"height\":50,\"caption\":\"Holyart.fr Blog\"},\"image\":{\"@id\":\"https:\/\/blog.holyart.it\/fr\/#\/schema\/logo\/image\/\"}},{\"@type\":\"Person\",\"@id\":\"https:\/\/blog.holyart.it\/fr\/#\/schema\/person\/0a7b686e5af0f856ec1e390dd0baecda\",\"name\":\"Redazione\",\"image\":{\"@type\":\"ImageObject\",\"inLanguage\":\"fr-FR\",\"@id\":\"https:\/\/blog.holyart.it\/fr\/#\/schema\/person\/image\/\",\"url\":\"https:\/\/secure.gravatar.com\/avatar\/f477da817f43e50d0af36abecd33e3edf826c68299714bdc1057dff3b113f516?s=96&d=mm&r=g\",\"contentUrl\":\"https:\/\/secure.gravatar.com\/avatar\/f477da817f43e50d0af36abecd33e3edf826c68299714bdc1057dff3b113f516?s=96&d=mm&r=g\",\"caption\":\"Redazione\"},\"url\":\"https:\/\/blog.holyart.it\/fr\/author\/admin\/\"}]}<\/script>\n<!-- \/ Yoast SEO plugin. -->","yoast_head_json":{"title":"Saint Fran\u00e7ois de Sales, le saint patron des journalistes - Holyart.fr Blog","description":"Saint Fran\u00e7ois de Sales fit de l\u2019amour pour Dieu et de la douceur dans l\u2019expression son credo l\u2019arme la plus puissante de sa pr\u00e9dication...","robots":{"index":"index","follow":"follow","max-snippet":"max-snippet:-1","max-image-preview":"max-image-preview:large","max-video-preview":"max-video-preview:-1"},"canonical":"https:\/\/blog.holyart.it\/fr\/saints-et-bienheureux\/saint-francois-de-sales-le-saint-patron-des-journalistes\/","og_locale":"fr_FR","og_type":"article","og_title":"Saint Fran\u00e7ois de Sales, le saint patron des journalistes - Holyart.fr Blog","og_description":"Saint Fran\u00e7ois de Sales fit de l\u2019amour pour Dieu et de la douceur dans l\u2019expression son credo l\u2019arme la plus puissante de sa pr\u00e9dication...","og_url":"https:\/\/blog.holyart.it\/fr\/saints-et-bienheureux\/saint-francois-de-sales-le-saint-patron-des-journalistes\/","og_site_name":"Holyart.fr Blog","article_published_time":"2024-01-17T09:00:14+00:00","article_modified_time":"2026-01-26T11:33:03+00:00","og_image":[{"width":1000,"height":666,"url":"https:\/\/blog.holyart.it\/fr\/wp-content\/uploads\/sites\/14\/2024\/01\/Saint-Francois-de-Sales.jpg","type":"image\/jpeg"}],"author":"Redazione","twitter_card":"summary_large_image","twitter_misc":{"\u00c9crit par":"Redazione","Dur\u00e9e de lecture estim\u00e9e":"8 minutes"},"schema":{"@context":"https:\/\/schema.org","@graph":[{"@type":"Article","@id":"https:\/\/blog.holyart.it\/fr\/saints-et-bienheureux\/saint-francois-de-sales-le-saint-patron-des-journalistes\/#article","isPartOf":{"@id":"https:\/\/blog.holyart.it\/fr\/saints-et-bienheureux\/saint-francois-de-sales-le-saint-patron-des-journalistes\/"},"author":{"name":"Redazione","@id":"https:\/\/blog.holyart.it\/fr\/#\/schema\/person\/0a7b686e5af0f856ec1e390dd0baecda"},"headline":"Saint Fran\u00e7ois de Sales, le saint patron des journalistes","datePublished":"2024-01-17T09:00:14+00:00","dateModified":"2026-01-26T11:33:03+00:00","mainEntityOfPage":{"@id":"https:\/\/blog.holyart.it\/fr\/saints-et-bienheureux\/saint-francois-de-sales-le-saint-patron-des-journalistes\/"},"wordCount":1475,"publisher":{"@id":"https:\/\/blog.holyart.it\/fr\/#organization"},"image":{"@id":"https:\/\/blog.holyart.it\/fr\/saints-et-bienheureux\/saint-francois-de-sales-le-saint-patron-des-journalistes\/#primaryimage"},"thumbnailUrl":"https:\/\/blog.holyart.it\/fr\/wp-content\/uploads\/sites\/14\/2024\/01\/Saint-Francois-de-Sales.jpg","articleSection":["Saints et Bienheureux"],"inLanguage":"fr-FR"},{"@type":"WebPage","@id":"https:\/\/blog.holyart.it\/fr\/saints-et-bienheureux\/saint-francois-de-sales-le-saint-patron-des-journalistes\/","url":"https:\/\/blog.holyart.it\/fr\/saints-et-bienheureux\/saint-francois-de-sales-le-saint-patron-des-journalistes\/","name":"Saint Fran\u00e7ois de Sales, le saint patron des journalistes - Holyart.fr Blog","isPartOf":{"@id":"https:\/\/blog.holyart.it\/fr\/#website"},"primaryImageOfPage":{"@id":"https:\/\/blog.holyart.it\/fr\/saints-et-bienheureux\/saint-francois-de-sales-le-saint-patron-des-journalistes\/#primaryimage"},"image":{"@id":"https:\/\/blog.holyart.it\/fr\/saints-et-bienheureux\/saint-francois-de-sales-le-saint-patron-des-journalistes\/#primaryimage"},"thumbnailUrl":"https:\/\/blog.holyart.it\/fr\/wp-content\/uploads\/sites\/14\/2024\/01\/Saint-Francois-de-Sales.jpg","datePublished":"2024-01-17T09:00:14+00:00","dateModified":"2026-01-26T11:33:03+00:00","description":"Saint Fran\u00e7ois de Sales fit de l\u2019amour pour Dieu et de la douceur dans l\u2019expression son credo l\u2019arme la plus puissante de sa pr\u00e9dication...","breadcrumb":{"@id":"https:\/\/blog.holyart.it\/fr\/saints-et-bienheureux\/saint-francois-de-sales-le-saint-patron-des-journalistes\/#breadcrumb"},"inLanguage":"fr-FR","potentialAction":[{"@type":"ReadAction","target":["https:\/\/blog.holyart.it\/fr\/saints-et-bienheureux\/saint-francois-de-sales-le-saint-patron-des-journalistes\/"]}]},{"@type":"ImageObject","inLanguage":"fr-FR","@id":"https:\/\/blog.holyart.it\/fr\/saints-et-bienheureux\/saint-francois-de-sales-le-saint-patron-des-journalistes\/#primaryimage","url":"https:\/\/blog.holyart.it\/fr\/wp-content\/uploads\/sites\/14\/2024\/01\/Saint-Francois-de-Sales.jpg","contentUrl":"https:\/\/blog.holyart.it\/fr\/wp-content\/uploads\/sites\/14\/2024\/01\/Saint-Francois-de-Sales.jpg","width":1000,"height":666,"caption":"Saint Fran\u00e7ois de Sales"},{"@type":"BreadcrumbList","@id":"https:\/\/blog.holyart.it\/fr\/saints-et-bienheureux\/saint-francois-de-sales-le-saint-patron-des-journalistes\/#breadcrumb","itemListElement":[{"@type":"ListItem","position":1,"name":"Homepage","item":"https:\/\/blog.holyart.it\/fr\/"},{"@type":"ListItem","position":2,"name":"Saints et Bienheureux","item":"https:\/\/blog.holyart.it\/fr\/saints-et-bienheureux\/"},{"@type":"ListItem","position":3,"name":"Saint Fran\u00e7ois de Sales, le saint patron des journalistes"}]},{"@type":"WebSite","@id":"https:\/\/blog.holyart.it\/fr\/#website","url":"https:\/\/blog.holyart.it\/fr\/","name":"Holyart.fr Blog","description":"Holyblog","publisher":{"@id":"https:\/\/blog.holyart.it\/fr\/#organization"},"potentialAction":[{"@type":"SearchAction","target":{"@type":"EntryPoint","urlTemplate":"https:\/\/blog.holyart.it\/fr\/?s={search_term_string}"},"query-input":{"@type":"PropertyValueSpecification","valueRequired":true,"valueName":"search_term_string"}}],"inLanguage":"fr-FR"},{"@type":"Organization","@id":"https:\/\/blog.holyart.it\/fr\/#organization","name":"Holyart.fr Blog","url":"https:\/\/blog.holyart.it\/fr\/","logo":{"@type":"ImageObject","inLanguage":"fr-FR","@id":"https:\/\/blog.holyart.it\/fr\/#\/schema\/logo\/image\/","url":"https:\/\/blog.holyart.it\/fr\/wp-content\/uploads\/sites\/14\/2022\/12\/Holyart_Blog_Logo.jpg","contentUrl":"https:\/\/blog.holyart.it\/fr\/wp-content\/uploads\/sites\/14\/2022\/12\/Holyart_Blog_Logo.jpg","width":300,"height":50,"caption":"Holyart.fr Blog"},"image":{"@id":"https:\/\/blog.holyart.it\/fr\/#\/schema\/logo\/image\/"}},{"@type":"Person","@id":"https:\/\/blog.holyart.it\/fr\/#\/schema\/person\/0a7b686e5af0f856ec1e390dd0baecda","name":"Redazione","image":{"@type":"ImageObject","inLanguage":"fr-FR","@id":"https:\/\/blog.holyart.it\/fr\/#\/schema\/person\/image\/","url":"https:\/\/secure.gravatar.com\/avatar\/f477da817f43e50d0af36abecd33e3edf826c68299714bdc1057dff3b113f516?s=96&d=mm&r=g","contentUrl":"https:\/\/secure.gravatar.com\/avatar\/f477da817f43e50d0af36abecd33e3edf826c68299714bdc1057dff3b113f516?s=96&d=mm&r=g","caption":"Redazione"},"url":"https:\/\/blog.holyart.it\/fr\/author\/admin\/"}]}},"_links":{"self":[{"href":"https:\/\/blog.holyart.it\/fr\/wp-json\/wp\/v2\/posts\/7701","targetHints":{"allow":["GET"]}}],"collection":[{"href":"https:\/\/blog.holyart.it\/fr\/wp-json\/wp\/v2\/posts"}],"about":[{"href":"https:\/\/blog.holyart.it\/fr\/wp-json\/wp\/v2\/types\/post"}],"author":[{"embeddable":true,"href":"https:\/\/blog.holyart.it\/fr\/wp-json\/wp\/v2\/users\/1"}],"replies":[{"embeddable":true,"href":"https:\/\/blog.holyart.it\/fr\/wp-json\/wp\/v2\/comments?post=7701"}],"version-history":[{"count":11,"href":"https:\/\/blog.holyart.it\/fr\/wp-json\/wp\/v2\/posts\/7701\/revisions"}],"predecessor-version":[{"id":7718,"href":"https:\/\/blog.holyart.it\/fr\/wp-json\/wp\/v2\/posts\/7701\/revisions\/7718"}],"wp:featuredmedia":[{"embeddable":true,"href":"https:\/\/blog.holyart.it\/fr\/wp-json\/wp\/v2\/media\/7703"}],"wp:attachment":[{"href":"https:\/\/blog.holyart.it\/fr\/wp-json\/wp\/v2\/media?parent=7701"}],"wp:term":[{"taxonomy":"category","embeddable":true,"href":"https:\/\/blog.holyart.it\/fr\/wp-json\/wp\/v2\/categories?post=7701"},{"taxonomy":"post_tag","embeddable":true,"href":"https:\/\/blog.holyart.it\/fr\/wp-json\/wp\/v2\/tags?post=7701"}],"curies":[{"name":"wp","href":"https:\/\/api.w.org\/{rel}","templated":true}]}}