{"id":7668,"date":"2024-01-10T10:00:40","date_gmt":"2024-01-10T09:00:40","guid":{"rendered":"https:\/\/blog.holyart.it\/fr\/?p=7668"},"modified":"2026-01-21T12:49:13","modified_gmt":"2026-01-21T11:49:13","slug":"semaine-de-priere-pour-lunite-des-chretiens-quest-ce-que-cest-et-quand-se-deroule-t-elle","status":"publish","type":"post","link":"https:\/\/blog.holyart.it\/fr\/articles-religieux\/semaine-de-priere-pour-lunite-des-chretiens-quest-ce-que-cest-et-quand-se-deroule-t-elle\/","title":{"rendered":"Semaine de pri\u00e8re pour l\u2019unit\u00e9 des chr\u00e9tiens: qu\u2019est-ce que c\u2019est et quand se d\u00e9roule-t-elle"},"content":{"rendered":"<h4><em>La Semaine de pri\u00e8re pour l\u2019unit\u00e9 des chr\u00e9tiens est un instrument pr\u00e9cieux pour les mouvements \u0153cum\u00e9niques du monde entier, afin de promouvoir l\u2019unit\u00e9 en Christ et avec Christ des chr\u00e9tiens de chaque profession de foi.<\/em><\/h4>\n\n<p>La semaine <strong>du 18 au 25 janvier<\/strong> est tr\u00e8s sp\u00e9ciale pour les chr\u00e9tiens du monde entier. Depuis 1908, elle a \u00e9t\u00e9 choisie comme initiative \u0153cum\u00e9nique globale, visant \u00e0 renforcer et consacrer l\u2019unit\u00e9 des chr\u00e9tiens de chaque pays. Il s\u2019agit de la <strong>Semaine de pri\u00e8re pour l\u2019unit\u00e9 des chr\u00e9tiens<\/strong>. En r\u00e9alit\u00e9, il s\u2019agit de huit jours, et non pas sept, qui vont du 18 janvier, <strong>m\u00e9moire liturgique de la <a href=\"https:\/\/www.holyart.fr\/blog\/articles-religieux\/la-chaire-de-saint-pierre-la-signification-de-loeuvre-et-les-origines-de-sa-fete\/\">Chaire de Saint Pierre<\/a><\/strong>, au 25 janvier, jour o\u00f9 l\u2019\u00c9glise rappelle la <strong>conversion de Saint Paul<\/strong>. Ce n\u2019est surement pas un hasard si le r\u00e9v\u00e9rend \u00e9piscopalien <strong>Paul Wattson<\/strong> a choisi justement ce lapse de temps pour la semaine de pri\u00e8re pour l\u2019unit\u00e9 des chr\u00e9tiens, qui en 2008 a f\u00eat\u00e9 son centenaire.<\/p>\n<div class=\"link-article\">\n<p><img loading=\"lazy\" decoding=\"async\" class=\"size-full wp-image-7673 alignleft\" src=\"https:\/\/blog.holyart.it\/fr\/wp-content\/uploads\/sites\/14\/2023\/12\/Saints-Pierre-et-Paul-1.jpg\" alt=\"Saints Pierre et Paul\" width=\"150\" height=\"99\" data-kale-share-title=\"Semaine de pri\u00e8re pour l\u2019unit\u00e9 des chr\u00e9tiens : qu\u2019est-ce que c\u2019est et quand se d\u00e9roule-t-elle\" data-kale-share-url=\"https:\/\/blog.holyart.it\/fr\/?p=7668\" \/><\/p>\n<div class=\"leggi-anche\">Lire aussi :<\/div>\n<p><strong><a href=\"https:\/\/www.holyart.fr\/blog\/saints-et-bienheureux\/saints-pierre-et-paul-pourquoi-sont-ils-fetes-ensemble\/\">Saints Pierre et Paul, pourquoi sont-ils f\u00eat\u00e9s ensemble?<\/a><\/strong><br \/>\nLe 29 juin, on f\u00eate Saints Pierre et Paul. Deux ap\u00f4tres, deux hommes tr\u00e8s diff\u00e9rents, mais tous les deux fondamentaux pour l\u2019histoire de l\u2019\u00c9glise.<\/p>\n<\/div>\n<p>D\u00e9j\u00e0 \u00e0 la fin du XVIIIe si\u00e8cle, chez les Protestants, on avait commenc\u00e9 \u00e0 prendre en consid\u00e9ration une r\u00e9currence d\u00e9di\u00e9e \u00e0 la <strong>pri\u00e8re \u0153cum\u00e9nique pour l\u2019unit\u00e9 des \u00c9glises chr\u00e9tiennes<\/strong>. Dans la deuxi\u00e8me moiti\u00e9 du XIXe si\u00e8cle une <strong>Union de pri\u00e8re pour l\u2019unit\u00e9<\/strong> \u00e0 l\u2019occasion de la <strong>f\u00eate de Pentec\u00f4te<\/strong> avait \u00e9t\u00e9 promulgu\u00e9e, initiative soutenue par le Pape et par les \u00e9v\u00eaques anglicans. En 1902, l\u2019encyclique patriarcale et synodale Lettre ir\u00e9nique du Patriarche \u0153cum\u00e9nique de Constantinople Joaquim III invitait les chr\u00e9tiens du monde \u00e0 prier pour leur union en Christ.<\/p>\n<div class=\"link-article\">\n<p><img loading=\"lazy\" decoding=\"async\" class=\"size-full wp-image-7672 alignleft\" src=\"https:\/\/blog.holyart.it\/fr\/wp-content\/uploads\/sites\/14\/2023\/12\/Pentecote-2.jpg\" alt=\"Pentecote\" width=\"150\" height=\"99\" data-kale-share-title=\"Semaine de pri\u00e8re pour l\u2019unit\u00e9 des chr\u00e9tiens : qu\u2019est-ce que c\u2019est et quand se d\u00e9roule-t-elle\" data-kale-share-url=\"https:\/\/blog.holyart.it\/fr\/?p=7668\" \/><\/p>\n<div class=\"leggi-anche\">Lire aussi :<\/div>\n<p><strong><a href=\"https:\/\/www.holyart.fr\/blog\/accessoires-pour-la-liturgie\/a-loccasion-de-la-pentecote-priez-marie-qui-defait-les-noeuds\/\">A l\u2019occasion de la Pentec\u00f4te, priez Marie qui d\u00e9fait les n\u0153uds<\/a><\/strong><br \/>\n50 jours apr\u00e8s P\u00e2ques, on f\u00eate la Pentec\u00f4te, qui rappelle la descente du Saint-Esprit sur les disciples et le d\u00e9but de la mission de l\u2019\u00c9glise.<\/p>\n<\/div>\n<p>La premi\u00e8re c\u00e9l\u00e9bration de l\u2019Octave de pri\u00e8re \u0153cum\u00e9nique de l\u2019unit\u00e9 des chr\u00e9tiens eut lieu \u00e0 Graymoor (New York), mais ne fut pas la derni\u00e8re des initiatives prisent en ce sens. D\u2019autres pr\u00eatres et mouvements religieux dans le monde organis\u00e8rent des semaines de pri\u00e8re pour l\u2019unit\u00e9 des chr\u00e9tiens. Du reste, ce fut justement Saint Paul ap\u00f4tre dans sa Lettre aux Thessaloniciens \u00e0 exhorter tous les croyants\u00a0: \u00ab\u00a0Priez sans cesse\u00a0\u00bb (1Thess 5,17) et, avant lui, J\u00e9sus en personne\u00a0:\u00a0\u00ab\u00a0J\u00e9sus leur adressa une parabole, pour montrer qu\u2019il faut toujours prier, et ne point se rel\u00e2cher\u00a0\u00bb (Luc 18,1).<\/p>\n<h2>Quand se d\u00e9roule la Semaine \u0152cum\u00e9nique<\/h2>\n<p>Le premier jour de la semaine de pri\u00e8re pour l\u2019unit\u00e9 des chr\u00e9tiens co\u00efncide \u00e9galement avec un des deux jours de f\u00eate d\u00e9di\u00e9s depuis le IXe si\u00e8cle \u00e0 la <strong>chaire de Saint Pierre ap\u00f4tre<\/strong>, le 18 janvier et le 22 f\u00e9vrier. La <strong>cathedra Petri<\/strong> est une doctrine qui s\u2019est d\u00e9velopp\u00e9e \u00e0 partir du IIIe si\u00e8cle apr. J.-C. qui se base sur le <strong>double primat de <\/strong><a href=\"https:\/\/www.holyart.fr\/search?params=%7B%22search%22%3A%22saint%20pierre%22%7D&amp;search=saint+pierre\"><strong>Saint Pierre<\/strong><\/a> en tant que premier parmi les Ap\u00f4tres et premier \u00e9v\u00eaque de Rome, sup\u00e9rieur \u00e0 tous les \u00e9v\u00eaques et centre du pouvoir spirituel et temporel sur Terre. Le r\u00e9v\u00e9rend \u00e9piscopalien <strong>Paul Wattson<\/strong> choisit le 18 janvier comme d\u00e9but de l\u2019Octave pour l\u2019unit\u00e9 de l\u2019\u00c9glise qui se conclut avec un autre jour tr\u00e8s important pour les chr\u00e9tiens : la f\u00eate de la <strong>Conversion de Saint Paul<\/strong> le 25 janvier.<\/p>\n<div class=\"link-product\">\n<div class=\"blocco-immagine\"><img loading=\"lazy\" decoding=\"async\" class=\"size-full wp-image-7674 alignleft\" src=\"https:\/\/blog.holyart.it\/fr\/wp-content\/uploads\/sites\/14\/2023\/12\/Statue-Saint-Pierre-platre-60-cm-peint-main-Arte-Barsanti.jpg\" alt=\"Statue Saint Pierre pl\u00e2tre 60 cm peint main Arte Barsanti\" width=\"100\" height=\"100\" data-kale-share-title=\"Semaine de pri\u00e8re pour l\u2019unit\u00e9 des chr\u00e9tiens : qu\u2019est-ce que c\u2019est et quand se d\u00e9roule-t-elle\" data-kale-share-url=\"https:\/\/blog.holyart.it\/fr\/?p=7668\" \/><\/div>\n<div class=\"blocco-contenuto\">\n<div class=\"blocco-acquista\">Acheter sur Holyart:<\/div>\n<div class=\"blocco-titolo\"><a href=\"https:\/\/www.holyart.fr\/articles-religieux\/statues\/statues-en-platre\/statue-saint-pierre-platre-60-cm-peint-main-arte-barsanti\">Statue Saint Pierre pl\u00e2tre 60 cm<\/a><\/div>\n<div class=\"blocco-descrizione\">Statue de 60 cm de hauteur r\u00e9alis\u00e9e en pl\u00e2tre peint \u00e0 la main par les artisans exp\u00e9riment\u00e9s de Arte Barsanti<\/div>\n<\/div>\n<\/div>\n<p>En Afrique m\u00e9ridionale, en Am\u00e9rique centrale et du Sud, en Oc\u00e9anie, dans le Sud-Est asiatique et dans d\u2019autres pays de l\u2019h\u00e9misph\u00e8re sud, la semaine de pri\u00e8re co\u00efncide \u00e9galement avec d\u2019autres dates symboliques, comme le temps de Pentec\u00f4te.<\/p>\n<h2>L\u2019unit\u00e9 des chr\u00e9tiens<\/h2>\n<p>Depuis toujours, l\u2019<strong>\u0153cum\u00e9nisme<\/strong> tente d\u2019unifier tous les chr\u00e9tiens appartenant \u00e0 diff\u00e9rentes \u00e9glises dans des initiatives de communion et de collaboration. <a href=\"https:\/\/www.holyart.fr\/blog\/articles-religieux\/les-principales-divisions-au-sein-de-la-religion-chretienne\/\"><strong>Catholiques, mais aussi Orthodoxes, Protestants<\/strong><\/a>, unis par la foi commune dans la <a href=\"https:\/\/www.holyart.fr\/search?params=%7B%22search%22%3A%22trinit%C3%A9%22%7D&amp;search=trinit%C3%A9\"><strong>Trinit\u00e9<\/strong><\/a>, mais s\u00e9par\u00e9s par leur credo, leurs traditions, dans une s\u00e9paration s\u00e9culaire qui, m\u00eame si elle ne peut pas \u00eatre combl\u00e9e, peut toutefois laisser la place \u00e0 une compr\u00e9hension r\u00e9ciproque. C\u2019est justement \u00e0 cela que vise le mouvement \u0153cum\u00e9nique, \u00e0 la coop\u00e9ration, au dialogue entre diff\u00e9rentes professions de foi au nom d\u2019une fraternit\u00e9 spirituelle sup\u00e9rieure, en Christ et pour Christ.<\/p>\n<div class=\"link-product\">\n<div class=\"blocco-immagine\"><img loading=\"lazy\" decoding=\"async\" class=\"size-full wp-image-7675 alignleft\" src=\"https:\/\/blog.holyart.it\/fr\/wp-content\/uploads\/sites\/14\/2023\/12\/Tapiz-inspirado-en-la-Trinidad-del-Antiguo-Testamento-cm-45x55-1.jpg\" alt=\"Tapisserie inspir\u00e9e de la Trinit\u00e9 de l'Ancien Testament 45x55 cm\" width=\"100\" height=\"100\" data-kale-share-title=\"Semaine de pri\u00e8re pour l\u2019unit\u00e9 des chr\u00e9tiens : qu\u2019est-ce que c\u2019est et quand se d\u00e9roule-t-elle\" data-kale-share-url=\"https:\/\/blog.holyart.it\/fr\/?p=7668\" \/><\/div>\n<div class=\"blocco-contenuto\">\n<div class=\"blocco-acquista\">Acheter sur Holyart:<\/div>\n<div class=\"blocco-titolo\"><a href=\"https:\/\/www.holyart.fr\/articles-religieux\/tapisseries-religieuses\/tapisserie-inspiree-de-la-trinite-de-lancien-testament-45x55-cm\">Tapisserie inspir\u00e9e de la Trinit\u00e9 de l&rsquo;Ancien Testament 45&#215;55 cm <\/a><\/div>\n<div class=\"blocco-descrizione\">Tapisserie au dessin exclusif, avec raffin\u00e9 tissage Jacquard.<\/div>\n<\/div>\n<\/div>\n<p>L\u2019unit\u00e9 parmi les chr\u00e9tiens m\u00eame de professions diff\u00e9rentes est appel\u00e9e\u00a0<em>koinon\u00eda<\/em>\u00a0(communion) et est d\u00e9finie par la confession de la foi apostolique, d\u2019une vie sacramentelle commune, d\u2019une mission qui lie tous les croyants en Christ et qui n\u2019est d\u2019autre que t\u00e9moignage de l\u2019\u00c9vangile et de la Parole de Dieu.<\/p>\n<p>Ce fut l\u2019abb\u00e9 fran\u00e7ais\u00a0<strong>Paul-Ir\u00e9n\u00e9e Couturier<\/strong>\u00a0(1881-1953), le p\u00e8re de l\u2019\u0153cum\u00e9nisme spirituel, \u00e0 donner \u00e0 l\u2019Octave pour l\u2019unit\u00e9 des chr\u00e9tiens l\u2019esprit qui anime encore aujourd\u2019hui cette initiative, c\u2019est-\u00e0-dire la r\u00e9conciliation parmi tous les chr\u00e9tiens recueillis autour de <strong>J\u00e9sus-Christ<\/strong>.<\/p>\n<div class=\"link-article\">\n<p><img loading=\"lazy\" decoding=\"async\" class=\"size-full wp-image-7676 alignleft\" src=\"https:\/\/blog.holyart.it\/fr\/wp-content\/uploads\/sites\/14\/2023\/12\/Presentation-de-Jesus-au-temple-jusqua-la-Chandeleur.jpg\" alt=\"Pr\u00e9sentation de J\u00e9sus au temple jusqu\u2019\u00e0 la Chandeleur\" width=\"150\" height=\"99\" data-kale-share-title=\"Semaine de pri\u00e8re pour l\u2019unit\u00e9 des chr\u00e9tiens : qu\u2019est-ce que c\u2019est et quand se d\u00e9roule-t-elle\" data-kale-share-url=\"https:\/\/blog.holyart.it\/fr\/?p=7668\" \/><\/p>\n<div class=\"leggi-anche\">Lire aussi :<\/div>\n<p><strong><a href=\"https:\/\/www.holyart.fr\/blog\/articles-religieux\/presentation-de-jesus-au-temple-jusqua-la-chandeleur\/\">Pr\u00e9sentation de J\u00e9sus au temple jusqu\u2019\u00e0 la Chandeleur<\/a><\/strong><br \/>\nLe 2 f\u00e9vrier nous f\u00eatons la pr\u00e9sentation de J\u00e9sus au temple. Connue \u00e9galement comme la f\u00eate de la purification de Marie, ou Chandeleur&#8230;<\/p>\n<\/div>\n<p>Le <strong>Conseil Pontifical pour l\u2019Unit\u00e9 des Chr\u00e9tiens<\/strong>, ou Dicast\u00e8re pour la Promotion de l\u2019Unit\u00e9 des Chr\u00e9tiens (<em>Dicasterium ad unitatem christianorum fovendam<\/em>) est un des 16 dicast\u00e8res de la Curie romaine. Son but principal est justement de promouvoir l\u2019esprit \u0153cum\u00e9nique et l\u2019unit\u00e9 des chr\u00e9tiens.<\/p>\n<h2>Comment est choisi le th\u00e8me de la semaine universelle de pri\u00e8re<\/h2>\n<p>Dans un premier temps, la t\u00e2che de d\u00e9cider le th\u00e8me annuel de la semaine de pri\u00e8re \u00e9tait accomplie par\u00a0<em>Faith and Order <\/em>(<strong>Foi et constitution<\/strong>) un mouvement \u0153cum\u00e9nique n\u00e9 dans le milieu protestant, qui proclamait la n\u00e9cessit\u00e9 d\u2019une plus grande coh\u00e9sion entre chr\u00e9tiens pour l\u2019\u00e9vang\u00e9lisation, l\u2019\u00e9tude des doctrines et la vie pratique.<\/p>\n<div class=\"link-article\">\n<p><img loading=\"lazy\" decoding=\"async\" class=\"size-full wp-image-7677 alignleft\" src=\"https:\/\/blog.holyart.it\/fr\/wp-content\/uploads\/sites\/14\/2023\/12\/Foi-esperance-et-charite-vertus-theologales.jpeg\" alt=\"Foi, esp\u00e9rance et charit\u00e9: vertus th\u00e9ologales\" width=\"150\" height=\"99\" data-kale-share-title=\"Semaine de pri\u00e8re pour l\u2019unit\u00e9 des chr\u00e9tiens : qu\u2019est-ce que c\u2019est et quand se d\u00e9roule-t-elle\" data-kale-share-url=\"https:\/\/blog.holyart.it\/fr\/?p=7668\" \/><\/p>\n<div class=\"leggi-anche\">Lire aussi :<\/div>\n<p><strong><a href=\"https:\/\/www.holyart.fr\/blog\/articles-religieux\/foi-esperance-et-charite-vertus-theologales\/\">Foi, esp\u00e9rance et charit\u00e9 : vertus th\u00e9ologales<\/a><\/strong><br \/>\nFoi, esp\u00e9rance et charit\u00e9 sont les trois vertus th\u00e9ologales. D\u00e9terminons le lien entre l\u2019homme et Dieu et l\u2019agir moral chr\u00e9tien&#8230;<\/p>\n<\/div>\n<p>Apr\u00e8s que la participation du Vatican \u00e0 l\u2019organisation de l\u2019\u00e9v\u00e9nement fut officialis\u00e9e en 1966, au choix des th\u00e8mes et \u00e0 la pr\u00e9paration des mat\u00e9riaux s\u2019ajouta le <strong>Secr\u00e9tariat pour l\u2019union des chr\u00e9tiens<\/strong>, par la suite appel\u00e9<strong> Conseil Pontifical pour l\u2019Unit\u00e9 des Chr\u00e9tiens<\/strong>. De cette mani\u00e8re, <em>Faith and Order<\/em> continua \u00e0 pr\u00e9parer le mat\u00e9riel pour protestants et orthodoxes, tandis que le Conseil Pontifical s\u2019occupait des textes pour les catholiques.<\/p>\n<p>En 1994, deux autres organismes \u0153cum\u00e9niques la\u00efques s\u2019unirent aux travaux, rendant l\u2019organisation m\u00eame de la semaine de pri\u00e8re une exp\u00e9rience de communion\u00a0: les <a href=\"https:\/\/www.holyart.fr\/blog\/articles-religieux\/carlo-acutis-le-bienheureux-de-lere-digitale\/\"><strong>F\u00e9d\u00e9rations mondiales des Associations chr\u00e9tiennes de la jeunesse masculine<\/strong><\/a> (YMCA) <strong>et f\u00e9minine<\/strong> (YWCA).<\/p>\n<p>Un <strong>th\u00e8me g\u00e9n\u00e9ral<\/strong> est donc fix\u00e9, auquel est associ\u00e9 <a href=\"https:\/\/www.holyart.fr\/articles-religieux\/livres-sacres\"><strong>un<\/strong> <strong>extrait biblique<\/strong><\/a> choisi par deux organismes d\u2019organisation principaux et, autour de ce dernier, sont propos\u00e9s des textes \u00e0 lire et utiliser pour la pri\u00e8re et les moments de r\u00e9flexion au cours de la Semaine.<\/p>\n<p><strong>Th\u00e8me de la Semaine de pri\u00e8re pour l\u2019unit\u00e9 des chr\u00e9tiens\u00a02023<\/strong><\/p>\n<p>Pour 2023, a \u00e9t\u00e9 choisi l\u2019extrait \u00ab\u00a0<em>Apprenez \u00e0 faire le bien, recherchez la justice\u00a0<\/em>\u00bb (\u00c9sa\u00efe 1,17).<\/p>\n<p><strong>Th\u00e8me de la Semaine de pri\u00e8re pour l\u2019unit\u00e9 des chr\u00e9tiens 2022<\/strong><\/p>\n<p>Pour 2022, l\u2019extrait choisi est : \u00ab\u00a0<em>Nous avons vu son \u00e9toile en Orient, et nous sommes venus pour l\u2019adorer<\/em>\u00a0\u00bb (Matthieu 2,2).<\/p>\n<p><strong>Th\u00e8me de la Semaine de pri\u00e8re pour l\u2019unit\u00e9 des chr\u00e9tiens 2021<\/strong><\/p>\n<p>En 2021, l\u2019extrait s\u00e9lectionn\u00e9 \u00e9tait : \u00ab\u00a0<em>Celui qui demeure en moi et en qui je demeure porte beaucoup de fruit<\/em>\u00a0\u00bb (Jean 15,5).<\/p>\n<p><strong>Th\u00e8me de la Semaine de pri\u00e8re pour l\u2019unit\u00e9 des chr\u00e9tiens 2020<\/strong><\/p>\n<p>Pour 2020, le passage choisit \u00e9tait : \u00ab\u00a0<em>Les barbares nous t\u00e9moigneront une bienveillance peu comune<\/em>\u00a0\u00bb (Actes 28,2).<\/p>\n<p><strong>Th\u00e8me de la Semaine de pri\u00e8re pour l\u2019unit\u00e9 des chr\u00e9tiens 2019<\/strong><\/p>\n<p>En 2019, le verset s\u00e9lectionn\u00e9 \u00e9tait : \u00ab\u00a0<em>Tu suivras ponctuellement la justice<\/em>\u00a0\u00bb (Deut. 16,20).<\/p>\n","protected":false},"excerpt":{"rendered":"<p>La Semaine de pri\u00e8re pour l\u2019unit\u00e9 des chr\u00e9tiens est un instrument pr\u00e9cieux pour les mouvements \u0153cum\u00e9niques du monde entier, afin de promouvoir l\u2019unit\u00e9 en Christ et avec Christ des chr\u00e9tiens de chaque profession de foi. La semaine du 18 au 25 janvier est tr\u00e8s sp\u00e9ciale&hellip;<\/p>\n","protected":false},"author":1,"featured_media":7686,"comment_status":"closed","ping_status":"open","sticky":false,"template":"","format":"standard","meta":{"_acf_changed":false,"footnotes":""},"categories":[8],"tags":[],"class_list":["post-7668","post","type-post","status-publish","format-standard","has-post-thumbnail","hentry","category-articles-religieux"],"acf":[],"yoast_head":"<!-- This site is optimized with the Yoast SEO plugin v26.6 - https:\/\/yoast.com\/wordpress\/plugins\/seo\/ -->\n<title>Semaine de pri\u00e8re pour l\u2019unit\u00e9 des chr\u00e9tiens: qu\u2019est-ce que c\u2019est et quand se d\u00e9roule-t-elle - Holyart.fr Blog<\/title>\n<meta name=\"description\" content=\"La Semaine de pri\u00e8re pour l\u2019unit\u00e9 des chr\u00e9tiens est un instrument pr\u00e9cieux pour les mouvements \u0153cum\u00e9niques du monde entier...\" \/>\n<meta name=\"robots\" content=\"index, follow, max-snippet:-1, max-image-preview:large, max-video-preview:-1\" \/>\n<link rel=\"canonical\" href=\"https:\/\/blog.holyart.it\/fr\/articles-religieux\/semaine-de-priere-pour-lunite-des-chretiens-quest-ce-que-cest-et-quand-se-deroule-t-elle\/\" \/>\n<meta property=\"og:locale\" content=\"fr_FR\" \/>\n<meta property=\"og:type\" content=\"article\" \/>\n<meta property=\"og:title\" content=\"Semaine de pri\u00e8re pour l\u2019unit\u00e9 des chr\u00e9tiens: qu\u2019est-ce que c\u2019est et quand se d\u00e9roule-t-elle - Holyart.fr Blog\" \/>\n<meta property=\"og:description\" content=\"La Semaine de pri\u00e8re pour l\u2019unit\u00e9 des chr\u00e9tiens est un instrument pr\u00e9cieux pour les mouvements \u0153cum\u00e9niques du monde entier...\" \/>\n<meta property=\"og:url\" content=\"https:\/\/blog.holyart.it\/fr\/articles-religieux\/semaine-de-priere-pour-lunite-des-chretiens-quest-ce-que-cest-et-quand-se-deroule-t-elle\/\" \/>\n<meta property=\"og:site_name\" content=\"Holyart.fr Blog\" \/>\n<meta property=\"article:published_time\" content=\"2024-01-10T09:00:40+00:00\" \/>\n<meta property=\"article:modified_time\" content=\"2026-01-21T11:49:13+00:00\" \/>\n<meta property=\"og:image\" content=\"https:\/\/blog.holyart.it\/fr\/wp-content\/uploads\/sites\/14\/2024\/01\/semaine-de-priere.jpeg\" \/>\n\t<meta property=\"og:image:width\" content=\"1000\" \/>\n\t<meta property=\"og:image:height\" content=\"666\" \/>\n\t<meta property=\"og:image:type\" content=\"image\/jpeg\" \/>\n<meta name=\"author\" content=\"Redazione\" \/>\n<meta name=\"twitter:card\" content=\"summary_large_image\" \/>\n<meta name=\"twitter:label1\" content=\"\u00c9crit par\" \/>\n\t<meta name=\"twitter:data1\" content=\"Redazione\" \/>\n\t<meta name=\"twitter:label2\" content=\"Dur\u00e9e de lecture estim\u00e9e\" \/>\n\t<meta name=\"twitter:data2\" content=\"8 minutes\" \/>\n<script type=\"application\/ld+json\" class=\"yoast-schema-graph\">{\"@context\":\"https:\/\/schema.org\",\"@graph\":[{\"@type\":\"Article\",\"@id\":\"https:\/\/blog.holyart.it\/fr\/articles-religieux\/semaine-de-priere-pour-lunite-des-chretiens-quest-ce-que-cest-et-quand-se-deroule-t-elle\/#article\",\"isPartOf\":{\"@id\":\"https:\/\/blog.holyart.it\/fr\/articles-religieux\/semaine-de-priere-pour-lunite-des-chretiens-quest-ce-que-cest-et-quand-se-deroule-t-elle\/\"},\"author\":{\"name\":\"Redazione\",\"@id\":\"https:\/\/blog.holyart.it\/fr\/#\/schema\/person\/0a7b686e5af0f856ec1e390dd0baecda\"},\"headline\":\"Semaine de pri\u00e8re pour l\u2019unit\u00e9 des chr\u00e9tiens: qu\u2019est-ce que c\u2019est et quand se d\u00e9roule-t-elle\",\"datePublished\":\"2024-01-10T09:00:40+00:00\",\"dateModified\":\"2026-01-21T11:49:13+00:00\",\"mainEntityOfPage\":{\"@id\":\"https:\/\/blog.holyart.it\/fr\/articles-religieux\/semaine-de-priere-pour-lunite-des-chretiens-quest-ce-que-cest-et-quand-se-deroule-t-elle\/\"},\"wordCount\":1524,\"publisher\":{\"@id\":\"https:\/\/blog.holyart.it\/fr\/#organization\"},\"image\":{\"@id\":\"https:\/\/blog.holyart.it\/fr\/articles-religieux\/semaine-de-priere-pour-lunite-des-chretiens-quest-ce-que-cest-et-quand-se-deroule-t-elle\/#primaryimage\"},\"thumbnailUrl\":\"https:\/\/blog.holyart.it\/fr\/wp-content\/uploads\/sites\/14\/2024\/01\/semaine-de-priere.jpeg\",\"articleSection\":[\"Religion\"],\"inLanguage\":\"fr-FR\"},{\"@type\":\"WebPage\",\"@id\":\"https:\/\/blog.holyart.it\/fr\/articles-religieux\/semaine-de-priere-pour-lunite-des-chretiens-quest-ce-que-cest-et-quand-se-deroule-t-elle\/\",\"url\":\"https:\/\/blog.holyart.it\/fr\/articles-religieux\/semaine-de-priere-pour-lunite-des-chretiens-quest-ce-que-cest-et-quand-se-deroule-t-elle\/\",\"name\":\"Semaine de pri\u00e8re pour l\u2019unit\u00e9 des chr\u00e9tiens: qu\u2019est-ce que c\u2019est et quand se d\u00e9roule-t-elle - Holyart.fr Blog\",\"isPartOf\":{\"@id\":\"https:\/\/blog.holyart.it\/fr\/#website\"},\"primaryImageOfPage\":{\"@id\":\"https:\/\/blog.holyart.it\/fr\/articles-religieux\/semaine-de-priere-pour-lunite-des-chretiens-quest-ce-que-cest-et-quand-se-deroule-t-elle\/#primaryimage\"},\"image\":{\"@id\":\"https:\/\/blog.holyart.it\/fr\/articles-religieux\/semaine-de-priere-pour-lunite-des-chretiens-quest-ce-que-cest-et-quand-se-deroule-t-elle\/#primaryimage\"},\"thumbnailUrl\":\"https:\/\/blog.holyart.it\/fr\/wp-content\/uploads\/sites\/14\/2024\/01\/semaine-de-priere.jpeg\",\"datePublished\":\"2024-01-10T09:00:40+00:00\",\"dateModified\":\"2026-01-21T11:49:13+00:00\",\"description\":\"La Semaine de pri\u00e8re pour l\u2019unit\u00e9 des chr\u00e9tiens est un instrument pr\u00e9cieux pour les mouvements \u0153cum\u00e9niques du monde entier...\",\"breadcrumb\":{\"@id\":\"https:\/\/blog.holyart.it\/fr\/articles-religieux\/semaine-de-priere-pour-lunite-des-chretiens-quest-ce-que-cest-et-quand-se-deroule-t-elle\/#breadcrumb\"},\"inLanguage\":\"fr-FR\",\"potentialAction\":[{\"@type\":\"ReadAction\",\"target\":[\"https:\/\/blog.holyart.it\/fr\/articles-religieux\/semaine-de-priere-pour-lunite-des-chretiens-quest-ce-que-cest-et-quand-se-deroule-t-elle\/\"]}]},{\"@type\":\"ImageObject\",\"inLanguage\":\"fr-FR\",\"@id\":\"https:\/\/blog.holyart.it\/fr\/articles-religieux\/semaine-de-priere-pour-lunite-des-chretiens-quest-ce-que-cest-et-quand-se-deroule-t-elle\/#primaryimage\",\"url\":\"https:\/\/blog.holyart.it\/fr\/wp-content\/uploads\/sites\/14\/2024\/01\/semaine-de-priere.jpeg\",\"contentUrl\":\"https:\/\/blog.holyart.it\/fr\/wp-content\/uploads\/sites\/14\/2024\/01\/semaine-de-priere.jpeg\",\"width\":1000,\"height\":666,\"caption\":\"Semaine de Priere\"},{\"@type\":\"BreadcrumbList\",\"@id\":\"https:\/\/blog.holyart.it\/fr\/articles-religieux\/semaine-de-priere-pour-lunite-des-chretiens-quest-ce-que-cest-et-quand-se-deroule-t-elle\/#breadcrumb\",\"itemListElement\":[{\"@type\":\"ListItem\",\"position\":1,\"name\":\"Homepage\",\"item\":\"https:\/\/blog.holyart.it\/fr\/\"},{\"@type\":\"ListItem\",\"position\":2,\"name\":\"Religion\",\"item\":\"https:\/\/blog.holyart.it\/fr\/articles-religieux\/\"},{\"@type\":\"ListItem\",\"position\":3,\"name\":\"Semaine de pri\u00e8re pour l\u2019unit\u00e9 des chr\u00e9tiens: qu\u2019est-ce que c\u2019est et quand se d\u00e9roule-t-elle\"}]},{\"@type\":\"WebSite\",\"@id\":\"https:\/\/blog.holyart.it\/fr\/#website\",\"url\":\"https:\/\/blog.holyart.it\/fr\/\",\"name\":\"Holyart.fr Blog\",\"description\":\"Holyblog\",\"publisher\":{\"@id\":\"https:\/\/blog.holyart.it\/fr\/#organization\"},\"potentialAction\":[{\"@type\":\"SearchAction\",\"target\":{\"@type\":\"EntryPoint\",\"urlTemplate\":\"https:\/\/blog.holyart.it\/fr\/?s={search_term_string}\"},\"query-input\":{\"@type\":\"PropertyValueSpecification\",\"valueRequired\":true,\"valueName\":\"search_term_string\"}}],\"inLanguage\":\"fr-FR\"},{\"@type\":\"Organization\",\"@id\":\"https:\/\/blog.holyart.it\/fr\/#organization\",\"name\":\"Holyart.fr Blog\",\"url\":\"https:\/\/blog.holyart.it\/fr\/\",\"logo\":{\"@type\":\"ImageObject\",\"inLanguage\":\"fr-FR\",\"@id\":\"https:\/\/blog.holyart.it\/fr\/#\/schema\/logo\/image\/\",\"url\":\"https:\/\/blog.holyart.it\/fr\/wp-content\/uploads\/sites\/14\/2022\/12\/Holyart_Blog_Logo.jpg\",\"contentUrl\":\"https:\/\/blog.holyart.it\/fr\/wp-content\/uploads\/sites\/14\/2022\/12\/Holyart_Blog_Logo.jpg\",\"width\":300,\"height\":50,\"caption\":\"Holyart.fr Blog\"},\"image\":{\"@id\":\"https:\/\/blog.holyart.it\/fr\/#\/schema\/logo\/image\/\"}},{\"@type\":\"Person\",\"@id\":\"https:\/\/blog.holyart.it\/fr\/#\/schema\/person\/0a7b686e5af0f856ec1e390dd0baecda\",\"name\":\"Redazione\",\"image\":{\"@type\":\"ImageObject\",\"inLanguage\":\"fr-FR\",\"@id\":\"https:\/\/blog.holyart.it\/fr\/#\/schema\/person\/image\/\",\"url\":\"https:\/\/secure.gravatar.com\/avatar\/f477da817f43e50d0af36abecd33e3edf826c68299714bdc1057dff3b113f516?s=96&d=mm&r=g\",\"contentUrl\":\"https:\/\/secure.gravatar.com\/avatar\/f477da817f43e50d0af36abecd33e3edf826c68299714bdc1057dff3b113f516?s=96&d=mm&r=g\",\"caption\":\"Redazione\"},\"url\":\"https:\/\/blog.holyart.it\/fr\/author\/admin\/\"}]}<\/script>\n<!-- \/ Yoast SEO plugin. -->","yoast_head_json":{"title":"Semaine de pri\u00e8re pour l\u2019unit\u00e9 des chr\u00e9tiens: qu\u2019est-ce que c\u2019est et quand se d\u00e9roule-t-elle - Holyart.fr Blog","description":"La Semaine de pri\u00e8re pour l\u2019unit\u00e9 des chr\u00e9tiens est un instrument pr\u00e9cieux pour les mouvements \u0153cum\u00e9niques du monde entier...","robots":{"index":"index","follow":"follow","max-snippet":"max-snippet:-1","max-image-preview":"max-image-preview:large","max-video-preview":"max-video-preview:-1"},"canonical":"https:\/\/blog.holyart.it\/fr\/articles-religieux\/semaine-de-priere-pour-lunite-des-chretiens-quest-ce-que-cest-et-quand-se-deroule-t-elle\/","og_locale":"fr_FR","og_type":"article","og_title":"Semaine de pri\u00e8re pour l\u2019unit\u00e9 des chr\u00e9tiens: qu\u2019est-ce que c\u2019est et quand se d\u00e9roule-t-elle - Holyart.fr Blog","og_description":"La Semaine de pri\u00e8re pour l\u2019unit\u00e9 des chr\u00e9tiens est un instrument pr\u00e9cieux pour les mouvements \u0153cum\u00e9niques du monde entier...","og_url":"https:\/\/blog.holyart.it\/fr\/articles-religieux\/semaine-de-priere-pour-lunite-des-chretiens-quest-ce-que-cest-et-quand-se-deroule-t-elle\/","og_site_name":"Holyart.fr Blog","article_published_time":"2024-01-10T09:00:40+00:00","article_modified_time":"2026-01-21T11:49:13+00:00","og_image":[{"width":1000,"height":666,"url":"https:\/\/blog.holyart.it\/fr\/wp-content\/uploads\/sites\/14\/2024\/01\/semaine-de-priere.jpeg","type":"image\/jpeg"}],"author":"Redazione","twitter_card":"summary_large_image","twitter_misc":{"\u00c9crit par":"Redazione","Dur\u00e9e de lecture estim\u00e9e":"8 minutes"},"schema":{"@context":"https:\/\/schema.org","@graph":[{"@type":"Article","@id":"https:\/\/blog.holyart.it\/fr\/articles-religieux\/semaine-de-priere-pour-lunite-des-chretiens-quest-ce-que-cest-et-quand-se-deroule-t-elle\/#article","isPartOf":{"@id":"https:\/\/blog.holyart.it\/fr\/articles-religieux\/semaine-de-priere-pour-lunite-des-chretiens-quest-ce-que-cest-et-quand-se-deroule-t-elle\/"},"author":{"name":"Redazione","@id":"https:\/\/blog.holyart.it\/fr\/#\/schema\/person\/0a7b686e5af0f856ec1e390dd0baecda"},"headline":"Semaine de pri\u00e8re pour l\u2019unit\u00e9 des chr\u00e9tiens: qu\u2019est-ce que c\u2019est et quand se d\u00e9roule-t-elle","datePublished":"2024-01-10T09:00:40+00:00","dateModified":"2026-01-21T11:49:13+00:00","mainEntityOfPage":{"@id":"https:\/\/blog.holyart.it\/fr\/articles-religieux\/semaine-de-priere-pour-lunite-des-chretiens-quest-ce-que-cest-et-quand-se-deroule-t-elle\/"},"wordCount":1524,"publisher":{"@id":"https:\/\/blog.holyart.it\/fr\/#organization"},"image":{"@id":"https:\/\/blog.holyart.it\/fr\/articles-religieux\/semaine-de-priere-pour-lunite-des-chretiens-quest-ce-que-cest-et-quand-se-deroule-t-elle\/#primaryimage"},"thumbnailUrl":"https:\/\/blog.holyart.it\/fr\/wp-content\/uploads\/sites\/14\/2024\/01\/semaine-de-priere.jpeg","articleSection":["Religion"],"inLanguage":"fr-FR"},{"@type":"WebPage","@id":"https:\/\/blog.holyart.it\/fr\/articles-religieux\/semaine-de-priere-pour-lunite-des-chretiens-quest-ce-que-cest-et-quand-se-deroule-t-elle\/","url":"https:\/\/blog.holyart.it\/fr\/articles-religieux\/semaine-de-priere-pour-lunite-des-chretiens-quest-ce-que-cest-et-quand-se-deroule-t-elle\/","name":"Semaine de pri\u00e8re pour l\u2019unit\u00e9 des chr\u00e9tiens: qu\u2019est-ce que c\u2019est et quand se d\u00e9roule-t-elle - Holyart.fr Blog","isPartOf":{"@id":"https:\/\/blog.holyart.it\/fr\/#website"},"primaryImageOfPage":{"@id":"https:\/\/blog.holyart.it\/fr\/articles-religieux\/semaine-de-priere-pour-lunite-des-chretiens-quest-ce-que-cest-et-quand-se-deroule-t-elle\/#primaryimage"},"image":{"@id":"https:\/\/blog.holyart.it\/fr\/articles-religieux\/semaine-de-priere-pour-lunite-des-chretiens-quest-ce-que-cest-et-quand-se-deroule-t-elle\/#primaryimage"},"thumbnailUrl":"https:\/\/blog.holyart.it\/fr\/wp-content\/uploads\/sites\/14\/2024\/01\/semaine-de-priere.jpeg","datePublished":"2024-01-10T09:00:40+00:00","dateModified":"2026-01-21T11:49:13+00:00","description":"La Semaine de pri\u00e8re pour l\u2019unit\u00e9 des chr\u00e9tiens est un instrument pr\u00e9cieux pour les mouvements \u0153cum\u00e9niques du monde entier...","breadcrumb":{"@id":"https:\/\/blog.holyart.it\/fr\/articles-religieux\/semaine-de-priere-pour-lunite-des-chretiens-quest-ce-que-cest-et-quand-se-deroule-t-elle\/#breadcrumb"},"inLanguage":"fr-FR","potentialAction":[{"@type":"ReadAction","target":["https:\/\/blog.holyart.it\/fr\/articles-religieux\/semaine-de-priere-pour-lunite-des-chretiens-quest-ce-que-cest-et-quand-se-deroule-t-elle\/"]}]},{"@type":"ImageObject","inLanguage":"fr-FR","@id":"https:\/\/blog.holyart.it\/fr\/articles-religieux\/semaine-de-priere-pour-lunite-des-chretiens-quest-ce-que-cest-et-quand-se-deroule-t-elle\/#primaryimage","url":"https:\/\/blog.holyart.it\/fr\/wp-content\/uploads\/sites\/14\/2024\/01\/semaine-de-priere.jpeg","contentUrl":"https:\/\/blog.holyart.it\/fr\/wp-content\/uploads\/sites\/14\/2024\/01\/semaine-de-priere.jpeg","width":1000,"height":666,"caption":"Semaine de Priere"},{"@type":"BreadcrumbList","@id":"https:\/\/blog.holyart.it\/fr\/articles-religieux\/semaine-de-priere-pour-lunite-des-chretiens-quest-ce-que-cest-et-quand-se-deroule-t-elle\/#breadcrumb","itemListElement":[{"@type":"ListItem","position":1,"name":"Homepage","item":"https:\/\/blog.holyart.it\/fr\/"},{"@type":"ListItem","position":2,"name":"Religion","item":"https:\/\/blog.holyart.it\/fr\/articles-religieux\/"},{"@type":"ListItem","position":3,"name":"Semaine de pri\u00e8re pour l\u2019unit\u00e9 des chr\u00e9tiens: qu\u2019est-ce que c\u2019est et quand se d\u00e9roule-t-elle"}]},{"@type":"WebSite","@id":"https:\/\/blog.holyart.it\/fr\/#website","url":"https:\/\/blog.holyart.it\/fr\/","name":"Holyart.fr Blog","description":"Holyblog","publisher":{"@id":"https:\/\/blog.holyart.it\/fr\/#organization"},"potentialAction":[{"@type":"SearchAction","target":{"@type":"EntryPoint","urlTemplate":"https:\/\/blog.holyart.it\/fr\/?s={search_term_string}"},"query-input":{"@type":"PropertyValueSpecification","valueRequired":true,"valueName":"search_term_string"}}],"inLanguage":"fr-FR"},{"@type":"Organization","@id":"https:\/\/blog.holyart.it\/fr\/#organization","name":"Holyart.fr Blog","url":"https:\/\/blog.holyart.it\/fr\/","logo":{"@type":"ImageObject","inLanguage":"fr-FR","@id":"https:\/\/blog.holyart.it\/fr\/#\/schema\/logo\/image\/","url":"https:\/\/blog.holyart.it\/fr\/wp-content\/uploads\/sites\/14\/2022\/12\/Holyart_Blog_Logo.jpg","contentUrl":"https:\/\/blog.holyart.it\/fr\/wp-content\/uploads\/sites\/14\/2022\/12\/Holyart_Blog_Logo.jpg","width":300,"height":50,"caption":"Holyart.fr Blog"},"image":{"@id":"https:\/\/blog.holyart.it\/fr\/#\/schema\/logo\/image\/"}},{"@type":"Person","@id":"https:\/\/blog.holyart.it\/fr\/#\/schema\/person\/0a7b686e5af0f856ec1e390dd0baecda","name":"Redazione","image":{"@type":"ImageObject","inLanguage":"fr-FR","@id":"https:\/\/blog.holyart.it\/fr\/#\/schema\/person\/image\/","url":"https:\/\/secure.gravatar.com\/avatar\/f477da817f43e50d0af36abecd33e3edf826c68299714bdc1057dff3b113f516?s=96&d=mm&r=g","contentUrl":"https:\/\/secure.gravatar.com\/avatar\/f477da817f43e50d0af36abecd33e3edf826c68299714bdc1057dff3b113f516?s=96&d=mm&r=g","caption":"Redazione"},"url":"https:\/\/blog.holyart.it\/fr\/author\/admin\/"}]}},"_links":{"self":[{"href":"https:\/\/blog.holyart.it\/fr\/wp-json\/wp\/v2\/posts\/7668","targetHints":{"allow":["GET"]}}],"collection":[{"href":"https:\/\/blog.holyart.it\/fr\/wp-json\/wp\/v2\/posts"}],"about":[{"href":"https:\/\/blog.holyart.it\/fr\/wp-json\/wp\/v2\/types\/post"}],"author":[{"embeddable":true,"href":"https:\/\/blog.holyart.it\/fr\/wp-json\/wp\/v2\/users\/1"}],"replies":[{"embeddable":true,"href":"https:\/\/blog.holyart.it\/fr\/wp-json\/wp\/v2\/comments?post=7668"}],"version-history":[{"count":10,"href":"https:\/\/blog.holyart.it\/fr\/wp-json\/wp\/v2\/posts\/7668\/revisions"}],"predecessor-version":[{"id":7688,"href":"https:\/\/blog.holyart.it\/fr\/wp-json\/wp\/v2\/posts\/7668\/revisions\/7688"}],"wp:featuredmedia":[{"embeddable":true,"href":"https:\/\/blog.holyart.it\/fr\/wp-json\/wp\/v2\/media\/7686"}],"wp:attachment":[{"href":"https:\/\/blog.holyart.it\/fr\/wp-json\/wp\/v2\/media?parent=7668"}],"wp:term":[{"taxonomy":"category","embeddable":true,"href":"https:\/\/blog.holyart.it\/fr\/wp-json\/wp\/v2\/categories?post=7668"},{"taxonomy":"post_tag","embeddable":true,"href":"https:\/\/blog.holyart.it\/fr\/wp-json\/wp\/v2\/tags?post=7668"}],"curies":[{"name":"wp","href":"https:\/\/api.w.org\/{rel}","templated":true}]}}