{"id":7631,"date":"2024-01-03T10:00:09","date_gmt":"2024-01-03T09:00:09","guid":{"rendered":"https:\/\/blog.holyart.it\/fr\/?p=7631"},"modified":"2023-12-27T12:43:43","modified_gmt":"2023-12-27T11:43:43","slug":"benoit-xvi-lhistoire-du-pape-emerite","status":"publish","type":"post","link":"https:\/\/blog.holyart.it\/fr\/articles-religieux\/benoit-xvi-lhistoire-du-pape-emerite\/","title":{"rendered":"Beno\u00eet XVI: l\u2019histoire du pape \u00e9m\u00e9rite"},"content":{"rendered":"<h4><em>Pape Beno\u00eet XVI, le Pape th\u00e9ologien, premier pontife de l\u2019\u00e9poque digitale et Pape \u00e9m\u00e9rite par choix<\/em><\/h4>\n\n<p>Le 31 d\u00e9cembre, dernier jour du laborieux 2022,\u00a0<strong>Joseph Aloisius Ratzinger,<\/strong>\u00a0<a href=\"https:\/\/www.holyart.fr\/occasions-speciales\/benoit-xvi\"><strong>Pape Beno\u00eet XVI<\/strong><\/a>, a quitt\u00e9 la vie terrestre. <strong>Premier Pape \u00e9m\u00e9rite<\/strong> de l\u2019histoire de l\u2019\u00c9glise, il n\u2019a toutefois pas \u00e9t\u00e9 le premier \u00e0 pr\u00e9senter sa d\u00e9mission sans finir son mandat, bien que le dernier Pape \u00e0 avoir fait cela avant lui avait \u00e9t\u00e9 Pape Gr\u00e9goire XII en 1415.<\/p>\n<div class=\"link-product\">\n<div class=\"blocco-immagine\"><img loading=\"lazy\" decoding=\"async\" class=\"size-full wp-image-7633 alignleft\" src=\"https:\/\/blog.holyart.it\/fr\/wp-content\/uploads\/sites\/14\/2023\/12\/Pape-Benoit-XVI-en-bois-naturel-Valgardena.jpg\" alt=\"Pape Beno\u00eet XVI en bois naturel Valgardena\" width=\"100\" height=\"100\" data-kale-share-title=\"Beno\u00eet XVI : l\u2019histoire du pape \u00e9m\u00e9rite\" data-kale-share-url=\"https:\/\/blog.holyart.it\/fr\/?p=7631\" \/><\/div>\n<div class=\"blocco-contenuto\">\n<div class=\"blocco-acquista\">Acheter sur Holyart:<\/div>\n<div class=\"blocco-titolo\"><a href=\"https:\/\/www.holyart.fr\/articles-religieux\/statues\/statues-en-bois-naturel\/pape-benoit-xvi-en-bois-naturel-valgardena1\">Pape Beno\u00eet XVI en bois naturel Valgardena<\/a><\/div>\n<div class=\"blocco-descrizione\">Mod\u00e8le disponible en bois d&rsquo;\u00e9rable jusqu&rsquo;aux 40 cm de hauteur et en bois de tilleul \u00e0 partir de 60 cm.<\/div>\n<\/div>\n<\/div>\n<p>Fils d\u2019un commissaire de gendarmerie ouvertement <strong>antinazi<\/strong>, tellement que sa famille fut forc\u00e9e de d\u00e9m\u00e9nager de nombreuses fois pendant les ann\u00e9es o\u00f9 Hitler fut aux commandes de l\u2019Allemagne, et d\u2019une cuisini\u00e8re, troisi\u00e8me de trois fr\u00e8res, Pape Ratzinger a \u00e9t\u00e9 le premier en de nombreuses situations au cours de sa longue vie, bien que, en homme discret qu\u2019il \u00e9tait, il n\u2019y a pas trop d\u2019informations qui ont filtr\u00e9 concernant comment Joseph Ratzinger a v\u00e9cu avant de devenir Pape.<\/p>\n<p>Il connut en premi\u00e8re personne les horreurs et la cruaut\u00e9 du <strong>nazisme<\/strong>. Quand il \u00e9tait encore jeune, son cousin, atteint de trisomie, fut arrach\u00e9 \u00e0 sa famille par l\u2019impitoyable politique d\u2019\u00e9puration de la race promue par le r\u00e9gime. Oblig\u00e9 de s\u2019enr\u00f4ler pendant la Deuxi\u00e8me Guerre Mondiale, il connut la guerre et m\u00eame l\u2019emprisonnement dans un camp des Alli\u00e9s pr\u00e8s de Ulma.<\/p>\n<p>Nous savons de lui qu\u2019il <strong>aimait la musique classique<\/strong>, et non pas uniquement en tant que public, tant qu\u2019en 2009 il publia un album de musique classique contemporaine d\u00e9di\u00e9e \u00e0 la Vierge avec la Royal Philarmonica Orchestra. Il aimait \u00e9galement les <strong>chats<\/strong> et, en 2007, fut publi\u00e9\u00a0<em>Joseph and Chico: A Cat Recounts the Life of Pope Benedict XVI<\/em>, sa vie racont\u00e9e \u00e0 travers les yeux de Chico, son chat.<\/p>\n<p>Homme de <strong>grande culture<\/strong>, Pape Ratzinger parlait sept langues et, avant le pontificat, entreprit une longue carri\u00e8re acad\u00e9mique dans les plus prestigieuses Universit\u00e9s allemandes. <strong>Professeur universitaire en th\u00e9ologie<\/strong>, archev\u00eaque de Munich et Freising, il accompagna son pr\u00e9d\u00e9cesseur <strong>Jean-Paul II<\/strong> pendant tout son Pontificat, comme un de ses plus proches collaborateurs, et, par sa volont\u00e9, dirigea la <strong>Congr\u00e9gation pour la doctrine de la foi<\/strong>, l\u2019organe du Saint-Si\u00e8ge qui s\u2019occupe de veiller \u00e0 l\u2019exactitude de la doctrine catholique. Doyen du coll\u00e8ge cardinalice \u00e0 partir de 2002, avec le <strong>conclave de 2005<\/strong> il succ\u00e9da \u00e0 Pape Jean-Paul II. En tant que jeune professeur, il participa \u00e9galement au <strong>Concile Vatican II<\/strong> \u00e0 partir de 1962.<\/p>\n<div class=\"link-product\">\n<div class=\"blocco-immagine\"><img loading=\"lazy\" decoding=\"async\" class=\"size-full wp-image-7634 alignleft\" src=\"https:\/\/blog.holyart.it\/fr\/wp-content\/uploads\/sites\/14\/2023\/12\/Jean-Paul-II.jpg\" alt=\"Jean Paul II\" width=\"100\" height=\"100\" data-kale-share-title=\"Beno\u00eet XVI : l\u2019histoire du pape \u00e9m\u00e9rite\" data-kale-share-url=\"https:\/\/blog.holyart.it\/fr\/?p=7631\" \/><\/div>\n<div class=\"blocco-contenuto\">\n<div class=\"blocco-acquista\">Acheter sur Holyart:<\/div>\n<div class=\"blocco-titolo\"><a href=\"https:\/\/www.holyart.fr\/occasions-speciales\/jean-paul-ii\">Jean Paul II<\/a><\/div>\n<div class=\"blocco-descrizione\">Cat\u00e9gorie enti\u00e8rement consacr\u00e9e \u00e0 Jean Paul II<\/div>\n<\/div>\n<\/div>\n<p>Il a \u00e9galement \u00e9t\u00e9 le premier <strong>Pape de l\u2019\u00e8re digitale<\/strong>, protagoniste d\u2019un changement r\u00e9volutionnaire dans les communications, surtout pour un homme comme lui, li\u00e9 aux traditions. Et pourtant, entreprenant et pr\u00eat \u00e0 se mettre en jeu, il a \u00e9t\u00e9 le premier Pape \u00e0 ouvrir un <strong>profil social<\/strong>, sur Twitter, en adaptant le pontificat au contexte communicatif global et en ouvrant surtout la voie \u00e0 d\u2019innombrables r\u00e9seaux sociaux d\u00e9di\u00e9s \u00e0 la Foi, \u00e0 la pri\u00e8re, \u00e0 la Parole de Dieu.<\/p>\n<p>Et ce n\u2019est pas tout : il a dialogu\u00e9 par Sms avec les jeunes de la Journ\u00e9e mondiale de la Jeunesse de Sydney en 2008, avec les astronautes de la Station spatiale internationale et s\u2019est m\u00eame pr\u00eater \u00e0 r\u00e9pondre aux questions des fid\u00e8les pendant le direct TV du Vendredi Saint de 2011. Il <strong>aimait \u00e9galement voyager<\/strong> et conna\u00eetre les r\u00e9alit\u00e9s des membres de son \u00c9glise partout dans le monde.<\/p>\n<p>Rappelons en quelques lignes le pontificat de Pape Ratzinger et ses d\u00e9missions.<\/p>\n<h2>Le Pontificat de Pape Ratzinger<\/h2>\n<p>Le\u00a0<strong>19 avril 2005<\/strong>\u00a0le cardinal Ratzinger fut \u00e9lu Pape au quatri\u00e8me scrutin. Lors de son premier discours il se d\u00e9finit \u00ab\u00a0<em>un simple et humble travailleur dans la vigne du Seigneur<\/em>\u00a0\u00bb et adressa un souvenir affectueux \u00e0 son pr\u00e9d\u00e9cesseur Jean-Paul II, auquel il \u00e9tait tr\u00e8s attach\u00e9.<\/p>\n<p>Toujours de sa propre admission, il choisit le <strong>nom de Beno\u00eet XVI<\/strong> en l\u2019honneur de Beno\u00eet XV, pape pendant la Premi\u00e8re Guerre Mondiale, dont il se sentait particuli\u00e8rement proche, mais aussi en l\u2019honneur de <strong>Saint Beno\u00eet de Nursie<\/strong>, p\u00e8re du monachisme occidental. Un choix qui exprimait d\u00e9j\u00e0 une forte d\u00e9claration d\u2019intentions, concernant la volont\u00e9 de r\u00e9cup\u00e9rer les r<strong>acines chr\u00e9tiennes<\/strong> et les <strong>valeurs de l\u2019\u00c9glise<\/strong>.<\/p>\n<div class=\"link-article\">\n<p><img loading=\"lazy\" decoding=\"async\" class=\"size-full wp-image-7635 alignleft\" src=\"https:\/\/blog.holyart.it\/fr\/wp-content\/uploads\/sites\/14\/2023\/12\/Saint-Benoit-de-Nursie-saint-patron-de-lEurope.jpg\" alt=\"Saint Benoit de Nursie saint patron de l\u2019Europe\" width=\"150\" height=\"100\" data-kale-share-title=\"Beno\u00eet XVI : l\u2019histoire du pape \u00e9m\u00e9rite\" data-kale-share-url=\"https:\/\/blog.holyart.it\/fr\/?p=7631\" \/><\/p>\n<div class=\"leggi-anche\">Lire aussi :<\/div>\n<p><strong><a href=\"https:\/\/www.holyart.fr\/blog\/saints-et-bienheureux\/saint-benoit-de-nursie-saint-patron-de-leurope\/\">Saint Beno\u00eet de Nursie: saint patron de l\u2019Europe<\/a><\/strong><br \/>\nSaint Beno\u00eet de Nursie, saint patron de l\u2019Europe, protecteur des moines, des sp\u00e9l\u00e9ologues, des architectes et des ing\u00e9nieurs, \u00e9tait un abb\u00e9 n\u00e9 \u00e0 Nursie, en Ombrie.<\/p>\n<\/div>\n<p>Il \u00e9tait \u00e9galement un partisan du retour \u00e0 une <strong>\u00e9glise pauvre<\/strong>, en style franciscain, sans ornements superflus. Sur son <strong>blason pontifical<\/strong>, il voulut l\u2019image d\u2019une <a href=\"https:\/\/www.holyart.fr\/accessoires-pour-la-liturgie\/attributs-episcopaux\/mitre-brodee-a-la-machine-pure-laine\"><strong>mitre \u00e9piscopale<\/strong><\/a> au lieu de l\u2019habituelle tiare papale, afin de souligner sa proximit\u00e9 avec les \u00c9v\u00eaques. Sa <strong>devise<\/strong> \u00e9tait <em>Cooperatores Veritatis<\/em>, de la Troisi\u00e8me lettre de Jean : \u00ab\u00a0<em>Nos ergo debemus sublevare huiusmodi, ut cooperatores simus veritatis<\/em>\u00a0\u00bb, \u00ab\u00a0<em>Nous devons servir de cette mani\u00e8re que nous soyons <strong>coop\u00e9rateurs de la v\u00e9rit\u00e9<\/strong><\/em>\u00a0\u00bb.<\/p>\n<p>Toujours dans l\u2019optique d\u2019un retour \u00e0 l\u2019aust\u00e9rit\u00e9 et \u00e0 la rigueur, Pape Beno\u00eet XVI redimensionna la Curie romaine et r\u00e9cup\u00e9ra de nombreux aspects de la <strong>tradition liturgique<\/strong>. Il fut \u00e9galement le premier Pape \u00e0 s\u2019excuser publiquement avec les <strong>victimes d\u2019abus de la part de membres du clerg\u00e9<\/strong>, en s\u2019effor\u00e7ant d\u2019\u00e9tablir des punitions et des r\u00e8gles plus s\u00e9v\u00e8res pour les coupables.<\/p>\n<div class=\"link-product\">\n<div class=\"blocco-immagine\"><img loading=\"lazy\" decoding=\"async\" class=\"size-full wp-image-7636 alignleft\" src=\"https:\/\/blog.holyart.it\/fr\/wp-content\/uploads\/sites\/14\/2023\/12\/Mitre-brodee-a-la-machine-pure-laine-Gamma.jpg\" alt=\"Mitre brod\u00e9e \u00e0 la machine pure laine Gamma\" width=\"100\" height=\"100\" data-kale-share-title=\"Beno\u00eet XVI : l\u2019histoire du pape \u00e9m\u00e9rite\" data-kale-share-url=\"https:\/\/blog.holyart.it\/fr\/?p=7631\" \/><\/div>\n<div class=\"blocco-contenuto\">\n<div class=\"blocco-acquista\">Acheter sur Holyart:<\/div>\n<div class=\"blocco-titolo\"><a href=\"https:\/\/www.holyart.fr\/accessoires-pour-la-liturgie\/attributs-episcopaux\">Jean Paul II<\/a><\/div>\n<div class=\"blocco-descrizione\">Trouverez des anneaux pastorals, des croix \u00e9piscopales pour les c\u00e9l\u00e9brations solennelles et des croix pectorales.<\/div>\n<\/div>\n<\/div>\n<h2>Les d\u00e9missions de Pape Beno\u00eet<\/h2>\n<p>Pape Beno\u00eet XVI n\u2019a pas \u00e9t\u00e9 le premier pape \u00e0 renoncer au tr\u00f4ne pontifical. Bien que cela n\u2019a pas eu lieu depuis des si\u00e8cles, avant lui, sept autres Papes choisirent de donner leur d\u00e9mission\u00a0: Cl\u00e9ment I, Pontien, Silv\u00e8re, Beno\u00eet IX, Gr\u00e9goire VI, C\u00e9lestin V et Gr\u00e9goire XII. Par contre, il fut <strong>le premier Pape \u00c9m\u00e9rite<\/strong> dans l\u2019histoire de l\u2019\u00c9glise.<\/p>\n<p>Il annon\u00e7a sa d\u00e9mission en personne le <strong>11 f\u00e9vrier 2013<\/strong>, avec un discours en latin prononc\u00e9 pendant le Consistoire pour la canonisation des <strong>Martyrs d\u2019Otrante<\/strong>. Le Pape cita comme cause de son choix <strong>l\u2019\u00e2ge avanc\u00e9 et le progressif manque de forces<\/strong>, qui ne lui permettaient plus d\u2019accomplir au mieux son minist\u00e8re.<\/p>\n<div class=\"link-article\">\n<p><img loading=\"lazy\" decoding=\"async\" class=\"size-full wp-image-7637 alignleft\" src=\"https:\/\/blog.holyart.it\/fr\/wp-content\/uploads\/sites\/14\/2023\/12\/Les-martyrs-dOtrante.jpg\" alt=\"Les martyrs d\u2019Otrante\" width=\"150\" height=\"99\" data-kale-share-title=\"Beno\u00eet XVI : l\u2019histoire du pape \u00e9m\u00e9rite\" data-kale-share-url=\"https:\/\/blog.holyart.it\/fr\/?p=7631\" \/><\/p>\n<div class=\"leggi-anche\">Lire aussi :<\/div>\n<p><strong><a href=\"https:\/\/www.holyart.fr\/blog\/articles-religieux\/les-martyrs-dotrante-le-sacrifice-des-813-habitants-au-nom-de-la-foi\/\">Les martyrs d\u2019Otrante : le sacrifice des 813 habitants au nom de la foi<\/a><\/strong><br \/>\nUn village entier peut-il \u00eatre canonis\u00e9? C\u2019est ce qui est arriv\u00e9 aux&#8230;<\/p>\n<\/div>\n<p>Ce fut une d\u00e9cision qui surprit le monde entier et tout le monde applaudit le courage et l\u2019humilit\u00e9 de ce Pontife si impliqu\u00e9 dans son r\u00f4le qu\u2019il reconnut opportun de c\u00e9der sa place. Tous les puissants de la Terre adress\u00e8rent des mots d\u2019estime et de respect au Pape d\u00e9missionnaire.<\/p>\n<h2>Le Pape \u00e9m\u00e9rite<\/h2>\n<p>Apr\u00e8s sa d\u00e9mission, <strong>Pape Ratzinger<\/strong> devint Souverain <strong>Pontife \u00e9m\u00e9rite<\/strong> ou <strong>Pape \u00e9m\u00e9rite<\/strong>. Avant lui, le titre n\u2019\u00e9tait pas pr\u00e9vu par le droit canonique.<\/p>\n<div class=\"link-product\">\n<div class=\"blocco-immagine\"><img loading=\"lazy\" decoding=\"async\" class=\"size-full wp-image-7638 alignleft\" src=\"https:\/\/blog.holyart.it\/fr\/wp-content\/uploads\/sites\/14\/2023\/12\/Statue-Pape-Benoit-XVI-bois-peint-Val-Gardena.jpg\" alt=\"Statue Pape Benoit XVI bois peint Val Gardena\" width=\"100\" height=\"100\" data-kale-share-title=\"Beno\u00eet XVI : l\u2019histoire du pape \u00e9m\u00e9rite\" data-kale-share-url=\"https:\/\/blog.holyart.it\/fr\/?p=7631\" \/><\/div>\n<div class=\"blocco-contenuto\">\n<div class=\"blocco-acquista\">Acheter sur Holyart:<\/div>\n<div class=\"blocco-titolo\"><a href=\"https:\/\/www.holyart.fr\/articles-religieux\/statues\/statues-en-bois-peint\/statue-pape-benoit-xvi-bois-peint-val-gardena1\">Statue Pape Beno\u00eet XVI bois peint Val Gardena<\/a><\/div>\n<div class=\"blocco-descrizione\">Sculpture disponible en bois d&rsquo;\u00e9rable dans les mod\u00e8les de 16 \u00e0 42 cm et en bois de tilleul de 62 cm.<\/div>\n<\/div>\n<\/div>\n<p>M\u00eame apr\u00e8s avoir renonc\u00e9 au minist\u00e8re p\u00e9trinien, Pape Ratzinger a maintenu les insignes et le traitement, bien qu\u2019avec quelques modifications\u00a0: la soutane blanche, mais d\u00e9pourvue de mozette et de ceinture\u00a0; la bague \u00e9piscopale \u00e0 la place de la <strong><u>bague du p\u00e9cheur<\/u><\/strong>, etc. Il a \u00e9galement maintenu le blason, le nom pontifical et le titre de Saint P\u00e8re ou Saintet\u00e9.<\/p>\n<p>Ayant d\u2019abord d\u00e9m\u00e9nag\u00e9 \u00e0 Castel Gandolfo, le Pape \u00e9m\u00e9rite s\u2019installa ensuite vivre dans le <strong>monast\u00e8re Mater Ecclesiae<\/strong>, dans les Jardins du Vatican, pr\u00e8s de la Fontaine de l\u2019Aigle, o\u00f9 il est rest\u00e9 jusqu\u2019\u00e0 sa mort, accompagn\u00e9 par P\u00e8re Georg G\u00e4nswein, son secr\u00e9taire particulier. Mais il n\u2019a jamais cess\u00e9 de participer \u00e0 la vie de l\u2019\u00c9glise, en c\u00f4toyant son successeur <a href=\"https:\/\/www.holyart.fr\/occasions-speciales\/pape-francois\"><strong>Pape Fran\u00e7ois<\/strong><\/a> \u00e0 de nombreuses occasions officielles, jusqu\u2019\u00e0 ce que ses conditions de sant\u00e9 le lui ont permis. En 2020 il a d\u00e9pass\u00e9 le primat de long\u00e9vit\u00e9 pour un pape, en devenant le pontife le plus \u00e2g\u00e9 de l\u2019histoire.<\/p>\n","protected":false},"excerpt":{"rendered":"<p>Pape Beno\u00eet XVI, le Pape th\u00e9ologien, premier pontife de l\u2019\u00e9poque digitale et Pape \u00e9m\u00e9rite par choix Le 31 d\u00e9cembre, dernier jour du laborieux 2022,\u00a0Joseph Aloisius Ratzinger,\u00a0Pape Beno\u00eet XVI, a quitt\u00e9 la vie terrestre. Premier Pape \u00e9m\u00e9rite de l\u2019histoire de l\u2019\u00c9glise, il n\u2019a toutefois pas \u00e9t\u00e9&hellip;<\/p>\n","protected":false},"author":1,"featured_media":7632,"comment_status":"closed","ping_status":"open","sticky":false,"template":"","format":"standard","meta":{"_acf_changed":false,"footnotes":""},"categories":[8],"tags":[],"class_list":["post-7631","post","type-post","status-publish","format-standard","has-post-thumbnail","hentry","category-articles-religieux"],"acf":[],"yoast_head":"<!-- This site is optimized with the Yoast SEO plugin v26.6 - https:\/\/yoast.com\/wordpress\/plugins\/seo\/ -->\n<title>Beno\u00eet XVI: l\u2019histoire du pape \u00e9m\u00e9rite - Holyart.fr Blog<\/title>\n<meta name=\"description\" content=\"Pape Beno\u00eet XVI, le Pape th\u00e9ologien, premier pontife de l\u2019\u00e9poque digitale et Pape \u00e9m\u00e9rite par choix.\" \/>\n<meta name=\"robots\" content=\"index, follow, max-snippet:-1, max-image-preview:large, max-video-preview:-1\" \/>\n<link rel=\"canonical\" href=\"https:\/\/blog.holyart.it\/fr\/articles-religieux\/benoit-xvi-lhistoire-du-pape-emerite\/\" \/>\n<meta property=\"og:locale\" content=\"fr_FR\" \/>\n<meta property=\"og:type\" content=\"article\" \/>\n<meta property=\"og:title\" content=\"Beno\u00eet XVI: l\u2019histoire du pape \u00e9m\u00e9rite - Holyart.fr Blog\" \/>\n<meta property=\"og:description\" content=\"Pape Beno\u00eet XVI, le Pape th\u00e9ologien, premier pontife de l\u2019\u00e9poque digitale et Pape \u00e9m\u00e9rite par choix.\" \/>\n<meta property=\"og:url\" content=\"https:\/\/blog.holyart.it\/fr\/articles-religieux\/benoit-xvi-lhistoire-du-pape-emerite\/\" \/>\n<meta property=\"og:site_name\" content=\"Holyart.fr Blog\" \/>\n<meta property=\"article:published_time\" content=\"2024-01-03T09:00:09+00:00\" \/>\n<meta property=\"og:image\" content=\"https:\/\/blog.holyart.it\/fr\/wp-content\/uploads\/sites\/14\/2023\/12\/Benoit-XVI.jpg\" \/>\n\t<meta property=\"og:image:width\" content=\"1000\" \/>\n\t<meta property=\"og:image:height\" content=\"666\" \/>\n\t<meta property=\"og:image:type\" content=\"image\/jpeg\" \/>\n<meta name=\"author\" content=\"Redazione\" \/>\n<meta name=\"twitter:card\" content=\"summary_large_image\" \/>\n<meta name=\"twitter:label1\" content=\"\u00c9crit par\" \/>\n\t<meta name=\"twitter:data1\" content=\"Redazione\" \/>\n\t<meta name=\"twitter:label2\" content=\"Dur\u00e9e de lecture estim\u00e9e\" \/>\n\t<meta name=\"twitter:data2\" content=\"8 minutes\" \/>\n<script type=\"application\/ld+json\" class=\"yoast-schema-graph\">{\"@context\":\"https:\/\/schema.org\",\"@graph\":[{\"@type\":\"Article\",\"@id\":\"https:\/\/blog.holyart.it\/fr\/articles-religieux\/benoit-xvi-lhistoire-du-pape-emerite\/#article\",\"isPartOf\":{\"@id\":\"https:\/\/blog.holyart.it\/fr\/articles-religieux\/benoit-xvi-lhistoire-du-pape-emerite\/\"},\"author\":{\"name\":\"Redazione\",\"@id\":\"https:\/\/blog.holyart.it\/fr\/#\/schema\/person\/0a7b686e5af0f856ec1e390dd0baecda\"},\"headline\":\"Beno\u00eet XVI: l\u2019histoire du pape \u00e9m\u00e9rite\",\"datePublished\":\"2024-01-03T09:00:09+00:00\",\"mainEntityOfPage\":{\"@id\":\"https:\/\/blog.holyart.it\/fr\/articles-religieux\/benoit-xvi-lhistoire-du-pape-emerite\/\"},\"wordCount\":1472,\"publisher\":{\"@id\":\"https:\/\/blog.holyart.it\/fr\/#organization\"},\"image\":{\"@id\":\"https:\/\/blog.holyart.it\/fr\/articles-religieux\/benoit-xvi-lhistoire-du-pape-emerite\/#primaryimage\"},\"thumbnailUrl\":\"https:\/\/blog.holyart.it\/fr\/wp-content\/uploads\/sites\/14\/2023\/12\/Benoit-XVI.jpg\",\"articleSection\":[\"Religion\"],\"inLanguage\":\"fr-FR\"},{\"@type\":\"WebPage\",\"@id\":\"https:\/\/blog.holyart.it\/fr\/articles-religieux\/benoit-xvi-lhistoire-du-pape-emerite\/\",\"url\":\"https:\/\/blog.holyart.it\/fr\/articles-religieux\/benoit-xvi-lhistoire-du-pape-emerite\/\",\"name\":\"Beno\u00eet XVI: l\u2019histoire du pape \u00e9m\u00e9rite - Holyart.fr Blog\",\"isPartOf\":{\"@id\":\"https:\/\/blog.holyart.it\/fr\/#website\"},\"primaryImageOfPage\":{\"@id\":\"https:\/\/blog.holyart.it\/fr\/articles-religieux\/benoit-xvi-lhistoire-du-pape-emerite\/#primaryimage\"},\"image\":{\"@id\":\"https:\/\/blog.holyart.it\/fr\/articles-religieux\/benoit-xvi-lhistoire-du-pape-emerite\/#primaryimage\"},\"thumbnailUrl\":\"https:\/\/blog.holyart.it\/fr\/wp-content\/uploads\/sites\/14\/2023\/12\/Benoit-XVI.jpg\",\"datePublished\":\"2024-01-03T09:00:09+00:00\",\"description\":\"Pape Beno\u00eet XVI, le Pape th\u00e9ologien, premier pontife de l\u2019\u00e9poque digitale et Pape \u00e9m\u00e9rite par choix.\",\"breadcrumb\":{\"@id\":\"https:\/\/blog.holyart.it\/fr\/articles-religieux\/benoit-xvi-lhistoire-du-pape-emerite\/#breadcrumb\"},\"inLanguage\":\"fr-FR\",\"potentialAction\":[{\"@type\":\"ReadAction\",\"target\":[\"https:\/\/blog.holyart.it\/fr\/articles-religieux\/benoit-xvi-lhistoire-du-pape-emerite\/\"]}]},{\"@type\":\"ImageObject\",\"inLanguage\":\"fr-FR\",\"@id\":\"https:\/\/blog.holyart.it\/fr\/articles-religieux\/benoit-xvi-lhistoire-du-pape-emerite\/#primaryimage\",\"url\":\"https:\/\/blog.holyart.it\/fr\/wp-content\/uploads\/sites\/14\/2023\/12\/Benoit-XVI.jpg\",\"contentUrl\":\"https:\/\/blog.holyart.it\/fr\/wp-content\/uploads\/sites\/14\/2023\/12\/Benoit-XVI.jpg\",\"width\":1000,\"height\":666,\"caption\":\"Beno\u00eet XVI\"},{\"@type\":\"BreadcrumbList\",\"@id\":\"https:\/\/blog.holyart.it\/fr\/articles-religieux\/benoit-xvi-lhistoire-du-pape-emerite\/#breadcrumb\",\"itemListElement\":[{\"@type\":\"ListItem\",\"position\":1,\"name\":\"Homepage\",\"item\":\"https:\/\/blog.holyart.it\/fr\/\"},{\"@type\":\"ListItem\",\"position\":2,\"name\":\"Religion\",\"item\":\"https:\/\/blog.holyart.it\/fr\/articles-religieux\/\"},{\"@type\":\"ListItem\",\"position\":3,\"name\":\"Beno\u00eet XVI: l\u2019histoire du pape \u00e9m\u00e9rite\"}]},{\"@type\":\"WebSite\",\"@id\":\"https:\/\/blog.holyart.it\/fr\/#website\",\"url\":\"https:\/\/blog.holyart.it\/fr\/\",\"name\":\"Holyart.fr Blog\",\"description\":\"Holyblog\",\"publisher\":{\"@id\":\"https:\/\/blog.holyart.it\/fr\/#organization\"},\"potentialAction\":[{\"@type\":\"SearchAction\",\"target\":{\"@type\":\"EntryPoint\",\"urlTemplate\":\"https:\/\/blog.holyart.it\/fr\/?s={search_term_string}\"},\"query-input\":{\"@type\":\"PropertyValueSpecification\",\"valueRequired\":true,\"valueName\":\"search_term_string\"}}],\"inLanguage\":\"fr-FR\"},{\"@type\":\"Organization\",\"@id\":\"https:\/\/blog.holyart.it\/fr\/#organization\",\"name\":\"Holyart.fr Blog\",\"url\":\"https:\/\/blog.holyart.it\/fr\/\",\"logo\":{\"@type\":\"ImageObject\",\"inLanguage\":\"fr-FR\",\"@id\":\"https:\/\/blog.holyart.it\/fr\/#\/schema\/logo\/image\/\",\"url\":\"https:\/\/blog.holyart.it\/fr\/wp-content\/uploads\/sites\/14\/2022\/12\/Holyart_Blog_Logo.jpg\",\"contentUrl\":\"https:\/\/blog.holyart.it\/fr\/wp-content\/uploads\/sites\/14\/2022\/12\/Holyart_Blog_Logo.jpg\",\"width\":300,\"height\":50,\"caption\":\"Holyart.fr Blog\"},\"image\":{\"@id\":\"https:\/\/blog.holyart.it\/fr\/#\/schema\/logo\/image\/\"}},{\"@type\":\"Person\",\"@id\":\"https:\/\/blog.holyart.it\/fr\/#\/schema\/person\/0a7b686e5af0f856ec1e390dd0baecda\",\"name\":\"Redazione\",\"image\":{\"@type\":\"ImageObject\",\"inLanguage\":\"fr-FR\",\"@id\":\"https:\/\/blog.holyart.it\/fr\/#\/schema\/person\/image\/\",\"url\":\"https:\/\/secure.gravatar.com\/avatar\/f477da817f43e50d0af36abecd33e3edf826c68299714bdc1057dff3b113f516?s=96&d=mm&r=g\",\"contentUrl\":\"https:\/\/secure.gravatar.com\/avatar\/f477da817f43e50d0af36abecd33e3edf826c68299714bdc1057dff3b113f516?s=96&d=mm&r=g\",\"caption\":\"Redazione\"},\"url\":\"https:\/\/blog.holyart.it\/fr\/author\/admin\/\"}]}<\/script>\n<!-- \/ Yoast SEO plugin. -->","yoast_head_json":{"title":"Beno\u00eet XVI: l\u2019histoire du pape \u00e9m\u00e9rite - Holyart.fr Blog","description":"Pape Beno\u00eet XVI, le Pape th\u00e9ologien, premier pontife de l\u2019\u00e9poque digitale et Pape \u00e9m\u00e9rite par choix.","robots":{"index":"index","follow":"follow","max-snippet":"max-snippet:-1","max-image-preview":"max-image-preview:large","max-video-preview":"max-video-preview:-1"},"canonical":"https:\/\/blog.holyart.it\/fr\/articles-religieux\/benoit-xvi-lhistoire-du-pape-emerite\/","og_locale":"fr_FR","og_type":"article","og_title":"Beno\u00eet XVI: l\u2019histoire du pape \u00e9m\u00e9rite - Holyart.fr Blog","og_description":"Pape Beno\u00eet XVI, le Pape th\u00e9ologien, premier pontife de l\u2019\u00e9poque digitale et Pape \u00e9m\u00e9rite par choix.","og_url":"https:\/\/blog.holyart.it\/fr\/articles-religieux\/benoit-xvi-lhistoire-du-pape-emerite\/","og_site_name":"Holyart.fr Blog","article_published_time":"2024-01-03T09:00:09+00:00","og_image":[{"width":1000,"height":666,"url":"https:\/\/blog.holyart.it\/fr\/wp-content\/uploads\/sites\/14\/2023\/12\/Benoit-XVI.jpg","type":"image\/jpeg"}],"author":"Redazione","twitter_card":"summary_large_image","twitter_misc":{"\u00c9crit par":"Redazione","Dur\u00e9e de lecture estim\u00e9e":"8 minutes"},"schema":{"@context":"https:\/\/schema.org","@graph":[{"@type":"Article","@id":"https:\/\/blog.holyart.it\/fr\/articles-religieux\/benoit-xvi-lhistoire-du-pape-emerite\/#article","isPartOf":{"@id":"https:\/\/blog.holyart.it\/fr\/articles-religieux\/benoit-xvi-lhistoire-du-pape-emerite\/"},"author":{"name":"Redazione","@id":"https:\/\/blog.holyart.it\/fr\/#\/schema\/person\/0a7b686e5af0f856ec1e390dd0baecda"},"headline":"Beno\u00eet XVI: l\u2019histoire du pape \u00e9m\u00e9rite","datePublished":"2024-01-03T09:00:09+00:00","mainEntityOfPage":{"@id":"https:\/\/blog.holyart.it\/fr\/articles-religieux\/benoit-xvi-lhistoire-du-pape-emerite\/"},"wordCount":1472,"publisher":{"@id":"https:\/\/blog.holyart.it\/fr\/#organization"},"image":{"@id":"https:\/\/blog.holyart.it\/fr\/articles-religieux\/benoit-xvi-lhistoire-du-pape-emerite\/#primaryimage"},"thumbnailUrl":"https:\/\/blog.holyart.it\/fr\/wp-content\/uploads\/sites\/14\/2023\/12\/Benoit-XVI.jpg","articleSection":["Religion"],"inLanguage":"fr-FR"},{"@type":"WebPage","@id":"https:\/\/blog.holyart.it\/fr\/articles-religieux\/benoit-xvi-lhistoire-du-pape-emerite\/","url":"https:\/\/blog.holyart.it\/fr\/articles-religieux\/benoit-xvi-lhistoire-du-pape-emerite\/","name":"Beno\u00eet XVI: l\u2019histoire du pape \u00e9m\u00e9rite - Holyart.fr Blog","isPartOf":{"@id":"https:\/\/blog.holyart.it\/fr\/#website"},"primaryImageOfPage":{"@id":"https:\/\/blog.holyart.it\/fr\/articles-religieux\/benoit-xvi-lhistoire-du-pape-emerite\/#primaryimage"},"image":{"@id":"https:\/\/blog.holyart.it\/fr\/articles-religieux\/benoit-xvi-lhistoire-du-pape-emerite\/#primaryimage"},"thumbnailUrl":"https:\/\/blog.holyart.it\/fr\/wp-content\/uploads\/sites\/14\/2023\/12\/Benoit-XVI.jpg","datePublished":"2024-01-03T09:00:09+00:00","description":"Pape Beno\u00eet XVI, le Pape th\u00e9ologien, premier pontife de l\u2019\u00e9poque digitale et Pape \u00e9m\u00e9rite par choix.","breadcrumb":{"@id":"https:\/\/blog.holyart.it\/fr\/articles-religieux\/benoit-xvi-lhistoire-du-pape-emerite\/#breadcrumb"},"inLanguage":"fr-FR","potentialAction":[{"@type":"ReadAction","target":["https:\/\/blog.holyart.it\/fr\/articles-religieux\/benoit-xvi-lhistoire-du-pape-emerite\/"]}]},{"@type":"ImageObject","inLanguage":"fr-FR","@id":"https:\/\/blog.holyart.it\/fr\/articles-religieux\/benoit-xvi-lhistoire-du-pape-emerite\/#primaryimage","url":"https:\/\/blog.holyart.it\/fr\/wp-content\/uploads\/sites\/14\/2023\/12\/Benoit-XVI.jpg","contentUrl":"https:\/\/blog.holyart.it\/fr\/wp-content\/uploads\/sites\/14\/2023\/12\/Benoit-XVI.jpg","width":1000,"height":666,"caption":"Beno\u00eet XVI"},{"@type":"BreadcrumbList","@id":"https:\/\/blog.holyart.it\/fr\/articles-religieux\/benoit-xvi-lhistoire-du-pape-emerite\/#breadcrumb","itemListElement":[{"@type":"ListItem","position":1,"name":"Homepage","item":"https:\/\/blog.holyart.it\/fr\/"},{"@type":"ListItem","position":2,"name":"Religion","item":"https:\/\/blog.holyart.it\/fr\/articles-religieux\/"},{"@type":"ListItem","position":3,"name":"Beno\u00eet XVI: l\u2019histoire du pape \u00e9m\u00e9rite"}]},{"@type":"WebSite","@id":"https:\/\/blog.holyart.it\/fr\/#website","url":"https:\/\/blog.holyart.it\/fr\/","name":"Holyart.fr Blog","description":"Holyblog","publisher":{"@id":"https:\/\/blog.holyart.it\/fr\/#organization"},"potentialAction":[{"@type":"SearchAction","target":{"@type":"EntryPoint","urlTemplate":"https:\/\/blog.holyart.it\/fr\/?s={search_term_string}"},"query-input":{"@type":"PropertyValueSpecification","valueRequired":true,"valueName":"search_term_string"}}],"inLanguage":"fr-FR"},{"@type":"Organization","@id":"https:\/\/blog.holyart.it\/fr\/#organization","name":"Holyart.fr Blog","url":"https:\/\/blog.holyart.it\/fr\/","logo":{"@type":"ImageObject","inLanguage":"fr-FR","@id":"https:\/\/blog.holyart.it\/fr\/#\/schema\/logo\/image\/","url":"https:\/\/blog.holyart.it\/fr\/wp-content\/uploads\/sites\/14\/2022\/12\/Holyart_Blog_Logo.jpg","contentUrl":"https:\/\/blog.holyart.it\/fr\/wp-content\/uploads\/sites\/14\/2022\/12\/Holyart_Blog_Logo.jpg","width":300,"height":50,"caption":"Holyart.fr Blog"},"image":{"@id":"https:\/\/blog.holyart.it\/fr\/#\/schema\/logo\/image\/"}},{"@type":"Person","@id":"https:\/\/blog.holyart.it\/fr\/#\/schema\/person\/0a7b686e5af0f856ec1e390dd0baecda","name":"Redazione","image":{"@type":"ImageObject","inLanguage":"fr-FR","@id":"https:\/\/blog.holyart.it\/fr\/#\/schema\/person\/image\/","url":"https:\/\/secure.gravatar.com\/avatar\/f477da817f43e50d0af36abecd33e3edf826c68299714bdc1057dff3b113f516?s=96&d=mm&r=g","contentUrl":"https:\/\/secure.gravatar.com\/avatar\/f477da817f43e50d0af36abecd33e3edf826c68299714bdc1057dff3b113f516?s=96&d=mm&r=g","caption":"Redazione"},"url":"https:\/\/blog.holyart.it\/fr\/author\/admin\/"}]}},"_links":{"self":[{"href":"https:\/\/blog.holyart.it\/fr\/wp-json\/wp\/v2\/posts\/7631","targetHints":{"allow":["GET"]}}],"collection":[{"href":"https:\/\/blog.holyart.it\/fr\/wp-json\/wp\/v2\/posts"}],"about":[{"href":"https:\/\/blog.holyart.it\/fr\/wp-json\/wp\/v2\/types\/post"}],"author":[{"embeddable":true,"href":"https:\/\/blog.holyart.it\/fr\/wp-json\/wp\/v2\/users\/1"}],"replies":[{"embeddable":true,"href":"https:\/\/blog.holyart.it\/fr\/wp-json\/wp\/v2\/comments?post=7631"}],"version-history":[{"count":5,"href":"https:\/\/blog.holyart.it\/fr\/wp-json\/wp\/v2\/posts\/7631\/revisions"}],"predecessor-version":[{"id":7643,"href":"https:\/\/blog.holyart.it\/fr\/wp-json\/wp\/v2\/posts\/7631\/revisions\/7643"}],"wp:featuredmedia":[{"embeddable":true,"href":"https:\/\/blog.holyart.it\/fr\/wp-json\/wp\/v2\/media\/7632"}],"wp:attachment":[{"href":"https:\/\/blog.holyart.it\/fr\/wp-json\/wp\/v2\/media?parent=7631"}],"wp:term":[{"taxonomy":"category","embeddable":true,"href":"https:\/\/blog.holyart.it\/fr\/wp-json\/wp\/v2\/categories?post=7631"},{"taxonomy":"post_tag","embeddable":true,"href":"https:\/\/blog.holyart.it\/fr\/wp-json\/wp\/v2\/tags?post=7631"}],"curies":[{"name":"wp","href":"https:\/\/api.w.org\/{rel}","templated":true}]}}