{"id":7612,"date":"2024-01-01T10:00:46","date_gmt":"2024-01-01T09:00:46","guid":{"rendered":"https:\/\/blog.holyart.it\/fr\/?p=7612"},"modified":"2026-01-07T16:01:29","modified_gmt":"2026-01-07T15:01:29","slug":"la-veneration-du-tres-saint-nom-de-jesus","status":"publish","type":"post","link":"https:\/\/blog.holyart.it\/fr\/articles-religieux\/la-veneration-du-tres-saint-nom-de-jesus\/","title":{"rendered":"La v\u00e9n\u00e9ration du Tr\u00e8s Saint Nom de J\u00e9sus"},"content":{"rendered":"<h4>Le Tr\u00e8s Saint Nom de J\u00e9sus, entre culte, signification symbolique et profession de foi<\/h4>\n\n<p>Afin de comprendre l\u2019importance attribu\u00e9e par les chr\u00e9tiens catholiques au <strong>Tr\u00e8s Saint Nom de J\u00e9sus<\/strong>, il suffit de penser \u00e0 comment ses disciples et adeptes ont d\u00e9cid\u00e9 de s\u2019appeler\u00a0: <strong>chr\u00e9tiens<\/strong>. L\u2019<strong>identit\u00e9<\/strong> m\u00eame <strong>de la personne et de la communaut\u00e9 <\/strong>\u00e0 laquelle elle appartient est exprim\u00e9e par cet attribut, qui de J\u00e9sus-Christ puise ses racines.<\/p>\n<p>Pensons \u00e9galement au <strong>signe de la Croix<\/strong>, avec lequel on invoque le nom du P\u00e8re, du Fils et du Saint-Esprit. C\u2019est avec ce simple et puissant signe, dans cette invocation \u00e0 la <strong><u>Tr\u00e8s-Sainte Trinit\u00e9<\/u><\/strong>, qui r\u00e9sume le Credo de chaque chr\u00e9tien, sa volont\u00e9 d\u2019immoler chaque souffle, chaque action, chaque jour de son existence terrestre au Nom de ce P\u00e8re, ce Fils et ce Saint-Esprit qui sont trois et un, dans le premier Myst\u00e8re de la Foi.<\/p>\n<div class=\"link-article\">\n<p><img loading=\"lazy\" decoding=\"async\" class=\"size-full wp-image-7615 alignleft\" src=\"https:\/\/blog.holyart.it\/fr\/wp-content\/uploads\/sites\/14\/2023\/12\/Tres-Sainte-Trinite.jpg\" alt=\"Tr\u00e8s Sainte Trinit\u00e9\" width=\"150\" height=\"99\" data-kale-share-title=\"La v\u00e9n\u00e9ration du Tr\u00e8s Saint Nom de J\u00e9sus\" data-kale-share-url=\"https:\/\/blog.holyart.it\/fr\/?p=7612\" \/><\/p>\n<div class=\"leggi-anche\">Lire aussi :<\/div>\n<p><strong><a href=\"https:\/\/www.holyart.fr\/blog\/articles-religieux\/tres-sainte-trinite-signification-et-representation-iconographique\/\">Tr\u00e8s Sainte Trinit\u00e9 : signification et repr\u00e9sentation iconographique<\/a><\/strong><br \/>\nLe concept de Trinit\u00e9 r\u00e9sume la doctrine fondamentale de l\u2019\u00e9glise catholique&#8230;<\/p>\n<\/div>\n<p>Nous devons garder \u00e0 l\u2019esprit que, dans l\u2019antiquit\u00e9, les noms poss\u00e9daient une <strong>signification intrins\u00e8que<\/strong>, qui exprimait l\u2019essence de qui les portaient, leur mission, leur destin, mais aussi un <strong>contenu dynamique<\/strong>, une sorte de pouvoir intime qui, si connu, pouvait amener celui qui l\u2019apprenait \u00e0 conna\u00eetre la chose ou la personne qui le portait. \u00ab\u00a0<em>Conna\u00eetre le nom, c\u2019est conna\u00eetre les choses<\/em>\u00a0\u00bb affirmait le philosophe grec Platon. Conna\u00eetre le nom d\u2019une chose signifie conna\u00eetre la chose m\u00eame et, de la m\u00eame mani\u00e8re, conna\u00eetre le pr\u00e9nom d\u2019un homme permet de conna\u00eetre son essence, de le placer dans une dimension correcte et d\u00e9finie. Ce n\u2019est pas un hasard si, pour les Anciens, il \u00e9tait indispensable de conna\u00eetre le nom d\u2019une personne afin de pouvoir lui adresser un envo\u00fbtement.<\/p>\n<p>Les <strong>Juifs<\/strong> aussi donnaient aux <strong><u>enfants des pr\u00e9noms<\/u><\/strong> qui, par composition et \u00e9tymologie, avaient la facult\u00e9 de placer le nouveau-n\u00e9 sous la <em>protection de Dieu<\/em> (des pr\u00e9noms th\u00e9ophores comme Isa\u00efe, <em>Iahv\u00e9 sauve<\/em>, ou Josu\u00e9, <em>Iahv\u00e9 est salut<\/em>), sinon des pr\u00e9noms qui exprimaient un <strong>\u00e9v\u00e9nement ou une condition<\/strong> li\u00e9e \u00e0 la naissance de l\u2019enfant m\u00eame, comme Ben-Oni (Benjamin), fils de Rachel, dont le pr\u00e9nom signifie <em>fils de ma douleur<\/em>. Ainsi fut pour J\u00e9sus aussi, comme nous le verrons.<\/p>\n<div class=\"link-article\">\n<p><img loading=\"lazy\" decoding=\"async\" class=\"size-full wp-image-7618 alignleft\" src=\"https:\/\/blog.holyart.it\/fr\/wp-content\/uploads\/sites\/14\/2023\/12\/Prenoms-bibliques-masculins.jpg\" alt=\"Pr\u00e9noms bibliques masculins\" width=\"150\" height=\"99\" data-kale-share-title=\"La v\u00e9n\u00e9ration du Tr\u00e8s Saint Nom de J\u00e9sus\" data-kale-share-url=\"https:\/\/blog.holyart.it\/fr\/?p=7612\" \/><\/p>\n<div class=\"leggi-anche\">Lire aussi :<\/div>\n<p><strong><a href=\"https:\/\/www.holyart.fr\/blog\/articles-religieux\/prenoms-bibliques-masculins-lesquels-sont-ils-et-quelle-est-leur-signification\/\">Pr\u00e9noms bibliques masculins : lesquels sont-ils et quelle est leur signification<\/a><\/strong><br \/>\nLes pr\u00e9noms de la Bible sont depuis toujours une source d\u2019inspiration pour les parents qui doivent choisir comment appeler leur fils \u00e0 na\u00eetre&#8230;<\/p>\n<\/div>\n<p>La d\u00e9votion au Saint Nom de J\u00e9sus appartient \u00e0 l\u2019\u00c9glise depuis avant m\u00eame que ce pr\u00e9nom puisse \u00eatre prononc\u00e9. Rappelons en effet comme les premiers chr\u00e9tiens indiquaient J\u00e9sus-Christ avec l\u2019acronyme <strong><em>ichthys<\/em><\/strong>, translitt\u00e9ration en caract\u00e8res latins du mot grec \u1f30\u03c7\u03b8\u03cd\u03c2, ichth\u00fds,\u00a0<em>poisson<\/em>, et utilisaient le symbole du poisson pour L\u2019identifier. Cet appellatif venait de l\u2019\u00c9vangile et Pierre fut le premier \u00e0 l\u2019utiliser, quand J\u00e9sus lui confia son \u00c9glise\u00a0:<\/p>\n<p><em>J\u00e9sus, \u00e9tant arriv\u00e9 dans le territoire de C\u00e9sar\u00e9e de Philippe, demanda \u00e0 ses disciples\u00a0: \u00ab\u00a0Qui dit-on que je suis, moi, le Fils de l\u2019homme\u00a0?\u00a0\u00bb Ils r\u00e9pondirent\u00a0: \u00ab\u00a0Les uns disent que tu es Jean-Baptiste\u00a0; les autres, \u00c9lie\u00a0; les autres, J\u00e9r\u00e9mie, ou l\u2019un des proph\u00e8tes\u00a0\u00bb.\u00a0\u00ab\u00a0Et vous, &#8211; leur dit-il, &#8211; qui dites-vous que je suis\u00a0?\u00a0\u00bb Simon Pierre r\u00e9pondit\u00a0:\u00a0\u00ab\u00a0Tu es le Christ, le Fils du Dieu vivant\u00a0\u00bb. J\u00e9sus, reprenant la parole, lui dit\u00a0: \u00ab\u00a0Tu es heureux, Simon, fils de Jonas\u00a0; car ce ne sont pas la chair et le sang qui t\u2019ont r\u00e9v\u00e9l\u00e9 cela, mais c\u2019est mon P\u00e8re qui est dans les cieux. Et moi, je te dis que tu es Pierre, et que sur cette pierre je b\u00e2tirai mon \u00c9glise, et que les portes du s\u00e9jour des morts ne pr\u00e9vaudront point contre elle\u00a0\u00bb.<\/em>\u00a0(Matt 16, 13-18)<\/p>\n<p>L\u2019acronyme\u00a0<strong><em>ichthys<\/em><\/strong>\u00a0correspond en effet \u00e0\u00a0<strong>I<\/strong>es\u00f9s\u00a0<strong>CH<\/strong>rist\u00f2s\u00a0<strong>TH<\/strong>e\u00f9\u00a0<strong>HY<\/strong>i\u00f2s\u00a0<strong>S<\/strong>ot\u00e8r,\u00a0<em>J\u00e9sus Christ Fils de Dieu Sauveur.<\/em><\/p>\n<h2>Tr\u00e8s Saint Nom de J\u00e9sus : la signification du culte<\/h2>\n<p>C\u2019est entre le XIVe et le XVe si\u00e8cle que la d\u00e9votion au Tr\u00e8s Saint Nom de J\u00e9sus connait sa cons\u00e9cration, gr\u00e2ce \u00e0 <strong>Saint Bernardin de Sienne<\/strong>, th\u00e9ologien et pr\u00eacheur franciscain, qui cr\u00e9a le <a href=\"https:\/\/www.holyart.fr\/accessoires-pour-la-liturgie\/vetements-liturgiques-et-linges-dautel\/chasubles\/chasuble-80-polyester-20-laine-decor-ihs-dore\"><strong>trigramme<\/strong><\/a> avec les lettres sur fond bleu et entour\u00e9 d\u2019un soleil \u00e0 12 rayons. Ensuite, Pape Cl\u00e9ment VII en reconnut le culte (1530) et confia \u00e0 l\u2019Ordre Franciscain la t\u00e2che de r\u00e9citer l\u2019Office du Tr\u00e8s Saint Nom de J\u00e9sus.<\/p>\n<div class=\"link-product\">\n<div class=\"blocco-immagine\"><img loading=\"lazy\" decoding=\"async\" class=\"size-full wp-image-7620 alignleft\" src=\"https:\/\/blog.holyart.it\/fr\/wp-content\/uploads\/sites\/14\/2023\/12\/Chasuble-80-polyester-20-laine-decor-IHS-dore.jpg\" alt=\"Chasuble 80% polyester 20% laine d\u00e9cor IHS dor\u00e9\" width=\"100\" height=\"100\" data-kale-share-title=\"La v\u00e9n\u00e9ration du Tr\u00e8s Saint Nom de J\u00e9sus\" data-kale-share-url=\"https:\/\/blog.holyart.it\/fr\/?p=7612\" \/><\/div>\n<div class=\"blocco-contenuto\">\n<div class=\"blocco-acquista\">Acheter sur Holyart:<\/div>\n<div class=\"blocco-titolo\"><a href=\"https:\/\/www.holyart.fr\/accessoires-pour-la-liturgie\/vetements-liturgiques-et-linges-dautel\/chasubles\/chasuble-80-polyester-20-laine-decor-ihs-dore?_gl=1*9oiuy6*_gcl_aw*R0NMLjE3MDMxNDY4MjUuQ2owS0NRanc4cW1oQmhDbEFSSXNBTkF0Ym9mZ21KMm85dkV5S0JjLUdLUWIweWFCLU9EekR0N1ZQV2hnY1g4WW96M2haNGVTR0JkUjR1d2FBZzZrRUFMd193Y0I.*_gcl_au*MzQ2MTAxMTM4LjE2OTc4MDc3MzQ.*_ga*MjAyODIwNTUzOS4xNjgwNTA1OTc3*_ga_W18MV136NH*MTcwMzE2Njg3OS4yODAuMS4xNzAzMTY5OTA1LjAuMC4w\">Chasuble 80% polyester 20% laine d\u00e9cor IHS dor\u00e9<\/a><\/div>\n<div class=\"blocco-descrizione\">V\u00eatement liturgique r\u00e9alis\u00e9 dans un atelier de couture polonais avec des mat\u00e9riaux de premier choix.<\/div>\n<\/div>\n<\/div>\n<p>Le <strong><u>Calendrier Romain<\/u><\/strong> a initialement plac\u00e9 la m\u00e9moire liturgique du Tr\u00e8s Saint Nom de J\u00e9sus le deuxi\u00e8me dimanche apr\u00e8s l\u2019<strong><u>\u00c9piphanie<\/u><\/strong> et, par la suite, le dimanche entre le 2 et le 5 janvier. Retir\u00e9e du calendrier en 1969, la c\u00e9l\u00e9bration fut r\u00e9int\u00e9gr\u00e9e par volont\u00e9 de <a href=\"https:\/\/www.holyart.fr\/occasions-speciales\/jean-paul-ii\"><strong>Jean-Paul II<\/strong><\/a> et fix\u00e9e pour le 3 janvier comme m\u00e9moire facultative.<\/p>\n<p>Dans le Martyrologue Romain, la f\u00eate du Nom de J\u00e9sus est d\u00e9finie par quelques lignes tir\u00e9es de la Lettre aux Philippiens\u00a0: \u00ab\u00a0<em>Le nom qui est au-dessus de tout nom, afin qu\u2019au nom de J\u00e9sus tout genou fl\u00e9chisse dans les cieux, sur la terre et sous la terre<\/em>\u00a0\u00bb (Philippiens 2,9-10). Cette phrase exprime tr\u00e8s exactement le pouvoir du nom de J\u00e9sus, en pr\u00e9sence duquel tous doivent s\u2019agenouiller en signe de respect et de d\u00e9votion.<\/p>\n<div class=\"link-article\">\n<p><img loading=\"lazy\" decoding=\"async\" class=\"size-full wp-image-7624 alignleft\" src=\"https:\/\/blog.holyart.it\/fr\/wp-content\/uploads\/sites\/14\/2023\/12\/Pourquoi-on-celebre-lEpiphanie.jpg\" alt=\"Pourquoi on c\u00e9l\u00e8bre l\u2019\u00c9piphanie\" width=\"150\" height=\"112\" data-kale-share-title=\"La v\u00e9n\u00e9ration du Tr\u00e8s Saint Nom de J\u00e9sus\" data-kale-share-url=\"https:\/\/blog.holyart.it\/fr\/?p=7612\" \/><\/p>\n<div class=\"leggi-anche\">Lire aussi :<\/div>\n<p><strong><a href=\"https:\/\/www.holyart.fr\/blog\/noel\/on-celebre-lepiphanie\/\">Pourquoi on c\u00e9l\u00e8bre l\u2019\u00c9piphanie<\/a><\/strong><br \/>\nBefana vient la nuit avec ses chaussures tout ab\u00eem\u00e9es avec des tacons \u00e0 la soutane vive Befana! &#8230;<\/p>\n<\/div>\n<h2>Le nom de Dieu<\/h2>\n<p><strong><u>Pour les religions juive et chr\u00e9tienne<\/u><\/strong><strong> le nom de Dieu est<\/strong> <strong>Yhwh<\/strong>. Ce fut avec ce nom qu\u2019Il se r\u00e9v\u00e9la \u00e0 Mo\u00efse dans l\u2019Ancien Testament (Exode, 3,14), et ce nom, d\u00e9finit <strong>t\u00e9tragramme<\/strong>, car compos\u00e9 de quatre lettres juives \u05d9\u05d4\u05d5\u05d4 (yod, he, waw, he) fut utilis\u00e9 dans la Bible juive, le Tanakh, l\u2019Ancien Testament pour les chr\u00e9tiens. Dans la Bible et dans la tradition juive sont utilis\u00e9s \u00e9galement d\u2019<strong>autres appellatifs pour faire r\u00e9f\u00e9rence \u00e0 Dieu<\/strong>, mais le t\u00e9tragramme est utilis\u00e9 six mille huit cents fois. Pour les juifs, il \u00e9tait trop sacr\u00e9 pour \u00eatre prononc\u00e9 et la translitt\u00e9ration exacte a fini par dispara\u00eetre avec le temps. Pour invoquer Dieu dans les pri\u00e8res, la Halakha (Loi juive) prescrit d\u2019utiliser<strong>\u00a0Adona\u00ef<\/strong>, ou, comme alternative, la forme impersonnelle\u00a0<strong>Hashem,\u00a0<\/strong><em>le Nom<\/em>, ou\u00a0<strong>hakadosh baruch hu<\/strong>,\u00a0<em>Le Saint B\u00e9ni<\/em>. Il existe d\u2019autres noms que les juifs utilisaient pour invoquer ou indiquer Dieu, comme <strong>Elohim<\/strong>, forme plurielle de Eloah, c\u2019est-\u00e0-dire <em>Dieu d\u2019Abraham, Dieu de Isaac, Dieu de Jacob<\/em>. Dans les dix commandements, le<em> yihyeh lecha elohim acherim al panay\u00a0<\/em>signifie\u00a0<em>Tu n\u2019auras pas d\u2019autres dieux face \u00e0 moi.<\/em><\/p>\n<div class=\"link-article\">\n<p><img loading=\"lazy\" decoding=\"async\" class=\"size-full wp-image-7626 alignleft\" src=\"https:\/\/blog.holyart.it\/fr\/wp-content\/uploads\/sites\/14\/2023\/12\/Les-differences-entre-judaisme-et-christianisme.jpg\" alt=\"Les diff\u00e9rences entre juda\u00efsme et christianisme\" width=\"150\" height=\"99\" data-kale-share-title=\"La v\u00e9n\u00e9ration du Tr\u00e8s Saint Nom de J\u00e9sus\" data-kale-share-url=\"https:\/\/blog.holyart.it\/fr\/?p=7612\" \/><\/p>\n<div class=\"leggi-anche\">Lire aussi :<\/div>\n<p><strong><a href=\"https:\/\/www.holyart.fr\/blog\/articles-religieux\/les-differences-entre-judaisme-et-christianisme\/\">Les diff\u00e9rences entre juda\u00efsme et christianisme<\/a><\/strong><br \/>\nQuelles sont les diff\u00e9rences entre Juda\u00efsme et Christianisme? Le Dieu des Juifs est le m\u00eame que Celui des Chr\u00e9tiens ? &#8230;<\/p>\n<\/div>\n<p>Pour les \u00e9rudits, la signification la plus correcte de Yhwh est \u00ab\u00a0<em>Il am\u00e8ne \u00e0 l\u2019existence ce qui existe\u00a0<\/em>\u00bb, et nous voyons comme, en faisons foi \u00e0 cette tradition, le nom de Dieu vient co\u00efncider avec Son \u0153uvre et Sa volont\u00e9.<\/p>\n<h2>Le nom de J\u00e9sus<\/h2>\n<p>Attardons-nous sur la signification du nom de J\u00e9sus. Ce fut l\u2019ange de Dieu qui sugg\u00e9ra \u00e0 <strong>Saint Joseph<\/strong> le nom qu\u2019il aurait d\u00fb donner \u00e0 l\u2019enfant qui serait n\u00e9 du ventre de Marie, son \u00e9pouse. Un enfant engendr\u00e9 par l\u2019\u0153uvre du Saint-Esprit et fait de la m\u00eame substance du P\u00e8re, dans une jeune vierge, \u00e0 son tour con\u00e7ue sans p\u00e9ch\u00e9\u00a0: \u00ab\u00a0<em>Joseph, fils de David, ne crains pas de prendre avec toi Marie, ta femme, car l\u2019enfant qu\u2019elle a con\u00e7u vient du Saint-Esprit\u00a0; elle enfantera un fils, et tu lui donneras le nom de J\u00e9sus\u00a0; c\u2019est lui qui sauvera son peuple de ses p\u00e9ch\u00e9s.<\/em>\u00a0\u00bb (Matt. 1, 20-21)<\/p>\n<div class=\"link-product\">\n<div class=\"blocco-immagine\"><img loading=\"lazy\" decoding=\"async\" class=\"size-full wp-image-7628 alignleft\" src=\"https:\/\/blog.holyart.it\/fr\/wp-content\/uploads\/sites\/14\/2023\/12\/Annonciation-29cm-pierre-monastere-de-Bethleem.jpg\" alt=\"Annonciation 29cm pierre, monast\u00e8re de Bethl\u00e9em\" width=\"100\" height=\"100\" data-kale-share-title=\"La v\u00e9n\u00e9ration du Tr\u00e8s Saint Nom de J\u00e9sus\" data-kale-share-url=\"https:\/\/blog.holyart.it\/fr\/?p=7612\" \/><\/div>\n<div class=\"blocco-contenuto\">\n<div class=\"blocco-acquista\">Acheter sur Holyart:<\/div>\n<div class=\"blocco-titolo\"><a href=\"https:\/\/www.holyart.fr\/articles-religieux\/statues\/statues-en-pierre\/annonciation-29cm-pierre-monastere-de-bethleem?_gl=1*u02moq*_ga*MTc3MjIyMDMzLjE2ODA1MTQxMjM.*_ga_W18MV136NH*MTcwMzE3MDU2Ny4yODEuMC4xNzAzMTcwNTY3LjAuMC4w\">Annonciation 29cm pierre, monast\u00e8re de Bethl\u00e9em<\/a><\/div>\n<div class=\"blocco-descrizione\">Statue r\u00e9alis\u00e9e \u00e0 la main par les soeurs du monast\u00e8re de Bethl\u00e9em France en poudre de pierre des Pyr\u00e9n\u00e9es et r\u00e9sine&#8230;<\/div>\n<\/div>\n<\/div>\n<p>Le pr\u00e9nom de J\u00e9sus d\u00e9rive du nom aram\u00e9en \u05d9\u05b5\u05e9\u05c1\u05d5\u05bc\u05e2\u05b7, Yeshua, ensuite francis\u00e9 en Josu\u00e9. Sa signification est : \u00ab\u00a0YHWH est salut\u00a0\u00bb ou \u00ab\u00a0YHWH sauve\u00a0\u00bb\u00a0: <strong>Dieu sauve<\/strong>. Il est donc clair comment d\u00e9j\u00e0 dans le pr\u00e9nom choisi par l\u2019Ange pour J\u00e9sus se r\u00e9sume Sa mission, la raison de Sa venue parmi les hommes. Il vient pour sauver, pour se faire instrument et sacrifice au nom du P\u00e8re et au nom de tous les hommes.<\/p>\n<p>\u00ab\u00a0<em>Il n\u2019y a de salut en aucun autre ; car il n\u2019y a sous le ciel aucun autre nom qui ait \u00e9t\u00e9 donn\u00e9 parmi les hommes, par lequel nous devions \u00eatre sauv\u00e9s\u00a0<\/em>\u00bb nous lisons dans les Actes des Ap\u00f4tres (Actes 4,12), et il est extraordinaire de penser que J\u00e9sus naquit et fut imm\u00e9diatement d\u00e9fini avec un <strong>pr\u00e9nom divin<\/strong> qui n\u2019\u00e9tait pas celui de Dieu, mais qui indiquait toutefois <strong>une caract\u00e9ristique de Dieu, Sa m\u00eame volont\u00e9<\/strong>. Pour cette raison, d\u00e8s le d\u00e9but, le nom de J\u00e9sus devient une invocation et une source de salut, soit-il pour ceux qui veulent \u00eatre lib\u00e9r\u00e9s des p\u00e9ch\u00e9s ou pour ceux qui souffrent de douleurs du corps et d\u2019infirmit\u00e9s. Uniquement en Son saint nom les hommes peuvent d\u00e9sirer la Vie \u00c9ternelle.<\/p>\n<p>Selon l\u2019\u00c9vangile de Matthieu, J\u00e9sus fut \u00e9galement appel\u00e9 <strong>Emmanuel<\/strong>, Dieu-avec-nous, le Fils de Dieu vivant.<\/p>\n","protected":false},"excerpt":{"rendered":"<p>Le Tr\u00e8s Saint Nom de J\u00e9sus, entre culte, signification symbolique et profession de foi Afin de comprendre l\u2019importance attribu\u00e9e par les chr\u00e9tiens catholiques au Tr\u00e8s Saint Nom de J\u00e9sus, il suffit de penser \u00e0 comment ses disciples et adeptes ont d\u00e9cid\u00e9 de s\u2019appeler\u00a0: chr\u00e9tiens. L\u2019identit\u00e9&hellip;<\/p>\n","protected":false},"author":1,"featured_media":7614,"comment_status":"closed","ping_status":"open","sticky":false,"template":"","format":"standard","meta":{"_acf_changed":false,"footnotes":""},"categories":[8],"tags":[],"class_list":["post-7612","post","type-post","status-publish","format-standard","has-post-thumbnail","hentry","category-articles-religieux"],"acf":[],"yoast_head":"<!-- This site is optimized with the Yoast SEO plugin v26.6 - https:\/\/yoast.com\/wordpress\/plugins\/seo\/ -->\n<title>La v\u00e9n\u00e9ration du Tr\u00e8s Saint Nom de J\u00e9sus - Holyart.fr Blog<\/title>\n<meta name=\"description\" content=\"Le Tr\u00e8s Saint Nom de J\u00e9sus, entre culte, signification symbolique et profession de foi...\" \/>\n<meta name=\"robots\" content=\"index, follow, max-snippet:-1, max-image-preview:large, max-video-preview:-1\" \/>\n<link rel=\"canonical\" href=\"https:\/\/blog.holyart.it\/fr\/articles-religieux\/la-veneration-du-tres-saint-nom-de-jesus\/\" \/>\n<meta property=\"og:locale\" content=\"fr_FR\" \/>\n<meta property=\"og:type\" content=\"article\" \/>\n<meta property=\"og:title\" content=\"La v\u00e9n\u00e9ration du Tr\u00e8s Saint Nom de J\u00e9sus - Holyart.fr Blog\" \/>\n<meta property=\"og:description\" content=\"Le Tr\u00e8s Saint Nom de J\u00e9sus, entre culte, signification symbolique et profession de foi...\" \/>\n<meta property=\"og:url\" content=\"https:\/\/blog.holyart.it\/fr\/articles-religieux\/la-veneration-du-tres-saint-nom-de-jesus\/\" \/>\n<meta property=\"og:site_name\" content=\"Holyart.fr Blog\" \/>\n<meta property=\"article:published_time\" content=\"2024-01-01T09:00:46+00:00\" \/>\n<meta property=\"article:modified_time\" content=\"2026-01-07T15:01:29+00:00\" \/>\n<meta property=\"og:image\" content=\"https:\/\/blog.holyart.it\/fr\/wp-content\/uploads\/sites\/14\/2023\/12\/La-veneration-du-Tres-Saint-Nom-de-Jesus.jpg\" \/>\n\t<meta property=\"og:image:width\" content=\"1000\" \/>\n\t<meta property=\"og:image:height\" content=\"666\" \/>\n\t<meta property=\"og:image:type\" content=\"image\/jpeg\" \/>\n<meta name=\"author\" content=\"Redazione\" \/>\n<meta name=\"twitter:card\" content=\"summary_large_image\" \/>\n<meta name=\"twitter:label1\" content=\"\u00c9crit par\" \/>\n\t<meta name=\"twitter:data1\" content=\"Redazione\" \/>\n\t<meta name=\"twitter:label2\" content=\"Dur\u00e9e de lecture estim\u00e9e\" \/>\n\t<meta name=\"twitter:data2\" content=\"10 minutes\" \/>\n<script type=\"application\/ld+json\" class=\"yoast-schema-graph\">{\"@context\":\"https:\/\/schema.org\",\"@graph\":[{\"@type\":\"Article\",\"@id\":\"https:\/\/blog.holyart.it\/fr\/articles-religieux\/la-veneration-du-tres-saint-nom-de-jesus\/#article\",\"isPartOf\":{\"@id\":\"https:\/\/blog.holyart.it\/fr\/articles-religieux\/la-veneration-du-tres-saint-nom-de-jesus\/\"},\"author\":{\"name\":\"Redazione\",\"@id\":\"https:\/\/blog.holyart.it\/fr\/#\/schema\/person\/0a7b686e5af0f856ec1e390dd0baecda\"},\"headline\":\"La v\u00e9n\u00e9ration du Tr\u00e8s Saint Nom de J\u00e9sus\",\"datePublished\":\"2024-01-01T09:00:46+00:00\",\"dateModified\":\"2026-01-07T15:01:29+00:00\",\"mainEntityOfPage\":{\"@id\":\"https:\/\/blog.holyart.it\/fr\/articles-religieux\/la-veneration-du-tres-saint-nom-de-jesus\/\"},\"wordCount\":1713,\"publisher\":{\"@id\":\"https:\/\/blog.holyart.it\/fr\/#organization\"},\"image\":{\"@id\":\"https:\/\/blog.holyart.it\/fr\/articles-religieux\/la-veneration-du-tres-saint-nom-de-jesus\/#primaryimage\"},\"thumbnailUrl\":\"https:\/\/blog.holyart.it\/fr\/wp-content\/uploads\/sites\/14\/2023\/12\/La-veneration-du-Tres-Saint-Nom-de-Jesus.jpg\",\"articleSection\":[\"Religion\"],\"inLanguage\":\"fr-FR\"},{\"@type\":\"WebPage\",\"@id\":\"https:\/\/blog.holyart.it\/fr\/articles-religieux\/la-veneration-du-tres-saint-nom-de-jesus\/\",\"url\":\"https:\/\/blog.holyart.it\/fr\/articles-religieux\/la-veneration-du-tres-saint-nom-de-jesus\/\",\"name\":\"La v\u00e9n\u00e9ration du Tr\u00e8s Saint Nom de J\u00e9sus - Holyart.fr Blog\",\"isPartOf\":{\"@id\":\"https:\/\/blog.holyart.it\/fr\/#website\"},\"primaryImageOfPage\":{\"@id\":\"https:\/\/blog.holyart.it\/fr\/articles-religieux\/la-veneration-du-tres-saint-nom-de-jesus\/#primaryimage\"},\"image\":{\"@id\":\"https:\/\/blog.holyart.it\/fr\/articles-religieux\/la-veneration-du-tres-saint-nom-de-jesus\/#primaryimage\"},\"thumbnailUrl\":\"https:\/\/blog.holyart.it\/fr\/wp-content\/uploads\/sites\/14\/2023\/12\/La-veneration-du-Tres-Saint-Nom-de-Jesus.jpg\",\"datePublished\":\"2024-01-01T09:00:46+00:00\",\"dateModified\":\"2026-01-07T15:01:29+00:00\",\"description\":\"Le Tr\u00e8s Saint Nom de J\u00e9sus, entre culte, signification symbolique et profession de foi...\",\"breadcrumb\":{\"@id\":\"https:\/\/blog.holyart.it\/fr\/articles-religieux\/la-veneration-du-tres-saint-nom-de-jesus\/#breadcrumb\"},\"inLanguage\":\"fr-FR\",\"potentialAction\":[{\"@type\":\"ReadAction\",\"target\":[\"https:\/\/blog.holyart.it\/fr\/articles-religieux\/la-veneration-du-tres-saint-nom-de-jesus\/\"]}]},{\"@type\":\"ImageObject\",\"inLanguage\":\"fr-FR\",\"@id\":\"https:\/\/blog.holyart.it\/fr\/articles-religieux\/la-veneration-du-tres-saint-nom-de-jesus\/#primaryimage\",\"url\":\"https:\/\/blog.holyart.it\/fr\/wp-content\/uploads\/sites\/14\/2023\/12\/La-veneration-du-Tres-Saint-Nom-de-Jesus.jpg\",\"contentUrl\":\"https:\/\/blog.holyart.it\/fr\/wp-content\/uploads\/sites\/14\/2023\/12\/La-veneration-du-Tres-Saint-Nom-de-Jesus.jpg\",\"width\":1000,\"height\":666,\"caption\":\"La v\u00e9n\u00e9ration du Tr\u00e8s Saint Nom de J\u00e9sus\"},{\"@type\":\"BreadcrumbList\",\"@id\":\"https:\/\/blog.holyart.it\/fr\/articles-religieux\/la-veneration-du-tres-saint-nom-de-jesus\/#breadcrumb\",\"itemListElement\":[{\"@type\":\"ListItem\",\"position\":1,\"name\":\"Homepage\",\"item\":\"https:\/\/blog.holyart.it\/fr\/\"},{\"@type\":\"ListItem\",\"position\":2,\"name\":\"Religion\",\"item\":\"https:\/\/blog.holyart.it\/fr\/articles-religieux\/\"},{\"@type\":\"ListItem\",\"position\":3,\"name\":\"La v\u00e9n\u00e9ration du Tr\u00e8s Saint Nom de J\u00e9sus\"}]},{\"@type\":\"WebSite\",\"@id\":\"https:\/\/blog.holyart.it\/fr\/#website\",\"url\":\"https:\/\/blog.holyart.it\/fr\/\",\"name\":\"Holyart.fr Blog\",\"description\":\"Holyblog\",\"publisher\":{\"@id\":\"https:\/\/blog.holyart.it\/fr\/#organization\"},\"potentialAction\":[{\"@type\":\"SearchAction\",\"target\":{\"@type\":\"EntryPoint\",\"urlTemplate\":\"https:\/\/blog.holyart.it\/fr\/?s={search_term_string}\"},\"query-input\":{\"@type\":\"PropertyValueSpecification\",\"valueRequired\":true,\"valueName\":\"search_term_string\"}}],\"inLanguage\":\"fr-FR\"},{\"@type\":\"Organization\",\"@id\":\"https:\/\/blog.holyart.it\/fr\/#organization\",\"name\":\"Holyart.fr Blog\",\"url\":\"https:\/\/blog.holyart.it\/fr\/\",\"logo\":{\"@type\":\"ImageObject\",\"inLanguage\":\"fr-FR\",\"@id\":\"https:\/\/blog.holyart.it\/fr\/#\/schema\/logo\/image\/\",\"url\":\"https:\/\/blog.holyart.it\/fr\/wp-content\/uploads\/sites\/14\/2022\/12\/Holyart_Blog_Logo.jpg\",\"contentUrl\":\"https:\/\/blog.holyart.it\/fr\/wp-content\/uploads\/sites\/14\/2022\/12\/Holyart_Blog_Logo.jpg\",\"width\":300,\"height\":50,\"caption\":\"Holyart.fr Blog\"},\"image\":{\"@id\":\"https:\/\/blog.holyart.it\/fr\/#\/schema\/logo\/image\/\"}},{\"@type\":\"Person\",\"@id\":\"https:\/\/blog.holyart.it\/fr\/#\/schema\/person\/0a7b686e5af0f856ec1e390dd0baecda\",\"name\":\"Redazione\",\"image\":{\"@type\":\"ImageObject\",\"inLanguage\":\"fr-FR\",\"@id\":\"https:\/\/blog.holyart.it\/fr\/#\/schema\/person\/image\/\",\"url\":\"https:\/\/secure.gravatar.com\/avatar\/f477da817f43e50d0af36abecd33e3edf826c68299714bdc1057dff3b113f516?s=96&d=mm&r=g\",\"contentUrl\":\"https:\/\/secure.gravatar.com\/avatar\/f477da817f43e50d0af36abecd33e3edf826c68299714bdc1057dff3b113f516?s=96&d=mm&r=g\",\"caption\":\"Redazione\"},\"url\":\"https:\/\/blog.holyart.it\/fr\/author\/admin\/\"}]}<\/script>\n<!-- \/ Yoast SEO plugin. -->","yoast_head_json":{"title":"La v\u00e9n\u00e9ration du Tr\u00e8s Saint Nom de J\u00e9sus - Holyart.fr Blog","description":"Le Tr\u00e8s Saint Nom de J\u00e9sus, entre culte, signification symbolique et profession de foi...","robots":{"index":"index","follow":"follow","max-snippet":"max-snippet:-1","max-image-preview":"max-image-preview:large","max-video-preview":"max-video-preview:-1"},"canonical":"https:\/\/blog.holyart.it\/fr\/articles-religieux\/la-veneration-du-tres-saint-nom-de-jesus\/","og_locale":"fr_FR","og_type":"article","og_title":"La v\u00e9n\u00e9ration du Tr\u00e8s Saint Nom de J\u00e9sus - Holyart.fr Blog","og_description":"Le Tr\u00e8s Saint Nom de J\u00e9sus, entre culte, signification symbolique et profession de foi...","og_url":"https:\/\/blog.holyart.it\/fr\/articles-religieux\/la-veneration-du-tres-saint-nom-de-jesus\/","og_site_name":"Holyart.fr Blog","article_published_time":"2024-01-01T09:00:46+00:00","article_modified_time":"2026-01-07T15:01:29+00:00","og_image":[{"width":1000,"height":666,"url":"https:\/\/blog.holyart.it\/fr\/wp-content\/uploads\/sites\/14\/2023\/12\/La-veneration-du-Tres-Saint-Nom-de-Jesus.jpg","type":"image\/jpeg"}],"author":"Redazione","twitter_card":"summary_large_image","twitter_misc":{"\u00c9crit par":"Redazione","Dur\u00e9e de lecture estim\u00e9e":"10 minutes"},"schema":{"@context":"https:\/\/schema.org","@graph":[{"@type":"Article","@id":"https:\/\/blog.holyart.it\/fr\/articles-religieux\/la-veneration-du-tres-saint-nom-de-jesus\/#article","isPartOf":{"@id":"https:\/\/blog.holyart.it\/fr\/articles-religieux\/la-veneration-du-tres-saint-nom-de-jesus\/"},"author":{"name":"Redazione","@id":"https:\/\/blog.holyart.it\/fr\/#\/schema\/person\/0a7b686e5af0f856ec1e390dd0baecda"},"headline":"La v\u00e9n\u00e9ration du Tr\u00e8s Saint Nom de J\u00e9sus","datePublished":"2024-01-01T09:00:46+00:00","dateModified":"2026-01-07T15:01:29+00:00","mainEntityOfPage":{"@id":"https:\/\/blog.holyart.it\/fr\/articles-religieux\/la-veneration-du-tres-saint-nom-de-jesus\/"},"wordCount":1713,"publisher":{"@id":"https:\/\/blog.holyart.it\/fr\/#organization"},"image":{"@id":"https:\/\/blog.holyart.it\/fr\/articles-religieux\/la-veneration-du-tres-saint-nom-de-jesus\/#primaryimage"},"thumbnailUrl":"https:\/\/blog.holyart.it\/fr\/wp-content\/uploads\/sites\/14\/2023\/12\/La-veneration-du-Tres-Saint-Nom-de-Jesus.jpg","articleSection":["Religion"],"inLanguage":"fr-FR"},{"@type":"WebPage","@id":"https:\/\/blog.holyart.it\/fr\/articles-religieux\/la-veneration-du-tres-saint-nom-de-jesus\/","url":"https:\/\/blog.holyart.it\/fr\/articles-religieux\/la-veneration-du-tres-saint-nom-de-jesus\/","name":"La v\u00e9n\u00e9ration du Tr\u00e8s Saint Nom de J\u00e9sus - Holyart.fr Blog","isPartOf":{"@id":"https:\/\/blog.holyart.it\/fr\/#website"},"primaryImageOfPage":{"@id":"https:\/\/blog.holyart.it\/fr\/articles-religieux\/la-veneration-du-tres-saint-nom-de-jesus\/#primaryimage"},"image":{"@id":"https:\/\/blog.holyart.it\/fr\/articles-religieux\/la-veneration-du-tres-saint-nom-de-jesus\/#primaryimage"},"thumbnailUrl":"https:\/\/blog.holyart.it\/fr\/wp-content\/uploads\/sites\/14\/2023\/12\/La-veneration-du-Tres-Saint-Nom-de-Jesus.jpg","datePublished":"2024-01-01T09:00:46+00:00","dateModified":"2026-01-07T15:01:29+00:00","description":"Le Tr\u00e8s Saint Nom de J\u00e9sus, entre culte, signification symbolique et profession de foi...","breadcrumb":{"@id":"https:\/\/blog.holyart.it\/fr\/articles-religieux\/la-veneration-du-tres-saint-nom-de-jesus\/#breadcrumb"},"inLanguage":"fr-FR","potentialAction":[{"@type":"ReadAction","target":["https:\/\/blog.holyart.it\/fr\/articles-religieux\/la-veneration-du-tres-saint-nom-de-jesus\/"]}]},{"@type":"ImageObject","inLanguage":"fr-FR","@id":"https:\/\/blog.holyart.it\/fr\/articles-religieux\/la-veneration-du-tres-saint-nom-de-jesus\/#primaryimage","url":"https:\/\/blog.holyart.it\/fr\/wp-content\/uploads\/sites\/14\/2023\/12\/La-veneration-du-Tres-Saint-Nom-de-Jesus.jpg","contentUrl":"https:\/\/blog.holyart.it\/fr\/wp-content\/uploads\/sites\/14\/2023\/12\/La-veneration-du-Tres-Saint-Nom-de-Jesus.jpg","width":1000,"height":666,"caption":"La v\u00e9n\u00e9ration du Tr\u00e8s Saint Nom de J\u00e9sus"},{"@type":"BreadcrumbList","@id":"https:\/\/blog.holyart.it\/fr\/articles-religieux\/la-veneration-du-tres-saint-nom-de-jesus\/#breadcrumb","itemListElement":[{"@type":"ListItem","position":1,"name":"Homepage","item":"https:\/\/blog.holyart.it\/fr\/"},{"@type":"ListItem","position":2,"name":"Religion","item":"https:\/\/blog.holyart.it\/fr\/articles-religieux\/"},{"@type":"ListItem","position":3,"name":"La v\u00e9n\u00e9ration du Tr\u00e8s Saint Nom de J\u00e9sus"}]},{"@type":"WebSite","@id":"https:\/\/blog.holyart.it\/fr\/#website","url":"https:\/\/blog.holyart.it\/fr\/","name":"Holyart.fr Blog","description":"Holyblog","publisher":{"@id":"https:\/\/blog.holyart.it\/fr\/#organization"},"potentialAction":[{"@type":"SearchAction","target":{"@type":"EntryPoint","urlTemplate":"https:\/\/blog.holyart.it\/fr\/?s={search_term_string}"},"query-input":{"@type":"PropertyValueSpecification","valueRequired":true,"valueName":"search_term_string"}}],"inLanguage":"fr-FR"},{"@type":"Organization","@id":"https:\/\/blog.holyart.it\/fr\/#organization","name":"Holyart.fr Blog","url":"https:\/\/blog.holyart.it\/fr\/","logo":{"@type":"ImageObject","inLanguage":"fr-FR","@id":"https:\/\/blog.holyart.it\/fr\/#\/schema\/logo\/image\/","url":"https:\/\/blog.holyart.it\/fr\/wp-content\/uploads\/sites\/14\/2022\/12\/Holyart_Blog_Logo.jpg","contentUrl":"https:\/\/blog.holyart.it\/fr\/wp-content\/uploads\/sites\/14\/2022\/12\/Holyart_Blog_Logo.jpg","width":300,"height":50,"caption":"Holyart.fr Blog"},"image":{"@id":"https:\/\/blog.holyart.it\/fr\/#\/schema\/logo\/image\/"}},{"@type":"Person","@id":"https:\/\/blog.holyart.it\/fr\/#\/schema\/person\/0a7b686e5af0f856ec1e390dd0baecda","name":"Redazione","image":{"@type":"ImageObject","inLanguage":"fr-FR","@id":"https:\/\/blog.holyart.it\/fr\/#\/schema\/person\/image\/","url":"https:\/\/secure.gravatar.com\/avatar\/f477da817f43e50d0af36abecd33e3edf826c68299714bdc1057dff3b113f516?s=96&d=mm&r=g","contentUrl":"https:\/\/secure.gravatar.com\/avatar\/f477da817f43e50d0af36abecd33e3edf826c68299714bdc1057dff3b113f516?s=96&d=mm&r=g","caption":"Redazione"},"url":"https:\/\/blog.holyart.it\/fr\/author\/admin\/"}]}},"_links":{"self":[{"href":"https:\/\/blog.holyart.it\/fr\/wp-json\/wp\/v2\/posts\/7612","targetHints":{"allow":["GET"]}}],"collection":[{"href":"https:\/\/blog.holyart.it\/fr\/wp-json\/wp\/v2\/posts"}],"about":[{"href":"https:\/\/blog.holyart.it\/fr\/wp-json\/wp\/v2\/types\/post"}],"author":[{"embeddable":true,"href":"https:\/\/blog.holyart.it\/fr\/wp-json\/wp\/v2\/users\/1"}],"replies":[{"embeddable":true,"href":"https:\/\/blog.holyart.it\/fr\/wp-json\/wp\/v2\/comments?post=7612"}],"version-history":[{"count":12,"href":"https:\/\/blog.holyart.it\/fr\/wp-json\/wp\/v2\/posts\/7612\/revisions"}],"predecessor-version":[{"id":7725,"href":"https:\/\/blog.holyart.it\/fr\/wp-json\/wp\/v2\/posts\/7612\/revisions\/7725"}],"wp:featuredmedia":[{"embeddable":true,"href":"https:\/\/blog.holyart.it\/fr\/wp-json\/wp\/v2\/media\/7614"}],"wp:attachment":[{"href":"https:\/\/blog.holyart.it\/fr\/wp-json\/wp\/v2\/media?parent=7612"}],"wp:term":[{"taxonomy":"category","embeddable":true,"href":"https:\/\/blog.holyart.it\/fr\/wp-json\/wp\/v2\/categories?post=7612"},{"taxonomy":"post_tag","embeddable":true,"href":"https:\/\/blog.holyart.it\/fr\/wp-json\/wp\/v2\/tags?post=7612"}],"curies":[{"name":"wp","href":"https:\/\/api.w.org\/{rel}","templated":true}]}}