{"id":7590,"date":"2023-12-27T10:00:14","date_gmt":"2023-12-27T09:00:14","guid":{"rendered":"https:\/\/blog.holyart.it\/fr\/?p=7590"},"modified":"2026-01-21T11:11:21","modified_gmt":"2026-01-21T10:11:21","slug":"lhistoire-de-lenfant-jesus-de-prague","status":"publish","type":"post","link":"https:\/\/blog.holyart.it\/fr\/articles-religieux\/lhistoire-de-lenfant-jesus-de-prague\/","title":{"rendered":"L\u2019histoire de l\u2019Enfant J\u00e9sus de Prague"},"content":{"rendered":"<h4>La statue de l\u2019Enfant J\u00e9sus de Prague fait depuis toujours l\u2019objet d\u2019une grande d\u00e9votion populaire et a inspir\u00e9 au cours des si\u00e8cles la ferveur spirituelle de nombreux fid\u00e8les dans le monde entier.<\/h4>\n<p>La\u00a0<em>Kostel Panny Marie V\u00edt\u011bzn\u00e9,\u00a0<\/em>\u00ab\u00a0\u00c9glise de la Vierge Marie de la Victoire\u00a0\u00bb, se trouve dans un des quartiers les plus anciens et les plus pitoresques de Prague, le quartier de Mal\u00e1 Strana, le <em>petit quartier<\/em>. Construite au d\u00e9but du XVIIe si\u00e8cle par les luth\u00e9riens allemands, elle est c\u00e9l\u00e8bre car elle conserve l\u2019<strong>Enfant J\u00e9sus de Prague<\/strong>, <a href=\"https:\/\/www.holyart.fr\/articles-religieux\/statues\/statues-en-bois-peint\/enfant-jesus-de-prague-bois-val-gardena\"><strong>une statuette en bois<\/strong><\/a> recouverte de cire, objet depuis toujours d\u2019une grande d\u00e9votion et aujourd\u2019hui lieu de p\u00e8lerinage\u00a0pour des millions de fid\u00e8les.<\/p>\n<div class=\"link-product\">\n<div class=\"blocco-immagine\"><img loading=\"lazy\" decoding=\"async\" class=\"size-full wp-image-7594 alignleft\" src=\"https:\/\/blog.holyart.it\/fr\/wp-content\/uploads\/sites\/14\/2023\/12\/Enfant-Jesus-de-Prague-bois-Val-Gardena.jpg\" alt=\"Enfant J\u00e9sus de Prague bois Val Gardena\" width=\"100\" height=\"100\" data-kale-share-title=\"L\u2019histoire de l\u2019Enfant J\u00e9sus de Prague\" data-kale-share-url=\"https:\/\/blog.holyart.it\/fr\/?p=7590\" \/><\/div>\n<div class=\"blocco-contenuto\">\n<div class=\"blocco-acquista\">Acheter sur Holyart:<\/div>\n<div class=\"blocco-titolo\"><a href=\"https:\/\/www.holyart.fr\/articles-religieux\/statues\/statues-en-bois-peint\/enfant-jesus-de-prague-bois-val-gardena?_gl=1*1e2kr2z*_gcl_aw*R0NMLjE3MDI1NzE0NDYuQ2owS0NRanc4cW1oQmhDbEFSSXNBTkF0Ym9mZ21KMm85dkV5S0JjLUdLUWIweWFCLU9EekR0N1ZQV2hnY1g4WW96M2haNGVTR0JkUjR1d2FBZzZrRUFMd193Y0I.*_gcl_au*MzQ2MTAxMTM4LjE2OTc4MDc3MzQ.*_ga*MjAyODIwNTUzOS4xNjgwNTA1OTc3*_ga_W18MV136NH*MTcwMjg5NDg4NC4yNjcuMC4xNzAyODk0ODg0LjAuMC4w\">Enfant J\u00e9sus de Prague bois Val Gardena<\/a><\/div>\n<div class=\"blocco-descrizione\">Statue de l&rsquo;Enfant J\u00e9sus de Prague, sculpt\u00e9e en bois du Val Gardena et peinte \u00e0 la main avec couleurs \u00e0 l&rsquo;huile&#8230;<\/div>\n<\/div>\n<\/div>\n<p>L\u2019<em>Enfant des miracles<\/em>, ou <em>Petit Roi<\/em>, comme l\u2019on appelle affectueusement la petite statue, ne mesure que 45 cm de hauteur et fut r\u00e9alis\u00e9 en Espagne par un sculpteur inconnu, probablement sur demande d\u2019un religieux qui re\u00e7ut la visite de l\u2019Enfant J\u00e9sus dans une vision. Ensuite, Marie Manrique de Lara, une duchesse espagnole qui avait mari\u00e9 un noble boh\u00e8me, amena la statue \u00e0 Prague et l\u2019offrit comme cadeau de noces \u00e0 sa fille Polyxena von Lobkowicz. Ce fut elle, rest\u00e9e veuve, qui donna la statuette <strong><u>aux Carm\u00e9lites d\u00e9chauss\u00e9s <\/u><\/strong>qui vivaient aupr\u00e8s de l\u2019\u00e9glise de Marie Vierge Victorieuse.<\/p>\n<p>Le culte de l\u2019Enfant J\u00e9sus, et en particulier de l\u2019Enfant J\u00e9sus habill\u00e9 comme un prince, \u00e9tait tr\u00e8s r\u00e9pandu \u00e0 l\u2019\u00e9poque baroque. En particulier<strong><u>, Sainte Th\u00e9r\u00e8se d\u2019Avila<\/u><\/strong>, religieuse et mystique espagnole qui proposait un mod\u00e8le de foi bas\u00e9 sur l\u2019amiti\u00e9 entre homme et Dieu et sur une dimension profond\u00e9ment humaine de J\u00e9sus-Christ, aimait contempler J\u00e9sus, objet de son amour inconditionnel et de sa d\u00e9votion absolue, \u00e0 chaque instant de Sa vicissitude humaine, y compris l\u2019enfance, et portait souvent sur elle une statuette qui repr\u00e9sentait l\u2019<a href=\"https:\/\/www.holyart.fr\/noel\/statues-enfant-jesus\"><strong>Enfant J\u00e9sus<\/strong><\/a>, exactement comme celle conserv\u00e9e \u00e0 Prague. Sainte Th\u00e9r\u00e8se de Lisieux aussi, connue \u00e9galement comme <strong><u>Sainte Th\u00e9r\u00e8se de l\u2019Enfant-J\u00e9sus<\/u><\/strong>, la th\u00e9ologienne de la \u00ab\u00a0petite vie\u00a0\u00bb, aimait la dimension enfantine de J\u00e9sus, elle qui promouvait une attitude d\u2019abandon absolu et confiance dans les bras de Dieu P\u00e8re.<\/p>\n<div class=\"link-article\">\n<p><img loading=\"lazy\" decoding=\"async\" class=\"size-full wp-image-7597 alignleft\" src=\"https:\/\/blog.holyart.it\/fr\/wp-content\/uploads\/sites\/14\/2023\/12\/Santa-Teresa-de-Lisieux.jpg\" alt=\"\" width=\"150\" height=\"99\" data-kale-share-title=\"L\u2019histoire de l\u2019Enfant J\u00e9sus de Prague\" data-kale-share-url=\"https:\/\/blog.holyart.it\/fr\/?p=7590\" \/><\/p>\n<div class=\"leggi-anche\">Lire aussi :<\/div>\n<p><strong><a href=\"https:\/\/www.holyart.fr\/blog\/articles-religieux\/sainte-therese-de-lisieux-et-le-miracle-des-roses\/\">Sainte Th\u00e9r\u00e8se de Lisieux et le miracle des roses<\/a><\/strong><br \/>\nSainte Th\u00e9r\u00e8se de Lisieux, morte \u00e0 seulement vingt-cinq ans, apr\u00e8s avoir pass\u00e9 une bonne partie de sa vie en clo\u00eetre&#8230;<\/p>\n<\/div>\n<p>Grand ap\u00f4tre de la d\u00e9votion \u00e0 l\u2019Enfant J\u00e9sus de Prague fut par contre le <strong>V\u00e9n\u00e9rable P\u00e8re Cyrille de la M\u00e8re de Dieu<\/strong>, auquel, selon la l\u00e9gende, la <a href=\"https:\/\/www.holyart.fr\/articles-religieux\/statues\/statues-en-bois-peint\/marie-immaculee-20-cm\"><strong>Vierge<\/strong><\/a> apparut afin de lui indiquer o\u00f9 se trouvait la statue de l\u2019Enfant \u00e0 l\u2019int\u00e9rieur de l\u2019\u00e9glise carm\u00e9lite de Sainte Marie de la Victoire, d\u00e9j\u00e0 li\u00e9e au Miracle de la Montagne blanche advenu quelques ann\u00e9es plus t\u00f4t. L\u2019Enfant J\u00e9sus en personne lui apparut ensuite en lui communicant le message suivant\u00a0:\u00a0\u00ab\u00a0<em>Plus vous m\u2019honorerez, plus Je vous favoriserai<\/em>\u00a0\u00bb. Cette phrase est \u00e9crite aux pieds de toutes les reproductions de la statue.<\/p>\n<div class=\"link-product\">\n<div class=\"blocco-immagine\"><img loading=\"lazy\" decoding=\"async\" class=\"size-full wp-image-7600 alignleft\" src=\"https:\/\/blog.holyart.it\/fr\/wp-content\/uploads\/sites\/14\/2023\/12\/Marie-Immaculee-20-cm.jpg\" alt=\"Marie Immacul\u00e9e 20 cm\" width=\"100\" height=\"100\" data-kale-share-title=\"L\u2019histoire de l\u2019Enfant J\u00e9sus de Prague\" data-kale-share-url=\"https:\/\/blog.holyart.it\/fr\/?p=7590\" \/><\/div>\n<div class=\"blocco-contenuto\">\n<div class=\"blocco-acquista\">Acheter sur Holyart:<\/div>\n<div class=\"blocco-titolo\"><a href=\"https:\/\/www.holyart.fr\/articles-religieux\/statues\/statues-en-bois-peint\/marie-immaculee-20-cm?_gl=1*ws4ip*_gcl_aw*R0NMLjE3MDI1NzE0NDYuQ2owS0NRanc4cW1oQmhDbEFSSXNBTkF0Ym9mZ21KMm85dkV5S0JjLUdLUWIweWFCLU9EekR0N1ZQV2hnY1g4WW96M2haNGVTR0JkUjR1d2FBZzZrRUFMd193Y0I.*_gcl_au*MzQ2MTAxMTM4LjE2OTc4MDc3MzQ.*_ga*MjAyODIwNTUzOS4xNjgwNTA1OTc3*_ga_W18MV136NH*MTcwMjg5NDg4NC4yNjcuMS4xNzAyODk1MTY2LjAuMC4w\">Marie Immacul\u00e9e 20 cm<\/a><\/div>\n<div class=\"blocco-descrizione\">Statue Marie Immacul\u00e9e, taill\u00e9e artisanalement dans le bois d&rsquo;\u00e9rable avec le pantographe et peinte \u00e0 la main&#8230;<\/div>\n<\/div>\n<\/div>\n<p>Un d\u00e9tail curieux : la statue de l\u2019Enfant J\u00e9sus de Prague poss\u00e8de un <strong>trousseau complet de v\u00eatements<\/strong>, exactement comme une poup\u00e9e\u00a0! Au cours de l\u2019ann\u00e9e, il peut porter jusqu\u2019\u00e0 soixante tenues diff\u00e9rentes, suivant \u00e9galement les couleurs de la p\u00e9riode liturgique en cours. Ainsi <strong><u>\u00e0 P\u00e2ques l\u2019Enfant<\/u><\/strong> portera une robe blanche, le dimanche de P\u00e2ques un habit rouge, une cape mauve pour l\u2019Avent. Beaucoup de ces v\u00eatements ont \u00e9t\u00e9 offerts par des d\u00e9vots plus ou moins c\u00e9l\u00e8bres au cours des si\u00e8cles, et proviennent de chaque coin du monde. Certains sont d\u00e9cor\u00e9s de perles et pierres pr\u00e9cieuses, or et diamants, brod\u00e9s \u00e0 la main par des artisans au service de rois et d\u2019empereurs, et constituent un petit tr\u00e9sor. M\u00eame <strong><u>pape Beno\u00eet XVI<\/u><\/strong>, \u00e0 l\u2019occasion de sa visite apostolique en R\u00e9publique Tch\u00e8que en 2009 fit don \u00e0 l\u2019Enfant de Prague d\u2019une des couronnes en or qui lui ornent la t\u00eate.<\/p>\n<h2>Le Sanctuaire d\u2019Arenzano<\/h2>\n<p>Le Sanctuaire d\u2019Arenzano, pr\u00e8s de G\u00eanes, est un des plus grands centres de diffusion de la d\u00e9votion \u00e0 l\u2019Enfant J\u00e9sus de Prague. Le culte d\u00e9di\u00e9 \u00e0 la petite statue y arriva en 1900, quand les Carm\u00e9lites r\u00e9sidents dans le petit village plac\u00e8rent dans leur \u00e9glise un tableau repr\u00e9sentant l\u2019Enfant J\u00e9sus. Tout de suite, une grande foule de d\u00e9vots se recueillit autour du sanctuaire, accompagn\u00e9e de gr\u00e2ces et d\u2019\u00e9v\u00e9nements miraculeux. Le tableau fut remplac\u00e9 par une statue semblable \u00e0 celle de Prague et il fut n\u00e9cessaire d\u2019\u00e9riger un Sanctuaire d\u00e9di\u00e9 \u00e0 l\u2019Enfant J\u00e9sus de Prague afin d\u2019accueillir les p\u00e8lerins de plus en plus nombreux. Autour du Sanctuaire naquirent des centres d\u2019agr\u00e9gation religieuse et des activit\u00e9s qui se poursuivent encore aujourd\u2019hui, ainsi comme les <strong><u>p\u00e8lerinages de toute l\u2019Italie et de l\u2019\u00e9tranger<\/u><\/strong>.<\/p>\n<div class=\"link-article\">\n<p><img loading=\"lazy\" decoding=\"async\" class=\"size-full wp-image-7603 alignleft\" src=\"https:\/\/blog.holyart.it\/fr\/wp-content\/uploads\/sites\/14\/2023\/12\/Saints-pelerins.jpeg\" alt=\"Saints p\u00e8lerins\" width=\"150\" height=\"100\" data-kale-share-title=\"L\u2019histoire de l\u2019Enfant J\u00e9sus de Prague\" data-kale-share-url=\"https:\/\/blog.holyart.it\/fr\/?p=7590\" \/><\/p>\n<div class=\"leggi-anche\">Lire aussi :<\/div>\n<p><strong><a href=\"https:\/\/www.holyart.fr\/blog\/saints-et-bienheureux\/saints-pelerins-8-saints-protecteurs-des-pelerins-et-des-voyageurs\/\">Saints p\u00e8lerins : 8 saints protecteurs des p\u00e8lerins et des voyageurs<\/a><\/strong><br \/>\nLes saints p\u00e8lerins sont des saints pour lesquels l\u2019exp\u00e9rience du p\u00e8lerinage a \u00e9t\u00e9 si significative qu\u2019elle est devenue la raison m\u00eame de leur saintet\u00e9&#8230;<\/p>\n<\/div>\n<h2>Pri\u00e8re \u00e0 l\u2019Enfant J\u00e9sus de Prague<\/h2>\n<p>La Vierge r\u00e9v\u00e9la \u00e9galement \u00e0 P\u00e8re Cyrille de la M\u00e8re de Dieu une <strong>oraison \u00e0 adresse \u00e0 l\u2019Enfant <\/strong><a href=\"https:\/\/www.holyart.fr\/articles-religieux\/statues\/statues-en-platre\/enfant-jesus-de-prague-platre-40-cm\"><strong>J\u00e9sus de Prague<\/strong><\/a>. Mais beaucoup d\u2019autres en ont \u00e9t\u00e9 compos\u00e9es au cours des si\u00e8cles et on adresse aussi \u00e0 la statue de l\u2019Enfant une Neuvaine sp\u00e9cifique. Ci-dessous, nous ne reportons qu\u2019une de ces nombreuses pri\u00e8res qui Lui sont d\u00e9di\u00e9es\u00a0:<\/p>\n<p><em>O Saint Enfant J\u00e9sus<\/em><\/p>\n<p><em>qui r\u00e9pands tes gr\u00e2ces sur ceux qui t&rsquo;invoquent,<\/em><\/p>\n<p><em>regarde nous prostern\u00e9s devant ta sainte image<\/em><\/p>\n<p><em>et \u00e9coute notre pri\u00e8re. <\/em><\/p>\n<p><em>Nous te recommandons tous les n\u00e9cessiteux<\/em><\/p>\n<p><em>\u00a0qui se confient \u00e0 ton divin C\u0153ur.<\/em><\/p>\n<p><em>Etends sur eux ta main toute puissante<\/em><\/p>\n<p><em>et viens au secours de leur indigence.<\/em><\/p>\n<p><em>Etends la main sur les malades<\/em><\/p>\n<p><em>pour les gu\u00e9rir et sanctifier leurs peines\u00a0;<\/em><\/p>\n<p><em>sur les afflig\u00e9s pour les consoler\u00a0;<\/em><\/p>\n<p><em>sur les p\u00e9cheurs pour les attirer \u00e0 la lumi\u00e8re de ta gr\u00e2ce\u00a0;<\/em><\/p>\n<p><em>sur ceux qui, accabl\u00e9s par la douleur et la mis\u00e8re,<\/em><\/p>\n<p><em>invoquent avec confiance ton aide pleine d&rsquo;amour.<\/em><\/p>\n<p><em>Etends la main encore sur nous pour nous b\u00e9nir.<\/em><\/p>\n<p><em>Accorde, \u00f4 Petit Roi, les tr\u00e9sors de ta mis\u00e9ricorde au monde entier<\/em><\/p>\n<p><em>et garde nous maintenant et toujours dans la gr\u00e2ce de ton amour !<\/em><\/p>\n<p><em>Amen.<\/em><\/p>\n<div class=\"link-product\">\n<div class=\"blocco-immagine\"><img loading=\"lazy\" decoding=\"async\" class=\"size-full wp-image-7606 alignleft\" src=\"https:\/\/blog.holyart.it\/fr\/wp-content\/uploads\/sites\/14\/2023\/12\/Enfant-Jesus-de-Prague-platre-40-cm.jpg\" alt=\"Enfant J\u00e9sus de Prague pl\u00e2tre 40 cm\" width=\"100\" height=\"100\" data-kale-share-title=\"L\u2019histoire de l\u2019Enfant J\u00e9sus de Prague\" data-kale-share-url=\"https:\/\/blog.holyart.it\/fr\/?p=7590\" \/><\/div>\n<div class=\"blocco-contenuto\">\n<div class=\"blocco-acquista\">Acheter sur Holyart:<\/div>\n<div class=\"blocco-titolo\"><a href=\"https:\/\/www.holyart.fr\/articles-religieux\/statues\/statues-en-platre\/enfant-jesus-de-prague-platre-40-cm?_gl=1*1vic398*_gcl_aw*R0NMLjE3MDI1NzE0NDYuQ2owS0NRanc4cW1oQmhDbEFSSXNBTkF0Ym9mZ21KMm85dkV5S0JjLUdLUWIweWFCLU9EekR0N1ZQV2hnY1g4WW96M2haNGVTR0JkUjR1d2FBZzZrRUFMd193Y0I.*_gcl_au*MzQ2MTAxMTM4LjE2OTc4MDc3MzQ.*_ga*MjAyODIwNTUzOS4xNjgwNTA1OTc3*_ga_W18MV136NH*MTcwMjg5NDg4NC4yNjcuMS4xNzAyODk1NTMwLjAuMC4w\">Enfant J\u00e9sus de Prague pl\u00e2tre 40 cm<\/a><\/div>\n<div class=\"blocco-descrizione\">Statue en pl\u00e2tre de 40 cm de hauteur, r\u00e9alis\u00e9e et peinte \u00e0 la main par des artisans italiens exp\u00e9riment\u00e9s&#8230;<\/div>\n<\/div>\n<\/div>\n","protected":false},"excerpt":{"rendered":"<p>La statue de l\u2019Enfant J\u00e9sus de Prague fait depuis toujours l\u2019objet d\u2019une grande d\u00e9votion populaire et a inspir\u00e9 au cours des si\u00e8cles la ferveur spirituelle de nombreux fid\u00e8les dans le monde entier. La\u00a0Kostel Panny Marie V\u00edt\u011bzn\u00e9,\u00a0\u00ab\u00a0\u00c9glise de la Vierge Marie de la Victoire\u00a0\u00bb, se trouve&hellip;<\/p>\n","protected":false},"author":1,"featured_media":7592,"comment_status":"closed","ping_status":"open","sticky":false,"template":"","format":"standard","meta":{"_acf_changed":false,"footnotes":""},"categories":[8],"tags":[],"class_list":["post-7590","post","type-post","status-publish","format-standard","has-post-thumbnail","hentry","category-articles-religieux"],"acf":[],"yoast_head":"<!-- This site is optimized with the Yoast SEO plugin v26.6 - https:\/\/yoast.com\/wordpress\/plugins\/seo\/ -->\n<title>L\u2019histoire de l\u2019Enfant J\u00e9sus de Prague - Holyart.fr Blog<\/title>\n<meta name=\"description\" content=\"La statue de l\u2019Enfant J\u00e9sus de Prague fait depuis toujours l\u2019objet d\u2019une grande d\u00e9votion populaire et a inspir\u00e9 au cours des si\u00e8cles...\" \/>\n<meta name=\"robots\" content=\"index, follow, max-snippet:-1, max-image-preview:large, max-video-preview:-1\" \/>\n<link rel=\"canonical\" href=\"https:\/\/blog.holyart.it\/fr\/articles-religieux\/lhistoire-de-lenfant-jesus-de-prague\/\" \/>\n<meta property=\"og:locale\" content=\"fr_FR\" \/>\n<meta property=\"og:type\" content=\"article\" \/>\n<meta property=\"og:title\" content=\"L\u2019histoire de l\u2019Enfant J\u00e9sus de Prague - Holyart.fr Blog\" \/>\n<meta property=\"og:description\" content=\"La statue de l\u2019Enfant J\u00e9sus de Prague fait depuis toujours l\u2019objet d\u2019une grande d\u00e9votion populaire et a inspir\u00e9 au cours des si\u00e8cles...\" \/>\n<meta property=\"og:url\" content=\"https:\/\/blog.holyart.it\/fr\/articles-religieux\/lhistoire-de-lenfant-jesus-de-prague\/\" \/>\n<meta property=\"og:site_name\" content=\"Holyart.fr Blog\" \/>\n<meta property=\"article:published_time\" content=\"2023-12-27T09:00:14+00:00\" \/>\n<meta property=\"article:modified_time\" content=\"2026-01-21T10:11:21+00:00\" \/>\n<meta property=\"og:image\" content=\"https:\/\/blog.holyart.it\/fr\/wp-content\/uploads\/sites\/14\/2023\/12\/Lhistoire-de-lEnfant-Jesus-de-Prague.jpeg\" \/>\n\t<meta property=\"og:image:width\" content=\"1000\" \/>\n\t<meta property=\"og:image:height\" content=\"674\" \/>\n\t<meta property=\"og:image:type\" content=\"image\/jpeg\" \/>\n<meta name=\"author\" content=\"Redazione\" \/>\n<meta name=\"twitter:card\" content=\"summary_large_image\" \/>\n<meta name=\"twitter:label1\" content=\"\u00c9crit par\" \/>\n\t<meta name=\"twitter:data1\" content=\"Redazione\" \/>\n\t<meta name=\"twitter:label2\" content=\"Dur\u00e9e de lecture estim\u00e9e\" \/>\n\t<meta name=\"twitter:data2\" content=\"7 minutes\" \/>\n<script type=\"application\/ld+json\" class=\"yoast-schema-graph\">{\"@context\":\"https:\/\/schema.org\",\"@graph\":[{\"@type\":\"Article\",\"@id\":\"https:\/\/blog.holyart.it\/fr\/articles-religieux\/lhistoire-de-lenfant-jesus-de-prague\/#article\",\"isPartOf\":{\"@id\":\"https:\/\/blog.holyart.it\/fr\/articles-religieux\/lhistoire-de-lenfant-jesus-de-prague\/\"},\"author\":{\"name\":\"Redazione\",\"@id\":\"https:\/\/blog.holyart.it\/fr\/#\/schema\/person\/0a7b686e5af0f856ec1e390dd0baecda\"},\"headline\":\"L\u2019histoire de l\u2019Enfant J\u00e9sus de Prague\",\"datePublished\":\"2023-12-27T09:00:14+00:00\",\"dateModified\":\"2026-01-21T10:11:21+00:00\",\"mainEntityOfPage\":{\"@id\":\"https:\/\/blog.holyart.it\/fr\/articles-religieux\/lhistoire-de-lenfant-jesus-de-prague\/\"},\"wordCount\":1250,\"publisher\":{\"@id\":\"https:\/\/blog.holyart.it\/fr\/#organization\"},\"image\":{\"@id\":\"https:\/\/blog.holyart.it\/fr\/articles-religieux\/lhistoire-de-lenfant-jesus-de-prague\/#primaryimage\"},\"thumbnailUrl\":\"https:\/\/blog.holyart.it\/fr\/wp-content\/uploads\/sites\/14\/2023\/12\/Lhistoire-de-lEnfant-Jesus-de-Prague.jpeg\",\"articleSection\":[\"Religion\"],\"inLanguage\":\"fr-FR\"},{\"@type\":\"WebPage\",\"@id\":\"https:\/\/blog.holyart.it\/fr\/articles-religieux\/lhistoire-de-lenfant-jesus-de-prague\/\",\"url\":\"https:\/\/blog.holyart.it\/fr\/articles-religieux\/lhistoire-de-lenfant-jesus-de-prague\/\",\"name\":\"L\u2019histoire de l\u2019Enfant J\u00e9sus de Prague - Holyart.fr Blog\",\"isPartOf\":{\"@id\":\"https:\/\/blog.holyart.it\/fr\/#website\"},\"primaryImageOfPage\":{\"@id\":\"https:\/\/blog.holyart.it\/fr\/articles-religieux\/lhistoire-de-lenfant-jesus-de-prague\/#primaryimage\"},\"image\":{\"@id\":\"https:\/\/blog.holyart.it\/fr\/articles-religieux\/lhistoire-de-lenfant-jesus-de-prague\/#primaryimage\"},\"thumbnailUrl\":\"https:\/\/blog.holyart.it\/fr\/wp-content\/uploads\/sites\/14\/2023\/12\/Lhistoire-de-lEnfant-Jesus-de-Prague.jpeg\",\"datePublished\":\"2023-12-27T09:00:14+00:00\",\"dateModified\":\"2026-01-21T10:11:21+00:00\",\"description\":\"La statue de l\u2019Enfant J\u00e9sus de Prague fait depuis toujours l\u2019objet d\u2019une grande d\u00e9votion populaire et a inspir\u00e9 au cours des si\u00e8cles...\",\"breadcrumb\":{\"@id\":\"https:\/\/blog.holyart.it\/fr\/articles-religieux\/lhistoire-de-lenfant-jesus-de-prague\/#breadcrumb\"},\"inLanguage\":\"fr-FR\",\"potentialAction\":[{\"@type\":\"ReadAction\",\"target\":[\"https:\/\/blog.holyart.it\/fr\/articles-religieux\/lhistoire-de-lenfant-jesus-de-prague\/\"]}]},{\"@type\":\"ImageObject\",\"inLanguage\":\"fr-FR\",\"@id\":\"https:\/\/blog.holyart.it\/fr\/articles-religieux\/lhistoire-de-lenfant-jesus-de-prague\/#primaryimage\",\"url\":\"https:\/\/blog.holyart.it\/fr\/wp-content\/uploads\/sites\/14\/2023\/12\/Lhistoire-de-lEnfant-Jesus-de-Prague.jpeg\",\"contentUrl\":\"https:\/\/blog.holyart.it\/fr\/wp-content\/uploads\/sites\/14\/2023\/12\/Lhistoire-de-lEnfant-Jesus-de-Prague.jpeg\",\"width\":1000,\"height\":674,\"caption\":\"L\u2019histoire de l\u2019Enfant J\u00e9sus de Prague\"},{\"@type\":\"BreadcrumbList\",\"@id\":\"https:\/\/blog.holyart.it\/fr\/articles-religieux\/lhistoire-de-lenfant-jesus-de-prague\/#breadcrumb\",\"itemListElement\":[{\"@type\":\"ListItem\",\"position\":1,\"name\":\"Homepage\",\"item\":\"https:\/\/blog.holyart.it\/fr\/\"},{\"@type\":\"ListItem\",\"position\":2,\"name\":\"Religion\",\"item\":\"https:\/\/blog.holyart.it\/fr\/articles-religieux\/\"},{\"@type\":\"ListItem\",\"position\":3,\"name\":\"L\u2019histoire de l\u2019Enfant J\u00e9sus de Prague\"}]},{\"@type\":\"WebSite\",\"@id\":\"https:\/\/blog.holyart.it\/fr\/#website\",\"url\":\"https:\/\/blog.holyart.it\/fr\/\",\"name\":\"Holyart.fr Blog\",\"description\":\"Holyblog\",\"publisher\":{\"@id\":\"https:\/\/blog.holyart.it\/fr\/#organization\"},\"potentialAction\":[{\"@type\":\"SearchAction\",\"target\":{\"@type\":\"EntryPoint\",\"urlTemplate\":\"https:\/\/blog.holyart.it\/fr\/?s={search_term_string}\"},\"query-input\":{\"@type\":\"PropertyValueSpecification\",\"valueRequired\":true,\"valueName\":\"search_term_string\"}}],\"inLanguage\":\"fr-FR\"},{\"@type\":\"Organization\",\"@id\":\"https:\/\/blog.holyart.it\/fr\/#organization\",\"name\":\"Holyart.fr Blog\",\"url\":\"https:\/\/blog.holyart.it\/fr\/\",\"logo\":{\"@type\":\"ImageObject\",\"inLanguage\":\"fr-FR\",\"@id\":\"https:\/\/blog.holyart.it\/fr\/#\/schema\/logo\/image\/\",\"url\":\"https:\/\/blog.holyart.it\/fr\/wp-content\/uploads\/sites\/14\/2022\/12\/Holyart_Blog_Logo.jpg\",\"contentUrl\":\"https:\/\/blog.holyart.it\/fr\/wp-content\/uploads\/sites\/14\/2022\/12\/Holyart_Blog_Logo.jpg\",\"width\":300,\"height\":50,\"caption\":\"Holyart.fr Blog\"},\"image\":{\"@id\":\"https:\/\/blog.holyart.it\/fr\/#\/schema\/logo\/image\/\"}},{\"@type\":\"Person\",\"@id\":\"https:\/\/blog.holyart.it\/fr\/#\/schema\/person\/0a7b686e5af0f856ec1e390dd0baecda\",\"name\":\"Redazione\",\"image\":{\"@type\":\"ImageObject\",\"inLanguage\":\"fr-FR\",\"@id\":\"https:\/\/blog.holyart.it\/fr\/#\/schema\/person\/image\/\",\"url\":\"https:\/\/secure.gravatar.com\/avatar\/f477da817f43e50d0af36abecd33e3edf826c68299714bdc1057dff3b113f516?s=96&d=mm&r=g\",\"contentUrl\":\"https:\/\/secure.gravatar.com\/avatar\/f477da817f43e50d0af36abecd33e3edf826c68299714bdc1057dff3b113f516?s=96&d=mm&r=g\",\"caption\":\"Redazione\"},\"url\":\"https:\/\/blog.holyart.it\/fr\/author\/admin\/\"}]}<\/script>\n<!-- \/ Yoast SEO plugin. -->","yoast_head_json":{"title":"L\u2019histoire de l\u2019Enfant J\u00e9sus de Prague - Holyart.fr Blog","description":"La statue de l\u2019Enfant J\u00e9sus de Prague fait depuis toujours l\u2019objet d\u2019une grande d\u00e9votion populaire et a inspir\u00e9 au cours des si\u00e8cles...","robots":{"index":"index","follow":"follow","max-snippet":"max-snippet:-1","max-image-preview":"max-image-preview:large","max-video-preview":"max-video-preview:-1"},"canonical":"https:\/\/blog.holyart.it\/fr\/articles-religieux\/lhistoire-de-lenfant-jesus-de-prague\/","og_locale":"fr_FR","og_type":"article","og_title":"L\u2019histoire de l\u2019Enfant J\u00e9sus de Prague - Holyart.fr Blog","og_description":"La statue de l\u2019Enfant J\u00e9sus de Prague fait depuis toujours l\u2019objet d\u2019une grande d\u00e9votion populaire et a inspir\u00e9 au cours des si\u00e8cles...","og_url":"https:\/\/blog.holyart.it\/fr\/articles-religieux\/lhistoire-de-lenfant-jesus-de-prague\/","og_site_name":"Holyart.fr Blog","article_published_time":"2023-12-27T09:00:14+00:00","article_modified_time":"2026-01-21T10:11:21+00:00","og_image":[{"width":1000,"height":674,"url":"https:\/\/blog.holyart.it\/fr\/wp-content\/uploads\/sites\/14\/2023\/12\/Lhistoire-de-lEnfant-Jesus-de-Prague.jpeg","type":"image\/jpeg"}],"author":"Redazione","twitter_card":"summary_large_image","twitter_misc":{"\u00c9crit par":"Redazione","Dur\u00e9e de lecture estim\u00e9e":"7 minutes"},"schema":{"@context":"https:\/\/schema.org","@graph":[{"@type":"Article","@id":"https:\/\/blog.holyart.it\/fr\/articles-religieux\/lhistoire-de-lenfant-jesus-de-prague\/#article","isPartOf":{"@id":"https:\/\/blog.holyart.it\/fr\/articles-religieux\/lhistoire-de-lenfant-jesus-de-prague\/"},"author":{"name":"Redazione","@id":"https:\/\/blog.holyart.it\/fr\/#\/schema\/person\/0a7b686e5af0f856ec1e390dd0baecda"},"headline":"L\u2019histoire de l\u2019Enfant J\u00e9sus de Prague","datePublished":"2023-12-27T09:00:14+00:00","dateModified":"2026-01-21T10:11:21+00:00","mainEntityOfPage":{"@id":"https:\/\/blog.holyart.it\/fr\/articles-religieux\/lhistoire-de-lenfant-jesus-de-prague\/"},"wordCount":1250,"publisher":{"@id":"https:\/\/blog.holyart.it\/fr\/#organization"},"image":{"@id":"https:\/\/blog.holyart.it\/fr\/articles-religieux\/lhistoire-de-lenfant-jesus-de-prague\/#primaryimage"},"thumbnailUrl":"https:\/\/blog.holyart.it\/fr\/wp-content\/uploads\/sites\/14\/2023\/12\/Lhistoire-de-lEnfant-Jesus-de-Prague.jpeg","articleSection":["Religion"],"inLanguage":"fr-FR"},{"@type":"WebPage","@id":"https:\/\/blog.holyart.it\/fr\/articles-religieux\/lhistoire-de-lenfant-jesus-de-prague\/","url":"https:\/\/blog.holyart.it\/fr\/articles-religieux\/lhistoire-de-lenfant-jesus-de-prague\/","name":"L\u2019histoire de l\u2019Enfant J\u00e9sus de Prague - Holyart.fr Blog","isPartOf":{"@id":"https:\/\/blog.holyart.it\/fr\/#website"},"primaryImageOfPage":{"@id":"https:\/\/blog.holyart.it\/fr\/articles-religieux\/lhistoire-de-lenfant-jesus-de-prague\/#primaryimage"},"image":{"@id":"https:\/\/blog.holyart.it\/fr\/articles-religieux\/lhistoire-de-lenfant-jesus-de-prague\/#primaryimage"},"thumbnailUrl":"https:\/\/blog.holyart.it\/fr\/wp-content\/uploads\/sites\/14\/2023\/12\/Lhistoire-de-lEnfant-Jesus-de-Prague.jpeg","datePublished":"2023-12-27T09:00:14+00:00","dateModified":"2026-01-21T10:11:21+00:00","description":"La statue de l\u2019Enfant J\u00e9sus de Prague fait depuis toujours l\u2019objet d\u2019une grande d\u00e9votion populaire et a inspir\u00e9 au cours des si\u00e8cles...","breadcrumb":{"@id":"https:\/\/blog.holyart.it\/fr\/articles-religieux\/lhistoire-de-lenfant-jesus-de-prague\/#breadcrumb"},"inLanguage":"fr-FR","potentialAction":[{"@type":"ReadAction","target":["https:\/\/blog.holyart.it\/fr\/articles-religieux\/lhistoire-de-lenfant-jesus-de-prague\/"]}]},{"@type":"ImageObject","inLanguage":"fr-FR","@id":"https:\/\/blog.holyart.it\/fr\/articles-religieux\/lhistoire-de-lenfant-jesus-de-prague\/#primaryimage","url":"https:\/\/blog.holyart.it\/fr\/wp-content\/uploads\/sites\/14\/2023\/12\/Lhistoire-de-lEnfant-Jesus-de-Prague.jpeg","contentUrl":"https:\/\/blog.holyart.it\/fr\/wp-content\/uploads\/sites\/14\/2023\/12\/Lhistoire-de-lEnfant-Jesus-de-Prague.jpeg","width":1000,"height":674,"caption":"L\u2019histoire de l\u2019Enfant J\u00e9sus de Prague"},{"@type":"BreadcrumbList","@id":"https:\/\/blog.holyart.it\/fr\/articles-religieux\/lhistoire-de-lenfant-jesus-de-prague\/#breadcrumb","itemListElement":[{"@type":"ListItem","position":1,"name":"Homepage","item":"https:\/\/blog.holyart.it\/fr\/"},{"@type":"ListItem","position":2,"name":"Religion","item":"https:\/\/blog.holyart.it\/fr\/articles-religieux\/"},{"@type":"ListItem","position":3,"name":"L\u2019histoire de l\u2019Enfant J\u00e9sus de Prague"}]},{"@type":"WebSite","@id":"https:\/\/blog.holyart.it\/fr\/#website","url":"https:\/\/blog.holyart.it\/fr\/","name":"Holyart.fr Blog","description":"Holyblog","publisher":{"@id":"https:\/\/blog.holyart.it\/fr\/#organization"},"potentialAction":[{"@type":"SearchAction","target":{"@type":"EntryPoint","urlTemplate":"https:\/\/blog.holyart.it\/fr\/?s={search_term_string}"},"query-input":{"@type":"PropertyValueSpecification","valueRequired":true,"valueName":"search_term_string"}}],"inLanguage":"fr-FR"},{"@type":"Organization","@id":"https:\/\/blog.holyart.it\/fr\/#organization","name":"Holyart.fr Blog","url":"https:\/\/blog.holyart.it\/fr\/","logo":{"@type":"ImageObject","inLanguage":"fr-FR","@id":"https:\/\/blog.holyart.it\/fr\/#\/schema\/logo\/image\/","url":"https:\/\/blog.holyart.it\/fr\/wp-content\/uploads\/sites\/14\/2022\/12\/Holyart_Blog_Logo.jpg","contentUrl":"https:\/\/blog.holyart.it\/fr\/wp-content\/uploads\/sites\/14\/2022\/12\/Holyart_Blog_Logo.jpg","width":300,"height":50,"caption":"Holyart.fr Blog"},"image":{"@id":"https:\/\/blog.holyart.it\/fr\/#\/schema\/logo\/image\/"}},{"@type":"Person","@id":"https:\/\/blog.holyart.it\/fr\/#\/schema\/person\/0a7b686e5af0f856ec1e390dd0baecda","name":"Redazione","image":{"@type":"ImageObject","inLanguage":"fr-FR","@id":"https:\/\/blog.holyart.it\/fr\/#\/schema\/person\/image\/","url":"https:\/\/secure.gravatar.com\/avatar\/f477da817f43e50d0af36abecd33e3edf826c68299714bdc1057dff3b113f516?s=96&d=mm&r=g","contentUrl":"https:\/\/secure.gravatar.com\/avatar\/f477da817f43e50d0af36abecd33e3edf826c68299714bdc1057dff3b113f516?s=96&d=mm&r=g","caption":"Redazione"},"url":"https:\/\/blog.holyart.it\/fr\/author\/admin\/"}]}},"_links":{"self":[{"href":"https:\/\/blog.holyart.it\/fr\/wp-json\/wp\/v2\/posts\/7590","targetHints":{"allow":["GET"]}}],"collection":[{"href":"https:\/\/blog.holyart.it\/fr\/wp-json\/wp\/v2\/posts"}],"about":[{"href":"https:\/\/blog.holyart.it\/fr\/wp-json\/wp\/v2\/types\/post"}],"author":[{"embeddable":true,"href":"https:\/\/blog.holyart.it\/fr\/wp-json\/wp\/v2\/users\/1"}],"replies":[{"embeddable":true,"href":"https:\/\/blog.holyart.it\/fr\/wp-json\/wp\/v2\/comments?post=7590"}],"version-history":[{"count":11,"href":"https:\/\/blog.holyart.it\/fr\/wp-json\/wp\/v2\/posts\/7590\/revisions"}],"predecessor-version":[{"id":7608,"href":"https:\/\/blog.holyart.it\/fr\/wp-json\/wp\/v2\/posts\/7590\/revisions\/7608"}],"wp:featuredmedia":[{"embeddable":true,"href":"https:\/\/blog.holyart.it\/fr\/wp-json\/wp\/v2\/media\/7592"}],"wp:attachment":[{"href":"https:\/\/blog.holyart.it\/fr\/wp-json\/wp\/v2\/media?parent=7590"}],"wp:term":[{"taxonomy":"category","embeddable":true,"href":"https:\/\/blog.holyart.it\/fr\/wp-json\/wp\/v2\/categories?post=7590"},{"taxonomy":"post_tag","embeddable":true,"href":"https:\/\/blog.holyart.it\/fr\/wp-json\/wp\/v2\/tags?post=7590"}],"curies":[{"name":"wp","href":"https:\/\/api.w.org\/{rel}","templated":true}]}}