{"id":7560,"date":"2023-12-20T10:00:20","date_gmt":"2023-12-20T09:00:20","guid":{"rendered":"https:\/\/blog.holyart.it\/fr\/?p=7560"},"modified":"2025-11-26T12:35:38","modified_gmt":"2025-11-26T11:35:38","slug":"ladoration-des-bergers-quand-lange-annonca-la-naissance-de-jesus","status":"publish","type":"post","link":"https:\/\/blog.holyart.it\/fr\/articles-religieux\/ladoration-des-bergers-quand-lange-annonca-la-naissance-de-jesus\/","title":{"rendered":"L\u2019adoration des bergers: quand l\u2019Ange annon\u00e7a la naissance de J\u00e9sus"},"content":{"rendered":"<h4><em>L\u2019adoration des bergers: de l\u2019\u00c9vangile de Luc \u00e0 la Cr\u00e8che une histoire ancienne et toujours d\u2019actualit\u00e9<\/em><\/h4>\n<p>D\u00e8s notre enfance nous apprenons \u00e0 reconna\u00eetre <strong>les personnages principaux de la Cr\u00e8che<\/strong> : la Sainte Famille, compos\u00e9e de Marie, Joseph et bien \u00e9videmment de l\u2019Enfant J\u00e9sus, le b\u0153uf et l\u2019\u00e2ne pr\u00e9pos\u00e9s \u00e0 r\u00e9chauffer ce dernier dans sa mangeoire, et les <strong>bergers<\/strong> arriv\u00e9s pour assister \u00e0 la naissance de J\u00e9sus. Cela car l\u2019<strong>adoration des bergers <\/strong>est un \u00e9pisode fondamental non seulement dans le contexte de la <a href=\"https:\/\/www.holyart.fr\/noel\/nativite?page=1&amp;_gl=1*v90gu*_gcl_au*NTIzMjMyNDc1LjE2OTQ3ODgxNDM.*_ga*MTQ4NzE4MjM0Mi4xNjk0Nzg4MTQz*_ga_W18MV136NH*MTcwMjQ4MTYyNy4xNjguMC4xNzAyNDgxNjI3LjAuMC4w\"><strong>Nativit\u00e9<\/strong><\/a>, mais plus en g\u00e9n\u00e9ral dans l\u2019histoire de la venue de J\u00e9sus dans le monde, dans son \u00eatre devenu homme parmi les hommes, \u00e0 <a href=\"https:\/\/www.holyart.fr\/noel\/nativite\"><strong>No\u00ebl<\/strong><\/a>.<\/p>\n<div class=\"link-article\">\n<p><img loading=\"lazy\" decoding=\"async\" class=\"size-full wp-image-7563 alignleft\" src=\"https:\/\/blog.holyart.it\/fr\/wp-content\/uploads\/sites\/14\/2023\/12\/Les-personnages-de-la-Creche-napolitaine-et-leur-signification.jpg\" alt=\"Les personnages de la Cr\u00e8che napolitaine et leur signification\" width=\"150\" height=\"99\" data-kale-share-title=\"L\u2019adoration des bergers: quand l\u2019Ange annon\u00e7a la naissance de J\u00e9sus\" data-kale-share-url=\"https:\/\/blog.holyart.it\/fr\/?p=7560\" \/><\/p>\n<div class=\"leggi-anche\">Lire aussi :<\/div>\n<p><strong><a href=\"https:\/\/www.holyart.fr\/blog\/noel\/les-personnages-de-la-creche-napolitaine-et-leur-signification\/#:~:text=On%20raconte%20qu'une%20tsigane,le%20d%C3%A9sespoir%20de%20la%20Vierge.\">Les personnages de la Cr\u00e8che napolitaine et leur signification<\/a><\/strong><br \/>\nDans la Cr\u00e8che napolitaine, rien n\u2019est laiss\u00e9 au hasard. Chaque personnage, chaque lieu incarne un symbole, cache une signification profonde et unique. D\u00e9couvrons lesquels.<\/p>\n<\/div>\n<p>\u00c0 rendre si pr\u00e9cieux et importante cet \u00e9pisode, rapport\u00e9 uniquement dans l\u2019<strong>\u00c9vangile de Luc<\/strong>, est justement l\u2019identit\u00e9 de ces protagonistes. Le Fils de Dieu vient \u00e0 peine de na\u00eetre, c\u2019est le d\u00e9but de la r\u00e9alisation du plan divin, le principe du chemin qui am\u00e8nera l\u2019humanit\u00e9 \u00e0 la Nouvelle alliance et au Salut. Dans l\u2019Ancien Testament, Dieu parlait aux <strong>Rois et<\/strong> aux <strong>proph\u00e8tes<\/strong>, aux patriarches et aux pr\u00eatres. Ou alors il envoyait ses messagers, ses anges, afin qu\u2019ils illuminent les esprits de ceux qui devaient guider peuples et \u00e2mes, ouvrir la voie \u00e0 la venue du Messie. Mais dans le Nouveau Testament quelque chose commence \u00e0 changer. Toujours dans l\u2019\u00c9vangile de Luc, l\u2019<a href=\"https:\/\/www.holyart.fr\/search?params=%7B%22search%22%3A%22ARCHANGE%20GABRIEL%22%7D&amp;search=ARCHANGE+GABRIEL\"><strong>Archange Gabriel<\/strong><\/a> apparait \u00e0 Zacarie afin de lui annoncer qu\u2019il deviendra p\u00e8re malgr\u00e9 son \u00e2ge avanc\u00e9 : de lui et de sa femme \u00c9lisabeth na\u00eetra Jean-Baptiste. Toujours Gabriel se rendra ensuite aupr\u00e8s de <strong>Marie de Nazareth<\/strong> afin de lui demander d\u2019accueillir dans son ventre le Fils de Dieu et d\u2019accepter le destin pr\u00e9vu pour elle et ensuite appara\u00eetra \u00e0 Saint Joseph, son \u00e9poux, pour lui intimer de ne pas r\u00e9pudier la jeune femme, mais de prot\u00e9ger et de l\u2019aimer elle et l\u2019Enfant qui viendra. Zacarie est en effet un pr\u00eatre, mais Marie et Joseph ne sont que des gens ordinaires, humbles, bien que destin\u00e9es \u00e0 des grandes choses.<\/p>\n<div class=\"link-product\">\n<div class=\"blocco-immagine\"><img loading=\"lazy\" decoding=\"async\" class=\"size-full wp-image-7564 alignleft\" src=\"https:\/\/blog.holyart.it\/fr\/wp-content\/uploads\/sites\/14\/2023\/12\/Annonciation-a-Marie-Archange-Gabriel-statue-resine-16-cm.jpg\" alt=\"Annonciation \u00e0 Marie Archange Gabriel statue r\u00e9sine 16 cm\" width=\"100\" height=\"100\" data-kale-share-title=\"L\u2019adoration des bergers: quand l\u2019Ange annon\u00e7a la naissance de J\u00e9sus\" data-kale-share-url=\"https:\/\/blog.holyart.it\/fr\/?p=7560\" \/><\/div>\n<div class=\"blocco-contenuto\">\n<div class=\"blocco-acquista\">Acheter sur Holyart:<\/div>\n<div class=\"blocco-titolo\"><a href=\"https:\/\/www.holyart.fr\/articles-religieux\/statues\/statues-en-resine-et-pvc\/annonciation-a-marie-archange-gabriel-statue-resine-16-cm\">Annonciation \u00e0 Archange Gabriel statue r\u00e9sine 16 cm<\/a><\/div>\n<div class=\"blocco-descrizione\">R\u00e9alis\u00e9e en r\u00e9sine et peinte avec couleurs chaudes et d\u00e9tails dor\u00e9s.<\/div>\n<\/div>\n<\/div>\n<p>Toujours dans l\u2019\u00c9vangile de Luc (Luc 2,8-14), seul parmi les \u00e9vangiles canoniques \u00e0 citer l\u2019\u00e9pisode, nous lisons comment pour annoncer la naissance de J\u00e9sus, Dieu d\u00e9cide de s\u2019adresser nous pas aux savants et aux hommes de pouvoir, pr\u00eatres et proph\u00e8tes : il envoie son ange \u00e0 parler \u00e0 des bergers pauvres dormant \u00e0 la belle \u00e9toile avec leurs moutons, des hommes qui \u00ab\u00a0<em>passaient dans les champs les veilles de la nuit pour garder leurs troupeaux<\/em>\u00a0\u00bb. Un ange leur apparut et \u00ab\u00a0<em>la gloire du Seigneur resplendit autour d\u2019eux<\/em>\u00a0\u00bb. L\u2019ange leur parla ainsi\u00a0: \u00ab\u00a0<em>Aujourd\u2019hui, dans la ville de David, il vous est n\u00e9 un Sauveur, qui est le Christ, le Seigneur. Et voici \u00e0 quel signe vous le reconna\u00eetrez : vous trouverez un enfant emmaillot\u00e9 et couch\u00e9 dans une cr\u00e8che<\/em>\u00a0\u00bb. Et tout de suite apr\u00e8s une \u00ab\u00a0<em>multitude de l\u2019arm\u00e9e c\u00e9leste<\/em>\u00a0\u00bb s\u2019unit \u00e0 lui en chantant la Gloire de Dieu. Difficile d\u2019imaginer quelque chose de plus r\u00e9volutionnaire\u00a0! Impossible d\u2019imaginer la stupeur de ces hommes, qui ne poss\u00e9daient rien si ce n\u2019est leurs troupeaux, ignorants, d\u00e9pourvus de ces connaissances que d\u2019autres, de rang plus \u00e9lev\u00e9, poss\u00e9daient, de ces \u00e9tudes auxquels beaucoup avaient d\u00e9di\u00e9 leur existence toute enti\u00e8re. Luc nous dit que \u00ab\u00a0<em>Ils furent saisi d\u2019une grande frayeur<\/em>\u00a0\u00bb, et leur <strong>peur<\/strong> est tout \u00e0 fait compr\u00e9hensible face \u00e0 un et ensuite une multitude d\u2019anges resplendissant de lumi\u00e8re\u00a0! Et pourtant ils ob\u00e9issent sans tarder \u00e0 cette invitation et se rendent craintifs mais d\u00e9cid\u00e9s \u00e0 voir cet Enfant si sp\u00e9cial. En suivant le chemin indiqu\u00e9 par l\u2019Ange \u00ab\u00a0<em>ils trouv\u00e8rent Marie et Joseph, et le petit enfant couch\u00e9 dans la cr\u00e8che. Apr\u00e8s l\u2019avoir vu, ils racont\u00e8rent ce qui leur avait \u00e9t\u00e9 dit au sujet de ce petit enfant.<\/em>\u00a0\u00bb<em><br \/>\n<\/em>L\u2019\u00e9pisode se termine avec les bergers qui retournent \u00e0 leur travail et \u00e0 leur vie \u00ab\u00a0<em>glorifiant et louant Dieu pour tout ce qu\u2019ils avaient entendu et vu, et qui \u00e9tait conforme \u00e0 ce qui leur avait \u00e9t\u00e9 annonc\u00e9<\/em>\u00a0\u00bb.<\/p>\n<div class=\"link-product\">\n<div class=\"blocco-immagine\"><img loading=\"lazy\" decoding=\"async\" class=\"size-full wp-image-7565 alignleft\" src=\"https:\/\/blog.holyart.it\/fr\/wp-content\/uploads\/sites\/14\/2023\/12\/Santons-creche.jpg\" alt=\"Santons cr\u00e8che\" width=\"100\" height=\"100\" data-kale-share-title=\"L\u2019adoration des bergers: quand l\u2019Ange annon\u00e7a la naissance de J\u00e9sus\" data-kale-share-url=\"https:\/\/blog.holyart.it\/fr\/?p=7560\" \/><\/div>\n<div class=\"blocco-contenuto\">\n<div class=\"blocco-acquista\">Acheter sur Holyart:<\/div>\n<div class=\"blocco-titolo\"><a href=\"https:\/\/www.holyart.fr\/noel\/santons-creche?page=1&amp;_gl=1*1cd7rxd*_gcl_au*NTIzMjMyNDc1LjE2OTQ3ODgxNDM.*_ga*MTQ4NzE4MjM0Mi4xNjk0Nzg4MTQz*_ga_W18MV136NH*MTcwMjQ4MTYyNy4xNjguMS4xNzAyNDgyMDczLjAuMC4w\">Santons cr\u00e8che<\/a><\/div>\n<div class=\"blocco-descrizione\">Santons cr\u00e8che: santons en terre cuite, r\u00e9sine, bois, plastique.<\/div>\n<\/div>\n<\/div>\n<p>Au-del\u00e0 de la beaut\u00e9 du r\u00e9cit \u00e9vang\u00e9lique, sa signification \u00e9vang\u00e9lique est \u00e9vidente et nous pouvons l\u2019examiner dans ses diff\u00e9rents aspects. D\u00e9j\u00e0 le fait que l\u2019annonce de l\u2019Ange advienne la <strong>nuit<\/strong>, le moment o\u00f9 les hommes sont le plus expos\u00e9s, vuln\u00e9rables, le temps des r\u00eaves, des r\u00e9flexions, des pens\u00e9es, des peurs, des choix, nous fait comprendre comment rien n\u2019est laiss\u00e9 au hasard dans le dessin divin. Dieu envoie l\u2019ange \u00e0 annoncer la naissance de J\u00e9sus la nuit, et l\u2019envoie aupr\u00e8s d\u2019hommes qui ne savent rien de lui, des <strong>hommes ordinaires, simples, inad\u00e9quats<\/strong>. Mais c\u2019est ainsi que chaque homme est, avant de rencontre Dieu, et, chose tout \u00e0 fait normale, la r\u00e9action des bergers est d\u2019<strong>\u00e9merveillement<\/strong> <strong>et <\/strong>de <strong>crainte<\/strong>. La <strong>grandeur de Dieu<\/strong> les surplombe, <strong>Sa lumi\u00e8re<\/strong> les enveloppe, non pas comme quelque chose \u00e0 laquelle on assiste simplement, mais dont on fait partie, dont on se sent <strong>une composante infinit\u00e9simale et toutefois pr\u00e9cieuse, irrempla\u00e7able<\/strong>. Ainsi le <strong>Fils de Dieu<\/strong> entre dans le monde et dans l\u2019histoire des hommes, tous les hommes pr\u00eats \u00e0 croire, \u00e0 accueillir les signes et les messages de Dieu et \u00e0 en faire tr\u00e9sor.<\/p>\n<div class=\"link-product\">\n<div class=\"blocco-immagine\"><img loading=\"lazy\" decoding=\"async\" class=\"size-full wp-image-7566 alignleft\" src=\"https:\/\/blog.holyart.it\/fr\/wp-content\/uploads\/sites\/14\/2023\/12\/Statues-Enfant-Jesus.jpg\" alt=\"Statues Enfant J\u00e9sus\" width=\"100\" height=\"100\" data-kale-share-title=\"L\u2019adoration des bergers: quand l\u2019Ange annon\u00e7a la naissance de J\u00e9sus\" data-kale-share-url=\"https:\/\/blog.holyart.it\/fr\/?p=7560\" \/><\/div>\n<div class=\"blocco-contenuto\">\n<div class=\"blocco-acquista\">Acheter sur Holyart:<\/div>\n<div class=\"blocco-titolo\"><a href=\"https:\/\/www.holyart.fr\/noel\/statues-enfant-jesus?page=1&amp;_gl=1*1pqhzxu*_gcl_au*NTIzMjMyNDc1LjE2OTQ3ODgxNDM.*_ga*MTQ4NzE4MjM0Mi4xNjk0Nzg4MTQz*_ga_W18MV136NH*MTcwMjQ4MTYyNy4xNjguMS4xNzAyNDgyMjIyLjAuMC4w\">Statues Enfant J\u00e9sus<\/a><\/div>\n<div class=\"blocco-descrizione\">J\u00e9sus en bois, en p\u00e2te de bois ou en r\u00e9sine de diverses formes, taille et finitions.<\/div>\n<\/div>\n<\/div>\n<p>Ensuite arriveront \u00e0 la grotte de la Nativit\u00e9 les <a href=\"https:\/\/www.holyart.fr\/noel\/santons-creche?page=1&amp;params=%257B%2522offset%2522%3A0%2C%2522limit%2522%3A60%2C%2522filters%2522%3A%255B%255D%2C%2522categoryIds%2522%3A%255B113%255D%2C%2522filtersByIds%2522%3A%255B%257B%2522key%2522%3A83%2C%2522values%2522%3A%255B2350%255D%257D%255D%257D&amp;_gl=1*1uyxz6q*_gcl_au*NTIzMjMyNDc1LjE2OTQ3ODgxNDM.*_ga*MTQ4NzE4MjM0Mi4xNjk0Nzg4MTQz*_ga_W18MV136NH*MTcwMjQ4MTYyNy4xNjguMS4xNzAyNDgyMjI4LjAuMC4w\"><strong>Rois Mages<\/strong><\/a> aussi, qui symbolisent les puissants, les savants, ceux qui connaissaient les proph\u00e9ties et savaient pour la venue du Messie. \u00c0 eux incombera la t\u00e2che d\u2019annoncer la naissance de J\u00e9sus parmi leurs pairs, mais les premiers \u00e0 adorer l\u2019Enfant dans la nuit de toutes les nuits resteront pour l\u2019\u00e9ternit\u00e9 les humbles bergers visit\u00e9s par un Ange descendu du ciel.<\/p>\n<div class=\"link-product\">\n<div class=\"blocco-immagine\"><img loading=\"lazy\" decoding=\"async\" class=\"size-full wp-image-7569 alignleft\" src=\"https:\/\/blog.holyart.it\/fr\/wp-content\/uploads\/sites\/14\/2023\/12\/Rois-Mages-2.jpg\" alt=\"Rois Mages\" width=\"100\" height=\"100\" data-kale-share-title=\"L\u2019adoration des bergers: quand l\u2019Ange annon\u00e7a la naissance de J\u00e9sus\" data-kale-share-url=\"https:\/\/blog.holyart.it\/fr\/?p=7560\" \/><\/div>\n<div class=\"blocco-contenuto\">\n<div class=\"blocco-acquista\">Acheter sur Holyart:<\/div>\n<div class=\"blocco-titolo\"><a href=\"https:\/\/www.holyart.fr\/noel\/santons-creche\/trois-rois-mages-style-oriental-resine-coloree-42-cm\">Trois Rois Mages style oriental r\u00e9sine color\u00e9e 42 cm<\/a><\/div>\n<div class=\"blocco-descrizione\">Santons en r\u00e9sine peinte \u00e0 la main, adapt\u00e9s pour cr\u00e8che avec figurines de 42 cm.<\/div>\n<\/div>\n<\/div>\n","protected":false},"excerpt":{"rendered":"<p>L\u2019adoration des bergers: de l\u2019\u00c9vangile de Luc \u00e0 la Cr\u00e8che une histoire ancienne et toujours d\u2019actualit\u00e9 D\u00e8s notre enfance nous apprenons \u00e0 reconna\u00eetre les personnages principaux de la Cr\u00e8che : la Sainte Famille, compos\u00e9e de Marie, Joseph et bien \u00e9videmment de l\u2019Enfant J\u00e9sus, le b\u0153uf&hellip;<\/p>\n","protected":false},"author":1,"featured_media":7562,"comment_status":"closed","ping_status":"open","sticky":false,"template":"","format":"standard","meta":{"_acf_changed":false,"footnotes":""},"categories":[8],"tags":[],"class_list":["post-7560","post","type-post","status-publish","format-standard","has-post-thumbnail","hentry","category-articles-religieux"],"acf":[],"yoast_head":"<!-- This site is optimized with the Yoast SEO plugin v26.6 - https:\/\/yoast.com\/wordpress\/plugins\/seo\/ -->\n<title>L\u2019adoration des bergers: quand l\u2019Ange annon\u00e7a la naissance de J\u00e9sus - Holyart.fr Blog<\/title>\n<meta name=\"description\" content=\"L\u2019adoration des bergers: de l\u2019\u00c9vangile de Luc \u00e0 la Cr\u00e8che une histoire ancienne et toujours d\u2019actualit\u00e9...\" \/>\n<meta name=\"robots\" content=\"index, follow, max-snippet:-1, max-image-preview:large, max-video-preview:-1\" \/>\n<link rel=\"canonical\" href=\"https:\/\/blog.holyart.it\/fr\/articles-religieux\/ladoration-des-bergers-quand-lange-annonca-la-naissance-de-jesus\/\" \/>\n<meta property=\"og:locale\" content=\"fr_FR\" \/>\n<meta property=\"og:type\" content=\"article\" \/>\n<meta property=\"og:title\" content=\"L\u2019adoration des bergers: quand l\u2019Ange annon\u00e7a la naissance de J\u00e9sus - Holyart.fr Blog\" \/>\n<meta property=\"og:description\" content=\"L\u2019adoration des bergers: de l\u2019\u00c9vangile de Luc \u00e0 la Cr\u00e8che une histoire ancienne et toujours d\u2019actualit\u00e9...\" \/>\n<meta property=\"og:url\" content=\"https:\/\/blog.holyart.it\/fr\/articles-religieux\/ladoration-des-bergers-quand-lange-annonca-la-naissance-de-jesus\/\" \/>\n<meta property=\"og:site_name\" content=\"Holyart.fr Blog\" \/>\n<meta property=\"article:published_time\" content=\"2023-12-20T09:00:20+00:00\" \/>\n<meta property=\"article:modified_time\" content=\"2025-11-26T11:35:38+00:00\" \/>\n<meta property=\"og:image\" content=\"https:\/\/blog.holyart.it\/fr\/wp-content\/uploads\/sites\/14\/2023\/12\/Ladoration-des-bergers.jpg\" \/>\n\t<meta property=\"og:image:width\" content=\"1000\" \/>\n\t<meta property=\"og:image:height\" content=\"666\" \/>\n\t<meta property=\"og:image:type\" content=\"image\/jpeg\" \/>\n<meta name=\"author\" content=\"Redazione\" \/>\n<meta name=\"twitter:card\" content=\"summary_large_image\" \/>\n<meta name=\"twitter:label1\" content=\"\u00c9crit par\" \/>\n\t<meta name=\"twitter:data1\" content=\"Redazione\" \/>\n\t<meta name=\"twitter:label2\" content=\"Dur\u00e9e de lecture estim\u00e9e\" \/>\n\t<meta name=\"twitter:data2\" content=\"7 minutes\" \/>\n<script type=\"application\/ld+json\" class=\"yoast-schema-graph\">{\"@context\":\"https:\/\/schema.org\",\"@graph\":[{\"@type\":\"Article\",\"@id\":\"https:\/\/blog.holyart.it\/fr\/articles-religieux\/ladoration-des-bergers-quand-lange-annonca-la-naissance-de-jesus\/#article\",\"isPartOf\":{\"@id\":\"https:\/\/blog.holyart.it\/fr\/articles-religieux\/ladoration-des-bergers-quand-lange-annonca-la-naissance-de-jesus\/\"},\"author\":{\"name\":\"Redazione\",\"@id\":\"https:\/\/blog.holyart.it\/fr\/#\/schema\/person\/0a7b686e5af0f856ec1e390dd0baecda\"},\"headline\":\"L\u2019adoration des bergers: quand l\u2019Ange annon\u00e7a la naissance de J\u00e9sus\",\"datePublished\":\"2023-12-20T09:00:20+00:00\",\"dateModified\":\"2025-11-26T11:35:38+00:00\",\"mainEntityOfPage\":{\"@id\":\"https:\/\/blog.holyart.it\/fr\/articles-religieux\/ladoration-des-bergers-quand-lange-annonca-la-naissance-de-jesus\/\"},\"wordCount\":1144,\"publisher\":{\"@id\":\"https:\/\/blog.holyart.it\/fr\/#organization\"},\"image\":{\"@id\":\"https:\/\/blog.holyart.it\/fr\/articles-religieux\/ladoration-des-bergers-quand-lange-annonca-la-naissance-de-jesus\/#primaryimage\"},\"thumbnailUrl\":\"https:\/\/blog.holyart.it\/fr\/wp-content\/uploads\/sites\/14\/2023\/12\/Ladoration-des-bergers.jpg\",\"articleSection\":[\"Religion\"],\"inLanguage\":\"fr-FR\"},{\"@type\":\"WebPage\",\"@id\":\"https:\/\/blog.holyart.it\/fr\/articles-religieux\/ladoration-des-bergers-quand-lange-annonca-la-naissance-de-jesus\/\",\"url\":\"https:\/\/blog.holyart.it\/fr\/articles-religieux\/ladoration-des-bergers-quand-lange-annonca-la-naissance-de-jesus\/\",\"name\":\"L\u2019adoration des bergers: quand l\u2019Ange annon\u00e7a la naissance de J\u00e9sus - Holyart.fr Blog\",\"isPartOf\":{\"@id\":\"https:\/\/blog.holyart.it\/fr\/#website\"},\"primaryImageOfPage\":{\"@id\":\"https:\/\/blog.holyart.it\/fr\/articles-religieux\/ladoration-des-bergers-quand-lange-annonca-la-naissance-de-jesus\/#primaryimage\"},\"image\":{\"@id\":\"https:\/\/blog.holyart.it\/fr\/articles-religieux\/ladoration-des-bergers-quand-lange-annonca-la-naissance-de-jesus\/#primaryimage\"},\"thumbnailUrl\":\"https:\/\/blog.holyart.it\/fr\/wp-content\/uploads\/sites\/14\/2023\/12\/Ladoration-des-bergers.jpg\",\"datePublished\":\"2023-12-20T09:00:20+00:00\",\"dateModified\":\"2025-11-26T11:35:38+00:00\",\"description\":\"L\u2019adoration des bergers: de l\u2019\u00c9vangile de Luc \u00e0 la Cr\u00e8che une histoire ancienne et toujours d\u2019actualit\u00e9...\",\"breadcrumb\":{\"@id\":\"https:\/\/blog.holyart.it\/fr\/articles-religieux\/ladoration-des-bergers-quand-lange-annonca-la-naissance-de-jesus\/#breadcrumb\"},\"inLanguage\":\"fr-FR\",\"potentialAction\":[{\"@type\":\"ReadAction\",\"target\":[\"https:\/\/blog.holyart.it\/fr\/articles-religieux\/ladoration-des-bergers-quand-lange-annonca-la-naissance-de-jesus\/\"]}]},{\"@type\":\"ImageObject\",\"inLanguage\":\"fr-FR\",\"@id\":\"https:\/\/blog.holyart.it\/fr\/articles-religieux\/ladoration-des-bergers-quand-lange-annonca-la-naissance-de-jesus\/#primaryimage\",\"url\":\"https:\/\/blog.holyart.it\/fr\/wp-content\/uploads\/sites\/14\/2023\/12\/Ladoration-des-bergers.jpg\",\"contentUrl\":\"https:\/\/blog.holyart.it\/fr\/wp-content\/uploads\/sites\/14\/2023\/12\/Ladoration-des-bergers.jpg\",\"width\":1000,\"height\":666,\"caption\":\"L'adoration des bergers\"},{\"@type\":\"BreadcrumbList\",\"@id\":\"https:\/\/blog.holyart.it\/fr\/articles-religieux\/ladoration-des-bergers-quand-lange-annonca-la-naissance-de-jesus\/#breadcrumb\",\"itemListElement\":[{\"@type\":\"ListItem\",\"position\":1,\"name\":\"Homepage\",\"item\":\"https:\/\/blog.holyart.it\/fr\/\"},{\"@type\":\"ListItem\",\"position\":2,\"name\":\"Religion\",\"item\":\"https:\/\/blog.holyart.it\/fr\/articles-religieux\/\"},{\"@type\":\"ListItem\",\"position\":3,\"name\":\"L\u2019adoration des bergers: quand l\u2019Ange annon\u00e7a la naissance de J\u00e9sus\"}]},{\"@type\":\"WebSite\",\"@id\":\"https:\/\/blog.holyart.it\/fr\/#website\",\"url\":\"https:\/\/blog.holyart.it\/fr\/\",\"name\":\"Holyart.fr Blog\",\"description\":\"Holyblog\",\"publisher\":{\"@id\":\"https:\/\/blog.holyart.it\/fr\/#organization\"},\"potentialAction\":[{\"@type\":\"SearchAction\",\"target\":{\"@type\":\"EntryPoint\",\"urlTemplate\":\"https:\/\/blog.holyart.it\/fr\/?s={search_term_string}\"},\"query-input\":{\"@type\":\"PropertyValueSpecification\",\"valueRequired\":true,\"valueName\":\"search_term_string\"}}],\"inLanguage\":\"fr-FR\"},{\"@type\":\"Organization\",\"@id\":\"https:\/\/blog.holyart.it\/fr\/#organization\",\"name\":\"Holyart.fr Blog\",\"url\":\"https:\/\/blog.holyart.it\/fr\/\",\"logo\":{\"@type\":\"ImageObject\",\"inLanguage\":\"fr-FR\",\"@id\":\"https:\/\/blog.holyart.it\/fr\/#\/schema\/logo\/image\/\",\"url\":\"https:\/\/blog.holyart.it\/fr\/wp-content\/uploads\/sites\/14\/2022\/12\/Holyart_Blog_Logo.jpg\",\"contentUrl\":\"https:\/\/blog.holyart.it\/fr\/wp-content\/uploads\/sites\/14\/2022\/12\/Holyart_Blog_Logo.jpg\",\"width\":300,\"height\":50,\"caption\":\"Holyart.fr Blog\"},\"image\":{\"@id\":\"https:\/\/blog.holyart.it\/fr\/#\/schema\/logo\/image\/\"}},{\"@type\":\"Person\",\"@id\":\"https:\/\/blog.holyart.it\/fr\/#\/schema\/person\/0a7b686e5af0f856ec1e390dd0baecda\",\"name\":\"Redazione\",\"image\":{\"@type\":\"ImageObject\",\"inLanguage\":\"fr-FR\",\"@id\":\"https:\/\/blog.holyart.it\/fr\/#\/schema\/person\/image\/\",\"url\":\"https:\/\/secure.gravatar.com\/avatar\/f477da817f43e50d0af36abecd33e3edf826c68299714bdc1057dff3b113f516?s=96&d=mm&r=g\",\"contentUrl\":\"https:\/\/secure.gravatar.com\/avatar\/f477da817f43e50d0af36abecd33e3edf826c68299714bdc1057dff3b113f516?s=96&d=mm&r=g\",\"caption\":\"Redazione\"},\"url\":\"https:\/\/blog.holyart.it\/fr\/author\/admin\/\"}]}<\/script>\n<!-- \/ Yoast SEO plugin. -->","yoast_head_json":{"title":"L\u2019adoration des bergers: quand l\u2019Ange annon\u00e7a la naissance de J\u00e9sus - Holyart.fr Blog","description":"L\u2019adoration des bergers: de l\u2019\u00c9vangile de Luc \u00e0 la Cr\u00e8che une histoire ancienne et toujours d\u2019actualit\u00e9...","robots":{"index":"index","follow":"follow","max-snippet":"max-snippet:-1","max-image-preview":"max-image-preview:large","max-video-preview":"max-video-preview:-1"},"canonical":"https:\/\/blog.holyart.it\/fr\/articles-religieux\/ladoration-des-bergers-quand-lange-annonca-la-naissance-de-jesus\/","og_locale":"fr_FR","og_type":"article","og_title":"L\u2019adoration des bergers: quand l\u2019Ange annon\u00e7a la naissance de J\u00e9sus - Holyart.fr Blog","og_description":"L\u2019adoration des bergers: de l\u2019\u00c9vangile de Luc \u00e0 la Cr\u00e8che une histoire ancienne et toujours d\u2019actualit\u00e9...","og_url":"https:\/\/blog.holyart.it\/fr\/articles-religieux\/ladoration-des-bergers-quand-lange-annonca-la-naissance-de-jesus\/","og_site_name":"Holyart.fr Blog","article_published_time":"2023-12-20T09:00:20+00:00","article_modified_time":"2025-11-26T11:35:38+00:00","og_image":[{"width":1000,"height":666,"url":"https:\/\/blog.holyart.it\/fr\/wp-content\/uploads\/sites\/14\/2023\/12\/Ladoration-des-bergers.jpg","type":"image\/jpeg"}],"author":"Redazione","twitter_card":"summary_large_image","twitter_misc":{"\u00c9crit par":"Redazione","Dur\u00e9e de lecture estim\u00e9e":"7 minutes"},"schema":{"@context":"https:\/\/schema.org","@graph":[{"@type":"Article","@id":"https:\/\/blog.holyart.it\/fr\/articles-religieux\/ladoration-des-bergers-quand-lange-annonca-la-naissance-de-jesus\/#article","isPartOf":{"@id":"https:\/\/blog.holyart.it\/fr\/articles-religieux\/ladoration-des-bergers-quand-lange-annonca-la-naissance-de-jesus\/"},"author":{"name":"Redazione","@id":"https:\/\/blog.holyart.it\/fr\/#\/schema\/person\/0a7b686e5af0f856ec1e390dd0baecda"},"headline":"L\u2019adoration des bergers: quand l\u2019Ange annon\u00e7a la naissance de J\u00e9sus","datePublished":"2023-12-20T09:00:20+00:00","dateModified":"2025-11-26T11:35:38+00:00","mainEntityOfPage":{"@id":"https:\/\/blog.holyart.it\/fr\/articles-religieux\/ladoration-des-bergers-quand-lange-annonca-la-naissance-de-jesus\/"},"wordCount":1144,"publisher":{"@id":"https:\/\/blog.holyart.it\/fr\/#organization"},"image":{"@id":"https:\/\/blog.holyart.it\/fr\/articles-religieux\/ladoration-des-bergers-quand-lange-annonca-la-naissance-de-jesus\/#primaryimage"},"thumbnailUrl":"https:\/\/blog.holyart.it\/fr\/wp-content\/uploads\/sites\/14\/2023\/12\/Ladoration-des-bergers.jpg","articleSection":["Religion"],"inLanguage":"fr-FR"},{"@type":"WebPage","@id":"https:\/\/blog.holyart.it\/fr\/articles-religieux\/ladoration-des-bergers-quand-lange-annonca-la-naissance-de-jesus\/","url":"https:\/\/blog.holyart.it\/fr\/articles-religieux\/ladoration-des-bergers-quand-lange-annonca-la-naissance-de-jesus\/","name":"L\u2019adoration des bergers: quand l\u2019Ange annon\u00e7a la naissance de J\u00e9sus - Holyart.fr Blog","isPartOf":{"@id":"https:\/\/blog.holyart.it\/fr\/#website"},"primaryImageOfPage":{"@id":"https:\/\/blog.holyart.it\/fr\/articles-religieux\/ladoration-des-bergers-quand-lange-annonca-la-naissance-de-jesus\/#primaryimage"},"image":{"@id":"https:\/\/blog.holyart.it\/fr\/articles-religieux\/ladoration-des-bergers-quand-lange-annonca-la-naissance-de-jesus\/#primaryimage"},"thumbnailUrl":"https:\/\/blog.holyart.it\/fr\/wp-content\/uploads\/sites\/14\/2023\/12\/Ladoration-des-bergers.jpg","datePublished":"2023-12-20T09:00:20+00:00","dateModified":"2025-11-26T11:35:38+00:00","description":"L\u2019adoration des bergers: de l\u2019\u00c9vangile de Luc \u00e0 la Cr\u00e8che une histoire ancienne et toujours d\u2019actualit\u00e9...","breadcrumb":{"@id":"https:\/\/blog.holyart.it\/fr\/articles-religieux\/ladoration-des-bergers-quand-lange-annonca-la-naissance-de-jesus\/#breadcrumb"},"inLanguage":"fr-FR","potentialAction":[{"@type":"ReadAction","target":["https:\/\/blog.holyart.it\/fr\/articles-religieux\/ladoration-des-bergers-quand-lange-annonca-la-naissance-de-jesus\/"]}]},{"@type":"ImageObject","inLanguage":"fr-FR","@id":"https:\/\/blog.holyart.it\/fr\/articles-religieux\/ladoration-des-bergers-quand-lange-annonca-la-naissance-de-jesus\/#primaryimage","url":"https:\/\/blog.holyart.it\/fr\/wp-content\/uploads\/sites\/14\/2023\/12\/Ladoration-des-bergers.jpg","contentUrl":"https:\/\/blog.holyart.it\/fr\/wp-content\/uploads\/sites\/14\/2023\/12\/Ladoration-des-bergers.jpg","width":1000,"height":666,"caption":"L'adoration des bergers"},{"@type":"BreadcrumbList","@id":"https:\/\/blog.holyart.it\/fr\/articles-religieux\/ladoration-des-bergers-quand-lange-annonca-la-naissance-de-jesus\/#breadcrumb","itemListElement":[{"@type":"ListItem","position":1,"name":"Homepage","item":"https:\/\/blog.holyart.it\/fr\/"},{"@type":"ListItem","position":2,"name":"Religion","item":"https:\/\/blog.holyart.it\/fr\/articles-religieux\/"},{"@type":"ListItem","position":3,"name":"L\u2019adoration des bergers: quand l\u2019Ange annon\u00e7a la naissance de J\u00e9sus"}]},{"@type":"WebSite","@id":"https:\/\/blog.holyart.it\/fr\/#website","url":"https:\/\/blog.holyart.it\/fr\/","name":"Holyart.fr Blog","description":"Holyblog","publisher":{"@id":"https:\/\/blog.holyart.it\/fr\/#organization"},"potentialAction":[{"@type":"SearchAction","target":{"@type":"EntryPoint","urlTemplate":"https:\/\/blog.holyart.it\/fr\/?s={search_term_string}"},"query-input":{"@type":"PropertyValueSpecification","valueRequired":true,"valueName":"search_term_string"}}],"inLanguage":"fr-FR"},{"@type":"Organization","@id":"https:\/\/blog.holyart.it\/fr\/#organization","name":"Holyart.fr Blog","url":"https:\/\/blog.holyart.it\/fr\/","logo":{"@type":"ImageObject","inLanguage":"fr-FR","@id":"https:\/\/blog.holyart.it\/fr\/#\/schema\/logo\/image\/","url":"https:\/\/blog.holyart.it\/fr\/wp-content\/uploads\/sites\/14\/2022\/12\/Holyart_Blog_Logo.jpg","contentUrl":"https:\/\/blog.holyart.it\/fr\/wp-content\/uploads\/sites\/14\/2022\/12\/Holyart_Blog_Logo.jpg","width":300,"height":50,"caption":"Holyart.fr Blog"},"image":{"@id":"https:\/\/blog.holyart.it\/fr\/#\/schema\/logo\/image\/"}},{"@type":"Person","@id":"https:\/\/blog.holyart.it\/fr\/#\/schema\/person\/0a7b686e5af0f856ec1e390dd0baecda","name":"Redazione","image":{"@type":"ImageObject","inLanguage":"fr-FR","@id":"https:\/\/blog.holyart.it\/fr\/#\/schema\/person\/image\/","url":"https:\/\/secure.gravatar.com\/avatar\/f477da817f43e50d0af36abecd33e3edf826c68299714bdc1057dff3b113f516?s=96&d=mm&r=g","contentUrl":"https:\/\/secure.gravatar.com\/avatar\/f477da817f43e50d0af36abecd33e3edf826c68299714bdc1057dff3b113f516?s=96&d=mm&r=g","caption":"Redazione"},"url":"https:\/\/blog.holyart.it\/fr\/author\/admin\/"}]}},"_links":{"self":[{"href":"https:\/\/blog.holyart.it\/fr\/wp-json\/wp\/v2\/posts\/7560","targetHints":{"allow":["GET"]}}],"collection":[{"href":"https:\/\/blog.holyart.it\/fr\/wp-json\/wp\/v2\/posts"}],"about":[{"href":"https:\/\/blog.holyart.it\/fr\/wp-json\/wp\/v2\/types\/post"}],"author":[{"embeddable":true,"href":"https:\/\/blog.holyart.it\/fr\/wp-json\/wp\/v2\/users\/1"}],"replies":[{"embeddable":true,"href":"https:\/\/blog.holyart.it\/fr\/wp-json\/wp\/v2\/comments?post=7560"}],"version-history":[{"count":6,"href":"https:\/\/blog.holyart.it\/fr\/wp-json\/wp\/v2\/posts\/7560\/revisions"}],"predecessor-version":[{"id":7574,"href":"https:\/\/blog.holyart.it\/fr\/wp-json\/wp\/v2\/posts\/7560\/revisions\/7574"}],"wp:featuredmedia":[{"embeddable":true,"href":"https:\/\/blog.holyart.it\/fr\/wp-json\/wp\/v2\/media\/7562"}],"wp:attachment":[{"href":"https:\/\/blog.holyart.it\/fr\/wp-json\/wp\/v2\/media?parent=7560"}],"wp:term":[{"taxonomy":"category","embeddable":true,"href":"https:\/\/blog.holyart.it\/fr\/wp-json\/wp\/v2\/categories?post=7560"},{"taxonomy":"post_tag","embeddable":true,"href":"https:\/\/blog.holyart.it\/fr\/wp-json\/wp\/v2\/tags?post=7560"}],"curies":[{"name":"wp","href":"https:\/\/api.w.org\/{rel}","templated":true}]}}