{"id":7551,"date":"2023-12-18T10:00:38","date_gmt":"2023-12-18T09:00:38","guid":{"rendered":"https:\/\/blog.holyart.it\/fr\/?p=7551"},"modified":"2025-11-26T17:44:27","modified_gmt":"2025-11-26T16:44:27","slug":"kalenda-de-noel-quest-ce-que-cest-et-quand-se-passe-t-il","status":"publish","type":"post","link":"https:\/\/blog.holyart.it\/fr\/articles-religieux\/kalenda-de-noel-quest-ce-que-cest-et-quand-se-passe-t-il\/","title":{"rendered":"Kalenda de No\u00ebl: qu\u2019est-ce que c\u2019est et quand se passe-t-il"},"content":{"rendered":"<h4><em>La messe de No\u00ebl est un de moments les plus importants de l\u2019ann\u00e9e pour la spiritualit\u00e9 de chaque chr\u00e9tien. D\u00e9couvrons le Kalenda de No\u00ebl et d\u2019autres rites particuliers<\/em><\/h4>\n\n<p>Le souvenir de la messe de No\u00ebl, c\u00e9l\u00e9br\u00e9e \u00e0 minuit, est certainement un des plus \u00e9mouvants pour chaque chr\u00e9tien depuis son enfance. Apr\u00e8s avoir pass\u00e9 la soir\u00e9e du <strong>R\u00e9veillon<\/strong> avec parents et amis, dans la chaleur de notre maison, dans un climat d\u2019attente palpable qui en cette nuit magique unit adultes et enfants, on se rend \u00e0 l\u2019\u00e9glise, remplie de familles transies de froid, toutes anim\u00e9es par la m\u00eame, in\u00e9puisable <strong>stupeur<\/strong>, par la joie d\u00e9riv\u00e9e de la conscience que l\u2019<a href=\"https:\/\/www.holyart.fr\/noel\/statues-enfant-jesus\"><strong>Enfant J\u00e9sus<\/strong><\/a><strong> est n\u00e9<\/strong>, et encore une fois pr\u00eats \u00e0 c\u00e9l\u00e9brer Sa venue tous ensembles. La <strong>messe du R\u00e9veillon de No\u00ebl<\/strong> n\u2019est pas une c\u00e9r\u00e9monie ordinaire. Elle poss\u00e8de une liturgie particuli\u00e8re, unique, qui se renouvelle chaque ann\u00e9e, mais qui puise ses racines dans des rites anciens. Le <strong>Kalenda de No\u00ebl<\/strong> n\u2019est qu\u2019un exemple parmi d\u2019autres.<\/p>\n<div class=\"link-product\">\n<div class=\"blocco-immagine\"><img loading=\"lazy\" decoding=\"async\" class=\"size-full wp-image-7553 alignleft\" src=\"https:\/\/blog.holyart.it\/fr\/wp-content\/uploads\/sites\/14\/2023\/12\/santon-enfant-jesus-h-reelle-10-cm-resine-1.jpg\" alt=\"Santon enfant Jesus 10 cm\" width=\"100\" height=\"100\" data-kale-share-title=\"Kalenda de No\u00ebl : qu\u2019est-ce que c\u2019est et quand se passe-t-il\" data-kale-share-url=\"https:\/\/blog.holyart.it\/fr\/?p=7551\" \/><\/div>\n<div class=\"blocco-contenuto\">\n<div class=\"blocco-acquista\">Acheter sur Holyart:<\/div>\n<div class=\"blocco-titolo\"><a href=\"https:\/\/www.holyart.fr\/noel\/statues-enfant-jesus\/santon-enfant-jesus-h-reelle-10-cm-resine\">Santon Enfant J\u00e9sus h r\u00e9elle 10 cm r\u00e9sine<\/a><\/div>\n<div class=\"blocco-descrizione\">Santon Enfant J\u00e9sus h r\u00e9elle 9,5 cm r\u00e9sine. Santon de l&rsquo;Enfant J\u00e9sus avec mains pr\u00e8s du visage, r\u00e9alis\u00e9 en r\u00e9sine.<\/div>\n<\/div>\n<\/div>\n<h2>Kalenda de No\u00ebl<\/h2>\n<p>Le Kalenda est un accomplissement liturgique qui \u00e9tait autrefois incorpor\u00e9 dans la <strong>Prime<\/strong> de la <em>Liturgie des Heures<\/em>, ou Br\u00e9viaire. C\u2019\u00e9tait le moment de pri\u00e8re que les moines pratiquaient autour de 6h00 du matin. Le mot Kalenda d\u00e9rive du latin <em>kalendae<\/em>, terme utilis\u00e9 pour indiquer le <strong>premier jour de chaque mois<\/strong>. Les br\u00e9viaires modernes ne reportent plus cet accomplissement, \u00e9limin\u00e9 en m\u00eame temps que la Prime par la r\u00e9forme liturgique successive au Concile Vatican II. Mais la tradition du Kalenda reste vive et a assum\u00e9 au cours du temps une signification nouvelle et particuli\u00e8re. C\u2019est probablement par sa <strong>forme chant\u00e9e<\/strong>, qui lui donne une connotation festive, probablement en raison des mots m\u00eame avec lesquels elle commence et lui donnent son nom (<em>Octavo Kalendas Ianuarii, Luna decimaquinta,\u00a0<\/em>\u00ab\u00a0Huit jour avant le d\u00e9but de Janvier \u2013 donc le 25 d\u00e9cembre \u2013, quinzi\u00e8me lune\u00a0\u00bb). Le Kalenda n\u2019est autre qu\u2019une <strong>annonce de la naissance de J\u00e9sus<\/strong>, racont\u00e9e d\u2019une mani\u00e8re qui rappelle le Prologue de l\u2019<strong>\u00c9vangile de Jean<\/strong>, lu pendant la Messe du jour de No\u00ebl, en partant d\u2019une vision ample et totale du temps et de l\u2019<strong>histoire du rapport entre Dieu et les hommes<\/strong>, pour en arriver \u00e0 la <strong>venue de J\u00e9sus-Christ<\/strong>, \u00e0 son \u00eatre devenu chair en cette nuit unique.<\/p>\n<div class=\"link-product\">\n<div class=\"blocco-immagine\"><img loading=\"lazy\" decoding=\"async\" class=\"size-full wp-image-7554 alignleft\" src=\"https:\/\/blog.holyart.it\/fr\/wp-content\/uploads\/sites\/14\/2023\/12\/Evangile-et-acte-des-apotres-et-psaumes-bible-ITALIEN.jpg\" alt=\"Evangile en italien\" width=\"100\" height=\"100\" data-kale-share-title=\"Kalenda de No\u00ebl : qu\u2019est-ce que c\u2019est et quand se passe-t-il\" data-kale-share-url=\"https:\/\/blog.holyart.it\/fr\/?p=7551\" \/><\/div>\n<div class=\"blocco-contenuto\">\n<div class=\"blocco-acquista\">Acheter sur Holyart:<\/div>\n<div class=\"blocco-titolo\"><a href=\"https:\/\/www.holyart.fr\/articles-religieux\/livres-sacres\/evangiles\/evangile-et-acte-des-apotres-et-psaumes-bible-italien\">Evangile et acte des ap\u00f4tres et psaumes bible ITALIEN<\/a><\/div>\n<div class=\"blocco-descrizione\">Evangile et acte des ap\u00f4tres et psaumes bible de J\u00e9rusalem.<\/div>\n<\/div>\n<\/div>\n<p>Aujourd\u2019hui, lors de la messe de No\u00ebl \u00e0 Rome, le Kalenda est chant\u00e9 avant les rites initiaux comme une annonce qui accompagne le d\u00e9but de la procession d\u2019entr\u00e9e. L\u2019accomplissement est une succession d\u2019\u00e9v\u00e8nements chronologiques :<\/p>\n<p><em>Des si\u00e8cles sans nombre apr\u00e8s la cr\u00e9ation du monde, \u2026<\/em><\/p>\n<p><em>[\u2026] des si\u00e8cles et des si\u00e8cles apr\u00e8s le D\u00e9luge,<\/em><\/p>\n<p><em>[\u2026] le treizi\u00e8me si\u00e8cle depuis la sortie d\u2019\u00c9gypte du peuple d\u2019Isra\u00ebl sous la conduite de Mo\u00efse ;\u2026<\/em><\/p>\n<p>Et ainsi de suite, jusqu\u2019\u00e0 arriver \u00e0 :<\/p>\n<p><em>La quarante-deuxi\u00e8me ann\u00e9e de l\u2019empire de C\u00e9sar Octavien Auguste, tout l\u2019univers \u00e9tant en paix, J\u00e9sus-Christ, Dieu \u00e9ternel et Fils du P\u00e8re \u00e9ternel, voulant sanctifier le monde par son mis\u00e9ricordieux av\u00e8nement, ayant \u00e9t\u00e9 con\u00e7u du Saint-Esprit, et neuf mois s\u2019\u00e9tant \u00e9coul\u00e9s depuis sa conception, na\u00eet \u00e0 Bethl\u00e9em de Jud\u00e9e, fait homme, de la Vierge Marie.<\/em><\/p>\n<p>Ce type d\u2019<strong>\u00e9num\u00e9ration d\u2019\u00e9v\u00e8nements historiques <\/strong>avec une insistance particuli\u00e8re sur la liste de chiffres, sur le choix des lieux, mais aussi sur la citation de noms de personnages historiques et fictifs, nous renvoie imm\u00e9diatement \u00e0 l\u2019Ancien Testament et, plus en g\u00e9n\u00e9ral, \u00e0 une approche narrative ancienne qui m\u00e9langeait faits historiques et \u00e9v\u00e9nements l\u00e9gendaires. Dans ce domaine il est utile de confirmer l\u2019absolue v\u00e9rit\u00e9 historique des \u00e9v\u00e9nements racont\u00e9s et, en particulier, de la naissance de J\u00e9sus.<\/p>\n<h2>La Neuvaine de No\u00ebl<\/h2>\n<p>Un autre usage typique du Temps de No\u00ebl est la <strong>Neuvaine de No\u00ebl<\/strong>, une forme de d\u00e9votion populaire non officielle, dans le sens o\u00f9 elle ne rentre pas dans la liturgie canonique de No\u00ebl, mais qu\u2019elle est pratiqu\u00e9e depuis toujours par les fid\u00e8les qui souhaitent se pr\u00e9parer de mani\u00e8re ad\u00e9quate \u00e0 la naissance de J\u00e9sus. Dans les neuf jours qui pr\u00e9c\u00e8dent No\u00ebl, du 16 au 24 d\u00e9cembre, on r\u00e9cite une s\u00e9rie de pri\u00e8res et on lit des passages choisis des \u00e9critures afin de se pr\u00e9parer pour l\u2019occasion. Les premiers \u00e0 r\u00e9citer la Neuvaine de No\u00ebl furent les d\u00e9vots d\u2019une communaut\u00e9 de missionnaires li\u00e9s \u00e0 Saint Vincent de Paul dans la No\u00ebl de 1720, dans l\u2019\u00e9glise de l\u2019Immacul\u00e9e Conception \u00e0 c\u00f4t\u00e9 du pensionnat eccl\u00e9siastique qu\u2019ils g\u00e9raient. Ils cr\u00e9\u00e8rent une Neuvaine en partant d\u2019extraits de l\u2019Ancien Testament qui exprimaient <strong>le d\u00e9sir, l\u2019attente et, pour conclure, la joie pour la venue de J\u00e9sus<\/strong>. Les parties chant\u00e9es et la m\u00e9lodie simple et entra\u00eenante contribu\u00e8rent au succ\u00e8s et \u00e0 la diffusion de cette Neuvaine.<\/p>\n<h2>Quatre messes pour No\u00ebl<\/h2>\n<p>Le temps de No\u00ebl se compose en r\u00e9alit\u00e9 non pas d\u2019une, mais de quatre messes : la messe <em>vespertina<\/em>, la messe\u00a0<em>ad noctem<\/em>, la messe\u00a0<em>in aurora<\/em>\u00a0et la messe\u00a0<em>in die\u00a0<\/em>(de jour). Ces quatre c\u00e9l\u00e9brations couvrent tous les moments de la No\u00ebl, en guidant les fid\u00e8les dans la pri\u00e8re et dans la m\u00e9ditation pour la venue de J\u00e9sus :<\/p>\n<ul>\n<li>les <strong>V\u00eapres<\/strong> du R\u00e9veillon de No\u00ebl, temps de l\u2019attente ;<\/li>\n<li><strong>premi\u00e8re messe :<\/strong>\u00a0\u00e0 minuit on f\u00eate \u00ab\u00a0la naissance \u00e9ternelle du Verbe au sein des splendeurs du P\u00e8re\u00a0\u00bb\u00a0; autrefois elle \u00e9tait appel\u00e9e <em>ad galli cantus<\/em> et elle c\u00e9l\u00e8bre la naissance de J\u00e9sus dans le monde\u00a0;<\/li>\n<li><strong>deuxi\u00e8me messe<\/strong> : \u00e0 l\u2019aube, elle c\u00e9l\u00e8bre \u00ab\u00a0l\u2019apparition temporelle de l\u2019humilit\u00e9 de la chair\u00a0\u00bb, institu\u00e9e afin d\u2019honorer la manifestation de J\u00e9sus-Christ aux bergers\u00a0;<\/li>\n<li><strong>troisi\u00e8me messe : <\/strong>en plein jour, elle c\u00e9l\u00e8bre et honore la naissance spirituelle et quotidienne de Christ dans le c\u0153ur des justes et \u00ab\u00a0le retour final au dernier jugement\u00a0\u00bb.<\/li>\n<\/ul>\n<p>Comme le r\u00e9cite le\u00a0<em>Liber Sacramentorum<\/em>, du cardinal Alfredo Ildefonso\u00a0Schuster<em>,\u00a0<\/em>qui contient les textes et les sp\u00e9cifications des gestes avec lesquels on c\u00e9l\u00e8bre les actes de culte du Missel romain.<\/p>\n","protected":false},"excerpt":{"rendered":"<p>La messe de No\u00ebl est un de moments les plus importants de l\u2019ann\u00e9e pour la spiritualit\u00e9 de chaque chr\u00e9tien. D\u00e9couvrons le Kalenda de No\u00ebl et d\u2019autres rites particuliers Le souvenir de la messe de No\u00ebl, c\u00e9l\u00e9br\u00e9e \u00e0 minuit, est certainement un des plus \u00e9mouvants pour&hellip;<\/p>\n","protected":false},"author":1,"featured_media":7552,"comment_status":"closed","ping_status":"open","sticky":false,"template":"","format":"standard","meta":{"_acf_changed":false,"footnotes":""},"categories":[8],"tags":[],"class_list":["post-7551","post","type-post","status-publish","format-standard","has-post-thumbnail","hentry","category-articles-religieux"],"acf":[],"yoast_head":"<!-- This site is optimized with the Yoast SEO plugin v26.6 - https:\/\/yoast.com\/wordpress\/plugins\/seo\/ -->\n<title>Kalenda de No\u00ebl: qu\u2019est-ce que c\u2019est et quand se passe-t-il - Holyart.fr Blog<\/title>\n<meta name=\"robots\" content=\"index, follow, max-snippet:-1, max-image-preview:large, max-video-preview:-1\" \/>\n<link rel=\"canonical\" href=\"https:\/\/blog.holyart.it\/fr\/articles-religieux\/kalenda-de-noel-quest-ce-que-cest-et-quand-se-passe-t-il\/\" \/>\n<meta property=\"og:locale\" content=\"fr_FR\" \/>\n<meta property=\"og:type\" content=\"article\" \/>\n<meta property=\"og:title\" content=\"Kalenda de No\u00ebl: qu\u2019est-ce que c\u2019est et quand se passe-t-il - Holyart.fr Blog\" \/>\n<meta property=\"og:description\" content=\"La messe de No\u00ebl est un de moments les plus importants de l\u2019ann\u00e9e pour la spiritualit\u00e9 de chaque chr\u00e9tien. D\u00e9couvrons le Kalenda de No\u00ebl et d\u2019autres rites particuliers Le souvenir de la messe de No\u00ebl, c\u00e9l\u00e9br\u00e9e \u00e0 minuit, est certainement un des plus \u00e9mouvants pour&hellip;\" \/>\n<meta property=\"og:url\" content=\"https:\/\/blog.holyart.it\/fr\/articles-religieux\/kalenda-de-noel-quest-ce-que-cest-et-quand-se-passe-t-il\/\" \/>\n<meta property=\"og:site_name\" content=\"Holyart.fr Blog\" \/>\n<meta property=\"article:published_time\" content=\"2023-12-18T09:00:38+00:00\" \/>\n<meta property=\"article:modified_time\" content=\"2025-11-26T16:44:27+00:00\" \/>\n<meta property=\"og:image\" content=\"https:\/\/blog.holyart.it\/fr\/wp-content\/uploads\/sites\/14\/2023\/12\/kalenda-de-noel.jpg\" \/>\n\t<meta property=\"og:image:width\" content=\"1000\" \/>\n\t<meta property=\"og:image:height\" content=\"666\" \/>\n\t<meta property=\"og:image:type\" content=\"image\/jpeg\" \/>\n<meta name=\"author\" content=\"Redazione\" \/>\n<meta name=\"twitter:card\" content=\"summary_large_image\" \/>\n<meta name=\"twitter:label1\" content=\"\u00c9crit par\" \/>\n\t<meta name=\"twitter:data1\" content=\"Redazione\" \/>\n\t<meta name=\"twitter:label2\" content=\"Dur\u00e9e de lecture estim\u00e9e\" \/>\n\t<meta name=\"twitter:data2\" content=\"6 minutes\" \/>\n<script type=\"application\/ld+json\" class=\"yoast-schema-graph\">{\"@context\":\"https:\/\/schema.org\",\"@graph\":[{\"@type\":\"Article\",\"@id\":\"https:\/\/blog.holyart.it\/fr\/articles-religieux\/kalenda-de-noel-quest-ce-que-cest-et-quand-se-passe-t-il\/#article\",\"isPartOf\":{\"@id\":\"https:\/\/blog.holyart.it\/fr\/articles-religieux\/kalenda-de-noel-quest-ce-que-cest-et-quand-se-passe-t-il\/\"},\"author\":{\"name\":\"Redazione\",\"@id\":\"https:\/\/blog.holyart.it\/fr\/#\/schema\/person\/0a7b686e5af0f856ec1e390dd0baecda\"},\"headline\":\"Kalenda de No\u00ebl: qu\u2019est-ce que c\u2019est et quand se passe-t-il\",\"datePublished\":\"2023-12-18T09:00:38+00:00\",\"dateModified\":\"2025-11-26T16:44:27+00:00\",\"mainEntityOfPage\":{\"@id\":\"https:\/\/blog.holyart.it\/fr\/articles-religieux\/kalenda-de-noel-quest-ce-que-cest-et-quand-se-passe-t-il\/\"},\"wordCount\":1191,\"publisher\":{\"@id\":\"https:\/\/blog.holyart.it\/fr\/#organization\"},\"image\":{\"@id\":\"https:\/\/blog.holyart.it\/fr\/articles-religieux\/kalenda-de-noel-quest-ce-que-cest-et-quand-se-passe-t-il\/#primaryimage\"},\"thumbnailUrl\":\"https:\/\/blog.holyart.it\/fr\/wp-content\/uploads\/sites\/14\/2023\/12\/kalenda-de-noel.jpg\",\"articleSection\":[\"Religion\"],\"inLanguage\":\"fr-FR\"},{\"@type\":\"WebPage\",\"@id\":\"https:\/\/blog.holyart.it\/fr\/articles-religieux\/kalenda-de-noel-quest-ce-que-cest-et-quand-se-passe-t-il\/\",\"url\":\"https:\/\/blog.holyart.it\/fr\/articles-religieux\/kalenda-de-noel-quest-ce-que-cest-et-quand-se-passe-t-il\/\",\"name\":\"Kalenda de No\u00ebl: qu\u2019est-ce que c\u2019est et quand se passe-t-il - Holyart.fr Blog\",\"isPartOf\":{\"@id\":\"https:\/\/blog.holyart.it\/fr\/#website\"},\"primaryImageOfPage\":{\"@id\":\"https:\/\/blog.holyart.it\/fr\/articles-religieux\/kalenda-de-noel-quest-ce-que-cest-et-quand-se-passe-t-il\/#primaryimage\"},\"image\":{\"@id\":\"https:\/\/blog.holyart.it\/fr\/articles-religieux\/kalenda-de-noel-quest-ce-que-cest-et-quand-se-passe-t-il\/#primaryimage\"},\"thumbnailUrl\":\"https:\/\/blog.holyart.it\/fr\/wp-content\/uploads\/sites\/14\/2023\/12\/kalenda-de-noel.jpg\",\"datePublished\":\"2023-12-18T09:00:38+00:00\",\"dateModified\":\"2025-11-26T16:44:27+00:00\",\"breadcrumb\":{\"@id\":\"https:\/\/blog.holyart.it\/fr\/articles-religieux\/kalenda-de-noel-quest-ce-que-cest-et-quand-se-passe-t-il\/#breadcrumb\"},\"inLanguage\":\"fr-FR\",\"potentialAction\":[{\"@type\":\"ReadAction\",\"target\":[\"https:\/\/blog.holyart.it\/fr\/articles-religieux\/kalenda-de-noel-quest-ce-que-cest-et-quand-se-passe-t-il\/\"]}]},{\"@type\":\"ImageObject\",\"inLanguage\":\"fr-FR\",\"@id\":\"https:\/\/blog.holyart.it\/fr\/articles-religieux\/kalenda-de-noel-quest-ce-que-cest-et-quand-se-passe-t-il\/#primaryimage\",\"url\":\"https:\/\/blog.holyart.it\/fr\/wp-content\/uploads\/sites\/14\/2023\/12\/kalenda-de-noel.jpg\",\"contentUrl\":\"https:\/\/blog.holyart.it\/fr\/wp-content\/uploads\/sites\/14\/2023\/12\/kalenda-de-noel.jpg\",\"width\":1000,\"height\":666,\"caption\":\"Kalenda de Noel\"},{\"@type\":\"BreadcrumbList\",\"@id\":\"https:\/\/blog.holyart.it\/fr\/articles-religieux\/kalenda-de-noel-quest-ce-que-cest-et-quand-se-passe-t-il\/#breadcrumb\",\"itemListElement\":[{\"@type\":\"ListItem\",\"position\":1,\"name\":\"Homepage\",\"item\":\"https:\/\/blog.holyart.it\/fr\/\"},{\"@type\":\"ListItem\",\"position\":2,\"name\":\"Religion\",\"item\":\"https:\/\/blog.holyart.it\/fr\/articles-religieux\/\"},{\"@type\":\"ListItem\",\"position\":3,\"name\":\"Kalenda de No\u00ebl: qu\u2019est-ce que c\u2019est et quand se passe-t-il\"}]},{\"@type\":\"WebSite\",\"@id\":\"https:\/\/blog.holyart.it\/fr\/#website\",\"url\":\"https:\/\/blog.holyart.it\/fr\/\",\"name\":\"Holyart.fr Blog\",\"description\":\"Holyblog\",\"publisher\":{\"@id\":\"https:\/\/blog.holyart.it\/fr\/#organization\"},\"potentialAction\":[{\"@type\":\"SearchAction\",\"target\":{\"@type\":\"EntryPoint\",\"urlTemplate\":\"https:\/\/blog.holyart.it\/fr\/?s={search_term_string}\"},\"query-input\":{\"@type\":\"PropertyValueSpecification\",\"valueRequired\":true,\"valueName\":\"search_term_string\"}}],\"inLanguage\":\"fr-FR\"},{\"@type\":\"Organization\",\"@id\":\"https:\/\/blog.holyart.it\/fr\/#organization\",\"name\":\"Holyart.fr Blog\",\"url\":\"https:\/\/blog.holyart.it\/fr\/\",\"logo\":{\"@type\":\"ImageObject\",\"inLanguage\":\"fr-FR\",\"@id\":\"https:\/\/blog.holyart.it\/fr\/#\/schema\/logo\/image\/\",\"url\":\"https:\/\/blog.holyart.it\/fr\/wp-content\/uploads\/sites\/14\/2022\/12\/Holyart_Blog_Logo.jpg\",\"contentUrl\":\"https:\/\/blog.holyart.it\/fr\/wp-content\/uploads\/sites\/14\/2022\/12\/Holyart_Blog_Logo.jpg\",\"width\":300,\"height\":50,\"caption\":\"Holyart.fr Blog\"},\"image\":{\"@id\":\"https:\/\/blog.holyart.it\/fr\/#\/schema\/logo\/image\/\"}},{\"@type\":\"Person\",\"@id\":\"https:\/\/blog.holyart.it\/fr\/#\/schema\/person\/0a7b686e5af0f856ec1e390dd0baecda\",\"name\":\"Redazione\",\"image\":{\"@type\":\"ImageObject\",\"inLanguage\":\"fr-FR\",\"@id\":\"https:\/\/blog.holyart.it\/fr\/#\/schema\/person\/image\/\",\"url\":\"https:\/\/secure.gravatar.com\/avatar\/f477da817f43e50d0af36abecd33e3edf826c68299714bdc1057dff3b113f516?s=96&d=mm&r=g\",\"contentUrl\":\"https:\/\/secure.gravatar.com\/avatar\/f477da817f43e50d0af36abecd33e3edf826c68299714bdc1057dff3b113f516?s=96&d=mm&r=g\",\"caption\":\"Redazione\"},\"url\":\"https:\/\/blog.holyart.it\/fr\/author\/admin\/\"}]}<\/script>\n<!-- \/ Yoast SEO plugin. -->","yoast_head_json":{"title":"Kalenda de No\u00ebl: qu\u2019est-ce que c\u2019est et quand se passe-t-il - Holyart.fr Blog","robots":{"index":"index","follow":"follow","max-snippet":"max-snippet:-1","max-image-preview":"max-image-preview:large","max-video-preview":"max-video-preview:-1"},"canonical":"https:\/\/blog.holyart.it\/fr\/articles-religieux\/kalenda-de-noel-quest-ce-que-cest-et-quand-se-passe-t-il\/","og_locale":"fr_FR","og_type":"article","og_title":"Kalenda de No\u00ebl: qu\u2019est-ce que c\u2019est et quand se passe-t-il - Holyart.fr Blog","og_description":"La messe de No\u00ebl est un de moments les plus importants de l\u2019ann\u00e9e pour la spiritualit\u00e9 de chaque chr\u00e9tien. D\u00e9couvrons le Kalenda de No\u00ebl et d\u2019autres rites particuliers Le souvenir de la messe de No\u00ebl, c\u00e9l\u00e9br\u00e9e \u00e0 minuit, est certainement un des plus \u00e9mouvants pour&hellip;","og_url":"https:\/\/blog.holyart.it\/fr\/articles-religieux\/kalenda-de-noel-quest-ce-que-cest-et-quand-se-passe-t-il\/","og_site_name":"Holyart.fr Blog","article_published_time":"2023-12-18T09:00:38+00:00","article_modified_time":"2025-11-26T16:44:27+00:00","og_image":[{"width":1000,"height":666,"url":"https:\/\/blog.holyart.it\/fr\/wp-content\/uploads\/sites\/14\/2023\/12\/kalenda-de-noel.jpg","type":"image\/jpeg"}],"author":"Redazione","twitter_card":"summary_large_image","twitter_misc":{"\u00c9crit par":"Redazione","Dur\u00e9e de lecture estim\u00e9e":"6 minutes"},"schema":{"@context":"https:\/\/schema.org","@graph":[{"@type":"Article","@id":"https:\/\/blog.holyart.it\/fr\/articles-religieux\/kalenda-de-noel-quest-ce-que-cest-et-quand-se-passe-t-il\/#article","isPartOf":{"@id":"https:\/\/blog.holyart.it\/fr\/articles-religieux\/kalenda-de-noel-quest-ce-que-cest-et-quand-se-passe-t-il\/"},"author":{"name":"Redazione","@id":"https:\/\/blog.holyart.it\/fr\/#\/schema\/person\/0a7b686e5af0f856ec1e390dd0baecda"},"headline":"Kalenda de No\u00ebl: qu\u2019est-ce que c\u2019est et quand se passe-t-il","datePublished":"2023-12-18T09:00:38+00:00","dateModified":"2025-11-26T16:44:27+00:00","mainEntityOfPage":{"@id":"https:\/\/blog.holyart.it\/fr\/articles-religieux\/kalenda-de-noel-quest-ce-que-cest-et-quand-se-passe-t-il\/"},"wordCount":1191,"publisher":{"@id":"https:\/\/blog.holyart.it\/fr\/#organization"},"image":{"@id":"https:\/\/blog.holyart.it\/fr\/articles-religieux\/kalenda-de-noel-quest-ce-que-cest-et-quand-se-passe-t-il\/#primaryimage"},"thumbnailUrl":"https:\/\/blog.holyart.it\/fr\/wp-content\/uploads\/sites\/14\/2023\/12\/kalenda-de-noel.jpg","articleSection":["Religion"],"inLanguage":"fr-FR"},{"@type":"WebPage","@id":"https:\/\/blog.holyart.it\/fr\/articles-religieux\/kalenda-de-noel-quest-ce-que-cest-et-quand-se-passe-t-il\/","url":"https:\/\/blog.holyart.it\/fr\/articles-religieux\/kalenda-de-noel-quest-ce-que-cest-et-quand-se-passe-t-il\/","name":"Kalenda de No\u00ebl: qu\u2019est-ce que c\u2019est et quand se passe-t-il - Holyart.fr Blog","isPartOf":{"@id":"https:\/\/blog.holyart.it\/fr\/#website"},"primaryImageOfPage":{"@id":"https:\/\/blog.holyart.it\/fr\/articles-religieux\/kalenda-de-noel-quest-ce-que-cest-et-quand-se-passe-t-il\/#primaryimage"},"image":{"@id":"https:\/\/blog.holyart.it\/fr\/articles-religieux\/kalenda-de-noel-quest-ce-que-cest-et-quand-se-passe-t-il\/#primaryimage"},"thumbnailUrl":"https:\/\/blog.holyart.it\/fr\/wp-content\/uploads\/sites\/14\/2023\/12\/kalenda-de-noel.jpg","datePublished":"2023-12-18T09:00:38+00:00","dateModified":"2025-11-26T16:44:27+00:00","breadcrumb":{"@id":"https:\/\/blog.holyart.it\/fr\/articles-religieux\/kalenda-de-noel-quest-ce-que-cest-et-quand-se-passe-t-il\/#breadcrumb"},"inLanguage":"fr-FR","potentialAction":[{"@type":"ReadAction","target":["https:\/\/blog.holyart.it\/fr\/articles-religieux\/kalenda-de-noel-quest-ce-que-cest-et-quand-se-passe-t-il\/"]}]},{"@type":"ImageObject","inLanguage":"fr-FR","@id":"https:\/\/blog.holyart.it\/fr\/articles-religieux\/kalenda-de-noel-quest-ce-que-cest-et-quand-se-passe-t-il\/#primaryimage","url":"https:\/\/blog.holyart.it\/fr\/wp-content\/uploads\/sites\/14\/2023\/12\/kalenda-de-noel.jpg","contentUrl":"https:\/\/blog.holyart.it\/fr\/wp-content\/uploads\/sites\/14\/2023\/12\/kalenda-de-noel.jpg","width":1000,"height":666,"caption":"Kalenda de Noel"},{"@type":"BreadcrumbList","@id":"https:\/\/blog.holyart.it\/fr\/articles-religieux\/kalenda-de-noel-quest-ce-que-cest-et-quand-se-passe-t-il\/#breadcrumb","itemListElement":[{"@type":"ListItem","position":1,"name":"Homepage","item":"https:\/\/blog.holyart.it\/fr\/"},{"@type":"ListItem","position":2,"name":"Religion","item":"https:\/\/blog.holyart.it\/fr\/articles-religieux\/"},{"@type":"ListItem","position":3,"name":"Kalenda de No\u00ebl: qu\u2019est-ce que c\u2019est et quand se passe-t-il"}]},{"@type":"WebSite","@id":"https:\/\/blog.holyart.it\/fr\/#website","url":"https:\/\/blog.holyart.it\/fr\/","name":"Holyart.fr Blog","description":"Holyblog","publisher":{"@id":"https:\/\/blog.holyart.it\/fr\/#organization"},"potentialAction":[{"@type":"SearchAction","target":{"@type":"EntryPoint","urlTemplate":"https:\/\/blog.holyart.it\/fr\/?s={search_term_string}"},"query-input":{"@type":"PropertyValueSpecification","valueRequired":true,"valueName":"search_term_string"}}],"inLanguage":"fr-FR"},{"@type":"Organization","@id":"https:\/\/blog.holyart.it\/fr\/#organization","name":"Holyart.fr Blog","url":"https:\/\/blog.holyart.it\/fr\/","logo":{"@type":"ImageObject","inLanguage":"fr-FR","@id":"https:\/\/blog.holyart.it\/fr\/#\/schema\/logo\/image\/","url":"https:\/\/blog.holyart.it\/fr\/wp-content\/uploads\/sites\/14\/2022\/12\/Holyart_Blog_Logo.jpg","contentUrl":"https:\/\/blog.holyart.it\/fr\/wp-content\/uploads\/sites\/14\/2022\/12\/Holyart_Blog_Logo.jpg","width":300,"height":50,"caption":"Holyart.fr Blog"},"image":{"@id":"https:\/\/blog.holyart.it\/fr\/#\/schema\/logo\/image\/"}},{"@type":"Person","@id":"https:\/\/blog.holyart.it\/fr\/#\/schema\/person\/0a7b686e5af0f856ec1e390dd0baecda","name":"Redazione","image":{"@type":"ImageObject","inLanguage":"fr-FR","@id":"https:\/\/blog.holyart.it\/fr\/#\/schema\/person\/image\/","url":"https:\/\/secure.gravatar.com\/avatar\/f477da817f43e50d0af36abecd33e3edf826c68299714bdc1057dff3b113f516?s=96&d=mm&r=g","contentUrl":"https:\/\/secure.gravatar.com\/avatar\/f477da817f43e50d0af36abecd33e3edf826c68299714bdc1057dff3b113f516?s=96&d=mm&r=g","caption":"Redazione"},"url":"https:\/\/blog.holyart.it\/fr\/author\/admin\/"}]}},"_links":{"self":[{"href":"https:\/\/blog.holyart.it\/fr\/wp-json\/wp\/v2\/posts\/7551","targetHints":{"allow":["GET"]}}],"collection":[{"href":"https:\/\/blog.holyart.it\/fr\/wp-json\/wp\/v2\/posts"}],"about":[{"href":"https:\/\/blog.holyart.it\/fr\/wp-json\/wp\/v2\/types\/post"}],"author":[{"embeddable":true,"href":"https:\/\/blog.holyart.it\/fr\/wp-json\/wp\/v2\/users\/1"}],"replies":[{"embeddable":true,"href":"https:\/\/blog.holyart.it\/fr\/wp-json\/wp\/v2\/comments?post=7551"}],"version-history":[{"count":3,"href":"https:\/\/blog.holyart.it\/fr\/wp-json\/wp\/v2\/posts\/7551\/revisions"}],"predecessor-version":[{"id":7557,"href":"https:\/\/blog.holyart.it\/fr\/wp-json\/wp\/v2\/posts\/7551\/revisions\/7557"}],"wp:featuredmedia":[{"embeddable":true,"href":"https:\/\/blog.holyart.it\/fr\/wp-json\/wp\/v2\/media\/7552"}],"wp:attachment":[{"href":"https:\/\/blog.holyart.it\/fr\/wp-json\/wp\/v2\/media?parent=7551"}],"wp:term":[{"taxonomy":"category","embeddable":true,"href":"https:\/\/blog.holyart.it\/fr\/wp-json\/wp\/v2\/categories?post=7551"},{"taxonomy":"post_tag","embeddable":true,"href":"https:\/\/blog.holyart.it\/fr\/wp-json\/wp\/v2\/tags?post=7551"}],"curies":[{"name":"wp","href":"https:\/\/api.w.org\/{rel}","templated":true}]}}