{"id":7496,"date":"2023-12-11T10:00:06","date_gmt":"2023-12-11T09:00:06","guid":{"rendered":"https:\/\/blog.holyart.it\/fr\/?p=7496"},"modified":"2024-11-22T12:37:09","modified_gmt":"2024-11-22T11:37:09","slug":"idees-cadeaux-solidaires-pour-un-noel-sous-le-signe-de-la-solidarite","status":"publish","type":"post","link":"https:\/\/blog.holyart.it\/fr\/noel\/idees-cadeaux-solidaires-pour-un-noel-sous-le-signe-de-la-solidarite\/","title":{"rendered":"Id\u00e9es-cadeaux solidaires pour un No\u00ebl sous le signe de la solidarit\u00e9"},"content":{"rendered":"<h4>Id\u00e9es-cadeaux solidaires pour un No\u00ebl meilleur pour tous, proches et lointains. Voici nos propositions<\/h4>\n\n<p>Choisir des cadeaux solidaires pour No\u00ebl est un choix \u00e9thique qui apporte joie et plaisir chez qui recevra ces dons. C\u2019est justement dans l\u2019esprit de No\u00ebl de choisir les cadeaux pouss\u00e9s non seulement par le d\u00e9sir de contenter et d\u2019\u00e9pater amis et parents. Les sentiments devraient avant tout nous guider, ceux envers les personnes qui nous sont ch\u00e8res, mais aussi un sens plus ample d\u2019<strong>amour, partage, paix, respect <\/strong>envers ceux qui souffre, et m\u00eame pour prendre <strong>soin de l\u2019environnement<\/strong> et de la plan\u00e8te dans laquelle nous vivons.<\/p>\n<div class=\"link-product\">\n<div class=\"blocco-immagine\"><img loading=\"lazy\" decoding=\"async\" class=\"size-full wp-image-7500 alignleft\" src=\"https:\/\/blog.holyart.it\/fr\/wp-content\/uploads\/sites\/14\/2023\/12\/Decorations-Noel-pour-la-maison.jpg\" alt=\"D\u00e9corations No\u00ebl pour la maison\" width=\"100\" height=\"100\" data-kale-share-title=\"Id\u00e9es-cadeaux solidaires pour un No\u00ebl sous le signe de la solidarit\u00e9\" data-kale-share-url=\"https:\/\/blog.holyart.it\/fr\/?p=7496\" \/><\/div>\n<div class=\"blocco-contenuto\">\n<div class=\"blocco-acquista\">Acheter sur Holyart:<\/div>\n<div class=\"blocco-titolo\"><a href=\"https:\/\/www.holyart.fr\/noel\/decorations-noel-pour-la-maison?_gl=1*1gza7wd*_gcl_aw*R0NMLjE3MDE2ODk3NzcuQ2owS0NRanc4cW1oQmhDbEFSSXNBTkF0Ym9mZ21KMm85dkV5S0JjLUdLUWIweWFCLU9EekR0N1ZQV2hnY1g4WW96M2haNGVTR0JkUjR1d2FBZzZrRUFMd193Y0I.*_gcl_au*MzQ2MTAxMTM4LjE2OTc4MDc3MzQ.*_ga*MjAyODIwNTUzOS4xNjgwNTA1OTc3*_ga_W18MV136NH*MTcwMTY5NjY3OC4yMzAuMS4xNzAxNjk4MjM4LjAuMC4w\">D\u00e9corations No\u00ebl pour la maison<\/a><\/div>\n<div class=\"blocco-descrizione\">D\u00e9corations de No\u00ebl pour la maison: dans ce rayon vous pouvez trouver des id\u00e9es pour d\u00e9corer votre maison&#8230;<\/div>\n<\/div>\n<\/div>\n<p>L\u2019<strong>\u00e9change des cadeaux <\/strong>est uniquement un des aspects les plus magiques de No\u00ebl et nous ne pouvons pas le r\u00e9duire simplement \u00e0 une manifestation de consum\u00e9risme. L\u2019usage de s\u2019\u00e9changer des cadeaux \u00e0 No\u00ebl puise ses racines dans des traditions bien plus anciennes que la naissance de J\u00e9sus et donc que No\u00ebl. Les <strong>anciens romains<\/strong>, par exemple, c\u00e9l\u00e9braient les calendes de janvier en s\u2019\u00e9changeant les <strong>\u00e9trennes<\/strong>, des petits dons qui \u00e9taient g\u00e9n\u00e9ralement des branches consacr\u00e9es aux dieux, afin de se souhaiter l\u2019un \u00e0 l\u2019autre une nouvelle ann\u00e9e prosp\u00e8re et heureuse, ou les figurines des <strong>Lares<\/strong>, les esprits protecteurs des anc\u00eatres, afin qu\u2019ils veillent sur la famille. \u00c0 l\u2019occasion du <strong>Solstice d\u2019Hiver<\/strong> aussi, pendant les banquets organis\u00e9s pour les Saturnales, on s\u2019offrait des <strong>branches de sapin<\/strong>, symbole de vie \u00e9ternelle et de sant\u00e9.<br \/>\nMais la tradition de l\u2019\u00e9change des cadeaux comme nous la connaissons d\u00e9rive en grande partie justement de la naissance de J\u00e9sus et, en particulier, des <strong>dons apport\u00e9s par les Rois Mages<\/strong> \u00e0 la cabane de la Nativit\u00e9\u00a0: or, encens et myrrhe. D\u00e9j\u00e0 \u00e0 l\u2019<strong>\u00e9poque m\u00e9di\u00e9vale<\/strong>, l\u2019usage de faire des cadeaux s\u2019\u00e9tait r\u00e9pandu, surtout pour les enfants, afin de rappeler le geste de d\u00e9f\u00e9rence des trois savants envers le Sauveur.<\/p>\n<p>Mais quel cadeau offrir donc \u00e0 No\u00ebl\u00a0? Voyons ensemble quelques id\u00e9es de cadeaux solidaires pour un No\u00ebl plus g\u00e9n\u00e9reux et conscient pour tous.<\/p>\n<h2>Produits de la communaut\u00e9 Nuovi Orizzonti<\/h2>\n<p>Parmi les nombreuses associations caritatives qui peuvent \u00eatre support\u00e9es avec l\u2019achat d\u2019id\u00e9es-cadeaux solidaires, la <strong>Communaut\u00e9 Nuovi Orizzonti<\/strong>, fond\u00e9e par Chiara Amirante, s\u2019occupe depuis plus de vingt ans des moins chanceux, en g\u00e9rant des centres d\u2019accueil et de r\u00e9cup\u00e9ration, en intervenant dans tous les domaines de la d\u00e9tresse sociale et en offrant soutien et solidarit\u00e9 \u00e0 ceux qui en ont besoin en Italie et \u00e0 l\u2019\u00e9tranger.<\/p>\n<div class=\"link-product\">\n<div class=\"blocco-immagine\"><img loading=\"lazy\" decoding=\"async\" class=\"size-full wp-image-7504 alignleft\" src=\"https:\/\/blog.holyart.it\/fr\/wp-content\/uploads\/sites\/14\/2023\/12\/Pendentifs-croix-et-broches.jpg\" alt=\"Pendentifs, croix et broches\" width=\"100\" height=\"100\" data-kale-share-title=\"Id\u00e9es-cadeaux solidaires pour un No\u00ebl sous le signe de la solidarit\u00e9\" data-kale-share-url=\"https:\/\/blog.holyart.it\/fr\/?p=7496\" \/><\/div>\n<div class=\"blocco-contenuto\">\n<div class=\"blocco-acquista\">Acheter sur Holyart:<\/div>\n<div class=\"blocco-titolo\"><a href=\"https:\/\/www.holyart.fr\/articles-religieux\/bijoux-religieux\/pendentifs-croix-et-broches?page=1&amp;params=%257B%2522offset%2522%3A0%2C%2522limit%2522%3A60%2C%2522filters%2522%3A%255B%255D%2C%2522categoryIds%2522%3A%255B108322%255D%2C%2522filtersByIds%2522%3A%255B%257B%2522key%2522%3A46%2C%2522values%2522%3A%255B2559%255D%257D%255D%257D&amp;_gl=1*1ycix5y*_gcl_aw*R0NMLjE3MDE2ODk3NzcuQ2owS0NRanc4cW1oQmhDbEFSSXNBTkF0Ym9mZ21KMm85dkV5S0JjLUdLUWIweWFCLU9EekR0N1ZQV2hnY1g4WW96M2haNGVTR0JkUjR1d2FBZzZrRUFMd193Y0I.*_gcl_au*MzQ2MTAxMTM4LjE2OTc4MDc3MzQ.*_ga*MjAyODIwNTUzOS4xNjgwNTA1OTc3*_ga_W18MV136NH*MTcwMTY5NjY3OC4yMzAuMS4xNzAxNjk4NDY2LjAuMC4w\">Pendentifs, croix et broches<\/a><\/div>\n<div class=\"blocco-descrizione\">Pendentifs, croix, broches, m\u00e9dailles et colliers en or et argent sur diff\u00e9rents sujets.<\/div>\n<\/div>\n<\/div>\n<p>Sur notre e-shop, vous trouverez certains produits r\u00e9alis\u00e9s pour Nuovi Orizzonti par des orphelins italiens, des id\u00e9es-cadeaux solidaires parfaites. Il s\u2019agit de <strong>pendentifs, bracelets, petits bijoux et id\u00e9es de faveurs<\/strong> pour sacrements. En les achetant, vous aiderez \u00e0 financer leurs projets en faveur des plus d\u00e9munis.<br \/>\nLe <a href=\"https:\/\/www.holyart.fr\/articles-religieux\/bijoux-religieux\/pendentifs-croix-et-broches\/collier-argent-925-rose-silhouette-ange\">collier en argent 925 ros\u00e9<\/a> reproduit par exemple la silhouette d\u2019un petit ange stylis\u00e9 et ajour\u00e9 et est r\u00e9alis\u00e9 en argent 925 ros\u00e9 par des orf\u00e8vres italiens. Il fait partie de la collection Messaggeri di Gioie (Messagers de Joies), une ligne de bijoux imagin\u00e9e par des designers exclusifs qui collabore avec Nuovi Orizzonti pour cr\u00e9er et vendre des bijoux en argent faits pour inspirer foi et amour chez qui les offre et qui les re\u00e7oit. L\u2019<a href=\"https:\/\/www.holyart.fr\/articles-religieux\/bijoux-religieux\/pendentifs-croix-et-broches\/collier-ange-gardien-argent-925-priere\">ange gardien en argent 925<\/a> ajour\u00e9 avec pri\u00e8re de l\u2019Ange de Dieu grav\u00e9e au laser au verso fait partie aussi de la m\u00eame collection afin de toujours se rappeler qu\u2019il y a quelqu\u2019un qui nous prot\u00e8ge \u00e0 tout instant. Enti\u00e8rement Made in Italy le <a href=\"https:\/\/www.holyart.fr\/articles-religieux\/bracelets-religieux\/bracelets-divers\/bracelet-peace-and-love-alcantara-turquoise\">bracelet \u00ab\u00a0Peace and Love\u00a0\u00bb<\/a> \u00a0en alcantara couleur turquoise avec perles, une id\u00e9e jeune et moderne, tandis que la <a href=\"https:\/\/www.holyart.fr\/articles-religieux\/bagues-religieuses\/bague-chapelet-slim-argent-925-zircons-blancs\">bague chapelet slim en argent 925<\/a> est une pi\u00e8ce de grand effet et \u00e9l\u00e9gance avec sa finition rhodi\u00e9e et des zircons blancs, r\u00e9alis\u00e9e en Italie par des artisans sp\u00e9cialis\u00e9s. La surface d\u00e9cor\u00e9e de petits reliefs de forme sph\u00e9rique en fait une excellente bague de pri\u00e8re, en plus d\u2019un magnifique accessoire \u00e0 porter.<\/p>\n<div class=\"sp-styles-warning\" style=\"width: 450px; background-color: #FFF; color: #F00; border: 1px solid #F00; padding: 10px; font-size: 14px;\">\n\t\t\t<span style=\"font-weight: bold;\">Warning: The stylesheets were not loaded!<\/span> \n\t\t\tYou will need to change the <i>Load stylesheets<\/i> setting from <i>Automatically<\/i> to <i>On homepage<\/i> or <i>On all pages<\/i>. \n\t\t\tYou can set that <a style=\"text-decoration: underline; color: #F00;\" href=\"https:\/\/blog.holyart.it\/fr\/wp-admin\/admin.php?page=sliderpro-settings\">here<\/a>.\n\t\t\t<\/div>\r\n<div id=\"slider-pro-125\" class=\"slider-pro sp-no-js\" style=\"width: 500px; height: 500px;\">\r\n\t<div class=\"sp-slides\">\r\n\t\t\r\n\t\t<div class=\"sp-slide\">\r\n\t\t\t<a class=\"\" href=\"https:\/\/www.holyart.fr\/articles-religieux\/bijoux-religieux\/pendentifs-croix-et-broches\/collier-argent-925-rose-silhouette-ange?_gl=1*g4e1fc*_gcl_aw*R0NMLjE3MDE2ODk3NzcuQ2owS0NRanc4cW1oQmhDbEFSSXNBTkF0Ym9mZ21KMm85dkV5S0JjLUdLUWIweWFCLU9EekR0N1ZQV2hnY1g4WW96M2haNGVTR0JkUjR1d2FBZzZrRUFMd193Y0I.*_gcl_au*MzQ2MTAxMTM4LjE2OTc4MDc3MzQ.*_ga*MjAyODIwNTUzOS4xNjgwNTA1OTc3*_ga_W18MV136NH*MTcwMTY5NjY3OC4yMzAuMS4xNzAxNjk5MTU3LjAuMC4w\" target=\"_self\">\r\n\t\t\t\t<img loading=\"lazy\" decoding=\"async\" class=\"sp-image\" src=\"https:\/\/blog.holyart.it\/fr\/wp-content\/uploads\/sites\/14\/2023\/12\/Collier-argent-925-rose-silhouette-Ange.jpg\" alt=\"Collier argent 925 ros\u00e9 silhouette Ange\" width=\"500\" height=\"500\" \/>\r\n\t\t\t<\/a>\r\n\t\t\t<div class=\"sp-thumbnail\"><img decoding=\"async\" src=\"https:\/\/blog.holyart.it\/fr\/wp-content\/uploads\/sites\/14\/2023\/12\/Collier-argent-925-rose-silhouette-Ange-150x150-1.jpg\" alt=\"Collier argent 925 ros\u00e9 silhouette Ange 150x150\" \/>\r\n\t\t\t<\/div>\r\n\t\t\t<div class=\"sp-caption\">Collier argent 925 ros\u00e9 silhouette Ange\n<\/br><strong><a href=\"https:\/\/www.holyart.fr\/articles-religieux\/bijoux-religieux\/pendentifs-croix-et-broches\/collier-argent-925-rose-silhouette-ange?_gl=1*g4e1fc*_gcl_aw*R0NMLjE3MDE2ODk3NzcuQ2owS0NRanc4cW1oQmhDbEFSSXNBTkF0Ym9mZ21KMm85dkV5S0JjLUdLUWIweWFCLU9EekR0N1ZQV2hnY1g4WW96M2haNGVTR0JkUjR1d2FBZzZrRUFMd193Y0I.*_gcl_au*MzQ2MTAxMTM4LjE2OTc4MDc3MzQ.*_ga*MjAyODIwNTUzOS4xNjgwNTA1OTc3*_ga_W18MV136NH*MTcwMTY5NjY3OC4yMzAuMS4xNzAxNjk5MTU3LjAuMC4w\">Acheter sur Holyart<\/a><\/strong><\/div>\r\n\t\t<\/div>\r\n\t\t<div class=\"sp-slide\">\r\n\t\t\t<a class=\"\" href=\"https:\/\/www.holyart.fr\/articles-religieux\/bijoux-religieux\/pendentifs-croix-et-broches\/collier-ange-gardien-argent-925-priere?_gl=1*1p6vnik*_gcl_aw*R0NMLjE3MDE2ODk3NzcuQ2owS0NRanc4cW1oQmhDbEFSSXNBTkF0Ym9mZ21KMm85dkV5S0JjLUdLUWIweWFCLU9EekR0N1ZQV2hnY1g4WW96M2haNGVTR0JkUjR1d2FBZzZrRUFMd193Y0I.*_gcl_au*MzQ2MTAxMTM4LjE2OTc4MDc3MzQ.*_ga*MjAyODIwNTUzOS4xNjgwNTA1OTc3*_ga_W18MV136NH*MTcwMTY5NjY3OC4yMzAuMS4xNzAxNjk5MTcwLjAuMC4w\" target=\"_self\">\r\n\t\t\t\t<img loading=\"lazy\" decoding=\"async\" class=\"sp-image\" src=\"https:\/\/blog.holyart.it\/fr\/wp-content\/uploads\/sites\/14\/2023\/12\/Collier-Ange-Gardien-argent-925-priere.jpg\" alt=\"Collier Ange Gardien argent 925 pri\u00e8re\" width=\"500\" height=\"500\" \/>\r\n\t\t\t<\/a>\r\n\t\t\t<div class=\"sp-thumbnail\"><img decoding=\"async\" src=\"https:\/\/blog.holyart.it\/fr\/wp-content\/uploads\/sites\/14\/2023\/12\/Collier-Ange-Gardien-argent-925-priere-150x150-1.jpg\" alt=\"Collier Ange Gardien argent 925 pri\u00e8re 150x150\" \/>\r\n\t\t\t<\/div>\r\n\t\t\t<div class=\"sp-caption\">Collier Ange Gardien argent 925 pri\u00e8re\n<\/br><strong><a href=\"https:\/\/www.holyart.fr\/articles-religieux\/bijoux-religieux\/pendentifs-croix-et-broches\/collier-ange-gardien-argent-925-priere?_gl=1*1p6vnik*_gcl_aw*R0NMLjE3MDE2ODk3NzcuQ2owS0NRanc4cW1oQmhDbEFSSXNBTkF0Ym9mZ21KMm85dkV5S0JjLUdLUWIweWFCLU9EekR0N1ZQV2hnY1g4WW96M2haNGVTR0JkUjR1d2FBZzZrRUFMd193Y0I.*_gcl_au*MzQ2MTAxMTM4LjE2OTc4MDc3MzQ.*_ga*MjAyODIwNTUzOS4xNjgwNTA1OTc3*_ga_W18MV136NH*MTcwMTY5NjY3OC4yMzAuMS4xNzAxNjk5MTcwLjAuMC4w\">Acheter sur Holyart<\/a><\/strong><\/div>\r\n\t\t<\/div>\r\n\t\t<div class=\"sp-slide\">\r\n\t\t\t<a class=\"\" href=\"https:\/\/www.holyart.fr\/articles-religieux\/bracelets-religieux\/bracelets-divers\/bracelet-peace-and-love-alcantara-turquoise?_gl=1*sfm0oy*_gcl_aw*R0NMLjE3MDE2ODk3NzcuQ2owS0NRanc4cW1oQmhDbEFSSXNBTkF0Ym9mZ21KMm85dkV5S0JjLUdLUWIweWFCLU9EekR0N1ZQV2hnY1g4WW96M2haNGVTR0JkUjR1d2FBZzZrRUFMd193Y0I.*_gcl_au*MzQ2MTAxMTM4LjE2OTc4MDc3MzQ.*_ga*MjAyODIwNTUzOS4xNjgwNTA1OTc3*_ga_W18MV136NH*MTcwMTY5NjY3OC4yMzAuMS4xNzAxNjk5MTc0LjAuMC4w\" target=\"_self\">\r\n\t\t\t\t<img loading=\"lazy\" decoding=\"async\" class=\"sp-image\" src=\"https:\/\/blog.holyart.it\/fr\/wp-content\/uploads\/sites\/14\/2023\/12\/Bracelet-Peace-and-Love-alcantara-turquoise.jpg\" alt=\"Bracelet Peace and Love alcantara turquoise\" width=\"500\" height=\"500\" \/>\r\n\t\t\t<\/a>\r\n\t\t\t<div class=\"sp-thumbnail\"><img decoding=\"async\" src=\"https:\/\/blog.holyart.it\/fr\/wp-content\/uploads\/sites\/14\/2023\/12\/Bracelet-Peace-and-Love-alcantara-turquoise-150x150-1.jpg\" alt=\"Bracelet Peace and Love alcantara turquoise 150x150\" \/>\r\n\t\t\t<\/div>\r\n\t\t\t<div class=\"sp-caption\">Bracelet Peace and Love alcantara turquoise\n<\/br><strong><a href=\"https:\/\/www.holyart.fr\/articles-religieux\/bracelets-religieux\/bracelets-divers\/bracelet-peace-and-love-alcantara-turquoise?_gl=1*sfm0oy*_gcl_aw*R0NMLjE3MDE2ODk3NzcuQ2owS0NRanc4cW1oQmhDbEFSSXNBTkF0Ym9mZ21KMm85dkV5S0JjLUdLUWIweWFCLU9EekR0N1ZQV2hnY1g4WW96M2haNGVTR0JkUjR1d2FBZzZrRUFMd193Y0I.*_gcl_au*MzQ2MTAxMTM4LjE2OTc4MDc3MzQ.*_ga*MjAyODIwNTUzOS4xNjgwNTA1OTc3*_ga_W18MV136NH*MTcwMTY5NjY3OC4yMzAuMS4xNzAxNjk5MTc0LjAuMC4w\">Acheter sur Holyart<\/a><\/strong><\/div>\r\n\t\t<\/div>\r\n\t\t<div class=\"sp-slide\">\r\n\t\t\t<a class=\"\" href=\"https:\/\/www.holyart.fr\/articles-religieux\/bagues-religieuses\/bague-chapelet-slim-argent-925-zircons-blancs?_gl=1*c5rhds*_gcl_aw*R0NMLjE3MDE2ODk3NzcuQ2owS0NRanc4cW1oQmhDbEFSSXNBTkF0Ym9mZ21KMm85dkV5S0JjLUdLUWIweWFCLU9EekR0N1ZQV2hnY1g4WW96M2haNGVTR0JkUjR1d2FBZzZrRUFMd193Y0I.*_gcl_au*MzQ2MTAxMTM4LjE2OTc4MDc3MzQ.*_ga*MjAyODIwNTUzOS4xNjgwNTA1OTc3*_ga_W18MV136NH*MTcwMTY5NjY3OC4yMzAuMS4xNzAxNjk5MTc4LjAuMC4w\" target=\"_self\">\r\n\t\t\t\t<img loading=\"lazy\" decoding=\"async\" class=\"sp-image\" src=\"https:\/\/blog.holyart.it\/fr\/wp-content\/uploads\/sites\/14\/2023\/12\/Bague-chapelet-slim-argent-925-zircons-blancs.jpg\" alt=\"Bague chapelet slim argent 925 zircons blancs\" width=\"500\" height=\"500\" \/>\r\n\t\t\t<\/a>\r\n\t\t\t<div class=\"sp-thumbnail\"><img decoding=\"async\" src=\"https:\/\/blog.holyart.it\/fr\/wp-content\/uploads\/sites\/14\/2023\/12\/Bague-chapelet-slim-argent-925-zircons-blancs-150x150-1.jpg\" alt=\"Bague chapelet slim argent 925 zircons blancs 150x150\" \/>\r\n\t\t\t<\/div>\r\n\t\t\t<div class=\"sp-caption\">Bague chapelet slim argent 925 zircons blancs\n<\/br><strong><a href=\"https:\/\/www.holyart.fr\/articles-religieux\/bagues-religieuses\/bague-chapelet-slim-argent-925-zircons-blancs?_gl=1*c5rhds*_gcl_aw*R0NMLjE3MDE2ODk3NzcuQ2owS0NRanc4cW1oQmhDbEFSSXNBTkF0Ym9mZ21KMm85dkV5S0JjLUdLUWIweWFCLU9EekR0N1ZQV2hnY1g4WW96M2haNGVTR0JkUjR1d2FBZzZrRUFMd193Y0I.*_gcl_au*MzQ2MTAxMTM4LjE2OTc4MDc3MzQ.*_ga*MjAyODIwNTUzOS4xNjgwNTA1OTc3*_ga_W18MV136NH*MTcwMTY5NjY3OC4yMzAuMS4xNzAxNjk5MTc4LjAuMC4w\">Acheter sur Holyart<\/a><\/strong><\/div>\r\n\t\t<\/div>\r\n\t<\/div>\r\n<\/div>\n<h2>Les produits du projet Mato Grosso<\/h2>\n<p>Nous avons d\u00e9j\u00e0 \u00e9crit un <u>article enti\u00e8rement d\u00e9di\u00e9<\/u> au Projet Mato Grosso, une association de b\u00e9n\u00e9volat qui s\u2019engage dans le monde entier \u00e0 aider les communaut\u00e9s les plus pauvres et les plus oubli\u00e9es, en soutenant surtout les jeunes et en les aidant \u00e0 trouver un travail et \u00e0 se construire un futur meilleur. Outre l\u2019engagement dans l\u2019\u00e9vang\u00e9lisation, dans la sant\u00e9, dans le d\u00e9veloppement des infrastructures, la coop\u00e9rative <em>Artesanos Don Bosco<\/em> donne du travail \u00e0 beaucoup de jeunes, qui produisent des <strong>bas-reliefs religieux et des crucifix en bois<\/strong> enti\u00e8rement \u00e0 la main. Sur notre e-shop vous en trouverez un ample choix et ils sont parfaits comme id\u00e9es-cadeaux solidaires.<\/p>\n<div class=\"link-article\">\n<p><img loading=\"lazy\" decoding=\"async\" class=\"size-full wp-image-7515 alignleft\" src=\"https:\/\/blog.holyart.it\/fr\/wp-content\/uploads\/sites\/14\/2023\/12\/Operation-Mato-Grosso.jpg\" alt=\"Op\u00e9ration Mato Grosso\" width=\"150\" height=\"99\" data-kale-share-title=\"Id\u00e9es-cadeaux solidaires pour un No\u00ebl sous le signe de la solidarit\u00e9\" data-kale-share-url=\"https:\/\/blog.holyart.it\/fr\/?p=7496\" \/><\/p>\n<div class=\"leggi-anche\">Lire aussi :<\/div>\n<p><strong><a href=\"https:\/\/www.holyart.fr\/blog\/articles-religieux\/operation-mato-grosso-laventure-de-jeunes-volontaires-qui-amena-a-un-projet-de-grande-valeur\/\">Op\u00e9ration Mato Grosso : l\u2019aventure de jeunes volontaires qui amena \u00e0 un projet de grande valeur<\/a><\/strong><br \/>\nL\u2019Op\u00e9ration Mato Grosso aide des communaut\u00e9s du monde entier \u00e0 travers ses jeunes volontaires&#8230;<\/p>\n<\/div>\n<p>Le magnifique <a href=\"https:\/\/www.holyart.fr\/articles-religieux\/bas-reliefs\/bas-reliefs-varies\/bas-relief-nativite-en-bois-de-tilleul-et-noyer-30x20x5-cm-mato-grosso\">Bas-relief de la Nativit\u00e9<\/a> en bois de tilleul et de noyer a \u00e9t\u00e9 produit enti\u00e8rement \u00e0 la main au Perou par des artisans locaux \u00e0 une altitude comprise entre 2800 et 3600 m\u00e8tres, tout comme aussi la <a href=\"https:\/\/www.holyart.fr\/articles-religieux\/bas-reliefs\/bas-reliefs-varies\/sainte-famille-dans-les-mains-bois-et-couleurs-a-lhuile-40x40x5-cm-mato-grosso\">Sainte Famille referm\u00e9e entre deux mains<\/a>, toute en bois sculpt\u00e9 et peint avec couleurs \u00e0 l\u2019huile, ou la <a href=\"https:\/\/www.holyart.fr\/articles-religieux\/bas-reliefs\/bas-reliefs-varies\/nativite-en-lenga-et-noyer-sculptee-a-la-main-25x15x5-cm-mato-grosso\">Nativit\u00e9 en bois de lenga<\/a> (<em>Nothofagus pumilio<\/em>, un arbre \u00e0 feuilles caduques typique de l\u2019Am\u00e9rique du Sud) et noyer sculpt\u00e9 \u00e0 la main, qui repr\u00e9sente les figures stylis\u00e9es de Joseph, Marie et l\u2019Enfant J\u00e9sus.<br \/>\nLa finition avec vernis \u00e0 l\u2019eau et le travail de fabrication sont enti\u00e8rement r\u00e9alis\u00e9s \u00e0 la main.<\/p>\n<div class=\"sp-styles-warning\" style=\"width: 450px; background-color: #FFF; color: #F00; border: 1px solid #F00; padding: 10px; font-size: 14px;\">\n\t\t\t<span style=\"font-weight: bold;\">Warning: The stylesheets were not loaded!<\/span> \n\t\t\tYou will need to change the <i>Load stylesheets<\/i> setting from <i>Automatically<\/i> to <i>On homepage<\/i> or <i>On all pages<\/i>. \n\t\t\tYou can set that <a style=\"text-decoration: underline; color: #F00;\" href=\"https:\/\/blog.holyart.it\/fr\/wp-admin\/admin.php?page=sliderpro-settings\">here<\/a>.\n\t\t\t<\/div>\r\n<div id=\"slider-pro-126\" class=\"slider-pro sp-no-js\" style=\"width: 500px; height: 500px;\">\r\n\t<div class=\"sp-slides\">\r\n\t\t\r\n\t\t<div class=\"sp-slide\">\r\n\t\t\t<a class=\"\" href=\"https:\/\/www.holyart.fr\/articles-religieux\/bas-reliefs\/bas-reliefs-varies\/nativite-en-lenga-et-noyer-sculptee-a-la-main-25x15x5-cm?_gl=1*1lahziz*_gcl_aw*R0NMLjE3MDE2ODk3NzcuQ2owS0NRanc4cW1oQmhDbEFSSXNBTkF0Ym9mZ21KMm85dkV5S0JjLUdLUWIweWFCLU9EekR0N1ZQV2hnY1g4WW96M2haNGVTR0JkUjR1d2FBZzZrRUFMd193Y0I.*_gcl_au*MzQ2MTAxMTM4LjE2OTc4MDc3MzQ.*_ga*MjAyODIwNTUzOS4xNjgwNTA1OTc3*_ga_W18MV136NH*MTcwMTY5NjY3OC4yMzAuMS4xNzAxNzAwMzk0LjAuMC4w\" target=\"_self\">\r\n\t\t\t\t<img loading=\"lazy\" decoding=\"async\" class=\"sp-image\" src=\"https:\/\/blog.holyart.it\/fr\/wp-content\/uploads\/sites\/14\/2023\/12\/Nativite-en-lenga-et-noyer-sculptee-a-la-main-25x15x5-cm-150x150-1.jpg\" alt=\"Nativit\u00e9 en lenga et noyer sculpt\u00e9e \u00e0 la main 25x15x5 cm 150x150\" width=\"500\" height=\"500\" \/>\r\n\t\t\t<\/a>\r\n\t\t\t<div class=\"sp-thumbnail\"><img decoding=\"async\" src=\"https:\/\/blog.holyart.it\/fr\/wp-content\/uploads\/sites\/14\/2023\/12\/Nativite-en-lenga-et-noyer-sculptee-a-la-main-25x15x5-cm-150x150-2.jpg\" alt=\"Nativit\u00e9 en lenga et noyer sculpt\u00e9e \u00e0 la main 25x15x5 cm 150x150\" \/>\r\n\t\t\t<\/div>\r\n\t\t\t<div class=\"sp-caption\">Nativit\u00e9 en lenga et noyer sculpt\u00e9e \u00e0 la main 25x15x5 cm\n<\/br><strong><a href=\"https:\/\/www.holyart.fr\/articles-religieux\/bas-reliefs\/bas-reliefs-varies\/nativite-en-lenga-et-noyer-sculptee-a-la-main-25x15x5-cm?_gl=1*1lahziz*_gcl_aw*R0NMLjE3MDE2ODk3NzcuQ2owS0NRanc4cW1oQmhDbEFSSXNBTkF0Ym9mZ21KMm85dkV5S0JjLUdLUWIweWFCLU9EekR0N1ZQV2hnY1g4WW96M2haNGVTR0JkUjR1d2FBZzZrRUFMd193Y0I.*_gcl_au*MzQ2MTAxMTM4LjE2OTc4MDc3MzQ.*_ga*MjAyODIwNTUzOS4xNjgwNTA1OTc3*_ga_W18MV136NH*MTcwMTY5NjY3OC4yMzAuMS4xNzAxNzAwMzk0LjAuMC4w\">Acheter sur Holyart<\/a><\/strong><\/div>\r\n\t\t<\/div>\r\n\t\t<div class=\"sp-slide\">\r\n\t\t\t<a class=\"\" href=\"https:\/\/www.holyart.fr\/articles-religieux\/bas-reliefs\/bas-reliefs-varies\/sainte-famille-dans-les-mains-bois-et-couleurs-a-lhuile-40x40x5-cm?_gl=1*1id2d8l*_gcl_aw*R0NMLjE3MDE2ODk3NzcuQ2owS0NRanc4cW1oQmhDbEFSSXNBTkF0Ym9mZ21KMm85dkV5S0JjLUdLUWIweWFCLU9EekR0N1ZQV2hnY1g4WW96M2haNGVTR0JkUjR1d2FBZzZrRUFMd193Y0I.*_gcl_au*MzQ2MTAxMTM4LjE2OTc4MDc3MzQ.*_ga*MjAyODIwNTUzOS4xNjgwNTA1OTc3*_ga_W18MV136NH*MTcwMTY5NjY3OC4yMzAuMS4xNzAxNzAwNDIzLjAuMC4w\" target=\"_self\">\r\n\t\t\t\t<img loading=\"lazy\" decoding=\"async\" class=\"sp-image\" src=\"https:\/\/blog.holyart.it\/fr\/wp-content\/uploads\/sites\/14\/2023\/12\/Sainte-Famille-dans-les-mains-bois-et-couleurs-a-lhuile-40x40x5-cm.jpg\" alt=\"Sainte Famille dans les mains bois et couleurs \u00e0 l&#039;huile 40x40x5 cm\" width=\"500\" height=\"500\" \/>\r\n\t\t\t<\/a>\r\n\t\t\t<div class=\"sp-thumbnail\"><img decoding=\"async\" src=\"https:\/\/blog.holyart.it\/fr\/wp-content\/uploads\/sites\/14\/2023\/12\/Sainte-Famille-dans-les-mains-bois-et-couleurs-a-lhuile-40x40x5-cm-150x150-1.jpg\" alt=\"Sainte Famille dans les mains bois et couleurs \u00e0 l&#039;huile 40x40x5 cm 150x150\" \/>\r\n\t\t\t<\/div>\r\n\t\t\t<div class=\"sp-caption\">Sainte Famille dans les mains bois et couleurs \u00e0 l'huile 40x40x5 cm\n<\/br><strong><a href=\"https:\/\/www.holyart.fr\/articles-religieux\/bas-reliefs\/bas-reliefs-varies\/sainte-famille-dans-les-mains-bois-et-couleurs-a-lhuile-40x40x5-cm?_gl=1*1id2d8l*_gcl_aw*R0NMLjE3MDE2ODk3NzcuQ2owS0NRanc4cW1oQmhDbEFSSXNBTkF0Ym9mZ21KMm85dkV5S0JjLUdLUWIweWFCLU9EekR0N1ZQV2hnY1g4WW96M2haNGVTR0JkUjR1d2FBZzZrRUFMd193Y0I.*_gcl_au*MzQ2MTAxMTM4LjE2OTc4MDc3MzQ.*_ga*MjAyODIwNTUzOS4xNjgwNTA1OTc3*_ga_W18MV136NH*MTcwMTY5NjY3OC4yMzAuMS4xNzAxNzAwNDIzLjAuMC4w\">Acheter sur Holyart<\/a><\/strong><\/div>\r\n\t\t<\/div>\r\n\t\t<div class=\"sp-slide\">\r\n\t\t\t<a class=\"\" href=\"https:\/\/www.holyart.fr\/articles-religieux\/bas-reliefs\/bas-reliefs-varies\/bas-relief-nativite-en-bois-de-tilleul-et-noyer-30x20x5-cm?_gl=1*1prf6ve*_gcl_aw*R0NMLjE3MDE2ODk3NzcuQ2owS0NRanc4cW1oQmhDbEFSSXNBTkF0Ym9mZ21KMm85dkV5S0JjLUdLUWIweWFCLU9EekR0N1ZQV2hnY1g4WW96M2haNGVTR0JkUjR1d2FBZzZrRUFMd193Y0I.*_gcl_au*MzQ2MTAxMTM4LjE2OTc4MDc3MzQ.*_ga*MjAyODIwNTUzOS4xNjgwNTA1OTc3*_ga_W18MV136NH*MTcwMTY5NjY3OC4yMzAuMS4xNzAxNzAwNDM2LjAuMC4w\" target=\"_self\">\r\n\t\t\t\t<img loading=\"lazy\" decoding=\"async\" class=\"sp-image\" src=\"https:\/\/blog.holyart.it\/fr\/wp-content\/uploads\/sites\/14\/2023\/12\/Bas-relief-Nativite-en-bois-de-tilleul-et-noyer-30x20x5-cm.jpg\" alt=\"Bas-relief Nativit\u00e9 en bois de tilleul et noyer 30x20x5 cm\" width=\"500\" height=\"500\" \/>\r\n\t\t\t<\/a>\r\n\t\t\t<div class=\"sp-thumbnail\"><img decoding=\"async\" src=\"https:\/\/blog.holyart.it\/fr\/wp-content\/uploads\/sites\/14\/2023\/12\/Bas-relief-Nativite-en-bois-de-tilleul-et-noyer-30x20x5-cm-150x150-2.jpg\" alt=\"Bas-relief Nativit\u00e9 en bois de tilleul et noyer 30x20x5 cm 150x150\" \/>\r\n\t\t\t<\/div>\r\n\t\t\t<div class=\"sp-caption\">Bas-relief Nativit\u00e9 en bois de tilleul et noyer 30x20x5 cm\n<\/br><strong><a href=\"https:\/\/www.holyart.fr\/articles-religieux\/bas-reliefs\/bas-reliefs-varies\/bas-relief-nativite-en-bois-de-tilleul-et-noyer-30x20x5-cm?_gl=1*1prf6ve*_gcl_aw*R0NMLjE3MDE2ODk3NzcuQ2owS0NRanc4cW1oQmhDbEFSSXNBTkF0Ym9mZ21KMm85dkV5S0JjLUdLUWIweWFCLU9EekR0N1ZQV2hnY1g4WW96M2haNGVTR0JkUjR1d2FBZzZrRUFMd193Y0I.*_gcl_au*MzQ2MTAxMTM4LjE2OTc4MDc3MzQ.*_ga*MjAyODIwNTUzOS4xNjgwNTA1OTc3*_ga_W18MV136NH*MTcwMTY5NjY3OC4yMzAuMS4xNzAxNzAwNDM2LjAuMC4w\">Acheter sur Holyart<\/a><\/strong><\/div>\r\n\t\t<\/div>\r\n\t<\/div>\r\n<\/div>\n<h2>Produits des monast\u00e8res<\/h2>\n<p>Outre les bijoux religieux et autres articles solidaires, choisir comme cadeaux de No\u00ebl les produits r\u00e9alis\u00e9s dans les monast\u00e8res, qu\u2019il s\u2019agisse de <u>liqueurs<\/u> ou <u>confitures<\/u>, miel, <u>bonbons<\/u>, produits de beaut\u00e9, <u>huile d\u2019argan<\/u>, ou <u>bi\u00e8re monastique<\/u>, soutient aussi \u00e9conomiquement les communaut\u00e9s monastiques d\u2019un c\u00f4t\u00e9 et de l\u2019autre toutes les r\u00e9alit\u00e9s \u00e9conomiques, sociales et caritatives soutenues par ces derni\u00e8res, mais sauvegarde \u00e9galement les <strong>traditions des produits locaux<\/strong>. Il s\u2019agit en effet de produits aux ingr\u00e9dients naturels et authentiques, r\u00e9alis\u00e9s selon des recettes et des m\u00e9thodes transmises souvent depuis des si\u00e8cles, ce qui rendra le b\u00e9n\u00e9fice de ces cadeaux encore plus grand pour tous, en premier pour les destinataires de ces dons\u00a0!<\/p>\n<div class=\"link-product\">\n<div class=\"blocco-immagine\"><img loading=\"lazy\" decoding=\"async\" class=\"size-full wp-image-7517 alignleft\" src=\"https:\/\/blog.holyart.it\/fr\/wp-content\/uploads\/sites\/14\/2023\/12\/Produits-des-Monasteres.jpg\" alt=\"Produits des Monast\u00e8res\" width=\"100\" height=\"100\" data-kale-share-title=\"Id\u00e9es-cadeaux solidaires pour un No\u00ebl sous le signe de la solidarit\u00e9\" data-kale-share-url=\"https:\/\/blog.holyart.it\/fr\/?p=7496\" \/><\/div>\n<div class=\"blocco-contenuto\">\n<div class=\"blocco-acquista\">Acheter sur Holyart:<\/div>\n<div class=\"blocco-titolo\"><a href=\"https:\/\/www.holyart.fr\/produits-des-monasteres?_gl=1*jfgtb7*_gcl_aw*R0NMLjE3MDE2ODk3NzcuQ2owS0NRanc4cW1oQmhDbEFSSXNBTkF0Ym9mZ21KMm85dkV5S0JjLUdLUWIweWFCLU9EekR0N1ZQV2hnY1g4WW96M2haNGVTR0JkUjR1d2FBZzZrRUFMd193Y0I.*_gcl_au*MzQ2MTAxMTM4LjE2OTc4MDc3MzQ.*_ga*MjAyODIwNTUzOS4xNjgwNTA1OTc3*_ga_W18MV136NH*MTcwMTY5NjY3OC4yMzAuMS4xNzAxNzAwMjI4LjAuMC4w\">Produits des Monast\u00e8res<\/a><\/div>\n<div class=\"blocco-descrizione\">Produits des monast\u00e8res: dans cette cat\u00e9gorie vous trouverez les produits de beaut\u00e9 des moines de Camaldoli&#8230;<\/div>\n<\/div>\n<\/div>\n","protected":false},"excerpt":{"rendered":"<p>Id\u00e9es-cadeaux solidaires pour un No\u00ebl meilleur pour tous, proches et lointains. Voici nos propositions Choisir des cadeaux solidaires pour No\u00ebl est un choix \u00e9thique qui apporte joie et plaisir chez qui recevra ces dons. C\u2019est justement dans l\u2019esprit de No\u00ebl de choisir les cadeaux pouss\u00e9s&hellip;<\/p>\n","protected":false},"author":1,"featured_media":7503,"comment_status":"closed","ping_status":"open","sticky":false,"template":"","format":"standard","meta":{"_acf_changed":false,"footnotes":""},"categories":[10],"tags":[],"class_list":["post-7496","post","type-post","status-publish","format-standard","has-post-thumbnail","hentry","category-noel"],"acf":[],"yoast_head":"<!-- This site is optimized with the Yoast SEO plugin v26.6 - https:\/\/yoast.com\/wordpress\/plugins\/seo\/ -->\n<title>Id\u00e9es-cadeaux solidaires pour un No\u00ebl sous le signe de la solidarit\u00e9 - Holyart.fr Blog<\/title>\n<meta name=\"description\" content=\"Id\u00e9es-cadeaux solidaires pour un No\u00ebl meilleur pour tous, proches et lointains. Voici nos propositions...\" \/>\n<meta name=\"robots\" content=\"index, follow, max-snippet:-1, max-image-preview:large, max-video-preview:-1\" \/>\n<link rel=\"canonical\" href=\"https:\/\/blog.holyart.it\/fr\/noel\/idees-cadeaux-solidaires-pour-un-noel-sous-le-signe-de-la-solidarite\/\" \/>\n<meta property=\"og:locale\" content=\"fr_FR\" \/>\n<meta property=\"og:type\" content=\"article\" \/>\n<meta property=\"og:title\" content=\"Id\u00e9es-cadeaux solidaires pour un No\u00ebl sous le signe de la solidarit\u00e9 - Holyart.fr Blog\" \/>\n<meta property=\"og:description\" content=\"Id\u00e9es-cadeaux solidaires pour un No\u00ebl meilleur pour tous, proches et lointains. Voici nos propositions...\" \/>\n<meta property=\"og:url\" content=\"https:\/\/blog.holyart.it\/fr\/noel\/idees-cadeaux-solidaires-pour-un-noel-sous-le-signe-de-la-solidarite\/\" \/>\n<meta property=\"og:site_name\" content=\"Holyart.fr Blog\" \/>\n<meta property=\"article:published_time\" content=\"2023-12-11T09:00:06+00:00\" \/>\n<meta property=\"article:modified_time\" content=\"2024-11-22T11:37:09+00:00\" \/>\n<meta property=\"og:image\" content=\"https:\/\/blog.holyart.it\/fr\/wp-content\/uploads\/sites\/14\/2023\/12\/Idees-cadeaux-solidaires-pour-un-Noel-sous-le-signe-de-la-solidarite.jpg\" \/>\n\t<meta property=\"og:image:width\" content=\"1000\" \/>\n\t<meta property=\"og:image:height\" content=\"666\" \/>\n\t<meta property=\"og:image:type\" content=\"image\/jpeg\" \/>\n<meta name=\"author\" content=\"Redazione\" \/>\n<meta name=\"twitter:card\" content=\"summary_large_image\" \/>\n<meta name=\"twitter:label1\" content=\"\u00c9crit par\" \/>\n\t<meta name=\"twitter:data1\" content=\"Redazione\" \/>\n\t<meta name=\"twitter:label2\" content=\"Dur\u00e9e de lecture estim\u00e9e\" \/>\n\t<meta name=\"twitter:data2\" content=\"7 minutes\" \/>\n<script type=\"application\/ld+json\" class=\"yoast-schema-graph\">{\"@context\":\"https:\/\/schema.org\",\"@graph\":[{\"@type\":\"Article\",\"@id\":\"https:\/\/blog.holyart.it\/fr\/noel\/idees-cadeaux-solidaires-pour-un-noel-sous-le-signe-de-la-solidarite\/#article\",\"isPartOf\":{\"@id\":\"https:\/\/blog.holyart.it\/fr\/noel\/idees-cadeaux-solidaires-pour-un-noel-sous-le-signe-de-la-solidarite\/\"},\"author\":{\"name\":\"Redazione\",\"@id\":\"https:\/\/blog.holyart.it\/fr\/#\/schema\/person\/0a7b686e5af0f856ec1e390dd0baecda\"},\"headline\":\"Id\u00e9es-cadeaux solidaires pour un No\u00ebl sous le signe de la solidarit\u00e9\",\"datePublished\":\"2023-12-11T09:00:06+00:00\",\"dateModified\":\"2024-11-22T11:37:09+00:00\",\"mainEntityOfPage\":{\"@id\":\"https:\/\/blog.holyart.it\/fr\/noel\/idees-cadeaux-solidaires-pour-un-noel-sous-le-signe-de-la-solidarite\/\"},\"wordCount\":1221,\"publisher\":{\"@id\":\"https:\/\/blog.holyart.it\/fr\/#organization\"},\"image\":{\"@id\":\"https:\/\/blog.holyart.it\/fr\/noel\/idees-cadeaux-solidaires-pour-un-noel-sous-le-signe-de-la-solidarite\/#primaryimage\"},\"thumbnailUrl\":\"https:\/\/blog.holyart.it\/fr\/wp-content\/uploads\/sites\/14\/2023\/12\/Idees-cadeaux-solidaires-pour-un-Noel-sous-le-signe-de-la-solidarite.jpg\",\"articleSection\":[\"No\u00ebl\"],\"inLanguage\":\"fr-FR\"},{\"@type\":\"WebPage\",\"@id\":\"https:\/\/blog.holyart.it\/fr\/noel\/idees-cadeaux-solidaires-pour-un-noel-sous-le-signe-de-la-solidarite\/\",\"url\":\"https:\/\/blog.holyart.it\/fr\/noel\/idees-cadeaux-solidaires-pour-un-noel-sous-le-signe-de-la-solidarite\/\",\"name\":\"Id\u00e9es-cadeaux solidaires pour un No\u00ebl sous le signe de la solidarit\u00e9 - Holyart.fr Blog\",\"isPartOf\":{\"@id\":\"https:\/\/blog.holyart.it\/fr\/#website\"},\"primaryImageOfPage\":{\"@id\":\"https:\/\/blog.holyart.it\/fr\/noel\/idees-cadeaux-solidaires-pour-un-noel-sous-le-signe-de-la-solidarite\/#primaryimage\"},\"image\":{\"@id\":\"https:\/\/blog.holyart.it\/fr\/noel\/idees-cadeaux-solidaires-pour-un-noel-sous-le-signe-de-la-solidarite\/#primaryimage\"},\"thumbnailUrl\":\"https:\/\/blog.holyart.it\/fr\/wp-content\/uploads\/sites\/14\/2023\/12\/Idees-cadeaux-solidaires-pour-un-Noel-sous-le-signe-de-la-solidarite.jpg\",\"datePublished\":\"2023-12-11T09:00:06+00:00\",\"dateModified\":\"2024-11-22T11:37:09+00:00\",\"description\":\"Id\u00e9es-cadeaux solidaires pour un No\u00ebl meilleur pour tous, proches et lointains. Voici nos propositions...\",\"breadcrumb\":{\"@id\":\"https:\/\/blog.holyart.it\/fr\/noel\/idees-cadeaux-solidaires-pour-un-noel-sous-le-signe-de-la-solidarite\/#breadcrumb\"},\"inLanguage\":\"fr-FR\",\"potentialAction\":[{\"@type\":\"ReadAction\",\"target\":[\"https:\/\/blog.holyart.it\/fr\/noel\/idees-cadeaux-solidaires-pour-un-noel-sous-le-signe-de-la-solidarite\/\"]}]},{\"@type\":\"ImageObject\",\"inLanguage\":\"fr-FR\",\"@id\":\"https:\/\/blog.holyart.it\/fr\/noel\/idees-cadeaux-solidaires-pour-un-noel-sous-le-signe-de-la-solidarite\/#primaryimage\",\"url\":\"https:\/\/blog.holyart.it\/fr\/wp-content\/uploads\/sites\/14\/2023\/12\/Idees-cadeaux-solidaires-pour-un-Noel-sous-le-signe-de-la-solidarite.jpg\",\"contentUrl\":\"https:\/\/blog.holyart.it\/fr\/wp-content\/uploads\/sites\/14\/2023\/12\/Idees-cadeaux-solidaires-pour-un-Noel-sous-le-signe-de-la-solidarite.jpg\",\"width\":1000,\"height\":666,\"caption\":\"Id\u00e9es-cadeaux solidaires pour un No\u00ebl sous le signe de la solidarit\u00e9\"},{\"@type\":\"BreadcrumbList\",\"@id\":\"https:\/\/blog.holyart.it\/fr\/noel\/idees-cadeaux-solidaires-pour-un-noel-sous-le-signe-de-la-solidarite\/#breadcrumb\",\"itemListElement\":[{\"@type\":\"ListItem\",\"position\":1,\"name\":\"Homepage\",\"item\":\"https:\/\/blog.holyart.it\/fr\/\"},{\"@type\":\"ListItem\",\"position\":2,\"name\":\"No\u00ebl\",\"item\":\"https:\/\/blog.holyart.it\/fr\/noel\/\"},{\"@type\":\"ListItem\",\"position\":3,\"name\":\"Id\u00e9es-cadeaux solidaires pour un No\u00ebl sous le signe de la solidarit\u00e9\"}]},{\"@type\":\"WebSite\",\"@id\":\"https:\/\/blog.holyart.it\/fr\/#website\",\"url\":\"https:\/\/blog.holyart.it\/fr\/\",\"name\":\"Holyart.fr Blog\",\"description\":\"Holyblog\",\"publisher\":{\"@id\":\"https:\/\/blog.holyart.it\/fr\/#organization\"},\"potentialAction\":[{\"@type\":\"SearchAction\",\"target\":{\"@type\":\"EntryPoint\",\"urlTemplate\":\"https:\/\/blog.holyart.it\/fr\/?s={search_term_string}\"},\"query-input\":{\"@type\":\"PropertyValueSpecification\",\"valueRequired\":true,\"valueName\":\"search_term_string\"}}],\"inLanguage\":\"fr-FR\"},{\"@type\":\"Organization\",\"@id\":\"https:\/\/blog.holyart.it\/fr\/#organization\",\"name\":\"Holyart.fr Blog\",\"url\":\"https:\/\/blog.holyart.it\/fr\/\",\"logo\":{\"@type\":\"ImageObject\",\"inLanguage\":\"fr-FR\",\"@id\":\"https:\/\/blog.holyart.it\/fr\/#\/schema\/logo\/image\/\",\"url\":\"https:\/\/blog.holyart.it\/fr\/wp-content\/uploads\/sites\/14\/2022\/12\/Holyart_Blog_Logo.jpg\",\"contentUrl\":\"https:\/\/blog.holyart.it\/fr\/wp-content\/uploads\/sites\/14\/2022\/12\/Holyart_Blog_Logo.jpg\",\"width\":300,\"height\":50,\"caption\":\"Holyart.fr Blog\"},\"image\":{\"@id\":\"https:\/\/blog.holyart.it\/fr\/#\/schema\/logo\/image\/\"}},{\"@type\":\"Person\",\"@id\":\"https:\/\/blog.holyart.it\/fr\/#\/schema\/person\/0a7b686e5af0f856ec1e390dd0baecda\",\"name\":\"Redazione\",\"image\":{\"@type\":\"ImageObject\",\"inLanguage\":\"fr-FR\",\"@id\":\"https:\/\/blog.holyart.it\/fr\/#\/schema\/person\/image\/\",\"url\":\"https:\/\/secure.gravatar.com\/avatar\/f477da817f43e50d0af36abecd33e3edf826c68299714bdc1057dff3b113f516?s=96&d=mm&r=g\",\"contentUrl\":\"https:\/\/secure.gravatar.com\/avatar\/f477da817f43e50d0af36abecd33e3edf826c68299714bdc1057dff3b113f516?s=96&d=mm&r=g\",\"caption\":\"Redazione\"},\"url\":\"https:\/\/blog.holyart.it\/fr\/author\/admin\/\"}]}<\/script>\n<!-- \/ Yoast SEO plugin. -->","yoast_head_json":{"title":"Id\u00e9es-cadeaux solidaires pour un No\u00ebl sous le signe de la solidarit\u00e9 - Holyart.fr Blog","description":"Id\u00e9es-cadeaux solidaires pour un No\u00ebl meilleur pour tous, proches et lointains. Voici nos propositions...","robots":{"index":"index","follow":"follow","max-snippet":"max-snippet:-1","max-image-preview":"max-image-preview:large","max-video-preview":"max-video-preview:-1"},"canonical":"https:\/\/blog.holyart.it\/fr\/noel\/idees-cadeaux-solidaires-pour-un-noel-sous-le-signe-de-la-solidarite\/","og_locale":"fr_FR","og_type":"article","og_title":"Id\u00e9es-cadeaux solidaires pour un No\u00ebl sous le signe de la solidarit\u00e9 - Holyart.fr Blog","og_description":"Id\u00e9es-cadeaux solidaires pour un No\u00ebl meilleur pour tous, proches et lointains. Voici nos propositions...","og_url":"https:\/\/blog.holyart.it\/fr\/noel\/idees-cadeaux-solidaires-pour-un-noel-sous-le-signe-de-la-solidarite\/","og_site_name":"Holyart.fr Blog","article_published_time":"2023-12-11T09:00:06+00:00","article_modified_time":"2024-11-22T11:37:09+00:00","og_image":[{"width":1000,"height":666,"url":"https:\/\/blog.holyart.it\/fr\/wp-content\/uploads\/sites\/14\/2023\/12\/Idees-cadeaux-solidaires-pour-un-Noel-sous-le-signe-de-la-solidarite.jpg","type":"image\/jpeg"}],"author":"Redazione","twitter_card":"summary_large_image","twitter_misc":{"\u00c9crit par":"Redazione","Dur\u00e9e de lecture estim\u00e9e":"7 minutes"},"schema":{"@context":"https:\/\/schema.org","@graph":[{"@type":"Article","@id":"https:\/\/blog.holyart.it\/fr\/noel\/idees-cadeaux-solidaires-pour-un-noel-sous-le-signe-de-la-solidarite\/#article","isPartOf":{"@id":"https:\/\/blog.holyart.it\/fr\/noel\/idees-cadeaux-solidaires-pour-un-noel-sous-le-signe-de-la-solidarite\/"},"author":{"name":"Redazione","@id":"https:\/\/blog.holyart.it\/fr\/#\/schema\/person\/0a7b686e5af0f856ec1e390dd0baecda"},"headline":"Id\u00e9es-cadeaux solidaires pour un No\u00ebl sous le signe de la solidarit\u00e9","datePublished":"2023-12-11T09:00:06+00:00","dateModified":"2024-11-22T11:37:09+00:00","mainEntityOfPage":{"@id":"https:\/\/blog.holyart.it\/fr\/noel\/idees-cadeaux-solidaires-pour-un-noel-sous-le-signe-de-la-solidarite\/"},"wordCount":1221,"publisher":{"@id":"https:\/\/blog.holyart.it\/fr\/#organization"},"image":{"@id":"https:\/\/blog.holyart.it\/fr\/noel\/idees-cadeaux-solidaires-pour-un-noel-sous-le-signe-de-la-solidarite\/#primaryimage"},"thumbnailUrl":"https:\/\/blog.holyart.it\/fr\/wp-content\/uploads\/sites\/14\/2023\/12\/Idees-cadeaux-solidaires-pour-un-Noel-sous-le-signe-de-la-solidarite.jpg","articleSection":["No\u00ebl"],"inLanguage":"fr-FR"},{"@type":"WebPage","@id":"https:\/\/blog.holyart.it\/fr\/noel\/idees-cadeaux-solidaires-pour-un-noel-sous-le-signe-de-la-solidarite\/","url":"https:\/\/blog.holyart.it\/fr\/noel\/idees-cadeaux-solidaires-pour-un-noel-sous-le-signe-de-la-solidarite\/","name":"Id\u00e9es-cadeaux solidaires pour un No\u00ebl sous le signe de la solidarit\u00e9 - Holyart.fr Blog","isPartOf":{"@id":"https:\/\/blog.holyart.it\/fr\/#website"},"primaryImageOfPage":{"@id":"https:\/\/blog.holyart.it\/fr\/noel\/idees-cadeaux-solidaires-pour-un-noel-sous-le-signe-de-la-solidarite\/#primaryimage"},"image":{"@id":"https:\/\/blog.holyart.it\/fr\/noel\/idees-cadeaux-solidaires-pour-un-noel-sous-le-signe-de-la-solidarite\/#primaryimage"},"thumbnailUrl":"https:\/\/blog.holyart.it\/fr\/wp-content\/uploads\/sites\/14\/2023\/12\/Idees-cadeaux-solidaires-pour-un-Noel-sous-le-signe-de-la-solidarite.jpg","datePublished":"2023-12-11T09:00:06+00:00","dateModified":"2024-11-22T11:37:09+00:00","description":"Id\u00e9es-cadeaux solidaires pour un No\u00ebl meilleur pour tous, proches et lointains. Voici nos propositions...","breadcrumb":{"@id":"https:\/\/blog.holyart.it\/fr\/noel\/idees-cadeaux-solidaires-pour-un-noel-sous-le-signe-de-la-solidarite\/#breadcrumb"},"inLanguage":"fr-FR","potentialAction":[{"@type":"ReadAction","target":["https:\/\/blog.holyart.it\/fr\/noel\/idees-cadeaux-solidaires-pour-un-noel-sous-le-signe-de-la-solidarite\/"]}]},{"@type":"ImageObject","inLanguage":"fr-FR","@id":"https:\/\/blog.holyart.it\/fr\/noel\/idees-cadeaux-solidaires-pour-un-noel-sous-le-signe-de-la-solidarite\/#primaryimage","url":"https:\/\/blog.holyart.it\/fr\/wp-content\/uploads\/sites\/14\/2023\/12\/Idees-cadeaux-solidaires-pour-un-Noel-sous-le-signe-de-la-solidarite.jpg","contentUrl":"https:\/\/blog.holyart.it\/fr\/wp-content\/uploads\/sites\/14\/2023\/12\/Idees-cadeaux-solidaires-pour-un-Noel-sous-le-signe-de-la-solidarite.jpg","width":1000,"height":666,"caption":"Id\u00e9es-cadeaux solidaires pour un No\u00ebl sous le signe de la solidarit\u00e9"},{"@type":"BreadcrumbList","@id":"https:\/\/blog.holyart.it\/fr\/noel\/idees-cadeaux-solidaires-pour-un-noel-sous-le-signe-de-la-solidarite\/#breadcrumb","itemListElement":[{"@type":"ListItem","position":1,"name":"Homepage","item":"https:\/\/blog.holyart.it\/fr\/"},{"@type":"ListItem","position":2,"name":"No\u00ebl","item":"https:\/\/blog.holyart.it\/fr\/noel\/"},{"@type":"ListItem","position":3,"name":"Id\u00e9es-cadeaux solidaires pour un No\u00ebl sous le signe de la solidarit\u00e9"}]},{"@type":"WebSite","@id":"https:\/\/blog.holyart.it\/fr\/#website","url":"https:\/\/blog.holyart.it\/fr\/","name":"Holyart.fr Blog","description":"Holyblog","publisher":{"@id":"https:\/\/blog.holyart.it\/fr\/#organization"},"potentialAction":[{"@type":"SearchAction","target":{"@type":"EntryPoint","urlTemplate":"https:\/\/blog.holyart.it\/fr\/?s={search_term_string}"},"query-input":{"@type":"PropertyValueSpecification","valueRequired":true,"valueName":"search_term_string"}}],"inLanguage":"fr-FR"},{"@type":"Organization","@id":"https:\/\/blog.holyart.it\/fr\/#organization","name":"Holyart.fr Blog","url":"https:\/\/blog.holyart.it\/fr\/","logo":{"@type":"ImageObject","inLanguage":"fr-FR","@id":"https:\/\/blog.holyart.it\/fr\/#\/schema\/logo\/image\/","url":"https:\/\/blog.holyart.it\/fr\/wp-content\/uploads\/sites\/14\/2022\/12\/Holyart_Blog_Logo.jpg","contentUrl":"https:\/\/blog.holyart.it\/fr\/wp-content\/uploads\/sites\/14\/2022\/12\/Holyart_Blog_Logo.jpg","width":300,"height":50,"caption":"Holyart.fr Blog"},"image":{"@id":"https:\/\/blog.holyart.it\/fr\/#\/schema\/logo\/image\/"}},{"@type":"Person","@id":"https:\/\/blog.holyart.it\/fr\/#\/schema\/person\/0a7b686e5af0f856ec1e390dd0baecda","name":"Redazione","image":{"@type":"ImageObject","inLanguage":"fr-FR","@id":"https:\/\/blog.holyart.it\/fr\/#\/schema\/person\/image\/","url":"https:\/\/secure.gravatar.com\/avatar\/f477da817f43e50d0af36abecd33e3edf826c68299714bdc1057dff3b113f516?s=96&d=mm&r=g","contentUrl":"https:\/\/secure.gravatar.com\/avatar\/f477da817f43e50d0af36abecd33e3edf826c68299714bdc1057dff3b113f516?s=96&d=mm&r=g","caption":"Redazione"},"url":"https:\/\/blog.holyart.it\/fr\/author\/admin\/"}]}},"_links":{"self":[{"href":"https:\/\/blog.holyart.it\/fr\/wp-json\/wp\/v2\/posts\/7496","targetHints":{"allow":["GET"]}}],"collection":[{"href":"https:\/\/blog.holyart.it\/fr\/wp-json\/wp\/v2\/posts"}],"about":[{"href":"https:\/\/blog.holyart.it\/fr\/wp-json\/wp\/v2\/types\/post"}],"author":[{"embeddable":true,"href":"https:\/\/blog.holyart.it\/fr\/wp-json\/wp\/v2\/users\/1"}],"replies":[{"embeddable":true,"href":"https:\/\/blog.holyart.it\/fr\/wp-json\/wp\/v2\/comments?post=7496"}],"version-history":[{"count":9,"href":"https:\/\/blog.holyart.it\/fr\/wp-json\/wp\/v2\/posts\/7496\/revisions"}],"predecessor-version":[{"id":7526,"href":"https:\/\/blog.holyart.it\/fr\/wp-json\/wp\/v2\/posts\/7496\/revisions\/7526"}],"wp:featuredmedia":[{"embeddable":true,"href":"https:\/\/blog.holyart.it\/fr\/wp-json\/wp\/v2\/media\/7503"}],"wp:attachment":[{"href":"https:\/\/blog.holyart.it\/fr\/wp-json\/wp\/v2\/media?parent=7496"}],"wp:term":[{"taxonomy":"category","embeddable":true,"href":"https:\/\/blog.holyart.it\/fr\/wp-json\/wp\/v2\/categories?post=7496"},{"taxonomy":"post_tag","embeddable":true,"href":"https:\/\/blog.holyart.it\/fr\/wp-json\/wp\/v2\/tags?post=7496"}],"curies":[{"name":"wp","href":"https:\/\/api.w.org\/{rel}","templated":true}]}}