{"id":7449,"date":"2023-12-04T10:00:22","date_gmt":"2023-12-04T09:00:22","guid":{"rendered":"https:\/\/blog.holyart.it\/fr\/?p=7449"},"modified":"2024-11-06T16:45:45","modified_gmt":"2024-11-06T15:45:45","slug":"la-couronne-de-lavent-a-leglise-10-curiosites-a-savoir","status":"publish","type":"post","link":"https:\/\/blog.holyart.it\/fr\/noel\/la-couronne-de-lavent-a-leglise-10-curiosites-a-savoir\/","title":{"rendered":"La Couronne de l\u2019Avent \u00e0 l\u2019\u00e9glise : 10 curiosit\u00e9s \u00e0 savoir"},"content":{"rendered":"<h4>La Couronne de l\u2019Avent \u00e0 l\u2019\u00e9glise et \u00e0 la maison : que symbolise-t-elle ? Quand doit-on allumer la premier bougie ? D\u00e9couvrons-le ensemble<\/h4>\n\n<p>Dimanche 28 novembre a \u00e9t\u00e9 le <strong>premier dimanche d\u2019Avent<\/strong> : il est temps d\u2019allumer les bougies de la Couronne de l\u2019Avent \u00e0 l\u2019\u00e9glise comme \u00e0 la maison. Nous sommes entr\u00e9s dans cette p\u00e9riode de l\u2019ann\u00e9e qui pour les chr\u00e9tiens symbolise au mieux l\u2019attente impatiente de la <strong>venue de Christ<\/strong>, du renouvellement de Sa naissance miraculeuse, mais aussi l\u2019espoir pour Son retour, \u00e0 la fin des temps. Il ne s\u2019agit pas uniquement de c\u00e9l\u00e9brer l\u2019approche de No\u00ebl. L\u2019Avent est bien plus qu\u2019une simple tradition de No\u00ebl : c\u2019est une <u>p\u00e9riode liturgique<\/u> bien d\u00e9finie qui, comme tous les temps liturgiques, demande une attitude particuli\u00e8re de la part de qui croit, qui doit pr\u00e9parer son \u00e2me pour vivre au mieux ce moment particulier de foi et d\u2019espoir.<\/p>\n<p>Voyons bri\u00e8vement tout ce qu\u2019il est opportun de savoir concernant l\u2019Avent et, en particulier, la <strong>Couronne de l\u2019Avent \u00e0 l\u2019\u00e9glise et \u00e0 la maison<\/strong>.<\/p>\n<h2>Qu\u2019est-ce que l\u2019Avent symbolise ?<\/h2>\n<p>L\u2019Avent est la p\u00e9riode qui pr\u00e9c\u00e8de No\u00ebl, p\u00e9riode pendant laquelle les chr\u00e9tiens attendent (du latin <em>adventus<\/em>, \u00ab\u00a0attente\u00a0\u00bb) avec <strong>p\u00e9nitence, pri\u00e8re et foi<\/strong> la naissance de J\u00e9sus. Chaque semaine de l\u2019Avent est symbolis\u00e9e par une des bougies que nous retrouvons dans la <strong>Couronne de l\u2019Avent<\/strong>, une d\u00e9coration de No\u00ebl qui ne peut pas manquer dans une maison chr\u00e9tienne. Habituellement elle se compose d\u2019un <strong>cercle de branches de sempervirent<\/strong>, qui rappellent la saison hivernale, mais aussi la vie \u00e9ternelle et l\u2019entr\u00e9e triomphale de J\u00e9sus \u00e0 J\u00e9rusalem, et par <strong>quatre bougies<\/strong>, symbole de <strong>salut<\/strong> et de la <strong>lumi\u00e8re qui chasse les t\u00e9n\u00e8bres<\/strong> et le p\u00e9ch\u00e9. La <strong>forme circulaire<\/strong> de la couronne de l\u2019Avent rappelle l\u2019\u00e9ternit\u00e9, l\u2019unit\u00e9 du tout. Elle nait d\u2019une tradition d\u2019origine germanique, qui remonte au d\u00e9but du XIXe si\u00e8cle.<\/p>\n<div class=\"link-product\">\n<div class=\"blocco-immagine\"><img loading=\"lazy\" decoding=\"async\" class=\"size-full wp-image-7455 alignleft\" src=\"https:\/\/blog.holyart.it\/fr\/wp-content\/uploads\/sites\/14\/2023\/11\/Avent.jpg\" alt=\"Avent\" width=\"100\" height=\"100\" data-kale-share-title=\"La Couronne de l\u2019Avent \u00e0 l\u2019\u00e9glise : 10 curiosit\u00e9s \u00e0 savoir\" data-kale-share-url=\"https:\/\/blog.holyart.it\/fr\/?p=7449\" \/><\/div>\n<div class=\"blocco-contenuto\">\n<div class=\"blocco-acquista\">Acheter sur Holyart:<\/div>\n<div class=\"blocco-titolo\"><a href=\"https:\/\/www.holyart.fr\/noel\/avent?page=1&amp;_gl=1*1yni5m2*_gcl_aw*R0NMLjE3MDEwODIxNDYuQ2owS0NRanc4cW1oQmhDbEFSSXNBTkF0Ym9mZ21KMm85dkV5S0JjLUdLUWIweWFCLU9EekR0N1ZQV2hnY1g4WW96M2haNGVTR0JkUjR1d2FBZzZrRUFMd193Y0I.*_gcl_au*MzQ2MTAxMTM4LjE2OTc4MDc3MzQ.*_ga*MjAyODIwNTUzOS4xNjgwNTA1OTc3*_ga_W18MV136NH*MTcwMTA5MDI3MC4yMDQuMS4xNzAxMDkyNDIzLjAuMC4w\">Avent<\/a><\/div>\n<div class=\"blocco-descrizione\">Couronnes de l&rsquo;Avent et Bougies de l&rsquo;Avent pour la maison ou pour l&rsquo;\u00e9glise&#8230;<\/div>\n<\/div>\n<\/div>\n<h2>Quelle est la couleur de l\u2019Avent ?<\/h2>\n<p>La couleur liturgique de l\u2019Avent est le violet, qui rappelle la p\u00e9nitence, le je\u00fbne et l\u2019attente, en plus du deuil.<\/p>\n<h2>Comment s\u2019appellent les 4 dimanches de l\u2019Avent ?<\/h2>\n<p>Les <strong>noms des dimanches d\u2019Avent<\/strong> sont tir\u00e9s des premiers mots de l\u2019<em>intro\u00eft<\/em>, l\u2019antienne qui ouvre la c\u00e9l\u00e9bration de la messe de ces dimanches :<\/p>\n<ol>\n<li>Dimanche d\u2019Avent : <em>Ad te levavi <\/em>(Ad te levavi animam meam, \u00ab\u00a0Je l\u00e8ve \u00e0 toi mon \u00e2me, \u00f4 Seigneur\u00a0\u00bb), du psaume 24\/25 ;<\/li>\n<li>Dimanche d\u2019Avent : <em>Populus Sion<\/em> (Populus Sion, ecce Dominus veniet ad salvandas gentes, \u00ab\u00a0Peuple de Sion, voici que le Seigneur va venir pour sauver le monde\u00a0\u00bb), du psaume 79\/80 ;<\/li>\n<li>Dimanche d\u2019Avent : <em>Gaudete <\/em>(Gaudete in Domino semper, \u00ab\u00a0R\u00e9jouissez-vous toujours dans le Seigneur\u00a0\u00bb), du psaume 84\/85 ;<\/li>\n<li>Dimanche d\u2019Avent : <em>Rorate <\/em>(Rorate, coeli desuper, et nubes pluant iustum, \u00ab\u00a0Que les cieux r\u00e9pandent d\u2019en haut et que les nu\u00e9es laissent couler la justice\u00a0\u00bb), du livre d\u2019\u00c9sa\u00efe (45,8).<\/li>\n<\/ol>\n<h2>Quand d\u00e9bute le premier dimanche de l\u2019Avent ?<\/h2>\n<p>Le <u>temps de l\u2019Avent<\/u> dure quatre semaines, six dans le rite Ambrosien : il commence avec les v\u00eapres du premier dimanche, qui cette ann\u00e9e tombait le 28 de novembre, et se conclut avec les v\u00eapres de No\u00ebl, le 24 d\u00e9cembre.<\/p>\n<div class=\"link-article\">\n<p><img loading=\"lazy\" decoding=\"async\" class=\"size-full wp-image-7457 alignleft\" src=\"https:\/\/blog.holyart.it\/fr\/wp-content\/uploads\/sites\/14\/2023\/11\/Le-temps-de-lAvent.jpg\" alt=\"Le temps de l\u2019Avent\" width=\"150\" height=\"99\" data-kale-share-title=\"La Couronne de l\u2019Avent \u00e0 l\u2019\u00e9glise : 10 curiosit\u00e9s \u00e0 savoir\" data-kale-share-url=\"https:\/\/blog.holyart.it\/fr\/?p=7449\" \/><\/p>\n<div class=\"leggi-anche\">Lire aussi :<\/div>\n<p><strong><a href=\"https:\/\/www.holyart.fr\/blog\/noel\/le-temps-de-lavent\/\">Le temps de l\u2019Avent<\/a><\/strong><br \/>\nL\u2019Avent est un des moments les plus importants de l\u2019ann\u00e9e pour les catholiques du monde entier&#8230;<\/p>\n<\/div>\n<h2>Quand allume-t-on les bougies de l\u2019Avent\u00a0?<\/h2>\n<p>Chaque dimanche d\u2019Avent on allume une bougie, jusqu\u2019\u00e0 les avoir toutes allum\u00e9es pour le R\u00e9veillon de No\u00ebl.<\/p>\n<h2>Comment allume-t-on la couronne de l\u2019Avent ?<\/h2>\n<p>L\u2019id\u00e9al serait que toute la famille participe \u00e0 l\u2019allumage de chaque bougie, si possible en l\u2019accompagnant d\u2019un moment de pri\u00e8re commune. La tradition veut que ce soient les enfants de la maison qui allument les bougies de la couronne de l\u2019Avent. En ce qui concerne la couronne de l\u2019Avent \u00e0 l\u2019\u00e9glise, elle est plac\u00e9e \u00e0 un endroit bien visible pour tous les fid\u00e8les et le pr\u00eatre s\u2019inqui\u00e8te d\u2019impliquer toute l\u2019assembl\u00e9e dans l\u2019allumage de chaque bougie, en en expliquant la signification et en guidant les fid\u00e8les dans la pri\u00e8re comune appropri\u00e9e.<\/p>\n<h2>Quels sont les noms des bougies de l\u2019Avent\u00a0?<\/h2>\n<p>Chaque bougie porte un nom et poss\u00e8de une signification sp\u00e9cifique\u00a0:<\/p>\n<ul>\n<li style=\"list-style-type: none;\">\n<ul style=\"list-style-type: disc;\">\n<li><strong>Premi\u00e8re bougie d\u2019Avent : bougie du Proph\u00e8te<\/strong>, faisant r\u00e9f\u00e9rence aux proph\u00e9ties sur la naissance de J\u00e9sus. C\u2019est la bougie de l\u2019<strong>Espoir<\/strong> ;<\/li>\n<li><strong>Deuxi\u00e8me bougie d\u2019Avent : bougie de Bethl\u00e9em<\/strong>, rappelant la ville o\u00f9 Il est n\u00e9. C\u2019est la bougie du <strong>Salut<\/strong>\u00a0;<\/li>\n<li><strong>Troisi\u00e8me bougie d\u2019Avent : bougie des Bergers<\/strong>, rappelant ceux qui en premiers ador\u00e8rent J\u00e9sus. C\u2019est la bougie de la <strong>Joie<\/strong> ;<\/li>\n<li><strong>Quatri\u00e8me bougie d\u2019Avent : bougie des Anges<\/strong>, c\u00e9l\u00e9brant les messagers qui apport\u00e8rent au monde la nouvelle de la naissance miraculeuse.<\/li>\n<\/ul>\n<\/li>\n<\/ul>\n<div class=\"link-product\">\n<div class=\"blocco-immagine\"><img loading=\"lazy\" decoding=\"async\" class=\"size-full wp-image-7460 alignleft\" src=\"https:\/\/blog.holyart.it\/fr\/wp-content\/uploads\/sites\/14\/2023\/11\/Cierges-mates-4-pieces-pour-lAvent-15x8-cm.jpg\" alt=\"Cierges mates 4 pi\u00e8ces pour l'Avent 15x8 cm\" width=\"100\" height=\"100\" data-kale-share-title=\"La Couronne de l\u2019Avent \u00e0 l\u2019\u00e9glise : 10 curiosit\u00e9s \u00e0 savoir\" data-kale-share-url=\"https:\/\/blog.holyart.it\/fr\/?p=7449\" \/><\/div>\n<div class=\"blocco-contenuto\">\n<div class=\"blocco-acquista\">Acheter sur Holyart:<\/div>\n<div class=\"blocco-titolo\"><a href=\"https:\/\/www.holyart.fr\/noel\/avent\/cierges-mates-4-pieces-pour-lavent-15x8-cm?_gl=1*39kj7d*_gcl_aw*R0NMLjE3MDEwODIxNDYuQ2owS0NRanc4cW1oQmhDbEFSSXNBTkF0Ym9mZ21KMm85dkV5S0JjLUdLUWIweWFCLU9EekR0N1ZQV2hnY1g4WW96M2haNGVTR0JkUjR1d2FBZzZrRUFMd193Y0I.*_gcl_au*MzQ2MTAxMTM4LjE2OTc4MDc3MzQ.*_ga*MjAyODIwNTUzOS4xNjgwNTA1OTc3*_ga_W18MV136NH*MTcwMTA5MDI3MC4yMDQuMS4xNzAxMDkyNzg1LjAuMC4w\">Cierges mates 4 pi\u00e8ces pour l&rsquo;Avent 15&#215;8 cm<\/a><\/div>\n<div class=\"blocco-descrizione\">Set de 4 cierges, finition mate, de couleur adapt\u00e9e pour la Couronne de l&rsquo;Avent&#8230;<\/div>\n<\/div>\n<\/div>\n<h2>Quelles sont les quatre couleurs des bougies de l\u2019Avent\u00a0?<\/h2>\n<p>La couleur des bougies de l\u2019Avent peut \u00eatre <strong>violette<\/strong>, mais le <strong>blanc<\/strong> aussi est accept\u00e9, symbole de puret\u00e9 et de lumi\u00e8re, tout comme le <strong>rouge<\/strong>, couleur de No\u00ebl par excellence, qui exprime l\u2019amour de J\u00e9sus pour nous tous.<\/p>\n<p>Habituellement les bougies de l\u2019Avent suivent un sch\u00e9ma de couleur pr\u00e9cis\u00a0:<\/p>\n<p>&#8211; <strong>premi\u00e8re bougie <\/strong>(Bougie du Proph\u00e8te) : violette ou rouge ;<br \/>\n&#8211; <strong>deuxi\u00e8me bougie<\/strong> (Bougie de Bethl\u00e9em) : violette ou rouge ;<br \/>\n&#8211; <strong>troisi\u00e8me bougie<\/strong> (Bougie des Bergers) : rouge ;<br \/>\n&#8211; <strong>quatri\u00e8me bougie<\/strong> (Bougie des Anges) : violet ou rouge.<\/p>\n<div class=\"sp-styles-warning\" style=\"width: 450px; background-color: #FFF; color: #F00; border: 1px solid #F00; padding: 10px; font-size: 14px;\">\n\t\t\t<span style=\"font-weight: bold;\">Warning: The stylesheets were not loaded!<\/span> \n\t\t\tYou will need to change the <i>Load stylesheets<\/i> setting from <i>Automatically<\/i> to <i>On homepage<\/i> or <i>On all pages<\/i>. \n\t\t\tYou can set that <a style=\"text-decoration: underline; color: #F00;\" href=\"https:\/\/blog.holyart.it\/fr\/wp-admin\/admin.php?page=sliderpro-settings\">here<\/a>.\n\t\t\t<\/div>\r\n<div id=\"slider-pro-124\" class=\"slider-pro sp-no-js\" style=\"width: 500px; height: 500px;\">\r\n\t<div class=\"sp-slides\">\r\n\t\t\r\n\t\t<div class=\"sp-slide\">\r\n\t\t\t<a class=\"\" href=\"https:\/\/www.holyart.fr\/noel\/avent\/couronne-de-lavent-kit-complet-couronne-4-bougies-rouges?_gl=1*942vm5*_gcl_aw*R0NMLjE3MDEwODIxNDYuQ2owS0NRanc4cW1oQmhDbEFSSXNBTkF0Ym9mZ21KMm85dkV5S0JjLUdLUWIweWFCLU9EekR0N1ZQV2hnY1g4WW96M2haNGVTR0JkUjR1d2FBZzZrRUFMd193Y0I.*_gcl_au*MzQ2MTAxMTM4LjE2OTc4MDc3MzQ.*_ga*MjAyODIwNTUzOS4xNjgwNTA1OTc3*_ga_W18MV136NH*MTcwMTA5MDI3MC4yMDQuMS4xNzAxMDkzNTg2LjAuMC4w\" target=\"_self\">\r\n\t\t\t\t<img loading=\"lazy\" decoding=\"async\" class=\"sp-image\" src=\"https:\/\/blog.holyart.it\/fr\/wp-content\/uploads\/sites\/14\/2023\/11\/couronne-de-lavent-kit-complet-couronne-4-bougies-rouges.jpg\" alt=\"couronne-de-lavent-kit-complet-couronne-4-bougies-rouges\" width=\"500\" height=\"500\" \/>\r\n\t\t\t<\/a>\r\n\t\t\t<div class=\"sp-thumbnail\"><img decoding=\"async\" src=\"https:\/\/blog.holyart.it\/fr\/wp-content\/uploads\/sites\/14\/2023\/11\/couronne-de-lavent-kit-complet-couronne-4-bougies-rouges-150x150-1.jpg\" alt=\"couronne-de-lavent-kit-complet-couronne-4-bougies-rouges 150x150\" \/>\r\n\t\t\t<\/div>\r\n\t\t\t<div class=\"sp-caption\">Couronne de l'Avent kit complet couronne 4 bougies rouges\n<\/br><strong><a href=\"https:\/\/www.holyart.fr\/noel\/avent\/couronne-de-lavent-kit-complet-couronne-4-bougies-rouges?_gl=1*942vm5*_gcl_aw*R0NMLjE3MDEwODIxNDYuQ2owS0NRanc4cW1oQmhDbEFSSXNBTkF0Ym9mZ21KMm85dkV5S0JjLUdLUWIweWFCLU9EekR0N1ZQV2hnY1g4WW96M2haNGVTR0JkUjR1d2FBZzZrRUFMd193Y0I.*_gcl_au*MzQ2MTAxMTM4LjE2OTc4MDc3MzQ.*_ga*MjAyODIwNTUzOS4xNjgwNTA1OTc3*_ga_W18MV136NH*MTcwMTA5MDI3MC4yMDQuMS4xNzAxMDkzNTg2LjAuMC4w\">Acheter sur Holyart<\/a><\/strong><\/div>\r\n\t\t<\/div>\r\n\t\t<div class=\"sp-slide\">\r\n\t\t\t<a class=\"\" href=\"https:\/\/www.holyart.fr\/noel\/avent\/couronne-de-lavent-et-bougies-spheres-brillantes-10-cm?_gl=1*rb49vt*_gcl_aw*R0NMLjE3MDEwODIxNDYuQ2owS0NRanc4cW1oQmhDbEFSSXNBTkF0Ym9mZ21KMm85dkV5S0JjLUdLUWIweWFCLU9EekR0N1ZQV2hnY1g4WW96M2haNGVTR0JkUjR1d2FBZzZrRUFMd193Y0I.*_gcl_au*MzQ2MTAxMTM4LjE2OTc4MDc3MzQ.*_ga*MjAyODIwNTUzOS4xNjgwNTA1OTc3*_ga_W18MV136NH*MTcwMTA5MDI3MC4yMDQuMS4xNzAxMDkzNjU5LjAuMC4w\" target=\"_self\">\r\n\t\t\t\t<img loading=\"lazy\" decoding=\"async\" class=\"sp-image\" src=\"https:\/\/blog.holyart.it\/fr\/wp-content\/uploads\/sites\/14\/2023\/11\/Couronne-de-lAvent-et-bougies-spheres-brillantes-10-cm.jpg\" alt=\"Couronne de l&#039;Avent et bougies sph\u00e8res brillantes 10 cm\" width=\"500\" height=\"500\" \/>\r\n\t\t\t<\/a>\r\n\t\t\t<div class=\"sp-thumbnail\"><img decoding=\"async\" src=\"https:\/\/blog.holyart.it\/fr\/wp-content\/uploads\/sites\/14\/2023\/11\/Couronne-de-lAvent-et-bougies-spheres-brillantes-10-cm-150x150-2.jpg\" alt=\"Couronne de l&#039;Avent et bougies sph\u00e8res brillantes 10 cm 150x150\" \/>\r\n\t\t\t<\/div>\r\n\t\t\t<div class=\"sp-caption\">Couronne de l'Avent et bougies sph\u00e8res brillantes 10 cm\n<\/br><strong><a href=\"https:\/\/www.holyart.fr\/noel\/avent\/couronne-de-lavent-et-bougies-spheres-brillantes-10-cm?_gl=1*rb49vt*_gcl_aw*R0NMLjE3MDEwODIxNDYuQ2owS0NRanc4cW1oQmhDbEFSSXNBTkF0Ym9mZ21KMm85dkV5S0JjLUdLUWIweWFCLU9EekR0N1ZQV2hnY1g4WW96M2haNGVTR0JkUjR1d2FBZzZrRUFMd193Y0I.*_gcl_au*MzQ2MTAxMTM4LjE2OTc4MDc3MzQ.*_ga*MjAyODIwNTUzOS4xNjgwNTA1OTc3*_ga_W18MV136NH*MTcwMTA5MDI3MC4yMDQuMS4xNzAxMDkzNjU5LjAuMC4w\">Acheter sur Holyart<\/a><\/strong><\/div>\r\n\t\t<\/div>\r\n\t\t<div class=\"sp-slide\">\r\n\t\t\t<a class=\"\" href=\"https:\/\/www.holyart.fr\/noel\/avent\/set-couronne-avent-et-bougies-brillantes-15x8-cm?_gl=1*174x0u2*_gcl_aw*R0NMLjE3MDEwODIxNDYuQ2owS0NRanc4cW1oQmhDbEFSSXNBTkF0Ym9mZ21KMm85dkV5S0JjLUdLUWIweWFCLU9EekR0N1ZQV2hnY1g4WW96M2haNGVTR0JkUjR1d2FBZzZrRUFMd193Y0I.*_gcl_au*MzQ2MTAxMTM4LjE2OTc4MDc3MzQ.*_ga*MjAyODIwNTUzOS4xNjgwNTA1OTc3*_ga_W18MV136NH*MTcwMTA5MDI3MC4yMDQuMS4xNzAxMDkzODEwLjAuMC4w\" target=\"_self\">\r\n\t\t\t\t<img loading=\"lazy\" decoding=\"async\" class=\"sp-image\" src=\"https:\/\/blog.holyart.it\/fr\/wp-content\/uploads\/sites\/14\/2023\/11\/set-corona-avvento-e-candele-lucide-15x8-cm-Copia.jpg\" alt=\"Set Couronne Avent et bougies brillantes 15x8 cm\" width=\"500\" height=\"500\" \/>\r\n\t\t\t<\/a>\r\n\t\t\t<div class=\"sp-thumbnail\"><img decoding=\"async\" src=\"https:\/\/blog.holyart.it\/fr\/wp-content\/uploads\/sites\/14\/2023\/11\/set-corona-avvento-e-candele-lucide-15x8-cm-Copia-1.jpg\" alt=\"Set Couronne Avent et bougies brillantes 15x8 cm 150x150\" \/>\r\n\t\t\t<\/div>\r\n\t\t\t<div class=\"sp-caption\">Set Couronne Avent et bougies brillantes 15x8 cm\n<\/br><strong><a href=\"https:\/\/www.holyart.fr\/noel\/avent\/set-couronne-avent-et-bougies-brillantes-15x8-cm?_gl=1*174x0u2*_gcl_aw*R0NMLjE3MDEwODIxNDYuQ2owS0NRanc4cW1oQmhDbEFSSXNBTkF0Ym9mZ21KMm85dkV5S0JjLUdLUWIweWFCLU9EekR0N1ZQV2hnY1g4WW96M2haNGVTR0JkUjR1d2FBZzZrRUFMd193Y0I.*_gcl_au*MzQ2MTAxMTM4LjE2OTc4MDc3MzQ.*_ga*MjAyODIwNTUzOS4xNjgwNTA1OTc3*_ga_W18MV136NH*MTcwMTA5MDI3MC4yMDQuMS4xNzAxMDkzODEwLjAuMC4w\">Acheter sur Holyart<\/a><\/strong><\/div>\r\n\t\t<\/div>\r\n\t<\/div>\r\n<\/div>\n<h2>Comment utilise-t-on les bougies de l\u2019Avent\u00a0?<\/h2>\n<p>Les bougies de l\u2019Avent symbolisent <strong>Espoir, Paix, Joie et Amour<\/strong>, le message amen\u00e9 par l\u2019Enfant J\u00e9sus au monde. Elles sont allum\u00e9es une \u00e0 la fois afin d\u2019exprimer l\u2019id\u00e9e de la lumi\u00e8re de J\u00e9sus qui devient de plus en plus forte et resplendissante au fur et \u00e0 mesure que No\u00ebl approche.<\/p>\n<h2>Quand \u00e9teint-on la premi\u00e8re bougie de l\u2019Avent\u00a0?<\/h2>\n<p>Les bougies de la couronne de l\u2019Avent doivent arriver allum\u00e9es au R\u00e9veillon de No\u00ebl. Elles vont se consommer doucement et de mani\u00e8re autonome, en accompagnant l\u2019attente de la F\u00eate.<\/p>\n","protected":false},"excerpt":{"rendered":"<p>La Couronne de l\u2019Avent \u00e0 l\u2019\u00e9glise et \u00e0 la maison : que symbolise-t-elle ? Quand doit-on allumer la premier bougie ? D\u00e9couvrons-le ensemble Dimanche 28 novembre a \u00e9t\u00e9 le premier dimanche d\u2019Avent : il est temps d\u2019allumer les bougies de la Couronne de l\u2019Avent \u00e0&hellip;<\/p>\n","protected":false},"author":1,"featured_media":7475,"comment_status":"closed","ping_status":"open","sticky":false,"template":"","format":"standard","meta":{"_acf_changed":false,"footnotes":""},"categories":[10],"tags":[],"class_list":["post-7449","post","type-post","status-publish","format-standard","has-post-thumbnail","hentry","category-noel"],"acf":[],"yoast_head":"<!-- This site is optimized with the Yoast SEO plugin v26.6 - https:\/\/yoast.com\/wordpress\/plugins\/seo\/ -->\n<title>La Couronne de l\u2019Avent \u00e0 l\u2019\u00e9glise : 10 curiosit\u00e9s \u00e0 savoir - Holyart.fr Blog<\/title>\n<meta name=\"description\" content=\"La Couronne de l\u2019Avent \u00e0 l\u2019\u00e9glise et \u00e0 la maison : que symbolise-t-elle ? Quand doit-on allumer la premier bougie ? D\u00e9couvrons-le ensemble\" \/>\n<meta name=\"robots\" content=\"index, follow, max-snippet:-1, max-image-preview:large, max-video-preview:-1\" \/>\n<link rel=\"canonical\" href=\"https:\/\/blog.holyart.it\/fr\/noel\/la-couronne-de-lavent-a-leglise-10-curiosites-a-savoir\/\" \/>\n<meta property=\"og:locale\" content=\"fr_FR\" \/>\n<meta property=\"og:type\" content=\"article\" \/>\n<meta property=\"og:title\" content=\"La Couronne de l\u2019Avent \u00e0 l\u2019\u00e9glise : 10 curiosit\u00e9s \u00e0 savoir - Holyart.fr Blog\" \/>\n<meta property=\"og:description\" content=\"La Couronne de l\u2019Avent \u00e0 l\u2019\u00e9glise et \u00e0 la maison : que symbolise-t-elle ? Quand doit-on allumer la premier bougie ? D\u00e9couvrons-le ensemble\" \/>\n<meta property=\"og:url\" content=\"https:\/\/blog.holyart.it\/fr\/noel\/la-couronne-de-lavent-a-leglise-10-curiosites-a-savoir\/\" \/>\n<meta property=\"og:site_name\" content=\"Holyart.fr Blog\" \/>\n<meta property=\"article:published_time\" content=\"2023-12-04T09:00:22+00:00\" \/>\n<meta property=\"article:modified_time\" content=\"2024-11-06T15:45:45+00:00\" \/>\n<meta property=\"og:image\" content=\"https:\/\/blog.holyart.it\/fr\/wp-content\/uploads\/sites\/14\/2023\/11\/La-Couronne-de-lAvent-a-leglise.jpg\" \/>\n\t<meta property=\"og:image:width\" content=\"1000\" \/>\n\t<meta property=\"og:image:height\" content=\"666\" \/>\n\t<meta property=\"og:image:type\" content=\"image\/jpeg\" \/>\n<meta name=\"author\" content=\"Redazione\" \/>\n<meta name=\"twitter:card\" content=\"summary_large_image\" \/>\n<meta name=\"twitter:label1\" content=\"\u00c9crit par\" \/>\n\t<meta name=\"twitter:data1\" content=\"Redazione\" \/>\n\t<meta name=\"twitter:label2\" content=\"Dur\u00e9e de lecture estim\u00e9e\" \/>\n\t<meta name=\"twitter:data2\" content=\"6 minutes\" \/>\n<script type=\"application\/ld+json\" class=\"yoast-schema-graph\">{\"@context\":\"https:\/\/schema.org\",\"@graph\":[{\"@type\":\"Article\",\"@id\":\"https:\/\/blog.holyart.it\/fr\/noel\/la-couronne-de-lavent-a-leglise-10-curiosites-a-savoir\/#article\",\"isPartOf\":{\"@id\":\"https:\/\/blog.holyart.it\/fr\/noel\/la-couronne-de-lavent-a-leglise-10-curiosites-a-savoir\/\"},\"author\":{\"name\":\"Redazione\",\"@id\":\"https:\/\/blog.holyart.it\/fr\/#\/schema\/person\/0a7b686e5af0f856ec1e390dd0baecda\"},\"headline\":\"La Couronne de l\u2019Avent \u00e0 l\u2019\u00e9glise : 10 curiosit\u00e9s \u00e0 savoir\",\"datePublished\":\"2023-12-04T09:00:22+00:00\",\"dateModified\":\"2024-11-06T15:45:45+00:00\",\"mainEntityOfPage\":{\"@id\":\"https:\/\/blog.holyart.it\/fr\/noel\/la-couronne-de-lavent-a-leglise-10-curiosites-a-savoir\/\"},\"wordCount\":1136,\"publisher\":{\"@id\":\"https:\/\/blog.holyart.it\/fr\/#organization\"},\"image\":{\"@id\":\"https:\/\/blog.holyart.it\/fr\/noel\/la-couronne-de-lavent-a-leglise-10-curiosites-a-savoir\/#primaryimage\"},\"thumbnailUrl\":\"https:\/\/blog.holyart.it\/fr\/wp-content\/uploads\/sites\/14\/2023\/11\/La-Couronne-de-lAvent-a-leglise.jpg\",\"articleSection\":[\"No\u00ebl\"],\"inLanguage\":\"fr-FR\"},{\"@type\":\"WebPage\",\"@id\":\"https:\/\/blog.holyart.it\/fr\/noel\/la-couronne-de-lavent-a-leglise-10-curiosites-a-savoir\/\",\"url\":\"https:\/\/blog.holyart.it\/fr\/noel\/la-couronne-de-lavent-a-leglise-10-curiosites-a-savoir\/\",\"name\":\"La Couronne de l\u2019Avent \u00e0 l\u2019\u00e9glise : 10 curiosit\u00e9s \u00e0 savoir - Holyart.fr Blog\",\"isPartOf\":{\"@id\":\"https:\/\/blog.holyart.it\/fr\/#website\"},\"primaryImageOfPage\":{\"@id\":\"https:\/\/blog.holyart.it\/fr\/noel\/la-couronne-de-lavent-a-leglise-10-curiosites-a-savoir\/#primaryimage\"},\"image\":{\"@id\":\"https:\/\/blog.holyart.it\/fr\/noel\/la-couronne-de-lavent-a-leglise-10-curiosites-a-savoir\/#primaryimage\"},\"thumbnailUrl\":\"https:\/\/blog.holyart.it\/fr\/wp-content\/uploads\/sites\/14\/2023\/11\/La-Couronne-de-lAvent-a-leglise.jpg\",\"datePublished\":\"2023-12-04T09:00:22+00:00\",\"dateModified\":\"2024-11-06T15:45:45+00:00\",\"description\":\"La Couronne de l\u2019Avent \u00e0 l\u2019\u00e9glise et \u00e0 la maison : que symbolise-t-elle ? Quand doit-on allumer la premier bougie ? D\u00e9couvrons-le ensemble\",\"breadcrumb\":{\"@id\":\"https:\/\/blog.holyart.it\/fr\/noel\/la-couronne-de-lavent-a-leglise-10-curiosites-a-savoir\/#breadcrumb\"},\"inLanguage\":\"fr-FR\",\"potentialAction\":[{\"@type\":\"ReadAction\",\"target\":[\"https:\/\/blog.holyart.it\/fr\/noel\/la-couronne-de-lavent-a-leglise-10-curiosites-a-savoir\/\"]}]},{\"@type\":\"ImageObject\",\"inLanguage\":\"fr-FR\",\"@id\":\"https:\/\/blog.holyart.it\/fr\/noel\/la-couronne-de-lavent-a-leglise-10-curiosites-a-savoir\/#primaryimage\",\"url\":\"https:\/\/blog.holyart.it\/fr\/wp-content\/uploads\/sites\/14\/2023\/11\/La-Couronne-de-lAvent-a-leglise.jpg\",\"contentUrl\":\"https:\/\/blog.holyart.it\/fr\/wp-content\/uploads\/sites\/14\/2023\/11\/La-Couronne-de-lAvent-a-leglise.jpg\",\"width\":1000,\"height\":666,\"caption\":\"La Couronne de l\u2019Avent \u00e0 l\u2019\u00e9glise\"},{\"@type\":\"BreadcrumbList\",\"@id\":\"https:\/\/blog.holyart.it\/fr\/noel\/la-couronne-de-lavent-a-leglise-10-curiosites-a-savoir\/#breadcrumb\",\"itemListElement\":[{\"@type\":\"ListItem\",\"position\":1,\"name\":\"Homepage\",\"item\":\"https:\/\/blog.holyart.it\/fr\/\"},{\"@type\":\"ListItem\",\"position\":2,\"name\":\"No\u00ebl\",\"item\":\"https:\/\/blog.holyart.it\/fr\/noel\/\"},{\"@type\":\"ListItem\",\"position\":3,\"name\":\"La Couronne de l\u2019Avent \u00e0 l\u2019\u00e9glise : 10 curiosit\u00e9s \u00e0 savoir\"}]},{\"@type\":\"WebSite\",\"@id\":\"https:\/\/blog.holyart.it\/fr\/#website\",\"url\":\"https:\/\/blog.holyart.it\/fr\/\",\"name\":\"Holyart.fr Blog\",\"description\":\"Holyblog\",\"publisher\":{\"@id\":\"https:\/\/blog.holyart.it\/fr\/#organization\"},\"potentialAction\":[{\"@type\":\"SearchAction\",\"target\":{\"@type\":\"EntryPoint\",\"urlTemplate\":\"https:\/\/blog.holyart.it\/fr\/?s={search_term_string}\"},\"query-input\":{\"@type\":\"PropertyValueSpecification\",\"valueRequired\":true,\"valueName\":\"search_term_string\"}}],\"inLanguage\":\"fr-FR\"},{\"@type\":\"Organization\",\"@id\":\"https:\/\/blog.holyart.it\/fr\/#organization\",\"name\":\"Holyart.fr Blog\",\"url\":\"https:\/\/blog.holyart.it\/fr\/\",\"logo\":{\"@type\":\"ImageObject\",\"inLanguage\":\"fr-FR\",\"@id\":\"https:\/\/blog.holyart.it\/fr\/#\/schema\/logo\/image\/\",\"url\":\"https:\/\/blog.holyart.it\/fr\/wp-content\/uploads\/sites\/14\/2022\/12\/Holyart_Blog_Logo.jpg\",\"contentUrl\":\"https:\/\/blog.holyart.it\/fr\/wp-content\/uploads\/sites\/14\/2022\/12\/Holyart_Blog_Logo.jpg\",\"width\":300,\"height\":50,\"caption\":\"Holyart.fr Blog\"},\"image\":{\"@id\":\"https:\/\/blog.holyart.it\/fr\/#\/schema\/logo\/image\/\"}},{\"@type\":\"Person\",\"@id\":\"https:\/\/blog.holyart.it\/fr\/#\/schema\/person\/0a7b686e5af0f856ec1e390dd0baecda\",\"name\":\"Redazione\",\"image\":{\"@type\":\"ImageObject\",\"inLanguage\":\"fr-FR\",\"@id\":\"https:\/\/blog.holyart.it\/fr\/#\/schema\/person\/image\/\",\"url\":\"https:\/\/secure.gravatar.com\/avatar\/f477da817f43e50d0af36abecd33e3edf826c68299714bdc1057dff3b113f516?s=96&d=mm&r=g\",\"contentUrl\":\"https:\/\/secure.gravatar.com\/avatar\/f477da817f43e50d0af36abecd33e3edf826c68299714bdc1057dff3b113f516?s=96&d=mm&r=g\",\"caption\":\"Redazione\"},\"url\":\"https:\/\/blog.holyart.it\/fr\/author\/admin\/\"}]}<\/script>\n<!-- \/ Yoast SEO plugin. -->","yoast_head_json":{"title":"La Couronne de l\u2019Avent \u00e0 l\u2019\u00e9glise : 10 curiosit\u00e9s \u00e0 savoir - Holyart.fr Blog","description":"La Couronne de l\u2019Avent \u00e0 l\u2019\u00e9glise et \u00e0 la maison : que symbolise-t-elle ? Quand doit-on allumer la premier bougie ? D\u00e9couvrons-le ensemble","robots":{"index":"index","follow":"follow","max-snippet":"max-snippet:-1","max-image-preview":"max-image-preview:large","max-video-preview":"max-video-preview:-1"},"canonical":"https:\/\/blog.holyart.it\/fr\/noel\/la-couronne-de-lavent-a-leglise-10-curiosites-a-savoir\/","og_locale":"fr_FR","og_type":"article","og_title":"La Couronne de l\u2019Avent \u00e0 l\u2019\u00e9glise : 10 curiosit\u00e9s \u00e0 savoir - Holyart.fr Blog","og_description":"La Couronne de l\u2019Avent \u00e0 l\u2019\u00e9glise et \u00e0 la maison : que symbolise-t-elle ? Quand doit-on allumer la premier bougie ? D\u00e9couvrons-le ensemble","og_url":"https:\/\/blog.holyart.it\/fr\/noel\/la-couronne-de-lavent-a-leglise-10-curiosites-a-savoir\/","og_site_name":"Holyart.fr Blog","article_published_time":"2023-12-04T09:00:22+00:00","article_modified_time":"2024-11-06T15:45:45+00:00","og_image":[{"width":1000,"height":666,"url":"https:\/\/blog.holyart.it\/fr\/wp-content\/uploads\/sites\/14\/2023\/11\/La-Couronne-de-lAvent-a-leglise.jpg","type":"image\/jpeg"}],"author":"Redazione","twitter_card":"summary_large_image","twitter_misc":{"\u00c9crit par":"Redazione","Dur\u00e9e de lecture estim\u00e9e":"6 minutes"},"schema":{"@context":"https:\/\/schema.org","@graph":[{"@type":"Article","@id":"https:\/\/blog.holyart.it\/fr\/noel\/la-couronne-de-lavent-a-leglise-10-curiosites-a-savoir\/#article","isPartOf":{"@id":"https:\/\/blog.holyart.it\/fr\/noel\/la-couronne-de-lavent-a-leglise-10-curiosites-a-savoir\/"},"author":{"name":"Redazione","@id":"https:\/\/blog.holyart.it\/fr\/#\/schema\/person\/0a7b686e5af0f856ec1e390dd0baecda"},"headline":"La Couronne de l\u2019Avent \u00e0 l\u2019\u00e9glise : 10 curiosit\u00e9s \u00e0 savoir","datePublished":"2023-12-04T09:00:22+00:00","dateModified":"2024-11-06T15:45:45+00:00","mainEntityOfPage":{"@id":"https:\/\/blog.holyart.it\/fr\/noel\/la-couronne-de-lavent-a-leglise-10-curiosites-a-savoir\/"},"wordCount":1136,"publisher":{"@id":"https:\/\/blog.holyart.it\/fr\/#organization"},"image":{"@id":"https:\/\/blog.holyart.it\/fr\/noel\/la-couronne-de-lavent-a-leglise-10-curiosites-a-savoir\/#primaryimage"},"thumbnailUrl":"https:\/\/blog.holyart.it\/fr\/wp-content\/uploads\/sites\/14\/2023\/11\/La-Couronne-de-lAvent-a-leglise.jpg","articleSection":["No\u00ebl"],"inLanguage":"fr-FR"},{"@type":"WebPage","@id":"https:\/\/blog.holyart.it\/fr\/noel\/la-couronne-de-lavent-a-leglise-10-curiosites-a-savoir\/","url":"https:\/\/blog.holyart.it\/fr\/noel\/la-couronne-de-lavent-a-leglise-10-curiosites-a-savoir\/","name":"La Couronne de l\u2019Avent \u00e0 l\u2019\u00e9glise : 10 curiosit\u00e9s \u00e0 savoir - Holyart.fr Blog","isPartOf":{"@id":"https:\/\/blog.holyart.it\/fr\/#website"},"primaryImageOfPage":{"@id":"https:\/\/blog.holyart.it\/fr\/noel\/la-couronne-de-lavent-a-leglise-10-curiosites-a-savoir\/#primaryimage"},"image":{"@id":"https:\/\/blog.holyart.it\/fr\/noel\/la-couronne-de-lavent-a-leglise-10-curiosites-a-savoir\/#primaryimage"},"thumbnailUrl":"https:\/\/blog.holyart.it\/fr\/wp-content\/uploads\/sites\/14\/2023\/11\/La-Couronne-de-lAvent-a-leglise.jpg","datePublished":"2023-12-04T09:00:22+00:00","dateModified":"2024-11-06T15:45:45+00:00","description":"La Couronne de l\u2019Avent \u00e0 l\u2019\u00e9glise et \u00e0 la maison : que symbolise-t-elle ? Quand doit-on allumer la premier bougie ? D\u00e9couvrons-le ensemble","breadcrumb":{"@id":"https:\/\/blog.holyart.it\/fr\/noel\/la-couronne-de-lavent-a-leglise-10-curiosites-a-savoir\/#breadcrumb"},"inLanguage":"fr-FR","potentialAction":[{"@type":"ReadAction","target":["https:\/\/blog.holyart.it\/fr\/noel\/la-couronne-de-lavent-a-leglise-10-curiosites-a-savoir\/"]}]},{"@type":"ImageObject","inLanguage":"fr-FR","@id":"https:\/\/blog.holyart.it\/fr\/noel\/la-couronne-de-lavent-a-leglise-10-curiosites-a-savoir\/#primaryimage","url":"https:\/\/blog.holyart.it\/fr\/wp-content\/uploads\/sites\/14\/2023\/11\/La-Couronne-de-lAvent-a-leglise.jpg","contentUrl":"https:\/\/blog.holyart.it\/fr\/wp-content\/uploads\/sites\/14\/2023\/11\/La-Couronne-de-lAvent-a-leglise.jpg","width":1000,"height":666,"caption":"La Couronne de l\u2019Avent \u00e0 l\u2019\u00e9glise"},{"@type":"BreadcrumbList","@id":"https:\/\/blog.holyart.it\/fr\/noel\/la-couronne-de-lavent-a-leglise-10-curiosites-a-savoir\/#breadcrumb","itemListElement":[{"@type":"ListItem","position":1,"name":"Homepage","item":"https:\/\/blog.holyart.it\/fr\/"},{"@type":"ListItem","position":2,"name":"No\u00ebl","item":"https:\/\/blog.holyart.it\/fr\/noel\/"},{"@type":"ListItem","position":3,"name":"La Couronne de l\u2019Avent \u00e0 l\u2019\u00e9glise : 10 curiosit\u00e9s \u00e0 savoir"}]},{"@type":"WebSite","@id":"https:\/\/blog.holyart.it\/fr\/#website","url":"https:\/\/blog.holyart.it\/fr\/","name":"Holyart.fr Blog","description":"Holyblog","publisher":{"@id":"https:\/\/blog.holyart.it\/fr\/#organization"},"potentialAction":[{"@type":"SearchAction","target":{"@type":"EntryPoint","urlTemplate":"https:\/\/blog.holyart.it\/fr\/?s={search_term_string}"},"query-input":{"@type":"PropertyValueSpecification","valueRequired":true,"valueName":"search_term_string"}}],"inLanguage":"fr-FR"},{"@type":"Organization","@id":"https:\/\/blog.holyart.it\/fr\/#organization","name":"Holyart.fr Blog","url":"https:\/\/blog.holyart.it\/fr\/","logo":{"@type":"ImageObject","inLanguage":"fr-FR","@id":"https:\/\/blog.holyart.it\/fr\/#\/schema\/logo\/image\/","url":"https:\/\/blog.holyart.it\/fr\/wp-content\/uploads\/sites\/14\/2022\/12\/Holyart_Blog_Logo.jpg","contentUrl":"https:\/\/blog.holyart.it\/fr\/wp-content\/uploads\/sites\/14\/2022\/12\/Holyart_Blog_Logo.jpg","width":300,"height":50,"caption":"Holyart.fr Blog"},"image":{"@id":"https:\/\/blog.holyart.it\/fr\/#\/schema\/logo\/image\/"}},{"@type":"Person","@id":"https:\/\/blog.holyart.it\/fr\/#\/schema\/person\/0a7b686e5af0f856ec1e390dd0baecda","name":"Redazione","image":{"@type":"ImageObject","inLanguage":"fr-FR","@id":"https:\/\/blog.holyart.it\/fr\/#\/schema\/person\/image\/","url":"https:\/\/secure.gravatar.com\/avatar\/f477da817f43e50d0af36abecd33e3edf826c68299714bdc1057dff3b113f516?s=96&d=mm&r=g","contentUrl":"https:\/\/secure.gravatar.com\/avatar\/f477da817f43e50d0af36abecd33e3edf826c68299714bdc1057dff3b113f516?s=96&d=mm&r=g","caption":"Redazione"},"url":"https:\/\/blog.holyart.it\/fr\/author\/admin\/"}]}},"_links":{"self":[{"href":"https:\/\/blog.holyart.it\/fr\/wp-json\/wp\/v2\/posts\/7449","targetHints":{"allow":["GET"]}}],"collection":[{"href":"https:\/\/blog.holyart.it\/fr\/wp-json\/wp\/v2\/posts"}],"about":[{"href":"https:\/\/blog.holyart.it\/fr\/wp-json\/wp\/v2\/types\/post"}],"author":[{"embeddable":true,"href":"https:\/\/blog.holyart.it\/fr\/wp-json\/wp\/v2\/users\/1"}],"replies":[{"embeddable":true,"href":"https:\/\/blog.holyart.it\/fr\/wp-json\/wp\/v2\/comments?post=7449"}],"version-history":[{"count":15,"href":"https:\/\/blog.holyart.it\/fr\/wp-json\/wp\/v2\/posts\/7449\/revisions"}],"predecessor-version":[{"id":7474,"href":"https:\/\/blog.holyart.it\/fr\/wp-json\/wp\/v2\/posts\/7449\/revisions\/7474"}],"wp:featuredmedia":[{"embeddable":true,"href":"https:\/\/blog.holyart.it\/fr\/wp-json\/wp\/v2\/media\/7475"}],"wp:attachment":[{"href":"https:\/\/blog.holyart.it\/fr\/wp-json\/wp\/v2\/media?parent=7449"}],"wp:term":[{"taxonomy":"category","embeddable":true,"href":"https:\/\/blog.holyart.it\/fr\/wp-json\/wp\/v2\/categories?post=7449"},{"taxonomy":"post_tag","embeddable":true,"href":"https:\/\/blog.holyart.it\/fr\/wp-json\/wp\/v2\/tags?post=7449"}],"curies":[{"name":"wp","href":"https:\/\/api.w.org\/{rel}","templated":true}]}}