{"id":7307,"date":"2023-11-20T10:00:06","date_gmt":"2023-11-20T09:00:06","guid":{"rendered":"https:\/\/blog.holyart.it\/fr\/?p=7307"},"modified":"2025-11-13T11:01:54","modified_gmt":"2025-11-13T10:01:54","slug":"calendriers-de-lavent-a-remplir-idees-et-conseils","status":"publish","type":"post","link":"https:\/\/blog.holyart.it\/fr\/noel\/calendriers-de-lavent-a-remplir-idees-et-conseils\/","title":{"rendered":"Calendriers de l\u2019Avent \u00e0 remplir : id\u00e9es et conseils"},"content":{"rendered":"<h4>Les calendriers de l\u2019Avent sont des cadeaux toujours appr\u00e9ci\u00e9s, par les enfants, mais pas seulement, afin de vivre l\u2019attente de la No\u00ebl avec encore plus d\u2019\u00e9motion<\/h4>\n\n<p><a href=\"https:\/\/www.holyart.fr\/noel\"><strong>No\u00ebl<\/strong><\/a> est, avant tout, <strong>la fin d\u2019une attente<\/strong>. Une attente faite d\u2019esp\u00e9rance et de tr\u00e9pidation, de la conscience qui se renouvelle d\u2019ann\u00e9e en ann\u00e9e que quelque chose de merveilleux est sur le point d\u2019arriver. Et d\u2019ann\u00e9e en ann\u00e9e, nous nous laissons surprendre \u00e0 nouveau par l\u2019intensit\u00e9 de l\u2019amour et de la tendresse que nous pouvons \u00e9prouver devant cet Enfant fait de lumi\u00e8re qui apparait dans la mangeoire de la Cr\u00e8che, exactement comme nous en \u00e9tions surpris enfants, le matin de No\u00ebl. Le myst\u00e8re de l\u2019Incarnation de J\u00e9sus chaque ann\u00e9e revit dans la <a href=\"https:\/\/www.holyart.fr\/noel\/creches-noel\"><strong>Cr\u00e8che<\/strong><\/a>, reconstitution de la <a href=\"https:\/\/www.holyart.fr\/noel\/nativite\"><strong>Nativit\u00e9<\/strong><\/a>, mais il y a une autre tradition de No\u00ebl qui repr\u00e9sente plus que n\u2019importe laquelle d\u2019autre l\u2019attente la r\u00e9alisation de ce myst\u00e8re\u00a0: nous parlons des <a href=\"https:\/\/www.holyart.fr\/noel\/decorations-noel-pour-la-maison\/calendrier-de-lavent\"><strong>calendriers de l\u2019Avent<\/strong><\/a>.<\/p>\n<div class=\"link-product\">\n<div class=\"blocco-immagine\"><img loading=\"lazy\" decoding=\"async\" class=\"size-full wp-image-7311 alignleft\" src=\"https:\/\/blog.holyart.it\/fr\/wp-content\/uploads\/sites\/14\/2023\/11\/Creches-Noel-1.jpg\" alt=\"Cr\u00e8ches No\u00ebl\" width=\"100\" height=\"100\" data-kale-share-title=\"Calendriers de l\u2019Avent \u00e0 remplir : id\u00e9es et conseils\" data-kale-share-url=\"https:\/\/blog.holyart.it\/fr\/?p=7307\" \/><\/div>\n<div class=\"blocco-contenuto\">\n<div class=\"blocco-acquista\">Acheter sur Holyart:<\/div>\n<div class=\"blocco-titolo\"><a href=\"https:\/\/www.holyart.fr\/noel\/creches-noel?_gl=1*sh25vh*_gcl_aw*R0NMLjE2OTk4NjMyMjIuQ2owS0NRanc4cW1oQmhDbEFSSXNBTkF0Ym9mZ21KMm85dkV5S0JjLUdLUWIweWFCLU9EekR0N1ZQV2hnY1g4WW96M2haNGVTR0JkUjR1d2FBZzZrRUFMd193Y0I.*_gcl_au*MzQ2MTAxMTM4LjE2OTc4MDc3MzQ.*_ga*MjAyODIwNTUzOS4xNjgwNTA1OTc3*_ga_W18MV136NH*MTY5OTg4NzY4Ni4xNjQuMS4xNjk5ODk0MTYwLjAuMC4w\">Cr\u00e8ches No\u00ebl<\/a><\/div>\n<div class=\"blocco-descrizione\">Cr\u00e8ches No\u00ebl en bois, pierre, terre cuite et m\u00eame plus; cr\u00e8che Napolitaine, moderne ou stylis\u00e9e&#8230;<\/div>\n<\/div>\n<\/div>\n<p>Le <a href=\"https:\/\/www.holyart.fr\/blog\/noel\/calendriers-de-lavent-histoire-et-tradition\/\"><strong><u>Calendrier de l\u2019Avent<\/u><\/strong><\/a> s\u2019adresse, du moins dans un premier temps, aux enfants. Il fut invent\u00e9 \u00e0 la fin du XIXe si\u00e8cle par Gerhard Lang, un \u00e9diteur allemand, qui fut inspir\u00e9 par sa m\u00e8re. La l\u00e9gende veut que la femme, afin d\u2019aider son fils \u00e0 affronter l\u2019attente de la No\u00ebl avec plus de patience, aurait pris l\u2019habitude de cuisiner <strong>vingt-quatre biscuits<\/strong>, en les emballant dans du papier color\u00e9, et d\u2019en donner un par jour au petit Gerhard du premier d\u00e9cembre jusqu\u2019\u00e0 la date fatidique du 25 d\u00e9cembre.<\/p>\n<div class=\"link-article\">\n<p><img loading=\"lazy\" decoding=\"async\" class=\"size-full wp-image-7314 alignleft\" src=\"https:\/\/blog.holyart.it\/fr\/wp-content\/uploads\/sites\/14\/2023\/11\/Calendriers-de-lAvent.jpg\" alt=\"Calendriers de l\u2019Avent\" width=\"150\" height=\"99\" data-kale-share-title=\"Calendriers de l\u2019Avent \u00e0 remplir : id\u00e9es et conseils\" data-kale-share-url=\"https:\/\/blog.holyart.it\/fr\/?p=7307\" \/><\/p>\n<div class=\"leggi-anche\">Lire aussi :<\/div>\n<p><strong><a href=\"https:\/\/www.holyart.fr\/blog\/noel\/calendriers-de-lavent-histoire-et-tradition\/\">Calendriers de l\u2019Avent : histoire et tradition<\/a><\/strong><br \/>\nLe Calendrier de l\u2019Avent est une des traditions les plus repr\u00e9sentatives de No\u00ebl&#8230;<\/p>\n<\/div>\n<p>Encore aujourd\u2019hui de nombreux calendriers de l\u2019Avent sont con\u00e7us pour \u00eatre <strong>remplis de sucreries ou de petits cadeaux<\/strong> que les petits de la maison peuvent s\u2019amuser \u00e0 d\u00e9couvrir jour apr\u00e8s jour. Beaucoup de mamans choisissent de r\u00e9aliser leur propre <strong>calendrier de l\u2019Avant fait maison<\/strong>, en utilisant des mat\u00e9riaux de r\u00e9cup\u00e9ration, comme des rouleaux de papier hygi\u00e9nique, des bocaux en verre d\u00e9cor\u00e9s de mani\u00e8re cr\u00e9ative et remplis de petites surprises et petits mots. Nous avons ainsi de nombreux exemples de calendriers de l\u2019Avent en tissu, calendriers de l\u2019Avent en feutre, mais aussi en bois, quand maman ou papa sont tr\u00e8s dou\u00e9s avec les travaux manuels. Au-del\u00e0 de comment sont r\u00e9alis\u00e9s ces calendriers de l\u2019Avent \u00e9conomiques, pour les enfants ce n\u2019est pas vraiment l\u2019emballage qui compte, mais plut\u00f4t la surprise qu\u2019il renferme, mais, s\u2019il est bien r\u00e9alis\u00e9, un calendrier de l\u2019Avent peut \u00e9galement devenir une <strong>belle d\u00e9coration de No\u00ebl<\/strong> pour pr\u00e9parer votre maison \u00e0 l\u2019atmosph\u00e8re des F\u00eates. Car, finalement, nous sommes tous rest\u00e9s un peu enfants devant cette attente magique et unique\u2026<\/p>\n<p>Une fois que vous aurez choisi d\u2019acheter un calendrier de l\u2019Avent vide, plut\u00f4t qu\u2019un d\u00e9j\u00e0 complet de sucreries ou surprises, il vous reviendra de <strong>choisir comment le remplir<\/strong>. <a href=\"https:\/\/www.holyart.fr\/produits-des-monasteres\/bonbons-gateaux\"><strong>Bonbons<\/strong><\/a>, <a href=\"https:\/\/www.holyart.fr\/produits-des-monasteres\/chocolat-des-trappistes\"><strong>chocolats<\/strong><\/a>, <strong>biscuits de No\u00ebl<\/strong> sont le choix le plus courant, mais il existe aujourd\u2019hui des calendriers de l\u2019Avent contenant des petits <a href=\"https:\/\/www.holyart.fr\/articles-religieux\/bijoux-religieux\"><strong>bijoux<\/strong><\/a>, des miniatures, des jouets ou, en ce qui concerne les calendriers destin\u00e9s aux adultes, remplis de <a href=\"https:\/\/www.holyart.fr\/produits-des-monasteres\/cosmetiques-et-huiles-essentielles\"><strong>produits de beaut\u00e9<\/strong><\/a>, voire de <a href=\"https:\/\/www.holyart.fr\/produits-des-monasteres\/liqueurs-grappa-spiritueux\/liqueurs-petite-taille-camaldoli\"><strong>liqueurs miniatures<\/strong><\/a> ou de <a href=\"https:\/\/www.holyart.fr\/produits-des-monasteres\/bieres-trappistes-et-dabbaye\"><strong>bouteilles de bi\u00e8re<\/strong>\u00a0<\/a>! Vous pouvez composer votre calendrier de l\u2019Avent personnalis\u00e9 en choisissant ce que vous allez y mettre en fonction des go\u00fbts de qui le recevra (enfant ou adulte soit-il\u2026). Petites poup\u00e9es, des pastels, des billes, des kits de perles, des petites voitures, des craies, des <a href=\"https:\/\/www.holyart.fr\/noel\/decorations-sapin-de-noel\"><strong>d\u00e9corations pour le Sapin de No\u00ebl<\/strong><\/a>, si le calendrier est destin\u00e9 \u00e0 un enfant, ou alors des petits parfums, des chaussettes, des aimants, des gloss pour les l\u00e8vres, des cosm\u00e9tiques, des produits pour le corps format miniature, des infusions, des bijoux fantaisie, si le calendrier est destin\u00e9 \u00e0 un adulte.<\/p>\n<div class=\"link-product\">\n<div class=\"blocco-immagine\"><img loading=\"lazy\" decoding=\"async\" class=\"size-full wp-image-7318 alignleft\" src=\"https:\/\/blog.holyart.it\/fr\/wp-content\/uploads\/sites\/14\/2023\/11\/Decorations-sapin-de-Noel.jpg\" alt=\"D\u00e9corations sapin de No\u00ebl\" width=\"100\" height=\"100\" data-kale-share-title=\"Calendriers de l\u2019Avent \u00e0 remplir : id\u00e9es et conseils\" data-kale-share-url=\"https:\/\/blog.holyart.it\/fr\/?p=7307\" \/><\/div>\n<div class=\"blocco-contenuto\">\n<div class=\"blocco-acquista\">Acheter sur Holyart:<\/div>\n<div class=\"blocco-titolo\"><a href=\"https:\/\/www.holyart.fr\/noel\/decorations-sapin-de-noel?_gl=1*6zzzsx*_gcl_aw*R0NMLjE2OTk4NjMyMjIuQ2owS0NRanc4cW1oQmhDbEFSSXNBTkF0Ym9mZ21KMm85dkV5S0JjLUdLUWIweWFCLU9EekR0N1ZQV2hnY1g4WW96M2haNGVTR0JkUjR1d2FBZzZrRUFMd193Y0I.*_gcl_au*MzQ2MTAxMTM4LjE2OTc4MDc3MzQ.*_ga*MjAyODIwNTUzOS4xNjgwNTA1OTc3*_ga_W18MV136NH*MTY5OTk0OTc2Mi4xNjUuMC4xNjk5OTQ5NzYyLjAuMC4w\">D\u00e9corations sapin de No\u00ebl<\/a><\/div>\n<div class=\"blocco-descrizione\">D\u00e9corations sapin de No\u00ebl: d\u00e9corations \u00e0 suspendre en diff\u00e9rents tailles et formes&#8230;<\/div>\n<\/div>\n<\/div>\n<h2>Les calendriers de l\u2019Avent \u00e0 remplir chez Holyart<\/h2>\n<p>Si vous n\u2019\u00eates pas particuli\u00e8rement port\u00e9 sur le bricolage et ne souhaitez pas vous lancer dans des exp\u00e9riences avec carton, pinces \u00e0 linge et rubans color\u00e9s, ou si simplement vous n\u2019avez pas le temps pour le faire, dans notre site de vente en ligne vous trouverez un vaste assortiment de <strong>calendriers de l\u2019Avent \u00e0 remplir<\/strong>, beaux, color\u00e9s et pr\u00eats \u00e0 \u00eatre compl\u00e9t\u00e9s avec plein de petites surprises et tout votre amour\u00a0!<\/p>\n<p>Certains sont <strong>m\u00eame<\/strong> <strong>\u00e9quip\u00e9s d\u2019\u00e9clairage<\/strong> comme le magnifique <strong><u>Calendrier de l\u2019Avent avec paysage de No\u00ebl<\/u><\/strong>, compos\u00e9 de pratiques petits tiroirs dans lesquels ins\u00e9rer sucreries, bonbons ou petits cadeaux. Dans la partie sup\u00e9rieure, est reproduit un paysage hivernal tr\u00e8s suggestif en bois, avec le P\u00e8re No\u00ebl survolant les maisons enneig\u00e9es sur son tra\u00eeneau et un sympathique bonhomme de neige. Le calendrier est \u00e9quip\u00e9 de lumi\u00e8res LED et sera une d\u00e9coration de No\u00ebl joyeuse et resplendissante pour votre maison.<\/p>\n<p>Dans le <a href=\"https:\/\/www.holyart.fr\/noel\/avent\/calendrier-de-lavent-bois-etoile-lumiere-boite-a-musique-40x40x10-cm\"><strong>Calendrier de l\u2019Avent en bois en forme d\u2019\u00e9toile<\/strong><\/a>, il y a m\u00eame une tr\u00e8s chouette boite \u00e0 musique. Ce mod\u00e8le aussi offre 24 tiroirs en bois pratiques \u00e0 remplir de gourmandises et de douces pens\u00e9es, il est d\u00e9cor\u00e9 avec un village de P\u00e8re No\u00ebl sculpt\u00e9 en bois. Outre les lumi\u00e8res LED qui l\u2019illuminent, le calendrier est compl\u00e9t\u00e9 par une bo\u00eete \u00e0 musique qui joue \u00ab\u00a0We wish you a Merry Christmas\u00a0\u00bb, actionn\u00e9 par un ressort \u00e0 l\u2019arri\u00e8re du calendrier.<\/p>\n<p>Plus simple et ind\u00e9modable, le <a href=\"https:\/\/www.holyart.fr\/noel\/avent\/calendrier-avent-en-forme-de-sapin-de-noel-h-90-cm\"><strong>Calendrier de l\u2019Avent en tissu color\u00e9 en forme de Sapin de No\u00ebl<\/strong><\/a>, avec 24 poches d\u00e9cor\u00e9es de diff\u00e9rents motifs, effet patchwork, o\u00f9 vous pourrez ins\u00e9rer des petits chocolats, bonbons ou petits objets. Il offrira une touche de joie et de couleur \u00e0 votre maison.<\/p>\n<p>En revenant aux calendriers de l\u2019Avent en bois, le <a href=\"https:\/\/www.holyart.fr\/noel\/avent\/calendrier-de-lavent-traineau-pere-noel-bois-gris-30x40-cm\"><strong>Calendrier de l\u2019Avent avec tra\u00eeneau de P\u00e8re No\u00ebl en bois gris<\/strong><\/a>, en forme de maison sera plus adapt\u00e9 pour une maison \u00e9l\u00e9gante et raffin\u00e9e avec ses tons blanc et gris tr\u00e8s d\u00e9licats, orn\u00e9 de sapins, d\u2019un renne, d\u2019un oiseau et d\u2019un bonhomme de neige. Sur la partie sup\u00e9rieure, il y a \u00e9galement le P\u00e8re No\u00ebl sur son tra\u00eeneau avec les rennes et, en arri\u00e8re-plan, des silhouettes d\u2019arbres.<\/p>\n<div class=\"link-product\">\n<div class=\"blocco-immagine\"><img loading=\"lazy\" decoding=\"async\" class=\"size-full wp-image-7321 alignleft\" src=\"https:\/\/blog.holyart.it\/fr\/wp-content\/uploads\/sites\/14\/2023\/11\/Calendrier-de-lAvent.jpg\" alt=\"Calendrier de l'Avent\" width=\"100\" height=\"100\" data-kale-share-title=\"Calendriers de l\u2019Avent \u00e0 remplir : id\u00e9es et conseils\" data-kale-share-url=\"https:\/\/blog.holyart.it\/fr\/?p=7307\" \/><\/div>\n<div class=\"blocco-contenuto\">\n<div class=\"blocco-acquista\">Acheter sur Holyart:<\/div>\n<div class=\"blocco-titolo\"><a href=\"https:\/\/www.holyart.fr\/noel\/decorations-noel-pour-la-maison\/calendrier-de-lavent?page=1&amp;_gl=1*1qhbb0z*_gcl_aw*R0NMLjE2OTk4NjMyMjIuQ2owS0NRanc4cW1oQmhDbEFSSXNBTkF0Ym9mZ21KMm85dkV5S0JjLUdLUWIweWFCLU9EekR0N1ZQV2hnY1g4WW96M2haNGVTR0JkUjR1d2FBZzZrRUFMd193Y0I.*_gcl_au*MzQ2MTAxMTM4LjE2OTc4MDc3MzQ.*_ga*MjAyODIwNTUzOS4xNjgwNTA1OTc3*_ga_W18MV136NH*MTY5OTk0OTc2Mi4xNjUuMS4xNjk5OTQ5OTI0LjAuMC4w\">Calendrier de l&rsquo;Avent<\/a><\/div>\n<div class=\"blocco-descrizione\">Preparez-vous pour No\u00ebl avec les calendriers de l&rsquo;Avent: dans cette cat\u00e9gorie vous trouverez une grande vari\u00e9t\u00e9&#8230;<\/div>\n<\/div>\n<\/div>\n<h2>Calendriers de l\u2019Avent avec sucreries<\/h2>\n<p>Et si vous souhaitez remplir votre calendrier de l\u2019Avent de sucreries saines et bonnes, toujours dans notre e-store vous trouverez un vaste assortiment de <a href=\"https:\/\/www.holyart.fr\/produits-des-monasteres\/bonbons-gateaux\"><strong>bonbons et sucreries produits par les monast\u00e8res<\/strong><\/a> ou confectionn\u00e9s selon leurs recettes exclusives, de mani\u00e8re naturelle, responsable, avec la plus grande attention pour la qualit\u00e9 et la sant\u00e9. Tous les bonbons et les sucreries des monast\u00e8res ont des saveurs gourmandes et des formes diff\u00e9rentes, des bonbons au miel \u00e0 ceux aux fruits de bois, classiques ou bonbons gommes, gel\u00e9es ou farcies, pour un assortiment tr\u00e8s color\u00e9 et vraiment sain pour les petits et les grands gourmands de la maison.<\/p>\n<div class=\"sp-styles-warning\" style=\"width: 450px; background-color: #FFF; color: #F00; border: 1px solid #F00; padding: 10px; font-size: 14px;\">\n\t\t\t<span style=\"font-weight: bold;\">Warning: The stylesheets were not loaded!<\/span> \n\t\t\tYou will need to change the <i>Load stylesheets<\/i> setting from <i>Automatically<\/i> to <i>On homepage<\/i> or <i>On all pages<\/i>. \n\t\t\tYou can set that <a style=\"text-decoration: underline; color: #F00;\" href=\"https:\/\/blog.holyart.it\/fr\/wp-admin\/admin.php?page=sliderpro-settings\">here<\/a>.\n\t\t\t<\/div>\r\n<div id=\"slider-pro-118\" class=\"slider-pro sp-no-js\" style=\"width: 500px; height: 500px;\">\r\n\t<div class=\"sp-slides\">\r\n\t\t\r\n\t\t<div class=\"sp-slide\">\r\n\t\t\t<a class=\"\" href=\"https:\/\/www.holyart.fr\/noel\/avent\/calendrier-avent-en-forme-de-sapin-de-noel-h-90-cm?_gl=1*608ybb*_gcl_aw*R0NMLjE2OTk4NjMyMjIuQ2owS0NRanc4cW1oQmhDbEFSSXNBTkF0Ym9mZ21KMm85dkV5S0JjLUdLUWIweWFCLU9EekR0N1ZQV2hnY1g4WW96M2haNGVTR0JkUjR1d2FBZzZrRUFMd193Y0I.*_gcl_au*MzQ2MTAxMTM4LjE2OTc4MDc3MzQ.*_ga*MjAyODIwNTUzOS4xNjgwNTA1OTc3*_ga_W18MV136NH*MTY5OTk0OTc2Mi4xNjUuMS4xNjk5OTUwMjgxLjAuMC4w\" target=\"_self\">\r\n\t\t\t\t<img loading=\"lazy\" decoding=\"async\" class=\"sp-image\" src=\"https:\/\/blog.holyart.it\/fr\/wp-content\/uploads\/sites\/14\/2023\/11\/Calendrier-Avent-en-forme-de-sapin-de-Noel-h-90-cm.jpg\" alt=\"Calendrier Avent en forme de sapin de No\u00ebl h 90 cm\" width=\"500\" height=\"500\" \/>\r\n\t\t\t<\/a>\r\n\t\t\t<div class=\"sp-thumbnail\"><img decoding=\"async\" src=\"https:\/\/blog.holyart.it\/fr\/wp-content\/uploads\/sites\/14\/2023\/11\/Calendrier-Avent-en-forme-de-sapin-de-Noel-h-90-cm-150x150-1.jpg\" alt=\"Calendrier Avent en forme de sapin de No\u00ebl h 90 cm 150x150\" \/>\r\n\t\t\t<\/div>\r\n\t\t\t<div class=\"sp-caption\">Calendrier Avent en forme de sapin de No\u00ebl h 90 cm<\/br><strong><a href=\"https:\/\/www.holyart.fr\/noel\/avent\/calendrier-avent-en-forme-de-sapin-de-noel-h-90-cm?_gl=1*608ybb*_gcl_aw*R0NMLjE2OTk4NjMyMjIuQ2owS0NRanc4cW1oQmhDbEFSSXNBTkF0Ym9mZ21KMm85dkV5S0JjLUdLUWIweWFCLU9EekR0N1ZQV2hnY1g4WW96M2haNGVTR0JkUjR1d2FBZzZrRUFMd193Y0I.*_gcl_au*MzQ2MTAxMTM4LjE2OTc4MDc3MzQ.*_ga*MjAyODIwNTUzOS4xNjgwNTA1OTc3*_ga_W18MV136NH*MTY5OTk0OTc2Mi4xNjUuMS4xNjk5OTUwMjgxLjAuMC4w\">Acheter sur Holyart<\/a><\/strong><\/div>\r\n\t\t<\/div>\r\n\t\t<div class=\"sp-slide\">\r\n\t\t\t<a class=\"\" href=\"https:\/\/www.holyart.fr\/produits-des-monasteres\/bonbons-gateaux\/bonbons-aux-fruits-rouges-camaldoli?_gl=1*mtyye*_gcl_aw*R0NMLjE2OTk4NjMyMjIuQ2owS0NRanc4cW1oQmhDbEFSSXNBTkF0Ym9mZ21KMm85dkV5S0JjLUdLUWIweWFCLU9EekR0N1ZQV2hnY1g4WW96M2haNGVTR0JkUjR1d2FBZzZrRUFMd193Y0I.*_gcl_au*MzQ2MTAxMTM4LjE2OTc4MDc3MzQ.*_ga*MjAyODIwNTUzOS4xNjgwNTA1OTc3*_ga_W18MV136NH*MTY5OTk0OTc2Mi4xNjUuMS4xNjk5OTUwNDEwLjAuMC4w\" target=\"_self\">\r\n\t\t\t\t<img loading=\"lazy\" decoding=\"async\" class=\"sp-image\" src=\"https:\/\/blog.holyart.it\/fr\/wp-content\/uploads\/sites\/14\/2023\/11\/Bonbons-aux-fruits-rouges-Camaldoli.jpg\" alt=\"Bonbons aux fruits rouges Camaldoli\" width=\"500\" height=\"500\" \/>\r\n\t\t\t<\/a>\r\n\t\t\t<div class=\"sp-thumbnail\"><img decoding=\"async\" src=\"https:\/\/blog.holyart.it\/fr\/wp-content\/uploads\/sites\/14\/2023\/11\/Bonbons-aux-fruits-rouges-Camaldoli-150x150-1.jpg\" alt=\"Bonbons aux fruits rouges Camaldoli 150x150\" \/>\r\n\t\t\t<\/div>\r\n\t\t\t<div class=\"sp-caption\">Bonbons aux fruits rouges Camaldoli<\/br><strong><a href=\"https:\/\/www.holyart.fr\/produits-des-monasteres\/bonbons-gateaux\/bonbons-aux-fruits-rouges-camaldoli?_gl=1*mtyye*_gcl_aw*R0NMLjE2OTk4NjMyMjIuQ2owS0NRanc4cW1oQmhDbEFSSXNBTkF0Ym9mZ21KMm85dkV5S0JjLUdLUWIweWFCLU9EekR0N1ZQV2hnY1g4WW96M2haNGVTR0JkUjR1d2FBZzZrRUFMd193Y0I.*_gcl_au*MzQ2MTAxMTM4LjE2OTc4MDc3MzQ.*_ga*MjAyODIwNTUzOS4xNjgwNTA1OTc3*_ga_W18MV136NH*MTY5OTk0OTc2Mi4xNjUuMS4xNjk5OTUwNDEwLjAuMC4w\">Acheter sur Holyart<\/a><\/strong><\/div>\r\n\t\t<\/div>\r\n\t\t<div class=\"sp-slide\">\r\n\t\t\t<a class=\"\" href=\"https:\/\/www.holyart.fr\/noel\/avent\/calendrier-de-lavent-bois-etoile-lumiere-boite-a-musique-40x40x10-cm?_gl=1*1quh4f8*_gcl_aw*R0NMLjE2OTk4NjMyMjIuQ2owS0NRanc4cW1oQmhDbEFSSXNBTkF0Ym9mZ21KMm85dkV5S0JjLUdLUWIweWFCLU9EekR0N1ZQV2hnY1g4WW96M2haNGVTR0JkUjR1d2FBZzZrRUFMd193Y0I.*_gcl_au*MzQ2MTAxMTM4LjE2OTc4MDc3MzQ.*_ga*MjAyODIwNTUzOS4xNjgwNTA1OTc3*_ga_W18MV136NH*MTY5OTk0OTc2Mi4xNjUuMS4xNjk5OTUwNTE1LjAuMC4w\" target=\"_self\">\r\n\t\t\t\t<img loading=\"lazy\" decoding=\"async\" class=\"sp-image\" src=\"https:\/\/blog.holyart.it\/fr\/wp-content\/uploads\/sites\/14\/2023\/11\/Calendrier-de-lAvent-bois-etoile-lumiere-boite-a-musique-40x40x10-cm.jpg\" alt=\"Calendrier de l&#039;Avent bois \u00e9toile lumi\u00e8re bo\u00eete \u00e0 musique 40x40x10 cm\" width=\"500\" height=\"500\" \/>\r\n\t\t\t<\/a>\r\n\t\t\t<div class=\"sp-thumbnail\"><img decoding=\"async\" src=\"https:\/\/blog.holyart.it\/fr\/wp-content\/uploads\/sites\/14\/2023\/11\/Calendrier-de-lAvent-bois-etoile-lumiere-boite-a-musique-40x40x10-cm-150x150-1.jpg\" alt=\"Calendrier de l&#039;Avent bois \u00e9toile lumi\u00e8re bo\u00eete \u00e0 musique 40x40x10 cm 150x150\" \/>\r\n\t\t\t<\/div>\r\n\t\t\t<div class=\"sp-caption\">Calendrier de l'Avent bois \u00e9toile lumi\u00e8re bo\u00eete \u00e0 musique 40x40x10 cm<\/br><strong><a href=\"https:\/\/www.holyart.fr\/noel\/avent\/calendrier-de-lavent-bois-etoile-lumiere-boite-a-musique-40x40x10-cm?_gl=1*1quh4f8*_gcl_aw*R0NMLjE2OTk4NjMyMjIuQ2owS0NRanc4cW1oQmhDbEFSSXNBTkF0Ym9mZ21KMm85dkV5S0JjLUdLUWIweWFCLU9EekR0N1ZQV2hnY1g4WW96M2haNGVTR0JkUjR1d2FBZzZrRUFMd193Y0I.*_gcl_au*MzQ2MTAxMTM4LjE2OTc4MDc3MzQ.*_ga*MjAyODIwNTUzOS4xNjgwNTA1OTc3*_ga_W18MV136NH*MTY5OTk0OTc2Mi4xNjUuMS4xNjk5OTUwNTE1LjAuMC4w\">Acheter sur Holyart<\/a><\/strong><\/div>\r\n\t\t<\/div>\r\n\t\t<div class=\"sp-slide\">\r\n\t\t\t<a class=\"\" href=\"https:\/\/www.holyart.fr\/produits-des-monasteres\/bonbons-gateaux\/bonbons-propolis-enveloppes-finalpia?_gl=1*nw93pa*_gcl_aw*R0NMLjE2OTk4NjMyMjIuQ2owS0NRanc4cW1oQmhDbEFSSXNBTkF0Ym9mZ21KMm85dkV5S0JjLUdLUWIweWFCLU9EekR0N1ZQV2hnY1g4WW96M2haNGVTR0JkUjR1d2FBZzZrRUFMd193Y0I.*_gcl_au*MzQ2MTAxMTM4LjE2OTc4MDc3MzQ.*_ga*MjAyODIwNTUzOS4xNjgwNTA1OTc3*_ga_W18MV136NH*MTY5OTk0OTc2Mi4xNjUuMS4xNjk5OTUwNjA2LjAuMC4w\" target=\"_self\">\r\n\t\t\t\t<img loading=\"lazy\" decoding=\"async\" class=\"sp-image\" src=\"https:\/\/blog.holyart.it\/fr\/wp-content\/uploads\/sites\/14\/2023\/11\/Bonbons-propolis-enveloppes-Finalpia-2.jpg\" alt=\"Bonbons propolis envelopp\u00e9s, Finalpia \" width=\"500\" height=\"500\" \/>\r\n\t\t\t<\/a>\r\n\t\t\t<div class=\"sp-thumbnail\"><img decoding=\"async\" src=\"https:\/\/blog.holyart.it\/fr\/wp-content\/uploads\/sites\/14\/2023\/11\/Bonbons-propolis-enveloppes-Finalpia-150x150-1.jpg\" alt=\"Bonbons propolis envelopp\u00e9s, Finalpia 150x150\" \/>\r\n\t\t\t<\/div>\r\n\t\t\t<div class=\"sp-caption\">Bonbons propolis envelopp\u00e9s, Finalpia<\/br><strong><a href=\"https:\/\/www.holyart.fr\/produits-des-monasteres\/bonbons-gateaux\/bonbons-propolis-enveloppes-finalpia?_gl=1*nw93pa*_gcl_aw*R0NMLjE2OTk4NjMyMjIuQ2owS0NRanc4cW1oQmhDbEFSSXNBTkF0Ym9mZ21KMm85dkV5S0JjLUdLUWIweWFCLU9EekR0N1ZQV2hnY1g4WW96M2haNGVTR0JkUjR1d2FBZzZrRUFMd193Y0I.*_gcl_au*MzQ2MTAxMTM4LjE2OTc4MDc3MzQ.*_ga*MjAyODIwNTUzOS4xNjgwNTA1OTc3*_ga_W18MV136NH*MTY5OTk0OTc2Mi4xNjUuMS4xNjk5OTUwNjA2LjAuMC4w\">Acheter sur Holyart<\/a><\/strong><\/div>\r\n\t\t<\/div>\r\n\t\t<div class=\"sp-slide\">\r\n\t\t\t<a class=\"\" href=\"https:\/\/www.holyart.fr\/noel\/avent\/calendrier-de-lavent-traineau-pere-noel-bois-gris-30x40-cm?_gl=1*1eh21p6*_gcl_aw*R0NMLjE2OTk4NjMyMjIuQ2owS0NRanc4cW1oQmhDbEFSSXNBTkF0Ym9mZ21KMm85dkV5S0JjLUdLUWIweWFCLU9EekR0N1ZQV2hnY1g4WW96M2haNGVTR0JkUjR1d2FBZzZrRUFMd193Y0I.*_gcl_au*MzQ2MTAxMTM4LjE2OTc4MDc3MzQ.*_ga*MjAyODIwNTUzOS4xNjgwNTA1OTc3*_ga_W18MV136NH*MTY5OTk0OTc2Mi4xNjUuMS4xNjk5OTUwNzE5LjAuMC4w\" target=\"_self\">\r\n\t\t\t\t<img loading=\"lazy\" decoding=\"async\" class=\"sp-image\" src=\"https:\/\/blog.holyart.it\/fr\/wp-content\/uploads\/sites\/14\/2023\/11\/Calendrier-de-lAvent-traineau-Pere-Noel-bois-gris-30x40-cm.jpg\" alt=\"Calendrier de l&#039;Avent tra\u00eeneau P\u00e8re No\u00ebl bois gris 30x40 cm\" width=\"500\" height=\"500\" \/>\r\n\t\t\t<\/a>\r\n\t\t\t<div class=\"sp-thumbnail\"><img decoding=\"async\" src=\"https:\/\/blog.holyart.it\/fr\/wp-content\/uploads\/sites\/14\/2023\/11\/Calendrier-de-lAvent-traineau-Pere-Noel-bois-gris-30x40-cm-150x150-1.jpg\" alt=\"Calendrier de l&#039;Avent tra\u00eeneau P\u00e8re No\u00ebl bois gris 30x40 cm 150x150\" \/>\r\n\t\t\t<\/div>\r\n\t\t\t<div class=\"sp-caption\">Calendrier de l'Avent tra\u00eeneau P\u00e8re No\u00ebl bois gris 30x40 cm<\/br><strong><a href=\"https:\/\/www.holyart.fr\/noel\/avent\/calendrier-de-lavent-traineau-pere-noel-bois-gris-30x40-cm?_gl=1*1eh21p6*_gcl_aw*R0NMLjE2OTk4NjMyMjIuQ2owS0NRanc4cW1oQmhDbEFSSXNBTkF0Ym9mZ21KMm85dkV5S0JjLUdLUWIweWFCLU9EekR0N1ZQV2hnY1g4WW96M2haNGVTR0JkUjR1d2FBZzZrRUFMd193Y0I.*_gcl_au*MzQ2MTAxMTM4LjE2OTc4MDc3MzQ.*_ga*MjAyODIwNTUzOS4xNjgwNTA1OTc3*_ga_W18MV136NH*MTY5OTk0OTc2Mi4xNjUuMS4xNjk5OTUwNzE5LjAuMC4w\">Acheter sur Holyart<\/a><\/strong><\/div>\r\n\t\t<\/div>\r\n\t\t<div class=\"sp-slide\">\r\n\t\t\t<a class=\"\" href=\"https:\/\/www.holyart.fr\/produits-des-monasteres\/bonbons-gateaux\/bonbons-geles-orange-finalpia?_gl=1*1ozhr06*_gcl_aw*R0NMLjE2OTk4NjMyMjIuQ2owS0NRanc4cW1oQmhDbEFSSXNBTkF0Ym9mZ21KMm85dkV5S0JjLUdLUWIweWFCLU9EekR0N1ZQV2hnY1g4WW96M2haNGVTR0JkUjR1d2FBZzZrRUFMd193Y0I.*_gcl_au*MzQ2MTAxMTM4LjE2OTc4MDc3MzQ.*_ga*MjAyODIwNTUzOS4xNjgwNTA1OTc3*_ga_W18MV136NH*MTY5OTk0OTc2Mi4xNjUuMS4xNjk5OTUwOTY1LjAuMC4w\" target=\"_self\">\r\n\t\t\t\t<img loading=\"lazy\" decoding=\"async\" class=\"sp-image\" src=\"https:\/\/blog.holyart.it\/fr\/wp-content\/uploads\/sites\/14\/2023\/11\/Bonbons-geles-orange-Finalpia.jpg\" alt=\"Bonbons gel\u00e9s orange, Finalpia\" width=\"500\" height=\"500\" \/>\r\n\t\t\t<\/a>\r\n\t\t\t<div class=\"sp-thumbnail\"><img decoding=\"async\" src=\"https:\/\/blog.holyart.it\/fr\/wp-content\/uploads\/sites\/14\/2023\/11\/Bonbons-geles-orange-Finalpia-150x150-1.jpg\" alt=\"Bonbons gel\u00e9s orange, Finalpia 150x150\" \/>\r\n\t\t\t<\/div>\r\n\t\t\t<div class=\"sp-caption\">Bonbons gel\u00e9s orange, Finalpia<\/br><strong><a href=\"https:\/\/www.holyart.fr\/produits-des-monasteres\/bonbons-gateaux\/bonbons-geles-orange-finalpia?_gl=1*1ozhr06*_gcl_aw*R0NMLjE2OTk4NjMyMjIuQ2owS0NRanc4cW1oQmhDbEFSSXNBTkF0Ym9mZ21KMm85dkV5S0JjLUdLUWIweWFCLU9EekR0N1ZQV2hnY1g4WW96M2haNGVTR0JkUjR1d2FBZzZrRUFMd193Y0I.*_gcl_au*MzQ2MTAxMTM4LjE2OTc4MDc3MzQ.*_ga*MjAyODIwNTUzOS4xNjgwNTA1OTc3*_ga_W18MV136NH*MTY5OTk0OTc2Mi4xNjUuMS4xNjk5OTUwOTY1LjAuMC4w\">Acheter sur Holyart<\/a><\/strong><\/div>\r\n\t\t<\/div>\r\n\t<\/div>\r\n<\/div>\n<h2>Calendrier de l\u2019Avent avec bijoux<\/h2>\n<p>Nous avons mentionn\u00e9 la tendance des derni\u00e8res ann\u00e9es de remplir le calendrier de l\u2019Avent avec des petits dons diff\u00e9rents des chocolats ou bonbons habituels, adapt\u00e9s \u00e9galement pour les adultes. Pourquoi ne pas cr\u00e9er un calendrier de l\u2019Avent tout \u00e0 fait unique et sp\u00e9cial en utilisant des <a href=\"https:\/\/www.holyart.fr\/articles-religieux\/bijoux-religieux\"><strong>petits bijoux<\/strong><\/a> ?<\/p>\n<p>Dans notre magasin en ligne vous en trouverez de toute sorte et mat\u00e9riaux, chapelets, colliers, dizainier, m\u00e9dailles et broches, tous magnifiques et r\u00e9alis\u00e9s \u00e0 la main par des ma\u00eetres orf\u00e8vres italiens. Il y a \u00e9galement des <a href=\"https:\/\/www.holyart.fr\/articles-religieux\/bijoux-religieux\/bracelets-argent-et-or\"><strong>bijoux en or et argent<\/strong><\/a>, originaux et \u00e9l\u00e9gants, pour rendre votre calendrier de l\u2019Avent encore plus sp\u00e9cial. Et puis de nombreux <a href=\"https:\/\/www.holyart.fr\/articles-religieux\/bracelets-religieux\"><strong>bracelets religieux<\/strong><\/a>, en bois ou en m\u00e9tal, avec \u00e9lastique ou en cuir, repr\u00e9sentant des images de saints, voire des dizainiers en forme de bracelet avec fermoir classique ou \u00e0 ressort. Sinon vous pourrez vous l\u00e2cher avec nos <a href=\"https:\/\/www.holyart.fr\/articles-religieux\/bijoux-religieux\/pendentifs-croix-et-broches\"><strong>pendentifs<\/strong><\/a>, m\u00e9dailles, Croix et Tau, \u00e9galement cr\u00e9\u00e9s en mat\u00e9riaux des plus divers, pour toutes les exigences et tous les budgets, en bois, m\u00e9tal, c\u00e9ramique.<\/p>\n<div class=\"sp-styles-warning\" style=\"width: 450px; background-color: #FFF; color: #F00; border: 1px solid #F00; padding: 10px; font-size: 14px;\">\n\t\t\t<span style=\"font-weight: bold;\">Warning: The stylesheets were not loaded!<\/span> \n\t\t\tYou will need to change the <i>Load stylesheets<\/i> setting from <i>Automatically<\/i> to <i>On homepage<\/i> or <i>On all pages<\/i>. \n\t\t\tYou can set that <a style=\"text-decoration: underline; color: #F00;\" href=\"https:\/\/blog.holyart.it\/fr\/wp-admin\/admin.php?page=sliderpro-settings\">here<\/a>.\n\t\t\t<\/div>\r\n<div id=\"slider-pro-119\" class=\"slider-pro sp-no-js\" style=\"width: 500px; height: 500px;\">\r\n\t<div class=\"sp-slides\">\r\n\t\t\r\n\t\t<div class=\"sp-slide\">\r\n\t\t\t<a class=\"\" href=\"https:\/\/www.holyart.fr\/noel\/avent\/calendrier-avent-bois-neige-40x50x10-cm?_gl=1*17djtjc*_gcl_aw*R0NMLjE2OTk4NjMyMjIuQ2owS0NRanc4cW1oQmhDbEFSSXNBTkF0Ym9mZ21KMm85dkV5S0JjLUdLUWIweWFCLU9EekR0N1ZQV2hnY1g4WW96M2haNGVTR0JkUjR1d2FBZzZrRUFMd193Y0I.*_gcl_au*MzQ2MTAxMTM4LjE2OTc4MDc3MzQ.*_ga*MjAyODIwNTUzOS4xNjgwNTA1OTc3*_ga_W18MV136NH*MTY5OTk0OTc2Mi4xNjUuMS4xNjk5OTUxODc2LjAuMC4w\" target=\"_self\">\r\n\t\t\t\t<img loading=\"lazy\" decoding=\"async\" class=\"sp-image\" src=\"https:\/\/blog.holyart.it\/fr\/wp-content\/uploads\/sites\/14\/2023\/11\/calendrier-avent-bois-neige-40x50x10-cm.jpg\" alt=\"calendrier-avent-bois-neige-40x50x10-cm\" width=\"500\" height=\"500\" \/>\r\n\t\t\t<\/a>\r\n\t\t\t<div class=\"sp-thumbnail\"><img decoding=\"async\" src=\"https:\/\/blog.holyart.it\/fr\/wp-content\/uploads\/sites\/14\/2023\/11\/calendrier-avent-bois-neige-40x50x10-cm-150x150-1.jpg\" alt=\"calendrier-avent-bois-neige-40x50x10-cm 150x150\" \/>\r\n\t\t\t<\/div>\r\n\t\t\t<div class=\"sp-caption\">Calendrier Avent bois neige 40x50x10 cm \n<\/br><strong><a href=\"https:\/\/www.holyart.fr\/noel\/avent\/calendrier-avent-bois-neige-40x50x10-cm?_gl=1*17djtjc*_gcl_aw*R0NMLjE2OTk4NjMyMjIuQ2owS0NRanc4cW1oQmhDbEFSSXNBTkF0Ym9mZ21KMm85dkV5S0JjLUdLUWIweWFCLU9EekR0N1ZQV2hnY1g4WW96M2haNGVTR0JkUjR1d2FBZzZrRUFMd193Y0I.*_gcl_au*MzQ2MTAxMTM4LjE2OTc4MDc3MzQ.*_ga*MjAyODIwNTUzOS4xNjgwNTA1OTc3*_ga_W18MV136NH*MTY5OTk0OTc2Mi4xNjUuMS4xNjk5OTUxODc2LjAuMC4w\">Acheter sur Holyart<\/a><\/strong><\/div>\r\n\t\t<\/div>\r\n\t\t<div class=\"sp-slide\">\r\n\t\t\t<a class=\"\" href=\"https:\/\/www.holyart.fr\/articles-religieux\/bracelets-religieux\/bracelets-amen\/bracelet-amen-perle-croix-et-zircon-mauve-argent-925-rose?_gl=1*bnmryf*_gcl_aw*R0NMLjE2OTk4NjMyMjIuQ2owS0NRanc4cW1oQmhDbEFSSXNBTkF0Ym9mZ21KMm85dkV5S0JjLUdLUWIweWFCLU9EekR0N1ZQV2hnY1g4WW96M2haNGVTR0JkUjR1d2FBZzZrRUFMd193Y0I.*_gcl_au*MzQ2MTAxMTM4LjE2OTc4MDc3MzQ.*_ga*MjAyODIwNTUzOS4xNjgwNTA1OTc3*_ga_W18MV136NH*MTY5OTk0OTc2Mi4xNjUuMS4xNjk5OTUyMTM1LjAuMC4w\" target=\"_self\">\r\n\t\t\t\t<img loading=\"lazy\" decoding=\"async\" class=\"sp-image\" src=\"https:\/\/blog.holyart.it\/fr\/wp-content\/uploads\/sites\/14\/2023\/11\/Bracelet-AMEN-perle-croix-et-zircon-mauve-argent-925-rose.jpg\" alt=\"Bracelet AMEN perle croix et zircon mauve argent 925 ros\u00e9\" width=\"500\" height=\"500\" \/>\r\n\t\t\t<\/a>\r\n\t\t\t<div class=\"sp-thumbnail\"><img decoding=\"async\" src=\"https:\/\/blog.holyart.it\/fr\/wp-content\/uploads\/sites\/14\/2023\/11\/Bracelet-AMEN-perle-croix-et-zircon-mauve-argent-925-rose-150x150-1.jpg\" alt=\"Bracelet AMEN perle croix et zircon mauve argent 925 ros\u00e9 150x150\" \/>\r\n\t\t\t<\/div>\r\n\t\t\t<div class=\"sp-caption\">Bracelet AMEN perle croix et zircon mauve argent 925 ros\u00e9<\/br><strong><a href=\"https:\/\/www.holyart.fr\/articles-religieux\/bracelets-religieux\/bracelets-amen\/bracelet-amen-perle-croix-et-zircon-mauve-argent-925-rose?_gl=1*bnmryf*_gcl_aw*R0NMLjE2OTk4NjMyMjIuQ2owS0NRanc4cW1oQmhDbEFSSXNBTkF0Ym9mZ21KMm85dkV5S0JjLUdLUWIweWFCLU9EekR0N1ZQV2hnY1g4WW96M2haNGVTR0JkUjR1d2FBZzZrRUFMd193Y0I.*_gcl_au*MzQ2MTAxMTM4LjE2OTc4MDc3MzQ.*_ga*MjAyODIwNTUzOS4xNjgwNTA1OTc3*_ga_W18MV136NH*MTY5OTk0OTc2Mi4xNjUuMS4xNjk5OTUyMTM1LjAuMC4w\">Acheter sur Holyart<\/a><\/strong><\/div>\r\n\t\t<\/div>\r\n\t\t<div class=\"sp-slide\">\r\n\t\t\t<a class=\"\" href=\"https:\/\/www.holyart.fr\/noel\/avent\/calendrier-avent-sapin-gris-sachets-120-cm?_gl=1*p3w9es*_gcl_aw*R0NMLjE2OTk4NjMyMjIuQ2owS0NRanc4cW1oQmhDbEFSSXNBTkF0Ym9mZ21KMm85dkV5S0JjLUdLUWIweWFCLU9EekR0N1ZQV2hnY1g4WW96M2haNGVTR0JkUjR1d2FBZzZrRUFMd193Y0I.*_gcl_au*MzQ2MTAxMTM4LjE2OTc4MDc3MzQ.*_ga*MjAyODIwNTUzOS4xNjgwNTA1OTc3*_ga_W18MV136NH*MTY5OTk0OTc2Mi4xNjUuMS4xNjk5OTUyMjQ0LjAuMC4w\" target=\"_self\">\r\n\t\t\t\t<img loading=\"lazy\" decoding=\"async\" class=\"sp-image\" src=\"https:\/\/blog.holyart.it\/fr\/wp-content\/uploads\/sites\/14\/2023\/11\/Calendrier-Avent-sapin-gris-sachets-120-cm.jpg\" alt=\"Calendrier Avent sapin gris sachets 120 cm\" width=\"500\" height=\"500\" \/>\r\n\t\t\t<\/a>\r\n\t\t\t<div class=\"sp-thumbnail\"><img decoding=\"async\" src=\"https:\/\/blog.holyart.it\/fr\/wp-content\/uploads\/sites\/14\/2023\/11\/Calendrier-Avent-sapin-gris-sachets-120-cm150x150.jpg\" alt=\"Calendrier Avent sapin gris sachets 120 cm150x150\" \/>\r\n\t\t\t<\/div>\r\n\t\t\t<div class=\"sp-caption\">Calendrier Avent sapin gris sachets 120 cm<\/br><strong><a href=\"https:\/\/www.holyart.fr\/noel\/avent\/calendrier-avent-sapin-gris-sachets-120-cm?_gl=1*p3w9es*_gcl_aw*R0NMLjE2OTk4NjMyMjIuQ2owS0NRanc4cW1oQmhDbEFSSXNBTkF0Ym9mZ21KMm85dkV5S0JjLUdLUWIweWFCLU9EekR0N1ZQV2hnY1g4WW96M2haNGVTR0JkUjR1d2FBZzZrRUFMd193Y0I.*_gcl_au*MzQ2MTAxMTM4LjE2OTc4MDc3MzQ.*_ga*MjAyODIwNTUzOS4xNjgwNTA1OTc3*_ga_W18MV136NH*MTY5OTk0OTc2Mi4xNjUuMS4xNjk5OTUyMjQ0LjAuMC4w\">Acheter sur Holyart<\/a><\/strong><\/div>\r\n\t\t<\/div>\r\n\t\t<div class=\"sp-slide\">\r\n\t\t\t<a class=\"\" href=\"https:\/\/www.holyart.fr\/articles-religieux\/bracelets-religieux\/bracelets-amen\/bracelet-amen-avec-breloques-croix-et-zircons-noirs-finition-rhodiee?_gl=1*qi6d47*_gcl_aw*R0NMLjE2OTk4NjMyMjIuQ2owS0NRanc4cW1oQmhDbEFSSXNBTkF0Ym9mZ21KMm85dkV5S0JjLUdLUWIweWFCLU9EekR0N1ZQV2hnY1g4WW96M2haNGVTR0JkUjR1d2FBZzZrRUFMd193Y0I.*_gcl_au*MzQ2MTAxMTM4LjE2OTc4MDc3MzQ.*_ga*MjAyODIwNTUzOS4xNjgwNTA1OTc3*_ga_W18MV136NH*MTY5OTk0OTc2Mi4xNjUuMS4xNjk5OTUyNDA4LjAuMC4w\" target=\"_self\">\r\n\t\t\t\t<img loading=\"lazy\" decoding=\"async\" class=\"sp-image\" src=\"https:\/\/blog.holyart.it\/fr\/wp-content\/uploads\/sites\/14\/2023\/11\/Bracelet-AMEN-avec-breloques-croix-et-zircons-noirs-finition-rhodiee.jpg\" alt=\"Bracelet AMEN avec breloques croix et zircons noirs, finition rhodi\u00e9e\" width=\"500\" height=\"500\" \/>\r\n\t\t\t<\/a>\r\n\t\t\t<div class=\"sp-thumbnail\"><img decoding=\"async\" src=\"https:\/\/blog.holyart.it\/fr\/wp-content\/uploads\/sites\/14\/2023\/11\/Bracelet-AMEN-avec-breloques-croix-et-zircons-noirs-finition-rhodiee-150x150-1.jpg\" alt=\"Bracelet AMEN avec breloques croix et zircons noirs, finition rhodi\u00e9e 150x150\" \/>\r\n\t\t\t<\/div>\r\n\t\t\t<div class=\"sp-caption\">Bracelet AMEN avec breloques croix et zircons noirs, finition rhodi\u00e9e<\/br><strong><a href=\"https:\/\/www.holyart.fr\/articles-religieux\/bracelets-religieux\/bracelets-amen\/bracelet-amen-avec-breloques-croix-et-zircons-noirs-finition-rhodiee?_gl=1*qi6d47*_gcl_aw*R0NMLjE2OTk4NjMyMjIuQ2owS0NRanc4cW1oQmhDbEFSSXNBTkF0Ym9mZ21KMm85dkV5S0JjLUdLUWIweWFCLU9EekR0N1ZQV2hnY1g4WW96M2haNGVTR0JkUjR1d2FBZzZrRUFMd193Y0I.*_gcl_au*MzQ2MTAxMTM4LjE2OTc4MDc3MzQ.*_ga*MjAyODIwNTUzOS4xNjgwNTA1OTc3*_ga_W18MV136NH*MTY5OTk0OTc2Mi4xNjUuMS4xNjk5OTUyNDA4LjAuMC4w\">Acheter sur Holyart<\/a><\/strong><\/div>\r\n\t\t<\/div>\r\n\t\t<div class=\"sp-slide\">\r\n\t\t\t<a class=\"\" href=\"https:\/\/www.holyart.fr\/noel\/avent\/calendrier-avent-chaussettes-rouges?_gl=1*1hvl2ro*_gcl_aw*R0NMLjE2OTk4NjMyMjIuQ2owS0NRanc4cW1oQmhDbEFSSXNBTkF0Ym9mZ21KMm85dkV5S0JjLUdLUWIweWFCLU9EekR0N1ZQV2hnY1g4WW96M2haNGVTR0JkUjR1d2FBZzZrRUFMd193Y0I.*_gcl_au*MzQ2MTAxMTM4LjE2OTc4MDc3MzQ.*_ga*MjAyODIwNTUzOS4xNjgwNTA1OTc3*_ga_W18MV136NH*MTY5OTk0OTc2Mi4xNjUuMS4xNjk5OTUyNTI4LjAuMC4w\" target=\"_self\">\r\n\t\t\t\t<img loading=\"lazy\" decoding=\"async\" class=\"sp-image\" src=\"https:\/\/blog.holyart.it\/fr\/wp-content\/uploads\/sites\/14\/2023\/11\/Calendrier-Avent-chaussettes-rouges.jpg\" alt=\"Calendrier Avent chaussettes rouges\" width=\"500\" height=\"500\" \/>\r\n\t\t\t<\/a>\r\n\t\t\t<div class=\"sp-thumbnail\"><img decoding=\"async\" src=\"https:\/\/blog.holyart.it\/fr\/wp-content\/uploads\/sites\/14\/2023\/11\/Calendrier-Avent-chaussettes-rouges-150x150-1.jpg\" alt=\"Calendrier Avent chaussettes rouges 150x150\" \/>\r\n\t\t\t<\/div>\r\n\t\t\t<div class=\"sp-caption\">Calendrier Avent chaussettes rouges<\/br><strong><a href=\"https:\/\/www.holyart.fr\/noel\/avent\/calendrier-avent-chaussettes-rouges?_gl=1*1hvl2ro*_gcl_aw*R0NMLjE2OTk4NjMyMjIuQ2owS0NRanc4cW1oQmhDbEFSSXNBTkF0Ym9mZ21KMm85dkV5S0JjLUdLUWIweWFCLU9EekR0N1ZQV2hnY1g4WW96M2haNGVTR0JkUjR1d2FBZzZrRUFMd193Y0I.*_gcl_au*MzQ2MTAxMTM4LjE2OTc4MDc3MzQ.*_ga*MjAyODIwNTUzOS4xNjgwNTA1OTc3*_ga_W18MV136NH*MTY5OTk0OTc2Mi4xNjUuMS4xNjk5OTUyNTI4LjAuMC4w\">Acheter sur Holyart<\/a><\/strong><\/div>\r\n\t\t<\/div>\r\n\t\t<div class=\"sp-slide\">\r\n\t\t\t<a class=\"\" href=\"https:\/\/www.holyart.fr\/articles-religieux\/bijoux-religieux\/pendentifs-croix-et-broches\/collier-coeur-amen-et-perles-rondes-argent-925?_gl=1*1tkvs5s*_gcl_aw*R0NMLjE2OTk4NjMyMjIuQ2owS0NRanc4cW1oQmhDbEFSSXNBTkF0Ym9mZ21KMm85dkV5S0JjLUdLUWIweWFCLU9EekR0N1ZQV2hnY1g4WW96M2haNGVTR0JkUjR1d2FBZzZrRUFMd193Y0I.*_gcl_au*MzQ2MTAxMTM4LjE2OTc4MDc3MzQ.*_ga*MjAyODIwNTUzOS4xNjgwNTA1OTc3*_ga_W18MV136NH*MTY5OTk0OTc2Mi4xNjUuMS4xNjk5OTUyNjg3LjAuMC4w\" target=\"_self\">\r\n\t\t\t\t<img loading=\"lazy\" decoding=\"async\" class=\"sp-image\" src=\"https:\/\/blog.holyart.it\/fr\/wp-content\/uploads\/sites\/14\/2023\/11\/Collier-coeur-AMEN-et-perles-rondes-argent-925.jpg\" alt=\"Collier coeur AMEN et perles rondes argent 925\" width=\"500\" height=\"500\" \/>\r\n\t\t\t<\/a>\r\n\t\t\t<div class=\"sp-thumbnail\"><img decoding=\"async\" src=\"https:\/\/blog.holyart.it\/fr\/wp-content\/uploads\/sites\/14\/2023\/11\/Collier-coeur-AMEN-et-perles-rondes-argent-925-150x150-1.jpg\" alt=\"Collier coeur AMEN et perles rondes argent 925 150x150\" \/>\r\n\t\t\t<\/div>\r\n\t\t\t<div class=\"sp-caption\">Collier coeur AMEN et perles rondes argent 925<\/br><strong><a href=\"https:\/\/www.holyart.fr\/articles-religieux\/bijoux-religieux\/pendentifs-croix-et-broches\/collier-coeur-amen-et-perles-rondes-argent-925?_gl=1*1tkvs5s*_gcl_aw*R0NMLjE2OTk4NjMyMjIuQ2owS0NRanc4cW1oQmhDbEFSSXNBTkF0Ym9mZ21KMm85dkV5S0JjLUdLUWIweWFCLU9EekR0N1ZQV2hnY1g4WW96M2haNGVTR0JkUjR1d2FBZzZrRUFMd193Y0I.*_gcl_au*MzQ2MTAxMTM4LjE2OTc4MDc3MzQ.*_ga*MjAyODIwNTUzOS4xNjgwNTA1OTc3*_ga_W18MV136NH*MTY5OTk0OTc2Mi4xNjUuMS4xNjk5OTUyNjg3LjAuMC4w\">Acheter sur Holyart<\/a><\/strong><\/div>\r\n\t\t<\/div>\r\n\t<\/div>\r\n<\/div>\n","protected":false},"excerpt":{"rendered":"<p>Les calendriers de l\u2019Avent sont des cadeaux toujours appr\u00e9ci\u00e9s, par les enfants, mais pas seulement, afin de vivre l\u2019attente de la No\u00ebl avec encore plus d\u2019\u00e9motion No\u00ebl est, avant tout, la fin d\u2019une attente. Une attente faite d\u2019esp\u00e9rance et de tr\u00e9pidation, de la conscience qui&hellip;<\/p>\n","protected":false},"author":1,"featured_media":7310,"comment_status":"closed","ping_status":"open","sticky":false,"template":"","format":"standard","meta":{"_acf_changed":false,"footnotes":""},"categories":[10],"tags":[],"class_list":["post-7307","post","type-post","status-publish","format-standard","has-post-thumbnail","hentry","category-noel"],"acf":[],"yoast_head":"<!-- This site is optimized with the Yoast SEO plugin v26.6 - https:\/\/yoast.com\/wordpress\/plugins\/seo\/ -->\n<title>Calendriers de l\u2019Avent \u00e0 remplir : id\u00e9es et conseils - Holyart.fr Blog<\/title>\n<meta name=\"description\" content=\"Les calendriers de l\u2019Avent sont des cadeaux toujours appr\u00e9ci\u00e9s, par les enfants, mais pas seulement, afin de vivre l\u2019attente de la No\u00ebl...\" \/>\n<meta name=\"robots\" content=\"index, follow, max-snippet:-1, max-image-preview:large, max-video-preview:-1\" \/>\n<link rel=\"canonical\" href=\"https:\/\/blog.holyart.it\/fr\/noel\/calendriers-de-lavent-a-remplir-idees-et-conseils\/\" \/>\n<meta property=\"og:locale\" content=\"fr_FR\" \/>\n<meta property=\"og:type\" content=\"article\" \/>\n<meta property=\"og:title\" content=\"Calendriers de l\u2019Avent \u00e0 remplir : id\u00e9es et conseils - Holyart.fr Blog\" \/>\n<meta property=\"og:description\" content=\"Les calendriers de l\u2019Avent sont des cadeaux toujours appr\u00e9ci\u00e9s, par les enfants, mais pas seulement, afin de vivre l\u2019attente de la No\u00ebl...\" \/>\n<meta property=\"og:url\" content=\"https:\/\/blog.holyart.it\/fr\/noel\/calendriers-de-lavent-a-remplir-idees-et-conseils\/\" \/>\n<meta property=\"og:site_name\" content=\"Holyart.fr Blog\" \/>\n<meta property=\"article:published_time\" content=\"2023-11-20T09:00:06+00:00\" \/>\n<meta property=\"article:modified_time\" content=\"2025-11-13T10:01:54+00:00\" \/>\n<meta property=\"og:image\" content=\"https:\/\/blog.holyart.it\/fr\/wp-content\/uploads\/sites\/14\/2023\/11\/Calendriers-de-lAvent-a-remplir.jpg\" \/>\n\t<meta property=\"og:image:width\" content=\"1000\" \/>\n\t<meta property=\"og:image:height\" content=\"666\" \/>\n\t<meta property=\"og:image:type\" content=\"image\/jpeg\" \/>\n<meta name=\"author\" content=\"Redazione\" \/>\n<meta name=\"twitter:card\" content=\"summary_large_image\" \/>\n<meta name=\"twitter:label1\" content=\"\u00c9crit par\" \/>\n\t<meta name=\"twitter:data1\" content=\"Redazione\" \/>\n\t<meta name=\"twitter:label2\" content=\"Dur\u00e9e de lecture estim\u00e9e\" \/>\n\t<meta name=\"twitter:data2\" content=\"8 minutes\" \/>\n<script type=\"application\/ld+json\" class=\"yoast-schema-graph\">{\"@context\":\"https:\/\/schema.org\",\"@graph\":[{\"@type\":\"Article\",\"@id\":\"https:\/\/blog.holyart.it\/fr\/noel\/calendriers-de-lavent-a-remplir-idees-et-conseils\/#article\",\"isPartOf\":{\"@id\":\"https:\/\/blog.holyart.it\/fr\/noel\/calendriers-de-lavent-a-remplir-idees-et-conseils\/\"},\"author\":{\"name\":\"Redazione\",\"@id\":\"https:\/\/blog.holyart.it\/fr\/#\/schema\/person\/0a7b686e5af0f856ec1e390dd0baecda\"},\"headline\":\"Calendriers de l\u2019Avent \u00e0 remplir : id\u00e9es et conseils\",\"datePublished\":\"2023-11-20T09:00:06+00:00\",\"dateModified\":\"2025-11-13T10:01:54+00:00\",\"mainEntityOfPage\":{\"@id\":\"https:\/\/blog.holyart.it\/fr\/noel\/calendriers-de-lavent-a-remplir-idees-et-conseils\/\"},\"wordCount\":1516,\"publisher\":{\"@id\":\"https:\/\/blog.holyart.it\/fr\/#organization\"},\"image\":{\"@id\":\"https:\/\/blog.holyart.it\/fr\/noel\/calendriers-de-lavent-a-remplir-idees-et-conseils\/#primaryimage\"},\"thumbnailUrl\":\"https:\/\/blog.holyart.it\/fr\/wp-content\/uploads\/sites\/14\/2023\/11\/Calendriers-de-lAvent-a-remplir.jpg\",\"articleSection\":[\"No\u00ebl\"],\"inLanguage\":\"fr-FR\"},{\"@type\":\"WebPage\",\"@id\":\"https:\/\/blog.holyart.it\/fr\/noel\/calendriers-de-lavent-a-remplir-idees-et-conseils\/\",\"url\":\"https:\/\/blog.holyart.it\/fr\/noel\/calendriers-de-lavent-a-remplir-idees-et-conseils\/\",\"name\":\"Calendriers de l\u2019Avent \u00e0 remplir : id\u00e9es et conseils - Holyart.fr Blog\",\"isPartOf\":{\"@id\":\"https:\/\/blog.holyart.it\/fr\/#website\"},\"primaryImageOfPage\":{\"@id\":\"https:\/\/blog.holyart.it\/fr\/noel\/calendriers-de-lavent-a-remplir-idees-et-conseils\/#primaryimage\"},\"image\":{\"@id\":\"https:\/\/blog.holyart.it\/fr\/noel\/calendriers-de-lavent-a-remplir-idees-et-conseils\/#primaryimage\"},\"thumbnailUrl\":\"https:\/\/blog.holyart.it\/fr\/wp-content\/uploads\/sites\/14\/2023\/11\/Calendriers-de-lAvent-a-remplir.jpg\",\"datePublished\":\"2023-11-20T09:00:06+00:00\",\"dateModified\":\"2025-11-13T10:01:54+00:00\",\"description\":\"Les calendriers de l\u2019Avent sont des cadeaux toujours appr\u00e9ci\u00e9s, par les enfants, mais pas seulement, afin de vivre l\u2019attente de la No\u00ebl...\",\"breadcrumb\":{\"@id\":\"https:\/\/blog.holyart.it\/fr\/noel\/calendriers-de-lavent-a-remplir-idees-et-conseils\/#breadcrumb\"},\"inLanguage\":\"fr-FR\",\"potentialAction\":[{\"@type\":\"ReadAction\",\"target\":[\"https:\/\/blog.holyart.it\/fr\/noel\/calendriers-de-lavent-a-remplir-idees-et-conseils\/\"]}]},{\"@type\":\"ImageObject\",\"inLanguage\":\"fr-FR\",\"@id\":\"https:\/\/blog.holyart.it\/fr\/noel\/calendriers-de-lavent-a-remplir-idees-et-conseils\/#primaryimage\",\"url\":\"https:\/\/blog.holyart.it\/fr\/wp-content\/uploads\/sites\/14\/2023\/11\/Calendriers-de-lAvent-a-remplir.jpg\",\"contentUrl\":\"https:\/\/blog.holyart.it\/fr\/wp-content\/uploads\/sites\/14\/2023\/11\/Calendriers-de-lAvent-a-remplir.jpg\",\"width\":1000,\"height\":666,\"caption\":\"Calendriers de l\u2019Avent \u00e0 remplir\"},{\"@type\":\"BreadcrumbList\",\"@id\":\"https:\/\/blog.holyart.it\/fr\/noel\/calendriers-de-lavent-a-remplir-idees-et-conseils\/#breadcrumb\",\"itemListElement\":[{\"@type\":\"ListItem\",\"position\":1,\"name\":\"Homepage\",\"item\":\"https:\/\/blog.holyart.it\/fr\/\"},{\"@type\":\"ListItem\",\"position\":2,\"name\":\"No\u00ebl\",\"item\":\"https:\/\/blog.holyart.it\/fr\/noel\/\"},{\"@type\":\"ListItem\",\"position\":3,\"name\":\"Calendriers de l\u2019Avent \u00e0 remplir : id\u00e9es et conseils\"}]},{\"@type\":\"WebSite\",\"@id\":\"https:\/\/blog.holyart.it\/fr\/#website\",\"url\":\"https:\/\/blog.holyart.it\/fr\/\",\"name\":\"Holyart.fr Blog\",\"description\":\"Holyblog\",\"publisher\":{\"@id\":\"https:\/\/blog.holyart.it\/fr\/#organization\"},\"potentialAction\":[{\"@type\":\"SearchAction\",\"target\":{\"@type\":\"EntryPoint\",\"urlTemplate\":\"https:\/\/blog.holyart.it\/fr\/?s={search_term_string}\"},\"query-input\":{\"@type\":\"PropertyValueSpecification\",\"valueRequired\":true,\"valueName\":\"search_term_string\"}}],\"inLanguage\":\"fr-FR\"},{\"@type\":\"Organization\",\"@id\":\"https:\/\/blog.holyart.it\/fr\/#organization\",\"name\":\"Holyart.fr Blog\",\"url\":\"https:\/\/blog.holyart.it\/fr\/\",\"logo\":{\"@type\":\"ImageObject\",\"inLanguage\":\"fr-FR\",\"@id\":\"https:\/\/blog.holyart.it\/fr\/#\/schema\/logo\/image\/\",\"url\":\"https:\/\/blog.holyart.it\/fr\/wp-content\/uploads\/sites\/14\/2022\/12\/Holyart_Blog_Logo.jpg\",\"contentUrl\":\"https:\/\/blog.holyart.it\/fr\/wp-content\/uploads\/sites\/14\/2022\/12\/Holyart_Blog_Logo.jpg\",\"width\":300,\"height\":50,\"caption\":\"Holyart.fr Blog\"},\"image\":{\"@id\":\"https:\/\/blog.holyart.it\/fr\/#\/schema\/logo\/image\/\"}},{\"@type\":\"Person\",\"@id\":\"https:\/\/blog.holyart.it\/fr\/#\/schema\/person\/0a7b686e5af0f856ec1e390dd0baecda\",\"name\":\"Redazione\",\"image\":{\"@type\":\"ImageObject\",\"inLanguage\":\"fr-FR\",\"@id\":\"https:\/\/blog.holyart.it\/fr\/#\/schema\/person\/image\/\",\"url\":\"https:\/\/secure.gravatar.com\/avatar\/f477da817f43e50d0af36abecd33e3edf826c68299714bdc1057dff3b113f516?s=96&d=mm&r=g\",\"contentUrl\":\"https:\/\/secure.gravatar.com\/avatar\/f477da817f43e50d0af36abecd33e3edf826c68299714bdc1057dff3b113f516?s=96&d=mm&r=g\",\"caption\":\"Redazione\"},\"url\":\"https:\/\/blog.holyart.it\/fr\/author\/admin\/\"}]}<\/script>\n<!-- \/ Yoast SEO plugin. -->","yoast_head_json":{"title":"Calendriers de l\u2019Avent \u00e0 remplir : id\u00e9es et conseils - Holyart.fr Blog","description":"Les calendriers de l\u2019Avent sont des cadeaux toujours appr\u00e9ci\u00e9s, par les enfants, mais pas seulement, afin de vivre l\u2019attente de la No\u00ebl...","robots":{"index":"index","follow":"follow","max-snippet":"max-snippet:-1","max-image-preview":"max-image-preview:large","max-video-preview":"max-video-preview:-1"},"canonical":"https:\/\/blog.holyart.it\/fr\/noel\/calendriers-de-lavent-a-remplir-idees-et-conseils\/","og_locale":"fr_FR","og_type":"article","og_title":"Calendriers de l\u2019Avent \u00e0 remplir : id\u00e9es et conseils - Holyart.fr Blog","og_description":"Les calendriers de l\u2019Avent sont des cadeaux toujours appr\u00e9ci\u00e9s, par les enfants, mais pas seulement, afin de vivre l\u2019attente de la No\u00ebl...","og_url":"https:\/\/blog.holyart.it\/fr\/noel\/calendriers-de-lavent-a-remplir-idees-et-conseils\/","og_site_name":"Holyart.fr Blog","article_published_time":"2023-11-20T09:00:06+00:00","article_modified_time":"2025-11-13T10:01:54+00:00","og_image":[{"width":1000,"height":666,"url":"https:\/\/blog.holyart.it\/fr\/wp-content\/uploads\/sites\/14\/2023\/11\/Calendriers-de-lAvent-a-remplir.jpg","type":"image\/jpeg"}],"author":"Redazione","twitter_card":"summary_large_image","twitter_misc":{"\u00c9crit par":"Redazione","Dur\u00e9e de lecture estim\u00e9e":"8 minutes"},"schema":{"@context":"https:\/\/schema.org","@graph":[{"@type":"Article","@id":"https:\/\/blog.holyart.it\/fr\/noel\/calendriers-de-lavent-a-remplir-idees-et-conseils\/#article","isPartOf":{"@id":"https:\/\/blog.holyart.it\/fr\/noel\/calendriers-de-lavent-a-remplir-idees-et-conseils\/"},"author":{"name":"Redazione","@id":"https:\/\/blog.holyart.it\/fr\/#\/schema\/person\/0a7b686e5af0f856ec1e390dd0baecda"},"headline":"Calendriers de l\u2019Avent \u00e0 remplir : id\u00e9es et conseils","datePublished":"2023-11-20T09:00:06+00:00","dateModified":"2025-11-13T10:01:54+00:00","mainEntityOfPage":{"@id":"https:\/\/blog.holyart.it\/fr\/noel\/calendriers-de-lavent-a-remplir-idees-et-conseils\/"},"wordCount":1516,"publisher":{"@id":"https:\/\/blog.holyart.it\/fr\/#organization"},"image":{"@id":"https:\/\/blog.holyart.it\/fr\/noel\/calendriers-de-lavent-a-remplir-idees-et-conseils\/#primaryimage"},"thumbnailUrl":"https:\/\/blog.holyart.it\/fr\/wp-content\/uploads\/sites\/14\/2023\/11\/Calendriers-de-lAvent-a-remplir.jpg","articleSection":["No\u00ebl"],"inLanguage":"fr-FR"},{"@type":"WebPage","@id":"https:\/\/blog.holyart.it\/fr\/noel\/calendriers-de-lavent-a-remplir-idees-et-conseils\/","url":"https:\/\/blog.holyart.it\/fr\/noel\/calendriers-de-lavent-a-remplir-idees-et-conseils\/","name":"Calendriers de l\u2019Avent \u00e0 remplir : id\u00e9es et conseils - Holyart.fr Blog","isPartOf":{"@id":"https:\/\/blog.holyart.it\/fr\/#website"},"primaryImageOfPage":{"@id":"https:\/\/blog.holyart.it\/fr\/noel\/calendriers-de-lavent-a-remplir-idees-et-conseils\/#primaryimage"},"image":{"@id":"https:\/\/blog.holyart.it\/fr\/noel\/calendriers-de-lavent-a-remplir-idees-et-conseils\/#primaryimage"},"thumbnailUrl":"https:\/\/blog.holyart.it\/fr\/wp-content\/uploads\/sites\/14\/2023\/11\/Calendriers-de-lAvent-a-remplir.jpg","datePublished":"2023-11-20T09:00:06+00:00","dateModified":"2025-11-13T10:01:54+00:00","description":"Les calendriers de l\u2019Avent sont des cadeaux toujours appr\u00e9ci\u00e9s, par les enfants, mais pas seulement, afin de vivre l\u2019attente de la No\u00ebl...","breadcrumb":{"@id":"https:\/\/blog.holyart.it\/fr\/noel\/calendriers-de-lavent-a-remplir-idees-et-conseils\/#breadcrumb"},"inLanguage":"fr-FR","potentialAction":[{"@type":"ReadAction","target":["https:\/\/blog.holyart.it\/fr\/noel\/calendriers-de-lavent-a-remplir-idees-et-conseils\/"]}]},{"@type":"ImageObject","inLanguage":"fr-FR","@id":"https:\/\/blog.holyart.it\/fr\/noel\/calendriers-de-lavent-a-remplir-idees-et-conseils\/#primaryimage","url":"https:\/\/blog.holyart.it\/fr\/wp-content\/uploads\/sites\/14\/2023\/11\/Calendriers-de-lAvent-a-remplir.jpg","contentUrl":"https:\/\/blog.holyart.it\/fr\/wp-content\/uploads\/sites\/14\/2023\/11\/Calendriers-de-lAvent-a-remplir.jpg","width":1000,"height":666,"caption":"Calendriers de l\u2019Avent \u00e0 remplir"},{"@type":"BreadcrumbList","@id":"https:\/\/blog.holyart.it\/fr\/noel\/calendriers-de-lavent-a-remplir-idees-et-conseils\/#breadcrumb","itemListElement":[{"@type":"ListItem","position":1,"name":"Homepage","item":"https:\/\/blog.holyart.it\/fr\/"},{"@type":"ListItem","position":2,"name":"No\u00ebl","item":"https:\/\/blog.holyart.it\/fr\/noel\/"},{"@type":"ListItem","position":3,"name":"Calendriers de l\u2019Avent \u00e0 remplir : id\u00e9es et conseils"}]},{"@type":"WebSite","@id":"https:\/\/blog.holyart.it\/fr\/#website","url":"https:\/\/blog.holyart.it\/fr\/","name":"Holyart.fr Blog","description":"Holyblog","publisher":{"@id":"https:\/\/blog.holyart.it\/fr\/#organization"},"potentialAction":[{"@type":"SearchAction","target":{"@type":"EntryPoint","urlTemplate":"https:\/\/blog.holyart.it\/fr\/?s={search_term_string}"},"query-input":{"@type":"PropertyValueSpecification","valueRequired":true,"valueName":"search_term_string"}}],"inLanguage":"fr-FR"},{"@type":"Organization","@id":"https:\/\/blog.holyart.it\/fr\/#organization","name":"Holyart.fr Blog","url":"https:\/\/blog.holyart.it\/fr\/","logo":{"@type":"ImageObject","inLanguage":"fr-FR","@id":"https:\/\/blog.holyart.it\/fr\/#\/schema\/logo\/image\/","url":"https:\/\/blog.holyart.it\/fr\/wp-content\/uploads\/sites\/14\/2022\/12\/Holyart_Blog_Logo.jpg","contentUrl":"https:\/\/blog.holyart.it\/fr\/wp-content\/uploads\/sites\/14\/2022\/12\/Holyart_Blog_Logo.jpg","width":300,"height":50,"caption":"Holyart.fr Blog"},"image":{"@id":"https:\/\/blog.holyart.it\/fr\/#\/schema\/logo\/image\/"}},{"@type":"Person","@id":"https:\/\/blog.holyart.it\/fr\/#\/schema\/person\/0a7b686e5af0f856ec1e390dd0baecda","name":"Redazione","image":{"@type":"ImageObject","inLanguage":"fr-FR","@id":"https:\/\/blog.holyart.it\/fr\/#\/schema\/person\/image\/","url":"https:\/\/secure.gravatar.com\/avatar\/f477da817f43e50d0af36abecd33e3edf826c68299714bdc1057dff3b113f516?s=96&d=mm&r=g","contentUrl":"https:\/\/secure.gravatar.com\/avatar\/f477da817f43e50d0af36abecd33e3edf826c68299714bdc1057dff3b113f516?s=96&d=mm&r=g","caption":"Redazione"},"url":"https:\/\/blog.holyart.it\/fr\/author\/admin\/"}]}},"_links":{"self":[{"href":"https:\/\/blog.holyart.it\/fr\/wp-json\/wp\/v2\/posts\/7307","targetHints":{"allow":["GET"]}}],"collection":[{"href":"https:\/\/blog.holyart.it\/fr\/wp-json\/wp\/v2\/posts"}],"about":[{"href":"https:\/\/blog.holyart.it\/fr\/wp-json\/wp\/v2\/types\/post"}],"author":[{"embeddable":true,"href":"https:\/\/blog.holyart.it\/fr\/wp-json\/wp\/v2\/users\/1"}],"replies":[{"embeddable":true,"href":"https:\/\/blog.holyart.it\/fr\/wp-json\/wp\/v2\/comments?post=7307"}],"version-history":[{"count":16,"href":"https:\/\/blog.holyart.it\/fr\/wp-json\/wp\/v2\/posts\/7307\/revisions"}],"predecessor-version":[{"id":7353,"href":"https:\/\/blog.holyart.it\/fr\/wp-json\/wp\/v2\/posts\/7307\/revisions\/7353"}],"wp:featuredmedia":[{"embeddable":true,"href":"https:\/\/blog.holyart.it\/fr\/wp-json\/wp\/v2\/media\/7310"}],"wp:attachment":[{"href":"https:\/\/blog.holyart.it\/fr\/wp-json\/wp\/v2\/media?parent=7307"}],"wp:term":[{"taxonomy":"category","embeddable":true,"href":"https:\/\/blog.holyart.it\/fr\/wp-json\/wp\/v2\/categories?post=7307"},{"taxonomy":"post_tag","embeddable":true,"href":"https:\/\/blog.holyart.it\/fr\/wp-json\/wp\/v2\/tags?post=7307"}],"curies":[{"name":"wp","href":"https:\/\/api.w.org\/{rel}","templated":true}]}}