{"id":7292,"date":"2023-11-15T10:00:44","date_gmt":"2023-11-15T09:00:44","guid":{"rendered":"https:\/\/blog.holyart.it\/fr\/?p=7292"},"modified":"2024-12-13T11:58:29","modified_gmt":"2024-12-13T10:58:29","slug":"les-plus-beaux-marches-de-noel-en-europe","status":"publish","type":"post","link":"https:\/\/blog.holyart.it\/fr\/articles-religieux\/les-plus-beaux-marches-de-noel-en-europe\/","title":{"rendered":"Les plus beaux march\u00e9s de No\u00ebl en Europe"},"content":{"rendered":"<h4><em>Chalets \u00e9clair\u00e9s par des lumi\u00e8res color\u00e9es, des produits artisanaux, des sp\u00e9cialit\u00e9s gastronomiques, des d\u00e9fil\u00e9s et de la musique. L\u2019atmosph\u00e8re des march\u00e9s de No\u00ebl en Europe est une magie incontournable pour les F\u00eates.<\/em><\/h4>\n\n<p>Comme ils sont beaux les <strong>march\u00e9s de No\u00ebl<\/strong> ! Quand les places d\u2019Europe s\u2019illuminent d\u2019innombrables lumi\u00e8res et des couleurs vives des chalets qui offrent aux passants tous ces produits qui, comme par magie, n\u2019apparaissent qu\u2019\u00e0 No\u00ebl, comme s\u2019ils sortaient tout droit de l\u2019atelier du P\u00e8re No\u00ebl. Des <strong><a href=\"https:\/\/www.holyart.fr\/noel\/decorations-noel-pour-la-maison\">d\u00e9corations de No\u00ebl<\/a><\/strong>, des <strong>produits artisanaux<\/strong> pour d\u00e9corer la maison ou \u00e0 offrir, des <strong>petits objets<\/strong>, et puis les<strong> <a href=\"https:\/\/www.holyart.fr\/search?params=%7B%22search%22%3A%22nourriture%22%7D&amp;search=nourriture\">sp\u00e9cialit\u00e9s gastronomiques<\/a><\/strong>, qui peuvent \u00eatre achet\u00e9es ou consomm\u00e9es sur place, dans les nombreux stands desquels se d\u00e9gagent des parfums d\u00e9licieux. Spectacles, chorales et musiques de No\u00ebl ne manquent pas et, dans certain cas, les man\u00e8ges non plus, exactement comme dans un de ces <a href=\"https:\/\/www.holyart.fr\/noel\/villages-de-noel-miniatures\"><strong>villages de No\u00ebl en miniature<\/strong><\/a>, color\u00e9s et pittoresques, qui dans beaucoup de maisons sont install\u00e9s comme d\u00e9coration pendant les f\u00eates.<\/p>\n<div class=\"link-product\">\n<div class=\"blocco-immagine\"><img loading=\"lazy\" decoding=\"async\" class=\"size-full wp-image-7304 alignleft\" src=\"https:\/\/blog.holyart.it\/fr\/wp-content\/uploads\/sites\/14\/2023\/11\/village-de-Noel-avec-des-lumieres-30x35x35-cm-1.jpg\" alt=\"village de noel avec de lumieres\" width=\"100\" height=\"100\" data-kale-share-title=\"Les plus beaux march\u00e9s de No\u00ebl en Europe\" data-kale-share-url=\"https:\/\/blog.holyart.it\/fr\/?p=7292\" \/><\/div>\n<div class=\"blocco-contenuto\">\n<div class=\"blocco-acquista\">Acheter sur Holyart:<\/div>\n<div class=\"blocco-titolo\"><a href=\"https:\/\/www.holyart.fr\/noel\/villages-de-noel-miniatures\">Villages de No\u00ebl miniatures<\/a><\/div>\n<div class=\"blocco-descrizione\">Villages de No\u00ebl miniatures. Villages et paysages de No\u00ebl \u00e9clair\u00e9s et anim\u00e9s, faits \u00e0 base de r\u00e9sine.<\/div>\n<\/div>\n<\/div>\n<p>&nbsp;<\/p>\n<p>Les march\u00e9s de No\u00ebl en Europe sont une tradition d\u00e9sormais c\u00e9l\u00e8bre et incontournable. M\u00eame s\u2019ils sont r\u00e9pandus principalement dans les pays du Nord, en Allemagne, Autriche, Suisse, depuis le d\u00e9but des ann\u00e9es \u201990 ils ont commenc\u00e9 \u00e0 se diffuser <strong>en Italie aussi<\/strong>, \u00e0 commencer par Bolzano et dans le Trentin en g\u00e9n\u00e9ral. Chez nous aussi, entre la fin du mois de novembre et l\u2019\u00c9piphanie il est possible de s\u2019immerger dans l\u2019atmosph\u00e8re des villages de No\u00ebl, en parcourant rues et places d\u00e9cor\u00e9es de <a href=\"https:\/\/www.holyart.fr\/noel\/guirlandes-lumineuses-de-noel\"><strong>luminaires<\/strong><\/a> et <a href=\"https:\/\/www.holyart.fr\/noel\/decorations-sapin-de-noel\"><strong>d\u00e9corations de No\u00ebl<\/strong><\/a>, fl\u00e2ner entre les chalets de produits artisanaux, <a href=\"https:\/\/www.holyart.fr\/noel\/decorations-noel-pour-la-maison\/guirlandes-couronnes-de-noel\"><strong>couronnes de No\u00ebl<\/strong><\/a>, jouets, et d\u00e9guster les gourmandises de la gastronomie typique \u00e0 kilom\u00e8tre 0, en assistant peut-\u00eatre aux d\u00e9fil\u00e9s de <em>Krampus<\/em> et de Saint Nicolas dans le Trentin ou en visitant la Maison de P\u00e8re No\u00ebl \u00e0 Arezzo. Partout vous trouverez des villages de No\u00ebl qui offrent une atmosph\u00e8re inimitable, faite d\u2019anciennes traditions, produits typiques et d\u2019une magie unique.<\/p>\n<div class=\"link-product\">\n<div class=\"blocco-immagine\"><img loading=\"lazy\" decoding=\"async\" class=\"size-full wp-image-7296 alignleft\" src=\"https:\/\/blog.holyart.it\/fr\/wp-content\/uploads\/sites\/14\/2023\/11\/couronne-avec-pommes-de-pin-et-branches-de-pin-diam.-30-cm.jpg\" alt=\"couronne avec pommes de pin et branches de pin\" width=\"100\" height=\"100\" data-kale-share-title=\"Les plus beaux march\u00e9s de No\u00ebl en Europe\" data-kale-share-url=\"https:\/\/blog.holyart.it\/fr\/?p=7292\" \/><\/div>\n<div class=\"blocco-contenuto\">\n<div class=\"blocco-acquista\">Acheter sur Holyart:<\/div>\n<div class=\"blocco-titolo\"><a href=\"https:\/\/www.holyart.fr\/noel\/decorations-noel-pour-la-maison\/guirlandes-couronnes-de-noel\">Guirlandes Couronnes De No\u00ebl<\/a><\/div>\n<div class=\"blocco-descrizione\">Guirlandes couronnes de No\u00ebl<\/div>\n<\/div>\n<\/div>\n<p>Voyons ensemble quels sont les principaux march\u00e9s de No\u00ebl en Europe.<\/p>\n<h2>March\u00e9s de No\u00ebl de Innsbruck<\/h2>\n<p>Chaque ann\u00e9e<strong>\u00a0Innsbruck<\/strong>, chef-lieu du Tyrol du Nord et cinqui\u00e8me plus grande ville d\u2019Autriche, s\u2019anime de la magie de No\u00ebl. <strong>Du 15 novembre au 6 janvier<\/strong>, la ville enti\u00e8re est parcourue de <strong>luminaires scintillants<\/strong> qui d\u00e9corent ses belles rues et les fa\u00e7ades de b\u00e2timents m\u00e9di\u00e9vaux, leur suggestifs bow-windows, les frontons riches en histoire. Plus de septante chalets traversent le centre historique jusqu\u2019au\u00a0<em>Goldenes Dachl<\/em>, le Petit toit d\u2019or, symbole de la ville, le balcon du palais r\u00e9sidentiel de Maximilian Ier avec son caract\u00e9ristique toit recouvert de tuiles de cuivre dor\u00e9 et rambardes richement sculpt\u00e9es. Il y a jusqu\u2019\u00e0 <strong>six march\u00e9s de No\u00ebl \u00e0 Innsbruck<\/strong>\u00a0: celui d\u00e9j\u00e0 cit\u00e9 du centre historique, <em>Christkindlmarkt Altstadt Innsbruck <\/em>; le\u00a0<em>Christkindlmarkt Marktplatz<\/em>, le march\u00e9 de No\u00ebl pour les familles, o\u00f9 Saint Nicolas distribuent des cadeaux aux enfants sages, entour\u00e9s d\u2019anges de No\u00ebl et du d\u00e9fil\u00e9 des terribles Krampus dans une place du march\u00e9 transform\u00e9e pour l\u2019occasion en un v\u00e9ritable pays des merveilles, dans le centre duquel tr\u00f4ne le scintillant sapin de cristal de 14 m\u00e8tres de hauteur ; le\u00a0<em>Christkindlmarkt Maria-Theresien-Stra\u00dfe<\/em>, dans la rue du luxe d\u2019Innsbruck, rendue encore plus scintillante par les sapins illumin\u00e9s et par les luminaires modernes, avec les chalets qui proposent des objets du monde entier et des sp\u00e9cialit\u00e9s typiquement autrichiennes\u00a0; le\u00a0<em>Panorama Christkindlmarkt Hungerburg<\/em>, panoramique, situ\u00e9 dans le district de Hungerburg, accessible en seulement huit minutes avec le moderne funiculaire Hungeburgbahn, duquel on profite d\u2019une vue spectaculaire sur la ville\u00a0; le March\u00e9 de l\u2019Avent de<em> Saint Nikolaus\u00a0<\/em>sur la place Hans-Brenner-Platz et sur la Innstra\u00dfe ; le <em>March\u00e9 de No\u00ebl de Wilten<\/em>, sur la place homonyme, d\u00e9di\u00e9 \u00e0 l\u2019artisanat tyrolien plus authentique et traditionnel.<\/p>\n<div class=\"link-article\">\n<p><img loading=\"lazy\" decoding=\"async\" class=\"size-full wp-image-7297 alignleft\" src=\"https:\/\/blog.holyart.it\/fr\/wp-content\/uploads\/sites\/14\/2023\/11\/illuminations-a-la-fete-des-saints.jpg\" alt=\"illuminations a la fete des saints\" width=\"150\" height=\"99\" data-kale-share-title=\"Les plus beaux march\u00e9s de No\u00ebl en Europe\" data-kale-share-url=\"https:\/\/blog.holyart.it\/fr\/?p=7292\" \/><\/p>\n<div class=\"leggi-anche\">Lire aussi :<\/div>\n<p><strong><a href=\"https:\/\/www.holyart.fr\/blog\/noel\/lhistoire-des-luminaires-du-sud-de-litalie-aux-etats-unis\/\">L\u2019histoire des luminaires : du Sud de l\u2019Italie aux \u00c9tats Unis<\/a><\/strong><br \/>\nLes luminaires de No\u00ebl sont une tradition suggestive et incontournable pendant les F\u00eates, et cela non seulement en Italie.<\/p>\n<\/div>\n<p>Partout vous pourrez d\u00e9guster les gourmandises typiques du No\u00ebl tyrolien, des\u00a0<em>Kiachln<\/em>, les typiques beignets sucr\u00e9s frits, au\u00a0<em>Gl\u00fchwein<\/em>, le revigorant vin chaud.<\/p>\n<h2>March\u00e9s de No\u00ebl de Lugano<\/h2>\n<p>A <strong>Lugano<\/strong> aussi, dans le Canton du Tessin, en Suisse, <strong>du 1er d\u00e9cembre 2022 au 9 janvier 2023<\/strong> s\u2019ouvre le traditionnel March\u00e9 de No\u00ebl, qui occupe toute la zone pi\u00e9tonne du centre-ville. Stands avec des objets artisanaux, tissus, parfums, sp\u00e9cialit\u00e9s gastronomiques et, sur la Place de la R\u00e9forme, des gracieux chalets en bois et des d\u00e9corations de No\u00ebl partout. Pour toute la p\u00e9riode de l\u2019Avent, le <strong>Sapin des lumi\u00e8res<\/strong>, symbole de No\u00ebl en ville, illuminera la place en la transformant en un lieu enchant\u00e9. Entre Place de la R\u00e9forme et Place Manzoni d\u2019innombrables chalets et stands rassembl\u00e9s autour du <strong>Chalet du Go\u00fbt<\/strong> offrent des sp\u00e9cialit\u00e9s gastronomiques et des friandises typiques de No\u00ebl. Dans le <strong>Village de No\u00ebl<\/strong>, construit comme un village traditionnel, des spectacles et des \u00e9v\u00e9nements pour toute la famille ont lieu et P\u00e8re No\u00ebl accueille personnellement les petits h\u00f4tes dans le Grand Chalet. Entre les <strong>joueurs de cornemuses<\/strong> et les <a href=\"https:\/\/www.holyart.fr\/noel\/creches-noel\"><strong>cr\u00e8ches faites \u00e0 la main<\/strong><\/a>, entre les <em>pagliatt<\/em> qui tressent paniers et chapeaux en paille, passe le vieux J\u00f6rg, un musicien qui joue des musiques traditionnelles sur un orgue \u00e0 rouleaux, tandis que tout autour on mange de la polenta, des marrons r\u00f4tis, de la barbe \u00e0 papa et on boit du cognac \u00e0 l\u2019\u0153uf et du Nocino pour se tenir chaud.<\/p>\n<div class=\"link-article\">\n<p><img loading=\"lazy\" decoding=\"async\" class=\"size-full wp-image-7298 alignleft\" src=\"https:\/\/blog.holyart.it\/fr\/wp-content\/uploads\/sites\/14\/2023\/11\/Les-joueurs-de-cornemuse-les-santons-les-plus-celebres-de-la-creche-napolitaine.jpg\" alt=\"les joueurs de cornemuse les santons\" width=\"150\" height=\"99\" data-kale-share-title=\"Les plus beaux march\u00e9s de No\u00ebl en Europe\" data-kale-share-url=\"https:\/\/blog.holyart.it\/fr\/?p=7292\" \/><\/p>\n<div class=\"leggi-anche\">Lire aussi :<\/div>\n<p><strong><a href=\"https:\/\/www.holyart.fr\/blog\/noel\/les-joueurs-de-cornemuse-les-santons-les-plus-celebres-de-la-creche-napolitaine\/\">Les joueurs de cornemuse, les santons les plus c\u00e9l\u00e8bres de la cr\u00e8che napolitaine<\/a><\/strong><br \/>\nLes joueurs de cornemuse comptent parmi les personnages les plus c\u00e9l\u00e8bres et les plus aim\u00e9s de la Cr\u00e8che napolitaine. Mais comment naissent ces figures si ch\u00e8res au folklore ?<\/p>\n<\/div>\n<h2>March\u00e9s de No\u00ebl de F\u00fcssen<\/h2>\n<p>Situ\u00e9e dans le Land de la Bavi\u00e8re dans le district de Souabe, \u00e0 la fronti\u00e8re avec l\u2019Autriche, <strong>F\u00fcssen<\/strong>\u00a0est la plus belle ville de la Bavi\u00e8re et la derni\u00e8re \u00e9tape de la\u00a0<em>Romantische Strasse<\/em>.\u00a0<strong>Du 2 au 11 d\u00e9cembre<\/strong>\u00a0dans le <strong>jardin du couvent baroque de<em> Sankt Mang<\/em><\/strong>, Saint-Magne, en plein centre historique m\u00e9di\u00e9val, ont lieu depuis toujours des March\u00e9s de No\u00ebl de F\u00fcssen, entre produits artisanaux, d\u00e9corations de No\u00ebl et sp\u00e9cialit\u00e9s culinaires. Les rues de la ville sont \u00e9clair\u00e9es par des flambeaux pour cette occasion. Cela vaut le coup de visiter \u00e9galement les <strong>proches ch\u00e2teaux de Hohenschwangau<\/strong>, ancienne forteresse militaire restaur\u00e9e en style Renaissance italienne, et\u00a0<strong>Neuschwanstein<\/strong>, qui a inspir\u00e9 le Ch\u00e2teau des contes de f\u00e9es de Walt Disney.<\/p>\n<p>Vous y d\u00e9gusterez des waffels, de la raclette, du strudel de pommes et vous pourrez rencontrer Santa Klaus et les redoutables Krampus!<\/p>\n<h2>March\u00e9s de No\u00ebl de Valkenburg<\/h2>\n<p>\u00c0\u00a0<strong>Valkenburg aan de Geul<\/strong>, localit\u00e9 hollandaise dans la province du Limbourg, No\u00ebl est f\u00eat\u00e9 <strong>sous terre<\/strong> ! En effet, pr\u00e8s de la ville, c\u00e9l\u00e8bre pour ses maisons en pl\u00e2tre (<em>mergel<\/em>), il y a de nombreuses anciennes carri\u00e8res qui accueillent, entre autres choses, les march\u00e9s de No\u00ebl sur plus de 200 km de passages souterrains. <strong>Du 18 novembre au 8 janvier 2023<\/strong>, No\u00ebl \u00e0 Valkenburg redouble, c\u00e9l\u00e9br\u00e9 sous terre et dans les rues de la tr\u00e8s jolie ville. En descendant dans la <strong>Grotte<\/strong> <strong>Fluweel<\/strong>, la\u00a0<em>grotte de velours<\/em>, on peut rencontrer le P\u00e8re No\u00ebl et admirer de nombreuses pi\u00e8ces remplies de dons et de d\u00e9corations, en plus de cinquante stands de produits gastronomiques et d\u2019artisanat local. La grotte municipale de Valkenburg aan de Geul accueille par contre le <strong>march\u00e9 de No\u00ebl souterrain le plus grand et le plus ancien d\u2019Europe<\/strong>. En surface a lieu la <strong>Parade de No\u00ebl<\/strong>, avec danseurs et figurants en costume.<img loading=\"lazy\" decoding=\"async\" class=\"alignnone size-full wp-image-7299\" src=\"https:\/\/blog.holyart.it\/fr\/wp-content\/uploads\/sites\/14\/2023\/11\/Marches-de-Noel.jpg\" alt=\"marches de noel\" width=\"1000\" height=\"666\" data-kale-share-title=\"Les plus beaux march\u00e9s de No\u00ebl en Europe\" data-kale-share-url=\"https:\/\/blog.holyart.it\/fr\/?p=7292\" \/><\/p>\n<h2>March\u00e9s de No\u00ebl de Nuremberg<\/h2>\n<p><strong>Nuremberg<\/strong>\u00a0en Bavi\u00e8re vante un des\u00a0<em>Christkindlesmarkt\u00a0<\/em>les plus anciens et les plus c\u00e9l\u00e8bres du monde. <strong>Du 25 novembre 2022 au 24 d\u00e9cembre 2022<\/strong>, la ville se peuple de chalets en bois d\u00e9cor\u00e9s d\u2019innombrables d\u00e9corations traditionnelles de No\u00ebl. Le choix d\u2019<strong>utiliser bois et tissu <\/strong>pour les stands d\u00e9rive de l\u2019<strong>interdiction d\u2019utiliser des guirlandes en plastique<\/strong>. Celui qui am\u00e9nage le plus beau chalet gagne <em>Zwetschgermoh,<\/em>\u00a0un dessert en forme de ramoneur fait en p\u00e2te de prunes s\u00e9ch\u00e9es et de fruits secs. C\u2019est l\u2019<a href=\"https:\/\/www.holyart.fr\/noel\/decorations-noel-pour-la-maison\/anges-de-noel-et-objets-decoratifs\"><strong>Ange de No\u00ebl<\/strong><\/a><strong> de Nuremberg<\/strong>\u00a0(<em>Christkind<\/em>) qui inaugure, le vendredi soir pr\u00e9c\u00e9dent le premier jour de l\u2019Avent, le March\u00e9 de No\u00ebl. La statue dor\u00e9e qui le repr\u00e9sente est suspendue au-dessus de l\u2019entr\u00e9e du march\u00e9 principal, mais c\u2019est une fille d\u2019un \u00e2ge compris entre 16 et 19 ans, choisie avec une s\u00e9lection tr\u00e8s stricte, qui le personnifie et qui incarne, pendant les deux ann\u00e9es suivantes, l\u2019esprit m\u00eame de No\u00ebl. Plus de <strong>2 millions de visiteurs<\/strong> se rendent <strong>chaque ann\u00e9e<\/strong> visiter le march\u00e9 de No\u00ebl de Nuremberg, qui remonte au XVIIe si\u00e8cle et vante plus de cent chalets.<\/p>\n<div class=\"link-product\">\n<div class=\"blocco-immagine\"><img loading=\"lazy\" decoding=\"async\" class=\"size-full wp-image-7300 alignleft\" src=\"https:\/\/blog.holyart.it\/fr\/wp-content\/uploads\/sites\/14\/2023\/11\/ange-avec-guitare-cimier-26-cm-beige.jpg\" alt=\"ange avec guitare\" width=\"100\" height=\"100\" data-kale-share-title=\"Les plus beaux march\u00e9s de No\u00ebl en Europe\" data-kale-share-url=\"https:\/\/blog.holyart.it\/fr\/?p=7292\" \/><\/div>\n<div class=\"blocco-contenuto\">\n<div class=\"blocco-acquista\">Acheter sur Holyart:<\/div>\n<div class=\"blocco-titolo\"><a href=\"https:\/\/www.holyart.fr\/noel\/decorations-sapin-de-noel\/cimier-sapin-de-noel\/ange-avec-guitare-cimier-36-cm-beige-or\">Ange avec guitare cimier 36 cm beige or<\/a><\/div>\n<div class=\"blocco-descrizione\">Ange avec guitare en r\u00e9sine et tissu beige, blanc et or<\/div>\n<\/div>\n<\/div>\n<p>La nourriture traditionnelle et c\u00e9l\u00e8bre dans le monde entier se compose de pain d\u2019\u00e9pices, saucisses et\u00a0<em>Zwetschgenm\u00e4nnle<\/em>, des bonhommes faits de prunes s\u00e9ch\u00e9es et habill\u00e9s de tissu.<\/p>\n<h2>March\u00e9s de No\u00ebl de Zurich<\/h2>\n<p>Pour finir, \u00e0 <strong>Zurich<\/strong>, la principale ville suisse, <strong>du 24 novembre 2022 au 24 d\u00e9cembre 2022<\/strong> se tiennent bien <strong>quatre march\u00e9s de No\u00ebl traditionnels<\/strong>. Le\u00a0<em>Z\u00fcrcher Christkindlmarkt\u00a0<\/em>est install\u00e9 dans la <strong>Gare Centrale<\/strong> et est le plus grand, avec ses maisonnettes et l\u2019immense sapin de No\u00ebl d\u00e9cor\u00e9 de sept milles bijoux.<\/p>\n<p>Le plus ancien se trouve par contre \u00e0\u00a0<em>Niederdorf<\/em>, un des quartiers du centre historique, \u00e0 l\u2019atmosph\u00e8re incomparable.<br \/>\nLe march\u00e9 de\u00a0<em>Werdm\u00fchleplatz<\/em>, sur une petite place derri\u00e8re la Bahnhofstrasse, est petit et intimiste, mais c\u00e9l\u00e8bre pour l\u2019excellent vin chaud, le\u00a0<em>Bratwurst<\/em>, la saucisse de porc et de b\u0153uf typique de la cuisine bavaroise, et pour sa caract\u00e9ristique principale\u00a0: le <strong>Singing Christmas Tree<\/strong>, une grande sc\u00e8ne en forme de sapin de No\u00ebl o\u00f9 se produisent jusqu\u2019au 23 d\u00e9cembres des chorales provenant de toute la Suisse.<\/p>\n<p>Outre le vin chaud, les saucisses grill\u00e9es, les marrons chauds, vous pourrez y d\u00e9guster du pin d\u2019\u00e9pices, des biscuits, des pommes de terre en papillotes, du saumon fum\u00e9, des \u00e9pis de ma\u00efs grill\u00e9s, des cr\u00eapes, de la raclette, des\u00a0<em>nideltafeli<\/em>\u00a0(bonbons au beurre et au sucre), du\u00a0<em>magenbrot<\/em>\u00a0(pain aux \u00e9pices), du nougat, des macarons, des beignets aux pommes et des beignets classiques.<\/p>\n<p>META DESCRIPTION\u00a0: Les march\u00e9s de No\u00ebl en Europe attirent chaque ann\u00e9e des millions de visiteurs et de curieux. Des villages \u00e0 l\u2019atmosph\u00e8re unique au c\u0153ur des villes modernes.<\/p>\n","protected":false},"excerpt":{"rendered":"<p>Chalets \u00e9clair\u00e9s par des lumi\u00e8res color\u00e9es, des produits artisanaux, des sp\u00e9cialit\u00e9s gastronomiques, des d\u00e9fil\u00e9s et de la musique. L\u2019atmosph\u00e8re des march\u00e9s de No\u00ebl en Europe est une magie incontournable pour les F\u00eates. Comme ils sont beaux les march\u00e9s de No\u00ebl ! Quand les places d\u2019Europe&hellip;<\/p>\n","protected":false},"author":1,"featured_media":7293,"comment_status":"closed","ping_status":"open","sticky":false,"template":"","format":"standard","meta":{"_acf_changed":false,"footnotes":""},"categories":[8],"tags":[],"class_list":["post-7292","post","type-post","status-publish","format-standard","has-post-thumbnail","hentry","category-articles-religieux"],"acf":[],"yoast_head":"<!-- This site is optimized with the Yoast SEO plugin v26.6 - https:\/\/yoast.com\/wordpress\/plugins\/seo\/ -->\n<title>Les plus beaux march\u00e9s de No\u00ebl en Europe - Holyart.fr Blog<\/title>\n<meta name=\"description\" content=\"Les march\u00e9s de No\u00ebl en Europe attirent chaque ann\u00e9e des millions de visiteurs et de curieux. Des villages \u00e0 l\u2019atmosph\u00e8re unique...\" \/>\n<meta name=\"robots\" content=\"index, follow, max-snippet:-1, max-image-preview:large, max-video-preview:-1\" \/>\n<link rel=\"canonical\" href=\"https:\/\/blog.holyart.it\/fr\/articles-religieux\/les-plus-beaux-marches-de-noel-en-europe\/\" \/>\n<meta property=\"og:locale\" content=\"fr_FR\" \/>\n<meta property=\"og:type\" content=\"article\" \/>\n<meta property=\"og:title\" content=\"Les plus beaux march\u00e9s de No\u00ebl en Europe - Holyart.fr Blog\" \/>\n<meta property=\"og:description\" content=\"Les march\u00e9s de No\u00ebl en Europe attirent chaque ann\u00e9e des millions de visiteurs et de curieux. Des villages \u00e0 l\u2019atmosph\u00e8re unique...\" \/>\n<meta property=\"og:url\" content=\"https:\/\/blog.holyart.it\/fr\/articles-religieux\/les-plus-beaux-marches-de-noel-en-europe\/\" \/>\n<meta property=\"og:site_name\" content=\"Holyart.fr Blog\" \/>\n<meta property=\"article:published_time\" content=\"2023-11-15T09:00:44+00:00\" \/>\n<meta property=\"article:modified_time\" content=\"2024-12-13T10:58:29+00:00\" \/>\n<meta property=\"og:image\" content=\"https:\/\/blog.holyart.it\/fr\/wp-content\/uploads\/sites\/14\/2023\/11\/Marches-de-Noel-en-Europe.jpg\" \/>\n\t<meta property=\"og:image:width\" content=\"1000\" \/>\n\t<meta property=\"og:image:height\" content=\"666\" \/>\n\t<meta property=\"og:image:type\" content=\"image\/jpeg\" \/>\n<meta name=\"author\" content=\"Redazione\" \/>\n<meta name=\"twitter:card\" content=\"summary_large_image\" \/>\n<meta name=\"twitter:label1\" content=\"\u00c9crit par\" \/>\n\t<meta name=\"twitter:data1\" content=\"Redazione\" \/>\n\t<meta name=\"twitter:label2\" content=\"Dur\u00e9e de lecture estim\u00e9e\" \/>\n\t<meta name=\"twitter:data2\" content=\"11 minutes\" \/>\n<script type=\"application\/ld+json\" class=\"yoast-schema-graph\">{\"@context\":\"https:\/\/schema.org\",\"@graph\":[{\"@type\":\"Article\",\"@id\":\"https:\/\/blog.holyart.it\/fr\/articles-religieux\/les-plus-beaux-marches-de-noel-en-europe\/#article\",\"isPartOf\":{\"@id\":\"https:\/\/blog.holyart.it\/fr\/articles-religieux\/les-plus-beaux-marches-de-noel-en-europe\/\"},\"author\":{\"name\":\"Redazione\",\"@id\":\"https:\/\/blog.holyart.it\/fr\/#\/schema\/person\/0a7b686e5af0f856ec1e390dd0baecda\"},\"headline\":\"Les plus beaux march\u00e9s de No\u00ebl en Europe\",\"datePublished\":\"2023-11-15T09:00:44+00:00\",\"dateModified\":\"2024-12-13T10:58:29+00:00\",\"mainEntityOfPage\":{\"@id\":\"https:\/\/blog.holyart.it\/fr\/articles-religieux\/les-plus-beaux-marches-de-noel-en-europe\/\"},\"wordCount\":1990,\"publisher\":{\"@id\":\"https:\/\/blog.holyart.it\/fr\/#organization\"},\"image\":{\"@id\":\"https:\/\/blog.holyart.it\/fr\/articles-religieux\/les-plus-beaux-marches-de-noel-en-europe\/#primaryimage\"},\"thumbnailUrl\":\"https:\/\/blog.holyart.it\/fr\/wp-content\/uploads\/sites\/14\/2023\/11\/Marches-de-Noel-en-Europe.jpg\",\"articleSection\":[\"Religion\"],\"inLanguage\":\"fr-FR\"},{\"@type\":\"WebPage\",\"@id\":\"https:\/\/blog.holyart.it\/fr\/articles-religieux\/les-plus-beaux-marches-de-noel-en-europe\/\",\"url\":\"https:\/\/blog.holyart.it\/fr\/articles-religieux\/les-plus-beaux-marches-de-noel-en-europe\/\",\"name\":\"Les plus beaux march\u00e9s de No\u00ebl en Europe - Holyart.fr Blog\",\"isPartOf\":{\"@id\":\"https:\/\/blog.holyart.it\/fr\/#website\"},\"primaryImageOfPage\":{\"@id\":\"https:\/\/blog.holyart.it\/fr\/articles-religieux\/les-plus-beaux-marches-de-noel-en-europe\/#primaryimage\"},\"image\":{\"@id\":\"https:\/\/blog.holyart.it\/fr\/articles-religieux\/les-plus-beaux-marches-de-noel-en-europe\/#primaryimage\"},\"thumbnailUrl\":\"https:\/\/blog.holyart.it\/fr\/wp-content\/uploads\/sites\/14\/2023\/11\/Marches-de-Noel-en-Europe.jpg\",\"datePublished\":\"2023-11-15T09:00:44+00:00\",\"dateModified\":\"2024-12-13T10:58:29+00:00\",\"description\":\"Les march\u00e9s de No\u00ebl en Europe attirent chaque ann\u00e9e des millions de visiteurs et de curieux. Des villages \u00e0 l\u2019atmosph\u00e8re unique...\",\"breadcrumb\":{\"@id\":\"https:\/\/blog.holyart.it\/fr\/articles-religieux\/les-plus-beaux-marches-de-noel-en-europe\/#breadcrumb\"},\"inLanguage\":\"fr-FR\",\"potentialAction\":[{\"@type\":\"ReadAction\",\"target\":[\"https:\/\/blog.holyart.it\/fr\/articles-religieux\/les-plus-beaux-marches-de-noel-en-europe\/\"]}]},{\"@type\":\"ImageObject\",\"inLanguage\":\"fr-FR\",\"@id\":\"https:\/\/blog.holyart.it\/fr\/articles-religieux\/les-plus-beaux-marches-de-noel-en-europe\/#primaryimage\",\"url\":\"https:\/\/blog.holyart.it\/fr\/wp-content\/uploads\/sites\/14\/2023\/11\/Marches-de-Noel-en-Europe.jpg\",\"contentUrl\":\"https:\/\/blog.holyart.it\/fr\/wp-content\/uploads\/sites\/14\/2023\/11\/Marches-de-Noel-en-Europe.jpg\",\"width\":1000,\"height\":666,\"caption\":\"Marches de Noel en Europe\"},{\"@type\":\"BreadcrumbList\",\"@id\":\"https:\/\/blog.holyart.it\/fr\/articles-religieux\/les-plus-beaux-marches-de-noel-en-europe\/#breadcrumb\",\"itemListElement\":[{\"@type\":\"ListItem\",\"position\":1,\"name\":\"Homepage\",\"item\":\"https:\/\/blog.holyart.it\/fr\/\"},{\"@type\":\"ListItem\",\"position\":2,\"name\":\"Religion\",\"item\":\"https:\/\/blog.holyart.it\/fr\/articles-religieux\/\"},{\"@type\":\"ListItem\",\"position\":3,\"name\":\"Les plus beaux march\u00e9s de No\u00ebl en Europe\"}]},{\"@type\":\"WebSite\",\"@id\":\"https:\/\/blog.holyart.it\/fr\/#website\",\"url\":\"https:\/\/blog.holyart.it\/fr\/\",\"name\":\"Holyart.fr Blog\",\"description\":\"Holyblog\",\"publisher\":{\"@id\":\"https:\/\/blog.holyart.it\/fr\/#organization\"},\"potentialAction\":[{\"@type\":\"SearchAction\",\"target\":{\"@type\":\"EntryPoint\",\"urlTemplate\":\"https:\/\/blog.holyart.it\/fr\/?s={search_term_string}\"},\"query-input\":{\"@type\":\"PropertyValueSpecification\",\"valueRequired\":true,\"valueName\":\"search_term_string\"}}],\"inLanguage\":\"fr-FR\"},{\"@type\":\"Organization\",\"@id\":\"https:\/\/blog.holyart.it\/fr\/#organization\",\"name\":\"Holyart.fr Blog\",\"url\":\"https:\/\/blog.holyart.it\/fr\/\",\"logo\":{\"@type\":\"ImageObject\",\"inLanguage\":\"fr-FR\",\"@id\":\"https:\/\/blog.holyart.it\/fr\/#\/schema\/logo\/image\/\",\"url\":\"https:\/\/blog.holyart.it\/fr\/wp-content\/uploads\/sites\/14\/2022\/12\/Holyart_Blog_Logo.jpg\",\"contentUrl\":\"https:\/\/blog.holyart.it\/fr\/wp-content\/uploads\/sites\/14\/2022\/12\/Holyart_Blog_Logo.jpg\",\"width\":300,\"height\":50,\"caption\":\"Holyart.fr Blog\"},\"image\":{\"@id\":\"https:\/\/blog.holyart.it\/fr\/#\/schema\/logo\/image\/\"}},{\"@type\":\"Person\",\"@id\":\"https:\/\/blog.holyart.it\/fr\/#\/schema\/person\/0a7b686e5af0f856ec1e390dd0baecda\",\"name\":\"Redazione\",\"image\":{\"@type\":\"ImageObject\",\"inLanguage\":\"fr-FR\",\"@id\":\"https:\/\/blog.holyart.it\/fr\/#\/schema\/person\/image\/\",\"url\":\"https:\/\/secure.gravatar.com\/avatar\/f477da817f43e50d0af36abecd33e3edf826c68299714bdc1057dff3b113f516?s=96&d=mm&r=g\",\"contentUrl\":\"https:\/\/secure.gravatar.com\/avatar\/f477da817f43e50d0af36abecd33e3edf826c68299714bdc1057dff3b113f516?s=96&d=mm&r=g\",\"caption\":\"Redazione\"},\"url\":\"https:\/\/blog.holyart.it\/fr\/author\/admin\/\"}]}<\/script>\n<!-- \/ Yoast SEO plugin. -->","yoast_head_json":{"title":"Les plus beaux march\u00e9s de No\u00ebl en Europe - Holyart.fr Blog","description":"Les march\u00e9s de No\u00ebl en Europe attirent chaque ann\u00e9e des millions de visiteurs et de curieux. Des villages \u00e0 l\u2019atmosph\u00e8re unique...","robots":{"index":"index","follow":"follow","max-snippet":"max-snippet:-1","max-image-preview":"max-image-preview:large","max-video-preview":"max-video-preview:-1"},"canonical":"https:\/\/blog.holyart.it\/fr\/articles-religieux\/les-plus-beaux-marches-de-noel-en-europe\/","og_locale":"fr_FR","og_type":"article","og_title":"Les plus beaux march\u00e9s de No\u00ebl en Europe - Holyart.fr Blog","og_description":"Les march\u00e9s de No\u00ebl en Europe attirent chaque ann\u00e9e des millions de visiteurs et de curieux. Des villages \u00e0 l\u2019atmosph\u00e8re unique...","og_url":"https:\/\/blog.holyart.it\/fr\/articles-religieux\/les-plus-beaux-marches-de-noel-en-europe\/","og_site_name":"Holyart.fr Blog","article_published_time":"2023-11-15T09:00:44+00:00","article_modified_time":"2024-12-13T10:58:29+00:00","og_image":[{"width":1000,"height":666,"url":"https:\/\/blog.holyart.it\/fr\/wp-content\/uploads\/sites\/14\/2023\/11\/Marches-de-Noel-en-Europe.jpg","type":"image\/jpeg"}],"author":"Redazione","twitter_card":"summary_large_image","twitter_misc":{"\u00c9crit par":"Redazione","Dur\u00e9e de lecture estim\u00e9e":"11 minutes"},"schema":{"@context":"https:\/\/schema.org","@graph":[{"@type":"Article","@id":"https:\/\/blog.holyart.it\/fr\/articles-religieux\/les-plus-beaux-marches-de-noel-en-europe\/#article","isPartOf":{"@id":"https:\/\/blog.holyart.it\/fr\/articles-religieux\/les-plus-beaux-marches-de-noel-en-europe\/"},"author":{"name":"Redazione","@id":"https:\/\/blog.holyart.it\/fr\/#\/schema\/person\/0a7b686e5af0f856ec1e390dd0baecda"},"headline":"Les plus beaux march\u00e9s de No\u00ebl en Europe","datePublished":"2023-11-15T09:00:44+00:00","dateModified":"2024-12-13T10:58:29+00:00","mainEntityOfPage":{"@id":"https:\/\/blog.holyart.it\/fr\/articles-religieux\/les-plus-beaux-marches-de-noel-en-europe\/"},"wordCount":1990,"publisher":{"@id":"https:\/\/blog.holyart.it\/fr\/#organization"},"image":{"@id":"https:\/\/blog.holyart.it\/fr\/articles-religieux\/les-plus-beaux-marches-de-noel-en-europe\/#primaryimage"},"thumbnailUrl":"https:\/\/blog.holyart.it\/fr\/wp-content\/uploads\/sites\/14\/2023\/11\/Marches-de-Noel-en-Europe.jpg","articleSection":["Religion"],"inLanguage":"fr-FR"},{"@type":"WebPage","@id":"https:\/\/blog.holyart.it\/fr\/articles-religieux\/les-plus-beaux-marches-de-noel-en-europe\/","url":"https:\/\/blog.holyart.it\/fr\/articles-religieux\/les-plus-beaux-marches-de-noel-en-europe\/","name":"Les plus beaux march\u00e9s de No\u00ebl en Europe - Holyart.fr Blog","isPartOf":{"@id":"https:\/\/blog.holyart.it\/fr\/#website"},"primaryImageOfPage":{"@id":"https:\/\/blog.holyart.it\/fr\/articles-religieux\/les-plus-beaux-marches-de-noel-en-europe\/#primaryimage"},"image":{"@id":"https:\/\/blog.holyart.it\/fr\/articles-religieux\/les-plus-beaux-marches-de-noel-en-europe\/#primaryimage"},"thumbnailUrl":"https:\/\/blog.holyart.it\/fr\/wp-content\/uploads\/sites\/14\/2023\/11\/Marches-de-Noel-en-Europe.jpg","datePublished":"2023-11-15T09:00:44+00:00","dateModified":"2024-12-13T10:58:29+00:00","description":"Les march\u00e9s de No\u00ebl en Europe attirent chaque ann\u00e9e des millions de visiteurs et de curieux. Des villages \u00e0 l\u2019atmosph\u00e8re unique...","breadcrumb":{"@id":"https:\/\/blog.holyart.it\/fr\/articles-religieux\/les-plus-beaux-marches-de-noel-en-europe\/#breadcrumb"},"inLanguage":"fr-FR","potentialAction":[{"@type":"ReadAction","target":["https:\/\/blog.holyart.it\/fr\/articles-religieux\/les-plus-beaux-marches-de-noel-en-europe\/"]}]},{"@type":"ImageObject","inLanguage":"fr-FR","@id":"https:\/\/blog.holyart.it\/fr\/articles-religieux\/les-plus-beaux-marches-de-noel-en-europe\/#primaryimage","url":"https:\/\/blog.holyart.it\/fr\/wp-content\/uploads\/sites\/14\/2023\/11\/Marches-de-Noel-en-Europe.jpg","contentUrl":"https:\/\/blog.holyart.it\/fr\/wp-content\/uploads\/sites\/14\/2023\/11\/Marches-de-Noel-en-Europe.jpg","width":1000,"height":666,"caption":"Marches de Noel en Europe"},{"@type":"BreadcrumbList","@id":"https:\/\/blog.holyart.it\/fr\/articles-religieux\/les-plus-beaux-marches-de-noel-en-europe\/#breadcrumb","itemListElement":[{"@type":"ListItem","position":1,"name":"Homepage","item":"https:\/\/blog.holyart.it\/fr\/"},{"@type":"ListItem","position":2,"name":"Religion","item":"https:\/\/blog.holyart.it\/fr\/articles-religieux\/"},{"@type":"ListItem","position":3,"name":"Les plus beaux march\u00e9s de No\u00ebl en Europe"}]},{"@type":"WebSite","@id":"https:\/\/blog.holyart.it\/fr\/#website","url":"https:\/\/blog.holyart.it\/fr\/","name":"Holyart.fr Blog","description":"Holyblog","publisher":{"@id":"https:\/\/blog.holyart.it\/fr\/#organization"},"potentialAction":[{"@type":"SearchAction","target":{"@type":"EntryPoint","urlTemplate":"https:\/\/blog.holyart.it\/fr\/?s={search_term_string}"},"query-input":{"@type":"PropertyValueSpecification","valueRequired":true,"valueName":"search_term_string"}}],"inLanguage":"fr-FR"},{"@type":"Organization","@id":"https:\/\/blog.holyart.it\/fr\/#organization","name":"Holyart.fr Blog","url":"https:\/\/blog.holyart.it\/fr\/","logo":{"@type":"ImageObject","inLanguage":"fr-FR","@id":"https:\/\/blog.holyart.it\/fr\/#\/schema\/logo\/image\/","url":"https:\/\/blog.holyart.it\/fr\/wp-content\/uploads\/sites\/14\/2022\/12\/Holyart_Blog_Logo.jpg","contentUrl":"https:\/\/blog.holyart.it\/fr\/wp-content\/uploads\/sites\/14\/2022\/12\/Holyart_Blog_Logo.jpg","width":300,"height":50,"caption":"Holyart.fr Blog"},"image":{"@id":"https:\/\/blog.holyart.it\/fr\/#\/schema\/logo\/image\/"}},{"@type":"Person","@id":"https:\/\/blog.holyart.it\/fr\/#\/schema\/person\/0a7b686e5af0f856ec1e390dd0baecda","name":"Redazione","image":{"@type":"ImageObject","inLanguage":"fr-FR","@id":"https:\/\/blog.holyart.it\/fr\/#\/schema\/person\/image\/","url":"https:\/\/secure.gravatar.com\/avatar\/f477da817f43e50d0af36abecd33e3edf826c68299714bdc1057dff3b113f516?s=96&d=mm&r=g","contentUrl":"https:\/\/secure.gravatar.com\/avatar\/f477da817f43e50d0af36abecd33e3edf826c68299714bdc1057dff3b113f516?s=96&d=mm&r=g","caption":"Redazione"},"url":"https:\/\/blog.holyart.it\/fr\/author\/admin\/"}]}},"_links":{"self":[{"href":"https:\/\/blog.holyart.it\/fr\/wp-json\/wp\/v2\/posts\/7292","targetHints":{"allow":["GET"]}}],"collection":[{"href":"https:\/\/blog.holyart.it\/fr\/wp-json\/wp\/v2\/posts"}],"about":[{"href":"https:\/\/blog.holyart.it\/fr\/wp-json\/wp\/v2\/types\/post"}],"author":[{"embeddable":true,"href":"https:\/\/blog.holyart.it\/fr\/wp-json\/wp\/v2\/users\/1"}],"replies":[{"embeddable":true,"href":"https:\/\/blog.holyart.it\/fr\/wp-json\/wp\/v2\/comments?post=7292"}],"version-history":[{"count":6,"href":"https:\/\/blog.holyart.it\/fr\/wp-json\/wp\/v2\/posts\/7292\/revisions"}],"predecessor-version":[{"id":7306,"href":"https:\/\/blog.holyart.it\/fr\/wp-json\/wp\/v2\/posts\/7292\/revisions\/7306"}],"wp:featuredmedia":[{"embeddable":true,"href":"https:\/\/blog.holyart.it\/fr\/wp-json\/wp\/v2\/media\/7293"}],"wp:attachment":[{"href":"https:\/\/blog.holyart.it\/fr\/wp-json\/wp\/v2\/media?parent=7292"}],"wp:term":[{"taxonomy":"category","embeddable":true,"href":"https:\/\/blog.holyart.it\/fr\/wp-json\/wp\/v2\/categories?post=7292"},{"taxonomy":"post_tag","embeddable":true,"href":"https:\/\/blog.holyart.it\/fr\/wp-json\/wp\/v2\/tags?post=7292"}],"curies":[{"name":"wp","href":"https:\/\/api.w.org\/{rel}","templated":true}]}}