{"id":7212,"date":"2023-11-08T10:00:50","date_gmt":"2023-11-08T09:00:50","guid":{"rendered":"https:\/\/blog.holyart.it\/fr\/?p=7212"},"modified":"2025-11-17T10:49:28","modified_gmt":"2025-11-17T09:49:28","slug":"espace-style-materiel-les-differents-modeles-de-creche-en-fonction-de-vos-exigences","status":"publish","type":"post","link":"https:\/\/blog.holyart.it\/fr\/noel\/espace-style-materiel-les-differents-modeles-de-creche-en-fonction-de-vos-exigences\/","title":{"rendered":"Espace, style, mat\u00e9riel : les diff\u00e9rents mod\u00e8les de cr\u00e8che en fonction de vos exigences"},"content":{"rendered":"<h4>Cr\u00e8ches en miniature ou de grandes dimensions, santons en terre cuite, porcelaine, m\u00e9tal. Plein de mod\u00e8les de Cr\u00e8che pour chaque exigence et go\u00fbt pour une tradition mill\u00e9naire.<\/h4>\n\n<p>Qui n\u2019aime pas installer <a href=\"https:\/\/www.holyart.fr\/noel\/creches-noel\"><strong>la Cr\u00e8che<\/strong><\/a> ? Qui est n\u00e9 et a grandi dans notre pays a appris \u00e0 conna\u00eetre et \u00e0 aimer cette tradition d\u00e8s son enfance. No\u00ebl n\u2019est pas No\u00ebl sans le <a href=\"https:\/\/www.holyart.fr\/noel\/sapins-de-noel\"><strong>Sapin de No\u00ebl<\/strong><\/a> et la Cr\u00e8che. En latin on utilisait de mani\u00e8re interchangeable les deux termes <em>praesaepe<\/em> et <em>praesepium<\/em>, indiquant tous les deux la <strong>mangeoire<\/strong> o\u00f9 J\u00e9sus fut d\u00e9pos\u00e9 \u00e0 sa naissance. En peu de temps le terme a commenc\u00e9 \u00e0 d\u00e9signer la <a href=\"https:\/\/www.holyart.fr\/noel\/nativite\"><strong>sc\u00e8ne de la Nativit\u00e9<\/strong><\/a> tout enti\u00e8re, que la Cr\u00e8che tente d\u2019\u00e9muler. Depuis lors, au cours des si\u00e8cles, la tradition a grandi et s\u2019est d\u00e9velopp\u00e9e jusqu\u2019\u00e0 atteindre de nouvelles formes tr\u00e8s vari\u00e9es. Aujourd\u2019hui nous comptons de nombreux mod\u00e8les de Cr\u00e8che diff\u00e9rents entre eux en termes de styles, mat\u00e9riaux et d\u00e9cor. Mais loin d\u2019appauvrir la force de ce <strong>symbole de d\u00e9votion et de foi<\/strong>, les diff\u00e9rents types de Cr\u00e8che sont devenus au cours du temps une manifestation encore plus intense et authentique de cette pratique s\u00e9culaire. Si les premi\u00e8res Cr\u00e8ches, \u00e0 partir de celle install\u00e9e par <strong><u>Saint Fran\u00e7ois \u00e0 Greccio<\/u><\/strong> en 1223, \u00e9taient tr\u00e8s simples, minimalistes, avec une grotte, une mangeoire, la Sainte Famille chauff\u00e9e par un b\u0153uf et un \u00e2ne, avec le temps, et surtout \u00e0 partir du XVIIe si\u00e8cle, des d\u00e9tails, des personnages, des sc\u00e8nes de vie quotidienne d\u2019\u00e9poques et de d\u00e9cors diff\u00e9rents furent rajout\u00e9s.<\/p>\n<div class=\"link-product\">\n<div class=\"blocco-immagine\"><img loading=\"lazy\" decoding=\"async\" class=\"size-full wp-image-7216 alignleft\" src=\"https:\/\/blog.holyart.it\/fr\/wp-content\/uploads\/sites\/14\/2023\/11\/Scene-Nativite-avec-grotte-20-cm-resine.jpg\" alt=\"Sc\u00e8ne Nativit\u00e9 avec grotte 20 cm r\u00e9sine\" width=\"100\" height=\"100\" data-kale-share-title=\"Espace, style, mat\u00e9riel : les diff\u00e9rents mod\u00e8les de cr\u00e8che en fonction de vos exigences\" data-kale-share-url=\"https:\/\/blog.holyart.it\/fr\/?p=7212\" \/><\/div>\n<div class=\"blocco-contenuto\">\n<div class=\"blocco-acquista\">Acheter sur Holyart:<\/div>\n<div class=\"blocco-titolo\"><a href=\"https:\/\/www.holyart.fr\/noel\/nativite\/scene-nativite-avec-grotte-20-cm-resine?_gl=1*goasi6*_gcl_aw*R0NMLjE2OTkzNDQyMDguQ2owS0NRanc4cW1oQmhDbEFSSXNBTkF0Ym9mZ21KMm85dkV5S0JjLUdLUWIweWFCLU9EekR0N1ZQV2hnY1g4WW96M2haNGVTR0JkUjR1d2FBZzZrRUFMd193Y0I.*_gcl_au*MzQ2MTAxMTM4LjE2OTc4MDc3MzQ.*_ga*MjAyODIwNTUzOS4xNjgwNTA1OTc3*_ga_W18MV136NH*MTY5OTM1Mjg3NC4xNDUuMS4xNjk5MzU3ODgxLjAuMC4w\">Sc\u00e8ne Nativit\u00e9 avec grotte 20 cm r\u00e9sine<\/a><\/div>\n<div class=\"blocco-descrizione\">Sc\u00e8ne Nativit\u00e9 avec grotte 20,5 cm r\u00e9sine. Nativit\u00e9 en r\u00e9sine compos\u00e9 de Saint Joseph avec une lanterne&#8230;<\/div>\n<\/div>\n<\/div>\n<p>Aujourd\u2019hui nous pouvons choisir parmi de <strong>nombreux mod\u00e8les de Cr\u00e8che diff\u00e9rents<\/strong>, en fonction d\u2019une s\u00e9rie de variables avant tout li\u00e9es \u00e0 notre go\u00fbt et \u00e0 notre sensibilit\u00e9, mais aussi aux d\u00e9tails logistiques. <strong>De combien d\u2019espace pouvons nous disposer<\/strong> pour installer notre Cr\u00e8che compl\u00e8te\u00a0? Il y a des Cr\u00e8ches miniatures, avec des santons de quelques centim\u00e8tres seulement, qui peuvent \u00eatre install\u00e9es dans des espaces tr\u00e8s r\u00e9duits, et des Cr\u00e8ches qui occupent des pi\u00e8ces enti\u00e8res, avec des d\u00e9cors complexes et tr\u00e8s riches en personnages, sc\u00e8nes et d\u00e9tails pittoresques.<\/p>\n<p>En fonction de l\u2019espace \u00e0 disposition pour l\u2019installation, vous pourrez ensuite d\u00e9cider de <strong>combien de <\/strong><a href=\"https:\/\/www.holyart.fr\/noel\/santons-creche\"><strong>santons<\/strong><\/a> vous aurez besoin. Il y a des Cr\u00e8ches compos\u00e9es uniquement de la Sainte Famille, du b\u0153uf et de l\u2019\u00e2ne, et d\u2019autres avec des dizaines de personnages, statues de Cr\u00e8ches de grandes dimensions, adapt\u00e9es pour des installations importantes, m\u00eame \u00e0 l\u2019ext\u00e9rieur, ou des petites Cr\u00e8ches compl\u00e8tes qui peuvent \u00eatre arrang\u00e9es facilement dans une bo\u00eete ou sur une \u00e9tag\u00e8re.<\/p>\n<div class=\"link-product\">\n<div class=\"blocco-immagine\"><img loading=\"lazy\" decoding=\"async\" class=\"size-full wp-image-7219 alignleft\" src=\"https:\/\/blog.holyart.it\/fr\/wp-content\/uploads\/sites\/14\/2023\/11\/Santons-creche.jpg\" alt=\"Santons cr\u00e8che\" width=\"100\" height=\"100\" data-kale-share-title=\"Espace, style, mat\u00e9riel : les diff\u00e9rents mod\u00e8les de cr\u00e8che en fonction de vos exigences\" data-kale-share-url=\"https:\/\/blog.holyart.it\/fr\/?p=7212\" \/><\/div>\n<div class=\"blocco-contenuto\">\n<div class=\"blocco-acquista\">Acheter sur Holyart:<\/div>\n<div class=\"blocco-titolo\"><a href=\"https:\/\/www.holyart.fr\/noel\/santons-creche?page=1&amp;_gl=1*6fqe80*_gcl_aw*R0NMLjE2OTkzNDQyMDguQ2owS0NRanc4cW1oQmhDbEFSSXNBTkF0Ym9mZ21KMm85dkV5S0JjLUdLUWIweWFCLU9EekR0N1ZQV2hnY1g4WW96M2haNGVTR0JkUjR1d2FBZzZrRUFMd193Y0I.*_gcl_au*MzQ2MTAxMTM4LjE2OTc4MDc3MzQ.*_ga*MjAyODIwNTUzOS4xNjgwNTA1OTc3*_ga_W18MV136NH*MTY5OTM1Mjg3NC4xNDUuMS4xNjk5MzU4Mzc2LjAuMC4w\">Santons cr\u00e8che<\/a><\/div>\n<div class=\"blocco-descrizione\">santons en terre cuite, r\u00e9sine, bois, plastique&#8230;<\/div>\n<\/div>\n<\/div>\n<p>Un autre \u00e9l\u00e9ment \u00e0 ne pas sous-estimer, outre \u00e0 la place de l\u2019installation, est le <strong>mat\u00e9riel<\/strong> que vous pouvez ou ne pouvez pas utiliser. Si dans la maison il y a des enfants en bas \u00e2ge ou des animaux domestiques, il sera pr\u00e9f\u00e9rable \u00e9viter des <strong>mat\u00e9riaux trop fragiles et d\u00e9licats<\/strong>, comme la terre cuite, la c\u00e9ramique ou le papier-m\u00e2ch\u00e9, voire des mat\u00e9riaux <strong>dangereux<\/strong>, comme certaines substances chimiques utilis\u00e9es pour la neige artificielle, nocives si ing\u00e9r\u00e9es par chiens et chats. Mieux vaut choisir une Cr\u00e8che en <strong>r\u00e9sine, plastique ou bois<\/strong>, belles et r\u00e9sistantes. Dans le pire des cas, si vous avez des enfants en bas \u00e2ge ou des animaux turbulents, vous vous retrouverez avec des moutons lanc\u00e9s dans des endroits improbables de la pi\u00e8ce, mais vous passerez une No\u00ebl sereine et tranquille.<\/p>\n<p>Les Cr\u00e8ches varient ensuite par <strong>typologie<\/strong>. Vous pouvez choisir une Cr\u00e8che classique, qui \u00e9voque un d\u00e9cor arabo-palestinien, semblable \u00e0 la Bethl\u00e9em de l\u2019\u00e9poque de J\u00e9sus, ou une Cr\u00e8che napolitaine, o\u00f9 revivent personnages et m\u00e9tiers de la Naples du XVIIe si\u00e8cle.<\/p>\n<p>Dans le e-store Holyart vous trouverez un ample choix de <a href=\"https:\/\/www.holyart.fr\/noel\/creches-noel\"><strong>Cr\u00e8ches<\/strong><\/a> en tout genre, adapt\u00e9es \u00e0 tous les go\u00fbts, \u00e0 chaque style d\u2019ameublement et \u00e0 chaque maison. Disponibles en diff\u00e9rents mod\u00e8les et mat\u00e9riaux, elles offrent des solutions compl\u00e8tes ou \u00e0 composer, pour Cr\u00e8ches grandes ou petites, avec des groupes de figurines, des b\u00e2timents, des accessoires en tout genre.<\/p>\n<div class=\"link-product\">\n<div class=\"blocco-immagine\"><img loading=\"lazy\" decoding=\"async\" class=\"size-full wp-image-7221 alignleft\" src=\"https:\/\/blog.holyart.it\/fr\/wp-content\/uploads\/sites\/14\/2023\/11\/Creches-Noel.jpg\" alt=\"Cr\u00e8ches No\u00ebl\" width=\"100\" height=\"100\" data-kale-share-title=\"Espace, style, mat\u00e9riel : les diff\u00e9rents mod\u00e8les de cr\u00e8che en fonction de vos exigences\" data-kale-share-url=\"https:\/\/blog.holyart.it\/fr\/?p=7212\" \/><\/div>\n<div class=\"blocco-contenuto\">\n<div class=\"blocco-acquista\">Acheter sur Holyart:<\/div>\n<div class=\"blocco-titolo\"><a href=\"https:\/\/www.holyart.fr\/noel\/creches-noel?_gl=1*1ptu58k*_gcl_aw*R0NMLjE2OTkzNDQyMDguQ2owS0NRanc4cW1oQmhDbEFSSXNBTkF0Ym9mZ21KMm85dkV5S0JjLUdLUWIweWFCLU9EekR0N1ZQV2hnY1g4WW96M2haNGVTR0JkUjR1d2FBZzZrRUFMd193Y0I.*_gcl_au*MzQ2MTAxMTM4LjE2OTc4MDc3MzQ.*_ga*MjAyODIwNTUzOS4xNjgwNTA1OTc3*_ga_W18MV136NH*MTY5OTM2MjQ2NS4xNDYuMC4xNjk5MzYyNDY1LjAuMC4w\">Cr\u00e8ches No\u00ebl<\/a><\/div>\n<div class=\"blocco-descrizione\">Cr\u00e8ches No\u00ebl en bois, pierre, terre cuite et m\u00eame plus&#8230;<\/div>\n<\/div>\n<\/div>\n<h2>\u00a0Cr\u00e8che arabo-palestinienne<\/h2>\n<p>La Cr\u00e8che arabo-palestinienne refl\u00e8te le <strong><u>v\u00e9ritable d\u00e9cor de la Nativit\u00e9<\/u><\/strong>. Selon les \u00c9vangiles, J\u00e9sus naquit \u00e0 Bethl\u00e9em, dans l\u2019actuelle Palestine, environ 10 km au sud de J\u00e9rusalem, la m\u00eame ville o\u00f9 David \u00e9tait n\u00e9 et o\u00f9 on disait que le Messie serait n\u00e9.<\/p>\n<p>Le <a href=\"https:\/\/www.holyart.fr\/noel\/creches-noel\/creche-arabo-palestinienne\"><strong>d\u00e9cor arabe<\/strong><\/a> est donc <strong>le plus proche au sc\u00e9nario o\u00f9 J\u00e9sus est n\u00e9<\/strong>, entre les dunes de sables, oasis avec palmiers sous un vaste ciel \u00e9toil\u00e9, mais aussi minarets, petites bourgades cramponn\u00e9es \u00e0 des rochers, march\u00e9s compos\u00e9s d\u2019\u00e9tales et de boutiques, maisons blanches avec arcs et d\u00f4mes. Dans une Cr\u00e8che arabe, les santons aussi devront \u00eatre habill\u00e9s avec des habits typiques de l\u2019\u00e9poque et de la r\u00e9gion, avec tuniques, robes amples et flottantes, pieds nus ou avec des simples sandales.<\/p>\n<div class=\"sp-styles-warning\" style=\"width: 450px; background-color: #FFF; color: #F00; border: 1px solid #F00; padding: 10px; font-size: 14px;\">\n\t\t\t<span style=\"font-weight: bold;\">Warning: The stylesheets were not loaded!<\/span> \n\t\t\tYou will need to change the <i>Load stylesheets<\/i> setting from <i>Automatically<\/i> to <i>On homepage<\/i> or <i>On all pages<\/i>. \n\t\t\tYou can set that <a style=\"text-decoration: underline; color: #F00;\" href=\"https:\/\/blog.holyart.it\/fr\/wp-admin\/admin.php?page=sliderpro-settings\">here<\/a>.\n\t\t\t<\/div>\r\n<div id=\"slider-pro-112\" class=\"slider-pro sp-no-js\" style=\"width: 500px; height: 500px;\">\r\n\t<div class=\"sp-slides\">\r\n\t\t\r\n\t\t<div class=\"sp-slide\">\r\n\t\t\t<img loading=\"lazy\" decoding=\"async\" class=\"sp-image\" src=\"https:\/\/blog.holyart.it\/fr\/wp-content\/uploads\/sites\/14\/2023\/11\/Creche-arabe-marche-santons-bergers-Moranduzzo-10-cm-35x50x40-cm.jpg\" alt=\"Cr\u00e8che arabe march\u00e9 santons bergers Moranduzzo 10 cm 35x50x40 cm\" width=\"500\" height=\"500\" \/>\r\n\t\t\t<div class=\"sp-thumbnail\"><a class=\"\" href=\"https:\/\/www.holyart.fr\/noel\/decors-creche-de-noel\/maisons-milieux-ateliers-puits\/creche-arabe-marche-santons-bergers-moranduzzo-10-cm-35x50x40-cm?_gl=1*pk31px*_gcl_aw*R0NMLjE2OTkzNDQyMDguQ2owS0NRanc4cW1oQmhDbEFSSXNBTkF0Ym9mZ21KMm85dkV5S0JjLUdLUWIweWFCLU9EekR0N1ZQV2hnY1g4WW96M2haNGVTR0JkUjR1d2FBZzZrRUFMd193Y0I.*_gcl_au*MzQ2MTAxMTM4LjE2OTc4MDc3MzQ.*_ga*MjAyODIwNTUzOS4xNjgwNTA1OTc3*_ga_W18MV136NH*MTY5OTM2MjQ2NS4xNDYuMS4xNjk5MzYyODM4LjAuMC4w\">\r\n\t\t\t\t<img decoding=\"async\" src=\"https:\/\/blog.holyart.it\/fr\/wp-content\/uploads\/sites\/14\/2023\/11\/Creche-arabe-marche-santons-bergers-Moranduzzo-10-cm-35x50x40-cm-150x150-1.jpg\" alt=\"Cr\u00e8che arabe march\u00e9 santons bergers Moranduzzo 10 cm 35x50x40 cm 150x150 -1\" \/>\r\n\t\t\t<\/a>\r\n\t\t\t<\/div>\r\n\t\t\t<div class=\"sp-caption\">Cr\u00e8che arabe march\u00e9 santons bergers Moranduzzo 10 cm 35x50x40 cm.\n<br \/><strong><a href=\"https:\/\/www.holyart.fr\/noel\/decors-creche-de-noel\/maisons-milieux-ateliers-puits\/creche-arabe-marche-santons-bergers-moranduzzo-10-cm-35x50x40-cm?_gl=1*pk31px*_gcl_aw*R0NMLjE2OTkzNDQyMDguQ2owS0NRanc4cW1oQmhDbEFSSXNBTkF0Ym9mZ21KMm85dkV5S0JjLUdLUWIweWFCLU9EekR0N1ZQV2hnY1g4WW96M2haNGVTR0JkUjR1d2FBZzZrRUFMd193Y0I.*_gcl_au*MzQ2MTAxMTM4LjE2OTc4MDc3MzQ.*_ga*MjAyODIwNTUzOS4xNjgwNTA1OTc3*_ga_W18MV136NH*MTY5OTM2MjQ2NS4xNDYuMS4xNjk5MzYyODM4LjAuMC4w\">Acheter sur Holyart<\/a><\/strong><\/div>\r\n\t\t<\/div>\r\n\t\t<div class=\"sp-slide\">\r\n\t\t\t<a class=\"\" href=\"https:\/\/www.holyart.fr\/noel\/creches-noel\/creche-fontanini\/tente-des-rois-mages-creche-noel-fontanini-village-12-cm?_gl=1*rgyeaq*_gcl_aw*R0NMLjE2OTkzNDQyMDguQ2owS0NRanc4cW1oQmhDbEFSSXNBTkF0Ym9mZ21KMm85dkV5S0JjLUdLUWIweWFCLU9EekR0N1ZQV2hnY1g4WW96M2haNGVTR0JkUjR1d2FBZzZrRUFMd193Y0I.*_gcl_au*MzQ2MTAxMTM4LjE2OTc4MDc3MzQ.*_ga*MjAyODIwNTUzOS4xNjgwNTA1OTc3*_ga_W18MV136NH*MTY5OTM2MjQ2NS4xNDYuMS4xNjk5MzYzMjQ2LjAuMC4w\" target=\"_self\">\r\n\t\t\t\t<img loading=\"lazy\" decoding=\"async\" class=\"sp-image\" src=\"https:\/\/blog.holyart.it\/fr\/wp-content\/uploads\/sites\/14\/2023\/11\/Tente-des-Rois-Mages-creche-Noel-Fontanini-village-12-cm.jpg\" alt=\"Tente des Rois Mages cr\u00e8che Noel Fontanini village 12 cm\" width=\"500\" height=\"500\" \/>\r\n\t\t\t<\/a>\r\n\t\t\t<div class=\"sp-thumbnail\"><a class=\"\" href=\"https:\/\/www.holyart.fr\/noel\/creches-noel\/creche-fontanini\/tente-des-rois-mages-creche-noel-fontanini-village-12-cm?_gl=1*rgyeaq*_gcl_aw*R0NMLjE2OTkzNDQyMDguQ2owS0NRanc4cW1oQmhDbEFSSXNBTkF0Ym9mZ21KMm85dkV5S0JjLUdLUWIweWFCLU9EekR0N1ZQV2hnY1g4WW96M2haNGVTR0JkUjR1d2FBZzZrRUFMd193Y0I.*_gcl_au*MzQ2MTAxMTM4LjE2OTc4MDc3MzQ.*_ga*MjAyODIwNTUzOS4xNjgwNTA1OTc3*_ga_W18MV136NH*MTY5OTM2MjQ2NS4xNDYuMS4xNjk5MzYzMjQ2LjAuMC4w\">\r\n\t\t\t\t<img decoding=\"async\" src=\"https:\/\/blog.holyart.it\/fr\/wp-content\/uploads\/sites\/14\/2023\/11\/Tente-des-Rois-Mages-creche-Noel-Fontanini-village-12-cm-150x150-1.jpg\" alt=\"Tente des Rois Mages cr\u00e8che Noel Fontanini village 12 cm 150x150\" \/>\r\n\t\t\t<\/a>\r\n\t\t\t<\/div>\r\n\t\t\t<div class=\"sp-caption\">Tente des Rois Mages cr\u00e8che Noel Fontanini: village 12 cm.\n<br \/><strong><a href=\"https:\/\/www.holyart.fr\/noel\/creches-noel\/creche-fontanini\/tente-des-rois-mages-creche-noel-fontanini-village-12-cm?_gl=1*rgyeaq*_gcl_aw*R0NMLjE2OTkzNDQyMDguQ2owS0NRanc4cW1oQmhDbEFSSXNBTkF0Ym9mZ21KMm85dkV5S0JjLUdLUWIweWFCLU9EekR0N1ZQV2hnY1g4WW96M2haNGVTR0JkUjR1d2FBZzZrRUFMd193Y0I.*_gcl_au*MzQ2MTAxMTM4LjE2OTc4MDc3MzQ.*_ga*MjAyODIwNTUzOS4xNjgwNTA1OTc3*_ga_W18MV136NH*MTY5OTM2MjQ2NS4xNDYuMS4xNjk5MzYzMjQ2LjAuMC4w\">Acheter sur Holyart<\/a><\/strong><\/div>\r\n\t\t<\/div>\r\n\t\t<div class=\"sp-slide\">\r\n\t\t\t<a class=\"\" href=\"https:\/\/www.holyart.fr\/noel\/creches-noel\/creche-napolitaine\/village-en-style-arabe-avec-oasis-pour-creche-napolitaine-de-10-cm?_gl=1*1cvcl9p*_gcl_aw*R0NMLjE2OTkzNDQyMDguQ2owS0NRanc4cW1oQmhDbEFSSXNBTkF0Ym9mZ21KMm85dkV5S0JjLUdLUWIweWFCLU9EekR0N1ZQV2hnY1g4WW96M2haNGVTR0JkUjR1d2FBZzZrRUFMd193Y0I.*_gcl_au*MzQ2MTAxMTM4LjE2OTc4MDc3MzQ.*_ga*MjAyODIwNTUzOS4xNjgwNTA1OTc3*_ga_W18MV136NH*MTY5OTM2MjQ2NS4xNDYuMS4xNjk5MzYzMzE4LjAuMC4w\" target=\"_self\">\r\n\t\t\t\t<img loading=\"lazy\" decoding=\"async\" class=\"sp-image\" src=\"https:\/\/blog.holyart.it\/fr\/wp-content\/uploads\/sites\/14\/2023\/11\/Village-en-style-arabe-avec-oasis-pour-creche-napolitaine-de-10-cm.jpg\" alt=\"Village en style arabe avec oasis pour cr\u00e8che napolitaine de 10 cm\" width=\"500\" height=\"500\" \/>\r\n\t\t\t<\/a>\r\n\t\t\t<div class=\"sp-thumbnail\"><a class=\"\" href=\"https:\/\/www.holyart.fr\/noel\/creches-noel\/creche-napolitaine\/village-en-style-arabe-avec-oasis-pour-creche-napolitaine-de-10-cm?_gl=1*1cvcl9p*_gcl_aw*R0NMLjE2OTkzNDQyMDguQ2owS0NRanc4cW1oQmhDbEFSSXNBTkF0Ym9mZ21KMm85dkV5S0JjLUdLUWIweWFCLU9EekR0N1ZQV2hnY1g4WW96M2haNGVTR0JkUjR1d2FBZzZrRUFMd193Y0I.*_gcl_au*MzQ2MTAxMTM4LjE2OTc4MDc3MzQ.*_ga*MjAyODIwNTUzOS4xNjgwNTA1OTc3*_ga_W18MV136NH*MTY5OTM2MjQ2NS4xNDYuMS4xNjk5MzYzMzE4LjAuMC4w\">\r\n\t\t\t\t<img decoding=\"async\" src=\"https:\/\/blog.holyart.it\/fr\/wp-content\/uploads\/sites\/14\/2023\/11\/Village-en-style-arabe-avec-oasis-pour-creche-napolitaine-de-10-cm-150x150-1.jpg\" alt=\"Village en style arabe avec oasis pour cr\u00e8che napolitaine de 10 cm 150x150\" \/>\r\n\t\t\t<\/a>\r\n\t\t\t<\/div>\r\n\t\t\t<div class=\"sp-caption\">Village en style arabe avec oasis pour cr\u00e8che napolitaine de 10 cm.\n<br \/><strong><a href=\"https:\/\/www.holyart.fr\/noel\/creches-noel\/creche-napolitaine\/village-en-style-arabe-avec-oasis-pour-creche-napolitaine-de-10-cm?_gl=1*1cvcl9p*_gcl_aw*R0NMLjE2OTkzNDQyMDguQ2owS0NRanc4cW1oQmhDbEFSSXNBTkF0Ym9mZ21KMm85dkV5S0JjLUdLUWIweWFCLU9EekR0N1ZQV2hnY1g4WW96M2haNGVTR0JkUjR1d2FBZzZrRUFMd193Y0I.*_gcl_au*MzQ2MTAxMTM4LjE2OTc4MDc3MzQ.*_ga*MjAyODIwNTUzOS4xNjgwNTA1OTc3*_ga_W18MV136NH*MTY5OTM2MjQ2NS4xNDYuMS4xNjk5MzYzMzE4LjAuMC4w\">Acheter sur Holyart<\/a><\/strong><\/div>\r\n\t\t<\/div>\r\n\t<\/div>\r\n<\/div>\n<h2>Cr\u00e8che miniature<\/h2>\n<p>Si l\u2019espace que nous avons \u00e0 notre disposition ne nous permet pas d\u2019installer une grande Cr\u00e8che, nous pouvons opter pour une <a href=\"https:\/\/www.holyart.fr\/noel\/creches-noel\/creches-de-noel-mignon\"><strong>Cr\u00e8che Miniature<\/strong><\/a>. Il s\u2019agit de <strong>petites repr\u00e9sentations de la Nativit\u00e9<\/strong> et de Cr\u00e8ches en tout genre, du classique au moderne, et mat\u00e9riel\u00a0: du m\u00e9tal \u00e0 la r\u00e9sine, de la terre cuite au bois. Leur caract\u00e9ristique, par rapport aux grandes Cr\u00e8ches, est que tout est petit, miniaturis\u00e9, mais pas moins suggestif et parfait pour autant. En quelques centim\u00e8tres de hauteur, vous retrouverez toute la valeur spirituelle et symbolique d\u2019une v\u00e9ritable Cr\u00e8che. La Cr\u00e8che mignon ou miniature est adapt\u00e9e pour qui n\u2019a pas de place pour une Cr\u00e8che de grandes dimensions ou pour qui pr\u00e9f\u00e8re peut-\u00eatre pr\u00e9parer la Cr\u00e8che sur une \u00e9tag\u00e8re ou \u00e0 un endroit hors de port\u00e9e pour enfants et\/ou animaux. Certaines Cr\u00e8ches mignon sont contenues dans des bocaux et autres petits contenants, qui en font des objets \u00e0 exposer tout \u00e0 fait exquis.<\/p>\n<div class=\"link-product\">\n<div class=\"blocco-immagine\"><img loading=\"lazy\" decoding=\"async\" class=\"size-full wp-image-7232 alignleft\" src=\"https:\/\/blog.holyart.it\/fr\/wp-content\/uploads\/sites\/14\/2023\/11\/Creches-de-Noel-mignon.jpg\" alt=\"Cr\u00e8ches de No\u00ebl mignon\" width=\"100\" height=\"100\" data-kale-share-title=\"Espace, style, mat\u00e9riel : les diff\u00e9rents mod\u00e8les de cr\u00e8che en fonction de vos exigences\" data-kale-share-url=\"https:\/\/blog.holyart.it\/fr\/?p=7212\" \/><\/div>\n<div class=\"blocco-contenuto\">\n<div class=\"blocco-acquista\">Acheter sur Holyart:<\/div>\n<div class=\"blocco-titolo\"><a href=\"https:\/\/www.holyart.fr\/noel\/creches-noel\/creches-de-noel-mignon?page=1&amp;_gl=1*pfr5j4*_gcl_aw*R0NMLjE2OTkzNDQyMDguQ2owS0NRanc4cW1oQmhDbEFSSXNBTkF0Ym9mZ21KMm85dkV5S0JjLUdLUWIweWFCLU9EekR0N1ZQV2hnY1g4WW96M2haNGVTR0JkUjR1d2FBZzZrRUFMd193Y0I.*_gcl_au*MzQ2MTAxMTM4LjE2OTc4MDc3MzQ.*_ga*MjAyODIwNTUzOS4xNjgwNTA1OTc3*_ga_W18MV136NH*MTY5OTM2MjQ2NS4xNDYuMS4xNjk5MzY0ODA2LjAuMC4w\">Cr\u00e8ches de No\u00ebl mignon<\/a><\/div>\n<div class=\"blocco-descrizione\">Cr\u00e8ches de No\u00ebl mignon : Sainte Famille ou cr\u00e8ches comp\u00e8tes de petites dimensions \u00e0 exposer ou \u00e0 porter toujours avec soi&#8230;<\/div>\n<\/div>\n<\/div>\n<h2>Cr\u00e8che napolitaine<\/h2>\n<p>Parmi les traditions li\u00e9es \u00e0 la Cr\u00e8che dans notre pays, celle de la <strong><u>Cr\u00e8che Napolitaine<\/u><\/strong> est une des plus anciennes et bien ancr\u00e9es. Encore aujourd\u2019hui Naples est c\u00e9l\u00e8bre dans le monde entier pour son art de la Cr\u00e8che, qui se glorifie dans les boutiques artisanes de Via San Gregorio Armeno, sp\u00e9cialis\u00e9es depuis l\u2019antiquit\u00e9 dans les Cr\u00e8ches napolitaines. N\u00e9e comme commande pour \u00e9glises et ordres religieux, assez rapidement la Cr\u00e8che napolitaine commen\u00e7a \u00e0 se r\u00e9pandre dans les maisons nobles comme ostentation de mode et v\u00e9ritable \u0153uvre d\u2019art. outre les classiques <strong>bergers napolitains<\/strong>, r\u00e9alis\u00e9s selon une <strong><u>technique ancienne<\/u><\/strong>, dans la Cr\u00e8che napolitaine revivent d\u2019<strong><u>innombrables m\u00e9tiers<\/u><\/strong>, du p\u00eacheur au menuisier, des floristes au pizza\u00efolo\u00a0! Et ce n\u2019est pas tout\u00a0: chaque personnage de la Cr\u00e8che cache une <strong><u>signification symbolique<\/u><\/strong> qui va au-del\u00e0 de son r\u00f4le et de son occupation, li\u00e9 \u00e0 l\u00e9gendes et folklore local. Encore aujourd\u2019hui de nombreux santons de la <a href=\"https:\/\/www.holyart.fr\/noel\/creches-noel\/creche-napolitaine\"><strong>Cr\u00e8che napolitaine<\/strong><\/a> sont des pi\u00e8ces uniques, r\u00e9alis\u00e9es sous forme artisanale, \u00e0 la main, en terre cuite recouverte de tissu fa\u00e7onn\u00e9.<\/p>\n<div class=\"sp-styles-warning\" style=\"width: 450px; background-color: #FFF; color: #F00; border: 1px solid #F00; padding: 10px; font-size: 14px;\">\n\t\t\t<span style=\"font-weight: bold;\">Warning: The stylesheets were not loaded!<\/span> \n\t\t\tYou will need to change the <i>Load stylesheets<\/i> setting from <i>Automatically<\/i> to <i>On homepage<\/i> or <i>On all pages<\/i>. \n\t\t\tYou can set that <a style=\"text-decoration: underline; color: #F00;\" href=\"https:\/\/blog.holyart.it\/fr\/wp-admin\/admin.php?page=sliderpro-settings\">here<\/a>.\n\t\t\t<\/div>\r\n<div id=\"slider-pro-113\" class=\"slider-pro sp-no-js\" style=\"width: 500px; height: 500px;\">\r\n\t<div class=\"sp-slides\">\r\n\t\t\r\n\t\t<div class=\"sp-slide\">\r\n\t\t\t<img loading=\"lazy\" decoding=\"async\" class=\"sp-image\" src=\"https:\/\/blog.holyart.it\/fr\/wp-content\/uploads\/sites\/14\/2023\/11\/Boulanger-qui-enfourne-10-cm-animation-creche-napolitaine.jpg\" alt=\"Boulanger qui enfourne 10 cm animation cr\u00e8che napolitaine\" width=\"500\" height=\"500\" \/>\r\n\t\t\t<div class=\"sp-thumbnail\"><a class=\"\" href=\"https:\/\/www.holyart.fr\/noel\/creches-noel\/creche-napolitaine\/boulanger-qui-enfourne-10-cm-animation-creche-napolitaine?_gl=1*1c7e0qe*_gcl_aw*R0NMLjE2OTkzNDQyMDguQ2owS0NRanc4cW1oQmhDbEFSSXNBTkF0Ym9mZ21KMm85dkV5S0JjLUdLUWIweWFCLU9EekR0N1ZQV2hnY1g4WW96M2haNGVTR0JkUjR1d2FBZzZrRUFMd193Y0I.*_gcl_au*MzQ2MTAxMTM4LjE2OTc4MDc3MzQ.*_ga*MjAyODIwNTUzOS4xNjgwNTA1OTc3*_ga_W18MV136NH*MTY5OTM2MjQ2NS4xNDYuMS4xNjk5MzY1MjIyLjAuMC4w\">\r\n\t\t\t\t<img decoding=\"async\" src=\"https:\/\/blog.holyart.it\/fr\/wp-content\/uploads\/sites\/14\/2023\/11\/Boulanger-qui-enfourne-10-cm-animation-creche-napolitaine-150x150-1.jpg\" alt=\"Boulanger qui enfourne 10 cm animation cr\u00e8che napolitaine 150x150\" \/>\r\n\t\t\t<\/a>\r\n\t\t\t<\/div>\r\n\t\t\t<div class=\"sp-caption\">Boulanger qui enfourne 10 cm animation cr\u00e8che napolitaine.\n<br \/><strong><a href=\"https:\/\/www.holyart.fr\/noel\/creches-noel\/creche-napolitaine\/boulanger-qui-enfourne-10-cm-animation-creche-napolitaine?_gl=1*1c7e0qe*_gcl_aw*R0NMLjE2OTkzNDQyMDguQ2owS0NRanc4cW1oQmhDbEFSSXNBTkF0Ym9mZ21KMm85dkV5S0JjLUdLUWIweWFCLU9EekR0N1ZQV2hnY1g4WW96M2haNGVTR0JkUjR1d2FBZzZrRUFMd193Y0I.*_gcl_au*MzQ2MTAxMTM4LjE2OTc4MDc3MzQ.*_ga*MjAyODIwNTUzOS4xNjgwNTA1OTc3*_ga_W18MV136NH*MTY5OTM2MjQ2NS4xNDYuMS4xNjk5MzY1MjIyLjAuMC4w\">Acheter sur Holyart<\/a><\/strong><\/div>\r\n\t\t<\/div>\r\n\t\t<div class=\"sp-slide\">\r\n\t\t\t<img loading=\"lazy\" decoding=\"async\" class=\"sp-image\" src=\"https:\/\/blog.holyart.it\/fr\/wp-content\/uploads\/sites\/14\/2023\/11\/char-fruits-et-legumes-en-cire-creche-napolitaine-6x15x6cm.jpg\" alt=\"char-fruits-et-legumes-en-cire-creche-napolitaine-6x15x6cm\" width=\"500\" height=\"500\" \/>\r\n\t\t\t<div class=\"sp-thumbnail\"><a class=\"\" href=\"https:\/\/www.holyart.fr\/noel\/creches-noel\/creche-napolitaine\/char-fruits-et-legumes-en-cire-creche-napolitaine-6x15x6cm?_gl=1*1hnrvq7*_gcl_aw*R0NMLjE2OTkzNDQyMDguQ2owS0NRanc4cW1oQmhDbEFSSXNBTkF0Ym9mZ21KMm85dkV5S0JjLUdLUWIweWFCLU9EekR0N1ZQV2hnY1g4WW96M2haNGVTR0JkUjR1d2FBZzZrRUFMd193Y0I.*_gcl_au*MzQ2MTAxMTM4LjE2OTc4MDc3MzQ.*_ga*MjAyODIwNTUzOS4xNjgwNTA1OTc3*_ga_W18MV136NH*MTY5OTM2MjQ2NS4xNDYuMS4xNjk5MzY1MjExLjAuMC4w\">\r\n\t\t\t\t<img decoding=\"async\" src=\"https:\/\/blog.holyart.it\/fr\/wp-content\/uploads\/sites\/14\/2023\/11\/char-fruits-et-legumes-en-cire-creche-napolitaine-6x15x6cm-150x150-1.jpg\" alt=\"char-fruits-et-legumes-en-cire-creche-napolitaine-6x15x6cm 150x150\" \/>\r\n\t\t\t<\/a>\r\n\t\t\t<\/div>\r\n\t\t\t<div class=\"sp-caption\">Char fruits et l\u00e9gumes en cire cr\u00e8che Napolitaine 6x15x6cm.\n<br \/><strong><a href=\"https:\/\/www.holyart.fr\/noel\/creches-noel\/creche-napolitaine\/char-fruits-et-legumes-en-cire-creche-napolitaine-6x15x6cm?_gl=1*1hnrvq7*_gcl_aw*R0NMLjE2OTkzNDQyMDguQ2owS0NRanc4cW1oQmhDbEFSSXNBTkF0Ym9mZ21KMm85dkV5S0JjLUdLUWIweWFCLU9EekR0N1ZQV2hnY1g4WW96M2haNGVTR0JkUjR1d2FBZzZrRUFMd193Y0I.*_gcl_au*MzQ2MTAxMTM4LjE2OTc4MDc3MzQ.*_ga*MjAyODIwNTUzOS4xNjgwNTA1OTc3*_ga_W18MV136NH*MTY5OTM2MjQ2NS4xNDYuMS4xNjk5MzY1MjExLjAuMC4w\">Acheter sur Holyart<\/a><\/strong><\/div>\r\n\t\t<\/div>\r\n\t\t<div class=\"sp-slide\">\r\n\t\t\t<img loading=\"lazy\" decoding=\"async\" class=\"sp-image\" src=\"https:\/\/blog.holyart.it\/fr\/wp-content\/uploads\/sites\/14\/2023\/11\/Bourgade-avec-grotte-fontaine-creche-napolitaine-40x34x40-cm.jpg\" alt=\"Bourgade avec grotte fontaine cr\u00e8che napolitaine 40x34x40 cm\" width=\"500\" height=\"500\" \/>\r\n\t\t\t<div class=\"sp-thumbnail\"><a class=\"\" href=\"https:\/\/www.holyart.fr\/noel\/creches-noel\/creche-napolitaine\/bourgade-avec-grotte-fontaine-creche-napolitaine-40x34x40-cm?_gl=1*b5v3tm*_gcl_aw*R0NMLjE2OTkzNDQyMDguQ2owS0NRanc4cW1oQmhDbEFSSXNBTkF0Ym9mZ21KMm85dkV5S0JjLUdLUWIweWFCLU9EekR0N1ZQV2hnY1g4WW96M2haNGVTR0JkUjR1d2FBZzZrRUFMd193Y0I.*_gcl_au*MzQ2MTAxMTM4LjE2OTc4MDc3MzQ.*_ga*MjAyODIwNTUzOS4xNjgwNTA1OTc3*_ga_W18MV136NH*MTY5OTM2MjQ2NS4xNDYuMS4xNjk5MzY1MzA5LjAuMC4w\">\r\n\t\t\t\t<img decoding=\"async\" src=\"https:\/\/blog.holyart.it\/fr\/wp-content\/uploads\/sites\/14\/2023\/11\/Bourgade-avec-grotte-fontaine-creche-napolitaine-40x34x40-cm-150x150-2.jpg\" alt=\"Bourgade avec grotte fontaine cr\u00e8che napolitaine 40x34x40 cm 150x150\" \/>\r\n\t\t\t<\/a>\r\n\t\t\t<\/div>\r\n\t\t\t<div class=\"sp-caption\">Bourgade avec grotte fontaine cr\u00e8che napolitaine 40x34x40 cm.\n<br \/><strong><a href=\"https:\/\/www.holyart.fr\/noel\/creches-noel\/creche-napolitaine\/bourgade-avec-grotte-fontaine-creche-napolitaine-40x34x40-cm?_gl=1*b5v3tm*_gcl_aw*R0NMLjE2OTkzNDQyMDguQ2owS0NRanc4cW1oQmhDbEFSSXNBTkF0Ym9mZ21KMm85dkV5S0JjLUdLUWIweWFCLU9EekR0N1ZQV2hnY1g4WW96M2haNGVTR0JkUjR1d2FBZzZrRUFMd193Y0I.*_gcl_au*MzQ2MTAxMTM4LjE2OTc4MDc3MzQ.*_ga*MjAyODIwNTUzOS4xNjgwNTA1OTc3*_ga_W18MV136NH*MTY5OTM2MjQ2NS4xNDYuMS4xNjk5MzY1MzA5LjAuMC4w\">Acheter sur Holyart<\/a><\/strong><\/div>\r\n\t\t<\/div>\r\n\t<\/div>\r\n<\/div>\n<h2>Cr\u00e8che stylis\u00e9e<\/h2>\n<p>Une Cr\u00e8che stylis\u00e9e ne doit pas \u00eatre n\u00e9cessairement pauvre et impersonnelle. Dans notre e-store, vous trouverez des <a href=\"https:\/\/www.holyart.fr\/noel\/creches-noel\/creches-noel-stylisees\"><strong>Cr\u00e8ches stylis\u00e9es<\/strong><\/a> capables d\u2019exprimer une grande spiritualit\u00e9. Il y a celles en <strong>porcelaine blanche<\/strong> de l\u2019artiste Francesco Pinton, capable d\u2019infuser en ce mat\u00e9riel inalt\u00e9rable et r\u00e9sistent dans le temps une souplesse incomparable, mais aussi les Cr\u00e8ches russes originales peintes \u00e0 la main par des artisans orthodoxes et les Cr\u00e8ches en m\u00e9tal.<\/p>\n<div class=\"link-product\">\n<div class=\"blocco-immagine\"><img loading=\"lazy\" decoding=\"async\" class=\"size-full wp-image-7243 alignleft\" src=\"https:\/\/blog.holyart.it\/fr\/wp-content\/uploads\/sites\/14\/2023\/11\/Creche-maison-de-Noel-argile-a-accrocher-13.5-cm.jpg\" alt=\"Cr\u00e8che maison de Noel argile \u00e0 accrocher 13.5 cm\" width=\"100\" height=\"100\" data-kale-share-title=\"Espace, style, mat\u00e9riel : les diff\u00e9rents mod\u00e8les de cr\u00e8che en fonction de vos exigences\" data-kale-share-url=\"https:\/\/blog.holyart.it\/fr\/?p=7212\" \/><\/div>\n<div class=\"blocco-contenuto\">\n<div class=\"blocco-acquista\">Acheter sur Holyart:<\/div>\n<div class=\"blocco-titolo\"><a href=\"https:\/\/www.holyart.fr\/noel\/creches-noel\/creches-noel-stylisees\/creche-maison-de-noel-argile-a-accrocher-13.5-cm?_gl=1*13zqgyl*_gcl_aw*R0NMLjE2OTkzNDQyMDguQ2owS0NRanc4cW1oQmhDbEFSSXNBTkF0Ym9mZ21KMm85dkV5S0JjLUdLUWIweWFCLU9EekR0N1ZQV2hnY1g4WW96M2haNGVTR0JkUjR1d2FBZzZrRUFMd193Y0I.*_gcl_au*MzQ2MTAxMTM4LjE2OTc4MDc3MzQ.*_ga*MjAyODIwNTUzOS4xNjgwNTA1OTc3*_ga_W18MV136NH*MTY5OTM2MjQ2NS4xNDYuMS4xNjk5MzY1OTYzLjAuMC4w\">Cr\u00e8che maison de Noel argile \u00e0 accrocher 13.5 cm<\/a><\/div>\n<div class=\"blocco-descrizione\">Cr\u00e8che Sainte Famille et cabane stylis\u00e9e r\u00e9alis\u00e9e \u00e0 la main en Italie en argile r\u00e9fractaire blanche&#8230;<\/div>\n<\/div>\n<\/div>\n<h2>Cr\u00e8che de style nordique<\/h2>\n<p>Un autre type de Cr\u00e8ches faites \u00e0 la main est celle produite dans le <strong>Val Gardena<\/strong> (Italie) en <a href=\"https:\/\/www.holyart.fr\/noel\/creches-noel\/creche-style-nordique\"><strong>style nordique<\/strong><\/a>. Il s\u2019agit d\u2019un art de la Cr\u00e8che que les artisans allemands et italiens transmettent de g\u00e9n\u00e9ration en g\u00e9n\u00e9ration et qui produit des Cr\u00e8ches en style alpin et scandinave avec cabanes, fermes, chalets avec bardeaux en bois, granges, mais aussi ruches, r\u00e2teliers et tout ce qui peut d\u00e9crire un d\u00e9cor nordique.<\/p>\n<div class=\"sp-styles-warning\" style=\"width: 450px; background-color: #FFF; color: #F00; border: 1px solid #F00; padding: 10px; font-size: 14px;\">\n\t\t\t<span style=\"font-weight: bold;\">Warning: The stylesheets were not loaded!<\/span> \n\t\t\tYou will need to change the <i>Load stylesheets<\/i> setting from <i>Automatically<\/i> to <i>On homepage<\/i> or <i>On all pages<\/i>. \n\t\t\tYou can set that <a style=\"text-decoration: underline; color: #F00;\" href=\"https:\/\/blog.holyart.it\/fr\/wp-admin\/admin.php?page=sliderpro-settings\">here<\/a>.\n\t\t\t<\/div>\r\n<div id=\"slider-pro-114\" class=\"slider-pro sp-no-js\" style=\"width: 500px; height: 500px;\">\r\n\t<div class=\"sp-slides\">\r\n\t\t\r\n\t\t<div class=\"sp-slide\">\r\n\t\t\t<img loading=\"lazy\" decoding=\"async\" class=\"sp-image\" src=\"https:\/\/blog.holyart.it\/fr\/wp-content\/uploads\/sites\/14\/2023\/11\/Cabane-en-bois-avec-Nativite-et-four-25x35x15-cm.jpg\" alt=\"Cabane en bois avec Nativit\u00e9 et four 25x35x15 cm\" width=\"500\" height=\"500\" \/>\r\n\t\t\t<div class=\"sp-thumbnail\"><a class=\"\" href=\"https:\/\/www.holyart.fr\/noel\/decors-creche-de-noel\/etables-creche-et-grottes\/cabane-en-bois-avec-nativite-et-four-25x35x15-cm?_gl=1*tf19ct*_gcl_aw*R0NMLjE2OTkzNDQyMDguQ2owS0NRanc4cW1oQmhDbEFSSXNBTkF0Ym9mZ21KMm85dkV5S0JjLUdLUWIweWFCLU9EekR0N1ZQV2hnY1g4WW96M2haNGVTR0JkUjR1d2FBZzZrRUFMd193Y0I.*_gcl_au*MzQ2MTAxMTM4LjE2OTc4MDc3MzQ.*_ga*MjAyODIwNTUzOS4xNjgwNTA1OTc3*_ga_W18MV136NH*MTY5OTM2MjQ2NS4xNDYuMS4xNjk5MzY2MzI2LjAuMC4w\">\r\n\t\t\t\t<img decoding=\"async\" src=\"https:\/\/blog.holyart.it\/fr\/wp-content\/uploads\/sites\/14\/2023\/11\/Cabane-en-bois-avec-Nativite-et-four-25x35x15-cm-150x150-1.jpg\" alt=\"Cabane en bois avec Nativit\u00e9 et four 25x35x15 cm 150x150\" \/>\r\n\t\t\t<\/a>\r\n\t\t\t<\/div>\r\n\t\t\t<div class=\"sp-caption\">Cabane en bois avec Nativit\u00e9 et four 25x35x15 cm.\n<br \/><strong><a href=\"https:\/\/www.holyart.fr\/noel\/decors-creche-de-noel\/etables-creche-et-grottes\/cabane-en-bois-avec-nativite-et-four-25x35x15-cm?_gl=1*tf19ct*_gcl_aw*R0NMLjE2OTkzNDQyMDguQ2owS0NRanc4cW1oQmhDbEFSSXNBTkF0Ym9mZ21KMm85dkV5S0JjLUdLUWIweWFCLU9EekR0N1ZQV2hnY1g4WW96M2haNGVTR0JkUjR1d2FBZzZrRUFMd193Y0I.*_gcl_au*MzQ2MTAxMTM4LjE2OTc4MDc3MzQ.*_ga*MjAyODIwNTUzOS4xNjgwNTA1OTc3*_ga_W18MV136NH*MTY5OTM2MjQ2NS4xNDYuMS4xNjk5MzY2MzI2LjAuMC4w\">Acheter sur Holyart<\/a><\/strong><\/div>\r\n\t\t<\/div>\r\n\t\t<div class=\"sp-slide\">\r\n\t\t\t<img loading=\"lazy\" decoding=\"async\" class=\"sp-image\" src=\"https:\/\/blog.holyart.it\/fr\/wp-content\/uploads\/sites\/14\/2023\/11\/Enfant-avec-fontaine-en-bois-peint-creche-Rainell-11-cm-Val-Gardena.jpg\" alt=\"Enfant avec fontaine en bois peint cr\u00e8che Rainell 11 cm Val Gardena\" width=\"500\" height=\"500\" \/>\r\n\t\t\t<div class=\"sp-thumbnail\"><a class=\"\" href=\"https:\/\/www.holyart.fr\/noel\/creches-noel\/creche-noel-val-gardena\/enfant-avec-fontaine-en-bois-peint-creche-rainell-11-cm-val-gardena?_gl=1*ef23aq*_gcl_aw*R0NMLjE2OTkzNDQyMDguQ2owS0NRanc4cW1oQmhDbEFSSXNBTkF0Ym9mZ21KMm85dkV5S0JjLUdLUWIweWFCLU9EekR0N1ZQV2hnY1g4WW96M2haNGVTR0JkUjR1d2FBZzZrRUFMd193Y0I.*_gcl_au*MzQ2MTAxMTM4LjE2OTc4MDc3MzQ.*_ga*MjAyODIwNTUzOS4xNjgwNTA1OTc3*_ga_W18MV136NH*MTY5OTM2MjQ2NS4xNDYuMS4xNjk5MzY2MzU5LjAuMC4w\">\r\n\t\t\t\t<img decoding=\"async\" src=\"https:\/\/blog.holyart.it\/fr\/wp-content\/uploads\/sites\/14\/2023\/11\/Enfant-avec-fontaine-en-bois-peint-creche-Rainell-11-cm-Val-Gardena-150x150-1.jpg\" alt=\"Enfant avec fontaine en bois peint cr\u00e8che Rainell 11 cm Val Gardena 150x150\" \/>\r\n\t\t\t<\/a>\r\n\t\t\t<\/div>\r\n\t\t\t<div class=\"sp-caption\">Enfant avec fontaine en bois peint cr\u00e8che Rainell 11 cm Val Gardena.\n<br \/><strong><a href=\"https:\/\/www.holyart.fr\/noel\/creches-noel\/creche-noel-val-gardena\/enfant-avec-fontaine-en-bois-peint-creche-rainell-11-cm-val-gardena?_gl=1*ef23aq*_gcl_aw*R0NMLjE2OTkzNDQyMDguQ2owS0NRanc4cW1oQmhDbEFSSXNBTkF0Ym9mZ21KMm85dkV5S0JjLUdLUWIweWFCLU9EekR0N1ZQV2hnY1g4WW96M2haNGVTR0JkUjR1d2FBZzZrRUFMd193Y0I.*_gcl_au*MzQ2MTAxMTM4LjE2OTc4MDc3MzQ.*_ga*MjAyODIwNTUzOS4xNjgwNTA1OTc3*_ga_W18MV136NH*MTY5OTM2MjQ2NS4xNDYuMS4xNjk5MzY2MzU5LjAuMC4w\">Acheter sur Holyart<\/a><\/strong><\/div>\r\n\t\t<\/div>\r\n\t\t<div class=\"sp-slide\">\r\n\t\t\t<img loading=\"lazy\" decoding=\"async\" class=\"sp-image\" src=\"https:\/\/blog.holyart.it\/fr\/wp-content\/uploads\/sites\/14\/2023\/11\/Village-nordique-pour-creche-19x255x195-cm.jpg\" alt=\"Village nordique pour cr\u00e8che 19x25,5x19,5 cm\" width=\"500\" height=\"500\" \/>\r\n\t\t\t<div class=\"sp-thumbnail\"><a class=\"\" href=\"https:\/\/www.holyart.fr\/noel\/decors-creche-de-noel\/etables-creche-et-grottes\/village-nordique-pour-creche-19x25-5x19-5-cm?_gl=1*1r77k6p*_gcl_aw*R0NMLjE2OTkzNDQyMDguQ2owS0NRanc4cW1oQmhDbEFSSXNBTkF0Ym9mZ21KMm85dkV5S0JjLUdLUWIweWFCLU9EekR0N1ZQV2hnY1g4WW96M2haNGVTR0JkUjR1d2FBZzZrRUFMd193Y0I.*_gcl_au*MzQ2MTAxMTM4LjE2OTc4MDc3MzQ.*_ga*MjAyODIwNTUzOS4xNjgwNTA1OTc3*_ga_W18MV136NH*MTY5OTM2MjQ2NS4xNDYuMS4xNjk5MzY2NDIwLjAuMC4w\">\r\n\t\t\t\t<img decoding=\"async\" src=\"https:\/\/blog.holyart.it\/fr\/wp-content\/uploads\/sites\/14\/2023\/11\/Village-nordique-pour-creche-19x255x195-cm-150x150-1.jpg\" alt=\"Village nordique pour cr\u00e8che 19x25,5x19,5 cm 150x150\" \/>\r\n\t\t\t<\/a>\r\n\t\t\t<\/div>\r\n\t\t\t<div class=\"sp-caption\">Village nordique pour cr\u00e8che 19x25,5x19,5 cm.\n<br \/><strong><a href=\"https:\/\/www.holyart.fr\/noel\/decors-creche-de-noel\/etables-creche-et-grottes\/village-nordique-pour-creche-19x25-5x19-5-cm?_gl=1*1r77k6p*_gcl_aw*R0NMLjE2OTkzNDQyMDguQ2owS0NRanc4cW1oQmhDbEFSSXNBTkF0Ym9mZ21KMm85dkV5S0JjLUdLUWIweWFCLU9EekR0N1ZQV2hnY1g4WW96M2haNGVTR0JkUjR1d2FBZzZrRUFMd193Y0I.*_gcl_au*MzQ2MTAxMTM4LjE2OTc4MDc3MzQ.*_ga*MjAyODIwNTUzOS4xNjgwNTA1OTc3*_ga_W18MV136NH*MTY5OTM2MjQ2NS4xNDYuMS4xNjk5MzY2NDIwLjAuMC4w\">Acheter sur Holyart<\/a><\/strong><\/div>\r\n\t\t<\/div>\r\n\t<\/div>\r\n<\/div>\n<h2>Cr\u00e8che en terre cuite de Deruta<\/h2>\n<p>Il n\u2019y a pas que les santons de la Cr\u00e8che napolitaine qui sont r\u00e9alis\u00e9s \u00e0 la main en terre cuite. Ce mat\u00e9riel est utilis\u00e9 depuis un temps imm\u00e9morable \u00e9galement par les artisans ombriens de <strong>Deruta<\/strong>, un petit village c\u00e9l\u00e8bre pour ses cr\u00e9ations artistiques en terre cuite. Dans le e-store, vous trouverez des santons et des <a href=\"https:\/\/www.holyart.fr\/noel\/creches-noel\/creches-de-noel-terre-cuite-deruta\"><strong>Cr\u00e8ches en terre cuite produits \u00e0<\/strong> <strong>Deruta<\/strong><\/a>, tous r\u00e9alis\u00e9s \u00e0 la main, avec des mat\u00e9riaux de haute qualit\u00e9 et fabrication artisanale. Vous pourrez choisir si acheter les pi\u00e8ces d\u00e9j\u00e0 peintes \u00e0 la main ou en version terre cuite naturelle, pr\u00eates pour \u00eatre compl\u00e9t\u00e9es par vos soins pour une Cr\u00e8che encore plus unique.<\/p>\n<div class=\"sp-styles-warning\" style=\"width: 450px; background-color: #FFF; color: #F00; border: 1px solid #F00; padding: 10px; font-size: 14px;\">\n\t\t\t<span style=\"font-weight: bold;\">Warning: The stylesheets were not loaded!<\/span> \n\t\t\tYou will need to change the <i>Load stylesheets<\/i> setting from <i>Automatically<\/i> to <i>On homepage<\/i> or <i>On all pages<\/i>. \n\t\t\tYou can set that <a style=\"text-decoration: underline; color: #F00;\" href=\"https:\/\/blog.holyart.it\/fr\/wp-admin\/admin.php?page=sliderpro-settings\">here<\/a>.\n\t\t\t<\/div>\r\n<div id=\"slider-pro-115\" class=\"slider-pro sp-no-js\" style=\"width: 500px; height: 500px;\">\r\n\t<div class=\"sp-slides\">\r\n\t\t\r\n\t\t<div class=\"sp-slide\">\r\n\t\t\t<img loading=\"lazy\" decoding=\"async\" class=\"sp-image\" src=\"https:\/\/blog.holyart.it\/fr\/wp-content\/uploads\/sites\/14\/2023\/11\/Nativite-16-cm-dans-une-jarre-a-2-anses-terre-cuite-Deruta-35-cm.jpg\" alt=\"Nativit\u00e9 16 cm dans une jarre \u00e0 2 anses terre cuite Deruta 35 cm\" width=\"500\" height=\"500\" \/>\r\n\t\t\t<div class=\"sp-thumbnail\"><a class=\"\" href=\"https:\/\/www.holyart.fr\/noel\/creches-noel\/creches-de-noel-terre-cuite-deruta\/nativite-16-cm-dans-une-jarre-a-2-anses-terre-cuite-deruta-35-cm?_gl=1*2pz3nf*_gcl_aw*R0NMLjE2OTkzNDQyMDguQ2owS0NRanc4cW1oQmhDbEFSSXNBTkF0Ym9mZ21KMm85dkV5S0JjLUdLUWIweWFCLU9EekR0N1ZQV2hnY1g4WW96M2haNGVTR0JkUjR1d2FBZzZrRUFMd193Y0I.*_gcl_au*MzQ2MTAxMTM4LjE2OTc4MDc3MzQ.*_ga*MjAyODIwNTUzOS4xNjgwNTA1OTc3*_ga_W18MV136NH*MTY5OTM2MjQ2NS4xNDYuMS4xNjk5MzY2ODk4LjAuMC4w\">\r\n\t\t\t\t<img decoding=\"async\" src=\"https:\/\/blog.holyart.it\/fr\/wp-content\/uploads\/sites\/14\/2023\/11\/Nativite-16-cm-dans-une-jarre-a-2-anses-terre-cuite-Deruta-35-cm-150x150-1.jpg\" alt=\"Nativit\u00e9 16 cm dans une jarre \u00e0 2 anses terre cuite Deruta 35 cm 150x150\" \/>\r\n\t\t\t<\/a>\r\n\t\t\t<\/div>\r\n\t\t\t<div class=\"sp-caption\">Nativit\u00e9 16 cm dans une jarre \u00e0 2 anses terre cuite Deruta 35 cm.\n<br \/><strong><a href=\"https:\/\/www.holyart.fr\/noel\/creches-noel\/creches-de-noel-terre-cuite-deruta\/nativite-16-cm-dans-une-jarre-a-2-anses-terre-cuite-deruta-35-cm?_gl=1*2pz3nf*_gcl_aw*R0NMLjE2OTkzNDQyMDguQ2owS0NRanc4cW1oQmhDbEFSSXNBTkF0Ym9mZ21KMm85dkV5S0JjLUdLUWIweWFCLU9EekR0N1ZQV2hnY1g4WW96M2haNGVTR0JkUjR1d2FBZzZrRUFMd193Y0I.*_gcl_au*MzQ2MTAxMTM4LjE2OTc4MDc3MzQ.*_ga*MjAyODIwNTUzOS4xNjgwNTA1OTc3*_ga_W18MV136NH*MTY5OTM2MjQ2NS4xNDYuMS4xNjk5MzY2ODk4LjAuMC4w\">Acheter sur Holyart<\/a><\/strong><\/div>\r\n\t\t<\/div>\r\n\t\t<div class=\"sp-slide\">\r\n\t\t\t<img loading=\"lazy\" decoding=\"async\" class=\"sp-image\" src=\"https:\/\/blog.holyart.it\/fr\/wp-content\/uploads\/sites\/14\/2023\/11\/Tuile-creche-terre-cuite-avec-fenetre-Deruta-35-cm.jpg\" alt=\"Tuile cr\u00e8che terre cuite avec fen\u00eatre Deruta 35 cm\" width=\"500\" height=\"500\" \/>\r\n\t\t\t<div class=\"sp-thumbnail\"><a class=\"\" href=\"https:\/\/www.holyart.fr\/noel\/creches-noel\/creches-de-noel-terre-cuite-deruta\/tuile-creche-terre-cuite-avec-fenetre-deruta-35-cm?_gl=1*1lvoaex*_gcl_aw*R0NMLjE2OTkzNDQyMDguQ2owS0NRanc4cW1oQmhDbEFSSXNBTkF0Ym9mZ21KMm85dkV5S0JjLUdLUWIweWFCLU9EekR0N1ZQV2hnY1g4WW96M2haNGVTR0JkUjR1d2FBZzZrRUFMd193Y0I.*_gcl_au*MzQ2MTAxMTM4LjE2OTc4MDc3MzQ.*_ga*MjAyODIwNTUzOS4xNjgwNTA1OTc3*_ga_W18MV136NH*MTY5OTM2MjQ2NS4xNDYuMS4xNjk5MzY2OTAyLjAuMC4w\">\r\n\t\t\t\t<img decoding=\"async\" src=\"https:\/\/blog.holyart.it\/fr\/wp-content\/uploads\/sites\/14\/2023\/11\/Tuile-creche-terre-cuite-avec-fenetre-Deruta-35-cm-150x150-1.jpg\" alt=\"Tuile cr\u00e8che terre cuite avec fen\u00eatre Deruta 35 cm 150x150\" \/>\r\n\t\t\t<\/a>\r\n\t\t\t<\/div>\r\n\t\t\t<div class=\"sp-caption\">Tuile cr\u00e8che terre cuite avec fen\u00eatre Deruta 35 cm.\n<br \/><strong><a href=\"https:\/\/www.holyart.fr\/noel\/creches-noel\/creches-de-noel-terre-cuite-deruta\/tuile-creche-terre-cuite-avec-fenetre-deruta-35-cm?_gl=1*1lvoaex*_gcl_aw*R0NMLjE2OTkzNDQyMDguQ2owS0NRanc4cW1oQmhDbEFSSXNBTkF0Ym9mZ21KMm85dkV5S0JjLUdLUWIweWFCLU9EekR0N1ZQV2hnY1g4WW96M2haNGVTR0JkUjR1d2FBZzZrRUFMd193Y0I.*_gcl_au*MzQ2MTAxMTM4LjE2OTc4MDc3MzQ.*_ga*MjAyODIwNTUzOS4xNjgwNTA1OTc3*_ga_W18MV136NH*MTY5OTM2MjQ2NS4xNDYuMS4xNjk5MzY2OTAyLjAuMC4w\">Acheter sur Holyart<\/a><\/strong><\/div>\r\n\t\t<\/div>\r\n\t\t<div class=\"sp-slide\">\r\n\t\t\t<img loading=\"lazy\" decoding=\"async\" class=\"sp-image\" src=\"https:\/\/blog.holyart.it\/fr\/wp-content\/uploads\/sites\/14\/2023\/11\/Caisse-avec-eclairage-et-poignee-bois-et-mousse-Nativite-10-cm-Deruta.jpg\" alt=\"Caisse avec \u00e9clairage et poign\u00e9e bois et mousse Nativit\u00e9 10 cm Deruta\" width=\"500\" height=\"500\" \/>\r\n\t\t\t<div class=\"sp-thumbnail\"><a class=\"\" href=\"https:\/\/www.holyart.fr\/noel\/creches-noel\/creches-de-noel-terre-cuite-deruta\/caisse-avec-eclairage-et-poignee-bois-et-mousse-nativite-10-cm-deruta?_gl=1*4wstw1*_gcl_aw*R0NMLjE2OTkzNDQyMDguQ2owS0NRanc4cW1oQmhDbEFSSXNBTkF0Ym9mZ21KMm85dkV5S0JjLUdLUWIweWFCLU9EekR0N1ZQV2hnY1g4WW96M2haNGVTR0JkUjR1d2FBZzZrRUFMd193Y0I.*_gcl_au*MzQ2MTAxMTM4LjE2OTc4MDc3MzQ.*_ga*MjAyODIwNTUzOS4xNjgwNTA1OTc3*_ga_W18MV136NH*MTY5OTM2MjQ2NS4xNDYuMS4xNjk5MzY2OTEwLjAuMC4w\">\r\n\t\t\t\t<img decoding=\"async\" src=\"https:\/\/blog.holyart.it\/fr\/wp-content\/uploads\/sites\/14\/2023\/11\/Caisse-avec-eclairage-et-poignee-bois-et-mousse-Nativite-10-cm-Deruta-150x150-1.jpg\" alt=\"Caisse avec \u00e9clairage et poign\u00e9e bois et mousse Nativit\u00e9 10 cm Deruta 150x150\" \/>\r\n\t\t\t<\/a>\r\n\t\t\t<\/div>\r\n\t\t\t<div class=\"sp-caption\">Caisse avec \u00e9clairage et poign\u00e9e bois et mousse Nativit\u00e9 10 cm Deruta.\n<br \/><strong><a href=\"https:\/\/www.holyart.fr\/noel\/creches-noel\/creches-de-noel-terre-cuite-deruta\/caisse-avec-eclairage-et-poignee-bois-et-mousse-nativite-10-cm-deruta?_gl=1*4wstw1*_gcl_aw*R0NMLjE2OTkzNDQyMDguQ2owS0NRanc4cW1oQmhDbEFSSXNBTkF0Ym9mZ21KMm85dkV5S0JjLUdLUWIweWFCLU9EekR0N1ZQV2hnY1g4WW96M2haNGVTR0JkUjR1d2FBZzZrRUFMd193Y0I.*_gcl_au*MzQ2MTAxMTM4LjE2OTc4MDc3MzQ.*_ga*MjAyODIwNTUzOS4xNjgwNTA1OTc3*_ga_W18MV136NH*MTY5OTM2MjQ2NS4xNDYuMS4xNjk5MzY2OTEwLjAuMC4w\">Acheter sur Holyart<\/a><\/strong><\/div>\r\n\t\t<\/div>\r\n\t<\/div>\r\n<\/div>\n","protected":false},"excerpt":{"rendered":"<p>Cr\u00e8ches en miniature ou de grandes dimensions, santons en terre cuite, porcelaine, m\u00e9tal. Plein de mod\u00e8les de Cr\u00e8che pour chaque exigence et go\u00fbt pour une tradition mill\u00e9naire. Qui n\u2019aime pas installer la Cr\u00e8che ? Qui est n\u00e9 et a grandi dans notre pays a appris&hellip;<\/p>\n","protected":false},"author":1,"featured_media":7214,"comment_status":"closed","ping_status":"open","sticky":false,"template":"","format":"standard","meta":{"_acf_changed":false,"footnotes":""},"categories":[10],"tags":[],"class_list":["post-7212","post","type-post","status-publish","format-standard","has-post-thumbnail","hentry","category-noel"],"acf":[],"yoast_head":"<!-- This site is optimized with the Yoast SEO plugin v26.6 - https:\/\/yoast.com\/wordpress\/plugins\/seo\/ -->\n<title>Espace, style, mat\u00e9riel : les diff\u00e9rents mod\u00e8les de cr\u00e8che en fonction de vos exigences - Holyart.fr Blog<\/title>\n<meta name=\"description\" content=\"Cr\u00e8ches en miniature ou de grandes dimensions, santons en terre cuite, porcelaine, m\u00e9tal. Plein de mod\u00e8les de Cr\u00e8che pour chaque exigence...\" \/>\n<meta name=\"robots\" content=\"index, follow, max-snippet:-1, max-image-preview:large, max-video-preview:-1\" \/>\n<link rel=\"canonical\" href=\"https:\/\/blog.holyart.it\/fr\/noel\/espace-style-materiel-les-differents-modeles-de-creche-en-fonction-de-vos-exigences\/\" \/>\n<meta property=\"og:locale\" content=\"fr_FR\" \/>\n<meta property=\"og:type\" content=\"article\" \/>\n<meta property=\"og:title\" content=\"Espace, style, mat\u00e9riel : les diff\u00e9rents mod\u00e8les de cr\u00e8che en fonction de vos exigences - Holyart.fr Blog\" \/>\n<meta property=\"og:description\" content=\"Cr\u00e8ches en miniature ou de grandes dimensions, santons en terre cuite, porcelaine, m\u00e9tal. Plein de mod\u00e8les de Cr\u00e8che pour chaque exigence...\" \/>\n<meta property=\"og:url\" content=\"https:\/\/blog.holyart.it\/fr\/noel\/espace-style-materiel-les-differents-modeles-de-creche-en-fonction-de-vos-exigences\/\" \/>\n<meta property=\"og:site_name\" content=\"Holyart.fr Blog\" \/>\n<meta property=\"article:published_time\" content=\"2023-11-08T09:00:50+00:00\" \/>\n<meta property=\"article:modified_time\" content=\"2025-11-17T09:49:28+00:00\" \/>\n<meta property=\"og:image\" content=\"https:\/\/blog.holyart.it\/fr\/wp-content\/uploads\/sites\/14\/2023\/11\/Espace-style-materiel.jpg\" \/>\n\t<meta property=\"og:image:width\" content=\"1000\" \/>\n\t<meta property=\"og:image:height\" content=\"666\" \/>\n\t<meta property=\"og:image:type\" content=\"image\/jpeg\" \/>\n<meta name=\"author\" content=\"Redazione\" \/>\n<meta name=\"twitter:card\" content=\"summary_large_image\" \/>\n<meta name=\"twitter:label1\" content=\"\u00c9crit par\" \/>\n\t<meta name=\"twitter:data1\" content=\"Redazione\" \/>\n\t<meta name=\"twitter:label2\" content=\"Dur\u00e9e de lecture estim\u00e9e\" \/>\n\t<meta name=\"twitter:data2\" content=\"9 minutes\" \/>\n<script type=\"application\/ld+json\" class=\"yoast-schema-graph\">{\"@context\":\"https:\/\/schema.org\",\"@graph\":[{\"@type\":\"Article\",\"@id\":\"https:\/\/blog.holyart.it\/fr\/noel\/espace-style-materiel-les-differents-modeles-de-creche-en-fonction-de-vos-exigences\/#article\",\"isPartOf\":{\"@id\":\"https:\/\/blog.holyart.it\/fr\/noel\/espace-style-materiel-les-differents-modeles-de-creche-en-fonction-de-vos-exigences\/\"},\"author\":{\"name\":\"Redazione\",\"@id\":\"https:\/\/blog.holyart.it\/fr\/#\/schema\/person\/0a7b686e5af0f856ec1e390dd0baecda\"},\"headline\":\"Espace, style, mat\u00e9riel : les diff\u00e9rents mod\u00e8les de cr\u00e8che en fonction de vos exigences\",\"datePublished\":\"2023-11-08T09:00:50+00:00\",\"dateModified\":\"2025-11-17T09:49:28+00:00\",\"mainEntityOfPage\":{\"@id\":\"https:\/\/blog.holyart.it\/fr\/noel\/espace-style-materiel-les-differents-modeles-de-creche-en-fonction-de-vos-exigences\/\"},\"wordCount\":1732,\"publisher\":{\"@id\":\"https:\/\/blog.holyart.it\/fr\/#organization\"},\"image\":{\"@id\":\"https:\/\/blog.holyart.it\/fr\/noel\/espace-style-materiel-les-differents-modeles-de-creche-en-fonction-de-vos-exigences\/#primaryimage\"},\"thumbnailUrl\":\"https:\/\/blog.holyart.it\/fr\/wp-content\/uploads\/sites\/14\/2023\/11\/Espace-style-materiel.jpg\",\"articleSection\":[\"No\u00ebl\"],\"inLanguage\":\"fr-FR\"},{\"@type\":\"WebPage\",\"@id\":\"https:\/\/blog.holyart.it\/fr\/noel\/espace-style-materiel-les-differents-modeles-de-creche-en-fonction-de-vos-exigences\/\",\"url\":\"https:\/\/blog.holyart.it\/fr\/noel\/espace-style-materiel-les-differents-modeles-de-creche-en-fonction-de-vos-exigences\/\",\"name\":\"Espace, style, mat\u00e9riel : les diff\u00e9rents mod\u00e8les de cr\u00e8che en fonction de vos exigences - Holyart.fr Blog\",\"isPartOf\":{\"@id\":\"https:\/\/blog.holyart.it\/fr\/#website\"},\"primaryImageOfPage\":{\"@id\":\"https:\/\/blog.holyart.it\/fr\/noel\/espace-style-materiel-les-differents-modeles-de-creche-en-fonction-de-vos-exigences\/#primaryimage\"},\"image\":{\"@id\":\"https:\/\/blog.holyart.it\/fr\/noel\/espace-style-materiel-les-differents-modeles-de-creche-en-fonction-de-vos-exigences\/#primaryimage\"},\"thumbnailUrl\":\"https:\/\/blog.holyart.it\/fr\/wp-content\/uploads\/sites\/14\/2023\/11\/Espace-style-materiel.jpg\",\"datePublished\":\"2023-11-08T09:00:50+00:00\",\"dateModified\":\"2025-11-17T09:49:28+00:00\",\"description\":\"Cr\u00e8ches en miniature ou de grandes dimensions, santons en terre cuite, porcelaine, m\u00e9tal. Plein de mod\u00e8les de Cr\u00e8che pour chaque exigence...\",\"breadcrumb\":{\"@id\":\"https:\/\/blog.holyart.it\/fr\/noel\/espace-style-materiel-les-differents-modeles-de-creche-en-fonction-de-vos-exigences\/#breadcrumb\"},\"inLanguage\":\"fr-FR\",\"potentialAction\":[{\"@type\":\"ReadAction\",\"target\":[\"https:\/\/blog.holyart.it\/fr\/noel\/espace-style-materiel-les-differents-modeles-de-creche-en-fonction-de-vos-exigences\/\"]}]},{\"@type\":\"ImageObject\",\"inLanguage\":\"fr-FR\",\"@id\":\"https:\/\/blog.holyart.it\/fr\/noel\/espace-style-materiel-les-differents-modeles-de-creche-en-fonction-de-vos-exigences\/#primaryimage\",\"url\":\"https:\/\/blog.holyart.it\/fr\/wp-content\/uploads\/sites\/14\/2023\/11\/Espace-style-materiel.jpg\",\"contentUrl\":\"https:\/\/blog.holyart.it\/fr\/wp-content\/uploads\/sites\/14\/2023\/11\/Espace-style-materiel.jpg\",\"width\":1000,\"height\":666,\"caption\":\"Espace, style, mat\u00e9riel\"},{\"@type\":\"BreadcrumbList\",\"@id\":\"https:\/\/blog.holyart.it\/fr\/noel\/espace-style-materiel-les-differents-modeles-de-creche-en-fonction-de-vos-exigences\/#breadcrumb\",\"itemListElement\":[{\"@type\":\"ListItem\",\"position\":1,\"name\":\"Homepage\",\"item\":\"https:\/\/blog.holyart.it\/fr\/\"},{\"@type\":\"ListItem\",\"position\":2,\"name\":\"No\u00ebl\",\"item\":\"https:\/\/blog.holyart.it\/fr\/noel\/\"},{\"@type\":\"ListItem\",\"position\":3,\"name\":\"Espace, style, mat\u00e9riel : les diff\u00e9rents mod\u00e8les de cr\u00e8che en fonction de vos exigences\"}]},{\"@type\":\"WebSite\",\"@id\":\"https:\/\/blog.holyart.it\/fr\/#website\",\"url\":\"https:\/\/blog.holyart.it\/fr\/\",\"name\":\"Holyart.fr Blog\",\"description\":\"Holyblog\",\"publisher\":{\"@id\":\"https:\/\/blog.holyart.it\/fr\/#organization\"},\"potentialAction\":[{\"@type\":\"SearchAction\",\"target\":{\"@type\":\"EntryPoint\",\"urlTemplate\":\"https:\/\/blog.holyart.it\/fr\/?s={search_term_string}\"},\"query-input\":{\"@type\":\"PropertyValueSpecification\",\"valueRequired\":true,\"valueName\":\"search_term_string\"}}],\"inLanguage\":\"fr-FR\"},{\"@type\":\"Organization\",\"@id\":\"https:\/\/blog.holyart.it\/fr\/#organization\",\"name\":\"Holyart.fr Blog\",\"url\":\"https:\/\/blog.holyart.it\/fr\/\",\"logo\":{\"@type\":\"ImageObject\",\"inLanguage\":\"fr-FR\",\"@id\":\"https:\/\/blog.holyart.it\/fr\/#\/schema\/logo\/image\/\",\"url\":\"https:\/\/blog.holyart.it\/fr\/wp-content\/uploads\/sites\/14\/2022\/12\/Holyart_Blog_Logo.jpg\",\"contentUrl\":\"https:\/\/blog.holyart.it\/fr\/wp-content\/uploads\/sites\/14\/2022\/12\/Holyart_Blog_Logo.jpg\",\"width\":300,\"height\":50,\"caption\":\"Holyart.fr Blog\"},\"image\":{\"@id\":\"https:\/\/blog.holyart.it\/fr\/#\/schema\/logo\/image\/\"}},{\"@type\":\"Person\",\"@id\":\"https:\/\/blog.holyart.it\/fr\/#\/schema\/person\/0a7b686e5af0f856ec1e390dd0baecda\",\"name\":\"Redazione\",\"image\":{\"@type\":\"ImageObject\",\"inLanguage\":\"fr-FR\",\"@id\":\"https:\/\/blog.holyart.it\/fr\/#\/schema\/person\/image\/\",\"url\":\"https:\/\/secure.gravatar.com\/avatar\/f477da817f43e50d0af36abecd33e3edf826c68299714bdc1057dff3b113f516?s=96&d=mm&r=g\",\"contentUrl\":\"https:\/\/secure.gravatar.com\/avatar\/f477da817f43e50d0af36abecd33e3edf826c68299714bdc1057dff3b113f516?s=96&d=mm&r=g\",\"caption\":\"Redazione\"},\"url\":\"https:\/\/blog.holyart.it\/fr\/author\/admin\/\"}]}<\/script>\n<!-- \/ Yoast SEO plugin. -->","yoast_head_json":{"title":"Espace, style, mat\u00e9riel : les diff\u00e9rents mod\u00e8les de cr\u00e8che en fonction de vos exigences - Holyart.fr Blog","description":"Cr\u00e8ches en miniature ou de grandes dimensions, santons en terre cuite, porcelaine, m\u00e9tal. Plein de mod\u00e8les de Cr\u00e8che pour chaque exigence...","robots":{"index":"index","follow":"follow","max-snippet":"max-snippet:-1","max-image-preview":"max-image-preview:large","max-video-preview":"max-video-preview:-1"},"canonical":"https:\/\/blog.holyart.it\/fr\/noel\/espace-style-materiel-les-differents-modeles-de-creche-en-fonction-de-vos-exigences\/","og_locale":"fr_FR","og_type":"article","og_title":"Espace, style, mat\u00e9riel : les diff\u00e9rents mod\u00e8les de cr\u00e8che en fonction de vos exigences - Holyart.fr Blog","og_description":"Cr\u00e8ches en miniature ou de grandes dimensions, santons en terre cuite, porcelaine, m\u00e9tal. Plein de mod\u00e8les de Cr\u00e8che pour chaque exigence...","og_url":"https:\/\/blog.holyart.it\/fr\/noel\/espace-style-materiel-les-differents-modeles-de-creche-en-fonction-de-vos-exigences\/","og_site_name":"Holyart.fr Blog","article_published_time":"2023-11-08T09:00:50+00:00","article_modified_time":"2025-11-17T09:49:28+00:00","og_image":[{"width":1000,"height":666,"url":"https:\/\/blog.holyart.it\/fr\/wp-content\/uploads\/sites\/14\/2023\/11\/Espace-style-materiel.jpg","type":"image\/jpeg"}],"author":"Redazione","twitter_card":"summary_large_image","twitter_misc":{"\u00c9crit par":"Redazione","Dur\u00e9e de lecture estim\u00e9e":"9 minutes"},"schema":{"@context":"https:\/\/schema.org","@graph":[{"@type":"Article","@id":"https:\/\/blog.holyart.it\/fr\/noel\/espace-style-materiel-les-differents-modeles-de-creche-en-fonction-de-vos-exigences\/#article","isPartOf":{"@id":"https:\/\/blog.holyart.it\/fr\/noel\/espace-style-materiel-les-differents-modeles-de-creche-en-fonction-de-vos-exigences\/"},"author":{"name":"Redazione","@id":"https:\/\/blog.holyart.it\/fr\/#\/schema\/person\/0a7b686e5af0f856ec1e390dd0baecda"},"headline":"Espace, style, mat\u00e9riel : les diff\u00e9rents mod\u00e8les de cr\u00e8che en fonction de vos exigences","datePublished":"2023-11-08T09:00:50+00:00","dateModified":"2025-11-17T09:49:28+00:00","mainEntityOfPage":{"@id":"https:\/\/blog.holyart.it\/fr\/noel\/espace-style-materiel-les-differents-modeles-de-creche-en-fonction-de-vos-exigences\/"},"wordCount":1732,"publisher":{"@id":"https:\/\/blog.holyart.it\/fr\/#organization"},"image":{"@id":"https:\/\/blog.holyart.it\/fr\/noel\/espace-style-materiel-les-differents-modeles-de-creche-en-fonction-de-vos-exigences\/#primaryimage"},"thumbnailUrl":"https:\/\/blog.holyart.it\/fr\/wp-content\/uploads\/sites\/14\/2023\/11\/Espace-style-materiel.jpg","articleSection":["No\u00ebl"],"inLanguage":"fr-FR"},{"@type":"WebPage","@id":"https:\/\/blog.holyart.it\/fr\/noel\/espace-style-materiel-les-differents-modeles-de-creche-en-fonction-de-vos-exigences\/","url":"https:\/\/blog.holyart.it\/fr\/noel\/espace-style-materiel-les-differents-modeles-de-creche-en-fonction-de-vos-exigences\/","name":"Espace, style, mat\u00e9riel : les diff\u00e9rents mod\u00e8les de cr\u00e8che en fonction de vos exigences - Holyart.fr Blog","isPartOf":{"@id":"https:\/\/blog.holyart.it\/fr\/#website"},"primaryImageOfPage":{"@id":"https:\/\/blog.holyart.it\/fr\/noel\/espace-style-materiel-les-differents-modeles-de-creche-en-fonction-de-vos-exigences\/#primaryimage"},"image":{"@id":"https:\/\/blog.holyart.it\/fr\/noel\/espace-style-materiel-les-differents-modeles-de-creche-en-fonction-de-vos-exigences\/#primaryimage"},"thumbnailUrl":"https:\/\/blog.holyart.it\/fr\/wp-content\/uploads\/sites\/14\/2023\/11\/Espace-style-materiel.jpg","datePublished":"2023-11-08T09:00:50+00:00","dateModified":"2025-11-17T09:49:28+00:00","description":"Cr\u00e8ches en miniature ou de grandes dimensions, santons en terre cuite, porcelaine, m\u00e9tal. Plein de mod\u00e8les de Cr\u00e8che pour chaque exigence...","breadcrumb":{"@id":"https:\/\/blog.holyart.it\/fr\/noel\/espace-style-materiel-les-differents-modeles-de-creche-en-fonction-de-vos-exigences\/#breadcrumb"},"inLanguage":"fr-FR","potentialAction":[{"@type":"ReadAction","target":["https:\/\/blog.holyart.it\/fr\/noel\/espace-style-materiel-les-differents-modeles-de-creche-en-fonction-de-vos-exigences\/"]}]},{"@type":"ImageObject","inLanguage":"fr-FR","@id":"https:\/\/blog.holyart.it\/fr\/noel\/espace-style-materiel-les-differents-modeles-de-creche-en-fonction-de-vos-exigences\/#primaryimage","url":"https:\/\/blog.holyart.it\/fr\/wp-content\/uploads\/sites\/14\/2023\/11\/Espace-style-materiel.jpg","contentUrl":"https:\/\/blog.holyart.it\/fr\/wp-content\/uploads\/sites\/14\/2023\/11\/Espace-style-materiel.jpg","width":1000,"height":666,"caption":"Espace, style, mat\u00e9riel"},{"@type":"BreadcrumbList","@id":"https:\/\/blog.holyart.it\/fr\/noel\/espace-style-materiel-les-differents-modeles-de-creche-en-fonction-de-vos-exigences\/#breadcrumb","itemListElement":[{"@type":"ListItem","position":1,"name":"Homepage","item":"https:\/\/blog.holyart.it\/fr\/"},{"@type":"ListItem","position":2,"name":"No\u00ebl","item":"https:\/\/blog.holyart.it\/fr\/noel\/"},{"@type":"ListItem","position":3,"name":"Espace, style, mat\u00e9riel : les diff\u00e9rents mod\u00e8les de cr\u00e8che en fonction de vos exigences"}]},{"@type":"WebSite","@id":"https:\/\/blog.holyart.it\/fr\/#website","url":"https:\/\/blog.holyart.it\/fr\/","name":"Holyart.fr Blog","description":"Holyblog","publisher":{"@id":"https:\/\/blog.holyart.it\/fr\/#organization"},"potentialAction":[{"@type":"SearchAction","target":{"@type":"EntryPoint","urlTemplate":"https:\/\/blog.holyart.it\/fr\/?s={search_term_string}"},"query-input":{"@type":"PropertyValueSpecification","valueRequired":true,"valueName":"search_term_string"}}],"inLanguage":"fr-FR"},{"@type":"Organization","@id":"https:\/\/blog.holyart.it\/fr\/#organization","name":"Holyart.fr Blog","url":"https:\/\/blog.holyart.it\/fr\/","logo":{"@type":"ImageObject","inLanguage":"fr-FR","@id":"https:\/\/blog.holyart.it\/fr\/#\/schema\/logo\/image\/","url":"https:\/\/blog.holyart.it\/fr\/wp-content\/uploads\/sites\/14\/2022\/12\/Holyart_Blog_Logo.jpg","contentUrl":"https:\/\/blog.holyart.it\/fr\/wp-content\/uploads\/sites\/14\/2022\/12\/Holyart_Blog_Logo.jpg","width":300,"height":50,"caption":"Holyart.fr Blog"},"image":{"@id":"https:\/\/blog.holyart.it\/fr\/#\/schema\/logo\/image\/"}},{"@type":"Person","@id":"https:\/\/blog.holyart.it\/fr\/#\/schema\/person\/0a7b686e5af0f856ec1e390dd0baecda","name":"Redazione","image":{"@type":"ImageObject","inLanguage":"fr-FR","@id":"https:\/\/blog.holyart.it\/fr\/#\/schema\/person\/image\/","url":"https:\/\/secure.gravatar.com\/avatar\/f477da817f43e50d0af36abecd33e3edf826c68299714bdc1057dff3b113f516?s=96&d=mm&r=g","contentUrl":"https:\/\/secure.gravatar.com\/avatar\/f477da817f43e50d0af36abecd33e3edf826c68299714bdc1057dff3b113f516?s=96&d=mm&r=g","caption":"Redazione"},"url":"https:\/\/blog.holyart.it\/fr\/author\/admin\/"}]}},"_links":{"self":[{"href":"https:\/\/blog.holyart.it\/fr\/wp-json\/wp\/v2\/posts\/7212","targetHints":{"allow":["GET"]}}],"collection":[{"href":"https:\/\/blog.holyart.it\/fr\/wp-json\/wp\/v2\/posts"}],"about":[{"href":"https:\/\/blog.holyart.it\/fr\/wp-json\/wp\/v2\/types\/post"}],"author":[{"embeddable":true,"href":"https:\/\/blog.holyart.it\/fr\/wp-json\/wp\/v2\/users\/1"}],"replies":[{"embeddable":true,"href":"https:\/\/blog.holyart.it\/fr\/wp-json\/wp\/v2\/comments?post=7212"}],"version-history":[{"count":15,"href":"https:\/\/blog.holyart.it\/fr\/wp-json\/wp\/v2\/posts\/7212\/revisions"}],"predecessor-version":[{"id":7258,"href":"https:\/\/blog.holyart.it\/fr\/wp-json\/wp\/v2\/posts\/7212\/revisions\/7258"}],"wp:featuredmedia":[{"embeddable":true,"href":"https:\/\/blog.holyart.it\/fr\/wp-json\/wp\/v2\/media\/7214"}],"wp:attachment":[{"href":"https:\/\/blog.holyart.it\/fr\/wp-json\/wp\/v2\/media?parent=7212"}],"wp:term":[{"taxonomy":"category","embeddable":true,"href":"https:\/\/blog.holyart.it\/fr\/wp-json\/wp\/v2\/categories?post=7212"},{"taxonomy":"post_tag","embeddable":true,"href":"https:\/\/blog.holyart.it\/fr\/wp-json\/wp\/v2\/tags?post=7212"}],"curies":[{"name":"wp","href":"https:\/\/api.w.org\/{rel}","templated":true}]}}