{"id":7201,"date":"2023-11-06T10:00:27","date_gmt":"2023-11-06T09:00:27","guid":{"rendered":"https:\/\/blog.holyart.it\/fr\/?p=7201"},"modified":"2024-10-23T12:33:46","modified_gmt":"2024-10-23T10:33:46","slug":"la-legende-de-saint-martin-et-le-miracle-du-manteau","status":"publish","type":"post","link":"https:\/\/blog.holyart.it\/fr\/articles-religieux\/la-legende-de-saint-martin-et-le-miracle-du-manteau\/","title":{"rendered":"La l\u00e9gende de Saint Martin et le miracle du manteau"},"content":{"rendered":"<h4>La l\u00e9gende de Saint Martin nous rappelle l\u2019importance de l\u2019altruisme et de la mis\u00e9ricorde. Voici comme nait la tradition de l\u2019\u00e9t\u00e9 de Saint Martin.<\/h4>\n<p>La premi\u00e8re quinzaine de novembre est depuis toujours caract\u00e9ris\u00e9e par un ph\u00e9nom\u00e8ne climatique \u00e9trange, l\u2019ainsi nomm\u00e9 <strong>\u00e9t\u00e9 de Saint Martin<\/strong>. Il arrive souvent en effet que dans les jours imm\u00e9diatement pr\u00e9c\u00e9dents et suivants le <strong>11 novembre<\/strong>, jour de Saint Martin, le climat redevienne tout d\u2019un coup doux pour ensuite empirer tout de suite apr\u00e8s. La l\u00e9gende de Saint Martin raconte d\u2019une mani\u00e8re pittoresque le pourquoi de ce dernier sursaut estival avant le d\u00e9but de l\u2019hiver.<\/p>\n<div class=\"link-product\">\n<div class=\"blocco-immagine\"><img loading=\"lazy\" decoding=\"async\" class=\"size-full wp-image-7204 alignleft\" src=\"https:\/\/blog.holyart.it\/fr\/wp-content\/uploads\/sites\/14\/2023\/11\/Statue-bois-St-Martin-et-le-pauvre-peinte.jpg\" alt=\"Statue bois St Martin et le pauvre peinte\" width=\"100\" height=\"100\" data-kale-share-title=\"La l\u00e9gende de Saint Martin et le miracle du manteau\" data-kale-share-url=\"https:\/\/blog.holyart.it\/fr\/?p=7201\" \/><\/div>\n<div class=\"blocco-contenuto\">\n<div class=\"blocco-acquista\">Acheter sur Holyart:<\/div>\n<div class=\"blocco-titolo\"><a href=\"https:\/\/www.holyart.fr\/articles-religieux\/statues\/statues-en-bois-peint\/statue-bois-st-martin-et-le-pauvre-peinte?_gl=1*1i84jwm*_gcl_aw*R0NMLjE2OTg5MTIxNjIuQ2owS0NRanc4cW1oQmhDbEFSSXNBTkF0Ym9mZ21KMm85dkV5S0JjLUdLUWIweWFCLU9EekR0N1ZQV2hnY1g4WW96M2haNGVTR0JkUjR1d2FBZzZrRUFMd193Y0I.*_gcl_au*MzQ2MTAxMTM4LjE2OTc4MDc3MzQ.*_ga*MTc3MjIyMDMzLjE2ODA1MTQxMjM.*_ga_W18MV136NH*MTY5ODkzMDY1My4xMzQuMS4xNjk4OTM0OTU0LjAuMC4w\">Statue bois St Martin et le pauvre peinte<\/a><\/div>\n<div class=\"blocco-descrizione\">Statue en bois d&rsquo;\u00e9rable de la Val Gardena en Italie, r\u00e9alis\u00e9e et peinte \u00e0 la main par les artisans locaux&#8230;<\/div>\n<\/div>\n<\/div>\n<p>Martin de Tours \u00e9tait n\u00e9 dans l\u2019actuelle Hongrie, au IVe si\u00e8cle apr\u00e8s J\u00e9sus-Christ. Avant d\u2019\u00eatre un \u00e9v\u00eaque et \u00eatre proclam\u00e9 Saint par la suite, Martin \u00e9tait un <strong>soldat romain<\/strong> et pr\u00eatait service dans la garde imp\u00e9riale. La l\u00e9gende de Saint Martin raconte comment un soir, lors d\u2019une de ses rondes de surveillance qu\u2019il \u00e9tait tenu d\u2019effectuer, Martin rencontra un mendiant transi de froid, couvert seulement de quelques chiffons. La nuit \u00e9tait vraiment froide, le ciel ruisselait de pluie et le soldat eut piti\u00e9 de ce mis\u00e9rable qui tremblait et qui serait surement mort avant l\u2019aube. Ainsi, sans h\u00e9siter, il enleva son manteau blanc, symbolisant son appartenance \u00e0 la garde imp\u00e9riale, et avec son \u00e9p\u00e9e il le coupa en deux, en donnant une moiti\u00e9 au malheureux. \u00c0 cet instant m\u00eame la pluie cessa, les nuages s\u2019ouvrirent et une ti\u00e9deur innaturelle se propagea tout autour, comme si le ciel se r\u00e9jouissait de la piti\u00e9 et de la g\u00e9n\u00e9rosit\u00e9 de ce jeune soldat.<\/p>\n<div class=\"link-article\">\n<p><img loading=\"lazy\" decoding=\"async\" class=\"size-full wp-image-7206 alignleft\" src=\"https:\/\/blog.holyart.it\/fr\/wp-content\/uploads\/sites\/14\/2023\/11\/aumone.jpg\" alt=\"aum\u00f4ne\" width=\"150\" height=\"99\" data-kale-share-title=\"La l\u00e9gende de Saint Martin et le miracle du manteau\" data-kale-share-url=\"https:\/\/blog.holyart.it\/fr\/?p=7201\" \/><\/p>\n<div class=\"leggi-anche\">Lire aussi :<\/div>\n<p><strong><a href=\"https:\/\/www.holyart.fr\/blog\/articles-religieux\/faire-laumone-est-ce-de-la-charite\/\">Faire l\u2019aum\u00f4ne : est-ce de la charit\u00e9 ?<\/a><\/strong><br \/>\nL\u2019aum\u00f4ne aux pauvres est une manifestation de mis\u00e9ricorde strictement li\u00e9e aux devoirs d\u2019un bon chr\u00e9tien&#8230;<\/p>\n<\/div>\n<p>Une variante de la l\u00e9gende de Saint Martin veut que, apr\u00e8s avoir rencontr\u00e9 le mendiant, le saint eut rencontr\u00e9 un autre homme dans des conditions encore plus mis\u00e9rable et qu\u2019\u00e0 ce dernier il aurait fait cadeau de la partie restante de son manteau, en se pr\u00e9parant \u00e0 dormir dans le froid. Cette nuit-l\u00e0, dans ces r\u00eaves, J\u00e9sus serait apparu pour le remercier de l\u2019avoir habill\u00e9 et de l\u2019avoir sauv\u00e9 du gel de la nuit.<\/p>\n<p>Peu importe comment elle est racont\u00e9e, la l\u00e9gende de Saint Martin nous montre un exemple de grand <strong>altruisme<\/strong>, <strong>g\u00e9n\u00e9rosit\u00e9<\/strong> et <strong>mis\u00e9ricorde<\/strong>. Apr\u00e8s cette rencontre surprenante, Martin voulut \u00eatre baptis\u00e9 et abandonna la vie militaire. Personnage marquant de l\u2019histoire religieuse m\u00e9di\u00e9vale occidentale, mais v\u00e9n\u00e9r\u00e9 \u00e9galement par l\u2019\u00e9glise orthodoxe et copte, il fut parmi les fondateurs du monachisme en Occident, lutta contre l\u2019h\u00e9r\u00e9sie arienne et le paganisme, devint \u00c9v\u00eaque de Tours et eut la r\u00e9putation de thaumaturge et grand pasteur d\u2019\u00e2mes.<\/p>\n<div class=\"link-product\">\n<div class=\"blocco-immagine\"><img loading=\"lazy\" decoding=\"async\" class=\"size-full wp-image-7209 alignleft\" src=\"https:\/\/blog.holyart.it\/fr\/wp-content\/uploads\/sites\/14\/2023\/11\/Statue-Saint-Martin-bois-armure-couleur-argent-manteau-rouge.jpg\" alt=\"Statue Saint Martin bois armure couleur argent manteau rouge\" width=\"100\" height=\"100\" data-kale-share-title=\"La l\u00e9gende de Saint Martin et le miracle du manteau\" data-kale-share-url=\"https:\/\/blog.holyart.it\/fr\/?p=7201\" \/><\/div>\n<div class=\"blocco-contenuto\">\n<div class=\"blocco-acquista\">Acheter sur Holyart:<\/div>\n<div class=\"blocco-titolo\"><a href=\"https:\/\/www.holyart.fr\/articles-religieux\/statues\/statues-en-bois-peint\/statue-saint-martin-bois-armure-couleur-argent-manteau-rouge?_gl=1*1eq266z*_gcl_aw*R0NMLjE2OTg5MTIxNjIuQ2owS0NRanc4cW1oQmhDbEFSSXNBTkF0Ym9mZ21KMm85dkV5S0JjLUdLUWIweWFCLU9EekR0N1ZQV2hnY1g4WW96M2haNGVTR0JkUjR1d2FBZzZrRUFMd193Y0I.*_gcl_au*MzQ2MTAxMTM4LjE2OTc4MDc3MzQ.*_ga*MjAyODIwNTUzOS4xNjgwNTA1OTc3*_ga_W18MV136NH*MTY5ODkzMDY1My4xMzQuMS4xNjk4OTM1MzkyLjAuMC4w\">Statue Saint Martin bois armure couleur argent manteau rouge<\/a><\/div>\n<div class=\"blocco-descrizione\">Statue de Saint Martin en bois avec armure couleur argent&#8230;<\/div>\n<\/div>\n<\/div>\n<h2>L&rsquo;\u00e9t\u00e9 de Saint Martin<\/h2>\n<p>Au-del\u00e0 de la valeur religieuse de l\u2019histoire de Saint Martin, sa f\u00eate co\u00efncide depuis toujours avec des <strong>traditions populaires paysannes<\/strong> et des <strong>usages folkloriques<\/strong> li\u00e9s \u00e0 l\u2019automne et au changement des saisons. Depuis l\u2019antiquit\u00e9, dans les jours de l\u2019\u00e9t\u00e9 de Saint Martin, on ouvrait les tonneaux pour go\u00fbter le vin nouveau, on ramassait et on r\u00f4tissait les ch\u00e2taignes, on consommait des produits \u00e0 base de potimarron. Dans de nombreux villages italiens ces traditions sont encore perp\u00e9tu\u00e9es aujourd\u2019hui sous forme de foires pittoresques. Dans le <strong>reste de l\u2019Europe<\/strong> aussi l\u2019\u00e9t\u00e9 de Saint Martin est c\u00e9l\u00e9br\u00e9 avec f\u00eates et usages caract\u00e9ristiques. Beaucoup de <strong>g\u00e2teaux typiques<\/strong> pr\u00e9par\u00e9s pour la f\u00eate de Saint Martin, du g\u00e2teau v\u00e9nitien de Saint Martin, fait de p\u00e2te sabl\u00e9e et fa\u00e7onn\u00e9 en forme du saint \u00e0 cheval avec \u00e9p\u00e9e et manteau, d\u00e9cor\u00e9 de gla\u00e7age color\u00e9, bonbons et chocolats, aux biscuits siciliens de Saint Martin, aromatis\u00e9s avec des graines d\u2019anis, \u00e0 tremper dans le vin et aux <em>sfinci<\/em>, ou sphinx, de Saint Martin, des beignets sucr\u00e9s toujours encr\u00e9s dans la tradition sicilienne.<\/p>\n<p>Dans certaines zones de la plaine du P\u00f4 \u00ab\u00a0<strong>Faire Saint Martin<\/strong>\u00a0\u00bb est encore aujourd\u2019hui synonyme de \u00ab\u00a0<strong>d\u00e9m\u00e9nager<\/strong>\u00a0\u00bb. En effet, dans les jours qui co\u00efncident avec l\u2019\u00e9t\u00e9 de Saint Martin, les m\u00e9tayers qui travaillaient dans des grands fonds agricoles avaient fini leur travail. Les champs \u00e9taient sem\u00e9s et, \u00e0 moins que le propri\u00e9taire ne renouvelle leur contrat, les agriculteurs devaient quitter la ferme et chercher un travail ailleurs. Ils profitaient ainsi du climat temp\u00e9r\u00e9 de l\u2019\u00e9t\u00e9 de Saint Martin pour partir, en amenant avec eux leurs avoirs et leur famille pour se d\u00e9placer dans un autre domaine.<\/p>\n","protected":false},"excerpt":{"rendered":"<p>La l\u00e9gende de Saint Martin nous rappelle l\u2019importance de l\u2019altruisme et de la mis\u00e9ricorde. Voici comme nait la tradition de l\u2019\u00e9t\u00e9 de Saint Martin. La premi\u00e8re quinzaine de novembre est depuis toujours caract\u00e9ris\u00e9e par un ph\u00e9nom\u00e8ne climatique \u00e9trange, l\u2019ainsi nomm\u00e9 \u00e9t\u00e9 de Saint Martin. Il&hellip;<\/p>\n","protected":false},"author":1,"featured_media":7202,"comment_status":"closed","ping_status":"open","sticky":false,"template":"","format":"standard","meta":{"_acf_changed":false,"footnotes":""},"categories":[8,7],"tags":[],"class_list":["post-7201","post","type-post","status-publish","format-standard","has-post-thumbnail","hentry","category-articles-religieux","category-saints-et-bienheureux"],"acf":[],"yoast_head":"<!-- This site is optimized with the Yoast SEO plugin v26.6 - https:\/\/yoast.com\/wordpress\/plugins\/seo\/ -->\n<title>La l\u00e9gende de Saint Martin et le miracle du manteau - Holyart.fr Blog<\/title>\n<meta name=\"description\" content=\"La l\u00e9gende de Saint Martin nous rappelle l\u2019importance de l\u2019altruisme et de la mis\u00e9ricorde. Voici comme nait la tradition de l\u2019\u00e9t\u00e9 de Saint Martin.\" \/>\n<meta name=\"robots\" content=\"index, follow, max-snippet:-1, max-image-preview:large, max-video-preview:-1\" \/>\n<link rel=\"canonical\" href=\"https:\/\/blog.holyart.it\/fr\/articles-religieux\/la-legende-de-saint-martin-et-le-miracle-du-manteau\/\" \/>\n<meta property=\"og:locale\" content=\"fr_FR\" \/>\n<meta property=\"og:type\" content=\"article\" \/>\n<meta property=\"og:title\" content=\"La l\u00e9gende de Saint Martin et le miracle du manteau - Holyart.fr Blog\" \/>\n<meta property=\"og:description\" content=\"La l\u00e9gende de Saint Martin nous rappelle l\u2019importance de l\u2019altruisme et de la mis\u00e9ricorde. Voici comme nait la tradition de l\u2019\u00e9t\u00e9 de Saint Martin.\" \/>\n<meta property=\"og:url\" content=\"https:\/\/blog.holyart.it\/fr\/articles-religieux\/la-legende-de-saint-martin-et-le-miracle-du-manteau\/\" \/>\n<meta property=\"og:site_name\" content=\"Holyart.fr Blog\" \/>\n<meta property=\"article:published_time\" content=\"2023-11-06T09:00:27+00:00\" \/>\n<meta property=\"article:modified_time\" content=\"2024-10-23T10:33:46+00:00\" \/>\n<meta property=\"og:image\" content=\"https:\/\/blog.holyart.it\/fr\/wp-content\/uploads\/sites\/14\/2023\/11\/La-legende-de-Saint-Martin.jpg\" \/>\n\t<meta property=\"og:image:width\" content=\"1000\" \/>\n\t<meta property=\"og:image:height\" content=\"666\" \/>\n\t<meta property=\"og:image:type\" content=\"image\/jpeg\" \/>\n<meta name=\"author\" content=\"Redazione\" \/>\n<meta name=\"twitter:card\" content=\"summary_large_image\" \/>\n<meta name=\"twitter:label1\" content=\"\u00c9crit par\" \/>\n\t<meta name=\"twitter:data1\" content=\"Redazione\" \/>\n\t<meta name=\"twitter:label2\" content=\"Dur\u00e9e de lecture estim\u00e9e\" \/>\n\t<meta name=\"twitter:data2\" content=\"5 minutes\" \/>\n<script type=\"application\/ld+json\" class=\"yoast-schema-graph\">{\"@context\":\"https:\/\/schema.org\",\"@graph\":[{\"@type\":\"Article\",\"@id\":\"https:\/\/blog.holyart.it\/fr\/articles-religieux\/la-legende-de-saint-martin-et-le-miracle-du-manteau\/#article\",\"isPartOf\":{\"@id\":\"https:\/\/blog.holyart.it\/fr\/articles-religieux\/la-legende-de-saint-martin-et-le-miracle-du-manteau\/\"},\"author\":{\"name\":\"Redazione\",\"@id\":\"https:\/\/blog.holyart.it\/fr\/#\/schema\/person\/0a7b686e5af0f856ec1e390dd0baecda\"},\"headline\":\"La l\u00e9gende de Saint Martin et le miracle du manteau\",\"datePublished\":\"2023-11-06T09:00:27+00:00\",\"dateModified\":\"2024-10-23T10:33:46+00:00\",\"mainEntityOfPage\":{\"@id\":\"https:\/\/blog.holyart.it\/fr\/articles-religieux\/la-legende-de-saint-martin-et-le-miracle-du-manteau\/\"},\"wordCount\":889,\"publisher\":{\"@id\":\"https:\/\/blog.holyart.it\/fr\/#organization\"},\"image\":{\"@id\":\"https:\/\/blog.holyart.it\/fr\/articles-religieux\/la-legende-de-saint-martin-et-le-miracle-du-manteau\/#primaryimage\"},\"thumbnailUrl\":\"https:\/\/blog.holyart.it\/fr\/wp-content\/uploads\/sites\/14\/2023\/11\/La-legende-de-Saint-Martin.jpg\",\"articleSection\":[\"Religion\",\"Saints et Bienheureux\"],\"inLanguage\":\"fr-FR\"},{\"@type\":\"WebPage\",\"@id\":\"https:\/\/blog.holyart.it\/fr\/articles-religieux\/la-legende-de-saint-martin-et-le-miracle-du-manteau\/\",\"url\":\"https:\/\/blog.holyart.it\/fr\/articles-religieux\/la-legende-de-saint-martin-et-le-miracle-du-manteau\/\",\"name\":\"La l\u00e9gende de Saint Martin et le miracle du manteau - Holyart.fr Blog\",\"isPartOf\":{\"@id\":\"https:\/\/blog.holyart.it\/fr\/#website\"},\"primaryImageOfPage\":{\"@id\":\"https:\/\/blog.holyart.it\/fr\/articles-religieux\/la-legende-de-saint-martin-et-le-miracle-du-manteau\/#primaryimage\"},\"image\":{\"@id\":\"https:\/\/blog.holyart.it\/fr\/articles-religieux\/la-legende-de-saint-martin-et-le-miracle-du-manteau\/#primaryimage\"},\"thumbnailUrl\":\"https:\/\/blog.holyart.it\/fr\/wp-content\/uploads\/sites\/14\/2023\/11\/La-legende-de-Saint-Martin.jpg\",\"datePublished\":\"2023-11-06T09:00:27+00:00\",\"dateModified\":\"2024-10-23T10:33:46+00:00\",\"description\":\"La l\u00e9gende de Saint Martin nous rappelle l\u2019importance de l\u2019altruisme et de la mis\u00e9ricorde. Voici comme nait la tradition de l\u2019\u00e9t\u00e9 de Saint Martin.\",\"breadcrumb\":{\"@id\":\"https:\/\/blog.holyart.it\/fr\/articles-religieux\/la-legende-de-saint-martin-et-le-miracle-du-manteau\/#breadcrumb\"},\"inLanguage\":\"fr-FR\",\"potentialAction\":[{\"@type\":\"ReadAction\",\"target\":[\"https:\/\/blog.holyart.it\/fr\/articles-religieux\/la-legende-de-saint-martin-et-le-miracle-du-manteau\/\"]}]},{\"@type\":\"ImageObject\",\"inLanguage\":\"fr-FR\",\"@id\":\"https:\/\/blog.holyart.it\/fr\/articles-religieux\/la-legende-de-saint-martin-et-le-miracle-du-manteau\/#primaryimage\",\"url\":\"https:\/\/blog.holyart.it\/fr\/wp-content\/uploads\/sites\/14\/2023\/11\/La-legende-de-Saint-Martin.jpg\",\"contentUrl\":\"https:\/\/blog.holyart.it\/fr\/wp-content\/uploads\/sites\/14\/2023\/11\/La-legende-de-Saint-Martin.jpg\",\"width\":1000,\"height\":666,\"caption\":\"La l\u00e9gende de Saint Martin\"},{\"@type\":\"BreadcrumbList\",\"@id\":\"https:\/\/blog.holyart.it\/fr\/articles-religieux\/la-legende-de-saint-martin-et-le-miracle-du-manteau\/#breadcrumb\",\"itemListElement\":[{\"@type\":\"ListItem\",\"position\":1,\"name\":\"Homepage\",\"item\":\"https:\/\/blog.holyart.it\/fr\/\"},{\"@type\":\"ListItem\",\"position\":2,\"name\":\"Religion\",\"item\":\"https:\/\/blog.holyart.it\/fr\/articles-religieux\/\"},{\"@type\":\"ListItem\",\"position\":3,\"name\":\"La l\u00e9gende de Saint Martin et le miracle du manteau\"}]},{\"@type\":\"WebSite\",\"@id\":\"https:\/\/blog.holyart.it\/fr\/#website\",\"url\":\"https:\/\/blog.holyart.it\/fr\/\",\"name\":\"Holyart.fr Blog\",\"description\":\"Holyblog\",\"publisher\":{\"@id\":\"https:\/\/blog.holyart.it\/fr\/#organization\"},\"potentialAction\":[{\"@type\":\"SearchAction\",\"target\":{\"@type\":\"EntryPoint\",\"urlTemplate\":\"https:\/\/blog.holyart.it\/fr\/?s={search_term_string}\"},\"query-input\":{\"@type\":\"PropertyValueSpecification\",\"valueRequired\":true,\"valueName\":\"search_term_string\"}}],\"inLanguage\":\"fr-FR\"},{\"@type\":\"Organization\",\"@id\":\"https:\/\/blog.holyart.it\/fr\/#organization\",\"name\":\"Holyart.fr Blog\",\"url\":\"https:\/\/blog.holyart.it\/fr\/\",\"logo\":{\"@type\":\"ImageObject\",\"inLanguage\":\"fr-FR\",\"@id\":\"https:\/\/blog.holyart.it\/fr\/#\/schema\/logo\/image\/\",\"url\":\"https:\/\/blog.holyart.it\/fr\/wp-content\/uploads\/sites\/14\/2022\/12\/Holyart_Blog_Logo.jpg\",\"contentUrl\":\"https:\/\/blog.holyart.it\/fr\/wp-content\/uploads\/sites\/14\/2022\/12\/Holyart_Blog_Logo.jpg\",\"width\":300,\"height\":50,\"caption\":\"Holyart.fr Blog\"},\"image\":{\"@id\":\"https:\/\/blog.holyart.it\/fr\/#\/schema\/logo\/image\/\"}},{\"@type\":\"Person\",\"@id\":\"https:\/\/blog.holyart.it\/fr\/#\/schema\/person\/0a7b686e5af0f856ec1e390dd0baecda\",\"name\":\"Redazione\",\"image\":{\"@type\":\"ImageObject\",\"inLanguage\":\"fr-FR\",\"@id\":\"https:\/\/blog.holyart.it\/fr\/#\/schema\/person\/image\/\",\"url\":\"https:\/\/secure.gravatar.com\/avatar\/f477da817f43e50d0af36abecd33e3edf826c68299714bdc1057dff3b113f516?s=96&d=mm&r=g\",\"contentUrl\":\"https:\/\/secure.gravatar.com\/avatar\/f477da817f43e50d0af36abecd33e3edf826c68299714bdc1057dff3b113f516?s=96&d=mm&r=g\",\"caption\":\"Redazione\"},\"url\":\"https:\/\/blog.holyart.it\/fr\/author\/admin\/\"}]}<\/script>\n<!-- \/ Yoast SEO plugin. -->","yoast_head_json":{"title":"La l\u00e9gende de Saint Martin et le miracle du manteau - Holyart.fr Blog","description":"La l\u00e9gende de Saint Martin nous rappelle l\u2019importance de l\u2019altruisme et de la mis\u00e9ricorde. Voici comme nait la tradition de l\u2019\u00e9t\u00e9 de Saint Martin.","robots":{"index":"index","follow":"follow","max-snippet":"max-snippet:-1","max-image-preview":"max-image-preview:large","max-video-preview":"max-video-preview:-1"},"canonical":"https:\/\/blog.holyart.it\/fr\/articles-religieux\/la-legende-de-saint-martin-et-le-miracle-du-manteau\/","og_locale":"fr_FR","og_type":"article","og_title":"La l\u00e9gende de Saint Martin et le miracle du manteau - Holyart.fr Blog","og_description":"La l\u00e9gende de Saint Martin nous rappelle l\u2019importance de l\u2019altruisme et de la mis\u00e9ricorde. Voici comme nait la tradition de l\u2019\u00e9t\u00e9 de Saint Martin.","og_url":"https:\/\/blog.holyart.it\/fr\/articles-religieux\/la-legende-de-saint-martin-et-le-miracle-du-manteau\/","og_site_name":"Holyart.fr Blog","article_published_time":"2023-11-06T09:00:27+00:00","article_modified_time":"2024-10-23T10:33:46+00:00","og_image":[{"width":1000,"height":666,"url":"https:\/\/blog.holyart.it\/fr\/wp-content\/uploads\/sites\/14\/2023\/11\/La-legende-de-Saint-Martin.jpg","type":"image\/jpeg"}],"author":"Redazione","twitter_card":"summary_large_image","twitter_misc":{"\u00c9crit par":"Redazione","Dur\u00e9e de lecture estim\u00e9e":"5 minutes"},"schema":{"@context":"https:\/\/schema.org","@graph":[{"@type":"Article","@id":"https:\/\/blog.holyart.it\/fr\/articles-religieux\/la-legende-de-saint-martin-et-le-miracle-du-manteau\/#article","isPartOf":{"@id":"https:\/\/blog.holyart.it\/fr\/articles-religieux\/la-legende-de-saint-martin-et-le-miracle-du-manteau\/"},"author":{"name":"Redazione","@id":"https:\/\/blog.holyart.it\/fr\/#\/schema\/person\/0a7b686e5af0f856ec1e390dd0baecda"},"headline":"La l\u00e9gende de Saint Martin et le miracle du manteau","datePublished":"2023-11-06T09:00:27+00:00","dateModified":"2024-10-23T10:33:46+00:00","mainEntityOfPage":{"@id":"https:\/\/blog.holyart.it\/fr\/articles-religieux\/la-legende-de-saint-martin-et-le-miracle-du-manteau\/"},"wordCount":889,"publisher":{"@id":"https:\/\/blog.holyart.it\/fr\/#organization"},"image":{"@id":"https:\/\/blog.holyart.it\/fr\/articles-religieux\/la-legende-de-saint-martin-et-le-miracle-du-manteau\/#primaryimage"},"thumbnailUrl":"https:\/\/blog.holyart.it\/fr\/wp-content\/uploads\/sites\/14\/2023\/11\/La-legende-de-Saint-Martin.jpg","articleSection":["Religion","Saints et Bienheureux"],"inLanguage":"fr-FR"},{"@type":"WebPage","@id":"https:\/\/blog.holyart.it\/fr\/articles-religieux\/la-legende-de-saint-martin-et-le-miracle-du-manteau\/","url":"https:\/\/blog.holyart.it\/fr\/articles-religieux\/la-legende-de-saint-martin-et-le-miracle-du-manteau\/","name":"La l\u00e9gende de Saint Martin et le miracle du manteau - Holyart.fr Blog","isPartOf":{"@id":"https:\/\/blog.holyart.it\/fr\/#website"},"primaryImageOfPage":{"@id":"https:\/\/blog.holyart.it\/fr\/articles-religieux\/la-legende-de-saint-martin-et-le-miracle-du-manteau\/#primaryimage"},"image":{"@id":"https:\/\/blog.holyart.it\/fr\/articles-religieux\/la-legende-de-saint-martin-et-le-miracle-du-manteau\/#primaryimage"},"thumbnailUrl":"https:\/\/blog.holyart.it\/fr\/wp-content\/uploads\/sites\/14\/2023\/11\/La-legende-de-Saint-Martin.jpg","datePublished":"2023-11-06T09:00:27+00:00","dateModified":"2024-10-23T10:33:46+00:00","description":"La l\u00e9gende de Saint Martin nous rappelle l\u2019importance de l\u2019altruisme et de la mis\u00e9ricorde. Voici comme nait la tradition de l\u2019\u00e9t\u00e9 de Saint Martin.","breadcrumb":{"@id":"https:\/\/blog.holyart.it\/fr\/articles-religieux\/la-legende-de-saint-martin-et-le-miracle-du-manteau\/#breadcrumb"},"inLanguage":"fr-FR","potentialAction":[{"@type":"ReadAction","target":["https:\/\/blog.holyart.it\/fr\/articles-religieux\/la-legende-de-saint-martin-et-le-miracle-du-manteau\/"]}]},{"@type":"ImageObject","inLanguage":"fr-FR","@id":"https:\/\/blog.holyart.it\/fr\/articles-religieux\/la-legende-de-saint-martin-et-le-miracle-du-manteau\/#primaryimage","url":"https:\/\/blog.holyart.it\/fr\/wp-content\/uploads\/sites\/14\/2023\/11\/La-legende-de-Saint-Martin.jpg","contentUrl":"https:\/\/blog.holyart.it\/fr\/wp-content\/uploads\/sites\/14\/2023\/11\/La-legende-de-Saint-Martin.jpg","width":1000,"height":666,"caption":"La l\u00e9gende de Saint Martin"},{"@type":"BreadcrumbList","@id":"https:\/\/blog.holyart.it\/fr\/articles-religieux\/la-legende-de-saint-martin-et-le-miracle-du-manteau\/#breadcrumb","itemListElement":[{"@type":"ListItem","position":1,"name":"Homepage","item":"https:\/\/blog.holyart.it\/fr\/"},{"@type":"ListItem","position":2,"name":"Religion","item":"https:\/\/blog.holyart.it\/fr\/articles-religieux\/"},{"@type":"ListItem","position":3,"name":"La l\u00e9gende de Saint Martin et le miracle du manteau"}]},{"@type":"WebSite","@id":"https:\/\/blog.holyart.it\/fr\/#website","url":"https:\/\/blog.holyart.it\/fr\/","name":"Holyart.fr Blog","description":"Holyblog","publisher":{"@id":"https:\/\/blog.holyart.it\/fr\/#organization"},"potentialAction":[{"@type":"SearchAction","target":{"@type":"EntryPoint","urlTemplate":"https:\/\/blog.holyart.it\/fr\/?s={search_term_string}"},"query-input":{"@type":"PropertyValueSpecification","valueRequired":true,"valueName":"search_term_string"}}],"inLanguage":"fr-FR"},{"@type":"Organization","@id":"https:\/\/blog.holyart.it\/fr\/#organization","name":"Holyart.fr Blog","url":"https:\/\/blog.holyart.it\/fr\/","logo":{"@type":"ImageObject","inLanguage":"fr-FR","@id":"https:\/\/blog.holyart.it\/fr\/#\/schema\/logo\/image\/","url":"https:\/\/blog.holyart.it\/fr\/wp-content\/uploads\/sites\/14\/2022\/12\/Holyart_Blog_Logo.jpg","contentUrl":"https:\/\/blog.holyart.it\/fr\/wp-content\/uploads\/sites\/14\/2022\/12\/Holyart_Blog_Logo.jpg","width":300,"height":50,"caption":"Holyart.fr Blog"},"image":{"@id":"https:\/\/blog.holyart.it\/fr\/#\/schema\/logo\/image\/"}},{"@type":"Person","@id":"https:\/\/blog.holyart.it\/fr\/#\/schema\/person\/0a7b686e5af0f856ec1e390dd0baecda","name":"Redazione","image":{"@type":"ImageObject","inLanguage":"fr-FR","@id":"https:\/\/blog.holyart.it\/fr\/#\/schema\/person\/image\/","url":"https:\/\/secure.gravatar.com\/avatar\/f477da817f43e50d0af36abecd33e3edf826c68299714bdc1057dff3b113f516?s=96&d=mm&r=g","contentUrl":"https:\/\/secure.gravatar.com\/avatar\/f477da817f43e50d0af36abecd33e3edf826c68299714bdc1057dff3b113f516?s=96&d=mm&r=g","caption":"Redazione"},"url":"https:\/\/blog.holyart.it\/fr\/author\/admin\/"}]}},"_links":{"self":[{"href":"https:\/\/blog.holyart.it\/fr\/wp-json\/wp\/v2\/posts\/7201","targetHints":{"allow":["GET"]}}],"collection":[{"href":"https:\/\/blog.holyart.it\/fr\/wp-json\/wp\/v2\/posts"}],"about":[{"href":"https:\/\/blog.holyart.it\/fr\/wp-json\/wp\/v2\/types\/post"}],"author":[{"embeddable":true,"href":"https:\/\/blog.holyart.it\/fr\/wp-json\/wp\/v2\/users\/1"}],"replies":[{"embeddable":true,"href":"https:\/\/blog.holyart.it\/fr\/wp-json\/wp\/v2\/comments?post=7201"}],"version-history":[{"count":6,"href":"https:\/\/blog.holyart.it\/fr\/wp-json\/wp\/v2\/posts\/7201\/revisions"}],"predecessor-version":[{"id":7211,"href":"https:\/\/blog.holyart.it\/fr\/wp-json\/wp\/v2\/posts\/7201\/revisions\/7211"}],"wp:featuredmedia":[{"embeddable":true,"href":"https:\/\/blog.holyart.it\/fr\/wp-json\/wp\/v2\/media\/7202"}],"wp:attachment":[{"href":"https:\/\/blog.holyart.it\/fr\/wp-json\/wp\/v2\/media?parent=7201"}],"wp:term":[{"taxonomy":"category","embeddable":true,"href":"https:\/\/blog.holyart.it\/fr\/wp-json\/wp\/v2\/categories?post=7201"},{"taxonomy":"post_tag","embeddable":true,"href":"https:\/\/blog.holyart.it\/fr\/wp-json\/wp\/v2\/tags?post=7201"}],"curies":[{"name":"wp","href":"https:\/\/api.w.org\/{rel}","templated":true}]}}