{"id":7151,"date":"2023-10-30T10:00:37","date_gmt":"2023-10-30T09:00:37","guid":{"rendered":"https:\/\/blog.holyart.it\/fr\/?p=7151"},"modified":"2024-10-16T12:31:09","modified_gmt":"2024-10-16T10:31:09","slug":"repos-eternel-la-priere-en-lhonneur-des-defunts","status":"publish","type":"post","link":"https:\/\/blog.holyart.it\/fr\/articles-religieux\/repos-eternel-la-priere-en-lhonneur-des-defunts\/","title":{"rendered":"Repos \u00e9ternel : la pri\u00e8re en l\u2019honneur des d\u00e9funts"},"content":{"rendered":"<h4>Repos \u00e9ternel est la pri\u00e8re des d\u00e9funts par excellence. Avec elle les chr\u00e9tiens invoquent la lumi\u00e8re et la paix de Dieu sur leurs morts et expriment l\u2019espoir de les revoir dans la vie \u00e9ternelle.<\/h4>\n\n<p>Il existe une pri\u00e8re sp\u00e9ciale avec laquelle les chr\u00e9tiens catholiques honorent leurs \u00eatres chers d\u00e9c\u00e9d\u00e9s le jour de la <strong>Comm\u00e9moration des d\u00e9funts<\/strong>, ou Jour des D\u00e9funts, et \u00e0 de nombreuses autres occasions. Il s\u2019agit du <strong>Repos \u00e9ternel <\/strong>(<em>Requiem aeternam<\/em>), la pri\u00e8re pour les d\u00e9funts par excellence. Elle d\u00e9rive d\u2019une ancienne pri\u00e8re en latin, le <em>Requiescat in pace<\/em> \u00ab\u00a0<em>qu\u2019il\/elle repose en paix<\/em>\u00a0\u00bb, abr\u00e9g\u00e9e avec l\u2019acronyme <strong>RIP<\/strong>, un sigle qu\u2019on trouve souvent inscrit sur les <a href=\"https:\/\/www.holyart.fr\/articles-religieux\/articles-funeraires?_gl=1*lroy3x*_gcl_aw*R0NMLjE2OTAyODEzMTIuQ2owS0NRanc1ZjJsQmhDa0FSSXNBSGVUdmxpUXN6U2xKQWxLR2lRUFROWmlldTdtUjJUUWFNb282YVMxaHAtSEp6RkExQVBPUHhodXB1MGFBcnVvRUFMd193Y0I.*_gcl_au*NTIzMjMyNDc1LjE2OTQ3ODgxNDM.*_ga*MTQ4NzE4MjM0Mi4xNjk0Nzg4MTQz*_ga_W18MV136NH*MTY5NjYwMTk4My42OC4wLjE2OTY2MDE5ODMuMC4wLjA.\"><strong>pierres tombales<\/strong><\/a> et qui signifie <em>Repose en Paix<\/em>. Le Repos \u00e9ternel n\u2019est pas seulement une supplication \u00e0 Dieu afin qu\u2019il veille sur le sommeil \u00e9ternel des d\u00e9funts, mais aussi une pri\u00e8re d\u2019espoir, pour ceux qui croient en la vie apr\u00e8s la mort et dans la possibilit\u00e9 de retrouver ceux qu\u2019on a aim\u00e9 \u00e0 la fin des temps.<\/p>\n<div class=\"link-product\">\n<div class=\"blocco-immagine\"><img loading=\"lazy\" decoding=\"async\" class=\"size-full wp-image-7153 alignleft\" src=\"https:\/\/blog.holyart.it\/fr\/wp-content\/uploads\/sites\/14\/2023\/10\/articles-funeraires-1.jpg\" alt=\"articles funeraires\" width=\"100\" height=\"100\" data-kale-share-title=\"Repos \u00e9ternel : la pri\u00e8re en l\u2019honneur des d\u00e9funts\" data-kale-share-url=\"https:\/\/blog.holyart.it\/fr\/?p=7151\" \/><\/div>\n<div class=\"blocco-contenuto\">\n<div class=\"blocco-acquista\">Acheter sur Holyart:<\/div>\n<div class=\"blocco-titolo\"><a href=\"https:\/\/www.holyart.fr\/articles-religieux\/articles-funeraires?_gl=1*lroy3x*_gcl_aw*R0NMLjE2OTAyODEzMTIuQ2owS0NRanc1ZjJsQmhDa0FSSXNBSGVUdmxpUXN6U2xKQWxLR2lRUFROWmlldTdtUjJUUWFNb282YVMxaHAtSEp6RkExQVBPUHhodXB1MGFBcnVvRUFMd193Y0I.*_gcl_au*NTIzMjMyNDc1LjE2OTQ3ODgxNDM.*_ga*MTQ4NzE4MjM0Mi4xNjk0Nzg4MTQz*_ga_W18MV136NH*MTY5NjYwMTk4My42OC4wLjE2OTY2MDE5ODMuMC4wLjA.\">Articles fun\u00e9raires<\/a><\/div>\n<div class=\"blocco-descrizione\">Sont aussi r\u00e9alis\u00e9es \u00e0 la main par des artisans italiens des plaques fun\u00e9raires pour cim\u00e9ti\u00e8res et des vases.<\/div>\n<\/div>\n<\/div>\n<p>Cette pri\u00e8re fait en effet r\u00e9f\u00e9rence au <strong>concept de \u00ab\u00a0dormition\u00a0\u00bb<\/strong> avec lequel l\u2019\u00e9glise catholique indique le sommeil de tous les morts qui attendent le moment de la <strong>R\u00e9surrection<\/strong>, qui est un r\u00e9veil, le moment o\u00f9 l\u2019\u00e2me viendra se rejoindre au corps. Ce mot se trouve dans les <strong><u>\u00c9vangiles synoptiques<\/u><\/strong>. Dans l\u2019<strong>\u00c9vangile de Jean<\/strong>, nous lisons par exemple : \u00ab\u00a0<em>car l\u2019heure vient o\u00f9 tous ceux qui sont dans les s\u00e9pulcres entendront sa voix, et en sortiront. Ceux qui auront fait le bien ressusciteront pour la vie, mais ceux qui auront fait le mal ressusciteront pour le jugement<\/em>\u00a0\u00bb (Jean 5, 28-29).<\/p>\n<p>Dans l\u2019<strong>Apocalypse d\u2019Esdras <\/strong>ou <strong>Quatri\u00e8me Livre d\u2019Esdras<\/strong>, un apocryphe de l\u2019Ancien Testament attribu\u00e9 au pr\u00eatre Esdras, mais de datation incertaine (probablement du IIIe si\u00e8cle apr. J.-C.), nous lisons par contre : \u00ab\u00a0<em>&#8230; attendez votre pasteur, il vous donnera le repos \u00e9ternel\u00a0; celui qui doit venir \u00e0 la fin du si\u00e8cle est proche. Soyez pr\u00eats \u00e0 recevoir la r\u00e9compense de son r\u00e8gne, car une lumi\u00e8re perp\u00e9tuelle brillera pour vous dans l\u2019\u00e9ternit\u00e9 du temps. Fuyez l\u2019ombre de ce si\u00e8cle, recevez la joie de votre gloire\u00a0<\/em>\u00bb. Les <strong>P\u00e8res de l\u2019\u00c9glise<\/strong> ont repris cet extrait, qui depuis l\u2019antiquit\u00e9 avait \u00e9t\u00e9 utilis\u00e9 pour des inscriptions fun\u00e9raires et des plaques comm\u00e9moratives de d\u00e9funts.<\/p>\n<p>Dans la <a href=\"https:\/\/www.holyart.fr\/blog\/articles-religieux\/fete-de-la-toussaint-1er-novembre\/\"><strong><u>Solennit\u00e9 de tous les Saints<\/u><\/strong><\/a> (1<sup>er<\/sup> novembre) l\u2019\u00e9glise catholique honore et f\u00eate la gloire et l\u2019honneur de tous les saints, y compris les non canonis\u00e9s. Le jour suivant la Solennit\u00e9 de la Toussaint (2 novembre) on c\u00e9l\u00e8bre la <strong>comm\u00e9moration de tous les fid\u00e8les d\u00e9funts<\/strong> (<em>Commemoratio Omnium Fidelium Defunctorum<\/em>), la r\u00e9currence des morts d\u00e9di\u00e9e \u00e0 toutes les \u00e2mes, non seulement celles de Saints et de Bienheureux, mais de tous les hommes et de toutes les femmes qui sont morts dans la paix et dans l\u2019amour de Dieu et qui ont m\u00e9rit\u00e9 de monter au Paradis afin de vivre en communion avec Lui,<a href=\"https:\/\/www.holyart.fr\/blog\/articles-religieux\/anges-et-saints-comment-la-vie-de-certains-saints-a-ete-influencees-par-les-anges\/\"> <strong><u>avec les anges et les Saints<\/u><\/strong>.<\/a> Le 2 novembre, le sacrifice eucharistique est offert aux vivants aussi en suffrage des fid\u00e8les d\u00e9funts morts en Christ et pas encore pleinement purifi\u00e9s, afin qu\u2019ils puissent entrer dans la lumi\u00e8re et dans la paix.<\/p>\n<div class=\"link-article\">\n<p><img loading=\"lazy\" decoding=\"async\" class=\"size-full wp-image-7154 alignleft\" src=\"https:\/\/blog.holyart.it\/fr\/wp-content\/uploads\/sites\/14\/2023\/10\/fete-de-la-toussaint.jpg\" alt=\"fete de la toussaint\" width=\"150\" height=\"99\" data-kale-share-title=\"Repos \u00e9ternel : la pri\u00e8re en l\u2019honneur des d\u00e9funts\" data-kale-share-url=\"https:\/\/blog.holyart.it\/fr\/?p=7151\" \/><\/p>\n<div class=\"leggi-anche\">Lire aussi :<\/div>\n<p><strong><a href=\"https:\/\/www.holyart.fr\/blog\/articles-religieux\/fete-de-la-toussaint-1er-novembre\/\">F\u00eate de la Toussaint : 1er Novembre<\/a><\/strong><br \/>\nUne f\u00eate ancienne, dont aujourd\u2019hui on a peut-\u00eatre un peu perdu de vue l\u2019esprit correct.<\/p>\n<\/div>\n<h2>La pri\u00e8re Repos \u00c9ternel :<\/h2>\n<p>Voici donc le texte int\u00e9gral du Repos \u00c9ternel :<\/p>\n<p><em>Donne-leur, Seigneur, le repos \u00e9ternel. Et que brille sur eux la lumi\u00e8re de ta face. Qu\u2019ils reposent en paix. Amen.<\/em><\/p>\n<p>L\u2019original en latin r\u00e9cite ainsi\u00a0:<\/p>\n<p><em>Requiem aeternitatis dabit vobis, quoniam in proximo est ille, qui in finem saeculi adveniet.<\/em><\/p>\n<h2>Qu\u2019est-ce qu\u2019est le Repos \u00c9ternel ?<\/h2>\n<p>Le Repos \u00c9ternel n\u2019est une pri\u00e8re simple qu\u2019en apparence, appris aux enfants car br\u00e8ve et facile \u00e0 se rappeler, en les exhortant \u00e0 la r\u00e9citer dans leurs pri\u00e8res de tous les jours. En r\u00e9alit\u00e9, la signification qu\u2019elle renferme, le message de foi qu\u2019elle transmet est tel qu\u2019il lui r\u00e9serve un r\u00f4le de premier ordre et non seulement \u00e0 l\u2019occasion des obs\u00e8ques des d\u00e9funts, ou \u00e0 l\u2019occasion de la r\u00e9currence des d\u00e9funts du 2 novembre. Le Pape r\u00e9cite le Repos \u00c9ternel \u00e0 la fin de l\u2019<a href=\"https:\/\/www.holyart.fr\/blog\/articles-religieux\/quest-ce-quest-la-priere-de-langelus\/\"><strong><u>Angelus<\/u><\/strong><\/a>, et cette pri\u00e8re est \u00e9galement incluse dans la r\u00e9citation du Rosaire.<\/p>\n<div class=\"link-article\">\n<p><img loading=\"lazy\" decoding=\"async\" class=\"size-full wp-image-7155 alignleft\" src=\"https:\/\/blog.holyart.it\/fr\/wp-content\/uploads\/sites\/14\/2023\/10\/Quest-ce-quest-la-priere-de-lAngelus.jpg\" alt=\"Qu\u2019est-ce qu\u2019est la pri\u00e8re de l\u2019Ang\u00e9lus\" width=\"150\" height=\"99\" data-kale-share-title=\"Repos \u00e9ternel : la pri\u00e8re en l\u2019honneur des d\u00e9funts\" data-kale-share-url=\"https:\/\/blog.holyart.it\/fr\/?p=7151\" \/><\/p>\n<div class=\"leggi-anche\">Read more:<\/div>\n<p><strong><a href=\"https:\/\/www.holyart.fr\/blog\/articles-religieux\/quest-ce-quest-la-priere-de-langelus\/\">Qu\u2019est-ce qu\u2019est la pri\u00e8re de l\u2019Ang\u00e9lus<\/a><\/strong><br \/>\nUn moment de d\u00e9votion et de dialogue entre pape et fid\u00e8les, qui se renouvelle chaque dimanche<\/p>\n<\/div>\n<p>Si nous nous attardons \u00e0 examiner cette pri\u00e8re, nous remarquerons que dans sa bri\u00e8vet\u00e9 elle est articul\u00e9e en trois moments diff\u00e9rents, tr\u00e8s clairs et tr\u00e8s diff\u00e9rents entre eux.<\/p>\n<p>Le <strong>premier<\/strong> est une invocation \u00e0 Dieu en faveur des d\u00e9funts, afin qu\u2019il leur donne le <em>repos \u00e9ternel<\/em>, pr\u00e9cis\u00e9ment, c\u2019est-\u00e0-dire ce sommeil de mort qui n\u2019est qu\u2019une attente de la vie \u00e9ternelle. Tandis que les corps reposent, les \u00e2mes qui sont mont\u00e9es au ciel, ou qui transitent au Purgatoire, et m\u00eame celles finies en Enfer, poursuivent une vie spirituelle \u00e0 elles, faite de b\u00e9atitude ou de tourments. Cette vie des \u00e2mes am\u00e8ne \u00e0 une r\u00e9g\u00e9n\u00e9ration spirituelle qui influencera leur sort quand, \u00e0 la fin de tous les temps, elles viendront se rejoindre avec leurs corps respectifs. Cela parce que le concept de repos pour les catholiques n\u2019est pas un simple rien faire, mais implique une \u00e9volution constante.<\/p>\n<p>La <strong>deuxi\u00e8me partie<\/strong> de la pri\u00e8re est une ult\u00e9rieure supplication \u00e0 Dieu, afin qu\u2019il illumine les d\u00e9funts avec <strong>Sa lumi\u00e8re<\/strong>, requis essentielle de la vie \u00e9ternelle.<\/p>\n<p>La pri\u00e8re <strong>se conclut<\/strong> avec l\u2019invocation envers Dieu afin que les d\u00e9funts puissent reposer dans <strong>Sa paix<\/strong>, une promesse de salut et de soulagement pour tous les hommes qui vivent et meurent en Lui. D\u2019ailleurs, cette derni\u00e8re phrase aurait \u00e9t\u00e9 ajout\u00e9e uniquement par la suite, tir\u00e9e du br\u00e9viaire franciscain du XIIIe si\u00e8cle.<\/p>\n<p>Le premier mot de la pri\u00e8re est\u00a0<strong>Requiem<\/strong>, et il est utilis\u00e9 pour indiquer la pri\u00e8re m\u00eame, mais aussi la c\u00e9l\u00e9bration de la messe de fun\u00e9railles pour les d\u00e9funts, que l\u2019on r\u00e9cite g\u00e9n\u00e9ralement \u00e0 l\u2019occasion de l\u2019anniversaire de la mort ou le jour du 2 novembre. Mais c\u2019est \u00e9galement le titre donn\u00e9 \u00e0 des <strong>compositions musicales<\/strong> qui utilisent une partie du <a href=\"https:\/\/www.holyart.fr\/articles-religieux\/livres-sacres\/lectionnaires-et-missels\"><strong>Missel latin<\/strong><\/a>, comme l\u2019introduction (<em>Requiem aeternum<\/em>), le <em>Kyrie eleison<\/em>, <em>Sanctus et Benedictus<\/em>, <em>Agnus Dei<\/em>, etc. Certains de ces textes sont de l\u2019ordinaire de la messe, d\u2019autres sont propres aux messes pour les d\u00e9funts.<\/p>\n<h2>Pourquoi r\u00e9cite-t-on le Repos \u00c9ternel trois fois\u00a0?<\/h2>\n<p>La r\u00e9p\u00e9tition du Repos \u00c9ternel \u00e0 trois reprises est li\u00e9e \u00e0 une tradition ancienne, une formule qui vient de l\u2019\u00c9vangile et de la Bible. Une chose r\u00e9p\u00e9t\u00e9e trois fois est confirm\u00e9e. Par exemple, Saint Pierre a ni\u00e9 J\u00e9sus trois fois, et J\u00e9sus le r\u00e9habilite trois fois (\u00ab\u00a0<em>M\u2019aimes-tu<\/em>\u00a0\u00bb trois fois). Le <a href=\"https:\/\/www.holyart.fr\/occasions-speciales\/pape-francois?page=1&amp;_gl=1*ts78aa*_gcl_aw*R0NMLjE2OTAyODEzMTIuQ2owS0NRanc1ZjJsQmhDa0FSSXNBSGVUdmxpUXN6U2xKQWxLR2lRUFROWmlldTdtUjJUUWFNb282YVMxaHAtSEp6RkExQVBPUHhodXB1MGFBcnVvRUFMd193Y0I.*_gcl_au*NTIzMjMyNDc1LjE2OTQ3ODgxNDM.*_ga*MTQ4NzE4MjM0Mi4xNjk0Nzg4MTQz*_ga_W18MV136NH*MTY5NjYwMTk4My42OC4xLjE2OTY2MDI2NTAuMC4wLjA.\"><strong>Pape<\/strong><\/a> aussi r\u00e9p\u00e8te le Gloire trois fois quand il r\u00e9cite l\u2019Angelus.<\/p>\n<div class=\"link-product\">\n<div class=\"blocco-immagine\"><img loading=\"lazy\" decoding=\"async\" class=\"size-full wp-image-7156 alignleft\" src=\"https:\/\/blog.holyart.it\/fr\/wp-content\/uploads\/sites\/14\/2023\/10\/pape-francois.jpg\" alt=\"pape francois\" width=\"100\" height=\"100\" data-kale-share-title=\"Repos \u00e9ternel : la pri\u00e8re en l\u2019honneur des d\u00e9funts\" data-kale-share-url=\"https:\/\/blog.holyart.it\/fr\/?p=7151\" \/><\/div>\n<div class=\"blocco-contenuto\">\n<div class=\"blocco-acquista\">Acheter sur Holyart:<\/div>\n<div class=\"blocco-titolo\"><a href=\"https:\/\/www.holyart.fr\/occasions-speciales\/pape-francois?page=1&amp;_gl=1*azax97*_gcl_aw*R0NMLjE2OTAyODEzMTIuQ2owS0NRanc1ZjJsQmhDa0FSSXNBSGVUdmxpUXN6U2xKQWxLR2lRUFROWmlldTdtUjJUUWFNb282YVMxaHAtSEp6RkExQVBPUHhodXB1MGFBcnVvRUFMd193Y0I.*_gcl_au*NTIzMjMyNDc1LjE2OTQ3ODgxNDM.*_ga*MTQ4NzE4MjM0Mi4xNjk0Nzg4MTQz*_ga_W18MV136NH*MTY5NjYwMTk4My42OC4xLjE2OTY2MDI3MDkuMC4wLjA.\">Pape Fran\u00e7ois<\/a><\/div>\n<div class=\"blocco-descrizione\">Vous y trouverez une s\u00e9lection de produits comme la croix du Bon Pasteur<\/div>\n<\/div>\n<\/div>\n","protected":false},"excerpt":{"rendered":"<p>Repos \u00e9ternel est la pri\u00e8re des d\u00e9funts par excellence. Avec elle les chr\u00e9tiens invoquent la lumi\u00e8re et la paix de Dieu sur leurs morts et expriment l\u2019espoir de les revoir dans la vie \u00e9ternelle. Il existe une pri\u00e8re sp\u00e9ciale avec laquelle les chr\u00e9tiens catholiques honorent&hellip;<\/p>\n","protected":false},"author":1,"featured_media":7152,"comment_status":"closed","ping_status":"open","sticky":false,"template":"","format":"standard","meta":{"_acf_changed":false,"footnotes":""},"categories":[8],"tags":[],"class_list":["post-7151","post","type-post","status-publish","format-standard","has-post-thumbnail","hentry","category-articles-religieux"],"acf":[],"yoast_head":"<!-- This site is optimized with the Yoast SEO plugin v26.6 - https:\/\/yoast.com\/wordpress\/plugins\/seo\/ -->\n<title>Repos \u00e9ternel : la pri\u00e8re en l\u2019honneur des d\u00e9funts - Holyart.fr Blog<\/title>\n<meta name=\"description\" content=\"Repos \u00e9ternel est la pri\u00e8re des d\u00e9funts par excellence. Avec elle les chr\u00e9tiens invoquent la lumi\u00e8re et la paix de Dieu sur leurs morts.\" \/>\n<meta name=\"robots\" content=\"index, follow, max-snippet:-1, max-image-preview:large, max-video-preview:-1\" \/>\n<link rel=\"canonical\" href=\"https:\/\/blog.holyart.it\/fr\/articles-religieux\/repos-eternel-la-priere-en-lhonneur-des-defunts\/\" \/>\n<meta property=\"og:locale\" content=\"fr_FR\" \/>\n<meta property=\"og:type\" content=\"article\" \/>\n<meta property=\"og:title\" content=\"Repos \u00e9ternel : la pri\u00e8re en l\u2019honneur des d\u00e9funts - Holyart.fr Blog\" \/>\n<meta property=\"og:description\" content=\"Repos \u00e9ternel est la pri\u00e8re des d\u00e9funts par excellence. Avec elle les chr\u00e9tiens invoquent la lumi\u00e8re et la paix de Dieu sur leurs morts.\" \/>\n<meta property=\"og:url\" content=\"https:\/\/blog.holyart.it\/fr\/articles-religieux\/repos-eternel-la-priere-en-lhonneur-des-defunts\/\" \/>\n<meta property=\"og:site_name\" content=\"Holyart.fr Blog\" \/>\n<meta property=\"article:published_time\" content=\"2023-10-30T09:00:37+00:00\" \/>\n<meta property=\"article:modified_time\" content=\"2024-10-16T10:31:09+00:00\" \/>\n<meta property=\"og:image\" content=\"https:\/\/blog.holyart.it\/fr\/wp-content\/uploads\/sites\/14\/2023\/10\/repos-eternel.jpg\" \/>\n\t<meta property=\"og:image:width\" content=\"1000\" \/>\n\t<meta property=\"og:image:height\" content=\"666\" \/>\n\t<meta property=\"og:image:type\" content=\"image\/jpeg\" \/>\n<meta name=\"author\" content=\"Redazione\" \/>\n<meta name=\"twitter:card\" content=\"summary_large_image\" \/>\n<meta name=\"twitter:label1\" content=\"\u00c9crit par\" \/>\n\t<meta name=\"twitter:data1\" content=\"Redazione\" \/>\n\t<meta name=\"twitter:label2\" content=\"Dur\u00e9e de lecture estim\u00e9e\" \/>\n\t<meta name=\"twitter:data2\" content=\"7 minutes\" \/>\n<script type=\"application\/ld+json\" class=\"yoast-schema-graph\">{\"@context\":\"https:\/\/schema.org\",\"@graph\":[{\"@type\":\"Article\",\"@id\":\"https:\/\/blog.holyart.it\/fr\/articles-religieux\/repos-eternel-la-priere-en-lhonneur-des-defunts\/#article\",\"isPartOf\":{\"@id\":\"https:\/\/blog.holyart.it\/fr\/articles-religieux\/repos-eternel-la-priere-en-lhonneur-des-defunts\/\"},\"author\":{\"name\":\"Redazione\",\"@id\":\"https:\/\/blog.holyart.it\/fr\/#\/schema\/person\/0a7b686e5af0f856ec1e390dd0baecda\"},\"headline\":\"Repos \u00e9ternel : la pri\u00e8re en l\u2019honneur des d\u00e9funts\",\"datePublished\":\"2023-10-30T09:00:37+00:00\",\"dateModified\":\"2024-10-16T10:31:09+00:00\",\"mainEntityOfPage\":{\"@id\":\"https:\/\/blog.holyart.it\/fr\/articles-religieux\/repos-eternel-la-priere-en-lhonneur-des-defunts\/\"},\"wordCount\":1329,\"publisher\":{\"@id\":\"https:\/\/blog.holyart.it\/fr\/#organization\"},\"image\":{\"@id\":\"https:\/\/blog.holyart.it\/fr\/articles-religieux\/repos-eternel-la-priere-en-lhonneur-des-defunts\/#primaryimage\"},\"thumbnailUrl\":\"https:\/\/blog.holyart.it\/fr\/wp-content\/uploads\/sites\/14\/2023\/10\/repos-eternel.jpg\",\"articleSection\":[\"Religion\"],\"inLanguage\":\"fr-FR\"},{\"@type\":\"WebPage\",\"@id\":\"https:\/\/blog.holyart.it\/fr\/articles-religieux\/repos-eternel-la-priere-en-lhonneur-des-defunts\/\",\"url\":\"https:\/\/blog.holyart.it\/fr\/articles-religieux\/repos-eternel-la-priere-en-lhonneur-des-defunts\/\",\"name\":\"Repos \u00e9ternel : la pri\u00e8re en l\u2019honneur des d\u00e9funts - Holyart.fr Blog\",\"isPartOf\":{\"@id\":\"https:\/\/blog.holyart.it\/fr\/#website\"},\"primaryImageOfPage\":{\"@id\":\"https:\/\/blog.holyart.it\/fr\/articles-religieux\/repos-eternel-la-priere-en-lhonneur-des-defunts\/#primaryimage\"},\"image\":{\"@id\":\"https:\/\/blog.holyart.it\/fr\/articles-religieux\/repos-eternel-la-priere-en-lhonneur-des-defunts\/#primaryimage\"},\"thumbnailUrl\":\"https:\/\/blog.holyart.it\/fr\/wp-content\/uploads\/sites\/14\/2023\/10\/repos-eternel.jpg\",\"datePublished\":\"2023-10-30T09:00:37+00:00\",\"dateModified\":\"2024-10-16T10:31:09+00:00\",\"description\":\"Repos \u00e9ternel est la pri\u00e8re des d\u00e9funts par excellence. Avec elle les chr\u00e9tiens invoquent la lumi\u00e8re et la paix de Dieu sur leurs morts.\",\"breadcrumb\":{\"@id\":\"https:\/\/blog.holyart.it\/fr\/articles-religieux\/repos-eternel-la-priere-en-lhonneur-des-defunts\/#breadcrumb\"},\"inLanguage\":\"fr-FR\",\"potentialAction\":[{\"@type\":\"ReadAction\",\"target\":[\"https:\/\/blog.holyart.it\/fr\/articles-religieux\/repos-eternel-la-priere-en-lhonneur-des-defunts\/\"]}]},{\"@type\":\"ImageObject\",\"inLanguage\":\"fr-FR\",\"@id\":\"https:\/\/blog.holyart.it\/fr\/articles-religieux\/repos-eternel-la-priere-en-lhonneur-des-defunts\/#primaryimage\",\"url\":\"https:\/\/blog.holyart.it\/fr\/wp-content\/uploads\/sites\/14\/2023\/10\/repos-eternel.jpg\",\"contentUrl\":\"https:\/\/blog.holyart.it\/fr\/wp-content\/uploads\/sites\/14\/2023\/10\/repos-eternel.jpg\",\"width\":1000,\"height\":666,\"caption\":\"repos eternel\"},{\"@type\":\"BreadcrumbList\",\"@id\":\"https:\/\/blog.holyart.it\/fr\/articles-religieux\/repos-eternel-la-priere-en-lhonneur-des-defunts\/#breadcrumb\",\"itemListElement\":[{\"@type\":\"ListItem\",\"position\":1,\"name\":\"Homepage\",\"item\":\"https:\/\/blog.holyart.it\/fr\/\"},{\"@type\":\"ListItem\",\"position\":2,\"name\":\"Religion\",\"item\":\"https:\/\/blog.holyart.it\/fr\/articles-religieux\/\"},{\"@type\":\"ListItem\",\"position\":3,\"name\":\"Repos \u00e9ternel : la pri\u00e8re en l\u2019honneur des d\u00e9funts\"}]},{\"@type\":\"WebSite\",\"@id\":\"https:\/\/blog.holyart.it\/fr\/#website\",\"url\":\"https:\/\/blog.holyart.it\/fr\/\",\"name\":\"Holyart.fr Blog\",\"description\":\"Holyblog\",\"publisher\":{\"@id\":\"https:\/\/blog.holyart.it\/fr\/#organization\"},\"potentialAction\":[{\"@type\":\"SearchAction\",\"target\":{\"@type\":\"EntryPoint\",\"urlTemplate\":\"https:\/\/blog.holyart.it\/fr\/?s={search_term_string}\"},\"query-input\":{\"@type\":\"PropertyValueSpecification\",\"valueRequired\":true,\"valueName\":\"search_term_string\"}}],\"inLanguage\":\"fr-FR\"},{\"@type\":\"Organization\",\"@id\":\"https:\/\/blog.holyart.it\/fr\/#organization\",\"name\":\"Holyart.fr Blog\",\"url\":\"https:\/\/blog.holyart.it\/fr\/\",\"logo\":{\"@type\":\"ImageObject\",\"inLanguage\":\"fr-FR\",\"@id\":\"https:\/\/blog.holyart.it\/fr\/#\/schema\/logo\/image\/\",\"url\":\"https:\/\/blog.holyart.it\/fr\/wp-content\/uploads\/sites\/14\/2022\/12\/Holyart_Blog_Logo.jpg\",\"contentUrl\":\"https:\/\/blog.holyart.it\/fr\/wp-content\/uploads\/sites\/14\/2022\/12\/Holyart_Blog_Logo.jpg\",\"width\":300,\"height\":50,\"caption\":\"Holyart.fr Blog\"},\"image\":{\"@id\":\"https:\/\/blog.holyart.it\/fr\/#\/schema\/logo\/image\/\"}},{\"@type\":\"Person\",\"@id\":\"https:\/\/blog.holyart.it\/fr\/#\/schema\/person\/0a7b686e5af0f856ec1e390dd0baecda\",\"name\":\"Redazione\",\"image\":{\"@type\":\"ImageObject\",\"inLanguage\":\"fr-FR\",\"@id\":\"https:\/\/blog.holyart.it\/fr\/#\/schema\/person\/image\/\",\"url\":\"https:\/\/secure.gravatar.com\/avatar\/f477da817f43e50d0af36abecd33e3edf826c68299714bdc1057dff3b113f516?s=96&d=mm&r=g\",\"contentUrl\":\"https:\/\/secure.gravatar.com\/avatar\/f477da817f43e50d0af36abecd33e3edf826c68299714bdc1057dff3b113f516?s=96&d=mm&r=g\",\"caption\":\"Redazione\"},\"url\":\"https:\/\/blog.holyart.it\/fr\/author\/admin\/\"}]}<\/script>\n<!-- \/ Yoast SEO plugin. -->","yoast_head_json":{"title":"Repos \u00e9ternel : la pri\u00e8re en l\u2019honneur des d\u00e9funts - Holyart.fr Blog","description":"Repos \u00e9ternel est la pri\u00e8re des d\u00e9funts par excellence. Avec elle les chr\u00e9tiens invoquent la lumi\u00e8re et la paix de Dieu sur leurs morts.","robots":{"index":"index","follow":"follow","max-snippet":"max-snippet:-1","max-image-preview":"max-image-preview:large","max-video-preview":"max-video-preview:-1"},"canonical":"https:\/\/blog.holyart.it\/fr\/articles-religieux\/repos-eternel-la-priere-en-lhonneur-des-defunts\/","og_locale":"fr_FR","og_type":"article","og_title":"Repos \u00e9ternel : la pri\u00e8re en l\u2019honneur des d\u00e9funts - Holyart.fr Blog","og_description":"Repos \u00e9ternel est la pri\u00e8re des d\u00e9funts par excellence. Avec elle les chr\u00e9tiens invoquent la lumi\u00e8re et la paix de Dieu sur leurs morts.","og_url":"https:\/\/blog.holyart.it\/fr\/articles-religieux\/repos-eternel-la-priere-en-lhonneur-des-defunts\/","og_site_name":"Holyart.fr Blog","article_published_time":"2023-10-30T09:00:37+00:00","article_modified_time":"2024-10-16T10:31:09+00:00","og_image":[{"width":1000,"height":666,"url":"https:\/\/blog.holyart.it\/fr\/wp-content\/uploads\/sites\/14\/2023\/10\/repos-eternel.jpg","type":"image\/jpeg"}],"author":"Redazione","twitter_card":"summary_large_image","twitter_misc":{"\u00c9crit par":"Redazione","Dur\u00e9e de lecture estim\u00e9e":"7 minutes"},"schema":{"@context":"https:\/\/schema.org","@graph":[{"@type":"Article","@id":"https:\/\/blog.holyart.it\/fr\/articles-religieux\/repos-eternel-la-priere-en-lhonneur-des-defunts\/#article","isPartOf":{"@id":"https:\/\/blog.holyart.it\/fr\/articles-religieux\/repos-eternel-la-priere-en-lhonneur-des-defunts\/"},"author":{"name":"Redazione","@id":"https:\/\/blog.holyart.it\/fr\/#\/schema\/person\/0a7b686e5af0f856ec1e390dd0baecda"},"headline":"Repos \u00e9ternel : la pri\u00e8re en l\u2019honneur des d\u00e9funts","datePublished":"2023-10-30T09:00:37+00:00","dateModified":"2024-10-16T10:31:09+00:00","mainEntityOfPage":{"@id":"https:\/\/blog.holyart.it\/fr\/articles-religieux\/repos-eternel-la-priere-en-lhonneur-des-defunts\/"},"wordCount":1329,"publisher":{"@id":"https:\/\/blog.holyart.it\/fr\/#organization"},"image":{"@id":"https:\/\/blog.holyart.it\/fr\/articles-religieux\/repos-eternel-la-priere-en-lhonneur-des-defunts\/#primaryimage"},"thumbnailUrl":"https:\/\/blog.holyart.it\/fr\/wp-content\/uploads\/sites\/14\/2023\/10\/repos-eternel.jpg","articleSection":["Religion"],"inLanguage":"fr-FR"},{"@type":"WebPage","@id":"https:\/\/blog.holyart.it\/fr\/articles-religieux\/repos-eternel-la-priere-en-lhonneur-des-defunts\/","url":"https:\/\/blog.holyart.it\/fr\/articles-religieux\/repos-eternel-la-priere-en-lhonneur-des-defunts\/","name":"Repos \u00e9ternel : la pri\u00e8re en l\u2019honneur des d\u00e9funts - Holyart.fr Blog","isPartOf":{"@id":"https:\/\/blog.holyart.it\/fr\/#website"},"primaryImageOfPage":{"@id":"https:\/\/blog.holyart.it\/fr\/articles-religieux\/repos-eternel-la-priere-en-lhonneur-des-defunts\/#primaryimage"},"image":{"@id":"https:\/\/blog.holyart.it\/fr\/articles-religieux\/repos-eternel-la-priere-en-lhonneur-des-defunts\/#primaryimage"},"thumbnailUrl":"https:\/\/blog.holyart.it\/fr\/wp-content\/uploads\/sites\/14\/2023\/10\/repos-eternel.jpg","datePublished":"2023-10-30T09:00:37+00:00","dateModified":"2024-10-16T10:31:09+00:00","description":"Repos \u00e9ternel est la pri\u00e8re des d\u00e9funts par excellence. Avec elle les chr\u00e9tiens invoquent la lumi\u00e8re et la paix de Dieu sur leurs morts.","breadcrumb":{"@id":"https:\/\/blog.holyart.it\/fr\/articles-religieux\/repos-eternel-la-priere-en-lhonneur-des-defunts\/#breadcrumb"},"inLanguage":"fr-FR","potentialAction":[{"@type":"ReadAction","target":["https:\/\/blog.holyart.it\/fr\/articles-religieux\/repos-eternel-la-priere-en-lhonneur-des-defunts\/"]}]},{"@type":"ImageObject","inLanguage":"fr-FR","@id":"https:\/\/blog.holyart.it\/fr\/articles-religieux\/repos-eternel-la-priere-en-lhonneur-des-defunts\/#primaryimage","url":"https:\/\/blog.holyart.it\/fr\/wp-content\/uploads\/sites\/14\/2023\/10\/repos-eternel.jpg","contentUrl":"https:\/\/blog.holyart.it\/fr\/wp-content\/uploads\/sites\/14\/2023\/10\/repos-eternel.jpg","width":1000,"height":666,"caption":"repos eternel"},{"@type":"BreadcrumbList","@id":"https:\/\/blog.holyart.it\/fr\/articles-religieux\/repos-eternel-la-priere-en-lhonneur-des-defunts\/#breadcrumb","itemListElement":[{"@type":"ListItem","position":1,"name":"Homepage","item":"https:\/\/blog.holyart.it\/fr\/"},{"@type":"ListItem","position":2,"name":"Religion","item":"https:\/\/blog.holyart.it\/fr\/articles-religieux\/"},{"@type":"ListItem","position":3,"name":"Repos \u00e9ternel : la pri\u00e8re en l\u2019honneur des d\u00e9funts"}]},{"@type":"WebSite","@id":"https:\/\/blog.holyart.it\/fr\/#website","url":"https:\/\/blog.holyart.it\/fr\/","name":"Holyart.fr Blog","description":"Holyblog","publisher":{"@id":"https:\/\/blog.holyart.it\/fr\/#organization"},"potentialAction":[{"@type":"SearchAction","target":{"@type":"EntryPoint","urlTemplate":"https:\/\/blog.holyart.it\/fr\/?s={search_term_string}"},"query-input":{"@type":"PropertyValueSpecification","valueRequired":true,"valueName":"search_term_string"}}],"inLanguage":"fr-FR"},{"@type":"Organization","@id":"https:\/\/blog.holyart.it\/fr\/#organization","name":"Holyart.fr Blog","url":"https:\/\/blog.holyart.it\/fr\/","logo":{"@type":"ImageObject","inLanguage":"fr-FR","@id":"https:\/\/blog.holyart.it\/fr\/#\/schema\/logo\/image\/","url":"https:\/\/blog.holyart.it\/fr\/wp-content\/uploads\/sites\/14\/2022\/12\/Holyart_Blog_Logo.jpg","contentUrl":"https:\/\/blog.holyart.it\/fr\/wp-content\/uploads\/sites\/14\/2022\/12\/Holyart_Blog_Logo.jpg","width":300,"height":50,"caption":"Holyart.fr Blog"},"image":{"@id":"https:\/\/blog.holyart.it\/fr\/#\/schema\/logo\/image\/"}},{"@type":"Person","@id":"https:\/\/blog.holyart.it\/fr\/#\/schema\/person\/0a7b686e5af0f856ec1e390dd0baecda","name":"Redazione","image":{"@type":"ImageObject","inLanguage":"fr-FR","@id":"https:\/\/blog.holyart.it\/fr\/#\/schema\/person\/image\/","url":"https:\/\/secure.gravatar.com\/avatar\/f477da817f43e50d0af36abecd33e3edf826c68299714bdc1057dff3b113f516?s=96&d=mm&r=g","contentUrl":"https:\/\/secure.gravatar.com\/avatar\/f477da817f43e50d0af36abecd33e3edf826c68299714bdc1057dff3b113f516?s=96&d=mm&r=g","caption":"Redazione"},"url":"https:\/\/blog.holyart.it\/fr\/author\/admin\/"}]}},"_links":{"self":[{"href":"https:\/\/blog.holyart.it\/fr\/wp-json\/wp\/v2\/posts\/7151","targetHints":{"allow":["GET"]}}],"collection":[{"href":"https:\/\/blog.holyart.it\/fr\/wp-json\/wp\/v2\/posts"}],"about":[{"href":"https:\/\/blog.holyart.it\/fr\/wp-json\/wp\/v2\/types\/post"}],"author":[{"embeddable":true,"href":"https:\/\/blog.holyart.it\/fr\/wp-json\/wp\/v2\/users\/1"}],"replies":[{"embeddable":true,"href":"https:\/\/blog.holyart.it\/fr\/wp-json\/wp\/v2\/comments?post=7151"}],"version-history":[{"count":1,"href":"https:\/\/blog.holyart.it\/fr\/wp-json\/wp\/v2\/posts\/7151\/revisions"}],"predecessor-version":[{"id":7157,"href":"https:\/\/blog.holyart.it\/fr\/wp-json\/wp\/v2\/posts\/7151\/revisions\/7157"}],"wp:featuredmedia":[{"embeddable":true,"href":"https:\/\/blog.holyart.it\/fr\/wp-json\/wp\/v2\/media\/7152"}],"wp:attachment":[{"href":"https:\/\/blog.holyart.it\/fr\/wp-json\/wp\/v2\/media?parent=7151"}],"wp:term":[{"taxonomy":"category","embeddable":true,"href":"https:\/\/blog.holyart.it\/fr\/wp-json\/wp\/v2\/categories?post=7151"},{"taxonomy":"post_tag","embeddable":true,"href":"https:\/\/blog.holyart.it\/fr\/wp-json\/wp\/v2\/tags?post=7151"}],"curies":[{"name":"wp","href":"https:\/\/api.w.org\/{rel}","templated":true}]}}