{"id":7143,"date":"2023-10-25T10:00:19","date_gmt":"2023-10-25T08:00:19","guid":{"rendered":"https:\/\/blog.holyart.it\/fr\/?p=7143"},"modified":"2025-10-28T14:45:28","modified_gmt":"2025-10-28T13:45:28","slug":"cremation-et-religion-catholique-est-elle-permise","status":"publish","type":"post","link":"https:\/\/blog.holyart.it\/fr\/articles-religieux\/cremation-et-religion-catholique-est-elle-permise\/","title":{"rendered":"Cr\u00e9mation et religion catholique : est-elle permise ?"},"content":{"rendered":"<h4>Le rapport entre cr\u00e9mation et religion catholique a fait pendant longtemps l\u2019objet d\u2019\u00e9quivoque et d\u2019incompr\u00e9hensions. Voici ce que l\u2019on peut et ce que l\u2019on ne peut pas faire quand on d\u00e9cide de br\u00fbler le corps d\u2019un \u00eatre cher d\u00e9c\u00e9d\u00e9.<\/h4>\n\n<p>Aujourd\u2019hui nous parlons de <strong>cr\u00e9mation et de religion catholique<\/strong>. Lorsque la <strong>Comm\u00e9moration des d\u00e9funts<\/strong> approche, il devient prioritaire pour les chr\u00e9tiens de r\u00e9fl\u00e9chir sur de nombreux aspects de la Foi et de la spiritualit\u00e9 catholique. Le <strong>rapport entre cr\u00e9mation et \u00c9glise<\/strong> est un de ces aspects un peu flou pour tout le monde. Dans cette p\u00e9riode d\u00e9di\u00e9e au recueillement et \u00e0 la m\u00e9ditation, outre qu\u2019\u00e0 la pri\u00e8re en soutient des \u00e2mes de qui n\u2019est plus \u00e0 nos c\u00f4t\u00e9s, il est normal de s\u2019attarder sur des r\u00e9alit\u00e9s profondes, pratiques et symboles qui appartiennent \u00e0 notre quotidien, au point que souvent nous cessons de nous interroger concernant leur origine et pourquoi ils sont si importants pour nous.<\/p>\n<h2>Signification de la Croix avant le Christianisme<\/h2>\n<p>Un des exemples les plus \u00e9vidents est la <a href=\"https:\/\/www.holyart.fr\/articles-religieux\/crucifix\/crucifix-en-bois\/crucifix-modele-corpus-bois-naturel-cire?_gl=1*1g2q1go*_gcl_aw*R0NMLjE2OTAyODEzMTIuQ2owS0NRanc1ZjJsQmhDa0FSSXNBSGVUdmxpUXN6U2xKQWxLR2lRUFROWmlldTdtUjJUUWFNb282YVMxaHAtSEp6RkExQVBPUHhodXB1MGFBcnVvRUFMd193Y0I.*_gcl_au*NTIzMjMyNDc1LjE2OTQ3ODgxNDM.*_ga*MTQ4NzE4MjM0Mi4xNjk0Nzg4MTQz*_ga_W18MV136NH*MTY5NjU4NzEzNy42NC4xLjE2OTY1ODcxNDEuMC4wLjA.\"><strong>Croix<\/strong><\/a>, symbole chr\u00e9tien par excellence, mais bien plus ancienne que l\u2019origine du Christianisme, qui n\u2019est surement pas la premi\u00e8re religion \u00e0 l\u2019utiliser. D\u00e9j\u00e0 \u00e0 l\u2019\u00e2ge de la Pierre elle \u00e9tait utilis\u00e9e, bien \u00e9videmment avec une valeur compl\u00e8tement diff\u00e9rente, et beaucoup de religions pr\u00e9chr\u00e9tiennes l\u2019ont rev\u00eatue de significations solennelles des si\u00e8cles avant qu\u2019elle ne soit associ\u00e9e \u00e0 la mort de J\u00e9sus. Du reste, la facilit\u00e9 avec laquelle elle peut \u00eatre reproduite nous fait deviner pourquoi elle est <a href=\"https:\/\/www.holyart.fr\/blog\/articles-religieux\/types-de-croix-et-leurs-significations\/\"><strong><u>un des symboles les plus anciens de l\u2019humanit\u00e9<\/u><\/strong><\/a>.<\/p>\n<div class=\"link-product\">\n<div class=\"blocco-immagine\"><img loading=\"lazy\" decoding=\"async\" class=\"size-full wp-image-7145 alignleft\" src=\"https:\/\/blog.holyart.it\/fr\/wp-content\/uploads\/sites\/14\/2023\/10\/crucifix-modele-corpus.jpg\" alt=\"crucifix modele corpus\" width=\"100\" height=\"100\" data-kale-share-title=\"Cr\u00e9mation et religion catholique : est-elle permise ?\" data-kale-share-url=\"https:\/\/blog.holyart.it\/fr\/?p=7143\" \/><\/div>\n<div class=\"blocco-contenuto\">\n<div class=\"blocco-acquista\">Acheter sur Holyart:<\/div>\n<div class=\"blocco-titolo\"><a href=\"https:\/\/www.holyart.fr\/articles-religieux\/crucifix\/crucifix-en-bois\/crucifix-modele-corpus-bois-naturel-cire?_gl=1*1g2q1go*_gcl_aw*R0NMLjE2OTAyODEzMTIuQ2owS0NRanc1ZjJsQmhDa0FSSXNBSGVUdmxpUXN6U2xKQWxLR2lRUFROWmlldTdtUjJUUWFNb282YVMxaHAtSEp6RkExQVBPUHhodXB1MGFBcnVvRUFMd193Y0I.*_gcl_au*NTIzMjMyNDc1LjE2OTQ3ODgxNDM.*_ga*MTQ4NzE4MjM0Mi4xNjk0Nzg4MTQz*_ga_W18MV136NH*MTY5NjU4NzEzNy42NC4xLjE2OTY1ODcxNDEuMC4wLjA.\">Crucifix mod\u00e8le Corpus bois naturel cir\u00e9<\/a><\/div>\n<div class=\"blocco-descrizione\">Ce crucifix en bois d&rsquo;\u00e9rable est sculpt\u00e9 \u00e0 la main par des artisans de la Valgardena.<\/div>\n<\/div>\n<\/div>\n<p>Dans la <strong>mythologie viking<\/strong>, Odin \u00e9tait symbolis\u00e9 par une croix referm\u00e9e dans un cercle, encore aujourd\u2019hui connue comme <strong>croix celtique<\/strong>, tandis que pour les <strong>\u00c9gyptiens<\/strong> une croix avec un cercle sur son sommet, l\u2019<em>ankh<\/em>, \u00e9tait un symbole de vie et de fertilit\u00e9. Mais la croix pr\u00e9chr\u00e9tienne \u00e9tait utilis\u00e9e comme symbole religieux et comme ornement \u00e9galement en Syrie, Gr\u00e8ce, Inde, Afrique et Mexique. Si aujourd\u2019hui la Croix est consid\u00e9r\u00e9e par les chr\u00e9tiens catholiques comme le <a href=\"https:\/\/www.holyart.fr\/blog\/articles-religieux\/pourquoi-jesus-en-croix-est-un-symbole-si-important-pour-les-catholiques\/\"><strong><u>symbole de l\u2019Amour<\/u> de Dieu<\/strong><\/a>, dans son rappel de la mort de J\u00e9sus, qui s\u2019est immol\u00e9 pour nous tous, dans l\u2019antiquit\u00e9 elle n\u2019\u00e9tait pas appr\u00e9ci\u00e9e par les chr\u00e9tiens m\u00eame, puisqu\u2019elle \u00e9tait consid\u00e9r\u00e9e comme un symbole de bl\u00e2me, associ\u00e9e uniquement \u00e0 l\u2019id\u00e9e du supplice. Ensuite, petit \u00e0 petit, elle commen\u00e7a \u00e0 \u00eatre utilis\u00e9e avec la signification que nous lui attribuons aujourd\u2019hui.<\/p>\n<div class=\"link-article\">\n<p><img loading=\"lazy\" decoding=\"async\" class=\"size-full wp-image-7146 alignleft\" src=\"https:\/\/blog.holyart.it\/fr\/wp-content\/uploads\/sites\/14\/2023\/10\/jesus-en-croix.jpg\" alt=\"jesus en croix\" width=\"150\" height=\"99\" data-kale-share-title=\"Cr\u00e9mation et religion catholique : est-elle permise ?\" data-kale-share-url=\"https:\/\/blog.holyart.it\/fr\/?p=7143\" \/><\/p>\n<div class=\"leggi-anche\">Lire aussi :<\/div>\n<p><strong><a href=\"https:\/\/www.holyart.fr\/blog\/articles-religieux\/pourquoi-jesus-en-croix-est-un-symbole-si-important-pour-les-catholiques\/\">Pourquoi J\u00e9sus en croix est un symbole si important pour les catholiques ?<\/a><\/strong><br \/>\nLa figure de J\u00e9sus en croix repr\u00e9sente pour chaque chr\u00e9tien le symbole de l\u2019amour par excellence, l\u2019incarnation de sa propre mission de foi et de vie.<\/p>\n<\/div>\n<p>&nbsp;<\/p>\n<h2>Cr\u00e9mation et Catholicisme<\/h2>\n<p>En ce qui concerne la <strong>cr\u00e9mation<\/strong>, c\u2019est-\u00e0-dire la pratique de r\u00e9duire en cendres le corps des d\u00e9funts, comment se place l\u2019\u00c9glise ? Eh bien, <strong>la cr\u00e9mation est admise par l\u2019\u00e9glise catholique<\/strong>. Cela est \u00e0 clarifier, car dans le pass\u00e9, il y a eu des p\u00e9riodes d\u2019ouverte opposition \u00e0 cette pratique. En r\u00e9alit\u00e9, \u00e7a n\u2019a jamais \u00e9t\u00e9 la pratique de la cr\u00e9mation en soi qui \u00e9tait condamn\u00e9e. M\u00eame si en Occident <a href=\"https:\/\/www.holyart.fr\/blog\/articles-religieux\/comment-se-deroulent-des-funerailles-catholiques\/\"><strong><u>on a toujours pr\u00e9f\u00e9r\u00e9 la s\u00e9pulture<\/u><\/strong><\/a>, \u00e0 de nombreuses p\u00e9riodes de l\u2019histoire de l\u2019humanit\u00e9 il n\u2019y avait pas d\u2019autres choix que de br\u00fbler les cadavres, surtout en cas de situations critiques d\u2019un point de vue <strong>hygi\u00e9nique-sanitaire<\/strong>, comme les \u00e9pid\u00e9mies et les guerres. Cette \u00e9ventualit\u00e9 ne mettait en aucun cas en discussion <strong>le droit des \u00e2mes d\u2019obtenir l\u2019immortalit\u00e9<\/strong>.<\/p>\n<div class=\"link-article\">\n<p><img loading=\"lazy\" decoding=\"async\" class=\"size-full wp-image-7147 alignleft\" src=\"https:\/\/blog.holyart.it\/fr\/wp-content\/uploads\/sites\/14\/2023\/10\/Comment-se-deroulent-des-funerailles-catholiques.jpg\" alt=\"Comment se d\u00e9roulent des fun\u00e9railles catholiques\" width=\"150\" height=\"99\" data-kale-share-title=\"Cr\u00e9mation et religion catholique : est-elle permise ?\" data-kale-share-url=\"https:\/\/blog.holyart.it\/fr\/?p=7143\" \/><\/p>\n<div class=\"leggi-anche\">Lire aussi :<\/div>\n<p><strong><a href=\"https:\/\/www.holyart.fr\/blog\/articles-religieux\/comment-se-deroulent-des-funerailles-catholiques\/\">Comment se d\u00e9roulent des fun\u00e9railles catholiques<\/a><\/strong><br \/>\nLa mort pour un catholique repr\u00e9sente une rencontre avec J\u00e9sus dans la vie \u00e9ternelle. Voici comment se d\u00e9roulent des fun\u00e9railles catholiques.<\/p>\n<\/div>\n<p>Il est vrai, toutefois, que dans de nombreux cas la cr\u00e9mation \u00e9tait une pratique li\u00e9e au paganisme et \u00e0 qui niait la vie apr\u00e8s la mort et la R\u00e9surrection. <strong>\u00c0 l\u2019\u00e9poque des Lumi\u00e8res<\/strong>, l\u2019ath\u00e9isme dominant fit de la cr\u00e9mation un de ses remparts, une mani\u00e8re pour railler les croyants et la religion et, pour cette raison, <strong>l\u2019\u00c9glise d\u00fbt, pendant une certaine p\u00e9riode, condamner la pratique de la cr\u00e9mation<\/strong>, en raison de ce qu\u2019elle \u00e9tait arriv\u00e9e \u00e0 symboliser pour les ennemis du Christianisme. Elle fut r\u00e9tablie par le Saint-Si\u00e8ge seulement en <strong>1963<\/strong>, avec le document <em>Piam et Constantem<\/em>, et, depuis lors, elle est consid\u00e9r\u00e9e comme une forme de soin des d\u00e9funts tout aussi respectueuse que la s\u00e9pulture. Quand, \u00e0 la fin des temps, tous les croyants ressusciteront, on ne fera donc pas de diff\u00e9rence si d\u2019eux il ne reste que de la poussi\u00e8re ou plut\u00f4t des cendres, \u00e0 condition qu\u2019ils se soient endormis dans la lumi\u00e8re et dans l\u2019amour de Dieu.<\/p>\n<h2>Comment conserver les cendres des d\u00e9funts<\/h2>\n<p>Et apr\u00e8s la cr\u00e9mation, que peut-on faire avec les cendres\u00a0? Si d\u2019un c\u00f4t\u00e9 nous avons d\u00e9j\u00e0 vu que l\u2019\u00c9glise admet la cr\u00e9mation, une attitude toute autre est r\u00e9serv\u00e9e \u00e0 la dispersion des cendres apr\u00e8s la cr\u00e9mation. La <strong>Congr\u00e9gation pour la doctrine de la Foi<\/strong> accepte la cr\u00e9mation, mais <strong>interdit la dispersion des cendres des d\u00e9funts<\/strong> dans l\u2019air, l\u2019eau ou la terre et m\u00eame la <strong>conservation des cendres fun\u00e9raires \u00e0 la maison<\/strong>. L\u2019instruction <em>Ad resurgendum com Christo<\/em>, qui en 2016 a \u00e9t\u00e9 approuv\u00e9e par Pape Fran\u00e7ois et a mis \u00e0 jour la pr\u00e9c\u00e9dente <em>Piam et Constantem<\/em>, confitme que \u00ab\u00a0<em>l\u2019incin\u00e9ration n\u2019est pas interdite, \u00e0 moins qu\u2019elle n\u2019ait \u00e9t\u00e9 choisie pour des raisons contraires \u00e0 la doctrine chr\u00e9tienne<\/em>\u00a0\u00bb, en pr\u00e9cisant toutefois que \u00ab\u00a0<em>les cendres du d\u00e9funt doivent \u00eatre conserv\u00e9es normalement dans un lieu sacr\u00e9, \u00e0 savoir le cimeti\u00e8re ou, le cas \u00e9ch\u00e9ant, une \u00e9glise ou un espace sp\u00e9cialement d\u00e9di\u00e9 \u00e0 cet effet par l\u2019autorit\u00e9 eccl\u00e9siastique comp\u00e9tente<\/em>\u00a0\u00bb. En outre, la s\u00e9pulture est toujours consid\u00e9r\u00e9e la pratique pr\u00e9f\u00e9rentielle, \u00e0 moins que \u00ab\u00a0<em>des raisons de type hygi\u00e9nique, \u00e9conomique ou social poussent \u00e0 choisir l\u2019incin\u00e9ration<\/em>\u00a0\u00bb.<\/p>\n<p>Si les <strong>lois civiles<\/strong> permettent donc de conserver chez soi apr\u00e8s l\u2019incin\u00e9ration les cendres fun\u00e9raires de ses \u00eatres chers, ou de les ins\u00e9rer dans des objets comm\u00e9moratifs (bijoux, sculptures), ou encore de les disperser selon les normes hygi\u00e9niques-sanitaires \u00e9tablies par la Commune, pour l\u2019\u00c9glise une conservation des cendres qui vont au-del\u00e0 des r\u00e8gles impos\u00e9es pr\u00e9voit le l\u00e9gitime <strong>refus des Obs\u00e8ques<\/strong>.<\/p>\n<p>Dans notre magasin en ligne, vous trouverez des <a href=\"https:\/\/www.holyart.fr\/articles-religieux\/articles-funeraires?_gl=1*bhtrt3*_gcl_aw*R0NMLjE2OTAyODEzMTIuQ2owS0NRanc1ZjJsQmhDa0FSSXNBSGVUdmxpUXN6U2xKQWxLR2lRUFROWmlldTdtUjJUUWFNb282YVMxaHAtSEp6RkExQVBPUHhodXB1MGFBcnVvRUFMd193Y0I.*_gcl_au*NTIzMjMyNDc1LjE2OTQ3ODgxNDM.*_ga*MTQ4NzE4MjM0Mi4xNjk0Nzg4MTQz*_ga_W18MV136NH*MTY5NjU4NzEzNy42NC4xLjE2OTY1ODc1NDIuMC4wLjA.\"><strong>articles fun\u00e9raires en tout genre<\/strong><\/a>, urnes fun\u00e9raires et <a href=\"https:\/\/www.holyart.fr\/articles-religieux\/articles-funeraires?_gl=1*bhtrt3*_gcl_aw*R0NMLjE2OTAyODEzMTIuQ2owS0NRanc1ZjJsQmhDa0FSSXNBSGVUdmxpUXN6U2xKQWxLR2lRUFROWmlldTdtUjJUUWFNb282YVMxaHAtSEp6RkExQVBPUHhodXB1MGFBcnVvRUFMd193Y0I.*_gcl_au*NTIzMjMyNDc1LjE2OTQ3ODgxNDM.*_ga*MTQ4NzE4MjM0Mi4xNjk0Nzg4MTQz*_ga_W18MV136NH*MTY5NjU4NzEzNy42NC4xLjE2OTY1ODc1NDIuMC4wLjA.\"><strong>urnes pour cendres<\/strong><\/a> r\u00e9alis\u00e9es \u00e0 la main par des artisans italiens, plaques et appliques pour pierres tombales de cimeti\u00e8re, vases pour fleurs et une vaste gamme de bougies votives, veilleuses et lampes en cire ou \u00e9lectrique pour illuminer le lieu de repos de vos \u00eatres chers.<\/p>\n<div class=\"link-product\">\n<div class=\"blocco-immagine\"><img loading=\"lazy\" decoding=\"async\" class=\"size-full wp-image-7148 alignleft\" src=\"https:\/\/blog.holyart.it\/fr\/wp-content\/uploads\/sites\/14\/2023\/10\/articles-funeraires.jpg\" alt=\"articles funeraires\" width=\"100\" height=\"100\" data-kale-share-title=\"Cr\u00e9mation et religion catholique : est-elle permise ?\" data-kale-share-url=\"https:\/\/blog.holyart.it\/fr\/?p=7143\" \/><\/div>\n<div class=\"blocco-contenuto\">\n<div class=\"blocco-acquista\">Acheter sur Holyart:<\/div>\n<div class=\"blocco-titolo\"><a href=\"https:\/\/www.holyart.fr\/articles-religieux\/articles-funeraires?_gl=1*bhtrt3*_gcl_aw*R0NMLjE2OTAyODEzMTIuQ2owS0NRanc1ZjJsQmhDa0FSSXNBSGVUdmxpUXN6U2xKQWxLR2lRUFROWmlldTdtUjJUUWFNb282YVMxaHAtSEp6RkExQVBPUHhodXB1MGFBcnVvRUFMd193Y0I.*_gcl_au*NTIzMjMyNDc1LjE2OTQ3ODgxNDM.*_ga*MTQ4NzE4MjM0Mi4xNjk0Nzg4MTQz*_ga_W18MV136NH*MTY5NjU4NzEzNy42NC4xLjE2OTY1ODc1NDIuMC4wLjA.\">Articles fun\u00e9raires<\/a><\/div>\n<div class=\"blocco-descrizione\">Sont aussi r\u00e9alis\u00e9es \u00e0 la main par des artisans italiens des plaques fun\u00e9raires pour cim\u00e9ti\u00e8res et des vases.<\/div>\n<\/div>\n<\/div>\n<h2>S\u00e9pulture ou cr\u00e9mation : que dit la Bible ?<\/h2>\n<p>Nous avons d\u00e9j\u00e0 vu donc la position de l\u2019\u00c9glise catholique vis-\u00e0-vis de la cr\u00e9mation. Mais, dans la <strong>Bible<\/strong>, qu\u2019est-il \u00e9crit \u00e0 ce propos ? En ce qui concerne la Bible, l\u2019<strong>Ancien Testament ne condamne pas la cr\u00e9mation<\/strong>, ni fournit d\u2019indications contraires ou en faveur de cette pratique. Les Juifs enterraient leurs morts dans des tombes ou des cavernes, mais la Bible n\u2019indique pas la s\u00e9pulture comme seule et unique mani\u00e8re permise pour s\u2019occuper d\u2019un cadavre.<\/p>\n","protected":false},"excerpt":{"rendered":"<p>Le rapport entre cr\u00e9mation et religion catholique a fait pendant longtemps l\u2019objet d\u2019\u00e9quivoque et d\u2019incompr\u00e9hensions. Voici ce que l\u2019on peut et ce que l\u2019on ne peut pas faire quand on d\u00e9cide de br\u00fbler le corps d\u2019un \u00eatre cher d\u00e9c\u00e9d\u00e9. Aujourd\u2019hui nous parlons de cr\u00e9mation et&hellip;<\/p>\n","protected":false},"author":1,"featured_media":7144,"comment_status":"closed","ping_status":"open","sticky":false,"template":"","format":"standard","meta":{"_acf_changed":false,"footnotes":""},"categories":[8],"tags":[],"class_list":["post-7143","post","type-post","status-publish","format-standard","has-post-thumbnail","hentry","category-articles-religieux"],"acf":[],"yoast_head":"<!-- This site is optimized with the Yoast SEO plugin v26.6 - https:\/\/yoast.com\/wordpress\/plugins\/seo\/ -->\n<title>Cr\u00e9mation et religion catholique : est-elle permise ? - Holyart.fr Blog<\/title>\n<meta name=\"description\" content=\"Comment le rapport entre cr\u00e9mation et religion catholique a-t-il \u00e9volu\u00e9. Aucune condamnation contre cette pratique, mais des r\u00e8gles pr\u00e9cises concernant la conservation des cendres.\" \/>\n<meta name=\"robots\" content=\"index, follow, max-snippet:-1, max-image-preview:large, max-video-preview:-1\" \/>\n<link rel=\"canonical\" href=\"https:\/\/blog.holyart.it\/fr\/articles-religieux\/cremation-et-religion-catholique-est-elle-permise\/\" \/>\n<meta property=\"og:locale\" content=\"fr_FR\" \/>\n<meta property=\"og:type\" content=\"article\" \/>\n<meta property=\"og:title\" content=\"Cr\u00e9mation et religion catholique : est-elle permise ? - Holyart.fr Blog\" \/>\n<meta property=\"og:description\" content=\"Comment le rapport entre cr\u00e9mation et religion catholique a-t-il \u00e9volu\u00e9. Aucune condamnation contre cette pratique, mais des r\u00e8gles pr\u00e9cises concernant la conservation des cendres.\" \/>\n<meta property=\"og:url\" content=\"https:\/\/blog.holyart.it\/fr\/articles-religieux\/cremation-et-religion-catholique-est-elle-permise\/\" \/>\n<meta property=\"og:site_name\" content=\"Holyart.fr Blog\" \/>\n<meta property=\"article:published_time\" content=\"2023-10-25T08:00:19+00:00\" \/>\n<meta property=\"article:modified_time\" content=\"2025-10-28T13:45:28+00:00\" \/>\n<meta property=\"og:image\" content=\"https:\/\/blog.holyart.it\/fr\/wp-content\/uploads\/sites\/14\/2023\/10\/cremation-et-religion-catholique.jpeg\" \/>\n\t<meta property=\"og:image:width\" content=\"1000\" \/>\n\t<meta property=\"og:image:height\" content=\"666\" \/>\n\t<meta property=\"og:image:type\" content=\"image\/jpeg\" \/>\n<meta name=\"author\" content=\"Redazione\" \/>\n<meta name=\"twitter:card\" content=\"summary_large_image\" \/>\n<meta name=\"twitter:label1\" content=\"\u00c9crit par\" \/>\n\t<meta name=\"twitter:data1\" content=\"Redazione\" \/>\n\t<meta name=\"twitter:label2\" content=\"Dur\u00e9e de lecture estim\u00e9e\" \/>\n\t<meta name=\"twitter:data2\" content=\"8 minutes\" \/>\n<script type=\"application\/ld+json\" class=\"yoast-schema-graph\">{\"@context\":\"https:\/\/schema.org\",\"@graph\":[{\"@type\":\"Article\",\"@id\":\"https:\/\/blog.holyart.it\/fr\/articles-religieux\/cremation-et-religion-catholique-est-elle-permise\/#article\",\"isPartOf\":{\"@id\":\"https:\/\/blog.holyart.it\/fr\/articles-religieux\/cremation-et-religion-catholique-est-elle-permise\/\"},\"author\":{\"name\":\"Redazione\",\"@id\":\"https:\/\/blog.holyart.it\/fr\/#\/schema\/person\/0a7b686e5af0f856ec1e390dd0baecda\"},\"headline\":\"Cr\u00e9mation et religion catholique : est-elle permise ?\",\"datePublished\":\"2023-10-25T08:00:19+00:00\",\"dateModified\":\"2025-10-28T13:45:28+00:00\",\"mainEntityOfPage\":{\"@id\":\"https:\/\/blog.holyart.it\/fr\/articles-religieux\/cremation-et-religion-catholique-est-elle-permise\/\"},\"wordCount\":1397,\"publisher\":{\"@id\":\"https:\/\/blog.holyart.it\/fr\/#organization\"},\"image\":{\"@id\":\"https:\/\/blog.holyart.it\/fr\/articles-religieux\/cremation-et-religion-catholique-est-elle-permise\/#primaryimage\"},\"thumbnailUrl\":\"https:\/\/blog.holyart.it\/fr\/wp-content\/uploads\/sites\/14\/2023\/10\/cremation-et-religion-catholique.jpeg\",\"articleSection\":[\"Religion\"],\"inLanguage\":\"fr-FR\"},{\"@type\":\"WebPage\",\"@id\":\"https:\/\/blog.holyart.it\/fr\/articles-religieux\/cremation-et-religion-catholique-est-elle-permise\/\",\"url\":\"https:\/\/blog.holyart.it\/fr\/articles-religieux\/cremation-et-religion-catholique-est-elle-permise\/\",\"name\":\"Cr\u00e9mation et religion catholique : est-elle permise ? - Holyart.fr Blog\",\"isPartOf\":{\"@id\":\"https:\/\/blog.holyart.it\/fr\/#website\"},\"primaryImageOfPage\":{\"@id\":\"https:\/\/blog.holyart.it\/fr\/articles-religieux\/cremation-et-religion-catholique-est-elle-permise\/#primaryimage\"},\"image\":{\"@id\":\"https:\/\/blog.holyart.it\/fr\/articles-religieux\/cremation-et-religion-catholique-est-elle-permise\/#primaryimage\"},\"thumbnailUrl\":\"https:\/\/blog.holyart.it\/fr\/wp-content\/uploads\/sites\/14\/2023\/10\/cremation-et-religion-catholique.jpeg\",\"datePublished\":\"2023-10-25T08:00:19+00:00\",\"dateModified\":\"2025-10-28T13:45:28+00:00\",\"description\":\"Comment le rapport entre cr\u00e9mation et religion catholique a-t-il \u00e9volu\u00e9. Aucune condamnation contre cette pratique, mais des r\u00e8gles pr\u00e9cises concernant la conservation des cendres.\",\"breadcrumb\":{\"@id\":\"https:\/\/blog.holyart.it\/fr\/articles-religieux\/cremation-et-religion-catholique-est-elle-permise\/#breadcrumb\"},\"inLanguage\":\"fr-FR\",\"potentialAction\":[{\"@type\":\"ReadAction\",\"target\":[\"https:\/\/blog.holyart.it\/fr\/articles-religieux\/cremation-et-religion-catholique-est-elle-permise\/\"]}]},{\"@type\":\"ImageObject\",\"inLanguage\":\"fr-FR\",\"@id\":\"https:\/\/blog.holyart.it\/fr\/articles-religieux\/cremation-et-religion-catholique-est-elle-permise\/#primaryimage\",\"url\":\"https:\/\/blog.holyart.it\/fr\/wp-content\/uploads\/sites\/14\/2023\/10\/cremation-et-religion-catholique.jpeg\",\"contentUrl\":\"https:\/\/blog.holyart.it\/fr\/wp-content\/uploads\/sites\/14\/2023\/10\/cremation-et-religion-catholique.jpeg\",\"width\":1000,\"height\":666,\"caption\":\"cremation et religion catholique\"},{\"@type\":\"BreadcrumbList\",\"@id\":\"https:\/\/blog.holyart.it\/fr\/articles-religieux\/cremation-et-religion-catholique-est-elle-permise\/#breadcrumb\",\"itemListElement\":[{\"@type\":\"ListItem\",\"position\":1,\"name\":\"Homepage\",\"item\":\"https:\/\/blog.holyart.it\/fr\/\"},{\"@type\":\"ListItem\",\"position\":2,\"name\":\"Religion\",\"item\":\"https:\/\/blog.holyart.it\/fr\/articles-religieux\/\"},{\"@type\":\"ListItem\",\"position\":3,\"name\":\"Cr\u00e9mation et religion catholique : est-elle permise ?\"}]},{\"@type\":\"WebSite\",\"@id\":\"https:\/\/blog.holyart.it\/fr\/#website\",\"url\":\"https:\/\/blog.holyart.it\/fr\/\",\"name\":\"Holyart.fr Blog\",\"description\":\"Holyblog\",\"publisher\":{\"@id\":\"https:\/\/blog.holyart.it\/fr\/#organization\"},\"potentialAction\":[{\"@type\":\"SearchAction\",\"target\":{\"@type\":\"EntryPoint\",\"urlTemplate\":\"https:\/\/blog.holyart.it\/fr\/?s={search_term_string}\"},\"query-input\":{\"@type\":\"PropertyValueSpecification\",\"valueRequired\":true,\"valueName\":\"search_term_string\"}}],\"inLanguage\":\"fr-FR\"},{\"@type\":\"Organization\",\"@id\":\"https:\/\/blog.holyart.it\/fr\/#organization\",\"name\":\"Holyart.fr Blog\",\"url\":\"https:\/\/blog.holyart.it\/fr\/\",\"logo\":{\"@type\":\"ImageObject\",\"inLanguage\":\"fr-FR\",\"@id\":\"https:\/\/blog.holyart.it\/fr\/#\/schema\/logo\/image\/\",\"url\":\"https:\/\/blog.holyart.it\/fr\/wp-content\/uploads\/sites\/14\/2022\/12\/Holyart_Blog_Logo.jpg\",\"contentUrl\":\"https:\/\/blog.holyart.it\/fr\/wp-content\/uploads\/sites\/14\/2022\/12\/Holyart_Blog_Logo.jpg\",\"width\":300,\"height\":50,\"caption\":\"Holyart.fr Blog\"},\"image\":{\"@id\":\"https:\/\/blog.holyart.it\/fr\/#\/schema\/logo\/image\/\"}},{\"@type\":\"Person\",\"@id\":\"https:\/\/blog.holyart.it\/fr\/#\/schema\/person\/0a7b686e5af0f856ec1e390dd0baecda\",\"name\":\"Redazione\",\"image\":{\"@type\":\"ImageObject\",\"inLanguage\":\"fr-FR\",\"@id\":\"https:\/\/blog.holyart.it\/fr\/#\/schema\/person\/image\/\",\"url\":\"https:\/\/secure.gravatar.com\/avatar\/f477da817f43e50d0af36abecd33e3edf826c68299714bdc1057dff3b113f516?s=96&d=mm&r=g\",\"contentUrl\":\"https:\/\/secure.gravatar.com\/avatar\/f477da817f43e50d0af36abecd33e3edf826c68299714bdc1057dff3b113f516?s=96&d=mm&r=g\",\"caption\":\"Redazione\"},\"url\":\"https:\/\/blog.holyart.it\/fr\/author\/admin\/\"}]}<\/script>\n<!-- \/ Yoast SEO plugin. -->","yoast_head_json":{"title":"Cr\u00e9mation et religion catholique : est-elle permise ? - Holyart.fr Blog","description":"Comment le rapport entre cr\u00e9mation et religion catholique a-t-il \u00e9volu\u00e9. Aucune condamnation contre cette pratique, mais des r\u00e8gles pr\u00e9cises concernant la conservation des cendres.","robots":{"index":"index","follow":"follow","max-snippet":"max-snippet:-1","max-image-preview":"max-image-preview:large","max-video-preview":"max-video-preview:-1"},"canonical":"https:\/\/blog.holyart.it\/fr\/articles-religieux\/cremation-et-religion-catholique-est-elle-permise\/","og_locale":"fr_FR","og_type":"article","og_title":"Cr\u00e9mation et religion catholique : est-elle permise ? - Holyart.fr Blog","og_description":"Comment le rapport entre cr\u00e9mation et religion catholique a-t-il \u00e9volu\u00e9. Aucune condamnation contre cette pratique, mais des r\u00e8gles pr\u00e9cises concernant la conservation des cendres.","og_url":"https:\/\/blog.holyart.it\/fr\/articles-religieux\/cremation-et-religion-catholique-est-elle-permise\/","og_site_name":"Holyart.fr Blog","article_published_time":"2023-10-25T08:00:19+00:00","article_modified_time":"2025-10-28T13:45:28+00:00","og_image":[{"width":1000,"height":666,"url":"https:\/\/blog.holyart.it\/fr\/wp-content\/uploads\/sites\/14\/2023\/10\/cremation-et-religion-catholique.jpeg","type":"image\/jpeg"}],"author":"Redazione","twitter_card":"summary_large_image","twitter_misc":{"\u00c9crit par":"Redazione","Dur\u00e9e de lecture estim\u00e9e":"8 minutes"},"schema":{"@context":"https:\/\/schema.org","@graph":[{"@type":"Article","@id":"https:\/\/blog.holyart.it\/fr\/articles-religieux\/cremation-et-religion-catholique-est-elle-permise\/#article","isPartOf":{"@id":"https:\/\/blog.holyart.it\/fr\/articles-religieux\/cremation-et-religion-catholique-est-elle-permise\/"},"author":{"name":"Redazione","@id":"https:\/\/blog.holyart.it\/fr\/#\/schema\/person\/0a7b686e5af0f856ec1e390dd0baecda"},"headline":"Cr\u00e9mation et religion catholique : est-elle permise ?","datePublished":"2023-10-25T08:00:19+00:00","dateModified":"2025-10-28T13:45:28+00:00","mainEntityOfPage":{"@id":"https:\/\/blog.holyart.it\/fr\/articles-religieux\/cremation-et-religion-catholique-est-elle-permise\/"},"wordCount":1397,"publisher":{"@id":"https:\/\/blog.holyart.it\/fr\/#organization"},"image":{"@id":"https:\/\/blog.holyart.it\/fr\/articles-religieux\/cremation-et-religion-catholique-est-elle-permise\/#primaryimage"},"thumbnailUrl":"https:\/\/blog.holyart.it\/fr\/wp-content\/uploads\/sites\/14\/2023\/10\/cremation-et-religion-catholique.jpeg","articleSection":["Religion"],"inLanguage":"fr-FR"},{"@type":"WebPage","@id":"https:\/\/blog.holyart.it\/fr\/articles-religieux\/cremation-et-religion-catholique-est-elle-permise\/","url":"https:\/\/blog.holyart.it\/fr\/articles-religieux\/cremation-et-religion-catholique-est-elle-permise\/","name":"Cr\u00e9mation et religion catholique : est-elle permise ? - Holyart.fr Blog","isPartOf":{"@id":"https:\/\/blog.holyart.it\/fr\/#website"},"primaryImageOfPage":{"@id":"https:\/\/blog.holyart.it\/fr\/articles-religieux\/cremation-et-religion-catholique-est-elle-permise\/#primaryimage"},"image":{"@id":"https:\/\/blog.holyart.it\/fr\/articles-religieux\/cremation-et-religion-catholique-est-elle-permise\/#primaryimage"},"thumbnailUrl":"https:\/\/blog.holyart.it\/fr\/wp-content\/uploads\/sites\/14\/2023\/10\/cremation-et-religion-catholique.jpeg","datePublished":"2023-10-25T08:00:19+00:00","dateModified":"2025-10-28T13:45:28+00:00","description":"Comment le rapport entre cr\u00e9mation et religion catholique a-t-il \u00e9volu\u00e9. Aucune condamnation contre cette pratique, mais des r\u00e8gles pr\u00e9cises concernant la conservation des cendres.","breadcrumb":{"@id":"https:\/\/blog.holyart.it\/fr\/articles-religieux\/cremation-et-religion-catholique-est-elle-permise\/#breadcrumb"},"inLanguage":"fr-FR","potentialAction":[{"@type":"ReadAction","target":["https:\/\/blog.holyart.it\/fr\/articles-religieux\/cremation-et-religion-catholique-est-elle-permise\/"]}]},{"@type":"ImageObject","inLanguage":"fr-FR","@id":"https:\/\/blog.holyart.it\/fr\/articles-religieux\/cremation-et-religion-catholique-est-elle-permise\/#primaryimage","url":"https:\/\/blog.holyart.it\/fr\/wp-content\/uploads\/sites\/14\/2023\/10\/cremation-et-religion-catholique.jpeg","contentUrl":"https:\/\/blog.holyart.it\/fr\/wp-content\/uploads\/sites\/14\/2023\/10\/cremation-et-religion-catholique.jpeg","width":1000,"height":666,"caption":"cremation et religion catholique"},{"@type":"BreadcrumbList","@id":"https:\/\/blog.holyart.it\/fr\/articles-religieux\/cremation-et-religion-catholique-est-elle-permise\/#breadcrumb","itemListElement":[{"@type":"ListItem","position":1,"name":"Homepage","item":"https:\/\/blog.holyart.it\/fr\/"},{"@type":"ListItem","position":2,"name":"Religion","item":"https:\/\/blog.holyart.it\/fr\/articles-religieux\/"},{"@type":"ListItem","position":3,"name":"Cr\u00e9mation et religion catholique : est-elle permise ?"}]},{"@type":"WebSite","@id":"https:\/\/blog.holyart.it\/fr\/#website","url":"https:\/\/blog.holyart.it\/fr\/","name":"Holyart.fr Blog","description":"Holyblog","publisher":{"@id":"https:\/\/blog.holyart.it\/fr\/#organization"},"potentialAction":[{"@type":"SearchAction","target":{"@type":"EntryPoint","urlTemplate":"https:\/\/blog.holyart.it\/fr\/?s={search_term_string}"},"query-input":{"@type":"PropertyValueSpecification","valueRequired":true,"valueName":"search_term_string"}}],"inLanguage":"fr-FR"},{"@type":"Organization","@id":"https:\/\/blog.holyart.it\/fr\/#organization","name":"Holyart.fr Blog","url":"https:\/\/blog.holyart.it\/fr\/","logo":{"@type":"ImageObject","inLanguage":"fr-FR","@id":"https:\/\/blog.holyart.it\/fr\/#\/schema\/logo\/image\/","url":"https:\/\/blog.holyart.it\/fr\/wp-content\/uploads\/sites\/14\/2022\/12\/Holyart_Blog_Logo.jpg","contentUrl":"https:\/\/blog.holyart.it\/fr\/wp-content\/uploads\/sites\/14\/2022\/12\/Holyart_Blog_Logo.jpg","width":300,"height":50,"caption":"Holyart.fr Blog"},"image":{"@id":"https:\/\/blog.holyart.it\/fr\/#\/schema\/logo\/image\/"}},{"@type":"Person","@id":"https:\/\/blog.holyart.it\/fr\/#\/schema\/person\/0a7b686e5af0f856ec1e390dd0baecda","name":"Redazione","image":{"@type":"ImageObject","inLanguage":"fr-FR","@id":"https:\/\/blog.holyart.it\/fr\/#\/schema\/person\/image\/","url":"https:\/\/secure.gravatar.com\/avatar\/f477da817f43e50d0af36abecd33e3edf826c68299714bdc1057dff3b113f516?s=96&d=mm&r=g","contentUrl":"https:\/\/secure.gravatar.com\/avatar\/f477da817f43e50d0af36abecd33e3edf826c68299714bdc1057dff3b113f516?s=96&d=mm&r=g","caption":"Redazione"},"url":"https:\/\/blog.holyart.it\/fr\/author\/admin\/"}]}},"_links":{"self":[{"href":"https:\/\/blog.holyart.it\/fr\/wp-json\/wp\/v2\/posts\/7143","targetHints":{"allow":["GET"]}}],"collection":[{"href":"https:\/\/blog.holyart.it\/fr\/wp-json\/wp\/v2\/posts"}],"about":[{"href":"https:\/\/blog.holyart.it\/fr\/wp-json\/wp\/v2\/types\/post"}],"author":[{"embeddable":true,"href":"https:\/\/blog.holyart.it\/fr\/wp-json\/wp\/v2\/users\/1"}],"replies":[{"embeddable":true,"href":"https:\/\/blog.holyart.it\/fr\/wp-json\/wp\/v2\/comments?post=7143"}],"version-history":[{"count":2,"href":"https:\/\/blog.holyart.it\/fr\/wp-json\/wp\/v2\/posts\/7143\/revisions"}],"predecessor-version":[{"id":7150,"href":"https:\/\/blog.holyart.it\/fr\/wp-json\/wp\/v2\/posts\/7143\/revisions\/7150"}],"wp:featuredmedia":[{"embeddable":true,"href":"https:\/\/blog.holyart.it\/fr\/wp-json\/wp\/v2\/media\/7144"}],"wp:attachment":[{"href":"https:\/\/blog.holyart.it\/fr\/wp-json\/wp\/v2\/media?parent=7143"}],"wp:term":[{"taxonomy":"category","embeddable":true,"href":"https:\/\/blog.holyart.it\/fr\/wp-json\/wp\/v2\/categories?post=7143"},{"taxonomy":"post_tag","embeddable":true,"href":"https:\/\/blog.holyart.it\/fr\/wp-json\/wp\/v2\/tags?post=7143"}],"curies":[{"name":"wp","href":"https:\/\/api.w.org\/{rel}","templated":true}]}}