{"id":7105,"date":"2023-10-16T10:00:05","date_gmt":"2023-10-16T08:00:05","guid":{"rendered":"https:\/\/blog.holyart.it\/fr\/?p=7105"},"modified":"2023-10-04T11:55:00","modified_gmt":"2023-10-04T09:55:00","slug":"la-vierge-noire-de-czestochowa-peinte-par-saint-luc","status":"publish","type":"post","link":"https:\/\/blog.holyart.it\/fr\/articles-religieux\/la-vierge-noire-de-czestochowa-peinte-par-saint-luc\/","title":{"rendered":"La Vierge Noire de Czestochowa peinte par Saint Luc"},"content":{"rendered":"<h4>Parmi les ic\u00f4nes sacr\u00e9es, celle de la Vierge Noire de Czestochowa est une des plus embl\u00e9matiques et fascinantes. Voici son histoire.<\/h4>\n\n<p>Les <a href=\"https:\/\/www.holyart.fr\/articles-religieux\/icones-religieuses\/icones-russes-peintes?page=1&amp;_gl=1*1494iz1*_gcl_aw*R0NMLjE2OTAyODEzMTIuQ2owS0NRanc1ZjJsQmhDa0FSSXNBSGVUdmxpUXN6U2xKQWxLR2lRUFROWmlldTdtUjJUUWFNb282YVMxaHAtSEp6RkExQVBPUHhodXB1MGFBcnVvRUFMd193Y0I.*_gcl_au*NTIzMjMyNDc1LjE2OTQ3ODgxNDM.*_ga*MTQ4NzE4MjM0Mi4xNjk0Nzg4MTQz*_ga_W18MV136NH*MTY5NjQwODY5MS41NS4xLjE2OTY0MDk5NjAuMC4wLjA.\"><strong>ic\u00f4nes russes<\/strong><\/a> poss\u00e8dent un charme qui traverse les si\u00e8cles, une suggestion si riche en <strong>exotisme et spiritualit\u00e9<\/strong> qu\u2019elle en fait, encore aujourd\u2019hui, une des plus importantes formes d\u2019expression religieuse en tous lieux et tous temps. N\u00e9es avec l\u2019\u00e9glise russe orthodoxe, peu avant l\u2019ann\u00e9e 1000, elles puisent leur symbolisme religieux dans un m\u00e9lange de traditions orientales sacr\u00e9es et profanes, qui, pendant tr\u00e8s longtemps, n\u2019ont pas \u00e9t\u00e9 contamin\u00e9es par l\u2019iconographie sacr\u00e9e occidentale en constante \u00e9volution au cours des si\u00e8cles.<\/p>\n<div class=\"link-product\">\n<div class=\"blocco-immagine\"><img loading=\"lazy\" decoding=\"async\" class=\"size-full wp-image-7107 alignleft\" src=\"https:\/\/blog.holyart.it\/fr\/wp-content\/uploads\/sites\/14\/2023\/10\/icones-russes-peintes.jpg\" alt=\"icones russes peintes\" width=\"100\" height=\"100\" data-kale-share-title=\"La Vierge Noire de Czestochowa peinte par Saint Luc\" data-kale-share-url=\"https:\/\/blog.holyart.it\/fr\/?p=7105\" \/><\/div>\n<div class=\"blocco-contenuto\">\n<div class=\"blocco-acquista\">Acheter sur Holyart:<\/div>\n<div class=\"blocco-titolo\"><a href=\"https:\/\/www.holyart.fr\/articles-religieux\/icones-religieuses\/icones-russes-peintes?page=1&amp;_gl=1*1494iz1*_gcl_aw*R0NMLjE2OTAyODEzMTIuQ2owS0NRanc1ZjJsQmhDa0FSSXNBSGVUdmxpUXN6U2xKQWxLR2lRUFROWmlldTdtUjJUUWFNb282YVMxaHAtSEp6RkExQVBPUHhodXB1MGFBcnVvRUFMd193Y0I.*_gcl_au*NTIzMjMyNDc1LjE2OTQ3ODgxNDM.*_ga*MTQ4NzE4MjM0Mi4xNjk0Nzg4MTQz*_ga_W18MV136NH*MTY5NjQwODY5MS41NS4xLjE2OTY0MDk5NjAuMC4wLjA.\">Ic\u00f4nes Russes peintes<\/a><\/div>\n<div class=\"blocco-descrizione\">Ic\u00f4nes religieuses r\u00e9alis\u00e9es \u00e0 la main en Russie en respect de la m\u00e9thode traditionnelle.<\/div>\n<\/div>\n<\/div>\n<p>Il suffit de penser que <a href=\"https:\/\/www.holyart.fr\/articles-religieux\/tableaux-gravures-manuscrit-enlumine\/tableau-bois-icone-notre-dame-czestochowa-avec-boite-cadeau-25x20-cm?_gl=1*crhoc2*_gcl_aw*R0NMLjE2OTAyODEzMTIuQ2owS0NRanc1ZjJsQmhDa0FSSXNBSGVUdmxpUXN6U2xKQWxLR2lRUFROWmlldTdtUjJUUWFNb282YVMxaHAtSEp6RkExQVBPUHhodXB1MGFBcnVvRUFMd193Y0I.*_gcl_au*NTIzMjMyNDc1LjE2OTQ3ODgxNDM.*_ga*MTQ4NzE4MjM0Mi4xNjk0Nzg4MTQz*_ga_W18MV136NH*MTY5NjQwODY5MS41NS4xLjE2OTY0MTAwNDUuMC4wLjA.\"><strong>l\u2019ic\u00f4ne de la Vierge Noire de Czestochowa<\/strong><\/a>, aussi bien que de nombreuses autres ic\u00f4nes russes qui ont pour sujet Marie, la m\u00e8re de J\u00e9sus, est attribu\u00e9e \u00e0 l\u2019<strong><u>\u00c9vang\u00e9liste Luc<\/u><\/strong>. En effet, la tradition veut que Saint Luc, peintre habile, ait r\u00e9alis\u00e9 un portrait de la Vierge, ainsi que des ap\u00f4tres Pierre et Paul, et qu\u2019il ait \u00e9t\u00e9 le fondateur de la tradition iconographique et artistique chr\u00e9tienne en Occident et en Orient. De nombreuses ic\u00f4nes byzantines lui ont \u00e9t\u00e9 attribu\u00e9es, tandis que d\u2019autres sont li\u00e9es \u00e0 ses mod\u00e8les. Cette attribution du r\u00f4le de portraitiste de personnages sacr\u00e9s \u00e0 Luc serait n\u00e9e de sa capacit\u00e9 \u00e0 repr\u00e9senter de mani\u00e8re plus pr\u00e9cise les personnages dans son \u00c9vangile, en les d\u00e9crivant avec minutie et r\u00e9alisme. La Vierge Noire de Czestochowa, tr\u00e8s ancienne repr\u00e9sentation de la Vierge Marie, ferait partie des peintures originales de Saint Luc.<\/p>\n<div class=\"link-product\">\n<div class=\"blocco-immagine\"><img loading=\"lazy\" decoding=\"async\" class=\"size-full wp-image-7108 alignleft\" src=\"https:\/\/blog.holyart.it\/fr\/wp-content\/uploads\/sites\/14\/2023\/10\/tableau-bois-icone-notre-dame.jpg\" alt=\"tableau bois icone notre-dame\" width=\"100\" height=\"100\" data-kale-share-title=\"La Vierge Noire de Czestochowa peinte par Saint Luc\" data-kale-share-url=\"https:\/\/blog.holyart.it\/fr\/?p=7105\" \/><\/div>\n<div class=\"blocco-contenuto\">\n<div class=\"blocco-acquista\">Acheter sur Holyart:<\/div>\n<div class=\"blocco-titolo\"><a href=\"https:\/\/www.holyart.fr\/articles-religieux\/tableaux-gravures-manuscrit-enlumine\/tableau-bois-icone-notre-dame-czestochowa-avec-boite-cadeau-25x20-cm?_gl=1*crhoc2*_gcl_aw*R0NMLjE2OTAyODEzMTIuQ2owS0NRanc1ZjJsQmhDa0FSSXNBSGVUdmxpUXN6U2xKQWxLR2lRUFROWmlldTdtUjJUUWFNb282YVMxaHAtSEp6RkExQVBPUHhodXB1MGFBcnVvRUFMd193Y0I.*_gcl_au*NTIzMjMyNDc1LjE2OTQ3ODgxNDM.*_ga*MTQ4NzE4MjM0Mi4xNjk0Nzg4MTQz*_ga_W18MV136NH*MTY5NjQwODY5MS41NS4xLjE2OTY0MTAwNDUuMC4wLjA.\">Tableau bois ic\u00f4ne Notre-Dame Czestochowa avec bo\u00eete cadeau 25&#215;20 cm<\/a><\/div>\n<div class=\"blocco-descrizione\">Tableau r\u00e9alis\u00e9 dans les laboratoires Fratelli Bonella.<\/div>\n<\/div>\n<\/div>\n<p>Comme beaucoup des <a href=\"https:\/\/www.holyart.fr\/blog\/articles-religieux\/vierges-noires-en-italie-et-dans-le-monde-origines-et-mysteres-dun-culte\/\"><strong><u>Vierges Noires<\/u><\/strong><\/a> repr\u00e9sent\u00e9es dans les ic\u00f4nes byzantines ou <a href=\"https:\/\/www.holyart.fr\/blog\/saints-et-bienheureux\/la-petite-madone-de-tyndaris-la-vierge-noire-et-son-sanctuaire-sur-la-mer\/\"><strong><u>sculpt\u00e9es en bois de c\u00e8dre<\/u><\/strong><\/a> du Liban avec le style typique des statues orientales de l\u2019ann\u00e9e 1000, la Vierge Noire de Czestochowa aussi apparait \u00e9trange pour nous, occidentaux, avec son visage sombre et allong\u00e9, avec la couronne tr\u00e8s \u00e9labor\u00e9e et sertie d\u2019or et de gemmes. Les \u00e9tudes men\u00e9es au cours du temps sur l\u2019ic\u00f4ne ont plac\u00e9 sa r\u00e9alisation entre le VIe et le IXe si\u00e8cle apr. J.-C. Elle appartient \u00e0 la cat\u00e9gorie des ic\u00f4nes byzantines connues comme \u00ab\u00a0Hodigitria\u00a0\u00bb, <em>Celle qui indique et conduit sur la voie<\/em>. Elle repr\u00e9sente le buste de la Vierge avec l\u2019Enfant J\u00e9sus \u00e0 bras, tous les deux avec les visages fonc\u00e9s entour\u00e9s d\u2019aur\u00e9oles, habill\u00e9s avec l\u2019opulence typique des ic\u00f4nes byzantines. La main droite de Marie indique l\u2019Enfant et sur son front est dessin\u00e9e une \u00e9toile \u00e0 six pointes, qui, pour le Christianisme, symbolise les six jours de la Cr\u00e9ation ou \u00e9galement la lutte entre Dieu et le diable. La joue droite et le cou de la Vierge portent les marques des entailles donn\u00e9es par le sabre des h\u00e9r\u00e9tiques Hussites, qui en 1430 attaqu\u00e8rent et saccag\u00e8rent le Sanctuaire. Les coups inflig\u00e9s firent saigner l\u2019ic\u00f4ne par miracle.<\/p>\n<div class=\"link-article\">\n<p><img loading=\"lazy\" decoding=\"async\" class=\"size-full wp-image-7109 alignleft\" src=\"https:\/\/blog.holyart.it\/fr\/wp-content\/uploads\/sites\/14\/2023\/10\/Vierges-noires-en-Italie.jpeg\" alt=\"Vierges noires en Italie\" width=\"150\" height=\"99\" data-kale-share-title=\"La Vierge Noire de Czestochowa peinte par Saint Luc\" data-kale-share-url=\"https:\/\/blog.holyart.it\/fr\/?p=7105\" \/><\/p>\n<div class=\"leggi-anche\">Lire aussi :<\/div>\n<p><strong><a href=\"https:\/\/www.holyart.fr\/blog\/articles-religieux\/vierges-noires-en-italie-et-dans-le-monde-origines-et-mysteres-dun-culte\/\">Vierges noires en Italie et dans le monde : origines et myst\u00e8res d\u2019un culte<\/a><\/strong><br \/>\nDepuis des si\u00e8cles, les Vierges Noires constituent le c\u0153ur de nombreux cultes d\u00e9votionnels en Italie et ailleurs dans le monde.<\/p>\n<\/div>\n<p>Comme dans la plupart des ic\u00f4nes russes, la Vierge Noire de Czestochowa appartient \u00e0 la cat\u00e9gorie des <a href=\"https:\/\/www.holyart.fr\/blog\/articles-religieux\/le-culte-de-notre-dame-des-douleurs\/\"><strong><u>Notre-Dames de Douleures<\/u><\/strong><\/a>. Elle apparait triste et, en m\u00eame temps, entour\u00e9e d\u2019un halo de sagesse et de force spirituelle, tandis qu\u2019elle montre son Fils b\u00e9nit.<\/p>\n<h2>Le Sanctuaire de Czestochowa<\/h2>\n<p>\u00c9galement connue comme <a href=\"https:\/\/www.holyart.fr\/articles-religieux\/statues\/statues-en-platre\/statue-platre-nacre-vierge-noire-de-czestochowa-35-cm?_gl=1*1eay7gp*_gcl_aw*R0NMLjE2OTAyODEzMTIuQ2owS0NRanc1ZjJsQmhDa0FSSXNBSGVUdmxpUXN6U2xKQWxLR2lRUFROWmlldTdtUjJUUWFNb282YVMxaHAtSEp6RkExQVBPUHhodXB1MGFBcnVvRUFMd193Y0I.*_gcl_au*NTIzMjMyNDc1LjE2OTQ3ODgxNDM.*_ga*MTQ4NzE4MjM0Mi4xNjk0Nzg4MTQz*_ga_W18MV136NH*MTY5NjQwODY5MS41NS4xLjE2OTY0MTAzMjAuMC4wLjA.\"><strong>Notre-Dame de Czestochowa<\/strong><\/a>, en 1382 elle arriva apr\u00e8s nombre de vicissitude dans le <strong>Sanctuaire de Czestochowa<\/strong> \u00e0 Jasna G\u00f3ra, devenu aujourd\u2019hui un des centres de culte catholique les plus importants de la Pologne. D\u00e8s sa fondation, et encore plus depuis que l\u2019ic\u00f4ne y fut amen\u00e9e, le sanctuaire est le c\u0153ur d\u2019une tr\u00e8s grande d\u00e9votion. M\u00eame les rois polonais s\u2019y rendaient en p\u00e8lerinage afin de v\u00e9n\u00e9rer la Vierge Noire. L\u2019ordre hongrois des P\u00e8res paulins, ordre monastique n\u00e9 autour de la figure de Saint Paul premier ermite, sont depuis toujours les gardiens du Sanctuaire.<\/p>\n<p>Le p\u00e8lerinage \u00e0 pied vers le Sanctuaire de Cz\u0119stochowa se d\u00e9roule chaque ann\u00e9e pendant les mois d\u2019\u00e9t\u00e9, surtout autour du 15 ao\u00fbt. En plusieurs jours, les p\u00e8lerins parcourent des centaines de kilom\u00e8tres afin d\u2019atteindre le lieu de culte partant de tous les coins de la Pologne. Le trajet le plus long mesure 600 km ! M\u00eame le jeune Karol Wojty\u0142a, par la suite Pape Jean-Paul II, l\u2019affronta en 1936.<\/p>\n<div class=\"link-product\">\n<div class=\"blocco-immagine\"><img loading=\"lazy\" decoding=\"async\" class=\"size-full wp-image-7110 alignleft\" src=\"https:\/\/blog.holyart.it\/fr\/wp-content\/uploads\/sites\/14\/2023\/10\/Statue-platre-nacre-Vierge-noire-de-Czestochowa-35-cm.jpg\" alt=\"Statue pl\u00e2tre nacr\u00e9 Vierge noire de Czestochowa 35 cm\" width=\"100\" height=\"100\" data-kale-share-title=\"La Vierge Noire de Czestochowa peinte par Saint Luc\" data-kale-share-url=\"https:\/\/blog.holyart.it\/fr\/?p=7105\" \/><\/div>\n<div class=\"blocco-contenuto\">\n<div class=\"blocco-acquista\">Acheter sur Holyart:<\/div>\n<div class=\"blocco-titolo\"><a href=\"https:\/\/www.holyart.fr\/articles-religieux\/statues\/statues-en-platre\/statue-platre-nacre-vierge-noire-de-czestochowa-35-cm?_gl=1*1eay7gp*_gcl_aw*R0NMLjE2OTAyODEzMTIuQ2owS0NRanc1ZjJsQmhDa0FSSXNBSGVUdmxpUXN6U2xKQWxLR2lRUFROWmlldTdtUjJUUWFNb282YVMxaHAtSEp6RkExQVBPUHhodXB1MGFBcnVvRUFMd193Y0I.*_gcl_au*NTIzMjMyNDc1LjE2OTQ3ODgxNDM.*_ga*MTQ4NzE4MjM0Mi4xNjk0Nzg4MTQz*_ga_W18MV136NH*MTY5NjQwODY5MS41NS4xLjE2OTY0MTAzMjAuMC4wLjA.\">Statue pl\u00e2tre nacr\u00e9 Vierge noire de Czestochowa 35 cm<\/a><\/div>\n<div class=\"blocco-descrizione\">Statue repr\u00e9sentant Notre-Dame de Czestochowa.<\/div>\n<\/div>\n<\/div>\n<h2>Pri\u00e8re \u00e0 Notre-Dame de Czestochowa<\/h2>\n<p>Le 26 ao\u00fbt, on c\u00e9l\u00e8bre la f\u00eate de la Bienheureuse Vierge Marie de Czestochowa. La f\u00eate fut \u00e9tablie en 1931 par Pape Pie X et en 1935 les textes liturgiques pour la c\u00e9l\u00e9bration furent approuv\u00e9s. La Vierge Noire de Cz\u0119stochowa prot\u00e8ge la Pologne des attaques d\u2019\u00e9trangers et symbolise la r\u00e9sistance contre les envahisseurs. Voici une des pri\u00e8res qui lui sont d\u00e9di\u00e9es :<\/p>\n<p><em>\u00d4 M\u00e8re de Dieu, Marie Immacul\u00e9e,<\/em><\/p>\n<p><em>je Vous consacre mon corps et mon \u00e2me,<\/em><\/p>\n<p><em>toutes mes pri\u00e8res et mes actes,<\/em><\/p>\n<p><em>mes joies et mes souffrances,<\/em><\/p>\n<p><em>tout ce que je suis et ce que je poss\u00e8de.<\/em><\/p>\n<p><em>Avec un c\u0153ur joyeux, je m\u2019abandonne \u00e0 Votre Amour.<\/em><\/p>\n<p><em>\u00c0 Vous je d\u00e9vouerai mes services,<\/em><\/p>\n<p><em>de ma propre et libre volont\u00e9,<\/em><\/p>\n<p><em>pour le salut de l\u2019humanit\u00e9 et pour le secours de la Sainte \u00c9glise<\/em><\/p>\n<p><em>dont Vous \u00eates la M\u00e8re.<\/em><\/p>\n<p><em>D\u00e9sormais, mon seul d\u00e9sir est de faire toutes choses avec Vous, par Vous et pour Vous.<\/em><\/p>\n<p><em>Je sais que je ne puis rien accomplir par mes propres forces,<\/em><\/p>\n<p><em>alors que Vous pouvez faire tout ce qui est la Volont\u00e9 de Votre Fils,<\/em><\/p>\n<p><em>notre Seigneur J\u00e9sus-Christ.<\/em><\/p>\n<p><em>Vous \u00eates toujours victorieuse.<\/em><\/p>\n<p><em>Aussi, accordez-nous, \u00d4 Secours des Fid\u00e8les,<\/em><\/p>\n<p><em>que ma famille, ma paroisse et mon pays puissent devenir en v\u00e9rit\u00e9 le Royaume<\/em><\/p>\n<p><em>o\u00f9 Vous r\u00e9gnez en la Glorieuse Pr\u00e9sence de Dieu le P\u00e8re, de Dieu le Fils et du Saint-Esprit pour les si\u00e8cles des si\u00e8cles. Amen.<\/em><\/p>\n","protected":false},"excerpt":{"rendered":"<p>Parmi les ic\u00f4nes sacr\u00e9es, celle de la Vierge Noire de Czestochowa est une des plus embl\u00e9matiques et fascinantes. Voici son histoire. Les ic\u00f4nes russes poss\u00e8dent un charme qui traverse les si\u00e8cles, une suggestion si riche en exotisme et spiritualit\u00e9 qu\u2019elle en fait, encore aujourd\u2019hui, une&hellip;<\/p>\n","protected":false},"author":1,"featured_media":7106,"comment_status":"closed","ping_status":"open","sticky":false,"template":"","format":"standard","meta":{"_acf_changed":false,"footnotes":""},"categories":[8,7],"tags":[],"class_list":["post-7105","post","type-post","status-publish","format-standard","has-post-thumbnail","hentry","category-articles-religieux","category-saints-et-bienheureux"],"acf":[],"yoast_head":"<!-- This site is optimized with the Yoast SEO plugin v26.6 - https:\/\/yoast.com\/wordpress\/plugins\/seo\/ -->\n<title>La Vierge Noire de Czestochowa peinte par Saint Luc - Holyart.fr Blog<\/title>\n<meta name=\"description\" content=\"La Vierge Noire de Czestochowa prot\u00e8ge la Pologne des envahisseurs. Elle repr\u00e9sente une Madone noire et triste avec l\u2019Enfant J\u00e9sus.\" \/>\n<meta name=\"robots\" content=\"index, follow, max-snippet:-1, max-image-preview:large, max-video-preview:-1\" \/>\n<link rel=\"canonical\" href=\"https:\/\/blog.holyart.it\/fr\/articles-religieux\/la-vierge-noire-de-czestochowa-peinte-par-saint-luc\/\" \/>\n<meta property=\"og:locale\" content=\"fr_FR\" \/>\n<meta property=\"og:type\" content=\"article\" \/>\n<meta property=\"og:title\" content=\"La Vierge Noire de Czestochowa peinte par Saint Luc - Holyart.fr Blog\" \/>\n<meta property=\"og:description\" content=\"La Vierge Noire de Czestochowa prot\u00e8ge la Pologne des envahisseurs. Elle repr\u00e9sente une Madone noire et triste avec l\u2019Enfant J\u00e9sus.\" \/>\n<meta property=\"og:url\" content=\"https:\/\/blog.holyart.it\/fr\/articles-religieux\/la-vierge-noire-de-czestochowa-peinte-par-saint-luc\/\" \/>\n<meta property=\"og:site_name\" content=\"Holyart.fr Blog\" \/>\n<meta property=\"article:published_time\" content=\"2023-10-16T08:00:05+00:00\" \/>\n<meta property=\"og:image\" content=\"https:\/\/blog.holyart.it\/fr\/wp-content\/uploads\/sites\/14\/2023\/10\/La-Vierge-Noire-de-Czestochowa.jpg\" \/>\n\t<meta property=\"og:image:width\" content=\"1000\" \/>\n\t<meta property=\"og:image:height\" content=\"666\" \/>\n\t<meta property=\"og:image:type\" content=\"image\/jpeg\" \/>\n<meta name=\"author\" content=\"Redazione\" \/>\n<meta name=\"twitter:card\" content=\"summary_large_image\" \/>\n<meta name=\"twitter:label1\" content=\"\u00c9crit par\" \/>\n\t<meta name=\"twitter:data1\" content=\"Redazione\" \/>\n\t<meta name=\"twitter:label2\" content=\"Dur\u00e9e de lecture estim\u00e9e\" \/>\n\t<meta name=\"twitter:data2\" content=\"6 minutes\" \/>\n<script type=\"application\/ld+json\" class=\"yoast-schema-graph\">{\"@context\":\"https:\/\/schema.org\",\"@graph\":[{\"@type\":\"Article\",\"@id\":\"https:\/\/blog.holyart.it\/fr\/articles-religieux\/la-vierge-noire-de-czestochowa-peinte-par-saint-luc\/#article\",\"isPartOf\":{\"@id\":\"https:\/\/blog.holyart.it\/fr\/articles-religieux\/la-vierge-noire-de-czestochowa-peinte-par-saint-luc\/\"},\"author\":{\"name\":\"Redazione\",\"@id\":\"https:\/\/blog.holyart.it\/fr\/#\/schema\/person\/0a7b686e5af0f856ec1e390dd0baecda\"},\"headline\":\"La Vierge Noire de Czestochowa peinte par Saint Luc\",\"datePublished\":\"2023-10-16T08:00:05+00:00\",\"mainEntityOfPage\":{\"@id\":\"https:\/\/blog.holyart.it\/fr\/articles-religieux\/la-vierge-noire-de-czestochowa-peinte-par-saint-luc\/\"},\"wordCount\":1136,\"publisher\":{\"@id\":\"https:\/\/blog.holyart.it\/fr\/#organization\"},\"image\":{\"@id\":\"https:\/\/blog.holyart.it\/fr\/articles-religieux\/la-vierge-noire-de-czestochowa-peinte-par-saint-luc\/#primaryimage\"},\"thumbnailUrl\":\"https:\/\/blog.holyart.it\/fr\/wp-content\/uploads\/sites\/14\/2023\/10\/La-Vierge-Noire-de-Czestochowa.jpg\",\"articleSection\":[\"Religion\",\"Saints et Bienheureux\"],\"inLanguage\":\"fr-FR\"},{\"@type\":\"WebPage\",\"@id\":\"https:\/\/blog.holyart.it\/fr\/articles-religieux\/la-vierge-noire-de-czestochowa-peinte-par-saint-luc\/\",\"url\":\"https:\/\/blog.holyart.it\/fr\/articles-religieux\/la-vierge-noire-de-czestochowa-peinte-par-saint-luc\/\",\"name\":\"La Vierge Noire de Czestochowa peinte par Saint Luc - Holyart.fr Blog\",\"isPartOf\":{\"@id\":\"https:\/\/blog.holyart.it\/fr\/#website\"},\"primaryImageOfPage\":{\"@id\":\"https:\/\/blog.holyart.it\/fr\/articles-religieux\/la-vierge-noire-de-czestochowa-peinte-par-saint-luc\/#primaryimage\"},\"image\":{\"@id\":\"https:\/\/blog.holyart.it\/fr\/articles-religieux\/la-vierge-noire-de-czestochowa-peinte-par-saint-luc\/#primaryimage\"},\"thumbnailUrl\":\"https:\/\/blog.holyart.it\/fr\/wp-content\/uploads\/sites\/14\/2023\/10\/La-Vierge-Noire-de-Czestochowa.jpg\",\"datePublished\":\"2023-10-16T08:00:05+00:00\",\"description\":\"La Vierge Noire de Czestochowa prot\u00e8ge la Pologne des envahisseurs. Elle repr\u00e9sente une Madone noire et triste avec l\u2019Enfant J\u00e9sus.\",\"breadcrumb\":{\"@id\":\"https:\/\/blog.holyart.it\/fr\/articles-religieux\/la-vierge-noire-de-czestochowa-peinte-par-saint-luc\/#breadcrumb\"},\"inLanguage\":\"fr-FR\",\"potentialAction\":[{\"@type\":\"ReadAction\",\"target\":[\"https:\/\/blog.holyart.it\/fr\/articles-religieux\/la-vierge-noire-de-czestochowa-peinte-par-saint-luc\/\"]}]},{\"@type\":\"ImageObject\",\"inLanguage\":\"fr-FR\",\"@id\":\"https:\/\/blog.holyart.it\/fr\/articles-religieux\/la-vierge-noire-de-czestochowa-peinte-par-saint-luc\/#primaryimage\",\"url\":\"https:\/\/blog.holyart.it\/fr\/wp-content\/uploads\/sites\/14\/2023\/10\/La-Vierge-Noire-de-Czestochowa.jpg\",\"contentUrl\":\"https:\/\/blog.holyart.it\/fr\/wp-content\/uploads\/sites\/14\/2023\/10\/La-Vierge-Noire-de-Czestochowa.jpg\",\"width\":1000,\"height\":666,\"caption\":\"La Vierge Noire de Czestochowa\"},{\"@type\":\"BreadcrumbList\",\"@id\":\"https:\/\/blog.holyart.it\/fr\/articles-religieux\/la-vierge-noire-de-czestochowa-peinte-par-saint-luc\/#breadcrumb\",\"itemListElement\":[{\"@type\":\"ListItem\",\"position\":1,\"name\":\"Homepage\",\"item\":\"https:\/\/blog.holyart.it\/fr\/\"},{\"@type\":\"ListItem\",\"position\":2,\"name\":\"Religion\",\"item\":\"https:\/\/blog.holyart.it\/fr\/articles-religieux\/\"},{\"@type\":\"ListItem\",\"position\":3,\"name\":\"La Vierge Noire de Czestochowa peinte par Saint Luc\"}]},{\"@type\":\"WebSite\",\"@id\":\"https:\/\/blog.holyart.it\/fr\/#website\",\"url\":\"https:\/\/blog.holyart.it\/fr\/\",\"name\":\"Holyart.fr Blog\",\"description\":\"Holyblog\",\"publisher\":{\"@id\":\"https:\/\/blog.holyart.it\/fr\/#organization\"},\"potentialAction\":[{\"@type\":\"SearchAction\",\"target\":{\"@type\":\"EntryPoint\",\"urlTemplate\":\"https:\/\/blog.holyart.it\/fr\/?s={search_term_string}\"},\"query-input\":{\"@type\":\"PropertyValueSpecification\",\"valueRequired\":true,\"valueName\":\"search_term_string\"}}],\"inLanguage\":\"fr-FR\"},{\"@type\":\"Organization\",\"@id\":\"https:\/\/blog.holyart.it\/fr\/#organization\",\"name\":\"Holyart.fr Blog\",\"url\":\"https:\/\/blog.holyart.it\/fr\/\",\"logo\":{\"@type\":\"ImageObject\",\"inLanguage\":\"fr-FR\",\"@id\":\"https:\/\/blog.holyart.it\/fr\/#\/schema\/logo\/image\/\",\"url\":\"https:\/\/blog.holyart.it\/fr\/wp-content\/uploads\/sites\/14\/2022\/12\/Holyart_Blog_Logo.jpg\",\"contentUrl\":\"https:\/\/blog.holyart.it\/fr\/wp-content\/uploads\/sites\/14\/2022\/12\/Holyart_Blog_Logo.jpg\",\"width\":300,\"height\":50,\"caption\":\"Holyart.fr Blog\"},\"image\":{\"@id\":\"https:\/\/blog.holyart.it\/fr\/#\/schema\/logo\/image\/\"}},{\"@type\":\"Person\",\"@id\":\"https:\/\/blog.holyart.it\/fr\/#\/schema\/person\/0a7b686e5af0f856ec1e390dd0baecda\",\"name\":\"Redazione\",\"image\":{\"@type\":\"ImageObject\",\"inLanguage\":\"fr-FR\",\"@id\":\"https:\/\/blog.holyart.it\/fr\/#\/schema\/person\/image\/\",\"url\":\"https:\/\/secure.gravatar.com\/avatar\/f477da817f43e50d0af36abecd33e3edf826c68299714bdc1057dff3b113f516?s=96&d=mm&r=g\",\"contentUrl\":\"https:\/\/secure.gravatar.com\/avatar\/f477da817f43e50d0af36abecd33e3edf826c68299714bdc1057dff3b113f516?s=96&d=mm&r=g\",\"caption\":\"Redazione\"},\"url\":\"https:\/\/blog.holyart.it\/fr\/author\/admin\/\"}]}<\/script>\n<!-- \/ Yoast SEO plugin. -->","yoast_head_json":{"title":"La Vierge Noire de Czestochowa peinte par Saint Luc - Holyart.fr Blog","description":"La Vierge Noire de Czestochowa prot\u00e8ge la Pologne des envahisseurs. Elle repr\u00e9sente une Madone noire et triste avec l\u2019Enfant J\u00e9sus.","robots":{"index":"index","follow":"follow","max-snippet":"max-snippet:-1","max-image-preview":"max-image-preview:large","max-video-preview":"max-video-preview:-1"},"canonical":"https:\/\/blog.holyart.it\/fr\/articles-religieux\/la-vierge-noire-de-czestochowa-peinte-par-saint-luc\/","og_locale":"fr_FR","og_type":"article","og_title":"La Vierge Noire de Czestochowa peinte par Saint Luc - Holyart.fr Blog","og_description":"La Vierge Noire de Czestochowa prot\u00e8ge la Pologne des envahisseurs. Elle repr\u00e9sente une Madone noire et triste avec l\u2019Enfant J\u00e9sus.","og_url":"https:\/\/blog.holyart.it\/fr\/articles-religieux\/la-vierge-noire-de-czestochowa-peinte-par-saint-luc\/","og_site_name":"Holyart.fr Blog","article_published_time":"2023-10-16T08:00:05+00:00","og_image":[{"width":1000,"height":666,"url":"https:\/\/blog.holyart.it\/fr\/wp-content\/uploads\/sites\/14\/2023\/10\/La-Vierge-Noire-de-Czestochowa.jpg","type":"image\/jpeg"}],"author":"Redazione","twitter_card":"summary_large_image","twitter_misc":{"\u00c9crit par":"Redazione","Dur\u00e9e de lecture estim\u00e9e":"6 minutes"},"schema":{"@context":"https:\/\/schema.org","@graph":[{"@type":"Article","@id":"https:\/\/blog.holyart.it\/fr\/articles-religieux\/la-vierge-noire-de-czestochowa-peinte-par-saint-luc\/#article","isPartOf":{"@id":"https:\/\/blog.holyart.it\/fr\/articles-religieux\/la-vierge-noire-de-czestochowa-peinte-par-saint-luc\/"},"author":{"name":"Redazione","@id":"https:\/\/blog.holyart.it\/fr\/#\/schema\/person\/0a7b686e5af0f856ec1e390dd0baecda"},"headline":"La Vierge Noire de Czestochowa peinte par Saint Luc","datePublished":"2023-10-16T08:00:05+00:00","mainEntityOfPage":{"@id":"https:\/\/blog.holyart.it\/fr\/articles-religieux\/la-vierge-noire-de-czestochowa-peinte-par-saint-luc\/"},"wordCount":1136,"publisher":{"@id":"https:\/\/blog.holyart.it\/fr\/#organization"},"image":{"@id":"https:\/\/blog.holyart.it\/fr\/articles-religieux\/la-vierge-noire-de-czestochowa-peinte-par-saint-luc\/#primaryimage"},"thumbnailUrl":"https:\/\/blog.holyart.it\/fr\/wp-content\/uploads\/sites\/14\/2023\/10\/La-Vierge-Noire-de-Czestochowa.jpg","articleSection":["Religion","Saints et Bienheureux"],"inLanguage":"fr-FR"},{"@type":"WebPage","@id":"https:\/\/blog.holyart.it\/fr\/articles-religieux\/la-vierge-noire-de-czestochowa-peinte-par-saint-luc\/","url":"https:\/\/blog.holyart.it\/fr\/articles-religieux\/la-vierge-noire-de-czestochowa-peinte-par-saint-luc\/","name":"La Vierge Noire de Czestochowa peinte par Saint Luc - Holyart.fr Blog","isPartOf":{"@id":"https:\/\/blog.holyart.it\/fr\/#website"},"primaryImageOfPage":{"@id":"https:\/\/blog.holyart.it\/fr\/articles-religieux\/la-vierge-noire-de-czestochowa-peinte-par-saint-luc\/#primaryimage"},"image":{"@id":"https:\/\/blog.holyart.it\/fr\/articles-religieux\/la-vierge-noire-de-czestochowa-peinte-par-saint-luc\/#primaryimage"},"thumbnailUrl":"https:\/\/blog.holyart.it\/fr\/wp-content\/uploads\/sites\/14\/2023\/10\/La-Vierge-Noire-de-Czestochowa.jpg","datePublished":"2023-10-16T08:00:05+00:00","description":"La Vierge Noire de Czestochowa prot\u00e8ge la Pologne des envahisseurs. Elle repr\u00e9sente une Madone noire et triste avec l\u2019Enfant J\u00e9sus.","breadcrumb":{"@id":"https:\/\/blog.holyart.it\/fr\/articles-religieux\/la-vierge-noire-de-czestochowa-peinte-par-saint-luc\/#breadcrumb"},"inLanguage":"fr-FR","potentialAction":[{"@type":"ReadAction","target":["https:\/\/blog.holyart.it\/fr\/articles-religieux\/la-vierge-noire-de-czestochowa-peinte-par-saint-luc\/"]}]},{"@type":"ImageObject","inLanguage":"fr-FR","@id":"https:\/\/blog.holyart.it\/fr\/articles-religieux\/la-vierge-noire-de-czestochowa-peinte-par-saint-luc\/#primaryimage","url":"https:\/\/blog.holyart.it\/fr\/wp-content\/uploads\/sites\/14\/2023\/10\/La-Vierge-Noire-de-Czestochowa.jpg","contentUrl":"https:\/\/blog.holyart.it\/fr\/wp-content\/uploads\/sites\/14\/2023\/10\/La-Vierge-Noire-de-Czestochowa.jpg","width":1000,"height":666,"caption":"La Vierge Noire de Czestochowa"},{"@type":"BreadcrumbList","@id":"https:\/\/blog.holyart.it\/fr\/articles-religieux\/la-vierge-noire-de-czestochowa-peinte-par-saint-luc\/#breadcrumb","itemListElement":[{"@type":"ListItem","position":1,"name":"Homepage","item":"https:\/\/blog.holyart.it\/fr\/"},{"@type":"ListItem","position":2,"name":"Religion","item":"https:\/\/blog.holyart.it\/fr\/articles-religieux\/"},{"@type":"ListItem","position":3,"name":"La Vierge Noire de Czestochowa peinte par Saint Luc"}]},{"@type":"WebSite","@id":"https:\/\/blog.holyart.it\/fr\/#website","url":"https:\/\/blog.holyart.it\/fr\/","name":"Holyart.fr Blog","description":"Holyblog","publisher":{"@id":"https:\/\/blog.holyart.it\/fr\/#organization"},"potentialAction":[{"@type":"SearchAction","target":{"@type":"EntryPoint","urlTemplate":"https:\/\/blog.holyart.it\/fr\/?s={search_term_string}"},"query-input":{"@type":"PropertyValueSpecification","valueRequired":true,"valueName":"search_term_string"}}],"inLanguage":"fr-FR"},{"@type":"Organization","@id":"https:\/\/blog.holyart.it\/fr\/#organization","name":"Holyart.fr Blog","url":"https:\/\/blog.holyart.it\/fr\/","logo":{"@type":"ImageObject","inLanguage":"fr-FR","@id":"https:\/\/blog.holyart.it\/fr\/#\/schema\/logo\/image\/","url":"https:\/\/blog.holyart.it\/fr\/wp-content\/uploads\/sites\/14\/2022\/12\/Holyart_Blog_Logo.jpg","contentUrl":"https:\/\/blog.holyart.it\/fr\/wp-content\/uploads\/sites\/14\/2022\/12\/Holyart_Blog_Logo.jpg","width":300,"height":50,"caption":"Holyart.fr Blog"},"image":{"@id":"https:\/\/blog.holyart.it\/fr\/#\/schema\/logo\/image\/"}},{"@type":"Person","@id":"https:\/\/blog.holyart.it\/fr\/#\/schema\/person\/0a7b686e5af0f856ec1e390dd0baecda","name":"Redazione","image":{"@type":"ImageObject","inLanguage":"fr-FR","@id":"https:\/\/blog.holyart.it\/fr\/#\/schema\/person\/image\/","url":"https:\/\/secure.gravatar.com\/avatar\/f477da817f43e50d0af36abecd33e3edf826c68299714bdc1057dff3b113f516?s=96&d=mm&r=g","contentUrl":"https:\/\/secure.gravatar.com\/avatar\/f477da817f43e50d0af36abecd33e3edf826c68299714bdc1057dff3b113f516?s=96&d=mm&r=g","caption":"Redazione"},"url":"https:\/\/blog.holyart.it\/fr\/author\/admin\/"}]}},"_links":{"self":[{"href":"https:\/\/blog.holyart.it\/fr\/wp-json\/wp\/v2\/posts\/7105","targetHints":{"allow":["GET"]}}],"collection":[{"href":"https:\/\/blog.holyart.it\/fr\/wp-json\/wp\/v2\/posts"}],"about":[{"href":"https:\/\/blog.holyart.it\/fr\/wp-json\/wp\/v2\/types\/post"}],"author":[{"embeddable":true,"href":"https:\/\/blog.holyart.it\/fr\/wp-json\/wp\/v2\/users\/1"}],"replies":[{"embeddable":true,"href":"https:\/\/blog.holyart.it\/fr\/wp-json\/wp\/v2\/comments?post=7105"}],"version-history":[{"count":4,"href":"https:\/\/blog.holyart.it\/fr\/wp-json\/wp\/v2\/posts\/7105\/revisions"}],"predecessor-version":[{"id":7114,"href":"https:\/\/blog.holyart.it\/fr\/wp-json\/wp\/v2\/posts\/7105\/revisions\/7114"}],"wp:featuredmedia":[{"embeddable":true,"href":"https:\/\/blog.holyart.it\/fr\/wp-json\/wp\/v2\/media\/7106"}],"wp:attachment":[{"href":"https:\/\/blog.holyart.it\/fr\/wp-json\/wp\/v2\/media?parent=7105"}],"wp:term":[{"taxonomy":"category","embeddable":true,"href":"https:\/\/blog.holyart.it\/fr\/wp-json\/wp\/v2\/categories?post=7105"},{"taxonomy":"post_tag","embeddable":true,"href":"https:\/\/blog.holyart.it\/fr\/wp-json\/wp\/v2\/tags?post=7105"}],"curies":[{"name":"wp","href":"https:\/\/api.w.org\/{rel}","templated":true}]}}