{"id":7092,"date":"2023-10-11T10:00:43","date_gmt":"2023-10-11T08:00:43","guid":{"rendered":"https:\/\/blog.holyart.it\/fr\/?p=7092"},"modified":"2024-09-27T17:19:48","modified_gmt":"2024-09-27T15:19:48","slug":"le-sanctuaire-de-saint-gerard-majella-le-saint-protecteur-des-mamans-et-des-enfants","status":"publish","type":"post","link":"https:\/\/blog.holyart.it\/fr\/articles-religieux\/le-sanctuaire-de-saint-gerard-majella-le-saint-protecteur-des-mamans-et-des-enfants\/","title":{"rendered":"Le Sanctuaire de Saint G\u00e9rard Majella, le saint protecteur des mamans et des enfants"},"content":{"rendered":"<h4>\u00c0 l\u2019occasion de la f\u00eate pour sa m\u00e9moire liturgique, le 16 octobre, d\u00e9couvrons le Sanctuaire de Saint G\u00e9rard Majella, le saint protecteur des mamans et des enfants<\/h4>\n\n<p>Le 16 octobre on c\u00e9l\u00e8bre la m\u00e9moire de <a href=\"https:\/\/www.holyart.fr\/blog\/articles-religieux\/les-miracles-de-saint-gerard-majella\/\"><strong><u>Saint G\u00e9rard Majella<\/u><\/strong><\/a>, <em>le p\u00e8re des pauvre, l\u2019ap\u00f4tre de la Vall\u00e9e de Sele<\/em>, comme l\u2019appelaient ses d\u00e9vots, un religieux qui v\u00e9cut au XVIIIe si\u00e8cle et reconnu comme <strong>protecteur des parturientes, des mamans et des enfants <\/strong>en raison de ses miracles. Pour cette raison, le Sanctuaire de Saint G\u00e9rard Majella, situ\u00e9 \u00e0 Materdomini, en province d\u2019Avellino, est visit\u00e9 encore aujourd\u2019hui par des milliers de p\u00e8lerins et, en particulier, par des jeunes mamans, des femmes enceintes et venant d\u2019accoucher, qui laissent dans la <strong>Salle des N\u0153uds<\/strong>, enti\u00e8rement d\u00e9cor\u00e9e de n\u0153uds roses et bleus, leur don afin de remercier le Saint pour sa protection.<\/p>\n<div class=\"link-article\">\n<p><img loading=\"lazy\" decoding=\"async\" class=\"size-full wp-image-7094 alignleft\" src=\"https:\/\/blog.holyart.it\/fr\/wp-content\/uploads\/sites\/14\/2023\/10\/san-gerardo-fr.jpg\" alt=\"san gerardo fr\" width=\"150\" height=\"99\" data-kale-share-title=\"Le Sanctuaire de Saint G\u00e9rard Majella, le saint protecteur des mamans et des enfants\" data-kale-share-url=\"https:\/\/blog.holyart.it\/fr\/?p=7092\" \/><\/p>\n<div class=\"leggi-anche\">Lire aussi :<\/div>\n<p><strong><a href=\"https:\/\/www.holyart.fr\/blog\/articles-religieux\/les-miracles-de-saint-gerard-majella\/\">Les miracles de Saint G\u00e9rard Majella<\/a><\/strong><br \/>\nLes miracles de Saint G\u00e9rard Majella ont fait conna\u00eetre l\u2019histoire humaine et spirituelle de ce jeune exceptionnel dans le monde entier.<\/p>\n<\/div>\n<p>Saint G\u00e9rard Majella appartenait \u00e0 la Congr\u00e9gation du Tr\u00e8s Saint R\u00e9dempteur, fond\u00e9e par <a href=\"https:\/\/www.holyart.fr\/blog\/saints-et-bienheureux\/saints-saintes-ont-change-monde\/\"><strong><u>Saint Alphonse Marie de Liguori<\/u><\/strong><\/a>, et \u00e9tait donc un <strong>r\u00e9demptoriste<\/strong>. Il pronon\u00e7a les v\u0153ux contre la volont\u00e9 de sa famille, inqui\u00e8te pour sa sant\u00e9 fragile. C\u00e9l\u00e8bre est l\u2019\u00e9pisode o\u00f9 il s\u2019enfuit de chez lui en descendant par la fen\u00eatre avec un drap afin de s\u2019unir aux r\u00e9demptoristes, laissant \u00e0 sa m\u00e8re un petit mot o\u00f9 il \u00e9crivait\u00a0: \u00ab\u00a0<em>Maman, pardonne-moi, je vais me faire saint<\/em>\u00a0\u00bb. D\u2019humeur joviale et gentille, il v\u00e9cut une vie br\u00e8ve au nom de l\u2019humilit\u00e9, de la pri\u00e8re et de la p\u00e9nitence et mourut \u00e0 seulement 29 ans de la tuberculose, mais d\u00e9j\u00e0 c\u00e9l\u00e8bre pour les miracles dont il avait \u00e9t\u00e9 le protagoniste.<\/p>\n<div class=\"link-article\">\n<p><img loading=\"lazy\" decoding=\"async\" class=\"size-full wp-image-7095 alignleft\" src=\"https:\/\/blog.holyart.it\/fr\/wp-content\/uploads\/sites\/14\/2023\/10\/les-saints.jpg\" alt=\"les saints\" width=\"150\" height=\"99\" data-kale-share-title=\"Le Sanctuaire de Saint G\u00e9rard Majella, le saint protecteur des mamans et des enfants\" data-kale-share-url=\"https:\/\/blog.holyart.it\/fr\/?p=7092\" \/><\/p>\n<div class=\"leggi-anche\">Lire aussi :<\/div>\n<p><strong><a href=\"https:\/\/www.holyart.fr\/blog\/saints-et-bienheureux\/saints-saintes-ont-change-monde\/\">Les saints et les saintes qui ont chang\u00e9 le monde<\/a><\/strong><br \/>\nNous voulons dresser une liste de saints c\u00e9l\u00e8bres pour avoir chang\u00e9 le monde, une galerie de portraits d&rsquo;hommes et de femmes extraordinaires&#8230;<\/p>\n<\/div>\n<h2>Histoire du Sanctuaire de Saint G\u00e9rard Majella<\/h2>\n<p>Le Sanctuaire surgit dans un lieu de culte d\u00e9j\u00e0 c\u00e9l\u00e8bre bien avant d\u2019\u00eatre d\u00e9di\u00e9 \u00e0 <a href=\"https:\/\/www.holyart.fr\/articles-religieux\/statues\/statues-en-platre\/saint-gerard-20-cm-platre-peint?_gl=1*1cfomby*_gcl_aw*R0NMLjE2OTAyODEzMTIuQ2owS0NRanc1ZjJsQmhDa0FSSXNBSGVUdmxpUXN6U2xKQWxLR2lRUFROWmlldTdtUjJUUWFNb282YVMxaHAtSEp6RkExQVBPUHhodXB1MGFBcnVvRUFMd193Y0I.*_gcl_au*NTIzMjMyNDc1LjE2OTQ3ODgxNDM.*_ga*MTQ4NzE4MjM0Mi4xNjk0Nzg4MTQz*_ga_W18MV136NH*MTY5NjMzNTQ1OS41Mi4xLjE2OTYzNDA2NzIuMC4wLjA.\"><strong>Saint G\u00e9rard<\/strong><\/a>. D\u00e8s le Moyen-\u00c2ge, il avait \u00e9t\u00e9 le th\u00e9\u00e2tre d\u2019<a href=\"https:\/\/www.holyart.fr\/blog\/articles-religieux\/les-10-plus-importantes-apparitions-mariales-dans-le-monde\/\"><strong><u>apparitions mariales<\/u><\/strong><\/a>, car \u00e0 deux occasions la Vierge se montra \u00e0 des bergers \u00e0 travers les branches d\u2019un arbre de sureau. Au d\u00e9but, on n\u2019y avait \u00e9rig\u00e9 qu\u2019une petite chapelle, ensuite remplac\u00e9e par une \u00e9glise afin de permettre aux p\u00e8lerins de plus en plus nombreux de manifester leur d\u00e9votion. D\u00e9clar\u00e9e basilique mineure, l\u2019\u00e9glise fut d\u00e9di\u00e9e \u00e0 la Vierge connue avec le <a href=\"https:\/\/www.holyart.fr\/blog\/articles-religieux\/titres-mariaux-combien-et-lesquels-sont-les-noms-dedies-a-marie\/\"><strong><u>titre marial<\/u><\/strong><\/a> <em>Mater Domini<\/em>.<\/p>\n<div class=\"link-product\">\n<div class=\"blocco-immagine\"><img loading=\"lazy\" decoding=\"async\" class=\"size-full wp-image-7096 alignleft\" src=\"https:\/\/blog.holyart.it\/fr\/wp-content\/uploads\/sites\/14\/2023\/10\/Saint-Gerard-20-cm-platre-peint.jpg\" alt=\"Saint G\u00e9rard 20 cm pl\u00e2tre peint \" width=\"100\" height=\"100\" data-kale-share-title=\"Le Sanctuaire de Saint G\u00e9rard Majella, le saint protecteur des mamans et des enfants\" data-kale-share-url=\"https:\/\/blog.holyart.it\/fr\/?p=7092\" \/><\/div>\n<div class=\"blocco-contenuto\">\n<div class=\"blocco-acquista\">Acheter sur Holyart:<\/div>\n<div class=\"blocco-titolo\"><a href=\"https:\/\/www.holyart.fr\/articles-religieux\/statues\/statues-en-platre\/saint-gerard-20-cm-platre-peint?_gl=1*1eykf4k*_gcl_aw*R0NMLjE2OTAyODEzMTIuQ2owS0NRanc1ZjJsQmhDa0FSSXNBSGVUdmxpUXN6U2xKQWxLR2lRUFROWmlldTdtUjJUUWFNb282YVMxaHAtSEp6RkExQVBPUHhodXB1MGFBcnVvRUFMd193Y0I.*_gcl_au*NTIzMjMyNDc1LjE2OTQ3ODgxNDM.*_ga*MTQ4NzE4MjM0Mi4xNjk0Nzg4MTQz*_ga_W18MV136NH*MTY5NjMzNTQ1OS41Mi4xLjE2OTYzNDA3NTIuMC4wLjA.\">Saint G\u00e9rard 20 cm pl\u00e2tre peint<\/a><\/div>\n<div class=\"blocco-descrizione\">Statuette en pl\u00e2tre peint \u00e0 la main de Saint G\u00e9rard en noir avec un chapelet dor\u00e9 en main.<\/div>\n<\/div>\n<\/div>\n<p>En 1748, par volont\u00e9 de Saint Alphonse Marie de Liguori, on construit, pr\u00e8s de l\u2019\u00e9glise, un <strong>Coll\u00e8ge des P\u00e8res R\u00e9demptoristes<\/strong>, o\u00f9 le 16 octobre 1755 mourut Saint G\u00e9rard Majella. La tombe du saint fut plac\u00e9e dans l\u2019\u00e9glise de Mater Domini et les p\u00e8lerins augment\u00e8rent de plus en plus, jusqu\u2019au point o\u00f9 il fut n\u00e9cessaire, en 1974, de construire une autre \u00e9glise \u00e0 c\u00f4t\u00e9 de la pr\u00e9c\u00e9dente, l\u2019<strong>\u00e9glise du R\u00e9dempteur<\/strong>, avec une hauteur de plus de 46 m\u00e8tres. Autour du Sanctuaire de Saint G\u00e9rard Majella se sont d\u00e9velopp\u00e9s d\u2019autres b\u00e2timents afin d\u2019accueillir les p\u00e8lerins et de leur offrir un espace de pri\u00e8re.<\/p>\n<div class=\"link-article\">\n<p><img loading=\"lazy\" decoding=\"async\" class=\"size-full wp-image-7097 alignleft\" src=\"https:\/\/blog.holyart.it\/fr\/wp-content\/uploads\/sites\/14\/2023\/10\/titres-mariaux.jpeg\" alt=\"titres mariaux\" width=\"150\" height=\"99\" data-kale-share-title=\"Le Sanctuaire de Saint G\u00e9rard Majella, le saint protecteur des mamans et des enfants\" data-kale-share-url=\"https:\/\/blog.holyart.it\/fr\/?p=7092\" \/><\/p>\n<div class=\"leggi-anche\">Lire aussi :<\/div>\n<p><strong><a href=\"https:\/\/www.holyart.fr\/blog\/articles-religieux\/titres-mariaux-combien-et-lesquels-sont-les-noms-dedies-a-marie\/\">Titres Mariaux : combien et lesquels sont les noms d\u00e9di\u00e9s \u00e0 Marie<\/a><\/strong><br \/>\nTitres Mariaux : toutes les appellations avec lesquelles on v\u00e9n\u00e8re Marie, m\u00e8re de J\u00e9sus. Mais combien sont les Titres Mariaux ?<\/p>\n<\/div>\n<p>Il y a ensuite un petit mus\u00e9e, le <strong>Mus\u00e9e Gerardino<\/strong>, compos\u00e9 de seulement deux salles, o\u00f9 sont conserv\u00e9s des tableaux racontant l\u2019histoire de Saint G\u00e9rard et de tr\u00e8s nombreux ex-voto amen\u00e9es par ses d\u00e9vots. Il y a \u00e9galement une reconstitution de la petite cellule o\u00f9 le Saint vivait. Dans la pi\u00e8ce se trouve un grand crucifix, un petit lit, les restes d\u2019un clavecin et un bureau o\u00f9 tr\u00f4ne une <strong>t\u00eate de mort<\/strong>, \u00e9l\u00e9ment que chaque missionnaire r\u00e9demptoriste devait avoir dans sa chambre en tant que souvenir de l\u2019aspect temporaire de la vie. Sur la t\u00eate de mort est \u00e9crit \u00ab\u00a0<em>N\u2019oublies jamais<\/em>\u00a0\u00bb, tandis que, sur la porte de la cellule, Saint G\u00e9rard avait fait suspendre un panneau avec \u00e9crit en majuscules\u00a0: \u00ab\u00a0<em>Ici la volont\u00e9 de Dieu est faite, comme Dieu le veut, et aussi longtemps que Dieu veut<\/em>\u00a0\u00bb.<\/p>\n<h2>Le Saint protecteur des enfants<\/h2>\n<p>Saint G\u00e9rard est reconnu comme <a href=\"https:\/\/www.holyart.fr\/blog\/saints-et-bienheureux\/sainte-marguerite-de-cortone-protectrice-des-femmes-en-couches\/\"><strong><u>protecteur des parturientes<\/u><\/strong><\/a>, des mamans et des enfants, et est invoqu\u00e9 par les femmes enceintes au moment de l\u2019accouchement. Nombreux sont les miracles attribu\u00e9s au Saint qui concernent mamans et enfants. En particulier, une l\u00e9gende raconte que le Saint, h\u00f4te d\u2019une famille d\u2019Oliveto Citra, fit mine d\u2019oublier son mouchoir dans leur maison. Une des petites de la maison le lui ramena, mais le Saint voulut qu\u2019elle le garde car un jour il lui aurait \u00e9t\u00e9 utile. De nombreuses ann\u00e9es plus tard, au moment de l\u2019accouchement, la petite devenue d\u00e9sormais une femme, se battait entre la vie et la mort, et voulut qu\u2019on lui pose le mouchoir sur le ventre. Ainsi la douleur passa et son enfant ainsi qu\u2019elle, furent sauv\u00e9s.<\/p>\n<p>Dans le Sanctuaire de Saint G\u00e9rard Majella, la <strong>Salle des Noeuds<\/strong> rappelle l\u2019amour du Saint envers les enfants et les mamans, avec d\u2019innombrables n\u0153uds roses et bleus, rubans, photographies, offerts par les parents au fil des ans.<\/p>\n<div class=\"link-article\">\n<p><img loading=\"lazy\" decoding=\"async\" class=\"alignleft wp-image-7098 size-full\" src=\"https:\/\/blog.holyart.it\/fr\/wp-content\/uploads\/sites\/14\/2023\/10\/Sainte-Marguerite-de-Cortone-protectrice-des-femmes-en-couches.jpeg\" alt=\"Sainte Marguerite de Cortone protectrice des femmes en couches\" width=\"150\" height=\"99\" data-kale-share-title=\"Le Sanctuaire de Saint G\u00e9rard Majella, le saint protecteur des mamans et des enfants\" data-kale-share-url=\"https:\/\/blog.holyart.it\/fr\/?p=7092\" \/><\/p>\n<div class=\"leggi-anche\">Lire aussi :<\/div>\n<p><strong><a href=\"https:\/\/www.holyart.fr\/blog\/saints-et-bienheureux\/sainte-marguerite-de-cortone-protectrice-des-femmes-en-couches\/\">Sainte Marguerite de Cortone : protectrice des femmes en couches<\/a><\/strong><br \/>\nD\u00e9couvrons ensemble la figure de Sainte Marguerite de Cortone, la protectrice des femmes en couches.<\/p>\n<\/div>\n","protected":false},"excerpt":{"rendered":"<p>\u00c0 l\u2019occasion de la f\u00eate pour sa m\u00e9moire liturgique, le 16 octobre, d\u00e9couvrons le Sanctuaire de Saint G\u00e9rard Majella, le saint protecteur des mamans et des enfants Le 16 octobre on c\u00e9l\u00e8bre la m\u00e9moire de Saint G\u00e9rard Majella, le p\u00e8re des pauvre, l\u2019ap\u00f4tre de la&hellip;<\/p>\n","protected":false},"author":1,"featured_media":7093,"comment_status":"closed","ping_status":"open","sticky":false,"template":"","format":"standard","meta":{"_acf_changed":false,"footnotes":""},"categories":[8,7],"tags":[],"class_list":["post-7092","post","type-post","status-publish","format-standard","has-post-thumbnail","hentry","category-articles-religieux","category-saints-et-bienheureux"],"acf":[],"yoast_head":"<!-- This site is optimized with the Yoast SEO plugin v26.6 - https:\/\/yoast.com\/wordpress\/plugins\/seo\/ -->\n<title>Le Sanctuaire de Saint G\u00e9rard Majella, le saint protecteur des mamans et des enfants - Holyart.fr Blog<\/title>\n<meta name=\"description\" content=\"Le Sanctuaire de Saint G\u00e9rard Majella c\u00e9l\u00e8bre l\u2019amour de ce saint aimable envers les mamans et les enfants et rappelle sa vie modeste entre pri\u00e8re et p\u00e9nitence.\" \/>\n<meta name=\"robots\" content=\"index, follow, max-snippet:-1, max-image-preview:large, max-video-preview:-1\" \/>\n<link rel=\"canonical\" href=\"https:\/\/blog.holyart.it\/fr\/articles-religieux\/le-sanctuaire-de-saint-gerard-majella-le-saint-protecteur-des-mamans-et-des-enfants\/\" \/>\n<meta property=\"og:locale\" content=\"fr_FR\" \/>\n<meta property=\"og:type\" content=\"article\" \/>\n<meta property=\"og:title\" content=\"Le Sanctuaire de Saint G\u00e9rard Majella, le saint protecteur des mamans et des enfants - Holyart.fr Blog\" \/>\n<meta property=\"og:description\" content=\"Le Sanctuaire de Saint G\u00e9rard Majella c\u00e9l\u00e8bre l\u2019amour de ce saint aimable envers les mamans et les enfants et rappelle sa vie modeste entre pri\u00e8re et p\u00e9nitence.\" \/>\n<meta property=\"og:url\" content=\"https:\/\/blog.holyart.it\/fr\/articles-religieux\/le-sanctuaire-de-saint-gerard-majella-le-saint-protecteur-des-mamans-et-des-enfants\/\" \/>\n<meta property=\"og:site_name\" content=\"Holyart.fr Blog\" \/>\n<meta property=\"article:published_time\" content=\"2023-10-11T08:00:43+00:00\" \/>\n<meta property=\"article:modified_time\" content=\"2024-09-27T15:19:48+00:00\" \/>\n<meta property=\"og:image\" content=\"https:\/\/blog.holyart.it\/fr\/wp-content\/uploads\/sites\/14\/2023\/10\/Le-Sanctuaire-de-Saint-Gerard-Majella.jpg\" \/>\n\t<meta property=\"og:image:width\" content=\"1000\" \/>\n\t<meta property=\"og:image:height\" content=\"666\" \/>\n\t<meta property=\"og:image:type\" content=\"image\/jpeg\" \/>\n<meta name=\"author\" content=\"Redazione\" \/>\n<meta name=\"twitter:card\" content=\"summary_large_image\" \/>\n<meta name=\"twitter:label1\" content=\"\u00c9crit par\" \/>\n\t<meta name=\"twitter:data1\" content=\"Redazione\" \/>\n\t<meta name=\"twitter:label2\" content=\"Dur\u00e9e de lecture estim\u00e9e\" \/>\n\t<meta name=\"twitter:data2\" content=\"6 minutes\" \/>\n<script type=\"application\/ld+json\" class=\"yoast-schema-graph\">{\"@context\":\"https:\/\/schema.org\",\"@graph\":[{\"@type\":\"Article\",\"@id\":\"https:\/\/blog.holyart.it\/fr\/articles-religieux\/le-sanctuaire-de-saint-gerard-majella-le-saint-protecteur-des-mamans-et-des-enfants\/#article\",\"isPartOf\":{\"@id\":\"https:\/\/blog.holyart.it\/fr\/articles-religieux\/le-sanctuaire-de-saint-gerard-majella-le-saint-protecteur-des-mamans-et-des-enfants\/\"},\"author\":{\"name\":\"Redazione\",\"@id\":\"https:\/\/blog.holyart.it\/fr\/#\/schema\/person\/0a7b686e5af0f856ec1e390dd0baecda\"},\"headline\":\"Le Sanctuaire de Saint G\u00e9rard Majella, le saint protecteur des mamans et des enfants\",\"datePublished\":\"2023-10-11T08:00:43+00:00\",\"dateModified\":\"2024-09-27T15:19:48+00:00\",\"mainEntityOfPage\":{\"@id\":\"https:\/\/blog.holyart.it\/fr\/articles-religieux\/le-sanctuaire-de-saint-gerard-majella-le-saint-protecteur-des-mamans-et-des-enfants\/\"},\"wordCount\":1054,\"publisher\":{\"@id\":\"https:\/\/blog.holyart.it\/fr\/#organization\"},\"image\":{\"@id\":\"https:\/\/blog.holyart.it\/fr\/articles-religieux\/le-sanctuaire-de-saint-gerard-majella-le-saint-protecteur-des-mamans-et-des-enfants\/#primaryimage\"},\"thumbnailUrl\":\"https:\/\/blog.holyart.it\/fr\/wp-content\/uploads\/sites\/14\/2023\/10\/Le-Sanctuaire-de-Saint-Gerard-Majella.jpg\",\"articleSection\":[\"Religion\",\"Saints et Bienheureux\"],\"inLanguage\":\"fr-FR\"},{\"@type\":\"WebPage\",\"@id\":\"https:\/\/blog.holyart.it\/fr\/articles-religieux\/le-sanctuaire-de-saint-gerard-majella-le-saint-protecteur-des-mamans-et-des-enfants\/\",\"url\":\"https:\/\/blog.holyart.it\/fr\/articles-religieux\/le-sanctuaire-de-saint-gerard-majella-le-saint-protecteur-des-mamans-et-des-enfants\/\",\"name\":\"Le Sanctuaire de Saint G\u00e9rard Majella, le saint protecteur des mamans et des enfants - Holyart.fr Blog\",\"isPartOf\":{\"@id\":\"https:\/\/blog.holyart.it\/fr\/#website\"},\"primaryImageOfPage\":{\"@id\":\"https:\/\/blog.holyart.it\/fr\/articles-religieux\/le-sanctuaire-de-saint-gerard-majella-le-saint-protecteur-des-mamans-et-des-enfants\/#primaryimage\"},\"image\":{\"@id\":\"https:\/\/blog.holyart.it\/fr\/articles-religieux\/le-sanctuaire-de-saint-gerard-majella-le-saint-protecteur-des-mamans-et-des-enfants\/#primaryimage\"},\"thumbnailUrl\":\"https:\/\/blog.holyart.it\/fr\/wp-content\/uploads\/sites\/14\/2023\/10\/Le-Sanctuaire-de-Saint-Gerard-Majella.jpg\",\"datePublished\":\"2023-10-11T08:00:43+00:00\",\"dateModified\":\"2024-09-27T15:19:48+00:00\",\"description\":\"Le Sanctuaire de Saint G\u00e9rard Majella c\u00e9l\u00e8bre l\u2019amour de ce saint aimable envers les mamans et les enfants et rappelle sa vie modeste entre pri\u00e8re et p\u00e9nitence.\",\"breadcrumb\":{\"@id\":\"https:\/\/blog.holyart.it\/fr\/articles-religieux\/le-sanctuaire-de-saint-gerard-majella-le-saint-protecteur-des-mamans-et-des-enfants\/#breadcrumb\"},\"inLanguage\":\"fr-FR\",\"potentialAction\":[{\"@type\":\"ReadAction\",\"target\":[\"https:\/\/blog.holyart.it\/fr\/articles-religieux\/le-sanctuaire-de-saint-gerard-majella-le-saint-protecteur-des-mamans-et-des-enfants\/\"]}]},{\"@type\":\"ImageObject\",\"inLanguage\":\"fr-FR\",\"@id\":\"https:\/\/blog.holyart.it\/fr\/articles-religieux\/le-sanctuaire-de-saint-gerard-majella-le-saint-protecteur-des-mamans-et-des-enfants\/#primaryimage\",\"url\":\"https:\/\/blog.holyart.it\/fr\/wp-content\/uploads\/sites\/14\/2023\/10\/Le-Sanctuaire-de-Saint-Gerard-Majella.jpg\",\"contentUrl\":\"https:\/\/blog.holyart.it\/fr\/wp-content\/uploads\/sites\/14\/2023\/10\/Le-Sanctuaire-de-Saint-Gerard-Majella.jpg\",\"width\":1000,\"height\":666,\"caption\":\"Le Sanctuaire de Saint G\u00e9rard Majella\"},{\"@type\":\"BreadcrumbList\",\"@id\":\"https:\/\/blog.holyart.it\/fr\/articles-religieux\/le-sanctuaire-de-saint-gerard-majella-le-saint-protecteur-des-mamans-et-des-enfants\/#breadcrumb\",\"itemListElement\":[{\"@type\":\"ListItem\",\"position\":1,\"name\":\"Homepage\",\"item\":\"https:\/\/blog.holyart.it\/fr\/\"},{\"@type\":\"ListItem\",\"position\":2,\"name\":\"Religion\",\"item\":\"https:\/\/blog.holyart.it\/fr\/articles-religieux\/\"},{\"@type\":\"ListItem\",\"position\":3,\"name\":\"Le Sanctuaire de Saint G\u00e9rard Majella, le saint protecteur des mamans et des enfants\"}]},{\"@type\":\"WebSite\",\"@id\":\"https:\/\/blog.holyart.it\/fr\/#website\",\"url\":\"https:\/\/blog.holyart.it\/fr\/\",\"name\":\"Holyart.fr Blog\",\"description\":\"Holyblog\",\"publisher\":{\"@id\":\"https:\/\/blog.holyart.it\/fr\/#organization\"},\"potentialAction\":[{\"@type\":\"SearchAction\",\"target\":{\"@type\":\"EntryPoint\",\"urlTemplate\":\"https:\/\/blog.holyart.it\/fr\/?s={search_term_string}\"},\"query-input\":{\"@type\":\"PropertyValueSpecification\",\"valueRequired\":true,\"valueName\":\"search_term_string\"}}],\"inLanguage\":\"fr-FR\"},{\"@type\":\"Organization\",\"@id\":\"https:\/\/blog.holyart.it\/fr\/#organization\",\"name\":\"Holyart.fr Blog\",\"url\":\"https:\/\/blog.holyart.it\/fr\/\",\"logo\":{\"@type\":\"ImageObject\",\"inLanguage\":\"fr-FR\",\"@id\":\"https:\/\/blog.holyart.it\/fr\/#\/schema\/logo\/image\/\",\"url\":\"https:\/\/blog.holyart.it\/fr\/wp-content\/uploads\/sites\/14\/2022\/12\/Holyart_Blog_Logo.jpg\",\"contentUrl\":\"https:\/\/blog.holyart.it\/fr\/wp-content\/uploads\/sites\/14\/2022\/12\/Holyart_Blog_Logo.jpg\",\"width\":300,\"height\":50,\"caption\":\"Holyart.fr Blog\"},\"image\":{\"@id\":\"https:\/\/blog.holyart.it\/fr\/#\/schema\/logo\/image\/\"}},{\"@type\":\"Person\",\"@id\":\"https:\/\/blog.holyart.it\/fr\/#\/schema\/person\/0a7b686e5af0f856ec1e390dd0baecda\",\"name\":\"Redazione\",\"image\":{\"@type\":\"ImageObject\",\"inLanguage\":\"fr-FR\",\"@id\":\"https:\/\/blog.holyart.it\/fr\/#\/schema\/person\/image\/\",\"url\":\"https:\/\/secure.gravatar.com\/avatar\/f477da817f43e50d0af36abecd33e3edf826c68299714bdc1057dff3b113f516?s=96&d=mm&r=g\",\"contentUrl\":\"https:\/\/secure.gravatar.com\/avatar\/f477da817f43e50d0af36abecd33e3edf826c68299714bdc1057dff3b113f516?s=96&d=mm&r=g\",\"caption\":\"Redazione\"},\"url\":\"https:\/\/blog.holyart.it\/fr\/author\/admin\/\"}]}<\/script>\n<!-- \/ Yoast SEO plugin. -->","yoast_head_json":{"title":"Le Sanctuaire de Saint G\u00e9rard Majella, le saint protecteur des mamans et des enfants - Holyart.fr Blog","description":"Le Sanctuaire de Saint G\u00e9rard Majella c\u00e9l\u00e8bre l\u2019amour de ce saint aimable envers les mamans et les enfants et rappelle sa vie modeste entre pri\u00e8re et p\u00e9nitence.","robots":{"index":"index","follow":"follow","max-snippet":"max-snippet:-1","max-image-preview":"max-image-preview:large","max-video-preview":"max-video-preview:-1"},"canonical":"https:\/\/blog.holyart.it\/fr\/articles-religieux\/le-sanctuaire-de-saint-gerard-majella-le-saint-protecteur-des-mamans-et-des-enfants\/","og_locale":"fr_FR","og_type":"article","og_title":"Le Sanctuaire de Saint G\u00e9rard Majella, le saint protecteur des mamans et des enfants - Holyart.fr Blog","og_description":"Le Sanctuaire de Saint G\u00e9rard Majella c\u00e9l\u00e8bre l\u2019amour de ce saint aimable envers les mamans et les enfants et rappelle sa vie modeste entre pri\u00e8re et p\u00e9nitence.","og_url":"https:\/\/blog.holyart.it\/fr\/articles-religieux\/le-sanctuaire-de-saint-gerard-majella-le-saint-protecteur-des-mamans-et-des-enfants\/","og_site_name":"Holyart.fr Blog","article_published_time":"2023-10-11T08:00:43+00:00","article_modified_time":"2024-09-27T15:19:48+00:00","og_image":[{"width":1000,"height":666,"url":"https:\/\/blog.holyart.it\/fr\/wp-content\/uploads\/sites\/14\/2023\/10\/Le-Sanctuaire-de-Saint-Gerard-Majella.jpg","type":"image\/jpeg"}],"author":"Redazione","twitter_card":"summary_large_image","twitter_misc":{"\u00c9crit par":"Redazione","Dur\u00e9e de lecture estim\u00e9e":"6 minutes"},"schema":{"@context":"https:\/\/schema.org","@graph":[{"@type":"Article","@id":"https:\/\/blog.holyart.it\/fr\/articles-religieux\/le-sanctuaire-de-saint-gerard-majella-le-saint-protecteur-des-mamans-et-des-enfants\/#article","isPartOf":{"@id":"https:\/\/blog.holyart.it\/fr\/articles-religieux\/le-sanctuaire-de-saint-gerard-majella-le-saint-protecteur-des-mamans-et-des-enfants\/"},"author":{"name":"Redazione","@id":"https:\/\/blog.holyart.it\/fr\/#\/schema\/person\/0a7b686e5af0f856ec1e390dd0baecda"},"headline":"Le Sanctuaire de Saint G\u00e9rard Majella, le saint protecteur des mamans et des enfants","datePublished":"2023-10-11T08:00:43+00:00","dateModified":"2024-09-27T15:19:48+00:00","mainEntityOfPage":{"@id":"https:\/\/blog.holyart.it\/fr\/articles-religieux\/le-sanctuaire-de-saint-gerard-majella-le-saint-protecteur-des-mamans-et-des-enfants\/"},"wordCount":1054,"publisher":{"@id":"https:\/\/blog.holyart.it\/fr\/#organization"},"image":{"@id":"https:\/\/blog.holyart.it\/fr\/articles-religieux\/le-sanctuaire-de-saint-gerard-majella-le-saint-protecteur-des-mamans-et-des-enfants\/#primaryimage"},"thumbnailUrl":"https:\/\/blog.holyart.it\/fr\/wp-content\/uploads\/sites\/14\/2023\/10\/Le-Sanctuaire-de-Saint-Gerard-Majella.jpg","articleSection":["Religion","Saints et Bienheureux"],"inLanguage":"fr-FR"},{"@type":"WebPage","@id":"https:\/\/blog.holyart.it\/fr\/articles-religieux\/le-sanctuaire-de-saint-gerard-majella-le-saint-protecteur-des-mamans-et-des-enfants\/","url":"https:\/\/blog.holyart.it\/fr\/articles-religieux\/le-sanctuaire-de-saint-gerard-majella-le-saint-protecteur-des-mamans-et-des-enfants\/","name":"Le Sanctuaire de Saint G\u00e9rard Majella, le saint protecteur des mamans et des enfants - Holyart.fr Blog","isPartOf":{"@id":"https:\/\/blog.holyart.it\/fr\/#website"},"primaryImageOfPage":{"@id":"https:\/\/blog.holyart.it\/fr\/articles-religieux\/le-sanctuaire-de-saint-gerard-majella-le-saint-protecteur-des-mamans-et-des-enfants\/#primaryimage"},"image":{"@id":"https:\/\/blog.holyart.it\/fr\/articles-religieux\/le-sanctuaire-de-saint-gerard-majella-le-saint-protecteur-des-mamans-et-des-enfants\/#primaryimage"},"thumbnailUrl":"https:\/\/blog.holyart.it\/fr\/wp-content\/uploads\/sites\/14\/2023\/10\/Le-Sanctuaire-de-Saint-Gerard-Majella.jpg","datePublished":"2023-10-11T08:00:43+00:00","dateModified":"2024-09-27T15:19:48+00:00","description":"Le Sanctuaire de Saint G\u00e9rard Majella c\u00e9l\u00e8bre l\u2019amour de ce saint aimable envers les mamans et les enfants et rappelle sa vie modeste entre pri\u00e8re et p\u00e9nitence.","breadcrumb":{"@id":"https:\/\/blog.holyart.it\/fr\/articles-religieux\/le-sanctuaire-de-saint-gerard-majella-le-saint-protecteur-des-mamans-et-des-enfants\/#breadcrumb"},"inLanguage":"fr-FR","potentialAction":[{"@type":"ReadAction","target":["https:\/\/blog.holyart.it\/fr\/articles-religieux\/le-sanctuaire-de-saint-gerard-majella-le-saint-protecteur-des-mamans-et-des-enfants\/"]}]},{"@type":"ImageObject","inLanguage":"fr-FR","@id":"https:\/\/blog.holyart.it\/fr\/articles-religieux\/le-sanctuaire-de-saint-gerard-majella-le-saint-protecteur-des-mamans-et-des-enfants\/#primaryimage","url":"https:\/\/blog.holyart.it\/fr\/wp-content\/uploads\/sites\/14\/2023\/10\/Le-Sanctuaire-de-Saint-Gerard-Majella.jpg","contentUrl":"https:\/\/blog.holyart.it\/fr\/wp-content\/uploads\/sites\/14\/2023\/10\/Le-Sanctuaire-de-Saint-Gerard-Majella.jpg","width":1000,"height":666,"caption":"Le Sanctuaire de Saint G\u00e9rard Majella"},{"@type":"BreadcrumbList","@id":"https:\/\/blog.holyart.it\/fr\/articles-religieux\/le-sanctuaire-de-saint-gerard-majella-le-saint-protecteur-des-mamans-et-des-enfants\/#breadcrumb","itemListElement":[{"@type":"ListItem","position":1,"name":"Homepage","item":"https:\/\/blog.holyart.it\/fr\/"},{"@type":"ListItem","position":2,"name":"Religion","item":"https:\/\/blog.holyart.it\/fr\/articles-religieux\/"},{"@type":"ListItem","position":3,"name":"Le Sanctuaire de Saint G\u00e9rard Majella, le saint protecteur des mamans et des enfants"}]},{"@type":"WebSite","@id":"https:\/\/blog.holyart.it\/fr\/#website","url":"https:\/\/blog.holyart.it\/fr\/","name":"Holyart.fr Blog","description":"Holyblog","publisher":{"@id":"https:\/\/blog.holyart.it\/fr\/#organization"},"potentialAction":[{"@type":"SearchAction","target":{"@type":"EntryPoint","urlTemplate":"https:\/\/blog.holyart.it\/fr\/?s={search_term_string}"},"query-input":{"@type":"PropertyValueSpecification","valueRequired":true,"valueName":"search_term_string"}}],"inLanguage":"fr-FR"},{"@type":"Organization","@id":"https:\/\/blog.holyart.it\/fr\/#organization","name":"Holyart.fr Blog","url":"https:\/\/blog.holyart.it\/fr\/","logo":{"@type":"ImageObject","inLanguage":"fr-FR","@id":"https:\/\/blog.holyart.it\/fr\/#\/schema\/logo\/image\/","url":"https:\/\/blog.holyart.it\/fr\/wp-content\/uploads\/sites\/14\/2022\/12\/Holyart_Blog_Logo.jpg","contentUrl":"https:\/\/blog.holyart.it\/fr\/wp-content\/uploads\/sites\/14\/2022\/12\/Holyart_Blog_Logo.jpg","width":300,"height":50,"caption":"Holyart.fr Blog"},"image":{"@id":"https:\/\/blog.holyart.it\/fr\/#\/schema\/logo\/image\/"}},{"@type":"Person","@id":"https:\/\/blog.holyart.it\/fr\/#\/schema\/person\/0a7b686e5af0f856ec1e390dd0baecda","name":"Redazione","image":{"@type":"ImageObject","inLanguage":"fr-FR","@id":"https:\/\/blog.holyart.it\/fr\/#\/schema\/person\/image\/","url":"https:\/\/secure.gravatar.com\/avatar\/f477da817f43e50d0af36abecd33e3edf826c68299714bdc1057dff3b113f516?s=96&d=mm&r=g","contentUrl":"https:\/\/secure.gravatar.com\/avatar\/f477da817f43e50d0af36abecd33e3edf826c68299714bdc1057dff3b113f516?s=96&d=mm&r=g","caption":"Redazione"},"url":"https:\/\/blog.holyart.it\/fr\/author\/admin\/"}]}},"_links":{"self":[{"href":"https:\/\/blog.holyart.it\/fr\/wp-json\/wp\/v2\/posts\/7092","targetHints":{"allow":["GET"]}}],"collection":[{"href":"https:\/\/blog.holyart.it\/fr\/wp-json\/wp\/v2\/posts"}],"about":[{"href":"https:\/\/blog.holyart.it\/fr\/wp-json\/wp\/v2\/types\/post"}],"author":[{"embeddable":true,"href":"https:\/\/blog.holyart.it\/fr\/wp-json\/wp\/v2\/users\/1"}],"replies":[{"embeddable":true,"href":"https:\/\/blog.holyart.it\/fr\/wp-json\/wp\/v2\/comments?post=7092"}],"version-history":[{"count":4,"href":"https:\/\/blog.holyart.it\/fr\/wp-json\/wp\/v2\/posts\/7092\/revisions"}],"predecessor-version":[{"id":7102,"href":"https:\/\/blog.holyart.it\/fr\/wp-json\/wp\/v2\/posts\/7092\/revisions\/7102"}],"wp:featuredmedia":[{"embeddable":true,"href":"https:\/\/blog.holyart.it\/fr\/wp-json\/wp\/v2\/media\/7093"}],"wp:attachment":[{"href":"https:\/\/blog.holyart.it\/fr\/wp-json\/wp\/v2\/media?parent=7092"}],"wp:term":[{"taxonomy":"category","embeddable":true,"href":"https:\/\/blog.holyart.it\/fr\/wp-json\/wp\/v2\/categories?post=7092"},{"taxonomy":"post_tag","embeddable":true,"href":"https:\/\/blog.holyart.it\/fr\/wp-json\/wp\/v2\/tags?post=7092"}],"curies":[{"name":"wp","href":"https:\/\/api.w.org\/{rel}","templated":true}]}}