{"id":7043,"date":"2023-10-02T10:00:38","date_gmt":"2023-10-02T08:00:38","guid":{"rendered":"https:\/\/blog.holyart.it\/fr\/?p=7043"},"modified":"2026-01-07T15:19:25","modified_gmt":"2026-01-07T14:19:25","slug":"lhistoire-des-dogmes-de-leglise-catholique","status":"publish","type":"post","link":"https:\/\/blog.holyart.it\/fr\/articles-religieux\/lhistoire-des-dogmes-de-leglise-catholique\/","title":{"rendered":"L\u2019histoire des dogmes de l\u2019\u00c9glise catholique"},"content":{"rendered":"<h4>Les dogmes sont des v\u00e9rit\u00e9s absolues et incontournables auxquelles chaque chr\u00e9tien doit croire en vertu de sa foi. Voici comment ils ont \u00e9t\u00e9 d\u00e9finis au cours des si\u00e8cles.<\/h4>\n\n<p>Dans le contexte chr\u00e9tien catholique, le dogme est une <strong>v\u00e9rit\u00e9 r\u00e9v\u00e9l\u00e9e par Dieu<\/strong>. Telle v\u00e9rit\u00e9 peut \u00eatre d\u00e9duite des <strong>\u00c9vangiles des Ap\u00f4tres<\/strong>, ou report\u00e9e dans la <strong>Sainte Tradition<\/strong>, c\u2019est-\u00e0-dire cet ensemble de nouvelles et de faits li\u00e9s \u00e0 la foi transmis en premier lieu de forme orale et ensuite \u00e9crite. L\u2019\u00c9glise a fait siennes ces v\u00e9rit\u00e9s et les a propos\u00e9es aux fid\u00e8les. Il ne s\u2019agit donc pas d\u2019inventions, ou de d\u00e9cisions arbitraires prises par quelques membres du clerg\u00e9 au cours de la longue histoire de l\u2019\u00c9glise, mais plut\u00f4t de <strong>v\u00e9rit\u00e9s d\u00e9j\u00e0 pr\u00e9sentes dans les Saintes \u00c9critures et dans la tradition transmise depuis les temps de J\u00e9sus <\/strong>jusqu\u2019\u00e0 maintenant. Et c\u2019est justement \u00e0 l\u2019<strong>autorit\u00e9 de Christ <\/strong>que l\u2019\u00c9glise fait appel quand elle d\u00e9finit un dogme, en proposant aux fid\u00e8les de <strong>croire sans r\u00e9serve<\/strong> ni doutes \u00e0 une v\u00e9rit\u00e9 qui fait partie de la r\u00e9v\u00e9lation divine et qui, comme telle, est objectivement vraie.<\/p>\n<p>Le fid\u00e8le chr\u00e9tien catholique est tenu de croire en ce qui est \u00e9nonc\u00e9 dans le dogme en tant que tel, en admettant son impossibilit\u00e9 d\u2019en d\u00e9montrer la v\u00e9racit\u00e9, \u00e0 cause de ses propres limites humaines, et de se fier compl\u00e8tement \u00e0 sa foi. Cette forme d\u2019adh\u00e9sion confiante et d\u2019ob\u00e9issance est une des caract\u00e9ristiques incontournables du Christianisme.<\/p>\n<p>Mais quand est-ce que les dogmes chr\u00e9tiens sont reconnus comme tels\u00a0? Au cours de l\u2019histoire de l\u2019\u00c9glise et de l\u2019humanit\u00e9, il a \u00e9t\u00e9 n\u00e9cessaire de r\u00e9affirmer au fur et \u00e0 mesure et de mani\u00e8re solennelle certaines v\u00e9rit\u00e9s pr\u00e9sentes dans les \u00c9critures et partie int\u00e9grante de la R\u00e9v\u00e9lation divine, parfois afin d\u2019aider l\u2019\u00c9glise \u00e0 affronter des moments historiques sp\u00e9cifiques, d\u2019autres comme forme de <strong>support contre les h\u00e9r\u00e9sies<\/strong>, qui de temps \u00e0 autres ont ni\u00e9 la v\u00e9rit\u00e9 de certains dogmes de foi reconnus.<\/p>\n<h2>Dogme : l\u2019\u00e9tymologie du mot<\/h2>\n<p>Le mot \u00ab\u00a0<strong>dogme<\/strong>\u00a0\u00bb d\u00e9rive du grec <em>d\u00f3gma\u00a0<\/em>ou dokein, qui signifie d\u00e9cret, doctrine, du verbe <em>\u03b4\u03bf\u03ba\u03ad\u03c9<\/em>,\u00a0<em>dok\u00e9\u014d. <\/em>En r\u00e9alit\u00e9, dok\u00eain \u00e0 l\u2019origine signifiait <em>sembler<\/em>. La premi\u00e8re signification grecque de dogme \u00e9tait donc distante de celle de v\u00e9rit\u00e9 universelle\u00a0: elle indiquait plut\u00f4t <strong>une opinion, une possibilit\u00e9<\/strong>, ce qui semblait vrai \u00e0 quelqu\u2019un, mais pas n\u00e9cessairement \u00e0 un d\u2019autre. Avec le temps on s\u2019est \u00e9loign\u00e9 de l\u2019\u00e9tymologie originaire du terme et ainsi dogme est devenu l\u2019<strong>opinion d\u00e9finitive<\/strong>. En particulier, le Catholicisme a utilis\u00e9 ce terme pour <strong>indiquer les v\u00e9rit\u00e9s r\u00e9v\u00e9l\u00e9es, les principes indiscutables \u00e0 la base de la foi et de la vie de la communaut\u00e9 croyante<\/strong>. Dogme comme v\u00e9rit\u00e9 qui ne peut pas \u00eatre discut\u00e9e, \u00e0 partir des <strong>articles de foi<\/strong>\u00a0: l\u2019<a href=\"https:\/\/www.holyart.fr\/articles-religieux\/statues\/statues-en-resine-et-pvc\/immaculee-conception-details-or-statue-resine-31-cm?_gl=1*1lwsbyo*_gcl_aw*R0NMLjE2OTAyODEzMTIuQ2owS0NRanc1ZjJsQmhDa0FSSXNBSGVUdmxpUXN6U2xKQWxLR2lRUFROWmlldTdtUjJUUWFNb282YVMxaHAtSEp6RkExQVBPUHhodXB1MGFBcnVvRUFMd193Y0I.*_gcl_au*NTIzMjMyNDc1LjE2OTQ3ODgxNDM.*_ga*MTQ4NzE4MjM0Mi4xNjk0Nzg4MTQz*_ga_W18MV136NH*MTY5NTI5OTAxOC4yMC4xLjE2OTUyOTkwNTIuMC4wLjA.\"><strong>Immacul\u00e9e Conception de Marie<\/strong><\/a>, la <a href=\"https:\/\/www.holyart.fr\/articles-religieux\/icones-religieuses\/icones-roumaines-peintes\/icone-sainte-trinite-40x30-cm-peinte-a-la-main-roumanie?_gl=1*9z306h*_gcl_aw*R0NMLjE2OTAyODEzMTIuQ2owS0NRanc1ZjJsQmhDa0FSSXNBSGVUdmxpUXN6U2xKQWxLR2lRUFROWmlldTdtUjJUUWFNb282YVMxaHAtSEp6RkExQVBPUHhodXB1MGFBcnVvRUFMd193Y0I.*_gcl_au*NTIzMjMyNDc1LjE2OTQ3ODgxNDM.*_ga*MTQ4NzE4MjM0Mi4xNjk0Nzg4MTQz*_ga_W18MV136NH*MTY5NTI5OTAxOC4yMC4xLjE2OTUyOTkwNzYuMC4wLjA.\"><strong>Tr\u00e8s-Sainte Trinit\u00e9<\/strong><\/a>, le primat de Christ en tant que chef de l\u2019\u00c9glise. Tous les dogmes de l\u2019\u00c9glise catholique sont recueillis dans le <strong>Cat\u00e9chisme<\/strong> et le <strong>Magistrat de l\u2019\u00c9glise<\/strong> est Gardien du dogme et de son interpr\u00e9tation.<\/p>\n<div class=\"link-product\">\n<div class=\"blocco-immagine\"><img loading=\"lazy\" decoding=\"async\" class=\"size-full wp-image-7045 alignleft\" src=\"https:\/\/blog.holyart.it\/fr\/wp-content\/uploads\/sites\/14\/2023\/09\/Immaculee-Conception-details-or-statue-resine-31-cm.jpg\" alt=\"Immacul\u00e9e Conception d\u00e9tails or statue r\u00e9sine 31 cm\" width=\"100\" height=\"100\" data-kale-share-title=\"L\u2019histoire des dogmes de l\u2019\u00c9glise catholique\" data-kale-share-url=\"https:\/\/blog.holyart.it\/fr\/?p=7043\" \/><\/div>\n<div class=\"blocco-contenuto\">\n<div class=\"blocco-acquista\">Acheter sur Holyart:<\/div>\n<div class=\"blocco-titolo\"><a href=\"https:\/\/www.holyart.fr\/articles-religieux\/statues\/statues-en-resine-et-pvc\/immaculee-conception-details-or-statue-resine-31-cm?_gl=1*sij3h3*_gcl_aw*R0NMLjE2OTAyODEzMTIuQ2owS0NRanc1ZjJsQmhDa0FSSXNBSGVUdmxpUXN6U2xKQWxLR2lRUFROWmlldTdtUjJUUWFNb282YVMxaHAtSEp6RkExQVBPUHhodXB1MGFBcnVvRUFMd193Y0I.*_gcl_au*NTIzMjMyNDc1LjE2OTQ3ODgxNDM.*_ga*MTQ4NzE4MjM0Mi4xNjk0Nzg4MTQz*_ga_W18MV136NH*MTY5NTI5OTAxOC4yMC4xLjE2OTUyOTkwOTUuMC4wLjA.\">Immacul\u00e9e Conception d\u00e9tails or statue r\u00e9sine 31 cm<\/a><\/div>\n<div class=\"blocco-descrizione\">Statue de la Vierge Immacul\u00e9e, les bras ouverts, 31 cm de haut, r\u00e9alis\u00e9e en r\u00e9sine.<\/div>\n<\/div>\n<\/div>\n<h2>Les dogmes de l\u2019\u00c9glise catholique dans l\u2019histoire<\/h2>\n<p>Les dogmes n\u2019ont pas toujours exist\u00e9, dans le sens qu\u2019ils ont \u00e9t\u00e9 reconnus et proclam\u00e9s au cours de l\u2019histoire de l\u2019\u00e9glise et de l\u2019humanit\u00e9, et souvent ont \u00e9t\u00e9 \u00e9galement modifi\u00e9, selon l\u2019exigence historique.<\/p>\n<p>Th\u00e9\u00e2tre de la d\u00e9finition des dogmes religieux ont \u00e9t\u00e9 au cours de l\u2019histoires les grands <strong>Conciles \u0153cum\u00e9niques<\/strong>, les solennelles r\u00e9unions au cours desquelles tous les <a href=\"https:\/\/www.holyart.fr\/accessoires-pour-la-liturgie\/attributs-episcopaux?page=1&amp;_gl=1*5pnkgf*_gcl_aw*R0NMLjE2OTAyODEzMTIuQ2owS0NRanc1ZjJsQmhDa0FSSXNBSGVUdmxpUXN6U2xKQWxLR2lRUFROWmlldTdtUjJUUWFNb282YVMxaHAtSEp6RkExQVBPUHhodXB1MGFBcnVvRUFMd193Y0I.*_gcl_au*NTIzMjMyNDc1LjE2OTQ3ODgxNDM.*_ga*MTQ4NzE4MjM0Mi4xNjk0Nzg4MTQz*_ga_W18MV136NH*MTY5NTI5OTAxOC4yMC4xLjE2OTUyOTkxOTcuMC4wLjA.\"><strong>\u00e9v\u00eaques<\/strong><\/a> chr\u00e9tiens \u00e9taient appel\u00e9s \u00e0 d\u00e9battre diff\u00e9rents sujets li\u00e9s \u00e0 la religion et \u00e0 r\u00e9gler des diff\u00e9rends de foi. \u00c0 l\u2019origine, dans l\u2019Empire romain, les conciles \u00e9taient convoqu\u00e9s par les premiers empereurs chr\u00e9tiens pour d\u00e9finir et planifier l\u2019unification religieuse.<\/p>\n<p>Avec le temps et l\u2019accentuation des divisions entre les <a href=\"https:\/\/www.holyart.fr\/blog\/articles-religieux\/les-principales-divisions-au-sein-de-la-religion-chretienne\/\"><strong><u>diff\u00e9rentes branches de l\u2019\u00c9glise chr\u00e9tienne<\/u><\/strong><\/a>, certains conciles ont \u00e9t\u00e9 reconnus par diff\u00e9rentes professions de foi et d\u2019autres pas. En particulier, l\u2019<strong>\u00c9glise<\/strong> catholique en reconnait 21, bien plus que les \u00c9glises Orthodoxe, Anglicane et Luth\u00e9rienne. Parmi les conciles \u0153cum\u00e9niques reconnus par pratiquement toutes les \u00e9glises, rappelons les premiers conciles, comme celui de <strong>Nic\u00e9e I<\/strong> (325 apr. J.-C.), celui de <strong>Constantinople I<\/strong> (381 apr. J.-C.), celui d\u2019<strong>\u00c9ph\u00e8se I <\/strong>(431 apr. J.-C.) et celui de <strong>Calc\u00e9donie<\/strong> (451 apr. J.-C.).<\/p>\n<div class=\"link-article\">\n<p><img loading=\"lazy\" decoding=\"async\" class=\"size-full wp-image-7047 alignleft\" src=\"https:\/\/blog.holyart.it\/fr\/wp-content\/uploads\/sites\/14\/2023\/09\/Les-principales-divisions-au-sein-de-la-religion-chretienne.jpg\" alt=\"Les principales divisions au sein de la religion chr\u00e9tienne\" width=\"150\" height=\"99\" data-kale-share-title=\"L\u2019histoire des dogmes de l\u2019\u00c9glise catholique\" data-kale-share-url=\"https:\/\/blog.holyart.it\/fr\/?p=7043\" \/><\/p>\n<div class=\"leggi-anche\">Lire aussi :<\/div>\n<p><strong><a href=\"https:\/\/www.holyart.fr\/blog\/articles-religieux\/les-principales-divisions-au-sein-de-la-religion-chretienne\/\">Les principales divisions au sein de la religion chr\u00e9tienne<\/a><\/strong><br \/>\nLa religion chr\u00e9tienne est en r\u00e9alit\u00e9 compos\u00e9e de nombreuses confessions religieuses, semblables sous certains aspects et profond\u00e9ment diff\u00e9rentes pour d\u2019autres. Voyons lesquels.<\/p>\n<\/div>\n<p>En g\u00e9n\u00e9ral, les conciles \u0153cum\u00e9niques ont eu la t\u00e2che de d\u00e9finir l\u2019orthodoxie et les lignes principales des diff\u00e9rentes confessions de foi. En outre, l\u2019\u00c9glise catholique, par rapport aux autres, reconnait comme dogmes certaines <strong>d\u00e9finitions exprim\u00e9es par les Papes avec sentence <em>ex Cathedra<\/em><\/strong>, i.e. quand le Pape s\u2019exprime en tant que <a href=\"https:\/\/www.holyart.fr\/blog\/saints-et-bienheureux\/les-docteurs-de-leglise-qui-sont-ils-et-quelles-sont-les-conditions-pour-obtenir-ce-titre\/\"><strong><u>docteur ou pasteur universel de l\u2019\u00c9glise<\/u><\/strong><\/a>, et non d\u00e9battu au sein d\u2019un concile, au nom du principe d\u2019<strong>infaillibilit\u00e9 papale<\/strong>, que les autres professions ne reconnaissent pas. Pensons au dogme de l\u2019Assomption au ciel corps et \u00e2me de la Vierge Marie, proclam\u00e9 le 1<sup>er<\/sup> novembre 1950 par pape Pie XII avec la constitution apostolique\u00a0<em>Munificentissimus Deus<\/em>.<\/p>\n<h2>Quels sont les principaux dogmes catholiques\u00a0?<\/h2>\n<p>Quels sont donc les dogmes de l\u2019\u00c9glise catholique ?<br \/>\nL\u2019\u00c9glise catholique reconnait <strong>21 dogmes principaux<\/strong> que le croyant est oblig\u00e9 d\u2019accepter. Ils sont condens\u00e9s dans le <strong>Credo des Ap\u00f4tres<\/strong>, ou <strong>Symbole des Ap\u00f4tres<\/strong>, i.e. le <strong>\u00ab\u00a0r\u00e9sum\u00e9\u00a0\u00bb de la foi des ap\u00f4tres<\/strong>. Le <em>Symbole<\/em> est \u00e0 la base de la profession de foi chr\u00e9tienne-catholique. Il a subi des variations significatives \u00e0 l\u2019occasion des <strong>Concile de Nic\u00e9e-Constantinople<\/strong>, quand il a \u00e9t\u00e9 revu pour faire face \u00e0 la <strong>menace des h\u00e9r\u00e9sies<\/strong> qui mettaient en doute les dogmes. Il reconnait les dogmes en tant que v\u00e9rit\u00e9s fondamentales de la foi, et partie du dit <strong>d\u00e9p\u00f4t de la foi<\/strong>, le noyau de principes et affirmations de foi depuis toujours \u00e0 la base de l\u2019\u00c9glise apostolique, bas\u00e9 sur les Saintes \u00c9critures et sur la Tradition. Aux 21 dogmes du Credo s\u2019en sont ajout\u00e9s d\u2019autres qui sont des explicitations de ces derniers, jusqu\u2019\u00e0 un total de 44.<\/p>\n<p>Voici les 21 dogmes r\u00e9sum\u00e9s dans les mots du Credo\u00a0:<\/p>\n<ol>\n<li><strong>Je crois en un seul Dieu<\/strong> (Unicit\u00e9 et Trinit\u00e9 de Dieu en Trois Personnes Divines)\u00a0;<\/li>\n<li><strong>P\u00e8re tout-puissant<\/strong> (Premi\u00e8re personne de la Trinit\u00e9)\u00a0;<\/li>\n<li><strong>Cr\u00e9ateur du ciel et de la terre<\/strong>, de l\u2019univers visible et invisible (toute la Cr\u00e9ation est attribu\u00e9e \u00e0 Dieu)\u00a0;<\/li>\n<li><strong>Je crois en un seul Seigneur, J\u00e9sus Christ, le Fils unique de Dieu<\/strong> (J\u00e9sus, la deuxi\u00e8me Personne de la Trinit\u00e9, reconnu en tant que tel au Concile de Nic\u00e9e, 325 apr. J.-C.)\u00a0;<\/li>\n<li><strong>n\u00e9 du P\u00e8re avant tous les si\u00e8cles\u00a0: Il est Dieu, n\u00e9 de Dieu, lumi\u00e8re, n\u00e9e de la lumi\u00e8re, vrai Dieu, n\u00e9 du vrai Dieu<\/strong>, (J\u00e9sus en tant que Deuxi\u00e8me Personne proc\u00e8de de Dieu avec qui Il maintient un rapport Fils-P\u00e8re)\u00a0;<\/li>\n<li><strong>engendr\u00e9 non pas cr\u00e9\u00e9, consubstantiel au P\u00e8re\u00a0; et par lui tout a \u00e9t\u00e9 fait <\/strong>(union hypostatique entre la nature humaine et la nature divine dans la personne de J\u00e9sus)\u00a0;<\/li>\n<li><strong>Pour nous les hommes, et pour notre salut il descendit du ciel<\/strong> (la mission de Christ \u00e9tait de nous sauver tous)\u00a0;<\/li>\n<li><strong>Par l\u2019Esprit-Saint, il a pris chair de la Vierge Marie, et s\u2019est fait homme<\/strong> (Marie est M\u00e8re de Dieu, con\u00e7ue sans p\u00e9ch\u00e9 et vierge avant et apr\u00e8s l\u2019accouchement\u00a0; le dogme de la Naissance virginale de J\u00e9sus fut proclam\u00e9 pendant le Deuxi\u00e8me Concile de Constantinople en 553 apr. J.-C.)\u00a0;<\/li>\n<li><strong>Crucifi\u00e9 pour nous sous Ponce Pilate<\/strong> (J\u00e9sus s\u2019est sacrifi\u00e9 pour les hommes avec un libre acte d\u2019amour)\u00a0;<\/li>\n<\/ol>\n<ul>\n<li><strong>Il souffrit sa passion et fut mis au tombeau. Il ressuscita le troisi\u00e8me jour, conform\u00e9ment aux \u00c9critures<\/strong> (myst\u00e8re de la Mort, descente aux Enfers et de la R\u00e9surrection de Christ)\u00a0;<\/li>\n<\/ul>\n<ol start=\"11\">\n<li><strong>et il monta au ciel\u00a0; il est assis \u00e0 la droite du P\u00e8re<\/strong> (assomption de J\u00e9sus au ciel, corps et \u00e2me)\u00a0;<\/li>\n<li><strong>Il reviendra dans la gloire, pour juger les vivants et les morts,<\/strong> (dogme de la Parousie, le retour de Christ sur terre \u00e0 la fin des temps afin de juger les hommes d\u2019hier, aujourd\u2019hui et demain)\u00a0;<\/li>\n<li><strong>et son r\u00e8gne n\u2019aura pas de fin<\/strong> (le nouveau monde cr\u00e9\u00e9 par J\u00e9sus sera \u00e9ternel)\u00a0;<\/li>\n<li><strong>Je crois en l\u2019Esprit Saint, qui est Seigneur et qui donne la vie,<\/strong> (Troisi\u00e8me personne de la Trinit\u00e9, investie de l\u2019\u0153uvre de la sanctification)\u00a0;<\/li>\n<li><strong>Il proc\u00e8de du P\u00e8re et du Fils<\/strong> (envoy\u00e9 par le P\u00e8re et par le Fils comme d\u2019un seul principe, l\u2019Esprit Saint les proc\u00e8de par le biais d\u2019une seule et unique expiration)\u00a0;<\/li>\n<li><strong>Avec le P\u00e8re et le Fils, il re\u00e7oit m\u00eame adoration et m\u00eame gloire,<\/strong> (p\u00e9richor\u00e8se trinitaire\u00a0: l\u2019inhabitation r\u00e9ciproque entre les Trois Personnes de la Trinit\u00e9)\u00a0;<\/li>\n<li><strong>il a parl\u00e9 par les proph\u00e8tes<\/strong> (\u00e0 travers le Saint-Esprit Dieu a inspir\u00e9 les proph\u00e8tes de l\u2019Ancien Testament \u00e0 r\u00e9diger les \u00c9critures)\u00a0;<\/li>\n<li><strong>Je crois en l\u2019\u00c9glise, une, sainte, catholique et apostolique<\/strong> (on reconnait l\u2019\u00c9glise cr\u00e9\u00e9e par J\u00e9sus, avec ses pouvoirs hi\u00e9rarchiques, confi\u00e9e \u00e0 Saint Pierre et \u00e0 ses successeurs)\u00a0;<\/li>\n<li><strong>Je reconnais un seul bapt\u00eame pour le pardon des p\u00e9ch\u00e9s<\/strong> (le Sacrement cr\u00e9\u00e9 par Christ est condition indispensable pour le salut)\u00a0;<\/li>\n<li><strong>J\u2019attends la r\u00e9surrection des morts <\/strong>(la foi dans la r\u00e9surrection est foi en Dieu)\u00a0;<\/li>\n<li><strong>et la vie du monde \u00e0 venir<\/strong> (foi en l\u2019existence d\u2019une vie \u00e9ternelle dans le monde qui viendra).<\/li>\n<\/ol>\n<p>&nbsp;<\/p>\n<p>Des dogmes \u00e9tablis par la suite ont \u00e9t\u00e9 par exemple le <strong>dogme de la Transsubstantiation<\/strong>, i.e. la Pr\u00e9sence r\u00e9elle de Christ dans l\u2019Eucharistie, confirm\u00e9 par le Concile de Trente (1545-1563) ; le dogme de l\u2019<strong><u>Immacul\u00e9e Conception de Marie <\/u><\/strong>(proclam\u00e9e par Pape Pie IX avec la\u00a0<em>Constitution apostolique Ineffabilis Deus<\/em>\u00a0de 1854) ; le dogme de l\u2019<strong>Infaillibilit\u00e9 papale <\/strong>(Concile Vatican I, 1870), la d\u00e9j\u00e0 cit\u00e9e <a href=\"https:\/\/www.holyart.fr\/blog\/occasions-speciales\/lassomption-de-marie-et-les-celebrations-les-plus-caracteristiques\/\"><strong><u>Assomption de Marie<\/u><\/strong><\/a> (Constitution dogmatique\u00a0<em>Munificentissimus Deus<\/em>\u00a0de Pape Pie XII, 1950).<\/p>\n<p>Parmi les dogmes nous pouvons identifier les <strong>Dogmes mariaux<\/strong>, li\u00e9s \u00e0 la mission de la Vierge Marie, \u00e0 tout ce que Dieu a fait de grand dans le monde \u00e0 travers elle. Il y en a quatre :<\/p>\n<ol>\n<li><strong>Sainte Marie, M\u00e8re de Dieu<\/strong> (en 431 apr. J.-C., le Concile d\u2019\u00c9ph\u00e8se reconnut que Marie, en tant que M\u00e8re de Christ, est la M\u00e8re de Dieu\u00a0; on f\u00eate cette r\u00e9currence le 1er janvier) ;<\/li>\n<li><strong>Annonciation du Seigneur<\/strong> (rappelant la Visite de l\u2019Ange \u00e0 la Bienheureuse Vierge Marie et f\u00eat\u00e9e le 25 mars) ;<\/li>\n<li><strong>Assomption de la Vierge Marie<\/strong> (reconnu en 1950, le dogme proclame que Marie monta au ciel corps et \u00e2me ; on le f\u00eate le 15 ao\u00fbt) ;<\/li>\n<li><strong>Immacul\u00e9e Conception<\/strong> (proclam\u00e9 par Pape Pie IX en 1854 \u00e0 travers la bulle \u00ab\u00a0<em>Ineffabilis Deus<\/em>\u00bb, il indique que la Vierge a \u00e9t\u00e9 \u00ab\u00a0<em>pr\u00e9serv\u00e9e et exempte de toute t\u00e2che du p\u00e9ch\u00e9 originel dans le premier instant de sa Conception<\/em>\u00a0\u00bb\u00a0; ce dogme est c\u00e9l\u00e9br\u00e9 le 8 d\u00e9cembre).<\/li>\n<\/ol>\n<div class=\"link-article\">\n<p><img loading=\"lazy\" decoding=\"async\" class=\"size-full wp-image-7049 alignleft\" src=\"https:\/\/blog.holyart.it\/fr\/wp-content\/uploads\/sites\/14\/2023\/09\/assomption-de-marie.jpg\" alt=\"assomption de marie\" width=\"150\" height=\"99\" data-kale-share-title=\"L\u2019histoire des dogmes de l\u2019\u00c9glise catholique\" data-kale-share-url=\"https:\/\/blog.holyart.it\/fr\/?p=7043\" \/><\/p>\n<div class=\"leggi-anche\">Lire aussi :<\/div>\n<p><strong><a href=\"https:\/\/www.holyart.fr\/blog\/occasions-speciales\/lassomption-de-marie-et-les-celebrations-les-plus-caracteristiques\/\">L\u2019Assomption de Marie et les c\u00e9l\u00e9brations les plus caract\u00e9ristiques<\/a><\/strong><br \/>\nLe 15 ao\u00fbt on rappelle en effet l\u2019Assomption de Marie au ciel. D\u00e9couvrons les c\u00e9l\u00e9brations les plus suggestives.<\/p>\n<\/div>\n","protected":false},"excerpt":{"rendered":"<p>Les dogmes sont des v\u00e9rit\u00e9s absolues et incontournables auxquelles chaque chr\u00e9tien doit croire en vertu de sa foi. Voici comment ils ont \u00e9t\u00e9 d\u00e9finis au cours des si\u00e8cles. Dans le contexte chr\u00e9tien catholique, le dogme est une v\u00e9rit\u00e9 r\u00e9v\u00e9l\u00e9e par Dieu. Telle v\u00e9rit\u00e9 peut \u00eatre&hellip;<\/p>\n","protected":false},"author":1,"featured_media":7044,"comment_status":"closed","ping_status":"open","sticky":false,"template":"","format":"standard","meta":{"_acf_changed":false,"footnotes":""},"categories":[8],"tags":[],"class_list":["post-7043","post","type-post","status-publish","format-standard","has-post-thumbnail","hentry","category-articles-religieux"],"acf":[],"yoast_head":"<!-- This site is optimized with the Yoast SEO plugin v26.6 - https:\/\/yoast.com\/wordpress\/plugins\/seo\/ -->\n<title>L\u2019histoire des dogmes de l\u2019\u00c9glise catholique - Holyart.fr Blog<\/title>\n<meta name=\"description\" content=\"Les dogmes sont des v\u00e9rit\u00e9s absolues auxquelles chaque chr\u00e9tien doit croire en vertu de sa foi. Voici comment ils ont \u00e9t\u00e9 d\u00e9finis au cours des si\u00e8cles.\" \/>\n<meta name=\"robots\" content=\"index, follow, max-snippet:-1, max-image-preview:large, max-video-preview:-1\" \/>\n<link rel=\"canonical\" href=\"https:\/\/blog.holyart.it\/fr\/articles-religieux\/lhistoire-des-dogmes-de-leglise-catholique\/\" \/>\n<meta property=\"og:locale\" content=\"fr_FR\" \/>\n<meta property=\"og:type\" content=\"article\" \/>\n<meta property=\"og:title\" content=\"L\u2019histoire des dogmes de l\u2019\u00c9glise catholique - Holyart.fr Blog\" \/>\n<meta property=\"og:description\" content=\"Les dogmes sont des v\u00e9rit\u00e9s absolues auxquelles chaque chr\u00e9tien doit croire en vertu de sa foi. Voici comment ils ont \u00e9t\u00e9 d\u00e9finis au cours des si\u00e8cles.\" \/>\n<meta property=\"og:url\" content=\"https:\/\/blog.holyart.it\/fr\/articles-religieux\/lhistoire-des-dogmes-de-leglise-catholique\/\" \/>\n<meta property=\"og:site_name\" content=\"Holyart.fr Blog\" \/>\n<meta property=\"article:published_time\" content=\"2023-10-02T08:00:38+00:00\" \/>\n<meta property=\"article:modified_time\" content=\"2026-01-07T14:19:25+00:00\" \/>\n<meta property=\"og:image\" content=\"https:\/\/blog.holyart.it\/fr\/wp-content\/uploads\/sites\/14\/2023\/09\/lhistoire-des-dogmes-de-leglise.jpg\" \/>\n\t<meta property=\"og:image:width\" content=\"1000\" \/>\n\t<meta property=\"og:image:height\" content=\"666\" \/>\n\t<meta property=\"og:image:type\" content=\"image\/jpeg\" \/>\n<meta name=\"author\" content=\"Redazione\" \/>\n<meta name=\"twitter:card\" content=\"summary_large_image\" \/>\n<meta name=\"twitter:label1\" content=\"\u00c9crit par\" \/>\n\t<meta name=\"twitter:data1\" content=\"Redazione\" \/>\n\t<meta name=\"twitter:label2\" content=\"Dur\u00e9e de lecture estim\u00e9e\" \/>\n\t<meta name=\"twitter:data2\" content=\"10 minutes\" \/>\n<script type=\"application\/ld+json\" class=\"yoast-schema-graph\">{\"@context\":\"https:\/\/schema.org\",\"@graph\":[{\"@type\":\"Article\",\"@id\":\"https:\/\/blog.holyart.it\/fr\/articles-religieux\/lhistoire-des-dogmes-de-leglise-catholique\/#article\",\"isPartOf\":{\"@id\":\"https:\/\/blog.holyart.it\/fr\/articles-religieux\/lhistoire-des-dogmes-de-leglise-catholique\/\"},\"author\":{\"name\":\"Redazione\",\"@id\":\"https:\/\/blog.holyart.it\/fr\/#\/schema\/person\/0a7b686e5af0f856ec1e390dd0baecda\"},\"headline\":\"L\u2019histoire des dogmes de l\u2019\u00c9glise catholique\",\"datePublished\":\"2023-10-02T08:00:38+00:00\",\"dateModified\":\"2026-01-07T14:19:25+00:00\",\"mainEntityOfPage\":{\"@id\":\"https:\/\/blog.holyart.it\/fr\/articles-religieux\/lhistoire-des-dogmes-de-leglise-catholique\/\"},\"wordCount\":2049,\"publisher\":{\"@id\":\"https:\/\/blog.holyart.it\/fr\/#organization\"},\"image\":{\"@id\":\"https:\/\/blog.holyart.it\/fr\/articles-religieux\/lhistoire-des-dogmes-de-leglise-catholique\/#primaryimage\"},\"thumbnailUrl\":\"https:\/\/blog.holyart.it\/fr\/wp-content\/uploads\/sites\/14\/2023\/09\/lhistoire-des-dogmes-de-leglise.jpg\",\"articleSection\":[\"Religion\"],\"inLanguage\":\"fr-FR\"},{\"@type\":\"WebPage\",\"@id\":\"https:\/\/blog.holyart.it\/fr\/articles-religieux\/lhistoire-des-dogmes-de-leglise-catholique\/\",\"url\":\"https:\/\/blog.holyart.it\/fr\/articles-religieux\/lhistoire-des-dogmes-de-leglise-catholique\/\",\"name\":\"L\u2019histoire des dogmes de l\u2019\u00c9glise catholique - Holyart.fr Blog\",\"isPartOf\":{\"@id\":\"https:\/\/blog.holyart.it\/fr\/#website\"},\"primaryImageOfPage\":{\"@id\":\"https:\/\/blog.holyart.it\/fr\/articles-religieux\/lhistoire-des-dogmes-de-leglise-catholique\/#primaryimage\"},\"image\":{\"@id\":\"https:\/\/blog.holyart.it\/fr\/articles-religieux\/lhistoire-des-dogmes-de-leglise-catholique\/#primaryimage\"},\"thumbnailUrl\":\"https:\/\/blog.holyart.it\/fr\/wp-content\/uploads\/sites\/14\/2023\/09\/lhistoire-des-dogmes-de-leglise.jpg\",\"datePublished\":\"2023-10-02T08:00:38+00:00\",\"dateModified\":\"2026-01-07T14:19:25+00:00\",\"description\":\"Les dogmes sont des v\u00e9rit\u00e9s absolues auxquelles chaque chr\u00e9tien doit croire en vertu de sa foi. Voici comment ils ont \u00e9t\u00e9 d\u00e9finis au cours des si\u00e8cles.\",\"breadcrumb\":{\"@id\":\"https:\/\/blog.holyart.it\/fr\/articles-religieux\/lhistoire-des-dogmes-de-leglise-catholique\/#breadcrumb\"},\"inLanguage\":\"fr-FR\",\"potentialAction\":[{\"@type\":\"ReadAction\",\"target\":[\"https:\/\/blog.holyart.it\/fr\/articles-religieux\/lhistoire-des-dogmes-de-leglise-catholique\/\"]}]},{\"@type\":\"ImageObject\",\"inLanguage\":\"fr-FR\",\"@id\":\"https:\/\/blog.holyart.it\/fr\/articles-religieux\/lhistoire-des-dogmes-de-leglise-catholique\/#primaryimage\",\"url\":\"https:\/\/blog.holyart.it\/fr\/wp-content\/uploads\/sites\/14\/2023\/09\/lhistoire-des-dogmes-de-leglise.jpg\",\"contentUrl\":\"https:\/\/blog.holyart.it\/fr\/wp-content\/uploads\/sites\/14\/2023\/09\/lhistoire-des-dogmes-de-leglise.jpg\",\"width\":1000,\"height\":666,\"caption\":\"l'histoire des dogmes de l'eglise\"},{\"@type\":\"BreadcrumbList\",\"@id\":\"https:\/\/blog.holyart.it\/fr\/articles-religieux\/lhistoire-des-dogmes-de-leglise-catholique\/#breadcrumb\",\"itemListElement\":[{\"@type\":\"ListItem\",\"position\":1,\"name\":\"Homepage\",\"item\":\"https:\/\/blog.holyart.it\/fr\/\"},{\"@type\":\"ListItem\",\"position\":2,\"name\":\"Religion\",\"item\":\"https:\/\/blog.holyart.it\/fr\/articles-religieux\/\"},{\"@type\":\"ListItem\",\"position\":3,\"name\":\"L\u2019histoire des dogmes de l\u2019\u00c9glise catholique\"}]},{\"@type\":\"WebSite\",\"@id\":\"https:\/\/blog.holyart.it\/fr\/#website\",\"url\":\"https:\/\/blog.holyart.it\/fr\/\",\"name\":\"Holyart.fr Blog\",\"description\":\"Holyblog\",\"publisher\":{\"@id\":\"https:\/\/blog.holyart.it\/fr\/#organization\"},\"potentialAction\":[{\"@type\":\"SearchAction\",\"target\":{\"@type\":\"EntryPoint\",\"urlTemplate\":\"https:\/\/blog.holyart.it\/fr\/?s={search_term_string}\"},\"query-input\":{\"@type\":\"PropertyValueSpecification\",\"valueRequired\":true,\"valueName\":\"search_term_string\"}}],\"inLanguage\":\"fr-FR\"},{\"@type\":\"Organization\",\"@id\":\"https:\/\/blog.holyart.it\/fr\/#organization\",\"name\":\"Holyart.fr Blog\",\"url\":\"https:\/\/blog.holyart.it\/fr\/\",\"logo\":{\"@type\":\"ImageObject\",\"inLanguage\":\"fr-FR\",\"@id\":\"https:\/\/blog.holyart.it\/fr\/#\/schema\/logo\/image\/\",\"url\":\"https:\/\/blog.holyart.it\/fr\/wp-content\/uploads\/sites\/14\/2022\/12\/Holyart_Blog_Logo.jpg\",\"contentUrl\":\"https:\/\/blog.holyart.it\/fr\/wp-content\/uploads\/sites\/14\/2022\/12\/Holyart_Blog_Logo.jpg\",\"width\":300,\"height\":50,\"caption\":\"Holyart.fr Blog\"},\"image\":{\"@id\":\"https:\/\/blog.holyart.it\/fr\/#\/schema\/logo\/image\/\"}},{\"@type\":\"Person\",\"@id\":\"https:\/\/blog.holyart.it\/fr\/#\/schema\/person\/0a7b686e5af0f856ec1e390dd0baecda\",\"name\":\"Redazione\",\"image\":{\"@type\":\"ImageObject\",\"inLanguage\":\"fr-FR\",\"@id\":\"https:\/\/blog.holyart.it\/fr\/#\/schema\/person\/image\/\",\"url\":\"https:\/\/secure.gravatar.com\/avatar\/f477da817f43e50d0af36abecd33e3edf826c68299714bdc1057dff3b113f516?s=96&d=mm&r=g\",\"contentUrl\":\"https:\/\/secure.gravatar.com\/avatar\/f477da817f43e50d0af36abecd33e3edf826c68299714bdc1057dff3b113f516?s=96&d=mm&r=g\",\"caption\":\"Redazione\"},\"url\":\"https:\/\/blog.holyart.it\/fr\/author\/admin\/\"}]}<\/script>\n<!-- \/ Yoast SEO plugin. -->","yoast_head_json":{"title":"L\u2019histoire des dogmes de l\u2019\u00c9glise catholique - Holyart.fr Blog","description":"Les dogmes sont des v\u00e9rit\u00e9s absolues auxquelles chaque chr\u00e9tien doit croire en vertu de sa foi. Voici comment ils ont \u00e9t\u00e9 d\u00e9finis au cours des si\u00e8cles.","robots":{"index":"index","follow":"follow","max-snippet":"max-snippet:-1","max-image-preview":"max-image-preview:large","max-video-preview":"max-video-preview:-1"},"canonical":"https:\/\/blog.holyart.it\/fr\/articles-religieux\/lhistoire-des-dogmes-de-leglise-catholique\/","og_locale":"fr_FR","og_type":"article","og_title":"L\u2019histoire des dogmes de l\u2019\u00c9glise catholique - Holyart.fr Blog","og_description":"Les dogmes sont des v\u00e9rit\u00e9s absolues auxquelles chaque chr\u00e9tien doit croire en vertu de sa foi. Voici comment ils ont \u00e9t\u00e9 d\u00e9finis au cours des si\u00e8cles.","og_url":"https:\/\/blog.holyart.it\/fr\/articles-religieux\/lhistoire-des-dogmes-de-leglise-catholique\/","og_site_name":"Holyart.fr Blog","article_published_time":"2023-10-02T08:00:38+00:00","article_modified_time":"2026-01-07T14:19:25+00:00","og_image":[{"width":1000,"height":666,"url":"https:\/\/blog.holyart.it\/fr\/wp-content\/uploads\/sites\/14\/2023\/09\/lhistoire-des-dogmes-de-leglise.jpg","type":"image\/jpeg"}],"author":"Redazione","twitter_card":"summary_large_image","twitter_misc":{"\u00c9crit par":"Redazione","Dur\u00e9e de lecture estim\u00e9e":"10 minutes"},"schema":{"@context":"https:\/\/schema.org","@graph":[{"@type":"Article","@id":"https:\/\/blog.holyart.it\/fr\/articles-religieux\/lhistoire-des-dogmes-de-leglise-catholique\/#article","isPartOf":{"@id":"https:\/\/blog.holyart.it\/fr\/articles-religieux\/lhistoire-des-dogmes-de-leglise-catholique\/"},"author":{"name":"Redazione","@id":"https:\/\/blog.holyart.it\/fr\/#\/schema\/person\/0a7b686e5af0f856ec1e390dd0baecda"},"headline":"L\u2019histoire des dogmes de l\u2019\u00c9glise catholique","datePublished":"2023-10-02T08:00:38+00:00","dateModified":"2026-01-07T14:19:25+00:00","mainEntityOfPage":{"@id":"https:\/\/blog.holyart.it\/fr\/articles-religieux\/lhistoire-des-dogmes-de-leglise-catholique\/"},"wordCount":2049,"publisher":{"@id":"https:\/\/blog.holyart.it\/fr\/#organization"},"image":{"@id":"https:\/\/blog.holyart.it\/fr\/articles-religieux\/lhistoire-des-dogmes-de-leglise-catholique\/#primaryimage"},"thumbnailUrl":"https:\/\/blog.holyart.it\/fr\/wp-content\/uploads\/sites\/14\/2023\/09\/lhistoire-des-dogmes-de-leglise.jpg","articleSection":["Religion"],"inLanguage":"fr-FR"},{"@type":"WebPage","@id":"https:\/\/blog.holyart.it\/fr\/articles-religieux\/lhistoire-des-dogmes-de-leglise-catholique\/","url":"https:\/\/blog.holyart.it\/fr\/articles-religieux\/lhistoire-des-dogmes-de-leglise-catholique\/","name":"L\u2019histoire des dogmes de l\u2019\u00c9glise catholique - Holyart.fr Blog","isPartOf":{"@id":"https:\/\/blog.holyart.it\/fr\/#website"},"primaryImageOfPage":{"@id":"https:\/\/blog.holyart.it\/fr\/articles-religieux\/lhistoire-des-dogmes-de-leglise-catholique\/#primaryimage"},"image":{"@id":"https:\/\/blog.holyart.it\/fr\/articles-religieux\/lhistoire-des-dogmes-de-leglise-catholique\/#primaryimage"},"thumbnailUrl":"https:\/\/blog.holyart.it\/fr\/wp-content\/uploads\/sites\/14\/2023\/09\/lhistoire-des-dogmes-de-leglise.jpg","datePublished":"2023-10-02T08:00:38+00:00","dateModified":"2026-01-07T14:19:25+00:00","description":"Les dogmes sont des v\u00e9rit\u00e9s absolues auxquelles chaque chr\u00e9tien doit croire en vertu de sa foi. Voici comment ils ont \u00e9t\u00e9 d\u00e9finis au cours des si\u00e8cles.","breadcrumb":{"@id":"https:\/\/blog.holyart.it\/fr\/articles-religieux\/lhistoire-des-dogmes-de-leglise-catholique\/#breadcrumb"},"inLanguage":"fr-FR","potentialAction":[{"@type":"ReadAction","target":["https:\/\/blog.holyart.it\/fr\/articles-religieux\/lhistoire-des-dogmes-de-leglise-catholique\/"]}]},{"@type":"ImageObject","inLanguage":"fr-FR","@id":"https:\/\/blog.holyart.it\/fr\/articles-religieux\/lhistoire-des-dogmes-de-leglise-catholique\/#primaryimage","url":"https:\/\/blog.holyart.it\/fr\/wp-content\/uploads\/sites\/14\/2023\/09\/lhistoire-des-dogmes-de-leglise.jpg","contentUrl":"https:\/\/blog.holyart.it\/fr\/wp-content\/uploads\/sites\/14\/2023\/09\/lhistoire-des-dogmes-de-leglise.jpg","width":1000,"height":666,"caption":"l'histoire des dogmes de l'eglise"},{"@type":"BreadcrumbList","@id":"https:\/\/blog.holyart.it\/fr\/articles-religieux\/lhistoire-des-dogmes-de-leglise-catholique\/#breadcrumb","itemListElement":[{"@type":"ListItem","position":1,"name":"Homepage","item":"https:\/\/blog.holyart.it\/fr\/"},{"@type":"ListItem","position":2,"name":"Religion","item":"https:\/\/blog.holyart.it\/fr\/articles-religieux\/"},{"@type":"ListItem","position":3,"name":"L\u2019histoire des dogmes de l\u2019\u00c9glise catholique"}]},{"@type":"WebSite","@id":"https:\/\/blog.holyart.it\/fr\/#website","url":"https:\/\/blog.holyart.it\/fr\/","name":"Holyart.fr Blog","description":"Holyblog","publisher":{"@id":"https:\/\/blog.holyart.it\/fr\/#organization"},"potentialAction":[{"@type":"SearchAction","target":{"@type":"EntryPoint","urlTemplate":"https:\/\/blog.holyart.it\/fr\/?s={search_term_string}"},"query-input":{"@type":"PropertyValueSpecification","valueRequired":true,"valueName":"search_term_string"}}],"inLanguage":"fr-FR"},{"@type":"Organization","@id":"https:\/\/blog.holyart.it\/fr\/#organization","name":"Holyart.fr Blog","url":"https:\/\/blog.holyart.it\/fr\/","logo":{"@type":"ImageObject","inLanguage":"fr-FR","@id":"https:\/\/blog.holyart.it\/fr\/#\/schema\/logo\/image\/","url":"https:\/\/blog.holyart.it\/fr\/wp-content\/uploads\/sites\/14\/2022\/12\/Holyart_Blog_Logo.jpg","contentUrl":"https:\/\/blog.holyart.it\/fr\/wp-content\/uploads\/sites\/14\/2022\/12\/Holyart_Blog_Logo.jpg","width":300,"height":50,"caption":"Holyart.fr Blog"},"image":{"@id":"https:\/\/blog.holyart.it\/fr\/#\/schema\/logo\/image\/"}},{"@type":"Person","@id":"https:\/\/blog.holyart.it\/fr\/#\/schema\/person\/0a7b686e5af0f856ec1e390dd0baecda","name":"Redazione","image":{"@type":"ImageObject","inLanguage":"fr-FR","@id":"https:\/\/blog.holyart.it\/fr\/#\/schema\/person\/image\/","url":"https:\/\/secure.gravatar.com\/avatar\/f477da817f43e50d0af36abecd33e3edf826c68299714bdc1057dff3b113f516?s=96&d=mm&r=g","contentUrl":"https:\/\/secure.gravatar.com\/avatar\/f477da817f43e50d0af36abecd33e3edf826c68299714bdc1057dff3b113f516?s=96&d=mm&r=g","caption":"Redazione"},"url":"https:\/\/blog.holyart.it\/fr\/author\/admin\/"}]}},"_links":{"self":[{"href":"https:\/\/blog.holyart.it\/fr\/wp-json\/wp\/v2\/posts\/7043","targetHints":{"allow":["GET"]}}],"collection":[{"href":"https:\/\/blog.holyart.it\/fr\/wp-json\/wp\/v2\/posts"}],"about":[{"href":"https:\/\/blog.holyart.it\/fr\/wp-json\/wp\/v2\/types\/post"}],"author":[{"embeddable":true,"href":"https:\/\/blog.holyart.it\/fr\/wp-json\/wp\/v2\/users\/1"}],"replies":[{"embeddable":true,"href":"https:\/\/blog.holyart.it\/fr\/wp-json\/wp\/v2\/comments?post=7043"}],"version-history":[{"count":6,"href":"https:\/\/blog.holyart.it\/fr\/wp-json\/wp\/v2\/posts\/7043\/revisions"}],"predecessor-version":[{"id":7053,"href":"https:\/\/blog.holyart.it\/fr\/wp-json\/wp\/v2\/posts\/7043\/revisions\/7053"}],"wp:featuredmedia":[{"embeddable":true,"href":"https:\/\/blog.holyart.it\/fr\/wp-json\/wp\/v2\/media\/7044"}],"wp:attachment":[{"href":"https:\/\/blog.holyart.it\/fr\/wp-json\/wp\/v2\/media?parent=7043"}],"wp:term":[{"taxonomy":"category","embeddable":true,"href":"https:\/\/blog.holyart.it\/fr\/wp-json\/wp\/v2\/categories?post=7043"},{"taxonomy":"post_tag","embeddable":true,"href":"https:\/\/blog.holyart.it\/fr\/wp-json\/wp\/v2\/tags?post=7043"}],"curies":[{"name":"wp","href":"https:\/\/api.w.org\/{rel}","templated":true}]}}