{"id":7014,"date":"2023-09-27T10:00:46","date_gmt":"2023-09-27T08:00:46","guid":{"rendered":"https:\/\/blog.holyart.it\/fr\/?p=7014"},"modified":"2025-07-23T15:45:13","modified_gmt":"2025-07-23T13:45:13","slug":"carlo-acutis-le-bienheureux-de-lere-digitale","status":"publish","type":"post","link":"https:\/\/blog.holyart.it\/fr\/articles-religieux\/carlo-acutis-le-bienheureux-de-lere-digitale\/","title":{"rendered":"Carlo Acutis : le bienheureux de l\u2019\u00e8re digitale"},"content":{"rendered":"<h4>Carlo Acutis, le saint du mill\u00e9naire qui a d\u00e9di\u00e9 sa br\u00e8ve vie \u00e0 J\u00e9sus et \u00e0 l\u2019aide des plus pauvres et n\u00e9cessiteux nous rappelle combien nous avons besoin de saints dans le monde moderne<\/h4>\n\n<p>Quand nous parlons de Saints, nous sommes habitu\u00e9s \u00e0 nous les imaginer tous ayant v\u00e9cus bien avant notre naissance. D\u00e8s l\u2019enfance, nous avons \u00e0 l\u2019esprit les petites images qui nous les repr\u00e9sentent habill\u00e9s de longues bures, tuniques, parfois d\u2019armures, immortalis\u00e9s par des grands ma\u00eetres de la peinture sur toiles et fresques, sculpt\u00e9s dans le marbre et dans le bois par d\u2019excellents sculpteurs et artisans exp\u00e9riment\u00e9s, ou simplement livr\u00e9s \u00e0 la d\u00e9votion populaire sur des images pieuses et repr\u00e9sentations sacr\u00e9es par des artistes inconnus morts depuis des si\u00e8cles. Mais il y a aussi des <strong>saints modernes<\/strong>, comme <strong>Carlo Acutis<\/strong>, le <a href=\"https:\/\/www.holyart.fr\/articles-religieux\/tapisseries-religieuses\/tapisserie-pour-grand-tableau-carlo-acutis-50x40-cm?_gl=1*2u8osw*_ga*OTM4ODUzOTIuMTY3ODg3MTAzOA..*_ga_W18MV136NH*MTY5MTQ4ODI3MC4zMjIuMC4xNjkxNDg4MjcwLjAuMC4w\"><strong><em>Saint du Mill\u00e9naire<\/em><\/strong><\/a>, b\u00e9atifi\u00e9 en octobre 2020, un jeune gar\u00e7on comme beaucoup d\u2019autres, passionn\u00e9 d\u2019informatique (un de ses attributs est un ordinateur\u2026), actif sur les R\u00e9seaux Sociaux, comme tous les jeunes de son \u00e2ge, mais anim\u00e9 par <strong>une vocation et une ferveur religieuse rares<\/strong>.<\/p>\n<div class=\"link-product\">\n<div class=\"blocco-immagine\"><img loading=\"lazy\" decoding=\"async\" class=\"size-full wp-image-7015 alignleft\" src=\"https:\/\/blog.holyart.it\/fr\/wp-content\/uploads\/sites\/14\/2023\/08\/Tapisserie-pour-grand-tableau-Carlo-Acutis-50x40-cm.jpg\" alt=\"Tapisserie pour grand tableau Carlo Acutis 50x40 cm\" width=\"100\" height=\"100\" data-kale-share-title=\"Carlo Acutis : le bienheureux de l\u2019\u00e8re digitale\" data-kale-share-url=\"https:\/\/blog.holyart.it\/fr\/?p=7014\" \/><\/div>\n<div class=\"blocco-contenuto\">\n<div class=\"blocco-acquista\">Acheter sur Holyart:<\/div>\n<div class=\"blocco-titolo\"><a href=\"https:\/\/www.holyart.fr\/articles-religieux\/tapisseries-religieuses\/tapisserie-pour-grand-tableau-carlo-acutis-50x40-cm?_gl=1*2u8osw*_ga*OTM4ODUzOTIuMTY3ODg3MTAzOA..*_ga_W18MV136NH*MTY5MTQ4ODI3MC4zMjIuMC4xNjkxNDg4MjcwLjAuMC4w\">Tapisserie pour grand tableau Carlo Acutis 50&#215;40 cm<\/a><\/div>\n<div class=\"blocco-descrizione\">Tapisserie repr\u00e9sentant le bienheureux carlo acutis, tiss\u00e9e avec m\u00e9tier Jacquard de derni\u00e8re g\u00e9n\u00e9ration&#8230;<\/div>\n<\/div>\n<\/div>\n<p>Carlo aimait <strong>J\u00e9sus<\/strong>, voyait dans la Sainte Eucharistie sa <strong><em>Highway to Heaven<\/em><\/strong>, <em>l\u2019autoroute vers le Paradis<\/em>, il consid\u00e9rait la <strong>Sainte Vierge<\/strong> comme l\u2019\u00ab\u00a0<em>unique femme de ma vie<\/em>\u00a0\u00bb. Un jeune qui passait son temps libre en parcourant la ville pour amener des <strong>repas chauds et du r\u00e9confort aux sans-abris<\/strong>, ou en pr\u00eatant service aux <strong>soupes populaires<\/strong>. Et Carlo priait, il priait beaucoup, en r\u00e9citant le <strong>Saint Rosaire tous les jours<\/strong>. Tr\u00e8s jeune, lorsque ses camarades se d\u00e9diaient \u00e0 des int\u00e9r\u00eats d\u00e9cidemment plus insouciants, il organisa une exposition enti\u00e8rement d\u00e9di\u00e9e aux <strong>Miracles eucharistiques dans le monde<\/strong>, en collaboration avec l\u2019Institut Saint Cl\u00e9ment Ier Pape et Martyr, qui a voyag\u00e9 et voyage toujours dans le monde entier comme <em>L\u2019exposition des miracles eucharistiques de Carlo Acutis<\/em>. Le bienheureux Carlo Acutis est mort trop t\u00f4t, trop jeune, et nous ne pouvons que nous demander ce que ce jeune gar\u00e7on exceptionnel aurait pu accomplir si seulement il avait eu plus de temps sur cette terre. Il a \u00e9t\u00e9 propos\u00e9 comme <strong>Saint Patron du R\u00e9seau<\/strong>, et m\u00eame dans cette reconnaissance nous nous rendons compte de combien notre monde moderne a encore besoin de saints et de saintes, hommes et femmes capables de vivre la Foi et de s\u2019immerger compl\u00e8tement dans l\u2019exp\u00e9rience humaine et spirituelle pour soi-m\u00eame et pour nous tous.<\/p>\n<h2>L\u2019histoire de Carlo Acutis<\/h2>\n<p>La biographie de Carlo Acutis ne demandera jamais un livre tr\u00e8s \u00e9toff\u00e9 pour \u00eatre racont\u00e9e. Et pourtant il y a vraiment beaucoup dans la vie de ce jeune si sp\u00e9cial, qui dans le peu d\u2019ann\u00e9es qu\u2019il lui a \u00e9t\u00e9 donn\u00e9 de vivre a su laisser une marque ind\u00e9l\u00e9bile non seulement dans la vie de qui a eu la chance de le conna\u00eetre, mais aussi chez les milliers de personnes qui ont simplement entendu parler de lui. N\u00e9 \u00e0 Londres de parents appartenant \u00e0 la haute bourgeoisie turinoise, il grandit \u00e0 Milan, o\u00f9 il fr\u00e9quenta ses \u00e9tudes, dipl\u00f4m\u00e9 du Lyc\u00e9e classique. D\u00e8s son plus jeune \u00e2ge, il manifesta un <strong>grand amour pour J\u00e9sus<\/strong> et une spiritualit\u00e9 intense, qui l\u2019amen\u00e8rent \u00e0 obtenir de recevoir <strong>la premi\u00e8re Communion \u00e0 7 ans \u00e0 peine<\/strong>. Tandis que ses amis glorifiaient les boy bands et les footballeurs, ses idoles \u00e9taient saints Jacinta et Francisco Marto, les jeunes bergers de Fatima, <a href=\"https:\/\/www.holyart.fr\/blog\/articles-religieux\/saint-dominique-savio-leleve-de-don-bosco\/\"><strong><u>Saint Dominique Savio<\/u><\/strong><\/a>, le plus jeune saint catholique non-martyr et \u00e9l\u00e8ve de Don Bosco, <u>Saint <strong>Louis de Gonzague<\/strong><\/u>, saint protecteur des jeunes, et Saint Tarcisius, martyr romain saint patron des enfants de ch\u0153ur, tu\u00e9 jeune par des pa\u00efens de son \u00e2ge car il s\u2019\u00e9tait rendu disponible pour ramener l\u2019Eucharistie aux chr\u00e9tiens prisonniers.<\/p>\n<div class=\"link-article\">\n<p><img loading=\"lazy\" decoding=\"async\" class=\"size-full wp-image-7017 alignleft\" src=\"https:\/\/blog.holyart.it\/fr\/wp-content\/uploads\/sites\/14\/2023\/08\/saint-dominique-savio.jpg\" alt=\"saint dominique savio\" width=\"150\" height=\"99\" data-kale-share-title=\"Carlo Acutis : le bienheureux de l\u2019\u00e8re digitale\" data-kale-share-url=\"https:\/\/blog.holyart.it\/fr\/?p=7014\" \/><\/p>\n<div class=\"leggi-anche\">Lire aussi :<\/div>\n<p><strong><a href=\"https:\/\/www.holyart.fr\/blog\/articles-religieux\/saint-dominique-savio-leleve-de-don-bosco\/\">Saint Dominique Savio, l\u2019\u00e9l\u00e8ve de Don Bosco<\/a><\/strong><br \/>\nProtecteur des enfants et femmes enceintes, Saint Dominique Savio fut un exemple de vertu et de qualit\u00e9 inatteignable non seulement pour les jeunes du m\u00eame \u00e2ge.<\/p>\n<\/div>\n<p>La vie de Carlo Acutis \u00e9tait faite des m\u00eames choses dont est faite la vie de n\u2019importe quel gar\u00e7on\u00a0: \u00e9cole, amis, affections, passions. Et parmi ses passions il y avait avant tout Dieu, qu\u2019il vivait avec la fra\u00eecheur de son \u00e2ge, mais aussi avec une conscience impressionnante, une maturit\u00e9 rare. M\u00eame quand en 2006 il tomba malade d\u2019une <strong>leuc\u00e9mie fulgurante<\/strong> \u00e0 15 ans \u00e0 peine, il offrit sa souffrance au Pape et \u00e0 l\u2019\u00c9glise. Il mourut en trois jours seulement et fut enterr\u00e9 dans le cimeti\u00e8re d\u2019Assise, pour \u00eatre d\u00e9plac\u00e9 un an apr\u00e8s dans l\u2019\u00e9glise de Sainte-Marie Majeure, Sanctuaire du D\u00e9pouillement, o\u00f9 il repose encore aujourd\u2019hui.<\/p>\n<p>Son processus de b\u00e9atification a d\u00e9but\u00e9 en 2013 et le 5 juillet 2018 Carlo a \u00e9t\u00e9 d\u00e9clar\u00e9 v\u00e9n\u00e9rable par <a href=\"https:\/\/www.holyart.fr\/occasions-speciales\/pape-francois?page=1&amp;_gl=1*whw4s9*_ga*OTM4ODUzOTIuMTY3ODg3MTAzOA..*_ga_W18MV136NH*MTY5MTQ4ODI3MC4zMjIuMS4xNjkxNDg4NTc2LjAuMC4w\"><strong>Pape Fran\u00e7ois<\/strong>.<\/a><\/p>\n<h2>Le miracle de Carlo Acutis<\/h2>\n<p><a href=\"https:\/\/www.holyart.fr\/articles-religieux\/bijoux-religieux\/pendentifs-croix-et-broches\/medaille-argent-925-carlo-acutis?_gl=1*61yo93*_ga*OTM4ODUzOTIuMTY3ODg3MTAzOA..*_ga_W18MV136NH*MTY5MTQ4ODI3MC4zMjIuMS4xNjkxNDg4NTk4LjAuMC4w\"><strong>La sanctification de Carlo Acutis<\/strong><\/a> demandait <strong>un miracle<\/strong> et le miracle a \u00e9t\u00e9 reconnu. Il s\u2019agit de la gu\u00e9rison par intercession du petit Matheus, un enfant br\u00e9silien de six ans. L\u2019enfant, souffrant d\u2019une grave malformation au pancr\u00e9as, eut l\u2019opportunit\u00e9 de toucher un morceau du pyjama port\u00e9 par Carlo peu avant de mourir et t\u00e2ch\u00e9 de son sang. Le petit pria Carlo afin qu\u2019il l\u2019aide \u00e0 aller mieux et, les examens suivants montr\u00e8rent que son pancr\u00e9as \u00e9tait redevenu parfaitement sain. La Consultation M\u00e9dicale de la Congr\u00e9gation pour les Causes des Saints a <strong>reconnu le miracle par intercession<\/strong> et le 10 octobre 2020 Carlo Acutis a \u00e9t\u00e9 d\u00e9clar\u00e9 Saint dans son Assise bien-aim\u00e9e.<\/p>\n<div class=\"link-product\">\n<div class=\"blocco-immagine\"><img loading=\"lazy\" decoding=\"async\" class=\"size-full wp-image-7019 alignleft\" src=\"https:\/\/blog.holyart.it\/fr\/wp-content\/uploads\/sites\/14\/2023\/08\/medaille-argent-Carlo-Acutis.jpg\" alt=\"medaille argent Carlo Acutis\" width=\"100\" height=\"100\" data-kale-share-title=\"Carlo Acutis : le bienheureux de l\u2019\u00e8re digitale\" data-kale-share-url=\"https:\/\/blog.holyart.it\/fr\/?p=7014\" \/><\/div>\n<div class=\"blocco-contenuto\">\n<div class=\"blocco-acquista\">Acheter sur Holyart:<\/div>\n<div class=\"blocco-titolo\"><a href=\"https:\/\/www.holyart.fr\/articles-religieux\/bijoux-religieux\/pendentifs-croix-et-broches\/medaille-argent-925-carlo-acutis?_gl=1*61yo93*_ga*OTM4ODUzOTIuMTY3ODg3MTAzOA..*_ga_W18MV136NH*MTY5MTQ4ODI3MC4zMjIuMS4xNjkxNDg4NTk4LjAuMC4w\">M\u00e9daille argent 925 Carlo Acutis<\/a><\/div>\n<div class=\"blocco-descrizione\">M\u00e9daille en argent avec le visage du Bienheureux Carlo Acutis, r\u00e9alis\u00e9e \u00e0 la main en Italie.<\/div>\n<\/div>\n<\/div>\n<p>Nous aussi nous pouvons demander l\u2019intercession du jeune Saint en r\u00e9citant pendant neuf jours la <strong>Neuvaine au V\u00e9n\u00e9rable Carlo<\/strong> <strong>Acutis <\/strong>:<\/p>\n<p><em>Bienheureux Carlo Acutis, prie pour nous !<\/em><\/p>\n<p><em>Dieu notre P\u00e8re, Toi qui nous as donn\u00e9 le t\u00e9moignage ardent du jeune Bienheureux Carlo Acutis, qui fit de l&rsquo;Eucharistie le centre de sa vie et la force de son engagement quotidien pour que les autres aussi T&rsquo;aiment plus que tout. Nous te rendons gr\u00e2ce de l&rsquo;avoir \u00e9lev\u00e9 parmi les Bienheureux et les Saints de Ton \u00c9glise. Confirme ma Foi, augmente mon Esp\u00e9rance, vivifie ma Charit\u00e9, \u00e0 l&rsquo;exemple de Carlo, qui, en grandissant impr\u00e9gn\u00e9 de ces vertus, vit d\u00e9sormais aupr\u00e8s de Toi. Accorde-moi la gr\u00e2ce dont j&rsquo;ai tant besoin\u2026 (l&rsquo;exprimer) Je m&rsquo;en remets \u00e0 Toi, mon P\u00e8re, \u00e0 Ton doux Fils J\u00e9sus, dans la puissance du Saint Esprit ; je me confie \u00e0 la Vierge Marie, notre si douce M\u00e8re, et \u00e0 l&rsquo;intercession de Ton Serviteur Carlo Acutis. Ainsi soit-il !<\/em><\/p>\n<p><strong>Saints modernes<\/strong><\/p>\n<p>Nous avons cit\u00e9 certains <strong>jeunes saints<\/strong> en parlant de Carlo Acutis et du besoin que nous avons encore aujourd\u2019hui de saints contemporains, qui font du monde un endroit meilleur. Et bien, en plus de Carlo, il y a d\u2019autres Saints b\u00e9atifi\u00e9s en des temps r\u00e9cents, comme le jeune <strong>Jos\u00e9 S\u00e1nchez del R\u00edo<\/strong>, un gar\u00e7on tu\u00e9 par un officier gouvernemental pendant la <strong>guerre des Cristeros<\/strong> qui eut lieu au Mexique entre 1926 et 1929 contre les politiques restrictives impos\u00e9es sur la libert\u00e9 de religion par le gouvernement. Jos\u00e9 refusa de renier sa foi catholique et pour cela trouva la mort. Il a \u00e9t\u00e9 b\u00e9atifi\u00e9 par pape Beno\u00eet XVI en 2005 et canonis\u00e9 par pape Fran\u00e7ois en 2016. <strong>Oscar Romero<\/strong> aussi, archev\u00eaque catholique salvadorien, a \u00e9t\u00e9 tu\u00e9 par les escadrons de la mort pour avoir condamn\u00e9 les violences du gouvernement militaire, et a \u00e9t\u00e9 proclam\u00e9 saint par pape Fran\u00e7ois en 2018. <strong>Charles Eug\u00e8ne de Foucauld<\/strong>, religieux fran\u00e7ais qui d\u00e9dia sa vie \u00e0 l\u2019\u00e9tude de la culture touareg et qui mourut pendant une attaque des maraudeurs dans le d\u00e9sert, dans le fort qu\u2019il avait fait construire pour d\u00e9fendre la population d\u00e9sarm\u00e9e, fut proclam\u00e9 bienheureux par pape Beno\u00eet XVI en 2005 et canonis\u00e9 par pape Fran\u00e7ois en 2022.<\/p>\n","protected":false},"excerpt":{"rendered":"<p>Carlo Acutis, le saint du mill\u00e9naire qui a d\u00e9di\u00e9 sa br\u00e8ve vie \u00e0 J\u00e9sus et \u00e0 l\u2019aide des plus pauvres et n\u00e9cessiteux nous rappelle combien nous avons besoin de saints dans le monde moderne Quand nous parlons de Saints, nous sommes habitu\u00e9s \u00e0 nous les&hellip;<\/p>\n","protected":false},"author":1,"featured_media":7022,"comment_status":"closed","ping_status":"open","sticky":false,"template":"","format":"standard","meta":{"_acf_changed":false,"footnotes":""},"categories":[8],"tags":[],"class_list":["post-7014","post","type-post","status-publish","format-standard","has-post-thumbnail","hentry","category-articles-religieux"],"acf":[],"yoast_head":"<!-- This site is optimized with the Yoast SEO plugin v26.6 - https:\/\/yoast.com\/wordpress\/plugins\/seo\/ -->\n<title>Carlo Acutis : le bienheureux de l\u2019\u00e8re digitale - Holyart.fr Blog<\/title>\n<meta name=\"description\" content=\"Il deviendra peut-\u00eatre le saint patron d\u2019Internet. Carlo Acutis, le tr\u00e8s jeune Saint canonis\u00e9 en 2020 est un mod\u00e8le pour nous tous.\" \/>\n<meta name=\"robots\" content=\"index, follow, max-snippet:-1, max-image-preview:large, max-video-preview:-1\" \/>\n<link rel=\"canonical\" href=\"https:\/\/blog.holyart.it\/fr\/articles-religieux\/carlo-acutis-le-bienheureux-de-lere-digitale\/\" \/>\n<meta property=\"og:locale\" content=\"fr_FR\" \/>\n<meta property=\"og:type\" content=\"article\" \/>\n<meta property=\"og:title\" content=\"Carlo Acutis : le bienheureux de l\u2019\u00e8re digitale - Holyart.fr Blog\" \/>\n<meta property=\"og:description\" content=\"Il deviendra peut-\u00eatre le saint patron d\u2019Internet. Carlo Acutis, le tr\u00e8s jeune Saint canonis\u00e9 en 2020 est un mod\u00e8le pour nous tous.\" \/>\n<meta property=\"og:url\" content=\"https:\/\/blog.holyart.it\/fr\/articles-religieux\/carlo-acutis-le-bienheureux-de-lere-digitale\/\" \/>\n<meta property=\"og:site_name\" content=\"Holyart.fr Blog\" \/>\n<meta property=\"article:published_time\" content=\"2023-09-27T08:00:46+00:00\" \/>\n<meta property=\"article:modified_time\" content=\"2025-07-23T13:45:13+00:00\" \/>\n<meta property=\"og:image\" content=\"https:\/\/blog.holyart.it\/fr\/wp-content\/uploads\/sites\/14\/2023\/08\/carlo-acutis-fr.jpg\" \/>\n\t<meta property=\"og:image:width\" content=\"1000\" \/>\n\t<meta property=\"og:image:height\" content=\"666\" \/>\n\t<meta property=\"og:image:type\" content=\"image\/jpeg\" \/>\n<meta name=\"author\" content=\"Redazione\" \/>\n<meta name=\"twitter:card\" content=\"summary_large_image\" \/>\n<meta name=\"twitter:label1\" content=\"\u00c9crit par\" \/>\n\t<meta name=\"twitter:data1\" content=\"Redazione\" \/>\n\t<meta name=\"twitter:label2\" content=\"Dur\u00e9e de lecture estim\u00e9e\" \/>\n\t<meta name=\"twitter:data2\" content=\"8 minutes\" \/>\n<script type=\"application\/ld+json\" class=\"yoast-schema-graph\">{\"@context\":\"https:\/\/schema.org\",\"@graph\":[{\"@type\":\"Article\",\"@id\":\"https:\/\/blog.holyart.it\/fr\/articles-religieux\/carlo-acutis-le-bienheureux-de-lere-digitale\/#article\",\"isPartOf\":{\"@id\":\"https:\/\/blog.holyart.it\/fr\/articles-religieux\/carlo-acutis-le-bienheureux-de-lere-digitale\/\"},\"author\":{\"name\":\"Redazione\",\"@id\":\"https:\/\/blog.holyart.it\/fr\/#\/schema\/person\/0a7b686e5af0f856ec1e390dd0baecda\"},\"headline\":\"Carlo Acutis : le bienheureux de l\u2019\u00e8re digitale\",\"datePublished\":\"2023-09-27T08:00:46+00:00\",\"dateModified\":\"2025-07-23T13:45:13+00:00\",\"mainEntityOfPage\":{\"@id\":\"https:\/\/blog.holyart.it\/fr\/articles-religieux\/carlo-acutis-le-bienheureux-de-lere-digitale\/\"},\"wordCount\":1429,\"publisher\":{\"@id\":\"https:\/\/blog.holyart.it\/fr\/#organization\"},\"image\":{\"@id\":\"https:\/\/blog.holyart.it\/fr\/articles-religieux\/carlo-acutis-le-bienheureux-de-lere-digitale\/#primaryimage\"},\"thumbnailUrl\":\"https:\/\/blog.holyart.it\/fr\/wp-content\/uploads\/sites\/14\/2023\/08\/carlo-acutis-fr.jpg\",\"articleSection\":[\"Religion\"],\"inLanguage\":\"fr-FR\"},{\"@type\":\"WebPage\",\"@id\":\"https:\/\/blog.holyart.it\/fr\/articles-religieux\/carlo-acutis-le-bienheureux-de-lere-digitale\/\",\"url\":\"https:\/\/blog.holyart.it\/fr\/articles-religieux\/carlo-acutis-le-bienheureux-de-lere-digitale\/\",\"name\":\"Carlo Acutis : le bienheureux de l\u2019\u00e8re digitale - Holyart.fr Blog\",\"isPartOf\":{\"@id\":\"https:\/\/blog.holyart.it\/fr\/#website\"},\"primaryImageOfPage\":{\"@id\":\"https:\/\/blog.holyart.it\/fr\/articles-religieux\/carlo-acutis-le-bienheureux-de-lere-digitale\/#primaryimage\"},\"image\":{\"@id\":\"https:\/\/blog.holyart.it\/fr\/articles-religieux\/carlo-acutis-le-bienheureux-de-lere-digitale\/#primaryimage\"},\"thumbnailUrl\":\"https:\/\/blog.holyart.it\/fr\/wp-content\/uploads\/sites\/14\/2023\/08\/carlo-acutis-fr.jpg\",\"datePublished\":\"2023-09-27T08:00:46+00:00\",\"dateModified\":\"2025-07-23T13:45:13+00:00\",\"description\":\"Il deviendra peut-\u00eatre le saint patron d\u2019Internet. Carlo Acutis, le tr\u00e8s jeune Saint canonis\u00e9 en 2020 est un mod\u00e8le pour nous tous.\",\"breadcrumb\":{\"@id\":\"https:\/\/blog.holyart.it\/fr\/articles-religieux\/carlo-acutis-le-bienheureux-de-lere-digitale\/#breadcrumb\"},\"inLanguage\":\"fr-FR\",\"potentialAction\":[{\"@type\":\"ReadAction\",\"target\":[\"https:\/\/blog.holyart.it\/fr\/articles-religieux\/carlo-acutis-le-bienheureux-de-lere-digitale\/\"]}]},{\"@type\":\"ImageObject\",\"inLanguage\":\"fr-FR\",\"@id\":\"https:\/\/blog.holyart.it\/fr\/articles-religieux\/carlo-acutis-le-bienheureux-de-lere-digitale\/#primaryimage\",\"url\":\"https:\/\/blog.holyart.it\/fr\/wp-content\/uploads\/sites\/14\/2023\/08\/carlo-acutis-fr.jpg\",\"contentUrl\":\"https:\/\/blog.holyart.it\/fr\/wp-content\/uploads\/sites\/14\/2023\/08\/carlo-acutis-fr.jpg\",\"width\":1000,\"height\":666,\"caption\":\"carlo acutis fr\"},{\"@type\":\"BreadcrumbList\",\"@id\":\"https:\/\/blog.holyart.it\/fr\/articles-religieux\/carlo-acutis-le-bienheureux-de-lere-digitale\/#breadcrumb\",\"itemListElement\":[{\"@type\":\"ListItem\",\"position\":1,\"name\":\"Homepage\",\"item\":\"https:\/\/blog.holyart.it\/fr\/\"},{\"@type\":\"ListItem\",\"position\":2,\"name\":\"Religion\",\"item\":\"https:\/\/blog.holyart.it\/fr\/articles-religieux\/\"},{\"@type\":\"ListItem\",\"position\":3,\"name\":\"Carlo Acutis : le bienheureux de l\u2019\u00e8re digitale\"}]},{\"@type\":\"WebSite\",\"@id\":\"https:\/\/blog.holyart.it\/fr\/#website\",\"url\":\"https:\/\/blog.holyart.it\/fr\/\",\"name\":\"Holyart.fr Blog\",\"description\":\"Holyblog\",\"publisher\":{\"@id\":\"https:\/\/blog.holyart.it\/fr\/#organization\"},\"potentialAction\":[{\"@type\":\"SearchAction\",\"target\":{\"@type\":\"EntryPoint\",\"urlTemplate\":\"https:\/\/blog.holyart.it\/fr\/?s={search_term_string}\"},\"query-input\":{\"@type\":\"PropertyValueSpecification\",\"valueRequired\":true,\"valueName\":\"search_term_string\"}}],\"inLanguage\":\"fr-FR\"},{\"@type\":\"Organization\",\"@id\":\"https:\/\/blog.holyart.it\/fr\/#organization\",\"name\":\"Holyart.fr Blog\",\"url\":\"https:\/\/blog.holyart.it\/fr\/\",\"logo\":{\"@type\":\"ImageObject\",\"inLanguage\":\"fr-FR\",\"@id\":\"https:\/\/blog.holyart.it\/fr\/#\/schema\/logo\/image\/\",\"url\":\"https:\/\/blog.holyart.it\/fr\/wp-content\/uploads\/sites\/14\/2022\/12\/Holyart_Blog_Logo.jpg\",\"contentUrl\":\"https:\/\/blog.holyart.it\/fr\/wp-content\/uploads\/sites\/14\/2022\/12\/Holyart_Blog_Logo.jpg\",\"width\":300,\"height\":50,\"caption\":\"Holyart.fr Blog\"},\"image\":{\"@id\":\"https:\/\/blog.holyart.it\/fr\/#\/schema\/logo\/image\/\"}},{\"@type\":\"Person\",\"@id\":\"https:\/\/blog.holyart.it\/fr\/#\/schema\/person\/0a7b686e5af0f856ec1e390dd0baecda\",\"name\":\"Redazione\",\"image\":{\"@type\":\"ImageObject\",\"inLanguage\":\"fr-FR\",\"@id\":\"https:\/\/blog.holyart.it\/fr\/#\/schema\/person\/image\/\",\"url\":\"https:\/\/secure.gravatar.com\/avatar\/f477da817f43e50d0af36abecd33e3edf826c68299714bdc1057dff3b113f516?s=96&d=mm&r=g\",\"contentUrl\":\"https:\/\/secure.gravatar.com\/avatar\/f477da817f43e50d0af36abecd33e3edf826c68299714bdc1057dff3b113f516?s=96&d=mm&r=g\",\"caption\":\"Redazione\"},\"url\":\"https:\/\/blog.holyart.it\/fr\/author\/admin\/\"}]}<\/script>\n<!-- \/ Yoast SEO plugin. -->","yoast_head_json":{"title":"Carlo Acutis : le bienheureux de l\u2019\u00e8re digitale - Holyart.fr Blog","description":"Il deviendra peut-\u00eatre le saint patron d\u2019Internet. Carlo Acutis, le tr\u00e8s jeune Saint canonis\u00e9 en 2020 est un mod\u00e8le pour nous tous.","robots":{"index":"index","follow":"follow","max-snippet":"max-snippet:-1","max-image-preview":"max-image-preview:large","max-video-preview":"max-video-preview:-1"},"canonical":"https:\/\/blog.holyart.it\/fr\/articles-religieux\/carlo-acutis-le-bienheureux-de-lere-digitale\/","og_locale":"fr_FR","og_type":"article","og_title":"Carlo Acutis : le bienheureux de l\u2019\u00e8re digitale - Holyart.fr Blog","og_description":"Il deviendra peut-\u00eatre le saint patron d\u2019Internet. Carlo Acutis, le tr\u00e8s jeune Saint canonis\u00e9 en 2020 est un mod\u00e8le pour nous tous.","og_url":"https:\/\/blog.holyart.it\/fr\/articles-religieux\/carlo-acutis-le-bienheureux-de-lere-digitale\/","og_site_name":"Holyart.fr Blog","article_published_time":"2023-09-27T08:00:46+00:00","article_modified_time":"2025-07-23T13:45:13+00:00","og_image":[{"width":1000,"height":666,"url":"https:\/\/blog.holyart.it\/fr\/wp-content\/uploads\/sites\/14\/2023\/08\/carlo-acutis-fr.jpg","type":"image\/jpeg"}],"author":"Redazione","twitter_card":"summary_large_image","twitter_misc":{"\u00c9crit par":"Redazione","Dur\u00e9e de lecture estim\u00e9e":"8 minutes"},"schema":{"@context":"https:\/\/schema.org","@graph":[{"@type":"Article","@id":"https:\/\/blog.holyart.it\/fr\/articles-religieux\/carlo-acutis-le-bienheureux-de-lere-digitale\/#article","isPartOf":{"@id":"https:\/\/blog.holyart.it\/fr\/articles-religieux\/carlo-acutis-le-bienheureux-de-lere-digitale\/"},"author":{"name":"Redazione","@id":"https:\/\/blog.holyart.it\/fr\/#\/schema\/person\/0a7b686e5af0f856ec1e390dd0baecda"},"headline":"Carlo Acutis : le bienheureux de l\u2019\u00e8re digitale","datePublished":"2023-09-27T08:00:46+00:00","dateModified":"2025-07-23T13:45:13+00:00","mainEntityOfPage":{"@id":"https:\/\/blog.holyart.it\/fr\/articles-religieux\/carlo-acutis-le-bienheureux-de-lere-digitale\/"},"wordCount":1429,"publisher":{"@id":"https:\/\/blog.holyart.it\/fr\/#organization"},"image":{"@id":"https:\/\/blog.holyart.it\/fr\/articles-religieux\/carlo-acutis-le-bienheureux-de-lere-digitale\/#primaryimage"},"thumbnailUrl":"https:\/\/blog.holyart.it\/fr\/wp-content\/uploads\/sites\/14\/2023\/08\/carlo-acutis-fr.jpg","articleSection":["Religion"],"inLanguage":"fr-FR"},{"@type":"WebPage","@id":"https:\/\/blog.holyart.it\/fr\/articles-religieux\/carlo-acutis-le-bienheureux-de-lere-digitale\/","url":"https:\/\/blog.holyart.it\/fr\/articles-religieux\/carlo-acutis-le-bienheureux-de-lere-digitale\/","name":"Carlo Acutis : le bienheureux de l\u2019\u00e8re digitale - Holyart.fr Blog","isPartOf":{"@id":"https:\/\/blog.holyart.it\/fr\/#website"},"primaryImageOfPage":{"@id":"https:\/\/blog.holyart.it\/fr\/articles-religieux\/carlo-acutis-le-bienheureux-de-lere-digitale\/#primaryimage"},"image":{"@id":"https:\/\/blog.holyart.it\/fr\/articles-religieux\/carlo-acutis-le-bienheureux-de-lere-digitale\/#primaryimage"},"thumbnailUrl":"https:\/\/blog.holyart.it\/fr\/wp-content\/uploads\/sites\/14\/2023\/08\/carlo-acutis-fr.jpg","datePublished":"2023-09-27T08:00:46+00:00","dateModified":"2025-07-23T13:45:13+00:00","description":"Il deviendra peut-\u00eatre le saint patron d\u2019Internet. Carlo Acutis, le tr\u00e8s jeune Saint canonis\u00e9 en 2020 est un mod\u00e8le pour nous tous.","breadcrumb":{"@id":"https:\/\/blog.holyart.it\/fr\/articles-religieux\/carlo-acutis-le-bienheureux-de-lere-digitale\/#breadcrumb"},"inLanguage":"fr-FR","potentialAction":[{"@type":"ReadAction","target":["https:\/\/blog.holyart.it\/fr\/articles-religieux\/carlo-acutis-le-bienheureux-de-lere-digitale\/"]}]},{"@type":"ImageObject","inLanguage":"fr-FR","@id":"https:\/\/blog.holyart.it\/fr\/articles-religieux\/carlo-acutis-le-bienheureux-de-lere-digitale\/#primaryimage","url":"https:\/\/blog.holyart.it\/fr\/wp-content\/uploads\/sites\/14\/2023\/08\/carlo-acutis-fr.jpg","contentUrl":"https:\/\/blog.holyart.it\/fr\/wp-content\/uploads\/sites\/14\/2023\/08\/carlo-acutis-fr.jpg","width":1000,"height":666,"caption":"carlo acutis fr"},{"@type":"BreadcrumbList","@id":"https:\/\/blog.holyart.it\/fr\/articles-religieux\/carlo-acutis-le-bienheureux-de-lere-digitale\/#breadcrumb","itemListElement":[{"@type":"ListItem","position":1,"name":"Homepage","item":"https:\/\/blog.holyart.it\/fr\/"},{"@type":"ListItem","position":2,"name":"Religion","item":"https:\/\/blog.holyart.it\/fr\/articles-religieux\/"},{"@type":"ListItem","position":3,"name":"Carlo Acutis : le bienheureux de l\u2019\u00e8re digitale"}]},{"@type":"WebSite","@id":"https:\/\/blog.holyart.it\/fr\/#website","url":"https:\/\/blog.holyart.it\/fr\/","name":"Holyart.fr Blog","description":"Holyblog","publisher":{"@id":"https:\/\/blog.holyart.it\/fr\/#organization"},"potentialAction":[{"@type":"SearchAction","target":{"@type":"EntryPoint","urlTemplate":"https:\/\/blog.holyart.it\/fr\/?s={search_term_string}"},"query-input":{"@type":"PropertyValueSpecification","valueRequired":true,"valueName":"search_term_string"}}],"inLanguage":"fr-FR"},{"@type":"Organization","@id":"https:\/\/blog.holyart.it\/fr\/#organization","name":"Holyart.fr Blog","url":"https:\/\/blog.holyart.it\/fr\/","logo":{"@type":"ImageObject","inLanguage":"fr-FR","@id":"https:\/\/blog.holyart.it\/fr\/#\/schema\/logo\/image\/","url":"https:\/\/blog.holyart.it\/fr\/wp-content\/uploads\/sites\/14\/2022\/12\/Holyart_Blog_Logo.jpg","contentUrl":"https:\/\/blog.holyart.it\/fr\/wp-content\/uploads\/sites\/14\/2022\/12\/Holyart_Blog_Logo.jpg","width":300,"height":50,"caption":"Holyart.fr Blog"},"image":{"@id":"https:\/\/blog.holyart.it\/fr\/#\/schema\/logo\/image\/"}},{"@type":"Person","@id":"https:\/\/blog.holyart.it\/fr\/#\/schema\/person\/0a7b686e5af0f856ec1e390dd0baecda","name":"Redazione","image":{"@type":"ImageObject","inLanguage":"fr-FR","@id":"https:\/\/blog.holyart.it\/fr\/#\/schema\/person\/image\/","url":"https:\/\/secure.gravatar.com\/avatar\/f477da817f43e50d0af36abecd33e3edf826c68299714bdc1057dff3b113f516?s=96&d=mm&r=g","contentUrl":"https:\/\/secure.gravatar.com\/avatar\/f477da817f43e50d0af36abecd33e3edf826c68299714bdc1057dff3b113f516?s=96&d=mm&r=g","caption":"Redazione"},"url":"https:\/\/blog.holyart.it\/fr\/author\/admin\/"}]}},"_links":{"self":[{"href":"https:\/\/blog.holyart.it\/fr\/wp-json\/wp\/v2\/posts\/7014","targetHints":{"allow":["GET"]}}],"collection":[{"href":"https:\/\/blog.holyart.it\/fr\/wp-json\/wp\/v2\/posts"}],"about":[{"href":"https:\/\/blog.holyart.it\/fr\/wp-json\/wp\/v2\/types\/post"}],"author":[{"embeddable":true,"href":"https:\/\/blog.holyart.it\/fr\/wp-json\/wp\/v2\/users\/1"}],"replies":[{"embeddable":true,"href":"https:\/\/blog.holyart.it\/fr\/wp-json\/wp\/v2\/comments?post=7014"}],"version-history":[{"count":4,"href":"https:\/\/blog.holyart.it\/fr\/wp-json\/wp\/v2\/posts\/7014\/revisions"}],"predecessor-version":[{"id":7021,"href":"https:\/\/blog.holyart.it\/fr\/wp-json\/wp\/v2\/posts\/7014\/revisions\/7021"}],"wp:featuredmedia":[{"embeddable":true,"href":"https:\/\/blog.holyart.it\/fr\/wp-json\/wp\/v2\/media\/7022"}],"wp:attachment":[{"href":"https:\/\/blog.holyart.it\/fr\/wp-json\/wp\/v2\/media?parent=7014"}],"wp:term":[{"taxonomy":"category","embeddable":true,"href":"https:\/\/blog.holyart.it\/fr\/wp-json\/wp\/v2\/categories?post=7014"},{"taxonomy":"post_tag","embeddable":true,"href":"https:\/\/blog.holyart.it\/fr\/wp-json\/wp\/v2\/tags?post=7014"}],"curies":[{"name":"wp","href":"https:\/\/api.w.org\/{rel}","templated":true}]}}