{"id":6887,"date":"2023-09-06T10:00:11","date_gmt":"2023-09-06T08:00:11","guid":{"rendered":"https:\/\/blog.holyart.it\/fr\/?p=6887"},"modified":"2024-05-28T12:09:53","modified_gmt":"2024-05-28T10:09:53","slug":"porte-sainte-quest-ce-que-cest-et-que-represente-son-ouverture","status":"publish","type":"post","link":"https:\/\/blog.holyart.it\/fr\/articles-religieux\/porte-sainte-quest-ce-que-cest-et-que-represente-son-ouverture\/","title":{"rendered":"Porte Sainte : qu\u2019est-ce que c\u2019est et que repr\u00e9sente son ouverture"},"content":{"rendered":"<h4>L\u2019ouverture de la Porte Sainte est le signe du d\u00e9but du Jubil\u00e9, mais repr\u00e9sente \u00e9galement pour les chr\u00e9tiens un symbole spirituel de grande suggestion. Voici lequel.<\/h4>\n\n<p>La <strong>porte<\/strong> a toujours \u00e9t\u00e9 investie d\u2019une importance fondamentale dans l\u2019histoire de l\u2019humanit\u00e9. \u00c9l\u00e9ment de <strong>protection et de d\u00e9fense<\/strong> pour villages, villes et palais, elle a \u00e9galement assum\u00e9 dans le monde grec et ensuite dans le monde romain un <strong>fort symbolisme spirituel<\/strong>, en tant que <strong>passage entre les mondes, point de passage, limite entre la vie et la mort<\/strong>. Cette forte valeur spirituelle est confirm\u00e9e aussi dans le contexte chr\u00e9tien avec celle qu\u2019on appelle la <strong>Porte Sainte<\/strong>.<\/p>\n<p>De quoi s\u2019agit-il ? Quelle signification a-t-elle ? Et pourquoi l\u2019appelle-t-on Porte Sainte ?<\/p>\n<p>D\u2019un point de vue purement mat\u00e9riel, nous pouvons d\u00e9finir Porte Sainte <strong>la porte d\u2019une \u00e9glise ou d\u2019une basilique chr\u00e9tienne que le <u>Pape<\/u> a proclam\u00e9e telle<\/strong>. Cette porte est gard\u00e9e mur\u00e9e et est ouverte uniquement \u00e0 l\u2019occasion d\u2019un <a href=\"https:\/\/www.holyart.fr\/blog\/articles-religieux\/logo-du-jubile-de-la-misericorde-de-quoi-sagit-il-et-qui-la-dessine\/\"><strong><u>Jubil\u00e9<\/u><\/strong><\/a>, quand elle peut \u00eatre travers\u00e9e afin d\u2019obtenir <a href=\"https:\/\/www.holyart.fr\/blog\/articles-religieux\/indulgence-pleniere-signification-origines-et-comment-lobtenir\/\"><strong><u>l\u2019indulgence pl\u00e9ni\u00e8re de tous les p\u00e9ch\u00e9s<\/u><\/strong><\/a>. Rappelons, en effet, que le Jubil\u00e9 est une p\u00e9riode d&rsquo;un an pendant laquelle l&rsquo;\u00c9glise conc\u00e8de des indulgences particuli\u00e8res <a href=\"https:\/\/www.holyart.fr\/blog\/articles-religieux\/5-lieux-de-pelerinage-ou-se-rendre-au-moins-une-fois-dans-sa-vie\/\"><strong><u>\u00e0 qui accomplit des p\u00e8lerinages<\/u><\/strong><\/a>, s\u2019engage dans des \u0153uvres de charit\u00e9, se d\u00e9die \u00e0 la pri\u00e8re ou, dans ce cas-si, traverse unes des Portes proclam\u00e9es Saintes par le Pape.<\/p>\n<p>En ce qui concerne la <strong>signification symbolique de la Porte Sainte<\/strong>, nous retrouvons la porte d\u00e9j\u00e0 cit\u00e9e dans \u00c9z\u00e9chiel, en tant que passage \u00e0 travers lequel la <strong>gloire de Dieu entre dans la maison<\/strong>, mais aussi dans l\u2019\u00e2me\u00a0:\u00a0\u00ab\u00a0<em>Il me conduisit \u00e0 la porte, la porte qui \u00e9tait du c\u00f4t\u00e9 de l\u2019orient. Et voici, la gloire du Dieu d\u2019Isra\u00ebl s\u2019avan\u00e7ait de l\u2019orient. Sa voix \u00e9tait pareille au bruit des grandes eaux, et la terre resplendissait de sa gloire. Cette vision \u00e9tait semblable \u00e0 celle que j\u2019avais eue lorsque j\u2019\u00e9tais venu pour d\u00e9truire la ville\u00a0; et ces visions \u00e9taient semblables \u00e0 celle que j\u2019avais eue pr\u00e8s du fleuve du Kebar. Et je tombai sur ma face. La gloire de l\u2019\u00c9ternel entra dans la maison par la porte qui \u00e9tait du c\u00f4t\u00e9 de l\u2019orient<\/em>\u00a0\u00bb (\u00c9z\u00e9chiel 43,1-4).<\/p>\n<div class=\"link-article\">\n<p><img loading=\"lazy\" decoding=\"async\" class=\"size-full wp-image-6889 alignleft\" src=\"https:\/\/blog.holyart.it\/fr\/wp-content\/uploads\/sites\/14\/2023\/08\/indulgence-pleniere.jpeg\" alt=\"indulgence pleniere\" width=\"150\" height=\"99\" data-kale-share-title=\"Porte Sainte : qu\u2019est-ce que c\u2019est et que repr\u00e9sente son ouverture\" data-kale-share-url=\"https:\/\/blog.holyart.it\/fr\/?p=6887\" \/><\/p>\n<div class=\"leggi-anche\">Lire aussi :<\/div>\n<p><strong><a href=\"https:\/\/www.holyart.fr\/blog\/articles-religieux\/indulgence-pleniere-signification-origines-et-comment-lobtenir\/\">Indulgence pl\u00e9ni\u00e8re : signification, origines et comment l\u2019obtenir<\/a><\/strong><br \/>\nQu\u2019est-ce qu\u2019est l\u2019indulgence pl\u00e9ni\u00e8re ? Voici pourquoi Pape Fran\u00e7ois l\u2019a conc\u00e9d\u00e9e \u00e0 qui participe \u00e0 l\u2019Ann\u00e9e de Saint Joseph.<\/p>\n<\/div>\n<p>Mais nous pouvons mieux cerner la valeur de la Porte Sainte dans l\u2019<a href=\"https:\/\/www.holyart.fr\/articles-religieux\/statues\/statues-en-resine-et-pvc\/saint-jean-evangeliste-30-cm-statue-en-resine\"><strong>\u00c9vangile de Jean<\/strong><\/a>, o\u00f9 on lit\u00a0: \u00ab\u00a0<em>En v\u00e9rit\u00e9, en v\u00e9rit\u00e9, je vous le dis, je suis la porte des brebis. Tous ceux qui sont venus avant moi sont des voleurs et des brigands\u00a0; mais les brebis ne les ont point \u00e9cout\u00e9s. Je suis la porte. Si quelqu\u2019un entre par moi, il sera sauv\u00e9\u00a0; il entrera et il sortira, et il trouvera des p\u00e2turages<\/em>\u00a0\u00bb (Jean 10,7-9). Voil\u00e0 donc que <strong>J\u00e9sus parle de lui-m\u00eame comme d\u2019une porte<\/strong>, et ainsi la Porte Sainte devient le <strong>passage oblig\u00e9<\/strong> pour ceux qui souhaitent Le suivre, trouvant en Lui la r\u00e9demption de tout p\u00e9ch\u00e9 et le salut.<\/p>\n<p>La tradition de la Porte Sainte est ancienne. Le premier \u00e0 en proclamer une fut Pape C\u00e9lestin V, qui en 1294 d\u00e9clara Sainte la <strong>porte de la Basilique de Sainte-Marie de Collemaggio <\/strong>\u00e0 L\u2019Aquila, si\u00e8ge encore aujourd\u2019hui du <strong>Jubil\u00e9 annuelle<\/strong> voulu par C\u00e9lestin en personne avec la <em>Bulle du Pardon<\/em> du 29 septembre 1294, connu comme <strong>Pardon c\u00e9lestinien<\/strong> (<em>Perdonanza Celestiniana<\/em> en italien) et classifi\u00e9 par l\u2019Unesco comme patrimoine oral et immat\u00e9riel de l\u2019humanit\u00e9.<\/p>\n<p><strong>Aujourd\u2019hui nombreuses sont les portes du Jubil\u00e9<\/strong>, parmi lesquelles, outre celle de <a href=\"https:\/\/www.holyart.fr\/articles-religieux\/statues\/statues-en-resine-et-pvc\/saint-pierre-30-cm-statue-en-resine\"><strong>Saint-Pierre<\/strong><\/a> et la Porte Sainte en <a href=\"https:\/\/www.holyart.fr\/articles-religieux\/statues\/statues-en-resine-et-pvc\/saint-jean-evangeliste-30-cm-statue-en-resine\"><strong>Saint-Jean<\/strong><\/a>&#8211;<strong>de-Latran<\/strong> \u00e0 Rome, nous pouvons rappeler celle de la cath\u00e9drale de <a href=\"https:\/\/www.holyart.fr\/blog\/articles-religieux\/le-chemin-de-saint-jacques-de-compostelle-histoire-et-curiosites-dun-des-plus-celebres-itineraires-religieux\/\"><strong><u>Saint-Jacques-de-Compostelle<\/u><\/strong><\/a>, la cath\u00e9drale d\u2019Atri et la basilique-cath\u00e9drale de Notre-Dame du Qu\u00e9bec. La cath\u00e9drale du <a href=\"https:\/\/www.holyart.fr\/blog\/articles-religieux\/sacre-coeur-de-jesus\/\"><strong><u>Sacr\u00e9-C\u0153ur<\/u><\/strong><\/a> \u00e0 New Delhi, en Inde, a ouvert sa Porte Sainte le 12 d\u00e9cembre 2015 \u00e0 l\u2019occasion du d\u00e9but du Jubil\u00e9 de la Mis\u00e9ricorde.<\/p>\n<div class=\"link-article\">\n<p><img loading=\"lazy\" decoding=\"async\" class=\"size-full wp-image-6891 alignleft\" src=\"https:\/\/blog.holyart.it\/fr\/wp-content\/uploads\/sites\/14\/2023\/08\/le-chemin-de-saint-jacques-de-compostelle.jpeg\" alt=\"le chemin de saint jacques de compostelle\" width=\"150\" height=\"100\" data-kale-share-title=\"Porte Sainte : qu\u2019est-ce que c\u2019est et que repr\u00e9sente son ouverture\" data-kale-share-url=\"https:\/\/blog.holyart.it\/fr\/?p=6887\" \/><\/p>\n<div class=\"leggi-anche\">Lire aussi :<\/div>\n<p><strong><a href=\"https:\/\/www.holyart.fr\/blog\/articles-religieux\/le-chemin-de-saint-jacques-de-compostelle-histoire-et-curiosites-dun-des-plus-celebres-itineraires-religieux\/\">Le Chemin de Saint-Jacques-de-Compostelle: histoire et curiosit\u00e9s d\u2019un des plus c\u00e9l\u00e8bres itin\u00e9raires religieux<\/a><\/strong><br \/>\nDepuis des si\u00e8cles, le Chemin de Saint-Jacques-de-Compostelle repr\u00e9sente un des p\u00e8lerinages&#8230;<\/p>\n<\/div>\n<h2>La Porte Sainte de Saint-Pierre<\/h2>\n<p>Les premi\u00e8res r\u00e9f\u00e9rences \u00e0 la <strong>Porte Sainte de la Basilique Saint-Pierre<\/strong> \u00e0 Rome remontent au pontificat de Pape Alexandre VI Borgia.<\/p>\n<p>Il s\u2019agit d\u2019une des cinq portes de la Basilique de<a href=\"https:\/\/www.holyart.fr\/blog\/articles-religieux\/basilique-saint-pierre-eglise-symbole-du-monde-chretien\/\"> <strong><u>Saint-Pierre<\/u><\/strong><\/a> et se trouve \u00e0 l\u2019extr\u00e9mit\u00e9 droite du vestibule. Rest\u00e9e <strong>ferm\u00e9e jusqu\u2019en 1950<\/strong>, elle est entour\u00e9e d\u2019un encadrement en marbre sculpt\u00e9 r\u00e9alis\u00e9e par le vouloir de Pape Gr\u00e9goire XIII \u00e0 l\u2019occasion du Jubil\u00e9 de 1575. Les <strong>battants originaux en bronze<\/strong> ont \u00e9t\u00e9 offerts en 1949 par l\u2019\u00e9v\u00eaque suisse Francesco Von Streng, en tant qu\u2019ex-voto pour avoir pr\u00e9serv\u00e9 la Suisse de la guerre. La porte actuelle a \u00e9t\u00e9 r\u00e9alis\u00e9e pour le <strong>Jubil\u00e9 de 1950<\/strong> par Vico Consorti, le \u00ab\u00a0<em>ma\u00eetre des huis<\/em>\u00a0\u00bb. La Porte Sainte de Saint-Pierre se compose de 16 panneaux rectangulaires qui racontent l\u2019histoire humaine de l\u2019aube des temps \u00e0 nos jours, plac\u00e9es sur 4 ordres, parmi lesquels sont plac\u00e9s 36 blasons. \u00c0 la base des deux volets, parmi les diff\u00e9rentes gravures, il est \u00e9crit\u00a0: \u00ab\u00a0<em>Que d\u2019ici jaillissent abondantes les sources de la Gr\u00e2ce divine, et qu\u2019elles purifient les \u00e2mes de tous ceux qui entrent, les restaurent avec une sainte paix, les ornent de vertu Chr\u00e9tienne. Ann\u00e9e Sainte 1950<\/em>\u00a0\u00bb.<\/p>\n<div class=\"link-article\">\n<p><img loading=\"lazy\" decoding=\"async\" class=\"size-full wp-image-6893 alignleft\" src=\"https:\/\/blog.holyart.it\/fr\/wp-content\/uploads\/sites\/14\/2023\/08\/basilique-de-saint-pierre.jpeg\" alt=\"basilique de saint pierre\" width=\"150\" height=\"100\" data-kale-share-title=\"Porte Sainte : qu\u2019est-ce que c\u2019est et que repr\u00e9sente son ouverture\" data-kale-share-url=\"https:\/\/blog.holyart.it\/fr\/?p=6887\" \/><\/p>\n<div class=\"leggi-anche\">Lire aussi :<\/div>\n<p><strong><a href=\"https:\/\/www.holyart.fr\/blog\/articles-religieux\/basilique-saint-pierre-eglise-symbole-du-monde-chretien\/\">Basilique Saint-Pierre : \u00c9glise symbole du monde chr\u00e9tien<\/a><\/strong><br \/>\nSaint-Pierre est une basilique riche en significations, myst\u00e8res et \u0153uvres d\u2019art sacr\u00e9es c\u00e9l\u00e8bre dans le monde entier. Voici quelques curiosit\u00e9s et points d\u2019int\u00e9r\u00eat de la Basilique la plus grande au monde.<\/p>\n<\/div>\n<h2>Ouverture de la Porte Sainte<\/h2>\n<p>Le Jubil\u00e9 commence avec <strong>l\u2019ouverture de la Porte Sainte de Saint-Pierre<\/strong> et se conclut avec sa fermeture.<\/p>\n<p>Le rite d\u2019ouverture de la Porte Sainte rappelle le symbolisme dont nous avons d\u00e9j\u00e0 parl\u00e9, de la <strong>porte en tant que passage oblig\u00e9 pour le salut<\/strong>. L\u2019ouverture de la Porte Sainte de la basilique Saint-Pierre en particulier marque le d\u00e9but du Jubil\u00e9. Dans les jours qui suivent, les portes des autres basiliques du Jubil\u00e9 seront ouvertes dans le monde entier.<\/p>\n<p>Traditionnellement, on commen\u00e7ait \u00e0 desceller la Porte Sainte en vue du Jubil\u00e9. C\u2019\u00e9tait la t\u00e2che du Pape de casser symboliquement le dernier morceau avec un marteau pour ensuite laisser les ouvriers terminer l\u2019\u0153uvre de d\u00e9molition. La tradition de murer la Porte Sainte de Saint-Pierre et de l\u2019ouvrir uniquement \u00e0 l\u2019occasion du Jubil\u00e9e \u00e9tait rest\u00e9e d\u2019actualit\u00e9 depuis 1975. Ensuite, en <strong>2000<\/strong>, <a href=\"https:\/\/www.holyart.fr\/occasions-speciales\/jean-paul-ii?page=1&amp;_gl=1*addmko*_ga*OTM4ODUzOTIuMTY3ODg3MTAzOA..*_ga_W18MV136NH*MTY5MTQxMDMxMi4zMTguMS4xNjkxNDEwNjU3LjAuMC4w\"><strong>Pape Jean-Paul II<\/strong><\/a>, qui risqua d\u2019\u00eatre touch\u00e9 par des gravats lorsqu\u2019il proc\u00e9dait au rite, d\u00e9cida de changer l\u2019usage et, depuis lors, la Porte Sainte est simplement ferm\u00e9e \u00e0 la fin du Jubil\u00e9 et r\u00e9ouverte pour le Jubil\u00e9 suivant.<\/p>\n<div class=\"link-product\">\n<div class=\"blocco-immagine\"><img loading=\"lazy\" decoding=\"async\" class=\"size-full wp-image-6895 alignleft\" src=\"https:\/\/blog.holyart.it\/fr\/wp-content\/uploads\/sites\/14\/2023\/08\/pape-jean-paul-II.jpg\" alt=\"pape jean paul II\" width=\"100\" height=\"100\" data-kale-share-title=\"Porte Sainte : qu\u2019est-ce que c\u2019est et que repr\u00e9sente son ouverture\" data-kale-share-url=\"https:\/\/blog.holyart.it\/fr\/?p=6887\" \/><\/div>\n<div class=\"blocco-contenuto\">\n<div class=\"blocco-acquista\">Acheter sur Holyart:<\/div>\n<div class=\"blocco-titolo\"><a href=\"https:\/\/www.holyart.fr\/occasions-speciales\/jean-paul-ii?page=1&amp;_gl=1*l032kk*_ga*OTM4ODUzOTIuMTY3ODg3MTAzOA..*_ga_W18MV136NH*MTY5MTQxMDMxMi4zMTguMS4xNjkxNDEwNjgzLjAuMC4w\">Jean Paul II<\/a><\/div>\n<div class=\"blocco-descrizione\">Nous avons cr\u00e9\u00e9 une cat\u00e9gorie enti\u00e8rement consacr\u00e9e \u00e0 lui&#8230;<\/div>\n<\/div>\n<\/div>\n<h2>Combien de portes saintes existent<\/h2>\n<p>Le Papa a donc la facult\u00e9 de proclamer Porte Sainte n\u2019importe quelle porte d\u2019\u00e9glise du monde. \u00c0 Rome, outre celle de <a href=\"https:\/\/www.holyart.fr\/articles-religieux\/tapisseries-religieuses\/tapisserie-place-saint-pierre-35x60-cm?_gl=1*x90cbs*_ga*OTM4ODUzOTIuMTY3ODg3MTAzOA..*_ga_W18MV136NH*MTY5MTQxMDMxMi4zMTguMS4xNjkxNDEwNzk3LjAuMC4w\"><strong>Saint-Pierre<\/strong><\/a>, il y a une Porte Sainte dans les basiliques de <a href=\"https:\/\/www.holyart.fr\/articles-religieux\/statues\/statues-en-resine-et-pvc\/saint-jean-baptiste-37-cm-resine-peinte?_gl=1*1lunccd*_ga*OTM4ODUzOTIuMTY3ODg3MTAzOA..*_ga_W18MV136NH*MTY5MTQxMDMxMi4zMTguMS4xNjkxNDEwODE2LjAuMC4w\"><strong>Saint-Jean<\/strong><\/a>-de-Latran, <a href=\"https:\/\/www.holyart.fr\/articles-religieux\/statues\/statues-en-bois-peint\/saint-paul-statue-bois\"><strong>Saint-Paul<\/strong><\/a>-hors-les-Murs et Sainte-Maria-Majeure. \u00c0 l\u2019occasion du <a href=\"https:\/\/www.holyart.fr\/occasions-speciales\/jubile-de-la-misericorde\"><strong>Jubil\u00e9 Extraordinaire de la Mis\u00e9ricorde<\/strong><\/a> (8 d\u00e9cembre 2015-20 novembre 2016), <a href=\"https:\/\/www.holyart.fr\/occasions-speciales\/pape-francois\"><strong>Pape Fran\u00e7ois<\/strong><\/a> a demand\u00e9 la collaboration des \u00e9v\u00eaques afin d\u2019identifier les lieux les plus significatifs pour les fid\u00e8les et a conc\u00e9d\u00e9 l\u2019ouverture de la Porte Sainte aussi dans les \u00e9glises cath\u00e9drales, outre que dans les basiliques. Ainsi, de nombreuses \u00e9glises, lieux habituels de p\u00e8lerinage, ont eu leur Porte Sainte par concession du Pape et ont pu conc\u00e9der l\u2019indulgence pl\u00e9ni\u00e8re \u00e0 leurs fid\u00e8les.<\/p>\n<div class=\"link-product\">\n<div class=\"blocco-immagine\"><img loading=\"lazy\" decoding=\"async\" class=\"size-full wp-image-6897 alignleft\" src=\"https:\/\/blog.holyart.it\/fr\/wp-content\/uploads\/sites\/14\/2023\/08\/pepe-francois-1.jpg\" alt=\"pepe francois \" width=\"100\" height=\"100\" data-kale-share-title=\"Porte Sainte : qu\u2019est-ce que c\u2019est et que repr\u00e9sente son ouverture\" data-kale-share-url=\"https:\/\/blog.holyart.it\/fr\/?p=6887\" \/><\/div>\n<div class=\"blocco-contenuto\">\n<div class=\"blocco-acquista\">Acheter sur Holyart:<\/div>\n<div class=\"blocco-titolo\"><a href=\"https:\/\/www.holyart.fr\/occasions-speciales\/pape-francois?page=1&amp;_gl=1*1220lmp*_ga*OTM4ODUzOTIuMTY3ODg3MTAzOA..*_ga_W18MV136NH*MTY5MTQxMDMxMi4zMTguMS4xNjkxNDEwODY2LjAuMC4w\">Pape Fran\u00e7ois<\/a><\/div>\n<div class=\"blocco-descrizione\">Pape Fran\u00e7ois: cat\u00e9gorie d\u00e9di\u00e9e \u00e0 Pape Jorge Mario Bergoglio.<\/div>\n<\/div>\n<\/div>\n","protected":false},"excerpt":{"rendered":"<p>L\u2019ouverture de la Porte Sainte est le signe du d\u00e9but du Jubil\u00e9, mais repr\u00e9sente \u00e9galement pour les chr\u00e9tiens un symbole spirituel de grande suggestion. Voici lequel. La porte a toujours \u00e9t\u00e9 investie d\u2019une importance fondamentale dans l\u2019histoire de l\u2019humanit\u00e9. \u00c9l\u00e9ment de protection et de d\u00e9fense&hellip;<\/p>\n","protected":false},"author":1,"featured_media":6888,"comment_status":"closed","ping_status":"open","sticky":false,"template":"","format":"standard","meta":{"_acf_changed":false,"footnotes":""},"categories":[13,8],"tags":[],"class_list":["post-6887","post","type-post","status-publish","format-standard","has-post-thumbnail","hentry","category-jubile-2025","category-articles-religieux"],"acf":[],"yoast_head":"<!-- This site is optimized with the Yoast SEO plugin v26.6 - https:\/\/yoast.com\/wordpress\/plugins\/seo\/ -->\n<title>Porte Sainte : qu\u2019est-ce que c\u2019est et que repr\u00e9sente son ouverture - Holyart.fr Blog<\/title>\n<meta name=\"description\" content=\"L\u2019ouverture de la Porte Sainte est le signe du d\u00e9but du Jubil\u00e9, mais repr\u00e9sente \u00e9galement pour les chr\u00e9tiens. Voici lequel.\" \/>\n<meta name=\"robots\" content=\"index, follow, max-snippet:-1, max-image-preview:large, max-video-preview:-1\" \/>\n<link rel=\"canonical\" href=\"https:\/\/blog.holyart.it\/fr\/articles-religieux\/porte-sainte-quest-ce-que-cest-et-que-represente-son-ouverture\/\" \/>\n<meta property=\"og:locale\" content=\"fr_FR\" \/>\n<meta property=\"og:type\" content=\"article\" \/>\n<meta property=\"og:title\" content=\"Porte Sainte : qu\u2019est-ce que c\u2019est et que repr\u00e9sente son ouverture - Holyart.fr Blog\" \/>\n<meta property=\"og:description\" content=\"L\u2019ouverture de la Porte Sainte est le signe du d\u00e9but du Jubil\u00e9, mais repr\u00e9sente \u00e9galement pour les chr\u00e9tiens. Voici lequel.\" \/>\n<meta property=\"og:url\" content=\"https:\/\/blog.holyart.it\/fr\/articles-religieux\/porte-sainte-quest-ce-que-cest-et-que-represente-son-ouverture\/\" \/>\n<meta property=\"og:site_name\" content=\"Holyart.fr Blog\" \/>\n<meta property=\"article:published_time\" content=\"2023-09-06T08:00:11+00:00\" \/>\n<meta property=\"article:modified_time\" content=\"2024-05-28T10:09:53+00:00\" \/>\n<meta property=\"og:image\" content=\"https:\/\/blog.holyart.it\/fr\/wp-content\/uploads\/sites\/14\/2023\/08\/porte-sainte.jpeg\" \/>\n\t<meta property=\"og:image:width\" content=\"1000\" \/>\n\t<meta property=\"og:image:height\" content=\"696\" \/>\n\t<meta property=\"og:image:type\" content=\"image\/jpeg\" \/>\n<meta name=\"author\" content=\"Redazione\" \/>\n<meta name=\"twitter:card\" content=\"summary_large_image\" \/>\n<meta name=\"twitter:label1\" content=\"\u00c9crit par\" \/>\n\t<meta name=\"twitter:data1\" content=\"Redazione\" \/>\n\t<meta name=\"twitter:label2\" content=\"Dur\u00e9e de lecture estim\u00e9e\" \/>\n\t<meta name=\"twitter:data2\" content=\"8 minutes\" \/>\n<script type=\"application\/ld+json\" class=\"yoast-schema-graph\">{\"@context\":\"https:\/\/schema.org\",\"@graph\":[{\"@type\":\"Article\",\"@id\":\"https:\/\/blog.holyart.it\/fr\/articles-religieux\/porte-sainte-quest-ce-que-cest-et-que-represente-son-ouverture\/#article\",\"isPartOf\":{\"@id\":\"https:\/\/blog.holyart.it\/fr\/articles-religieux\/porte-sainte-quest-ce-que-cest-et-que-represente-son-ouverture\/\"},\"author\":{\"name\":\"Redazione\",\"@id\":\"https:\/\/blog.holyart.it\/fr\/#\/schema\/person\/0a7b686e5af0f856ec1e390dd0baecda\"},\"headline\":\"Porte Sainte : qu\u2019est-ce que c\u2019est et que repr\u00e9sente son ouverture\",\"datePublished\":\"2023-09-06T08:00:11+00:00\",\"dateModified\":\"2024-05-28T10:09:53+00:00\",\"mainEntityOfPage\":{\"@id\":\"https:\/\/blog.holyart.it\/fr\/articles-religieux\/porte-sainte-quest-ce-que-cest-et-que-represente-son-ouverture\/\"},\"wordCount\":1392,\"publisher\":{\"@id\":\"https:\/\/blog.holyart.it\/fr\/#organization\"},\"image\":{\"@id\":\"https:\/\/blog.holyart.it\/fr\/articles-religieux\/porte-sainte-quest-ce-que-cest-et-que-represente-son-ouverture\/#primaryimage\"},\"thumbnailUrl\":\"https:\/\/blog.holyart.it\/fr\/wp-content\/uploads\/sites\/14\/2023\/08\/porte-sainte.jpeg\",\"articleSection\":[\"Jubil\u00e9 2025\",\"Religion\"],\"inLanguage\":\"fr-FR\"},{\"@type\":\"WebPage\",\"@id\":\"https:\/\/blog.holyart.it\/fr\/articles-religieux\/porte-sainte-quest-ce-que-cest-et-que-represente-son-ouverture\/\",\"url\":\"https:\/\/blog.holyart.it\/fr\/articles-religieux\/porte-sainte-quest-ce-que-cest-et-que-represente-son-ouverture\/\",\"name\":\"Porte Sainte : qu\u2019est-ce que c\u2019est et que repr\u00e9sente son ouverture - Holyart.fr Blog\",\"isPartOf\":{\"@id\":\"https:\/\/blog.holyart.it\/fr\/#website\"},\"primaryImageOfPage\":{\"@id\":\"https:\/\/blog.holyart.it\/fr\/articles-religieux\/porte-sainte-quest-ce-que-cest-et-que-represente-son-ouverture\/#primaryimage\"},\"image\":{\"@id\":\"https:\/\/blog.holyart.it\/fr\/articles-religieux\/porte-sainte-quest-ce-que-cest-et-que-represente-son-ouverture\/#primaryimage\"},\"thumbnailUrl\":\"https:\/\/blog.holyart.it\/fr\/wp-content\/uploads\/sites\/14\/2023\/08\/porte-sainte.jpeg\",\"datePublished\":\"2023-09-06T08:00:11+00:00\",\"dateModified\":\"2024-05-28T10:09:53+00:00\",\"description\":\"L\u2019ouverture de la Porte Sainte est le signe du d\u00e9but du Jubil\u00e9, mais repr\u00e9sente \u00e9galement pour les chr\u00e9tiens. Voici lequel.\",\"breadcrumb\":{\"@id\":\"https:\/\/blog.holyart.it\/fr\/articles-religieux\/porte-sainte-quest-ce-que-cest-et-que-represente-son-ouverture\/#breadcrumb\"},\"inLanguage\":\"fr-FR\",\"potentialAction\":[{\"@type\":\"ReadAction\",\"target\":[\"https:\/\/blog.holyart.it\/fr\/articles-religieux\/porte-sainte-quest-ce-que-cest-et-que-represente-son-ouverture\/\"]}]},{\"@type\":\"ImageObject\",\"inLanguage\":\"fr-FR\",\"@id\":\"https:\/\/blog.holyart.it\/fr\/articles-religieux\/porte-sainte-quest-ce-que-cest-et-que-represente-son-ouverture\/#primaryimage\",\"url\":\"https:\/\/blog.holyart.it\/fr\/wp-content\/uploads\/sites\/14\/2023\/08\/porte-sainte.jpeg\",\"contentUrl\":\"https:\/\/blog.holyart.it\/fr\/wp-content\/uploads\/sites\/14\/2023\/08\/porte-sainte.jpeg\",\"width\":1000,\"height\":696,\"caption\":\"porte sainte\"},{\"@type\":\"BreadcrumbList\",\"@id\":\"https:\/\/blog.holyart.it\/fr\/articles-religieux\/porte-sainte-quest-ce-que-cest-et-que-represente-son-ouverture\/#breadcrumb\",\"itemListElement\":[{\"@type\":\"ListItem\",\"position\":1,\"name\":\"Homepage\",\"item\":\"https:\/\/blog.holyart.it\/fr\/\"},{\"@type\":\"ListItem\",\"position\":2,\"name\":\"Religion\",\"item\":\"https:\/\/blog.holyart.it\/fr\/articles-religieux\/\"},{\"@type\":\"ListItem\",\"position\":3,\"name\":\"Porte Sainte : qu\u2019est-ce que c\u2019est et que repr\u00e9sente son ouverture\"}]},{\"@type\":\"WebSite\",\"@id\":\"https:\/\/blog.holyart.it\/fr\/#website\",\"url\":\"https:\/\/blog.holyart.it\/fr\/\",\"name\":\"Holyart.fr Blog\",\"description\":\"Holyblog\",\"publisher\":{\"@id\":\"https:\/\/blog.holyart.it\/fr\/#organization\"},\"potentialAction\":[{\"@type\":\"SearchAction\",\"target\":{\"@type\":\"EntryPoint\",\"urlTemplate\":\"https:\/\/blog.holyart.it\/fr\/?s={search_term_string}\"},\"query-input\":{\"@type\":\"PropertyValueSpecification\",\"valueRequired\":true,\"valueName\":\"search_term_string\"}}],\"inLanguage\":\"fr-FR\"},{\"@type\":\"Organization\",\"@id\":\"https:\/\/blog.holyart.it\/fr\/#organization\",\"name\":\"Holyart.fr Blog\",\"url\":\"https:\/\/blog.holyart.it\/fr\/\",\"logo\":{\"@type\":\"ImageObject\",\"inLanguage\":\"fr-FR\",\"@id\":\"https:\/\/blog.holyart.it\/fr\/#\/schema\/logo\/image\/\",\"url\":\"https:\/\/blog.holyart.it\/fr\/wp-content\/uploads\/sites\/14\/2022\/12\/Holyart_Blog_Logo.jpg\",\"contentUrl\":\"https:\/\/blog.holyart.it\/fr\/wp-content\/uploads\/sites\/14\/2022\/12\/Holyart_Blog_Logo.jpg\",\"width\":300,\"height\":50,\"caption\":\"Holyart.fr Blog\"},\"image\":{\"@id\":\"https:\/\/blog.holyart.it\/fr\/#\/schema\/logo\/image\/\"}},{\"@type\":\"Person\",\"@id\":\"https:\/\/blog.holyart.it\/fr\/#\/schema\/person\/0a7b686e5af0f856ec1e390dd0baecda\",\"name\":\"Redazione\",\"image\":{\"@type\":\"ImageObject\",\"inLanguage\":\"fr-FR\",\"@id\":\"https:\/\/blog.holyart.it\/fr\/#\/schema\/person\/image\/\",\"url\":\"https:\/\/secure.gravatar.com\/avatar\/f477da817f43e50d0af36abecd33e3edf826c68299714bdc1057dff3b113f516?s=96&d=mm&r=g\",\"contentUrl\":\"https:\/\/secure.gravatar.com\/avatar\/f477da817f43e50d0af36abecd33e3edf826c68299714bdc1057dff3b113f516?s=96&d=mm&r=g\",\"caption\":\"Redazione\"},\"url\":\"https:\/\/blog.holyart.it\/fr\/author\/admin\/\"}]}<\/script>\n<!-- \/ Yoast SEO plugin. -->","yoast_head_json":{"title":"Porte Sainte : qu\u2019est-ce que c\u2019est et que repr\u00e9sente son ouverture - Holyart.fr Blog","description":"L\u2019ouverture de la Porte Sainte est le signe du d\u00e9but du Jubil\u00e9, mais repr\u00e9sente \u00e9galement pour les chr\u00e9tiens. Voici lequel.","robots":{"index":"index","follow":"follow","max-snippet":"max-snippet:-1","max-image-preview":"max-image-preview:large","max-video-preview":"max-video-preview:-1"},"canonical":"https:\/\/blog.holyart.it\/fr\/articles-religieux\/porte-sainte-quest-ce-que-cest-et-que-represente-son-ouverture\/","og_locale":"fr_FR","og_type":"article","og_title":"Porte Sainte : qu\u2019est-ce que c\u2019est et que repr\u00e9sente son ouverture - Holyart.fr Blog","og_description":"L\u2019ouverture de la Porte Sainte est le signe du d\u00e9but du Jubil\u00e9, mais repr\u00e9sente \u00e9galement pour les chr\u00e9tiens. Voici lequel.","og_url":"https:\/\/blog.holyart.it\/fr\/articles-religieux\/porte-sainte-quest-ce-que-cest-et-que-represente-son-ouverture\/","og_site_name":"Holyart.fr Blog","article_published_time":"2023-09-06T08:00:11+00:00","article_modified_time":"2024-05-28T10:09:53+00:00","og_image":[{"width":1000,"height":696,"url":"https:\/\/blog.holyart.it\/fr\/wp-content\/uploads\/sites\/14\/2023\/08\/porte-sainte.jpeg","type":"image\/jpeg"}],"author":"Redazione","twitter_card":"summary_large_image","twitter_misc":{"\u00c9crit par":"Redazione","Dur\u00e9e de lecture estim\u00e9e":"8 minutes"},"schema":{"@context":"https:\/\/schema.org","@graph":[{"@type":"Article","@id":"https:\/\/blog.holyart.it\/fr\/articles-religieux\/porte-sainte-quest-ce-que-cest-et-que-represente-son-ouverture\/#article","isPartOf":{"@id":"https:\/\/blog.holyart.it\/fr\/articles-religieux\/porte-sainte-quest-ce-que-cest-et-que-represente-son-ouverture\/"},"author":{"name":"Redazione","@id":"https:\/\/blog.holyart.it\/fr\/#\/schema\/person\/0a7b686e5af0f856ec1e390dd0baecda"},"headline":"Porte Sainte : qu\u2019est-ce que c\u2019est et que repr\u00e9sente son ouverture","datePublished":"2023-09-06T08:00:11+00:00","dateModified":"2024-05-28T10:09:53+00:00","mainEntityOfPage":{"@id":"https:\/\/blog.holyart.it\/fr\/articles-religieux\/porte-sainte-quest-ce-que-cest-et-que-represente-son-ouverture\/"},"wordCount":1392,"publisher":{"@id":"https:\/\/blog.holyart.it\/fr\/#organization"},"image":{"@id":"https:\/\/blog.holyart.it\/fr\/articles-religieux\/porte-sainte-quest-ce-que-cest-et-que-represente-son-ouverture\/#primaryimage"},"thumbnailUrl":"https:\/\/blog.holyart.it\/fr\/wp-content\/uploads\/sites\/14\/2023\/08\/porte-sainte.jpeg","articleSection":["Jubil\u00e9 2025","Religion"],"inLanguage":"fr-FR"},{"@type":"WebPage","@id":"https:\/\/blog.holyart.it\/fr\/articles-religieux\/porte-sainte-quest-ce-que-cest-et-que-represente-son-ouverture\/","url":"https:\/\/blog.holyart.it\/fr\/articles-religieux\/porte-sainte-quest-ce-que-cest-et-que-represente-son-ouverture\/","name":"Porte Sainte : qu\u2019est-ce que c\u2019est et que repr\u00e9sente son ouverture - Holyart.fr Blog","isPartOf":{"@id":"https:\/\/blog.holyart.it\/fr\/#website"},"primaryImageOfPage":{"@id":"https:\/\/blog.holyart.it\/fr\/articles-religieux\/porte-sainte-quest-ce-que-cest-et-que-represente-son-ouverture\/#primaryimage"},"image":{"@id":"https:\/\/blog.holyart.it\/fr\/articles-religieux\/porte-sainte-quest-ce-que-cest-et-que-represente-son-ouverture\/#primaryimage"},"thumbnailUrl":"https:\/\/blog.holyart.it\/fr\/wp-content\/uploads\/sites\/14\/2023\/08\/porte-sainte.jpeg","datePublished":"2023-09-06T08:00:11+00:00","dateModified":"2024-05-28T10:09:53+00:00","description":"L\u2019ouverture de la Porte Sainte est le signe du d\u00e9but du Jubil\u00e9, mais repr\u00e9sente \u00e9galement pour les chr\u00e9tiens. Voici lequel.","breadcrumb":{"@id":"https:\/\/blog.holyart.it\/fr\/articles-religieux\/porte-sainte-quest-ce-que-cest-et-que-represente-son-ouverture\/#breadcrumb"},"inLanguage":"fr-FR","potentialAction":[{"@type":"ReadAction","target":["https:\/\/blog.holyart.it\/fr\/articles-religieux\/porte-sainte-quest-ce-que-cest-et-que-represente-son-ouverture\/"]}]},{"@type":"ImageObject","inLanguage":"fr-FR","@id":"https:\/\/blog.holyart.it\/fr\/articles-religieux\/porte-sainte-quest-ce-que-cest-et-que-represente-son-ouverture\/#primaryimage","url":"https:\/\/blog.holyart.it\/fr\/wp-content\/uploads\/sites\/14\/2023\/08\/porte-sainte.jpeg","contentUrl":"https:\/\/blog.holyart.it\/fr\/wp-content\/uploads\/sites\/14\/2023\/08\/porte-sainte.jpeg","width":1000,"height":696,"caption":"porte sainte"},{"@type":"BreadcrumbList","@id":"https:\/\/blog.holyart.it\/fr\/articles-religieux\/porte-sainte-quest-ce-que-cest-et-que-represente-son-ouverture\/#breadcrumb","itemListElement":[{"@type":"ListItem","position":1,"name":"Homepage","item":"https:\/\/blog.holyart.it\/fr\/"},{"@type":"ListItem","position":2,"name":"Religion","item":"https:\/\/blog.holyart.it\/fr\/articles-religieux\/"},{"@type":"ListItem","position":3,"name":"Porte Sainte : qu\u2019est-ce que c\u2019est et que repr\u00e9sente son ouverture"}]},{"@type":"WebSite","@id":"https:\/\/blog.holyart.it\/fr\/#website","url":"https:\/\/blog.holyart.it\/fr\/","name":"Holyart.fr Blog","description":"Holyblog","publisher":{"@id":"https:\/\/blog.holyart.it\/fr\/#organization"},"potentialAction":[{"@type":"SearchAction","target":{"@type":"EntryPoint","urlTemplate":"https:\/\/blog.holyart.it\/fr\/?s={search_term_string}"},"query-input":{"@type":"PropertyValueSpecification","valueRequired":true,"valueName":"search_term_string"}}],"inLanguage":"fr-FR"},{"@type":"Organization","@id":"https:\/\/blog.holyart.it\/fr\/#organization","name":"Holyart.fr Blog","url":"https:\/\/blog.holyart.it\/fr\/","logo":{"@type":"ImageObject","inLanguage":"fr-FR","@id":"https:\/\/blog.holyart.it\/fr\/#\/schema\/logo\/image\/","url":"https:\/\/blog.holyart.it\/fr\/wp-content\/uploads\/sites\/14\/2022\/12\/Holyart_Blog_Logo.jpg","contentUrl":"https:\/\/blog.holyart.it\/fr\/wp-content\/uploads\/sites\/14\/2022\/12\/Holyart_Blog_Logo.jpg","width":300,"height":50,"caption":"Holyart.fr Blog"},"image":{"@id":"https:\/\/blog.holyart.it\/fr\/#\/schema\/logo\/image\/"}},{"@type":"Person","@id":"https:\/\/blog.holyart.it\/fr\/#\/schema\/person\/0a7b686e5af0f856ec1e390dd0baecda","name":"Redazione","image":{"@type":"ImageObject","inLanguage":"fr-FR","@id":"https:\/\/blog.holyart.it\/fr\/#\/schema\/person\/image\/","url":"https:\/\/secure.gravatar.com\/avatar\/f477da817f43e50d0af36abecd33e3edf826c68299714bdc1057dff3b113f516?s=96&d=mm&r=g","contentUrl":"https:\/\/secure.gravatar.com\/avatar\/f477da817f43e50d0af36abecd33e3edf826c68299714bdc1057dff3b113f516?s=96&d=mm&r=g","caption":"Redazione"},"url":"https:\/\/blog.holyart.it\/fr\/author\/admin\/"}]}},"_links":{"self":[{"href":"https:\/\/blog.holyart.it\/fr\/wp-json\/wp\/v2\/posts\/6887","targetHints":{"allow":["GET"]}}],"collection":[{"href":"https:\/\/blog.holyart.it\/fr\/wp-json\/wp\/v2\/posts"}],"about":[{"href":"https:\/\/blog.holyart.it\/fr\/wp-json\/wp\/v2\/types\/post"}],"author":[{"embeddable":true,"href":"https:\/\/blog.holyart.it\/fr\/wp-json\/wp\/v2\/users\/1"}],"replies":[{"embeddable":true,"href":"https:\/\/blog.holyart.it\/fr\/wp-json\/wp\/v2\/comments?post=6887"}],"version-history":[{"count":5,"href":"https:\/\/blog.holyart.it\/fr\/wp-json\/wp\/v2\/posts\/6887\/revisions"}],"predecessor-version":[{"id":6898,"href":"https:\/\/blog.holyart.it\/fr\/wp-json\/wp\/v2\/posts\/6887\/revisions\/6898"}],"wp:featuredmedia":[{"embeddable":true,"href":"https:\/\/blog.holyart.it\/fr\/wp-json\/wp\/v2\/media\/6888"}],"wp:attachment":[{"href":"https:\/\/blog.holyart.it\/fr\/wp-json\/wp\/v2\/media?parent=6887"}],"wp:term":[{"taxonomy":"category","embeddable":true,"href":"https:\/\/blog.holyart.it\/fr\/wp-json\/wp\/v2\/categories?post=6887"},{"taxonomy":"post_tag","embeddable":true,"href":"https:\/\/blog.holyart.it\/fr\/wp-json\/wp\/v2\/tags?post=6887"}],"curies":[{"name":"wp","href":"https:\/\/api.w.org\/{rel}","templated":true}]}}