{"id":6872,"date":"2023-09-04T10:00:29","date_gmt":"2023-09-04T08:00:29","guid":{"rendered":"https:\/\/blog.holyart.it\/fr\/?p=6872"},"modified":"2024-08-27T10:22:01","modified_gmt":"2024-08-27T08:22:01","slug":"la-priere-de-la-bonne-humeur-la-preferee-de-pape-francois","status":"publish","type":"post","link":"https:\/\/blog.holyart.it\/fr\/articles-religieux\/la-priere-de-la-bonne-humeur-la-preferee-de-pape-francois\/","title":{"rendered":"La pri\u00e8re de la bonne humeur : la pr\u00e9f\u00e9r\u00e9e de Pape Fran\u00e7ois"},"content":{"rendered":"<h4>Octobre est un des mois d\u00e9di\u00e9s au Saint Rosaire, mais il y a d\u2019autres moyens pour s\u2019adresser \u00e0 Dieu tous les jours. Voici la pri\u00e8re de la bonne humeur.<\/h4>\n\n<p>Le choix d\u2019identifier octobre comme <a href=\"https:\/\/www.holyart.fr\/blog\/articles-religieux\/octobre-le-mois-du-saint-rosaire\/\"><strong>l\u2019un des <u>mois d\u00e9di\u00e9s \u00e0 prier le rosaire<\/u><\/strong><\/a> nait d\u2019un fait historique : le 7 octobre 1571 la Sainte-Ligue gagna la Bataille de L\u00e9pante contre l\u2019Empire ottoman, entrainant le d\u00e9clin de la pr\u00e9dominance musulmane en Europe. Pape Pie V, qui avait b\u00e9nit l\u2019\u00e9tendard de la Sainte-Ligue, d\u00e9clara que l\u2019intercession mis\u00e9ricordieuse de la Vierge Marie avait amen\u00e9 les chr\u00e9tiens \u00e0 la victoire et consacra le 7 octobre \u00e0 Notre-Dame de la Victoire. Son successeur, Pape Gr\u00e9goire XIII modifia la d\u00e9dicace en Notre-Dame du Rosaire. Mais qu\u2019est-ce que la pri\u00e8re de la bonne humeur a \u00e0 faire avec cette histoire et avec octobre en tant que mois du <a href=\"https:\/\/www.holyart.fr\/articles-religieux\/chapelets-et-etuis-a-chapelet?_gl=1*1t4j64c*_ga*OTM4ODUzOTIuMTY3ODg3MTAzOA..*_ga_W18MV136NH*MTY5MTQwMjA3My4zMTcuMS4xNjkxNDA0NDMxLjAuMC4w\"><strong>rosaire<\/strong><\/a> ?<\/p>\n<div class=\"link-article\">\n<p><img loading=\"lazy\" decoding=\"async\" class=\"size-full wp-image-6873 alignleft\" src=\"https:\/\/blog.holyart.it\/fr\/wp-content\/uploads\/sites\/14\/2023\/08\/octobre-le-mois-du-saint-rosaire.jpg\" alt=\"octobre le mois du saint rosaire\" width=\"150\" height=\"100\" data-kale-share-title=\"La pri\u00e8re de la bonne humeur : la pr\u00e9f\u00e9r\u00e9e de Pape Fran\u00e7ois\" data-kale-share-url=\"https:\/\/blog.holyart.it\/fr\/?p=6872\" \/><\/p>\n<div class=\"leggi-anche\">Lire aussi :<\/div>\n<p><strong><a href=\"https:\/\/www.holyart.fr\/blog\/articles-religieux\/octobre-le-mois-du-saint-rosaire\/\">Octobre : le mois du Saint Rosaire<\/a><\/strong><br \/>\nQuel est le lien qui lie le mois automnal avec celle qui est probablement la forme de d\u00e9votion la plus importante et la plus r\u00e9pandue au monde ? Octobre mois du Rosaire&#8230;<\/p>\n<\/div>\n<p><em>\u00ab\u00a0Soyez toujours joyeux. Priez sans cesse. Rendez gr\u00e2ce en toute chose\u00a0\u00bb<\/em> (Thessaloniciens 5\u00a0:16-18). Ainsi nous exhorte Saint Paul, en nous rappelant que <strong>Dieu est joie<\/strong> et que nous tous sommes invit\u00e9s \u00e0 maintenir la bonne humeur m\u00eame dans les moments les plus difficiles, m\u00eame quand les soucis, les pr\u00e9occupations et les vicissitudes de la vie deviennent plus pressantes. Et <strong>Pape Fran\u00e7ois<\/strong> aussi semble en \u00eatre profond\u00e9ment convaincu, car, depuis de nombreuses ann\u00e9es, chaque jour, il r\u00e9cite une <strong>pri\u00e8re de la bonne humeur<\/strong> qui n\u2019est pas simplement un acte de d\u00e9votion et de foi, mais aussi une sorte d\u2019encouragement personnel pour <strong>ne pas perdre le sourire et le sens de l\u2019humour<\/strong> dans chaque circonstance.<\/p>\n<div class=\"link-product\">\n<div class=\"blocco-immagine\"><img loading=\"lazy\" decoding=\"async\" class=\"size-full wp-image-6876 alignleft\" src=\"https:\/\/blog.holyart.it\/fr\/wp-content\/uploads\/sites\/14\/2023\/08\/Croix-Pape-Francois-Bon-Pasteur.jpg\" alt=\"Croix Pape Fran\u00e7ois Bon-Pasteur\" width=\"100\" height=\"100\" data-kale-share-title=\"La pri\u00e8re de la bonne humeur : la pr\u00e9f\u00e9r\u00e9e de Pape Fran\u00e7ois\" data-kale-share-url=\"https:\/\/blog.holyart.it\/fr\/?p=6872\" \/><\/div>\n<div class=\"blocco-contenuto\">\n<div class=\"blocco-acquista\">Acheter sur Holyart:<\/div>\n<div class=\"blocco-titolo\"><a href=\"https:\/\/www.holyart.fr\/articles-religieux\/bijoux-religieux\/pendentifs-croix-et-broches\/croix-pape-francois-bon-pasteur-argent-925?_gl=1*kko0zv*_ga*OTM4ODUzOTIuMTY3ODg3MTAzOA..*_ga_W18MV136NH*MTY5MTQwMjA3My4zMTcuMS4xNjkxNDA0NjgyLjAuMC4w\">Croix Pape Fran\u00e7ois Bon-Pasteur argent 925<\/a><\/div>\n<div class=\"blocco-descrizione\">Pendentif avec bas-relief r\u00e9alis\u00e9e en argent 925 par des professionnels dans le travail de l&rsquo;argent.<\/div>\n<\/div>\n<\/div>\n<p>Voici donc comment nous pouvons prier en ce mois si sp\u00e9cial, d\u2019un c\u00f4t\u00e9 en nous rappelant qu\u2019octobre est le mois du rosaire et que nous pouvons nous adresser \u00e0 la Vierge et \u00e0 Dieu avec cette pri\u00e8re puissante et unique, un v\u00e9ritable instrument de salut personnel et communautaire, en nous inspirant peut-\u00eatre de Saint Dominique de Guzm\u00e1n, fondateur des dominicains, et de l\u2019autre en n\u2019oubliant pas de garder la bonne humeur et le sens de l\u2019humour en imitant Pape Fran\u00e7ois avec sa pri\u00e8re de la bonne humeur, \u00e9crite il y a des si\u00e8cles par <strong>Saint Thomas More<\/strong> et pourtant toujours si actuelle.<\/p>\n<h2>La Vierge et Saint Dominique de Guzm\u00e1n<\/h2>\n<p><a href=\"https:\/\/www.holyart.fr\/blog\/saints-et-bienheureux\/saint-dominique-de-guzman-et-la-remise-du-rosaire\/\"><strong>Saint Dominique de Guzm\u00e1n<\/strong><\/a> \u00e9tait anim\u00e9 par une fervente et profonde d\u00e9votion \u00e0 la Vierge Marie et ce fut justement \u00e0 l\u2019occasion d\u2019une apparition de la Vierge que cette derni\u00e8re lui consigna le Saint Rosaire. Le Saint avait \u00e9t\u00e9 captur\u00e9 par des pirates et voyageait sur un navire en proie \u00e0 une temp\u00eate et la Vierge lui pr\u00e9senta le Saint Rosaire comme unique moyen de salut du naufrage et de la mort de tout le monde \u00e0 bord. Le Saint informa ses ravisseurs, qui l\u2019\u00e9cout\u00e8rent, et tout \u00e0 coup la furie de la mer retomba. Les pirates furent les premiers membres de la Confr\u00e9rie du Rosaire.<\/p>\n<p>Gr\u00e2ce \u00e0 Saint Dominique et \u00e0 l\u2019ordre de pr\u00eacheurs qu\u2019il fonda, le Rosaire acquit la forme que nous connaissons encore aujourd\u2019hui et que nous pratiquons, avec le r\u00f4le central de la Vierge Marie et le mouvement circulaire qui exprime le parcours spirituel du fid\u00e8le avec son d\u00e9placement progressif vers Dieu. Au cours de ce mois, mais pas uniquement, nous devrions l\u2019utiliser comme instrument de m\u00e9ditation et de pri\u00e8re personnelle.<\/p>\n<div class=\"link-article\">\n<p><img loading=\"lazy\" decoding=\"async\" class=\"size-full wp-image-6880 alignleft\" src=\"https:\/\/blog.holyart.it\/fr\/wp-content\/uploads\/sites\/14\/2023\/08\/saint-dominique-de-guzman.jpeg\" alt=\"saint dominique de guzman\" width=\"150\" height=\"100\" data-kale-share-title=\"La pri\u00e8re de la bonne humeur : la pr\u00e9f\u00e9r\u00e9e de Pape Fran\u00e7ois\" data-kale-share-url=\"https:\/\/blog.holyart.it\/fr\/?p=6872\" \/><\/p>\n<div class=\"leggi-anche\">Lire aussi :<\/div>\n<p><strong><a href=\"https:\/\/www.holyart.fr\/blog\/saints-et-bienheureux\/saint-dominique-de-guzman-et-la-remise-du-rosaire\/\">Saint Dominique de Guzm\u00e1n et la remise du rosaire<\/a><\/strong><br \/>\nSaint Dominique de Guzm\u00e1n, le saint amoureux de Christ, v\u00e9cut sa vie en se partageant entre pr\u00e9dication et pri\u00e8re&#8230;<\/p>\n<\/div>\n<h2>La pri\u00e8re de Pape Fran\u00e7ois<\/h2>\n<p>Pape Fran\u00e7ois a racont\u00e9 \u00e0 diff\u00e9rentes occasions quelles sont les pri\u00e8res qu\u2019il pr\u00e9f\u00e8re et qui l\u2019accompagnent tous les jours. Le Pontife commence chaque journ\u00e9e avec l\u2019<strong>Office du matin<\/strong>, une des <em>Heures<\/em> canoniques qui fait partie de la <em>Liturgie des heures<\/em> et qui, originairement, \u00e9tait c\u00e9l\u00e9br\u00e9e \u00e0 l\u2019aube. L\u2019Office s\u2019ouvre avec le verset d\u2019introduction du Psaume 69 \u00ab\u00a0<em>Sauve-moi, \u00f4 Dieu !<\/em>\u00a0\u00bb, suivi par le Gloire et par l\u2019acclamation Alleluia.<br \/>\nLe Pape continue sa journ\u00e9e de pri\u00e8re en r\u00e9citant le <strong>Rosaire<\/strong> et le soir il s\u2019attarde une heure devant le Tr\u00e8s-Saint Sacrement pour l\u2019<strong>Adoration Eucharistique du soir<\/strong>. Il parle \u00e9galement d\u2019une pri\u00e8re sp\u00e9ciale qu\u2019il r\u00e9cite le soir avant d\u2019aller se coucher, qui commence avec la supplication \u00ab\u00a0<em>Seigneur, si vous le souhaitez, purifiez-moi\u00a0!<\/em>\u00a0\u00bb suivie par cinq <em>Notre P\u00e8re<\/em>, un pour chaque plaie de J\u00e9sus.<\/p>\n<div class=\"link-product\">\n<div class=\"blocco-immagine\"><img loading=\"lazy\" decoding=\"async\" class=\"size-full wp-image-6882 alignleft\" src=\"https:\/\/blog.holyart.it\/fr\/wp-content\/uploads\/sites\/14\/2023\/08\/chapelet-bois-doliver-pepe-francois.jpg\" alt=\"chapelet bois d'oliver pepe francois\" width=\"100\" height=\"100\" data-kale-share-title=\"La pri\u00e8re de la bonne humeur : la pr\u00e9f\u00e9r\u00e9e de Pape Fran\u00e7ois\" data-kale-share-url=\"https:\/\/blog.holyart.it\/fr\/?p=6872\" \/><\/div>\n<div class=\"blocco-contenuto\">\n<div class=\"blocco-acquista\">Acheter sur Holyart:<\/div>\n<div class=\"blocco-titolo\"><a href=\"https:\/\/www.holyart.fr\/articles-religieux\/chapelets-et-etuis-a-chapelet\/chapelets-en-bois\/chapelet-bois-dolivier-pape-francois?_gl=1*hf0a1m*_ga*OTM4ODUzOTIuMTY3ODg3MTAzOA..*_ga_W18MV136NH*MTY5MTQwMjA3My4zMTcuMS4xNjkxNDA1MDExLjAuMC4w\">Chapelet bois d&rsquo;olivier Pape Fran\u00e7ois<\/a><\/div>\n<div class=\"blocco-descrizione\">Chapelet portable et adapt\u00e9 aux souvenirs, faveurs et cadeaux pour toutes les occasions et sacrements.<\/div>\n<\/div>\n<\/div>\n<p>Pour finir, comme nous le mentionnions au d\u00e9but, le Pape r\u00e9cite la <strong>pri\u00e8re de la bonne humeur de Thomas More<\/strong>, le c\u00e9l\u00e8bre politicien et humaniste anglais qui v\u00e9cut \u00e0 cheval entre le XVe et le XVIe si\u00e8cle et proclam\u00e9 saint apr\u00e8s avoir \u00e9t\u00e9 ex\u00e9cut\u00e9 pour avoir refus\u00e9 l\u2019Acte de Supr\u00e9matie du roi d\u2019Angleterre sur l\u2019\u00c9glise et ne pas avoir voulu renier le Pape.<\/p>\n<h2>Pri\u00e8re de la bonne humeur<\/h2>\n<p><em>Donne-moi une bonne digestion, Seigneur, et aussi quelque chose \u00e0 dig\u00e9rer.<\/em><\/p>\n<p><em>Donne-moi la sant\u00e9 du corps avec le sens de la garder au mieux.<\/em><\/p>\n<p><em>Donne-moi une \u00e2me sainte, Seigneur, qui ait les yeux sur la beaut\u00e9 et la puret\u00e9, afin qu\u2019elle ne s\u2019\u00e9pouvante pas en voyant le p\u00e9ch\u00e9, mais sache redresser la situation.<\/em><\/p>\n<p><em>Donne-moi une \u00e2me qui ignore l\u2019ennui, le g\u00e9missement et le soupir.<\/em><\/p>\n<p><em>Ne permets pas que je me fasse trop de souci pour cette chose encombrante que j\u2019appelle \u00ab\u00a0moi\u00a0\u00bb.<\/em><\/p>\n<p><em>Seigneur, donne-moi l\u2019humour pour que je tire quelque bonheur de cette vie et en fasse profiter les autres.<\/em><\/p>\n<p><em>Amen.<\/em><\/p>\n","protected":false},"excerpt":{"rendered":"<p>Octobre est un des mois d\u00e9di\u00e9s au Saint Rosaire, mais il y a d\u2019autres moyens pour s\u2019adresser \u00e0 Dieu tous les jours. Voici la pri\u00e8re de la bonne humeur. Le choix d\u2019identifier octobre comme l\u2019un des mois d\u00e9di\u00e9s \u00e0 prier le rosaire nait d\u2019un fait&hellip;<\/p>\n","protected":false},"author":1,"featured_media":6885,"comment_status":"closed","ping_status":"open","sticky":false,"template":"","format":"standard","meta":{"_acf_changed":false,"footnotes":""},"categories":[8],"tags":[],"class_list":["post-6872","post","type-post","status-publish","format-standard","has-post-thumbnail","hentry","category-articles-religieux"],"acf":[],"yoast_head":"<!-- This site is optimized with the Yoast SEO plugin v26.6 - https:\/\/yoast.com\/wordpress\/plugins\/seo\/ -->\n<title>La pri\u00e8re de la bonne humeur : la pr\u00e9f\u00e9r\u00e9e de Pape Fran\u00e7ois - Holyart.fr Blog<\/title>\n<meta name=\"description\" content=\"Il existe de nombreuses fa\u00e7ons de se tourner vers Dieu chaque jour. Voici la pri\u00e8re de la bonne humeur.\" \/>\n<meta name=\"robots\" content=\"index, follow, max-snippet:-1, max-image-preview:large, max-video-preview:-1\" \/>\n<link rel=\"canonical\" href=\"https:\/\/blog.holyart.it\/fr\/articles-religieux\/la-priere-de-la-bonne-humeur-la-preferee-de-pape-francois\/\" \/>\n<meta property=\"og:locale\" content=\"fr_FR\" \/>\n<meta property=\"og:type\" content=\"article\" \/>\n<meta property=\"og:title\" content=\"La pri\u00e8re de la bonne humeur : la pr\u00e9f\u00e9r\u00e9e de Pape Fran\u00e7ois - Holyart.fr Blog\" \/>\n<meta property=\"og:description\" content=\"Il existe de nombreuses fa\u00e7ons de se tourner vers Dieu chaque jour. Voici la pri\u00e8re de la bonne humeur.\" \/>\n<meta property=\"og:url\" content=\"https:\/\/blog.holyart.it\/fr\/articles-religieux\/la-priere-de-la-bonne-humeur-la-preferee-de-pape-francois\/\" \/>\n<meta property=\"og:site_name\" content=\"Holyart.fr Blog\" \/>\n<meta property=\"article:published_time\" content=\"2023-09-04T08:00:29+00:00\" \/>\n<meta property=\"article:modified_time\" content=\"2024-08-27T08:22:01+00:00\" \/>\n<meta property=\"og:image\" content=\"https:\/\/blog.holyart.it\/fr\/wp-content\/uploads\/sites\/14\/2023\/08\/pepe-francois.jpg\" \/>\n\t<meta property=\"og:image:width\" content=\"1000\" \/>\n\t<meta property=\"og:image:height\" content=\"666\" \/>\n\t<meta property=\"og:image:type\" content=\"image\/jpeg\" \/>\n<meta name=\"author\" content=\"Redazione\" \/>\n<meta name=\"twitter:card\" content=\"summary_large_image\" \/>\n<meta name=\"twitter:label1\" content=\"\u00c9crit par\" \/>\n\t<meta name=\"twitter:data1\" content=\"Redazione\" \/>\n\t<meta name=\"twitter:label2\" content=\"Dur\u00e9e de lecture estim\u00e9e\" \/>\n\t<meta name=\"twitter:data2\" content=\"6 minutes\" \/>\n<script type=\"application\/ld+json\" class=\"yoast-schema-graph\">{\"@context\":\"https:\/\/schema.org\",\"@graph\":[{\"@type\":\"Article\",\"@id\":\"https:\/\/blog.holyart.it\/fr\/articles-religieux\/la-priere-de-la-bonne-humeur-la-preferee-de-pape-francois\/#article\",\"isPartOf\":{\"@id\":\"https:\/\/blog.holyart.it\/fr\/articles-religieux\/la-priere-de-la-bonne-humeur-la-preferee-de-pape-francois\/\"},\"author\":{\"name\":\"Redazione\",\"@id\":\"https:\/\/blog.holyart.it\/fr\/#\/schema\/person\/0a7b686e5af0f856ec1e390dd0baecda\"},\"headline\":\"La pri\u00e8re de la bonne humeur : la pr\u00e9f\u00e9r\u00e9e de Pape Fran\u00e7ois\",\"datePublished\":\"2023-09-04T08:00:29+00:00\",\"dateModified\":\"2024-08-27T08:22:01+00:00\",\"mainEntityOfPage\":{\"@id\":\"https:\/\/blog.holyart.it\/fr\/articles-religieux\/la-priere-de-la-bonne-humeur-la-preferee-de-pape-francois\/\"},\"wordCount\":1087,\"publisher\":{\"@id\":\"https:\/\/blog.holyart.it\/fr\/#organization\"},\"image\":{\"@id\":\"https:\/\/blog.holyart.it\/fr\/articles-religieux\/la-priere-de-la-bonne-humeur-la-preferee-de-pape-francois\/#primaryimage\"},\"thumbnailUrl\":\"https:\/\/blog.holyart.it\/fr\/wp-content\/uploads\/sites\/14\/2023\/08\/pepe-francois.jpg\",\"articleSection\":[\"Religion\"],\"inLanguage\":\"fr-FR\"},{\"@type\":\"WebPage\",\"@id\":\"https:\/\/blog.holyart.it\/fr\/articles-religieux\/la-priere-de-la-bonne-humeur-la-preferee-de-pape-francois\/\",\"url\":\"https:\/\/blog.holyart.it\/fr\/articles-religieux\/la-priere-de-la-bonne-humeur-la-preferee-de-pape-francois\/\",\"name\":\"La pri\u00e8re de la bonne humeur : la pr\u00e9f\u00e9r\u00e9e de Pape Fran\u00e7ois - Holyart.fr Blog\",\"isPartOf\":{\"@id\":\"https:\/\/blog.holyart.it\/fr\/#website\"},\"primaryImageOfPage\":{\"@id\":\"https:\/\/blog.holyart.it\/fr\/articles-religieux\/la-priere-de-la-bonne-humeur-la-preferee-de-pape-francois\/#primaryimage\"},\"image\":{\"@id\":\"https:\/\/blog.holyart.it\/fr\/articles-religieux\/la-priere-de-la-bonne-humeur-la-preferee-de-pape-francois\/#primaryimage\"},\"thumbnailUrl\":\"https:\/\/blog.holyart.it\/fr\/wp-content\/uploads\/sites\/14\/2023\/08\/pepe-francois.jpg\",\"datePublished\":\"2023-09-04T08:00:29+00:00\",\"dateModified\":\"2024-08-27T08:22:01+00:00\",\"description\":\"Il existe de nombreuses fa\u00e7ons de se tourner vers Dieu chaque jour. Voici la pri\u00e8re de la bonne humeur.\",\"breadcrumb\":{\"@id\":\"https:\/\/blog.holyart.it\/fr\/articles-religieux\/la-priere-de-la-bonne-humeur-la-preferee-de-pape-francois\/#breadcrumb\"},\"inLanguage\":\"fr-FR\",\"potentialAction\":[{\"@type\":\"ReadAction\",\"target\":[\"https:\/\/blog.holyart.it\/fr\/articles-religieux\/la-priere-de-la-bonne-humeur-la-preferee-de-pape-francois\/\"]}]},{\"@type\":\"ImageObject\",\"inLanguage\":\"fr-FR\",\"@id\":\"https:\/\/blog.holyart.it\/fr\/articles-religieux\/la-priere-de-la-bonne-humeur-la-preferee-de-pape-francois\/#primaryimage\",\"url\":\"https:\/\/blog.holyart.it\/fr\/wp-content\/uploads\/sites\/14\/2023\/08\/pepe-francois.jpg\",\"contentUrl\":\"https:\/\/blog.holyart.it\/fr\/wp-content\/uploads\/sites\/14\/2023\/08\/pepe-francois.jpg\",\"width\":1000,\"height\":666},{\"@type\":\"BreadcrumbList\",\"@id\":\"https:\/\/blog.holyart.it\/fr\/articles-religieux\/la-priere-de-la-bonne-humeur-la-preferee-de-pape-francois\/#breadcrumb\",\"itemListElement\":[{\"@type\":\"ListItem\",\"position\":1,\"name\":\"Homepage\",\"item\":\"https:\/\/blog.holyart.it\/fr\/\"},{\"@type\":\"ListItem\",\"position\":2,\"name\":\"Religion\",\"item\":\"https:\/\/blog.holyart.it\/fr\/articles-religieux\/\"},{\"@type\":\"ListItem\",\"position\":3,\"name\":\"La pri\u00e8re de la bonne humeur : la pr\u00e9f\u00e9r\u00e9e de Pape Fran\u00e7ois\"}]},{\"@type\":\"WebSite\",\"@id\":\"https:\/\/blog.holyart.it\/fr\/#website\",\"url\":\"https:\/\/blog.holyart.it\/fr\/\",\"name\":\"Holyart.fr Blog\",\"description\":\"Holyblog\",\"publisher\":{\"@id\":\"https:\/\/blog.holyart.it\/fr\/#organization\"},\"potentialAction\":[{\"@type\":\"SearchAction\",\"target\":{\"@type\":\"EntryPoint\",\"urlTemplate\":\"https:\/\/blog.holyart.it\/fr\/?s={search_term_string}\"},\"query-input\":{\"@type\":\"PropertyValueSpecification\",\"valueRequired\":true,\"valueName\":\"search_term_string\"}}],\"inLanguage\":\"fr-FR\"},{\"@type\":\"Organization\",\"@id\":\"https:\/\/blog.holyart.it\/fr\/#organization\",\"name\":\"Holyart.fr Blog\",\"url\":\"https:\/\/blog.holyart.it\/fr\/\",\"logo\":{\"@type\":\"ImageObject\",\"inLanguage\":\"fr-FR\",\"@id\":\"https:\/\/blog.holyart.it\/fr\/#\/schema\/logo\/image\/\",\"url\":\"https:\/\/blog.holyart.it\/fr\/wp-content\/uploads\/sites\/14\/2022\/12\/Holyart_Blog_Logo.jpg\",\"contentUrl\":\"https:\/\/blog.holyart.it\/fr\/wp-content\/uploads\/sites\/14\/2022\/12\/Holyart_Blog_Logo.jpg\",\"width\":300,\"height\":50,\"caption\":\"Holyart.fr Blog\"},\"image\":{\"@id\":\"https:\/\/blog.holyart.it\/fr\/#\/schema\/logo\/image\/\"}},{\"@type\":\"Person\",\"@id\":\"https:\/\/blog.holyart.it\/fr\/#\/schema\/person\/0a7b686e5af0f856ec1e390dd0baecda\",\"name\":\"Redazione\",\"image\":{\"@type\":\"ImageObject\",\"inLanguage\":\"fr-FR\",\"@id\":\"https:\/\/blog.holyart.it\/fr\/#\/schema\/person\/image\/\",\"url\":\"https:\/\/secure.gravatar.com\/avatar\/f477da817f43e50d0af36abecd33e3edf826c68299714bdc1057dff3b113f516?s=96&d=mm&r=g\",\"contentUrl\":\"https:\/\/secure.gravatar.com\/avatar\/f477da817f43e50d0af36abecd33e3edf826c68299714bdc1057dff3b113f516?s=96&d=mm&r=g\",\"caption\":\"Redazione\"},\"url\":\"https:\/\/blog.holyart.it\/fr\/author\/admin\/\"}]}<\/script>\n<!-- \/ Yoast SEO plugin. -->","yoast_head_json":{"title":"La pri\u00e8re de la bonne humeur : la pr\u00e9f\u00e9r\u00e9e de Pape Fran\u00e7ois - Holyart.fr Blog","description":"Il existe de nombreuses fa\u00e7ons de se tourner vers Dieu chaque jour. Voici la pri\u00e8re de la bonne humeur.","robots":{"index":"index","follow":"follow","max-snippet":"max-snippet:-1","max-image-preview":"max-image-preview:large","max-video-preview":"max-video-preview:-1"},"canonical":"https:\/\/blog.holyart.it\/fr\/articles-religieux\/la-priere-de-la-bonne-humeur-la-preferee-de-pape-francois\/","og_locale":"fr_FR","og_type":"article","og_title":"La pri\u00e8re de la bonne humeur : la pr\u00e9f\u00e9r\u00e9e de Pape Fran\u00e7ois - Holyart.fr Blog","og_description":"Il existe de nombreuses fa\u00e7ons de se tourner vers Dieu chaque jour. Voici la pri\u00e8re de la bonne humeur.","og_url":"https:\/\/blog.holyart.it\/fr\/articles-religieux\/la-priere-de-la-bonne-humeur-la-preferee-de-pape-francois\/","og_site_name":"Holyart.fr Blog","article_published_time":"2023-09-04T08:00:29+00:00","article_modified_time":"2024-08-27T08:22:01+00:00","og_image":[{"width":1000,"height":666,"url":"https:\/\/blog.holyart.it\/fr\/wp-content\/uploads\/sites\/14\/2023\/08\/pepe-francois.jpg","type":"image\/jpeg"}],"author":"Redazione","twitter_card":"summary_large_image","twitter_misc":{"\u00c9crit par":"Redazione","Dur\u00e9e de lecture estim\u00e9e":"6 minutes"},"schema":{"@context":"https:\/\/schema.org","@graph":[{"@type":"Article","@id":"https:\/\/blog.holyart.it\/fr\/articles-religieux\/la-priere-de-la-bonne-humeur-la-preferee-de-pape-francois\/#article","isPartOf":{"@id":"https:\/\/blog.holyart.it\/fr\/articles-religieux\/la-priere-de-la-bonne-humeur-la-preferee-de-pape-francois\/"},"author":{"name":"Redazione","@id":"https:\/\/blog.holyart.it\/fr\/#\/schema\/person\/0a7b686e5af0f856ec1e390dd0baecda"},"headline":"La pri\u00e8re de la bonne humeur : la pr\u00e9f\u00e9r\u00e9e de Pape Fran\u00e7ois","datePublished":"2023-09-04T08:00:29+00:00","dateModified":"2024-08-27T08:22:01+00:00","mainEntityOfPage":{"@id":"https:\/\/blog.holyart.it\/fr\/articles-religieux\/la-priere-de-la-bonne-humeur-la-preferee-de-pape-francois\/"},"wordCount":1087,"publisher":{"@id":"https:\/\/blog.holyart.it\/fr\/#organization"},"image":{"@id":"https:\/\/blog.holyart.it\/fr\/articles-religieux\/la-priere-de-la-bonne-humeur-la-preferee-de-pape-francois\/#primaryimage"},"thumbnailUrl":"https:\/\/blog.holyart.it\/fr\/wp-content\/uploads\/sites\/14\/2023\/08\/pepe-francois.jpg","articleSection":["Religion"],"inLanguage":"fr-FR"},{"@type":"WebPage","@id":"https:\/\/blog.holyart.it\/fr\/articles-religieux\/la-priere-de-la-bonne-humeur-la-preferee-de-pape-francois\/","url":"https:\/\/blog.holyart.it\/fr\/articles-religieux\/la-priere-de-la-bonne-humeur-la-preferee-de-pape-francois\/","name":"La pri\u00e8re de la bonne humeur : la pr\u00e9f\u00e9r\u00e9e de Pape Fran\u00e7ois - Holyart.fr Blog","isPartOf":{"@id":"https:\/\/blog.holyart.it\/fr\/#website"},"primaryImageOfPage":{"@id":"https:\/\/blog.holyart.it\/fr\/articles-religieux\/la-priere-de-la-bonne-humeur-la-preferee-de-pape-francois\/#primaryimage"},"image":{"@id":"https:\/\/blog.holyart.it\/fr\/articles-religieux\/la-priere-de-la-bonne-humeur-la-preferee-de-pape-francois\/#primaryimage"},"thumbnailUrl":"https:\/\/blog.holyart.it\/fr\/wp-content\/uploads\/sites\/14\/2023\/08\/pepe-francois.jpg","datePublished":"2023-09-04T08:00:29+00:00","dateModified":"2024-08-27T08:22:01+00:00","description":"Il existe de nombreuses fa\u00e7ons de se tourner vers Dieu chaque jour. Voici la pri\u00e8re de la bonne humeur.","breadcrumb":{"@id":"https:\/\/blog.holyart.it\/fr\/articles-religieux\/la-priere-de-la-bonne-humeur-la-preferee-de-pape-francois\/#breadcrumb"},"inLanguage":"fr-FR","potentialAction":[{"@type":"ReadAction","target":["https:\/\/blog.holyart.it\/fr\/articles-religieux\/la-priere-de-la-bonne-humeur-la-preferee-de-pape-francois\/"]}]},{"@type":"ImageObject","inLanguage":"fr-FR","@id":"https:\/\/blog.holyart.it\/fr\/articles-religieux\/la-priere-de-la-bonne-humeur-la-preferee-de-pape-francois\/#primaryimage","url":"https:\/\/blog.holyart.it\/fr\/wp-content\/uploads\/sites\/14\/2023\/08\/pepe-francois.jpg","contentUrl":"https:\/\/blog.holyart.it\/fr\/wp-content\/uploads\/sites\/14\/2023\/08\/pepe-francois.jpg","width":1000,"height":666},{"@type":"BreadcrumbList","@id":"https:\/\/blog.holyart.it\/fr\/articles-religieux\/la-priere-de-la-bonne-humeur-la-preferee-de-pape-francois\/#breadcrumb","itemListElement":[{"@type":"ListItem","position":1,"name":"Homepage","item":"https:\/\/blog.holyart.it\/fr\/"},{"@type":"ListItem","position":2,"name":"Religion","item":"https:\/\/blog.holyart.it\/fr\/articles-religieux\/"},{"@type":"ListItem","position":3,"name":"La pri\u00e8re de la bonne humeur : la pr\u00e9f\u00e9r\u00e9e de Pape Fran\u00e7ois"}]},{"@type":"WebSite","@id":"https:\/\/blog.holyart.it\/fr\/#website","url":"https:\/\/blog.holyart.it\/fr\/","name":"Holyart.fr Blog","description":"Holyblog","publisher":{"@id":"https:\/\/blog.holyart.it\/fr\/#organization"},"potentialAction":[{"@type":"SearchAction","target":{"@type":"EntryPoint","urlTemplate":"https:\/\/blog.holyart.it\/fr\/?s={search_term_string}"},"query-input":{"@type":"PropertyValueSpecification","valueRequired":true,"valueName":"search_term_string"}}],"inLanguage":"fr-FR"},{"@type":"Organization","@id":"https:\/\/blog.holyart.it\/fr\/#organization","name":"Holyart.fr Blog","url":"https:\/\/blog.holyart.it\/fr\/","logo":{"@type":"ImageObject","inLanguage":"fr-FR","@id":"https:\/\/blog.holyart.it\/fr\/#\/schema\/logo\/image\/","url":"https:\/\/blog.holyart.it\/fr\/wp-content\/uploads\/sites\/14\/2022\/12\/Holyart_Blog_Logo.jpg","contentUrl":"https:\/\/blog.holyart.it\/fr\/wp-content\/uploads\/sites\/14\/2022\/12\/Holyart_Blog_Logo.jpg","width":300,"height":50,"caption":"Holyart.fr Blog"},"image":{"@id":"https:\/\/blog.holyart.it\/fr\/#\/schema\/logo\/image\/"}},{"@type":"Person","@id":"https:\/\/blog.holyart.it\/fr\/#\/schema\/person\/0a7b686e5af0f856ec1e390dd0baecda","name":"Redazione","image":{"@type":"ImageObject","inLanguage":"fr-FR","@id":"https:\/\/blog.holyart.it\/fr\/#\/schema\/person\/image\/","url":"https:\/\/secure.gravatar.com\/avatar\/f477da817f43e50d0af36abecd33e3edf826c68299714bdc1057dff3b113f516?s=96&d=mm&r=g","contentUrl":"https:\/\/secure.gravatar.com\/avatar\/f477da817f43e50d0af36abecd33e3edf826c68299714bdc1057dff3b113f516?s=96&d=mm&r=g","caption":"Redazione"},"url":"https:\/\/blog.holyart.it\/fr\/author\/admin\/"}]}},"_links":{"self":[{"href":"https:\/\/blog.holyart.it\/fr\/wp-json\/wp\/v2\/posts\/6872","targetHints":{"allow":["GET"]}}],"collection":[{"href":"https:\/\/blog.holyart.it\/fr\/wp-json\/wp\/v2\/posts"}],"about":[{"href":"https:\/\/blog.holyart.it\/fr\/wp-json\/wp\/v2\/types\/post"}],"author":[{"embeddable":true,"href":"https:\/\/blog.holyart.it\/fr\/wp-json\/wp\/v2\/users\/1"}],"replies":[{"embeddable":true,"href":"https:\/\/blog.holyart.it\/fr\/wp-json\/wp\/v2\/comments?post=6872"}],"version-history":[{"count":9,"href":"https:\/\/blog.holyart.it\/fr\/wp-json\/wp\/v2\/posts\/6872\/revisions"}],"predecessor-version":[{"id":6886,"href":"https:\/\/blog.holyart.it\/fr\/wp-json\/wp\/v2\/posts\/6872\/revisions\/6886"}],"wp:featuredmedia":[{"embeddable":true,"href":"https:\/\/blog.holyart.it\/fr\/wp-json\/wp\/v2\/media\/6885"}],"wp:attachment":[{"href":"https:\/\/blog.holyart.it\/fr\/wp-json\/wp\/v2\/media?parent=6872"}],"wp:term":[{"taxonomy":"category","embeddable":true,"href":"https:\/\/blog.holyart.it\/fr\/wp-json\/wp\/v2\/categories?post=6872"},{"taxonomy":"post_tag","embeddable":true,"href":"https:\/\/blog.holyart.it\/fr\/wp-json\/wp\/v2\/tags?post=6872"}],"curies":[{"name":"wp","href":"https:\/\/api.w.org\/{rel}","templated":true}]}}