{"id":6794,"date":"2023-08-21T10:00:54","date_gmt":"2023-08-21T08:00:54","guid":{"rendered":"https:\/\/blog.holyart.it\/fr\/?p=6794"},"modified":"2024-07-31T09:37:43","modified_gmt":"2024-07-31T07:37:43","slug":"saint-barthelemy-apotre-lhistoire-du-martyr-ecorche-vif","status":"publish","type":"post","link":"https:\/\/blog.holyart.it\/fr\/articles-religieux\/saint-barthelemy-apotre-lhistoire-du-martyr-ecorche-vif\/","title":{"rendered":"Saint Barth\u00e9lemy ap\u00f4tre : l\u2019histoire du martyr \u00e9corch\u00e9 vif"},"content":{"rendered":"<h4>Le 24 ao\u00fbt on f\u00eate la comm\u00e9moration de Saint Barth\u00e9lemy Ap\u00f4tre, un des disciples les plus proches de J\u00e9sus, protecteur des bouchers, des cordonniers et de tous ceux qui utilisent des outils de coupe.<\/h4>\n\n<p>Saint Barth\u00e9lemy Ap\u00f4tre est rappel\u00e9 surtout pour le <strong>martyre<\/strong> qu\u2019il a subi, un des plus brutaux et terrifiants parmi ceux endur\u00e9s par les <a href=\"https:\/\/www.holyart.fr\/blog\/articles-religieux\/saints-martyrs-sacrifier-sa-vie-au-nom-de-dieu\/\"><strong><u>saints martyrs<\/u><\/strong><\/a> et transmis par l\u2019hagiographie. Il fut en effet arr\u00eat\u00e9 par des pr\u00eatres pa\u00efens lors qu\u2019il \u00e9tait en voyage pour amener la Parole de Christ dans des terres lointaines et il fut <strong>\u00e9corch\u00e9 vif<\/strong> par ces derniers. Cette forme de martyre particuli\u00e8rement sanglante inspira des grands artistes du pass\u00e9, comme nous le verrons par la suite. Mais avant de mourir, Barth\u00e9lemy fut un disciple d\u00e9vot et passionn\u00e9 de J\u00e9sus. Aujourd\u2019hui, nous le <strong>f\u00eatons le 24 ao\u00fbt <\/strong>et, entre autres, il est le <strong>Saint Patron de B\u00e9n\u00e9vent<\/strong>, ville qui conserve ses reliques. Ceux qui souffrent de <strong>maladies de la peau<\/strong> et les dermatologues peuvent adresser leurs pri\u00e8res \u00e0 Saint Barth\u00e9lemy Ap\u00f4tre.<\/p>\n<div class=\"link-article\">\n<p><img loading=\"lazy\" decoding=\"async\" class=\"size-full wp-image-6795 alignleft\" src=\"https:\/\/blog.holyart.it\/fr\/wp-content\/uploads\/sites\/14\/2023\/07\/saints-martyrs-1.jpg\" alt=\"saints martyrs\" width=\"150\" height=\"99\" data-kale-share-title=\"Saint Barth\u00e9lemy ap\u00f4tre : l\u2019histoire du martyr \u00e9corch\u00e9 vif\" data-kale-share-url=\"https:\/\/blog.holyart.it\/fr\/?p=6794\" \/><\/p>\n<div class=\"leggi-anche\">Lire aussi :<\/div>\n<p><strong><a href=\"https:\/\/www.holyart.fr\/blog\/articles-religieux\/saints-martyrs-sacrifier-sa-vie-au-nom-de-dieu\/\">Saints Martyrs : sacrifier sa vie au nom de Dieu<\/a><\/strong><br \/>\nLes Saints Martyrs sont des hommes et des femmes, souvent tr\u00e8s jeunes, qui ont sacrifi\u00e9 leur vie pour amour de Dieu&#8230;<\/p>\n<\/div>\n<h2>Histoire de Saint Barth\u00e9lemy Ap\u00f4tre<\/h2>\n<p>Saint Barth\u00e9lemy Ap\u00f4tre \u00e9tait probablement un <strong>p\u00eacheur<\/strong>, comme la plupart des autres ap\u00f4tres et \u00e9tait tr\u00e8s <a href=\"https:\/\/www.holyart.fr\/articles-religieux\/statues\/statues-en-resine-et-pvc\/statuette-st-philippe-30-cm-resine?_gl=1*f4gkkq*_ga*OTM4ODUzOTIuMTY3ODg3MTAzOA..*_ga_W18MV136NH*MTY4OTY2NjAzNi4yNjYuMS4xNjg5NjY4MDc1LjAuMC4w\"><strong>proche de l\u2019Ap\u00f4tre Philippe<\/strong><\/a>. Ce fut ce dernier qui lui sugg\u00e9ra de rencontrer J\u00e9sus et, pass\u00e9 son scepticisme initiale, Barth\u00e9lemy embrassa la foi en Lui avec grand enthousiasme et conviction. Dans les <a href=\"https:\/\/www.holyart.fr\/articles-religieux\/livres-sacres\/evangiles?page=1&amp;_gl=1*1ybmlcp*_ga*OTM4ODUzOTIuMTY3ODg3MTAzOA..*_ga_W18MV136NH*MTY4OTY2NjAzNi4yNjYuMS4xNjg5NjY4MTA4LjAuMC4w\"><strong>\u00c9vangiles synoptiques<\/strong><\/a> il est pr\u00e9sent\u00e9 comme un des disciples les plus proches de J\u00e9sus (Marc 3,18\u00a0; Matthieu 10,3\u00a0; Luc 6,14), et dans les <strong>Actes des Ap\u00f4tres<\/strong> (Actes 1,13) il apparait parmi les autres disciples qui assistent \u00e0 l\u2019apparition de Christ apr\u00e8s la r\u00e9surrection lorsqu\u2019ils sont en train de p\u00eacher sur le lac de Tib\u00e9riade.<\/p>\n<div class=\"link-product\">\n<div class=\"blocco-immagine\"><img loading=\"lazy\" decoding=\"async\" class=\"size-full wp-image-6796 alignleft\" src=\"https:\/\/blog.holyart.it\/fr\/wp-content\/uploads\/sites\/14\/2023\/07\/statuette-st-philippe.jpg\" alt=\"statuette st philippe\" width=\"100\" height=\"100\" data-kale-share-title=\"Saint Barth\u00e9lemy ap\u00f4tre : l\u2019histoire du martyr \u00e9corch\u00e9 vif\" data-kale-share-url=\"https:\/\/blog.holyart.it\/fr\/?p=6794\" \/><\/div>\n<div class=\"blocco-contenuto\">\n<div class=\"blocco-acquista\">Acheter sur Holyart:<\/div>\n<div class=\"blocco-titolo\"><a href=\"https:\/\/www.holyart.fr\/articles-religieux\/statues\/statues-en-resine-et-pvc\/statuette-st-philippe-30-cm-resine?_gl=1*f4gkkq*_ga*OTM4ODUzOTIuMTY3ODg3MTAzOA..*_ga_W18MV136NH*MTY4OTY2NjAzNi4yNjYuMS4xNjg5NjY4MDc1LjAuMC4w\">Statuette St Philippe 30 cm r\u00e9sine<\/a><\/div>\n<div class=\"blocco-descrizione\">Statuette de l&rsquo;ap\u00f4tre Saint Philippe en r\u00e9sine peinte \u00e0 la main, mesurant 30&#215;9,5&#215;9 cm.<\/div>\n<\/div>\n<\/div>\n<p>Dans les pages \u00e9crites par <strong>Saint Jean<\/strong> (Jean 1,43-51\u00a0; 21,2) nous le rencontrons en tant que <strong>Nathana\u00ebl<\/strong>, natif de Cana, avec la signification de \u00ab\u00a0don de Dieu\u00a0\u00bb. Le nom <strong>Barth\u00e9lemy<\/strong>, par contre, serait un patronyme de <em>BarTalmai<\/em>, \u00ab\u00a0fils de Talma\u00ef\u00a0\u00bb, le valeureux.<br \/>\nLa <strong>premi\u00e8re rencontre avec J\u00e9sus<\/strong> est racont\u00e9e par Saint Jean. J\u00e9sus s\u2019adressa \u00e0 lui avec ces mots : <em>\u00ab\u00a0Voici vraiment un Isra\u00e9lite, dans lequel il n\u2019y a point de fraude.<\/em>\u00a0\u00bb Barth\u00e9lemy, surpris, lui demanda comment il pouvait le conna\u00eetre et J\u00e9sus lui r\u00e9v\u00e9la\u00a0: \u00ab\u00a0<em>Avant que Philippe t\u2019appel\u00e2t, quand tu \u00e9tais sous le figuier, je t\u2019ai vu.<\/em>\u00a0\u00bb Nous ne savons pas \u00e0 quoi faisait r\u00e9f\u00e9rence J\u00e9sus, ce qui arriva sous le figuier, mais \u00e0 partir de ce moment-l\u00e0 Barth\u00e9lemy Le reconnut en tant que Fils de Dieu et Roi d\u2019Isra\u00ebl. Quelques jours plus tard, Barth\u00e9lemy participa avec J\u00e9sus et les autres disciples au repas de noces de Cana, en assistant de fait au premier miracle de J\u00e9sus.<\/p>\n<p>Il existe \u00e9galement certains <strong>\u00c9vangiles apocryphes<\/strong> qui racontent comment, <strong>enfant<\/strong>, Barth\u00e9lemy tomba malade et fut sauv\u00e9 par intercession de la <a href=\"https:\/\/www.holyart.fr\/search?params=%7B%22search%22%3A%22maria%22%7D&amp;search=maria\"><strong>Vierge Marie<\/strong><\/a>, qui le posa dans le lit de J\u00e9sus avec lui en causant sa gu\u00e9rison miraculeuse.<\/p>\n<div class=\"link-product\">\n<div class=\"blocco-immagine\"><img loading=\"lazy\" decoding=\"async\" class=\"size-full wp-image-6798 alignleft\" src=\"https:\/\/blog.holyart.it\/fr\/wp-content\/uploads\/sites\/14\/2023\/07\/vierge-marie.jpg\" alt=\"vierge marie\" width=\"100\" height=\"100\" data-kale-share-title=\"Saint Barth\u00e9lemy ap\u00f4tre : l\u2019histoire du martyr \u00e9corch\u00e9 vif\" data-kale-share-url=\"https:\/\/blog.holyart.it\/fr\/?p=6794\" \/><\/div>\n<div class=\"blocco-contenuto\">\n<div class=\"blocco-acquista\">Acheter sur Holyart:<\/div>\n<div class=\"blocco-titolo\"><a href=\"https:\/\/www.holyart.fr\/search?params=%7B%22search%22%3A%22maria%22%7D&amp;search=maria\">Vierge Marie<\/a><\/div>\n<div class=\"blocco-descrizione\">Tous nos produits d\u00e9di\u00e9s \u00e0 la Vierge Marie<\/div>\n<\/div>\n<\/div>\n<p>Apr\u00e8s la Pentec\u00f4te, Saint Barth\u00e9lemy Ap\u00f4tre partit pour pr\u00eacher la Bonne Nouvelle. Il voyagea probablement en Lycaonie, r\u00e9gion de la Cappadoce, et ensuite il s\u2019aventura jusqu\u2019au Moyen Orient et l\u2019Inde. Il subit le martyre en Arm\u00e9nie, \u00e0 Albanopolis. Ici le saint avait lib\u00e9r\u00e9 certains obs\u00e9d\u00e9s, gu\u00e9rit des malades et redonn\u00e9 la vue aux aveugles, en demandant en \u00e9change la destruction des idoles et la conversion \u00e0 Christ. Il aurait m\u00eame r\u00e9ussi \u00e0 convertir le roi Polimio et son \u00e9pouse, en d\u00e9chainant la rage d\u2019Astyage, fr\u00e8re du roi, et des pr\u00eatres pa\u00efens. Ils le captur\u00e8rent et l\u2019\u00e9corch\u00e8rent vif. Seuls les yeux et la langue rest\u00e8rent indemnes, et avec eux l\u2019Ap\u00f4tre continua \u00e0 proclamer la foi en J\u00e9sus, jusqu\u2019\u00e0 ce qu\u2019on ne le d\u00e9capite par ordre d\u2019Astyage.<\/p>\n<p>Son nom aujourd\u2019hui est souvent rappel\u00e9 en relation \u00e0 un horrible fait historique qui eut lieu au XVIe si\u00e8cle\u00a0: la <strong>nuit de la Saint Barth\u00e9lemy<\/strong>. Entre le 23 et le 24 ao\u00fbt de 1572, \u00e0 l\u2019occasion des noces de Marguerite de Valois, s\u0153ur de Charles IX Roi de France (catholique) avec Henri de Bourbon, prince de la faction huguenote (protestant), les catholiques fran\u00e7ais massacr\u00e8rent des milliers de chr\u00e9tiens huguenotes.<\/p>\n<h2>Martyre de Saint Barth\u00e9lemy<\/h2>\n<p>Nous avons d\u00e9j\u00e0 mentionn\u00e9 comment le martyre de Saint Barth\u00e9lemy a inspir\u00e9 aux cours des si\u00e8cles de grands artistes, justement pour la cruaut\u00e9 de son ex\u00e9cution. Un exemple pour tous et sa repr\u00e9sentation dans le <em>Jugement Dernier<\/em> de <strong>Michel-Ange<\/strong>, qui le repr\u00e9senta avec un couteau dans une main et sa propre peau serr\u00e9e dans l\u2019autre. C\u2019est significatif de comment le peintre a voulu donner au saint \u00e9corch\u00e9 son propre visage.<br \/>\nUne autre repr\u00e9sentation c\u00e9l\u00e8bre de Saint Barth\u00e9lemy Ap\u00f4tre est la sculpture r\u00e9alis\u00e9e par <strong>Marco d\u2019Agrate<\/strong>, \u00e9l\u00e8ve de L\u00e9onard, aujourd\u2019hui expos\u00e9e \u00e0 l\u2019int\u00e9rieur de la Cath\u00e9drale de Milan. Ici le martyr est repr\u00e9sent\u00e9 avec la Bible en main et le corps priv\u00e9 de sa peau, avec la t\u00eate qui pend sur le dos. La pr\u00e9cision anatomique de la figure rend cette \u0153uvre particuli\u00e8rement remarquable.<\/p>\n","protected":false},"excerpt":{"rendered":"<p>Le 24 ao\u00fbt on f\u00eate la comm\u00e9moration de Saint Barth\u00e9lemy Ap\u00f4tre, un des disciples les plus proches de J\u00e9sus, protecteur des bouchers, des cordonniers et de tous ceux qui utilisent des outils de coupe. Saint Barth\u00e9lemy Ap\u00f4tre est rappel\u00e9 surtout pour le martyre qu\u2019il a&hellip;<\/p>\n","protected":false},"author":1,"featured_media":6800,"comment_status":"closed","ping_status":"open","sticky":false,"template":"","format":"standard","meta":{"_acf_changed":false,"footnotes":""},"categories":[8,7],"tags":[],"class_list":["post-6794","post","type-post","status-publish","format-standard","has-post-thumbnail","hentry","category-articles-religieux","category-saints-et-bienheureux"],"acf":[],"yoast_head":"<!-- This site is optimized with the Yoast SEO plugin v26.6 - https:\/\/yoast.com\/wordpress\/plugins\/seo\/ -->\n<title>Saint Barth\u00e9lemy ap\u00f4tre : l\u2019histoire du martyr \u00e9corch\u00e9 vif - Holyart.fr Blog<\/title>\n<meta name=\"description\" content=\"Le 24 ao\u00fbt est la comm\u00e9moration de Saint Barth\u00e9lemy l&#039;Ap\u00f4tre, l&#039;un des plus proches disciples de J\u00e9sus.\" \/>\n<meta name=\"robots\" content=\"index, follow, max-snippet:-1, max-image-preview:large, max-video-preview:-1\" \/>\n<link rel=\"canonical\" href=\"https:\/\/blog.holyart.it\/fr\/articles-religieux\/saint-barthelemy-apotre-lhistoire-du-martyr-ecorche-vif\/\" \/>\n<meta property=\"og:locale\" content=\"fr_FR\" \/>\n<meta property=\"og:type\" content=\"article\" \/>\n<meta property=\"og:title\" content=\"Saint Barth\u00e9lemy ap\u00f4tre : l\u2019histoire du martyr \u00e9corch\u00e9 vif - Holyart.fr Blog\" \/>\n<meta property=\"og:description\" content=\"Le 24 ao\u00fbt est la comm\u00e9moration de Saint Barth\u00e9lemy l&#039;Ap\u00f4tre, l&#039;un des plus proches disciples de J\u00e9sus.\" \/>\n<meta property=\"og:url\" content=\"https:\/\/blog.holyart.it\/fr\/articles-religieux\/saint-barthelemy-apotre-lhistoire-du-martyr-ecorche-vif\/\" \/>\n<meta property=\"og:site_name\" content=\"Holyart.fr Blog\" \/>\n<meta property=\"article:published_time\" content=\"2023-08-21T08:00:54+00:00\" \/>\n<meta property=\"article:modified_time\" content=\"2024-07-31T07:37:43+00:00\" \/>\n<meta property=\"og:image\" content=\"https:\/\/blog.holyart.it\/fr\/wp-content\/uploads\/sites\/14\/2023\/07\/saint-barthelemy.jpg\" \/>\n\t<meta property=\"og:image:width\" content=\"1000\" \/>\n\t<meta property=\"og:image:height\" content=\"666\" \/>\n\t<meta property=\"og:image:type\" content=\"image\/jpeg\" \/>\n<meta name=\"author\" content=\"Redazione\" \/>\n<meta name=\"twitter:card\" content=\"summary_large_image\" \/>\n<meta name=\"twitter:label1\" content=\"\u00c9crit par\" \/>\n\t<meta name=\"twitter:data1\" content=\"Redazione\" \/>\n\t<meta name=\"twitter:label2\" content=\"Dur\u00e9e de lecture estim\u00e9e\" \/>\n\t<meta name=\"twitter:data2\" content=\"6 minutes\" \/>\n<script type=\"application\/ld+json\" class=\"yoast-schema-graph\">{\"@context\":\"https:\/\/schema.org\",\"@graph\":[{\"@type\":\"Article\",\"@id\":\"https:\/\/blog.holyart.it\/fr\/articles-religieux\/saint-barthelemy-apotre-lhistoire-du-martyr-ecorche-vif\/#article\",\"isPartOf\":{\"@id\":\"https:\/\/blog.holyart.it\/fr\/articles-religieux\/saint-barthelemy-apotre-lhistoire-du-martyr-ecorche-vif\/\"},\"author\":{\"name\":\"Redazione\",\"@id\":\"https:\/\/blog.holyart.it\/fr\/#\/schema\/person\/0a7b686e5af0f856ec1e390dd0baecda\"},\"headline\":\"Saint Barth\u00e9lemy ap\u00f4tre : l\u2019histoire du martyr \u00e9corch\u00e9 vif\",\"datePublished\":\"2023-08-21T08:00:54+00:00\",\"dateModified\":\"2024-07-31T07:37:43+00:00\",\"mainEntityOfPage\":{\"@id\":\"https:\/\/blog.holyart.it\/fr\/articles-religieux\/saint-barthelemy-apotre-lhistoire-du-martyr-ecorche-vif\/\"},\"wordCount\":1008,\"publisher\":{\"@id\":\"https:\/\/blog.holyart.it\/fr\/#organization\"},\"image\":{\"@id\":\"https:\/\/blog.holyart.it\/fr\/articles-religieux\/saint-barthelemy-apotre-lhistoire-du-martyr-ecorche-vif\/#primaryimage\"},\"thumbnailUrl\":\"https:\/\/blog.holyart.it\/fr\/wp-content\/uploads\/sites\/14\/2023\/07\/saint-barthelemy.jpg\",\"articleSection\":[\"Religion\",\"Saints et Bienheureux\"],\"inLanguage\":\"fr-FR\"},{\"@type\":\"WebPage\",\"@id\":\"https:\/\/blog.holyart.it\/fr\/articles-religieux\/saint-barthelemy-apotre-lhistoire-du-martyr-ecorche-vif\/\",\"url\":\"https:\/\/blog.holyart.it\/fr\/articles-religieux\/saint-barthelemy-apotre-lhistoire-du-martyr-ecorche-vif\/\",\"name\":\"Saint Barth\u00e9lemy ap\u00f4tre : l\u2019histoire du martyr \u00e9corch\u00e9 vif - Holyart.fr Blog\",\"isPartOf\":{\"@id\":\"https:\/\/blog.holyart.it\/fr\/#website\"},\"primaryImageOfPage\":{\"@id\":\"https:\/\/blog.holyart.it\/fr\/articles-religieux\/saint-barthelemy-apotre-lhistoire-du-martyr-ecorche-vif\/#primaryimage\"},\"image\":{\"@id\":\"https:\/\/blog.holyart.it\/fr\/articles-religieux\/saint-barthelemy-apotre-lhistoire-du-martyr-ecorche-vif\/#primaryimage\"},\"thumbnailUrl\":\"https:\/\/blog.holyart.it\/fr\/wp-content\/uploads\/sites\/14\/2023\/07\/saint-barthelemy.jpg\",\"datePublished\":\"2023-08-21T08:00:54+00:00\",\"dateModified\":\"2024-07-31T07:37:43+00:00\",\"description\":\"Le 24 ao\u00fbt est la comm\u00e9moration de Saint Barth\u00e9lemy l'Ap\u00f4tre, l'un des plus proches disciples de J\u00e9sus.\",\"breadcrumb\":{\"@id\":\"https:\/\/blog.holyart.it\/fr\/articles-religieux\/saint-barthelemy-apotre-lhistoire-du-martyr-ecorche-vif\/#breadcrumb\"},\"inLanguage\":\"fr-FR\",\"potentialAction\":[{\"@type\":\"ReadAction\",\"target\":[\"https:\/\/blog.holyart.it\/fr\/articles-religieux\/saint-barthelemy-apotre-lhistoire-du-martyr-ecorche-vif\/\"]}]},{\"@type\":\"ImageObject\",\"inLanguage\":\"fr-FR\",\"@id\":\"https:\/\/blog.holyart.it\/fr\/articles-religieux\/saint-barthelemy-apotre-lhistoire-du-martyr-ecorche-vif\/#primaryimage\",\"url\":\"https:\/\/blog.holyart.it\/fr\/wp-content\/uploads\/sites\/14\/2023\/07\/saint-barthelemy.jpg\",\"contentUrl\":\"https:\/\/blog.holyart.it\/fr\/wp-content\/uploads\/sites\/14\/2023\/07\/saint-barthelemy.jpg\",\"width\":1000,\"height\":666,\"caption\":\"saint barthelemy\"},{\"@type\":\"BreadcrumbList\",\"@id\":\"https:\/\/blog.holyart.it\/fr\/articles-religieux\/saint-barthelemy-apotre-lhistoire-du-martyr-ecorche-vif\/#breadcrumb\",\"itemListElement\":[{\"@type\":\"ListItem\",\"position\":1,\"name\":\"Homepage\",\"item\":\"https:\/\/blog.holyart.it\/fr\/\"},{\"@type\":\"ListItem\",\"position\":2,\"name\":\"Religion\",\"item\":\"https:\/\/blog.holyart.it\/fr\/articles-religieux\/\"},{\"@type\":\"ListItem\",\"position\":3,\"name\":\"Saint Barth\u00e9lemy ap\u00f4tre : l\u2019histoire du martyr \u00e9corch\u00e9 vif\"}]},{\"@type\":\"WebSite\",\"@id\":\"https:\/\/blog.holyart.it\/fr\/#website\",\"url\":\"https:\/\/blog.holyart.it\/fr\/\",\"name\":\"Holyart.fr Blog\",\"description\":\"Holyblog\",\"publisher\":{\"@id\":\"https:\/\/blog.holyart.it\/fr\/#organization\"},\"potentialAction\":[{\"@type\":\"SearchAction\",\"target\":{\"@type\":\"EntryPoint\",\"urlTemplate\":\"https:\/\/blog.holyart.it\/fr\/?s={search_term_string}\"},\"query-input\":{\"@type\":\"PropertyValueSpecification\",\"valueRequired\":true,\"valueName\":\"search_term_string\"}}],\"inLanguage\":\"fr-FR\"},{\"@type\":\"Organization\",\"@id\":\"https:\/\/blog.holyart.it\/fr\/#organization\",\"name\":\"Holyart.fr Blog\",\"url\":\"https:\/\/blog.holyart.it\/fr\/\",\"logo\":{\"@type\":\"ImageObject\",\"inLanguage\":\"fr-FR\",\"@id\":\"https:\/\/blog.holyart.it\/fr\/#\/schema\/logo\/image\/\",\"url\":\"https:\/\/blog.holyart.it\/fr\/wp-content\/uploads\/sites\/14\/2022\/12\/Holyart_Blog_Logo.jpg\",\"contentUrl\":\"https:\/\/blog.holyart.it\/fr\/wp-content\/uploads\/sites\/14\/2022\/12\/Holyart_Blog_Logo.jpg\",\"width\":300,\"height\":50,\"caption\":\"Holyart.fr Blog\"},\"image\":{\"@id\":\"https:\/\/blog.holyart.it\/fr\/#\/schema\/logo\/image\/\"}},{\"@type\":\"Person\",\"@id\":\"https:\/\/blog.holyart.it\/fr\/#\/schema\/person\/0a7b686e5af0f856ec1e390dd0baecda\",\"name\":\"Redazione\",\"image\":{\"@type\":\"ImageObject\",\"inLanguage\":\"fr-FR\",\"@id\":\"https:\/\/blog.holyart.it\/fr\/#\/schema\/person\/image\/\",\"url\":\"https:\/\/secure.gravatar.com\/avatar\/f477da817f43e50d0af36abecd33e3edf826c68299714bdc1057dff3b113f516?s=96&d=mm&r=g\",\"contentUrl\":\"https:\/\/secure.gravatar.com\/avatar\/f477da817f43e50d0af36abecd33e3edf826c68299714bdc1057dff3b113f516?s=96&d=mm&r=g\",\"caption\":\"Redazione\"},\"url\":\"https:\/\/blog.holyart.it\/fr\/author\/admin\/\"}]}<\/script>\n<!-- \/ Yoast SEO plugin. -->","yoast_head_json":{"title":"Saint Barth\u00e9lemy ap\u00f4tre : l\u2019histoire du martyr \u00e9corch\u00e9 vif - Holyart.fr Blog","description":"Le 24 ao\u00fbt est la comm\u00e9moration de Saint Barth\u00e9lemy l'Ap\u00f4tre, l'un des plus proches disciples de J\u00e9sus.","robots":{"index":"index","follow":"follow","max-snippet":"max-snippet:-1","max-image-preview":"max-image-preview:large","max-video-preview":"max-video-preview:-1"},"canonical":"https:\/\/blog.holyart.it\/fr\/articles-religieux\/saint-barthelemy-apotre-lhistoire-du-martyr-ecorche-vif\/","og_locale":"fr_FR","og_type":"article","og_title":"Saint Barth\u00e9lemy ap\u00f4tre : l\u2019histoire du martyr \u00e9corch\u00e9 vif - Holyart.fr Blog","og_description":"Le 24 ao\u00fbt est la comm\u00e9moration de Saint Barth\u00e9lemy l'Ap\u00f4tre, l'un des plus proches disciples de J\u00e9sus.","og_url":"https:\/\/blog.holyart.it\/fr\/articles-religieux\/saint-barthelemy-apotre-lhistoire-du-martyr-ecorche-vif\/","og_site_name":"Holyart.fr Blog","article_published_time":"2023-08-21T08:00:54+00:00","article_modified_time":"2024-07-31T07:37:43+00:00","og_image":[{"width":1000,"height":666,"url":"https:\/\/blog.holyart.it\/fr\/wp-content\/uploads\/sites\/14\/2023\/07\/saint-barthelemy.jpg","type":"image\/jpeg"}],"author":"Redazione","twitter_card":"summary_large_image","twitter_misc":{"\u00c9crit par":"Redazione","Dur\u00e9e de lecture estim\u00e9e":"6 minutes"},"schema":{"@context":"https:\/\/schema.org","@graph":[{"@type":"Article","@id":"https:\/\/blog.holyart.it\/fr\/articles-religieux\/saint-barthelemy-apotre-lhistoire-du-martyr-ecorche-vif\/#article","isPartOf":{"@id":"https:\/\/blog.holyart.it\/fr\/articles-religieux\/saint-barthelemy-apotre-lhistoire-du-martyr-ecorche-vif\/"},"author":{"name":"Redazione","@id":"https:\/\/blog.holyart.it\/fr\/#\/schema\/person\/0a7b686e5af0f856ec1e390dd0baecda"},"headline":"Saint Barth\u00e9lemy ap\u00f4tre : l\u2019histoire du martyr \u00e9corch\u00e9 vif","datePublished":"2023-08-21T08:00:54+00:00","dateModified":"2024-07-31T07:37:43+00:00","mainEntityOfPage":{"@id":"https:\/\/blog.holyart.it\/fr\/articles-religieux\/saint-barthelemy-apotre-lhistoire-du-martyr-ecorche-vif\/"},"wordCount":1008,"publisher":{"@id":"https:\/\/blog.holyart.it\/fr\/#organization"},"image":{"@id":"https:\/\/blog.holyart.it\/fr\/articles-religieux\/saint-barthelemy-apotre-lhistoire-du-martyr-ecorche-vif\/#primaryimage"},"thumbnailUrl":"https:\/\/blog.holyart.it\/fr\/wp-content\/uploads\/sites\/14\/2023\/07\/saint-barthelemy.jpg","articleSection":["Religion","Saints et Bienheureux"],"inLanguage":"fr-FR"},{"@type":"WebPage","@id":"https:\/\/blog.holyart.it\/fr\/articles-religieux\/saint-barthelemy-apotre-lhistoire-du-martyr-ecorche-vif\/","url":"https:\/\/blog.holyart.it\/fr\/articles-religieux\/saint-barthelemy-apotre-lhistoire-du-martyr-ecorche-vif\/","name":"Saint Barth\u00e9lemy ap\u00f4tre : l\u2019histoire du martyr \u00e9corch\u00e9 vif - Holyart.fr Blog","isPartOf":{"@id":"https:\/\/blog.holyart.it\/fr\/#website"},"primaryImageOfPage":{"@id":"https:\/\/blog.holyart.it\/fr\/articles-religieux\/saint-barthelemy-apotre-lhistoire-du-martyr-ecorche-vif\/#primaryimage"},"image":{"@id":"https:\/\/blog.holyart.it\/fr\/articles-religieux\/saint-barthelemy-apotre-lhistoire-du-martyr-ecorche-vif\/#primaryimage"},"thumbnailUrl":"https:\/\/blog.holyart.it\/fr\/wp-content\/uploads\/sites\/14\/2023\/07\/saint-barthelemy.jpg","datePublished":"2023-08-21T08:00:54+00:00","dateModified":"2024-07-31T07:37:43+00:00","description":"Le 24 ao\u00fbt est la comm\u00e9moration de Saint Barth\u00e9lemy l'Ap\u00f4tre, l'un des plus proches disciples de J\u00e9sus.","breadcrumb":{"@id":"https:\/\/blog.holyart.it\/fr\/articles-religieux\/saint-barthelemy-apotre-lhistoire-du-martyr-ecorche-vif\/#breadcrumb"},"inLanguage":"fr-FR","potentialAction":[{"@type":"ReadAction","target":["https:\/\/blog.holyart.it\/fr\/articles-religieux\/saint-barthelemy-apotre-lhistoire-du-martyr-ecorche-vif\/"]}]},{"@type":"ImageObject","inLanguage":"fr-FR","@id":"https:\/\/blog.holyart.it\/fr\/articles-religieux\/saint-barthelemy-apotre-lhistoire-du-martyr-ecorche-vif\/#primaryimage","url":"https:\/\/blog.holyart.it\/fr\/wp-content\/uploads\/sites\/14\/2023\/07\/saint-barthelemy.jpg","contentUrl":"https:\/\/blog.holyart.it\/fr\/wp-content\/uploads\/sites\/14\/2023\/07\/saint-barthelemy.jpg","width":1000,"height":666,"caption":"saint barthelemy"},{"@type":"BreadcrumbList","@id":"https:\/\/blog.holyart.it\/fr\/articles-religieux\/saint-barthelemy-apotre-lhistoire-du-martyr-ecorche-vif\/#breadcrumb","itemListElement":[{"@type":"ListItem","position":1,"name":"Homepage","item":"https:\/\/blog.holyart.it\/fr\/"},{"@type":"ListItem","position":2,"name":"Religion","item":"https:\/\/blog.holyart.it\/fr\/articles-religieux\/"},{"@type":"ListItem","position":3,"name":"Saint Barth\u00e9lemy ap\u00f4tre : l\u2019histoire du martyr \u00e9corch\u00e9 vif"}]},{"@type":"WebSite","@id":"https:\/\/blog.holyart.it\/fr\/#website","url":"https:\/\/blog.holyart.it\/fr\/","name":"Holyart.fr Blog","description":"Holyblog","publisher":{"@id":"https:\/\/blog.holyart.it\/fr\/#organization"},"potentialAction":[{"@type":"SearchAction","target":{"@type":"EntryPoint","urlTemplate":"https:\/\/blog.holyart.it\/fr\/?s={search_term_string}"},"query-input":{"@type":"PropertyValueSpecification","valueRequired":true,"valueName":"search_term_string"}}],"inLanguage":"fr-FR"},{"@type":"Organization","@id":"https:\/\/blog.holyart.it\/fr\/#organization","name":"Holyart.fr Blog","url":"https:\/\/blog.holyart.it\/fr\/","logo":{"@type":"ImageObject","inLanguage":"fr-FR","@id":"https:\/\/blog.holyart.it\/fr\/#\/schema\/logo\/image\/","url":"https:\/\/blog.holyart.it\/fr\/wp-content\/uploads\/sites\/14\/2022\/12\/Holyart_Blog_Logo.jpg","contentUrl":"https:\/\/blog.holyart.it\/fr\/wp-content\/uploads\/sites\/14\/2022\/12\/Holyart_Blog_Logo.jpg","width":300,"height":50,"caption":"Holyart.fr Blog"},"image":{"@id":"https:\/\/blog.holyart.it\/fr\/#\/schema\/logo\/image\/"}},{"@type":"Person","@id":"https:\/\/blog.holyart.it\/fr\/#\/schema\/person\/0a7b686e5af0f856ec1e390dd0baecda","name":"Redazione","image":{"@type":"ImageObject","inLanguage":"fr-FR","@id":"https:\/\/blog.holyart.it\/fr\/#\/schema\/person\/image\/","url":"https:\/\/secure.gravatar.com\/avatar\/f477da817f43e50d0af36abecd33e3edf826c68299714bdc1057dff3b113f516?s=96&d=mm&r=g","contentUrl":"https:\/\/secure.gravatar.com\/avatar\/f477da817f43e50d0af36abecd33e3edf826c68299714bdc1057dff3b113f516?s=96&d=mm&r=g","caption":"Redazione"},"url":"https:\/\/blog.holyart.it\/fr\/author\/admin\/"}]}},"_links":{"self":[{"href":"https:\/\/blog.holyart.it\/fr\/wp-json\/wp\/v2\/posts\/6794","targetHints":{"allow":["GET"]}}],"collection":[{"href":"https:\/\/blog.holyart.it\/fr\/wp-json\/wp\/v2\/posts"}],"about":[{"href":"https:\/\/blog.holyart.it\/fr\/wp-json\/wp\/v2\/types\/post"}],"author":[{"embeddable":true,"href":"https:\/\/blog.holyart.it\/fr\/wp-json\/wp\/v2\/users\/1"}],"replies":[{"embeddable":true,"href":"https:\/\/blog.holyart.it\/fr\/wp-json\/wp\/v2\/comments?post=6794"}],"version-history":[{"count":4,"href":"https:\/\/blog.holyart.it\/fr\/wp-json\/wp\/v2\/posts\/6794\/revisions"}],"predecessor-version":[{"id":6802,"href":"https:\/\/blog.holyart.it\/fr\/wp-json\/wp\/v2\/posts\/6794\/revisions\/6802"}],"wp:featuredmedia":[{"embeddable":true,"href":"https:\/\/blog.holyart.it\/fr\/wp-json\/wp\/v2\/media\/6800"}],"wp:attachment":[{"href":"https:\/\/blog.holyart.it\/fr\/wp-json\/wp\/v2\/media?parent=6794"}],"wp:term":[{"taxonomy":"category","embeddable":true,"href":"https:\/\/blog.holyart.it\/fr\/wp-json\/wp\/v2\/categories?post=6794"},{"taxonomy":"post_tag","embeddable":true,"href":"https:\/\/blog.holyart.it\/fr\/wp-json\/wp\/v2\/tags?post=6794"}],"curies":[{"name":"wp","href":"https:\/\/api.w.org\/{rel}","templated":true}]}}