{"id":6722,"date":"2023-08-02T10:00:28","date_gmt":"2023-08-02T08:00:28","guid":{"rendered":"https:\/\/blog.holyart.it\/fr\/?p=6722"},"modified":"2024-06-13T12:59:54","modified_gmt":"2024-06-13T10:59:54","slug":"les-5-fetes-des-saints-les-plus-celebres-du-sud-de-litalie","status":"publish","type":"post","link":"https:\/\/blog.holyart.it\/fr\/articles-religieux\/les-5-fetes-des-saints-les-plus-celebres-du-sud-de-litalie\/","title":{"rendered":"Les 5 f\u00eates des saints les plus c\u00e9l\u00e8bres du Sud de l\u2019Italie"},"content":{"rendered":"<h4>Processions entre terre et mer, feux d\u2019artifice et sp\u00e9cialit\u00e9s gastronomiques : d\u00e9couvrons les f\u00eates des saints les plus c\u00e9l\u00e8bres de l\u2019\u00e9t\u00e9.<\/h4>\n\n<p>Pendant les mois d\u2019\u00e9t\u00e9 les <strong>F\u00eates patronales<\/strong>, les c\u00e9l\u00e9brations d\u00e9di\u00e9es aux Saints, \u00e0 la Sainte Vierge et au Tr\u00e8s-Saint Sacrement, tant aim\u00e9es et r\u00e9pandues dans notre pays, se multiplient. Les raisons de cette concentration pendant les mois d\u2019\u00e9t\u00e9 sont \u00e0 rechercher, outre que dans la m\u00e9moire liturgique, dans le m\u00e9lange in\u00e9vitable et pittoresque d\u2019anciennes <strong>coutumes pa\u00efennes<\/strong>, des f\u00eates li\u00e9es \u00e0 la r\u00e9colte, \u00e0 la splendeur de l\u2019\u00e9t\u00e9, avec la volont\u00e9 de f\u00eater les Saints ayant v\u00e9cu et souvent morts en tant que martyrs, leurs miracles, leur exemple. Le <strong>Sud de l\u2019Italie<\/strong>, en particulier, est le th\u00e9\u00e2tre de grandes manifestations, pendant lesquelles des <strong>\u00e9l\u00e9ments religieux et folkloriques s\u2019unissent<\/strong>, en cr\u00e9ant des \u00e9v\u00e9nements qui attirent chaque ann\u00e9e des milliers de d\u00e9vots, mais aussi de curieux et de touristes. Les f\u00eates patronales dans le Sud de l\u2019Italie sont g\u00e9n\u00e9ralement caract\u00e9ris\u00e9es par des <strong>processions solennelles<\/strong>, au cours desquelles le simulacre du Saint ou de la Sainte en question est emmen\u00e9 \u00e0 travers la ville, souvent accompagn\u00e9 de <strong>cort\u00e8ges en costumes d\u2019\u00e9poque<\/strong> et <strong>saintes repr\u00e9sentations<\/strong> tr\u00e8s suggestives.<\/p>\n<p>Voici donc les 5 f\u00eates des saints les plus c\u00e9l\u00e8bres du Sud de l\u2019Italie qui ont lieu pendant l\u2019\u00e9t\u00e9. S\u2019il vous arrivait d\u2019\u00eatre dans les parages des localit\u00e9s qui sont le th\u00e9\u00e2tre de ces manifestations, nous vous conseillons vivement d\u2019en profiter\u00a0!<\/p>\n<h2>F\u00eate de Saint S\u00e9bastien \u2013 Syracuse \u2013 10 ao\u00fbt<\/h2>\n<p>Le 10 ao\u00fbt Syracuse f\u00eate <a href=\"https:\/\/www.holyart.fr\/blog\/articles-religieux\/saints-martyrs-sacrifier-sa-vie-au-nom-de-dieu\/\"><strong><u>Saint S\u00e9bastien<\/u><\/strong><\/a>, l\u2019officier romain, ami intime de l\u2019Empereur Diocl\u00e9tien, condamn\u00e9 par ce dernier en personne car chr\u00e9tien. L\u2019Empereur le fit tout d\u2019abord transpercer avec d\u2019innombrables fl\u00e8ches pendant qu\u2019il \u00e9tait attach\u00e9 \u00e0 un poteau sur le Mont Palatin. Sauv\u00e9 et gu\u00e9rit par Sainte Ir\u00e8ne, S\u00e9bastien se repr\u00e9senta \u00e0 Diocl\u00e9tien en l\u2019accusant des pers\u00e9cutions contre les chr\u00e9tiens et ce dernier commanda que le jeune soit fouett\u00e9 \u00e0 mort et jet\u00e9 dans la Cloaca Massima. Bien que sa m\u00e9moire liturgique tombe le 20 janvier, la f\u00eate d\u00e9di\u00e9e \u00e0 ce Saint se d\u00e9roule \u00e0 Syracuse le 10 ao\u00fbt \u00e9galement \u00e0 <strong>Palazzolo Acreide<\/strong>, splendide ville baroque sur les monts Iblei.<\/p>\n<div class=\"link-article\">\n<p><img loading=\"lazy\" decoding=\"async\" class=\"size-full wp-image-6723 alignleft\" src=\"https:\/\/blog.holyart.it\/fr\/wp-content\/uploads\/sites\/14\/2023\/07\/Saints-Martyrs.jpg\" alt=\"Saints Martyrs\" width=\"150\" height=\"99\" data-kale-share-title=\"Les 5 f\u00eates des saints les plus c\u00e9l\u00e8bres du Sud de l\u2019Italie\" data-kale-share-url=\"https:\/\/blog.holyart.it\/fr\/?p=6722\" \/><\/p>\n<div class=\"leggi-anche\">Lire aussi :<\/div>\n<p><strong><a href=\"https:\/\/www.holyart.fr\/blog\/articles-religieux\/saints-martyrs-sacrifier-sa-vie-au-nom-de-dieu\/\">Saints Martyrs : sacrifier sa vie au nom de Dieu<\/a><\/strong><br \/>\nLes Saints Martyrs sont des hommes et des femmes, souvent tr\u00e8s jeunes, qui ont sacrifi\u00e9 leur vie pour amour de Dieu et, pour cela, ont m\u00e9rit\u00e9 la b\u00e9atification. Apprenons \u00e0 mieux les conna\u00eetre.<\/p>\n<\/div>\n<p>Ici, dans l\u2019\u00e9glise de l\u2019Annonciation, il existe depuis le XVe si\u00e8cle une Chapelle d\u00e9di\u00e9e \u00e0 <a href=\"https:\/\/www.holyart.fr\/articles-religieux\/statues\/statues-en-resine-et-pvc\/statue-saint-sebastien-30-cm-resine?_gl=1*yqsrf4*_ga*OTM4ODUzOTIuMTY3ODg3MTAzOA..*_ga_W18MV136NH*MTY4OTU5NjY3OS4yNjUuMC4xNjg5NTk2NjgwLjAuMC4w\"><strong>Saint S\u00e9bastien<\/strong><\/a>. Dans cette zone on f\u00eatait autrefois la <a href=\"https:\/\/www.holyart.fr\/articles-religieux\/icones-religieuses\/icones-grecques\/icone-serigraphiee-mere-de-dieu-odighitria-sur-toile-14x10-cm?_gl=1*9lj73l*_ga*OTM4ODUzOTIuMTY3ODg3MTAzOA..*_ga_W18MV136NH*MTY4OTU5NjY3OS4yNjUuMS4xNjg5NTk2NzExLjAuMC4w\"><strong>Vierge Hodegetria<\/strong><\/a>, la Sainte Patronne de Sicile, la M\u00e8re de Dieu qui porte le Sauveur sur le bras gauche et qui, de la main droite, l\u2019indique aux fid\u00e8les comme seule voie de salut. En effet, <em>hodegetria<\/em> en grec signifie \u00ab\u00a0celle qui indique la voie\u00a0\u00bb. La d\u00e9votion \u00e0 cette d\u00e9clinaison sp\u00e9cifique de la Vierge Marie est d\u2019<strong>origine byzantine <\/strong>et sa f\u00eate co\u00efncidait autrefois avec le <strong>temps de la r\u00e9colte.<\/strong> Par la suite on d\u00e9cida de transformer cette r\u00e9currence en la f\u00eate de Saint S\u00e9bastien.<\/p>\n<div class=\"link-product\">\n<div class=\"blocco-immagine\"><img loading=\"lazy\" decoding=\"async\" class=\"size-full wp-image-6725 alignleft\" src=\"https:\/\/blog.holyart.it\/fr\/wp-content\/uploads\/sites\/14\/2023\/07\/Statue-Saint-Sebastien.jpg\" alt=\"Statue Saint Sebastien\" width=\"100\" height=\"100\" data-kale-share-title=\"Les 5 f\u00eates des saints les plus c\u00e9l\u00e8bres du Sud de l\u2019Italie\" data-kale-share-url=\"https:\/\/blog.holyart.it\/fr\/?p=6722\" \/><\/div>\n<div class=\"blocco-contenuto\">\n<div class=\"blocco-acquista\">Acheter sur Holyart:<\/div>\n<div class=\"blocco-titolo\"><a href=\"https:\/\/www.holyart.fr\/articles-religieux\/statues\/statues-en-resine-et-pvc\/statue-saint-sebastien-30-cm-resine?_gl=1*1omkl1k*_ga*OTM4ODUzOTIuMTY3ODg3MTAzOA..*_ga_W18MV136NH*MTY4OTU5NjY3OS4yNjUuMS4xNjg5NTk2NzUwLjAuMC4w\">Statue Saint S\u00e9bastien 30 cm r\u00e9sine<\/a><\/div>\n<div class=\"blocco-descrizione\">Statue Saint S\u00e9bastien 30 cm r\u00e9sine. Statue en r\u00e9sine de Saint S\u00e9bastien peinte \u00e0 la main et soign\u00e9e dans le moindre d\u00e9tail.<\/div>\n<\/div>\n<\/div>\n<p>Le 9 ao\u00fbt le <strong>simulacre du Saint<\/strong> est tir\u00e9 de son si\u00e8ge habituel, la basilique qui porte son nom, et montr\u00e9 aux fid\u00e8les. Le 10 ao\u00fbt 21 coups de canon annoncent le d\u00e9part du <strong>char du pain<\/strong> qui se d\u00e9place dans la ville en ramassant les <em>cuddure<\/em>, des pittoresques beignets de pain r\u00e9alis\u00e9s par les femmes de la ville en signe de d\u00e9votion et offerts \u00e0 Saint S\u00e9bastien apr\u00e8s avoir \u00e9t\u00e9 b\u00e9nits sur la place en m\u00eame temps que des branches de laurier. La <strong>statue du XVIIe si\u00e8cle en bois<\/strong> et sa relique sont transport\u00e9es \u00e0 travers la foule sur deux reliquaires finement d\u00e9cor\u00e9s sous une pluie de serpentins (<em>\u2018nzareddi<\/em>), tandis que la fanfare joue sans arr\u00eat et les <strong>enfants nus<\/strong> sont offerts au Saint pour \u00eatre b\u00e9nits. Dans la raide mont\u00e9e de rue Fiumegrande a lieu la <strong>course de la Cha\u00eene humaine<\/strong> qui tra\u00eene le lourd reliquaire du Saint pour la procession du soir. La c\u00e9l\u00e9bration se conclut avec un feu d\u2019artifice accompagn\u00e9 de musique.<\/p>\n<div class=\"link-product\">\n<div class=\"blocco-immagine\"><img loading=\"lazy\" decoding=\"async\" class=\"size-full wp-image-6727 alignleft\" src=\"https:\/\/blog.holyart.it\/fr\/wp-content\/uploads\/sites\/14\/2023\/07\/Icone-serigraphee-Mere-de-Dieu.jpg\" alt=\"Icone serigraphee Mere de Dieu\" width=\"100\" height=\"100\" data-kale-share-title=\"Les 5 f\u00eates des saints les plus c\u00e9l\u00e8bres du Sud de l\u2019Italie\" data-kale-share-url=\"https:\/\/blog.holyart.it\/fr\/?p=6722\" \/><\/div>\n<div class=\"blocco-contenuto\">\n<div class=\"blocco-acquista\">Acheter sur Holyart:<\/div>\n<div class=\"blocco-titolo\"><a href=\"https:\/\/www.holyart.fr\/articles-religieux\/icones-religieuses\/icones-grecques\/icone-serigraphiee-mere-de-dieu-odighitria-sur-toile-14x10-cm?_gl=1*8th0ig*_ga*OTM4ODUzOTIuMTY3ODg3MTAzOA..*_ga_W18MV136NH*MTY4OTU5NjY3OS4yNjUuMS4xNjg5NTk2ODg5LjAuMC4w\">Ic\u00f4ne s\u00e9rigraphi\u00e9e M\u00e8re de Dieu Odighitria sur toile 14&#215;10 cm<\/a><\/div>\n<div class=\"blocco-descrizione\">Ic\u00f4ne s\u00e9rigraphi\u00e9e M\u00e8re de Dieu Odighitria sur toile&#8230;<\/div>\n<\/div>\n<\/div>\n<h2>F\u00eate de Saint Barth\u00e9lemy ap\u00f4tre \u2013 B\u00e9n\u00e9vent \u2013 24 ao\u00fbt<\/h2>\n<p>Le 24 ao\u00fbt a lieu \u00e0 <strong>B\u00e9n\u00e9vent<\/strong> la F\u00eate du <strong>Saint Patron Saint Barth\u00e9lemy Ap\u00f4tre<\/strong>. Les reliques du Saint ont voyag\u00e9 \u00e0 travers la M\u00e9sopotamie et sont arriv\u00e9es \u00e0 Lipari en 580 apr. J.C. Apr\u00e8s que les Arabes eurent envahi la Sicile, le prince lombard Sicard le r\u00e9cup\u00e9ra et le fit amener \u00e0 B\u00e9n\u00e9vent en 838, qui \u00e0 l\u2019\u00e9poque \u00e9tait la capitale du Duch\u00e9 lombard. Les ossements du Saint sont encore aujourd\u2019hui conserv\u00e9s dans une pr\u00e9cieuse caisse en bronze dor\u00e9. Saint Barth\u00e9lemy est rappel\u00e9 comme un des \u00ab\u00a0sceptiques\u00a0\u00bb parmi les Ap\u00f4tres, mais quand il rencontra J\u00e9sus il n\u2019eut aucun doute de se trouver face \u00e0 un homme unique et sp\u00e9cial. Outre les messes solennelles, la F\u00eate de Saint Barth\u00e9lemy \u00e0 B\u00e9n\u00e9vent pr\u00e9voit des spectacles musicaux et d\u2019autres c\u00e9l\u00e9brations.<\/p>\n<h2>Saint Oronce \u2013 Lecce \u2013 26 ao\u00fbt<\/h2>\n<p>Le 24, 25 et 26 ao\u00fbt Lecce f\u00eate le patron de la ville, <strong>Saint Oronce<\/strong>, et avec lui Saint Juste et Saint Fortunat, co-patrons de Lecce. Tous les trois Saints subirent le martyr aux alentours de Lecce. La ville de Lecce consid\u00e8re Saint Oronce son protecteur depuis des si\u00e8cles, depuis que l\u2019intervention du Saint la sauva d\u2019une terrible \u00e9pid\u00e9mie de peste en 1656 et de l\u2019\u00e9ruption du volcan en 1743. Le 24 ao\u00fbt les plus grandes personnalit\u00e9s religieuses, civiles et politiques de la ville se r\u00e9unissent devant la Basilique de Lecce avec les fid\u00e8les et les citoyens curieux pour commencer les r\u00e9jouissances. Les <strong>simulacres des Saints<\/strong> sont amen\u00e9s en <strong>procession<\/strong> dans toute la ville avec Saint Oronce en t\u00eate, accompagn\u00e9 de musique, chants et pri\u00e8res. En plus des nombreuses messes qui ont lieu dans les jours suivants, il y a aussi des spectacles de feux d\u2019artifice, musique, march\u00e9s et sp\u00e9cialit\u00e9s gastronomiques dans un m\u00e9lange de sacr\u00e9 et profane. La ville en soi change de visage, \u00e9tincelante de luminaires et de carrousels.<\/p>\n<h2>Saint Laurent de Brindisi \u2013 Brindisi \u2013 Premi\u00e8re fin de semaine de septembre<\/h2>\n<p><strong>Saint Laurent de Brindisi<\/strong> a \u00e9t\u00e9 un religieux italien appartenant \u00e0 l\u2019Ordre des Fr\u00e8res Mineurs Capucins v\u00e9cu au XVIIe si\u00e8cle. Docteur de l\u2019\u00c9glise, il est saint patron de sa ville natale, Brindisi, qui le f\u00eate le premier week-end de septembre en m\u00eame temps que son co-patron Saint Th\u00e9odore d\u2019Amas\u00e9e. En cette occasion se d\u00e9roule la solennelle <strong>Procession en mer<\/strong>, qui part du ch\u00e2teau aragonais o\u00f9 sont conserv\u00e9es les statues et les reliques des deux Saints, transport\u00e9es le long de la c\u00f4te dans un \u00ab\u00a0<em>sandalo<\/em>\u00a0\u00bb, une embarcation typique, suivie d\u2019autres bateaux jusqu\u2019au port et ensuite dans la Cath\u00e9drale. La f\u00eate patronale est c\u00e9l\u00e9br\u00e9e avec des luminaires artistiques, des feux d\u2019artifices et avec le <strong>Palio dell\u2019Arca<\/strong>, une comp\u00e9tition entre <em>skifarieddi, <\/em>des petits bateaux de p\u00eache.<\/p>\n<h2>Madonna Stella Maris \u2013 Tarente \u2013 Premier samedi de septembre<\/h2>\n<p>Le premier samedi de septembre Tarente c\u00e9l\u00e8bre la <strong>F\u00eate de Notre-Dame \u00c9toile de la Mer<\/strong> ou <strong>Stella Maris<\/strong> en latin, Protectrice des P\u00eacheurs et des Mytiliculteurs. L\u2019\u00e9v\u00e9nement pr\u00e9voit une procession amenant la statue de la Sainte Vierge de la paroisse Stella Maris jusqu\u2019au quai San Eligio o\u00f9 le simulacre est transf\u00e9r\u00e9 sur un chalutier et poursuit jusqu\u2019\u00e0 la Grande Mer. La f\u00eate continue le lendemain avec des messes solennelles, spectacles musicaux, stands gastronomiques et feux d\u2019artifices.<\/p>\n","protected":false},"excerpt":{"rendered":"<p>Processions entre terre et mer, feux d\u2019artifice et sp\u00e9cialit\u00e9s gastronomiques : d\u00e9couvrons les f\u00eates des saints les plus c\u00e9l\u00e8bres de l\u2019\u00e9t\u00e9. Pendant les mois d\u2019\u00e9t\u00e9 les F\u00eates patronales, les c\u00e9l\u00e9brations d\u00e9di\u00e9es aux Saints, \u00e0 la Sainte Vierge et au Tr\u00e8s-Saint Sacrement, tant aim\u00e9es et r\u00e9pandues&hellip;<\/p>\n","protected":false},"author":1,"featured_media":6733,"comment_status":"closed","ping_status":"open","sticky":false,"template":"","format":"standard","meta":{"_acf_changed":false,"footnotes":""},"categories":[8,7],"tags":[],"class_list":["post-6722","post","type-post","status-publish","format-standard","has-post-thumbnail","hentry","category-articles-religieux","category-saints-et-bienheureux"],"acf":[],"yoast_head":"<!-- This site is optimized with the Yoast SEO plugin v26.6 - https:\/\/yoast.com\/wordpress\/plugins\/seo\/ -->\n<title>Les 5 f\u00eates des saints les plus c\u00e9l\u00e8bres du Sud de l\u2019Italie - Holyart.fr Blog<\/title>\n<meta name=\"description\" content=\"Les f\u00eates des Saints animent l&#039;\u00e9t\u00e9 avec des processions et des spectacles musicaux. Voici les principaux du sud de l&#039;Italie.\" \/>\n<meta name=\"robots\" content=\"index, follow, max-snippet:-1, max-image-preview:large, max-video-preview:-1\" \/>\n<link rel=\"canonical\" href=\"https:\/\/blog.holyart.it\/fr\/articles-religieux\/les-5-fetes-des-saints-les-plus-celebres-du-sud-de-litalie\/\" \/>\n<meta property=\"og:locale\" content=\"fr_FR\" \/>\n<meta property=\"og:type\" content=\"article\" \/>\n<meta property=\"og:title\" content=\"Les 5 f\u00eates des saints les plus c\u00e9l\u00e8bres du Sud de l\u2019Italie - Holyart.fr Blog\" \/>\n<meta property=\"og:description\" content=\"Les f\u00eates des Saints animent l&#039;\u00e9t\u00e9 avec des processions et des spectacles musicaux. Voici les principaux du sud de l&#039;Italie.\" \/>\n<meta property=\"og:url\" content=\"https:\/\/blog.holyart.it\/fr\/articles-religieux\/les-5-fetes-des-saints-les-plus-celebres-du-sud-de-litalie\/\" \/>\n<meta property=\"og:site_name\" content=\"Holyart.fr Blog\" \/>\n<meta property=\"article:published_time\" content=\"2023-08-02T08:00:28+00:00\" \/>\n<meta property=\"article:modified_time\" content=\"2024-06-13T10:59:54+00:00\" \/>\n<meta property=\"og:image\" content=\"https:\/\/blog.holyart.it\/fr\/wp-content\/uploads\/sites\/14\/2023\/07\/le-5-fetes-des-saints.jpg\" \/>\n\t<meta property=\"og:image:width\" content=\"1000\" \/>\n\t<meta property=\"og:image:height\" content=\"666\" \/>\n\t<meta property=\"og:image:type\" content=\"image\/jpeg\" \/>\n<meta name=\"author\" content=\"Redazione\" \/>\n<meta name=\"twitter:card\" content=\"summary_large_image\" \/>\n<meta name=\"twitter:label1\" content=\"\u00c9crit par\" \/>\n\t<meta name=\"twitter:data1\" content=\"Redazione\" \/>\n\t<meta name=\"twitter:label2\" content=\"Dur\u00e9e de lecture estim\u00e9e\" \/>\n\t<meta name=\"twitter:data2\" content=\"8 minutes\" \/>\n<script type=\"application\/ld+json\" class=\"yoast-schema-graph\">{\"@context\":\"https:\/\/schema.org\",\"@graph\":[{\"@type\":\"Article\",\"@id\":\"https:\/\/blog.holyart.it\/fr\/articles-religieux\/les-5-fetes-des-saints-les-plus-celebres-du-sud-de-litalie\/#article\",\"isPartOf\":{\"@id\":\"https:\/\/blog.holyart.it\/fr\/articles-religieux\/les-5-fetes-des-saints-les-plus-celebres-du-sud-de-litalie\/\"},\"author\":{\"name\":\"Redazione\",\"@id\":\"https:\/\/blog.holyart.it\/fr\/#\/schema\/person\/0a7b686e5af0f856ec1e390dd0baecda\"},\"headline\":\"Les 5 f\u00eates des saints les plus c\u00e9l\u00e8bres du Sud de l\u2019Italie\",\"datePublished\":\"2023-08-02T08:00:28+00:00\",\"dateModified\":\"2024-06-13T10:59:54+00:00\",\"mainEntityOfPage\":{\"@id\":\"https:\/\/blog.holyart.it\/fr\/articles-religieux\/les-5-fetes-des-saints-les-plus-celebres-du-sud-de-litalie\/\"},\"wordCount\":1468,\"publisher\":{\"@id\":\"https:\/\/blog.holyart.it\/fr\/#organization\"},\"image\":{\"@id\":\"https:\/\/blog.holyart.it\/fr\/articles-religieux\/les-5-fetes-des-saints-les-plus-celebres-du-sud-de-litalie\/#primaryimage\"},\"thumbnailUrl\":\"https:\/\/blog.holyart.it\/fr\/wp-content\/uploads\/sites\/14\/2023\/07\/le-5-fetes-des-saints.jpg\",\"articleSection\":[\"Religion\",\"Saints et Bienheureux\"],\"inLanguage\":\"fr-FR\"},{\"@type\":\"WebPage\",\"@id\":\"https:\/\/blog.holyart.it\/fr\/articles-religieux\/les-5-fetes-des-saints-les-plus-celebres-du-sud-de-litalie\/\",\"url\":\"https:\/\/blog.holyart.it\/fr\/articles-religieux\/les-5-fetes-des-saints-les-plus-celebres-du-sud-de-litalie\/\",\"name\":\"Les 5 f\u00eates des saints les plus c\u00e9l\u00e8bres du Sud de l\u2019Italie - Holyart.fr Blog\",\"isPartOf\":{\"@id\":\"https:\/\/blog.holyart.it\/fr\/#website\"},\"primaryImageOfPage\":{\"@id\":\"https:\/\/blog.holyart.it\/fr\/articles-religieux\/les-5-fetes-des-saints-les-plus-celebres-du-sud-de-litalie\/#primaryimage\"},\"image\":{\"@id\":\"https:\/\/blog.holyart.it\/fr\/articles-religieux\/les-5-fetes-des-saints-les-plus-celebres-du-sud-de-litalie\/#primaryimage\"},\"thumbnailUrl\":\"https:\/\/blog.holyart.it\/fr\/wp-content\/uploads\/sites\/14\/2023\/07\/le-5-fetes-des-saints.jpg\",\"datePublished\":\"2023-08-02T08:00:28+00:00\",\"dateModified\":\"2024-06-13T10:59:54+00:00\",\"description\":\"Les f\u00eates des Saints animent l'\u00e9t\u00e9 avec des processions et des spectacles musicaux. Voici les principaux du sud de l'Italie.\",\"breadcrumb\":{\"@id\":\"https:\/\/blog.holyart.it\/fr\/articles-religieux\/les-5-fetes-des-saints-les-plus-celebres-du-sud-de-litalie\/#breadcrumb\"},\"inLanguage\":\"fr-FR\",\"potentialAction\":[{\"@type\":\"ReadAction\",\"target\":[\"https:\/\/blog.holyart.it\/fr\/articles-religieux\/les-5-fetes-des-saints-les-plus-celebres-du-sud-de-litalie\/\"]}]},{\"@type\":\"ImageObject\",\"inLanguage\":\"fr-FR\",\"@id\":\"https:\/\/blog.holyart.it\/fr\/articles-religieux\/les-5-fetes-des-saints-les-plus-celebres-du-sud-de-litalie\/#primaryimage\",\"url\":\"https:\/\/blog.holyart.it\/fr\/wp-content\/uploads\/sites\/14\/2023\/07\/le-5-fetes-des-saints.jpg\",\"contentUrl\":\"https:\/\/blog.holyart.it\/fr\/wp-content\/uploads\/sites\/14\/2023\/07\/le-5-fetes-des-saints.jpg\",\"width\":1000,\"height\":666,\"caption\":\"le 5 fetes des saints\"},{\"@type\":\"BreadcrumbList\",\"@id\":\"https:\/\/blog.holyart.it\/fr\/articles-religieux\/les-5-fetes-des-saints-les-plus-celebres-du-sud-de-litalie\/#breadcrumb\",\"itemListElement\":[{\"@type\":\"ListItem\",\"position\":1,\"name\":\"Homepage\",\"item\":\"https:\/\/blog.holyart.it\/fr\/\"},{\"@type\":\"ListItem\",\"position\":2,\"name\":\"Religion\",\"item\":\"https:\/\/blog.holyart.it\/fr\/articles-religieux\/\"},{\"@type\":\"ListItem\",\"position\":3,\"name\":\"Les 5 f\u00eates des saints les plus c\u00e9l\u00e8bres du Sud de l\u2019Italie\"}]},{\"@type\":\"WebSite\",\"@id\":\"https:\/\/blog.holyart.it\/fr\/#website\",\"url\":\"https:\/\/blog.holyart.it\/fr\/\",\"name\":\"Holyart.fr Blog\",\"description\":\"Holyblog\",\"publisher\":{\"@id\":\"https:\/\/blog.holyart.it\/fr\/#organization\"},\"potentialAction\":[{\"@type\":\"SearchAction\",\"target\":{\"@type\":\"EntryPoint\",\"urlTemplate\":\"https:\/\/blog.holyart.it\/fr\/?s={search_term_string}\"},\"query-input\":{\"@type\":\"PropertyValueSpecification\",\"valueRequired\":true,\"valueName\":\"search_term_string\"}}],\"inLanguage\":\"fr-FR\"},{\"@type\":\"Organization\",\"@id\":\"https:\/\/blog.holyart.it\/fr\/#organization\",\"name\":\"Holyart.fr Blog\",\"url\":\"https:\/\/blog.holyart.it\/fr\/\",\"logo\":{\"@type\":\"ImageObject\",\"inLanguage\":\"fr-FR\",\"@id\":\"https:\/\/blog.holyart.it\/fr\/#\/schema\/logo\/image\/\",\"url\":\"https:\/\/blog.holyart.it\/fr\/wp-content\/uploads\/sites\/14\/2022\/12\/Holyart_Blog_Logo.jpg\",\"contentUrl\":\"https:\/\/blog.holyart.it\/fr\/wp-content\/uploads\/sites\/14\/2022\/12\/Holyart_Blog_Logo.jpg\",\"width\":300,\"height\":50,\"caption\":\"Holyart.fr Blog\"},\"image\":{\"@id\":\"https:\/\/blog.holyart.it\/fr\/#\/schema\/logo\/image\/\"}},{\"@type\":\"Person\",\"@id\":\"https:\/\/blog.holyart.it\/fr\/#\/schema\/person\/0a7b686e5af0f856ec1e390dd0baecda\",\"name\":\"Redazione\",\"image\":{\"@type\":\"ImageObject\",\"inLanguage\":\"fr-FR\",\"@id\":\"https:\/\/blog.holyart.it\/fr\/#\/schema\/person\/image\/\",\"url\":\"https:\/\/secure.gravatar.com\/avatar\/f477da817f43e50d0af36abecd33e3edf826c68299714bdc1057dff3b113f516?s=96&d=mm&r=g\",\"contentUrl\":\"https:\/\/secure.gravatar.com\/avatar\/f477da817f43e50d0af36abecd33e3edf826c68299714bdc1057dff3b113f516?s=96&d=mm&r=g\",\"caption\":\"Redazione\"},\"url\":\"https:\/\/blog.holyart.it\/fr\/author\/admin\/\"}]}<\/script>\n<!-- \/ Yoast SEO plugin. -->","yoast_head_json":{"title":"Les 5 f\u00eates des saints les plus c\u00e9l\u00e8bres du Sud de l\u2019Italie - Holyart.fr Blog","description":"Les f\u00eates des Saints animent l'\u00e9t\u00e9 avec des processions et des spectacles musicaux. Voici les principaux du sud de l'Italie.","robots":{"index":"index","follow":"follow","max-snippet":"max-snippet:-1","max-image-preview":"max-image-preview:large","max-video-preview":"max-video-preview:-1"},"canonical":"https:\/\/blog.holyart.it\/fr\/articles-religieux\/les-5-fetes-des-saints-les-plus-celebres-du-sud-de-litalie\/","og_locale":"fr_FR","og_type":"article","og_title":"Les 5 f\u00eates des saints les plus c\u00e9l\u00e8bres du Sud de l\u2019Italie - Holyart.fr Blog","og_description":"Les f\u00eates des Saints animent l'\u00e9t\u00e9 avec des processions et des spectacles musicaux. Voici les principaux du sud de l'Italie.","og_url":"https:\/\/blog.holyart.it\/fr\/articles-religieux\/les-5-fetes-des-saints-les-plus-celebres-du-sud-de-litalie\/","og_site_name":"Holyart.fr Blog","article_published_time":"2023-08-02T08:00:28+00:00","article_modified_time":"2024-06-13T10:59:54+00:00","og_image":[{"width":1000,"height":666,"url":"https:\/\/blog.holyart.it\/fr\/wp-content\/uploads\/sites\/14\/2023\/07\/le-5-fetes-des-saints.jpg","type":"image\/jpeg"}],"author":"Redazione","twitter_card":"summary_large_image","twitter_misc":{"\u00c9crit par":"Redazione","Dur\u00e9e de lecture estim\u00e9e":"8 minutes"},"schema":{"@context":"https:\/\/schema.org","@graph":[{"@type":"Article","@id":"https:\/\/blog.holyart.it\/fr\/articles-religieux\/les-5-fetes-des-saints-les-plus-celebres-du-sud-de-litalie\/#article","isPartOf":{"@id":"https:\/\/blog.holyart.it\/fr\/articles-religieux\/les-5-fetes-des-saints-les-plus-celebres-du-sud-de-litalie\/"},"author":{"name":"Redazione","@id":"https:\/\/blog.holyart.it\/fr\/#\/schema\/person\/0a7b686e5af0f856ec1e390dd0baecda"},"headline":"Les 5 f\u00eates des saints les plus c\u00e9l\u00e8bres du Sud de l\u2019Italie","datePublished":"2023-08-02T08:00:28+00:00","dateModified":"2024-06-13T10:59:54+00:00","mainEntityOfPage":{"@id":"https:\/\/blog.holyart.it\/fr\/articles-religieux\/les-5-fetes-des-saints-les-plus-celebres-du-sud-de-litalie\/"},"wordCount":1468,"publisher":{"@id":"https:\/\/blog.holyart.it\/fr\/#organization"},"image":{"@id":"https:\/\/blog.holyart.it\/fr\/articles-religieux\/les-5-fetes-des-saints-les-plus-celebres-du-sud-de-litalie\/#primaryimage"},"thumbnailUrl":"https:\/\/blog.holyart.it\/fr\/wp-content\/uploads\/sites\/14\/2023\/07\/le-5-fetes-des-saints.jpg","articleSection":["Religion","Saints et Bienheureux"],"inLanguage":"fr-FR"},{"@type":"WebPage","@id":"https:\/\/blog.holyart.it\/fr\/articles-religieux\/les-5-fetes-des-saints-les-plus-celebres-du-sud-de-litalie\/","url":"https:\/\/blog.holyart.it\/fr\/articles-religieux\/les-5-fetes-des-saints-les-plus-celebres-du-sud-de-litalie\/","name":"Les 5 f\u00eates des saints les plus c\u00e9l\u00e8bres du Sud de l\u2019Italie - Holyart.fr Blog","isPartOf":{"@id":"https:\/\/blog.holyart.it\/fr\/#website"},"primaryImageOfPage":{"@id":"https:\/\/blog.holyart.it\/fr\/articles-religieux\/les-5-fetes-des-saints-les-plus-celebres-du-sud-de-litalie\/#primaryimage"},"image":{"@id":"https:\/\/blog.holyart.it\/fr\/articles-religieux\/les-5-fetes-des-saints-les-plus-celebres-du-sud-de-litalie\/#primaryimage"},"thumbnailUrl":"https:\/\/blog.holyart.it\/fr\/wp-content\/uploads\/sites\/14\/2023\/07\/le-5-fetes-des-saints.jpg","datePublished":"2023-08-02T08:00:28+00:00","dateModified":"2024-06-13T10:59:54+00:00","description":"Les f\u00eates des Saints animent l'\u00e9t\u00e9 avec des processions et des spectacles musicaux. Voici les principaux du sud de l'Italie.","breadcrumb":{"@id":"https:\/\/blog.holyart.it\/fr\/articles-religieux\/les-5-fetes-des-saints-les-plus-celebres-du-sud-de-litalie\/#breadcrumb"},"inLanguage":"fr-FR","potentialAction":[{"@type":"ReadAction","target":["https:\/\/blog.holyart.it\/fr\/articles-religieux\/les-5-fetes-des-saints-les-plus-celebres-du-sud-de-litalie\/"]}]},{"@type":"ImageObject","inLanguage":"fr-FR","@id":"https:\/\/blog.holyart.it\/fr\/articles-religieux\/les-5-fetes-des-saints-les-plus-celebres-du-sud-de-litalie\/#primaryimage","url":"https:\/\/blog.holyart.it\/fr\/wp-content\/uploads\/sites\/14\/2023\/07\/le-5-fetes-des-saints.jpg","contentUrl":"https:\/\/blog.holyart.it\/fr\/wp-content\/uploads\/sites\/14\/2023\/07\/le-5-fetes-des-saints.jpg","width":1000,"height":666,"caption":"le 5 fetes des saints"},{"@type":"BreadcrumbList","@id":"https:\/\/blog.holyart.it\/fr\/articles-religieux\/les-5-fetes-des-saints-les-plus-celebres-du-sud-de-litalie\/#breadcrumb","itemListElement":[{"@type":"ListItem","position":1,"name":"Homepage","item":"https:\/\/blog.holyart.it\/fr\/"},{"@type":"ListItem","position":2,"name":"Religion","item":"https:\/\/blog.holyart.it\/fr\/articles-religieux\/"},{"@type":"ListItem","position":3,"name":"Les 5 f\u00eates des saints les plus c\u00e9l\u00e8bres du Sud de l\u2019Italie"}]},{"@type":"WebSite","@id":"https:\/\/blog.holyart.it\/fr\/#website","url":"https:\/\/blog.holyart.it\/fr\/","name":"Holyart.fr Blog","description":"Holyblog","publisher":{"@id":"https:\/\/blog.holyart.it\/fr\/#organization"},"potentialAction":[{"@type":"SearchAction","target":{"@type":"EntryPoint","urlTemplate":"https:\/\/blog.holyart.it\/fr\/?s={search_term_string}"},"query-input":{"@type":"PropertyValueSpecification","valueRequired":true,"valueName":"search_term_string"}}],"inLanguage":"fr-FR"},{"@type":"Organization","@id":"https:\/\/blog.holyart.it\/fr\/#organization","name":"Holyart.fr Blog","url":"https:\/\/blog.holyart.it\/fr\/","logo":{"@type":"ImageObject","inLanguage":"fr-FR","@id":"https:\/\/blog.holyart.it\/fr\/#\/schema\/logo\/image\/","url":"https:\/\/blog.holyart.it\/fr\/wp-content\/uploads\/sites\/14\/2022\/12\/Holyart_Blog_Logo.jpg","contentUrl":"https:\/\/blog.holyart.it\/fr\/wp-content\/uploads\/sites\/14\/2022\/12\/Holyart_Blog_Logo.jpg","width":300,"height":50,"caption":"Holyart.fr Blog"},"image":{"@id":"https:\/\/blog.holyart.it\/fr\/#\/schema\/logo\/image\/"}},{"@type":"Person","@id":"https:\/\/blog.holyart.it\/fr\/#\/schema\/person\/0a7b686e5af0f856ec1e390dd0baecda","name":"Redazione","image":{"@type":"ImageObject","inLanguage":"fr-FR","@id":"https:\/\/blog.holyart.it\/fr\/#\/schema\/person\/image\/","url":"https:\/\/secure.gravatar.com\/avatar\/f477da817f43e50d0af36abecd33e3edf826c68299714bdc1057dff3b113f516?s=96&d=mm&r=g","contentUrl":"https:\/\/secure.gravatar.com\/avatar\/f477da817f43e50d0af36abecd33e3edf826c68299714bdc1057dff3b113f516?s=96&d=mm&r=g","caption":"Redazione"},"url":"https:\/\/blog.holyart.it\/fr\/author\/admin\/"}]}},"_links":{"self":[{"href":"https:\/\/blog.holyart.it\/fr\/wp-json\/wp\/v2\/posts\/6722","targetHints":{"allow":["GET"]}}],"collection":[{"href":"https:\/\/blog.holyart.it\/fr\/wp-json\/wp\/v2\/posts"}],"about":[{"href":"https:\/\/blog.holyart.it\/fr\/wp-json\/wp\/v2\/types\/post"}],"author":[{"embeddable":true,"href":"https:\/\/blog.holyart.it\/fr\/wp-json\/wp\/v2\/users\/1"}],"replies":[{"embeddable":true,"href":"https:\/\/blog.holyart.it\/fr\/wp-json\/wp\/v2\/comments?post=6722"}],"version-history":[{"count":7,"href":"https:\/\/blog.holyart.it\/fr\/wp-json\/wp\/v2\/posts\/6722\/revisions"}],"predecessor-version":[{"id":6732,"href":"https:\/\/blog.holyart.it\/fr\/wp-json\/wp\/v2\/posts\/6722\/revisions\/6732"}],"wp:featuredmedia":[{"embeddable":true,"href":"https:\/\/blog.holyart.it\/fr\/wp-json\/wp\/v2\/media\/6733"}],"wp:attachment":[{"href":"https:\/\/blog.holyart.it\/fr\/wp-json\/wp\/v2\/media?parent=6722"}],"wp:term":[{"taxonomy":"category","embeddable":true,"href":"https:\/\/blog.holyart.it\/fr\/wp-json\/wp\/v2\/categories?post=6722"},{"taxonomy":"post_tag","embeddable":true,"href":"https:\/\/blog.holyart.it\/fr\/wp-json\/wp\/v2\/tags?post=6722"}],"curies":[{"name":"wp","href":"https:\/\/api.w.org\/{rel}","templated":true}]}}