{"id":6711,"date":"2023-08-09T10:00:18","date_gmt":"2023-08-09T08:00:18","guid":{"rendered":"https:\/\/blog.holyart.it\/fr\/?p=6711"},"modified":"2024-07-19T15:15:30","modified_gmt":"2024-07-19T13:15:30","slug":"les-martyrs-dotrante-le-sacrifice-des-813-habitants-au-nom-de-la-foi","status":"publish","type":"post","link":"https:\/\/blog.holyart.it\/fr\/articles-religieux\/les-martyrs-dotrante-le-sacrifice-des-813-habitants-au-nom-de-la-foi\/","title":{"rendered":"Les martyrs d\u2019Otrante : le sacrifice des 813 habitants au nom de la foi"},"content":{"rendered":"<h4>Un village entier peut-il \u00eatre canonis\u00e9 ? C\u2019est ce qui est arriv\u00e9 aux martyrs d\u2019Otrante, 800 martyrs au nom de la foi.<\/h4>\n\n<p>L\u2019histoire de l\u2019\u00c9glise chr\u00e9tienne est riche en \u00e9v\u00e9nements terribles et sanglants. Ainsi comme J\u00e9sus a affront\u00e9 la <a href=\"https:\/\/www.holyart.fr\/blog\/articles-religieux\/les-evenements-de-la-passion-de-jesus-de-la-cene-a-sa-crucifixion\/\"><strong>Passion et la mort<\/strong><\/a> au nom de ce qu\u2019il \u00e9tait, du message d\u2019esp\u00e9rance et de salut dont il s\u2019\u00e9tait fait porteur, ainsi les premiers chr\u00e9tiens ont d\u00fb endurer <a href=\"https:\/\/www.holyart.fr\/blog\/articles-religieux\/saints-martyrs-sacrifier-sa-vie-au-nom-de-dieu\/\"><strong>pers\u00e9cutions, tortures et souvent m\u00eame la mort<\/strong><\/a> afin de revendiquer leur choix de vie et de religion. Mais ces faits \u00e9pouvantables ne se sont pas uniquement produits dans un pass\u00e9 lointain. L\u2019histoire des <strong>813 martyrs d\u2019Otrante<\/strong> se d\u00e9roule \u00e0 la fin du XVe si\u00e8cle, en 1480 pour \u00eatre exacts. L\u2019obscurit\u00e9 du Moyen \u00c2ge a laiss\u00e9 place depuis longtemps aux splendeurs de la Renaissance, l\u2019Humanisme a ramen\u00e9 l\u2019homme au centre du monde, d\u2019un c\u00f4t\u00e9 avec la remise en avant de la culture et de l\u2019art classique et, de l\u2019autre, avec une religiosit\u00e9 plus consciente, consacr\u00e9e \u00e0 la recherche de Dieu, \u00e0 une plus grande aspiration spirituelle. Laurent de M\u00e9dicis et sa famille ont amen\u00e9 une r\u00e9volution culturelle qui a renvers\u00e9e l\u2019Italie enti\u00e8re, et les villes se remplissent ainsi de monuments, palais et \u0153uvres d\u2019art destin\u00e9s \u00e0 l\u2019immortalit\u00e9. Mais, \u00e0 l\u2019ombre de la splendeur et de la civilit\u00e9, l\u2019histoire humaine se tra\u00eene entre guerres et actes d\u2019une sauvagerie inou\u00efe.<\/p>\n<div class=\"link-article\">\n<p><img loading=\"lazy\" decoding=\"async\" class=\"size-full wp-image-6712 alignleft\" src=\"https:\/\/blog.holyart.it\/fr\/wp-content\/uploads\/sites\/14\/2023\/07\/saints-martyrs.jpg\" alt=\"saint martyrs\" width=\"150\" height=\"99\" data-kale-share-title=\"Les martyrs d\u2019Otrante : le sacrifice des 813 habitants au nom de la foi\" data-kale-share-url=\"https:\/\/blog.holyart.it\/fr\/?p=6711\" \/><\/p>\n<div class=\"leggi-anche\">Lire aussi :<\/div>\n<p><strong><a href=\"https:\/\/www.holyart.fr\/blog\/articles-religieux\/saints-martyrs-sacrifier-sa-vie-au-nom-de-dieu\/\">Saints Martyrs : sacrifier sa vie au nom de Dieu<\/a><\/strong><br \/>\nLes Saints Martyrs sont des hommes et des femmes, souvent tr\u00e8s jeunes, qui ont sacrifi\u00e9 leur vie pour amour de Dieu.<\/p>\n<\/div>\n<p>C\u2019est ce qui eut lieu dans la ville d\u2019Otrante, dans le Salento, o\u00f9 le <strong>14 ao\u00fbt 1480<\/strong> plus de 800 hommes furent sauvagement ex\u00e9cut\u00e9s sur le col de la Minerva, juste en dehors de murs de la ville, pour ne pas avoir voulu renier leur foi. Mais ils ne furent pas les seules victimes de ce jour \u00e9pouvantable, quand l\u2019arm\u00e9e turque de Gedik Ahmed Pacha vainquit la ville apr\u00e8s quinze jours ext\u00e9nuants de si\u00e8ge. Les repr\u00e9sailles turques sur les citoyens d\u2019Otrante qui, jusqu\u2019\u00e0 la fin, s\u2019\u00e9taient oppos\u00e9s \u00e0 la conqu\u00eate furent particuli\u00e8rement atroces.<\/p>\n<p>Les martyrs d\u2019Otrante, d\u00e9j\u00e0 d\u00e9clar\u00e9s bienheureux par pape Cl\u00e9ment XIV en 1771, furent canonis\u00e9s le 12 mai 2013 par <strong><a href=\"https:\/\/www.holyart.fr\/occasions-speciales\/pape-francois?page=1&amp;_gl=1*slwhol*_ga*MTg4ODUxMTc0MS4xNjc5OTAyNTU5*_ga_W18MV136NH*MTY4OTU4NTQ3NS4zNy4wLjE2ODk1ODU0NzUuMC4wLjA.\">Pape Fran\u00e7ois<\/a><\/strong>. Chaque ann\u00e9e, le <strong>13 ao\u00fbt<\/strong>, \u00e0 Otrante on c\u00e9l\u00e8bre le courage et la d\u00e9votion des 813 H\u00e9ros et Saints Martyrs d\u2019Otrante. Apprenons leur histoire.<\/p>\n<div class=\"link-product\">\n<div class=\"blocco-immagine\"><img loading=\"lazy\" decoding=\"async\" class=\"size-full wp-image-6713 alignleft\" src=\"https:\/\/blog.holyart.it\/fr\/wp-content\/uploads\/sites\/14\/2023\/07\/pape-francois.jpg\" alt=\"Pape Fran\u00e7ois\" width=\"100\" height=\"100\" data-kale-share-title=\"Les martyrs d\u2019Otrante : le sacrifice des 813 habitants au nom de la foi\" data-kale-share-url=\"https:\/\/blog.holyart.it\/fr\/?p=6711\" \/><\/div>\n<div class=\"blocco-contenuto\">\n<div class=\"blocco-acquista\">Acheter sur Holyart:<\/div>\n<div class=\"blocco-titolo\"><a href=\"https:\/\/www.holyart.fr\/occasions-speciales\/pape-francois?page=1&amp;_gl=1*slwhol*_ga*MTg4ODUxMTc0MS4xNjc5OTAyNTU5*_ga_W18MV136NH*MTY4OTU4NTQ3NS4zNy4wLjE2ODk1ODU0NzUuMC4wLjA.\">Pape Fran\u00e7ois<\/a><\/div>\n<div class=\"blocco-descrizione\">Pape Fran\u00e7ois: cat\u00e9gorie d\u00e9di\u00e9e \u00e0 Pape Jorge Mario Bergoglio.<\/div>\n<\/div>\n<\/div>\n<h2>L\u2019histoire des martyrs d\u2019Otrante<\/h2>\n<p>La prise d\u2019Otrante de la part des Turcs se situe \u00e0 l\u2019int\u00e9rieur d\u2019un <strong>grand plan de conqu\u00eate de Mehmed II<\/strong>, sultan de l\u2019Empire ottoman, qui au XVe si\u00e8cle tenta d\u2019\u00e9largir ses dominations sur la M\u00e9diterran\u00e9e. Pour cela, le 28 juillet 1480 il envoya une partie de sa flotte dans le <strong>Salento<\/strong>, afin de conqu\u00e9rir la ville d\u2019Otrante. Appuy\u00e9s dans un premier temps par le Roi de Naples, les Otrantins tent\u00e8rent d\u2019arr\u00eater les envahisseurs sur les <strong>Laghi Alimini<\/strong>, \u00e0 environ 35 km de Lecce. Malgr\u00e9 la disparit\u00e9 num\u00e9rique, et bien que les hommes d\u2019Otrante fussent pour la plupart des p\u00eacheurs, des agriculteurs et des commer\u00e7ants, ils arriv\u00e8rent \u00e0 avoir le dessus sur l\u2019arm\u00e9e turque et donn\u00e8rent ainsi au reste de la population le temps de se r\u00e9fugier <strong>\u00e0 l\u2019int\u00e9rieur des murs<\/strong> de la ville. Un <strong>long si\u00e8ge<\/strong> suivit, au cours duquel les Otrantins demand\u00e8rent en vain l\u2019aide du Roi Ferdinand et de l\u2019archev\u00eaque Francesco De Arenis. <strong>Finalement la ville tomba sous les bombardements turcs<\/strong> et le 11 ao\u00fbt, apr\u00e8s 15 jours de si\u00e8ge, l\u2019arm\u00e9e des envahisseurs arriva \u00e0 ouvrir une br\u00e8che dans les murs et se d\u00e9versa dans la ville. Un massacre s\u2019ensuivit, au cours duquel tous les hommes de plus de quinze ans furent tu\u00e9s, femmes et enfants r\u00e9duits en esclavage. Le <strong>14 ao\u00fbt<\/strong> Gedik Ahmed Pacha commanda que les survivants soient conduits attach\u00e9s sur le col de la Minerva. Ici il leur demanda de <strong>nier leur foi<\/strong> et, face \u00e0 leur refus, <strong>les fit d\u00e9capiter<\/strong> devant leurs proches. Ce jour-l\u00e0 <strong>plus de 800 Otrantins<\/strong> furent martyris\u00e9s. Le premier \u00e0 \u00eatre d\u00e9capit\u00e9 fut un vieux tailleur, Antonio Pezzulla, appel\u00e9 Il Primaldo. Selon la l\u00e9gende son corps sans t\u00eate resta debout jusqu\u2019au martyr du dernier de ses concitoyens.<\/p>\n<p>Ensuite, Alphonse d\u2019Aragon, fils du Roi Ferdinand de Naples, arriva \u00e0 reconqu\u00e9rir Otrante, mais le sang de ses martyrs avait malheureusement d\u00e9j\u00e0 \u00e9t\u00e9 vers\u00e9.<\/p>\n<h2>Les reliques des 800 martyrs d\u2019Otrante<\/h2>\n<p>Aujourd\u2019hui, les restes des martyrs d\u2019Otrante sont recueillis dans sept reliquaires en bois conserv\u00e9s dans la <strong>Chapelle des Martyrs<\/strong>, dans la cath\u00e9drale de la ville. D\u2019autres reliques se trouvent par contre dans la <strong>Cath\u00e9drale de Naples<\/strong> et dans d\u2019autres \u00e9glises de la zone. On raconte que, quand les napolitains reprirent enfin la ville, ils trouv\u00e8rent les corps des Otrantins d\u00e9capit\u00e9s encore intacts.<\/p>\n<p>En 1888, une partie des reliques des <strong><a href=\"https:\/\/www.holyart.fr\/articles-religieux\/chapelets-et-etuis-a-chapelet\/rosaires-de-devotion\/chapelet-martyrs-grains-6-mm-verre-rouge-collection-de-la-foi-24-47?_gl=1*1oinv85*_ga*MTg4ODUxMTc0MS4xNjc5OTAyNTU5*_ga_W18MV136NH*MTY4OTU4NTQ3NS4zNy4xLjE2ODk1ODYwNDcuMC4wLjA.\">martyrs<\/a><\/strong> de la bataille d\u2019Otrante fut amen\u00e9e dans le Sanctuaire de Santa Maria di Valleverde in Bovino et, encore aujourd\u2019hui, il est possible de trouver ce qui reste de ces H\u00e9ros Martyrs dans les \u00e9glises des Pouilles, de Naples et jusqu\u2019en France et en Espagne.<\/p>\n<div class=\"link-product\">\n<div class=\"blocco-immagine\"><img loading=\"lazy\" decoding=\"async\" class=\"size-full wp-image-6714 alignleft\" src=\"https:\/\/blog.holyart.it\/fr\/wp-content\/uploads\/sites\/14\/2023\/07\/Chapelet-Martyrs-grains-6-mm-verre-rouge-Collection-de-la-Foi-2447.jpg\" alt=\"Chapelet Martyrs grains 6 mm verre rouge - Collection de la Foi 24\/47\" width=\"100\" height=\"100\" data-kale-share-title=\"Les martyrs d\u2019Otrante : le sacrifice des 813 habitants au nom de la foi\" data-kale-share-url=\"https:\/\/blog.holyart.it\/fr\/?p=6711\" \/><\/div>\n<div class=\"blocco-contenuto\">\n<div class=\"blocco-acquista\">Acheter sur Holyart:<\/div>\n<div class=\"blocco-titolo\"><a href=\"https:\/\/www.holyart.fr\/articles-religieux\/chapelets-et-etuis-a-chapelet\/rosaires-de-devotion\/chapelet-martyrs-grains-6-mm-verre-rouge-collection-de-la-foi-24-47?_gl=1*hl2ue7*_ga*MTg4ODUxMTc0MS4xNjc5OTAyNTU5*_ga_W18MV136NH*MTY4OTU4NTQ3NS4zNy4xLjE2ODk1ODU2MTMuMC4wLjA.\">Chapelet Martyrs grains 6 mm verre rouge &#8211; Collection de la Foi 24\/47<\/a><\/div>\n<div class=\"blocco-descrizione\">Chapelet des Martyrs r\u00e9alis\u00e9 en corde avec noeuds d\u00e9coratifs.<\/div>\n<\/div>\n<\/div>\n<h2>La canonisation des martyrs de la part de Pape Fran\u00e7ois<\/h2>\n<p>L\u2019\u00e9pisode suscita une telle \u00e9motion que, d\u00e9j\u00e0 \u00e0 partir de 1539, on commen\u00e7a \u00e0 parler de la canonisation des Martyrs d\u2019Otrante. En d\u00e9cembre 1771, Pape Cl\u00e9ment XIV d\u00e9clara les 800 Otrantins tu\u00e9s sur le col de la Minerve <strong>bienheureux<\/strong> et tout de suite un <strong>puissant culte d\u00e9votionnel<\/strong> naquit autour d\u2019eux, les amenant \u00e0 devenir les protecteurs d\u2019Otrante.<\/p>\n<p>En 2007, <strong><a href=\"https:\/\/www.holyart.fr\/occasions-speciales\/benoit-xvi?page=1&amp;_gl=1*1tyryvf*_ga*MTg4ODUxMTc0MS4xNjc5OTAyNTU5*_ga_W18MV136NH*MTY4OTU4NTQ3NS4zNy4xLjE2ODk1ODU3MzEuMC4wLjA.\">Pape Beno\u00eet XVI<\/a><\/strong> reconnut Antonio Primaldo et ses concitoyens comme martyrs de la foi et reconnut \u00e9galement le miracle de la gu\u00e9rison d\u2019une s\u0153ur, attribu\u00e9 aux martyrs d\u2019Otrante.<\/p>\n<p>Le 12 mai 2013, <strong><a href=\"https:\/\/www.holyart.fr\/articles-religieux\/crucifix\/crucifix-en-bois\/croix-pape-francois-bon-pasteur-bois-val-gardena-peint?_gl=1*r0cgv1*_ga*MTg4ODUxMTc0MS4xNjc5OTAyNTU5*_ga_W18MV136NH*MTY4OTU4NTQ3NS4zNy4xLjE2ODk1ODU3NTguMC4wLjA.\">Pape Fran\u00e7ois<\/a><\/strong> en d\u00e9clara la canonisation. Les martyrs d\u2019Otrante ont \u00e9t\u00e9 officiellement proclam\u00e9s saints et toute la ville a f\u00eat\u00e9 leur sacrifice avec amour et d\u00e9votion.<\/p>\n<div class=\"link-product\">\n<div class=\"blocco-immagine\"><img loading=\"lazy\" decoding=\"async\" class=\"size-full wp-image-6715 alignleft\" src=\"https:\/\/blog.holyart.it\/fr\/wp-content\/uploads\/sites\/14\/2023\/07\/Croix-Pape-Francois-Bon-Pasteur-bois-Val-Gardena-peint.jpg\" alt=\"Croix Pape Fran\u00e7ois Bon Pasteur bois Val Gardena peint\" width=\"100\" height=\"100\" data-kale-share-title=\"Les martyrs d\u2019Otrante : le sacrifice des 813 habitants au nom de la foi\" data-kale-share-url=\"https:\/\/blog.holyart.it\/fr\/?p=6711\" \/><\/div>\n<div class=\"blocco-contenuto\">\n<div class=\"blocco-acquista\">Acheter sur Holyart:<\/div>\n<div class=\"blocco-titolo\"><a href=\"https:\/\/www.holyart.fr\/articles-religieux\/crucifix\/crucifix-en-bois\/croix-pape-francois-bon-pasteur-bois-val-gardena-peint?_gl=1*r0cgv1*_ga*MTg4ODUxMTc0MS4xNjc5OTAyNTU5*_ga_W18MV136NH*MTY4OTU4NTQ3NS4zNy4xLjE2ODk1ODU3NTguMC4wLjA.\">Croix Pape Fran\u00e7ois Bon Pasteur bois Val Gardena peint<\/a><\/div>\n<div class=\"blocco-descrizione\">Croix du Bon Pasteur de Pape Fran\u00e7ois sculpt\u00e9e en bois&#8230;<\/div>\n<\/div>\n<\/div>\n","protected":false},"excerpt":{"rendered":"<p>Un village entier peut-il \u00eatre canonis\u00e9 ? C\u2019est ce qui est arriv\u00e9 aux martyrs d\u2019Otrante, 800 martyrs au nom de la foi. L\u2019histoire de l\u2019\u00c9glise chr\u00e9tienne est riche en \u00e9v\u00e9nements terribles et sanglants. Ainsi comme J\u00e9sus a affront\u00e9 la Passion et la mort au nom&hellip;<\/p>\n","protected":false},"author":1,"featured_media":6741,"comment_status":"closed","ping_status":"open","sticky":false,"template":"","format":"standard","meta":{"_acf_changed":false,"footnotes":""},"categories":[8],"tags":[],"class_list":["post-6711","post","type-post","status-publish","format-standard","has-post-thumbnail","hentry","category-articles-religieux"],"acf":[],"yoast_head":"<!-- This site is optimized with the Yoast SEO plugin v26.6 - https:\/\/yoast.com\/wordpress\/plugins\/seo\/ -->\n<title>Les martyrs d\u2019Otrante : le sacrifice des 813 habitants au nom de la foi - Holyart.fr Blog<\/title>\n<meta name=\"description\" content=\"L\u2019histoire des martyrs d\u2019Otrante, massacr\u00e9s au nom de leur foi, a suscit\u00e9 un grand culte d\u00e9votionel et a amen\u00e9 \u00e0 la canonisation de plus de 800 hommes\" \/>\n<meta name=\"robots\" content=\"index, follow, max-snippet:-1, max-image-preview:large, max-video-preview:-1\" \/>\n<link rel=\"canonical\" href=\"https:\/\/blog.holyart.it\/fr\/articles-religieux\/les-martyrs-dotrante-le-sacrifice-des-813-habitants-au-nom-de-la-foi\/\" \/>\n<meta property=\"og:locale\" content=\"fr_FR\" \/>\n<meta property=\"og:type\" content=\"article\" \/>\n<meta property=\"og:title\" content=\"Les martyrs d\u2019Otrante : le sacrifice des 813 habitants au nom de la foi - Holyart.fr Blog\" \/>\n<meta property=\"og:description\" content=\"L\u2019histoire des martyrs d\u2019Otrante, massacr\u00e9s au nom de leur foi, a suscit\u00e9 un grand culte d\u00e9votionel et a amen\u00e9 \u00e0 la canonisation de plus de 800 hommes\" \/>\n<meta property=\"og:url\" content=\"https:\/\/blog.holyart.it\/fr\/articles-religieux\/les-martyrs-dotrante-le-sacrifice-des-813-habitants-au-nom-de-la-foi\/\" \/>\n<meta property=\"og:site_name\" content=\"Holyart.fr Blog\" \/>\n<meta property=\"article:published_time\" content=\"2023-08-09T08:00:18+00:00\" \/>\n<meta property=\"article:modified_time\" content=\"2024-07-19T13:15:30+00:00\" \/>\n<meta property=\"og:image\" content=\"https:\/\/blog.holyart.it\/fr\/wp-content\/uploads\/sites\/14\/2023\/08\/martyrs-otranto-.jpg\" \/>\n\t<meta property=\"og:image:width\" content=\"1000\" \/>\n\t<meta property=\"og:image:height\" content=\"666\" \/>\n\t<meta property=\"og:image:type\" content=\"image\/jpeg\" \/>\n<meta name=\"author\" content=\"Redazione\" \/>\n<meta name=\"twitter:card\" content=\"summary_large_image\" \/>\n<meta name=\"twitter:label1\" content=\"\u00c9crit par\" \/>\n\t<meta name=\"twitter:data1\" content=\"Redazione\" \/>\n\t<meta name=\"twitter:label2\" content=\"Dur\u00e9e de lecture estim\u00e9e\" \/>\n\t<meta name=\"twitter:data2\" content=\"7 minutes\" \/>\n<script type=\"application\/ld+json\" class=\"yoast-schema-graph\">{\"@context\":\"https:\/\/schema.org\",\"@graph\":[{\"@type\":\"Article\",\"@id\":\"https:\/\/blog.holyart.it\/fr\/articles-religieux\/les-martyrs-dotrante-le-sacrifice-des-813-habitants-au-nom-de-la-foi\/#article\",\"isPartOf\":{\"@id\":\"https:\/\/blog.holyart.it\/fr\/articles-religieux\/les-martyrs-dotrante-le-sacrifice-des-813-habitants-au-nom-de-la-foi\/\"},\"author\":{\"name\":\"Redazione\",\"@id\":\"https:\/\/blog.holyart.it\/fr\/#\/schema\/person\/0a7b686e5af0f856ec1e390dd0baecda\"},\"headline\":\"Les martyrs d\u2019Otrante : le sacrifice des 813 habitants au nom de la foi\",\"datePublished\":\"2023-08-09T08:00:18+00:00\",\"dateModified\":\"2024-07-19T13:15:30+00:00\",\"mainEntityOfPage\":{\"@id\":\"https:\/\/blog.holyart.it\/fr\/articles-religieux\/les-martyrs-dotrante-le-sacrifice-des-813-habitants-au-nom-de-la-foi\/\"},\"wordCount\":1157,\"publisher\":{\"@id\":\"https:\/\/blog.holyart.it\/fr\/#organization\"},\"image\":{\"@id\":\"https:\/\/blog.holyart.it\/fr\/articles-religieux\/les-martyrs-dotrante-le-sacrifice-des-813-habitants-au-nom-de-la-foi\/#primaryimage\"},\"thumbnailUrl\":\"https:\/\/blog.holyart.it\/fr\/wp-content\/uploads\/sites\/14\/2023\/08\/martyrs-otranto-.jpg\",\"articleSection\":[\"Religion\"],\"inLanguage\":\"fr-FR\"},{\"@type\":\"WebPage\",\"@id\":\"https:\/\/blog.holyart.it\/fr\/articles-religieux\/les-martyrs-dotrante-le-sacrifice-des-813-habitants-au-nom-de-la-foi\/\",\"url\":\"https:\/\/blog.holyart.it\/fr\/articles-religieux\/les-martyrs-dotrante-le-sacrifice-des-813-habitants-au-nom-de-la-foi\/\",\"name\":\"Les martyrs d\u2019Otrante : le sacrifice des 813 habitants au nom de la foi - Holyart.fr Blog\",\"isPartOf\":{\"@id\":\"https:\/\/blog.holyart.it\/fr\/#website\"},\"primaryImageOfPage\":{\"@id\":\"https:\/\/blog.holyart.it\/fr\/articles-religieux\/les-martyrs-dotrante-le-sacrifice-des-813-habitants-au-nom-de-la-foi\/#primaryimage\"},\"image\":{\"@id\":\"https:\/\/blog.holyart.it\/fr\/articles-religieux\/les-martyrs-dotrante-le-sacrifice-des-813-habitants-au-nom-de-la-foi\/#primaryimage\"},\"thumbnailUrl\":\"https:\/\/blog.holyart.it\/fr\/wp-content\/uploads\/sites\/14\/2023\/08\/martyrs-otranto-.jpg\",\"datePublished\":\"2023-08-09T08:00:18+00:00\",\"dateModified\":\"2024-07-19T13:15:30+00:00\",\"description\":\"L\u2019histoire des martyrs d\u2019Otrante, massacr\u00e9s au nom de leur foi, a suscit\u00e9 un grand culte d\u00e9votionel et a amen\u00e9 \u00e0 la canonisation de plus de 800 hommes\",\"breadcrumb\":{\"@id\":\"https:\/\/blog.holyart.it\/fr\/articles-religieux\/les-martyrs-dotrante-le-sacrifice-des-813-habitants-au-nom-de-la-foi\/#breadcrumb\"},\"inLanguage\":\"fr-FR\",\"potentialAction\":[{\"@type\":\"ReadAction\",\"target\":[\"https:\/\/blog.holyart.it\/fr\/articles-religieux\/les-martyrs-dotrante-le-sacrifice-des-813-habitants-au-nom-de-la-foi\/\"]}]},{\"@type\":\"ImageObject\",\"inLanguage\":\"fr-FR\",\"@id\":\"https:\/\/blog.holyart.it\/fr\/articles-religieux\/les-martyrs-dotrante-le-sacrifice-des-813-habitants-au-nom-de-la-foi\/#primaryimage\",\"url\":\"https:\/\/blog.holyart.it\/fr\/wp-content\/uploads\/sites\/14\/2023\/08\/martyrs-otranto-.jpg\",\"contentUrl\":\"https:\/\/blog.holyart.it\/fr\/wp-content\/uploads\/sites\/14\/2023\/08\/martyrs-otranto-.jpg\",\"width\":1000,\"height\":666,\"caption\":\"martyrs otranto\"},{\"@type\":\"BreadcrumbList\",\"@id\":\"https:\/\/blog.holyart.it\/fr\/articles-religieux\/les-martyrs-dotrante-le-sacrifice-des-813-habitants-au-nom-de-la-foi\/#breadcrumb\",\"itemListElement\":[{\"@type\":\"ListItem\",\"position\":1,\"name\":\"Homepage\",\"item\":\"https:\/\/blog.holyart.it\/fr\/\"},{\"@type\":\"ListItem\",\"position\":2,\"name\":\"Religion\",\"item\":\"https:\/\/blog.holyart.it\/fr\/articles-religieux\/\"},{\"@type\":\"ListItem\",\"position\":3,\"name\":\"Les martyrs d\u2019Otrante : le sacrifice des 813 habitants au nom de la foi\"}]},{\"@type\":\"WebSite\",\"@id\":\"https:\/\/blog.holyart.it\/fr\/#website\",\"url\":\"https:\/\/blog.holyart.it\/fr\/\",\"name\":\"Holyart.fr Blog\",\"description\":\"Holyblog\",\"publisher\":{\"@id\":\"https:\/\/blog.holyart.it\/fr\/#organization\"},\"potentialAction\":[{\"@type\":\"SearchAction\",\"target\":{\"@type\":\"EntryPoint\",\"urlTemplate\":\"https:\/\/blog.holyart.it\/fr\/?s={search_term_string}\"},\"query-input\":{\"@type\":\"PropertyValueSpecification\",\"valueRequired\":true,\"valueName\":\"search_term_string\"}}],\"inLanguage\":\"fr-FR\"},{\"@type\":\"Organization\",\"@id\":\"https:\/\/blog.holyart.it\/fr\/#organization\",\"name\":\"Holyart.fr Blog\",\"url\":\"https:\/\/blog.holyart.it\/fr\/\",\"logo\":{\"@type\":\"ImageObject\",\"inLanguage\":\"fr-FR\",\"@id\":\"https:\/\/blog.holyart.it\/fr\/#\/schema\/logo\/image\/\",\"url\":\"https:\/\/blog.holyart.it\/fr\/wp-content\/uploads\/sites\/14\/2022\/12\/Holyart_Blog_Logo.jpg\",\"contentUrl\":\"https:\/\/blog.holyart.it\/fr\/wp-content\/uploads\/sites\/14\/2022\/12\/Holyart_Blog_Logo.jpg\",\"width\":300,\"height\":50,\"caption\":\"Holyart.fr Blog\"},\"image\":{\"@id\":\"https:\/\/blog.holyart.it\/fr\/#\/schema\/logo\/image\/\"}},{\"@type\":\"Person\",\"@id\":\"https:\/\/blog.holyart.it\/fr\/#\/schema\/person\/0a7b686e5af0f856ec1e390dd0baecda\",\"name\":\"Redazione\",\"image\":{\"@type\":\"ImageObject\",\"inLanguage\":\"fr-FR\",\"@id\":\"https:\/\/blog.holyart.it\/fr\/#\/schema\/person\/image\/\",\"url\":\"https:\/\/secure.gravatar.com\/avatar\/f477da817f43e50d0af36abecd33e3edf826c68299714bdc1057dff3b113f516?s=96&d=mm&r=g\",\"contentUrl\":\"https:\/\/secure.gravatar.com\/avatar\/f477da817f43e50d0af36abecd33e3edf826c68299714bdc1057dff3b113f516?s=96&d=mm&r=g\",\"caption\":\"Redazione\"},\"url\":\"https:\/\/blog.holyart.it\/fr\/author\/admin\/\"}]}<\/script>\n<!-- \/ Yoast SEO plugin. -->","yoast_head_json":{"title":"Les martyrs d\u2019Otrante : le sacrifice des 813 habitants au nom de la foi - Holyart.fr Blog","description":"L\u2019histoire des martyrs d\u2019Otrante, massacr\u00e9s au nom de leur foi, a suscit\u00e9 un grand culte d\u00e9votionel et a amen\u00e9 \u00e0 la canonisation de plus de 800 hommes","robots":{"index":"index","follow":"follow","max-snippet":"max-snippet:-1","max-image-preview":"max-image-preview:large","max-video-preview":"max-video-preview:-1"},"canonical":"https:\/\/blog.holyart.it\/fr\/articles-religieux\/les-martyrs-dotrante-le-sacrifice-des-813-habitants-au-nom-de-la-foi\/","og_locale":"fr_FR","og_type":"article","og_title":"Les martyrs d\u2019Otrante : le sacrifice des 813 habitants au nom de la foi - Holyart.fr Blog","og_description":"L\u2019histoire des martyrs d\u2019Otrante, massacr\u00e9s au nom de leur foi, a suscit\u00e9 un grand culte d\u00e9votionel et a amen\u00e9 \u00e0 la canonisation de plus de 800 hommes","og_url":"https:\/\/blog.holyart.it\/fr\/articles-religieux\/les-martyrs-dotrante-le-sacrifice-des-813-habitants-au-nom-de-la-foi\/","og_site_name":"Holyart.fr Blog","article_published_time":"2023-08-09T08:00:18+00:00","article_modified_time":"2024-07-19T13:15:30+00:00","og_image":[{"width":1000,"height":666,"url":"https:\/\/blog.holyart.it\/fr\/wp-content\/uploads\/sites\/14\/2023\/08\/martyrs-otranto-.jpg","type":"image\/jpeg"}],"author":"Redazione","twitter_card":"summary_large_image","twitter_misc":{"\u00c9crit par":"Redazione","Dur\u00e9e de lecture estim\u00e9e":"7 minutes"},"schema":{"@context":"https:\/\/schema.org","@graph":[{"@type":"Article","@id":"https:\/\/blog.holyart.it\/fr\/articles-religieux\/les-martyrs-dotrante-le-sacrifice-des-813-habitants-au-nom-de-la-foi\/#article","isPartOf":{"@id":"https:\/\/blog.holyart.it\/fr\/articles-religieux\/les-martyrs-dotrante-le-sacrifice-des-813-habitants-au-nom-de-la-foi\/"},"author":{"name":"Redazione","@id":"https:\/\/blog.holyart.it\/fr\/#\/schema\/person\/0a7b686e5af0f856ec1e390dd0baecda"},"headline":"Les martyrs d\u2019Otrante : le sacrifice des 813 habitants au nom de la foi","datePublished":"2023-08-09T08:00:18+00:00","dateModified":"2024-07-19T13:15:30+00:00","mainEntityOfPage":{"@id":"https:\/\/blog.holyart.it\/fr\/articles-religieux\/les-martyrs-dotrante-le-sacrifice-des-813-habitants-au-nom-de-la-foi\/"},"wordCount":1157,"publisher":{"@id":"https:\/\/blog.holyart.it\/fr\/#organization"},"image":{"@id":"https:\/\/blog.holyart.it\/fr\/articles-religieux\/les-martyrs-dotrante-le-sacrifice-des-813-habitants-au-nom-de-la-foi\/#primaryimage"},"thumbnailUrl":"https:\/\/blog.holyart.it\/fr\/wp-content\/uploads\/sites\/14\/2023\/08\/martyrs-otranto-.jpg","articleSection":["Religion"],"inLanguage":"fr-FR"},{"@type":"WebPage","@id":"https:\/\/blog.holyart.it\/fr\/articles-religieux\/les-martyrs-dotrante-le-sacrifice-des-813-habitants-au-nom-de-la-foi\/","url":"https:\/\/blog.holyart.it\/fr\/articles-religieux\/les-martyrs-dotrante-le-sacrifice-des-813-habitants-au-nom-de-la-foi\/","name":"Les martyrs d\u2019Otrante : le sacrifice des 813 habitants au nom de la foi - Holyart.fr Blog","isPartOf":{"@id":"https:\/\/blog.holyart.it\/fr\/#website"},"primaryImageOfPage":{"@id":"https:\/\/blog.holyart.it\/fr\/articles-religieux\/les-martyrs-dotrante-le-sacrifice-des-813-habitants-au-nom-de-la-foi\/#primaryimage"},"image":{"@id":"https:\/\/blog.holyart.it\/fr\/articles-religieux\/les-martyrs-dotrante-le-sacrifice-des-813-habitants-au-nom-de-la-foi\/#primaryimage"},"thumbnailUrl":"https:\/\/blog.holyart.it\/fr\/wp-content\/uploads\/sites\/14\/2023\/08\/martyrs-otranto-.jpg","datePublished":"2023-08-09T08:00:18+00:00","dateModified":"2024-07-19T13:15:30+00:00","description":"L\u2019histoire des martyrs d\u2019Otrante, massacr\u00e9s au nom de leur foi, a suscit\u00e9 un grand culte d\u00e9votionel et a amen\u00e9 \u00e0 la canonisation de plus de 800 hommes","breadcrumb":{"@id":"https:\/\/blog.holyart.it\/fr\/articles-religieux\/les-martyrs-dotrante-le-sacrifice-des-813-habitants-au-nom-de-la-foi\/#breadcrumb"},"inLanguage":"fr-FR","potentialAction":[{"@type":"ReadAction","target":["https:\/\/blog.holyart.it\/fr\/articles-religieux\/les-martyrs-dotrante-le-sacrifice-des-813-habitants-au-nom-de-la-foi\/"]}]},{"@type":"ImageObject","inLanguage":"fr-FR","@id":"https:\/\/blog.holyart.it\/fr\/articles-religieux\/les-martyrs-dotrante-le-sacrifice-des-813-habitants-au-nom-de-la-foi\/#primaryimage","url":"https:\/\/blog.holyart.it\/fr\/wp-content\/uploads\/sites\/14\/2023\/08\/martyrs-otranto-.jpg","contentUrl":"https:\/\/blog.holyart.it\/fr\/wp-content\/uploads\/sites\/14\/2023\/08\/martyrs-otranto-.jpg","width":1000,"height":666,"caption":"martyrs otranto"},{"@type":"BreadcrumbList","@id":"https:\/\/blog.holyart.it\/fr\/articles-religieux\/les-martyrs-dotrante-le-sacrifice-des-813-habitants-au-nom-de-la-foi\/#breadcrumb","itemListElement":[{"@type":"ListItem","position":1,"name":"Homepage","item":"https:\/\/blog.holyart.it\/fr\/"},{"@type":"ListItem","position":2,"name":"Religion","item":"https:\/\/blog.holyart.it\/fr\/articles-religieux\/"},{"@type":"ListItem","position":3,"name":"Les martyrs d\u2019Otrante : le sacrifice des 813 habitants au nom de la foi"}]},{"@type":"WebSite","@id":"https:\/\/blog.holyart.it\/fr\/#website","url":"https:\/\/blog.holyart.it\/fr\/","name":"Holyart.fr Blog","description":"Holyblog","publisher":{"@id":"https:\/\/blog.holyart.it\/fr\/#organization"},"potentialAction":[{"@type":"SearchAction","target":{"@type":"EntryPoint","urlTemplate":"https:\/\/blog.holyart.it\/fr\/?s={search_term_string}"},"query-input":{"@type":"PropertyValueSpecification","valueRequired":true,"valueName":"search_term_string"}}],"inLanguage":"fr-FR"},{"@type":"Organization","@id":"https:\/\/blog.holyart.it\/fr\/#organization","name":"Holyart.fr Blog","url":"https:\/\/blog.holyart.it\/fr\/","logo":{"@type":"ImageObject","inLanguage":"fr-FR","@id":"https:\/\/blog.holyart.it\/fr\/#\/schema\/logo\/image\/","url":"https:\/\/blog.holyart.it\/fr\/wp-content\/uploads\/sites\/14\/2022\/12\/Holyart_Blog_Logo.jpg","contentUrl":"https:\/\/blog.holyart.it\/fr\/wp-content\/uploads\/sites\/14\/2022\/12\/Holyart_Blog_Logo.jpg","width":300,"height":50,"caption":"Holyart.fr Blog"},"image":{"@id":"https:\/\/blog.holyart.it\/fr\/#\/schema\/logo\/image\/"}},{"@type":"Person","@id":"https:\/\/blog.holyart.it\/fr\/#\/schema\/person\/0a7b686e5af0f856ec1e390dd0baecda","name":"Redazione","image":{"@type":"ImageObject","inLanguage":"fr-FR","@id":"https:\/\/blog.holyart.it\/fr\/#\/schema\/person\/image\/","url":"https:\/\/secure.gravatar.com\/avatar\/f477da817f43e50d0af36abecd33e3edf826c68299714bdc1057dff3b113f516?s=96&d=mm&r=g","contentUrl":"https:\/\/secure.gravatar.com\/avatar\/f477da817f43e50d0af36abecd33e3edf826c68299714bdc1057dff3b113f516?s=96&d=mm&r=g","caption":"Redazione"},"url":"https:\/\/blog.holyart.it\/fr\/author\/admin\/"}]}},"_links":{"self":[{"href":"https:\/\/blog.holyart.it\/fr\/wp-json\/wp\/v2\/posts\/6711","targetHints":{"allow":["GET"]}}],"collection":[{"href":"https:\/\/blog.holyart.it\/fr\/wp-json\/wp\/v2\/posts"}],"about":[{"href":"https:\/\/blog.holyart.it\/fr\/wp-json\/wp\/v2\/types\/post"}],"author":[{"embeddable":true,"href":"https:\/\/blog.holyart.it\/fr\/wp-json\/wp\/v2\/users\/1"}],"replies":[{"embeddable":true,"href":"https:\/\/blog.holyart.it\/fr\/wp-json\/wp\/v2\/comments?post=6711"}],"version-history":[{"count":6,"href":"https:\/\/blog.holyart.it\/fr\/wp-json\/wp\/v2\/posts\/6711\/revisions"}],"predecessor-version":[{"id":7025,"href":"https:\/\/blog.holyart.it\/fr\/wp-json\/wp\/v2\/posts\/6711\/revisions\/7025"}],"wp:featuredmedia":[{"embeddable":true,"href":"https:\/\/blog.holyart.it\/fr\/wp-json\/wp\/v2\/media\/6741"}],"wp:attachment":[{"href":"https:\/\/blog.holyart.it\/fr\/wp-json\/wp\/v2\/media?parent=6711"}],"wp:term":[{"taxonomy":"category","embeddable":true,"href":"https:\/\/blog.holyart.it\/fr\/wp-json\/wp\/v2\/categories?post=6711"},{"taxonomy":"post_tag","embeddable":true,"href":"https:\/\/blog.holyart.it\/fr\/wp-json\/wp\/v2\/tags?post=6711"}],"curies":[{"name":"wp","href":"https:\/\/api.w.org\/{rel}","templated":true}]}}