{"id":666,"date":"2018-05-30T11:08:42","date_gmt":"2018-05-30T09:08:42","guid":{"rendered":"https:\/\/blog.holyart.it\/fr\/?p=666"},"modified":"2018-08-17T15:58:46","modified_gmt":"2018-08-17T13:58:46","slug":"culte-de-medjugorje-vers-confirmation-officielle-de-leglise","status":"publish","type":"post","link":"https:\/\/blog.holyart.it\/fr\/articles-religieux\/culte-de-medjugorje-vers-confirmation-officielle-de-leglise\/","title":{"rendered":"Le culte de Medjugorje vers la confirmation officielle de l&rsquo;\u00c9glise"},"content":{"rendered":"<p>Qu&rsquo;est-ce qui rend si sp\u00e9cial un village par ailleurs anonyme en Bosnie-Herz\u00e9govine, l&rsquo;un des nombreux centres habit\u00e9s d&rsquo;une r\u00e9gion qui n&rsquo;a jamais cess\u00e9 d&rsquo;\u00eatre une terre fronti\u00e8re, dans une zone g\u00e9ographique agit\u00e9e et instable? Un lieu o\u00f9 il n&rsquo;y aurait pas de raison de voyager, sans attractions, de peu d&rsquo;int\u00e9r\u00eat touristique, et qui, pourtant, au cours des trente derni\u00e8res ann\u00e9es, a \u00e9t\u00e9 l&rsquo;objet du p\u00e8lerinage de millions d&rsquo;hommes et de femmes du monde entier, au point d&rsquo;\u00eatre consid\u00e9r\u00e9 comme l&rsquo;un des lieux les plus visit\u00e9s en absolu.<\/p>\n<p>Nous parlons de Medjugorje.<\/p>\n<p>Non pas des innombrables querelles qui se sont succ\u00e9d\u00e9 au fil des ans au sujet des apparitions qui allaient se d\u00e9rouler ici, tous les jours, sur une base r\u00e9guli\u00e8re, ni des six voyants qui, depuis 1981, alors qu&rsquo;ils n&rsquo;\u00e9taient gu\u00e8re plus que des enfants, se pr\u00eatent comme interm\u00e9diaires entre les foules des fid\u00e8les et de la Sainte M\u00e8re. Tout cela est en train d&rsquo;\u00eatre trait\u00e9 par l&rsquo;\u00c9glise, avec des commissions d&rsquo;enqu\u00eate et d&rsquo;\u00e9tude, avec des rapports p\u00e9riodiques soumis \u00e0 l&rsquo;attention du Pontife en fonction, ann\u00e9e apr\u00e8s ann\u00e9e, pontificat apr\u00e8s pontificat. Il s&rsquo;agit d&rsquo;une question extr\u00eamement d\u00e9licate, compte tenu du flux continu de p\u00e8lerins, de l&rsquo;implication d&rsquo;innombrables r\u00e9alit\u00e9s pastorales. Juste dans les derniers mois de 2017, le <strong><a href=\"https:\/\/www.holyart.fr\/occasions-speciales\/pape-francois?sorter_id=4&amp;sort=20a&amp;p_min=&amp;p_max=\">Pape Fran\u00e7ois<\/a><\/strong> exprima son opinion, mais pas officiellement, \u00e0 ce sujet.<\/p>\n<p>Mais proc\u00e9dons par ordre.<\/p>\n<h2>Les apparitions \u00e0 Medjugorje<\/h2>\n<p><strong><img loading=\"lazy\" decoding=\"async\" class=\"alignleft size-medium wp-image-677\" src=\"https:\/\/blog.holyart.it\/fr\/wp-content\/uploads\/sites\/14\/2018\/05\/Les-apparitions-\u00e0-Medjugorje--300x222.jpg\" alt=\"Les apparitions \u00e0 Medjugorje \" width=\"300\" height=\"222\" \/>Les apparitions \u00e0 Medjugorje commencent le 24 juin 1981.<\/strong> Ivanka Ivankovic et Mirjana Dragicevic, respectivement \u00e2g\u00e9es de 15 et 16 ans, ont \u00e9t\u00e9 les premi\u00e8res \u00e0 \u00eatre impliqu\u00e9es, car elles ont affirm\u00e9 avoir vu une femme debout sur un nuage au cours d&rsquo;une promenade. Une fois l&rsquo;histoire racont\u00e9e \u00e0 Vicka Ivankovic, la cousine d&rsquo;Ivanka, elles sont retourn\u00e9es avec elle sur le lieu de l&rsquo;apparition le soir m\u00eame, et ont revu la m\u00eame femme, cette fois avec un enfant dans les bras.<\/p>\n<p>Le lendemain, les filles sont retourn\u00e9es plusieurs fois au m\u00eame endroit, avec Marja Pavlovic, cousine de Mirjana, Jakov Colo et Ivan Dragicevic. La femme myst\u00e9rieuse leur apparut et s&rsquo;adressa \u00e0 Ivanka.<\/p>\n<p>C&rsquo;est \u00e0 partir de ce moment qu&rsquo;ont commenc\u00e9 les conversations quotidiennes entre le groupe de jeunes et la femme, qu&rsquo;ils avaient clairement identifi\u00e9e comme \u00e9tant la Vierge Marie.<\/p>\n<p>D\u00e8s que la nouvelle de ces apparitions a commenc\u00e9 \u00e0 se r\u00e9pandre, les six jeunes sont devenus l&rsquo;objet de l&rsquo;int\u00e9r\u00eat des autorit\u00e9s yougoslaves. Ils ont \u00e9t\u00e9 pr\u00e9lev\u00e9s plusieurs fois par la police et ont fait l&rsquo;objet d&rsquo;enqu\u00eates psychiatriques, mais elles n&rsquo;ont donn\u00e9 aucun r\u00e9sultat. Ils ont dit qu&rsquo;ils ont vu la Vierge Marie m\u00eame dans la voiture de police qui les emmenait.<\/p>\n<p>Bien que la police et les services secrets yougoslaves aient essay\u00e9 de contenir l&rsquo;information et de rendre les lieux des apparitions inaccessibles, <strong>une foule de plus en plus nombreuse a commenc\u00e9 \u00e0 se rendre au village<\/strong>, \u00e0 la recherche de signes et de r\u00e9ponses. Les autorit\u00e9s se sont vite rendu compte que les arrestations et les interdictions ne faisaient qu&rsquo;accro\u00eetre l&rsquo;int\u00e9r\u00eat des gens pour les \u00e9v\u00e9nements qui se d\u00e9roulaient \u00e0 Medjugorje. Ils cess\u00e8rent de pers\u00e9cuter les jeunes et le P\u00e8re Jozo, leur conseiller spirituel, et laiss\u00e8rent les p\u00e8lerins affluer librement.<\/p>\n<p>\u00c0 partir de ce moment, la pr\u00e9sence de la Vierge Marie et des voyants devint constante et sans cesse croissante.<\/p>\n<p><strong>La Vierge Marie a partag\u00e9 avec les jeunes dix secrets et messages adress\u00e9s \u00e0 toute l&rsquo;humanit\u00e9<\/strong>, sur une base r\u00e9guli\u00e8re.<\/p>\n<h2>Les Cinq Pierres\u00a0de Medjugorje<img loading=\"lazy\" decoding=\"async\" class=\"alignright size-medium wp-image-680\" src=\"https:\/\/blog.holyart.it\/fr\/wp-content\/uploads\/sites\/14\/2018\/05\/Les-cinq-pierres-de-Medjugorje-300x225.jpg\" alt=\"Les cinq pierres de Medjugorje\" width=\"300\" height=\"225\" \/><\/h2>\n<p>Le message le plus r\u00e9current \u00e9mis par la Vierge Marie de Medjugorje par le biais des six voyants est la paix et l&rsquo;invitation \u00e0 la conversion et \u00e0 la pri\u00e8re. La Vierge Marie <strong>a indiqu\u00e9 \u00e0 ses interm\u00e9diaires un chemin qui leur garantit la paix et qui passe par<\/strong> cinq passages, appel\u00e9s <strong>les \u00abcinq pierres\u00bb<\/strong> (comme les cinq pierres choisies par David pour vaincre Goliath):<\/p>\n<ul>\n<li>la pri\u00e8re humble (\u00e9ventuellement le chapelet quotidien)<\/li>\n<li>le je\u00fbne les mercredis et vendredis, ou, si impossible pour des raisons de sant\u00e9, une offrande \u00e0 la Vierge Marie ces jours-l\u00e0.<\/li>\n<li>la lecture quotidienne de la <strong><a href=\"https:\/\/www.holyart.fr\/articles-religieux\/livres-sacres\/bibles\">Bible<\/a><\/strong>.<\/li>\n<li>la confession une fois par mois.<\/li>\n<li>L&rsquo;eucharistie tous les jours.<\/li>\n<\/ul>\n<p>Les voyants sugg\u00e8rent aussi de d\u00e9dier un coin de la maison \u00e0 la Vierge Marie.<\/p>\n<p>Au fil des ann\u00e9es, et avec l&rsquo;augmentation du nombre de p\u00e8lerins du monde entier, <strong>Medjugorje est devenu un objet d&rsquo;int\u00e9r\u00eat et de scepticisme de la part des organisations sacr\u00e9es et profanes<\/strong>.<\/p>\n<p>Les \u00e9v\u00eaques de Yougoslavie, avec la d\u00e9claration de Zadar en 1991, ont ni\u00e9 la nature surnaturelle des apparitions et des ph\u00e9nom\u00e8nes qui avaient eu lieu dans le village. Mais il s&rsquo;agissait d&rsquo;un jugement partiel, et dans les ann\u00e9es qui suivirent, les enqu\u00eates se poursuivirent.<\/p>\n<p>En mars 2010, <strong>le Pape Beno\u00eet XVI a mis sur pied une commission internationale<\/strong> compos\u00e9e de pr\u00eatres et d&rsquo;experts et <strong>d\u00e9di\u00e9e aux apparitions de la <a href=\"https:\/\/www.holyart.fr\/occasions-speciales\/notre-dame-de-medjugorje\">Vierge Marie de Medjugorje<\/a><\/strong>. Le cardinal Camillo Ruini est venu en prendre la t\u00eate. Les conclusions exprim\u00e9es par cette commission \u00e9taient pour la plupart critiques: les 7 premi\u00e8res apparitions pr\u00e9sum\u00e9es \u00e9taient jug\u00e9es valides, mais tout ce qui allait se passer plus tard ne l&rsquo;\u00e9tait pas.<\/p>\n<p>Venons-en aux derniers d\u00e9veloppements.<\/p>\n<p>En f\u00e9vrier 2017, le Pape Fran\u00e7ois a charg\u00e9 l&rsquo;archev\u00eaque \u00e9m\u00e9rite de Varsovie-Prague en Pologne Henryk Hoser de poursuivre ses investigations. Hoser a quitt\u00e9 sa charge \u00e9piscopale pour se consacrer uniquement \u00e0 cette t\u00e2che tr\u00e8s d\u00e9licate, qui ne concerne pas tant les apparitions pr\u00e9sum\u00e9es ou les figures des voyants que la valeur incontestable que Medugorje est parvenue \u00e0 incarner dans le monde chr\u00e9tien. Les donn\u00e9es parlent d&rsquo;elles-m\u00eames: chaque ann\u00e9e, Medugorje voit \u00e9clore des centaines de vocations sacerdotales et de conversions religieuses, des millions de communions, et surtout, le travail infatigable et fructueux d&rsquo;associations et de communaut\u00e9s qui offrent assistance et r\u00e9confort \u00e0 des millions de personnes du monde entier. Pensez aux Franciscains du Village de la M\u00e8re, qui offre l&rsquo;hospitalit\u00e9 et de l&rsquo;aide aux toxicomanes, aux alcooliques, aux orphelins, aux personnes d\u00e9sesp\u00e9r\u00e9es, ou \u00e0 Domus Pacis, toujours dirig\u00e9e par les Franciscains, o\u00f9 les p\u00e8lerins peuvent trouver l&rsquo;hospitalit\u00e9 et participer \u00e0 des s\u00e9minaires de je\u00fbne et de pri\u00e8re.<\/p>\n<p>En moins de quarante ans, Medugorje est devenu une destination d&rsquo;environ 2,5 millions de p\u00e8lerins de foi et d&rsquo;esp\u00e9rance par an, venus de 80 pays du monde, et c&rsquo;est sur ces nombres que Monseigneur Hoser s&rsquo;est concentr\u00e9. Nous ne pouvons ignorer un tel afflux, avec tout ce que cela implique en termes de services et d&rsquo;infrastructures n\u00e9cessaires pour assurer l&rsquo;accueil de tous.<\/p>\n<h2>Le Culte de Medjugorje est autoris\u00e9<\/h2>\n<figure id=\"attachment_675\" aria-describedby=\"caption-attachment-675\" style=\"width: 300px\" class=\"wp-caption alignleft\"><img loading=\"lazy\" decoding=\"async\" class=\"size-medium wp-image-675\" src=\"https:\/\/blog.holyart.it\/fr\/wp-content\/uploads\/sites\/14\/2018\/05\/Le-culte-de-Medjugorje-300x300.jpg\" alt=\"Le culte de Medjugorje\" width=\"300\" height=\"300\" \/><figcaption id=\"caption-attachment-675\" class=\"wp-caption-text\"><center><strong><a href=\"https:\/\/www.holyart.fr\/occasions-speciales\/notre-dame-de-medjugorje\/statues-vierge-de-medjugorje\">Plus de 60 statues de Notre-Dame de Medjugorje sur Holyart<\/a><\/strong><\/center><\/figcaption><\/figure>\n<p>En d\u00e9cembre dernier <strong>Monseigneur Hoser a d\u00e9clar\u00e9 que<\/strong> <strong>le culte de Medjugorje est autoris\u00e9<\/strong>. Le dioc\u00e8se et les institutions sont libres d&rsquo;organiser des p\u00e8lerinages officiels. Il n&rsquo;y a donc pas de d\u00e9claration officielle concernant les apparitions et la nature surnaturelle des ph\u00e9nom\u00e8nes, mais une avanc\u00e9e importante de la part du Saint-Si\u00e8ge, qui laisse entrevoir d&rsquo;autres d\u00e9veloppements futurs.<\/p>\n<p>Le Pape Fran\u00e7ois, qui a r\u00e9it\u00e9r\u00e9 \u00e0 maintes reprises son appr\u00e9ciation pour le travail accompli par le Cardinal Ruini et la commission internationale, et qui a plaisant\u00e9 \u00e0 plusieurs reprises au sujet de la \u00abVierge Marie posti\u00e8re\u00bb de Medjugorje, consid\u00e8re cependant comme une priorit\u00e9 d&rsquo;organiser des p\u00e8lerinages et de veiller sur les fid\u00e8les qui se rendent chaque ann\u00e9e sur le lieu de culte. Le point fondamental est que <strong>les gens vont \u00e0 Medjugorje et se convertissent, changent de vie, rencontrent Dieu<\/strong>. C&rsquo;est ind\u00e9niable. Hoser insiste beaucoup sur la force spirituelle de cet endroit, sur le fait que des millions de personnes se sont trouv\u00e9es et ont trouv\u00e9 la foi en s\u2019y rendant. Son approche, surtout \u00e0 la lumi\u00e8re des d\u00e9clarations faites en d\u00e9cembre dernier, se confirme comme \u00e9tant \u00ab\u00a0exclusivement pastorale\u00a0\u00bb, li\u00e9e aux nombreuses situations li\u00e9es \u00e0 cette r\u00e9alit\u00e9 particuli\u00e8re et surtout aux besoins des fid\u00e8les.<\/p>\n<p>Il est vrai que <strong>Medjugorje doit toute sa fortune aux apparitions<\/strong>, mais il est aussi vrai que le <strong>culte de Marie est d\u00e9di\u00e9 \u00e0 la Vierge Marie<\/strong>, et peut continuer \u00e0 subsister et grandir ind\u00e9pendamment de ce qui sera d\u00e9cr\u00e9t\u00e9 \u00e0 l&rsquo;avenir \u00e0 l&rsquo;\u00e9gard des voyants. Le vrai <strong>secret de Medjugorje est dans le message de foi et de paix<\/strong> qu&rsquo;il porte depuis plus de trente ans, et dont la force a produit des millions de p\u00e8lerinages, de conversions et de vies sauv\u00e9es. Et cela, au-del\u00e0 du scepticisme et de la critique, est ind\u00e9niable.<\/p>\n","protected":false},"excerpt":{"rendered":"<p>Qu&rsquo;est-ce qui rend si sp\u00e9cial un village par ailleurs anonyme en Bosnie-Herz\u00e9govine, l&rsquo;un des nombreux centres habit\u00e9s d&rsquo;une r\u00e9gion qui n&rsquo;a jamais cess\u00e9 d&rsquo;\u00eatre une terre fronti\u00e8re, dans une zone g\u00e9ographique agit\u00e9e et instable? Un lieu o\u00f9 il n&rsquo;y aurait pas de raison de voyager,&hellip;<\/p>\n","protected":false},"author":1,"featured_media":682,"comment_status":"closed","ping_status":"open","sticky":false,"template":"","format":"standard","meta":{"_acf_changed":false,"footnotes":""},"categories":[8,7],"tags":[],"class_list":["post-666","post","type-post","status-publish","format-standard","has-post-thumbnail","hentry","category-articles-religieux","category-saints-et-bienheureux"],"acf":[],"yoast_head":"<!-- This site is optimized with the Yoast SEO plugin v26.6 - https:\/\/yoast.com\/wordpress\/plugins\/seo\/ -->\n<title>Le culte de Medjugorje vers la confirmation officielle<\/title>\n<meta name=\"description\" content=\"Qu&#039;est-ce qui rend si sp\u00e9cial un village par ailleurs anonyme en Bosnie-Herz\u00e9govine, zone g\u00e9ographique agit\u00e9e et instable? ? Nous parlons de Medjugorje.\" \/>\n<meta name=\"robots\" content=\"index, follow, max-snippet:-1, max-image-preview:large, max-video-preview:-1\" \/>\n<link rel=\"canonical\" href=\"https:\/\/blog.holyart.it\/fr\/articles-religieux\/culte-de-medjugorje-vers-confirmation-officielle-de-leglise\/\" \/>\n<meta property=\"og:locale\" content=\"fr_FR\" \/>\n<meta property=\"og:type\" content=\"article\" \/>\n<meta property=\"og:title\" content=\"Le culte de Medjugorje vers la confirmation officielle\" \/>\n<meta property=\"og:description\" content=\"Qu&#039;est-ce qui rend si sp\u00e9cial un village par ailleurs anonyme en Bosnie-Herz\u00e9govine, zone g\u00e9ographique agit\u00e9e et instable? ? Nous parlons de Medjugorje.\" \/>\n<meta property=\"og:url\" content=\"https:\/\/blog.holyart.it\/fr\/articles-religieux\/culte-de-medjugorje-vers-confirmation-officielle-de-leglise\/\" \/>\n<meta property=\"og:site_name\" content=\"Holyart.fr Blog\" \/>\n<meta property=\"article:published_time\" content=\"2018-05-30T09:08:42+00:00\" \/>\n<meta property=\"article:modified_time\" content=\"2018-08-17T13:58:46+00:00\" \/>\n<meta property=\"og:image\" content=\"https:\/\/blog.holyart.it\/fr\/wp-content\/uploads\/sites\/14\/2018\/05\/Le-culte-de-Medjugorje-.jpg\" \/>\n\t<meta property=\"og:image:width\" content=\"1000\" \/>\n\t<meta property=\"og:image:height\" content=\"666\" \/>\n\t<meta property=\"og:image:type\" content=\"image\/jpeg\" \/>\n<meta name=\"author\" content=\"Redazione\" \/>\n<meta name=\"twitter:card\" content=\"summary_large_image\" \/>\n<meta name=\"twitter:label1\" content=\"\u00c9crit par\" \/>\n\t<meta name=\"twitter:data1\" content=\"Redazione\" \/>\n\t<meta name=\"twitter:label2\" content=\"Dur\u00e9e de lecture estim\u00e9e\" \/>\n\t<meta name=\"twitter:data2\" content=\"8 minutes\" \/>\n<script type=\"application\/ld+json\" class=\"yoast-schema-graph\">{\"@context\":\"https:\/\/schema.org\",\"@graph\":[{\"@type\":\"Article\",\"@id\":\"https:\/\/blog.holyart.it\/fr\/articles-religieux\/culte-de-medjugorje-vers-confirmation-officielle-de-leglise\/#article\",\"isPartOf\":{\"@id\":\"https:\/\/blog.holyart.it\/fr\/articles-religieux\/culte-de-medjugorje-vers-confirmation-officielle-de-leglise\/\"},\"author\":{\"name\":\"Redazione\",\"@id\":\"https:\/\/blog.holyart.it\/fr\/#\/schema\/person\/0a7b686e5af0f856ec1e390dd0baecda\"},\"headline\":\"Le culte de Medjugorje vers la confirmation officielle de l&rsquo;\u00c9glise\",\"datePublished\":\"2018-05-30T09:08:42+00:00\",\"dateModified\":\"2018-08-17T13:58:46+00:00\",\"mainEntityOfPage\":{\"@id\":\"https:\/\/blog.holyart.it\/fr\/articles-religieux\/culte-de-medjugorje-vers-confirmation-officielle-de-leglise\/\"},\"wordCount\":1515,\"publisher\":{\"@id\":\"https:\/\/blog.holyart.it\/fr\/#organization\"},\"image\":{\"@id\":\"https:\/\/blog.holyart.it\/fr\/articles-religieux\/culte-de-medjugorje-vers-confirmation-officielle-de-leglise\/#primaryimage\"},\"thumbnailUrl\":\"https:\/\/blog.holyart.it\/fr\/wp-content\/uploads\/sites\/14\/2018\/05\/Le-culte-de-Medjugorje-.jpg\",\"articleSection\":[\"Religion\",\"Saints et Bienheureux\"],\"inLanguage\":\"fr-FR\"},{\"@type\":\"WebPage\",\"@id\":\"https:\/\/blog.holyart.it\/fr\/articles-religieux\/culte-de-medjugorje-vers-confirmation-officielle-de-leglise\/\",\"url\":\"https:\/\/blog.holyart.it\/fr\/articles-religieux\/culte-de-medjugorje-vers-confirmation-officielle-de-leglise\/\",\"name\":\"Le culte de Medjugorje vers la confirmation officielle\",\"isPartOf\":{\"@id\":\"https:\/\/blog.holyart.it\/fr\/#website\"},\"primaryImageOfPage\":{\"@id\":\"https:\/\/blog.holyart.it\/fr\/articles-religieux\/culte-de-medjugorje-vers-confirmation-officielle-de-leglise\/#primaryimage\"},\"image\":{\"@id\":\"https:\/\/blog.holyart.it\/fr\/articles-religieux\/culte-de-medjugorje-vers-confirmation-officielle-de-leglise\/#primaryimage\"},\"thumbnailUrl\":\"https:\/\/blog.holyart.it\/fr\/wp-content\/uploads\/sites\/14\/2018\/05\/Le-culte-de-Medjugorje-.jpg\",\"datePublished\":\"2018-05-30T09:08:42+00:00\",\"dateModified\":\"2018-08-17T13:58:46+00:00\",\"description\":\"Qu'est-ce qui rend si sp\u00e9cial un village par ailleurs anonyme en Bosnie-Herz\u00e9govine, zone g\u00e9ographique agit\u00e9e et instable? ? Nous parlons de Medjugorje.\",\"breadcrumb\":{\"@id\":\"https:\/\/blog.holyart.it\/fr\/articles-religieux\/culte-de-medjugorje-vers-confirmation-officielle-de-leglise\/#breadcrumb\"},\"inLanguage\":\"fr-FR\",\"potentialAction\":[{\"@type\":\"ReadAction\",\"target\":[\"https:\/\/blog.holyart.it\/fr\/articles-religieux\/culte-de-medjugorje-vers-confirmation-officielle-de-leglise\/\"]}]},{\"@type\":\"ImageObject\",\"inLanguage\":\"fr-FR\",\"@id\":\"https:\/\/blog.holyart.it\/fr\/articles-religieux\/culte-de-medjugorje-vers-confirmation-officielle-de-leglise\/#primaryimage\",\"url\":\"https:\/\/blog.holyart.it\/fr\/wp-content\/uploads\/sites\/14\/2018\/05\/Le-culte-de-Medjugorje-.jpg\",\"contentUrl\":\"https:\/\/blog.holyart.it\/fr\/wp-content\/uploads\/sites\/14\/2018\/05\/Le-culte-de-Medjugorje-.jpg\",\"width\":1000,\"height\":666,\"caption\":\"Le culte de Medjugorje\"},{\"@type\":\"BreadcrumbList\",\"@id\":\"https:\/\/blog.holyart.it\/fr\/articles-religieux\/culte-de-medjugorje-vers-confirmation-officielle-de-leglise\/#breadcrumb\",\"itemListElement\":[{\"@type\":\"ListItem\",\"position\":1,\"name\":\"Homepage\",\"item\":\"https:\/\/blog.holyart.it\/fr\/\"},{\"@type\":\"ListItem\",\"position\":2,\"name\":\"Religion\",\"item\":\"https:\/\/blog.holyart.it\/fr\/articles-religieux\/\"},{\"@type\":\"ListItem\",\"position\":3,\"name\":\"Le culte de Medjugorje vers la confirmation officielle de l&#8217;\u00c9glise\"}]},{\"@type\":\"WebSite\",\"@id\":\"https:\/\/blog.holyart.it\/fr\/#website\",\"url\":\"https:\/\/blog.holyart.it\/fr\/\",\"name\":\"Holyart.fr Blog\",\"description\":\"Holyblog\",\"publisher\":{\"@id\":\"https:\/\/blog.holyart.it\/fr\/#organization\"},\"potentialAction\":[{\"@type\":\"SearchAction\",\"target\":{\"@type\":\"EntryPoint\",\"urlTemplate\":\"https:\/\/blog.holyart.it\/fr\/?s={search_term_string}\"},\"query-input\":{\"@type\":\"PropertyValueSpecification\",\"valueRequired\":true,\"valueName\":\"search_term_string\"}}],\"inLanguage\":\"fr-FR\"},{\"@type\":\"Organization\",\"@id\":\"https:\/\/blog.holyart.it\/fr\/#organization\",\"name\":\"Holyart.fr Blog\",\"url\":\"https:\/\/blog.holyart.it\/fr\/\",\"logo\":{\"@type\":\"ImageObject\",\"inLanguage\":\"fr-FR\",\"@id\":\"https:\/\/blog.holyart.it\/fr\/#\/schema\/logo\/image\/\",\"url\":\"https:\/\/blog.holyart.it\/fr\/wp-content\/uploads\/sites\/14\/2022\/12\/Holyart_Blog_Logo.jpg\",\"contentUrl\":\"https:\/\/blog.holyart.it\/fr\/wp-content\/uploads\/sites\/14\/2022\/12\/Holyart_Blog_Logo.jpg\",\"width\":300,\"height\":50,\"caption\":\"Holyart.fr Blog\"},\"image\":{\"@id\":\"https:\/\/blog.holyart.it\/fr\/#\/schema\/logo\/image\/\"}},{\"@type\":\"Person\",\"@id\":\"https:\/\/blog.holyart.it\/fr\/#\/schema\/person\/0a7b686e5af0f856ec1e390dd0baecda\",\"name\":\"Redazione\",\"image\":{\"@type\":\"ImageObject\",\"inLanguage\":\"fr-FR\",\"@id\":\"https:\/\/blog.holyart.it\/fr\/#\/schema\/person\/image\/\",\"url\":\"https:\/\/secure.gravatar.com\/avatar\/f477da817f43e50d0af36abecd33e3edf826c68299714bdc1057dff3b113f516?s=96&d=mm&r=g\",\"contentUrl\":\"https:\/\/secure.gravatar.com\/avatar\/f477da817f43e50d0af36abecd33e3edf826c68299714bdc1057dff3b113f516?s=96&d=mm&r=g\",\"caption\":\"Redazione\"},\"url\":\"https:\/\/blog.holyart.it\/fr\/author\/admin\/\"}]}<\/script>\n<!-- \/ Yoast SEO plugin. -->","yoast_head_json":{"title":"Le culte de Medjugorje vers la confirmation officielle","description":"Qu'est-ce qui rend si sp\u00e9cial un village par ailleurs anonyme en Bosnie-Herz\u00e9govine, zone g\u00e9ographique agit\u00e9e et instable? ? Nous parlons de Medjugorje.","robots":{"index":"index","follow":"follow","max-snippet":"max-snippet:-1","max-image-preview":"max-image-preview:large","max-video-preview":"max-video-preview:-1"},"canonical":"https:\/\/blog.holyart.it\/fr\/articles-religieux\/culte-de-medjugorje-vers-confirmation-officielle-de-leglise\/","og_locale":"fr_FR","og_type":"article","og_title":"Le culte de Medjugorje vers la confirmation officielle","og_description":"Qu'est-ce qui rend si sp\u00e9cial un village par ailleurs anonyme en Bosnie-Herz\u00e9govine, zone g\u00e9ographique agit\u00e9e et instable? ? Nous parlons de Medjugorje.","og_url":"https:\/\/blog.holyart.it\/fr\/articles-religieux\/culte-de-medjugorje-vers-confirmation-officielle-de-leglise\/","og_site_name":"Holyart.fr Blog","article_published_time":"2018-05-30T09:08:42+00:00","article_modified_time":"2018-08-17T13:58:46+00:00","og_image":[{"width":1000,"height":666,"url":"https:\/\/blog.holyart.it\/fr\/wp-content\/uploads\/sites\/14\/2018\/05\/Le-culte-de-Medjugorje-.jpg","type":"image\/jpeg"}],"author":"Redazione","twitter_card":"summary_large_image","twitter_misc":{"\u00c9crit par":"Redazione","Dur\u00e9e de lecture estim\u00e9e":"8 minutes"},"schema":{"@context":"https:\/\/schema.org","@graph":[{"@type":"Article","@id":"https:\/\/blog.holyart.it\/fr\/articles-religieux\/culte-de-medjugorje-vers-confirmation-officielle-de-leglise\/#article","isPartOf":{"@id":"https:\/\/blog.holyart.it\/fr\/articles-religieux\/culte-de-medjugorje-vers-confirmation-officielle-de-leglise\/"},"author":{"name":"Redazione","@id":"https:\/\/blog.holyart.it\/fr\/#\/schema\/person\/0a7b686e5af0f856ec1e390dd0baecda"},"headline":"Le culte de Medjugorje vers la confirmation officielle de l&rsquo;\u00c9glise","datePublished":"2018-05-30T09:08:42+00:00","dateModified":"2018-08-17T13:58:46+00:00","mainEntityOfPage":{"@id":"https:\/\/blog.holyart.it\/fr\/articles-religieux\/culte-de-medjugorje-vers-confirmation-officielle-de-leglise\/"},"wordCount":1515,"publisher":{"@id":"https:\/\/blog.holyart.it\/fr\/#organization"},"image":{"@id":"https:\/\/blog.holyart.it\/fr\/articles-religieux\/culte-de-medjugorje-vers-confirmation-officielle-de-leglise\/#primaryimage"},"thumbnailUrl":"https:\/\/blog.holyart.it\/fr\/wp-content\/uploads\/sites\/14\/2018\/05\/Le-culte-de-Medjugorje-.jpg","articleSection":["Religion","Saints et Bienheureux"],"inLanguage":"fr-FR"},{"@type":"WebPage","@id":"https:\/\/blog.holyart.it\/fr\/articles-religieux\/culte-de-medjugorje-vers-confirmation-officielle-de-leglise\/","url":"https:\/\/blog.holyart.it\/fr\/articles-religieux\/culte-de-medjugorje-vers-confirmation-officielle-de-leglise\/","name":"Le culte de Medjugorje vers la confirmation officielle","isPartOf":{"@id":"https:\/\/blog.holyart.it\/fr\/#website"},"primaryImageOfPage":{"@id":"https:\/\/blog.holyart.it\/fr\/articles-religieux\/culte-de-medjugorje-vers-confirmation-officielle-de-leglise\/#primaryimage"},"image":{"@id":"https:\/\/blog.holyart.it\/fr\/articles-religieux\/culte-de-medjugorje-vers-confirmation-officielle-de-leglise\/#primaryimage"},"thumbnailUrl":"https:\/\/blog.holyart.it\/fr\/wp-content\/uploads\/sites\/14\/2018\/05\/Le-culte-de-Medjugorje-.jpg","datePublished":"2018-05-30T09:08:42+00:00","dateModified":"2018-08-17T13:58:46+00:00","description":"Qu'est-ce qui rend si sp\u00e9cial un village par ailleurs anonyme en Bosnie-Herz\u00e9govine, zone g\u00e9ographique agit\u00e9e et instable? ? Nous parlons de Medjugorje.","breadcrumb":{"@id":"https:\/\/blog.holyart.it\/fr\/articles-religieux\/culte-de-medjugorje-vers-confirmation-officielle-de-leglise\/#breadcrumb"},"inLanguage":"fr-FR","potentialAction":[{"@type":"ReadAction","target":["https:\/\/blog.holyart.it\/fr\/articles-religieux\/culte-de-medjugorje-vers-confirmation-officielle-de-leglise\/"]}]},{"@type":"ImageObject","inLanguage":"fr-FR","@id":"https:\/\/blog.holyart.it\/fr\/articles-religieux\/culte-de-medjugorje-vers-confirmation-officielle-de-leglise\/#primaryimage","url":"https:\/\/blog.holyart.it\/fr\/wp-content\/uploads\/sites\/14\/2018\/05\/Le-culte-de-Medjugorje-.jpg","contentUrl":"https:\/\/blog.holyart.it\/fr\/wp-content\/uploads\/sites\/14\/2018\/05\/Le-culte-de-Medjugorje-.jpg","width":1000,"height":666,"caption":"Le culte de Medjugorje"},{"@type":"BreadcrumbList","@id":"https:\/\/blog.holyart.it\/fr\/articles-religieux\/culte-de-medjugorje-vers-confirmation-officielle-de-leglise\/#breadcrumb","itemListElement":[{"@type":"ListItem","position":1,"name":"Homepage","item":"https:\/\/blog.holyart.it\/fr\/"},{"@type":"ListItem","position":2,"name":"Religion","item":"https:\/\/blog.holyart.it\/fr\/articles-religieux\/"},{"@type":"ListItem","position":3,"name":"Le culte de Medjugorje vers la confirmation officielle de l&#8217;\u00c9glise"}]},{"@type":"WebSite","@id":"https:\/\/blog.holyart.it\/fr\/#website","url":"https:\/\/blog.holyart.it\/fr\/","name":"Holyart.fr Blog","description":"Holyblog","publisher":{"@id":"https:\/\/blog.holyart.it\/fr\/#organization"},"potentialAction":[{"@type":"SearchAction","target":{"@type":"EntryPoint","urlTemplate":"https:\/\/blog.holyart.it\/fr\/?s={search_term_string}"},"query-input":{"@type":"PropertyValueSpecification","valueRequired":true,"valueName":"search_term_string"}}],"inLanguage":"fr-FR"},{"@type":"Organization","@id":"https:\/\/blog.holyart.it\/fr\/#organization","name":"Holyart.fr Blog","url":"https:\/\/blog.holyart.it\/fr\/","logo":{"@type":"ImageObject","inLanguage":"fr-FR","@id":"https:\/\/blog.holyart.it\/fr\/#\/schema\/logo\/image\/","url":"https:\/\/blog.holyart.it\/fr\/wp-content\/uploads\/sites\/14\/2022\/12\/Holyart_Blog_Logo.jpg","contentUrl":"https:\/\/blog.holyart.it\/fr\/wp-content\/uploads\/sites\/14\/2022\/12\/Holyart_Blog_Logo.jpg","width":300,"height":50,"caption":"Holyart.fr Blog"},"image":{"@id":"https:\/\/blog.holyart.it\/fr\/#\/schema\/logo\/image\/"}},{"@type":"Person","@id":"https:\/\/blog.holyart.it\/fr\/#\/schema\/person\/0a7b686e5af0f856ec1e390dd0baecda","name":"Redazione","image":{"@type":"ImageObject","inLanguage":"fr-FR","@id":"https:\/\/blog.holyart.it\/fr\/#\/schema\/person\/image\/","url":"https:\/\/secure.gravatar.com\/avatar\/f477da817f43e50d0af36abecd33e3edf826c68299714bdc1057dff3b113f516?s=96&d=mm&r=g","contentUrl":"https:\/\/secure.gravatar.com\/avatar\/f477da817f43e50d0af36abecd33e3edf826c68299714bdc1057dff3b113f516?s=96&d=mm&r=g","caption":"Redazione"},"url":"https:\/\/blog.holyart.it\/fr\/author\/admin\/"}]}},"_links":{"self":[{"href":"https:\/\/blog.holyart.it\/fr\/wp-json\/wp\/v2\/posts\/666","targetHints":{"allow":["GET"]}}],"collection":[{"href":"https:\/\/blog.holyart.it\/fr\/wp-json\/wp\/v2\/posts"}],"about":[{"href":"https:\/\/blog.holyart.it\/fr\/wp-json\/wp\/v2\/types\/post"}],"author":[{"embeddable":true,"href":"https:\/\/blog.holyart.it\/fr\/wp-json\/wp\/v2\/users\/1"}],"replies":[{"embeddable":true,"href":"https:\/\/blog.holyart.it\/fr\/wp-json\/wp\/v2\/comments?post=666"}],"version-history":[{"count":0,"href":"https:\/\/blog.holyart.it\/fr\/wp-json\/wp\/v2\/posts\/666\/revisions"}],"wp:featuredmedia":[{"embeddable":true,"href":"https:\/\/blog.holyart.it\/fr\/wp-json\/wp\/v2\/media\/682"}],"wp:attachment":[{"href":"https:\/\/blog.holyart.it\/fr\/wp-json\/wp\/v2\/media?parent=666"}],"wp:term":[{"taxonomy":"category","embeddable":true,"href":"https:\/\/blog.holyart.it\/fr\/wp-json\/wp\/v2\/categories?post=666"},{"taxonomy":"post_tag","embeddable":true,"href":"https:\/\/blog.holyart.it\/fr\/wp-json\/wp\/v2\/tags?post=666"}],"curies":[{"name":"wp","href":"https:\/\/api.w.org\/{rel}","templated":true}]}}