{"id":6659,"date":"2023-07-26T10:00:21","date_gmt":"2023-07-26T08:00:21","guid":{"rendered":"https:\/\/blog.holyart.it\/fr\/?p=6659"},"modified":"2025-09-04T12:00:26","modified_gmt":"2025-09-04T10:00:26","slug":"anniversaire-de-la-sainte-vierge-est-elle-nee-le-5-aout-ou-le-8-septembre","status":"publish","type":"post","link":"https:\/\/blog.holyart.it\/fr\/articles-religieux\/anniversaire-de-la-sainte-vierge-est-elle-nee-le-5-aout-ou-le-8-septembre\/","title":{"rendered":"Anniversaire de la Sainte Vierge : est-elle n\u00e9e le 5 ao\u00fbt ou le 8 septembre ?"},"content":{"rendered":"<h4>L\u2019anniversaire de la Sainte Vierge : 5 ao\u00fbt ou 8 septembre ? D\u00e9couvrons quand et pourquoi l\u2019\u00c9glise c\u00e9l\u00e8bre la nativit\u00e9 de Marie M\u00e8re de J\u00e9sus<\/h4>\n\n<p>Il n\u2019est pas simple d\u2019imaginer comment a pu \u00eatre la vie des protagonistes de l\u2019histoire du Christianisme. Si nous pensons aux <a href=\"https:\/\/www.holyart.fr\/blog\/saints-et-bienheureux\/quand-la-saintete-est-de-famille-histoires-de-freres-et-soeurs-devenus-saints-ensemble\/\"><strong>vies des Saints<\/strong><\/a>, nous pouvons nous servir de nombreux documents hagiographiques et historiques, qui deviennent de plus en plus nombreux et exhaustifs au fur et \u00e0 mesure que nous nous approchons de notre \u00e9poque. Certains Saints, comme <strong>Saint Augustin<\/strong>, pour n\u2019en citer qu\u2019un, ont racont\u00e9 l\u2019histoire de leur parabole humaine et spirituelle directement dans leurs textes les plus c\u00e9l\u00e8bres. Mais les choses deviennent plus compliqu\u00e9es quand nous nous attardons sur l\u2019<a href=\"https:\/\/www.holyart.fr\/blog\/articles-religieux\/lhistoire-de-jesus-les-evenements-les-plus-importants-de-sa-vie\/\"><strong>histoire de J\u00e9sus<\/strong><\/a>, de la <strong>Sainte Vierge<\/strong> et d\u2019autres personnages protagonistes des \u00c9vangiles. Bien que les \u00c9vangiles m\u00eame nous fournissent des informations pr\u00e9cieuses pour reconstruire les faits, il est \u00e9galement vrai que certaines parties de la vie de ces personnages sont compl\u00e8tement laiss\u00e9es de c\u00f4t\u00e9, ou presque. Pensons aux <a href=\"https:\/\/www.holyart.fr\/blog\/articles-religieux\/les-annees-perdues-de-la-vie-de-jesus\/\"><strong><u>ann\u00e9es perdues de J\u00e9sus<\/u><\/strong><\/a>, i.e. les ann\u00e9es de Son enfance et de Sa jeunesse, avant qu\u2019il ne commence \u00e0 pr\u00eacher.<\/p>\n<div class=\"link-article\">\n<p><img loading=\"lazy\" decoding=\"async\" class=\"size-full wp-image-6670 alignleft\" src=\"https:\/\/blog.holyart.it\/fr\/wp-content\/uploads\/sites\/14\/2023\/07\/lhistoire-de-Jesus-2.jpg\" alt=\"l'histoire de Jesus\" width=\"150\" height=\"99\" data-kale-share-title=\"Anniversaire de la Sainte Vierge : est-elle n\u00e9e le 5 ao\u00fbt ou le 8 septembre ?\" data-kale-share-url=\"https:\/\/blog.holyart.it\/fr\/?p=6659\" \/><\/p>\n<div class=\"leggi-anche\">Lire aussi :<\/div>\n<p><strong><a href=\"https:\/\/www.holyart.fr\/blog\/articles-religieux\/lhistoire-de-jesus-les-evenements-les-plus-importants-de-sa-vie\/\">L\u2019histoire de J\u00e9sus : les \u00e9v\u00e9nements les plus importants de Sa vie<\/a><\/strong><br \/>\nL\u2019histoire de J\u00e9sus, entre r\u00e9cit \u00e9vang\u00e9lique, r\u00e9alit\u00e9 historique&#8230;<\/p>\n<\/div>\n<p>Dans le cas de la Vierge Marie aussi il est difficile de reconstruire les \u00e9v\u00e9nements de sa vie apr\u00e8s l\u2019Annonciation et la naissance de J\u00e9sus, jusqu\u2019\u00e0 arriver ensuite \u00e0 ce fatidique jour aux pieds de la Croix sur le Calvaire. Par exemple, vous \u00eates-vous d\u00e9j\u00e0 demand\u00e9 <strong>quand tombe l\u2019Anniversaire de la Sainte Vierge<\/strong> ? Nous nous sommes attard\u00e9s dans le pass\u00e9 sur la figure de <a href=\"https:\/\/www.holyart.fr\/blog\/articles-religieux\/lhistoire-de-sainte-anne-mere-de-marie\/\"><strong><u>Sainte Anne, m\u00e8re de Marie<\/u><\/strong><\/a>, et aussi sur celle de Saint Joachim, son p\u00e8re, mais pour les chr\u00e9tiens il est important de r\u00e9fl\u00e9chir sur la <u>nativit\u00e9 de la Vierge<\/u> en personne, <strong>f\u00eat\u00e9e le 8 septembre<\/strong>, pour\u00a0 \u00eatre rest\u00e9e dans le temps le <strong>symbole d\u2019une alliance renouvel\u00e9e entre Dieu et les hommes<\/strong>, une nouvelle \u00c8ve venue pour laver le P\u00e9ch\u00e9 originel et pour porter en son ventre le Salut pour tous. <em>B\u00e9nite parmi les femmes<\/em>, ainsi comme \u00c8ve fut maudite par Dieu pour sa d\u00e9sob\u00e9issance.<\/p>\n<div class=\"link-article\">\n<p><img loading=\"lazy\" decoding=\"async\" class=\"wp-image-6680 size-full alignleft\" src=\"https:\/\/blog.holyart.it\/fr\/wp-content\/uploads\/sites\/14\/2023\/07\/Lhistoire-de-Santa-Ana-mere-de-Maria-1.jpeg\" alt=\"L'histoire de Santa Ana mere de Maria\" width=\"150\" height=\"103\" data-kale-share-title=\"Anniversaire de la Sainte Vierge : est-elle n\u00e9e le 5 ao\u00fbt ou le 8 septembre ?\" data-kale-share-url=\"https:\/\/blog.holyart.it\/fr\/?p=6659\" \/><\/p>\n<div class=\"leggi-anche\">Lire aussi :<\/div>\n<p><strong><a href=\"https:\/\/www.holyart.fr\/blog\/articles-religieux\/lhistoire-de-sainte-anne-mere-de-marie\/\">L\u2019histoire de Sainte Anne, m\u00e8re de Marie<\/a><\/strong><br \/>\nL\u2019histoire de J\u00e9sus, entre r\u00e9cit \u00e9vang\u00e9lique, r\u00e9alit\u00e9 historique et l\u00e9gende d\u00e9votionnelle.<\/p>\n<\/div>\n<p>Pourquoi parfois on entend que le <strong>5 ao\u00fbt<\/strong> est le jour de l\u2019<strong>anniversaire de la Sainte Vierge\u00a0<\/strong>? Comme nous l\u2019avons \u00e9crit, la Nativit\u00e9 de la Vierge Marie est f\u00eat\u00e9e le 8 septembre, mais le choix de cette date est purement conventionnel, du fait qu\u2019ils n\u2019existent pas d\u2019indications pr\u00e9cises concernant la date de la naissance de la Vierge. La raison principale pour laquelle cette date a \u00e9t\u00e9 choisie est qu\u2019elle co\u00efncide avec la <strong>f\u00eate de la d\u00e9dication de la Basilique de Sainte Anne \u00e0 J\u00e9rusalem<\/strong>, construite au IVe si\u00e8cle apr. J.-C. l\u00e0 o\u00f9 autrefois se trouvait la maison des parents de Marie. \u00c0 cet endroit pr\u00e9cis, encore aujourd\u2019hui, le 8 septembre, les Franciscains de la <strong>Custodie de Terre Sainte<\/strong>, l\u2019Ordre franciscain qui depuis le d\u00e9but du si\u00e8cle XIIIe s\u2019occupe de la promotion et de la diffusion des <a href=\"https:\/\/www.holyart.fr\/blog\/articles-religieux\/5-lieux-de-pelerinage-ou-se-rendre-au-moins-une-fois-dans-sa-vie\/\"><strong>p\u00e8lerinages en Lieux Saints<\/strong><\/a>, f\u00eatent la naissance de la Bienheureuse Vierge Marie. N\u00e9e comme f\u00eate uniquement en Orient, la c\u00e9l\u00e9bration de la Nativit\u00e9 de Marie fut introduite ensuite en Occident aussi par pape Serge Ier au VIIe si\u00e8cle apr. J.-C.<\/p>\n<div class=\"link-product\">\n<div class=\"blocco-immagine\"><img loading=\"lazy\" decoding=\"async\" class=\"size-full wp-image-6685 alignleft\" src=\"https:\/\/blog.holyart.it\/fr\/wp-content\/uploads\/sites\/14\/2023\/07\/santanna-et-maria-30-cm-resine.jpg\" alt=\"santanna et maria 30 cm resine \" width=\"100\" height=\"100\" data-kale-share-title=\"Anniversaire de la Sainte Vierge : est-elle n\u00e9e le 5 ao\u00fbt ou le 8 septembre ?\" data-kale-share-url=\"https:\/\/blog.holyart.it\/fr\/?p=6659\" \/><\/div>\n<div class=\"blocco-contenuto\">\n<div class=\"blocco-acquista\">Acheter sur Holyart:<\/div>\n<div class=\"blocco-titolo\"><a href=\"https:\/\/www.holyart.fr\/articles-religieux\/statues\/statues-en-resine-et-pvc\/sainte-anne-et-marie-enfant-30-cm-statue-en-resine?_gl=1*1lkbwdf*_ga*OTM4ODUzOTIuMTY3ODg3MTAzOA..*_ga_W18MV136NH*MTY4OTMyODMyNC4yNTguMS4xNjg5MzI4MzM1LjAuMC4w\">Sainte Anne et Marie enfant 30 cm statue en r\u00e9sine<\/a><\/div>\n<div class=\"blocco-descrizione\">Sainte Anne et Marie enfant 30 cm statue en r\u00e9sine.<\/div>\n<\/div>\n<\/div>\n<p>Il existe cependant d\u2019autres traditions, qui font co\u00efncider l\u2019anniversaire de la Vierge avec d\u2019autres dates. Par exemple, le <strong>5 ao\u00fbt<\/strong> on f\u00eate <strong>Notre-Dame de la Neige<\/strong>, qui apparut la nuit du 4 ao\u00fbt 352 apr. J.-C. \u00e0 un patricien romain du nom de Jean et \u00e0 sa femme et leur demanda de faire \u00e9riger en son nom une basilique \u00e0 l\u2019endroit o\u00f9 le lendemain il aurait neig\u00e9. La neige tomba pour de vrai, en ce mois d\u2019ao\u00fbt, sur le mont Esquilin et l\u00e0, fid\u00e8les \u00e0 la promesse faite, Jean et sa femme firent construire celle qui allait devenir la <strong>Basilique Sainte-Marie-Majeure<\/strong>.<\/p>\n<h2>Anniversaire de Notre-Dame de Medjugorje<\/h2>\n<p>Toujours le 5 ao\u00fbt on f\u00eate l\u2019<strong>Anniversaire de <a href=\"https:\/\/www.holyart.fr\/occasions-speciales\/notre-dame-de-medjugorje\/statues-vierge-de-medjugorje\/notre-dame-de-medjugorje-peinte-20-cm-eglise-saint-jacques-poudre-de-marbre?_gl=1*1auhti2*_ga*OTM4ODUzOTIuMTY3ODg3MTAzOA..*_ga_W18MV136NH*MTY4OTMyODMyNC4yNTguMS4xNjg5MzI4NTU0LjAuMC4w\">Notre-Dame de Medjugorje<\/a><\/strong>. La Vierge en personne aurait indiqu\u00e9 aux t\u00e9moins cette date comme sa nativit\u00e9 lors de l\u2019apparition du 1<sup>er<\/sup> ao\u00fbt 1984, en leur demandant que, pour l\u2019occasion, on lui accorde trois jours de pri\u00e8re et de je\u00fbne\u00a0: \u00ab\u00a0<em>Que l\u2019on c\u00e9l\u00e8bre le second mill\u00e9naire de ma naissance le 5 ao\u00fbt prochain. En ce jour Dieu me permet de vous offrir des gr\u00e2ces particuli\u00e8res et de donner au monde une b\u00e9n\u00e9diction sp\u00e9ciale. Je vous demande de vous y pr\u00e9parer intens\u00e9ment avec trois jours \u00e0 d\u00e9dier exclusivement \u00e0 moi. En ces jours ne travaillez pas. Prenez votre chapelet et priez. <strong>Je\u00fbnez au pain et \u00e0 l\u2019eau<\/strong>. Au cours de tous ces si\u00e8cles je me suis enti\u00e8rement d\u00e9di\u00e9e \u00e0 vous\u00a0: est-ce trop pour vous de consacrer trois jours pour moi\u00a0?<\/em>\u00a0\u00bb.<\/p>\n<p>La m\u00eame date aurait \u00e9t\u00e9 indiqu\u00e9e par la Sainte Vierge \u00e0 d\u2019autres hommes saints \u00e0 l\u2019occasion de diff\u00e9rentes apparitions.<\/p>\n<div class=\"link-product\">\n<div class=\"blocco-immagine\"><img loading=\"lazy\" decoding=\"async\" class=\"size-full wp-image-6693 alignleft\" src=\"https:\/\/blog.holyart.it\/fr\/wp-content\/uploads\/sites\/14\/2023\/07\/Notre-Dame-de-Medjugorje-peinte-20-cm.jpg\" alt=\"Notre-Dame de Medjugorje peinte 20 cm\" width=\"100\" height=\"100\" data-kale-share-title=\"Anniversaire de la Sainte Vierge : est-elle n\u00e9e le 5 ao\u00fbt ou le 8 septembre ?\" data-kale-share-url=\"https:\/\/blog.holyart.it\/fr\/?p=6659\" \/><\/div>\n<div class=\"blocco-contenuto\">\n<div class=\"blocco-acquista\">Acheter sur Holyart:<\/div>\n<div class=\"blocco-titolo\"><a href=\"https:\/\/www.holyart.fr\/occasions-speciales\/notre-dame-de-medjugorje\/statues-vierge-de-medjugorje\/notre-dame-de-medjugorje-peinte-20-cm-eglise-saint-jacques-poudre-de-marbre?_gl=1*5q0bn*_ga*OTM4ODUzOTIuMTY3ODg3MTAzOA..*_ga_W18MV136NH*MTY4OTMyODMyNC4yNTguMS4xNjg5MzI4NTkyLjAuMC4w\">Notre-Dame de Medjugorje peinte 20 cm \u00e9glise Saint Jacques poudre de marbre<\/a><\/div>\n<div class=\"blocco-descrizione\">Notre-Dame de Medjugorje peinte 20 cm.<\/div>\n<\/div>\n<\/div>\n<h2>La nativit\u00e9 de la Bienheureuse Vierge Marie selon l\u2019\u00c9glise<\/h2>\n<p>L\u2019\u00c9glise reconnait donc comme date conventionnelle de la Nativit\u00e9 de Marie le 8 septembre et, bien que la <strong>d\u00e9votion \u00e0 Marie Enfant<\/strong> existe depuis toujours, c\u2019est en 1572 que Charles Borrom\u00e9e consacra la <strong>Cath\u00e9drale de Milan<\/strong>, en phase d\u2019ach\u00e8vement, \u00e0 Maria Naissante.<\/p>\n<p>Toujours \u00e0 Milan serait n\u00e9e en 1720 la <strong>d\u00e9votion \u00e0 Marie Enfant<\/strong>, li\u00e9e \u00e0 un petit simulacre en cire qui repr\u00e9sentait la Vierge b\u00e9b\u00e9 protagoniste d\u2019une gu\u00e9rison miraculeuse, donn\u00e9 par la nonne franciscaine <strong>S\u0153ur<\/strong> <strong>Chiara Isabella Fornari <\/strong>aux s\u0153urs Capucines de Sainte-Marie-des-Anges. Encore aujourd\u2019hui les <strong>s\u0153urs de la congr\u00e9gation S\u0153urs de Charit\u00e9 de Lovere<\/strong> \u00e0 Milan sont appel\u00e9es <em>s\u0153urs de Marie Enfant<\/em>.<\/p>\n<div class=\"link-product\">\n<div class=\"blocco-immagine\"><img loading=\"lazy\" decoding=\"async\" class=\"size-full wp-image-6700 alignleft\" src=\"https:\/\/blog.holyart.it\/fr\/wp-content\/uploads\/sites\/14\/2023\/07\/Tres-Sainte-Marie-enfant.jpg\" alt=\"Tres Sainte Marie enfant \" width=\"100\" height=\"100\" data-kale-share-title=\"Anniversaire de la Sainte Vierge : est-elle n\u00e9e le 5 ao\u00fbt ou le 8 septembre ?\" data-kale-share-url=\"https:\/\/blog.holyart.it\/fr\/?p=6659\" \/><\/div>\n<div class=\"blocco-contenuto\">\n<div class=\"blocco-acquista\">Acheter sur Holyart:<\/div>\n<div class=\"blocco-titolo\"><a href=\"https:\/\/www.holyart.fr\/articles-religieux\/statues\/statues-en-resine-et-pvc\/tres-sainte-marie-enfant-etude-ecriture-statue-resine-12-5-cm?_gl=1*e4jglv*_ga*OTM4ODUzOTIuMTY3ODg3MTAzOA..*_ga_W18MV136NH*MTY4OTMyODMyNC4yNTguMS4xNjg5MzI4OTE0LjAuMC4w\">Tr\u00e8s Sainte Marie enfant \u00e9tude \u00e9criture statue r\u00e9sine 12,5 cm<\/a><\/div>\n<div class=\"blocco-descrizione\">Tr\u00e8s Sainte Marie enfant \u00e9tude \u00e9criture statue r\u00e9sine 12,5 cm.<\/div>\n<\/div>\n<\/div>\n<h2>Pri\u00e8re \u00e0 Marie Enfant<\/h2>\n<p>Nous reportons ici la Neuvaine \u00e0 Marie Enfant, qui garantit l\u2019indulgence partielle une fois par jour \u00e0 ceux qui la r\u00e9cite :<\/p>\n<p><em>\u00d4 Marie, Sainte Enfant issue de la lign\u00e9e royale de David, \u00f4 C\u00e9leste Reine des Anges, \u00f4 M\u00e8re de la gr\u00e2ce et de l&rsquo;amour, je Vous salue avec toute affection de mon c\u0153ur. Obtenez-moi d&rsquo;aimer le Seigneur Dieu avec une g\u00e9n\u00e9reuse fid\u00e9lit\u00e9 chaque jour de ma vie et obtenez-moi une tendre d\u00e9votion envers Vous qui \u00eates la premi\u00e8re-n\u00e9e de l&rsquo;amour divin.<\/em><\/p>\n<p><em>(Je Vous salue Marie&#8230;)<\/em><\/p>\n<p><em><br \/>\n\u00d4 Marie, C\u00e9leste Enfant, Blanche Colombe, qui \u00eates venue belle et Immacul\u00e9e en ce monde, mon \u00e2me exulte quand elle se trouve en Votre pr\u00e9sence, car Vous \u00eates le v\u00e9ritable prodige de la Sagesse et de la Bont\u00e9 de Dieu, aidez-moi \u00e0 garder jalousement, et au prix de n&rsquo;importe quel sacrifice, la vertu ang\u00e9lique de la sainte puret\u00e9.<\/em><\/p>\n<p><em>(Je Vous salue Marie&#8230;)<\/em><\/p>\n<p><em>\u00a0<\/em><\/p>\n<p><em>Salut Marie, \u00f4 Gracieuse et Sainte Enfant, v\u00e9ritable Paradis de d\u00e9lices spirituels, le jour de l&rsquo;Incarnation a \u00e9t\u00e9 plant\u00e9 en Vous le vrai Arbre de Vie, J\u00e9sus, le Sauveur du monde. Confiant en Votre Amour, aidez-moi \u00e0 fuir et \u00e0 d\u00e9tester les fruits empoisonn\u00e9s des vanit\u00e9s et des plaisirs de ce monde. Inspirez-moi les pens\u00e9es, les sentiments et la vertu de Votre divin Fils, qui sont les plus doux fruit de la vie \u00e9ternelle.<\/em><\/p>\n<p><em>(Je Vous salue Marie&#8230;)<\/em><\/p>\n<p><em>\u00a0<\/em><\/p>\n<p><em>R\u00e9jouissez-Vous, \u00f4 Marie, merveilleuse Enfant, jardin clos, imp\u00e9n\u00e9trable aux cr\u00e9atures, ouvert seulement \u00e0 l&rsquo;Epoux c\u00e9leste qui se pla\u00eet \u00e0 se reposer parmi les fleurs odorantes de vos grandes vertus. O Lys du paradis, merveilleux exemple de la vie humble et cach\u00e9e, faites que l&rsquo;Epoux c\u00e9leste trouve toujours ouverte la porte de mon c\u0153ur pour les visites amoureuses de Sa gr\u00e2ce et de ses amoureuses inspirations.<\/em><\/p>\n<p><em>(Je Vous salue Marie&#8230;)<\/em><\/p>\n<p><em><br \/>\n\u00d4 Marie, Sainte Enfant, Aurore Mystique, heureuse Porte du ciel, en Vous se confie et esp\u00e8re mon \u00e2me. Combien est profonde ma ti\u00e9deur pour le service de Dieu et qu&rsquo;il est grand le danger de me damner\u00a0! O ma puissante Avocate, de Votre petit berceau, \u00e9tendez Votre main b\u00e9nie afin de me sortir de cette p\u00e9nible l\u00e9thargie, soutenez-moi sur les chemins de la vie et faites que je serve le Seigneur avec une grande ferveur et une grande pers\u00e9v\u00e9rance jusqu&rsquo;\u00e0 ma mort, pour pouvoir obtenir la couronne \u00e9ternelle.<\/em><\/p>\n<p><em>(Je Vous salue Marie&#8230;)<\/em><\/p>\n<p>&nbsp;<\/p>\n<p>Mais nombreuses sont les pri\u00e8res li\u00e9es \u00e0 la nativit\u00e9 de Marie \u00e0 r\u00e9citer \u00e0 l\u2019occasion de son anniversaire ou quand on en ressent le besoin :<\/p>\n<p><em>\u00d4 Marie, Vierge heureuse et b\u00e9nie,<br \/>\npermettez-moi de m\u2019approcher de votre berceau,<br \/>\net de joindre mes louanges \u00e0 celles<br \/>\nque vous rendent les anges qui vous entourent,<br \/>\nheureux d\u2019\u00eatre les t\u00e9moins des merveilles de votre naissance.<\/em><\/p>\n<p><em>Agenouill\u00e9 devant vous, je vous fais l\u2019offrande de mon c\u0153ur\u00a0;<br \/>\nReine du ciel et de la terre, recevez-moi et gardez-moi.<br \/>\nJe vous salue, Marie, O fruit de puret\u00e9\u00a0!<br \/>\nLa terre maudite s\u2019\u00e9tonne d\u2019avoir pu vous produire.<br \/>\n\u00d4 Marie, pleine de gr\u00e2ces,<br \/>\nvous relevez l\u2019espoir des enfants d\u2019\u00c8ve chass\u00e9 du paradis<br \/>\net vous ranimez leur confiance.<br \/>\nAu jour de votre entr\u00e9e dans le monde,<br \/>\nnous avons relev\u00e9 nos fronts abattus\u00a0:<br \/>\nvotre naissance annonce celle du R\u00e9dempteur,<br \/>\ncomme l\u2019aurore annonce la venue du jour.<\/em><\/p>\n<p><em>Je vous salue, Marie, \u00d4 \u00e9toile de Jacob\u00a0!<br \/>\nLe soleil de justice va se lever, le jour de la gr\u00e2ce va luire,<br \/>\net c\u2019est vous qui avez h\u00e2t\u00e9 sa venue.<br \/>\nVos d\u00e9sirs, plus ardents que ceux des patriarches et des proph\u00e8tes, attirent le v\u00e9ritable Emmanuel dans votre sein,<br \/>\net c\u2019est \u00e0 vous qu\u2019il appartiendra de nous donner le Verbe fait chair.<\/em><\/p>\n<p><em>Que vos saintes mains, \u00d4 Marie,<br \/>\nr\u00e9pandent dans mon c\u0153ur avec profusion<br \/>\nl\u2019humilit\u00e9, l\u2019innocence, la simplicit\u00e9, la douceur et la charit\u00e9\u00a0:<br \/>\nque ces vertus de votre c\u0153ur saisissent le mien<br \/>\npour que j\u2019appartienne avec vous au Christ, mon Seigneur,<br \/>\net qu\u2019en lui je sache offrir le bien que je fais et le mal que je souffre<br \/>\npour la plus grande gloire de Dieu qui est le salut des p\u00e9cheurs.<\/em><\/p>\n<p><em>Amen.<\/em><\/p>\n<div class=\"link-product\">\n<div class=\"blocco-immagine\"><img loading=\"lazy\" decoding=\"async\" class=\"size-full wp-image-6702 alignleft\" src=\"https:\/\/blog.holyart.it\/fr\/wp-content\/uploads\/sites\/14\/2023\/07\/Petite-fille-Tres-Sainte-Marie-18-cm.jpg\" alt=\"Petite fille Tres Sainte Marie 18 cm\" width=\"100\" height=\"100\" data-kale-share-title=\"Anniversaire de la Sainte Vierge : est-elle n\u00e9e le 5 ao\u00fbt ou le 8 septembre ?\" data-kale-share-url=\"https:\/\/blog.holyart.it\/fr\/?p=6659\" \/><\/div>\n<div class=\"blocco-contenuto\">\n<div class=\"blocco-acquista\">Acheter sur Holyart:<\/div>\n<div class=\"blocco-titolo\"><a href=\"https:\/\/www.holyart.fr\/articles-religieux\/statues\/statues-en-porcelaine-et-argile\/petite-fille-tres-sainte-marie-18-cm?_gl=1*p9fmdw*_ga*OTM4ODUzOTIuMTY3ODg3MTAzOA..*_ga_W18MV136NH*MTY4OTMyODMyNC4yNTguMS4xNjg5MzI5MTM0LjAuMC4w\">Petite fille Tr\u00e8s Sainte Marie 18 cm<\/a><\/div>\n<div class=\"blocco-descrizione\">Petite fille Tr\u00e8s Sainte Marie, statue en terre cuite sous cloche en verre.<\/div>\n<\/div>\n<\/div>\n","protected":false},"excerpt":{"rendered":"<p>L\u2019anniversaire de la Sainte Vierge : 5 ao\u00fbt ou 8 septembre ? D\u00e9couvrons quand et pourquoi l\u2019\u00c9glise c\u00e9l\u00e8bre la nativit\u00e9 de Marie M\u00e8re de J\u00e9sus Il n\u2019est pas simple d\u2019imaginer comment a pu \u00eatre la vie des protagonistes de l\u2019histoire du Christianisme. Si nous pensons&hellip;<\/p>\n","protected":false},"author":1,"featured_media":6707,"comment_status":"closed","ping_status":"open","sticky":false,"template":"","format":"standard","meta":{"_acf_changed":false,"footnotes":""},"categories":[8],"tags":[],"class_list":["post-6659","post","type-post","status-publish","format-standard","has-post-thumbnail","hentry","category-articles-religieux"],"acf":[],"yoast_head":"<!-- This site is optimized with the Yoast SEO plugin v26.6 - https:\/\/yoast.com\/wordpress\/plugins\/seo\/ -->\n<title>Anniversaire de la Sainte Vierge : est-elle n\u00e9e le 5 ao\u00fbt ou le 8 septembre ? - Holyart.fr Blog<\/title>\n<meta name=\"description\" content=\"L\u2019anniversaire de la Sainte Vierge : 5 ao\u00fbt ou 8 septembre ? D\u00e9couvrons quand et pourquoi l\u2019\u00c9glise c\u00e9l\u00e8bre la nativit\u00e9 de Marie M\u00e8re de J\u00e9sus\" \/>\n<meta name=\"robots\" content=\"index, follow, max-snippet:-1, max-image-preview:large, max-video-preview:-1\" \/>\n<link rel=\"canonical\" href=\"https:\/\/blog.holyart.it\/fr\/articles-religieux\/anniversaire-de-la-sainte-vierge-est-elle-nee-le-5-aout-ou-le-8-septembre\/\" \/>\n<meta property=\"og:locale\" content=\"fr_FR\" \/>\n<meta property=\"og:type\" content=\"article\" \/>\n<meta property=\"og:title\" content=\"Anniversaire de la Sainte Vierge : est-elle n\u00e9e le 5 ao\u00fbt ou le 8 septembre ? - Holyart.fr Blog\" \/>\n<meta property=\"og:description\" content=\"L\u2019anniversaire de la Sainte Vierge : 5 ao\u00fbt ou 8 septembre ? D\u00e9couvrons quand et pourquoi l\u2019\u00c9glise c\u00e9l\u00e8bre la nativit\u00e9 de Marie M\u00e8re de J\u00e9sus\" \/>\n<meta property=\"og:url\" content=\"https:\/\/blog.holyart.it\/fr\/articles-religieux\/anniversaire-de-la-sainte-vierge-est-elle-nee-le-5-aout-ou-le-8-septembre\/\" \/>\n<meta property=\"og:site_name\" content=\"Holyart.fr Blog\" \/>\n<meta property=\"article:published_time\" content=\"2023-07-26T08:00:21+00:00\" \/>\n<meta property=\"article:modified_time\" content=\"2025-09-04T10:00:26+00:00\" \/>\n<meta property=\"og:image\" content=\"https:\/\/blog.holyart.it\/fr\/wp-content\/uploads\/sites\/14\/2023\/07\/Anniversaire-de-la-Vierge.jpg\" \/>\n\t<meta property=\"og:image:width\" content=\"1000\" \/>\n\t<meta property=\"og:image:height\" content=\"666\" \/>\n\t<meta property=\"og:image:type\" content=\"image\/jpeg\" \/>\n<meta name=\"author\" content=\"Redazione\" \/>\n<meta name=\"twitter:card\" content=\"summary_large_image\" \/>\n<meta name=\"twitter:label1\" content=\"\u00c9crit par\" \/>\n\t<meta name=\"twitter:data1\" content=\"Redazione\" \/>\n\t<meta name=\"twitter:label2\" content=\"Dur\u00e9e de lecture estim\u00e9e\" \/>\n\t<meta name=\"twitter:data2\" content=\"11 minutes\" \/>\n<script type=\"application\/ld+json\" class=\"yoast-schema-graph\">{\"@context\":\"https:\/\/schema.org\",\"@graph\":[{\"@type\":\"Article\",\"@id\":\"https:\/\/blog.holyart.it\/fr\/articles-religieux\/anniversaire-de-la-sainte-vierge-est-elle-nee-le-5-aout-ou-le-8-septembre\/#article\",\"isPartOf\":{\"@id\":\"https:\/\/blog.holyart.it\/fr\/articles-religieux\/anniversaire-de-la-sainte-vierge-est-elle-nee-le-5-aout-ou-le-8-septembre\/\"},\"author\":{\"name\":\"Redazione\",\"@id\":\"https:\/\/blog.holyart.it\/fr\/#\/schema\/person\/0a7b686e5af0f856ec1e390dd0baecda\"},\"headline\":\"Anniversaire de la Sainte Vierge : est-elle n\u00e9e le 5 ao\u00fbt ou le 8 septembre ?\",\"datePublished\":\"2023-07-26T08:00:21+00:00\",\"dateModified\":\"2025-09-04T10:00:26+00:00\",\"mainEntityOfPage\":{\"@id\":\"https:\/\/blog.holyart.it\/fr\/articles-religieux\/anniversaire-de-la-sainte-vierge-est-elle-nee-le-5-aout-ou-le-8-septembre\/\"},\"wordCount\":1878,\"publisher\":{\"@id\":\"https:\/\/blog.holyart.it\/fr\/#organization\"},\"image\":{\"@id\":\"https:\/\/blog.holyart.it\/fr\/articles-religieux\/anniversaire-de-la-sainte-vierge-est-elle-nee-le-5-aout-ou-le-8-septembre\/#primaryimage\"},\"thumbnailUrl\":\"https:\/\/blog.holyart.it\/fr\/wp-content\/uploads\/sites\/14\/2023\/07\/Anniversaire-de-la-Vierge.jpg\",\"articleSection\":[\"Religion\"],\"inLanguage\":\"fr-FR\"},{\"@type\":\"WebPage\",\"@id\":\"https:\/\/blog.holyart.it\/fr\/articles-religieux\/anniversaire-de-la-sainte-vierge-est-elle-nee-le-5-aout-ou-le-8-septembre\/\",\"url\":\"https:\/\/blog.holyart.it\/fr\/articles-religieux\/anniversaire-de-la-sainte-vierge-est-elle-nee-le-5-aout-ou-le-8-septembre\/\",\"name\":\"Anniversaire de la Sainte Vierge : est-elle n\u00e9e le 5 ao\u00fbt ou le 8 septembre ? - Holyart.fr Blog\",\"isPartOf\":{\"@id\":\"https:\/\/blog.holyart.it\/fr\/#website\"},\"primaryImageOfPage\":{\"@id\":\"https:\/\/blog.holyart.it\/fr\/articles-religieux\/anniversaire-de-la-sainte-vierge-est-elle-nee-le-5-aout-ou-le-8-septembre\/#primaryimage\"},\"image\":{\"@id\":\"https:\/\/blog.holyart.it\/fr\/articles-religieux\/anniversaire-de-la-sainte-vierge-est-elle-nee-le-5-aout-ou-le-8-septembre\/#primaryimage\"},\"thumbnailUrl\":\"https:\/\/blog.holyart.it\/fr\/wp-content\/uploads\/sites\/14\/2023\/07\/Anniversaire-de-la-Vierge.jpg\",\"datePublished\":\"2023-07-26T08:00:21+00:00\",\"dateModified\":\"2025-09-04T10:00:26+00:00\",\"description\":\"L\u2019anniversaire de la Sainte Vierge : 5 ao\u00fbt ou 8 septembre ? D\u00e9couvrons quand et pourquoi l\u2019\u00c9glise c\u00e9l\u00e8bre la nativit\u00e9 de Marie M\u00e8re de J\u00e9sus\",\"breadcrumb\":{\"@id\":\"https:\/\/blog.holyart.it\/fr\/articles-religieux\/anniversaire-de-la-sainte-vierge-est-elle-nee-le-5-aout-ou-le-8-septembre\/#breadcrumb\"},\"inLanguage\":\"fr-FR\",\"potentialAction\":[{\"@type\":\"ReadAction\",\"target\":[\"https:\/\/blog.holyart.it\/fr\/articles-religieux\/anniversaire-de-la-sainte-vierge-est-elle-nee-le-5-aout-ou-le-8-septembre\/\"]}]},{\"@type\":\"ImageObject\",\"inLanguage\":\"fr-FR\",\"@id\":\"https:\/\/blog.holyart.it\/fr\/articles-religieux\/anniversaire-de-la-sainte-vierge-est-elle-nee-le-5-aout-ou-le-8-septembre\/#primaryimage\",\"url\":\"https:\/\/blog.holyart.it\/fr\/wp-content\/uploads\/sites\/14\/2023\/07\/Anniversaire-de-la-Vierge.jpg\",\"contentUrl\":\"https:\/\/blog.holyart.it\/fr\/wp-content\/uploads\/sites\/14\/2023\/07\/Anniversaire-de-la-Vierge.jpg\",\"width\":1000,\"height\":666,\"caption\":\"Anniversaire de la Vierge\"},{\"@type\":\"BreadcrumbList\",\"@id\":\"https:\/\/blog.holyart.it\/fr\/articles-religieux\/anniversaire-de-la-sainte-vierge-est-elle-nee-le-5-aout-ou-le-8-septembre\/#breadcrumb\",\"itemListElement\":[{\"@type\":\"ListItem\",\"position\":1,\"name\":\"Homepage\",\"item\":\"https:\/\/blog.holyart.it\/fr\/\"},{\"@type\":\"ListItem\",\"position\":2,\"name\":\"Religion\",\"item\":\"https:\/\/blog.holyart.it\/fr\/articles-religieux\/\"},{\"@type\":\"ListItem\",\"position\":3,\"name\":\"Anniversaire de la Sainte Vierge : est-elle n\u00e9e le 5 ao\u00fbt ou le 8 septembre ?\"}]},{\"@type\":\"WebSite\",\"@id\":\"https:\/\/blog.holyart.it\/fr\/#website\",\"url\":\"https:\/\/blog.holyart.it\/fr\/\",\"name\":\"Holyart.fr Blog\",\"description\":\"Holyblog\",\"publisher\":{\"@id\":\"https:\/\/blog.holyart.it\/fr\/#organization\"},\"potentialAction\":[{\"@type\":\"SearchAction\",\"target\":{\"@type\":\"EntryPoint\",\"urlTemplate\":\"https:\/\/blog.holyart.it\/fr\/?s={search_term_string}\"},\"query-input\":{\"@type\":\"PropertyValueSpecification\",\"valueRequired\":true,\"valueName\":\"search_term_string\"}}],\"inLanguage\":\"fr-FR\"},{\"@type\":\"Organization\",\"@id\":\"https:\/\/blog.holyart.it\/fr\/#organization\",\"name\":\"Holyart.fr Blog\",\"url\":\"https:\/\/blog.holyart.it\/fr\/\",\"logo\":{\"@type\":\"ImageObject\",\"inLanguage\":\"fr-FR\",\"@id\":\"https:\/\/blog.holyart.it\/fr\/#\/schema\/logo\/image\/\",\"url\":\"https:\/\/blog.holyart.it\/fr\/wp-content\/uploads\/sites\/14\/2022\/12\/Holyart_Blog_Logo.jpg\",\"contentUrl\":\"https:\/\/blog.holyart.it\/fr\/wp-content\/uploads\/sites\/14\/2022\/12\/Holyart_Blog_Logo.jpg\",\"width\":300,\"height\":50,\"caption\":\"Holyart.fr Blog\"},\"image\":{\"@id\":\"https:\/\/blog.holyart.it\/fr\/#\/schema\/logo\/image\/\"}},{\"@type\":\"Person\",\"@id\":\"https:\/\/blog.holyart.it\/fr\/#\/schema\/person\/0a7b686e5af0f856ec1e390dd0baecda\",\"name\":\"Redazione\",\"image\":{\"@type\":\"ImageObject\",\"inLanguage\":\"fr-FR\",\"@id\":\"https:\/\/blog.holyart.it\/fr\/#\/schema\/person\/image\/\",\"url\":\"https:\/\/secure.gravatar.com\/avatar\/f477da817f43e50d0af36abecd33e3edf826c68299714bdc1057dff3b113f516?s=96&d=mm&r=g\",\"contentUrl\":\"https:\/\/secure.gravatar.com\/avatar\/f477da817f43e50d0af36abecd33e3edf826c68299714bdc1057dff3b113f516?s=96&d=mm&r=g\",\"caption\":\"Redazione\"},\"url\":\"https:\/\/blog.holyart.it\/fr\/author\/admin\/\"}]}<\/script>\n<!-- \/ Yoast SEO plugin. -->","yoast_head_json":{"title":"Anniversaire de la Sainte Vierge : est-elle n\u00e9e le 5 ao\u00fbt ou le 8 septembre ? - Holyart.fr Blog","description":"L\u2019anniversaire de la Sainte Vierge : 5 ao\u00fbt ou 8 septembre ? D\u00e9couvrons quand et pourquoi l\u2019\u00c9glise c\u00e9l\u00e8bre la nativit\u00e9 de Marie M\u00e8re de J\u00e9sus","robots":{"index":"index","follow":"follow","max-snippet":"max-snippet:-1","max-image-preview":"max-image-preview:large","max-video-preview":"max-video-preview:-1"},"canonical":"https:\/\/blog.holyart.it\/fr\/articles-religieux\/anniversaire-de-la-sainte-vierge-est-elle-nee-le-5-aout-ou-le-8-septembre\/","og_locale":"fr_FR","og_type":"article","og_title":"Anniversaire de la Sainte Vierge : est-elle n\u00e9e le 5 ao\u00fbt ou le 8 septembre ? - Holyart.fr Blog","og_description":"L\u2019anniversaire de la Sainte Vierge : 5 ao\u00fbt ou 8 septembre ? D\u00e9couvrons quand et pourquoi l\u2019\u00c9glise c\u00e9l\u00e8bre la nativit\u00e9 de Marie M\u00e8re de J\u00e9sus","og_url":"https:\/\/blog.holyart.it\/fr\/articles-religieux\/anniversaire-de-la-sainte-vierge-est-elle-nee-le-5-aout-ou-le-8-septembre\/","og_site_name":"Holyart.fr Blog","article_published_time":"2023-07-26T08:00:21+00:00","article_modified_time":"2025-09-04T10:00:26+00:00","og_image":[{"width":1000,"height":666,"url":"https:\/\/blog.holyart.it\/fr\/wp-content\/uploads\/sites\/14\/2023\/07\/Anniversaire-de-la-Vierge.jpg","type":"image\/jpeg"}],"author":"Redazione","twitter_card":"summary_large_image","twitter_misc":{"\u00c9crit par":"Redazione","Dur\u00e9e de lecture estim\u00e9e":"11 minutes"},"schema":{"@context":"https:\/\/schema.org","@graph":[{"@type":"Article","@id":"https:\/\/blog.holyart.it\/fr\/articles-religieux\/anniversaire-de-la-sainte-vierge-est-elle-nee-le-5-aout-ou-le-8-septembre\/#article","isPartOf":{"@id":"https:\/\/blog.holyart.it\/fr\/articles-religieux\/anniversaire-de-la-sainte-vierge-est-elle-nee-le-5-aout-ou-le-8-septembre\/"},"author":{"name":"Redazione","@id":"https:\/\/blog.holyart.it\/fr\/#\/schema\/person\/0a7b686e5af0f856ec1e390dd0baecda"},"headline":"Anniversaire de la Sainte Vierge : est-elle n\u00e9e le 5 ao\u00fbt ou le 8 septembre ?","datePublished":"2023-07-26T08:00:21+00:00","dateModified":"2025-09-04T10:00:26+00:00","mainEntityOfPage":{"@id":"https:\/\/blog.holyart.it\/fr\/articles-religieux\/anniversaire-de-la-sainte-vierge-est-elle-nee-le-5-aout-ou-le-8-septembre\/"},"wordCount":1878,"publisher":{"@id":"https:\/\/blog.holyart.it\/fr\/#organization"},"image":{"@id":"https:\/\/blog.holyart.it\/fr\/articles-religieux\/anniversaire-de-la-sainte-vierge-est-elle-nee-le-5-aout-ou-le-8-septembre\/#primaryimage"},"thumbnailUrl":"https:\/\/blog.holyart.it\/fr\/wp-content\/uploads\/sites\/14\/2023\/07\/Anniversaire-de-la-Vierge.jpg","articleSection":["Religion"],"inLanguage":"fr-FR"},{"@type":"WebPage","@id":"https:\/\/blog.holyart.it\/fr\/articles-religieux\/anniversaire-de-la-sainte-vierge-est-elle-nee-le-5-aout-ou-le-8-septembre\/","url":"https:\/\/blog.holyart.it\/fr\/articles-religieux\/anniversaire-de-la-sainte-vierge-est-elle-nee-le-5-aout-ou-le-8-septembre\/","name":"Anniversaire de la Sainte Vierge : est-elle n\u00e9e le 5 ao\u00fbt ou le 8 septembre ? - Holyart.fr Blog","isPartOf":{"@id":"https:\/\/blog.holyart.it\/fr\/#website"},"primaryImageOfPage":{"@id":"https:\/\/blog.holyart.it\/fr\/articles-religieux\/anniversaire-de-la-sainte-vierge-est-elle-nee-le-5-aout-ou-le-8-septembre\/#primaryimage"},"image":{"@id":"https:\/\/blog.holyart.it\/fr\/articles-religieux\/anniversaire-de-la-sainte-vierge-est-elle-nee-le-5-aout-ou-le-8-septembre\/#primaryimage"},"thumbnailUrl":"https:\/\/blog.holyart.it\/fr\/wp-content\/uploads\/sites\/14\/2023\/07\/Anniversaire-de-la-Vierge.jpg","datePublished":"2023-07-26T08:00:21+00:00","dateModified":"2025-09-04T10:00:26+00:00","description":"L\u2019anniversaire de la Sainte Vierge : 5 ao\u00fbt ou 8 septembre ? D\u00e9couvrons quand et pourquoi l\u2019\u00c9glise c\u00e9l\u00e8bre la nativit\u00e9 de Marie M\u00e8re de J\u00e9sus","breadcrumb":{"@id":"https:\/\/blog.holyart.it\/fr\/articles-religieux\/anniversaire-de-la-sainte-vierge-est-elle-nee-le-5-aout-ou-le-8-septembre\/#breadcrumb"},"inLanguage":"fr-FR","potentialAction":[{"@type":"ReadAction","target":["https:\/\/blog.holyart.it\/fr\/articles-religieux\/anniversaire-de-la-sainte-vierge-est-elle-nee-le-5-aout-ou-le-8-septembre\/"]}]},{"@type":"ImageObject","inLanguage":"fr-FR","@id":"https:\/\/blog.holyart.it\/fr\/articles-religieux\/anniversaire-de-la-sainte-vierge-est-elle-nee-le-5-aout-ou-le-8-septembre\/#primaryimage","url":"https:\/\/blog.holyart.it\/fr\/wp-content\/uploads\/sites\/14\/2023\/07\/Anniversaire-de-la-Vierge.jpg","contentUrl":"https:\/\/blog.holyart.it\/fr\/wp-content\/uploads\/sites\/14\/2023\/07\/Anniversaire-de-la-Vierge.jpg","width":1000,"height":666,"caption":"Anniversaire de la Vierge"},{"@type":"BreadcrumbList","@id":"https:\/\/blog.holyart.it\/fr\/articles-religieux\/anniversaire-de-la-sainte-vierge-est-elle-nee-le-5-aout-ou-le-8-septembre\/#breadcrumb","itemListElement":[{"@type":"ListItem","position":1,"name":"Homepage","item":"https:\/\/blog.holyart.it\/fr\/"},{"@type":"ListItem","position":2,"name":"Religion","item":"https:\/\/blog.holyart.it\/fr\/articles-religieux\/"},{"@type":"ListItem","position":3,"name":"Anniversaire de la Sainte Vierge : est-elle n\u00e9e le 5 ao\u00fbt ou le 8 septembre ?"}]},{"@type":"WebSite","@id":"https:\/\/blog.holyart.it\/fr\/#website","url":"https:\/\/blog.holyart.it\/fr\/","name":"Holyart.fr Blog","description":"Holyblog","publisher":{"@id":"https:\/\/blog.holyart.it\/fr\/#organization"},"potentialAction":[{"@type":"SearchAction","target":{"@type":"EntryPoint","urlTemplate":"https:\/\/blog.holyart.it\/fr\/?s={search_term_string}"},"query-input":{"@type":"PropertyValueSpecification","valueRequired":true,"valueName":"search_term_string"}}],"inLanguage":"fr-FR"},{"@type":"Organization","@id":"https:\/\/blog.holyart.it\/fr\/#organization","name":"Holyart.fr Blog","url":"https:\/\/blog.holyart.it\/fr\/","logo":{"@type":"ImageObject","inLanguage":"fr-FR","@id":"https:\/\/blog.holyart.it\/fr\/#\/schema\/logo\/image\/","url":"https:\/\/blog.holyart.it\/fr\/wp-content\/uploads\/sites\/14\/2022\/12\/Holyart_Blog_Logo.jpg","contentUrl":"https:\/\/blog.holyart.it\/fr\/wp-content\/uploads\/sites\/14\/2022\/12\/Holyart_Blog_Logo.jpg","width":300,"height":50,"caption":"Holyart.fr Blog"},"image":{"@id":"https:\/\/blog.holyart.it\/fr\/#\/schema\/logo\/image\/"}},{"@type":"Person","@id":"https:\/\/blog.holyart.it\/fr\/#\/schema\/person\/0a7b686e5af0f856ec1e390dd0baecda","name":"Redazione","image":{"@type":"ImageObject","inLanguage":"fr-FR","@id":"https:\/\/blog.holyart.it\/fr\/#\/schema\/person\/image\/","url":"https:\/\/secure.gravatar.com\/avatar\/f477da817f43e50d0af36abecd33e3edf826c68299714bdc1057dff3b113f516?s=96&d=mm&r=g","contentUrl":"https:\/\/secure.gravatar.com\/avatar\/f477da817f43e50d0af36abecd33e3edf826c68299714bdc1057dff3b113f516?s=96&d=mm&r=g","caption":"Redazione"},"url":"https:\/\/blog.holyart.it\/fr\/author\/admin\/"}]}},"_links":{"self":[{"href":"https:\/\/blog.holyart.it\/fr\/wp-json\/wp\/v2\/posts\/6659","targetHints":{"allow":["GET"]}}],"collection":[{"href":"https:\/\/blog.holyart.it\/fr\/wp-json\/wp\/v2\/posts"}],"about":[{"href":"https:\/\/blog.holyart.it\/fr\/wp-json\/wp\/v2\/types\/post"}],"author":[{"embeddable":true,"href":"https:\/\/blog.holyart.it\/fr\/wp-json\/wp\/v2\/users\/1"}],"replies":[{"embeddable":true,"href":"https:\/\/blog.holyart.it\/fr\/wp-json\/wp\/v2\/comments?post=6659"}],"version-history":[{"count":13,"href":"https:\/\/blog.holyart.it\/fr\/wp-json\/wp\/v2\/posts\/6659\/revisions"}],"predecessor-version":[{"id":6705,"href":"https:\/\/blog.holyart.it\/fr\/wp-json\/wp\/v2\/posts\/6659\/revisions\/6705"}],"wp:featuredmedia":[{"embeddable":true,"href":"https:\/\/blog.holyart.it\/fr\/wp-json\/wp\/v2\/media\/6707"}],"wp:attachment":[{"href":"https:\/\/blog.holyart.it\/fr\/wp-json\/wp\/v2\/media?parent=6659"}],"wp:term":[{"taxonomy":"category","embeddable":true,"href":"https:\/\/blog.holyart.it\/fr\/wp-json\/wp\/v2\/categories?post=6659"},{"taxonomy":"post_tag","embeddable":true,"href":"https:\/\/blog.holyart.it\/fr\/wp-json\/wp\/v2\/tags?post=6659"}],"curies":[{"name":"wp","href":"https:\/\/api.w.org\/{rel}","templated":true}]}}